{"id":15451,"date":"2020-11-19T16:36:06","date_gmt":"2020-11-19T13:36:06","guid":{"rendered":"https:\/\/buletin.de\/bucuresti\/?p=15451"},"modified":"2020-11-19T16:36:06","modified_gmt":"2020-11-19T13:36:06","slug":"comunele-berceni-si-clinceni-intra-in-carantina-de-la-ora-2200","status":"publish","type":"post","link":"https:\/\/buletin.de\/bucuresti\/comunele-berceni-si-clinceni-intra-in-carantina-de-la-ora-2200\/","title":{"rendered":"Comunele Berceni \u0219i Clinceni intr\u0103 \u00een carantin\u0103, de la ora 22:00"},"content":{"rendered":"\n<p><strong>Propunerea privind carantinarea comunelor Berceni \u0219i Clinceni a fost adoptat\u0103, prin hot\u0103r\u00e2ri ale Consiliului Jude\u021bean pentru Situa\u021bii de Urgen\u021b\u0103 (CJSU Ilfov), desf\u0103\u0219urate \u00een urma analizelor de risc a r\u0103sp\u00e2ndirii virusului SARS-CoV-2. Analizele au fost \u00eentocmite de c\u0103tre Direc\u021bia de S\u0103n\u0103tate Public\u0103 Ilfov \u0219i avizate de c\u0103tre Institutul Na\u021bional de S\u0103n\u0103tate Public\u0103.<\/strong><\/p>\n\n\n\n<p>M\u0103surile au fost propuse ca urmare a faptului c\u0103, \u00een localit\u0103\u021bile vizate din jude\u021bul Ilfov, rata de inciden\u021b\u0103 cumulat\u0103 calculat\u0103 la data de 18.11.2020 pentru ultimele 14 zile a atins valoarea de 10,11\/1.000 locuitori pentru comuna Berceni, respectiv 10,03\/1.000 locuitori pentru comuna Clinceni.<\/p>\n\n\n\n<p>Mai exact, din popula\u021bia total\u0103 de 9.395 de locuitori a comunei Berceni, num\u0103rul de cazuri confirmate cu infectare SARS-CoV-2 \u00een ultimele 14 zile (f\u0103r\u0103 cazuri din focare) a fost de 95 de persoane. \u00cen comuna Clinceni, din popula\u021bia total\u0103 de 7.475 de locuitori, num\u0103rul de cazuri confirmate cu infectare SARS-CoV-2 \u00een ultimele 14 zile (f\u0103r\u0103 cazuri din focare), a fost de 75 de persoane.<\/p>\n\n\n\n<p>Restric\u021biile aplicabile comunei Berceni pot fi g\u0103site <a href=\"https:\/\/if.prefectura.mai.gov.ro\/wp-content\/uploads\/sites\/55\/2020\/11\/OSDSU-4660013_18.11.2020.pdf\">aici<\/a>, \u00een timp ce pentru comuna Clinceni, regulile de circula\u021bie pot fi g\u0103site <a href=\"https:\/\/if.prefectura.mai.gov.ro\/wp-content\/uploads\/sites\/55\/2020\/11\/OSDSU-4660012_18.11.2020.pdf\">aici<\/a>. M\u0103sura se instaureaz\u0103 dup\u0103 ce pe 13 noiembrie, comuna Ciorog\u00e2rl\u0103 a fost, de asemenea, carantinat\u0103.<\/p>\n","protected":false},"excerpt":{"rendered":"<p>Propunerea privind carantinarea comunelor Berceni \u0219i Clinceni a fost adoptat\u0103, prin hot\u0103r\u00e2ri ale Consiliului Jude\u021bean pentru Situa\u021bii de Urgen\u021b\u0103 (CJSU Ilfov), desf\u0103\u0219urate \u00een urma analizelor de risc a r\u0103sp\u00e2ndirii virusului SARS-CoV-2. Analizele au fost \u00eentocmite de c\u0103tre Direc\u021bia de S\u0103n\u0103tate Public\u0103 Ilfov \u0219i avizate de c\u0103tre Institutul Na\u021bional de S\u0103n\u0103tate Public\u0103. M\u0103surile au fost propuse [&hellip;]<\/p>\n","protected":false},"author":19,"featured_media":15470,"comment_status":"closed","ping_status":"open","sticky":false,"template":"","format":"standard","meta":{"_acf_changed":false,"inline_featured_image":false,"ngg_post_thumbnail":0,"footnotes":""},"categories":[996,62],"tags":[1546,641,1883,529,820],"ppma_author":[22594],"class_list":["post-15451","post","type-post","status-publish","format-standard","has-post-thumbnail","hentry","category-covid-19","category-stiri","tag-berceni","tag-carantina","tag-clinceni","tag-coronavirus","tag-ilfov"],"acf":[],"yoast_head":"<!-- This site is optimized with the Yoast SEO Premium plugin v25.3 (Yoast SEO v27.4) - https:\/\/yoast.com\/product\/yoast-seo-premium-wordpress\/ -->\n<title>Comunele Berceni \u0219i Clinceni intr\u0103 \u00een carantin\u0103, de la ora 22:00 - Buletin de Bucure\u0219ti<\/title>\n<meta name=\"robots\" content=\"index, follow, max-snippet:-1, max-image-preview:large, max-video-preview:-1\" \/>\n<link rel=\"canonical\" href=\"https:\/\/buletin.de\/bucuresti\/comunele-berceni-si-clinceni-intra-in-carantina-de-la-ora-2200\/\" \/>\n<meta property=\"og:locale\" content=\"en_GB\" \/>\n<meta property=\"og:type\" content=\"article\" \/>\n<meta property=\"og:title\" content=\"Comunele Berceni \u0219i Clinceni intr\u0103 \u00een carantin\u0103, de la ora 22:00\" \/>\n<meta property=\"og:description\" content=\"Propunerea privind carantinarea comunelor Berceni \u0219i Clinceni a fost adoptat\u0103, prin hot\u0103r\u00e2ri ale Consiliului Jude\u021bean pentru Situa\u021bii de Urgen\u021b\u0103 (CJSU Ilfov), desf\u0103\u0219urate \u00een urma analizelor de risc a r\u0103sp\u00e2ndirii virusului SARS-CoV-2. Analizele au fost \u00eentocmite de c\u0103tre Direc\u021bia de S\u0103n\u0103tate Public\u0103 Ilfov \u0219i avizate de c\u0103tre Institutul Na\u021bional de S\u0103n\u0103tate Public\u0103. M\u0103surile au fost propuse [&hellip;]\" \/>\n<meta property=\"og:url\" content=\"https:\/\/buletin.de\/bucuresti\/comunele-berceni-si-clinceni-intra-in-carantina-de-la-ora-2200\/\" \/>\n<meta property=\"og:site_name\" content=\"Buletin de Bucure\u0219ti\" \/>\n<meta property=\"article:publisher\" content=\"https:\/\/www.facebook.com\/buletin.de.buc\" \/>\n<meta property=\"article:published_time\" content=\"2020-11-19T13:36:06+00:00\" \/>\n<meta property=\"og:image\" content=\"https:\/\/buletin.de\/bucuresti\/wp-content\/uploads\/Screenshot-2020-11-19-151224.png\" \/>\n\t<meta property=\"og:image:width\" content=\"1162\" \/>\n\t<meta property=\"og:image:height\" content=\"580\" \/>\n\t<meta property=\"og:image:type\" content=\"image\/png\" \/>\n<meta name=\"author\" content=\"\u0218tefan G\u00e2lm\u0103\" \/>\n<meta name=\"twitter:card\" content=\"summary_large_image\" \/>\n<meta name=\"twitter:label1\" content=\"Written by\" \/>\n\t<meta name=\"twitter:data1\" content=\"\u0218tefan G\u00e2lm\u0103\" \/>\n\t<meta name=\"twitter:label2\" content=\"Estimated reading time\" \/>\n\t<meta name=\"twitter:data2\" content=\"1 minute\" \/>\n<script type=\"application\/ld+json\" class=\"yoast-schema-graph\">{\"@context\":\"https:\\\/\\\/schema.org\",\"@graph\":[{\"@type\":\"Article\",\"@id\":\"https:\\\/\\\/buletin.de\\\/bucuresti\\\/comunele-berceni-si-clinceni-intra-in-carantina-de-la-ora-2200\\\/#article\",\"isPartOf\":{\"@id\":\"https:\\\/\\\/buletin.de\\\/bucuresti\\\/comunele-berceni-si-clinceni-intra-in-carantina-de-la-ora-2200\\\/\"},\"author\":{\"name\":\"\u0218tefan G\u00e2lm\u0103\",\"@id\":\"https:\\\/\\\/buletin.de\\\/bucuresti\\\/#\\\/schema\\\/person\\\/71c51bf4ee1ece1fa65269bae3f4f8f4\"},\"headline\":\"Comunele Berceni \u0219i Clinceni intr\u0103 \u00een carantin\u0103, de la ora 22:00\",\"datePublished\":\"2020-11-19T13:36:06+00:00\",\"mainEntityOfPage\":{\"@id\":\"https:\\\/\\\/buletin.de\\\/bucuresti\\\/comunele-berceni-si-clinceni-intra-in-carantina-de-la-ora-2200\\\/\"},\"wordCount\":223,\"publisher\":{\"@id\":\"https:\\\/\\\/buletin.de\\\/bucuresti\\\/#organization\"},\"image\":{\"@id\":\"https:\\\/\\\/buletin.de\\\/bucuresti\\\/comunele-berceni-si-clinceni-intra-in-carantina-de-la-ora-2200\\\/#primaryimage\"},\"thumbnailUrl\":\"https:\\\/\\\/buletin.de\\\/bucuresti\\\/wp-content\\\/uploads\\\/Screenshot-2020-11-19-151224.png\",\"keywords\":[\"berceni\",\"carantina\",\"clinceni\",\"coronavirus\",\"Ilfov\"],\"articleSection\":[\"Covid-19\",\"\u0218tiri\"],\"inLanguage\":\"en-GB\",\"copyrightYear\":\"2020\",\"copyrightHolder\":{\"@id\":\"https:\\\/\\\/buletin.de\\\/bucuresti\\\/#organization\"}},{\"@type\":\"WebPage\",\"@id\":\"https:\\\/\\\/buletin.de\\\/bucuresti\\\/comunele-berceni-si-clinceni-intra-in-carantina-de-la-ora-2200\\\/\",\"url\":\"https:\\\/\\\/buletin.de\\\/bucuresti\\\/comunele-berceni-si-clinceni-intra-in-carantina-de-la-ora-2200\\\/\",\"name\":\"Comunele Berceni \u0219i Clinceni intr\u0103 \u00een carantin\u0103, de la ora 22:00 - Buletin de Bucure\u0219ti\",\"isPartOf\":{\"@id\":\"https:\\\/\\\/buletin.de\\\/bucuresti\\\/#website\"},\"primaryImageOfPage\":{\"@id\":\"https:\\\/\\\/buletin.de\\\/bucuresti\\\/comunele-berceni-si-clinceni-intra-in-carantina-de-la-ora-2200\\\/#primaryimage\"},\"image\":{\"@id\":\"https:\\\/\\\/buletin.de\\\/bucuresti\\\/comunele-berceni-si-clinceni-intra-in-carantina-de-la-ora-2200\\\/#primaryimage\"},\"thumbnailUrl\":\"https:\\\/\\\/buletin.de\\\/bucuresti\\\/wp-content\\\/uploads\\\/Screenshot-2020-11-19-151224.png\",\"datePublished\":\"2020-11-19T13:36:06+00:00\",\"breadcrumb\":{\"@id\":\"https:\\\/\\\/buletin.de\\\/bucuresti\\\/comunele-berceni-si-clinceni-intra-in-carantina-de-la-ora-2200\\\/#breadcrumb\"},\"inLanguage\":\"en-GB\",\"potentialAction\":[{\"@type\":\"ReadAction\",\"target\":[\"https:\\\/\\\/buletin.de\\\/bucuresti\\\/comunele-berceni-si-clinceni-intra-in-carantina-de-la-ora-2200\\\/\"]}]},{\"@type\":\"ImageObject\",\"inLanguage\":\"en-GB\",\"@id\":\"https:\\\/\\\/buletin.de\\\/bucuresti\\\/comunele-berceni-si-clinceni-intra-in-carantina-de-la-ora-2200\\\/#primaryimage\",\"url\":\"https:\\\/\\\/buletin.de\\\/bucuresti\\\/wp-content\\\/uploads\\\/Screenshot-2020-11-19-151224.png\",\"contentUrl\":\"https:\\\/\\\/buletin.de\\\/bucuresti\\\/wp-content\\\/uploads\\\/Screenshot-2020-11-19-151224.png\",\"width\":1162,\"height\":580},{\"@type\":\"BreadcrumbList\",\"@id\":\"https:\\\/\\\/buletin.de\\\/bucuresti\\\/comunele-berceni-si-clinceni-intra-in-carantina-de-la-ora-2200\\\/#breadcrumb\",\"itemListElement\":[{\"@type\":\"ListItem\",\"position\":1,\"name\":\"Acas\u0103\",\"item\":\"https:\\\/\\\/buletin.de\\\/bucuresti\\\/\"},{\"@type\":\"ListItem\",\"position\":2,\"name\":\"Comunele Berceni \u0219i Clinceni intr\u0103 \u00een carantin\u0103, de la ora 22:00\"}]},{\"@type\":\"WebSite\",\"@id\":\"https:\\\/\\\/buletin.de\\\/bucuresti\\\/#website\",\"url\":\"https:\\\/\\\/buletin.de\\\/bucuresti\\\/\",\"name\":\"Buletin de Bucure\u0219ti\",\"description\":\"\u0218tiri \u0219i investiga\u021bii esen\u021biale din capital\u0103\",\"publisher\":{\"@id\":\"https:\\\/\\\/buletin.de\\\/bucuresti\\\/#organization\"},\"potentialAction\":[{\"@type\":\"SearchAction\",\"target\":{\"@type\":\"EntryPoint\",\"urlTemplate\":\"https:\\\/\\\/buletin.de\\\/bucuresti\\\/?s={search_term_string}\"},\"query-input\":{\"@type\":\"PropertyValueSpecification\",\"valueRequired\":true,\"valueName\":\"search_term_string\"}}],\"inLanguage\":\"en-GB\"},{\"@type\":\"Organization\",\"@id\":\"https:\\\/\\\/buletin.de\\\/bucuresti\\\/#organization\",\"name\":\"Buletin de Bucure\u0219ti\",\"url\":\"https:\\\/\\\/buletin.de\\\/bucuresti\\\/\",\"logo\":{\"@type\":\"ImageObject\",\"inLanguage\":\"en-GB\",\"@id\":\"https:\\\/\\\/buletin.de\\\/bucuresti\\\/#\\\/schema\\\/logo\\\/image\\\/\",\"url\":\"https:\\\/\\\/buletin.de\\\/bucuresti\\\/wp-content\\\/uploads\\\/logo-bdb-full-wide-vernil-transparent.png\",\"contentUrl\":\"https:\\\/\\\/buletin.de\\\/bucuresti\\\/wp-content\\\/uploads\\\/logo-bdb-full-wide-vernil-transparent.png\",\"width\":1782,\"height\":626,\"caption\":\"Buletin de Bucure\u0219ti\"},\"image\":{\"@id\":\"https:\\\/\\\/buletin.de\\\/bucuresti\\\/#\\\/schema\\\/logo\\\/image\\\/\"},\"sameAs\":[\"https:\\\/\\\/www.facebook.com\\\/buletin.de.buc\",\"https:\\\/\\\/www.instagram.com\\\/buletinde.bucuresti\\\/\"]},{\"@type\":\"Person\",\"@id\":\"https:\\\/\\\/buletin.de\\\/bucuresti\\\/#\\\/schema\\\/person\\\/71c51bf4ee1ece1fa65269bae3f4f8f4\",\"name\":\"\u0218tefan G\u00e2lm\u0103\",\"image\":{\"@type\":\"ImageObject\",\"inLanguage\":\"en-GB\",\"@id\":\"https:\\\/\\\/secure.gravatar.com\\\/avatar\\\/11f1bdea02a87156d29bb53783b2d53d69f420dd8ca49066372461207e4346c0?s=96&d=monsterid&r=g90ad9f49605f2e593aa4953efc791f4c\",\"url\":\"https:\\\/\\\/secure.gravatar.com\\\/avatar\\\/11f1bdea02a87156d29bb53783b2d53d69f420dd8ca49066372461207e4346c0?s=96&d=monsterid&r=g\",\"contentUrl\":\"https:\\\/\\\/secure.gravatar.com\\\/avatar\\\/11f1bdea02a87156d29bb53783b2d53d69f420dd8ca49066372461207e4346c0?s=96&d=monsterid&r=g\",\"caption\":\"\u0218tefan G\u00e2lm\u0103\"},\"url\":\"https:\\\/\\\/buletin.de\\\/bucuresti\\\/author\\\/stefangalma\\\/\"}]}<\/script>\n<!-- \/ Yoast SEO Premium plugin. -->","yoast_head_json":{"title":"Comunele Berceni \u0219i Clinceni intr\u0103 \u00een carantin\u0103, de la ora 22:00 - Buletin de Bucure\u0219ti","robots":{"index":"index","follow":"follow","max-snippet":"max-snippet:-1","max-image-preview":"max-image-preview:large","max-video-preview":"max-video-preview:-1"},"canonical":"https:\/\/buletin.de\/bucuresti\/comunele-berceni-si-clinceni-intra-in-carantina-de-la-ora-2200\/","og_locale":"en_GB","og_type":"article","og_title":"Comunele Berceni \u0219i Clinceni intr\u0103 \u00een carantin\u0103, de la ora 22:00","og_description":"Propunerea privind carantinarea comunelor Berceni \u0219i Clinceni a fost adoptat\u0103, prin hot\u0103r\u00e2ri ale Consiliului Jude\u021bean pentru Situa\u021bii de Urgen\u021b\u0103 (CJSU Ilfov), desf\u0103\u0219urate \u00een urma analizelor de risc a r\u0103sp\u00e2ndirii virusului SARS-CoV-2. Analizele au fost \u00eentocmite de c\u0103tre Direc\u021bia de S\u0103n\u0103tate Public\u0103 Ilfov \u0219i avizate de c\u0103tre Institutul Na\u021bional de S\u0103n\u0103tate Public\u0103. M\u0103surile au fost propuse [&hellip;]","og_url":"https:\/\/buletin.de\/bucuresti\/comunele-berceni-si-clinceni-intra-in-carantina-de-la-ora-2200\/","og_site_name":"Buletin de Bucure\u0219ti","article_publisher":"https:\/\/www.facebook.com\/buletin.de.buc","article_published_time":"2020-11-19T13:36:06+00:00","og_image":[{"width":1162,"height":580,"url":"https:\/\/buletin.de\/bucuresti\/wp-content\/uploads\/Screenshot-2020-11-19-151224.png","type":"image\/png"}],"author":"\u0218tefan G\u00e2lm\u0103","twitter_card":"summary_large_image","twitter_misc":{"Written by":"\u0218tefan G\u00e2lm\u0103","Estimated reading time":"1 minute"},"schema":{"@context":"https:\/\/schema.org","@graph":[{"@type":"Article","@id":"https:\/\/buletin.de\/bucuresti\/comunele-berceni-si-clinceni-intra-in-carantina-de-la-ora-2200\/#article","isPartOf":{"@id":"https:\/\/buletin.de\/bucuresti\/comunele-berceni-si-clinceni-intra-in-carantina-de-la-ora-2200\/"},"author":{"name":"\u0218tefan G\u00e2lm\u0103","@id":"https:\/\/buletin.de\/bucuresti\/#\/schema\/person\/71c51bf4ee1ece1fa65269bae3f4f8f4"},"headline":"Comunele Berceni \u0219i Clinceni intr\u0103 \u00een carantin\u0103, de la ora 22:00","datePublished":"2020-11-19T13:36:06+00:00","mainEntityOfPage":{"@id":"https:\/\/buletin.de\/bucuresti\/comunele-berceni-si-clinceni-intra-in-carantina-de-la-ora-2200\/"},"wordCount":223,"publisher":{"@id":"https:\/\/buletin.de\/bucuresti\/#organization"},"image":{"@id":"https:\/\/buletin.de\/bucuresti\/comunele-berceni-si-clinceni-intra-in-carantina-de-la-ora-2200\/#primaryimage"},"thumbnailUrl":"https:\/\/buletin.de\/bucuresti\/wp-content\/uploads\/Screenshot-2020-11-19-151224.png","keywords":["berceni","carantina","clinceni","coronavirus","Ilfov"],"articleSection":["Covid-19","\u0218tiri"],"inLanguage":"en-GB","copyrightYear":"2020","copyrightHolder":{"@id":"https:\/\/buletin.de\/bucuresti\/#organization"}},{"@type":"WebPage","@id":"https:\/\/buletin.de\/bucuresti\/comunele-berceni-si-clinceni-intra-in-carantina-de-la-ora-2200\/","url":"https:\/\/buletin.de\/bucuresti\/comunele-berceni-si-clinceni-intra-in-carantina-de-la-ora-2200\/","name":"Comunele Berceni \u0219i Clinceni intr\u0103 \u00een carantin\u0103, de la ora 22:00 - Buletin de Bucure\u0219ti","isPartOf":{"@id":"https:\/\/buletin.de\/bucuresti\/#website"},"primaryImageOfPage":{"@id":"https:\/\/buletin.de\/bucuresti\/comunele-berceni-si-clinceni-intra-in-carantina-de-la-ora-2200\/#primaryimage"},"image":{"@id":"https:\/\/buletin.de\/bucuresti\/comunele-berceni-si-clinceni-intra-in-carantina-de-la-ora-2200\/#primaryimage"},"thumbnailUrl":"https:\/\/buletin.de\/bucuresti\/wp-content\/uploads\/Screenshot-2020-11-19-151224.png","datePublished":"2020-11-19T13:36:06+00:00","breadcrumb":{"@id":"https:\/\/buletin.de\/bucuresti\/comunele-berceni-si-clinceni-intra-in-carantina-de-la-ora-2200\/#breadcrumb"},"inLanguage":"en-GB","potentialAction":[{"@type":"ReadAction","target":["https:\/\/buletin.de\/bucuresti\/comunele-berceni-si-clinceni-intra-in-carantina-de-la-ora-2200\/"]}]},{"@type":"ImageObject","inLanguage":"en-GB","@id":"https:\/\/buletin.de\/bucuresti\/comunele-berceni-si-clinceni-intra-in-carantina-de-la-ora-2200\/#primaryimage","url":"https:\/\/buletin.de\/bucuresti\/wp-content\/uploads\/Screenshot-2020-11-19-151224.png","contentUrl":"https:\/\/buletin.de\/bucuresti\/wp-content\/uploads\/Screenshot-2020-11-19-151224.png","width":1162,"height":580},{"@type":"BreadcrumbList","@id":"https:\/\/buletin.de\/bucuresti\/comunele-berceni-si-clinceni-intra-in-carantina-de-la-ora-2200\/#breadcrumb","itemListElement":[{"@type":"ListItem","position":1,"name":"Acas\u0103","item":"https:\/\/buletin.de\/bucuresti\/"},{"@type":"ListItem","position":2,"name":"Comunele Berceni \u0219i Clinceni intr\u0103 \u00een carantin\u0103, de la ora 22:00"}]},{"@type":"WebSite","@id":"https:\/\/buletin.de\/bucuresti\/#website","url":"https:\/\/buletin.de\/bucuresti\/","name":"Buletin de Bucure\u0219ti","description":"\u0218tiri \u0219i investiga\u021bii esen\u021biale din capital\u0103","publisher":{"@id":"https:\/\/buletin.de\/bucuresti\/#organization"},"potentialAction":[{"@type":"SearchAction","target":{"@type":"EntryPoint","urlTemplate":"https:\/\/buletin.de\/bucuresti\/?s={search_term_string}"},"query-input":{"@type":"PropertyValueSpecification","valueRequired":true,"valueName":"search_term_string"}}],"inLanguage":"en-GB"},{"@type":"Organization","@id":"https:\/\/buletin.de\/bucuresti\/#organization","name":"Buletin de Bucure\u0219ti","url":"https:\/\/buletin.de\/bucuresti\/","logo":{"@type":"ImageObject","inLanguage":"en-GB","@id":"https:\/\/buletin.de\/bucuresti\/#\/schema\/logo\/image\/","url":"https:\/\/buletin.de\/bucuresti\/wp-content\/uploads\/logo-bdb-full-wide-vernil-transparent.png","contentUrl":"https:\/\/buletin.de\/bucuresti\/wp-content\/uploads\/logo-bdb-full-wide-vernil-transparent.png","width":1782,"height":626,"caption":"Buletin de Bucure\u0219ti"},"image":{"@id":"https:\/\/buletin.de\/bucuresti\/#\/schema\/logo\/image\/"},"sameAs":["https:\/\/www.facebook.com\/buletin.de.buc","https:\/\/www.instagram.com\/buletinde.bucuresti\/"]},{"@type":"Person","@id":"https:\/\/buletin.de\/bucuresti\/#\/schema\/person\/71c51bf4ee1ece1fa65269bae3f4f8f4","name":"\u0218tefan G\u00e2lm\u0103","image":{"@type":"ImageObject","inLanguage":"en-GB","@id":"https:\/\/secure.gravatar.com\/avatar\/11f1bdea02a87156d29bb53783b2d53d69f420dd8ca49066372461207e4346c0?s=96&d=monsterid&r=g90ad9f49605f2e593aa4953efc791f4c","url":"https:\/\/secure.gravatar.com\/avatar\/11f1bdea02a87156d29bb53783b2d53d69f420dd8ca49066372461207e4346c0?s=96&d=monsterid&r=g","contentUrl":"https:\/\/secure.gravatar.com\/avatar\/11f1bdea02a87156d29bb53783b2d53d69f420dd8ca49066372461207e4346c0?s=96&d=monsterid&r=g","caption":"\u0218tefan G\u00e2lm\u0103"},"url":"https:\/\/buletin.de\/bucuresti\/author\/stefangalma\/"}]}},"authors":[{"term_id":22594,"user_id":19,"is_guest":0,"slug":"stefangalma","display_name":"\u0218tefan G\u00e2lm\u0103","avatar_url":"https:\/\/secure.gravatar.com\/avatar\/11f1bdea02a87156d29bb53783b2d53d69f420dd8ca49066372461207e4346c0?s=96&d=monsterid&r=g","0":null,"1":"","2":"","3":"","4":"","5":"","6":"","7":"","8":""}],"_links":{"self":[{"href":"https:\/\/buletin.de\/bucuresti\/wp-json\/wp\/v2\/posts\/15451","targetHints":{"allow":["GET"]}}],"collection":[{"href":"https:\/\/buletin.de\/bucuresti\/wp-json\/wp\/v2\/posts"}],"about":[{"href":"https:\/\/buletin.de\/bucuresti\/wp-json\/wp\/v2\/types\/post"}],"author":[{"embeddable":true,"href":"https:\/\/buletin.de\/bucuresti\/wp-json\/wp\/v2\/users\/19"}],"replies":[{"embeddable":true,"href":"https:\/\/buletin.de\/bucuresti\/wp-json\/wp\/v2\/comments?post=15451"}],"version-history":[{"count":5,"href":"https:\/\/buletin.de\/bucuresti\/wp-json\/wp\/v2\/posts\/15451\/revisions"}],"predecessor-version":[{"id":15476,"href":"https:\/\/buletin.de\/bucuresti\/wp-json\/wp\/v2\/posts\/15451\/revisions\/15476"}],"wp:featuredmedia":[{"embeddable":true,"href":"https:\/\/buletin.de\/bucuresti\/wp-json\/wp\/v2\/media\/15470"}],"wp:attachment":[{"href":"https:\/\/buletin.de\/bucuresti\/wp-json\/wp\/v2\/media?parent=15451"}],"wp:term":[{"taxonomy":"category","embeddable":true,"href":"https:\/\/buletin.de\/bucuresti\/wp-json\/wp\/v2\/categories?post=15451"},{"taxonomy":"post_tag","embeddable":true,"href":"https:\/\/buletin.de\/bucuresti\/wp-json\/wp\/v2\/tags?post=15451"},{"taxonomy":"author","embeddable":true,"href":"https:\/\/buletin.de\/bucuresti\/wp-json\/wp\/v2\/ppma_author?post=15451"}],"curies":[{"name":"wp","href":"https:\/\/api.w.org\/{rel}","templated":true}]}}