{"id":154382,"date":"2025-10-24T13:38:18","date_gmt":"2025-10-24T10:38:18","guid":{"rendered":"https:\/\/buletin.de\/bucuresti\/?p=154382"},"modified":"2025-10-24T13:38:19","modified_gmt":"2025-10-24T10:38:19","slug":"proiect-pentru-imbunatatirea-calitatii-aerului-in-sectorul-2-initiativa-a-reunit-peste-1-000-de-cetateni-si-elevi-din-10-scoli","status":"publish","type":"post","link":"https:\/\/buletin.de\/bucuresti\/proiect-pentru-imbunatatirea-calitatii-aerului-in-sectorul-2-initiativa-a-reunit-peste-1-000-de-cetateni-si-elevi-din-10-scoli\/","title":{"rendered":"Proiect pentru \u00eembun\u0103t\u0103\u021birea calit\u0103\u021bii aerului \u00een Sectorul 2. Ini\u021biativa a reunit peste 1.000 de cet\u0103\u021beni \u0219i elevi din 10 \u0219coli"},"content":{"rendered":"\n<p><strong>\u00cen perioada august-octombrie, Asocia\u021bia Ecopolis a derulat, cu sprijinul Prim\u0103riei Sectorului 2, un proiect pentru \u00eembun\u0103t\u0103\u021birea calit\u0103\u021bii aerului. Acesta s-a numit \u201e\u00cempreun\u0103 pentru aer curat \u00een Sectorul 2\u201d \u0219i a urm\u0103rit con\u0219tientizarea \u0219i implicarea comunit\u0103\u021bii locale \u00een privin\u021ba combaterii polu\u0103rii, precum \u0219i promovarea unui stil de via\u021b\u0103 sustenabil. <\/strong><\/p>\n\n\n\n<p>Proiectul a \u00eenceput cu Festivalul de Strad\u0103<strong> \u201e\u00cempreun\u0103 pentru aer curat\u201d<\/strong>, care a avut loc pe 6 &#8211; 7 septembrie \u00een zona Icoanei, derulat \u00een parteneriat cu <strong>Grupul de Ini\u021biativ\u0103 Civic\u0103 Icoanei Ioanid<\/strong>.<\/p>\n\n\n\n<h2 class=\"wp-block-heading\" id=\"h-ini\u021biativa-pentru-imbunata\u021birea-calita\u021bii-aerului-in-sectorul-2\">Ini\u021biativ\u0103 pentru \u00eembun\u0103t\u0103\u021birea calit\u0103\u021bii aerului \u00een Sectorul 2<\/h2>\n\n\n\n<p>La eveniment au participat<strong> peste 1.000 de cet\u0103\u021beni <\/strong>\u0219i a inclus mai multe activit\u0103\u021bi, precum ateliere de mediu, dezbateri cu autorit\u0103\u021bile locale \u0219i exper\u021bi, mese comunitare, activit\u0103\u021bi sportive, creative \u0219i educative pentru copii. Participan\u021bii au avut la dispozi\u021bie \u0219i un bazar de produse locale, potrivit unui comunicat al Asocia\u021biei <a href=\"https:\/\/www.ecopolis.org.ro\/comunicate\/impreuna-pentru-aer-curat-in-sectorul-2-comunitatea-scoala-si-autoritatile-unite-pentru-un-aer-mai-curat\/\" target=\"_blank\" rel=\"noreferrer noopener\">Ecopolis<\/a>.  <\/p>\n\n\n\n<p>De asemenea, participan\u021bii la eveniment au avut posibilitatea s\u0103 urm\u0103reasc\u0103, \u00een timp real, monitorizarea calit\u0103\u021bii aerului, prin intermediul platformei <a href=\"https:\/\/aerlive.ro\/\" target=\"_blank\" rel=\"noreferrer noopener\">Aerlive.ro<\/a>. <\/p>\n\n\n\n<p>Acest proiect a inclus \u0219i o component\u0103 educa\u021bional\u0103, care a continuat \u00een <strong>10 \u0219coli din Sectorul 2<\/strong>, unde echipa Ecopolis a sus\u021binut ateliere despre <a href=\"https:\/\/buletin.de\/bucuresti\/calitatea-aerului-din-bucuresti-si-alte-doua-orase-va-fi-masurata-cu-precizie-de-roboti-ai-agentiei-pentru-protectia-mediului\/\" target=\"_blank\" rel=\"noreferrer noopener\">calitatea aerului<\/a>, unde au fost prezen\u021bi peste 1.000 de elevi din ciclurile primar, gimnazial \u0219i liceal. <\/p>\n\n\n\n<h2 class=\"wp-block-heading\" id=\"h-ghiduri-\u0219i-afi\u0219e-informative-in-\u0219coli\">Ghiduri \u0219i afi\u0219e informative \u00een \u0219coli <\/h2>\n\n\n\n<p><strong>Elevii au primit materiale educa\u021bionale adaptate v\u00e2rstei lor, dar \u0219i ghiduri pentru aer curat \u0219i afi\u0219e informative pentru clase. Mai mult, \u00een fiecare \u0219coal\u0103 a fost montat c\u00e2te un senzor de monitorizare a calit\u0103\u021bii aerului \u00een interior, ceea ce a contribuit la o \u00een\u021belegere mai bun\u0103 a factorilor care influen\u021beaz\u0103 s\u0103n\u0103tatea mediului \u0219colar. <\/strong><\/p>\n\n\n\n<p>Ghidul privind calitatea aerului \u00een s\u0103lile de clas\u0103 poate fi consultat de to\u021bi administratorii \u0219i profesorii din \u021bar\u0103. Acesta poate fi desc\u0103rcat de <a href=\"https:\/\/www.ecopolis.org.ro\/wp-content\/uploads\/2025\/10\/Ghid-Ecopolis-pentru-Scoli-A5-print.pdf\" target=\"_blank\" rel=\"noreferrer noopener\">aici<\/a>.<\/p>\n\n\n\n<p><em>\u201ePrin acest proiect, ne-am dorit s\u0103 aducem tema calit\u0103\u021bii aerului mai aproape de cet\u0103\u021beni \u0219i elevi, s\u0103 ar\u0103t\u0103m c\u0103 un aer mai curat depinde \u0219i de ac\u021biunile noastre zilnice, dar \u0219i de deciziile asumate ale autorit\u0103\u021bilor. Implicarea comunit\u0103\u021bii din Sectorul 2 a fost exemplar\u0103\u201d<\/em>, a declarat Oana Neneciu, Directoarea executiv\u0103 a Asocia\u021biei Ecopolis.<\/p>\n\n\n\n<p>CITE\u0218TE \u0218I <a href=\"https:\/\/buletin.de\/bucuresti\/soferii-mai-castiga-5-kilometri-de-autostrada-pe-a7-breteaua-de-descarare-a-lotului-2-in-zona-buzau-gata-in-cateva-zile\/\" target=\"_blank\" rel=\"noreferrer noopener\">\u0218oferii mai c\u00e2\u0219tig\u0103 5 kilometri de autostrad\u0103 pe A7. Breteaua de desc\u0103rcare \u00een DN2, la Buz\u0103u, gata \u00een c\u00e2teva zile<\/a><\/p>\n\n\n\n<p><\/p>\n","protected":false},"excerpt":{"rendered":"<p>\u00cen perioada august-octombrie, Asocia\u021bia Ecopolis a derulat, cu sprijinul Prim\u0103riei Sectorului 2, un proiect pentru \u00eembun\u0103t\u0103\u021birea calit\u0103\u021bii aerului. Acesta s-a numit \u201e\u00cempreun\u0103 pentru aer curat \u00een Sectorul 2\u201d \u0219i a urm\u0103rit con\u0219tientizarea \u0219i implicarea comunit\u0103\u021bii locale \u00een privin\u021ba combaterii polu\u0103rii, precum \u0219i promovarea unui stil de via\u021b\u0103 sustenabil. Proiectul a \u00eenceput cu Festivalul de Strad\u0103 [&hellip;]<\/p>\n","protected":false},"author":65,"featured_media":154404,"comment_status":"closed","ping_status":"open","sticky":false,"template":"","format":"standard","meta":{"_acf_changed":false,"inline_featured_image":false,"ngg_post_thumbnail":0,"footnotes":""},"categories":[6994,5762,109],"tags":[4972,5644,475,229],"ppma_author":[23912],"class_list":["post-154382","post","type-post","status-publish","format-standard","has-post-thumbnail","hentry","category-stiri-2","category-main","category-mediu","tag-calitatea-aerului","tag-ecopolis","tag-mediu","tag-sector-2"],"acf":[],"yoast_head":"<!-- This site is optimized with the Yoast SEO Premium plugin v25.3 (Yoast SEO v27.4) - https:\/\/yoast.com\/product\/yoast-seo-premium-wordpress\/ -->\n<title>Proiect pentru \u00eembun\u0103t\u0103\u021birea calit\u0103\u021bii aerului \u00een Sectorul 2. Ini\u021biativa a reunit peste 1.000 de cet\u0103\u021beni \u0219i elevi din 10 \u0219coli - Buletin de Bucure\u0219ti<\/title>\n<meta name=\"description\" content=\"Asocia\u021bia Ecopolis a derulat, cu sprijinul Prim\u0103riei Sectorului 2, un proiect pentru \u00eembun\u0103t\u0103\u021birea calit\u0103\u021bii aerului.\" \/>\n<meta name=\"robots\" content=\"index, follow, max-snippet:-1, max-image-preview:large, max-video-preview:-1\" \/>\n<link rel=\"canonical\" href=\"https:\/\/buletin.de\/bucuresti\/proiect-pentru-imbunatatirea-calitatii-aerului-in-sectorul-2-initiativa-a-reunit-peste-1-000-de-cetateni-si-elevi-din-10-scoli\/\" \/>\n<meta property=\"og:locale\" content=\"en_GB\" \/>\n<meta property=\"og:type\" content=\"article\" \/>\n<meta property=\"og:title\" content=\"Proiect pentru \u00eembun\u0103t\u0103\u021birea calit\u0103\u021bii aerului \u00een Sectorul 2. Ini\u021biativa a reunit peste 1.000 de cet\u0103\u021beni \u0219i elevi din 10 \u0219coli\" \/>\n<meta property=\"og:description\" content=\"Asocia\u021bia Ecopolis a derulat, cu sprijinul Prim\u0103riei Sectorului 2, un proiect pentru \u00eembun\u0103t\u0103\u021birea calit\u0103\u021bii aerului.\" \/>\n<meta property=\"og:url\" content=\"https:\/\/buletin.de\/bucuresti\/proiect-pentru-imbunatatirea-calitatii-aerului-in-sectorul-2-initiativa-a-reunit-peste-1-000-de-cetateni-si-elevi-din-10-scoli\/\" \/>\n<meta property=\"og:site_name\" content=\"Buletin de Bucure\u0219ti\" \/>\n<meta property=\"article:publisher\" content=\"https:\/\/www.facebook.com\/buletin.de.buc\" \/>\n<meta property=\"article:published_time\" content=\"2025-10-24T10:38:18+00:00\" \/>\n<meta property=\"article:modified_time\" content=\"2025-10-24T10:38:19+00:00\" \/>\n<meta property=\"og:image\" content=\"https:\/\/buletin.de\/bucuresti\/wp-content\/uploads\/2025\/10\/Proiect-imbunatatirea-calitatii-aerului-Sectorul-2-1.jpg\" \/>\n\t<meta property=\"og:image:width\" content=\"1200\" \/>\n\t<meta property=\"og:image:height\" content=\"650\" \/>\n\t<meta property=\"og:image:type\" content=\"image\/jpeg\" \/>\n<meta name=\"author\" content=\"Andreea St\u0103n\u0103r\u00eeng\u0103\" \/>\n<meta name=\"twitter:card\" content=\"summary_large_image\" \/>\n<meta name=\"twitter:label1\" content=\"Written by\" \/>\n\t<meta name=\"twitter:data1\" content=\"Andreea St\u0103n\u0103r\u00eeng\u0103\" \/>\n\t<meta name=\"twitter:label2\" content=\"Estimated reading time\" \/>\n\t<meta name=\"twitter:data2\" content=\"2 minutes\" \/>\n<script type=\"application\/ld+json\" class=\"yoast-schema-graph\">{\"@context\":\"https:\\\/\\\/schema.org\",\"@graph\":[{\"@type\":\"Article\",\"@id\":\"https:\\\/\\\/buletin.de\\\/bucuresti\\\/proiect-pentru-imbunatatirea-calitatii-aerului-in-sectorul-2-initiativa-a-reunit-peste-1-000-de-cetateni-si-elevi-din-10-scoli\\\/#article\",\"isPartOf\":{\"@id\":\"https:\\\/\\\/buletin.de\\\/bucuresti\\\/proiect-pentru-imbunatatirea-calitatii-aerului-in-sectorul-2-initiativa-a-reunit-peste-1-000-de-cetateni-si-elevi-din-10-scoli\\\/\"},\"author\":{\"name\":\"Andreea St\u0103n\u0103r\u00eeng\u0103\",\"@id\":\"https:\\\/\\\/buletin.de\\\/bucuresti\\\/#\\\/schema\\\/person\\\/81421a46fb84a0887cfd2238f5202586\"},\"headline\":\"Proiect pentru \u00eembun\u0103t\u0103\u021birea calit\u0103\u021bii aerului \u00een Sectorul 2. Ini\u021biativa a reunit peste 1.000 de cet\u0103\u021beni \u0219i elevi din 10 \u0219coli\",\"datePublished\":\"2025-10-24T10:38:18+00:00\",\"dateModified\":\"2025-10-24T10:38:19+00:00\",\"mainEntityOfPage\":{\"@id\":\"https:\\\/\\\/buletin.de\\\/bucuresti\\\/proiect-pentru-imbunatatirea-calitatii-aerului-in-sectorul-2-initiativa-a-reunit-peste-1-000-de-cetateni-si-elevi-din-10-scoli\\\/\"},\"wordCount\":424,\"publisher\":{\"@id\":\"https:\\\/\\\/buletin.de\\\/bucuresti\\\/#organization\"},\"image\":{\"@id\":\"https:\\\/\\\/buletin.de\\\/bucuresti\\\/proiect-pentru-imbunatatirea-calitatii-aerului-in-sectorul-2-initiativa-a-reunit-peste-1-000-de-cetateni-si-elevi-din-10-scoli\\\/#primaryimage\"},\"thumbnailUrl\":\"https:\\\/\\\/buletin.de\\\/bucuresti\\\/wp-content\\\/uploads\\\/2025\\\/10\\\/Proiect-imbunatatirea-calitatii-aerului-Sectorul-2-1.jpg\",\"keywords\":[\"calitatea aerului\",\"ecopolis\",\"mediu\",\"Sector 2\"],\"articleSection\":[\"Articole\",\"Main\",\"Mediu\"],\"inLanguage\":\"en-GB\",\"copyrightYear\":\"2025\",\"copyrightHolder\":{\"@id\":\"https:\\\/\\\/buletin.de\\\/bucuresti\\\/#organization\"}},{\"@type\":\"WebPage\",\"@id\":\"https:\\\/\\\/buletin.de\\\/bucuresti\\\/proiect-pentru-imbunatatirea-calitatii-aerului-in-sectorul-2-initiativa-a-reunit-peste-1-000-de-cetateni-si-elevi-din-10-scoli\\\/\",\"url\":\"https:\\\/\\\/buletin.de\\\/bucuresti\\\/proiect-pentru-imbunatatirea-calitatii-aerului-in-sectorul-2-initiativa-a-reunit-peste-1-000-de-cetateni-si-elevi-din-10-scoli\\\/\",\"name\":\"Proiect pentru \u00eembun\u0103t\u0103\u021birea calit\u0103\u021bii aerului \u00een Sectorul 2. Ini\u021biativa a reunit peste 1.000 de cet\u0103\u021beni \u0219i elevi din 10 \u0219coli - Buletin de Bucure\u0219ti\",\"isPartOf\":{\"@id\":\"https:\\\/\\\/buletin.de\\\/bucuresti\\\/#website\"},\"primaryImageOfPage\":{\"@id\":\"https:\\\/\\\/buletin.de\\\/bucuresti\\\/proiect-pentru-imbunatatirea-calitatii-aerului-in-sectorul-2-initiativa-a-reunit-peste-1-000-de-cetateni-si-elevi-din-10-scoli\\\/#primaryimage\"},\"image\":{\"@id\":\"https:\\\/\\\/buletin.de\\\/bucuresti\\\/proiect-pentru-imbunatatirea-calitatii-aerului-in-sectorul-2-initiativa-a-reunit-peste-1-000-de-cetateni-si-elevi-din-10-scoli\\\/#primaryimage\"},\"thumbnailUrl\":\"https:\\\/\\\/buletin.de\\\/bucuresti\\\/wp-content\\\/uploads\\\/2025\\\/10\\\/Proiect-imbunatatirea-calitatii-aerului-Sectorul-2-1.jpg\",\"datePublished\":\"2025-10-24T10:38:18+00:00\",\"dateModified\":\"2025-10-24T10:38:19+00:00\",\"description\":\"Asocia\u021bia Ecopolis a derulat, cu sprijinul Prim\u0103riei Sectorului 2, un proiect pentru \u00eembun\u0103t\u0103\u021birea calit\u0103\u021bii aerului.\",\"breadcrumb\":{\"@id\":\"https:\\\/\\\/buletin.de\\\/bucuresti\\\/proiect-pentru-imbunatatirea-calitatii-aerului-in-sectorul-2-initiativa-a-reunit-peste-1-000-de-cetateni-si-elevi-din-10-scoli\\\/#breadcrumb\"},\"inLanguage\":\"en-GB\",\"potentialAction\":[{\"@type\":\"ReadAction\",\"target\":[\"https:\\\/\\\/buletin.de\\\/bucuresti\\\/proiect-pentru-imbunatatirea-calitatii-aerului-in-sectorul-2-initiativa-a-reunit-peste-1-000-de-cetateni-si-elevi-din-10-scoli\\\/\"]}]},{\"@type\":\"ImageObject\",\"inLanguage\":\"en-GB\",\"@id\":\"https:\\\/\\\/buletin.de\\\/bucuresti\\\/proiect-pentru-imbunatatirea-calitatii-aerului-in-sectorul-2-initiativa-a-reunit-peste-1-000-de-cetateni-si-elevi-din-10-scoli\\\/#primaryimage\",\"url\":\"https:\\\/\\\/buletin.de\\\/bucuresti\\\/wp-content\\\/uploads\\\/2025\\\/10\\\/Proiect-imbunatatirea-calitatii-aerului-Sectorul-2-1.jpg\",\"contentUrl\":\"https:\\\/\\\/buletin.de\\\/bucuresti\\\/wp-content\\\/uploads\\\/2025\\\/10\\\/Proiect-imbunatatirea-calitatii-aerului-Sectorul-2-1.jpg\",\"width\":1200,\"height\":650,\"caption\":\"Proiect pentru \u00eembun\u0103t\u0103\u021birea calit\u0103\u021bii aerului \u00een Sectorul 2. Foto: Facebook\\\/Ecopolis\"},{\"@type\":\"BreadcrumbList\",\"@id\":\"https:\\\/\\\/buletin.de\\\/bucuresti\\\/proiect-pentru-imbunatatirea-calitatii-aerului-in-sectorul-2-initiativa-a-reunit-peste-1-000-de-cetateni-si-elevi-din-10-scoli\\\/#breadcrumb\",\"itemListElement\":[{\"@type\":\"ListItem\",\"position\":1,\"name\":\"Acas\u0103\",\"item\":\"https:\\\/\\\/buletin.de\\\/bucuresti\\\/\"},{\"@type\":\"ListItem\",\"position\":2,\"name\":\"Proiect pentru \u00eembun\u0103t\u0103\u021birea calit\u0103\u021bii aerului \u00een Sectorul 2. Ini\u021biativa a reunit peste 1.000 de cet\u0103\u021beni \u0219i elevi din 10 \u0219coli\"}]},{\"@type\":\"WebSite\",\"@id\":\"https:\\\/\\\/buletin.de\\\/bucuresti\\\/#website\",\"url\":\"https:\\\/\\\/buletin.de\\\/bucuresti\\\/\",\"name\":\"Buletin de Bucure\u0219ti\",\"description\":\"\u0218tiri \u0219i investiga\u021bii esen\u021biale din capital\u0103\",\"publisher\":{\"@id\":\"https:\\\/\\\/buletin.de\\\/bucuresti\\\/#organization\"},\"potentialAction\":[{\"@type\":\"SearchAction\",\"target\":{\"@type\":\"EntryPoint\",\"urlTemplate\":\"https:\\\/\\\/buletin.de\\\/bucuresti\\\/?s={search_term_string}\"},\"query-input\":{\"@type\":\"PropertyValueSpecification\",\"valueRequired\":true,\"valueName\":\"search_term_string\"}}],\"inLanguage\":\"en-GB\"},{\"@type\":\"Organization\",\"@id\":\"https:\\\/\\\/buletin.de\\\/bucuresti\\\/#organization\",\"name\":\"Buletin de Bucure\u0219ti\",\"url\":\"https:\\\/\\\/buletin.de\\\/bucuresti\\\/\",\"logo\":{\"@type\":\"ImageObject\",\"inLanguage\":\"en-GB\",\"@id\":\"https:\\\/\\\/buletin.de\\\/bucuresti\\\/#\\\/schema\\\/logo\\\/image\\\/\",\"url\":\"https:\\\/\\\/buletin.de\\\/bucuresti\\\/wp-content\\\/uploads\\\/logo-bdb-full-wide-vernil-transparent.png\",\"contentUrl\":\"https:\\\/\\\/buletin.de\\\/bucuresti\\\/wp-content\\\/uploads\\\/logo-bdb-full-wide-vernil-transparent.png\",\"width\":1782,\"height\":626,\"caption\":\"Buletin de Bucure\u0219ti\"},\"image\":{\"@id\":\"https:\\\/\\\/buletin.de\\\/bucuresti\\\/#\\\/schema\\\/logo\\\/image\\\/\"},\"sameAs\":[\"https:\\\/\\\/www.facebook.com\\\/buletin.de.buc\",\"https:\\\/\\\/www.instagram.com\\\/buletinde.bucuresti\\\/\"]},{\"@type\":\"Person\",\"@id\":\"https:\\\/\\\/buletin.de\\\/bucuresti\\\/#\\\/schema\\\/person\\\/81421a46fb84a0887cfd2238f5202586\",\"name\":\"Andreea St\u0103n\u0103r\u00eeng\u0103\",\"image\":{\"@type\":\"ImageObject\",\"inLanguage\":\"en-GB\",\"@id\":\"https:\\\/\\\/secure.gravatar.com\\\/avatar\\\/dfa8d227a4388fad0f0bb03add04b5b176f4da34397dbb2eadc563b3d7162ce0?s=96&d=monsterid&r=g72784372b39ffe5a98a45288fe0d0e8a\",\"url\":\"https:\\\/\\\/secure.gravatar.com\\\/avatar\\\/dfa8d227a4388fad0f0bb03add04b5b176f4da34397dbb2eadc563b3d7162ce0?s=96&d=monsterid&r=g\",\"contentUrl\":\"https:\\\/\\\/secure.gravatar.com\\\/avatar\\\/dfa8d227a4388fad0f0bb03add04b5b176f4da34397dbb2eadc563b3d7162ce0?s=96&d=monsterid&r=g\",\"caption\":\"Andreea St\u0103n\u0103r\u00eeng\u0103\"},\"description\":\"Cu o experien\u021b\u0103 de peste 5 ani \u00een pres\u0103, face parte din echipa Buletin de Bucure\u0219ti din septembrie 2025. A colaborat cu c\u00e2teva publica\u021bii, printre care \u0219i Fanatik.ro, unde s-a ocupat de \u0219tiri de lifestyle \u0219i de actualitate. A f\u0103cut un pas c\u0103tre presa local\u0103 pentru a explora Bucure\u0219tiul \u0219i pove\u0219tile care merit\u0103 spuse.\",\"url\":\"https:\\\/\\\/buletin.de\\\/bucuresti\\\/author\\\/andreea-stanaranga\\\/\"}]}<\/script>\n<!-- \/ Yoast SEO Premium plugin. -->","yoast_head_json":{"title":"Proiect pentru \u00eembun\u0103t\u0103\u021birea calit\u0103\u021bii aerului \u00een Sectorul 2. Ini\u021biativa a reunit peste 1.000 de cet\u0103\u021beni \u0219i elevi din 10 \u0219coli - Buletin de Bucure\u0219ti","description":"Asocia\u021bia Ecopolis a derulat, cu sprijinul Prim\u0103riei Sectorului 2, un proiect pentru \u00eembun\u0103t\u0103\u021birea calit\u0103\u021bii aerului.","robots":{"index":"index","follow":"follow","max-snippet":"max-snippet:-1","max-image-preview":"max-image-preview:large","max-video-preview":"max-video-preview:-1"},"canonical":"https:\/\/buletin.de\/bucuresti\/proiect-pentru-imbunatatirea-calitatii-aerului-in-sectorul-2-initiativa-a-reunit-peste-1-000-de-cetateni-si-elevi-din-10-scoli\/","og_locale":"en_GB","og_type":"article","og_title":"Proiect pentru \u00eembun\u0103t\u0103\u021birea calit\u0103\u021bii aerului \u00een Sectorul 2. Ini\u021biativa a reunit peste 1.000 de cet\u0103\u021beni \u0219i elevi din 10 \u0219coli","og_description":"Asocia\u021bia Ecopolis a derulat, cu sprijinul Prim\u0103riei Sectorului 2, un proiect pentru \u00eembun\u0103t\u0103\u021birea calit\u0103\u021bii aerului.","og_url":"https:\/\/buletin.de\/bucuresti\/proiect-pentru-imbunatatirea-calitatii-aerului-in-sectorul-2-initiativa-a-reunit-peste-1-000-de-cetateni-si-elevi-din-10-scoli\/","og_site_name":"Buletin de Bucure\u0219ti","article_publisher":"https:\/\/www.facebook.com\/buletin.de.buc","article_published_time":"2025-10-24T10:38:18+00:00","article_modified_time":"2025-10-24T10:38:19+00:00","og_image":[{"width":1200,"height":650,"url":"https:\/\/buletin.de\/bucuresti\/wp-content\/uploads\/2025\/10\/Proiect-imbunatatirea-calitatii-aerului-Sectorul-2-1.jpg","type":"image\/jpeg"}],"author":"Andreea St\u0103n\u0103r\u00eeng\u0103","twitter_card":"summary_large_image","twitter_misc":{"Written by":"Andreea St\u0103n\u0103r\u00eeng\u0103","Estimated reading time":"2 minutes"},"schema":{"@context":"https:\/\/schema.org","@graph":[{"@type":"Article","@id":"https:\/\/buletin.de\/bucuresti\/proiect-pentru-imbunatatirea-calitatii-aerului-in-sectorul-2-initiativa-a-reunit-peste-1-000-de-cetateni-si-elevi-din-10-scoli\/#article","isPartOf":{"@id":"https:\/\/buletin.de\/bucuresti\/proiect-pentru-imbunatatirea-calitatii-aerului-in-sectorul-2-initiativa-a-reunit-peste-1-000-de-cetateni-si-elevi-din-10-scoli\/"},"author":{"name":"Andreea St\u0103n\u0103r\u00eeng\u0103","@id":"https:\/\/buletin.de\/bucuresti\/#\/schema\/person\/81421a46fb84a0887cfd2238f5202586"},"headline":"Proiect pentru \u00eembun\u0103t\u0103\u021birea calit\u0103\u021bii aerului \u00een Sectorul 2. Ini\u021biativa a reunit peste 1.000 de cet\u0103\u021beni \u0219i elevi din 10 \u0219coli","datePublished":"2025-10-24T10:38:18+00:00","dateModified":"2025-10-24T10:38:19+00:00","mainEntityOfPage":{"@id":"https:\/\/buletin.de\/bucuresti\/proiect-pentru-imbunatatirea-calitatii-aerului-in-sectorul-2-initiativa-a-reunit-peste-1-000-de-cetateni-si-elevi-din-10-scoli\/"},"wordCount":424,"publisher":{"@id":"https:\/\/buletin.de\/bucuresti\/#organization"},"image":{"@id":"https:\/\/buletin.de\/bucuresti\/proiect-pentru-imbunatatirea-calitatii-aerului-in-sectorul-2-initiativa-a-reunit-peste-1-000-de-cetateni-si-elevi-din-10-scoli\/#primaryimage"},"thumbnailUrl":"https:\/\/buletin.de\/bucuresti\/wp-content\/uploads\/2025\/10\/Proiect-imbunatatirea-calitatii-aerului-Sectorul-2-1.jpg","keywords":["calitatea aerului","ecopolis","mediu","Sector 2"],"articleSection":["Articole","Main","Mediu"],"inLanguage":"en-GB","copyrightYear":"2025","copyrightHolder":{"@id":"https:\/\/buletin.de\/bucuresti\/#organization"}},{"@type":"WebPage","@id":"https:\/\/buletin.de\/bucuresti\/proiect-pentru-imbunatatirea-calitatii-aerului-in-sectorul-2-initiativa-a-reunit-peste-1-000-de-cetateni-si-elevi-din-10-scoli\/","url":"https:\/\/buletin.de\/bucuresti\/proiect-pentru-imbunatatirea-calitatii-aerului-in-sectorul-2-initiativa-a-reunit-peste-1-000-de-cetateni-si-elevi-din-10-scoli\/","name":"Proiect pentru \u00eembun\u0103t\u0103\u021birea calit\u0103\u021bii aerului \u00een Sectorul 2. Ini\u021biativa a reunit peste 1.000 de cet\u0103\u021beni \u0219i elevi din 10 \u0219coli - Buletin de Bucure\u0219ti","isPartOf":{"@id":"https:\/\/buletin.de\/bucuresti\/#website"},"primaryImageOfPage":{"@id":"https:\/\/buletin.de\/bucuresti\/proiect-pentru-imbunatatirea-calitatii-aerului-in-sectorul-2-initiativa-a-reunit-peste-1-000-de-cetateni-si-elevi-din-10-scoli\/#primaryimage"},"image":{"@id":"https:\/\/buletin.de\/bucuresti\/proiect-pentru-imbunatatirea-calitatii-aerului-in-sectorul-2-initiativa-a-reunit-peste-1-000-de-cetateni-si-elevi-din-10-scoli\/#primaryimage"},"thumbnailUrl":"https:\/\/buletin.de\/bucuresti\/wp-content\/uploads\/2025\/10\/Proiect-imbunatatirea-calitatii-aerului-Sectorul-2-1.jpg","datePublished":"2025-10-24T10:38:18+00:00","dateModified":"2025-10-24T10:38:19+00:00","description":"Asocia\u021bia Ecopolis a derulat, cu sprijinul Prim\u0103riei Sectorului 2, un proiect pentru \u00eembun\u0103t\u0103\u021birea calit\u0103\u021bii aerului.","breadcrumb":{"@id":"https:\/\/buletin.de\/bucuresti\/proiect-pentru-imbunatatirea-calitatii-aerului-in-sectorul-2-initiativa-a-reunit-peste-1-000-de-cetateni-si-elevi-din-10-scoli\/#breadcrumb"},"inLanguage":"en-GB","potentialAction":[{"@type":"ReadAction","target":["https:\/\/buletin.de\/bucuresti\/proiect-pentru-imbunatatirea-calitatii-aerului-in-sectorul-2-initiativa-a-reunit-peste-1-000-de-cetateni-si-elevi-din-10-scoli\/"]}]},{"@type":"ImageObject","inLanguage":"en-GB","@id":"https:\/\/buletin.de\/bucuresti\/proiect-pentru-imbunatatirea-calitatii-aerului-in-sectorul-2-initiativa-a-reunit-peste-1-000-de-cetateni-si-elevi-din-10-scoli\/#primaryimage","url":"https:\/\/buletin.de\/bucuresti\/wp-content\/uploads\/2025\/10\/Proiect-imbunatatirea-calitatii-aerului-Sectorul-2-1.jpg","contentUrl":"https:\/\/buletin.de\/bucuresti\/wp-content\/uploads\/2025\/10\/Proiect-imbunatatirea-calitatii-aerului-Sectorul-2-1.jpg","width":1200,"height":650,"caption":"Proiect pentru \u00eembun\u0103t\u0103\u021birea calit\u0103\u021bii aerului \u00een Sectorul 2. Foto: Facebook\/Ecopolis"},{"@type":"BreadcrumbList","@id":"https:\/\/buletin.de\/bucuresti\/proiect-pentru-imbunatatirea-calitatii-aerului-in-sectorul-2-initiativa-a-reunit-peste-1-000-de-cetateni-si-elevi-din-10-scoli\/#breadcrumb","itemListElement":[{"@type":"ListItem","position":1,"name":"Acas\u0103","item":"https:\/\/buletin.de\/bucuresti\/"},{"@type":"ListItem","position":2,"name":"Proiect pentru \u00eembun\u0103t\u0103\u021birea calit\u0103\u021bii aerului \u00een Sectorul 2. Ini\u021biativa a reunit peste 1.000 de cet\u0103\u021beni \u0219i elevi din 10 \u0219coli"}]},{"@type":"WebSite","@id":"https:\/\/buletin.de\/bucuresti\/#website","url":"https:\/\/buletin.de\/bucuresti\/","name":"Buletin de Bucure\u0219ti","description":"\u0218tiri \u0219i investiga\u021bii esen\u021biale din capital\u0103","publisher":{"@id":"https:\/\/buletin.de\/bucuresti\/#organization"},"potentialAction":[{"@type":"SearchAction","target":{"@type":"EntryPoint","urlTemplate":"https:\/\/buletin.de\/bucuresti\/?s={search_term_string}"},"query-input":{"@type":"PropertyValueSpecification","valueRequired":true,"valueName":"search_term_string"}}],"inLanguage":"en-GB"},{"@type":"Organization","@id":"https:\/\/buletin.de\/bucuresti\/#organization","name":"Buletin de Bucure\u0219ti","url":"https:\/\/buletin.de\/bucuresti\/","logo":{"@type":"ImageObject","inLanguage":"en-GB","@id":"https:\/\/buletin.de\/bucuresti\/#\/schema\/logo\/image\/","url":"https:\/\/buletin.de\/bucuresti\/wp-content\/uploads\/logo-bdb-full-wide-vernil-transparent.png","contentUrl":"https:\/\/buletin.de\/bucuresti\/wp-content\/uploads\/logo-bdb-full-wide-vernil-transparent.png","width":1782,"height":626,"caption":"Buletin de Bucure\u0219ti"},"image":{"@id":"https:\/\/buletin.de\/bucuresti\/#\/schema\/logo\/image\/"},"sameAs":["https:\/\/www.facebook.com\/buletin.de.buc","https:\/\/www.instagram.com\/buletinde.bucuresti\/"]},{"@type":"Person","@id":"https:\/\/buletin.de\/bucuresti\/#\/schema\/person\/81421a46fb84a0887cfd2238f5202586","name":"Andreea St\u0103n\u0103r\u00eeng\u0103","image":{"@type":"ImageObject","inLanguage":"en-GB","@id":"https:\/\/secure.gravatar.com\/avatar\/dfa8d227a4388fad0f0bb03add04b5b176f4da34397dbb2eadc563b3d7162ce0?s=96&d=monsterid&r=g72784372b39ffe5a98a45288fe0d0e8a","url":"https:\/\/secure.gravatar.com\/avatar\/dfa8d227a4388fad0f0bb03add04b5b176f4da34397dbb2eadc563b3d7162ce0?s=96&d=monsterid&r=g","contentUrl":"https:\/\/secure.gravatar.com\/avatar\/dfa8d227a4388fad0f0bb03add04b5b176f4da34397dbb2eadc563b3d7162ce0?s=96&d=monsterid&r=g","caption":"Andreea St\u0103n\u0103r\u00eeng\u0103"},"description":"Cu o experien\u021b\u0103 de peste 5 ani \u00een pres\u0103, face parte din echipa Buletin de Bucure\u0219ti din septembrie 2025. A colaborat cu c\u00e2teva publica\u021bii, printre care \u0219i Fanatik.ro, unde s-a ocupat de \u0219tiri de lifestyle \u0219i de actualitate. A f\u0103cut un pas c\u0103tre presa local\u0103 pentru a explora Bucure\u0219tiul \u0219i pove\u0219tile care merit\u0103 spuse.","url":"https:\/\/buletin.de\/bucuresti\/author\/andreea-stanaranga\/"}]}},"authors":[{"term_id":23912,"user_id":65,"is_guest":0,"slug":"andreea-stanaranga","display_name":"Andreea St\u0103n\u0103r\u00eeng\u0103","avatar_url":"https:\/\/secure.gravatar.com\/avatar\/dfa8d227a4388fad0f0bb03add04b5b176f4da34397dbb2eadc563b3d7162ce0?s=96&d=monsterid&r=g","0":null,"1":"","2":"","3":"","4":"","5":"","6":"","7":"","8":""}],"_links":{"self":[{"href":"https:\/\/buletin.de\/bucuresti\/wp-json\/wp\/v2\/posts\/154382","targetHints":{"allow":["GET"]}}],"collection":[{"href":"https:\/\/buletin.de\/bucuresti\/wp-json\/wp\/v2\/posts"}],"about":[{"href":"https:\/\/buletin.de\/bucuresti\/wp-json\/wp\/v2\/types\/post"}],"author":[{"embeddable":true,"href":"https:\/\/buletin.de\/bucuresti\/wp-json\/wp\/v2\/users\/65"}],"replies":[{"embeddable":true,"href":"https:\/\/buletin.de\/bucuresti\/wp-json\/wp\/v2\/comments?post=154382"}],"version-history":[{"count":1,"href":"https:\/\/buletin.de\/bucuresti\/wp-json\/wp\/v2\/posts\/154382\/revisions"}],"predecessor-version":[{"id":154405,"href":"https:\/\/buletin.de\/bucuresti\/wp-json\/wp\/v2\/posts\/154382\/revisions\/154405"}],"wp:featuredmedia":[{"embeddable":true,"href":"https:\/\/buletin.de\/bucuresti\/wp-json\/wp\/v2\/media\/154404"}],"wp:attachment":[{"href":"https:\/\/buletin.de\/bucuresti\/wp-json\/wp\/v2\/media?parent=154382"}],"wp:term":[{"taxonomy":"category","embeddable":true,"href":"https:\/\/buletin.de\/bucuresti\/wp-json\/wp\/v2\/categories?post=154382"},{"taxonomy":"post_tag","embeddable":true,"href":"https:\/\/buletin.de\/bucuresti\/wp-json\/wp\/v2\/tags?post=154382"},{"taxonomy":"author","embeddable":true,"href":"https:\/\/buletin.de\/bucuresti\/wp-json\/wp\/v2\/ppma_author?post=154382"}],"curies":[{"name":"wp","href":"https:\/\/api.w.org\/{rel}","templated":true}]}}