{"id":154160,"date":"2025-10-23T10:34:27","date_gmt":"2025-10-23T07:34:27","guid":{"rendered":"https:\/\/buletin.de\/bucuresti\/?p=154160"},"modified":"2025-10-23T13:15:18","modified_gmt":"2025-10-23T10:15:18","slug":"daniel-baluta-despre-alegerile-pentru-primaria-capitalei-cel-mai-probabil-voi-candida","status":"publish","type":"post","link":"https:\/\/buletin.de\/bucuresti\/daniel-baluta-despre-alegerile-pentru-primaria-capitalei-cel-mai-probabil-voi-candida\/","title":{"rendered":"Daniel B\u0103lu\u021b\u0103 despre alegerile pentru Prim\u0103ria Capitalei: \u201eCel mai probabil voi candida\u201d"},"content":{"rendered":"\n<p><strong>Primarul Sectorului 4, Danial B\u0103lu\u021b\u0103, a declarat despre alegerile pentru Prim\u0103ria Capitalei c\u0103 cel mai probabil va candida, dac\u0103 PSD \u00eel va sus\u021bine \u00een acest demers. \u0218i fosta prim\u0103ri\u021b\u0103 general\u0103 Gabriela Firea \u00ee\u0219i dore\u0219te s\u0103 candideze din nou.<\/strong><\/p>\n\n\n\n<p>\u201eDac\u0103 partidul va fi de acord, \u015fi sunt sigur c\u0103 lucrul \u0103sta se va \u00eent\u00e2mpla, cel mai probabil voi candida&#8221;, a r\u0103spuns Daniel B\u0103lu\u0163\u0103, miercuri sear\u0103, la <a href=\"https:\/\/www.antena3.ro\/politica\/daniel-baluta-sau-gabriela-firea-edilul-sectorului-4-a-dezvaluit-cum-isi-va-stabili-psd-candidatul-la-primaria-bucurestiului-764115.html\" target=\"_blank\" rel=\"noreferrer noopener\">Antena 3 CNN<\/a>, c\u00e2nd a fost \u00eentrebat dac\u0103 va reprezenta PSD la alegerile de la Prim\u0103ria Bucure\u0219tiului.<\/p>\n\n\n\n<p>Coali\u021bia de guvernare a stabilit c\u0103 alegerile pentru Prim\u0103ria Capitalei s\u0103 aib\u0103 loc pe 7 decembrie. De asemenea, a mai hot\u0103r\u00e2t ca fiecare partid s\u0103 aib\u0103 un candidat propriu. <\/p>\n\n\n\n<p>Ini\u021bial, PNL \u0219i USR \u0219i-ar fi dorit un candidat comun, dar PSD s-a opus la aceast\u0103 solu\u021bie, argument\u00e2nd c\u0103 \u00een felul acesta candidatul s\u0103u ar r\u0103m\u00e2ne singur, ceea ce ar contraveni principiului colabor\u0103rii la guvernare.<\/p>\n\n\n\n<p><strong>CITE\u0218TE \u0218I: <a href=\"https:\/\/buletin.de\/bucuresti\/alegerile-pentru-noul-primar-al-bucurestiului-vor-avea-loc-pe-7-decembrie-surse\/\" target=\"_blank\" rel=\"noreferrer noopener\">OFICIAL | Alegerile pentru noul primar al Bucure\u0219tiului vor avea loc pe 7 decembrie. Fiecare partid al coali\u021biei de guvernare va avea candidat propriu<\/a><\/strong><\/p>\n\n\n\n<h2 class=\"wp-block-heading\" id=\"h-daniel-balu\u021ba-despre-alegerile-pentru-primaria-capitalei\">Daniel B\u0103lu\u021b\u0103 despre alegerile pentru Prim\u0103ria Capitalei<\/h2>\n\n\n\n<p><strong>Daniel B\u0103lu\u0163\u0103 a confirmat, la r\u00e2ndul s\u0103u, c\u0103 exist\u0103 \u201eun gentlemen agreement\u201d privind faptul c\u0103 niciun candidat din partea partidelor din coali\u0163ie nu se va retrage \u00een favoarea celui mai bine plasat.<\/strong><\/p>\n\n\n\n<p>\u201eNu toate lucrurile \u00een via\u0163a asta se fac, dup\u0103 cum \u015fti\u0163i, \u00een scris. Confucius a spus c\u0103 promisiunea f\u0103cut\u0103 este datorie curat\u0103. Sunt genul de om care chiar respect\u0103 promisiunile\u201d, a declarat politicianul, care a completat c\u0103 nu sunt relevante scorurile din sondajele de opinie.\u00a0<\/p>\n\n\n\n<p>Primarul Sectorului 4 are \u0219i un poten\u021bial contracandidat \u00een PSD. \u0218i Gabriela Firea, fostul primar general al Bucure\u0219tiului, a declarat c\u0103 \u0219i-ar dori s\u0103 candideze pentru un nou mandat.<\/p>\n\n\n\n<p>Daniel B\u0103lu\u021b\u0103 a men\u021bionat c\u0103 vor exista mai multe criteri pentru o departajare \u00eentre el \u0219i Gabriela Firea. <\/p>\n\n\n\n<p>\u201eRealitatea va decide cine candideaz\u0103 din partea PSD. Doamna Firea este o foarte bun\u0103 coleg\u0103, un europarlamentar care reprezint\u0103 Rom\u00e2nia cu cinste. Sondajele pe care partidul le-a comandat vor stabili care dintre propuneri este mai bun\u0103. Via\u0163a este o competi\u0163ie, inclusiv \u00een interior. E o competi\u0163ie plin\u0103 de respect&#8221;, a afirmat Daniel B\u0103lu\u0163\u0103.<\/p>\n\n\n\n<p>Primarul Sectorului 4 s-a ar\u0103tat optimist c\u0103 o candidatur\u0103 a PSD va fi stabilit\u0103 \u00een urm\u0103toarele 7-10 zile.<\/p>\n\n\n\n<p><strong>CITE\u0218TE \u0218I: <a href=\"https:\/\/buletin.de\/bucuresti\/ciprian-ciucu-nu-anunta-inca-daca-va-candida-sondajul-pe-care-l-am-facut-ma-arata-detasat-ca-o-optiune-pentru-primaria-capitalei\/\" target=\"_blank\" rel=\"noreferrer noopener\">Ciprian Ciucu nu anun\u021b\u0103 \u00eenc\u0103 dac\u0103 va candida. \u201eSondajul pe care l-am f\u0103cut m\u0103 arat\u0103 deta\u0219at ca o op\u021biune pentru Prim\u0103ria Capitalei\u201d<\/a><\/strong><\/p>\n\n\n\n<h2 class=\"wp-block-heading\" id=\"h-candida\u021bii-nu-se-vor-ataca-intre-ei\">Candida\u021bii nu se vor ataca \u00eentre ei<\/h2>\n\n\n\n<p><strong>Primarul Sectorului 6, Ciprian Ciucu, a declarat anterior c\u0103 liderii celor trei partide din coali\u021bia de guvernare au convenit ca cei trei candida\u021bi s\u0103 nu se atace \u00eentre ei \u00een timpul campaniei electorale.<\/strong><\/p>\n\n\n\n<p>\u201eEvident, am zis, domnule, hai s\u0103 nu venim \u0219i s\u0103 for\u021b\u0103m, s\u0103 cre\u0103m o coali\u021bie \u00een cadrul coali\u021biei, hai s\u0103 fim deferen\u021bi, suntem suficient de maturi \u00eenc\u00e2t s\u0103 nu ne atac\u0103m unii pe al\u021bii, \u0219i asta am agreat cu to\u021bii, c\u0103 nu vor fi atacuri, sper s\u0103 ne \u0219i \u021binem de ele \u0219i pe parcurs s\u0103 nu venim \u0219i s\u0103 zicem, ok, unul se retrage, ci mergem mai departe \u00een aceast\u0103 competi\u021bie p\u00e2n\u0103 la cap\u0103t. Asta este ce s-a agreat ast\u0103zi.<\/p>\n\n\n\n<p>Deci premierul s-a consultat cu toat\u0103 lumea \u0219i de aceea am \u0219i avut consens, pentru c\u0103 a\u021bi v\u0103zut c\u0103 \u0219i PSD, inclusiv, a comunicat \u00een acela\u0219i sens ca \u0219i noi\u2019, a declarat Ciprian Ciucu, dup\u0103 \u0219edin\u021ba PNL, citat de\u00a0<a href=\"https:\/\/agerpres.ro\/politic\/2025\/10\/21\/ciucu-am-agreat-cu-totii-in-coalitie-ca-nu-vor-fi-atacuri-intre-noi-in-campania-pe-capitala-si-sa-nu--1495744\" target=\"_blank\" rel=\"noreferrer noopener\">Agerpres<\/a>.<\/p>\n\n\n\n<p><strong>CITE\u0218TE \u0218I: <a href=\"https:\/\/buletin.de\/bucuresti\/fiecare-partid-din-coalitia-de-guvernare-va-avea-un-candidat-la-primaria-bucuresti-am-agreat-ca-nu-vor-fi-atacuri-intre-noi\/\" target=\"_blank\" rel=\"noreferrer noopener\">Fiecare partid din coali\u021bia de guvernare va avea un candidat la Prim\u0103ria Bucure\u0219ti. \u201eAm agreat c\u0103 nu vor fi atacuri \u00eentre noi\u201d<br><\/a><\/strong><\/p>\n","protected":false},"excerpt":{"rendered":"<p>Primarul Sectorului 4, Danial B\u0103lu\u021b\u0103, a declarat despre alegerile pentru Prim\u0103ria Capitalei c\u0103 cel mai probabil va candida, dac\u0103 PSD \u00eel va sus\u021bine \u00een acest demers. \u0218i fosta prim\u0103ri\u021b\u0103 general\u0103 Gabriela Firea \u00ee\u0219i dore\u0219te s\u0103 candideze din nou. \u201eDac\u0103 partidul va fi de acord, \u015fi sunt sigur c\u0103 lucrul \u0103sta se va \u00eent\u00e2mpla, cel mai [&hellip;]<\/p>\n","protected":false},"author":60,"featured_media":154162,"comment_status":"closed","ping_status":"open","sticky":false,"template":"","format":"standard","meta":{"_acf_changed":false,"inline_featured_image":false,"ngg_post_thumbnail":0,"footnotes":""},"categories":[6994,5762,9025],"tags":[19261,24355,12488,349],"ppma_author":[22582],"class_list":["post-154160","post","type-post","status-publish","format-standard","has-post-thumbnail","hentry","category-stiri-2","category-main","category-politic","tag-alegeri-2025","tag-alegeri-7-decembrie","tag-alegeri-primaria-capitalei","tag-baluta"],"acf":[],"yoast_head":"<!-- This site is optimized with the Yoast SEO Premium plugin v25.3 (Yoast SEO v27.4) - https:\/\/yoast.com\/product\/yoast-seo-premium-wordpress\/ -->\n<title>Daniel B\u0103lu\u021b\u0103 despre alegerile pentru Prim\u0103ria Capitalei: \u201eCel mai probabil voi candida\u201d - Buletin de Bucure\u0219ti<\/title>\n<meta name=\"description\" content=\"Primarul Sectorului 4, Danial B\u0103lu\u021b\u0103, a declarat despre alegerile pentru Prim\u0103ria Capitalei c\u0103 cel mai probabil va candida.\" \/>\n<meta name=\"robots\" content=\"index, follow, max-snippet:-1, max-image-preview:large, max-video-preview:-1\" \/>\n<link rel=\"canonical\" href=\"https:\/\/buletin.de\/bucuresti\/daniel-baluta-despre-alegerile-pentru-primaria-capitalei-cel-mai-probabil-voi-candida\/\" \/>\n<meta property=\"og:locale\" content=\"en_GB\" \/>\n<meta property=\"og:type\" content=\"article\" \/>\n<meta property=\"og:title\" content=\"Daniel B\u0103lu\u021b\u0103 despre alegerile pentru Prim\u0103ria Capitalei: \u201eCel mai probabil voi candida\u201d\" \/>\n<meta property=\"og:description\" content=\"Primarul Sectorului 4, Danial B\u0103lu\u021b\u0103, a declarat despre alegerile pentru Prim\u0103ria Capitalei c\u0103 cel mai probabil va candida.\" \/>\n<meta property=\"og:url\" content=\"https:\/\/buletin.de\/bucuresti\/daniel-baluta-despre-alegerile-pentru-primaria-capitalei-cel-mai-probabil-voi-candida\/\" \/>\n<meta property=\"og:site_name\" content=\"Buletin de Bucure\u0219ti\" \/>\n<meta property=\"article:publisher\" content=\"https:\/\/www.facebook.com\/buletin.de.buc\" \/>\n<meta property=\"article:published_time\" content=\"2025-10-23T07:34:27+00:00\" \/>\n<meta property=\"article:modified_time\" content=\"2025-10-23T10:15:18+00:00\" \/>\n<meta property=\"og:image\" content=\"https:\/\/buletin.de\/bucuresti\/wp-content\/uploads\/2025\/10\/danielbaluta.jpg\" \/>\n\t<meta property=\"og:image:width\" content=\"1519\" \/>\n\t<meta property=\"og:image:height\" content=\"1049\" \/>\n\t<meta property=\"og:image:type\" content=\"image\/jpeg\" \/>\n<meta name=\"author\" content=\"R\u0103zvan Chiru\u021b\u0103\" \/>\n<meta name=\"twitter:card\" content=\"summary_large_image\" \/>\n<meta name=\"twitter:label1\" content=\"Written by\" \/>\n\t<meta name=\"twitter:data1\" content=\"R\u0103zvan Chiru\u021b\u0103\" \/>\n\t<meta name=\"twitter:label2\" content=\"Estimated reading time\" \/>\n\t<meta name=\"twitter:data2\" content=\"3 minutes\" \/>\n<script type=\"application\/ld+json\" class=\"yoast-schema-graph\">{\"@context\":\"https:\\\/\\\/schema.org\",\"@graph\":[{\"@type\":\"Article\",\"@id\":\"https:\\\/\\\/buletin.de\\\/bucuresti\\\/daniel-baluta-despre-alegerile-pentru-primaria-capitalei-cel-mai-probabil-voi-candida\\\/#article\",\"isPartOf\":{\"@id\":\"https:\\\/\\\/buletin.de\\\/bucuresti\\\/daniel-baluta-despre-alegerile-pentru-primaria-capitalei-cel-mai-probabil-voi-candida\\\/\"},\"author\":{\"name\":\"R\u0103zvan Chiru\u021b\u0103\",\"@id\":\"https:\\\/\\\/buletin.de\\\/bucuresti\\\/#\\\/schema\\\/person\\\/a76df728dfc913795a9d90e346b253bb\"},\"headline\":\"Daniel B\u0103lu\u021b\u0103 despre alegerile pentru Prim\u0103ria Capitalei: \u201eCel mai probabil voi candida\u201d\",\"datePublished\":\"2025-10-23T07:34:27+00:00\",\"dateModified\":\"2025-10-23T10:15:18+00:00\",\"mainEntityOfPage\":{\"@id\":\"https:\\\/\\\/buletin.de\\\/bucuresti\\\/daniel-baluta-despre-alegerile-pentru-primaria-capitalei-cel-mai-probabil-voi-candida\\\/\"},\"wordCount\":663,\"publisher\":{\"@id\":\"https:\\\/\\\/buletin.de\\\/bucuresti\\\/#organization\"},\"image\":{\"@id\":\"https:\\\/\\\/buletin.de\\\/bucuresti\\\/daniel-baluta-despre-alegerile-pentru-primaria-capitalei-cel-mai-probabil-voi-candida\\\/#primaryimage\"},\"thumbnailUrl\":\"https:\\\/\\\/buletin.de\\\/bucuresti\\\/wp-content\\\/uploads\\\/2025\\\/10\\\/danielbaluta.jpg\",\"keywords\":[\"alegeri 2025\",\"alegeri 7 decembrie\",\"alegeri Primaria Capitalei\",\"baluta\"],\"articleSection\":[\"Articole\",\"Main\",\"Politic\"],\"inLanguage\":\"en-GB\",\"copyrightYear\":\"2025\",\"copyrightHolder\":{\"@id\":\"https:\\\/\\\/buletin.de\\\/bucuresti\\\/#organization\"}},{\"@type\":\"WebPage\",\"@id\":\"https:\\\/\\\/buletin.de\\\/bucuresti\\\/daniel-baluta-despre-alegerile-pentru-primaria-capitalei-cel-mai-probabil-voi-candida\\\/\",\"url\":\"https:\\\/\\\/buletin.de\\\/bucuresti\\\/daniel-baluta-despre-alegerile-pentru-primaria-capitalei-cel-mai-probabil-voi-candida\\\/\",\"name\":\"Daniel B\u0103lu\u021b\u0103 despre alegerile pentru Prim\u0103ria Capitalei: \u201eCel mai probabil voi candida\u201d - Buletin de Bucure\u0219ti\",\"isPartOf\":{\"@id\":\"https:\\\/\\\/buletin.de\\\/bucuresti\\\/#website\"},\"primaryImageOfPage\":{\"@id\":\"https:\\\/\\\/buletin.de\\\/bucuresti\\\/daniel-baluta-despre-alegerile-pentru-primaria-capitalei-cel-mai-probabil-voi-candida\\\/#primaryimage\"},\"image\":{\"@id\":\"https:\\\/\\\/buletin.de\\\/bucuresti\\\/daniel-baluta-despre-alegerile-pentru-primaria-capitalei-cel-mai-probabil-voi-candida\\\/#primaryimage\"},\"thumbnailUrl\":\"https:\\\/\\\/buletin.de\\\/bucuresti\\\/wp-content\\\/uploads\\\/2025\\\/10\\\/danielbaluta.jpg\",\"datePublished\":\"2025-10-23T07:34:27+00:00\",\"dateModified\":\"2025-10-23T10:15:18+00:00\",\"description\":\"Primarul Sectorului 4, Danial B\u0103lu\u021b\u0103, a declarat despre alegerile pentru Prim\u0103ria Capitalei c\u0103 cel mai probabil va candida.\",\"breadcrumb\":{\"@id\":\"https:\\\/\\\/buletin.de\\\/bucuresti\\\/daniel-baluta-despre-alegerile-pentru-primaria-capitalei-cel-mai-probabil-voi-candida\\\/#breadcrumb\"},\"inLanguage\":\"en-GB\",\"potentialAction\":[{\"@type\":\"ReadAction\",\"target\":[\"https:\\\/\\\/buletin.de\\\/bucuresti\\\/daniel-baluta-despre-alegerile-pentru-primaria-capitalei-cel-mai-probabil-voi-candida\\\/\"]}]},{\"@type\":\"ImageObject\",\"inLanguage\":\"en-GB\",\"@id\":\"https:\\\/\\\/buletin.de\\\/bucuresti\\\/daniel-baluta-despre-alegerile-pentru-primaria-capitalei-cel-mai-probabil-voi-candida\\\/#primaryimage\",\"url\":\"https:\\\/\\\/buletin.de\\\/bucuresti\\\/wp-content\\\/uploads\\\/2025\\\/10\\\/danielbaluta.jpg\",\"contentUrl\":\"https:\\\/\\\/buletin.de\\\/bucuresti\\\/wp-content\\\/uploads\\\/2025\\\/10\\\/danielbaluta.jpg\",\"width\":1519,\"height\":1049,\"caption\":\"Daniel B\u0103lu\u021b\u0103. Foto FB Daniel B\u0103lu\u021b\u0103\"},{\"@type\":\"BreadcrumbList\",\"@id\":\"https:\\\/\\\/buletin.de\\\/bucuresti\\\/daniel-baluta-despre-alegerile-pentru-primaria-capitalei-cel-mai-probabil-voi-candida\\\/#breadcrumb\",\"itemListElement\":[{\"@type\":\"ListItem\",\"position\":1,\"name\":\"Acas\u0103\",\"item\":\"https:\\\/\\\/buletin.de\\\/bucuresti\\\/\"},{\"@type\":\"ListItem\",\"position\":2,\"name\":\"Daniel B\u0103lu\u021b\u0103 despre alegerile pentru Prim\u0103ria Capitalei: \u201eCel mai probabil voi candida\u201d\"}]},{\"@type\":\"WebSite\",\"@id\":\"https:\\\/\\\/buletin.de\\\/bucuresti\\\/#website\",\"url\":\"https:\\\/\\\/buletin.de\\\/bucuresti\\\/\",\"name\":\"Buletin de Bucure\u0219ti\",\"description\":\"\u0218tiri \u0219i investiga\u021bii esen\u021biale din capital\u0103\",\"publisher\":{\"@id\":\"https:\\\/\\\/buletin.de\\\/bucuresti\\\/#organization\"},\"potentialAction\":[{\"@type\":\"SearchAction\",\"target\":{\"@type\":\"EntryPoint\",\"urlTemplate\":\"https:\\\/\\\/buletin.de\\\/bucuresti\\\/?s={search_term_string}\"},\"query-input\":{\"@type\":\"PropertyValueSpecification\",\"valueRequired\":true,\"valueName\":\"search_term_string\"}}],\"inLanguage\":\"en-GB\"},{\"@type\":\"Organization\",\"@id\":\"https:\\\/\\\/buletin.de\\\/bucuresti\\\/#organization\",\"name\":\"Buletin de Bucure\u0219ti\",\"url\":\"https:\\\/\\\/buletin.de\\\/bucuresti\\\/\",\"logo\":{\"@type\":\"ImageObject\",\"inLanguage\":\"en-GB\",\"@id\":\"https:\\\/\\\/buletin.de\\\/bucuresti\\\/#\\\/schema\\\/logo\\\/image\\\/\",\"url\":\"https:\\\/\\\/buletin.de\\\/bucuresti\\\/wp-content\\\/uploads\\\/logo-bdb-full-wide-vernil-transparent.png\",\"contentUrl\":\"https:\\\/\\\/buletin.de\\\/bucuresti\\\/wp-content\\\/uploads\\\/logo-bdb-full-wide-vernil-transparent.png\",\"width\":1782,\"height\":626,\"caption\":\"Buletin de Bucure\u0219ti\"},\"image\":{\"@id\":\"https:\\\/\\\/buletin.de\\\/bucuresti\\\/#\\\/schema\\\/logo\\\/image\\\/\"},\"sameAs\":[\"https:\\\/\\\/www.facebook.com\\\/buletin.de.buc\",\"https:\\\/\\\/www.instagram.com\\\/buletinde.bucuresti\\\/\"]},{\"@type\":\"Person\",\"@id\":\"https:\\\/\\\/buletin.de\\\/bucuresti\\\/#\\\/schema\\\/person\\\/a76df728dfc913795a9d90e346b253bb\",\"name\":\"R\u0103zvan Chiru\u021b\u0103\",\"image\":{\"@type\":\"ImageObject\",\"inLanguage\":\"en-GB\",\"@id\":\"https:\\\/\\\/buletin.de\\\/bucuresti\\\/wp-content\\\/uploads\\\/Razvan-Chiruta-96x96.jpge7143b996fd4241fbd6ee1f6b6b7b267\",\"url\":\"https:\\\/\\\/buletin.de\\\/bucuresti\\\/wp-content\\\/uploads\\\/Razvan-Chiruta-96x96.jpg\",\"contentUrl\":\"https:\\\/\\\/buletin.de\\\/bucuresti\\\/wp-content\\\/uploads\\\/Razvan-Chiruta-96x96.jpg\",\"caption\":\"R\u0103zvan Chiru\u021b\u0103\"},\"description\":\"R\u0103zvan Chiru\u021b\u0103 este redactor-\u0219ef adjunct din iulie 2024. A fost redactor-\u0219ef al PRESShub \u00eentre 2022 \u0219i iunie 2024. Anterior, a fost redactor-\u0219ef al Newsweek Rom\u00e2nia, din 2018 p\u00e2n\u0103 \u00een 2021, \u0219i al cotidianului Rom\u00e2nia liber\u0103, \u00eentre 2015 \u0219i 2017. Este absolvent de Jurnalism, \u00een cadrul Universit\u0103\u021bii \u201eAl.I.Cuza\u201d din Ia\u0219i, \u0219i a urmat un master \u00een Managementul institu\u021biilor mass-media (f\u0103r\u0103 diserta\u021bie) la Facultatea de Jurnalism \u0219i \u0218tiin\u021bele Comunic\u0103rii din cadrul Universit\u0103\u021bii din Bucure\u0219ti. \u0218i-a \u00eenceput cariera la Opinia studen\u021beasc\u0103, cunoscuta \u0219coal\u0103 de pres\u0103 din Ia\u0219i. A lucrat \u00een presa local\u0103, apoi a devenit corespondent pentru Ia\u0219i al cotidianului Evenimentul Zilei. Din 2004, a coordonat pentru \u0219ase luni sec\u021bia de coresponden\u021bi a Evenimentului Zilei. A mai lucrat la s\u0103pt\u0103m\u00e2nalul Prezent \u0219i a colaborat cu revistele Dilema Veche \u0219i Suplimentul de Cultur\u0103. Este co-autor \u00een volumele \u201eMass-media \u0219i democra\u021bia \u00een Rom\u00e2nia post-comunist\u0103\u201d (ed. a II-a), Ed. Institutul European, Ia\u0219i, 2013, \u0219i \u201eCOVID - 19. Dimensiuni ale gestionarii pandemiei\u201d, Editura Junimea, Ia\u0219i, 2020.\",\"url\":\"https:\\\/\\\/buletin.de\\\/bucuresti\\\/author\\\/razvan-chiruta\\\/\"}]}<\/script>\n<!-- \/ Yoast SEO Premium plugin. -->","yoast_head_json":{"title":"Daniel B\u0103lu\u021b\u0103 despre alegerile pentru Prim\u0103ria Capitalei: \u201eCel mai probabil voi candida\u201d - Buletin de Bucure\u0219ti","description":"Primarul Sectorului 4, Danial B\u0103lu\u021b\u0103, a declarat despre alegerile pentru Prim\u0103ria Capitalei c\u0103 cel mai probabil va candida.","robots":{"index":"index","follow":"follow","max-snippet":"max-snippet:-1","max-image-preview":"max-image-preview:large","max-video-preview":"max-video-preview:-1"},"canonical":"https:\/\/buletin.de\/bucuresti\/daniel-baluta-despre-alegerile-pentru-primaria-capitalei-cel-mai-probabil-voi-candida\/","og_locale":"en_GB","og_type":"article","og_title":"Daniel B\u0103lu\u021b\u0103 despre alegerile pentru Prim\u0103ria Capitalei: \u201eCel mai probabil voi candida\u201d","og_description":"Primarul Sectorului 4, Danial B\u0103lu\u021b\u0103, a declarat despre alegerile pentru Prim\u0103ria Capitalei c\u0103 cel mai probabil va candida.","og_url":"https:\/\/buletin.de\/bucuresti\/daniel-baluta-despre-alegerile-pentru-primaria-capitalei-cel-mai-probabil-voi-candida\/","og_site_name":"Buletin de Bucure\u0219ti","article_publisher":"https:\/\/www.facebook.com\/buletin.de.buc","article_published_time":"2025-10-23T07:34:27+00:00","article_modified_time":"2025-10-23T10:15:18+00:00","og_image":[{"width":1519,"height":1049,"url":"https:\/\/buletin.de\/bucuresti\/wp-content\/uploads\/2025\/10\/danielbaluta.jpg","type":"image\/jpeg"}],"author":"R\u0103zvan Chiru\u021b\u0103","twitter_card":"summary_large_image","twitter_misc":{"Written by":"R\u0103zvan Chiru\u021b\u0103","Estimated reading time":"3 minutes"},"schema":{"@context":"https:\/\/schema.org","@graph":[{"@type":"Article","@id":"https:\/\/buletin.de\/bucuresti\/daniel-baluta-despre-alegerile-pentru-primaria-capitalei-cel-mai-probabil-voi-candida\/#article","isPartOf":{"@id":"https:\/\/buletin.de\/bucuresti\/daniel-baluta-despre-alegerile-pentru-primaria-capitalei-cel-mai-probabil-voi-candida\/"},"author":{"name":"R\u0103zvan Chiru\u021b\u0103","@id":"https:\/\/buletin.de\/bucuresti\/#\/schema\/person\/a76df728dfc913795a9d90e346b253bb"},"headline":"Daniel B\u0103lu\u021b\u0103 despre alegerile pentru Prim\u0103ria Capitalei: \u201eCel mai probabil voi candida\u201d","datePublished":"2025-10-23T07:34:27+00:00","dateModified":"2025-10-23T10:15:18+00:00","mainEntityOfPage":{"@id":"https:\/\/buletin.de\/bucuresti\/daniel-baluta-despre-alegerile-pentru-primaria-capitalei-cel-mai-probabil-voi-candida\/"},"wordCount":663,"publisher":{"@id":"https:\/\/buletin.de\/bucuresti\/#organization"},"image":{"@id":"https:\/\/buletin.de\/bucuresti\/daniel-baluta-despre-alegerile-pentru-primaria-capitalei-cel-mai-probabil-voi-candida\/#primaryimage"},"thumbnailUrl":"https:\/\/buletin.de\/bucuresti\/wp-content\/uploads\/2025\/10\/danielbaluta.jpg","keywords":["alegeri 2025","alegeri 7 decembrie","alegeri Primaria Capitalei","baluta"],"articleSection":["Articole","Main","Politic"],"inLanguage":"en-GB","copyrightYear":"2025","copyrightHolder":{"@id":"https:\/\/buletin.de\/bucuresti\/#organization"}},{"@type":"WebPage","@id":"https:\/\/buletin.de\/bucuresti\/daniel-baluta-despre-alegerile-pentru-primaria-capitalei-cel-mai-probabil-voi-candida\/","url":"https:\/\/buletin.de\/bucuresti\/daniel-baluta-despre-alegerile-pentru-primaria-capitalei-cel-mai-probabil-voi-candida\/","name":"Daniel B\u0103lu\u021b\u0103 despre alegerile pentru Prim\u0103ria Capitalei: \u201eCel mai probabil voi candida\u201d - Buletin de Bucure\u0219ti","isPartOf":{"@id":"https:\/\/buletin.de\/bucuresti\/#website"},"primaryImageOfPage":{"@id":"https:\/\/buletin.de\/bucuresti\/daniel-baluta-despre-alegerile-pentru-primaria-capitalei-cel-mai-probabil-voi-candida\/#primaryimage"},"image":{"@id":"https:\/\/buletin.de\/bucuresti\/daniel-baluta-despre-alegerile-pentru-primaria-capitalei-cel-mai-probabil-voi-candida\/#primaryimage"},"thumbnailUrl":"https:\/\/buletin.de\/bucuresti\/wp-content\/uploads\/2025\/10\/danielbaluta.jpg","datePublished":"2025-10-23T07:34:27+00:00","dateModified":"2025-10-23T10:15:18+00:00","description":"Primarul Sectorului 4, Danial B\u0103lu\u021b\u0103, a declarat despre alegerile pentru Prim\u0103ria Capitalei c\u0103 cel mai probabil va candida.","breadcrumb":{"@id":"https:\/\/buletin.de\/bucuresti\/daniel-baluta-despre-alegerile-pentru-primaria-capitalei-cel-mai-probabil-voi-candida\/#breadcrumb"},"inLanguage":"en-GB","potentialAction":[{"@type":"ReadAction","target":["https:\/\/buletin.de\/bucuresti\/daniel-baluta-despre-alegerile-pentru-primaria-capitalei-cel-mai-probabil-voi-candida\/"]}]},{"@type":"ImageObject","inLanguage":"en-GB","@id":"https:\/\/buletin.de\/bucuresti\/daniel-baluta-despre-alegerile-pentru-primaria-capitalei-cel-mai-probabil-voi-candida\/#primaryimage","url":"https:\/\/buletin.de\/bucuresti\/wp-content\/uploads\/2025\/10\/danielbaluta.jpg","contentUrl":"https:\/\/buletin.de\/bucuresti\/wp-content\/uploads\/2025\/10\/danielbaluta.jpg","width":1519,"height":1049,"caption":"Daniel B\u0103lu\u021b\u0103. Foto FB Daniel B\u0103lu\u021b\u0103"},{"@type":"BreadcrumbList","@id":"https:\/\/buletin.de\/bucuresti\/daniel-baluta-despre-alegerile-pentru-primaria-capitalei-cel-mai-probabil-voi-candida\/#breadcrumb","itemListElement":[{"@type":"ListItem","position":1,"name":"Acas\u0103","item":"https:\/\/buletin.de\/bucuresti\/"},{"@type":"ListItem","position":2,"name":"Daniel B\u0103lu\u021b\u0103 despre alegerile pentru Prim\u0103ria Capitalei: \u201eCel mai probabil voi candida\u201d"}]},{"@type":"WebSite","@id":"https:\/\/buletin.de\/bucuresti\/#website","url":"https:\/\/buletin.de\/bucuresti\/","name":"Buletin de Bucure\u0219ti","description":"\u0218tiri \u0219i investiga\u021bii esen\u021biale din capital\u0103","publisher":{"@id":"https:\/\/buletin.de\/bucuresti\/#organization"},"potentialAction":[{"@type":"SearchAction","target":{"@type":"EntryPoint","urlTemplate":"https:\/\/buletin.de\/bucuresti\/?s={search_term_string}"},"query-input":{"@type":"PropertyValueSpecification","valueRequired":true,"valueName":"search_term_string"}}],"inLanguage":"en-GB"},{"@type":"Organization","@id":"https:\/\/buletin.de\/bucuresti\/#organization","name":"Buletin de Bucure\u0219ti","url":"https:\/\/buletin.de\/bucuresti\/","logo":{"@type":"ImageObject","inLanguage":"en-GB","@id":"https:\/\/buletin.de\/bucuresti\/#\/schema\/logo\/image\/","url":"https:\/\/buletin.de\/bucuresti\/wp-content\/uploads\/logo-bdb-full-wide-vernil-transparent.png","contentUrl":"https:\/\/buletin.de\/bucuresti\/wp-content\/uploads\/logo-bdb-full-wide-vernil-transparent.png","width":1782,"height":626,"caption":"Buletin de Bucure\u0219ti"},"image":{"@id":"https:\/\/buletin.de\/bucuresti\/#\/schema\/logo\/image\/"},"sameAs":["https:\/\/www.facebook.com\/buletin.de.buc","https:\/\/www.instagram.com\/buletinde.bucuresti\/"]},{"@type":"Person","@id":"https:\/\/buletin.de\/bucuresti\/#\/schema\/person\/a76df728dfc913795a9d90e346b253bb","name":"R\u0103zvan Chiru\u021b\u0103","image":{"@type":"ImageObject","inLanguage":"en-GB","@id":"https:\/\/buletin.de\/bucuresti\/wp-content\/uploads\/Razvan-Chiruta-96x96.jpge7143b996fd4241fbd6ee1f6b6b7b267","url":"https:\/\/buletin.de\/bucuresti\/wp-content\/uploads\/Razvan-Chiruta-96x96.jpg","contentUrl":"https:\/\/buletin.de\/bucuresti\/wp-content\/uploads\/Razvan-Chiruta-96x96.jpg","caption":"R\u0103zvan Chiru\u021b\u0103"},"description":"R\u0103zvan Chiru\u021b\u0103 este redactor-\u0219ef adjunct din iulie 2024. A fost redactor-\u0219ef al PRESShub \u00eentre 2022 \u0219i iunie 2024. Anterior, a fost redactor-\u0219ef al Newsweek Rom\u00e2nia, din 2018 p\u00e2n\u0103 \u00een 2021, \u0219i al cotidianului Rom\u00e2nia liber\u0103, \u00eentre 2015 \u0219i 2017. Este absolvent de Jurnalism, \u00een cadrul Universit\u0103\u021bii \u201eAl.I.Cuza\u201d din Ia\u0219i, \u0219i a urmat un master \u00een Managementul institu\u021biilor mass-media (f\u0103r\u0103 diserta\u021bie) la Facultatea de Jurnalism \u0219i \u0218tiin\u021bele Comunic\u0103rii din cadrul Universit\u0103\u021bii din Bucure\u0219ti. \u0218i-a \u00eenceput cariera la Opinia studen\u021beasc\u0103, cunoscuta \u0219coal\u0103 de pres\u0103 din Ia\u0219i. A lucrat \u00een presa local\u0103, apoi a devenit corespondent pentru Ia\u0219i al cotidianului Evenimentul Zilei. Din 2004, a coordonat pentru \u0219ase luni sec\u021bia de coresponden\u021bi a Evenimentului Zilei. A mai lucrat la s\u0103pt\u0103m\u00e2nalul Prezent \u0219i a colaborat cu revistele Dilema Veche \u0219i Suplimentul de Cultur\u0103. Este co-autor \u00een volumele \u201eMass-media \u0219i democra\u021bia \u00een Rom\u00e2nia post-comunist\u0103\u201d (ed. a II-a), Ed. Institutul European, Ia\u0219i, 2013, \u0219i \u201eCOVID - 19. Dimensiuni ale gestionarii pandemiei\u201d, Editura Junimea, Ia\u0219i, 2020.","url":"https:\/\/buletin.de\/bucuresti\/author\/razvan-chiruta\/"}]}},"authors":[{"term_id":22582,"user_id":60,"is_guest":0,"slug":"razvan-chiruta","display_name":"R\u0103zvan Chiru\u021b\u0103","avatar_url":"https:\/\/buletin.de\/bucuresti\/wp-content\/uploads\/Razvan-Chiruta-96x96.jpg","0":null,"1":"","2":"","3":"","4":"","5":"","6":"","7":"","8":""}],"_links":{"self":[{"href":"https:\/\/buletin.de\/bucuresti\/wp-json\/wp\/v2\/posts\/154160","targetHints":{"allow":["GET"]}}],"collection":[{"href":"https:\/\/buletin.de\/bucuresti\/wp-json\/wp\/v2\/posts"}],"about":[{"href":"https:\/\/buletin.de\/bucuresti\/wp-json\/wp\/v2\/types\/post"}],"author":[{"embeddable":true,"href":"https:\/\/buletin.de\/bucuresti\/wp-json\/wp\/v2\/users\/60"}],"replies":[{"embeddable":true,"href":"https:\/\/buletin.de\/bucuresti\/wp-json\/wp\/v2\/comments?post=154160"}],"version-history":[{"count":4,"href":"https:\/\/buletin.de\/bucuresti\/wp-json\/wp\/v2\/posts\/154160\/revisions"}],"predecessor-version":[{"id":154169,"href":"https:\/\/buletin.de\/bucuresti\/wp-json\/wp\/v2\/posts\/154160\/revisions\/154169"}],"wp:featuredmedia":[{"embeddable":true,"href":"https:\/\/buletin.de\/bucuresti\/wp-json\/wp\/v2\/media\/154162"}],"wp:attachment":[{"href":"https:\/\/buletin.de\/bucuresti\/wp-json\/wp\/v2\/media?parent=154160"}],"wp:term":[{"taxonomy":"category","embeddable":true,"href":"https:\/\/buletin.de\/bucuresti\/wp-json\/wp\/v2\/categories?post=154160"},{"taxonomy":"post_tag","embeddable":true,"href":"https:\/\/buletin.de\/bucuresti\/wp-json\/wp\/v2\/tags?post=154160"},{"taxonomy":"author","embeddable":true,"href":"https:\/\/buletin.de\/bucuresti\/wp-json\/wp\/v2\/ppma_author?post=154160"}],"curies":[{"name":"wp","href":"https:\/\/api.w.org\/{rel}","templated":true}]}}