{"id":154143,"date":"2025-10-23T09:50:08","date_gmt":"2025-10-23T06:50:08","guid":{"rendered":"https:\/\/buletin.de\/bucuresti\/?p=154143"},"modified":"2025-10-23T10:29:41","modified_gmt":"2025-10-23T07:29:41","slug":"senzori-defecti-tevi-fisurate-si-scurgeri-de-gaze-la-gradinita-nr-54-din-sectorul-5-verificarile-abia-dupa-tragedia-din-rahova","status":"publish","type":"post","link":"https:\/\/buletin.de\/bucuresti\/senzori-defecti-tevi-fisurate-si-scurgeri-de-gaze-la-gradinita-nr-54-din-sectorul-5-verificarile-abia-dupa-tragedia-din-rahova\/","title":{"rendered":"Senzori defec\u021bi, \u021bevi fisurate \u0219i scurgeri de gaze la Gr\u0103dini\u021ba 54 din Sectorul 5. Verific\u0103rile, \u00een ziua tragediei din Rahova"},"content":{"rendered":"\n<p><strong>La doar c\u00e2teva ore dup\u0103 explozia din Rahova, <a href=\"https:\/\/www.facebook.com\/p\/Gr%C4%83dini%C8%9Ba-Num%C4%83rul-54-61558744762731\/\">Gr\u0103dini\u021ba  54<\/a> din Sectorul 5 a fost debran\u0219at\u0103 de la re\u021beaua de gaze. Unitatea de \u00eenv\u0103\u021b\u0103m\u00e2nt de pe Calea Ferentari a fost verificat\u0103 de Distrigaz \u0219i au fost descoperite defec\u021biuni majore la instala\u021bie.<\/strong><\/p>\n\n\n\n<p><a href=\"https:\/\/sector5.ro\/media\/2025\/10\/Punctul-1-suplimentar-1.pdf\" target=\"_blank\" rel=\"noreferrer noopener\">Potrivit unui amendament ata\u0219at la un proiectul de hot\u0103r\u00e2re consultat de Buletin de Bucure\u0219ti<\/a> care vizeaz\u0103 o rectificare bugetar\u0103 pentru cheltuieli suplimentare la Gr\u0103dini\u021ba nr. 54 institu\u021bia pare ca a fost la un pas de tragedie.<\/p>\n\n\n\n<p><strong>Distrigaz<\/strong> a descoperit pe 17 octombrie, <a href=\"https:\/\/buletin.de\/bucuresti\/?s=Explozie+%C3%AEn+Rahova\">\u00een ziua exploziei de la blocul din Rahova<\/a>, c\u0103 senzorii \u0219i electrovalvele de gaz nu mai func\u021bionau corespunz\u0103tor iar alimentarea a fost sistat\u0103 imediat pentru a evita un posibil incident.<\/p>\n\n\n\n<p>Din documente publice, nu este clar dac\u0103 situa\u021bia se afla pe o list\u0103 de a\u0219teptare sau controlul a fost declan\u0219at voluntar de Distrigaz, la c\u00e2teva ore de la tragedie.<\/p>\n\n\n\n<p>Astfel, \u00eenc\u0103 de atunci gr\u0103dini\u021ba a r\u0103mas f\u0103r\u0103 \u00eenc\u0103lzire, iar conducerea a fost nevoit\u0103 s\u0103 foloseasc\u0103 aparatele de aer condi\u021bionat pentru a men\u021bine temperatura \u00een s\u0103lile de clas\u0103.<\/p>\n\n\n\n<p><strong>CITE\u0218TE \u0218I <a href=\"https:\/\/buletin.de\/bucuresti\/exclusiv-istoricul-coruptiei-de-la-blocul-care-a-explodat-contractul-pentru-reabilitarea-termica-a-ajuns-la-o-firma-trimisa-in-judecata-intr-un-dosar-de-al-lui-marian-vanghelie\/\">EXCLUSIV | \u201eIstoricul corup\u021biei\u201d de la blocul care a explodat. Contractul pentru reabilitarea termic\u0103 a ajuns la o firm\u0103 trimis\u0103 \u00een judecat\u0103 \u00eentr-un dosar de-al lui Marian Vanghelie<\/a><\/strong><\/p>\n\n\n\n<h2 class=\"wp-block-heading\" id=\"h-\u021bevi-fisurate-\u0219i-echipamente-invechite-la-gradini\u021ba-54-din-sectorul-5\"><strong>\u021aevi fisurate \u0219i echipamente \u00eenvechite<\/strong> la Gr\u0103dini\u021ba 54 din Sectorul 5<\/h2>\n\n\n\n<p>Problemele grave au fost descoperite \u0219i la buc\u0103t\u0103ria institu\u021biei. Dup\u0103 montarea unei plite, despre care se men\u021bioneaz\u0103 totodat\u0103 \u00een document c\u0103 ar fi \u201euzat\u0103 moral\u201d, echipa tehnic\u0103 a descoperit c\u0103 dou\u0103 dintre cele patru \u021bevi de alimentare cu gaz erau fisurate \u0219i emanau gaz.<\/p>\n\n\n\n<p>Pentru a preveni blocarea activit\u0103\u021bii, conducerea gr\u0103dini\u021bei a cerut pe 20 octombrie o rectificare bugetar\u0103 urgent\u0103.<\/p>\n\n\n\n<figure class=\"wp-block-image size-large\"><img fetchpriority=\"high\" decoding=\"async\" width=\"931\" height=\"1000\" src=\"data:image\/gif;base64,R0lGODlhAQABAAAAACH5BAEKAAEALAAAAAABAAEAAAICTAEAOw==\" data-src=\"https:\/\/buletin.de\/bucuresti\/wp-content\/uploads\/2025\/10\/Captura-de-ecran-2025-10-23-092642-931x1000.png\" alt=\"\" class=\"wp-image-154146 lazyload\" data-sizes=\"auto\" data-srcset=\"https:\/\/buletin.de\/bucuresti\/wp-content\/uploads\/2025\/10\/Captura-de-ecran-2025-10-23-092642-931x1000.png 931w, https:\/\/buletin.de\/bucuresti\/wp-content\/uploads\/2025\/10\/Captura-de-ecran-2025-10-23-092642-279x300.png 279w, https:\/\/buletin.de\/bucuresti\/wp-content\/uploads\/2025\/10\/Captura-de-ecran-2025-10-23-092642-768x825.png 768w, https:\/\/buletin.de\/bucuresti\/wp-content\/uploads\/2025\/10\/Captura-de-ecran-2025-10-23-092642-600x644.png 600w, https:\/\/buletin.de\/bucuresti\/wp-content\/uploads\/2025\/10\/Captura-de-ecran-2025-10-23-092642-20x21.png 20w, https:\/\/buletin.de\/bucuresti\/wp-content\/uploads\/2025\/10\/Captura-de-ecran-2025-10-23-092642.png 1070w\" sizes=\"(max-width: 931px) 100vw, 931px\" \/><\/figure>\n\n\n\n<h2 class=\"wp-block-heading\" id=\"h-repara\u021bii-urgente-ca-urmare-a-exploziei-din-rahova\"><strong>Repara\u021bii urgente, ca urmare a exploziei din Rahova<\/strong><\/h2>\n\n\n\n<p>Documentele arat\u0103 c\u0103 pentru remedierea defec\u021biunilor la sistemul de gaze, inclusiv \u00eenlocuirea senzorilor \u0219i a electrovalvelor, unitatea de \u00eenv\u0103\u021b\u0103m\u00e2nt a solicitat 16.100 de lei \u0219i al\u021bi 18.000 de lei pentru o ma\u0219in\u0103 de g\u0103tit \u201emai pu\u021bin scump\u0103&#8221;. Suma solicitat\u0103 ar urma s\u0103 fie realocat\u0103 din fondurile destinate investi\u021biilor. <\/p>\n\n\n\n<p>Practic, banii prev\u0103zu\u021bi pentru dezvoltare au fost redirec\u021biona\u021bi pentru repara\u021bii de urgen\u021b\u0103, \u00een condi\u021biile \u00een care riscurile care vizau siguran\u021ba copiilor \u0219i func\u021bionarea gr\u0103dini\u021bei au fost descoperite abia dup\u0103 tragedia din Rahova. Proiectul de hot\u0103r\u00e2re prinvind rectificarea bugetar\u0103 va fi supus la vot \u00een \u0219edin\u021ba de joi, 23 octombie.<\/p>\n\n\n\n<p><strong>CITE\u0218TE \u0218I <a href=\"https:\/\/buletin.de\/bucuresti\/sector-5-spatiile-verzi-aferente-blocurilor-ar-putea-trece-in-administrarea-celor-1-500-de-asociatii-de-proprietari-ce-prevede-noul-regulament\/\" target=\"_blank\" rel=\"noreferrer noopener\">Sector 5 | Spa\u021biile verzi aferente blocurilor ar putea trece \u00een administrarea celor 1.500 de asocia\u021bii de proprietari. Ce prevede noul regulament<\/a><\/strong><\/p>\n","protected":false},"excerpt":{"rendered":"<p>La doar c\u00e2teva ore dup\u0103 explozia din Rahova, Gr\u0103dini\u021ba 54 din Sectorul 5 a fost debran\u0219at\u0103 de la re\u021beaua de gaze. Unitatea de \u00eenv\u0103\u021b\u0103m\u00e2nt de pe Calea Ferentari a fost verificat\u0103 de Distrigaz \u0219i au fost descoperite defec\u021biuni majore la instala\u021bie. Potrivit unui amendament ata\u0219at la un proiectul de hot\u0103r\u00e2re consultat de Buletin de Bucure\u0219ti [&hellip;]<\/p>\n","protected":false},"author":10,"featured_media":154145,"comment_status":"closed","ping_status":"open","sticky":false,"template":"","format":"standard","meta":{"_acf_changed":false,"inline_featured_image":false,"ngg_post_thumbnail":0,"footnotes":""},"categories":[6994,9026,3419,24],"tags":[24250,24249,24354,1341,24266],"ppma_author":[22575],"class_list":["post-154143","post","type-post","status-publish","format-standard","has-post-thumbnail","hentry","category-stiri-2","category-eveniment","category-featured","category-primarie","tag-bloc-rahova","tag-explozie-rahova","tag-gradinita-54","tag-rahova","tag-scurgere-de-gaz"],"acf":[],"yoast_head":"<!-- This site is optimized with the Yoast SEO Premium plugin v25.3 (Yoast SEO v27.4) - https:\/\/yoast.com\/product\/yoast-seo-premium-wordpress\/ -->\n<title>Senzori defec\u021bi, \u021bevi fisurate \u0219i scurgeri de gaze la Gr\u0103dini\u021ba 54 din Sectorul 5. Verific\u0103rile, \u00een ziua tragediei din Rahova - Buletin de Bucure\u0219ti<\/title>\n<meta name=\"description\" content=\"La doar c\u00e2teva ore dup\u0103 explozia din Rahova, Gr\u0103dini\u021ba 54 din Sectorul 5 a fost debran\u0219at\u0103 de la re\u021beaua de gaze.\" \/>\n<meta name=\"robots\" content=\"index, follow, max-snippet:-1, max-image-preview:large, max-video-preview:-1\" \/>\n<link rel=\"canonical\" href=\"https:\/\/buletin.de\/bucuresti\/senzori-defecti-tevi-fisurate-si-scurgeri-de-gaze-la-gradinita-nr-54-din-sectorul-5-verificarile-abia-dupa-tragedia-din-rahova\/\" \/>\n<meta property=\"og:locale\" content=\"en_GB\" \/>\n<meta property=\"og:type\" content=\"article\" \/>\n<meta property=\"og:title\" content=\"Senzori defec\u021bi, \u021bevi fisurate \u0219i scurgeri de gaze la Gr\u0103dini\u021ba 54 din Sectorul 5. Verific\u0103rile, \u00een ziua tragediei din Rahova\" \/>\n<meta property=\"og:description\" content=\"La doar c\u00e2teva ore dup\u0103 explozia din Rahova, Gr\u0103dini\u021ba 54 din Sectorul 5 a fost debran\u0219at\u0103 de la re\u021beaua de gaze.\" \/>\n<meta property=\"og:url\" content=\"https:\/\/buletin.de\/bucuresti\/senzori-defecti-tevi-fisurate-si-scurgeri-de-gaze-la-gradinita-nr-54-din-sectorul-5-verificarile-abia-dupa-tragedia-din-rahova\/\" \/>\n<meta property=\"og:site_name\" content=\"Buletin de Bucure\u0219ti\" \/>\n<meta property=\"article:publisher\" content=\"https:\/\/www.facebook.com\/buletin.de.buc\" \/>\n<meta property=\"article:published_time\" content=\"2025-10-23T06:50:08+00:00\" \/>\n<meta property=\"article:modified_time\" content=\"2025-10-23T07:29:41+00:00\" \/>\n<meta property=\"og:image\" content=\"https:\/\/buletin.de\/bucuresti\/wp-content\/uploads\/2025\/10\/438160386_122094204188291492_4719637733477698989_n.jpg\" \/>\n\t<meta property=\"og:image:width\" content=\"1600\" \/>\n\t<meta property=\"og:image:height\" content=\"1200\" \/>\n\t<meta property=\"og:image:type\" content=\"image\/jpeg\" \/>\n<meta name=\"author\" content=\"C\u0103t\u0103lin Dosca\u0219\" \/>\n<meta name=\"twitter:card\" content=\"summary_large_image\" \/>\n<meta name=\"twitter:label1\" content=\"Written by\" \/>\n\t<meta name=\"twitter:data1\" content=\"C\u0103t\u0103lin Dosca\u0219\" \/>\n\t<meta name=\"twitter:label2\" content=\"Estimated reading time\" \/>\n\t<meta name=\"twitter:data2\" content=\"3 minutes\" \/>\n<script type=\"application\/ld+json\" class=\"yoast-schema-graph\">{\"@context\":\"https:\\\/\\\/schema.org\",\"@graph\":[{\"@type\":\"Article\",\"@id\":\"https:\\\/\\\/buletin.de\\\/bucuresti\\\/senzori-defecti-tevi-fisurate-si-scurgeri-de-gaze-la-gradinita-nr-54-din-sectorul-5-verificarile-abia-dupa-tragedia-din-rahova\\\/#article\",\"isPartOf\":{\"@id\":\"https:\\\/\\\/buletin.de\\\/bucuresti\\\/senzori-defecti-tevi-fisurate-si-scurgeri-de-gaze-la-gradinita-nr-54-din-sectorul-5-verificarile-abia-dupa-tragedia-din-rahova\\\/\"},\"author\":{\"name\":\"C\u0103t\u0103lin Dosca\u0219\",\"@id\":\"https:\\\/\\\/buletin.de\\\/bucuresti\\\/#\\\/schema\\\/person\\\/31117187ed4d0bdb0a4c7d6acc79d0f8\"},\"headline\":\"Senzori defec\u021bi, \u021bevi fisurate \u0219i scurgeri de gaze la Gr\u0103dini\u021ba 54 din Sectorul 5. Verific\u0103rile, \u00een ziua tragediei din Rahova\",\"datePublished\":\"2025-10-23T06:50:08+00:00\",\"dateModified\":\"2025-10-23T07:29:41+00:00\",\"mainEntityOfPage\":{\"@id\":\"https:\\\/\\\/buletin.de\\\/bucuresti\\\/senzori-defecti-tevi-fisurate-si-scurgeri-de-gaze-la-gradinita-nr-54-din-sectorul-5-verificarile-abia-dupa-tragedia-din-rahova\\\/\"},\"wordCount\":474,\"publisher\":{\"@id\":\"https:\\\/\\\/buletin.de\\\/bucuresti\\\/#organization\"},\"image\":{\"@id\":\"https:\\\/\\\/buletin.de\\\/bucuresti\\\/senzori-defecti-tevi-fisurate-si-scurgeri-de-gaze-la-gradinita-nr-54-din-sectorul-5-verificarile-abia-dupa-tragedia-din-rahova\\\/#primaryimage\"},\"thumbnailUrl\":\"https:\\\/\\\/buletin.de\\\/bucuresti\\\/wp-content\\\/uploads\\\/2025\\\/10\\\/438160386_122094204188291492_4719637733477698989_n.jpg\",\"keywords\":[\"bloc rahova\",\"explozie rahova\",\"gradinita 54\",\"rahova\",\"scurgere de gaz\"],\"articleSection\":[\"Articole\",\"Eveniment\",\"Featured\",\"Prim\u0103rie\"],\"inLanguage\":\"en-GB\",\"copyrightYear\":\"2025\",\"copyrightHolder\":{\"@id\":\"https:\\\/\\\/buletin.de\\\/bucuresti\\\/#organization\"}},{\"@type\":\"WebPage\",\"@id\":\"https:\\\/\\\/buletin.de\\\/bucuresti\\\/senzori-defecti-tevi-fisurate-si-scurgeri-de-gaze-la-gradinita-nr-54-din-sectorul-5-verificarile-abia-dupa-tragedia-din-rahova\\\/\",\"url\":\"https:\\\/\\\/buletin.de\\\/bucuresti\\\/senzori-defecti-tevi-fisurate-si-scurgeri-de-gaze-la-gradinita-nr-54-din-sectorul-5-verificarile-abia-dupa-tragedia-din-rahova\\\/\",\"name\":\"Senzori defec\u021bi, \u021bevi fisurate \u0219i scurgeri de gaze la Gr\u0103dini\u021ba 54 din Sectorul 5. Verific\u0103rile, \u00een ziua tragediei din Rahova - Buletin de Bucure\u0219ti\",\"isPartOf\":{\"@id\":\"https:\\\/\\\/buletin.de\\\/bucuresti\\\/#website\"},\"primaryImageOfPage\":{\"@id\":\"https:\\\/\\\/buletin.de\\\/bucuresti\\\/senzori-defecti-tevi-fisurate-si-scurgeri-de-gaze-la-gradinita-nr-54-din-sectorul-5-verificarile-abia-dupa-tragedia-din-rahova\\\/#primaryimage\"},\"image\":{\"@id\":\"https:\\\/\\\/buletin.de\\\/bucuresti\\\/senzori-defecti-tevi-fisurate-si-scurgeri-de-gaze-la-gradinita-nr-54-din-sectorul-5-verificarile-abia-dupa-tragedia-din-rahova\\\/#primaryimage\"},\"thumbnailUrl\":\"https:\\\/\\\/buletin.de\\\/bucuresti\\\/wp-content\\\/uploads\\\/2025\\\/10\\\/438160386_122094204188291492_4719637733477698989_n.jpg\",\"datePublished\":\"2025-10-23T06:50:08+00:00\",\"dateModified\":\"2025-10-23T07:29:41+00:00\",\"description\":\"La doar c\u00e2teva ore dup\u0103 explozia din Rahova, Gr\u0103dini\u021ba 54 din Sectorul 5 a fost debran\u0219at\u0103 de la re\u021beaua de gaze.\",\"breadcrumb\":{\"@id\":\"https:\\\/\\\/buletin.de\\\/bucuresti\\\/senzori-defecti-tevi-fisurate-si-scurgeri-de-gaze-la-gradinita-nr-54-din-sectorul-5-verificarile-abia-dupa-tragedia-din-rahova\\\/#breadcrumb\"},\"inLanguage\":\"en-GB\",\"potentialAction\":[{\"@type\":\"ReadAction\",\"target\":[\"https:\\\/\\\/buletin.de\\\/bucuresti\\\/senzori-defecti-tevi-fisurate-si-scurgeri-de-gaze-la-gradinita-nr-54-din-sectorul-5-verificarile-abia-dupa-tragedia-din-rahova\\\/\"]}]},{\"@type\":\"ImageObject\",\"inLanguage\":\"en-GB\",\"@id\":\"https:\\\/\\\/buletin.de\\\/bucuresti\\\/senzori-defecti-tevi-fisurate-si-scurgeri-de-gaze-la-gradinita-nr-54-din-sectorul-5-verificarile-abia-dupa-tragedia-din-rahova\\\/#primaryimage\",\"url\":\"https:\\\/\\\/buletin.de\\\/bucuresti\\\/wp-content\\\/uploads\\\/2025\\\/10\\\/438160386_122094204188291492_4719637733477698989_n.jpg\",\"contentUrl\":\"https:\\\/\\\/buletin.de\\\/bucuresti\\\/wp-content\\\/uploads\\\/2025\\\/10\\\/438160386_122094204188291492_4719637733477698989_n.jpg\",\"width\":1600,\"height\":1200,\"caption\":\"Senzori defec\u021bi, \u021bevi fisurate \u0219i scurgeri de gaze, la Gr\u0103dini\u021ba nr.54 din Sectorul 5\"},{\"@type\":\"BreadcrumbList\",\"@id\":\"https:\\\/\\\/buletin.de\\\/bucuresti\\\/senzori-defecti-tevi-fisurate-si-scurgeri-de-gaze-la-gradinita-nr-54-din-sectorul-5-verificarile-abia-dupa-tragedia-din-rahova\\\/#breadcrumb\",\"itemListElement\":[{\"@type\":\"ListItem\",\"position\":1,\"name\":\"Acas\u0103\",\"item\":\"https:\\\/\\\/buletin.de\\\/bucuresti\\\/\"},{\"@type\":\"ListItem\",\"position\":2,\"name\":\"Senzori defec\u021bi, \u021bevi fisurate \u0219i scurgeri de gaze la Gr\u0103dini\u021ba 54 din Sectorul 5. Verific\u0103rile, \u00een ziua tragediei din Rahova\"}]},{\"@type\":\"WebSite\",\"@id\":\"https:\\\/\\\/buletin.de\\\/bucuresti\\\/#website\",\"url\":\"https:\\\/\\\/buletin.de\\\/bucuresti\\\/\",\"name\":\"Buletin de Bucure\u0219ti\",\"description\":\"\u0218tiri \u0219i investiga\u021bii esen\u021biale din capital\u0103\",\"publisher\":{\"@id\":\"https:\\\/\\\/buletin.de\\\/bucuresti\\\/#organization\"},\"potentialAction\":[{\"@type\":\"SearchAction\",\"target\":{\"@type\":\"EntryPoint\",\"urlTemplate\":\"https:\\\/\\\/buletin.de\\\/bucuresti\\\/?s={search_term_string}\"},\"query-input\":{\"@type\":\"PropertyValueSpecification\",\"valueRequired\":true,\"valueName\":\"search_term_string\"}}],\"inLanguage\":\"en-GB\"},{\"@type\":\"Organization\",\"@id\":\"https:\\\/\\\/buletin.de\\\/bucuresti\\\/#organization\",\"name\":\"Buletin de Bucure\u0219ti\",\"url\":\"https:\\\/\\\/buletin.de\\\/bucuresti\\\/\",\"logo\":{\"@type\":\"ImageObject\",\"inLanguage\":\"en-GB\",\"@id\":\"https:\\\/\\\/buletin.de\\\/bucuresti\\\/#\\\/schema\\\/logo\\\/image\\\/\",\"url\":\"https:\\\/\\\/buletin.de\\\/bucuresti\\\/wp-content\\\/uploads\\\/logo-bdb-full-wide-vernil-transparent.png\",\"contentUrl\":\"https:\\\/\\\/buletin.de\\\/bucuresti\\\/wp-content\\\/uploads\\\/logo-bdb-full-wide-vernil-transparent.png\",\"width\":1782,\"height\":626,\"caption\":\"Buletin de Bucure\u0219ti\"},\"image\":{\"@id\":\"https:\\\/\\\/buletin.de\\\/bucuresti\\\/#\\\/schema\\\/logo\\\/image\\\/\"},\"sameAs\":[\"https:\\\/\\\/www.facebook.com\\\/buletin.de.buc\",\"https:\\\/\\\/www.instagram.com\\\/buletinde.bucuresti\\\/\"]},{\"@type\":\"Person\",\"@id\":\"https:\\\/\\\/buletin.de\\\/bucuresti\\\/#\\\/schema\\\/person\\\/31117187ed4d0bdb0a4c7d6acc79d0f8\",\"name\":\"C\u0103t\u0103lin Dosca\u0219\",\"image\":{\"@type\":\"ImageObject\",\"inLanguage\":\"en-GB\",\"@id\":\"https:\\\/\\\/buletin.de\\\/bucuresti\\\/wp-content\\\/uploads\\\/Catalin-Doscas-e1732731064764-96x96.jpga93e2943bb3b1c1f9ead823df6e6317a\",\"url\":\"https:\\\/\\\/buletin.de\\\/bucuresti\\\/wp-content\\\/uploads\\\/Catalin-Doscas-e1732731064764-96x96.jpg\",\"contentUrl\":\"https:\\\/\\\/buletin.de\\\/bucuresti\\\/wp-content\\\/uploads\\\/Catalin-Doscas-e1732731064764-96x96.jpg\",\"caption\":\"C\u0103t\u0103lin Dosca\u0219\"},\"description\":\"Reporter \u0219i redactor-\u0219ef Buletin de Bucure\u0219ti. Lucreaz\u0103 \u00een mass-media de la v\u00e2rsta de 15 ani, c\u00e2nd a publicat primele articole \u00een presa local\u0103 din Tecuci. \u00cen Bucure\u0219ti a lucrat \u00een redac\u021bii radio ca reporter, redactor \u0219i prezentator (StudentFM, Na\u021bionalFM, Radio Total, Smart FM), unde a acoperit domeniile politic, economic, social \u0219i externe. Ulterior, a fost editor-coordonator al postului Realitatea FM. Experien\u021ba \u00een jurnalismul online a dob\u00e2ndit-o la portalul B365.ro, unde a fost editor. \u00cen 2012 s-a angajat \u00een televiziune. La Realitatea TV a fost, pe r\u00e2nd, reporter la sec\u021bia Social, reporter special la emisiunea de reportaje \u0219i anchete \u201eReporterii Realit\u0103\u021bii\u201d, dar \u0219i editor al jurnalelor de \u0219tiri. Ulterior, a f\u0103cut parte din sec\u021bia de Investiga\u021bii de la Digi24 \u0219i a lucrat la campania \u201eRom\u00e2nia furat\u0103\u201d. A revenit \u00een presa scris\u0103 \u00een 2017, ca reporter special, \u00een cadrul unui proiect de repozi\u021bionare a tabloidului Libertatea \u00een cotidian generalist. Este jurnalist Buletin de Bucure\u0219ti din 2019.\",\"url\":\"https:\\\/\\\/buletin.de\\\/bucuresti\\\/author\\\/catalin\\\/\"}]}<\/script>\n<!-- \/ Yoast SEO Premium plugin. -->","yoast_head_json":{"title":"Senzori defec\u021bi, \u021bevi fisurate \u0219i scurgeri de gaze la Gr\u0103dini\u021ba 54 din Sectorul 5. Verific\u0103rile, \u00een ziua tragediei din Rahova - Buletin de Bucure\u0219ti","description":"La doar c\u00e2teva ore dup\u0103 explozia din Rahova, Gr\u0103dini\u021ba 54 din Sectorul 5 a fost debran\u0219at\u0103 de la re\u021beaua de gaze.","robots":{"index":"index","follow":"follow","max-snippet":"max-snippet:-1","max-image-preview":"max-image-preview:large","max-video-preview":"max-video-preview:-1"},"canonical":"https:\/\/buletin.de\/bucuresti\/senzori-defecti-tevi-fisurate-si-scurgeri-de-gaze-la-gradinita-nr-54-din-sectorul-5-verificarile-abia-dupa-tragedia-din-rahova\/","og_locale":"en_GB","og_type":"article","og_title":"Senzori defec\u021bi, \u021bevi fisurate \u0219i scurgeri de gaze la Gr\u0103dini\u021ba 54 din Sectorul 5. Verific\u0103rile, \u00een ziua tragediei din Rahova","og_description":"La doar c\u00e2teva ore dup\u0103 explozia din Rahova, Gr\u0103dini\u021ba 54 din Sectorul 5 a fost debran\u0219at\u0103 de la re\u021beaua de gaze.","og_url":"https:\/\/buletin.de\/bucuresti\/senzori-defecti-tevi-fisurate-si-scurgeri-de-gaze-la-gradinita-nr-54-din-sectorul-5-verificarile-abia-dupa-tragedia-din-rahova\/","og_site_name":"Buletin de Bucure\u0219ti","article_publisher":"https:\/\/www.facebook.com\/buletin.de.buc","article_published_time":"2025-10-23T06:50:08+00:00","article_modified_time":"2025-10-23T07:29:41+00:00","og_image":[{"width":1600,"height":1200,"url":"https:\/\/buletin.de\/bucuresti\/wp-content\/uploads\/2025\/10\/438160386_122094204188291492_4719637733477698989_n.jpg","type":"image\/jpeg"}],"author":"C\u0103t\u0103lin Dosca\u0219","twitter_card":"summary_large_image","twitter_misc":{"Written by":"C\u0103t\u0103lin Dosca\u0219","Estimated reading time":"3 minutes"},"schema":{"@context":"https:\/\/schema.org","@graph":[{"@type":"Article","@id":"https:\/\/buletin.de\/bucuresti\/senzori-defecti-tevi-fisurate-si-scurgeri-de-gaze-la-gradinita-nr-54-din-sectorul-5-verificarile-abia-dupa-tragedia-din-rahova\/#article","isPartOf":{"@id":"https:\/\/buletin.de\/bucuresti\/senzori-defecti-tevi-fisurate-si-scurgeri-de-gaze-la-gradinita-nr-54-din-sectorul-5-verificarile-abia-dupa-tragedia-din-rahova\/"},"author":{"name":"C\u0103t\u0103lin Dosca\u0219","@id":"https:\/\/buletin.de\/bucuresti\/#\/schema\/person\/31117187ed4d0bdb0a4c7d6acc79d0f8"},"headline":"Senzori defec\u021bi, \u021bevi fisurate \u0219i scurgeri de gaze la Gr\u0103dini\u021ba 54 din Sectorul 5. Verific\u0103rile, \u00een ziua tragediei din Rahova","datePublished":"2025-10-23T06:50:08+00:00","dateModified":"2025-10-23T07:29:41+00:00","mainEntityOfPage":{"@id":"https:\/\/buletin.de\/bucuresti\/senzori-defecti-tevi-fisurate-si-scurgeri-de-gaze-la-gradinita-nr-54-din-sectorul-5-verificarile-abia-dupa-tragedia-din-rahova\/"},"wordCount":474,"publisher":{"@id":"https:\/\/buletin.de\/bucuresti\/#organization"},"image":{"@id":"https:\/\/buletin.de\/bucuresti\/senzori-defecti-tevi-fisurate-si-scurgeri-de-gaze-la-gradinita-nr-54-din-sectorul-5-verificarile-abia-dupa-tragedia-din-rahova\/#primaryimage"},"thumbnailUrl":"https:\/\/buletin.de\/bucuresti\/wp-content\/uploads\/2025\/10\/438160386_122094204188291492_4719637733477698989_n.jpg","keywords":["bloc rahova","explozie rahova","gradinita 54","rahova","scurgere de gaz"],"articleSection":["Articole","Eveniment","Featured","Prim\u0103rie"],"inLanguage":"en-GB","copyrightYear":"2025","copyrightHolder":{"@id":"https:\/\/buletin.de\/bucuresti\/#organization"}},{"@type":"WebPage","@id":"https:\/\/buletin.de\/bucuresti\/senzori-defecti-tevi-fisurate-si-scurgeri-de-gaze-la-gradinita-nr-54-din-sectorul-5-verificarile-abia-dupa-tragedia-din-rahova\/","url":"https:\/\/buletin.de\/bucuresti\/senzori-defecti-tevi-fisurate-si-scurgeri-de-gaze-la-gradinita-nr-54-din-sectorul-5-verificarile-abia-dupa-tragedia-din-rahova\/","name":"Senzori defec\u021bi, \u021bevi fisurate \u0219i scurgeri de gaze la Gr\u0103dini\u021ba 54 din Sectorul 5. Verific\u0103rile, \u00een ziua tragediei din Rahova - Buletin de Bucure\u0219ti","isPartOf":{"@id":"https:\/\/buletin.de\/bucuresti\/#website"},"primaryImageOfPage":{"@id":"https:\/\/buletin.de\/bucuresti\/senzori-defecti-tevi-fisurate-si-scurgeri-de-gaze-la-gradinita-nr-54-din-sectorul-5-verificarile-abia-dupa-tragedia-din-rahova\/#primaryimage"},"image":{"@id":"https:\/\/buletin.de\/bucuresti\/senzori-defecti-tevi-fisurate-si-scurgeri-de-gaze-la-gradinita-nr-54-din-sectorul-5-verificarile-abia-dupa-tragedia-din-rahova\/#primaryimage"},"thumbnailUrl":"https:\/\/buletin.de\/bucuresti\/wp-content\/uploads\/2025\/10\/438160386_122094204188291492_4719637733477698989_n.jpg","datePublished":"2025-10-23T06:50:08+00:00","dateModified":"2025-10-23T07:29:41+00:00","description":"La doar c\u00e2teva ore dup\u0103 explozia din Rahova, Gr\u0103dini\u021ba 54 din Sectorul 5 a fost debran\u0219at\u0103 de la re\u021beaua de gaze.","breadcrumb":{"@id":"https:\/\/buletin.de\/bucuresti\/senzori-defecti-tevi-fisurate-si-scurgeri-de-gaze-la-gradinita-nr-54-din-sectorul-5-verificarile-abia-dupa-tragedia-din-rahova\/#breadcrumb"},"inLanguage":"en-GB","potentialAction":[{"@type":"ReadAction","target":["https:\/\/buletin.de\/bucuresti\/senzori-defecti-tevi-fisurate-si-scurgeri-de-gaze-la-gradinita-nr-54-din-sectorul-5-verificarile-abia-dupa-tragedia-din-rahova\/"]}]},{"@type":"ImageObject","inLanguage":"en-GB","@id":"https:\/\/buletin.de\/bucuresti\/senzori-defecti-tevi-fisurate-si-scurgeri-de-gaze-la-gradinita-nr-54-din-sectorul-5-verificarile-abia-dupa-tragedia-din-rahova\/#primaryimage","url":"https:\/\/buletin.de\/bucuresti\/wp-content\/uploads\/2025\/10\/438160386_122094204188291492_4719637733477698989_n.jpg","contentUrl":"https:\/\/buletin.de\/bucuresti\/wp-content\/uploads\/2025\/10\/438160386_122094204188291492_4719637733477698989_n.jpg","width":1600,"height":1200,"caption":"Senzori defec\u021bi, \u021bevi fisurate \u0219i scurgeri de gaze, la Gr\u0103dini\u021ba nr.54 din Sectorul 5"},{"@type":"BreadcrumbList","@id":"https:\/\/buletin.de\/bucuresti\/senzori-defecti-tevi-fisurate-si-scurgeri-de-gaze-la-gradinita-nr-54-din-sectorul-5-verificarile-abia-dupa-tragedia-din-rahova\/#breadcrumb","itemListElement":[{"@type":"ListItem","position":1,"name":"Acas\u0103","item":"https:\/\/buletin.de\/bucuresti\/"},{"@type":"ListItem","position":2,"name":"Senzori defec\u021bi, \u021bevi fisurate \u0219i scurgeri de gaze la Gr\u0103dini\u021ba 54 din Sectorul 5. Verific\u0103rile, \u00een ziua tragediei din Rahova"}]},{"@type":"WebSite","@id":"https:\/\/buletin.de\/bucuresti\/#website","url":"https:\/\/buletin.de\/bucuresti\/","name":"Buletin de Bucure\u0219ti","description":"\u0218tiri \u0219i investiga\u021bii esen\u021biale din capital\u0103","publisher":{"@id":"https:\/\/buletin.de\/bucuresti\/#organization"},"potentialAction":[{"@type":"SearchAction","target":{"@type":"EntryPoint","urlTemplate":"https:\/\/buletin.de\/bucuresti\/?s={search_term_string}"},"query-input":{"@type":"PropertyValueSpecification","valueRequired":true,"valueName":"search_term_string"}}],"inLanguage":"en-GB"},{"@type":"Organization","@id":"https:\/\/buletin.de\/bucuresti\/#organization","name":"Buletin de Bucure\u0219ti","url":"https:\/\/buletin.de\/bucuresti\/","logo":{"@type":"ImageObject","inLanguage":"en-GB","@id":"https:\/\/buletin.de\/bucuresti\/#\/schema\/logo\/image\/","url":"https:\/\/buletin.de\/bucuresti\/wp-content\/uploads\/logo-bdb-full-wide-vernil-transparent.png","contentUrl":"https:\/\/buletin.de\/bucuresti\/wp-content\/uploads\/logo-bdb-full-wide-vernil-transparent.png","width":1782,"height":626,"caption":"Buletin de Bucure\u0219ti"},"image":{"@id":"https:\/\/buletin.de\/bucuresti\/#\/schema\/logo\/image\/"},"sameAs":["https:\/\/www.facebook.com\/buletin.de.buc","https:\/\/www.instagram.com\/buletinde.bucuresti\/"]},{"@type":"Person","@id":"https:\/\/buletin.de\/bucuresti\/#\/schema\/person\/31117187ed4d0bdb0a4c7d6acc79d0f8","name":"C\u0103t\u0103lin Dosca\u0219","image":{"@type":"ImageObject","inLanguage":"en-GB","@id":"https:\/\/buletin.de\/bucuresti\/wp-content\/uploads\/Catalin-Doscas-e1732731064764-96x96.jpga93e2943bb3b1c1f9ead823df6e6317a","url":"https:\/\/buletin.de\/bucuresti\/wp-content\/uploads\/Catalin-Doscas-e1732731064764-96x96.jpg","contentUrl":"https:\/\/buletin.de\/bucuresti\/wp-content\/uploads\/Catalin-Doscas-e1732731064764-96x96.jpg","caption":"C\u0103t\u0103lin Dosca\u0219"},"description":"Reporter \u0219i redactor-\u0219ef Buletin de Bucure\u0219ti. Lucreaz\u0103 \u00een mass-media de la v\u00e2rsta de 15 ani, c\u00e2nd a publicat primele articole \u00een presa local\u0103 din Tecuci. \u00cen Bucure\u0219ti a lucrat \u00een redac\u021bii radio ca reporter, redactor \u0219i prezentator (StudentFM, Na\u021bionalFM, Radio Total, Smart FM), unde a acoperit domeniile politic, economic, social \u0219i externe. Ulterior, a fost editor-coordonator al postului Realitatea FM. Experien\u021ba \u00een jurnalismul online a dob\u00e2ndit-o la portalul B365.ro, unde a fost editor. \u00cen 2012 s-a angajat \u00een televiziune. La Realitatea TV a fost, pe r\u00e2nd, reporter la sec\u021bia Social, reporter special la emisiunea de reportaje \u0219i anchete \u201eReporterii Realit\u0103\u021bii\u201d, dar \u0219i editor al jurnalelor de \u0219tiri. Ulterior, a f\u0103cut parte din sec\u021bia de Investiga\u021bii de la Digi24 \u0219i a lucrat la campania \u201eRom\u00e2nia furat\u0103\u201d. A revenit \u00een presa scris\u0103 \u00een 2017, ca reporter special, \u00een cadrul unui proiect de repozi\u021bionare a tabloidului Libertatea \u00een cotidian generalist. Este jurnalist Buletin de Bucure\u0219ti din 2019.","url":"https:\/\/buletin.de\/bucuresti\/author\/catalin\/"}]}},"authors":[{"term_id":22575,"user_id":10,"is_guest":0,"slug":"catalin","display_name":"C\u0103t\u0103lin Dosca\u0219","avatar_url":"https:\/\/buletin.de\/bucuresti\/wp-content\/uploads\/Catalin-Doscas-e1732731064764-96x96.jpg","0":null,"1":"","2":"","3":"","4":"","5":"","6":"","7":"","8":""}],"_links":{"self":[{"href":"https:\/\/buletin.de\/bucuresti\/wp-json\/wp\/v2\/posts\/154143","targetHints":{"allow":["GET"]}}],"collection":[{"href":"https:\/\/buletin.de\/bucuresti\/wp-json\/wp\/v2\/posts"}],"about":[{"href":"https:\/\/buletin.de\/bucuresti\/wp-json\/wp\/v2\/types\/post"}],"author":[{"embeddable":true,"href":"https:\/\/buletin.de\/bucuresti\/wp-json\/wp\/v2\/users\/10"}],"replies":[{"embeddable":true,"href":"https:\/\/buletin.de\/bucuresti\/wp-json\/wp\/v2\/comments?post=154143"}],"version-history":[{"count":6,"href":"https:\/\/buletin.de\/bucuresti\/wp-json\/wp\/v2\/posts\/154143\/revisions"}],"predecessor-version":[{"id":154157,"href":"https:\/\/buletin.de\/bucuresti\/wp-json\/wp\/v2\/posts\/154143\/revisions\/154157"}],"wp:featuredmedia":[{"embeddable":true,"href":"https:\/\/buletin.de\/bucuresti\/wp-json\/wp\/v2\/media\/154145"}],"wp:attachment":[{"href":"https:\/\/buletin.de\/bucuresti\/wp-json\/wp\/v2\/media?parent=154143"}],"wp:term":[{"taxonomy":"category","embeddable":true,"href":"https:\/\/buletin.de\/bucuresti\/wp-json\/wp\/v2\/categories?post=154143"},{"taxonomy":"post_tag","embeddable":true,"href":"https:\/\/buletin.de\/bucuresti\/wp-json\/wp\/v2\/tags?post=154143"},{"taxonomy":"author","embeddable":true,"href":"https:\/\/buletin.de\/bucuresti\/wp-json\/wp\/v2\/ppma_author?post=154143"}],"curies":[{"name":"wp","href":"https:\/\/api.w.org\/{rel}","templated":true}]}}