{"id":154136,"date":"2025-10-23T08:59:52","date_gmt":"2025-10-23T05:59:52","guid":{"rendered":"https:\/\/buletin.de\/bucuresti\/?p=154136"},"modified":"2025-10-23T10:32:27","modified_gmt":"2025-10-23T07:32:27","slug":"sector-5-spatiile-verzi-aferente-blocurilor-ar-putea-trece-in-administrarea-celor-1-500-de-asociatii-de-proprietari-ce-prevede-noul-regulament","status":"publish","type":"post","link":"https:\/\/buletin.de\/bucuresti\/sector-5-spatiile-verzi-aferente-blocurilor-ar-putea-trece-in-administrarea-celor-1-500-de-asociatii-de-proprietari-ce-prevede-noul-regulament\/","title":{"rendered":"Sector 5 | Spa\u021biile verzi aferente blocurilor ar putea trece \u00een administrarea celor 1.500 de asocia\u021bii de proprietari. Ce prevede noul regulament"},"content":{"rendered":"\n<p><strong>Un proiect de hot\u0103r\u00e2re al Consiliului Local Sector 5 propune transferul integral al responsabilit\u0103\u021bii pentru \u00eentre\u021binerea \u0219i salubrizarea pe spa\u021biile verzi aferente blocurilor c\u0103tre asocia\u021biile de proprietari. <\/strong><\/p>\n\n\n\n<p><strong>Ini\u021biativa, a c\u0103rei form\u0103 propus\u0103 este contestat\u0103 chiar de Direc\u021bia de specialitate din cadrul Prim\u0103riei, vizeaz\u0103 un nou regulament care plaseaz\u0103 sarcina administr\u0103rii domeniului public \u00een m\u00e2inile cet\u0103\u021benilor.<\/strong><\/p>\n\n\n\n<p><a href=\"https:\/\/sector5.ro\/media\/2025\/10\/Punctul-9.pdf\">Proiectul de hot\u0103r\u00e2re, aflat pe ordinea de zi a \u0219edin\u021bei de joi, 23 octombrie<\/a>, propune ca asocia\u021biile de proprietari s\u0103 fie direct responsabile de starea \u0219i aspectul spa\u021biilor verzi aferente locuin\u021belor de tip condominiu. Practic, obliga\u021bia de a gestiona aceste zone, care fac parte din domeniul public, ar trece de la Prim\u0103rie \u0219i Amenajare Edilitar\u0103 S5 S.R.L.(AES Sector 5) la locatari.<\/p>\n\n\n\n<p>Noul regulament stabile\u0219te c\u0103, pentru serviciile de \u00eentre\u021binere \u0219i salubrizare, asocia\u021biile pot primi lunar suma de 2 lei (TVA inclus) per metru p\u0103trat de spa\u021biu verde \u00eentre\u021binut, din partea Prim\u0103riei Sectorului 5. <\/p>\n\n\n\n<p>\u00cen plus, asocia\u021biile pot alege s\u0103 execute lucr\u0103rile \u00een regie proprie, caz \u00een care Prim\u0103ria poate deconta cheltuielile sau poate oferi gratuit consultan\u021b\u0103, material dendro-floricol \u0219i unelte.<\/p>\n\n\n\n<p>\u00cen ceea ce prive\u0219te amenajarea, aceasta se poate realiza de c\u0103tre AES Sector 5 sau de c\u0103tre asocia\u021bii, cu respectarea principiilor estetice \u0219i de func\u021bionalitate, se mai arat\u0103 \u00een proiectul de hot\u0103r\u00e2re. <\/p>\n\n\n\n<p>Totu\u0219i, orice interven\u021bie asupra arborilor, precum defri\u0219area sau toaletarea, oblig\u0103 asocia\u021biile s\u0103 ob\u021bin\u0103 aviz de specialitate de la Prim\u0103ria Municipiului Bucure\u0219ti \u2013 Direc\u021bia de Mediu. F\u0103r\u0103 acest aviz, asocia\u021bia nu poate \u00eentreprinde nicio ac\u021biune.<\/p>\n\n\n\n<p><strong>CITE\u0218TE \u0218I:<a href=\"https:\/\/buletin.de\/bucuresti\/senzori-defecti-tevi-fisurate-si-scurgeri-de-gaze-la-gradinita-nr-54-din-sectorul-5-verificarile-abia-dupa-tragedia-din-rahova\/\" target=\"_blank\" rel=\"noreferrer noopener\"> Senzori defec\u021bi, \u021bevi fisurate \u0219i scurgeri de gaze, la Gr\u0103dini\u021ba nr.54 din Sectorul 5. Verific\u0103rile, \u00een ziua tragediei din Rahova<\/a><\/strong><\/p>\n\n\n\n<h2 class=\"wp-block-heading\" id=\"h-interdic\u021bii-stricte-pentru-spa\u021biile-verzi-aferente-blocurilor\"><strong>Interdic\u021bii stricte<\/strong> pentru spa\u021biile verzi aferente blocurilor<\/h2>\n\n\n\n<p><strong>Regulamentul impune o serie de obliga\u021bii \u0219i interdic\u021bii stricte pentru asocia\u021biile de proprietari \u0219i cet\u0103\u021beni.<\/strong><\/p>\n\n\n\n<p>Printre acestea se num\u0103r\u0103 interzicerea arunc\u0103rii de de\u0219euri, ocuparea spa\u021biilor verzi cu construc\u021bii neautorizate (garaje, containere), distrugerea gazonului, aranjamentelor florale \u0219i mobilierului urban sau circula\u021bia vehiculelor pe aceste suprafe\u021be. De asemenea, este interzis\u0103 afi\u0219area de anun\u021buri pe arbori.<\/p>\n\n\n\n<p>\u00cen cazul \u00een care asocia\u021biile nu \u00ee\u0219i \u00eendeplinesc obliga\u021biile, lucr\u0103rile de \u00eentre\u021binere \u0219i cur\u0103\u021bare vor fi efectuate de AES Sector 5, urm\u00e2nd ca, \u00een cazul propriet\u0103\u021bilor private, cheltuielile s\u0103 fie recuperate de la proprietari.<\/p>\n\n\n\n<h2 class=\"wp-block-heading\" id=\"h-direc\u021bia-de-specialitate-speriata-de-litigii\"><strong>Direc\u021bia de specialitate, \u201esperiat\u0103\u201d de litigii<\/strong><\/h2>\n\n\n\n<p><strong>Raportul de specialitate \u00eentocmit de Direc\u021bia Amenajare \u0219i \u00centre\u021binere Domeniul Public (DAIDP) din cadrul Prim\u0103riei Sector 5 contest\u0103 oportunitatea \u0219i legalitatea proiectului, \u0219i recomand\u0103 neadoptarea acestuia.<\/strong><\/p>\n\n\n\n<p>DAIDP argumenteaz\u0103 c\u0103 spa\u021biile verzi dintre blocuri au statut de domeniu public \u0219i sunt deja administrate de Prim\u0103ria Sectorului 5. <\/p>\n\n\n\n<p>\u00cen plus, Sectorul 5 ar fi delegat deja serviciul public de \u00eentre\u021binere a spa\u021biilor verzi unui operator privat iar un nou act normativ care ar plasa acelea\u0219i obliga\u021bii pe asocia\u021bii ar crea confuzie administrativ\u0103 \u0219i un risc de litigii cu operatorul delegat.<\/p>\n\n\n\n<p>\u00cen schimb, proiectul a primit aviz de la Comisia de Buget Finan\u021be \u0219i Comisia de Resurse Umane. <\/p>\n\n\n\n<h2 class=\"wp-block-heading\" id=\"h-deficit-de-spa\u021biu-verde-in-sectorul-5\"><strong>Deficit de spa\u021biu verde \u00een Sectorul 5<\/strong><\/h2>\n\n\n\n<p>Proiectul de hot\u0103r\u00e2re vine \u00een contextul unui deficit cronic de spa\u021biu verde la nivelul Sectorului 5, sector care s-a clasat pe penultimul loc \u00een Bucure\u0219ti la suprafa\u021ba de spa\u021biu verde pe cap de locuitor, cu aproximativ 12,8 mp\/locuitor, conform unor date din 2019.<\/p>\n\n\n\n<p>Pe aceea\u0219i ordine de zi a \u0219edin\u021bei de Consiliu Local, se afl\u0103 \u0219i un proiect pentru achizi\u021bionarea a dou\u0103 loturi de teren, totaliz\u00e2nd aproape 5.000 mp, <a href=\"https:\/\/buletin.de\/bucuresti\/parcul-pecineaga-propus-pentru-extindere-vecinii-dispusi-sa-vanda-terenuri-de-aproape-5-000-mp-primariei-sectorului-5\/\" target=\"_blank\" rel=\"noreferrer noopener\">pentru a extinde Parcul Pecineaga<\/a>.<\/p>\n\n\n\n<p><strong>CITE\u0218TE \u0218I <a href=\"https:\/\/buletin.de\/bucuresti\/cel-mai-mare-muzeu-pe-roti-din-romania-revine-in-capitala-unde-are-loc-expozitia-automobilelor-de-epoca\/\" target=\"_blank\" rel=\"noreferrer noopener\">Cel mai mare \u201emuzeu pe ro\u021bi\u201d din Rom\u00e2nia revine \u00een Capital\u0103. Unde are loc expozi\u021bia automobilelor de epoc\u0103<\/a><\/strong><\/p>\n","protected":false},"excerpt":{"rendered":"<p>Un proiect de hot\u0103r\u00e2re al Consiliului Local Sector 5 propune transferul integral al responsabilit\u0103\u021bii pentru \u00eentre\u021binerea \u0219i salubrizarea pe spa\u021biile verzi aferente blocurilor c\u0103tre asocia\u021biile de proprietari. Ini\u021biativa, a c\u0103rei form\u0103 propus\u0103 este contestat\u0103 chiar de Direc\u021bia de specialitate din cadrul Prim\u0103riei, vizeaz\u0103 un nou regulament care plaseaz\u0103 sarcina administr\u0103rii domeniului public \u00een m\u00e2inile cet\u0103\u021benilor. [&hellip;]<\/p>\n","protected":false},"author":10,"featured_media":154139,"comment_status":"closed","ping_status":"open","sticky":false,"template":"","format":"standard","meta":{"_acf_changed":false,"inline_featured_image":false,"ngg_post_thumbnail":0,"footnotes":""},"categories":[6994,3419,5762,24],"tags":[16233,4440,188,1195],"ppma_author":[22575],"class_list":["post-154136","post","type-post","status-publish","format-standard","has-post-thumbnail","hentry","category-stiri-2","category-featured","category-main","category-primarie","tag-asociatii-2","tag-proiect-de-hotarare-2","tag-sector-5","tag-spatiu-verde"],"acf":[],"yoast_head":"<!-- This site is optimized with the Yoast SEO Premium plugin v25.3 (Yoast SEO v27.4) - https:\/\/yoast.com\/product\/yoast-seo-premium-wordpress\/ -->\n<title>Sector 5 | Spa\u021biile verzi aferente blocurilor ar putea trece \u00een administrarea celor 1.500 de asocia\u021bii de proprietari. Ce prevede noul regulament - Buletin de Bucure\u0219ti<\/title>\n<meta name=\"description\" content=\"Consiliului Local Sector 5 propune transferul integral al responsabilit\u0103\u021bii pentru e spa\u021biile verzi aferente blocurilor.\" \/>\n<meta name=\"robots\" content=\"index, follow, max-snippet:-1, max-image-preview:large, max-video-preview:-1\" \/>\n<link rel=\"canonical\" href=\"https:\/\/buletin.de\/bucuresti\/sector-5-spatiile-verzi-aferente-blocurilor-ar-putea-trece-in-administrarea-celor-1-500-de-asociatii-de-proprietari-ce-prevede-noul-regulament\/\" \/>\n<meta property=\"og:locale\" content=\"en_GB\" \/>\n<meta property=\"og:type\" content=\"article\" \/>\n<meta property=\"og:title\" content=\"Sector 5 | Spa\u021biile verzi aferente blocurilor ar putea trece \u00een administrarea celor 1.500 de asocia\u021bii de proprietari. Ce prevede noul regulament\" \/>\n<meta property=\"og:description\" content=\"Consiliului Local Sector 5 propune transferul integral al responsabilit\u0103\u021bii pentru e spa\u021biile verzi aferente blocurilor.\" \/>\n<meta property=\"og:url\" content=\"https:\/\/buletin.de\/bucuresti\/sector-5-spatiile-verzi-aferente-blocurilor-ar-putea-trece-in-administrarea-celor-1-500-de-asociatii-de-proprietari-ce-prevede-noul-regulament\/\" \/>\n<meta property=\"og:site_name\" content=\"Buletin de Bucure\u0219ti\" \/>\n<meta property=\"article:publisher\" content=\"https:\/\/www.facebook.com\/buletin.de.buc\" \/>\n<meta property=\"article:published_time\" content=\"2025-10-23T05:59:52+00:00\" \/>\n<meta property=\"article:modified_time\" content=\"2025-10-23T07:32:27+00:00\" \/>\n<meta property=\"og:image\" content=\"https:\/\/buletin.de\/bucuresti\/wp-content\/uploads\/2025\/10\/Captura-de-ecran-2025-10-23-085110-1000x618.png\" \/>\n\t<meta property=\"og:image:width\" content=\"1000\" \/>\n\t<meta property=\"og:image:height\" content=\"618\" \/>\n\t<meta property=\"og:image:type\" content=\"image\/png\" \/>\n<meta name=\"author\" content=\"C\u0103t\u0103lin Dosca\u0219\" \/>\n<meta name=\"twitter:card\" content=\"summary_large_image\" \/>\n<meta name=\"twitter:label1\" content=\"Written by\" \/>\n\t<meta name=\"twitter:data1\" content=\"C\u0103t\u0103lin Dosca\u0219\" \/>\n\t<meta name=\"twitter:label2\" content=\"Estimated reading time\" \/>\n\t<meta name=\"twitter:data2\" content=\"3 minutes\" \/>\n<script type=\"application\/ld+json\" class=\"yoast-schema-graph\">{\"@context\":\"https:\\\/\\\/schema.org\",\"@graph\":[{\"@type\":\"Article\",\"@id\":\"https:\\\/\\\/buletin.de\\\/bucuresti\\\/sector-5-spatiile-verzi-aferente-blocurilor-ar-putea-trece-in-administrarea-celor-1-500-de-asociatii-de-proprietari-ce-prevede-noul-regulament\\\/#article\",\"isPartOf\":{\"@id\":\"https:\\\/\\\/buletin.de\\\/bucuresti\\\/sector-5-spatiile-verzi-aferente-blocurilor-ar-putea-trece-in-administrarea-celor-1-500-de-asociatii-de-proprietari-ce-prevede-noul-regulament\\\/\"},\"author\":{\"name\":\"C\u0103t\u0103lin Dosca\u0219\",\"@id\":\"https:\\\/\\\/buletin.de\\\/bucuresti\\\/#\\\/schema\\\/person\\\/31117187ed4d0bdb0a4c7d6acc79d0f8\"},\"headline\":\"Sector 5 | Spa\u021biile verzi aferente blocurilor ar putea trece \u00een administrarea celor 1.500 de asocia\u021bii de proprietari. Ce prevede noul regulament\",\"datePublished\":\"2025-10-23T05:59:52+00:00\",\"dateModified\":\"2025-10-23T07:32:27+00:00\",\"mainEntityOfPage\":{\"@id\":\"https:\\\/\\\/buletin.de\\\/bucuresti\\\/sector-5-spatiile-verzi-aferente-blocurilor-ar-putea-trece-in-administrarea-celor-1-500-de-asociatii-de-proprietari-ce-prevede-noul-regulament\\\/\"},\"wordCount\":681,\"publisher\":{\"@id\":\"https:\\\/\\\/buletin.de\\\/bucuresti\\\/#organization\"},\"image\":{\"@id\":\"https:\\\/\\\/buletin.de\\\/bucuresti\\\/sector-5-spatiile-verzi-aferente-blocurilor-ar-putea-trece-in-administrarea-celor-1-500-de-asociatii-de-proprietari-ce-prevede-noul-regulament\\\/#primaryimage\"},\"thumbnailUrl\":\"https:\\\/\\\/buletin.de\\\/bucuresti\\\/wp-content\\\/uploads\\\/2025\\\/10\\\/Captura-de-ecran-2025-10-23-085110.png\",\"keywords\":[\"asociatii\",\"proiect de hotarare\",\"Sector 5\",\"spatiu verde\"],\"articleSection\":[\"Articole\",\"Featured\",\"Main\",\"Prim\u0103rie\"],\"inLanguage\":\"en-GB\",\"copyrightYear\":\"2025\",\"copyrightHolder\":{\"@id\":\"https:\\\/\\\/buletin.de\\\/bucuresti\\\/#organization\"}},{\"@type\":\"WebPage\",\"@id\":\"https:\\\/\\\/buletin.de\\\/bucuresti\\\/sector-5-spatiile-verzi-aferente-blocurilor-ar-putea-trece-in-administrarea-celor-1-500-de-asociatii-de-proprietari-ce-prevede-noul-regulament\\\/\",\"url\":\"https:\\\/\\\/buletin.de\\\/bucuresti\\\/sector-5-spatiile-verzi-aferente-blocurilor-ar-putea-trece-in-administrarea-celor-1-500-de-asociatii-de-proprietari-ce-prevede-noul-regulament\\\/\",\"name\":\"Sector 5 | Spa\u021biile verzi aferente blocurilor ar putea trece \u00een administrarea celor 1.500 de asocia\u021bii de proprietari. Ce prevede noul regulament - Buletin de Bucure\u0219ti\",\"isPartOf\":{\"@id\":\"https:\\\/\\\/buletin.de\\\/bucuresti\\\/#website\"},\"primaryImageOfPage\":{\"@id\":\"https:\\\/\\\/buletin.de\\\/bucuresti\\\/sector-5-spatiile-verzi-aferente-blocurilor-ar-putea-trece-in-administrarea-celor-1-500-de-asociatii-de-proprietari-ce-prevede-noul-regulament\\\/#primaryimage\"},\"image\":{\"@id\":\"https:\\\/\\\/buletin.de\\\/bucuresti\\\/sector-5-spatiile-verzi-aferente-blocurilor-ar-putea-trece-in-administrarea-celor-1-500-de-asociatii-de-proprietari-ce-prevede-noul-regulament\\\/#primaryimage\"},\"thumbnailUrl\":\"https:\\\/\\\/buletin.de\\\/bucuresti\\\/wp-content\\\/uploads\\\/2025\\\/10\\\/Captura-de-ecran-2025-10-23-085110.png\",\"datePublished\":\"2025-10-23T05:59:52+00:00\",\"dateModified\":\"2025-10-23T07:32:27+00:00\",\"description\":\"Consiliului Local Sector 5 propune transferul integral al responsabilit\u0103\u021bii pentru e spa\u021biile verzi aferente blocurilor.\",\"breadcrumb\":{\"@id\":\"https:\\\/\\\/buletin.de\\\/bucuresti\\\/sector-5-spatiile-verzi-aferente-blocurilor-ar-putea-trece-in-administrarea-celor-1-500-de-asociatii-de-proprietari-ce-prevede-noul-regulament\\\/#breadcrumb\"},\"inLanguage\":\"en-GB\",\"potentialAction\":[{\"@type\":\"ReadAction\",\"target\":[\"https:\\\/\\\/buletin.de\\\/bucuresti\\\/sector-5-spatiile-verzi-aferente-blocurilor-ar-putea-trece-in-administrarea-celor-1-500-de-asociatii-de-proprietari-ce-prevede-noul-regulament\\\/\"]}]},{\"@type\":\"ImageObject\",\"inLanguage\":\"en-GB\",\"@id\":\"https:\\\/\\\/buletin.de\\\/bucuresti\\\/sector-5-spatiile-verzi-aferente-blocurilor-ar-putea-trece-in-administrarea-celor-1-500-de-asociatii-de-proprietari-ce-prevede-noul-regulament\\\/#primaryimage\",\"url\":\"https:\\\/\\\/buletin.de\\\/bucuresti\\\/wp-content\\\/uploads\\\/2025\\\/10\\\/Captura-de-ecran-2025-10-23-085110.png\",\"contentUrl\":\"https:\\\/\\\/buletin.de\\\/bucuresti\\\/wp-content\\\/uploads\\\/2025\\\/10\\\/Captura-de-ecran-2025-10-23-085110.png\",\"width\":1584,\"height\":979,\"caption\":\"Spa\u021biile verzi aferente blocurilor\"},{\"@type\":\"BreadcrumbList\",\"@id\":\"https:\\\/\\\/buletin.de\\\/bucuresti\\\/sector-5-spatiile-verzi-aferente-blocurilor-ar-putea-trece-in-administrarea-celor-1-500-de-asociatii-de-proprietari-ce-prevede-noul-regulament\\\/#breadcrumb\",\"itemListElement\":[{\"@type\":\"ListItem\",\"position\":1,\"name\":\"Acas\u0103\",\"item\":\"https:\\\/\\\/buletin.de\\\/bucuresti\\\/\"},{\"@type\":\"ListItem\",\"position\":2,\"name\":\"Sector 5 | Spa\u021biile verzi aferente blocurilor ar putea trece \u00een administrarea celor 1.500 de asocia\u021bii de proprietari. Ce prevede noul regulament\"}]},{\"@type\":\"WebSite\",\"@id\":\"https:\\\/\\\/buletin.de\\\/bucuresti\\\/#website\",\"url\":\"https:\\\/\\\/buletin.de\\\/bucuresti\\\/\",\"name\":\"Buletin de Bucure\u0219ti\",\"description\":\"\u0218tiri \u0219i investiga\u021bii esen\u021biale din capital\u0103\",\"publisher\":{\"@id\":\"https:\\\/\\\/buletin.de\\\/bucuresti\\\/#organization\"},\"potentialAction\":[{\"@type\":\"SearchAction\",\"target\":{\"@type\":\"EntryPoint\",\"urlTemplate\":\"https:\\\/\\\/buletin.de\\\/bucuresti\\\/?s={search_term_string}\"},\"query-input\":{\"@type\":\"PropertyValueSpecification\",\"valueRequired\":true,\"valueName\":\"search_term_string\"}}],\"inLanguage\":\"en-GB\"},{\"@type\":\"Organization\",\"@id\":\"https:\\\/\\\/buletin.de\\\/bucuresti\\\/#organization\",\"name\":\"Buletin de Bucure\u0219ti\",\"url\":\"https:\\\/\\\/buletin.de\\\/bucuresti\\\/\",\"logo\":{\"@type\":\"ImageObject\",\"inLanguage\":\"en-GB\",\"@id\":\"https:\\\/\\\/buletin.de\\\/bucuresti\\\/#\\\/schema\\\/logo\\\/image\\\/\",\"url\":\"https:\\\/\\\/buletin.de\\\/bucuresti\\\/wp-content\\\/uploads\\\/logo-bdb-full-wide-vernil-transparent.png\",\"contentUrl\":\"https:\\\/\\\/buletin.de\\\/bucuresti\\\/wp-content\\\/uploads\\\/logo-bdb-full-wide-vernil-transparent.png\",\"width\":1782,\"height\":626,\"caption\":\"Buletin de Bucure\u0219ti\"},\"image\":{\"@id\":\"https:\\\/\\\/buletin.de\\\/bucuresti\\\/#\\\/schema\\\/logo\\\/image\\\/\"},\"sameAs\":[\"https:\\\/\\\/www.facebook.com\\\/buletin.de.buc\",\"https:\\\/\\\/www.instagram.com\\\/buletinde.bucuresti\\\/\"]},{\"@type\":\"Person\",\"@id\":\"https:\\\/\\\/buletin.de\\\/bucuresti\\\/#\\\/schema\\\/person\\\/31117187ed4d0bdb0a4c7d6acc79d0f8\",\"name\":\"C\u0103t\u0103lin Dosca\u0219\",\"image\":{\"@type\":\"ImageObject\",\"inLanguage\":\"en-GB\",\"@id\":\"https:\\\/\\\/buletin.de\\\/bucuresti\\\/wp-content\\\/uploads\\\/Catalin-Doscas-e1732731064764-96x96.jpga93e2943bb3b1c1f9ead823df6e6317a\",\"url\":\"https:\\\/\\\/buletin.de\\\/bucuresti\\\/wp-content\\\/uploads\\\/Catalin-Doscas-e1732731064764-96x96.jpg\",\"contentUrl\":\"https:\\\/\\\/buletin.de\\\/bucuresti\\\/wp-content\\\/uploads\\\/Catalin-Doscas-e1732731064764-96x96.jpg\",\"caption\":\"C\u0103t\u0103lin Dosca\u0219\"},\"description\":\"Reporter \u0219i redactor-\u0219ef Buletin de Bucure\u0219ti. Lucreaz\u0103 \u00een mass-media de la v\u00e2rsta de 15 ani, c\u00e2nd a publicat primele articole \u00een presa local\u0103 din Tecuci. \u00cen Bucure\u0219ti a lucrat \u00een redac\u021bii radio ca reporter, redactor \u0219i prezentator (StudentFM, Na\u021bionalFM, Radio Total, Smart FM), unde a acoperit domeniile politic, economic, social \u0219i externe. Ulterior, a fost editor-coordonator al postului Realitatea FM. Experien\u021ba \u00een jurnalismul online a dob\u00e2ndit-o la portalul B365.ro, unde a fost editor. \u00cen 2012 s-a angajat \u00een televiziune. La Realitatea TV a fost, pe r\u00e2nd, reporter la sec\u021bia Social, reporter special la emisiunea de reportaje \u0219i anchete \u201eReporterii Realit\u0103\u021bii\u201d, dar \u0219i editor al jurnalelor de \u0219tiri. Ulterior, a f\u0103cut parte din sec\u021bia de Investiga\u021bii de la Digi24 \u0219i a lucrat la campania \u201eRom\u00e2nia furat\u0103\u201d. A revenit \u00een presa scris\u0103 \u00een 2017, ca reporter special, \u00een cadrul unui proiect de repozi\u021bionare a tabloidului Libertatea \u00een cotidian generalist. Este jurnalist Buletin de Bucure\u0219ti din 2019.\",\"url\":\"https:\\\/\\\/buletin.de\\\/bucuresti\\\/author\\\/catalin\\\/\"}]}<\/script>\n<!-- \/ Yoast SEO Premium plugin. -->","yoast_head_json":{"title":"Sector 5 | Spa\u021biile verzi aferente blocurilor ar putea trece \u00een administrarea celor 1.500 de asocia\u021bii de proprietari. Ce prevede noul regulament - Buletin de Bucure\u0219ti","description":"Consiliului Local Sector 5 propune transferul integral al responsabilit\u0103\u021bii pentru e spa\u021biile verzi aferente blocurilor.","robots":{"index":"index","follow":"follow","max-snippet":"max-snippet:-1","max-image-preview":"max-image-preview:large","max-video-preview":"max-video-preview:-1"},"canonical":"https:\/\/buletin.de\/bucuresti\/sector-5-spatiile-verzi-aferente-blocurilor-ar-putea-trece-in-administrarea-celor-1-500-de-asociatii-de-proprietari-ce-prevede-noul-regulament\/","og_locale":"en_GB","og_type":"article","og_title":"Sector 5 | Spa\u021biile verzi aferente blocurilor ar putea trece \u00een administrarea celor 1.500 de asocia\u021bii de proprietari. Ce prevede noul regulament","og_description":"Consiliului Local Sector 5 propune transferul integral al responsabilit\u0103\u021bii pentru e spa\u021biile verzi aferente blocurilor.","og_url":"https:\/\/buletin.de\/bucuresti\/sector-5-spatiile-verzi-aferente-blocurilor-ar-putea-trece-in-administrarea-celor-1-500-de-asociatii-de-proprietari-ce-prevede-noul-regulament\/","og_site_name":"Buletin de Bucure\u0219ti","article_publisher":"https:\/\/www.facebook.com\/buletin.de.buc","article_published_time":"2025-10-23T05:59:52+00:00","article_modified_time":"2025-10-23T07:32:27+00:00","og_image":[{"width":1000,"height":618,"url":"https:\/\/buletin.de\/bucuresti\/wp-content\/uploads\/2025\/10\/Captura-de-ecran-2025-10-23-085110-1000x618.png","type":"image\/png"}],"author":"C\u0103t\u0103lin Dosca\u0219","twitter_card":"summary_large_image","twitter_misc":{"Written by":"C\u0103t\u0103lin Dosca\u0219","Estimated reading time":"3 minutes"},"schema":{"@context":"https:\/\/schema.org","@graph":[{"@type":"Article","@id":"https:\/\/buletin.de\/bucuresti\/sector-5-spatiile-verzi-aferente-blocurilor-ar-putea-trece-in-administrarea-celor-1-500-de-asociatii-de-proprietari-ce-prevede-noul-regulament\/#article","isPartOf":{"@id":"https:\/\/buletin.de\/bucuresti\/sector-5-spatiile-verzi-aferente-blocurilor-ar-putea-trece-in-administrarea-celor-1-500-de-asociatii-de-proprietari-ce-prevede-noul-regulament\/"},"author":{"name":"C\u0103t\u0103lin Dosca\u0219","@id":"https:\/\/buletin.de\/bucuresti\/#\/schema\/person\/31117187ed4d0bdb0a4c7d6acc79d0f8"},"headline":"Sector 5 | Spa\u021biile verzi aferente blocurilor ar putea trece \u00een administrarea celor 1.500 de asocia\u021bii de proprietari. Ce prevede noul regulament","datePublished":"2025-10-23T05:59:52+00:00","dateModified":"2025-10-23T07:32:27+00:00","mainEntityOfPage":{"@id":"https:\/\/buletin.de\/bucuresti\/sector-5-spatiile-verzi-aferente-blocurilor-ar-putea-trece-in-administrarea-celor-1-500-de-asociatii-de-proprietari-ce-prevede-noul-regulament\/"},"wordCount":681,"publisher":{"@id":"https:\/\/buletin.de\/bucuresti\/#organization"},"image":{"@id":"https:\/\/buletin.de\/bucuresti\/sector-5-spatiile-verzi-aferente-blocurilor-ar-putea-trece-in-administrarea-celor-1-500-de-asociatii-de-proprietari-ce-prevede-noul-regulament\/#primaryimage"},"thumbnailUrl":"https:\/\/buletin.de\/bucuresti\/wp-content\/uploads\/2025\/10\/Captura-de-ecran-2025-10-23-085110.png","keywords":["asociatii","proiect de hotarare","Sector 5","spatiu verde"],"articleSection":["Articole","Featured","Main","Prim\u0103rie"],"inLanguage":"en-GB","copyrightYear":"2025","copyrightHolder":{"@id":"https:\/\/buletin.de\/bucuresti\/#organization"}},{"@type":"WebPage","@id":"https:\/\/buletin.de\/bucuresti\/sector-5-spatiile-verzi-aferente-blocurilor-ar-putea-trece-in-administrarea-celor-1-500-de-asociatii-de-proprietari-ce-prevede-noul-regulament\/","url":"https:\/\/buletin.de\/bucuresti\/sector-5-spatiile-verzi-aferente-blocurilor-ar-putea-trece-in-administrarea-celor-1-500-de-asociatii-de-proprietari-ce-prevede-noul-regulament\/","name":"Sector 5 | Spa\u021biile verzi aferente blocurilor ar putea trece \u00een administrarea celor 1.500 de asocia\u021bii de proprietari. Ce prevede noul regulament - Buletin de Bucure\u0219ti","isPartOf":{"@id":"https:\/\/buletin.de\/bucuresti\/#website"},"primaryImageOfPage":{"@id":"https:\/\/buletin.de\/bucuresti\/sector-5-spatiile-verzi-aferente-blocurilor-ar-putea-trece-in-administrarea-celor-1-500-de-asociatii-de-proprietari-ce-prevede-noul-regulament\/#primaryimage"},"image":{"@id":"https:\/\/buletin.de\/bucuresti\/sector-5-spatiile-verzi-aferente-blocurilor-ar-putea-trece-in-administrarea-celor-1-500-de-asociatii-de-proprietari-ce-prevede-noul-regulament\/#primaryimage"},"thumbnailUrl":"https:\/\/buletin.de\/bucuresti\/wp-content\/uploads\/2025\/10\/Captura-de-ecran-2025-10-23-085110.png","datePublished":"2025-10-23T05:59:52+00:00","dateModified":"2025-10-23T07:32:27+00:00","description":"Consiliului Local Sector 5 propune transferul integral al responsabilit\u0103\u021bii pentru e spa\u021biile verzi aferente blocurilor.","breadcrumb":{"@id":"https:\/\/buletin.de\/bucuresti\/sector-5-spatiile-verzi-aferente-blocurilor-ar-putea-trece-in-administrarea-celor-1-500-de-asociatii-de-proprietari-ce-prevede-noul-regulament\/#breadcrumb"},"inLanguage":"en-GB","potentialAction":[{"@type":"ReadAction","target":["https:\/\/buletin.de\/bucuresti\/sector-5-spatiile-verzi-aferente-blocurilor-ar-putea-trece-in-administrarea-celor-1-500-de-asociatii-de-proprietari-ce-prevede-noul-regulament\/"]}]},{"@type":"ImageObject","inLanguage":"en-GB","@id":"https:\/\/buletin.de\/bucuresti\/sector-5-spatiile-verzi-aferente-blocurilor-ar-putea-trece-in-administrarea-celor-1-500-de-asociatii-de-proprietari-ce-prevede-noul-regulament\/#primaryimage","url":"https:\/\/buletin.de\/bucuresti\/wp-content\/uploads\/2025\/10\/Captura-de-ecran-2025-10-23-085110.png","contentUrl":"https:\/\/buletin.de\/bucuresti\/wp-content\/uploads\/2025\/10\/Captura-de-ecran-2025-10-23-085110.png","width":1584,"height":979,"caption":"Spa\u021biile verzi aferente blocurilor"},{"@type":"BreadcrumbList","@id":"https:\/\/buletin.de\/bucuresti\/sector-5-spatiile-verzi-aferente-blocurilor-ar-putea-trece-in-administrarea-celor-1-500-de-asociatii-de-proprietari-ce-prevede-noul-regulament\/#breadcrumb","itemListElement":[{"@type":"ListItem","position":1,"name":"Acas\u0103","item":"https:\/\/buletin.de\/bucuresti\/"},{"@type":"ListItem","position":2,"name":"Sector 5 | Spa\u021biile verzi aferente blocurilor ar putea trece \u00een administrarea celor 1.500 de asocia\u021bii de proprietari. Ce prevede noul regulament"}]},{"@type":"WebSite","@id":"https:\/\/buletin.de\/bucuresti\/#website","url":"https:\/\/buletin.de\/bucuresti\/","name":"Buletin de Bucure\u0219ti","description":"\u0218tiri \u0219i investiga\u021bii esen\u021biale din capital\u0103","publisher":{"@id":"https:\/\/buletin.de\/bucuresti\/#organization"},"potentialAction":[{"@type":"SearchAction","target":{"@type":"EntryPoint","urlTemplate":"https:\/\/buletin.de\/bucuresti\/?s={search_term_string}"},"query-input":{"@type":"PropertyValueSpecification","valueRequired":true,"valueName":"search_term_string"}}],"inLanguage":"en-GB"},{"@type":"Organization","@id":"https:\/\/buletin.de\/bucuresti\/#organization","name":"Buletin de Bucure\u0219ti","url":"https:\/\/buletin.de\/bucuresti\/","logo":{"@type":"ImageObject","inLanguage":"en-GB","@id":"https:\/\/buletin.de\/bucuresti\/#\/schema\/logo\/image\/","url":"https:\/\/buletin.de\/bucuresti\/wp-content\/uploads\/logo-bdb-full-wide-vernil-transparent.png","contentUrl":"https:\/\/buletin.de\/bucuresti\/wp-content\/uploads\/logo-bdb-full-wide-vernil-transparent.png","width":1782,"height":626,"caption":"Buletin de Bucure\u0219ti"},"image":{"@id":"https:\/\/buletin.de\/bucuresti\/#\/schema\/logo\/image\/"},"sameAs":["https:\/\/www.facebook.com\/buletin.de.buc","https:\/\/www.instagram.com\/buletinde.bucuresti\/"]},{"@type":"Person","@id":"https:\/\/buletin.de\/bucuresti\/#\/schema\/person\/31117187ed4d0bdb0a4c7d6acc79d0f8","name":"C\u0103t\u0103lin Dosca\u0219","image":{"@type":"ImageObject","inLanguage":"en-GB","@id":"https:\/\/buletin.de\/bucuresti\/wp-content\/uploads\/Catalin-Doscas-e1732731064764-96x96.jpga93e2943bb3b1c1f9ead823df6e6317a","url":"https:\/\/buletin.de\/bucuresti\/wp-content\/uploads\/Catalin-Doscas-e1732731064764-96x96.jpg","contentUrl":"https:\/\/buletin.de\/bucuresti\/wp-content\/uploads\/Catalin-Doscas-e1732731064764-96x96.jpg","caption":"C\u0103t\u0103lin Dosca\u0219"},"description":"Reporter \u0219i redactor-\u0219ef Buletin de Bucure\u0219ti. Lucreaz\u0103 \u00een mass-media de la v\u00e2rsta de 15 ani, c\u00e2nd a publicat primele articole \u00een presa local\u0103 din Tecuci. \u00cen Bucure\u0219ti a lucrat \u00een redac\u021bii radio ca reporter, redactor \u0219i prezentator (StudentFM, Na\u021bionalFM, Radio Total, Smart FM), unde a acoperit domeniile politic, economic, social \u0219i externe. Ulterior, a fost editor-coordonator al postului Realitatea FM. Experien\u021ba \u00een jurnalismul online a dob\u00e2ndit-o la portalul B365.ro, unde a fost editor. \u00cen 2012 s-a angajat \u00een televiziune. La Realitatea TV a fost, pe r\u00e2nd, reporter la sec\u021bia Social, reporter special la emisiunea de reportaje \u0219i anchete \u201eReporterii Realit\u0103\u021bii\u201d, dar \u0219i editor al jurnalelor de \u0219tiri. Ulterior, a f\u0103cut parte din sec\u021bia de Investiga\u021bii de la Digi24 \u0219i a lucrat la campania \u201eRom\u00e2nia furat\u0103\u201d. A revenit \u00een presa scris\u0103 \u00een 2017, ca reporter special, \u00een cadrul unui proiect de repozi\u021bionare a tabloidului Libertatea \u00een cotidian generalist. Este jurnalist Buletin de Bucure\u0219ti din 2019.","url":"https:\/\/buletin.de\/bucuresti\/author\/catalin\/"}]}},"authors":[{"term_id":22575,"user_id":10,"is_guest":0,"slug":"catalin","display_name":"C\u0103t\u0103lin Dosca\u0219","avatar_url":"https:\/\/buletin.de\/bucuresti\/wp-content\/uploads\/Catalin-Doscas-e1732731064764-96x96.jpg","0":null,"1":"","2":"","3":"","4":"","5":"","6":"","7":"","8":""}],"_links":{"self":[{"href":"https:\/\/buletin.de\/bucuresti\/wp-json\/wp\/v2\/posts\/154136","targetHints":{"allow":["GET"]}}],"collection":[{"href":"https:\/\/buletin.de\/bucuresti\/wp-json\/wp\/v2\/posts"}],"about":[{"href":"https:\/\/buletin.de\/bucuresti\/wp-json\/wp\/v2\/types\/post"}],"author":[{"embeddable":true,"href":"https:\/\/buletin.de\/bucuresti\/wp-json\/wp\/v2\/users\/10"}],"replies":[{"embeddable":true,"href":"https:\/\/buletin.de\/bucuresti\/wp-json\/wp\/v2\/comments?post=154136"}],"version-history":[{"count":4,"href":"https:\/\/buletin.de\/bucuresti\/wp-json\/wp\/v2\/posts\/154136\/revisions"}],"predecessor-version":[{"id":154159,"href":"https:\/\/buletin.de\/bucuresti\/wp-json\/wp\/v2\/posts\/154136\/revisions\/154159"}],"wp:featuredmedia":[{"embeddable":true,"href":"https:\/\/buletin.de\/bucuresti\/wp-json\/wp\/v2\/media\/154139"}],"wp:attachment":[{"href":"https:\/\/buletin.de\/bucuresti\/wp-json\/wp\/v2\/media?parent=154136"}],"wp:term":[{"taxonomy":"category","embeddable":true,"href":"https:\/\/buletin.de\/bucuresti\/wp-json\/wp\/v2\/categories?post=154136"},{"taxonomy":"post_tag","embeddable":true,"href":"https:\/\/buletin.de\/bucuresti\/wp-json\/wp\/v2\/tags?post=154136"},{"taxonomy":"author","embeddable":true,"href":"https:\/\/buletin.de\/bucuresti\/wp-json\/wp\/v2\/ppma_author?post=154136"}],"curies":[{"name":"wp","href":"https:\/\/api.w.org\/{rel}","templated":true}]}}