{"id":154089,"date":"2025-10-23T07:52:30","date_gmt":"2025-10-23T04:52:30","guid":{"rendered":"https:\/\/buletin.de\/bucuresti\/?p=154089"},"modified":"2025-10-23T07:52:31","modified_gmt":"2025-10-23T04:52:31","slug":"sector-1-piata-volanta-in-cartierul-henri-coanda-in-rondul-strazii-francisc-munteanu","status":"publish","type":"post","link":"https:\/\/buletin.de\/bucuresti\/sector-1-piata-volanta-in-cartierul-henri-coanda-in-rondul-strazii-francisc-munteanu\/","title":{"rendered":"Sector 1 | Pia\u021b\u0103 volant\u0103 \u00een cartierul Henri Coand\u0103, \u00een rondul str\u0103zii Francisc Munteanu"},"content":{"rendered":"\n<p><strong>Prim\u0103ria organizeaz\u0103 o pia\u021b\u0103 volant\u0103 \u00een cartierul Henri Coand\u0103 din Sectorul 1 al Capitalei, \u00een weekendul 24-26 octombrie, potrivit unui <a href=\"https:\/\/primariasector1.ro\/piata-volanta-din-cartierul-henri-coanda-va-asteapta-cu-produse-traditionale\/\">comunicat<\/a> de pres\u0103 al institu\u021biei. Aceasta va func\u021biona\u00a0\u00een rondul str\u0103zii Francisc Munteanu.<\/strong><\/p>\n\n\n\n<p>Astfel, doritorii de produse tradi\u021bionale vor g\u0103si aici fructe \u0219i legume proaspete, dar \u0219i preparate artizanale precum c\u00e2rna\u021bi de oaie, pastram\u0103, salamuri, crenvur\u0219ti, tob\u0103, sl\u0103nin\u0103, \u0219unc\u0103 \u0219i carne la garni\u021b\u0103. Tot de aici vor putea cump\u0103ra br\u00e2nzeturi tradi\u021bionale, mur\u0103turi, conserve de cas\u0103 dar \u0219i dulciuri tradi\u021bionale. De la eveniment nu vor lipsi nici produsele handmade, florile de sezon sau lavanda.<\/p>\n\n\n\n<p>De asemenea \u00een cadrul pie\u021bei volante din cartierul Henri Coand\u0103 va fi organizat \u0219i un atelier de crea\u021bie dedicat copiilor cu tema \u201eAlbinele \u0219i produsele apicole\u201d.<\/p>\n\n\n\n<p><strong>Potrivit Prim\u0103riei Sectorului 1,  pia\u021ba va fi deschis\u0103 dup\u0103 urm\u0103torul program:<\/strong><\/p>\n\n\n\n<ul class=\"wp-block-list\">\n<li>vineri, 24 octombrie, \u00eentre orele 13:00 \u0219i 19:00;<\/li>\n\n\n\n<li>s\u00e2mb\u0103t\u0103, 25 octombrie, \u00eentre orele 09:00 \u0219i 19:00;<\/li>\n\n\n\n<li>duminic\u0103, 26 octombrie, \u00eentre orele 09:00 \u0219i 19:00.<\/li>\n<\/ul>\n\n\n\n<p>Preg\u0103tirile pentru organizarea pie\u021bei vor \u00eencepe joi seara, iar instalarea propriu-zis\u0103 a comercian\u021bilor este programat\u0103 pentru vineri, \u00eentre orele 09:00 \u0219i 12:00.<\/p>\n\n\n\n<p><strong>CITE\u0218TE \u0218I: <a href=\"https:\/\/buletin.de\/bucuresti\/parcul-pecineaga-propus-pentru-extindere-vecinii-dispusi-sa-vanda-terenuri-de-aproape-5-000-mp-primariei-sectorului-5\/\">Parcul Pecineaga, propus pentru extindere. Vecinii, dispu\u0219i s\u0103 v\u00e2nd\u0103 terenuri de aproape 5.000 mp Prim\u0103riei Sectorului 5<\/a><\/strong><\/p>\n\n\n\n<h2 class=\"wp-block-heading\" id=\"h-un-parc-nou-ar-urma-sa-fie-amenajat-in-cartierul-henri-coanda\">Un parc nou ar urma s\u0103 fie amenajat \u00een cartierul Henri Coand\u0103<\/h2>\n\n\n\n<p>Un parc nou, cu o suprafa\u021b\u0103 de peste 50.000 metri p\u0103tra\u021bi, ar urma s\u0103 fie amenajat \u00een cartierul Henri Coand\u0103, promite Prim\u0103ria Sectorului 1. <\/p>\n\n\n\n<p>Totodat\u0103, \u0219i Parcul Regina Maria din zona Podului Grant ar urma s\u0103 intre \u00een reabilitare de anul viitor, anun\u021b\u0103 autoritatea local\u0103, \u00een urma unei consult\u0103ri publice cu cet\u0103\u021benii Sectorului 1.<\/p>\n\n\n\n<p>Noul parc din cartierul Henri Coand\u0103 ar urma s\u0103 aib\u0103 trei zone tematice, cu o suprafa\u021b\u0103 de peste 50.000 metri p\u0103tra\u021bi.<\/p>\n\n\n\n<p>Proiectul include: \u201elocuri de joac\u0103 pentru copii de diferite v\u00e2rste, terenuri de sport, zone de fitness, foi\u0219oare, spa\u021bii pentru relaxare, trasee pentru biciclete \u0219i o zon\u0103 special amenajat\u0103 pentru animalele de companie\u201d, adaug\u0103 Prim\u0103ria Sectorului 1.&nbsp;<\/p>\n\n\n\n<p><strong>CITE\u0218TE \u0218I: <a href=\"https:\/\/buletin.de\/bucuresti\/sector-1-un-parc-nou-de-peste-5-hectare-ar-urma-sa-fie-amenajat-in-cartierul-henri-coanda-si-parcul-regina-maria-va-fi-reabilitat\/\">Sector 1 | Un parc nou, de peste 5 hectare, ar urma s\u0103 fie amenajat \u00een cartierul Henri Coand\u0103. \u0218i Parcul Regina Maria va fi reabilitat<br><\/a><\/strong><\/p>\n\n\n\n<p><\/p>\n","protected":false},"excerpt":{"rendered":"<p>Prim\u0103ria organizeaz\u0103 o pia\u021b\u0103 volant\u0103 \u00een cartierul Henri Coand\u0103 din Sectorul 1 al Capitalei, \u00een weekendul 24-26 octombrie, potrivit unui comunicat de pres\u0103 al institu\u021biei. Aceasta va func\u021biona\u00a0\u00een rondul str\u0103zii Francisc Munteanu. Astfel, doritorii de produse tradi\u021bionale vor g\u0103si aici fructe \u0219i legume proaspete, dar \u0219i preparate artizanale precum c\u00e2rna\u021bi de oaie, pastram\u0103, salamuri, crenvur\u0219ti, [&hellip;]<\/p>\n","protected":false},"author":61,"featured_media":154100,"comment_status":"closed","ping_status":"open","sticky":false,"template":"","format":"standard","meta":{"_acf_changed":false,"inline_featured_image":false,"ngg_post_thumbnail":0,"footnotes":""},"categories":[6994,1,62],"tags":[6005,17411,308],"ppma_author":[22577],"class_list":["post-154089","post","type-post","status-publish","format-standard","has-post-thumbnail","hentry","category-stiri-2","category-diverse","category-stiri","tag-henri-coanda-2","tag-piata-volanta","tag-sector-1"],"acf":[],"yoast_head":"<!-- This site is optimized with the Yoast SEO Premium plugin v25.3 (Yoast SEO v27.4) - https:\/\/yoast.com\/product\/yoast-seo-premium-wordpress\/ -->\n<title>Sector 1 | Pia\u021b\u0103 volant\u0103 \u00een cartierul Henri Coand\u0103, \u00een rondul str\u0103zii Francisc Munteanu - Buletin de Bucure\u0219ti<\/title>\n<meta name=\"description\" content=\"Prim\u0103ria organizeaz\u0103 o pia\u021b\u0103 volant\u0103 \u00een cartierul Henri Coand\u0103 din Sectorul 1 al Capitalei, potrivit unui comunicat de pres\u0103.\" \/>\n<meta name=\"robots\" content=\"index, follow, max-snippet:-1, max-image-preview:large, max-video-preview:-1\" \/>\n<link rel=\"canonical\" href=\"https:\/\/buletin.de\/bucuresti\/sector-1-piata-volanta-in-cartierul-henri-coanda-in-rondul-strazii-francisc-munteanu\/\" \/>\n<meta property=\"og:locale\" content=\"en_GB\" \/>\n<meta property=\"og:type\" content=\"article\" \/>\n<meta property=\"og:title\" content=\"Sector 1 | Pia\u021b\u0103 volant\u0103 \u00een cartierul Henri Coand\u0103, \u00een rondul str\u0103zii Francisc Munteanu\" \/>\n<meta property=\"og:description\" content=\"Prim\u0103ria organizeaz\u0103 o pia\u021b\u0103 volant\u0103 \u00een cartierul Henri Coand\u0103 din Sectorul 1 al Capitalei, potrivit unui comunicat de pres\u0103.\" \/>\n<meta property=\"og:url\" content=\"https:\/\/buletin.de\/bucuresti\/sector-1-piata-volanta-in-cartierul-henri-coanda-in-rondul-strazii-francisc-munteanu\/\" \/>\n<meta property=\"og:site_name\" content=\"Buletin de Bucure\u0219ti\" \/>\n<meta property=\"article:publisher\" content=\"https:\/\/www.facebook.com\/buletin.de.buc\" \/>\n<meta property=\"article:published_time\" content=\"2025-10-23T04:52:30+00:00\" \/>\n<meta property=\"article:modified_time\" content=\"2025-10-23T04:52:31+00:00\" \/>\n<meta property=\"og:image\" content=\"https:\/\/buletin.de\/bucuresti\/wp-content\/uploads\/2025\/10\/ID321263_INQUAM_Photos_Malina_Norocea-scaled.jpg\" \/>\n\t<meta property=\"og:image:width\" content=\"2560\" \/>\n\t<meta property=\"og:image:height\" content=\"1707\" \/>\n\t<meta property=\"og:image:type\" content=\"image\/jpeg\" \/>\n<meta name=\"author\" content=\"Alexandru Stan\" \/>\n<meta name=\"twitter:card\" content=\"summary_large_image\" \/>\n<meta name=\"twitter:label1\" content=\"Written by\" \/>\n\t<meta name=\"twitter:data1\" content=\"Alexandru Stan\" \/>\n\t<meta name=\"twitter:label2\" content=\"Estimated reading time\" \/>\n\t<meta name=\"twitter:data2\" content=\"2 minutes\" \/>\n<script type=\"application\/ld+json\" class=\"yoast-schema-graph\">{\"@context\":\"https:\\\/\\\/schema.org\",\"@graph\":[{\"@type\":\"Article\",\"@id\":\"https:\\\/\\\/buletin.de\\\/bucuresti\\\/sector-1-piata-volanta-in-cartierul-henri-coanda-in-rondul-strazii-francisc-munteanu\\\/#article\",\"isPartOf\":{\"@id\":\"https:\\\/\\\/buletin.de\\\/bucuresti\\\/sector-1-piata-volanta-in-cartierul-henri-coanda-in-rondul-strazii-francisc-munteanu\\\/\"},\"author\":{\"name\":\"Alexandru Stan\",\"@id\":\"https:\\\/\\\/buletin.de\\\/bucuresti\\\/#\\\/schema\\\/person\\\/104a46bbe8be6e336fecf63974383951\"},\"headline\":\"Sector 1 | Pia\u021b\u0103 volant\u0103 \u00een cartierul Henri Coand\u0103, \u00een rondul str\u0103zii Francisc Munteanu\",\"datePublished\":\"2025-10-23T04:52:30+00:00\",\"dateModified\":\"2025-10-23T04:52:31+00:00\",\"mainEntityOfPage\":{\"@id\":\"https:\\\/\\\/buletin.de\\\/bucuresti\\\/sector-1-piata-volanta-in-cartierul-henri-coanda-in-rondul-strazii-francisc-munteanu\\\/\"},\"wordCount\":378,\"publisher\":{\"@id\":\"https:\\\/\\\/buletin.de\\\/bucuresti\\\/#organization\"},\"image\":{\"@id\":\"https:\\\/\\\/buletin.de\\\/bucuresti\\\/sector-1-piata-volanta-in-cartierul-henri-coanda-in-rondul-strazii-francisc-munteanu\\\/#primaryimage\"},\"thumbnailUrl\":\"https:\\\/\\\/buletin.de\\\/bucuresti\\\/wp-content\\\/uploads\\\/2025\\\/10\\\/ID321263_INQUAM_Photos_Malina_Norocea-scaled.jpg\",\"keywords\":[\"henri coanda\",\"piata volanta\",\"Sector 1\"],\"articleSection\":[\"Articole\",\"Diverse\",\"\u0218tiri\"],\"inLanguage\":\"en-GB\",\"copyrightYear\":\"2025\",\"copyrightHolder\":{\"@id\":\"https:\\\/\\\/buletin.de\\\/bucuresti\\\/#organization\"}},{\"@type\":\"WebPage\",\"@id\":\"https:\\\/\\\/buletin.de\\\/bucuresti\\\/sector-1-piata-volanta-in-cartierul-henri-coanda-in-rondul-strazii-francisc-munteanu\\\/\",\"url\":\"https:\\\/\\\/buletin.de\\\/bucuresti\\\/sector-1-piata-volanta-in-cartierul-henri-coanda-in-rondul-strazii-francisc-munteanu\\\/\",\"name\":\"Sector 1 | Pia\u021b\u0103 volant\u0103 \u00een cartierul Henri Coand\u0103, \u00een rondul str\u0103zii Francisc Munteanu - Buletin de Bucure\u0219ti\",\"isPartOf\":{\"@id\":\"https:\\\/\\\/buletin.de\\\/bucuresti\\\/#website\"},\"primaryImageOfPage\":{\"@id\":\"https:\\\/\\\/buletin.de\\\/bucuresti\\\/sector-1-piata-volanta-in-cartierul-henri-coanda-in-rondul-strazii-francisc-munteanu\\\/#primaryimage\"},\"image\":{\"@id\":\"https:\\\/\\\/buletin.de\\\/bucuresti\\\/sector-1-piata-volanta-in-cartierul-henri-coanda-in-rondul-strazii-francisc-munteanu\\\/#primaryimage\"},\"thumbnailUrl\":\"https:\\\/\\\/buletin.de\\\/bucuresti\\\/wp-content\\\/uploads\\\/2025\\\/10\\\/ID321263_INQUAM_Photos_Malina_Norocea-scaled.jpg\",\"datePublished\":\"2025-10-23T04:52:30+00:00\",\"dateModified\":\"2025-10-23T04:52:31+00:00\",\"description\":\"Prim\u0103ria organizeaz\u0103 o pia\u021b\u0103 volant\u0103 \u00een cartierul Henri Coand\u0103 din Sectorul 1 al Capitalei, potrivit unui comunicat de pres\u0103.\",\"breadcrumb\":{\"@id\":\"https:\\\/\\\/buletin.de\\\/bucuresti\\\/sector-1-piata-volanta-in-cartierul-henri-coanda-in-rondul-strazii-francisc-munteanu\\\/#breadcrumb\"},\"inLanguage\":\"en-GB\",\"potentialAction\":[{\"@type\":\"ReadAction\",\"target\":[\"https:\\\/\\\/buletin.de\\\/bucuresti\\\/sector-1-piata-volanta-in-cartierul-henri-coanda-in-rondul-strazii-francisc-munteanu\\\/\"]}]},{\"@type\":\"ImageObject\",\"inLanguage\":\"en-GB\",\"@id\":\"https:\\\/\\\/buletin.de\\\/bucuresti\\\/sector-1-piata-volanta-in-cartierul-henri-coanda-in-rondul-strazii-francisc-munteanu\\\/#primaryimage\",\"url\":\"https:\\\/\\\/buletin.de\\\/bucuresti\\\/wp-content\\\/uploads\\\/2025\\\/10\\\/ID321263_INQUAM_Photos_Malina_Norocea-scaled.jpg\",\"contentUrl\":\"https:\\\/\\\/buletin.de\\\/bucuresti\\\/wp-content\\\/uploads\\\/2025\\\/10\\\/ID321263_INQUAM_Photos_Malina_Norocea-scaled.jpg\",\"width\":2560,\"height\":1707,\"caption\":\"Sector 1 | Pia\u021b\u0103 volant\u0103 \u00een cartierul Henri Coand\u0103 \u00een weekendul 24-26 octombrie \\\/ FOTO: Inquam Photos \\\/ M\u0103lina Norocea\"},{\"@type\":\"BreadcrumbList\",\"@id\":\"https:\\\/\\\/buletin.de\\\/bucuresti\\\/sector-1-piata-volanta-in-cartierul-henri-coanda-in-rondul-strazii-francisc-munteanu\\\/#breadcrumb\",\"itemListElement\":[{\"@type\":\"ListItem\",\"position\":1,\"name\":\"Acas\u0103\",\"item\":\"https:\\\/\\\/buletin.de\\\/bucuresti\\\/\"},{\"@type\":\"ListItem\",\"position\":2,\"name\":\"Sector 1 | Pia\u021b\u0103 volant\u0103 \u00een cartierul Henri Coand\u0103, \u00een rondul str\u0103zii Francisc Munteanu\"}]},{\"@type\":\"WebSite\",\"@id\":\"https:\\\/\\\/buletin.de\\\/bucuresti\\\/#website\",\"url\":\"https:\\\/\\\/buletin.de\\\/bucuresti\\\/\",\"name\":\"Buletin de Bucure\u0219ti\",\"description\":\"\u0218tiri \u0219i investiga\u021bii esen\u021biale din capital\u0103\",\"publisher\":{\"@id\":\"https:\\\/\\\/buletin.de\\\/bucuresti\\\/#organization\"},\"potentialAction\":[{\"@type\":\"SearchAction\",\"target\":{\"@type\":\"EntryPoint\",\"urlTemplate\":\"https:\\\/\\\/buletin.de\\\/bucuresti\\\/?s={search_term_string}\"},\"query-input\":{\"@type\":\"PropertyValueSpecification\",\"valueRequired\":true,\"valueName\":\"search_term_string\"}}],\"inLanguage\":\"en-GB\"},{\"@type\":\"Organization\",\"@id\":\"https:\\\/\\\/buletin.de\\\/bucuresti\\\/#organization\",\"name\":\"Buletin de Bucure\u0219ti\",\"url\":\"https:\\\/\\\/buletin.de\\\/bucuresti\\\/\",\"logo\":{\"@type\":\"ImageObject\",\"inLanguage\":\"en-GB\",\"@id\":\"https:\\\/\\\/buletin.de\\\/bucuresti\\\/#\\\/schema\\\/logo\\\/image\\\/\",\"url\":\"https:\\\/\\\/buletin.de\\\/bucuresti\\\/wp-content\\\/uploads\\\/logo-bdb-full-wide-vernil-transparent.png\",\"contentUrl\":\"https:\\\/\\\/buletin.de\\\/bucuresti\\\/wp-content\\\/uploads\\\/logo-bdb-full-wide-vernil-transparent.png\",\"width\":1782,\"height\":626,\"caption\":\"Buletin de Bucure\u0219ti\"},\"image\":{\"@id\":\"https:\\\/\\\/buletin.de\\\/bucuresti\\\/#\\\/schema\\\/logo\\\/image\\\/\"},\"sameAs\":[\"https:\\\/\\\/www.facebook.com\\\/buletin.de.buc\",\"https:\\\/\\\/www.instagram.com\\\/buletinde.bucuresti\\\/\"]},{\"@type\":\"Person\",\"@id\":\"https:\\\/\\\/buletin.de\\\/bucuresti\\\/#\\\/schema\\\/person\\\/104a46bbe8be6e336fecf63974383951\",\"name\":\"Alexandru Stan\",\"image\":{\"@type\":\"ImageObject\",\"inLanguage\":\"en-GB\",\"@id\":\"https:\\\/\\\/buletin.de\\\/bucuresti\\\/wp-content\\\/uploads\\\/2025\\\/12\\\/IMG-20251216-WA0045-e1766134343668-96x96.jpgd0ca12809ae3e1d27116a2afe8926544\",\"url\":\"https:\\\/\\\/buletin.de\\\/bucuresti\\\/wp-content\\\/uploads\\\/2025\\\/12\\\/IMG-20251216-WA0045-e1766134343668-96x96.jpg\",\"contentUrl\":\"https:\\\/\\\/buletin.de\\\/bucuresti\\\/wp-content\\\/uploads\\\/2025\\\/12\\\/IMG-20251216-WA0045-e1766134343668-96x96.jpg\",\"caption\":\"Alexandru Stan\"},\"description\":\"Sunt elev la un colegiu de prestigiu din Capital\u0103 \u0219i reporter la Buletin de Bucure\u0219ti. M-am n\u0103scut \u0219i am crescut cu m\u00e2ndrie \u00een Capital\u0103, ora\u0219 al pove\u0219tilor, al tramvaiului tras de cai \u0219i al c\u0103su\u021belor cu porti\u021b\u0103 \u0219i ci\u0219mea. Prin articolele mele, m\u0103 str\u0103duiesc s\u0103 descriu cu acurate\u021be via\u021ba din Bucure\u0219ti pe ecranele cititorilor no\u0219tri \u0219i \u00eencerc totodat\u0103 s\u0103 fac accesibile subiecte de interes general tuturor, de la mic la mare.\",\"url\":\"https:\\\/\\\/buletin.de\\\/bucuresti\\\/author\\\/alexandru-stan\\\/\"}]}<\/script>\n<!-- \/ Yoast SEO Premium plugin. -->","yoast_head_json":{"title":"Sector 1 | Pia\u021b\u0103 volant\u0103 \u00een cartierul Henri Coand\u0103, \u00een rondul str\u0103zii Francisc Munteanu - Buletin de Bucure\u0219ti","description":"Prim\u0103ria organizeaz\u0103 o pia\u021b\u0103 volant\u0103 \u00een cartierul Henri Coand\u0103 din Sectorul 1 al Capitalei, potrivit unui comunicat de pres\u0103.","robots":{"index":"index","follow":"follow","max-snippet":"max-snippet:-1","max-image-preview":"max-image-preview:large","max-video-preview":"max-video-preview:-1"},"canonical":"https:\/\/buletin.de\/bucuresti\/sector-1-piata-volanta-in-cartierul-henri-coanda-in-rondul-strazii-francisc-munteanu\/","og_locale":"en_GB","og_type":"article","og_title":"Sector 1 | Pia\u021b\u0103 volant\u0103 \u00een cartierul Henri Coand\u0103, \u00een rondul str\u0103zii Francisc Munteanu","og_description":"Prim\u0103ria organizeaz\u0103 o pia\u021b\u0103 volant\u0103 \u00een cartierul Henri Coand\u0103 din Sectorul 1 al Capitalei, potrivit unui comunicat de pres\u0103.","og_url":"https:\/\/buletin.de\/bucuresti\/sector-1-piata-volanta-in-cartierul-henri-coanda-in-rondul-strazii-francisc-munteanu\/","og_site_name":"Buletin de Bucure\u0219ti","article_publisher":"https:\/\/www.facebook.com\/buletin.de.buc","article_published_time":"2025-10-23T04:52:30+00:00","article_modified_time":"2025-10-23T04:52:31+00:00","og_image":[{"width":2560,"height":1707,"url":"https:\/\/buletin.de\/bucuresti\/wp-content\/uploads\/2025\/10\/ID321263_INQUAM_Photos_Malina_Norocea-scaled.jpg","type":"image\/jpeg"}],"author":"Alexandru Stan","twitter_card":"summary_large_image","twitter_misc":{"Written by":"Alexandru Stan","Estimated reading time":"2 minutes"},"schema":{"@context":"https:\/\/schema.org","@graph":[{"@type":"Article","@id":"https:\/\/buletin.de\/bucuresti\/sector-1-piata-volanta-in-cartierul-henri-coanda-in-rondul-strazii-francisc-munteanu\/#article","isPartOf":{"@id":"https:\/\/buletin.de\/bucuresti\/sector-1-piata-volanta-in-cartierul-henri-coanda-in-rondul-strazii-francisc-munteanu\/"},"author":{"name":"Alexandru Stan","@id":"https:\/\/buletin.de\/bucuresti\/#\/schema\/person\/104a46bbe8be6e336fecf63974383951"},"headline":"Sector 1 | Pia\u021b\u0103 volant\u0103 \u00een cartierul Henri Coand\u0103, \u00een rondul str\u0103zii Francisc Munteanu","datePublished":"2025-10-23T04:52:30+00:00","dateModified":"2025-10-23T04:52:31+00:00","mainEntityOfPage":{"@id":"https:\/\/buletin.de\/bucuresti\/sector-1-piata-volanta-in-cartierul-henri-coanda-in-rondul-strazii-francisc-munteanu\/"},"wordCount":378,"publisher":{"@id":"https:\/\/buletin.de\/bucuresti\/#organization"},"image":{"@id":"https:\/\/buletin.de\/bucuresti\/sector-1-piata-volanta-in-cartierul-henri-coanda-in-rondul-strazii-francisc-munteanu\/#primaryimage"},"thumbnailUrl":"https:\/\/buletin.de\/bucuresti\/wp-content\/uploads\/2025\/10\/ID321263_INQUAM_Photos_Malina_Norocea-scaled.jpg","keywords":["henri coanda","piata volanta","Sector 1"],"articleSection":["Articole","Diverse","\u0218tiri"],"inLanguage":"en-GB","copyrightYear":"2025","copyrightHolder":{"@id":"https:\/\/buletin.de\/bucuresti\/#organization"}},{"@type":"WebPage","@id":"https:\/\/buletin.de\/bucuresti\/sector-1-piata-volanta-in-cartierul-henri-coanda-in-rondul-strazii-francisc-munteanu\/","url":"https:\/\/buletin.de\/bucuresti\/sector-1-piata-volanta-in-cartierul-henri-coanda-in-rondul-strazii-francisc-munteanu\/","name":"Sector 1 | Pia\u021b\u0103 volant\u0103 \u00een cartierul Henri Coand\u0103, \u00een rondul str\u0103zii Francisc Munteanu - Buletin de Bucure\u0219ti","isPartOf":{"@id":"https:\/\/buletin.de\/bucuresti\/#website"},"primaryImageOfPage":{"@id":"https:\/\/buletin.de\/bucuresti\/sector-1-piata-volanta-in-cartierul-henri-coanda-in-rondul-strazii-francisc-munteanu\/#primaryimage"},"image":{"@id":"https:\/\/buletin.de\/bucuresti\/sector-1-piata-volanta-in-cartierul-henri-coanda-in-rondul-strazii-francisc-munteanu\/#primaryimage"},"thumbnailUrl":"https:\/\/buletin.de\/bucuresti\/wp-content\/uploads\/2025\/10\/ID321263_INQUAM_Photos_Malina_Norocea-scaled.jpg","datePublished":"2025-10-23T04:52:30+00:00","dateModified":"2025-10-23T04:52:31+00:00","description":"Prim\u0103ria organizeaz\u0103 o pia\u021b\u0103 volant\u0103 \u00een cartierul Henri Coand\u0103 din Sectorul 1 al Capitalei, potrivit unui comunicat de pres\u0103.","breadcrumb":{"@id":"https:\/\/buletin.de\/bucuresti\/sector-1-piata-volanta-in-cartierul-henri-coanda-in-rondul-strazii-francisc-munteanu\/#breadcrumb"},"inLanguage":"en-GB","potentialAction":[{"@type":"ReadAction","target":["https:\/\/buletin.de\/bucuresti\/sector-1-piata-volanta-in-cartierul-henri-coanda-in-rondul-strazii-francisc-munteanu\/"]}]},{"@type":"ImageObject","inLanguage":"en-GB","@id":"https:\/\/buletin.de\/bucuresti\/sector-1-piata-volanta-in-cartierul-henri-coanda-in-rondul-strazii-francisc-munteanu\/#primaryimage","url":"https:\/\/buletin.de\/bucuresti\/wp-content\/uploads\/2025\/10\/ID321263_INQUAM_Photos_Malina_Norocea-scaled.jpg","contentUrl":"https:\/\/buletin.de\/bucuresti\/wp-content\/uploads\/2025\/10\/ID321263_INQUAM_Photos_Malina_Norocea-scaled.jpg","width":2560,"height":1707,"caption":"Sector 1 | Pia\u021b\u0103 volant\u0103 \u00een cartierul Henri Coand\u0103 \u00een weekendul 24-26 octombrie \/ FOTO: Inquam Photos \/ M\u0103lina Norocea"},{"@type":"BreadcrumbList","@id":"https:\/\/buletin.de\/bucuresti\/sector-1-piata-volanta-in-cartierul-henri-coanda-in-rondul-strazii-francisc-munteanu\/#breadcrumb","itemListElement":[{"@type":"ListItem","position":1,"name":"Acas\u0103","item":"https:\/\/buletin.de\/bucuresti\/"},{"@type":"ListItem","position":2,"name":"Sector 1 | Pia\u021b\u0103 volant\u0103 \u00een cartierul Henri Coand\u0103, \u00een rondul str\u0103zii Francisc Munteanu"}]},{"@type":"WebSite","@id":"https:\/\/buletin.de\/bucuresti\/#website","url":"https:\/\/buletin.de\/bucuresti\/","name":"Buletin de Bucure\u0219ti","description":"\u0218tiri \u0219i investiga\u021bii esen\u021biale din capital\u0103","publisher":{"@id":"https:\/\/buletin.de\/bucuresti\/#organization"},"potentialAction":[{"@type":"SearchAction","target":{"@type":"EntryPoint","urlTemplate":"https:\/\/buletin.de\/bucuresti\/?s={search_term_string}"},"query-input":{"@type":"PropertyValueSpecification","valueRequired":true,"valueName":"search_term_string"}}],"inLanguage":"en-GB"},{"@type":"Organization","@id":"https:\/\/buletin.de\/bucuresti\/#organization","name":"Buletin de Bucure\u0219ti","url":"https:\/\/buletin.de\/bucuresti\/","logo":{"@type":"ImageObject","inLanguage":"en-GB","@id":"https:\/\/buletin.de\/bucuresti\/#\/schema\/logo\/image\/","url":"https:\/\/buletin.de\/bucuresti\/wp-content\/uploads\/logo-bdb-full-wide-vernil-transparent.png","contentUrl":"https:\/\/buletin.de\/bucuresti\/wp-content\/uploads\/logo-bdb-full-wide-vernil-transparent.png","width":1782,"height":626,"caption":"Buletin de Bucure\u0219ti"},"image":{"@id":"https:\/\/buletin.de\/bucuresti\/#\/schema\/logo\/image\/"},"sameAs":["https:\/\/www.facebook.com\/buletin.de.buc","https:\/\/www.instagram.com\/buletinde.bucuresti\/"]},{"@type":"Person","@id":"https:\/\/buletin.de\/bucuresti\/#\/schema\/person\/104a46bbe8be6e336fecf63974383951","name":"Alexandru Stan","image":{"@type":"ImageObject","inLanguage":"en-GB","@id":"https:\/\/buletin.de\/bucuresti\/wp-content\/uploads\/2025\/12\/IMG-20251216-WA0045-e1766134343668-96x96.jpgd0ca12809ae3e1d27116a2afe8926544","url":"https:\/\/buletin.de\/bucuresti\/wp-content\/uploads\/2025\/12\/IMG-20251216-WA0045-e1766134343668-96x96.jpg","contentUrl":"https:\/\/buletin.de\/bucuresti\/wp-content\/uploads\/2025\/12\/IMG-20251216-WA0045-e1766134343668-96x96.jpg","caption":"Alexandru Stan"},"description":"Sunt elev la un colegiu de prestigiu din Capital\u0103 \u0219i reporter la Buletin de Bucure\u0219ti. M-am n\u0103scut \u0219i am crescut cu m\u00e2ndrie \u00een Capital\u0103, ora\u0219 al pove\u0219tilor, al tramvaiului tras de cai \u0219i al c\u0103su\u021belor cu porti\u021b\u0103 \u0219i ci\u0219mea. Prin articolele mele, m\u0103 str\u0103duiesc s\u0103 descriu cu acurate\u021be via\u021ba din Bucure\u0219ti pe ecranele cititorilor no\u0219tri \u0219i \u00eencerc totodat\u0103 s\u0103 fac accesibile subiecte de interes general tuturor, de la mic la mare.","url":"https:\/\/buletin.de\/bucuresti\/author\/alexandru-stan\/"}]}},"authors":[{"term_id":22577,"user_id":61,"is_guest":0,"slug":"alexandru-stan","display_name":"Alexandru Stan","avatar_url":"https:\/\/buletin.de\/bucuresti\/wp-content\/uploads\/2025\/12\/IMG-20251216-WA0045-e1766134343668-96x96.jpg","0":null,"1":"","2":"","3":"","4":"","5":"","6":"","7":"","8":""}],"_links":{"self":[{"href":"https:\/\/buletin.de\/bucuresti\/wp-json\/wp\/v2\/posts\/154089","targetHints":{"allow":["GET"]}}],"collection":[{"href":"https:\/\/buletin.de\/bucuresti\/wp-json\/wp\/v2\/posts"}],"about":[{"href":"https:\/\/buletin.de\/bucuresti\/wp-json\/wp\/v2\/types\/post"}],"author":[{"embeddable":true,"href":"https:\/\/buletin.de\/bucuresti\/wp-json\/wp\/v2\/users\/61"}],"replies":[{"embeddable":true,"href":"https:\/\/buletin.de\/bucuresti\/wp-json\/wp\/v2\/comments?post=154089"}],"version-history":[{"count":5,"href":"https:\/\/buletin.de\/bucuresti\/wp-json\/wp\/v2\/posts\/154089\/revisions"}],"predecessor-version":[{"id":154125,"href":"https:\/\/buletin.de\/bucuresti\/wp-json\/wp\/v2\/posts\/154089\/revisions\/154125"}],"wp:featuredmedia":[{"embeddable":true,"href":"https:\/\/buletin.de\/bucuresti\/wp-json\/wp\/v2\/media\/154100"}],"wp:attachment":[{"href":"https:\/\/buletin.de\/bucuresti\/wp-json\/wp\/v2\/media?parent=154089"}],"wp:term":[{"taxonomy":"category","embeddable":true,"href":"https:\/\/buletin.de\/bucuresti\/wp-json\/wp\/v2\/categories?post=154089"},{"taxonomy":"post_tag","embeddable":true,"href":"https:\/\/buletin.de\/bucuresti\/wp-json\/wp\/v2\/tags?post=154089"},{"taxonomy":"author","embeddable":true,"href":"https:\/\/buletin.de\/bucuresti\/wp-json\/wp\/v2\/ppma_author?post=154089"}],"curies":[{"name":"wp","href":"https:\/\/api.w.org\/{rel}","templated":true}]}}