{"id":154038,"date":"2025-10-23T07:55:51","date_gmt":"2025-10-23T04:55:51","guid":{"rendered":"https:\/\/buletin.de\/bucuresti\/?p=154038"},"modified":"2025-10-23T10:17:41","modified_gmt":"2025-10-23T07:17:41","slug":"cel-mai-mare-muzeu-pe-roti-din-romania-revine-in-capitala-unde-are-loc-expozitia-automobilelor-de-epoca","status":"publish","type":"post","link":"https:\/\/buletin.de\/bucuresti\/cel-mai-mare-muzeu-pe-roti-din-romania-revine-in-capitala-unde-are-loc-expozitia-automobilelor-de-epoca\/","title":{"rendered":"Cel mai mare \u201emuzeu pe ro\u021bi&#8221; din Rom\u00e2nia revine \u00een Capital\u0103. Unde are loc expozi\u021bia automobilelor de epoc\u0103"},"content":{"rendered":"\n<p><strong><a href=\"https:\/\/www.facebook.com\/events\/1512674390158798\/?acontext=%7B%22event_action_history%22%3A[%7B%22mechanism%22%3A%22surface%22%2C%22surface%22%3A%22groups_highlight_units%22%7D]%2C%22ref_notif_type%22%3Anull%7D\">Retroparada Toamnei<\/a> 2025 sose\u0219te \u00een Capital\u0103 s\u00e2mb\u0103t\u0103, 25 octombrie. Expozi\u021bia dedicat\u0103 automobilelor de epoc\u0103 va avea loc \u00een Sectorul 4, la rotonda din Parcul Lumea Copiilor.<\/strong><\/p>\n\n\n\n<p>Bucure\u0219tenii vor putea vedea ma\u0219inile istorice \u00eencep\u00e2nd cu ora 10:00. Acestea vor defila \u0219i vor face parte din expozi\u021bia static\u0103 p\u00e2n\u0103 la ora 13:00, c\u00e2nd evenimentul va lua sf\u00e2r\u0219it. <\/p>\n\n\n\n<p>\u00cen ceea ce prive\u0219te piesele de colec\u021bie, la expozi\u021bia din Capital\u0103 sunt a\u0219teptate peste 200 de autovehicule de epoc\u0103 aflate \u00een proprietatea membrilor \u00eenscri\u0219i la filiala Bucure\u0219ti a Retromobil Club Rom\u00e2nia \u0219i nu numai. <\/p>\n\n\n\n<p>La eveniment vor participa vehicule atestate istoric dup\u0103 standardele Federa\u021biei Interna\u021bionale a Vehiculelor Istorice (FIVA), fabricate \u00eentre perioada 1920-1990, precum Aro, Renault, Oltcit, Dacia, Mercedes, Wartburg, Fiat, Ford \u0219i Trabant.<\/p>\n\n\n\n<p><strong>CITE\u0218TE \u0218I: <a href=\"https:\/\/buletin.de\/bucuresti\/protocol-de-colaborare-intre-primaria-capitalei-si-fundatia-centura-verde-pentru-implementarea-centurii-verzi-bucuresti-ilfov\/\">Protocol de colaborare \u00eentre Prim\u0103ria Capitalei \u0219i Funda\u021bia Centura Verde, pentru implementarea Centurii Verzi Bucure\u0219ti-Ilfov<\/a><\/strong><\/p>\n\n\n\n<h2 class=\"wp-block-heading\" id=\"h-accesul-la-expozi\u021bia-automobilelor-de-epoca-va-fi-gratuit\">Accesul la expozi\u021bia automobilelor de epoc\u0103 va fi gratuit<\/h2>\n\n\n\n<p><strong>Evenimentul din acest weekend organizat \u00een Parcul Lumea Copiilor este realizat cu sprijinul Prim\u0103riei Sectorului 4. Astfel, accesul la expozi\u021bie va fi gratuit, f\u0103r\u0103 a fi necesar\u0103 rezervarea unui bilet \u00eenainte.<\/strong><\/p>\n\n\n\n<p>Retroparada Toamnei, organizat\u0103 de Retromobil Club Rom\u00e2nia, are o traditie de 27 de ani. Anul acesta evenimentul se desf\u0103\u0219oar\u0103 \u00een 35 de ora\u0219e din Rom\u00e2nia \u0219i reune\u0219te \u00een total peste 2.500 de autovehicule pline de pove\u0219ti.<\/p>\n\n\n\n<p>Cu toate acestea, Capitala nu este primul loc \u00een care b\u0103tr\u00e2nele ma\u0219ini popesesc, deoarece la finalul s\u0103pt\u0103m\u00e2nilor trecute acestea au mai vizitat \u0219i alte ora\u0219e precum: Cluj, Timi\u0219oara, Oradea, Hunedoara \u0219i Arad.<\/p>\n\n\n\n<p>Dup\u0103 Bucure\u0219ti ma\u0219inile sunt programate s\u0103 viziteze \u0219i ora\u0219ele T\u00e2rgu Jiu, Bra\u0219ov, Curtea de Arge\u0219 \u0219i C\u00e2mpulung Muscel.<\/p>\n\n\n\n<p>Retroparada Toamnei este evenimentul care marcheaz\u0103 sf\u00e2r\u0219itul sezonului expozi\u021bional din calendarul Retromobil Club Rom\u00e2nia.<\/p>\n\n\n\n<p><strong>CITE\u0218TE \u0218I: <a href=\"https:\/\/buletin.de\/bucuresti\/sectorul-2-primaria-acuzata-ca-plateste-100-000-de-euro-pentru-reparatii-ce-trebuiau-facute-pe-banii-unei-firme-private-usr-am-sesizat-curtea-de-conturi\/\">Sectorul 2 | Prim\u0103ria, acuzat\u0103 c\u0103 pl\u0103te\u0219te 100.000 de euro pentru repara\u021bii ce trebuiau f\u0103cute pe banii unei firme private. Rare\u0219 Hopinc\u0103: Nu Prim\u0103ria a \u00eencheiat aceste contracte<\/a><\/strong><\/p>\n\n\n\n<p><\/p>\n","protected":false},"excerpt":{"rendered":"<p>Retroparada Toamnei 2025 sose\u0219te \u00een Capital\u0103 s\u00e2mb\u0103t\u0103, 25 octombrie. Expozi\u021bia dedicat\u0103 automobilelor de epoc\u0103 va avea loc \u00een Sectorul 4, la rotonda din Parcul Lumea Copiilor. Bucure\u0219tenii vor putea vedea ma\u0219inile istorice \u00eencep\u00e2nd cu ora 10:00. Acestea vor defila \u0219i vor face parte din expozi\u021bia static\u0103 p\u00e2n\u0103 la ora 13:00, c\u00e2nd evenimentul va lua sf\u00e2r\u0219it. [&hellip;]<\/p>\n","protected":false},"author":61,"featured_media":154047,"comment_status":"closed","ping_status":"open","sticky":false,"template":"","format":"standard","meta":{"_acf_changed":false,"inline_featured_image":false,"ngg_post_thumbnail":0,"footnotes":""},"categories":[6994,81,5762],"tags":[24349,7282,24348],"ppma_author":[22577],"class_list":["post-154038","post","type-post","status-publish","format-standard","has-post-thumbnail","hentry","category-stiri-2","category-cultura","category-main","tag-autovehicule-istorice","tag-retromobil","tag-retroparada-toamnei"],"acf":[],"yoast_head":"<!-- This site is optimized with the Yoast SEO Premium plugin v25.3 (Yoast SEO v27.4) - https:\/\/yoast.com\/product\/yoast-seo-premium-wordpress\/ -->\n<title>Cel mai mare \u201emuzeu pe ro\u021bi&quot; din Rom\u00e2nia revine \u00een Capital\u0103. Unde are loc expozi\u021bia automobilelor de epoc\u0103 - Buletin de Bucure\u0219ti<\/title>\n<meta name=\"description\" content=\"Retroparada Toamnei 2025 sose\u0219te \u00een Capital\u0103 s\u00e2mb\u0103t. Expozi\u021bia dedicat\u0103 automobilelor de epoc\u0103 va avea loc \u00een Parcul Lumea Copiilor.\" \/>\n<meta name=\"robots\" content=\"index, follow, max-snippet:-1, max-image-preview:large, max-video-preview:-1\" \/>\n<link rel=\"canonical\" href=\"https:\/\/buletin.de\/bucuresti\/cel-mai-mare-muzeu-pe-roti-din-romania-revine-in-capitala-unde-are-loc-expozitia-automobilelor-de-epoca\/\" \/>\n<meta property=\"og:locale\" content=\"en_GB\" \/>\n<meta property=\"og:type\" content=\"article\" \/>\n<meta property=\"og:title\" content=\"Cel mai mare \u201emuzeu pe ro\u021bi&quot; din Rom\u00e2nia revine \u00een Capital\u0103. Unde are loc expozi\u021bia automobilelor de epoc\u0103\" \/>\n<meta property=\"og:description\" content=\"Retroparada Toamnei 2025 sose\u0219te \u00een Capital\u0103 s\u00e2mb\u0103t. Expozi\u021bia dedicat\u0103 automobilelor de epoc\u0103 va avea loc \u00een Parcul Lumea Copiilor.\" \/>\n<meta property=\"og:url\" content=\"https:\/\/buletin.de\/bucuresti\/cel-mai-mare-muzeu-pe-roti-din-romania-revine-in-capitala-unde-are-loc-expozitia-automobilelor-de-epoca\/\" \/>\n<meta property=\"og:site_name\" content=\"Buletin de Bucure\u0219ti\" \/>\n<meta property=\"article:publisher\" content=\"https:\/\/www.facebook.com\/buletin.de.buc\" \/>\n<meta property=\"article:published_time\" content=\"2025-10-23T04:55:51+00:00\" \/>\n<meta property=\"article:modified_time\" content=\"2025-10-23T07:17:41+00:00\" \/>\n<meta property=\"og:image\" content=\"https:\/\/buletin.de\/bucuresti\/wp-content\/uploads\/2025\/10\/568766307_1194410782734671_3083259066128023256_n.jpg\" \/>\n\t<meta property=\"og:image:width\" content=\"2048\" \/>\n\t<meta property=\"og:image:height\" content=\"1366\" \/>\n\t<meta property=\"og:image:type\" content=\"image\/jpeg\" \/>\n<meta name=\"author\" content=\"Alexandru Stan\" \/>\n<meta name=\"twitter:card\" content=\"summary_large_image\" \/>\n<meta name=\"twitter:label1\" content=\"Written by\" \/>\n\t<meta name=\"twitter:data1\" content=\"Alexandru Stan\" \/>\n\t<meta name=\"twitter:label2\" content=\"Estimated reading time\" \/>\n\t<meta name=\"twitter:data2\" content=\"2 minutes\" \/>\n<script type=\"application\/ld+json\" class=\"yoast-schema-graph\">{\"@context\":\"https:\\\/\\\/schema.org\",\"@graph\":[{\"@type\":\"Article\",\"@id\":\"https:\\\/\\\/buletin.de\\\/bucuresti\\\/cel-mai-mare-muzeu-pe-roti-din-romania-revine-in-capitala-unde-are-loc-expozitia-automobilelor-de-epoca\\\/#article\",\"isPartOf\":{\"@id\":\"https:\\\/\\\/buletin.de\\\/bucuresti\\\/cel-mai-mare-muzeu-pe-roti-din-romania-revine-in-capitala-unde-are-loc-expozitia-automobilelor-de-epoca\\\/\"},\"author\":{\"name\":\"Alexandru Stan\",\"@id\":\"https:\\\/\\\/buletin.de\\\/bucuresti\\\/#\\\/schema\\\/person\\\/104a46bbe8be6e336fecf63974383951\"},\"headline\":\"Cel mai mare \u201emuzeu pe ro\u021bi&#8221; din Rom\u00e2nia revine \u00een Capital\u0103. Unde are loc expozi\u021bia automobilelor de epoc\u0103\",\"datePublished\":\"2025-10-23T04:55:51+00:00\",\"dateModified\":\"2025-10-23T07:17:41+00:00\",\"mainEntityOfPage\":{\"@id\":\"https:\\\/\\\/buletin.de\\\/bucuresti\\\/cel-mai-mare-muzeu-pe-roti-din-romania-revine-in-capitala-unde-are-loc-expozitia-automobilelor-de-epoca\\\/\"},\"wordCount\":374,\"publisher\":{\"@id\":\"https:\\\/\\\/buletin.de\\\/bucuresti\\\/#organization\"},\"image\":{\"@id\":\"https:\\\/\\\/buletin.de\\\/bucuresti\\\/cel-mai-mare-muzeu-pe-roti-din-romania-revine-in-capitala-unde-are-loc-expozitia-automobilelor-de-epoca\\\/#primaryimage\"},\"thumbnailUrl\":\"https:\\\/\\\/buletin.de\\\/bucuresti\\\/wp-content\\\/uploads\\\/2025\\\/10\\\/568766307_1194410782734671_3083259066128023256_n.jpg\",\"keywords\":[\"autovehicule istorice\",\"retromobil\",\"retroparada toamnei\"],\"articleSection\":[\"Articole\",\"Cultur\u0103\",\"Main\"],\"inLanguage\":\"en-GB\",\"copyrightYear\":\"2025\",\"copyrightHolder\":{\"@id\":\"https:\\\/\\\/buletin.de\\\/bucuresti\\\/#organization\"}},{\"@type\":\"WebPage\",\"@id\":\"https:\\\/\\\/buletin.de\\\/bucuresti\\\/cel-mai-mare-muzeu-pe-roti-din-romania-revine-in-capitala-unde-are-loc-expozitia-automobilelor-de-epoca\\\/\",\"url\":\"https:\\\/\\\/buletin.de\\\/bucuresti\\\/cel-mai-mare-muzeu-pe-roti-din-romania-revine-in-capitala-unde-are-loc-expozitia-automobilelor-de-epoca\\\/\",\"name\":\"Cel mai mare \u201emuzeu pe ro\u021bi\\\" din Rom\u00e2nia revine \u00een Capital\u0103. Unde are loc expozi\u021bia automobilelor de epoc\u0103 - Buletin de Bucure\u0219ti\",\"isPartOf\":{\"@id\":\"https:\\\/\\\/buletin.de\\\/bucuresti\\\/#website\"},\"primaryImageOfPage\":{\"@id\":\"https:\\\/\\\/buletin.de\\\/bucuresti\\\/cel-mai-mare-muzeu-pe-roti-din-romania-revine-in-capitala-unde-are-loc-expozitia-automobilelor-de-epoca\\\/#primaryimage\"},\"image\":{\"@id\":\"https:\\\/\\\/buletin.de\\\/bucuresti\\\/cel-mai-mare-muzeu-pe-roti-din-romania-revine-in-capitala-unde-are-loc-expozitia-automobilelor-de-epoca\\\/#primaryimage\"},\"thumbnailUrl\":\"https:\\\/\\\/buletin.de\\\/bucuresti\\\/wp-content\\\/uploads\\\/2025\\\/10\\\/568766307_1194410782734671_3083259066128023256_n.jpg\",\"datePublished\":\"2025-10-23T04:55:51+00:00\",\"dateModified\":\"2025-10-23T07:17:41+00:00\",\"description\":\"Retroparada Toamnei 2025 sose\u0219te \u00een Capital\u0103 s\u00e2mb\u0103t. Expozi\u021bia dedicat\u0103 automobilelor de epoc\u0103 va avea loc \u00een Parcul Lumea Copiilor.\",\"breadcrumb\":{\"@id\":\"https:\\\/\\\/buletin.de\\\/bucuresti\\\/cel-mai-mare-muzeu-pe-roti-din-romania-revine-in-capitala-unde-are-loc-expozitia-automobilelor-de-epoca\\\/#breadcrumb\"},\"inLanguage\":\"en-GB\",\"potentialAction\":[{\"@type\":\"ReadAction\",\"target\":[\"https:\\\/\\\/buletin.de\\\/bucuresti\\\/cel-mai-mare-muzeu-pe-roti-din-romania-revine-in-capitala-unde-are-loc-expozitia-automobilelor-de-epoca\\\/\"]}]},{\"@type\":\"ImageObject\",\"inLanguage\":\"en-GB\",\"@id\":\"https:\\\/\\\/buletin.de\\\/bucuresti\\\/cel-mai-mare-muzeu-pe-roti-din-romania-revine-in-capitala-unde-are-loc-expozitia-automobilelor-de-epoca\\\/#primaryimage\",\"url\":\"https:\\\/\\\/buletin.de\\\/bucuresti\\\/wp-content\\\/uploads\\\/2025\\\/10\\\/568766307_1194410782734671_3083259066128023256_n.jpg\",\"contentUrl\":\"https:\\\/\\\/buletin.de\\\/bucuresti\\\/wp-content\\\/uploads\\\/2025\\\/10\\\/568766307_1194410782734671_3083259066128023256_n.jpg\",\"width\":2048,\"height\":1366,\"caption\":\"Retroparada Toamnei se \u00eentoarce \u00een Capital\u0103, s\u00e2mb\u0103t\u0103 \\\/ FOTO: Retromobil\"},{\"@type\":\"BreadcrumbList\",\"@id\":\"https:\\\/\\\/buletin.de\\\/bucuresti\\\/cel-mai-mare-muzeu-pe-roti-din-romania-revine-in-capitala-unde-are-loc-expozitia-automobilelor-de-epoca\\\/#breadcrumb\",\"itemListElement\":[{\"@type\":\"ListItem\",\"position\":1,\"name\":\"Acas\u0103\",\"item\":\"https:\\\/\\\/buletin.de\\\/bucuresti\\\/\"},{\"@type\":\"ListItem\",\"position\":2,\"name\":\"Cel mai mare \u201emuzeu pe ro\u021bi&#8221; din Rom\u00e2nia revine \u00een Capital\u0103. Unde are loc expozi\u021bia automobilelor de epoc\u0103\"}]},{\"@type\":\"WebSite\",\"@id\":\"https:\\\/\\\/buletin.de\\\/bucuresti\\\/#website\",\"url\":\"https:\\\/\\\/buletin.de\\\/bucuresti\\\/\",\"name\":\"Buletin de Bucure\u0219ti\",\"description\":\"\u0218tiri \u0219i investiga\u021bii esen\u021biale din capital\u0103\",\"publisher\":{\"@id\":\"https:\\\/\\\/buletin.de\\\/bucuresti\\\/#organization\"},\"potentialAction\":[{\"@type\":\"SearchAction\",\"target\":{\"@type\":\"EntryPoint\",\"urlTemplate\":\"https:\\\/\\\/buletin.de\\\/bucuresti\\\/?s={search_term_string}\"},\"query-input\":{\"@type\":\"PropertyValueSpecification\",\"valueRequired\":true,\"valueName\":\"search_term_string\"}}],\"inLanguage\":\"en-GB\"},{\"@type\":\"Organization\",\"@id\":\"https:\\\/\\\/buletin.de\\\/bucuresti\\\/#organization\",\"name\":\"Buletin de Bucure\u0219ti\",\"url\":\"https:\\\/\\\/buletin.de\\\/bucuresti\\\/\",\"logo\":{\"@type\":\"ImageObject\",\"inLanguage\":\"en-GB\",\"@id\":\"https:\\\/\\\/buletin.de\\\/bucuresti\\\/#\\\/schema\\\/logo\\\/image\\\/\",\"url\":\"https:\\\/\\\/buletin.de\\\/bucuresti\\\/wp-content\\\/uploads\\\/logo-bdb-full-wide-vernil-transparent.png\",\"contentUrl\":\"https:\\\/\\\/buletin.de\\\/bucuresti\\\/wp-content\\\/uploads\\\/logo-bdb-full-wide-vernil-transparent.png\",\"width\":1782,\"height\":626,\"caption\":\"Buletin de Bucure\u0219ti\"},\"image\":{\"@id\":\"https:\\\/\\\/buletin.de\\\/bucuresti\\\/#\\\/schema\\\/logo\\\/image\\\/\"},\"sameAs\":[\"https:\\\/\\\/www.facebook.com\\\/buletin.de.buc\",\"https:\\\/\\\/www.instagram.com\\\/buletinde.bucuresti\\\/\"]},{\"@type\":\"Person\",\"@id\":\"https:\\\/\\\/buletin.de\\\/bucuresti\\\/#\\\/schema\\\/person\\\/104a46bbe8be6e336fecf63974383951\",\"name\":\"Alexandru Stan\",\"image\":{\"@type\":\"ImageObject\",\"inLanguage\":\"en-GB\",\"@id\":\"https:\\\/\\\/buletin.de\\\/bucuresti\\\/wp-content\\\/uploads\\\/2025\\\/12\\\/IMG-20251216-WA0045-e1766134343668-96x96.jpgd0ca12809ae3e1d27116a2afe8926544\",\"url\":\"https:\\\/\\\/buletin.de\\\/bucuresti\\\/wp-content\\\/uploads\\\/2025\\\/12\\\/IMG-20251216-WA0045-e1766134343668-96x96.jpg\",\"contentUrl\":\"https:\\\/\\\/buletin.de\\\/bucuresti\\\/wp-content\\\/uploads\\\/2025\\\/12\\\/IMG-20251216-WA0045-e1766134343668-96x96.jpg\",\"caption\":\"Alexandru Stan\"},\"description\":\"Sunt elev la un colegiu de prestigiu din Capital\u0103 \u0219i reporter la Buletin de Bucure\u0219ti. M-am n\u0103scut \u0219i am crescut cu m\u00e2ndrie \u00een Capital\u0103, ora\u0219 al pove\u0219tilor, al tramvaiului tras de cai \u0219i al c\u0103su\u021belor cu porti\u021b\u0103 \u0219i ci\u0219mea. Prin articolele mele, m\u0103 str\u0103duiesc s\u0103 descriu cu acurate\u021be via\u021ba din Bucure\u0219ti pe ecranele cititorilor no\u0219tri \u0219i \u00eencerc totodat\u0103 s\u0103 fac accesibile subiecte de interes general tuturor, de la mic la mare.\",\"url\":\"https:\\\/\\\/buletin.de\\\/bucuresti\\\/author\\\/alexandru-stan\\\/\"}]}<\/script>\n<!-- \/ Yoast SEO Premium plugin. -->","yoast_head_json":{"title":"Cel mai mare \u201emuzeu pe ro\u021bi\" din Rom\u00e2nia revine \u00een Capital\u0103. Unde are loc expozi\u021bia automobilelor de epoc\u0103 - Buletin de Bucure\u0219ti","description":"Retroparada Toamnei 2025 sose\u0219te \u00een Capital\u0103 s\u00e2mb\u0103t. Expozi\u021bia dedicat\u0103 automobilelor de epoc\u0103 va avea loc \u00een Parcul Lumea Copiilor.","robots":{"index":"index","follow":"follow","max-snippet":"max-snippet:-1","max-image-preview":"max-image-preview:large","max-video-preview":"max-video-preview:-1"},"canonical":"https:\/\/buletin.de\/bucuresti\/cel-mai-mare-muzeu-pe-roti-din-romania-revine-in-capitala-unde-are-loc-expozitia-automobilelor-de-epoca\/","og_locale":"en_GB","og_type":"article","og_title":"Cel mai mare \u201emuzeu pe ro\u021bi\" din Rom\u00e2nia revine \u00een Capital\u0103. Unde are loc expozi\u021bia automobilelor de epoc\u0103","og_description":"Retroparada Toamnei 2025 sose\u0219te \u00een Capital\u0103 s\u00e2mb\u0103t. Expozi\u021bia dedicat\u0103 automobilelor de epoc\u0103 va avea loc \u00een Parcul Lumea Copiilor.","og_url":"https:\/\/buletin.de\/bucuresti\/cel-mai-mare-muzeu-pe-roti-din-romania-revine-in-capitala-unde-are-loc-expozitia-automobilelor-de-epoca\/","og_site_name":"Buletin de Bucure\u0219ti","article_publisher":"https:\/\/www.facebook.com\/buletin.de.buc","article_published_time":"2025-10-23T04:55:51+00:00","article_modified_time":"2025-10-23T07:17:41+00:00","og_image":[{"width":2048,"height":1366,"url":"https:\/\/buletin.de\/bucuresti\/wp-content\/uploads\/2025\/10\/568766307_1194410782734671_3083259066128023256_n.jpg","type":"image\/jpeg"}],"author":"Alexandru Stan","twitter_card":"summary_large_image","twitter_misc":{"Written by":"Alexandru Stan","Estimated reading time":"2 minutes"},"schema":{"@context":"https:\/\/schema.org","@graph":[{"@type":"Article","@id":"https:\/\/buletin.de\/bucuresti\/cel-mai-mare-muzeu-pe-roti-din-romania-revine-in-capitala-unde-are-loc-expozitia-automobilelor-de-epoca\/#article","isPartOf":{"@id":"https:\/\/buletin.de\/bucuresti\/cel-mai-mare-muzeu-pe-roti-din-romania-revine-in-capitala-unde-are-loc-expozitia-automobilelor-de-epoca\/"},"author":{"name":"Alexandru Stan","@id":"https:\/\/buletin.de\/bucuresti\/#\/schema\/person\/104a46bbe8be6e336fecf63974383951"},"headline":"Cel mai mare \u201emuzeu pe ro\u021bi&#8221; din Rom\u00e2nia revine \u00een Capital\u0103. Unde are loc expozi\u021bia automobilelor de epoc\u0103","datePublished":"2025-10-23T04:55:51+00:00","dateModified":"2025-10-23T07:17:41+00:00","mainEntityOfPage":{"@id":"https:\/\/buletin.de\/bucuresti\/cel-mai-mare-muzeu-pe-roti-din-romania-revine-in-capitala-unde-are-loc-expozitia-automobilelor-de-epoca\/"},"wordCount":374,"publisher":{"@id":"https:\/\/buletin.de\/bucuresti\/#organization"},"image":{"@id":"https:\/\/buletin.de\/bucuresti\/cel-mai-mare-muzeu-pe-roti-din-romania-revine-in-capitala-unde-are-loc-expozitia-automobilelor-de-epoca\/#primaryimage"},"thumbnailUrl":"https:\/\/buletin.de\/bucuresti\/wp-content\/uploads\/2025\/10\/568766307_1194410782734671_3083259066128023256_n.jpg","keywords":["autovehicule istorice","retromobil","retroparada toamnei"],"articleSection":["Articole","Cultur\u0103","Main"],"inLanguage":"en-GB","copyrightYear":"2025","copyrightHolder":{"@id":"https:\/\/buletin.de\/bucuresti\/#organization"}},{"@type":"WebPage","@id":"https:\/\/buletin.de\/bucuresti\/cel-mai-mare-muzeu-pe-roti-din-romania-revine-in-capitala-unde-are-loc-expozitia-automobilelor-de-epoca\/","url":"https:\/\/buletin.de\/bucuresti\/cel-mai-mare-muzeu-pe-roti-din-romania-revine-in-capitala-unde-are-loc-expozitia-automobilelor-de-epoca\/","name":"Cel mai mare \u201emuzeu pe ro\u021bi\" din Rom\u00e2nia revine \u00een Capital\u0103. Unde are loc expozi\u021bia automobilelor de epoc\u0103 - Buletin de Bucure\u0219ti","isPartOf":{"@id":"https:\/\/buletin.de\/bucuresti\/#website"},"primaryImageOfPage":{"@id":"https:\/\/buletin.de\/bucuresti\/cel-mai-mare-muzeu-pe-roti-din-romania-revine-in-capitala-unde-are-loc-expozitia-automobilelor-de-epoca\/#primaryimage"},"image":{"@id":"https:\/\/buletin.de\/bucuresti\/cel-mai-mare-muzeu-pe-roti-din-romania-revine-in-capitala-unde-are-loc-expozitia-automobilelor-de-epoca\/#primaryimage"},"thumbnailUrl":"https:\/\/buletin.de\/bucuresti\/wp-content\/uploads\/2025\/10\/568766307_1194410782734671_3083259066128023256_n.jpg","datePublished":"2025-10-23T04:55:51+00:00","dateModified":"2025-10-23T07:17:41+00:00","description":"Retroparada Toamnei 2025 sose\u0219te \u00een Capital\u0103 s\u00e2mb\u0103t. Expozi\u021bia dedicat\u0103 automobilelor de epoc\u0103 va avea loc \u00een Parcul Lumea Copiilor.","breadcrumb":{"@id":"https:\/\/buletin.de\/bucuresti\/cel-mai-mare-muzeu-pe-roti-din-romania-revine-in-capitala-unde-are-loc-expozitia-automobilelor-de-epoca\/#breadcrumb"},"inLanguage":"en-GB","potentialAction":[{"@type":"ReadAction","target":["https:\/\/buletin.de\/bucuresti\/cel-mai-mare-muzeu-pe-roti-din-romania-revine-in-capitala-unde-are-loc-expozitia-automobilelor-de-epoca\/"]}]},{"@type":"ImageObject","inLanguage":"en-GB","@id":"https:\/\/buletin.de\/bucuresti\/cel-mai-mare-muzeu-pe-roti-din-romania-revine-in-capitala-unde-are-loc-expozitia-automobilelor-de-epoca\/#primaryimage","url":"https:\/\/buletin.de\/bucuresti\/wp-content\/uploads\/2025\/10\/568766307_1194410782734671_3083259066128023256_n.jpg","contentUrl":"https:\/\/buletin.de\/bucuresti\/wp-content\/uploads\/2025\/10\/568766307_1194410782734671_3083259066128023256_n.jpg","width":2048,"height":1366,"caption":"Retroparada Toamnei se \u00eentoarce \u00een Capital\u0103, s\u00e2mb\u0103t\u0103 \/ FOTO: Retromobil"},{"@type":"BreadcrumbList","@id":"https:\/\/buletin.de\/bucuresti\/cel-mai-mare-muzeu-pe-roti-din-romania-revine-in-capitala-unde-are-loc-expozitia-automobilelor-de-epoca\/#breadcrumb","itemListElement":[{"@type":"ListItem","position":1,"name":"Acas\u0103","item":"https:\/\/buletin.de\/bucuresti\/"},{"@type":"ListItem","position":2,"name":"Cel mai mare \u201emuzeu pe ro\u021bi&#8221; din Rom\u00e2nia revine \u00een Capital\u0103. Unde are loc expozi\u021bia automobilelor de epoc\u0103"}]},{"@type":"WebSite","@id":"https:\/\/buletin.de\/bucuresti\/#website","url":"https:\/\/buletin.de\/bucuresti\/","name":"Buletin de Bucure\u0219ti","description":"\u0218tiri \u0219i investiga\u021bii esen\u021biale din capital\u0103","publisher":{"@id":"https:\/\/buletin.de\/bucuresti\/#organization"},"potentialAction":[{"@type":"SearchAction","target":{"@type":"EntryPoint","urlTemplate":"https:\/\/buletin.de\/bucuresti\/?s={search_term_string}"},"query-input":{"@type":"PropertyValueSpecification","valueRequired":true,"valueName":"search_term_string"}}],"inLanguage":"en-GB"},{"@type":"Organization","@id":"https:\/\/buletin.de\/bucuresti\/#organization","name":"Buletin de Bucure\u0219ti","url":"https:\/\/buletin.de\/bucuresti\/","logo":{"@type":"ImageObject","inLanguage":"en-GB","@id":"https:\/\/buletin.de\/bucuresti\/#\/schema\/logo\/image\/","url":"https:\/\/buletin.de\/bucuresti\/wp-content\/uploads\/logo-bdb-full-wide-vernil-transparent.png","contentUrl":"https:\/\/buletin.de\/bucuresti\/wp-content\/uploads\/logo-bdb-full-wide-vernil-transparent.png","width":1782,"height":626,"caption":"Buletin de Bucure\u0219ti"},"image":{"@id":"https:\/\/buletin.de\/bucuresti\/#\/schema\/logo\/image\/"},"sameAs":["https:\/\/www.facebook.com\/buletin.de.buc","https:\/\/www.instagram.com\/buletinde.bucuresti\/"]},{"@type":"Person","@id":"https:\/\/buletin.de\/bucuresti\/#\/schema\/person\/104a46bbe8be6e336fecf63974383951","name":"Alexandru Stan","image":{"@type":"ImageObject","inLanguage":"en-GB","@id":"https:\/\/buletin.de\/bucuresti\/wp-content\/uploads\/2025\/12\/IMG-20251216-WA0045-e1766134343668-96x96.jpgd0ca12809ae3e1d27116a2afe8926544","url":"https:\/\/buletin.de\/bucuresti\/wp-content\/uploads\/2025\/12\/IMG-20251216-WA0045-e1766134343668-96x96.jpg","contentUrl":"https:\/\/buletin.de\/bucuresti\/wp-content\/uploads\/2025\/12\/IMG-20251216-WA0045-e1766134343668-96x96.jpg","caption":"Alexandru Stan"},"description":"Sunt elev la un colegiu de prestigiu din Capital\u0103 \u0219i reporter la Buletin de Bucure\u0219ti. M-am n\u0103scut \u0219i am crescut cu m\u00e2ndrie \u00een Capital\u0103, ora\u0219 al pove\u0219tilor, al tramvaiului tras de cai \u0219i al c\u0103su\u021belor cu porti\u021b\u0103 \u0219i ci\u0219mea. Prin articolele mele, m\u0103 str\u0103duiesc s\u0103 descriu cu acurate\u021be via\u021ba din Bucure\u0219ti pe ecranele cititorilor no\u0219tri \u0219i \u00eencerc totodat\u0103 s\u0103 fac accesibile subiecte de interes general tuturor, de la mic la mare.","url":"https:\/\/buletin.de\/bucuresti\/author\/alexandru-stan\/"}]}},"authors":[{"term_id":22577,"user_id":61,"is_guest":0,"slug":"alexandru-stan","display_name":"Alexandru Stan","avatar_url":"https:\/\/buletin.de\/bucuresti\/wp-content\/uploads\/2025\/12\/IMG-20251216-WA0045-e1766134343668-96x96.jpg","0":null,"1":"","2":"","3":"","4":"","5":"","6":"","7":"","8":""}],"_links":{"self":[{"href":"https:\/\/buletin.de\/bucuresti\/wp-json\/wp\/v2\/posts\/154038","targetHints":{"allow":["GET"]}}],"collection":[{"href":"https:\/\/buletin.de\/bucuresti\/wp-json\/wp\/v2\/posts"}],"about":[{"href":"https:\/\/buletin.de\/bucuresti\/wp-json\/wp\/v2\/types\/post"}],"author":[{"embeddable":true,"href":"https:\/\/buletin.de\/bucuresti\/wp-json\/wp\/v2\/users\/61"}],"replies":[{"embeddable":true,"href":"https:\/\/buletin.de\/bucuresti\/wp-json\/wp\/v2\/comments?post=154038"}],"version-history":[{"count":5,"href":"https:\/\/buletin.de\/bucuresti\/wp-json\/wp\/v2\/posts\/154038\/revisions"}],"predecessor-version":[{"id":154151,"href":"https:\/\/buletin.de\/bucuresti\/wp-json\/wp\/v2\/posts\/154038\/revisions\/154151"}],"wp:featuredmedia":[{"embeddable":true,"href":"https:\/\/buletin.de\/bucuresti\/wp-json\/wp\/v2\/media\/154047"}],"wp:attachment":[{"href":"https:\/\/buletin.de\/bucuresti\/wp-json\/wp\/v2\/media?parent=154038"}],"wp:term":[{"taxonomy":"category","embeddable":true,"href":"https:\/\/buletin.de\/bucuresti\/wp-json\/wp\/v2\/categories?post=154038"},{"taxonomy":"post_tag","embeddable":true,"href":"https:\/\/buletin.de\/bucuresti\/wp-json\/wp\/v2\/tags?post=154038"},{"taxonomy":"author","embeddable":true,"href":"https:\/\/buletin.de\/bucuresti\/wp-json\/wp\/v2\/ppma_author?post=154038"}],"curies":[{"name":"wp","href":"https:\/\/api.w.org\/{rel}","templated":true}]}}