{"id":15402,"date":"2020-11-18T17:13:16","date_gmt":"2020-11-18T14:13:16","guid":{"rendered":"https:\/\/buletin.de\/bucuresti\/?p=15402"},"modified":"2020-11-20T13:59:48","modified_gmt":"2020-11-20T10:59:48","slug":"tribunalul-bucuresti-a-anulat-planul-integrat-de-calitate-a-aerului-al-gabrielei-firea","status":"publish","type":"post","link":"https:\/\/buletin.de\/bucuresti\/tribunalul-bucuresti-a-anulat-planul-integrat-de-calitate-a-aerului-al-gabrielei-firea\/","title":{"rendered":"Tribunalul Bucure\u0219ti a anulat Planul Integrat de Calitate a Aerului al Gabrielei Firea"},"content":{"rendered":"\n<p><\/p>\n\n\n\n<p><strong>Hot\u0103r\u00e2rea de Consiliu General din 2018 care a dus la intrarea in vigoare a Planului Integrat de Calitate a Aerului din Capital\u0103 a fost anulat\u0103 ast\u0103zi de Tribunalul Bucure\u0219ti. Documentul a fost atacat de mai multe ONG-uri care au tras un semnal de alarma cu privire la m\u0103surile ineficiente pe care acesta le-ar con\u021bine.&nbsp;&nbsp;<\/strong><\/p>\n\n\n\n<p>Planul Integrat de Calitate a Aerului,&nbsp; despre care primarul general Gabriela Firea sus\u021bine c\u0103 este \u201c<a href=\"https:\/\/www.digi24.ro\/stiri\/actualitate\/politica\/firea-dupa-condamnarea-romaniei-pentru-poluarea-din-bucuresti-poluarea-din-capitala-nu-a-aparut-in-anul-2016-1300046\"><em>primul document strategic care cuprinde solu\u021bii reale pentru combaterea polu\u0103rii \u00een Capital\u0103!<\/em><\/a>\u201d&nbsp; a fost&nbsp; votat in Consiliul General \u00een iulie 2018. Documentul a fost atacat de societatea civil\u0103 \u00een instan\u021b\u0103 din cauza ca nu a fost fundamentat pe cifre corecte iar m\u0103surile propuse nu ar fi fost cele necesare.<\/p>\n\n\n\n<p>\u201c<em>\u00cen acest plan, Gabriela Firea a precizat c\u0103 vor fi luate \u0219i o serie de m\u0103suri de reducere a traficului f\u0103r\u0103 sa precizeze care vor fi acestea. \u00cen momentul c\u00e2nd nu precizezi care sunt acestea, practic nu \u00ee\u021bi asumi nimic. La primele termene, c\u00e2nd \u00eenc\u0103 se discuta despre taxa oxigen, sus\u021binea c\u0103 reducerea traficului se va face prin aceasta tax\u0103 oxigen. \u00cens\u0103, pe urma, chiar doamna Gabriela Firea a renun\u021bat la aceast\u0103 tax\u0103 \u0219i ne-am trezit c\u0103 tot ceea ce spusese la Tribunal nu se mai aplica pentru ca \u00een PICA nu exista obligativitatea lu\u0103rii acestei m\u0103suri<\/em>\u201d,&nbsp; a explicat pentru Buletin de Bucure\u0219ti, Marian Ivan, membru cofondator OPTAR.<\/p>\n\n\n\n<figure class=\"wp-block-image size-large\"><img fetchpriority=\"high\" decoding=\"async\" width=\"900\" height=\"698\" src=\"data:image\/gif;base64,R0lGODlhAQABAAAAACH5BAEKAAEALAAAAAABAAEAAAICTAEAOw==\" data-src=\"https:\/\/buletin.de\/bucuresti\/wp-content\/uploads\/125991907_2676972442615810_1252255985522985803_o-900x698.png\" alt=\"\" class=\"wp-image-15403 lazyload\" data-sizes=\"auto\" data-srcset=\"https:\/\/buletin.de\/bucuresti\/wp-content\/uploads\/125991907_2676972442615810_1252255985522985803_o-900x698.png 900w, https:\/\/buletin.de\/bucuresti\/wp-content\/uploads\/125991907_2676972442615810_1252255985522985803_o-300x233.png 300w, https:\/\/buletin.de\/bucuresti\/wp-content\/uploads\/125991907_2676972442615810_1252255985522985803_o-768x596.png 768w, https:\/\/buletin.de\/bucuresti\/wp-content\/uploads\/125991907_2676972442615810_1252255985522985803_o-1536x1191.png 1536w, https:\/\/buletin.de\/bucuresti\/wp-content\/uploads\/125991907_2676972442615810_1252255985522985803_o-1060x822.png 1060w, https:\/\/buletin.de\/bucuresti\/wp-content\/uploads\/125991907_2676972442615810_1252255985522985803_o-550x426.png 550w, https:\/\/buletin.de\/bucuresti\/wp-content\/uploads\/125991907_2676972442615810_1252255985522985803_o-645x500.png 645w, https:\/\/buletin.de\/bucuresti\/wp-content\/uploads\/125991907_2676972442615810_1252255985522985803_o-1393x1080.png 1393w, https:\/\/buletin.de\/bucuresti\/wp-content\/uploads\/125991907_2676972442615810_1252255985522985803_o-600x465.png 600w, https:\/\/buletin.de\/bucuresti\/wp-content\/uploads\/125991907_2676972442615810_1252255985522985803_o.png 1701w\" sizes=\"(max-width: 900px) 100vw, 900px\" \/><\/figure>\n\n\n\n<p>La toate acestea se adaug\u0103 \u0219i faptul c\u0103 planul a fost fundamentat pe studii vechi de calitate a aerului dar \u0219i c\u0103 ar fi presupus implementarea unor m\u0103suri care nu \u021bineau de administra\u021bia Capitalei.<\/p>\n\n\n\n<p>\u201c<em>Au fost incluse m\u0103suri care nu apar\u021bineau Prim\u0103riei Generale. Iar aici au inclus schimbarea validatoarelor la intrarea \u00een sta\u021biile de metrou ca m\u0103sur\u0103, cu toate c\u0103 acest lucru se \u00eent\u00e2mplase deja la intrarea \u00een vigoare a PICA<\/em>\u201d, mai spune Ivan.<\/p>\n\n\n\n<p>Planul Integrat de Calitate a Aerului a fost \u0219i pe masa Cur\u021bii de Justi\u021biei a Uniunii Europene(CJUE) ca parte a procesului prin care Rom\u00e2nia a fost condamnat\u0103 din cauza dep\u0103\u0219irilor constante ale valorilor de PM 10.<\/p>\n\n\n\n<p>Din Hot\u0103r\u00e2rea CJUE reiese <em><a href=\"https:\/\/buletin.de\/bucuresti\/cjue-romania-a-incercat-sa-ascunda-poluarea-din-bucuresti-masuratori-insuficiente-planuri-neclare-categorii-sensibile-ale-populatiei-inclusiv-copiii-uitate\/\">c\u0103 reprezentan\u021bii statului rom\u00e2n au \u00eencercat s\u0103 demonstreze c\u0103 situa\u021bia polu\u0103rii din Capital\u0103 nu este at\u00e2t de grav\u0103 pe c\u00e2t pare dar \u0219i c\u0103 PICA este incomplet \u0219i nu con\u021bine, printre altele, numele persoanelor responsabile de implementarea lui.<\/a><\/em><\/p>\n\n\n\n<p>O alt\u0103 ac\u021biune \u00een justi\u021bie este cea a organiza\u021biei Ecopolis \u0219i a Oanei Neneciu care a vizat PICA \u00een con\u021binutul s\u0103u, \u0219i nu doar cerin\u021be formale. <\/p>\n\n\n\n<p>O analiz\u0103 a Ecopolis a ar\u0103tat c\u0103 aproape toate m\u0103surile propuse \u00een PICA nu respect\u0103 cerin\u021bele legale de a fi cuantificabile \u0219i eficiente \u00een solu\u021bionarea problemelor specifice. <\/p>\n\n\n\n<p>&#8220;Ele sunt at\u00e2t de evazive \u00eenc\u00e2t este imposibil de a le fi evaluat impactul. Consecutiv, con\u021binutul Planului nu \u00ee\u0219i atinge obiectivul, iar Prim\u0103ria trebuie s\u0103 \u00eembun\u0103t\u0103\u021beasc\u0103 PICA pentru a \u00eendeplini cerin\u021bele legale prev\u0103zute \u00een Legea nr. 104\/2011 privind calitatea aerului \u00eenconjur\u0103tor \u2013 care transpune Directiva 2008\/50\/CE a Parlamentului European \u0219i a Consiliului privind calitatea aerului \u00eenconjur\u0103tor \u0219i un aer mai curat pentru Europa&#8221;, se arat\u0103 \u00eentr-un comunicat al Ecopolis.<\/p>\n\n\n\n<p>Hot\u00e2r\u00e2rea Tribunalului Bucure\u0219ti nu este definitiv\u0103 \u0219i poate fi atacat\u0103 cu recurs de reprezentan\u021bii Prim\u0103riei Generale \u0219i ai Consiliului General al Municipiului Bucure\u0219ti.<\/p>\n\n\n\n<p>FOTO: Inquam Photos<\/p>\n","protected":false},"excerpt":{"rendered":"<p>Hot\u0103r\u00e2rea de Consiliu General din 2018 care a dus la intrarea in vigoare a Planului Integrat de Calitate a Aerului din Capital\u0103 a fost anulat\u0103 ast\u0103zi de Tribunalul Bucure\u0219ti. Documentul a fost atacat de mai multe ONG-uri care au tras un semnal de alarma cu privire la m\u0103surile ineficiente pe care acesta le-ar con\u021bine.&nbsp;&nbsp; Planul [&hellip;]<\/p>\n","protected":false},"author":10,"featured_media":15404,"comment_status":"closed","ping_status":"open","sticky":false,"template":"","format":"standard","meta":{"_acf_changed":false,"inline_featured_image":false,"ngg_post_thumbnail":0,"footnotes":""},"categories":[109],"tags":[28,974,1880,1449],"ppma_author":[22575],"class_list":["post-15402","post","type-post","status-publish","format-standard","has-post-thumbnail","hentry","category-mediu","tag-firea","tag-pica","tag-plan-integrat-de-calitate-a-aerului","tag-tribunal"],"acf":[],"yoast_head":"<!-- This site is optimized with the Yoast SEO Premium plugin v25.3 (Yoast SEO v27.4) - https:\/\/yoast.com\/product\/yoast-seo-premium-wordpress\/ -->\n<title>Tribunalul Bucure\u0219ti a anulat Planul Integrat de Calitate a Aerului al Gabrielei Firea - Buletin de Bucure\u0219ti<\/title>\n<meta name=\"robots\" content=\"index, follow, max-snippet:-1, max-image-preview:large, max-video-preview:-1\" \/>\n<link rel=\"canonical\" href=\"https:\/\/buletin.de\/bucuresti\/tribunalul-bucuresti-a-anulat-planul-integrat-de-calitate-a-aerului-al-gabrielei-firea\/\" \/>\n<meta property=\"og:locale\" content=\"en_GB\" \/>\n<meta property=\"og:type\" content=\"article\" \/>\n<meta property=\"og:title\" content=\"Tribunalul Bucure\u0219ti a anulat Planul Integrat de Calitate a Aerului al Gabrielei Firea\" \/>\n<meta property=\"og:description\" content=\"Hot\u0103r\u00e2rea de Consiliu General din 2018 care a dus la intrarea in vigoare a Planului Integrat de Calitate a Aerului din Capital\u0103 a fost anulat\u0103 ast\u0103zi de Tribunalul Bucure\u0219ti. Documentul a fost atacat de mai multe ONG-uri care au tras un semnal de alarma cu privire la m\u0103surile ineficiente pe care acesta le-ar con\u021bine.&nbsp;&nbsp; Planul [&hellip;]\" \/>\n<meta property=\"og:url\" content=\"https:\/\/buletin.de\/bucuresti\/tribunalul-bucuresti-a-anulat-planul-integrat-de-calitate-a-aerului-al-gabrielei-firea\/\" \/>\n<meta property=\"og:site_name\" content=\"Buletin de Bucure\u0219ti\" \/>\n<meta property=\"article:publisher\" content=\"https:\/\/www.facebook.com\/buletin.de.buc\" \/>\n<meta property=\"article:published_time\" content=\"2020-11-18T14:13:16+00:00\" \/>\n<meta property=\"article:modified_time\" content=\"2020-11-20T10:59:48+00:00\" \/>\n<meta property=\"og:image\" content=\"https:\/\/buletin.de\/bucuresti\/wp-content\/uploads\/ID133879_INQUAM_Photos_Octav_Ganea-scaled.jpg\" \/>\n\t<meta property=\"og:image:width\" content=\"2560\" \/>\n\t<meta property=\"og:image:height\" content=\"1707\" \/>\n\t<meta property=\"og:image:type\" content=\"image\/jpeg\" \/>\n<meta name=\"author\" content=\"C\u0103t\u0103lin Dosca\u0219\" \/>\n<meta name=\"twitter:card\" content=\"summary_large_image\" \/>\n<meta name=\"twitter:label1\" content=\"Written by\" \/>\n\t<meta name=\"twitter:data1\" content=\"C\u0103t\u0103lin Dosca\u0219\" \/>\n\t<meta name=\"twitter:label2\" content=\"Estimated reading time\" \/>\n\t<meta name=\"twitter:data2\" content=\"3 minutes\" \/>\n<script type=\"application\/ld+json\" class=\"yoast-schema-graph\">{\"@context\":\"https:\\\/\\\/schema.org\",\"@graph\":[{\"@type\":\"Article\",\"@id\":\"https:\\\/\\\/buletin.de\\\/bucuresti\\\/tribunalul-bucuresti-a-anulat-planul-integrat-de-calitate-a-aerului-al-gabrielei-firea\\\/#article\",\"isPartOf\":{\"@id\":\"https:\\\/\\\/buletin.de\\\/bucuresti\\\/tribunalul-bucuresti-a-anulat-planul-integrat-de-calitate-a-aerului-al-gabrielei-firea\\\/\"},\"author\":{\"name\":\"C\u0103t\u0103lin Dosca\u0219\",\"@id\":\"https:\\\/\\\/buletin.de\\\/bucuresti\\\/#\\\/schema\\\/person\\\/31117187ed4d0bdb0a4c7d6acc79d0f8\"},\"headline\":\"Tribunalul Bucure\u0219ti a anulat Planul Integrat de Calitate a Aerului al Gabrielei Firea\",\"datePublished\":\"2020-11-18T14:13:16+00:00\",\"dateModified\":\"2020-11-20T10:59:48+00:00\",\"mainEntityOfPage\":{\"@id\":\"https:\\\/\\\/buletin.de\\\/bucuresti\\\/tribunalul-bucuresti-a-anulat-planul-integrat-de-calitate-a-aerului-al-gabrielei-firea\\\/\"},\"wordCount\":608,\"publisher\":{\"@id\":\"https:\\\/\\\/buletin.de\\\/bucuresti\\\/#organization\"},\"image\":{\"@id\":\"https:\\\/\\\/buletin.de\\\/bucuresti\\\/tribunalul-bucuresti-a-anulat-planul-integrat-de-calitate-a-aerului-al-gabrielei-firea\\\/#primaryimage\"},\"thumbnailUrl\":\"https:\\\/\\\/buletin.de\\\/bucuresti\\\/wp-content\\\/uploads\\\/ID133879_INQUAM_Photos_Octav_Ganea-scaled.jpg\",\"keywords\":[\"firea\",\"pica\",\"plan integrat de calitate a aerului\",\"tribunal\"],\"articleSection\":[\"Mediu\"],\"inLanguage\":\"en-GB\",\"copyrightYear\":\"2020\",\"copyrightHolder\":{\"@id\":\"https:\\\/\\\/buletin.de\\\/bucuresti\\\/#organization\"}},{\"@type\":\"WebPage\",\"@id\":\"https:\\\/\\\/buletin.de\\\/bucuresti\\\/tribunalul-bucuresti-a-anulat-planul-integrat-de-calitate-a-aerului-al-gabrielei-firea\\\/\",\"url\":\"https:\\\/\\\/buletin.de\\\/bucuresti\\\/tribunalul-bucuresti-a-anulat-planul-integrat-de-calitate-a-aerului-al-gabrielei-firea\\\/\",\"name\":\"Tribunalul Bucure\u0219ti a anulat Planul Integrat de Calitate a Aerului al Gabrielei Firea - Buletin de Bucure\u0219ti\",\"isPartOf\":{\"@id\":\"https:\\\/\\\/buletin.de\\\/bucuresti\\\/#website\"},\"primaryImageOfPage\":{\"@id\":\"https:\\\/\\\/buletin.de\\\/bucuresti\\\/tribunalul-bucuresti-a-anulat-planul-integrat-de-calitate-a-aerului-al-gabrielei-firea\\\/#primaryimage\"},\"image\":{\"@id\":\"https:\\\/\\\/buletin.de\\\/bucuresti\\\/tribunalul-bucuresti-a-anulat-planul-integrat-de-calitate-a-aerului-al-gabrielei-firea\\\/#primaryimage\"},\"thumbnailUrl\":\"https:\\\/\\\/buletin.de\\\/bucuresti\\\/wp-content\\\/uploads\\\/ID133879_INQUAM_Photos_Octav_Ganea-scaled.jpg\",\"datePublished\":\"2020-11-18T14:13:16+00:00\",\"dateModified\":\"2020-11-20T10:59:48+00:00\",\"breadcrumb\":{\"@id\":\"https:\\\/\\\/buletin.de\\\/bucuresti\\\/tribunalul-bucuresti-a-anulat-planul-integrat-de-calitate-a-aerului-al-gabrielei-firea\\\/#breadcrumb\"},\"inLanguage\":\"en-GB\",\"potentialAction\":[{\"@type\":\"ReadAction\",\"target\":[\"https:\\\/\\\/buletin.de\\\/bucuresti\\\/tribunalul-bucuresti-a-anulat-planul-integrat-de-calitate-a-aerului-al-gabrielei-firea\\\/\"]}]},{\"@type\":\"ImageObject\",\"inLanguage\":\"en-GB\",\"@id\":\"https:\\\/\\\/buletin.de\\\/bucuresti\\\/tribunalul-bucuresti-a-anulat-planul-integrat-de-calitate-a-aerului-al-gabrielei-firea\\\/#primaryimage\",\"url\":\"https:\\\/\\\/buletin.de\\\/bucuresti\\\/wp-content\\\/uploads\\\/ID133879_INQUAM_Photos_Octav_Ganea-scaled.jpg\",\"contentUrl\":\"https:\\\/\\\/buletin.de\\\/bucuresti\\\/wp-content\\\/uploads\\\/ID133879_INQUAM_Photos_Octav_Ganea-scaled.jpg\",\"width\":2560,\"height\":1707},{\"@type\":\"BreadcrumbList\",\"@id\":\"https:\\\/\\\/buletin.de\\\/bucuresti\\\/tribunalul-bucuresti-a-anulat-planul-integrat-de-calitate-a-aerului-al-gabrielei-firea\\\/#breadcrumb\",\"itemListElement\":[{\"@type\":\"ListItem\",\"position\":1,\"name\":\"Acas\u0103\",\"item\":\"https:\\\/\\\/buletin.de\\\/bucuresti\\\/\"},{\"@type\":\"ListItem\",\"position\":2,\"name\":\"Tribunalul Bucure\u0219ti a anulat Planul Integrat de Calitate a Aerului al Gabrielei Firea\"}]},{\"@type\":\"WebSite\",\"@id\":\"https:\\\/\\\/buletin.de\\\/bucuresti\\\/#website\",\"url\":\"https:\\\/\\\/buletin.de\\\/bucuresti\\\/\",\"name\":\"Buletin de Bucure\u0219ti\",\"description\":\"\u0218tiri \u0219i investiga\u021bii esen\u021biale din capital\u0103\",\"publisher\":{\"@id\":\"https:\\\/\\\/buletin.de\\\/bucuresti\\\/#organization\"},\"potentialAction\":[{\"@type\":\"SearchAction\",\"target\":{\"@type\":\"EntryPoint\",\"urlTemplate\":\"https:\\\/\\\/buletin.de\\\/bucuresti\\\/?s={search_term_string}\"},\"query-input\":{\"@type\":\"PropertyValueSpecification\",\"valueRequired\":true,\"valueName\":\"search_term_string\"}}],\"inLanguage\":\"en-GB\"},{\"@type\":\"Organization\",\"@id\":\"https:\\\/\\\/buletin.de\\\/bucuresti\\\/#organization\",\"name\":\"Buletin de Bucure\u0219ti\",\"url\":\"https:\\\/\\\/buletin.de\\\/bucuresti\\\/\",\"logo\":{\"@type\":\"ImageObject\",\"inLanguage\":\"en-GB\",\"@id\":\"https:\\\/\\\/buletin.de\\\/bucuresti\\\/#\\\/schema\\\/logo\\\/image\\\/\",\"url\":\"https:\\\/\\\/buletin.de\\\/bucuresti\\\/wp-content\\\/uploads\\\/logo-bdb-full-wide-vernil-transparent.png\",\"contentUrl\":\"https:\\\/\\\/buletin.de\\\/bucuresti\\\/wp-content\\\/uploads\\\/logo-bdb-full-wide-vernil-transparent.png\",\"width\":1782,\"height\":626,\"caption\":\"Buletin de Bucure\u0219ti\"},\"image\":{\"@id\":\"https:\\\/\\\/buletin.de\\\/bucuresti\\\/#\\\/schema\\\/logo\\\/image\\\/\"},\"sameAs\":[\"https:\\\/\\\/www.facebook.com\\\/buletin.de.buc\",\"https:\\\/\\\/www.instagram.com\\\/buletinde.bucuresti\\\/\"]},{\"@type\":\"Person\",\"@id\":\"https:\\\/\\\/buletin.de\\\/bucuresti\\\/#\\\/schema\\\/person\\\/31117187ed4d0bdb0a4c7d6acc79d0f8\",\"name\":\"C\u0103t\u0103lin Dosca\u0219\",\"image\":{\"@type\":\"ImageObject\",\"inLanguage\":\"en-GB\",\"@id\":\"https:\\\/\\\/buletin.de\\\/bucuresti\\\/wp-content\\\/uploads\\\/Catalin-Doscas-e1732731064764-96x96.jpga93e2943bb3b1c1f9ead823df6e6317a\",\"url\":\"https:\\\/\\\/buletin.de\\\/bucuresti\\\/wp-content\\\/uploads\\\/Catalin-Doscas-e1732731064764-96x96.jpg\",\"contentUrl\":\"https:\\\/\\\/buletin.de\\\/bucuresti\\\/wp-content\\\/uploads\\\/Catalin-Doscas-e1732731064764-96x96.jpg\",\"caption\":\"C\u0103t\u0103lin Dosca\u0219\"},\"description\":\"Reporter \u0219i redactor-\u0219ef Buletin de Bucure\u0219ti. Lucreaz\u0103 \u00een mass-media de la v\u00e2rsta de 15 ani, c\u00e2nd a publicat primele articole \u00een presa local\u0103 din Tecuci. \u00cen Bucure\u0219ti a lucrat \u00een redac\u021bii radio ca reporter, redactor \u0219i prezentator (StudentFM, Na\u021bionalFM, Radio Total, Smart FM), unde a acoperit domeniile politic, economic, social \u0219i externe. Ulterior, a fost editor-coordonator al postului Realitatea FM. Experien\u021ba \u00een jurnalismul online a dob\u00e2ndit-o la portalul B365.ro, unde a fost editor. \u00cen 2012 s-a angajat \u00een televiziune. La Realitatea TV a fost, pe r\u00e2nd, reporter la sec\u021bia Social, reporter special la emisiunea de reportaje \u0219i anchete \u201eReporterii Realit\u0103\u021bii\u201d, dar \u0219i editor al jurnalelor de \u0219tiri. Ulterior, a f\u0103cut parte din sec\u021bia de Investiga\u021bii de la Digi24 \u0219i a lucrat la campania \u201eRom\u00e2nia furat\u0103\u201d. A revenit \u00een presa scris\u0103 \u00een 2017, ca reporter special, \u00een cadrul unui proiect de repozi\u021bionare a tabloidului Libertatea \u00een cotidian generalist. Este jurnalist Buletin de Bucure\u0219ti din 2019.\",\"url\":\"https:\\\/\\\/buletin.de\\\/bucuresti\\\/author\\\/catalin\\\/\"}]}<\/script>\n<!-- \/ Yoast SEO Premium plugin. -->","yoast_head_json":{"title":"Tribunalul Bucure\u0219ti a anulat Planul Integrat de Calitate a Aerului al Gabrielei Firea - Buletin de Bucure\u0219ti","robots":{"index":"index","follow":"follow","max-snippet":"max-snippet:-1","max-image-preview":"max-image-preview:large","max-video-preview":"max-video-preview:-1"},"canonical":"https:\/\/buletin.de\/bucuresti\/tribunalul-bucuresti-a-anulat-planul-integrat-de-calitate-a-aerului-al-gabrielei-firea\/","og_locale":"en_GB","og_type":"article","og_title":"Tribunalul Bucure\u0219ti a anulat Planul Integrat de Calitate a Aerului al Gabrielei Firea","og_description":"Hot\u0103r\u00e2rea de Consiliu General din 2018 care a dus la intrarea in vigoare a Planului Integrat de Calitate a Aerului din Capital\u0103 a fost anulat\u0103 ast\u0103zi de Tribunalul Bucure\u0219ti. Documentul a fost atacat de mai multe ONG-uri care au tras un semnal de alarma cu privire la m\u0103surile ineficiente pe care acesta le-ar con\u021bine.&nbsp;&nbsp; Planul [&hellip;]","og_url":"https:\/\/buletin.de\/bucuresti\/tribunalul-bucuresti-a-anulat-planul-integrat-de-calitate-a-aerului-al-gabrielei-firea\/","og_site_name":"Buletin de Bucure\u0219ti","article_publisher":"https:\/\/www.facebook.com\/buletin.de.buc","article_published_time":"2020-11-18T14:13:16+00:00","article_modified_time":"2020-11-20T10:59:48+00:00","og_image":[{"width":2560,"height":1707,"url":"https:\/\/buletin.de\/bucuresti\/wp-content\/uploads\/ID133879_INQUAM_Photos_Octav_Ganea-scaled.jpg","type":"image\/jpeg"}],"author":"C\u0103t\u0103lin Dosca\u0219","twitter_card":"summary_large_image","twitter_misc":{"Written by":"C\u0103t\u0103lin Dosca\u0219","Estimated reading time":"3 minutes"},"schema":{"@context":"https:\/\/schema.org","@graph":[{"@type":"Article","@id":"https:\/\/buletin.de\/bucuresti\/tribunalul-bucuresti-a-anulat-planul-integrat-de-calitate-a-aerului-al-gabrielei-firea\/#article","isPartOf":{"@id":"https:\/\/buletin.de\/bucuresti\/tribunalul-bucuresti-a-anulat-planul-integrat-de-calitate-a-aerului-al-gabrielei-firea\/"},"author":{"name":"C\u0103t\u0103lin Dosca\u0219","@id":"https:\/\/buletin.de\/bucuresti\/#\/schema\/person\/31117187ed4d0bdb0a4c7d6acc79d0f8"},"headline":"Tribunalul Bucure\u0219ti a anulat Planul Integrat de Calitate a Aerului al Gabrielei Firea","datePublished":"2020-11-18T14:13:16+00:00","dateModified":"2020-11-20T10:59:48+00:00","mainEntityOfPage":{"@id":"https:\/\/buletin.de\/bucuresti\/tribunalul-bucuresti-a-anulat-planul-integrat-de-calitate-a-aerului-al-gabrielei-firea\/"},"wordCount":608,"publisher":{"@id":"https:\/\/buletin.de\/bucuresti\/#organization"},"image":{"@id":"https:\/\/buletin.de\/bucuresti\/tribunalul-bucuresti-a-anulat-planul-integrat-de-calitate-a-aerului-al-gabrielei-firea\/#primaryimage"},"thumbnailUrl":"https:\/\/buletin.de\/bucuresti\/wp-content\/uploads\/ID133879_INQUAM_Photos_Octav_Ganea-scaled.jpg","keywords":["firea","pica","plan integrat de calitate a aerului","tribunal"],"articleSection":["Mediu"],"inLanguage":"en-GB","copyrightYear":"2020","copyrightHolder":{"@id":"https:\/\/buletin.de\/bucuresti\/#organization"}},{"@type":"WebPage","@id":"https:\/\/buletin.de\/bucuresti\/tribunalul-bucuresti-a-anulat-planul-integrat-de-calitate-a-aerului-al-gabrielei-firea\/","url":"https:\/\/buletin.de\/bucuresti\/tribunalul-bucuresti-a-anulat-planul-integrat-de-calitate-a-aerului-al-gabrielei-firea\/","name":"Tribunalul Bucure\u0219ti a anulat Planul Integrat de Calitate a Aerului al Gabrielei Firea - Buletin de Bucure\u0219ti","isPartOf":{"@id":"https:\/\/buletin.de\/bucuresti\/#website"},"primaryImageOfPage":{"@id":"https:\/\/buletin.de\/bucuresti\/tribunalul-bucuresti-a-anulat-planul-integrat-de-calitate-a-aerului-al-gabrielei-firea\/#primaryimage"},"image":{"@id":"https:\/\/buletin.de\/bucuresti\/tribunalul-bucuresti-a-anulat-planul-integrat-de-calitate-a-aerului-al-gabrielei-firea\/#primaryimage"},"thumbnailUrl":"https:\/\/buletin.de\/bucuresti\/wp-content\/uploads\/ID133879_INQUAM_Photos_Octav_Ganea-scaled.jpg","datePublished":"2020-11-18T14:13:16+00:00","dateModified":"2020-11-20T10:59:48+00:00","breadcrumb":{"@id":"https:\/\/buletin.de\/bucuresti\/tribunalul-bucuresti-a-anulat-planul-integrat-de-calitate-a-aerului-al-gabrielei-firea\/#breadcrumb"},"inLanguage":"en-GB","potentialAction":[{"@type":"ReadAction","target":["https:\/\/buletin.de\/bucuresti\/tribunalul-bucuresti-a-anulat-planul-integrat-de-calitate-a-aerului-al-gabrielei-firea\/"]}]},{"@type":"ImageObject","inLanguage":"en-GB","@id":"https:\/\/buletin.de\/bucuresti\/tribunalul-bucuresti-a-anulat-planul-integrat-de-calitate-a-aerului-al-gabrielei-firea\/#primaryimage","url":"https:\/\/buletin.de\/bucuresti\/wp-content\/uploads\/ID133879_INQUAM_Photos_Octav_Ganea-scaled.jpg","contentUrl":"https:\/\/buletin.de\/bucuresti\/wp-content\/uploads\/ID133879_INQUAM_Photos_Octav_Ganea-scaled.jpg","width":2560,"height":1707},{"@type":"BreadcrumbList","@id":"https:\/\/buletin.de\/bucuresti\/tribunalul-bucuresti-a-anulat-planul-integrat-de-calitate-a-aerului-al-gabrielei-firea\/#breadcrumb","itemListElement":[{"@type":"ListItem","position":1,"name":"Acas\u0103","item":"https:\/\/buletin.de\/bucuresti\/"},{"@type":"ListItem","position":2,"name":"Tribunalul Bucure\u0219ti a anulat Planul Integrat de Calitate a Aerului al Gabrielei Firea"}]},{"@type":"WebSite","@id":"https:\/\/buletin.de\/bucuresti\/#website","url":"https:\/\/buletin.de\/bucuresti\/","name":"Buletin de Bucure\u0219ti","description":"\u0218tiri \u0219i investiga\u021bii esen\u021biale din capital\u0103","publisher":{"@id":"https:\/\/buletin.de\/bucuresti\/#organization"},"potentialAction":[{"@type":"SearchAction","target":{"@type":"EntryPoint","urlTemplate":"https:\/\/buletin.de\/bucuresti\/?s={search_term_string}"},"query-input":{"@type":"PropertyValueSpecification","valueRequired":true,"valueName":"search_term_string"}}],"inLanguage":"en-GB"},{"@type":"Organization","@id":"https:\/\/buletin.de\/bucuresti\/#organization","name":"Buletin de Bucure\u0219ti","url":"https:\/\/buletin.de\/bucuresti\/","logo":{"@type":"ImageObject","inLanguage":"en-GB","@id":"https:\/\/buletin.de\/bucuresti\/#\/schema\/logo\/image\/","url":"https:\/\/buletin.de\/bucuresti\/wp-content\/uploads\/logo-bdb-full-wide-vernil-transparent.png","contentUrl":"https:\/\/buletin.de\/bucuresti\/wp-content\/uploads\/logo-bdb-full-wide-vernil-transparent.png","width":1782,"height":626,"caption":"Buletin de Bucure\u0219ti"},"image":{"@id":"https:\/\/buletin.de\/bucuresti\/#\/schema\/logo\/image\/"},"sameAs":["https:\/\/www.facebook.com\/buletin.de.buc","https:\/\/www.instagram.com\/buletinde.bucuresti\/"]},{"@type":"Person","@id":"https:\/\/buletin.de\/bucuresti\/#\/schema\/person\/31117187ed4d0bdb0a4c7d6acc79d0f8","name":"C\u0103t\u0103lin Dosca\u0219","image":{"@type":"ImageObject","inLanguage":"en-GB","@id":"https:\/\/buletin.de\/bucuresti\/wp-content\/uploads\/Catalin-Doscas-e1732731064764-96x96.jpga93e2943bb3b1c1f9ead823df6e6317a","url":"https:\/\/buletin.de\/bucuresti\/wp-content\/uploads\/Catalin-Doscas-e1732731064764-96x96.jpg","contentUrl":"https:\/\/buletin.de\/bucuresti\/wp-content\/uploads\/Catalin-Doscas-e1732731064764-96x96.jpg","caption":"C\u0103t\u0103lin Dosca\u0219"},"description":"Reporter \u0219i redactor-\u0219ef Buletin de Bucure\u0219ti. Lucreaz\u0103 \u00een mass-media de la v\u00e2rsta de 15 ani, c\u00e2nd a publicat primele articole \u00een presa local\u0103 din Tecuci. \u00cen Bucure\u0219ti a lucrat \u00een redac\u021bii radio ca reporter, redactor \u0219i prezentator (StudentFM, Na\u021bionalFM, Radio Total, Smart FM), unde a acoperit domeniile politic, economic, social \u0219i externe. Ulterior, a fost editor-coordonator al postului Realitatea FM. Experien\u021ba \u00een jurnalismul online a dob\u00e2ndit-o la portalul B365.ro, unde a fost editor. \u00cen 2012 s-a angajat \u00een televiziune. La Realitatea TV a fost, pe r\u00e2nd, reporter la sec\u021bia Social, reporter special la emisiunea de reportaje \u0219i anchete \u201eReporterii Realit\u0103\u021bii\u201d, dar \u0219i editor al jurnalelor de \u0219tiri. Ulterior, a f\u0103cut parte din sec\u021bia de Investiga\u021bii de la Digi24 \u0219i a lucrat la campania \u201eRom\u00e2nia furat\u0103\u201d. A revenit \u00een presa scris\u0103 \u00een 2017, ca reporter special, \u00een cadrul unui proiect de repozi\u021bionare a tabloidului Libertatea \u00een cotidian generalist. Este jurnalist Buletin de Bucure\u0219ti din 2019.","url":"https:\/\/buletin.de\/bucuresti\/author\/catalin\/"}]}},"authors":[{"term_id":22575,"user_id":10,"is_guest":0,"slug":"catalin","display_name":"C\u0103t\u0103lin Dosca\u0219","avatar_url":"https:\/\/buletin.de\/bucuresti\/wp-content\/uploads\/Catalin-Doscas-e1732731064764-96x96.jpg","0":null,"1":"","2":"","3":"","4":"","5":"","6":"","7":"","8":""}],"_links":{"self":[{"href":"https:\/\/buletin.de\/bucuresti\/wp-json\/wp\/v2\/posts\/15402","targetHints":{"allow":["GET"]}}],"collection":[{"href":"https:\/\/buletin.de\/bucuresti\/wp-json\/wp\/v2\/posts"}],"about":[{"href":"https:\/\/buletin.de\/bucuresti\/wp-json\/wp\/v2\/types\/post"}],"author":[{"embeddable":true,"href":"https:\/\/buletin.de\/bucuresti\/wp-json\/wp\/v2\/users\/10"}],"replies":[{"embeddable":true,"href":"https:\/\/buletin.de\/bucuresti\/wp-json\/wp\/v2\/comments?post=15402"}],"version-history":[{"count":4,"href":"https:\/\/buletin.de\/bucuresti\/wp-json\/wp\/v2\/posts\/15402\/revisions"}],"predecessor-version":[{"id":15492,"href":"https:\/\/buletin.de\/bucuresti\/wp-json\/wp\/v2\/posts\/15402\/revisions\/15492"}],"wp:featuredmedia":[{"embeddable":true,"href":"https:\/\/buletin.de\/bucuresti\/wp-json\/wp\/v2\/media\/15404"}],"wp:attachment":[{"href":"https:\/\/buletin.de\/bucuresti\/wp-json\/wp\/v2\/media?parent=15402"}],"wp:term":[{"taxonomy":"category","embeddable":true,"href":"https:\/\/buletin.de\/bucuresti\/wp-json\/wp\/v2\/categories?post=15402"},{"taxonomy":"post_tag","embeddable":true,"href":"https:\/\/buletin.de\/bucuresti\/wp-json\/wp\/v2\/tags?post=15402"},{"taxonomy":"author","embeddable":true,"href":"https:\/\/buletin.de\/bucuresti\/wp-json\/wp\/v2\/ppma_author?post=15402"}],"curies":[{"name":"wp","href":"https:\/\/api.w.org\/{rel}","templated":true}]}}