{"id":154009,"date":"2025-10-22T19:22:08","date_gmt":"2025-10-22T16:22:08","guid":{"rendered":"https:\/\/buletin.de\/bucuresti\/?p=154009"},"modified":"2025-10-22T19:22:10","modified_gmt":"2025-10-22T16:22:10","slug":"parcul-pecineaga-propus-pentru-extindere-vecinii-dispusi-sa-vanda-terenuri-de-aproape-5-000-mp-primariei-sectorului-5","status":"publish","type":"post","link":"https:\/\/buletin.de\/bucuresti\/parcul-pecineaga-propus-pentru-extindere-vecinii-dispusi-sa-vanda-terenuri-de-aproape-5-000-mp-primariei-sectorului-5\/","title":{"rendered":"Parcul Pecineaga, propus pentru extindere. Vecinii, dispu\u0219i s\u0103 v\u00e2nd\u0103 terenuri de aproape 5.000 mp Prim\u0103riei Sectorului 5"},"content":{"rendered":"\n<p><strong>Parcul Pecineaga este propus pentru extindere, conform unui proiect aflat pe ordinea de zi a \u0219edin\u021bei Consiliului Local al Sectorului 5, care va fi discutat joi, 23 octombrie 2025. <\/strong><\/p>\n\n\n\n<p>Este vorba despre dou\u0103 loturi de teren aflate pe strada Pecineaga nr. 71C \u0219i 71D, cu suprafe\u021bele de 4.191 mp \u0219i 791 mp, ambele lipite de Parcul Pecineaga, dup\u0103 cum arat\u0103 documenta\u021bia ata\u0219at\u0103 proiectului. Datorit\u0103 pozi\u021bion\u0103rii, spa\u021biul verde actual ar putea fi extins. <\/p>\n\n\n\n<h2 class=\"wp-block-heading\" id=\"h-parcul-pecineaga-din-sectorul-5-este-propus-pentru-extindere\">Parcul Pecineaga, din Sectorul 5, este propus pentru extindere <\/h2>\n\n\n\n<p>Proprietarii celor dou\u0103 terenuri \u0219i-au exprimat, \u00een scris, disponibilitatea de a le vinde <a href=\"https:\/\/buletin.de\/bucuresti\/sector-5-aproape-13-500-000-de-euro-pentru-reamenajarea-a-doua-parcuri-din-sector\/\" target=\"_blank\" rel=\"noreferrer noopener\">Prim\u0103riei Sectorului 5<\/a>. Scopul acestei achizi\u021bii este acela de a extinde spa\u021biul verde existent, \u00een contextul deficitului de parcuri \u0219i zone verzi din sector. <\/p>\n\n\n\n<p><em>\u201eReferitor la terenul \u00een suprafa\u021b\u0103 de 4191 mp acesta este situat \u00een strada Pecineaga nr. 71C, sector 5, Bucure\u015fti, identificat cu CF nr. 238892 \u015fi este \u00eenvecinat cu Parcul Pecineaga. Referitor la terenul \u00een suprafa\u021b\u0103 de 791 mp, (suprafa\u021ba terenulur din acte 791mp. \u015fi m\u0103surat\u0103 787mp.) acesta este situat \u00een strada Pecineaga nr. 71D, sector 5, Bucure\u015fti, identificat cu CF nr. 230493, \u00eenvecinat \u015fi el astfel cu Parcul Pecineaga. (&#8230;)<\/em><\/p>\n\n\n\n<p><em>Astfel, av\u00e2nd \u00een vedere c\u0103 pe raza teritorial\u0103 a Sectorului 5 exist\u0103 foarte pu\u021bine parcuri \u015fi spa\u021bii verzi, \u00een compara\u021bie cu num\u0103rul locuitorilor, iar unul dintre obiectivele autorit\u0103\u021bilor administra\u021biei publice locale ale Sectorului 5 \u00eel constituie crearea unui climat de via\u021b\u0103 s\u0103n\u0103tos, consider\u0103m c\u0103 ar fi \u00een beneficiul locuitorilor Sectorului 5 achizi\u021bionarea, \u00een numele \u015fi pentru Municipiul Bucure\u015fti, a terenurilor situate \u00een strada Pecineaga nr. 71C, sector 5, Bucure\u015fti \u015fi strada Pecineaga nr. 71D, sector 5, Bucure\u015fti.\u201d<\/em>, se precizeaz\u0103 \u00een <a href=\"https:\/\/sector5.ro\/media\/2025\/10\/Punctul-7.pdf\" target=\"_blank\" rel=\"noreferrer noopener\">documenta\u021bia <\/a>ata\u0219at\u0103 proiectului de hot\u0103r\u00e2re.<\/p>\n\n\n\n<p>Proiectul prevede modificarea unei hot\u0103r\u00e2ri anterioare a Consiliului Local Sector 5 (nr. 231\/28.12.2022) privind constituirea Comisiei de negociere pentru achizi\u021bionarea terenului, av\u00e2nd \u00een vedere schimb\u0103rile administrative intervenite \u00een urma alegerilor locale din iunie 2024. <\/p>\n\n\n\n<p><em>\u201eAlegerile care au avut loc \u00een anul 2024 \u015fi care au determinat o nou\u0103 schimbare la nivelul institu\u021bie, suntem nevoi\u021bi s\u0103 modific\u0103m componen\u021ba comisiei \u015fi propunem spre aprobare Proiectul de Hot\u0103r\u00e2re privind modificarea comisiei cu personalul \u00eemputernicit, care va participa la activitatea de negociere a terenurilor din strada Pecineaga nr. 71C, Sector 5, Bucure\u015fti \u015fi din strada Pecineaga nr. 71D, sector 5, Bucure\u015fti.\u201d<\/em>, se mai arat\u0103 \u00een proiect. <\/p>\n\n\n\n<h2 class=\"wp-block-heading\" id=\"h-cererea-inaintata-de-proprietarii-terenurilor\">Cererea \u00eenaintat\u0103 de proprietarii terenurilor<\/h2>\n\n\n\n<p>Proprietarii terenului de 4.191 mp au \u00eenaintat, \u00een urm\u0103 cu patru ani, o cerere c\u0103tre Prim\u0103ria Sectorului 5, unde au men\u021bionat dou\u0103 op\u021biuni. <\/p>\n\n\n\n<p>\u00cen prima op\u021biune, ace\u0219tia solicit\u0103 sprijinul administra\u021biei locale ob\u021binerea avizului de mediu \u0219i a autoriza\u021biei de construire pentru un proiect de \u201ecentru comercial cu regim de \u00een\u0103l\u021bime S+P, parcare subteran\u0103, post de transformare \u0219i amenaj\u0103ri peisagistice\u201d, depus \u00een 2021 la Agen\u021bia pentru Protec\u021bia Mediului Bucure\u0219ti. <\/p>\n\n\n\n<p>Proprietarii au oferit \u0219i a doua op\u021biune, prin care s-au declarat dispu\u0219i s\u0103 v\u00e2nd\u0103 terenul Prim\u0103riei Sectorului 5, \u00een cazul \u00een care nu vor fi emise autoriza\u021bia \u0219i avizul. <\/p>\n\n\n\n<p><em>\u201e\u00cen cazul \u00een care institu\u021biile \u00een cazuza nu vor da curs solicit\u0103rii privind emiterea Avizului de Mediu \u015fi ulterior a emiterii Autoriza\u021biei de Construire v\u0103 rug\u0103m s\u0103 aproba\u021bi cump\u0103rarea terenului. V\u0103 inform\u0103m c\u0103 suntem dispu\u015fi s\u0103 vindem terenul \u00een suprafa\u021b\u0103 de 4.191 mp descris \u00een cele ce urmeaz\u0103 c\u0103tre Prim\u0103ria Sectorului 5 la pre\u021bul men\u021bionat \u00een Grila Notarilor Publici. Conform Grilei Notarilor Publici \u00een anul 2022 terenul se \u00eencadreaz\u0103 \u00een zona 56 &#8211; B3 \u015fi are pre\u021bul de 449 Euro\/mp.\u201d<\/em>, au precizat proprietarii \u00een cererea \u00eenaintat\u0103 administra\u021biei locale. <\/p>\n\n\n\n<p>\u00cen continuare, proprietarii au ata\u0219at descrierea terenului, precum \u0219i actele aferente. A fost ata\u0219at\u0103 \u0219i documenta\u021bia terenului de 791 mp (\u00een acte), m\u0103surat la 787 mp. <\/p>\n\n\n\n<p>CITE\u0218TE \u0218I <a href=\"https:\/\/buletin.de\/bucuresti\/protocol-de-colaborare-intre-primaria-capitalei-si-fundatia-centura-verde-pentru-implementarea-centurii-verzi-bucuresti-ilfov\/\" target=\"_blank\" rel=\"noreferrer noopener\">Protocol de colaborare \u00eentre Prim\u0103ria Capitalei \u0219i Funda\u021bia Centura Verde, pentru implementarea Centurii Verzi Bucure\u0219ti-Ilfov<\/a><\/p>\n\n\n\n<p><\/p>\n\n\n\n<p><\/p>\n\n\n\n<p><\/p>\n\n\n\n<p><\/p>\n\n\n\n<p><\/p>\n\n\n\n<p><\/p>\n","protected":false},"excerpt":{"rendered":"<p>Parcul Pecineaga este propus pentru extindere, conform unui proiect aflat pe ordinea de zi a \u0219edin\u021bei Consiliului Local al Sectorului 5, care va fi discutat joi, 23 octombrie 2025. Este vorba despre dou\u0103 loturi de teren aflate pe strada Pecineaga nr. 71C \u0219i 71D, cu suprafe\u021bele de 4.191 mp \u0219i 791 mp, ambele lipite de [&hellip;]<\/p>\n","protected":false},"author":65,"featured_media":154019,"comment_status":"closed","ping_status":"open","sticky":false,"template":"","format":"standard","meta":{"_acf_changed":false,"inline_featured_image":false,"ngg_post_thumbnail":0,"footnotes":""},"categories":[6994,5762,24],"tags":[14468,8702,188],"ppma_author":[23912],"class_list":["post-154009","post","type-post","status-publish","format-standard","has-post-thumbnail","hentry","category-stiri-2","category-main","category-primarie","tag-consiliu-local-sector-5","tag-parcul-pecineaga","tag-sector-5"],"acf":[],"yoast_head":"<!-- This site is optimized with the Yoast SEO Premium plugin v25.3 (Yoast SEO v27.4) - https:\/\/yoast.com\/product\/yoast-seo-premium-wordpress\/ -->\n<title>Parcul Pecineaga, propus pentru extindere. Vecinii, dispu\u0219i s\u0103 v\u00e2nd\u0103 terenuri de aproape 5.000 mp Prim\u0103riei Sectorului 5 - Buletin de Bucure\u0219ti<\/title>\n<meta name=\"description\" content=\"Parcul Pecineaga este propus pentru extindere, conform unui proiect aflat pe ordinea de zi a \u0219edin\u021bei Consiliului Local al Sectorului 5.\" \/>\n<meta name=\"robots\" content=\"index, follow, max-snippet:-1, max-image-preview:large, max-video-preview:-1\" \/>\n<link rel=\"canonical\" href=\"https:\/\/buletin.de\/bucuresti\/parcul-pecineaga-propus-pentru-extindere-vecinii-dispusi-sa-vanda-terenuri-de-aproape-5-000-mp-primariei-sectorului-5\/\" \/>\n<meta property=\"og:locale\" content=\"en_GB\" \/>\n<meta property=\"og:type\" content=\"article\" \/>\n<meta property=\"og:title\" content=\"Parcul Pecineaga, propus pentru extindere. Vecinii, dispu\u0219i s\u0103 v\u00e2nd\u0103 terenuri de aproape 5.000 mp Prim\u0103riei Sectorului 5\" \/>\n<meta property=\"og:description\" content=\"Parcul Pecineaga este propus pentru extindere, conform unui proiect aflat pe ordinea de zi a \u0219edin\u021bei Consiliului Local al Sectorului 5.\" \/>\n<meta property=\"og:url\" content=\"https:\/\/buletin.de\/bucuresti\/parcul-pecineaga-propus-pentru-extindere-vecinii-dispusi-sa-vanda-terenuri-de-aproape-5-000-mp-primariei-sectorului-5\/\" \/>\n<meta property=\"og:site_name\" content=\"Buletin de Bucure\u0219ti\" \/>\n<meta property=\"article:publisher\" content=\"https:\/\/www.facebook.com\/buletin.de.buc\" \/>\n<meta property=\"article:published_time\" content=\"2025-10-22T16:22:08+00:00\" \/>\n<meta property=\"article:modified_time\" content=\"2025-10-22T16:22:10+00:00\" \/>\n<meta property=\"og:image\" content=\"https:\/\/buletin.de\/bucuresti\/wp-content\/uploads\/2025\/10\/Parcul-Pecineaga-Sector-5.jpg\" \/>\n\t<meta property=\"og:image:width\" content=\"1200\" \/>\n\t<meta property=\"og:image:height\" content=\"717\" \/>\n\t<meta property=\"og:image:type\" content=\"image\/jpeg\" \/>\n<meta name=\"author\" content=\"Andreea St\u0103n\u0103r\u00eeng\u0103\" \/>\n<meta name=\"twitter:card\" content=\"summary_large_image\" \/>\n<meta name=\"twitter:label1\" content=\"Written by\" \/>\n\t<meta name=\"twitter:data1\" content=\"Andreea St\u0103n\u0103r\u00eeng\u0103\" \/>\n\t<meta name=\"twitter:label2\" content=\"Estimated reading time\" \/>\n\t<meta name=\"twitter:data2\" content=\"3 minutes\" \/>\n<script type=\"application\/ld+json\" class=\"yoast-schema-graph\">{\"@context\":\"https:\\\/\\\/schema.org\",\"@graph\":[{\"@type\":\"Article\",\"@id\":\"https:\\\/\\\/buletin.de\\\/bucuresti\\\/parcul-pecineaga-propus-pentru-extindere-vecinii-dispusi-sa-vanda-terenuri-de-aproape-5-000-mp-primariei-sectorului-5\\\/#article\",\"isPartOf\":{\"@id\":\"https:\\\/\\\/buletin.de\\\/bucuresti\\\/parcul-pecineaga-propus-pentru-extindere-vecinii-dispusi-sa-vanda-terenuri-de-aproape-5-000-mp-primariei-sectorului-5\\\/\"},\"author\":{\"name\":\"Andreea St\u0103n\u0103r\u00eeng\u0103\",\"@id\":\"https:\\\/\\\/buletin.de\\\/bucuresti\\\/#\\\/schema\\\/person\\\/81421a46fb84a0887cfd2238f5202586\"},\"headline\":\"Parcul Pecineaga, propus pentru extindere. Vecinii, dispu\u0219i s\u0103 v\u00e2nd\u0103 terenuri de aproape 5.000 mp Prim\u0103riei Sectorului 5\",\"datePublished\":\"2025-10-22T16:22:08+00:00\",\"dateModified\":\"2025-10-22T16:22:10+00:00\",\"mainEntityOfPage\":{\"@id\":\"https:\\\/\\\/buletin.de\\\/bucuresti\\\/parcul-pecineaga-propus-pentru-extindere-vecinii-dispusi-sa-vanda-terenuri-de-aproape-5-000-mp-primariei-sectorului-5\\\/\"},\"wordCount\":679,\"publisher\":{\"@id\":\"https:\\\/\\\/buletin.de\\\/bucuresti\\\/#organization\"},\"image\":{\"@id\":\"https:\\\/\\\/buletin.de\\\/bucuresti\\\/parcul-pecineaga-propus-pentru-extindere-vecinii-dispusi-sa-vanda-terenuri-de-aproape-5-000-mp-primariei-sectorului-5\\\/#primaryimage\"},\"thumbnailUrl\":\"https:\\\/\\\/buletin.de\\\/bucuresti\\\/wp-content\\\/uploads\\\/2025\\\/10\\\/Parcul-Pecineaga-Sector-5.jpg\",\"keywords\":[\"consiliu local sector 5\",\"parcul pecineaga\",\"Sector 5\"],\"articleSection\":[\"Articole\",\"Main\",\"Prim\u0103rie\"],\"inLanguage\":\"en-GB\",\"copyrightYear\":\"2025\",\"copyrightHolder\":{\"@id\":\"https:\\\/\\\/buletin.de\\\/bucuresti\\\/#organization\"}},{\"@type\":\"WebPage\",\"@id\":\"https:\\\/\\\/buletin.de\\\/bucuresti\\\/parcul-pecineaga-propus-pentru-extindere-vecinii-dispusi-sa-vanda-terenuri-de-aproape-5-000-mp-primariei-sectorului-5\\\/\",\"url\":\"https:\\\/\\\/buletin.de\\\/bucuresti\\\/parcul-pecineaga-propus-pentru-extindere-vecinii-dispusi-sa-vanda-terenuri-de-aproape-5-000-mp-primariei-sectorului-5\\\/\",\"name\":\"Parcul Pecineaga, propus pentru extindere. Vecinii, dispu\u0219i s\u0103 v\u00e2nd\u0103 terenuri de aproape 5.000 mp Prim\u0103riei Sectorului 5 - Buletin de Bucure\u0219ti\",\"isPartOf\":{\"@id\":\"https:\\\/\\\/buletin.de\\\/bucuresti\\\/#website\"},\"primaryImageOfPage\":{\"@id\":\"https:\\\/\\\/buletin.de\\\/bucuresti\\\/parcul-pecineaga-propus-pentru-extindere-vecinii-dispusi-sa-vanda-terenuri-de-aproape-5-000-mp-primariei-sectorului-5\\\/#primaryimage\"},\"image\":{\"@id\":\"https:\\\/\\\/buletin.de\\\/bucuresti\\\/parcul-pecineaga-propus-pentru-extindere-vecinii-dispusi-sa-vanda-terenuri-de-aproape-5-000-mp-primariei-sectorului-5\\\/#primaryimage\"},\"thumbnailUrl\":\"https:\\\/\\\/buletin.de\\\/bucuresti\\\/wp-content\\\/uploads\\\/2025\\\/10\\\/Parcul-Pecineaga-Sector-5.jpg\",\"datePublished\":\"2025-10-22T16:22:08+00:00\",\"dateModified\":\"2025-10-22T16:22:10+00:00\",\"description\":\"Parcul Pecineaga este propus pentru extindere, conform unui proiect aflat pe ordinea de zi a \u0219edin\u021bei Consiliului Local al Sectorului 5.\",\"breadcrumb\":{\"@id\":\"https:\\\/\\\/buletin.de\\\/bucuresti\\\/parcul-pecineaga-propus-pentru-extindere-vecinii-dispusi-sa-vanda-terenuri-de-aproape-5-000-mp-primariei-sectorului-5\\\/#breadcrumb\"},\"inLanguage\":\"en-GB\",\"potentialAction\":[{\"@type\":\"ReadAction\",\"target\":[\"https:\\\/\\\/buletin.de\\\/bucuresti\\\/parcul-pecineaga-propus-pentru-extindere-vecinii-dispusi-sa-vanda-terenuri-de-aproape-5-000-mp-primariei-sectorului-5\\\/\"]}]},{\"@type\":\"ImageObject\",\"inLanguage\":\"en-GB\",\"@id\":\"https:\\\/\\\/buletin.de\\\/bucuresti\\\/parcul-pecineaga-propus-pentru-extindere-vecinii-dispusi-sa-vanda-terenuri-de-aproape-5-000-mp-primariei-sectorului-5\\\/#primaryimage\",\"url\":\"https:\\\/\\\/buletin.de\\\/bucuresti\\\/wp-content\\\/uploads\\\/2025\\\/10\\\/Parcul-Pecineaga-Sector-5.jpg\",\"contentUrl\":\"https:\\\/\\\/buletin.de\\\/bucuresti\\\/wp-content\\\/uploads\\\/2025\\\/10\\\/Parcul-Pecineaga-Sector-5.jpg\",\"width\":1200,\"height\":717,\"caption\":\"Parcul Pecineaga ar putea fi extins: proprietarii sunt dispu\u0219i s\u0103-\u0219i v\u00e2nd\u0103 terenurile Prim\u0103riei Sectorului 5. Foto: documente PS5\"},{\"@type\":\"BreadcrumbList\",\"@id\":\"https:\\\/\\\/buletin.de\\\/bucuresti\\\/parcul-pecineaga-propus-pentru-extindere-vecinii-dispusi-sa-vanda-terenuri-de-aproape-5-000-mp-primariei-sectorului-5\\\/#breadcrumb\",\"itemListElement\":[{\"@type\":\"ListItem\",\"position\":1,\"name\":\"Acas\u0103\",\"item\":\"https:\\\/\\\/buletin.de\\\/bucuresti\\\/\"},{\"@type\":\"ListItem\",\"position\":2,\"name\":\"Parcul Pecineaga, propus pentru extindere. Vecinii, dispu\u0219i s\u0103 v\u00e2nd\u0103 terenuri de aproape 5.000 mp Prim\u0103riei Sectorului 5\"}]},{\"@type\":\"WebSite\",\"@id\":\"https:\\\/\\\/buletin.de\\\/bucuresti\\\/#website\",\"url\":\"https:\\\/\\\/buletin.de\\\/bucuresti\\\/\",\"name\":\"Buletin de Bucure\u0219ti\",\"description\":\"\u0218tiri \u0219i investiga\u021bii esen\u021biale din capital\u0103\",\"publisher\":{\"@id\":\"https:\\\/\\\/buletin.de\\\/bucuresti\\\/#organization\"},\"potentialAction\":[{\"@type\":\"SearchAction\",\"target\":{\"@type\":\"EntryPoint\",\"urlTemplate\":\"https:\\\/\\\/buletin.de\\\/bucuresti\\\/?s={search_term_string}\"},\"query-input\":{\"@type\":\"PropertyValueSpecification\",\"valueRequired\":true,\"valueName\":\"search_term_string\"}}],\"inLanguage\":\"en-GB\"},{\"@type\":\"Organization\",\"@id\":\"https:\\\/\\\/buletin.de\\\/bucuresti\\\/#organization\",\"name\":\"Buletin de Bucure\u0219ti\",\"url\":\"https:\\\/\\\/buletin.de\\\/bucuresti\\\/\",\"logo\":{\"@type\":\"ImageObject\",\"inLanguage\":\"en-GB\",\"@id\":\"https:\\\/\\\/buletin.de\\\/bucuresti\\\/#\\\/schema\\\/logo\\\/image\\\/\",\"url\":\"https:\\\/\\\/buletin.de\\\/bucuresti\\\/wp-content\\\/uploads\\\/logo-bdb-full-wide-vernil-transparent.png\",\"contentUrl\":\"https:\\\/\\\/buletin.de\\\/bucuresti\\\/wp-content\\\/uploads\\\/logo-bdb-full-wide-vernil-transparent.png\",\"width\":1782,\"height\":626,\"caption\":\"Buletin de Bucure\u0219ti\"},\"image\":{\"@id\":\"https:\\\/\\\/buletin.de\\\/bucuresti\\\/#\\\/schema\\\/logo\\\/image\\\/\"},\"sameAs\":[\"https:\\\/\\\/www.facebook.com\\\/buletin.de.buc\",\"https:\\\/\\\/www.instagram.com\\\/buletinde.bucuresti\\\/\"]},{\"@type\":\"Person\",\"@id\":\"https:\\\/\\\/buletin.de\\\/bucuresti\\\/#\\\/schema\\\/person\\\/81421a46fb84a0887cfd2238f5202586\",\"name\":\"Andreea St\u0103n\u0103r\u00eeng\u0103\",\"image\":{\"@type\":\"ImageObject\",\"inLanguage\":\"en-GB\",\"@id\":\"https:\\\/\\\/secure.gravatar.com\\\/avatar\\\/dfa8d227a4388fad0f0bb03add04b5b176f4da34397dbb2eadc563b3d7162ce0?s=96&d=monsterid&r=g72784372b39ffe5a98a45288fe0d0e8a\",\"url\":\"https:\\\/\\\/secure.gravatar.com\\\/avatar\\\/dfa8d227a4388fad0f0bb03add04b5b176f4da34397dbb2eadc563b3d7162ce0?s=96&d=monsterid&r=g\",\"contentUrl\":\"https:\\\/\\\/secure.gravatar.com\\\/avatar\\\/dfa8d227a4388fad0f0bb03add04b5b176f4da34397dbb2eadc563b3d7162ce0?s=96&d=monsterid&r=g\",\"caption\":\"Andreea St\u0103n\u0103r\u00eeng\u0103\"},\"description\":\"Cu o experien\u021b\u0103 de peste 5 ani \u00een pres\u0103, face parte din echipa Buletin de Bucure\u0219ti din septembrie 2025. A colaborat cu c\u00e2teva publica\u021bii, printre care \u0219i Fanatik.ro, unde s-a ocupat de \u0219tiri de lifestyle \u0219i de actualitate. A f\u0103cut un pas c\u0103tre presa local\u0103 pentru a explora Bucure\u0219tiul \u0219i pove\u0219tile care merit\u0103 spuse.\",\"url\":\"https:\\\/\\\/buletin.de\\\/bucuresti\\\/author\\\/andreea-stanaranga\\\/\"}]}<\/script>\n<!-- \/ Yoast SEO Premium plugin. -->","yoast_head_json":{"title":"Parcul Pecineaga, propus pentru extindere. Vecinii, dispu\u0219i s\u0103 v\u00e2nd\u0103 terenuri de aproape 5.000 mp Prim\u0103riei Sectorului 5 - Buletin de Bucure\u0219ti","description":"Parcul Pecineaga este propus pentru extindere, conform unui proiect aflat pe ordinea de zi a \u0219edin\u021bei Consiliului Local al Sectorului 5.","robots":{"index":"index","follow":"follow","max-snippet":"max-snippet:-1","max-image-preview":"max-image-preview:large","max-video-preview":"max-video-preview:-1"},"canonical":"https:\/\/buletin.de\/bucuresti\/parcul-pecineaga-propus-pentru-extindere-vecinii-dispusi-sa-vanda-terenuri-de-aproape-5-000-mp-primariei-sectorului-5\/","og_locale":"en_GB","og_type":"article","og_title":"Parcul Pecineaga, propus pentru extindere. Vecinii, dispu\u0219i s\u0103 v\u00e2nd\u0103 terenuri de aproape 5.000 mp Prim\u0103riei Sectorului 5","og_description":"Parcul Pecineaga este propus pentru extindere, conform unui proiect aflat pe ordinea de zi a \u0219edin\u021bei Consiliului Local al Sectorului 5.","og_url":"https:\/\/buletin.de\/bucuresti\/parcul-pecineaga-propus-pentru-extindere-vecinii-dispusi-sa-vanda-terenuri-de-aproape-5-000-mp-primariei-sectorului-5\/","og_site_name":"Buletin de Bucure\u0219ti","article_publisher":"https:\/\/www.facebook.com\/buletin.de.buc","article_published_time":"2025-10-22T16:22:08+00:00","article_modified_time":"2025-10-22T16:22:10+00:00","og_image":[{"width":1200,"height":717,"url":"https:\/\/buletin.de\/bucuresti\/wp-content\/uploads\/2025\/10\/Parcul-Pecineaga-Sector-5.jpg","type":"image\/jpeg"}],"author":"Andreea St\u0103n\u0103r\u00eeng\u0103","twitter_card":"summary_large_image","twitter_misc":{"Written by":"Andreea St\u0103n\u0103r\u00eeng\u0103","Estimated reading time":"3 minutes"},"schema":{"@context":"https:\/\/schema.org","@graph":[{"@type":"Article","@id":"https:\/\/buletin.de\/bucuresti\/parcul-pecineaga-propus-pentru-extindere-vecinii-dispusi-sa-vanda-terenuri-de-aproape-5-000-mp-primariei-sectorului-5\/#article","isPartOf":{"@id":"https:\/\/buletin.de\/bucuresti\/parcul-pecineaga-propus-pentru-extindere-vecinii-dispusi-sa-vanda-terenuri-de-aproape-5-000-mp-primariei-sectorului-5\/"},"author":{"name":"Andreea St\u0103n\u0103r\u00eeng\u0103","@id":"https:\/\/buletin.de\/bucuresti\/#\/schema\/person\/81421a46fb84a0887cfd2238f5202586"},"headline":"Parcul Pecineaga, propus pentru extindere. Vecinii, dispu\u0219i s\u0103 v\u00e2nd\u0103 terenuri de aproape 5.000 mp Prim\u0103riei Sectorului 5","datePublished":"2025-10-22T16:22:08+00:00","dateModified":"2025-10-22T16:22:10+00:00","mainEntityOfPage":{"@id":"https:\/\/buletin.de\/bucuresti\/parcul-pecineaga-propus-pentru-extindere-vecinii-dispusi-sa-vanda-terenuri-de-aproape-5-000-mp-primariei-sectorului-5\/"},"wordCount":679,"publisher":{"@id":"https:\/\/buletin.de\/bucuresti\/#organization"},"image":{"@id":"https:\/\/buletin.de\/bucuresti\/parcul-pecineaga-propus-pentru-extindere-vecinii-dispusi-sa-vanda-terenuri-de-aproape-5-000-mp-primariei-sectorului-5\/#primaryimage"},"thumbnailUrl":"https:\/\/buletin.de\/bucuresti\/wp-content\/uploads\/2025\/10\/Parcul-Pecineaga-Sector-5.jpg","keywords":["consiliu local sector 5","parcul pecineaga","Sector 5"],"articleSection":["Articole","Main","Prim\u0103rie"],"inLanguage":"en-GB","copyrightYear":"2025","copyrightHolder":{"@id":"https:\/\/buletin.de\/bucuresti\/#organization"}},{"@type":"WebPage","@id":"https:\/\/buletin.de\/bucuresti\/parcul-pecineaga-propus-pentru-extindere-vecinii-dispusi-sa-vanda-terenuri-de-aproape-5-000-mp-primariei-sectorului-5\/","url":"https:\/\/buletin.de\/bucuresti\/parcul-pecineaga-propus-pentru-extindere-vecinii-dispusi-sa-vanda-terenuri-de-aproape-5-000-mp-primariei-sectorului-5\/","name":"Parcul Pecineaga, propus pentru extindere. Vecinii, dispu\u0219i s\u0103 v\u00e2nd\u0103 terenuri de aproape 5.000 mp Prim\u0103riei Sectorului 5 - Buletin de Bucure\u0219ti","isPartOf":{"@id":"https:\/\/buletin.de\/bucuresti\/#website"},"primaryImageOfPage":{"@id":"https:\/\/buletin.de\/bucuresti\/parcul-pecineaga-propus-pentru-extindere-vecinii-dispusi-sa-vanda-terenuri-de-aproape-5-000-mp-primariei-sectorului-5\/#primaryimage"},"image":{"@id":"https:\/\/buletin.de\/bucuresti\/parcul-pecineaga-propus-pentru-extindere-vecinii-dispusi-sa-vanda-terenuri-de-aproape-5-000-mp-primariei-sectorului-5\/#primaryimage"},"thumbnailUrl":"https:\/\/buletin.de\/bucuresti\/wp-content\/uploads\/2025\/10\/Parcul-Pecineaga-Sector-5.jpg","datePublished":"2025-10-22T16:22:08+00:00","dateModified":"2025-10-22T16:22:10+00:00","description":"Parcul Pecineaga este propus pentru extindere, conform unui proiect aflat pe ordinea de zi a \u0219edin\u021bei Consiliului Local al Sectorului 5.","breadcrumb":{"@id":"https:\/\/buletin.de\/bucuresti\/parcul-pecineaga-propus-pentru-extindere-vecinii-dispusi-sa-vanda-terenuri-de-aproape-5-000-mp-primariei-sectorului-5\/#breadcrumb"},"inLanguage":"en-GB","potentialAction":[{"@type":"ReadAction","target":["https:\/\/buletin.de\/bucuresti\/parcul-pecineaga-propus-pentru-extindere-vecinii-dispusi-sa-vanda-terenuri-de-aproape-5-000-mp-primariei-sectorului-5\/"]}]},{"@type":"ImageObject","inLanguage":"en-GB","@id":"https:\/\/buletin.de\/bucuresti\/parcul-pecineaga-propus-pentru-extindere-vecinii-dispusi-sa-vanda-terenuri-de-aproape-5-000-mp-primariei-sectorului-5\/#primaryimage","url":"https:\/\/buletin.de\/bucuresti\/wp-content\/uploads\/2025\/10\/Parcul-Pecineaga-Sector-5.jpg","contentUrl":"https:\/\/buletin.de\/bucuresti\/wp-content\/uploads\/2025\/10\/Parcul-Pecineaga-Sector-5.jpg","width":1200,"height":717,"caption":"Parcul Pecineaga ar putea fi extins: proprietarii sunt dispu\u0219i s\u0103-\u0219i v\u00e2nd\u0103 terenurile Prim\u0103riei Sectorului 5. Foto: documente PS5"},{"@type":"BreadcrumbList","@id":"https:\/\/buletin.de\/bucuresti\/parcul-pecineaga-propus-pentru-extindere-vecinii-dispusi-sa-vanda-terenuri-de-aproape-5-000-mp-primariei-sectorului-5\/#breadcrumb","itemListElement":[{"@type":"ListItem","position":1,"name":"Acas\u0103","item":"https:\/\/buletin.de\/bucuresti\/"},{"@type":"ListItem","position":2,"name":"Parcul Pecineaga, propus pentru extindere. Vecinii, dispu\u0219i s\u0103 v\u00e2nd\u0103 terenuri de aproape 5.000 mp Prim\u0103riei Sectorului 5"}]},{"@type":"WebSite","@id":"https:\/\/buletin.de\/bucuresti\/#website","url":"https:\/\/buletin.de\/bucuresti\/","name":"Buletin de Bucure\u0219ti","description":"\u0218tiri \u0219i investiga\u021bii esen\u021biale din capital\u0103","publisher":{"@id":"https:\/\/buletin.de\/bucuresti\/#organization"},"potentialAction":[{"@type":"SearchAction","target":{"@type":"EntryPoint","urlTemplate":"https:\/\/buletin.de\/bucuresti\/?s={search_term_string}"},"query-input":{"@type":"PropertyValueSpecification","valueRequired":true,"valueName":"search_term_string"}}],"inLanguage":"en-GB"},{"@type":"Organization","@id":"https:\/\/buletin.de\/bucuresti\/#organization","name":"Buletin de Bucure\u0219ti","url":"https:\/\/buletin.de\/bucuresti\/","logo":{"@type":"ImageObject","inLanguage":"en-GB","@id":"https:\/\/buletin.de\/bucuresti\/#\/schema\/logo\/image\/","url":"https:\/\/buletin.de\/bucuresti\/wp-content\/uploads\/logo-bdb-full-wide-vernil-transparent.png","contentUrl":"https:\/\/buletin.de\/bucuresti\/wp-content\/uploads\/logo-bdb-full-wide-vernil-transparent.png","width":1782,"height":626,"caption":"Buletin de Bucure\u0219ti"},"image":{"@id":"https:\/\/buletin.de\/bucuresti\/#\/schema\/logo\/image\/"},"sameAs":["https:\/\/www.facebook.com\/buletin.de.buc","https:\/\/www.instagram.com\/buletinde.bucuresti\/"]},{"@type":"Person","@id":"https:\/\/buletin.de\/bucuresti\/#\/schema\/person\/81421a46fb84a0887cfd2238f5202586","name":"Andreea St\u0103n\u0103r\u00eeng\u0103","image":{"@type":"ImageObject","inLanguage":"en-GB","@id":"https:\/\/secure.gravatar.com\/avatar\/dfa8d227a4388fad0f0bb03add04b5b176f4da34397dbb2eadc563b3d7162ce0?s=96&d=monsterid&r=g72784372b39ffe5a98a45288fe0d0e8a","url":"https:\/\/secure.gravatar.com\/avatar\/dfa8d227a4388fad0f0bb03add04b5b176f4da34397dbb2eadc563b3d7162ce0?s=96&d=monsterid&r=g","contentUrl":"https:\/\/secure.gravatar.com\/avatar\/dfa8d227a4388fad0f0bb03add04b5b176f4da34397dbb2eadc563b3d7162ce0?s=96&d=monsterid&r=g","caption":"Andreea St\u0103n\u0103r\u00eeng\u0103"},"description":"Cu o experien\u021b\u0103 de peste 5 ani \u00een pres\u0103, face parte din echipa Buletin de Bucure\u0219ti din septembrie 2025. A colaborat cu c\u00e2teva publica\u021bii, printre care \u0219i Fanatik.ro, unde s-a ocupat de \u0219tiri de lifestyle \u0219i de actualitate. A f\u0103cut un pas c\u0103tre presa local\u0103 pentru a explora Bucure\u0219tiul \u0219i pove\u0219tile care merit\u0103 spuse.","url":"https:\/\/buletin.de\/bucuresti\/author\/andreea-stanaranga\/"}]}},"authors":[{"term_id":23912,"user_id":65,"is_guest":0,"slug":"andreea-stanaranga","display_name":"Andreea St\u0103n\u0103r\u00eeng\u0103","avatar_url":"https:\/\/secure.gravatar.com\/avatar\/dfa8d227a4388fad0f0bb03add04b5b176f4da34397dbb2eadc563b3d7162ce0?s=96&d=monsterid&r=g","0":null,"1":"","2":"","3":"","4":"","5":"","6":"","7":"","8":""}],"_links":{"self":[{"href":"https:\/\/buletin.de\/bucuresti\/wp-json\/wp\/v2\/posts\/154009","targetHints":{"allow":["GET"]}}],"collection":[{"href":"https:\/\/buletin.de\/bucuresti\/wp-json\/wp\/v2\/posts"}],"about":[{"href":"https:\/\/buletin.de\/bucuresti\/wp-json\/wp\/v2\/types\/post"}],"author":[{"embeddable":true,"href":"https:\/\/buletin.de\/bucuresti\/wp-json\/wp\/v2\/users\/65"}],"replies":[{"embeddable":true,"href":"https:\/\/buletin.de\/bucuresti\/wp-json\/wp\/v2\/comments?post=154009"}],"version-history":[{"count":8,"href":"https:\/\/buletin.de\/bucuresti\/wp-json\/wp\/v2\/posts\/154009\/revisions"}],"predecessor-version":[{"id":154085,"href":"https:\/\/buletin.de\/bucuresti\/wp-json\/wp\/v2\/posts\/154009\/revisions\/154085"}],"wp:featuredmedia":[{"embeddable":true,"href":"https:\/\/buletin.de\/bucuresti\/wp-json\/wp\/v2\/media\/154019"}],"wp:attachment":[{"href":"https:\/\/buletin.de\/bucuresti\/wp-json\/wp\/v2\/media?parent=154009"}],"wp:term":[{"taxonomy":"category","embeddable":true,"href":"https:\/\/buletin.de\/bucuresti\/wp-json\/wp\/v2\/categories?post=154009"},{"taxonomy":"post_tag","embeddable":true,"href":"https:\/\/buletin.de\/bucuresti\/wp-json\/wp\/v2\/tags?post=154009"},{"taxonomy":"author","embeddable":true,"href":"https:\/\/buletin.de\/bucuresti\/wp-json\/wp\/v2\/ppma_author?post=154009"}],"curies":[{"name":"wp","href":"https:\/\/api.w.org\/{rel}","templated":true}]}}