{"id":153927,"date":"2025-10-22T13:46:43","date_gmt":"2025-10-22T10:46:43","guid":{"rendered":"https:\/\/buletin.de\/bucuresti\/?p=153927"},"modified":"2025-10-22T14:27:43","modified_gmt":"2025-10-22T11:27:43","slug":"protocol-de-colaborare-intre-primaria-capitalei-si-fundatia-centura-verde-pentru-implementarea-centurii-verzi-bucuresti-ilfov","status":"publish","type":"post","link":"https:\/\/buletin.de\/bucuresti\/protocol-de-colaborare-intre-primaria-capitalei-si-fundatia-centura-verde-pentru-implementarea-centurii-verzi-bucuresti-ilfov\/","title":{"rendered":"Protocol de colaborare \u00eentre Prim\u0103ria Capitalei \u0219i Funda\u021bia Centura Verde, pentru implementarea Centurii Verzi Bucure\u0219ti-Ilfov"},"content":{"rendered":"\n<p><strong>Prim\u0103ria Capitalei \u0219i Funda\u021bia Centura Verde urmeaz\u0103 s\u0103 semneze un protocol de colaborare pentru pentru implementarea Centurii Verzi Bucure\u0219ti-Ilfov, potrivit unui comunicat de pres\u0103 trimis redac\u021biei.<\/strong><\/p>\n\n\n\n<p><strong>Protocolul va fi inclus pe ordinea de zi a \u0219edin\u021bei Consiliului General al Municipiului Bucure\u0219ti de la sf\u00e2r\u0219itul lunii octombrie \u0219i ulterior semnat de c\u0103tre administratorul public al Capitalei, Lucian Judele.<\/strong><\/p>\n\n\n\n<p>Acesta va presupune elaborarea, adoptarea \u0219i implementarea Planului Opera\u021bional Centura Verde Bucure\u0219ti-Ilfov, demers \u00een care ar urma s\u0103 se implice \u0219i al\u021bi actori relevan\u021bi, precum: Consiliul Jude\u021bean Ilfov, alte autorit\u0103\u021bi publice, organiza\u021bii ale societ\u0103\u021bii civile, mediul academic \u0219i sectorul privat.<\/p>\n\n\n\n<p>Anun\u021bul a fost f\u0103cut \u00een cadrul celei de-a treia edi\u021bii a Climate Change Summit, desf\u0103\u0219urat\u0103 la Palatul Parlamentului, pe 21 octombrie.<\/p>\n\n\n\n<p>\u201eG\u00e2ndi\u021bi-v\u0103 cum va ar\u0103ta Bucure\u0219tiul, \u00een viitor, c\u00e2nd p\u0103durile, lacurile, paji\u0219tile, vor forma o Centur\u0103 Verde a Bucure\u0219tiului. <\/p>\n\n\n\n<p>Scopul meu este s\u0103 m\u0103 asigur c\u0103, la sf\u00e2r\u0219itul lunii octombrie, acest Protocol va fi pe ordinea de zi a Consiliului General al Municipiului Bucure\u0219ti, se va vota, iar \u00eempreun\u0103 cu cei de la Consiliul Jude\u021bean Ilfov, va deveni realitate.\u201d, a declarat Lucian Judele \u00een cadrul evenimentului.<\/p>\n\n\n\n<p>Inclusiv Nicu\u0219or Dan, fost primar al Capitalei \u0219i actual pre\u0219edinte al Rom\u00e2niei, \u0219i-a reafirmat sprijinul pentru implementarea Centurii Verzi Bucure\u0219ti-Ilfov.<\/p>\n\n\n\n<h2 class=\"wp-block-heading\" id=\"h-implementarea-centurii-verzi-bucure\u0219ti-ilfov-inclusa-in-noul-cod-silvic\">Implementarea Centurii Verzi Bucure\u0219ti-Ilfov, inclus\u0103 \u00een noul Cod Silvic<\/h2>\n\n\n\n<p><strong>Anun\u021bul privind protocolul de colaborare vine dup\u0103 ce noul Cod Silvic, ce presupune inclusiv conservarea p\u0103durilor ilfovene \u0219i legiferarea centurilor verzi la nivel na\u021bional, a fost adoptat la finalul anului trecut.<\/strong><\/p>\n\n\n\n<blockquote class=\"wp-block-quote is-layout-flow wp-block-quote-is-layout-flow\">\n<p>Astfel, toate cele aproximativ 26000 de hectare de p\u0103dure din Ilfov au fost ocrotite, singurele interven\u021bii permise fiind cele \u00een scop de \u00eengrijire a p\u0103durii sau de reconstruc\u021bie ecologic\u0103. Aceste p\u0103duri reprezint\u0103 fundamentul de la care se va dezvolta viitoarea Centur\u0103 Verde Bucure\u0219ti-Ilfov.<\/p>\n<cite>Comunicat de pres\u0103, Funda\u021bia Centura Verde<\/cite><\/blockquote>\n\n\n\n<p>Prevederile au fost adoptate \u00een urma unui demers de doi ani \u0219i jum\u0103tate \u00eentreprins de <a href=\"https:\/\/centuraverde.ro\/\" target=\"_blank\" rel=\"noreferrer noopener\">Platforma Civic\u0103 \u00cempreun\u0103 pentru Centura Verde<\/a>, un proiect al Funda\u021biei Centura Verde. Acesta reune\u0219te peste 150 de organizat\u0326ii neguvernamentale, grupuri civice s\u0326i persoane publice.<\/p>\n\n\n\n<p>\u201eCunosc, pe propria piele, nevoia disperat\u0103 dup\u0103 oxigen, sentimentul de sufocare, dar \u0219i cele de trebuin\u021b\u0103 pentru a reu\u0219i. Dar noi, cu to\u021bii, nu tr\u0103im \u00een cer, la 8.000 de metri, ci aici, pe p\u0103m\u00e2nt, unde oxigenul \u00eenseamn\u0103 via\u021b\u0103.<\/p>\n\n\n\n<p><strong>Centura Verde reprezint\u0103 masca de oxigen a Capitalei \u0219i a zonei metropolitane. <\/strong><\/p>\n\n\n\n<p>Prin semnarea acestui protocol, trecem de la viziune \u0219i consens politic \u0219i administrativ la concretul ac\u021biunii executive. Urmeaz\u0103 o c\u0103l\u0103torie stra\u0219nic\u0103 \u0219i plin\u0103 de sens. S\u0103 o \u00eembr\u0103\u021bi\u0219\u0103m cu bucurie \u0219i \u00eencredere.\u201d, a ad\u0103ugat Alex Ga\u0306van, pre\u0219edinte al Funda\u021biei Centura Verde \u0219i fondator al Platformei Civice I\u0302mpreuna\u0306 pentru Centura Verde.<\/p>\n\n\n\n<iframe width=\"560\" height=\"315\" src=\"https:\/\/www.youtube.com\/embed\/tYCT-Bjp2Rs?si=xfQw0O-mT9bC3lGA\" title=\"YouTube video player\" frameborder=\"0\" allow=\"accelerometer; autoplay; clipboard-write; encrypted-media; gyroscope; picture-in-picture; web-share\" referrerpolicy=\"strict-origin-when-cross-origin\" allowfullscreen><\/iframe>\n\n\n\n<p><strong>CITE\u0218TE \u0218I: <a href=\"https:\/\/buletin.de\/bucuresti\/interviu-de-la-lemne-de-foc-la-centura-verde-pentru-sanatatea-bucurestenilor-cum-va-arata-o-padure-pentru-oameni\/\">INTERVIU | De la lemne de foc, la Centur\u0103 Verde pentru s\u0103n\u0103tatea bucure\u0219tenilor. Cum va ar\u0103ta \u201eo p\u0103dure pentru oameni\u201d?<\/a><\/strong><\/p>\n\n\n\n<p><\/p>\n","protected":false},"excerpt":{"rendered":"<p>Prim\u0103ria Capitalei \u0219i Funda\u021bia Centura Verde urmeaz\u0103 s\u0103 semneze un protocol de colaborare pentru pentru implementarea Centurii Verzi Bucure\u0219ti-Ilfov, potrivit unui comunicat de pres\u0103 trimis redac\u021biei. Protocolul va fi inclus pe ordinea de zi a \u0219edin\u021bei Consiliului General al Municipiului Bucure\u0219ti de la sf\u00e2r\u0219itul lunii octombrie \u0219i ulterior semnat de c\u0103tre administratorul public al Capitalei, [&hellip;]<\/p>\n","protected":false},"author":55,"featured_media":153949,"comment_status":"closed","ping_status":"open","sticky":false,"template":"","format":"standard","meta":{"_acf_changed":false,"inline_featured_image":false,"ngg_post_thumbnail":0,"footnotes":""},"categories":[6994,109,24,62],"tags":[6733,24344,7244,11167,11609,258,24343],"ppma_author":[22573],"class_list":["post-153927","post","type-post","status-publish","format-standard","has-post-thumbnail","hentry","category-stiri-2","category-mediu","category-primarie","category-stiri","tag-centura-verde","tag-fundatia-centura-verde","tag-lucian-judele","tag-noul-cod-silvic","tag-paduri-ilfov","tag-primaria-capitalei","tag-protocol-de-colaborare"],"acf":[],"yoast_head":"<!-- This site is optimized with the Yoast SEO Premium plugin v25.3 (Yoast SEO v27.4) - https:\/\/yoast.com\/product\/yoast-seo-premium-wordpress\/ -->\n<title>Protocol de colaborare \u00eentre Prim\u0103ria Capitalei \u0219i Funda\u021bia Centura Verde, pentru implementarea Centurii Verzi Bucure\u0219ti-Ilfov - Buletin de Bucure\u0219ti<\/title>\n<meta name=\"description\" content=\"Prim\u0103ria Capitalei \u0219i Funda\u021bia Centura Verde, protocol de colaborare pentru pentru implementarea Centurii Verzi Bucure\u0219ti-Ilfov.\" \/>\n<meta name=\"robots\" content=\"index, follow, max-snippet:-1, max-image-preview:large, max-video-preview:-1\" \/>\n<link rel=\"canonical\" href=\"https:\/\/buletin.de\/bucuresti\/protocol-de-colaborare-intre-primaria-capitalei-si-fundatia-centura-verde-pentru-implementarea-centurii-verzi-bucuresti-ilfov\/\" \/>\n<meta property=\"og:locale\" content=\"en_GB\" \/>\n<meta property=\"og:type\" content=\"article\" \/>\n<meta property=\"og:title\" content=\"Protocol de colaborare \u00eentre Prim\u0103ria Capitalei \u0219i Funda\u021bia Centura Verde, pentru implementarea Centurii Verzi Bucure\u0219ti-Ilfov\" \/>\n<meta property=\"og:description\" content=\"Prim\u0103ria Capitalei \u0219i Funda\u021bia Centura Verde, protocol de colaborare pentru pentru implementarea Centurii Verzi Bucure\u0219ti-Ilfov.\" \/>\n<meta property=\"og:url\" content=\"https:\/\/buletin.de\/bucuresti\/protocol-de-colaborare-intre-primaria-capitalei-si-fundatia-centura-verde-pentru-implementarea-centurii-verzi-bucuresti-ilfov\/\" \/>\n<meta property=\"og:site_name\" content=\"Buletin de Bucure\u0219ti\" \/>\n<meta property=\"article:publisher\" content=\"https:\/\/www.facebook.com\/buletin.de.buc\" \/>\n<meta property=\"article:published_time\" content=\"2025-10-22T10:46:43+00:00\" \/>\n<meta property=\"article:modified_time\" content=\"2025-10-22T11:27:43+00:00\" \/>\n<meta property=\"og:image\" content=\"https:\/\/buletin.de\/bucuresti\/wp-content\/uploads\/2025\/10\/4.-Padure-din-viitoarea-Centura-Verde-Bucuresti-Ilfov_foto_-Alex-Gavan-_-centuraverde.ro_-1600x901-1-1.jpg\" \/>\n\t<meta property=\"og:image:width\" content=\"1600\" \/>\n\t<meta property=\"og:image:height\" content=\"901\" \/>\n\t<meta property=\"og:image:type\" content=\"image\/jpeg\" \/>\n<meta name=\"author\" content=\"Andreea Tudor\" \/>\n<meta name=\"twitter:card\" content=\"summary_large_image\" \/>\n<meta name=\"twitter:label1\" content=\"Written by\" \/>\n\t<meta name=\"twitter:data1\" content=\"Andreea Tudor\" \/>\n\t<meta name=\"twitter:label2\" content=\"Estimated reading time\" \/>\n\t<meta name=\"twitter:data2\" content=\"2 minutes\" \/>\n<script type=\"application\/ld+json\" class=\"yoast-schema-graph\">{\"@context\":\"https:\\\/\\\/schema.org\",\"@graph\":[{\"@type\":\"Article\",\"@id\":\"https:\\\/\\\/buletin.de\\\/bucuresti\\\/protocol-de-colaborare-intre-primaria-capitalei-si-fundatia-centura-verde-pentru-implementarea-centurii-verzi-bucuresti-ilfov\\\/#article\",\"isPartOf\":{\"@id\":\"https:\\\/\\\/buletin.de\\\/bucuresti\\\/protocol-de-colaborare-intre-primaria-capitalei-si-fundatia-centura-verde-pentru-implementarea-centurii-verzi-bucuresti-ilfov\\\/\"},\"author\":{\"name\":\"Andreea Tudor\",\"@id\":\"https:\\\/\\\/buletin.de\\\/bucuresti\\\/#\\\/schema\\\/person\\\/150590659efde715459d159da012f501\"},\"headline\":\"Protocol de colaborare \u00eentre Prim\u0103ria Capitalei \u0219i Funda\u021bia Centura Verde, pentru implementarea Centurii Verzi Bucure\u0219ti-Ilfov\",\"datePublished\":\"2025-10-22T10:46:43+00:00\",\"dateModified\":\"2025-10-22T11:27:43+00:00\",\"mainEntityOfPage\":{\"@id\":\"https:\\\/\\\/buletin.de\\\/bucuresti\\\/protocol-de-colaborare-intre-primaria-capitalei-si-fundatia-centura-verde-pentru-implementarea-centurii-verzi-bucuresti-ilfov\\\/\"},\"wordCount\":542,\"publisher\":{\"@id\":\"https:\\\/\\\/buletin.de\\\/bucuresti\\\/#organization\"},\"image\":{\"@id\":\"https:\\\/\\\/buletin.de\\\/bucuresti\\\/protocol-de-colaborare-intre-primaria-capitalei-si-fundatia-centura-verde-pentru-implementarea-centurii-verzi-bucuresti-ilfov\\\/#primaryimage\"},\"thumbnailUrl\":\"https:\\\/\\\/buletin.de\\\/bucuresti\\\/wp-content\\\/uploads\\\/2025\\\/10\\\/4.-Padure-din-viitoarea-Centura-Verde-Bucuresti-Ilfov_foto_-Alex-Gavan-_-centuraverde.ro_-1600x901-1-1.jpg\",\"keywords\":[\"Centura Verde\",\"fundatia centura verde\",\"Lucian Judele\",\"noul cod silvic\",\"paduri ilfov\",\"primaria capitalei\",\"protocol de colaborare\"],\"articleSection\":[\"Articole\",\"Mediu\",\"Prim\u0103rie\",\"\u0218tiri\"],\"inLanguage\":\"en-GB\",\"copyrightYear\":\"2025\",\"copyrightHolder\":{\"@id\":\"https:\\\/\\\/buletin.de\\\/bucuresti\\\/#organization\"}},{\"@type\":\"WebPage\",\"@id\":\"https:\\\/\\\/buletin.de\\\/bucuresti\\\/protocol-de-colaborare-intre-primaria-capitalei-si-fundatia-centura-verde-pentru-implementarea-centurii-verzi-bucuresti-ilfov\\\/\",\"url\":\"https:\\\/\\\/buletin.de\\\/bucuresti\\\/protocol-de-colaborare-intre-primaria-capitalei-si-fundatia-centura-verde-pentru-implementarea-centurii-verzi-bucuresti-ilfov\\\/\",\"name\":\"Protocol de colaborare \u00eentre Prim\u0103ria Capitalei \u0219i Funda\u021bia Centura Verde, pentru implementarea Centurii Verzi Bucure\u0219ti-Ilfov - Buletin de Bucure\u0219ti\",\"isPartOf\":{\"@id\":\"https:\\\/\\\/buletin.de\\\/bucuresti\\\/#website\"},\"primaryImageOfPage\":{\"@id\":\"https:\\\/\\\/buletin.de\\\/bucuresti\\\/protocol-de-colaborare-intre-primaria-capitalei-si-fundatia-centura-verde-pentru-implementarea-centurii-verzi-bucuresti-ilfov\\\/#primaryimage\"},\"image\":{\"@id\":\"https:\\\/\\\/buletin.de\\\/bucuresti\\\/protocol-de-colaborare-intre-primaria-capitalei-si-fundatia-centura-verde-pentru-implementarea-centurii-verzi-bucuresti-ilfov\\\/#primaryimage\"},\"thumbnailUrl\":\"https:\\\/\\\/buletin.de\\\/bucuresti\\\/wp-content\\\/uploads\\\/2025\\\/10\\\/4.-Padure-din-viitoarea-Centura-Verde-Bucuresti-Ilfov_foto_-Alex-Gavan-_-centuraverde.ro_-1600x901-1-1.jpg\",\"datePublished\":\"2025-10-22T10:46:43+00:00\",\"dateModified\":\"2025-10-22T11:27:43+00:00\",\"description\":\"Prim\u0103ria Capitalei \u0219i Funda\u021bia Centura Verde, protocol de colaborare pentru pentru implementarea Centurii Verzi Bucure\u0219ti-Ilfov.\",\"breadcrumb\":{\"@id\":\"https:\\\/\\\/buletin.de\\\/bucuresti\\\/protocol-de-colaborare-intre-primaria-capitalei-si-fundatia-centura-verde-pentru-implementarea-centurii-verzi-bucuresti-ilfov\\\/#breadcrumb\"},\"inLanguage\":\"en-GB\",\"potentialAction\":[{\"@type\":\"ReadAction\",\"target\":[\"https:\\\/\\\/buletin.de\\\/bucuresti\\\/protocol-de-colaborare-intre-primaria-capitalei-si-fundatia-centura-verde-pentru-implementarea-centurii-verzi-bucuresti-ilfov\\\/\"]}]},{\"@type\":\"ImageObject\",\"inLanguage\":\"en-GB\",\"@id\":\"https:\\\/\\\/buletin.de\\\/bucuresti\\\/protocol-de-colaborare-intre-primaria-capitalei-si-fundatia-centura-verde-pentru-implementarea-centurii-verzi-bucuresti-ilfov\\\/#primaryimage\",\"url\":\"https:\\\/\\\/buletin.de\\\/bucuresti\\\/wp-content\\\/uploads\\\/2025\\\/10\\\/4.-Padure-din-viitoarea-Centura-Verde-Bucuresti-Ilfov_foto_-Alex-Gavan-_-centuraverde.ro_-1600x901-1-1.jpg\",\"contentUrl\":\"https:\\\/\\\/buletin.de\\\/bucuresti\\\/wp-content\\\/uploads\\\/2025\\\/10\\\/4.-Padure-din-viitoarea-Centura-Verde-Bucuresti-Ilfov_foto_-Alex-Gavan-_-centuraverde.ro_-1600x901-1-1.jpg\",\"width\":1600,\"height\":901,\"caption\":\"Protocol de colaborare \u00eentre Prim\u0103ria Capitalei \u0219i Funda\u021bia Centura Verde, pentru implementarea Centurii Verzi Bucure\u0219ti-Ilfov, Foto: www.centuraverde.ro\"},{\"@type\":\"BreadcrumbList\",\"@id\":\"https:\\\/\\\/buletin.de\\\/bucuresti\\\/protocol-de-colaborare-intre-primaria-capitalei-si-fundatia-centura-verde-pentru-implementarea-centurii-verzi-bucuresti-ilfov\\\/#breadcrumb\",\"itemListElement\":[{\"@type\":\"ListItem\",\"position\":1,\"name\":\"Acas\u0103\",\"item\":\"https:\\\/\\\/buletin.de\\\/bucuresti\\\/\"},{\"@type\":\"ListItem\",\"position\":2,\"name\":\"Protocol de colaborare \u00eentre Prim\u0103ria Capitalei \u0219i Funda\u021bia Centura Verde, pentru implementarea Centurii Verzi Bucure\u0219ti-Ilfov\"}]},{\"@type\":\"WebSite\",\"@id\":\"https:\\\/\\\/buletin.de\\\/bucuresti\\\/#website\",\"url\":\"https:\\\/\\\/buletin.de\\\/bucuresti\\\/\",\"name\":\"Buletin de Bucure\u0219ti\",\"description\":\"\u0218tiri \u0219i investiga\u021bii esen\u021biale din capital\u0103\",\"publisher\":{\"@id\":\"https:\\\/\\\/buletin.de\\\/bucuresti\\\/#organization\"},\"potentialAction\":[{\"@type\":\"SearchAction\",\"target\":{\"@type\":\"EntryPoint\",\"urlTemplate\":\"https:\\\/\\\/buletin.de\\\/bucuresti\\\/?s={search_term_string}\"},\"query-input\":{\"@type\":\"PropertyValueSpecification\",\"valueRequired\":true,\"valueName\":\"search_term_string\"}}],\"inLanguage\":\"en-GB\"},{\"@type\":\"Organization\",\"@id\":\"https:\\\/\\\/buletin.de\\\/bucuresti\\\/#organization\",\"name\":\"Buletin de Bucure\u0219ti\",\"url\":\"https:\\\/\\\/buletin.de\\\/bucuresti\\\/\",\"logo\":{\"@type\":\"ImageObject\",\"inLanguage\":\"en-GB\",\"@id\":\"https:\\\/\\\/buletin.de\\\/bucuresti\\\/#\\\/schema\\\/logo\\\/image\\\/\",\"url\":\"https:\\\/\\\/buletin.de\\\/bucuresti\\\/wp-content\\\/uploads\\\/logo-bdb-full-wide-vernil-transparent.png\",\"contentUrl\":\"https:\\\/\\\/buletin.de\\\/bucuresti\\\/wp-content\\\/uploads\\\/logo-bdb-full-wide-vernil-transparent.png\",\"width\":1782,\"height\":626,\"caption\":\"Buletin de Bucure\u0219ti\"},\"image\":{\"@id\":\"https:\\\/\\\/buletin.de\\\/bucuresti\\\/#\\\/schema\\\/logo\\\/image\\\/\"},\"sameAs\":[\"https:\\\/\\\/www.facebook.com\\\/buletin.de.buc\",\"https:\\\/\\\/www.instagram.com\\\/buletinde.bucuresti\\\/\"]},{\"@type\":\"Person\",\"@id\":\"https:\\\/\\\/buletin.de\\\/bucuresti\\\/#\\\/schema\\\/person\\\/150590659efde715459d159da012f501\",\"name\":\"Andreea Tudor\",\"image\":{\"@type\":\"ImageObject\",\"inLanguage\":\"en-GB\",\"@id\":\"https:\\\/\\\/secure.gravatar.com\\\/avatar\\\/a88705a186ab0b67f3349bcbced506c09e37256fbaad0e7f3bd1a79b4599f589?s=96&d=monsterid&r=g79290610aa1a65c2b86eebc2ca5aee8f\",\"url\":\"https:\\\/\\\/secure.gravatar.com\\\/avatar\\\/a88705a186ab0b67f3349bcbced506c09e37256fbaad0e7f3bd1a79b4599f589?s=96&d=monsterid&r=g\",\"contentUrl\":\"https:\\\/\\\/secure.gravatar.com\\\/avatar\\\/a88705a186ab0b67f3349bcbced506c09e37256fbaad0e7f3bd1a79b4599f589?s=96&d=monsterid&r=g\",\"caption\":\"Andreea Tudor\"},\"description\":\"N\u0103scut\u0103 \u0219i crescut\u0103 \u00een Bucure\u0219ti, sus\u021bin\u0103toare a presei independente. A\u0219a am ajuns redactor la Buletin de Bucure\u0219ti. Fiind eu, \u00eens\u0103mi, parte a sistemului de \u00eenv\u0103\u021b\u0103m\u00e2nt rom\u00e2nesc \u0219i pasionat\u0103 de domeniul social, pun sub lup\u0103 tot ceea ce se \u00eent\u00e2mpl\u0103 \u00een sfera educa\u021biei. Cred cu t\u0103rie c\u0103 presa \u201epentru cet\u0103\u021beni\u201d este presa independent\u0103. Oamenii au nevoie de o informare corect\u0103 pentru a \u00een\u021belege pe deplin ce se \u00eent\u00e2mpl\u0103 \u00een jurul lor \u0219i pentru a lua ac\u021biune \u00eempotriva nedrept\u0103\u021bilor.\",\"url\":\"https:\\\/\\\/buletin.de\\\/bucuresti\\\/author\\\/andreeatudor\\\/\"}]}<\/script>\n<!-- \/ Yoast SEO Premium plugin. -->","yoast_head_json":{"title":"Protocol de colaborare \u00eentre Prim\u0103ria Capitalei \u0219i Funda\u021bia Centura Verde, pentru implementarea Centurii Verzi Bucure\u0219ti-Ilfov - Buletin de Bucure\u0219ti","description":"Prim\u0103ria Capitalei \u0219i Funda\u021bia Centura Verde, protocol de colaborare pentru pentru implementarea Centurii Verzi Bucure\u0219ti-Ilfov.","robots":{"index":"index","follow":"follow","max-snippet":"max-snippet:-1","max-image-preview":"max-image-preview:large","max-video-preview":"max-video-preview:-1"},"canonical":"https:\/\/buletin.de\/bucuresti\/protocol-de-colaborare-intre-primaria-capitalei-si-fundatia-centura-verde-pentru-implementarea-centurii-verzi-bucuresti-ilfov\/","og_locale":"en_GB","og_type":"article","og_title":"Protocol de colaborare \u00eentre Prim\u0103ria Capitalei \u0219i Funda\u021bia Centura Verde, pentru implementarea Centurii Verzi Bucure\u0219ti-Ilfov","og_description":"Prim\u0103ria Capitalei \u0219i Funda\u021bia Centura Verde, protocol de colaborare pentru pentru implementarea Centurii Verzi Bucure\u0219ti-Ilfov.","og_url":"https:\/\/buletin.de\/bucuresti\/protocol-de-colaborare-intre-primaria-capitalei-si-fundatia-centura-verde-pentru-implementarea-centurii-verzi-bucuresti-ilfov\/","og_site_name":"Buletin de Bucure\u0219ti","article_publisher":"https:\/\/www.facebook.com\/buletin.de.buc","article_published_time":"2025-10-22T10:46:43+00:00","article_modified_time":"2025-10-22T11:27:43+00:00","og_image":[{"width":1600,"height":901,"url":"https:\/\/buletin.de\/bucuresti\/wp-content\/uploads\/2025\/10\/4.-Padure-din-viitoarea-Centura-Verde-Bucuresti-Ilfov_foto_-Alex-Gavan-_-centuraverde.ro_-1600x901-1-1.jpg","type":"image\/jpeg"}],"author":"Andreea Tudor","twitter_card":"summary_large_image","twitter_misc":{"Written by":"Andreea Tudor","Estimated reading time":"2 minutes"},"schema":{"@context":"https:\/\/schema.org","@graph":[{"@type":"Article","@id":"https:\/\/buletin.de\/bucuresti\/protocol-de-colaborare-intre-primaria-capitalei-si-fundatia-centura-verde-pentru-implementarea-centurii-verzi-bucuresti-ilfov\/#article","isPartOf":{"@id":"https:\/\/buletin.de\/bucuresti\/protocol-de-colaborare-intre-primaria-capitalei-si-fundatia-centura-verde-pentru-implementarea-centurii-verzi-bucuresti-ilfov\/"},"author":{"name":"Andreea Tudor","@id":"https:\/\/buletin.de\/bucuresti\/#\/schema\/person\/150590659efde715459d159da012f501"},"headline":"Protocol de colaborare \u00eentre Prim\u0103ria Capitalei \u0219i Funda\u021bia Centura Verde, pentru implementarea Centurii Verzi Bucure\u0219ti-Ilfov","datePublished":"2025-10-22T10:46:43+00:00","dateModified":"2025-10-22T11:27:43+00:00","mainEntityOfPage":{"@id":"https:\/\/buletin.de\/bucuresti\/protocol-de-colaborare-intre-primaria-capitalei-si-fundatia-centura-verde-pentru-implementarea-centurii-verzi-bucuresti-ilfov\/"},"wordCount":542,"publisher":{"@id":"https:\/\/buletin.de\/bucuresti\/#organization"},"image":{"@id":"https:\/\/buletin.de\/bucuresti\/protocol-de-colaborare-intre-primaria-capitalei-si-fundatia-centura-verde-pentru-implementarea-centurii-verzi-bucuresti-ilfov\/#primaryimage"},"thumbnailUrl":"https:\/\/buletin.de\/bucuresti\/wp-content\/uploads\/2025\/10\/4.-Padure-din-viitoarea-Centura-Verde-Bucuresti-Ilfov_foto_-Alex-Gavan-_-centuraverde.ro_-1600x901-1-1.jpg","keywords":["Centura Verde","fundatia centura verde","Lucian Judele","noul cod silvic","paduri ilfov","primaria capitalei","protocol de colaborare"],"articleSection":["Articole","Mediu","Prim\u0103rie","\u0218tiri"],"inLanguage":"en-GB","copyrightYear":"2025","copyrightHolder":{"@id":"https:\/\/buletin.de\/bucuresti\/#organization"}},{"@type":"WebPage","@id":"https:\/\/buletin.de\/bucuresti\/protocol-de-colaborare-intre-primaria-capitalei-si-fundatia-centura-verde-pentru-implementarea-centurii-verzi-bucuresti-ilfov\/","url":"https:\/\/buletin.de\/bucuresti\/protocol-de-colaborare-intre-primaria-capitalei-si-fundatia-centura-verde-pentru-implementarea-centurii-verzi-bucuresti-ilfov\/","name":"Protocol de colaborare \u00eentre Prim\u0103ria Capitalei \u0219i Funda\u021bia Centura Verde, pentru implementarea Centurii Verzi Bucure\u0219ti-Ilfov - Buletin de Bucure\u0219ti","isPartOf":{"@id":"https:\/\/buletin.de\/bucuresti\/#website"},"primaryImageOfPage":{"@id":"https:\/\/buletin.de\/bucuresti\/protocol-de-colaborare-intre-primaria-capitalei-si-fundatia-centura-verde-pentru-implementarea-centurii-verzi-bucuresti-ilfov\/#primaryimage"},"image":{"@id":"https:\/\/buletin.de\/bucuresti\/protocol-de-colaborare-intre-primaria-capitalei-si-fundatia-centura-verde-pentru-implementarea-centurii-verzi-bucuresti-ilfov\/#primaryimage"},"thumbnailUrl":"https:\/\/buletin.de\/bucuresti\/wp-content\/uploads\/2025\/10\/4.-Padure-din-viitoarea-Centura-Verde-Bucuresti-Ilfov_foto_-Alex-Gavan-_-centuraverde.ro_-1600x901-1-1.jpg","datePublished":"2025-10-22T10:46:43+00:00","dateModified":"2025-10-22T11:27:43+00:00","description":"Prim\u0103ria Capitalei \u0219i Funda\u021bia Centura Verde, protocol de colaborare pentru pentru implementarea Centurii Verzi Bucure\u0219ti-Ilfov.","breadcrumb":{"@id":"https:\/\/buletin.de\/bucuresti\/protocol-de-colaborare-intre-primaria-capitalei-si-fundatia-centura-verde-pentru-implementarea-centurii-verzi-bucuresti-ilfov\/#breadcrumb"},"inLanguage":"en-GB","potentialAction":[{"@type":"ReadAction","target":["https:\/\/buletin.de\/bucuresti\/protocol-de-colaborare-intre-primaria-capitalei-si-fundatia-centura-verde-pentru-implementarea-centurii-verzi-bucuresti-ilfov\/"]}]},{"@type":"ImageObject","inLanguage":"en-GB","@id":"https:\/\/buletin.de\/bucuresti\/protocol-de-colaborare-intre-primaria-capitalei-si-fundatia-centura-verde-pentru-implementarea-centurii-verzi-bucuresti-ilfov\/#primaryimage","url":"https:\/\/buletin.de\/bucuresti\/wp-content\/uploads\/2025\/10\/4.-Padure-din-viitoarea-Centura-Verde-Bucuresti-Ilfov_foto_-Alex-Gavan-_-centuraverde.ro_-1600x901-1-1.jpg","contentUrl":"https:\/\/buletin.de\/bucuresti\/wp-content\/uploads\/2025\/10\/4.-Padure-din-viitoarea-Centura-Verde-Bucuresti-Ilfov_foto_-Alex-Gavan-_-centuraverde.ro_-1600x901-1-1.jpg","width":1600,"height":901,"caption":"Protocol de colaborare \u00eentre Prim\u0103ria Capitalei \u0219i Funda\u021bia Centura Verde, pentru implementarea Centurii Verzi Bucure\u0219ti-Ilfov, Foto: www.centuraverde.ro"},{"@type":"BreadcrumbList","@id":"https:\/\/buletin.de\/bucuresti\/protocol-de-colaborare-intre-primaria-capitalei-si-fundatia-centura-verde-pentru-implementarea-centurii-verzi-bucuresti-ilfov\/#breadcrumb","itemListElement":[{"@type":"ListItem","position":1,"name":"Acas\u0103","item":"https:\/\/buletin.de\/bucuresti\/"},{"@type":"ListItem","position":2,"name":"Protocol de colaborare \u00eentre Prim\u0103ria Capitalei \u0219i Funda\u021bia Centura Verde, pentru implementarea Centurii Verzi Bucure\u0219ti-Ilfov"}]},{"@type":"WebSite","@id":"https:\/\/buletin.de\/bucuresti\/#website","url":"https:\/\/buletin.de\/bucuresti\/","name":"Buletin de Bucure\u0219ti","description":"\u0218tiri \u0219i investiga\u021bii esen\u021biale din capital\u0103","publisher":{"@id":"https:\/\/buletin.de\/bucuresti\/#organization"},"potentialAction":[{"@type":"SearchAction","target":{"@type":"EntryPoint","urlTemplate":"https:\/\/buletin.de\/bucuresti\/?s={search_term_string}"},"query-input":{"@type":"PropertyValueSpecification","valueRequired":true,"valueName":"search_term_string"}}],"inLanguage":"en-GB"},{"@type":"Organization","@id":"https:\/\/buletin.de\/bucuresti\/#organization","name":"Buletin de Bucure\u0219ti","url":"https:\/\/buletin.de\/bucuresti\/","logo":{"@type":"ImageObject","inLanguage":"en-GB","@id":"https:\/\/buletin.de\/bucuresti\/#\/schema\/logo\/image\/","url":"https:\/\/buletin.de\/bucuresti\/wp-content\/uploads\/logo-bdb-full-wide-vernil-transparent.png","contentUrl":"https:\/\/buletin.de\/bucuresti\/wp-content\/uploads\/logo-bdb-full-wide-vernil-transparent.png","width":1782,"height":626,"caption":"Buletin de Bucure\u0219ti"},"image":{"@id":"https:\/\/buletin.de\/bucuresti\/#\/schema\/logo\/image\/"},"sameAs":["https:\/\/www.facebook.com\/buletin.de.buc","https:\/\/www.instagram.com\/buletinde.bucuresti\/"]},{"@type":"Person","@id":"https:\/\/buletin.de\/bucuresti\/#\/schema\/person\/150590659efde715459d159da012f501","name":"Andreea Tudor","image":{"@type":"ImageObject","inLanguage":"en-GB","@id":"https:\/\/secure.gravatar.com\/avatar\/a88705a186ab0b67f3349bcbced506c09e37256fbaad0e7f3bd1a79b4599f589?s=96&d=monsterid&r=g79290610aa1a65c2b86eebc2ca5aee8f","url":"https:\/\/secure.gravatar.com\/avatar\/a88705a186ab0b67f3349bcbced506c09e37256fbaad0e7f3bd1a79b4599f589?s=96&d=monsterid&r=g","contentUrl":"https:\/\/secure.gravatar.com\/avatar\/a88705a186ab0b67f3349bcbced506c09e37256fbaad0e7f3bd1a79b4599f589?s=96&d=monsterid&r=g","caption":"Andreea Tudor"},"description":"N\u0103scut\u0103 \u0219i crescut\u0103 \u00een Bucure\u0219ti, sus\u021bin\u0103toare a presei independente. A\u0219a am ajuns redactor la Buletin de Bucure\u0219ti. Fiind eu, \u00eens\u0103mi, parte a sistemului de \u00eenv\u0103\u021b\u0103m\u00e2nt rom\u00e2nesc \u0219i pasionat\u0103 de domeniul social, pun sub lup\u0103 tot ceea ce se \u00eent\u00e2mpl\u0103 \u00een sfera educa\u021biei. Cred cu t\u0103rie c\u0103 presa \u201epentru cet\u0103\u021beni\u201d este presa independent\u0103. Oamenii au nevoie de o informare corect\u0103 pentru a \u00een\u021belege pe deplin ce se \u00eent\u00e2mpl\u0103 \u00een jurul lor \u0219i pentru a lua ac\u021biune \u00eempotriva nedrept\u0103\u021bilor.","url":"https:\/\/buletin.de\/bucuresti\/author\/andreeatudor\/"}]}},"authors":[{"term_id":22573,"user_id":55,"is_guest":0,"slug":"andreeatudor","display_name":"Andreea Tudor","avatar_url":"https:\/\/secure.gravatar.com\/avatar\/a88705a186ab0b67f3349bcbced506c09e37256fbaad0e7f3bd1a79b4599f589?s=96&d=monsterid&r=g","0":null,"1":"","2":"","3":"","4":"","5":"","6":"","7":"","8":""}],"_links":{"self":[{"href":"https:\/\/buletin.de\/bucuresti\/wp-json\/wp\/v2\/posts\/153927","targetHints":{"allow":["GET"]}}],"collection":[{"href":"https:\/\/buletin.de\/bucuresti\/wp-json\/wp\/v2\/posts"}],"about":[{"href":"https:\/\/buletin.de\/bucuresti\/wp-json\/wp\/v2\/types\/post"}],"author":[{"embeddable":true,"href":"https:\/\/buletin.de\/bucuresti\/wp-json\/wp\/v2\/users\/55"}],"replies":[{"embeddable":true,"href":"https:\/\/buletin.de\/bucuresti\/wp-json\/wp\/v2\/comments?post=153927"}],"version-history":[{"count":9,"href":"https:\/\/buletin.de\/bucuresti\/wp-json\/wp\/v2\/posts\/153927\/revisions"}],"predecessor-version":[{"id":153972,"href":"https:\/\/buletin.de\/bucuresti\/wp-json\/wp\/v2\/posts\/153927\/revisions\/153972"}],"wp:featuredmedia":[{"embeddable":true,"href":"https:\/\/buletin.de\/bucuresti\/wp-json\/wp\/v2\/media\/153949"}],"wp:attachment":[{"href":"https:\/\/buletin.de\/bucuresti\/wp-json\/wp\/v2\/media?parent=153927"}],"wp:term":[{"taxonomy":"category","embeddable":true,"href":"https:\/\/buletin.de\/bucuresti\/wp-json\/wp\/v2\/categories?post=153927"},{"taxonomy":"post_tag","embeddable":true,"href":"https:\/\/buletin.de\/bucuresti\/wp-json\/wp\/v2\/tags?post=153927"},{"taxonomy":"author","embeddable":true,"href":"https:\/\/buletin.de\/bucuresti\/wp-json\/wp\/v2\/ppma_author?post=153927"}],"curies":[{"name":"wp","href":"https:\/\/api.w.org\/{rel}","templated":true}]}}