{"id":153888,"date":"2025-10-22T11:52:18","date_gmt":"2025-10-22T08:52:18","guid":{"rendered":"https:\/\/buletin.de\/bucuresti\/?p=153888"},"modified":"2025-10-23T11:42:38","modified_gmt":"2025-10-23T08:42:38","slug":"salonul-business-dacia-de-la-aeroportului-otopeni-inchis-o-luna-pentru-renovare-ce-alternativa-au-pasagerii","status":"publish","type":"post","link":"https:\/\/buletin.de\/bucuresti\/salonul-business-dacia-de-la-aeroportului-otopeni-inchis-o-luna-pentru-renovare-ce-alternativa-au-pasagerii\/","title":{"rendered":"Salonul Business \u201eDacia\u201d de la Aeroportul Otopeni, \u00eenchis o lun\u0103 pentru renovare. Ce alternativ\u0103 au pasagerii"},"content":{"rendered":"\n<p><strong>Salonul Business \u201eDacia\u201d de la Aeroportul \u201eHenri Coand\u0103\u201d Otopeni va fi \u00eenchis pentru renovare timp de o lun\u0103, dup\u0103 cum a anun\u021bat Compania Na\u021bional\u0103 Aeroporturi Bucure\u0219ti (CNAB).<\/strong><\/p>\n\n\n\n<p>Potrivit anun\u021bului, salonul urmeaz\u0103 s\u0103 fie \u00eenchis \u00een perioada 28 octombrie &#8211; 28 noiembrie 2025, pentru \u201eo ac\u021biune de renovare \u0219i reamenajare\u201d.<\/p>\n\n\n\n<h2 class=\"wp-block-heading\" id=\"h-lucrari-de-renovare-la-salonul-business-dacia-de-la-aeroportul-otopeni\">Lucr\u0103ri de renovare la salonul Business \u201eDacia\u201d de la Aeroportul Otopeni<\/h2>\n\n\n\n<p><strong>Pe durata perioadei \u00een care salonul va fi \u00eenchis, pasagerii care c\u0103l\u0103toresc \u00een spa\u021biul Schengen pot utiliza salonul VEST, amenajat temporar cu destina\u021bia salon Business. Acesta se afl\u0103 \u00een proximitatea por\u021bii de \u00eembarcare 57.<\/strong><\/p>\n\n\n\n<p>De asemenea, \u00eencep\u00e2nd cu <strong>14 decembrie 2025<\/strong>, pe Aeroportul Interna\u021bional \u201eHenri Coand\u0103\u201d Bucure\u0219ti vor fi trei saloane Business, dup\u0103 cum urmeaz\u0103:<\/p>\n\n\n\n<ul class=\"wp-block-list\">\n<li>Salonul Business \u201eDacia\u201d, situat deasupra por\u021bii de \u00eembarcare 3 (pentru pasagerii Schengen); <\/li>\n\n\n\n<li>Salonul Business \u201eVest\u201d, aflat l\u00e2ng\u0103 poarta 57 (pentru pasagerii Schengen \u00eembarca\u021bi de la por\u021bile 50\u201357);<\/li>\n\n\n\n<li>Salonul Business \u201eSatelit\u201d, situat deasupra por\u021bii de \u00eembarcare 9 (pentru pasagerii non-Schengen).<\/li>\n<\/ul>\n\n\n\n<p>Accesul \u00een toate saloanele Business se va face \u00een limita locurilor disponibile, dup\u0103 cum a mai anun\u021bat CNAB pe pagina de <a href=\"https:\/\/www.facebook.com\/HenriCoandaAirport\" target=\"_blank\" rel=\"noreferrer noopener\">Facebook<\/a>.<\/p>\n\n\n\n<h2 class=\"wp-block-heading\" id=\"h-a-fost-modernizata-prima-zona-din-terminalul-plecari-a-aeroportului-otopeni\">A fost modernizat\u0103 prima zon\u0103 din Terminalul Plec\u0103ri a Aeroportului Otopeni<\/h2>\n\n\n\n<p><strong>De cur\u00e2nd, CNAB a anun\u021bat c\u0103 <a href=\"https:\/\/buletin.de\/bucuresti\/a-fost-modernizata-o-prima-zona-din-terminalul-plecari-al-aeroportului-otopeni-ce-alte-lucrari-urmeaza\/\" target=\"_blank\" rel=\"noreferrer noopener\">a fost modernizat\u0103 o prim\u0103 zon\u0103 din Terminalul Plec\u0103ri <\/a>a Aeroportului \u201eHenri Coand\u0103\u201d, aflat \u00eentr-un amplu proces de modernizare. Lucr\u0103rile vor continua \u0219i \u00een celelalte terminale, precum \u0219i \u00een culoarul de leg\u0103tur\u0103 dintre ele. <\/strong><\/p>\n\n\n\n<p>Modernizarea presupune sistemul centralizat de ventila\u021bie \u0219i climatizare, instala\u021biile electrice \u0219i iluminatul interior, dar \u0219i montarea corpurilor de iluminat LED. \u00cen plus, au fost ad\u0103ugate mai multe prize pentru ca pasagerii s\u0103 \u00ee\u0219i \u00eencarce dispozitivele.<\/p>\n\n\n\n<p>Lucr\u0103rile de modernizare includ, printre altele, finisaje, tavane, mobilier \u0219i signalistic\u0103. \u00cen viitor, Aeroportul Otopeni va avea un nou terminal, care va fi modular. Nu va fi deschis mai devreme de 2031, \u00een cel mai optimist scenariu.<\/p>\n\n\n\n<p>CITE\u0218TE \u0218I <a href=\"https:\/\/buletin.de\/bucuresti\/aeroporturile-din-bucuresti-recunoscute-la-nivel-extern-pentru-reducerea-emisiilor-de-carbon-acreditare-de-la-consiliului-international-al-aeroporturilor\/\" target=\"_blank\" rel=\"noreferrer noopener\">Aeroporturile din Bucure\u0219ti, recunoscute la nivel extern pentru reducerea emisiilor de carbon. Doar 64 aeroporturi la nivel mondial au acreditare de nivel 3<\/a><\/p>\n\n\n\n<p><\/p>\n\n\n\n<p><\/p>\n\n\n\n<p><\/p>\n\n\n\n<p><\/p>\n","protected":false},"excerpt":{"rendered":"<p>Salonul Business \u201eDacia\u201d de la Aeroportul \u201eHenri Coand\u0103\u201d Otopeni va fi \u00eenchis pentru renovare timp de o lun\u0103, dup\u0103 cum a anun\u021bat Compania Na\u021bional\u0103 Aeroporturi Bucure\u0219ti (CNAB). Potrivit anun\u021bului, salonul urmeaz\u0103 s\u0103 fie \u00eenchis \u00een perioada 28 octombrie &#8211; 28 noiembrie 2025, pentru \u201eo ac\u021biune de renovare \u0219i reamenajare\u201d. Lucr\u0103ri de renovare la salonul Business [&hellip;]<\/p>\n","protected":false},"author":65,"featured_media":153909,"comment_status":"closed","ping_status":"open","sticky":false,"template":"","format":"standard","meta":{"_acf_changed":false,"inline_featured_image":false,"ngg_post_thumbnail":0,"footnotes":""},"categories":[6994,62,650],"tags":[24188,24342,750,3038],"ppma_author":[23912],"class_list":["post-153888","post","type-post","status-publish","format-standard","has-post-thumbnail","hentry","category-stiri-2","category-stiri","category-transport","tag-aeroport-henri-coanda-2","tag-l","tag-otopeni","tag-renovare"],"acf":[],"yoast_head":"<!-- This site is optimized with the Yoast SEO Premium plugin v25.3 (Yoast SEO v27.4) - https:\/\/yoast.com\/product\/yoast-seo-premium-wordpress\/ -->\n<title>Salonul Business \u201eDacia\u201d de la Aeroportul Otopeni, \u00eenchis o lun\u0103 pentru renovare. Ce alternativ\u0103 au pasagerii - Buletin de Bucure\u0219ti<\/title>\n<meta name=\"description\" content=\"Salonul Business \u201eDacia\u201d de la Aeroportul \u201eHenri Coand\u0103\u201d Otopeni va fi \u00eenchis pentru renovare timp de o lun\u0103, a anun\u021bat CNAB.\" \/>\n<meta name=\"robots\" content=\"index, follow, max-snippet:-1, max-image-preview:large, max-video-preview:-1\" \/>\n<link rel=\"canonical\" href=\"https:\/\/buletin.de\/bucuresti\/salonul-business-dacia-de-la-aeroportului-otopeni-inchis-o-luna-pentru-renovare-ce-alternativa-au-pasagerii\/\" \/>\n<meta property=\"og:locale\" content=\"en_GB\" \/>\n<meta property=\"og:type\" content=\"article\" \/>\n<meta property=\"og:title\" content=\"Salonul Business \u201eDacia\u201d de la Aeroportul Otopeni, \u00eenchis o lun\u0103 pentru renovare. Ce alternativ\u0103 au pasagerii\" \/>\n<meta property=\"og:description\" content=\"Salonul Business \u201eDacia\u201d de la Aeroportul \u201eHenri Coand\u0103\u201d Otopeni va fi \u00eenchis pentru renovare timp de o lun\u0103, a anun\u021bat CNAB.\" \/>\n<meta property=\"og:url\" content=\"https:\/\/buletin.de\/bucuresti\/salonul-business-dacia-de-la-aeroportului-otopeni-inchis-o-luna-pentru-renovare-ce-alternativa-au-pasagerii\/\" \/>\n<meta property=\"og:site_name\" content=\"Buletin de Bucure\u0219ti\" \/>\n<meta property=\"article:publisher\" content=\"https:\/\/www.facebook.com\/buletin.de.buc\" \/>\n<meta property=\"article:published_time\" content=\"2025-10-22T08:52:18+00:00\" \/>\n<meta property=\"article:modified_time\" content=\"2025-10-23T08:42:38+00:00\" \/>\n<meta property=\"og:image\" content=\"https:\/\/buletin.de\/bucuresti\/wp-content\/uploads\/2025\/10\/Salonul-Dacia-de-la-Aeroportul-Otopeni.jpg\" \/>\n\t<meta property=\"og:image:width\" content=\"1200\" \/>\n\t<meta property=\"og:image:height\" content=\"717\" \/>\n\t<meta property=\"og:image:type\" content=\"image\/jpeg\" \/>\n<meta name=\"author\" content=\"Andreea St\u0103n\u0103r\u00eeng\u0103\" \/>\n<meta name=\"twitter:card\" content=\"summary_large_image\" \/>\n<meta name=\"twitter:label1\" content=\"Written by\" \/>\n\t<meta name=\"twitter:data1\" content=\"Andreea St\u0103n\u0103r\u00eeng\u0103\" \/>\n\t<meta name=\"twitter:label2\" content=\"Estimated reading time\" \/>\n\t<meta name=\"twitter:data2\" content=\"2 minutes\" \/>\n<script type=\"application\/ld+json\" class=\"yoast-schema-graph\">{\"@context\":\"https:\\\/\\\/schema.org\",\"@graph\":[{\"@type\":\"Article\",\"@id\":\"https:\\\/\\\/buletin.de\\\/bucuresti\\\/salonul-business-dacia-de-la-aeroportului-otopeni-inchis-o-luna-pentru-renovare-ce-alternativa-au-pasagerii\\\/#article\",\"isPartOf\":{\"@id\":\"https:\\\/\\\/buletin.de\\\/bucuresti\\\/salonul-business-dacia-de-la-aeroportului-otopeni-inchis-o-luna-pentru-renovare-ce-alternativa-au-pasagerii\\\/\"},\"author\":{\"name\":\"Andreea St\u0103n\u0103r\u00eeng\u0103\",\"@id\":\"https:\\\/\\\/buletin.de\\\/bucuresti\\\/#\\\/schema\\\/person\\\/81421a46fb84a0887cfd2238f5202586\"},\"headline\":\"Salonul Business \u201eDacia\u201d de la Aeroportul Otopeni, \u00eenchis o lun\u0103 pentru renovare. Ce alternativ\u0103 au pasagerii\",\"datePublished\":\"2025-10-22T08:52:18+00:00\",\"dateModified\":\"2025-10-23T08:42:38+00:00\",\"mainEntityOfPage\":{\"@id\":\"https:\\\/\\\/buletin.de\\\/bucuresti\\\/salonul-business-dacia-de-la-aeroportului-otopeni-inchis-o-luna-pentru-renovare-ce-alternativa-au-pasagerii\\\/\"},\"wordCount\":359,\"publisher\":{\"@id\":\"https:\\\/\\\/buletin.de\\\/bucuresti\\\/#organization\"},\"image\":{\"@id\":\"https:\\\/\\\/buletin.de\\\/bucuresti\\\/salonul-business-dacia-de-la-aeroportului-otopeni-inchis-o-luna-pentru-renovare-ce-alternativa-au-pasagerii\\\/#primaryimage\"},\"thumbnailUrl\":\"https:\\\/\\\/buletin.de\\\/bucuresti\\\/wp-content\\\/uploads\\\/2025\\\/10\\\/Salonul-Dacia-de-la-Aeroportul-Otopeni.jpg\",\"keywords\":[\"Aeroport \u201eHenri Coand\u0103\u201d\",\"l\",\"otopeni\",\"renovare\"],\"articleSection\":[\"Articole\",\"\u0218tiri\",\"Transport\"],\"inLanguage\":\"en-GB\",\"copyrightYear\":\"2025\",\"copyrightHolder\":{\"@id\":\"https:\\\/\\\/buletin.de\\\/bucuresti\\\/#organization\"}},{\"@type\":\"WebPage\",\"@id\":\"https:\\\/\\\/buletin.de\\\/bucuresti\\\/salonul-business-dacia-de-la-aeroportului-otopeni-inchis-o-luna-pentru-renovare-ce-alternativa-au-pasagerii\\\/\",\"url\":\"https:\\\/\\\/buletin.de\\\/bucuresti\\\/salonul-business-dacia-de-la-aeroportului-otopeni-inchis-o-luna-pentru-renovare-ce-alternativa-au-pasagerii\\\/\",\"name\":\"Salonul Business \u201eDacia\u201d de la Aeroportul Otopeni, \u00eenchis o lun\u0103 pentru renovare. Ce alternativ\u0103 au pasagerii - Buletin de Bucure\u0219ti\",\"isPartOf\":{\"@id\":\"https:\\\/\\\/buletin.de\\\/bucuresti\\\/#website\"},\"primaryImageOfPage\":{\"@id\":\"https:\\\/\\\/buletin.de\\\/bucuresti\\\/salonul-business-dacia-de-la-aeroportului-otopeni-inchis-o-luna-pentru-renovare-ce-alternativa-au-pasagerii\\\/#primaryimage\"},\"image\":{\"@id\":\"https:\\\/\\\/buletin.de\\\/bucuresti\\\/salonul-business-dacia-de-la-aeroportului-otopeni-inchis-o-luna-pentru-renovare-ce-alternativa-au-pasagerii\\\/#primaryimage\"},\"thumbnailUrl\":\"https:\\\/\\\/buletin.de\\\/bucuresti\\\/wp-content\\\/uploads\\\/2025\\\/10\\\/Salonul-Dacia-de-la-Aeroportul-Otopeni.jpg\",\"datePublished\":\"2025-10-22T08:52:18+00:00\",\"dateModified\":\"2025-10-23T08:42:38+00:00\",\"description\":\"Salonul Business \u201eDacia\u201d de la Aeroportul \u201eHenri Coand\u0103\u201d Otopeni va fi \u00eenchis pentru renovare timp de o lun\u0103, a anun\u021bat CNAB.\",\"breadcrumb\":{\"@id\":\"https:\\\/\\\/buletin.de\\\/bucuresti\\\/salonul-business-dacia-de-la-aeroportului-otopeni-inchis-o-luna-pentru-renovare-ce-alternativa-au-pasagerii\\\/#breadcrumb\"},\"inLanguage\":\"en-GB\",\"potentialAction\":[{\"@type\":\"ReadAction\",\"target\":[\"https:\\\/\\\/buletin.de\\\/bucuresti\\\/salonul-business-dacia-de-la-aeroportului-otopeni-inchis-o-luna-pentru-renovare-ce-alternativa-au-pasagerii\\\/\"]}]},{\"@type\":\"ImageObject\",\"inLanguage\":\"en-GB\",\"@id\":\"https:\\\/\\\/buletin.de\\\/bucuresti\\\/salonul-business-dacia-de-la-aeroportului-otopeni-inchis-o-luna-pentru-renovare-ce-alternativa-au-pasagerii\\\/#primaryimage\",\"url\":\"https:\\\/\\\/buletin.de\\\/bucuresti\\\/wp-content\\\/uploads\\\/2025\\\/10\\\/Salonul-Dacia-de-la-Aeroportul-Otopeni.jpg\",\"contentUrl\":\"https:\\\/\\\/buletin.de\\\/bucuresti\\\/wp-content\\\/uploads\\\/2025\\\/10\\\/Salonul-Dacia-de-la-Aeroportul-Otopeni.jpg\",\"width\":1200,\"height\":717,\"caption\":\"Salonul \u201eDacia\u201d de la Aeroportul Otopeni va fi \u00eenchis pentru renovare. Foto: bucharestairports.ro\"},{\"@type\":\"BreadcrumbList\",\"@id\":\"https:\\\/\\\/buletin.de\\\/bucuresti\\\/salonul-business-dacia-de-la-aeroportului-otopeni-inchis-o-luna-pentru-renovare-ce-alternativa-au-pasagerii\\\/#breadcrumb\",\"itemListElement\":[{\"@type\":\"ListItem\",\"position\":1,\"name\":\"Acas\u0103\",\"item\":\"https:\\\/\\\/buletin.de\\\/bucuresti\\\/\"},{\"@type\":\"ListItem\",\"position\":2,\"name\":\"Salonul Business \u201eDacia\u201d de la Aeroportul Otopeni, \u00eenchis o lun\u0103 pentru renovare. Ce alternativ\u0103 au pasagerii\"}]},{\"@type\":\"WebSite\",\"@id\":\"https:\\\/\\\/buletin.de\\\/bucuresti\\\/#website\",\"url\":\"https:\\\/\\\/buletin.de\\\/bucuresti\\\/\",\"name\":\"Buletin de Bucure\u0219ti\",\"description\":\"\u0218tiri \u0219i investiga\u021bii esen\u021biale din capital\u0103\",\"publisher\":{\"@id\":\"https:\\\/\\\/buletin.de\\\/bucuresti\\\/#organization\"},\"potentialAction\":[{\"@type\":\"SearchAction\",\"target\":{\"@type\":\"EntryPoint\",\"urlTemplate\":\"https:\\\/\\\/buletin.de\\\/bucuresti\\\/?s={search_term_string}\"},\"query-input\":{\"@type\":\"PropertyValueSpecification\",\"valueRequired\":true,\"valueName\":\"search_term_string\"}}],\"inLanguage\":\"en-GB\"},{\"@type\":\"Organization\",\"@id\":\"https:\\\/\\\/buletin.de\\\/bucuresti\\\/#organization\",\"name\":\"Buletin de Bucure\u0219ti\",\"url\":\"https:\\\/\\\/buletin.de\\\/bucuresti\\\/\",\"logo\":{\"@type\":\"ImageObject\",\"inLanguage\":\"en-GB\",\"@id\":\"https:\\\/\\\/buletin.de\\\/bucuresti\\\/#\\\/schema\\\/logo\\\/image\\\/\",\"url\":\"https:\\\/\\\/buletin.de\\\/bucuresti\\\/wp-content\\\/uploads\\\/logo-bdb-full-wide-vernil-transparent.png\",\"contentUrl\":\"https:\\\/\\\/buletin.de\\\/bucuresti\\\/wp-content\\\/uploads\\\/logo-bdb-full-wide-vernil-transparent.png\",\"width\":1782,\"height\":626,\"caption\":\"Buletin de Bucure\u0219ti\"},\"image\":{\"@id\":\"https:\\\/\\\/buletin.de\\\/bucuresti\\\/#\\\/schema\\\/logo\\\/image\\\/\"},\"sameAs\":[\"https:\\\/\\\/www.facebook.com\\\/buletin.de.buc\",\"https:\\\/\\\/www.instagram.com\\\/buletinde.bucuresti\\\/\"]},{\"@type\":\"Person\",\"@id\":\"https:\\\/\\\/buletin.de\\\/bucuresti\\\/#\\\/schema\\\/person\\\/81421a46fb84a0887cfd2238f5202586\",\"name\":\"Andreea St\u0103n\u0103r\u00eeng\u0103\",\"image\":{\"@type\":\"ImageObject\",\"inLanguage\":\"en-GB\",\"@id\":\"https:\\\/\\\/secure.gravatar.com\\\/avatar\\\/dfa8d227a4388fad0f0bb03add04b5b176f4da34397dbb2eadc563b3d7162ce0?s=96&d=monsterid&r=g72784372b39ffe5a98a45288fe0d0e8a\",\"url\":\"https:\\\/\\\/secure.gravatar.com\\\/avatar\\\/dfa8d227a4388fad0f0bb03add04b5b176f4da34397dbb2eadc563b3d7162ce0?s=96&d=monsterid&r=g\",\"contentUrl\":\"https:\\\/\\\/secure.gravatar.com\\\/avatar\\\/dfa8d227a4388fad0f0bb03add04b5b176f4da34397dbb2eadc563b3d7162ce0?s=96&d=monsterid&r=g\",\"caption\":\"Andreea St\u0103n\u0103r\u00eeng\u0103\"},\"description\":\"Cu o experien\u021b\u0103 de peste 5 ani \u00een pres\u0103, face parte din echipa Buletin de Bucure\u0219ti din septembrie 2025. A colaborat cu c\u00e2teva publica\u021bii, printre care \u0219i Fanatik.ro, unde s-a ocupat de \u0219tiri de lifestyle \u0219i de actualitate. A f\u0103cut un pas c\u0103tre presa local\u0103 pentru a explora Bucure\u0219tiul \u0219i pove\u0219tile care merit\u0103 spuse.\",\"url\":\"https:\\\/\\\/buletin.de\\\/bucuresti\\\/author\\\/andreea-stanaranga\\\/\"}]}<\/script>\n<!-- \/ Yoast SEO Premium plugin. -->","yoast_head_json":{"title":"Salonul Business \u201eDacia\u201d de la Aeroportul Otopeni, \u00eenchis o lun\u0103 pentru renovare. Ce alternativ\u0103 au pasagerii - Buletin de Bucure\u0219ti","description":"Salonul Business \u201eDacia\u201d de la Aeroportul \u201eHenri Coand\u0103\u201d Otopeni va fi \u00eenchis pentru renovare timp de o lun\u0103, a anun\u021bat CNAB.","robots":{"index":"index","follow":"follow","max-snippet":"max-snippet:-1","max-image-preview":"max-image-preview:large","max-video-preview":"max-video-preview:-1"},"canonical":"https:\/\/buletin.de\/bucuresti\/salonul-business-dacia-de-la-aeroportului-otopeni-inchis-o-luna-pentru-renovare-ce-alternativa-au-pasagerii\/","og_locale":"en_GB","og_type":"article","og_title":"Salonul Business \u201eDacia\u201d de la Aeroportul Otopeni, \u00eenchis o lun\u0103 pentru renovare. Ce alternativ\u0103 au pasagerii","og_description":"Salonul Business \u201eDacia\u201d de la Aeroportul \u201eHenri Coand\u0103\u201d Otopeni va fi \u00eenchis pentru renovare timp de o lun\u0103, a anun\u021bat CNAB.","og_url":"https:\/\/buletin.de\/bucuresti\/salonul-business-dacia-de-la-aeroportului-otopeni-inchis-o-luna-pentru-renovare-ce-alternativa-au-pasagerii\/","og_site_name":"Buletin de Bucure\u0219ti","article_publisher":"https:\/\/www.facebook.com\/buletin.de.buc","article_published_time":"2025-10-22T08:52:18+00:00","article_modified_time":"2025-10-23T08:42:38+00:00","og_image":[{"width":1200,"height":717,"url":"https:\/\/buletin.de\/bucuresti\/wp-content\/uploads\/2025\/10\/Salonul-Dacia-de-la-Aeroportul-Otopeni.jpg","type":"image\/jpeg"}],"author":"Andreea St\u0103n\u0103r\u00eeng\u0103","twitter_card":"summary_large_image","twitter_misc":{"Written by":"Andreea St\u0103n\u0103r\u00eeng\u0103","Estimated reading time":"2 minutes"},"schema":{"@context":"https:\/\/schema.org","@graph":[{"@type":"Article","@id":"https:\/\/buletin.de\/bucuresti\/salonul-business-dacia-de-la-aeroportului-otopeni-inchis-o-luna-pentru-renovare-ce-alternativa-au-pasagerii\/#article","isPartOf":{"@id":"https:\/\/buletin.de\/bucuresti\/salonul-business-dacia-de-la-aeroportului-otopeni-inchis-o-luna-pentru-renovare-ce-alternativa-au-pasagerii\/"},"author":{"name":"Andreea St\u0103n\u0103r\u00eeng\u0103","@id":"https:\/\/buletin.de\/bucuresti\/#\/schema\/person\/81421a46fb84a0887cfd2238f5202586"},"headline":"Salonul Business \u201eDacia\u201d de la Aeroportul Otopeni, \u00eenchis o lun\u0103 pentru renovare. Ce alternativ\u0103 au pasagerii","datePublished":"2025-10-22T08:52:18+00:00","dateModified":"2025-10-23T08:42:38+00:00","mainEntityOfPage":{"@id":"https:\/\/buletin.de\/bucuresti\/salonul-business-dacia-de-la-aeroportului-otopeni-inchis-o-luna-pentru-renovare-ce-alternativa-au-pasagerii\/"},"wordCount":359,"publisher":{"@id":"https:\/\/buletin.de\/bucuresti\/#organization"},"image":{"@id":"https:\/\/buletin.de\/bucuresti\/salonul-business-dacia-de-la-aeroportului-otopeni-inchis-o-luna-pentru-renovare-ce-alternativa-au-pasagerii\/#primaryimage"},"thumbnailUrl":"https:\/\/buletin.de\/bucuresti\/wp-content\/uploads\/2025\/10\/Salonul-Dacia-de-la-Aeroportul-Otopeni.jpg","keywords":["Aeroport \u201eHenri Coand\u0103\u201d","l","otopeni","renovare"],"articleSection":["Articole","\u0218tiri","Transport"],"inLanguage":"en-GB","copyrightYear":"2025","copyrightHolder":{"@id":"https:\/\/buletin.de\/bucuresti\/#organization"}},{"@type":"WebPage","@id":"https:\/\/buletin.de\/bucuresti\/salonul-business-dacia-de-la-aeroportului-otopeni-inchis-o-luna-pentru-renovare-ce-alternativa-au-pasagerii\/","url":"https:\/\/buletin.de\/bucuresti\/salonul-business-dacia-de-la-aeroportului-otopeni-inchis-o-luna-pentru-renovare-ce-alternativa-au-pasagerii\/","name":"Salonul Business \u201eDacia\u201d de la Aeroportul Otopeni, \u00eenchis o lun\u0103 pentru renovare. Ce alternativ\u0103 au pasagerii - Buletin de Bucure\u0219ti","isPartOf":{"@id":"https:\/\/buletin.de\/bucuresti\/#website"},"primaryImageOfPage":{"@id":"https:\/\/buletin.de\/bucuresti\/salonul-business-dacia-de-la-aeroportului-otopeni-inchis-o-luna-pentru-renovare-ce-alternativa-au-pasagerii\/#primaryimage"},"image":{"@id":"https:\/\/buletin.de\/bucuresti\/salonul-business-dacia-de-la-aeroportului-otopeni-inchis-o-luna-pentru-renovare-ce-alternativa-au-pasagerii\/#primaryimage"},"thumbnailUrl":"https:\/\/buletin.de\/bucuresti\/wp-content\/uploads\/2025\/10\/Salonul-Dacia-de-la-Aeroportul-Otopeni.jpg","datePublished":"2025-10-22T08:52:18+00:00","dateModified":"2025-10-23T08:42:38+00:00","description":"Salonul Business \u201eDacia\u201d de la Aeroportul \u201eHenri Coand\u0103\u201d Otopeni va fi \u00eenchis pentru renovare timp de o lun\u0103, a anun\u021bat CNAB.","breadcrumb":{"@id":"https:\/\/buletin.de\/bucuresti\/salonul-business-dacia-de-la-aeroportului-otopeni-inchis-o-luna-pentru-renovare-ce-alternativa-au-pasagerii\/#breadcrumb"},"inLanguage":"en-GB","potentialAction":[{"@type":"ReadAction","target":["https:\/\/buletin.de\/bucuresti\/salonul-business-dacia-de-la-aeroportului-otopeni-inchis-o-luna-pentru-renovare-ce-alternativa-au-pasagerii\/"]}]},{"@type":"ImageObject","inLanguage":"en-GB","@id":"https:\/\/buletin.de\/bucuresti\/salonul-business-dacia-de-la-aeroportului-otopeni-inchis-o-luna-pentru-renovare-ce-alternativa-au-pasagerii\/#primaryimage","url":"https:\/\/buletin.de\/bucuresti\/wp-content\/uploads\/2025\/10\/Salonul-Dacia-de-la-Aeroportul-Otopeni.jpg","contentUrl":"https:\/\/buletin.de\/bucuresti\/wp-content\/uploads\/2025\/10\/Salonul-Dacia-de-la-Aeroportul-Otopeni.jpg","width":1200,"height":717,"caption":"Salonul \u201eDacia\u201d de la Aeroportul Otopeni va fi \u00eenchis pentru renovare. Foto: bucharestairports.ro"},{"@type":"BreadcrumbList","@id":"https:\/\/buletin.de\/bucuresti\/salonul-business-dacia-de-la-aeroportului-otopeni-inchis-o-luna-pentru-renovare-ce-alternativa-au-pasagerii\/#breadcrumb","itemListElement":[{"@type":"ListItem","position":1,"name":"Acas\u0103","item":"https:\/\/buletin.de\/bucuresti\/"},{"@type":"ListItem","position":2,"name":"Salonul Business \u201eDacia\u201d de la Aeroportul Otopeni, \u00eenchis o lun\u0103 pentru renovare. Ce alternativ\u0103 au pasagerii"}]},{"@type":"WebSite","@id":"https:\/\/buletin.de\/bucuresti\/#website","url":"https:\/\/buletin.de\/bucuresti\/","name":"Buletin de Bucure\u0219ti","description":"\u0218tiri \u0219i investiga\u021bii esen\u021biale din capital\u0103","publisher":{"@id":"https:\/\/buletin.de\/bucuresti\/#organization"},"potentialAction":[{"@type":"SearchAction","target":{"@type":"EntryPoint","urlTemplate":"https:\/\/buletin.de\/bucuresti\/?s={search_term_string}"},"query-input":{"@type":"PropertyValueSpecification","valueRequired":true,"valueName":"search_term_string"}}],"inLanguage":"en-GB"},{"@type":"Organization","@id":"https:\/\/buletin.de\/bucuresti\/#organization","name":"Buletin de Bucure\u0219ti","url":"https:\/\/buletin.de\/bucuresti\/","logo":{"@type":"ImageObject","inLanguage":"en-GB","@id":"https:\/\/buletin.de\/bucuresti\/#\/schema\/logo\/image\/","url":"https:\/\/buletin.de\/bucuresti\/wp-content\/uploads\/logo-bdb-full-wide-vernil-transparent.png","contentUrl":"https:\/\/buletin.de\/bucuresti\/wp-content\/uploads\/logo-bdb-full-wide-vernil-transparent.png","width":1782,"height":626,"caption":"Buletin de Bucure\u0219ti"},"image":{"@id":"https:\/\/buletin.de\/bucuresti\/#\/schema\/logo\/image\/"},"sameAs":["https:\/\/www.facebook.com\/buletin.de.buc","https:\/\/www.instagram.com\/buletinde.bucuresti\/"]},{"@type":"Person","@id":"https:\/\/buletin.de\/bucuresti\/#\/schema\/person\/81421a46fb84a0887cfd2238f5202586","name":"Andreea St\u0103n\u0103r\u00eeng\u0103","image":{"@type":"ImageObject","inLanguage":"en-GB","@id":"https:\/\/secure.gravatar.com\/avatar\/dfa8d227a4388fad0f0bb03add04b5b176f4da34397dbb2eadc563b3d7162ce0?s=96&d=monsterid&r=g72784372b39ffe5a98a45288fe0d0e8a","url":"https:\/\/secure.gravatar.com\/avatar\/dfa8d227a4388fad0f0bb03add04b5b176f4da34397dbb2eadc563b3d7162ce0?s=96&d=monsterid&r=g","contentUrl":"https:\/\/secure.gravatar.com\/avatar\/dfa8d227a4388fad0f0bb03add04b5b176f4da34397dbb2eadc563b3d7162ce0?s=96&d=monsterid&r=g","caption":"Andreea St\u0103n\u0103r\u00eeng\u0103"},"description":"Cu o experien\u021b\u0103 de peste 5 ani \u00een pres\u0103, face parte din echipa Buletin de Bucure\u0219ti din septembrie 2025. A colaborat cu c\u00e2teva publica\u021bii, printre care \u0219i Fanatik.ro, unde s-a ocupat de \u0219tiri de lifestyle \u0219i de actualitate. A f\u0103cut un pas c\u0103tre presa local\u0103 pentru a explora Bucure\u0219tiul \u0219i pove\u0219tile care merit\u0103 spuse.","url":"https:\/\/buletin.de\/bucuresti\/author\/andreea-stanaranga\/"}]}},"authors":[{"term_id":23912,"user_id":65,"is_guest":0,"slug":"andreea-stanaranga","display_name":"Andreea St\u0103n\u0103r\u00eeng\u0103","avatar_url":"https:\/\/secure.gravatar.com\/avatar\/dfa8d227a4388fad0f0bb03add04b5b176f4da34397dbb2eadc563b3d7162ce0?s=96&d=monsterid&r=g","0":null,"1":"","2":"","3":"","4":"","5":"","6":"","7":"","8":""}],"_links":{"self":[{"href":"https:\/\/buletin.de\/bucuresti\/wp-json\/wp\/v2\/posts\/153888","targetHints":{"allow":["GET"]}}],"collection":[{"href":"https:\/\/buletin.de\/bucuresti\/wp-json\/wp\/v2\/posts"}],"about":[{"href":"https:\/\/buletin.de\/bucuresti\/wp-json\/wp\/v2\/types\/post"}],"author":[{"embeddable":true,"href":"https:\/\/buletin.de\/bucuresti\/wp-json\/wp\/v2\/users\/65"}],"replies":[{"embeddable":true,"href":"https:\/\/buletin.de\/bucuresti\/wp-json\/wp\/v2\/comments?post=153888"}],"version-history":[{"count":7,"href":"https:\/\/buletin.de\/bucuresti\/wp-json\/wp\/v2\/posts\/153888\/revisions"}],"predecessor-version":[{"id":154186,"href":"https:\/\/buletin.de\/bucuresti\/wp-json\/wp\/v2\/posts\/153888\/revisions\/154186"}],"wp:featuredmedia":[{"embeddable":true,"href":"https:\/\/buletin.de\/bucuresti\/wp-json\/wp\/v2\/media\/153909"}],"wp:attachment":[{"href":"https:\/\/buletin.de\/bucuresti\/wp-json\/wp\/v2\/media?parent=153888"}],"wp:term":[{"taxonomy":"category","embeddable":true,"href":"https:\/\/buletin.de\/bucuresti\/wp-json\/wp\/v2\/categories?post=153888"},{"taxonomy":"post_tag","embeddable":true,"href":"https:\/\/buletin.de\/bucuresti\/wp-json\/wp\/v2\/tags?post=153888"},{"taxonomy":"author","embeddable":true,"href":"https:\/\/buletin.de\/bucuresti\/wp-json\/wp\/v2\/ppma_author?post=153888"}],"curies":[{"name":"wp","href":"https:\/\/api.w.org\/{rel}","templated":true}]}}