{"id":153884,"date":"2025-10-22T11:08:04","date_gmt":"2025-10-22T08:08:04","guid":{"rendered":"https:\/\/buletin.de\/bucuresti\/?p=153884"},"modified":"2025-10-23T07:45:35","modified_gmt":"2025-10-23T04:45:35","slug":"editorial-o-radiografie-la-cald-pe-cine-alegem-la-bucuresti","status":"publish","type":"post","link":"https:\/\/buletin.de\/bucuresti\/editorial-o-radiografie-la-cald-pe-cine-alegem-la-bucuresti\/","title":{"rendered":"EDITORIAL | O radiografie la cald: Pe cine alegem la Bucure\u0219ti?"},"content":{"rendered":"\n<p><strong>Pe cine alegem la Bucure\u0219ti? Este \u00eentrebarea recurent\u0103 \u00een fa\u021ba unei t\u0103vi electorale mai degrab\u0103 supra-ofertante comparativ cu scrutinele anterioare. <\/strong><\/p>\n\n\n\n<p>\u00cen ultimii 20 de ani, bucure\u0219tenii cu discern\u0103m\u00e2nt nu au avut prea multe op\u021biuni viabile. Mojicii, fripturi\u0219tii, neamurile \u0219i sinecuri\u0219tii au \u0219tiut de fiecare dat\u0103 pe cine sau cu cine s\u0103 pun\u0103 \u0219tampila. <\/p>\n\n\n\n<p>A fost simplu \u00een ora\u0219ul cu cei mai mul\u021bi bugetari din \u021bar\u0103, unde politicul \u00een\u0219ubeaz\u0103 oameni mai mult loiali dec\u00e2t competen\u021bi, te miri unde. Acum, sub lumina reflectoarelor digitale, a tehnologiei informa\u021biei, a ecranelor \u0219i a echipelor de comunicare, to\u021bi cei afla\u021bi \u00een <em>pole position<\/em> afi\u0219eaz\u0103 o masc\u0103-\u0219ablon.<\/p>\n\n\n\n<p>De\u0219i neanun\u021ba\u021bi oficial, \u00eei voi enumera \u00een ordine alfabetic\u0103, cu o radiografie sumar\u0103, filtrat\u0103 de experien\u021ba de peste zece ani de pres\u0103 local\u0103 \u00een Bucure\u0219ti<strong>, pentru a nu fi acuzat, Doamne-fere\u0219te, de parti-pris-uri.<\/strong><\/p>\n\n\n\n<h2 class=\"wp-block-heading\" id=\"h-daniel-balu\u021ba-don-ul-din-sectorul-4-\u0219i-comuniunea-cu-lumea-interlopa\"><strong>Daniel B\u0103lu\u021b\u0103: \u201eDon\u201d-ul din Sectorul 4 \u0219i comuniunea cu lumea interlop\u0103<\/strong><\/h2>\n\n\n\n<p><strong>Daniel B\u0103lu\u021b\u0103, primarul Sectorului 4 \u0219i vicepre\u0219edinte PSD, pozi\u021bionat undeva pe locul doi sau trei \u00een ierarhia acestei forma\u021biuni politice, este recunoscut drept \u201egospodarul\u201d care men\u021bine aparatul de partid \u0219i firmele afiliate <em>mufate<\/em> la bani publici. <\/strong><\/p>\n\n\n\n<p>F\u0103r\u0103 scrupule \u00een demersul de a ob\u021bine voturi, a demonstrat lipsa de viziune pe termen lung atunci c\u00e2nd, \u00een trecut, a demolat gardurile STB care asigurau un culoar unic pentru tramvai \u0219i a creat astfel egalitate de \u0219anse pe rutier \u0219i cet\u0103\u021benilor cu BMW, certa\u021bi cu regulile de circula\u021bie.<\/p>\n\n\n\n<figure class=\"wp-block-image size-large\"><img fetchpriority=\"high\" decoding=\"async\" width=\"1000\" height=\"667\" src=\"data:image\/gif;base64,R0lGODlhAQABAAAAACH5BAEKAAEALAAAAAABAAEAAAICTAEAOw==\" data-src=\"https:\/\/buletin.de\/bucuresti\/wp-content\/uploads\/2025\/10\/ID318366_INQUAM_Photos_Malina_Norocea-1000x667.jpg\" alt=\"\" class=\"wp-image-153896 lazyload\" data-sizes=\"auto\" data-srcset=\"https:\/\/buletin.de\/bucuresti\/wp-content\/uploads\/2025\/10\/ID318366_INQUAM_Photos_Malina_Norocea-1000x667.jpg 1000w, https:\/\/buletin.de\/bucuresti\/wp-content\/uploads\/2025\/10\/ID318366_INQUAM_Photos_Malina_Norocea-300x200.jpg 300w, https:\/\/buletin.de\/bucuresti\/wp-content\/uploads\/2025\/10\/ID318366_INQUAM_Photos_Malina_Norocea-768x512.jpg 768w, https:\/\/buletin.de\/bucuresti\/wp-content\/uploads\/2025\/10\/ID318366_INQUAM_Photos_Malina_Norocea-1536x1025.jpg 1536w, https:\/\/buletin.de\/bucuresti\/wp-content\/uploads\/2025\/10\/ID318366_INQUAM_Photos_Malina_Norocea-2048x1366.jpg 2048w, https:\/\/buletin.de\/bucuresti\/wp-content\/uploads\/2025\/10\/ID318366_INQUAM_Photos_Malina_Norocea-1600x1067.jpg 1600w, https:\/\/buletin.de\/bucuresti\/wp-content\/uploads\/2025\/10\/ID318366_INQUAM_Photos_Malina_Norocea-1100x734.jpg 1100w, https:\/\/buletin.de\/bucuresti\/wp-content\/uploads\/2025\/10\/ID318366_INQUAM_Photos_Malina_Norocea-600x400.jpg 600w, https:\/\/buletin.de\/bucuresti\/wp-content\/uploads\/2025\/10\/ID318366_INQUAM_Photos_Malina_Norocea-20x13.jpg 20w\" sizes=\"(max-width: 1000px) 100vw, 1000px\" \/><figcaption class=\"wp-element-caption\">Primarul Sectorului 4, Daniel B\u0103lu\u0163\u0103 \u0219i primarul general interimar al Municipiului Bucure\u015fti, Stelian Bujduveanu la o vizit\u0103 de lucru pe \u015fantierul pasajului Ap\u0103r\u0103torii Patriei, proiect de infrastructur\u0103 ce face parte din inelul median de circula\u0163ie al Capitalei, inclus \u015fi \u00een Planul de Mobilitate Urban\u0103 aprobat la nivelul Bucure\u015ftiului, 11 septembrie 2025. Inquam Photos \/ M\u0103lina Norocea<\/figcaption><\/figure>\n\n\n\n<p>Administra\u021bia sa este, conform pl\u00e2ngerilor cet\u0103\u021benilor, printre cele mai opace, iar oportunitatea \u0219i legalitatea anumitor investi\u021bii ridic\u0103 serioase semne de \u00eentrebare, de\u0219i sunt de amploare. Primarul B\u0103lu\u021b\u0103 ignor\u0103 \u0219edin\u021bele de Consiliu Local, acolo unde opozi\u021bia este prezent\u0103. <\/p>\n\n\n\n<p><strong>Transparen\u021ba actului de guvernare local\u0103 este nul\u0103: nu exist\u0103 transmisii live sau \u00eenregistr\u0103ri salvate public ale acestor \u0219edin\u021be. \u00cen urma lor r\u0103m\u00e2n doar procesele verbale redactate de oamenii s\u0103i. <\/strong><\/p>\n\n\n\n<p>Daniel B\u0103lu\u021b\u0103 a transformat, practic, Sectorul 4 \u00eentr-un soi de Sicilie, cu o administra\u021bie paralel\u0103 organigramelor statului. Daca ar fi s\u0103 alegem un slogan cinstit pentru campania sa, acesta ar fi \u201eMafia care face. Nu-\u021bi convine, dormi cu pe\u0219tii!\u201d<\/p>\n\n\n\n<p><strong>CITE\u0218TE \u0218I:<a href=\"https:\/\/buletin.de\/bucuresti\/investigatie-gratuitatea-lui-baluta-cum-s-a-transformat-un-bazin-unde-elevii-din-sectorul-4-ar-fi-trebuit-sa-inoata-pe-gratis-in-afacerea-aparatului-de-partid-din-psd\/\" target=\"_blank\" rel=\"noreferrer noopener\"> \u201eGratuitatea\u201d lui B\u0103lu\u021b\u0103. Cum s-a transformat un bazin unde elevii din Sectorul 4 ar fi trebuit s\u0103 \u00eenoate pe gratis \u00een afacerea aparatului de partid din PSD<\/a><\/strong><\/p>\n\n\n\n<h2 class=\"wp-block-heading\" id=\"h-stelian-bujduveanu-baiatul-de-bani-gata-\u0219i-vorbitul-din-car\u021bi\"><strong>Stelian Bujduveanu: \u201eB\u0103iatul de bani gata\u201d \u0219i vorbitul din c\u0103r\u021bi<\/strong><\/h2>\n\n\n\n<p><strong>Stelian Bujduveanu, sau \u201eSteli\u201d pentru apropia\u021bi, este un \u201eb\u0103iat de bani gata\u201d din Constan\u021ba, care a ajuns \u00een politica bucure\u0219tean\u0103 prin filiala PNL Sector 3, unde a \u00eencercat o opozi\u021bie timid\u0103 \u00een fa\u021ba baronului Robert Negoi\u021b\u0103. <\/strong><\/p>\n\n\n\n<p>Reprezint\u0103 \u0219ablonul celebrei replici \u201eCine v\u0103 recomand\u0103? Familia!\u201d. \u00cen cercurile restr\u00e2nse ale politicii mari se \u0219tie c\u0103 p\u0103rin\u021bii s\u0103i \u201e\u021bin banii PNL-ului\u201d. <\/p>\n\n\n\n<p>Absolvent de Drept la Universitate, a ajuns primar general dup\u0103 trocul politic din Consiliul General al Municipiului Bucure\u0219ti de dup\u0103 alegerile preziden\u021biale, func\u021bie din care exploateaz\u0103 orice oportunitate de imagine.<\/p>\n\n\n\n<p>Canalele de comunicare ale Prim\u0103riei Municipiului Bucure\u0219ti (<a href=\"https:\/\/www.pmb.ro\/\" target=\"_blank\" rel=\"noreferrer noopener\">PMB<\/a>) sunt sufocate de imaginea sa, iar termenul <strong><mark style=\"background-color:rgba(0, 0, 0, 0)\" class=\"has-inline-color has-vivid-red-color\">interimar<\/mark><\/strong> este interzis at\u00e2t aici, c\u00e2t \u0219i \u00een anumite publica\u021bii aflate pe statul de plat\u0103 al PNL. <\/p>\n\n\n\n<p><strong>Bujduveanu face parte din aripa condus\u0103 de Hubert Thuma (condamnat pentru corup\u021bie), falang\u0103 cu ramifica\u021bii \u00een \u201emafia imobiliar\u0103\u201d din Bucure\u0219ti \u0219i \u201ec\u0103m\u0103t\u0103ria\u201d Ilfov.<\/strong><\/p>\n\n\n\n<figure class=\"wp-block-image size-large\"><img decoding=\"async\" width=\"1000\" height=\"667\" src=\"data:image\/gif;base64,R0lGODlhAQABAAAAACH5BAEKAAEALAAAAAABAAEAAAICTAEAOw==\" data-src=\"https:\/\/buletin.de\/bucuresti\/wp-content\/uploads\/2025\/10\/ID241574_INQUAM_Photos_George_Calin-1000x667.jpg\" alt=\"\" class=\"wp-image-153897 lazyload\" data-sizes=\"auto\" data-srcset=\"https:\/\/buletin.de\/bucuresti\/wp-content\/uploads\/2025\/10\/ID241574_INQUAM_Photos_George_Calin-1000x667.jpg 1000w, https:\/\/buletin.de\/bucuresti\/wp-content\/uploads\/2025\/10\/ID241574_INQUAM_Photos_George_Calin-300x200.jpg 300w, https:\/\/buletin.de\/bucuresti\/wp-content\/uploads\/2025\/10\/ID241574_INQUAM_Photos_George_Calin-768x512.jpg 768w, https:\/\/buletin.de\/bucuresti\/wp-content\/uploads\/2025\/10\/ID241574_INQUAM_Photos_George_Calin-1536x1024.jpg 1536w, https:\/\/buletin.de\/bucuresti\/wp-content\/uploads\/2025\/10\/ID241574_INQUAM_Photos_George_Calin-2048x1365.jpg 2048w, https:\/\/buletin.de\/bucuresti\/wp-content\/uploads\/2025\/10\/ID241574_INQUAM_Photos_George_Calin-1600x1067.jpg 1600w, https:\/\/buletin.de\/bucuresti\/wp-content\/uploads\/2025\/10\/ID241574_INQUAM_Photos_George_Calin-1100x733.jpg 1100w, https:\/\/buletin.de\/bucuresti\/wp-content\/uploads\/2025\/10\/ID241574_INQUAM_Photos_George_Calin-600x400.jpg 600w, https:\/\/buletin.de\/bucuresti\/wp-content\/uploads\/2025\/10\/ID241574_INQUAM_Photos_George_Calin-20x13.jpg 20w\" sizes=\"(max-width: 1000px) 100vw, 1000px\" \/><figcaption class=\"wp-element-caption\">Stelian Bujduveanu, \u00een calitate de viceprimar la intrarea \u00een vigoare a noilor reglement\u0103ri de circula\u0163ie pe b-dul Regele Mihai I pentru autobuze, \u00een Bucure\u0219ti, 13 decembrie 2023. Inquam Photos \/ George C\u0103lin<\/figcaption><\/figure>\n\n\n\n<p>Pe plan politic are gena \u0219i anticorpii lui Ludovic Orban, politicianul cu 9 vie\u021bi,<a href=\"https:\/\/playtech.ro\/stiri\/cum-arata-acum-victima-accidentului-rutier-provocat-de-ludovic-orban-in-decembrie-2007-la-28-de-ani-373769\"> care a sc\u0103pat de oprobriu chiar \u0219i dup\u0103 ce a lovit un copil pe trecerea de pietoni<\/a>. Dup\u0103 cinci ani de Consiliul General, Bujduveanu pare ca a prins din zbor anumite lucruri. Totu\u0219i, dac\u0103 pic\u0103 masca, momentan pare c\u0103 habar n-are despre Bucure\u0219ti \u0219i vorbe\u0219te al naibii de bine din c\u0103r\u021bi.<\/p>\n\n\n\n<p><strong>CITE\u0218TE \u0218I: <a href=\"https:\/\/buletin.de\/bucuresti\/editorial-sa-i-dea-cineva-un-balcon-domnului-interimar-bujduveanu\/\" target=\"_blank\" rel=\"noreferrer noopener\">EDITORIAL | S\u0103-i dea cineva un balcon domnului interimar Bujduveanu<\/a><\/strong><\/p>\n\n\n\n<h2 class=\"wp-block-heading\" id=\"h-ciprian-ciucu-de-la-activist-la-domnul-goe-al-administra\u021biei\"><strong>Ciprian Ciucu: De la activist la \u201eDomnul Goe\u201d al administra\u021biei<\/strong><\/h2>\n\n\n\n<p><strong>Ciprian Ciucu, fost activist \u00een societatea civil\u0103,<a href=\"https:\/\/hotnews.ro\/monica-macovei-despre-plecarea-lui-ciprian-ciucu-la-pnl-mi-a-mai-spus-ca-i-s-a-promis-ca-va-fi-pe-un-loc-eligibil-pentru-parlament-n-2016-si-ca-va-fi-pe-lista-pentru-parlamentul-europe-475440\"> s-a remarcat printr-o \u201etr\u0103dare de carier\u0103\u201d c\u00e2nd a p\u0103\u0219it \u00een politic\u0103, dup\u0103 episodul controversat al colabor\u0103rii cu Monica Macovei. <\/a><\/strong><\/p>\n\n\n\n<p>A c\u00e2\u0219tigat cinstit prima oar\u0103 \u00een fa\u021ba fostului primar Mutu, dar la alegerile din 2024 i s-a f\u0103cut \u201eculoar liber\u201d, dup\u0103 ce contracandidatul s\u0103u, <a href=\"https:\/\/buletin.de\/bucuresti\/ce-avere-are-adrian-vigheciu-cel-care-va-fi-primar-interimar-al-capitalei-politicianul-psd-are-patru-locuinte-in-bucuresti\/\">actualul viceprimar PSD Vigheciu<\/a>, a fost for\u021bat de partid s\u0103 candideze f\u0103r\u0103 \u0219anse la Sectorul 5, \u00eempotriva lui Piedone mic, \u00een urma unor negocieri obscure dintre PNL \u0219i PSD.<\/p>\n\n\n\n<p>O manevr\u0103 similar\u0103 cu episodul Iohannis-D\u0103ncil\u0103 de la preziden\u021bialele din 2019.<\/p>\n\n\n\n<p>Ulterior a avut \u0219i are o majoritate confortabil\u0103 asigurat\u0103 de USR cu ajutorul c\u0103reia a dus la bun sf\u00e2r\u0219it proiecte punctuale cu care \u201ea marcat\u201c politic.<\/p>\n\n\n\n<p>\u00centre timp a deraiat moral, ar\u0103t\u00e2nd un orgoliu nem\u0103surat \u00een fa\u021ba vocilor critice, dublat de un egocentrism care i-a surprins pe to\u021bi cei care l-au cunoscut \u00een perioada \u00een care era consilier general \u0219i c\u00e2nd f\u0103cea o opozi\u021bie \u201eca la manual\u201d, aproape singur, \u00eempotriva fostei prim\u0103ri\u021be de la Voluntari.<\/p>\n\n\n\n<figure class=\"wp-block-image size-large\"><img decoding=\"async\" width=\"1000\" height=\"667\" src=\"data:image\/gif;base64,R0lGODlhAQABAAAAACH5BAEKAAEALAAAAAABAAEAAAICTAEAOw==\" data-src=\"https:\/\/buletin.de\/bucuresti\/wp-content\/uploads\/2025\/10\/ID246400_INQUAM_Photos_George_Calin-1000x667.jpg\" alt=\"\" class=\"wp-image-153898 lazyload\" data-sizes=\"auto\" data-srcset=\"https:\/\/buletin.de\/bucuresti\/wp-content\/uploads\/2025\/10\/ID246400_INQUAM_Photos_George_Calin-1000x667.jpg 1000w, https:\/\/buletin.de\/bucuresti\/wp-content\/uploads\/2025\/10\/ID246400_INQUAM_Photos_George_Calin-300x200.jpg 300w, https:\/\/buletin.de\/bucuresti\/wp-content\/uploads\/2025\/10\/ID246400_INQUAM_Photos_George_Calin-768x512.jpg 768w, https:\/\/buletin.de\/bucuresti\/wp-content\/uploads\/2025\/10\/ID246400_INQUAM_Photos_George_Calin-1536x1024.jpg 1536w, https:\/\/buletin.de\/bucuresti\/wp-content\/uploads\/2025\/10\/ID246400_INQUAM_Photos_George_Calin-2048x1365.jpg 2048w, https:\/\/buletin.de\/bucuresti\/wp-content\/uploads\/2025\/10\/ID246400_INQUAM_Photos_George_Calin-1600x1067.jpg 1600w, https:\/\/buletin.de\/bucuresti\/wp-content\/uploads\/2025\/10\/ID246400_INQUAM_Photos_George_Calin-1100x733.jpg 1100w, https:\/\/buletin.de\/bucuresti\/wp-content\/uploads\/2025\/10\/ID246400_INQUAM_Photos_George_Calin-600x400.jpg 600w, https:\/\/buletin.de\/bucuresti\/wp-content\/uploads\/2025\/10\/ID246400_INQUAM_Photos_George_Calin-20x13.jpg 20w\" sizes=\"(max-width: 1000px) 100vw, 1000px\" \/><figcaption class=\"wp-element-caption\">Ciprian Ciucu, prezent la evenimentul \u201eA treia cale. Calea c\u00e2\u015ftig\u0103toare pentru Bucure\u015ftiul Viitorului&#8221;, organizat de PNL Bucure\u015fti, 1 februarie 2024. Inquam Photos \/ George C\u0103lin<\/figcaption><\/figure>\n\n\n\n<p>Atitudinea \u0219i felul \u00een care se raporteaz\u0103 la realitatea din jur \u00eei tr\u0103deaz\u0103 lipsa de viziune \u0219i tenacitate \u0219i reprezint\u0103 un semnal de alarm\u0103 major pentru o func\u021bie care presupune reprezentarea \u0219i \u00eembun\u0103t\u0103\u021birea calit\u0103\u021bii vie\u021bii tuturor cet\u0103\u021benilor Capitalei, indiferent de opinii.<\/p>\n\n\n\n<p>Lipsa modestiei \u0219i un comportament \u201e\u00e0 la Domnul Goe\u201d \u00een administra\u021bie pot duce la catastrofe, dup\u0103 cum am experimentat cu to\u021bii dup\u0103 2016, la PMB. Este protejatul lui Ilie Bolojan, dup\u0103 ce ani de zile i-a ridicat osanale publice \u0219i a pretins public c\u0103 \u201ea luat noti\u021be de la Oradea\u201d.<\/p>\n\n\n\n<p>Acuz\u0103 constant presa incomod\u0103 c\u0103 minte, iar oamenii din subordine transmit public c\u0103 \u201enoi v\u0103 d\u0103m \u0219tirea corect\u0103\u201d. \u00cen schimb, un aspect pozitiv al administra\u021biei sale este, par\u021bial, cel al transparen\u021bei.<\/p>\n\n\n\n<p><strong>CITE\u0218TE \u0218I: <a href=\"https:\/\/buletin.de\/bucuresti\/primarul-sectorului-6-ciprian-ciucu-a-fugit-de-jurnalisti-dupa-intrebari-despre-banii-pnl-pentru-presa\/\" target=\"_blank\" rel=\"noreferrer noopener\">Primarul Sectorului 6, Ciprian Ciucu, a fugit de jurnali\u0219ti din cauza \u00eentreb\u0103rilor despre banii PNL pentru pres\u0103<\/a><\/strong><\/p>\n\n\n\n<h2 class=\"wp-block-heading\" id=\"h-catalin-drula-locomotiva-usr-ratacita-in-bucure\u0219ti\"><strong>C\u0103t\u0103lin Drul\u0103: Locomotiva USR, r\u0103t\u0103cit\u0103 \u00een Bucure\u0219ti<\/strong><\/h2>\n\n\n\n<p>C\u0103t\u0103lin Drul\u0103, locomotiva \u0219i <em>performerul<\/em> USR \u00een guvernarea C\u00ee\u021bu, pare r\u0103t\u0103cit \u00een Bucure\u0219ti, ora\u0219ul \u00een care a copil\u0103rit \u0219i crescut. Dup\u0103 ani de politic\u0103 central\u0103, leg\u0103tura cu administra\u021bia local\u0103 lipse\u0219te. <\/p>\n\n\n\n<p>Gafele recente arat\u0103 c\u0103 a fost scos \u201edin p\u0103l\u0103rie\u201d \u00een fa\u021ba unor oameni din partid mult mai bine preg\u0103ti\u021bi pentru problemele Capitalei. Cu un management al USR rupt de oamenii din e\u0219aloanele trei \u0219i patru, este greu de crezut c\u0103 va avea performan\u021b\u0103 f\u0103r\u0103 o echip\u0103 puternic\u0103 \u0219i stabil\u0103 \u00een spate.<\/p>\n\n\n\n<p>P\u00e2n\u0103 \u00een prezent, nu exist\u0103 semnale c\u0103 ar percepe \u00een mod real problemele Capitalei, at\u00e2t pe vertical\u0103, c\u00e2t \u0219i pe orizontal\u0103, de la negocieri politice la limita moralit\u0103\u021bii \u0219i p\u00e2n\u0103 la Asisten\u021ba Social\u0103 a ora\u0219ului. <\/p>\n\n\n\n<figure class=\"wp-block-image size-large\"><img loading=\"lazy\" decoding=\"async\" width=\"1000\" height=\"667\" src=\"data:image\/gif;base64,R0lGODlhAQABAAAAACH5BAEKAAEALAAAAAABAAEAAAICTAEAOw==\" data-src=\"https:\/\/buletin.de\/bucuresti\/wp-content\/uploads\/2025\/10\/ID260188_INQUAM_Photos_Virgil_Simonescu-1000x667.jpg\" alt=\"\" class=\"wp-image-153899 lazyload\" data-sizes=\"auto\" data-srcset=\"https:\/\/buletin.de\/bucuresti\/wp-content\/uploads\/2025\/10\/ID260188_INQUAM_Photos_Virgil_Simonescu-1000x667.jpg 1000w, https:\/\/buletin.de\/bucuresti\/wp-content\/uploads\/2025\/10\/ID260188_INQUAM_Photos_Virgil_Simonescu-300x200.jpg 300w, https:\/\/buletin.de\/bucuresti\/wp-content\/uploads\/2025\/10\/ID260188_INQUAM_Photos_Virgil_Simonescu-768x512.jpg 768w, https:\/\/buletin.de\/bucuresti\/wp-content\/uploads\/2025\/10\/ID260188_INQUAM_Photos_Virgil_Simonescu-1536x1024.jpg 1536w, https:\/\/buletin.de\/bucuresti\/wp-content\/uploads\/2025\/10\/ID260188_INQUAM_Photos_Virgil_Simonescu-2048x1365.jpg 2048w, https:\/\/buletin.de\/bucuresti\/wp-content\/uploads\/2025\/10\/ID260188_INQUAM_Photos_Virgil_Simonescu-1600x1067.jpg 1600w, https:\/\/buletin.de\/bucuresti\/wp-content\/uploads\/2025\/10\/ID260188_INQUAM_Photos_Virgil_Simonescu-1100x733.jpg 1100w, https:\/\/buletin.de\/bucuresti\/wp-content\/uploads\/2025\/10\/ID260188_INQUAM_Photos_Virgil_Simonescu-600x400.jpg 600w, https:\/\/buletin.de\/bucuresti\/wp-content\/uploads\/2025\/10\/ID260188_INQUAM_Photos_Virgil_Simonescu-20x13.jpg 20w\" sizes=\"(max-width: 1000px) 100vw, 1000px\" \/><figcaption class=\"wp-element-caption\">C\u0103t\u0103lin Drul\u0103, prezent la mitingul organizat cu ocazia Zilei Europei, joi 9 mai 2024, Timisoara. INQUAM PHOTOS\/Virgil Simonescu<\/figcaption><\/figure>\n\n\n\n<p>\u00cen politica mare, cartea sa de vizit\u0103 este \u201eAutostrada Moldovei\u201d, proiect pe care l-a inclus, dup\u0103 ce a umblat cu jalba-n pro\u021bap la Bruxelles, pe lista de investi\u021bii prin PNRR. <\/p>\n\n\n\n<p>Pe plan local, a f\u0103cut ceva cur\u0103\u021benie la Metrorex, dar este prea pu\u021bin pentru un \u201ebloc cu zece etaje\u201d \u00een care s-a dat cu m\u0103tura doar la subsol, \u0219i doar \u00eentr-un col\u021b, de ochii lumii.<\/p>\n\n\n\n<p><strong>CITE\u0218TE \u0218I: <a href=\"https:\/\/buletin.de\/bucuresti\/val-de-critici-dupa-propunerea-usr-de-a-construi-un-bazin-de-inot-in-locul-complexului-in-care-functioneaza-si-centrul-replika-catalin-drula-astept-sa-ne-intalnim-si-sa-gasim-solutii\/\" target=\"_blank\" rel=\"noreferrer noopener\">Val de critici dup\u0103 propunerea USR de a construi un bazin de \u00eenot \u00een locul complexului \u00een care func\u021bioneaz\u0103 \u0219i Centrul Replika. C\u0103t\u0103lin Drul\u0103: \u201eA\u0219tept s\u0103 ne \u00eent\u00e2lnim \u0219i s\u0103 g\u0103sim solu\u021bii\u201d<\/a><\/strong><\/p>\n\n\n\n<h2 class=\"wp-block-heading\" id=\"h-pe-cine-alegem-la-bucure\u0219ti-fentele-din-cursa-ogarilor\">Pe cine alegem la Bucure\u0219ti? <strong>\u201eFentele&#8221; din cursa ogarilor<\/strong><\/h2>\n\n\n\n<p>Pe lista poten\u021bialilor candida\u021bi se mai reg\u0103sesc, cu \u0219anse minime spre deloc: \u201eabuzatul de mam\u0103\u201d Makaveli, \u201enicu\u0219orista-elitist\u0103 care sparge Dreapta\u201d Ana Ciceal\u0103 \u0219i \u201emafiotul PDL-ist\u201d Liviu Negoi\u021b\u0103. <\/p>\n\n\n\n<p>Nici Piedone nu va rata expunerea mediatic\u0103 a alegerilor locale \u00een calitate de \u201e\u0219ef de trib-cum\u0103tru-bi\u0219ni\u021bar\u201d, cu o televiziune \u00een spate.<\/p>\n\n\n\n<p><strong>CITE\u0218TE \u0218I <a href=\"https:\/\/buletin.de\/bucuresti\/cristian-popescu-piedone-a-transformat-contul-in-care-se-promova-politic-pe-tiktok-in-cont-al-anpc-si-a-urat-singur-la-multi-ani\/\">Cristian Popescu Piedone a transformat contul \u00een care se promova politic pe TikTok \u00een cont al ANPC. \u0218i-a urat singur \u201eLa mul\u021bi ani\u201d<\/a><\/strong><\/p>\n\n\n\n<p>Consilierul general Dan Cristian Popescu, \u201eprofesorul de mate\u201d \u0219i fost viceprimar la Sectorul 2, este un traseist politic de carier\u0103 care nu a performat \u00een nicio pozi\u021bie public\u0103 \u0219i are o avere greu de justificat \u00een fa\u021ba cet\u0103\u021benilor obi\u0219nui\u021bi.<\/p>\n\n\n\n<p>Deocamdat\u0103, acesta este platoul electoral din care vom afla pe cine suntem pu\u0219i s\u0103 alegem la Bucure\u0219ti. <\/p>\n\n\n\n<p>Adev\u0103rata miz\u0103 o reprezint\u0103 \u00eens\u0103 luptele interne din PNL, PSD \u0219i USR, unde semnalul pentru b\u0103t\u0103lia la baionet\u0103, \u00een tran\u0219ee, a fost deja dat.<\/p>\n\n\n\n<p>Ce e clar e c\u0103 Bolojan pare c\u0103 s-a impus \u00een PNL la Bucure\u0219ti \u0219i Ilfov, odat\u0103 cu stabilirea datei alegerilor anul acesta, \u0219i nu anul viitor, cum ar fi dorit \u201emafiotarzii\u201d din Ilfov.<\/p>\n\n\n\n<p><strong>CITE\u0218TE \u0218I <a href=\"https:\/\/buletin.de\/bucuresti\/70-de-copii-de-unu-si-doi-ani-au-fost-internati-cu-covid-19-la-spitalul-victor-gomoiu-din-capitala-urmeaza-sezonul-de-gripa\/\">70 de copii de unu \u0219i doi ani au fost interna\u021bi cu COVID-19 la Spitalul Victor Gomoiu din Capital\u0103. Urmeaz\u0103 sezonul de grip\u0103<\/a><\/strong><\/p>\n","protected":false},"excerpt":{"rendered":"<p>Pe cine alegem la Bucure\u0219ti? Este \u00eentrebarea recurent\u0103 \u00een fa\u021ba unei t\u0103vi electorale mai degrab\u0103 supra-ofertante comparativ cu scrutinele anterioare. \u00cen ultimii 20 de ani, bucure\u0219tenii cu discern\u0103m\u00e2nt nu au avut prea multe op\u021biuni viabile. Mojicii, fripturi\u0219tii, neamurile \u0219i sinecuri\u0219tii au \u0219tiut de fiecare dat\u0103 pe cine sau cu cine s\u0103 pun\u0103 \u0219tampila. A fost [&hellip;]<\/p>\n","protected":false},"author":10,"featured_media":153895,"comment_status":"closed","ping_status":"open","sticky":false,"template":"","format":"standard","meta":{"_acf_changed":false,"inline_featured_image":false,"ngg_post_thumbnail":0,"footnotes":""},"categories":[6994,41,5762,9025],"tags":[363,349,1926,239,1114,2247],"ppma_author":[22575],"class_list":["post-153884","post","type-post","status-publish","format-standard","has-post-thumbnail","hentry","category-stiri-2","category-editorial","category-main","category-politic","tag-alegeri","tag-baluta","tag-bujduveanu","tag-candidati","tag-ciucu","tag-drula"],"acf":[],"yoast_head":"<!-- This site is optimized with the Yoast SEO Premium plugin v25.3 (Yoast SEO v27.4) - https:\/\/yoast.com\/product\/yoast-seo-premium-wordpress\/ -->\n<title>EDITORIAL | O radiografie la cald: Pe cine alegem la Bucure\u0219ti? - Buletin de Bucure\u0219ti<\/title>\n<meta name=\"description\" content=\"Pe cine alegem la Bucure\u0219ti? Este \u00eentrebarea recurent\u0103 \u00een fa\u021ba unei t\u0103vi electorale mai degrab\u0103 supra-ofertante.\" \/>\n<meta name=\"robots\" content=\"index, follow, max-snippet:-1, max-image-preview:large, max-video-preview:-1\" \/>\n<link rel=\"canonical\" href=\"https:\/\/buletin.de\/bucuresti\/editorial-o-radiografie-la-cald-pe-cine-alegem-la-bucuresti\/\" \/>\n<meta property=\"og:locale\" content=\"en_GB\" \/>\n<meta property=\"og:type\" content=\"article\" \/>\n<meta property=\"og:title\" content=\"EDITORIAL | O radiografie la cald: Pe cine alegem la Bucure\u0219ti?\" \/>\n<meta property=\"og:description\" content=\"Pe cine alegem la Bucure\u0219ti? Este \u00eentrebarea recurent\u0103 \u00een fa\u021ba unei t\u0103vi electorale mai degrab\u0103 supra-ofertante.\" \/>\n<meta property=\"og:url\" content=\"https:\/\/buletin.de\/bucuresti\/editorial-o-radiografie-la-cald-pe-cine-alegem-la-bucuresti\/\" \/>\n<meta property=\"og:site_name\" content=\"Buletin de Bucure\u0219ti\" \/>\n<meta property=\"article:publisher\" content=\"https:\/\/www.facebook.com\/buletin.de.buc\" \/>\n<meta property=\"article:published_time\" content=\"2025-10-22T08:08:04+00:00\" \/>\n<meta property=\"article:modified_time\" content=\"2025-10-23T04:45:35+00:00\" \/>\n<meta property=\"og:image\" content=\"https:\/\/buletin.de\/bucuresti\/wp-content\/uploads\/2025\/10\/colaj-1-scaled.jpg\" \/>\n\t<meta property=\"og:image:width\" content=\"2560\" \/>\n\t<meta property=\"og:image:height\" content=\"1696\" \/>\n\t<meta property=\"og:image:type\" content=\"image\/jpeg\" \/>\n<meta name=\"author\" content=\"C\u0103t\u0103lin Dosca\u0219\" \/>\n<meta name=\"twitter:card\" content=\"summary_large_image\" \/>\n<meta name=\"twitter:label1\" content=\"Written by\" \/>\n\t<meta name=\"twitter:data1\" content=\"C\u0103t\u0103lin Dosca\u0219\" \/>\n\t<meta name=\"twitter:label2\" content=\"Estimated reading time\" \/>\n\t<meta name=\"twitter:data2\" content=\"8 minutes\" \/>\n<script type=\"application\/ld+json\" class=\"yoast-schema-graph\">{\"@context\":\"https:\\\/\\\/schema.org\",\"@graph\":[{\"@type\":\"Article\",\"@id\":\"https:\\\/\\\/buletin.de\\\/bucuresti\\\/editorial-o-radiografie-la-cald-pe-cine-alegem-la-bucuresti\\\/#article\",\"isPartOf\":{\"@id\":\"https:\\\/\\\/buletin.de\\\/bucuresti\\\/editorial-o-radiografie-la-cald-pe-cine-alegem-la-bucuresti\\\/\"},\"author\":{\"name\":\"C\u0103t\u0103lin Dosca\u0219\",\"@id\":\"https:\\\/\\\/buletin.de\\\/bucuresti\\\/#\\\/schema\\\/person\\\/31117187ed4d0bdb0a4c7d6acc79d0f8\"},\"headline\":\"EDITORIAL | O radiografie la cald: Pe cine alegem la Bucure\u0219ti?\",\"datePublished\":\"2025-10-22T08:08:04+00:00\",\"dateModified\":\"2025-10-23T04:45:35+00:00\",\"mainEntityOfPage\":{\"@id\":\"https:\\\/\\\/buletin.de\\\/bucuresti\\\/editorial-o-radiografie-la-cald-pe-cine-alegem-la-bucuresti\\\/\"},\"wordCount\":1692,\"publisher\":{\"@id\":\"https:\\\/\\\/buletin.de\\\/bucuresti\\\/#organization\"},\"image\":{\"@id\":\"https:\\\/\\\/buletin.de\\\/bucuresti\\\/editorial-o-radiografie-la-cald-pe-cine-alegem-la-bucuresti\\\/#primaryimage\"},\"thumbnailUrl\":\"https:\\\/\\\/buletin.de\\\/bucuresti\\\/wp-content\\\/uploads\\\/2025\\\/10\\\/colaj-1-scaled.jpg\",\"keywords\":[\"alegeri\",\"baluta\",\"Bujduveanu\",\"candidati\",\"ciucu\",\"drula\"],\"articleSection\":[\"Articole\",\"Editorial\",\"Main\",\"Politic\"],\"inLanguage\":\"en-GB\",\"copyrightYear\":\"2025\",\"copyrightHolder\":{\"@id\":\"https:\\\/\\\/buletin.de\\\/bucuresti\\\/#organization\"}},{\"@type\":\"WebPage\",\"@id\":\"https:\\\/\\\/buletin.de\\\/bucuresti\\\/editorial-o-radiografie-la-cald-pe-cine-alegem-la-bucuresti\\\/\",\"url\":\"https:\\\/\\\/buletin.de\\\/bucuresti\\\/editorial-o-radiografie-la-cald-pe-cine-alegem-la-bucuresti\\\/\",\"name\":\"EDITORIAL | O radiografie la cald: Pe cine alegem la Bucure\u0219ti? - Buletin de Bucure\u0219ti\",\"isPartOf\":{\"@id\":\"https:\\\/\\\/buletin.de\\\/bucuresti\\\/#website\"},\"primaryImageOfPage\":{\"@id\":\"https:\\\/\\\/buletin.de\\\/bucuresti\\\/editorial-o-radiografie-la-cald-pe-cine-alegem-la-bucuresti\\\/#primaryimage\"},\"image\":{\"@id\":\"https:\\\/\\\/buletin.de\\\/bucuresti\\\/editorial-o-radiografie-la-cald-pe-cine-alegem-la-bucuresti\\\/#primaryimage\"},\"thumbnailUrl\":\"https:\\\/\\\/buletin.de\\\/bucuresti\\\/wp-content\\\/uploads\\\/2025\\\/10\\\/colaj-1-scaled.jpg\",\"datePublished\":\"2025-10-22T08:08:04+00:00\",\"dateModified\":\"2025-10-23T04:45:35+00:00\",\"description\":\"Pe cine alegem la Bucure\u0219ti? Este \u00eentrebarea recurent\u0103 \u00een fa\u021ba unei t\u0103vi electorale mai degrab\u0103 supra-ofertante.\",\"breadcrumb\":{\"@id\":\"https:\\\/\\\/buletin.de\\\/bucuresti\\\/editorial-o-radiografie-la-cald-pe-cine-alegem-la-bucuresti\\\/#breadcrumb\"},\"inLanguage\":\"en-GB\",\"potentialAction\":[{\"@type\":\"ReadAction\",\"target\":[\"https:\\\/\\\/buletin.de\\\/bucuresti\\\/editorial-o-radiografie-la-cald-pe-cine-alegem-la-bucuresti\\\/\"]}]},{\"@type\":\"ImageObject\",\"inLanguage\":\"en-GB\",\"@id\":\"https:\\\/\\\/buletin.de\\\/bucuresti\\\/editorial-o-radiografie-la-cald-pe-cine-alegem-la-bucuresti\\\/#primaryimage\",\"url\":\"https:\\\/\\\/buletin.de\\\/bucuresti\\\/wp-content\\\/uploads\\\/2025\\\/10\\\/colaj-1-scaled.jpg\",\"contentUrl\":\"https:\\\/\\\/buletin.de\\\/bucuresti\\\/wp-content\\\/uploads\\\/2025\\\/10\\\/colaj-1-scaled.jpg\",\"width\":2560,\"height\":1696,\"caption\":\"O radiografie la cald: Pe cine alegem la Bucure\u0219ti? FOTO: Inqaum Photos\"},{\"@type\":\"BreadcrumbList\",\"@id\":\"https:\\\/\\\/buletin.de\\\/bucuresti\\\/editorial-o-radiografie-la-cald-pe-cine-alegem-la-bucuresti\\\/#breadcrumb\",\"itemListElement\":[{\"@type\":\"ListItem\",\"position\":1,\"name\":\"Acas\u0103\",\"item\":\"https:\\\/\\\/buletin.de\\\/bucuresti\\\/\"},{\"@type\":\"ListItem\",\"position\":2,\"name\":\"EDITORIAL | O radiografie la cald: Pe cine alegem la Bucure\u0219ti?\"}]},{\"@type\":\"WebSite\",\"@id\":\"https:\\\/\\\/buletin.de\\\/bucuresti\\\/#website\",\"url\":\"https:\\\/\\\/buletin.de\\\/bucuresti\\\/\",\"name\":\"Buletin de Bucure\u0219ti\",\"description\":\"\u0218tiri \u0219i investiga\u021bii esen\u021biale din capital\u0103\",\"publisher\":{\"@id\":\"https:\\\/\\\/buletin.de\\\/bucuresti\\\/#organization\"},\"potentialAction\":[{\"@type\":\"SearchAction\",\"target\":{\"@type\":\"EntryPoint\",\"urlTemplate\":\"https:\\\/\\\/buletin.de\\\/bucuresti\\\/?s={search_term_string}\"},\"query-input\":{\"@type\":\"PropertyValueSpecification\",\"valueRequired\":true,\"valueName\":\"search_term_string\"}}],\"inLanguage\":\"en-GB\"},{\"@type\":\"Organization\",\"@id\":\"https:\\\/\\\/buletin.de\\\/bucuresti\\\/#organization\",\"name\":\"Buletin de Bucure\u0219ti\",\"url\":\"https:\\\/\\\/buletin.de\\\/bucuresti\\\/\",\"logo\":{\"@type\":\"ImageObject\",\"inLanguage\":\"en-GB\",\"@id\":\"https:\\\/\\\/buletin.de\\\/bucuresti\\\/#\\\/schema\\\/logo\\\/image\\\/\",\"url\":\"https:\\\/\\\/buletin.de\\\/bucuresti\\\/wp-content\\\/uploads\\\/logo-bdb-full-wide-vernil-transparent.png\",\"contentUrl\":\"https:\\\/\\\/buletin.de\\\/bucuresti\\\/wp-content\\\/uploads\\\/logo-bdb-full-wide-vernil-transparent.png\",\"width\":1782,\"height\":626,\"caption\":\"Buletin de Bucure\u0219ti\"},\"image\":{\"@id\":\"https:\\\/\\\/buletin.de\\\/bucuresti\\\/#\\\/schema\\\/logo\\\/image\\\/\"},\"sameAs\":[\"https:\\\/\\\/www.facebook.com\\\/buletin.de.buc\",\"https:\\\/\\\/www.instagram.com\\\/buletinde.bucuresti\\\/\"]},{\"@type\":\"Person\",\"@id\":\"https:\\\/\\\/buletin.de\\\/bucuresti\\\/#\\\/schema\\\/person\\\/31117187ed4d0bdb0a4c7d6acc79d0f8\",\"name\":\"C\u0103t\u0103lin Dosca\u0219\",\"image\":{\"@type\":\"ImageObject\",\"inLanguage\":\"en-GB\",\"@id\":\"https:\\\/\\\/buletin.de\\\/bucuresti\\\/wp-content\\\/uploads\\\/Catalin-Doscas-e1732731064764-96x96.jpga93e2943bb3b1c1f9ead823df6e6317a\",\"url\":\"https:\\\/\\\/buletin.de\\\/bucuresti\\\/wp-content\\\/uploads\\\/Catalin-Doscas-e1732731064764-96x96.jpg\",\"contentUrl\":\"https:\\\/\\\/buletin.de\\\/bucuresti\\\/wp-content\\\/uploads\\\/Catalin-Doscas-e1732731064764-96x96.jpg\",\"caption\":\"C\u0103t\u0103lin Dosca\u0219\"},\"description\":\"Reporter \u0219i redactor-\u0219ef Buletin de Bucure\u0219ti. Lucreaz\u0103 \u00een mass-media de la v\u00e2rsta de 15 ani, c\u00e2nd a publicat primele articole \u00een presa local\u0103 din Tecuci. \u00cen Bucure\u0219ti a lucrat \u00een redac\u021bii radio ca reporter, redactor \u0219i prezentator (StudentFM, Na\u021bionalFM, Radio Total, Smart FM), unde a acoperit domeniile politic, economic, social \u0219i externe. Ulterior, a fost editor-coordonator al postului Realitatea FM. Experien\u021ba \u00een jurnalismul online a dob\u00e2ndit-o la portalul B365.ro, unde a fost editor. \u00cen 2012 s-a angajat \u00een televiziune. La Realitatea TV a fost, pe r\u00e2nd, reporter la sec\u021bia Social, reporter special la emisiunea de reportaje \u0219i anchete \u201eReporterii Realit\u0103\u021bii\u201d, dar \u0219i editor al jurnalelor de \u0219tiri. Ulterior, a f\u0103cut parte din sec\u021bia de Investiga\u021bii de la Digi24 \u0219i a lucrat la campania \u201eRom\u00e2nia furat\u0103\u201d. A revenit \u00een presa scris\u0103 \u00een 2017, ca reporter special, \u00een cadrul unui proiect de repozi\u021bionare a tabloidului Libertatea \u00een cotidian generalist. Este jurnalist Buletin de Bucure\u0219ti din 2019.\",\"url\":\"https:\\\/\\\/buletin.de\\\/bucuresti\\\/author\\\/catalin\\\/\"}]}<\/script>\n<!-- \/ Yoast SEO Premium plugin. -->","yoast_head_json":{"title":"EDITORIAL | O radiografie la cald: Pe cine alegem la Bucure\u0219ti? - Buletin de Bucure\u0219ti","description":"Pe cine alegem la Bucure\u0219ti? Este \u00eentrebarea recurent\u0103 \u00een fa\u021ba unei t\u0103vi electorale mai degrab\u0103 supra-ofertante.","robots":{"index":"index","follow":"follow","max-snippet":"max-snippet:-1","max-image-preview":"max-image-preview:large","max-video-preview":"max-video-preview:-1"},"canonical":"https:\/\/buletin.de\/bucuresti\/editorial-o-radiografie-la-cald-pe-cine-alegem-la-bucuresti\/","og_locale":"en_GB","og_type":"article","og_title":"EDITORIAL | O radiografie la cald: Pe cine alegem la Bucure\u0219ti?","og_description":"Pe cine alegem la Bucure\u0219ti? Este \u00eentrebarea recurent\u0103 \u00een fa\u021ba unei t\u0103vi electorale mai degrab\u0103 supra-ofertante.","og_url":"https:\/\/buletin.de\/bucuresti\/editorial-o-radiografie-la-cald-pe-cine-alegem-la-bucuresti\/","og_site_name":"Buletin de Bucure\u0219ti","article_publisher":"https:\/\/www.facebook.com\/buletin.de.buc","article_published_time":"2025-10-22T08:08:04+00:00","article_modified_time":"2025-10-23T04:45:35+00:00","og_image":[{"width":2560,"height":1696,"url":"https:\/\/buletin.de\/bucuresti\/wp-content\/uploads\/2025\/10\/colaj-1-scaled.jpg","type":"image\/jpeg"}],"author":"C\u0103t\u0103lin Dosca\u0219","twitter_card":"summary_large_image","twitter_misc":{"Written by":"C\u0103t\u0103lin Dosca\u0219","Estimated reading time":"8 minutes"},"schema":{"@context":"https:\/\/schema.org","@graph":[{"@type":"Article","@id":"https:\/\/buletin.de\/bucuresti\/editorial-o-radiografie-la-cald-pe-cine-alegem-la-bucuresti\/#article","isPartOf":{"@id":"https:\/\/buletin.de\/bucuresti\/editorial-o-radiografie-la-cald-pe-cine-alegem-la-bucuresti\/"},"author":{"name":"C\u0103t\u0103lin Dosca\u0219","@id":"https:\/\/buletin.de\/bucuresti\/#\/schema\/person\/31117187ed4d0bdb0a4c7d6acc79d0f8"},"headline":"EDITORIAL | O radiografie la cald: Pe cine alegem la Bucure\u0219ti?","datePublished":"2025-10-22T08:08:04+00:00","dateModified":"2025-10-23T04:45:35+00:00","mainEntityOfPage":{"@id":"https:\/\/buletin.de\/bucuresti\/editorial-o-radiografie-la-cald-pe-cine-alegem-la-bucuresti\/"},"wordCount":1692,"publisher":{"@id":"https:\/\/buletin.de\/bucuresti\/#organization"},"image":{"@id":"https:\/\/buletin.de\/bucuresti\/editorial-o-radiografie-la-cald-pe-cine-alegem-la-bucuresti\/#primaryimage"},"thumbnailUrl":"https:\/\/buletin.de\/bucuresti\/wp-content\/uploads\/2025\/10\/colaj-1-scaled.jpg","keywords":["alegeri","baluta","Bujduveanu","candidati","ciucu","drula"],"articleSection":["Articole","Editorial","Main","Politic"],"inLanguage":"en-GB","copyrightYear":"2025","copyrightHolder":{"@id":"https:\/\/buletin.de\/bucuresti\/#organization"}},{"@type":"WebPage","@id":"https:\/\/buletin.de\/bucuresti\/editorial-o-radiografie-la-cald-pe-cine-alegem-la-bucuresti\/","url":"https:\/\/buletin.de\/bucuresti\/editorial-o-radiografie-la-cald-pe-cine-alegem-la-bucuresti\/","name":"EDITORIAL | O radiografie la cald: Pe cine alegem la Bucure\u0219ti? - Buletin de Bucure\u0219ti","isPartOf":{"@id":"https:\/\/buletin.de\/bucuresti\/#website"},"primaryImageOfPage":{"@id":"https:\/\/buletin.de\/bucuresti\/editorial-o-radiografie-la-cald-pe-cine-alegem-la-bucuresti\/#primaryimage"},"image":{"@id":"https:\/\/buletin.de\/bucuresti\/editorial-o-radiografie-la-cald-pe-cine-alegem-la-bucuresti\/#primaryimage"},"thumbnailUrl":"https:\/\/buletin.de\/bucuresti\/wp-content\/uploads\/2025\/10\/colaj-1-scaled.jpg","datePublished":"2025-10-22T08:08:04+00:00","dateModified":"2025-10-23T04:45:35+00:00","description":"Pe cine alegem la Bucure\u0219ti? Este \u00eentrebarea recurent\u0103 \u00een fa\u021ba unei t\u0103vi electorale mai degrab\u0103 supra-ofertante.","breadcrumb":{"@id":"https:\/\/buletin.de\/bucuresti\/editorial-o-radiografie-la-cald-pe-cine-alegem-la-bucuresti\/#breadcrumb"},"inLanguage":"en-GB","potentialAction":[{"@type":"ReadAction","target":["https:\/\/buletin.de\/bucuresti\/editorial-o-radiografie-la-cald-pe-cine-alegem-la-bucuresti\/"]}]},{"@type":"ImageObject","inLanguage":"en-GB","@id":"https:\/\/buletin.de\/bucuresti\/editorial-o-radiografie-la-cald-pe-cine-alegem-la-bucuresti\/#primaryimage","url":"https:\/\/buletin.de\/bucuresti\/wp-content\/uploads\/2025\/10\/colaj-1-scaled.jpg","contentUrl":"https:\/\/buletin.de\/bucuresti\/wp-content\/uploads\/2025\/10\/colaj-1-scaled.jpg","width":2560,"height":1696,"caption":"O radiografie la cald: Pe cine alegem la Bucure\u0219ti? FOTO: Inqaum Photos"},{"@type":"BreadcrumbList","@id":"https:\/\/buletin.de\/bucuresti\/editorial-o-radiografie-la-cald-pe-cine-alegem-la-bucuresti\/#breadcrumb","itemListElement":[{"@type":"ListItem","position":1,"name":"Acas\u0103","item":"https:\/\/buletin.de\/bucuresti\/"},{"@type":"ListItem","position":2,"name":"EDITORIAL | O radiografie la cald: Pe cine alegem la Bucure\u0219ti?"}]},{"@type":"WebSite","@id":"https:\/\/buletin.de\/bucuresti\/#website","url":"https:\/\/buletin.de\/bucuresti\/","name":"Buletin de Bucure\u0219ti","description":"\u0218tiri \u0219i investiga\u021bii esen\u021biale din capital\u0103","publisher":{"@id":"https:\/\/buletin.de\/bucuresti\/#organization"},"potentialAction":[{"@type":"SearchAction","target":{"@type":"EntryPoint","urlTemplate":"https:\/\/buletin.de\/bucuresti\/?s={search_term_string}"},"query-input":{"@type":"PropertyValueSpecification","valueRequired":true,"valueName":"search_term_string"}}],"inLanguage":"en-GB"},{"@type":"Organization","@id":"https:\/\/buletin.de\/bucuresti\/#organization","name":"Buletin de Bucure\u0219ti","url":"https:\/\/buletin.de\/bucuresti\/","logo":{"@type":"ImageObject","inLanguage":"en-GB","@id":"https:\/\/buletin.de\/bucuresti\/#\/schema\/logo\/image\/","url":"https:\/\/buletin.de\/bucuresti\/wp-content\/uploads\/logo-bdb-full-wide-vernil-transparent.png","contentUrl":"https:\/\/buletin.de\/bucuresti\/wp-content\/uploads\/logo-bdb-full-wide-vernil-transparent.png","width":1782,"height":626,"caption":"Buletin de Bucure\u0219ti"},"image":{"@id":"https:\/\/buletin.de\/bucuresti\/#\/schema\/logo\/image\/"},"sameAs":["https:\/\/www.facebook.com\/buletin.de.buc","https:\/\/www.instagram.com\/buletinde.bucuresti\/"]},{"@type":"Person","@id":"https:\/\/buletin.de\/bucuresti\/#\/schema\/person\/31117187ed4d0bdb0a4c7d6acc79d0f8","name":"C\u0103t\u0103lin Dosca\u0219","image":{"@type":"ImageObject","inLanguage":"en-GB","@id":"https:\/\/buletin.de\/bucuresti\/wp-content\/uploads\/Catalin-Doscas-e1732731064764-96x96.jpga93e2943bb3b1c1f9ead823df6e6317a","url":"https:\/\/buletin.de\/bucuresti\/wp-content\/uploads\/Catalin-Doscas-e1732731064764-96x96.jpg","contentUrl":"https:\/\/buletin.de\/bucuresti\/wp-content\/uploads\/Catalin-Doscas-e1732731064764-96x96.jpg","caption":"C\u0103t\u0103lin Dosca\u0219"},"description":"Reporter \u0219i redactor-\u0219ef Buletin de Bucure\u0219ti. Lucreaz\u0103 \u00een mass-media de la v\u00e2rsta de 15 ani, c\u00e2nd a publicat primele articole \u00een presa local\u0103 din Tecuci. \u00cen Bucure\u0219ti a lucrat \u00een redac\u021bii radio ca reporter, redactor \u0219i prezentator (StudentFM, Na\u021bionalFM, Radio Total, Smart FM), unde a acoperit domeniile politic, economic, social \u0219i externe. Ulterior, a fost editor-coordonator al postului Realitatea FM. Experien\u021ba \u00een jurnalismul online a dob\u00e2ndit-o la portalul B365.ro, unde a fost editor. \u00cen 2012 s-a angajat \u00een televiziune. La Realitatea TV a fost, pe r\u00e2nd, reporter la sec\u021bia Social, reporter special la emisiunea de reportaje \u0219i anchete \u201eReporterii Realit\u0103\u021bii\u201d, dar \u0219i editor al jurnalelor de \u0219tiri. Ulterior, a f\u0103cut parte din sec\u021bia de Investiga\u021bii de la Digi24 \u0219i a lucrat la campania \u201eRom\u00e2nia furat\u0103\u201d. A revenit \u00een presa scris\u0103 \u00een 2017, ca reporter special, \u00een cadrul unui proiect de repozi\u021bionare a tabloidului Libertatea \u00een cotidian generalist. Este jurnalist Buletin de Bucure\u0219ti din 2019.","url":"https:\/\/buletin.de\/bucuresti\/author\/catalin\/"}]}},"authors":[{"term_id":22575,"user_id":10,"is_guest":0,"slug":"catalin","display_name":"C\u0103t\u0103lin Dosca\u0219","avatar_url":"https:\/\/buletin.de\/bucuresti\/wp-content\/uploads\/Catalin-Doscas-e1732731064764-96x96.jpg","0":null,"1":"","2":"","3":"","4":"","5":"","6":"","7":"","8":""}],"_links":{"self":[{"href":"https:\/\/buletin.de\/bucuresti\/wp-json\/wp\/v2\/posts\/153884","targetHints":{"allow":["GET"]}}],"collection":[{"href":"https:\/\/buletin.de\/bucuresti\/wp-json\/wp\/v2\/posts"}],"about":[{"href":"https:\/\/buletin.de\/bucuresti\/wp-json\/wp\/v2\/types\/post"}],"author":[{"embeddable":true,"href":"https:\/\/buletin.de\/bucuresti\/wp-json\/wp\/v2\/users\/10"}],"replies":[{"embeddable":true,"href":"https:\/\/buletin.de\/bucuresti\/wp-json\/wp\/v2\/comments?post=153884"}],"version-history":[{"count":14,"href":"https:\/\/buletin.de\/bucuresti\/wp-json\/wp\/v2\/posts\/153884\/revisions"}],"predecessor-version":[{"id":154036,"href":"https:\/\/buletin.de\/bucuresti\/wp-json\/wp\/v2\/posts\/153884\/revisions\/154036"}],"wp:featuredmedia":[{"embeddable":true,"href":"https:\/\/buletin.de\/bucuresti\/wp-json\/wp\/v2\/media\/153895"}],"wp:attachment":[{"href":"https:\/\/buletin.de\/bucuresti\/wp-json\/wp\/v2\/media?parent=153884"}],"wp:term":[{"taxonomy":"category","embeddable":true,"href":"https:\/\/buletin.de\/bucuresti\/wp-json\/wp\/v2\/categories?post=153884"},{"taxonomy":"post_tag","embeddable":true,"href":"https:\/\/buletin.de\/bucuresti\/wp-json\/wp\/v2\/tags?post=153884"},{"taxonomy":"author","embeddable":true,"href":"https:\/\/buletin.de\/bucuresti\/wp-json\/wp\/v2\/ppma_author?post=153884"}],"curies":[{"name":"wp","href":"https:\/\/api.w.org\/{rel}","templated":true}]}}