{"id":153863,"date":"2025-10-22T00:11:41","date_gmt":"2025-10-21T21:11:41","guid":{"rendered":"https:\/\/buletin.de\/bucuresti\/?p=153863"},"modified":"2025-10-22T00:11:42","modified_gmt":"2025-10-21T21:11:42","slug":"o-prima-concluzie-privind-cauzele-exploziei-din-rahova-conducta-de-gaz-fisurata-langa-bloc","status":"publish","type":"post","link":"https:\/\/buletin.de\/bucuresti\/o-prima-concluzie-privind-cauzele-exploziei-din-rahova-conducta-de-gaz-fisurata-langa-bloc\/","title":{"rendered":"O prim\u0103 concluzie privind cauzele exploziei din Rahova: conduct\u0103 de gaz fisurat\u0103 l\u00e2ng\u0103 bloc. Pic\u0103 ipoteza robinetului desigilat"},"content":{"rendered":"\n<p><strong>Explozia din Rahova care a ucis trei persoane \u0219i ar fi r\u0103nit alte 15 ar fi fost provocat\u0103 de un scurt circuit electric care a aprins acumularea de la o conduct\u0103 de gaz fisurat\u0103 de l\u00e2ng\u0103 bloc, arat\u0103 un raport preliminar al Institutului Na\u021bional de Cercetare-Dezvoltare pentru Securitatea Miner\u0103 \u0219i Protec\u021bie Antiexploziv\u0103 INSEMEX Petro\u0219ani.<\/strong><\/p>\n\n\n\n<p>Scurgerile de gaz de la aceast\u0103 conduct\u0103 fisurat\u0103 ar fi intrat \u00een bloc pe sub p\u0103m\u00e2nt, prin subsol, ar fi urcat prin coloana de ventila\u021bie p\u00e2n\u0103 la etajul 5, unde a lovit un obstacol \u0219i s-a acumulat \u00eentr-un apartament care avea o gaur\u0103 de aerisire ce d\u0103dea \u00een aceast\u0103 coloan\u0103, mai arat\u0103 raportul, citat de <a href=\"https:\/\/observatornews.ro\/eveniment\/imagini-exclusive-de-la-locul-exploziei-din-rahova-descoperire-majora-facuta-de-specialisti-635145.html\">Antena 1<\/a> \u0219i <a href=\"http:\/\/observatornews.ro\/extern\/ue-a-aprobat-uriasul-program-de-inarmare-safe-care-ofera-imprumuturi-de-150-de-miliarde-de-care-sunt-conditiile-620726.html\" target=\"_blank\" rel=\"noreferrer noopener\">Digi24<\/a>.<\/p>\n\n\n\n<p>Speciali\u0219tii au scos o bucata din conduct\u0103 \u0219i au trimis-o la Gorj la analiz\u0103.<\/p>\n\n\n\n<p><strong>CITE\u0218TE \u0218I: <a href=\"https:\/\/buletin.de\/bucuresti\/foto-explozie-la-un-bloc-din-rahova\/\" target=\"_blank\" rel=\"noreferrer noopener\">FOTO+VIDEO | Explozie la un bloc din Rahova. A fost activat Planul Ro\u0219u. 18 victime, \u00een acest moment, dintre care trei au decedat<\/a><\/strong><\/p>\n\n\n\n<h2 class=\"wp-block-heading\" id=\"h-insemex-nu-era-un-robinet-era-o-conducta-de-gaz-fisurat\">INSEMEX: Nu era un robinet, era o conduct\u0103 de gaz fisurat<\/h2>\n\n\n\n<p><strong>Echpa INSEMEX care a analizat locul exploziei au scos din canalul de l\u00e2ng\u0103 bloc o bugat\u0103 de conduct\u0103 \u0219i au trimis-o la analiz\u0103 la sediul central al institutului, din Petro\u0219ani. <\/strong><\/p>\n\n\n\n<p>Potrivit datelor preliminare, este posibil ca \u021beava, care era legat\u0103 la conducta principal\u0103 de gaz \u0219i care trecea prin acela\u0219i tunel subteran prin care sunt trase cablurile electrice \u0219i alimentarea cu ap\u0103 a blocului, s\u0103 fi fost cauza principal\u0103 a tragediei. <\/p>\n\n\n\n<p>Gazul din subteran a urcat prin coloana de ventila\u021bie a blocului p\u00e2n\u0103 la etajul 5 sau 6 \u0219i s-a acumulat \u00eentr-un apartament. \u00cen momentul \u00een care s-a format un arc electric, posibil chiar \u00een subteran, s-a produs explozia, cu o energie extraordinart\u0103 generat\u0103 de cantitatea mare de gaz adunat, mai arat\u0103 raportul preliminar citat de cele dou\u0103 surse.<\/p>\n\n\n\n<p><strong>Ipoteza ar anula-o pe cea ini\u021bial\u0103, conform c\u0103reia deflagra\u021bia ar fi fost cauzat\u0103 de faptul c\u0103 cineva a deschis robinetul conductei interioare a blocului, care fusese sigilat\u0103 de Distrigaz. <\/strong><\/p>\n\n\n\n<p>De asememea, ridic\u0103 \u00eentreb\u0103ri cu privire la eficien\u021ba interven\u021biei echipei acestei companii, care s-a limitat la a sigila robinetul, dar \u0219i a pompierilor ISU, care au fost chema\u021bi de locatari la fa\u021ba locului, au constatat la r\u00e2ndul lor scurgerea de gaz, au cerut oprirea aliment\u0103rii blocului, apoi au plecat.<\/p>\n\n\n\n<p><strong>CITE\u0218TE \u0218I: <a href=\"https:\/\/buletin.de\/bucuresti\/cine-a-inchis-si-cine-a-deschis-gazul-la-blocul-din-rahova-neconcordante-in-declaratiile-distrigaz-a-lui-raed-arafat-si-anre\/\" target=\"_blank\" rel=\"noreferrer noopener\">Cine a \u00eenchis \u0219i cine a deschis gazul la blocul din Rahova. Neconcordan\u021be \u00een declara\u021biile Distrigaz, ale lui Raed Arafat \u0219i ale ANRE<\/a><\/strong><\/p>\n\n\n\n<h2 class=\"wp-block-heading\" id=\"h-locatarii-au-relatat-ca-este-un-miros-puternic-de-gaz\">Locatarii au relatat c\u0103 este un miros puternic de gaz<\/h2>\n\n\n\n<p>Toate relat\u0103rile locatarilor din blocul care a explodat vorbesc despre o acumulare masiv\u0103 de gaz \u00een ziua care a precedat deflagra\u021bia. <\/p>\n\n\n\n<p>Ace\u0219tia au povestit c\u0103 au deschis u\u0219a la scar\u0103 \u0219i toate geamurile de pe casa sc\u0103rii, pentru a se aerisi.<\/p>\n\n\n\n<p>\u201eCu dou\u0103 zile \u00eenainte, mirosea a gaz. Nu \u0219tiu dac\u0103 cineva a f\u0103cut ceva, nu \u0219tiu s\u0103 v\u0103 spun dac\u0103 a venit sau a verificat cineva. <\/p>\n\n\n\n<p>Cu dou\u0103 zile \u00eenainte, mirosea a gaz, foarte puternic. Gravida mea nu a putut s\u0103 ias\u0103 s\u0103 duc\u0103 gunoiul. Nu a avut la ce s\u0103-\u0219i fac\u0103 un ceai\u201d, a <a href=\"https:\/\/www.digi24.ro\/stiri\/actualitate\/prima-marturie-a-mamei-gravidei-care-a-murit-in-explozia-blocului-din-rahova-s-a-trezit-in-aer-3464393\" target=\"_blank\" rel=\"noreferrer noopener\">declarat<\/a> o rut\u0103 a uneia dintre femeile care au murit \u00een explozia ce a avut loc vineri, 17 octombrie.<\/p>\n\n\n\n<p>\u201e\u00cen spatele u\u0219ii blocului sunt ni\u0219te robine\u021bi pe care \u00eei \u00eenchizi \u00een caz de pericol. \u0218i am zis s\u0103-i \u00eenchidem s\u0103 nu s\u0103rim \u00een aer. Unde au lucrat d\u00e2nsii,\u00a0<a href=\"https:\/\/stirileprotv.ro\/stiri\/social\/explozia-din-rahova-sigiliul-la-gaze-rupt-de-o-firma-inactiva-are-un-sediu-cu-alte-2-000-de-firme-in-cuibul-cu-fantome.html\" target=\"_blank\" rel=\"noreferrer noopener\">unde au pus sigiliu<\/a>, acolo e altceva, nu era un robinet la care s\u0103 umble ori\u0219icine. Dar gazele au mirosit tot timpul. <\/p>\n\n\n\n<p>\u00cent\u00e2i a fost o pan\u0103 de curent \u0219i apoi a venit mirosul de gaze. Deci toat\u0103 noaptea senzorii au piuit pe scar\u0103 \u0219i diminea\u021b\u0103 acela\u0219i miros. Dac\u0103 gaz nu era, era oprit, de ce mai piuiau senzorii, de ce mai mirosea a gaz?\u201d, <a href=\"https:\/\/stirileprotv.ro\/stiri\/actualitate\/marturia-unui-locatar-rastoarna-ancheta-exploziei-din-rahova-scurgerile-de-gaze-ar-fi-venit-din-afara-blocului.html\" target=\"_blank\" rel=\"noreferrer noopener\">a declarat \u0219i Gheorghe G\u0103inaru<\/a>, locatar \u00een blocul care a explodat.<\/p>\n","protected":false},"excerpt":{"rendered":"<p>Explozia din Rahova care a ucis trei persoane \u0219i ar fi r\u0103nit alte 15 ar fi fost provocat\u0103 de un scurt circuit electric care a aprins acumularea de la o conduct\u0103 de gaz fisurat\u0103 de l\u00e2ng\u0103 bloc, arat\u0103 un raport preliminar al Institutului Na\u021bional de Cercetare-Dezvoltare pentru Securitatea Miner\u0103 \u0219i Protec\u021bie Antiexploziv\u0103 INSEMEX Petro\u0219ani. Scurgerile [&hellip;]<\/p>\n","protected":false},"author":60,"featured_media":153866,"comment_status":"closed","ping_status":"open","sticky":false,"template":"","format":"standard","meta":{"_acf_changed":false,"inline_featured_image":false,"ngg_post_thumbnail":0,"footnotes":""},"categories":[6994,9026,5762],"tags":[24269,4871,24267,24268,24265,104,24258,24266],"ppma_author":[22582],"class_list":["post-153863","post","type-post","status-publish","format-standard","has-post-thumbnail","hentry","category-stiri-2","category-eveniment","category-main","tag-bloc-distrus-calea-rahovei","tag-cazare","tag-cursuri-online-bolintineanu","tag-persoane-evacuate","tag-persoane-evacuate-explozie","tag-pmb","tag-risc-iminent-de-colaps","tag-scurgere-de-gaz"],"acf":[],"yoast_head":"<!-- This site is optimized with the Yoast SEO Premium plugin v25.3 (Yoast SEO v27.4) - https:\/\/yoast.com\/product\/yoast-seo-premium-wordpress\/ -->\n<title>O prim\u0103 concluzie privind cauzele exploziei din Rahova: conduct\u0103 de gaz fisurat\u0103 l\u00e2ng\u0103 bloc. Pic\u0103 ipoteza robinetului desigilat - Buletin de Bucure\u0219ti<\/title>\n<meta name=\"description\" content=\"Explozia din Rahova ar fi fost provocat\u0103 de un scurt circuit electric care a aprins acumularea de la o conduct\u0103 de gaz fisurat\u0103 de l\u00e2ng\u0103 bloc\" \/>\n<meta name=\"robots\" content=\"index, follow, max-snippet:-1, max-image-preview:large, max-video-preview:-1\" \/>\n<link rel=\"canonical\" href=\"https:\/\/buletin.de\/bucuresti\/o-prima-concluzie-privind-cauzele-exploziei-din-rahova-conducta-de-gaz-fisurata-langa-bloc\/\" \/>\n<meta property=\"og:locale\" content=\"en_GB\" \/>\n<meta property=\"og:type\" content=\"article\" \/>\n<meta property=\"og:title\" content=\"O prim\u0103 concluzie privind cauzele exploziei din Rahova: conduct\u0103 de gaz fisurat\u0103 l\u00e2ng\u0103 bloc. Pic\u0103 ipoteza robinetului desigilat\" \/>\n<meta property=\"og:description\" content=\"Explozia din Rahova ar fi fost provocat\u0103 de un scurt circuit electric care a aprins acumularea de la o conduct\u0103 de gaz fisurat\u0103 de l\u00e2ng\u0103 bloc\" \/>\n<meta property=\"og:url\" content=\"https:\/\/buletin.de\/bucuresti\/o-prima-concluzie-privind-cauzele-exploziei-din-rahova-conducta-de-gaz-fisurata-langa-bloc\/\" \/>\n<meta property=\"og:site_name\" content=\"Buletin de Bucure\u0219ti\" \/>\n<meta property=\"article:publisher\" content=\"https:\/\/www.facebook.com\/buletin.de.buc\" \/>\n<meta property=\"article:published_time\" content=\"2025-10-21T21:11:41+00:00\" \/>\n<meta property=\"article:modified_time\" content=\"2025-10-21T21:11:42+00:00\" \/>\n<meta property=\"og:image\" content=\"https:\/\/buletin.de\/bucuresti\/wp-content\/uploads\/2025\/10\/conductafisurata_INQUAM_Photos_Octav_Ganea.jpg\" \/>\n\t<meta property=\"og:image:width\" content=\"1200\" \/>\n\t<meta property=\"og:image:height\" content=\"800\" \/>\n\t<meta property=\"og:image:type\" content=\"image\/jpeg\" \/>\n<meta name=\"author\" content=\"R\u0103zvan Chiru\u021b\u0103\" \/>\n<meta name=\"twitter:card\" content=\"summary_large_image\" \/>\n<meta name=\"twitter:label1\" content=\"Written by\" \/>\n\t<meta name=\"twitter:data1\" content=\"R\u0103zvan Chiru\u021b\u0103\" \/>\n\t<meta name=\"twitter:label2\" content=\"Estimated reading time\" \/>\n\t<meta name=\"twitter:data2\" content=\"3 minutes\" \/>\n<script type=\"application\/ld+json\" class=\"yoast-schema-graph\">{\"@context\":\"https:\\\/\\\/schema.org\",\"@graph\":[{\"@type\":\"Article\",\"@id\":\"https:\\\/\\\/buletin.de\\\/bucuresti\\\/o-prima-concluzie-privind-cauzele-exploziei-din-rahova-conducta-de-gaz-fisurata-langa-bloc\\\/#article\",\"isPartOf\":{\"@id\":\"https:\\\/\\\/buletin.de\\\/bucuresti\\\/o-prima-concluzie-privind-cauzele-exploziei-din-rahova-conducta-de-gaz-fisurata-langa-bloc\\\/\"},\"author\":{\"name\":\"R\u0103zvan Chiru\u021b\u0103\",\"@id\":\"https:\\\/\\\/buletin.de\\\/bucuresti\\\/#\\\/schema\\\/person\\\/a76df728dfc913795a9d90e346b253bb\"},\"headline\":\"O prim\u0103 concluzie privind cauzele exploziei din Rahova: conduct\u0103 de gaz fisurat\u0103 l\u00e2ng\u0103 bloc. Pic\u0103 ipoteza robinetului desigilat\",\"datePublished\":\"2025-10-21T21:11:41+00:00\",\"dateModified\":\"2025-10-21T21:11:42+00:00\",\"mainEntityOfPage\":{\"@id\":\"https:\\\/\\\/buletin.de\\\/bucuresti\\\/o-prima-concluzie-privind-cauzele-exploziei-din-rahova-conducta-de-gaz-fisurata-langa-bloc\\\/\"},\"wordCount\":686,\"publisher\":{\"@id\":\"https:\\\/\\\/buletin.de\\\/bucuresti\\\/#organization\"},\"image\":{\"@id\":\"https:\\\/\\\/buletin.de\\\/bucuresti\\\/o-prima-concluzie-privind-cauzele-exploziei-din-rahova-conducta-de-gaz-fisurata-langa-bloc\\\/#primaryimage\"},\"thumbnailUrl\":\"https:\\\/\\\/buletin.de\\\/bucuresti\\\/wp-content\\\/uploads\\\/2025\\\/10\\\/conductafisurata_INQUAM_Photos_Octav_Ganea.jpg\",\"keywords\":[\"bloc distrus calea rahovei\",\"Cazare\",\"cursuri online bolintineanu\",\"persoane evacuate\",\"persoane evacuate explozie\",\"pmb\",\"risc iminent de colaps\",\"scurgere de gaz\"],\"articleSection\":[\"Articole\",\"Eveniment\",\"Main\"],\"inLanguage\":\"en-GB\",\"copyrightYear\":\"2025\",\"copyrightHolder\":{\"@id\":\"https:\\\/\\\/buletin.de\\\/bucuresti\\\/#organization\"}},{\"@type\":\"WebPage\",\"@id\":\"https:\\\/\\\/buletin.de\\\/bucuresti\\\/o-prima-concluzie-privind-cauzele-exploziei-din-rahova-conducta-de-gaz-fisurata-langa-bloc\\\/\",\"url\":\"https:\\\/\\\/buletin.de\\\/bucuresti\\\/o-prima-concluzie-privind-cauzele-exploziei-din-rahova-conducta-de-gaz-fisurata-langa-bloc\\\/\",\"name\":\"O prim\u0103 concluzie privind cauzele exploziei din Rahova: conduct\u0103 de gaz fisurat\u0103 l\u00e2ng\u0103 bloc. Pic\u0103 ipoteza robinetului desigilat - Buletin de Bucure\u0219ti\",\"isPartOf\":{\"@id\":\"https:\\\/\\\/buletin.de\\\/bucuresti\\\/#website\"},\"primaryImageOfPage\":{\"@id\":\"https:\\\/\\\/buletin.de\\\/bucuresti\\\/o-prima-concluzie-privind-cauzele-exploziei-din-rahova-conducta-de-gaz-fisurata-langa-bloc\\\/#primaryimage\"},\"image\":{\"@id\":\"https:\\\/\\\/buletin.de\\\/bucuresti\\\/o-prima-concluzie-privind-cauzele-exploziei-din-rahova-conducta-de-gaz-fisurata-langa-bloc\\\/#primaryimage\"},\"thumbnailUrl\":\"https:\\\/\\\/buletin.de\\\/bucuresti\\\/wp-content\\\/uploads\\\/2025\\\/10\\\/conductafisurata_INQUAM_Photos_Octav_Ganea.jpg\",\"datePublished\":\"2025-10-21T21:11:41+00:00\",\"dateModified\":\"2025-10-21T21:11:42+00:00\",\"description\":\"Explozia din Rahova ar fi fost provocat\u0103 de un scurt circuit electric care a aprins acumularea de la o conduct\u0103 de gaz fisurat\u0103 de l\u00e2ng\u0103 bloc\",\"breadcrumb\":{\"@id\":\"https:\\\/\\\/buletin.de\\\/bucuresti\\\/o-prima-concluzie-privind-cauzele-exploziei-din-rahova-conducta-de-gaz-fisurata-langa-bloc\\\/#breadcrumb\"},\"inLanguage\":\"en-GB\",\"potentialAction\":[{\"@type\":\"ReadAction\",\"target\":[\"https:\\\/\\\/buletin.de\\\/bucuresti\\\/o-prima-concluzie-privind-cauzele-exploziei-din-rahova-conducta-de-gaz-fisurata-langa-bloc\\\/\"]}]},{\"@type\":\"ImageObject\",\"inLanguage\":\"en-GB\",\"@id\":\"https:\\\/\\\/buletin.de\\\/bucuresti\\\/o-prima-concluzie-privind-cauzele-exploziei-din-rahova-conducta-de-gaz-fisurata-langa-bloc\\\/#primaryimage\",\"url\":\"https:\\\/\\\/buletin.de\\\/bucuresti\\\/wp-content\\\/uploads\\\/2025\\\/10\\\/conductafisurata_INQUAM_Photos_Octav_Ganea.jpg\",\"contentUrl\":\"https:\\\/\\\/buletin.de\\\/bucuresti\\\/wp-content\\\/uploads\\\/2025\\\/10\\\/conductafisurata_INQUAM_Photos_Octav_Ganea.jpg\",\"width\":1200,\"height\":800,\"caption\":\"Foto: INQUAM_Photos_Octav_Ganea\"},{\"@type\":\"BreadcrumbList\",\"@id\":\"https:\\\/\\\/buletin.de\\\/bucuresti\\\/o-prima-concluzie-privind-cauzele-exploziei-din-rahova-conducta-de-gaz-fisurata-langa-bloc\\\/#breadcrumb\",\"itemListElement\":[{\"@type\":\"ListItem\",\"position\":1,\"name\":\"Acas\u0103\",\"item\":\"https:\\\/\\\/buletin.de\\\/bucuresti\\\/\"},{\"@type\":\"ListItem\",\"position\":2,\"name\":\"O prim\u0103 concluzie privind cauzele exploziei din Rahova: conduct\u0103 de gaz fisurat\u0103 l\u00e2ng\u0103 bloc. Pic\u0103 ipoteza robinetului desigilat\"}]},{\"@type\":\"WebSite\",\"@id\":\"https:\\\/\\\/buletin.de\\\/bucuresti\\\/#website\",\"url\":\"https:\\\/\\\/buletin.de\\\/bucuresti\\\/\",\"name\":\"Buletin de Bucure\u0219ti\",\"description\":\"\u0218tiri \u0219i investiga\u021bii esen\u021biale din capital\u0103\",\"publisher\":{\"@id\":\"https:\\\/\\\/buletin.de\\\/bucuresti\\\/#organization\"},\"potentialAction\":[{\"@type\":\"SearchAction\",\"target\":{\"@type\":\"EntryPoint\",\"urlTemplate\":\"https:\\\/\\\/buletin.de\\\/bucuresti\\\/?s={search_term_string}\"},\"query-input\":{\"@type\":\"PropertyValueSpecification\",\"valueRequired\":true,\"valueName\":\"search_term_string\"}}],\"inLanguage\":\"en-GB\"},{\"@type\":\"Organization\",\"@id\":\"https:\\\/\\\/buletin.de\\\/bucuresti\\\/#organization\",\"name\":\"Buletin de Bucure\u0219ti\",\"url\":\"https:\\\/\\\/buletin.de\\\/bucuresti\\\/\",\"logo\":{\"@type\":\"ImageObject\",\"inLanguage\":\"en-GB\",\"@id\":\"https:\\\/\\\/buletin.de\\\/bucuresti\\\/#\\\/schema\\\/logo\\\/image\\\/\",\"url\":\"https:\\\/\\\/buletin.de\\\/bucuresti\\\/wp-content\\\/uploads\\\/logo-bdb-full-wide-vernil-transparent.png\",\"contentUrl\":\"https:\\\/\\\/buletin.de\\\/bucuresti\\\/wp-content\\\/uploads\\\/logo-bdb-full-wide-vernil-transparent.png\",\"width\":1782,\"height\":626,\"caption\":\"Buletin de Bucure\u0219ti\"},\"image\":{\"@id\":\"https:\\\/\\\/buletin.de\\\/bucuresti\\\/#\\\/schema\\\/logo\\\/image\\\/\"},\"sameAs\":[\"https:\\\/\\\/www.facebook.com\\\/buletin.de.buc\",\"https:\\\/\\\/www.instagram.com\\\/buletinde.bucuresti\\\/\"]},{\"@type\":\"Person\",\"@id\":\"https:\\\/\\\/buletin.de\\\/bucuresti\\\/#\\\/schema\\\/person\\\/a76df728dfc913795a9d90e346b253bb\",\"name\":\"R\u0103zvan Chiru\u021b\u0103\",\"image\":{\"@type\":\"ImageObject\",\"inLanguage\":\"en-GB\",\"@id\":\"https:\\\/\\\/buletin.de\\\/bucuresti\\\/wp-content\\\/uploads\\\/Razvan-Chiruta-96x96.jpge7143b996fd4241fbd6ee1f6b6b7b267\",\"url\":\"https:\\\/\\\/buletin.de\\\/bucuresti\\\/wp-content\\\/uploads\\\/Razvan-Chiruta-96x96.jpg\",\"contentUrl\":\"https:\\\/\\\/buletin.de\\\/bucuresti\\\/wp-content\\\/uploads\\\/Razvan-Chiruta-96x96.jpg\",\"caption\":\"R\u0103zvan Chiru\u021b\u0103\"},\"description\":\"R\u0103zvan Chiru\u021b\u0103 este redactor-\u0219ef adjunct din iulie 2024. A fost redactor-\u0219ef al PRESShub \u00eentre 2022 \u0219i iunie 2024. Anterior, a fost redactor-\u0219ef al Newsweek Rom\u00e2nia, din 2018 p\u00e2n\u0103 \u00een 2021, \u0219i al cotidianului Rom\u00e2nia liber\u0103, \u00eentre 2015 \u0219i 2017. Este absolvent de Jurnalism, \u00een cadrul Universit\u0103\u021bii \u201eAl.I.Cuza\u201d din Ia\u0219i, \u0219i a urmat un master \u00een Managementul institu\u021biilor mass-media (f\u0103r\u0103 diserta\u021bie) la Facultatea de Jurnalism \u0219i \u0218tiin\u021bele Comunic\u0103rii din cadrul Universit\u0103\u021bii din Bucure\u0219ti. \u0218i-a \u00eenceput cariera la Opinia studen\u021beasc\u0103, cunoscuta \u0219coal\u0103 de pres\u0103 din Ia\u0219i. A lucrat \u00een presa local\u0103, apoi a devenit corespondent pentru Ia\u0219i al cotidianului Evenimentul Zilei. Din 2004, a coordonat pentru \u0219ase luni sec\u021bia de coresponden\u021bi a Evenimentului Zilei. A mai lucrat la s\u0103pt\u0103m\u00e2nalul Prezent \u0219i a colaborat cu revistele Dilema Veche \u0219i Suplimentul de Cultur\u0103. Este co-autor \u00een volumele \u201eMass-media \u0219i democra\u021bia \u00een Rom\u00e2nia post-comunist\u0103\u201d (ed. a II-a), Ed. Institutul European, Ia\u0219i, 2013, \u0219i \u201eCOVID - 19. Dimensiuni ale gestionarii pandemiei\u201d, Editura Junimea, Ia\u0219i, 2020.\",\"url\":\"https:\\\/\\\/buletin.de\\\/bucuresti\\\/author\\\/razvan-chiruta\\\/\"}]}<\/script>\n<!-- \/ Yoast SEO Premium plugin. -->","yoast_head_json":{"title":"O prim\u0103 concluzie privind cauzele exploziei din Rahova: conduct\u0103 de gaz fisurat\u0103 l\u00e2ng\u0103 bloc. Pic\u0103 ipoteza robinetului desigilat - Buletin de Bucure\u0219ti","description":"Explozia din Rahova ar fi fost provocat\u0103 de un scurt circuit electric care a aprins acumularea de la o conduct\u0103 de gaz fisurat\u0103 de l\u00e2ng\u0103 bloc","robots":{"index":"index","follow":"follow","max-snippet":"max-snippet:-1","max-image-preview":"max-image-preview:large","max-video-preview":"max-video-preview:-1"},"canonical":"https:\/\/buletin.de\/bucuresti\/o-prima-concluzie-privind-cauzele-exploziei-din-rahova-conducta-de-gaz-fisurata-langa-bloc\/","og_locale":"en_GB","og_type":"article","og_title":"O prim\u0103 concluzie privind cauzele exploziei din Rahova: conduct\u0103 de gaz fisurat\u0103 l\u00e2ng\u0103 bloc. Pic\u0103 ipoteza robinetului desigilat","og_description":"Explozia din Rahova ar fi fost provocat\u0103 de un scurt circuit electric care a aprins acumularea de la o conduct\u0103 de gaz fisurat\u0103 de l\u00e2ng\u0103 bloc","og_url":"https:\/\/buletin.de\/bucuresti\/o-prima-concluzie-privind-cauzele-exploziei-din-rahova-conducta-de-gaz-fisurata-langa-bloc\/","og_site_name":"Buletin de Bucure\u0219ti","article_publisher":"https:\/\/www.facebook.com\/buletin.de.buc","article_published_time":"2025-10-21T21:11:41+00:00","article_modified_time":"2025-10-21T21:11:42+00:00","og_image":[{"width":1200,"height":800,"url":"https:\/\/buletin.de\/bucuresti\/wp-content\/uploads\/2025\/10\/conductafisurata_INQUAM_Photos_Octav_Ganea.jpg","type":"image\/jpeg"}],"author":"R\u0103zvan Chiru\u021b\u0103","twitter_card":"summary_large_image","twitter_misc":{"Written by":"R\u0103zvan Chiru\u021b\u0103","Estimated reading time":"3 minutes"},"schema":{"@context":"https:\/\/schema.org","@graph":[{"@type":"Article","@id":"https:\/\/buletin.de\/bucuresti\/o-prima-concluzie-privind-cauzele-exploziei-din-rahova-conducta-de-gaz-fisurata-langa-bloc\/#article","isPartOf":{"@id":"https:\/\/buletin.de\/bucuresti\/o-prima-concluzie-privind-cauzele-exploziei-din-rahova-conducta-de-gaz-fisurata-langa-bloc\/"},"author":{"name":"R\u0103zvan Chiru\u021b\u0103","@id":"https:\/\/buletin.de\/bucuresti\/#\/schema\/person\/a76df728dfc913795a9d90e346b253bb"},"headline":"O prim\u0103 concluzie privind cauzele exploziei din Rahova: conduct\u0103 de gaz fisurat\u0103 l\u00e2ng\u0103 bloc. Pic\u0103 ipoteza robinetului desigilat","datePublished":"2025-10-21T21:11:41+00:00","dateModified":"2025-10-21T21:11:42+00:00","mainEntityOfPage":{"@id":"https:\/\/buletin.de\/bucuresti\/o-prima-concluzie-privind-cauzele-exploziei-din-rahova-conducta-de-gaz-fisurata-langa-bloc\/"},"wordCount":686,"publisher":{"@id":"https:\/\/buletin.de\/bucuresti\/#organization"},"image":{"@id":"https:\/\/buletin.de\/bucuresti\/o-prima-concluzie-privind-cauzele-exploziei-din-rahova-conducta-de-gaz-fisurata-langa-bloc\/#primaryimage"},"thumbnailUrl":"https:\/\/buletin.de\/bucuresti\/wp-content\/uploads\/2025\/10\/conductafisurata_INQUAM_Photos_Octav_Ganea.jpg","keywords":["bloc distrus calea rahovei","Cazare","cursuri online bolintineanu","persoane evacuate","persoane evacuate explozie","pmb","risc iminent de colaps","scurgere de gaz"],"articleSection":["Articole","Eveniment","Main"],"inLanguage":"en-GB","copyrightYear":"2025","copyrightHolder":{"@id":"https:\/\/buletin.de\/bucuresti\/#organization"}},{"@type":"WebPage","@id":"https:\/\/buletin.de\/bucuresti\/o-prima-concluzie-privind-cauzele-exploziei-din-rahova-conducta-de-gaz-fisurata-langa-bloc\/","url":"https:\/\/buletin.de\/bucuresti\/o-prima-concluzie-privind-cauzele-exploziei-din-rahova-conducta-de-gaz-fisurata-langa-bloc\/","name":"O prim\u0103 concluzie privind cauzele exploziei din Rahova: conduct\u0103 de gaz fisurat\u0103 l\u00e2ng\u0103 bloc. Pic\u0103 ipoteza robinetului desigilat - Buletin de Bucure\u0219ti","isPartOf":{"@id":"https:\/\/buletin.de\/bucuresti\/#website"},"primaryImageOfPage":{"@id":"https:\/\/buletin.de\/bucuresti\/o-prima-concluzie-privind-cauzele-exploziei-din-rahova-conducta-de-gaz-fisurata-langa-bloc\/#primaryimage"},"image":{"@id":"https:\/\/buletin.de\/bucuresti\/o-prima-concluzie-privind-cauzele-exploziei-din-rahova-conducta-de-gaz-fisurata-langa-bloc\/#primaryimage"},"thumbnailUrl":"https:\/\/buletin.de\/bucuresti\/wp-content\/uploads\/2025\/10\/conductafisurata_INQUAM_Photos_Octav_Ganea.jpg","datePublished":"2025-10-21T21:11:41+00:00","dateModified":"2025-10-21T21:11:42+00:00","description":"Explozia din Rahova ar fi fost provocat\u0103 de un scurt circuit electric care a aprins acumularea de la o conduct\u0103 de gaz fisurat\u0103 de l\u00e2ng\u0103 bloc","breadcrumb":{"@id":"https:\/\/buletin.de\/bucuresti\/o-prima-concluzie-privind-cauzele-exploziei-din-rahova-conducta-de-gaz-fisurata-langa-bloc\/#breadcrumb"},"inLanguage":"en-GB","potentialAction":[{"@type":"ReadAction","target":["https:\/\/buletin.de\/bucuresti\/o-prima-concluzie-privind-cauzele-exploziei-din-rahova-conducta-de-gaz-fisurata-langa-bloc\/"]}]},{"@type":"ImageObject","inLanguage":"en-GB","@id":"https:\/\/buletin.de\/bucuresti\/o-prima-concluzie-privind-cauzele-exploziei-din-rahova-conducta-de-gaz-fisurata-langa-bloc\/#primaryimage","url":"https:\/\/buletin.de\/bucuresti\/wp-content\/uploads\/2025\/10\/conductafisurata_INQUAM_Photos_Octav_Ganea.jpg","contentUrl":"https:\/\/buletin.de\/bucuresti\/wp-content\/uploads\/2025\/10\/conductafisurata_INQUAM_Photos_Octav_Ganea.jpg","width":1200,"height":800,"caption":"Foto: INQUAM_Photos_Octav_Ganea"},{"@type":"BreadcrumbList","@id":"https:\/\/buletin.de\/bucuresti\/o-prima-concluzie-privind-cauzele-exploziei-din-rahova-conducta-de-gaz-fisurata-langa-bloc\/#breadcrumb","itemListElement":[{"@type":"ListItem","position":1,"name":"Acas\u0103","item":"https:\/\/buletin.de\/bucuresti\/"},{"@type":"ListItem","position":2,"name":"O prim\u0103 concluzie privind cauzele exploziei din Rahova: conduct\u0103 de gaz fisurat\u0103 l\u00e2ng\u0103 bloc. Pic\u0103 ipoteza robinetului desigilat"}]},{"@type":"WebSite","@id":"https:\/\/buletin.de\/bucuresti\/#website","url":"https:\/\/buletin.de\/bucuresti\/","name":"Buletin de Bucure\u0219ti","description":"\u0218tiri \u0219i investiga\u021bii esen\u021biale din capital\u0103","publisher":{"@id":"https:\/\/buletin.de\/bucuresti\/#organization"},"potentialAction":[{"@type":"SearchAction","target":{"@type":"EntryPoint","urlTemplate":"https:\/\/buletin.de\/bucuresti\/?s={search_term_string}"},"query-input":{"@type":"PropertyValueSpecification","valueRequired":true,"valueName":"search_term_string"}}],"inLanguage":"en-GB"},{"@type":"Organization","@id":"https:\/\/buletin.de\/bucuresti\/#organization","name":"Buletin de Bucure\u0219ti","url":"https:\/\/buletin.de\/bucuresti\/","logo":{"@type":"ImageObject","inLanguage":"en-GB","@id":"https:\/\/buletin.de\/bucuresti\/#\/schema\/logo\/image\/","url":"https:\/\/buletin.de\/bucuresti\/wp-content\/uploads\/logo-bdb-full-wide-vernil-transparent.png","contentUrl":"https:\/\/buletin.de\/bucuresti\/wp-content\/uploads\/logo-bdb-full-wide-vernil-transparent.png","width":1782,"height":626,"caption":"Buletin de Bucure\u0219ti"},"image":{"@id":"https:\/\/buletin.de\/bucuresti\/#\/schema\/logo\/image\/"},"sameAs":["https:\/\/www.facebook.com\/buletin.de.buc","https:\/\/www.instagram.com\/buletinde.bucuresti\/"]},{"@type":"Person","@id":"https:\/\/buletin.de\/bucuresti\/#\/schema\/person\/a76df728dfc913795a9d90e346b253bb","name":"R\u0103zvan Chiru\u021b\u0103","image":{"@type":"ImageObject","inLanguage":"en-GB","@id":"https:\/\/buletin.de\/bucuresti\/wp-content\/uploads\/Razvan-Chiruta-96x96.jpge7143b996fd4241fbd6ee1f6b6b7b267","url":"https:\/\/buletin.de\/bucuresti\/wp-content\/uploads\/Razvan-Chiruta-96x96.jpg","contentUrl":"https:\/\/buletin.de\/bucuresti\/wp-content\/uploads\/Razvan-Chiruta-96x96.jpg","caption":"R\u0103zvan Chiru\u021b\u0103"},"description":"R\u0103zvan Chiru\u021b\u0103 este redactor-\u0219ef adjunct din iulie 2024. A fost redactor-\u0219ef al PRESShub \u00eentre 2022 \u0219i iunie 2024. Anterior, a fost redactor-\u0219ef al Newsweek Rom\u00e2nia, din 2018 p\u00e2n\u0103 \u00een 2021, \u0219i al cotidianului Rom\u00e2nia liber\u0103, \u00eentre 2015 \u0219i 2017. Este absolvent de Jurnalism, \u00een cadrul Universit\u0103\u021bii \u201eAl.I.Cuza\u201d din Ia\u0219i, \u0219i a urmat un master \u00een Managementul institu\u021biilor mass-media (f\u0103r\u0103 diserta\u021bie) la Facultatea de Jurnalism \u0219i \u0218tiin\u021bele Comunic\u0103rii din cadrul Universit\u0103\u021bii din Bucure\u0219ti. \u0218i-a \u00eenceput cariera la Opinia studen\u021beasc\u0103, cunoscuta \u0219coal\u0103 de pres\u0103 din Ia\u0219i. A lucrat \u00een presa local\u0103, apoi a devenit corespondent pentru Ia\u0219i al cotidianului Evenimentul Zilei. Din 2004, a coordonat pentru \u0219ase luni sec\u021bia de coresponden\u021bi a Evenimentului Zilei. A mai lucrat la s\u0103pt\u0103m\u00e2nalul Prezent \u0219i a colaborat cu revistele Dilema Veche \u0219i Suplimentul de Cultur\u0103. Este co-autor \u00een volumele \u201eMass-media \u0219i democra\u021bia \u00een Rom\u00e2nia post-comunist\u0103\u201d (ed. a II-a), Ed. Institutul European, Ia\u0219i, 2013, \u0219i \u201eCOVID - 19. Dimensiuni ale gestionarii pandemiei\u201d, Editura Junimea, Ia\u0219i, 2020.","url":"https:\/\/buletin.de\/bucuresti\/author\/razvan-chiruta\/"}]}},"authors":[{"term_id":22582,"user_id":60,"is_guest":0,"slug":"razvan-chiruta","display_name":"R\u0103zvan Chiru\u021b\u0103","avatar_url":"https:\/\/buletin.de\/bucuresti\/wp-content\/uploads\/Razvan-Chiruta-96x96.jpg","0":null,"1":"","2":"","3":"","4":"","5":"","6":"","7":"","8":""}],"_links":{"self":[{"href":"https:\/\/buletin.de\/bucuresti\/wp-json\/wp\/v2\/posts\/153863","targetHints":{"allow":["GET"]}}],"collection":[{"href":"https:\/\/buletin.de\/bucuresti\/wp-json\/wp\/v2\/posts"}],"about":[{"href":"https:\/\/buletin.de\/bucuresti\/wp-json\/wp\/v2\/types\/post"}],"author":[{"embeddable":true,"href":"https:\/\/buletin.de\/bucuresti\/wp-json\/wp\/v2\/users\/60"}],"replies":[{"embeddable":true,"href":"https:\/\/buletin.de\/bucuresti\/wp-json\/wp\/v2\/comments?post=153863"}],"version-history":[{"count":4,"href":"https:\/\/buletin.de\/bucuresti\/wp-json\/wp\/v2\/posts\/153863\/revisions"}],"predecessor-version":[{"id":153871,"href":"https:\/\/buletin.de\/bucuresti\/wp-json\/wp\/v2\/posts\/153863\/revisions\/153871"}],"wp:featuredmedia":[{"embeddable":true,"href":"https:\/\/buletin.de\/bucuresti\/wp-json\/wp\/v2\/media\/153866"}],"wp:attachment":[{"href":"https:\/\/buletin.de\/bucuresti\/wp-json\/wp\/v2\/media?parent=153863"}],"wp:term":[{"taxonomy":"category","embeddable":true,"href":"https:\/\/buletin.de\/bucuresti\/wp-json\/wp\/v2\/categories?post=153863"},{"taxonomy":"post_tag","embeddable":true,"href":"https:\/\/buletin.de\/bucuresti\/wp-json\/wp\/v2\/tags?post=153863"},{"taxonomy":"author","embeddable":true,"href":"https:\/\/buletin.de\/bucuresti\/wp-json\/wp\/v2\/ppma_author?post=153863"}],"curies":[{"name":"wp","href":"https:\/\/api.w.org\/{rel}","templated":true}]}}