{"id":153853,"date":"2025-10-22T05:37:00","date_gmt":"2025-10-22T02:37:00","guid":{"rendered":"https:\/\/buletin.de\/bucuresti\/?p=153853"},"modified":"2025-10-22T15:00:50","modified_gmt":"2025-10-22T12:00:50","slug":"sector-4-zona-rosie-de-parcare-a-intrat-in-vigoare-care-sunt-intervalele-orare-in-care-tariful-este-de-4-lei-pe-ora-fara-exceptii-pentru-platitorii-taxei-speciale","status":"publish","type":"post","link":"https:\/\/buletin.de\/bucuresti\/sector-4-zona-rosie-de-parcare-a-intrat-in-vigoare-care-sunt-intervalele-orare-in-care-tariful-este-de-4-lei-pe-ora-fara-exceptii-pentru-platitorii-taxei-speciale\/","title":{"rendered":"Sector 4 | Zona ro\u0219ie de parcare a intrat \u00een vigoare. Care sunt intervalele orare \u00een care tariful este de 4 lei pe or\u0103. Ce excep\u021bii exist\u0103 pentru pl\u0103titorii taxei speciale"},"content":{"rendered":"\n<p><strong>Consiliul Local al Sectorului 4 a aprobat introducerea unei noi categorii de parc\u0103ri publice, cu noi tarife \u0219i noi reguli. Este vorba despre \u201ezona ro\u0219ie de parcare\u201d.<\/strong><\/p>\n\n\n\n<p>Hot\u0103r\u00e2rea CL prin care a fost adoptat\u0103 noua \u00eemp\u0103r\u021bire prevede c\u0103 \u00een parc\u0103rile incluse \u00een \u201ezona ro\u0219ie\u201d ar urma s\u0103 fie aplicat un tarif diferen\u021biat, \u00een func\u021bie de intervalul orar.<\/p>\n\n\n\n<p>\u0218oferii, f\u0103r\u0103 nici o excep\u021bie, ar urma s\u0103 pl\u0103teasc\u0103\u00a0<strong><mark style=\"background-color:rgba(0, 0, 0, 0)\" class=\"has-inline-color has-vivid-red-color\">4 lei pe or\u0103<\/mark> \u00een intervalul orar 8:00-20:00<\/strong>. Este acela\u0219i tarif practicat \u00een prezent \u0219i \u00een parc\u0103rile din \u201ezona galben\u0103\u201d \u0219i se aplic\u0103 inclusiv pl\u0103titorilor taxei speciale de dezvoltare.<\/p>\n\n\n\n<p>Pe timpul nop\u021bii,\u00a0<strong>\u00een intervalul 20:00-08:00<\/strong>, tariful pentru parc\u0103rile din \u201ezona ro\u0219ie\u201d ar urma s\u0103 scad\u0103 la\u00a0<strong><mark style=\"background-color:rgba(0, 0, 0, 0)\" class=\"has-inline-color has-vivid-red-color\">un leu pe or\u0103<\/mark><\/strong>. \u0218oferii care au achitat <strong>taxa special\u0103 de dezvoltare<\/strong> de 540 lei<mark style=\"background-color:rgba(0, 0, 0, 0)\" class=\"has-inline-color has-vivid-red-color\">\u00a0<strong>vor putea parca gratuit<\/strong><\/mark> \u00eentre aceste ore.<\/p>\n\n\n\n<p><strong>Parc\u0103rile incluse \u00een zona ro\u0219ie pot fi recunoscute prin bulina de aceast\u0103 culoare vopsit\u0103 pe asfalt. Astfel de locuri au fost deja amenajate pe Bulevardul Alexandru Obregia. <\/strong><\/p>\n\n\n\n<p><strong>CITE\u0218TE \u0218I: <a href=\"https:\/\/buletin.de\/bucuresti\/legea-pentru-incriminarea-femicidului-ar-putea-fi-depusa-in-parlament-saptamana-viitoare-48-de-femei-au-fost-ucise-in-romania-anul-acesta-sase-in-bucuresti-si-ilfov\/\" target=\"_blank\" rel=\"noreferrer noopener\">Legea pentru incriminarea femicidului ar putea fi depus\u0103 \u00een Parlament s\u0103pt\u0103m\u00e2na viitoare. 48 de femei au fost ucise \u00een Rom\u00e2nia anul acesta. \u0218ase \u00een Bucure\u0219ti \u0219i Ilfov<\/a><\/strong><\/p>\n\n\n\n<h2 class=\"wp-block-heading\" id=\"h-de-ce-a-fost-nevoie-de-noua-zona\">De ce a fost nevoie de noua zon\u0103<\/h2>\n\n\n\n<p><strong>Prim\u0103ria Sectorului 4 a explicat c\u0103 noua categorie pentru parc\u0103rlle publice este necesar\u0103 pentru a descuraja ocuparea \u00eendelungat\u0103 a locurilor de parcare din zonele centrale \u0219i aglomerate.<\/strong><\/p>\n\n\n\n<p>\u201eAceast\u0103 m\u0103sur\u0103 este menit\u0103 s\u0103 r\u0103spund\u0103 nevoilor reale ale locuitorilor, s\u0103 asigure o utilizare eficient\u0103 a infrastructurii publice \u0219i s\u0103 contribuie la cre\u0219terea calit\u0103\u021bii vie\u021bii \u00een Sectorul 4\u201d, se arat\u0103 \u00een document.<\/p>\n\n\n\n<p>Potrivit raportului de specialitate, implementarea \u201eZonei Ro\u0219ii\u201d ar urma s\u0103 contribuie la:<\/p>\n\n\n\n<ul class=\"wp-block-list\">\n<li><em>\u201eDegrevarea zonelor centrale \u0219i intens circulate de blocaje cauzate de ocuparea \u00eendelungat\u0103 a locurilor de parcare<\/em><\/li>\n\n\n\n<li><em>Cre\u0219terea gradului de disciplin\u0103 \u00een utilizarea domeniului public<\/em><\/li>\n\n\n\n<li><em>Asigurarea unui echilibru \u00eentre nevoile reziden\u021bilor \u0219i ale vizitatorilor<\/em><\/li>\n\n\n\n<li><em>Cre\u0219terea veniturilor la bugetul local printr-o administrare eficient\u0103 \u0219i coerent\u0103 a parc\u0103rilor publice\u201d<\/em>, se arat\u0103 \u00een documentul consultat de reporterii BdB.<\/li>\n<\/ul>\n\n\n\n<p><strong>CITE\u0218TE \u0218I: <a href=\"https:\/\/buletin.de\/bucuresti\/sector-4-primaria-introduce-zona-rosie-de-parcare-soferii-care-au-platit-taxa-de-540-lei-nu-mai-pot-parca-gratuit-in-timpul-zilei\/\" target=\"_blank\" rel=\"noreferrer noopener\">Sector 4 | Prim\u0103ria vrea s\u0103 introduc\u0103 zona ro\u0219ie de parcare. \u0218oferii care au pl\u0103tit taxa de 540 lei nu mai pot parca gratuit \u00een timpul zilei<\/a><\/strong><\/p>\n\n\n\n<h2 class=\"wp-block-heading\" id=\"h-570-de-locuri-din-zona-galbena-trec-in-zona-ro\u0219ie\">570 de locuri din zona galben\u0103 trec \u00een zona ro\u0219ie<\/h2>\n\n\n\n<p><strong>P\u00e2n\u0103 la introducerea noii categorii, \u00een Sectorul 4 parc\u0103rile publice erau \u00eemp\u0103r\u021bite \u00een zona verde \u0219i zona galben\u0103. <\/strong><\/p>\n\n\n\n<p>\u00cen zona verde, tariful era de 1 lei pe or\u0103, indiferent de intervalul orar. \u00cen zona galben\u0103, tariful cre\u0219tea la 4 lei pe or\u0103, de asemenea, f\u0103r\u0103 diferen\u021b\u0103 \u00een func\u021bie de momentul zilei.<\/p>\n\n\n\n<p>\u0218oferii care au achitat taxa special\u0103 de 540 lei pot parca gratuit, la orice or\u0103 din zi \u0219i din noapte, doar \u00een parc\u0103rile din zona verde, unde tariful este de un leu pe or\u0103.<\/p>\n\n\n\n<p>\u00cen cazul parc\u0103rilor din zona galben\u0103, tariful trebuie achitat de to\u021bi utilizatorii, chiar dac\u0103 au pl\u0103tit taxa special\u0103.<\/p>\n\n\n\n<p><strong>Prin noua \u00eemp\u0103r\u021bire, nu se creaz\u0103 noi locuri de parcare. \u00cen schimb, 570 de locuri \u00eencadrate p\u00e2n\u0103 acum \u00een zona galben\u0103 vor fi incluse \u00een zon\u0103 ro\u0219ie. <\/strong><\/p>\n\n\n\n<p>\u201eRestul de 130 de locuri de parcare situate \u00een imediata vecin\u0103tate a spitalelor vor r\u0103m\u00e2ne ca \u0219i p\u00e2n\u0103 acum, \u00eencadrate \u00een zona galben\u0103, av\u00e2nd \u00een vedere necesitatea disponibilit\u0103\u021bii permanente de locuri de parcare \u00een astfel de zone\u201d, potrivit <a href=\"https:\/\/www.facebook.com\/MobilitateUrbanaSector4\/posts\/pfbid02DU5NkLkHmZNTMmoXFQMj727B8d13h2Qjr7hFvnB8mMrDsTrtvkxZ6a89N9TpANj4l\" target=\"_blank\" rel=\"noreferrer noopener\">Mobilitate Urban\u0103 Sector 4<\/a>.<\/p>\n\n\n\n<p><strong>\u00cen Sectorul 4 exist\u0103 aproximativ 115.000 de ma\u0219ini f\u0103r\u0103 loc de parcare de re\u0219edin\u021b\u0103, \u00een timp ce num\u0103rul total al locurilor de parcare publice este de doar 9.500.<\/strong><\/p>\n","protected":false},"excerpt":{"rendered":"<p>Consiliul Local al Sectorului 4 a aprobat introducerea unei noi categorii de parc\u0103ri publice, cu noi tarife \u0219i noi reguli. Este vorba despre \u201ezona ro\u0219ie de parcare\u201d. Hot\u0103r\u00e2rea CL prin care a fost adoptat\u0103 noua \u00eemp\u0103r\u021bire prevede c\u0103 \u00een parc\u0103rile incluse \u00een \u201ezona ro\u0219ie\u201d ar urma s\u0103 fie aplicat un tarif diferen\u021biat, \u00een func\u021bie de [&hellip;]<\/p>\n","protected":false},"author":1,"featured_media":153916,"comment_status":"closed","ping_status":"open","sticky":false,"template":"","format":"standard","meta":{"_acf_changed":false,"inline_featured_image":false,"ngg_post_thumbnail":0,"footnotes":""},"categories":[6994,5762,24],"tags":[14577,23244,765,23246,23245,23247],"ppma_author":[22583],"class_list":["post-153853","post","type-post","status-publish","format-standard","has-post-thumbnail","hentry","category-stiri-2","category-main","category-primarie","tag-parcare-gratuita","tag-parcare-sector-4","tag-sector-4","tag-tarife-parcare-sector-4","tag-taxa-540-lei","tag-zona-rosie-de-parcare"],"acf":[],"yoast_head":"<!-- This site is optimized with the Yoast SEO Premium plugin v25.3 (Yoast SEO v27.4) - https:\/\/yoast.com\/product\/yoast-seo-premium-wordpress\/ -->\n<title>Sector 4 | Zona ro\u0219ie de parcare a intrat \u00een vigoare. Care sunt intervalele orare \u00een care tariful este de 4 lei pe or\u0103. Ce excep\u021bii exist\u0103 pentru pl\u0103titorii taxei speciale - Buletin de Bucure\u0219ti<\/title>\n<meta name=\"description\" content=\"Consiliul Local al Sectorului 4 a aprobat introducerea unei noi categorii de parc\u0103ri publice: zona ro\u0219ie de parcare.\" \/>\n<meta name=\"robots\" content=\"index, follow, max-snippet:-1, max-image-preview:large, max-video-preview:-1\" \/>\n<link rel=\"canonical\" href=\"https:\/\/buletin.de\/bucuresti\/sector-4-zona-rosie-de-parcare-a-intrat-in-vigoare-care-sunt-intervalele-orare-in-care-tariful-este-de-4-lei-pe-ora-fara-exceptii-pentru-platitorii-taxei-speciale\/\" \/>\n<meta property=\"og:locale\" content=\"en_GB\" \/>\n<meta property=\"og:type\" content=\"article\" \/>\n<meta property=\"og:title\" content=\"Sector 4 | Zona ro\u0219ie de parcare a intrat \u00een vigoare. Care sunt intervalele orare \u00een care tariful este de 4 lei pe or\u0103. Ce excep\u021bii exist\u0103 pentru pl\u0103titorii taxei speciale\" \/>\n<meta property=\"og:description\" content=\"Consiliul Local al Sectorului 4 a aprobat introducerea unei noi categorii de parc\u0103ri publice: zona ro\u0219ie de parcare.\" \/>\n<meta property=\"og:url\" content=\"https:\/\/buletin.de\/bucuresti\/sector-4-zona-rosie-de-parcare-a-intrat-in-vigoare-care-sunt-intervalele-orare-in-care-tariful-este-de-4-lei-pe-ora-fara-exceptii-pentru-platitorii-taxei-speciale\/\" \/>\n<meta property=\"og:site_name\" content=\"Buletin de Bucure\u0219ti\" \/>\n<meta property=\"article:publisher\" content=\"https:\/\/www.facebook.com\/buletin.de.buc\" \/>\n<meta property=\"article:published_time\" content=\"2025-10-22T02:37:00+00:00\" \/>\n<meta property=\"article:modified_time\" content=\"2025-10-22T12:00:50+00:00\" \/>\n<meta property=\"og:image\" content=\"https:\/\/buletin.de\/bucuresti\/wp-content\/uploads\/2025\/10\/zonarosie-e1761123287287.jpeg\" \/>\n\t<meta property=\"og:image:width\" content=\"1200\" \/>\n\t<meta property=\"og:image:height\" content=\"754\" \/>\n\t<meta property=\"og:image:type\" content=\"image\/jpeg\" \/>\n<meta name=\"author\" content=\"Redac\u021bia Buletin de Bucure\u0219ti\" \/>\n<meta name=\"twitter:card\" content=\"summary_large_image\" \/>\n<meta name=\"twitter:label1\" content=\"Written by\" \/>\n\t<meta name=\"twitter:data1\" content=\"Redac\u021bia Buletin de Bucure\u0219ti\" \/>\n\t<meta name=\"twitter:label2\" content=\"Estimated reading time\" \/>\n\t<meta name=\"twitter:data2\" content=\"3 minutes\" \/>\n<script type=\"application\/ld+json\" class=\"yoast-schema-graph\">{\"@context\":\"https:\\\/\\\/schema.org\",\"@graph\":[{\"@type\":\"Article\",\"@id\":\"https:\\\/\\\/buletin.de\\\/bucuresti\\\/sector-4-zona-rosie-de-parcare-a-intrat-in-vigoare-care-sunt-intervalele-orare-in-care-tariful-este-de-4-lei-pe-ora-fara-exceptii-pentru-platitorii-taxei-speciale\\\/#article\",\"isPartOf\":{\"@id\":\"https:\\\/\\\/buletin.de\\\/bucuresti\\\/sector-4-zona-rosie-de-parcare-a-intrat-in-vigoare-care-sunt-intervalele-orare-in-care-tariful-este-de-4-lei-pe-ora-fara-exceptii-pentru-platitorii-taxei-speciale\\\/\"},\"author\":{\"name\":\"Redac\u021bia Buletin de Bucure\u0219ti\",\"@id\":\"https:\\\/\\\/buletin.de\\\/bucuresti\\\/#\\\/schema\\\/person\\\/2bbcf854e5f2419a13804af574d06ab1\"},\"headline\":\"Sector 4 | Zona ro\u0219ie de parcare a intrat \u00een vigoare. Care sunt intervalele orare \u00een care tariful este de 4 lei pe or\u0103. Ce excep\u021bii exist\u0103 pentru pl\u0103titorii taxei speciale\",\"datePublished\":\"2025-10-22T02:37:00+00:00\",\"dateModified\":\"2025-10-22T12:00:50+00:00\",\"mainEntityOfPage\":{\"@id\":\"https:\\\/\\\/buletin.de\\\/bucuresti\\\/sector-4-zona-rosie-de-parcare-a-intrat-in-vigoare-care-sunt-intervalele-orare-in-care-tariful-este-de-4-lei-pe-ora-fara-exceptii-pentru-platitorii-taxei-speciale\\\/\"},\"wordCount\":642,\"publisher\":{\"@id\":\"https:\\\/\\\/buletin.de\\\/bucuresti\\\/#organization\"},\"image\":{\"@id\":\"https:\\\/\\\/buletin.de\\\/bucuresti\\\/sector-4-zona-rosie-de-parcare-a-intrat-in-vigoare-care-sunt-intervalele-orare-in-care-tariful-este-de-4-lei-pe-ora-fara-exceptii-pentru-platitorii-taxei-speciale\\\/#primaryimage\"},\"thumbnailUrl\":\"https:\\\/\\\/buletin.de\\\/bucuresti\\\/wp-content\\\/uploads\\\/2025\\\/10\\\/zonarosie-e1761123287287.jpeg\",\"keywords\":[\"parcare gratuita\",\"parcare sector 4\",\"Sector 4\",\"tarife parcare sector 4\",\"taxa 540 lei\",\"zona rosie de parcare\"],\"articleSection\":[\"Articole\",\"Main\",\"Prim\u0103rie\"],\"inLanguage\":\"en-GB\",\"copyrightYear\":\"2025\",\"copyrightHolder\":{\"@id\":\"https:\\\/\\\/buletin.de\\\/bucuresti\\\/#organization\"}},{\"@type\":\"WebPage\",\"@id\":\"https:\\\/\\\/buletin.de\\\/bucuresti\\\/sector-4-zona-rosie-de-parcare-a-intrat-in-vigoare-care-sunt-intervalele-orare-in-care-tariful-este-de-4-lei-pe-ora-fara-exceptii-pentru-platitorii-taxei-speciale\\\/\",\"url\":\"https:\\\/\\\/buletin.de\\\/bucuresti\\\/sector-4-zona-rosie-de-parcare-a-intrat-in-vigoare-care-sunt-intervalele-orare-in-care-tariful-este-de-4-lei-pe-ora-fara-exceptii-pentru-platitorii-taxei-speciale\\\/\",\"name\":\"Sector 4 | Zona ro\u0219ie de parcare a intrat \u00een vigoare. Care sunt intervalele orare \u00een care tariful este de 4 lei pe or\u0103. Ce excep\u021bii exist\u0103 pentru pl\u0103titorii taxei speciale - Buletin de Bucure\u0219ti\",\"isPartOf\":{\"@id\":\"https:\\\/\\\/buletin.de\\\/bucuresti\\\/#website\"},\"primaryImageOfPage\":{\"@id\":\"https:\\\/\\\/buletin.de\\\/bucuresti\\\/sector-4-zona-rosie-de-parcare-a-intrat-in-vigoare-care-sunt-intervalele-orare-in-care-tariful-este-de-4-lei-pe-ora-fara-exceptii-pentru-platitorii-taxei-speciale\\\/#primaryimage\"},\"image\":{\"@id\":\"https:\\\/\\\/buletin.de\\\/bucuresti\\\/sector-4-zona-rosie-de-parcare-a-intrat-in-vigoare-care-sunt-intervalele-orare-in-care-tariful-este-de-4-lei-pe-ora-fara-exceptii-pentru-platitorii-taxei-speciale\\\/#primaryimage\"},\"thumbnailUrl\":\"https:\\\/\\\/buletin.de\\\/bucuresti\\\/wp-content\\\/uploads\\\/2025\\\/10\\\/zonarosie-e1761123287287.jpeg\",\"datePublished\":\"2025-10-22T02:37:00+00:00\",\"dateModified\":\"2025-10-22T12:00:50+00:00\",\"description\":\"Consiliul Local al Sectorului 4 a aprobat introducerea unei noi categorii de parc\u0103ri publice: zona ro\u0219ie de parcare.\",\"breadcrumb\":{\"@id\":\"https:\\\/\\\/buletin.de\\\/bucuresti\\\/sector-4-zona-rosie-de-parcare-a-intrat-in-vigoare-care-sunt-intervalele-orare-in-care-tariful-este-de-4-lei-pe-ora-fara-exceptii-pentru-platitorii-taxei-speciale\\\/#breadcrumb\"},\"inLanguage\":\"en-GB\",\"potentialAction\":[{\"@type\":\"ReadAction\",\"target\":[\"https:\\\/\\\/buletin.de\\\/bucuresti\\\/sector-4-zona-rosie-de-parcare-a-intrat-in-vigoare-care-sunt-intervalele-orare-in-care-tariful-este-de-4-lei-pe-ora-fara-exceptii-pentru-platitorii-taxei-speciale\\\/\"]}]},{\"@type\":\"ImageObject\",\"inLanguage\":\"en-GB\",\"@id\":\"https:\\\/\\\/buletin.de\\\/bucuresti\\\/sector-4-zona-rosie-de-parcare-a-intrat-in-vigoare-care-sunt-intervalele-orare-in-care-tariful-este-de-4-lei-pe-ora-fara-exceptii-pentru-platitorii-taxei-speciale\\\/#primaryimage\",\"url\":\"https:\\\/\\\/buletin.de\\\/bucuresti\\\/wp-content\\\/uploads\\\/2025\\\/10\\\/zonarosie-e1761123287287.jpeg\",\"contentUrl\":\"https:\\\/\\\/buletin.de\\\/bucuresti\\\/wp-content\\\/uploads\\\/2025\\\/10\\\/zonarosie-e1761123287287.jpeg\",\"width\":1200,\"height\":754,\"caption\":\"Zona ro\u0219ie de parcare\"},{\"@type\":\"BreadcrumbList\",\"@id\":\"https:\\\/\\\/buletin.de\\\/bucuresti\\\/sector-4-zona-rosie-de-parcare-a-intrat-in-vigoare-care-sunt-intervalele-orare-in-care-tariful-este-de-4-lei-pe-ora-fara-exceptii-pentru-platitorii-taxei-speciale\\\/#breadcrumb\",\"itemListElement\":[{\"@type\":\"ListItem\",\"position\":1,\"name\":\"Acas\u0103\",\"item\":\"https:\\\/\\\/buletin.de\\\/bucuresti\\\/\"},{\"@type\":\"ListItem\",\"position\":2,\"name\":\"Sector 4 | Zona ro\u0219ie de parcare a intrat \u00een vigoare. Care sunt intervalele orare \u00een care tariful este de 4 lei pe or\u0103. Ce excep\u021bii exist\u0103 pentru pl\u0103titorii taxei speciale\"}]},{\"@type\":\"WebSite\",\"@id\":\"https:\\\/\\\/buletin.de\\\/bucuresti\\\/#website\",\"url\":\"https:\\\/\\\/buletin.de\\\/bucuresti\\\/\",\"name\":\"Buletin de Bucure\u0219ti\",\"description\":\"\u0218tiri \u0219i investiga\u021bii esen\u021biale din capital\u0103\",\"publisher\":{\"@id\":\"https:\\\/\\\/buletin.de\\\/bucuresti\\\/#organization\"},\"potentialAction\":[{\"@type\":\"SearchAction\",\"target\":{\"@type\":\"EntryPoint\",\"urlTemplate\":\"https:\\\/\\\/buletin.de\\\/bucuresti\\\/?s={search_term_string}\"},\"query-input\":{\"@type\":\"PropertyValueSpecification\",\"valueRequired\":true,\"valueName\":\"search_term_string\"}}],\"inLanguage\":\"en-GB\"},{\"@type\":\"Organization\",\"@id\":\"https:\\\/\\\/buletin.de\\\/bucuresti\\\/#organization\",\"name\":\"Buletin de Bucure\u0219ti\",\"url\":\"https:\\\/\\\/buletin.de\\\/bucuresti\\\/\",\"logo\":{\"@type\":\"ImageObject\",\"inLanguage\":\"en-GB\",\"@id\":\"https:\\\/\\\/buletin.de\\\/bucuresti\\\/#\\\/schema\\\/logo\\\/image\\\/\",\"url\":\"https:\\\/\\\/buletin.de\\\/bucuresti\\\/wp-content\\\/uploads\\\/logo-bdb-full-wide-vernil-transparent.png\",\"contentUrl\":\"https:\\\/\\\/buletin.de\\\/bucuresti\\\/wp-content\\\/uploads\\\/logo-bdb-full-wide-vernil-transparent.png\",\"width\":1782,\"height\":626,\"caption\":\"Buletin de Bucure\u0219ti\"},\"image\":{\"@id\":\"https:\\\/\\\/buletin.de\\\/bucuresti\\\/#\\\/schema\\\/logo\\\/image\\\/\"},\"sameAs\":[\"https:\\\/\\\/www.facebook.com\\\/buletin.de.buc\",\"https:\\\/\\\/www.instagram.com\\\/buletinde.bucuresti\\\/\"]},{\"@type\":\"Person\",\"@id\":\"https:\\\/\\\/buletin.de\\\/bucuresti\\\/#\\\/schema\\\/person\\\/2bbcf854e5f2419a13804af574d06ab1\",\"name\":\"Redac\u021bia Buletin de Bucure\u0219ti\",\"image\":{\"@type\":\"ImageObject\",\"inLanguage\":\"en-GB\",\"@id\":\"https:\\\/\\\/secure.gravatar.com\\\/avatar\\\/18c5342381ed1a08620e6280424e3e5efc958618f5d67c522c9e44c1bc6f9226?s=96&d=monsterid&r=g60c7cd0ad92c68c049fcd4bb3504d609\",\"url\":\"https:\\\/\\\/secure.gravatar.com\\\/avatar\\\/18c5342381ed1a08620e6280424e3e5efc958618f5d67c522c9e44c1bc6f9226?s=96&d=monsterid&r=g\",\"contentUrl\":\"https:\\\/\\\/secure.gravatar.com\\\/avatar\\\/18c5342381ed1a08620e6280424e3e5efc958618f5d67c522c9e44c1bc6f9226?s=96&d=monsterid&r=g\",\"caption\":\"Redac\u021bia Buletin de Bucure\u0219ti\"},\"description\":\"Buletin de Bucure\u0219ti exist\u0103 din vara anului 2019.\",\"url\":\"https:\\\/\\\/buletin.de\\\/bucuresti\\\/author\\\/adminbuletin\\\/\"}]}<\/script>\n<!-- \/ Yoast SEO Premium plugin. -->","yoast_head_json":{"title":"Sector 4 | Zona ro\u0219ie de parcare a intrat \u00een vigoare. Care sunt intervalele orare \u00een care tariful este de 4 lei pe or\u0103. Ce excep\u021bii exist\u0103 pentru pl\u0103titorii taxei speciale - Buletin de Bucure\u0219ti","description":"Consiliul Local al Sectorului 4 a aprobat introducerea unei noi categorii de parc\u0103ri publice: zona ro\u0219ie de parcare.","robots":{"index":"index","follow":"follow","max-snippet":"max-snippet:-1","max-image-preview":"max-image-preview:large","max-video-preview":"max-video-preview:-1"},"canonical":"https:\/\/buletin.de\/bucuresti\/sector-4-zona-rosie-de-parcare-a-intrat-in-vigoare-care-sunt-intervalele-orare-in-care-tariful-este-de-4-lei-pe-ora-fara-exceptii-pentru-platitorii-taxei-speciale\/","og_locale":"en_GB","og_type":"article","og_title":"Sector 4 | Zona ro\u0219ie de parcare a intrat \u00een vigoare. Care sunt intervalele orare \u00een care tariful este de 4 lei pe or\u0103. Ce excep\u021bii exist\u0103 pentru pl\u0103titorii taxei speciale","og_description":"Consiliul Local al Sectorului 4 a aprobat introducerea unei noi categorii de parc\u0103ri publice: zona ro\u0219ie de parcare.","og_url":"https:\/\/buletin.de\/bucuresti\/sector-4-zona-rosie-de-parcare-a-intrat-in-vigoare-care-sunt-intervalele-orare-in-care-tariful-este-de-4-lei-pe-ora-fara-exceptii-pentru-platitorii-taxei-speciale\/","og_site_name":"Buletin de Bucure\u0219ti","article_publisher":"https:\/\/www.facebook.com\/buletin.de.buc","article_published_time":"2025-10-22T02:37:00+00:00","article_modified_time":"2025-10-22T12:00:50+00:00","og_image":[{"width":1200,"height":754,"url":"https:\/\/buletin.de\/bucuresti\/wp-content\/uploads\/2025\/10\/zonarosie-e1761123287287.jpeg","type":"image\/jpeg"}],"author":"Redac\u021bia Buletin de Bucure\u0219ti","twitter_card":"summary_large_image","twitter_misc":{"Written by":"Redac\u021bia Buletin de Bucure\u0219ti","Estimated reading time":"3 minutes"},"schema":{"@context":"https:\/\/schema.org","@graph":[{"@type":"Article","@id":"https:\/\/buletin.de\/bucuresti\/sector-4-zona-rosie-de-parcare-a-intrat-in-vigoare-care-sunt-intervalele-orare-in-care-tariful-este-de-4-lei-pe-ora-fara-exceptii-pentru-platitorii-taxei-speciale\/#article","isPartOf":{"@id":"https:\/\/buletin.de\/bucuresti\/sector-4-zona-rosie-de-parcare-a-intrat-in-vigoare-care-sunt-intervalele-orare-in-care-tariful-este-de-4-lei-pe-ora-fara-exceptii-pentru-platitorii-taxei-speciale\/"},"author":{"name":"Redac\u021bia Buletin de Bucure\u0219ti","@id":"https:\/\/buletin.de\/bucuresti\/#\/schema\/person\/2bbcf854e5f2419a13804af574d06ab1"},"headline":"Sector 4 | Zona ro\u0219ie de parcare a intrat \u00een vigoare. Care sunt intervalele orare \u00een care tariful este de 4 lei pe or\u0103. Ce excep\u021bii exist\u0103 pentru pl\u0103titorii taxei speciale","datePublished":"2025-10-22T02:37:00+00:00","dateModified":"2025-10-22T12:00:50+00:00","mainEntityOfPage":{"@id":"https:\/\/buletin.de\/bucuresti\/sector-4-zona-rosie-de-parcare-a-intrat-in-vigoare-care-sunt-intervalele-orare-in-care-tariful-este-de-4-lei-pe-ora-fara-exceptii-pentru-platitorii-taxei-speciale\/"},"wordCount":642,"publisher":{"@id":"https:\/\/buletin.de\/bucuresti\/#organization"},"image":{"@id":"https:\/\/buletin.de\/bucuresti\/sector-4-zona-rosie-de-parcare-a-intrat-in-vigoare-care-sunt-intervalele-orare-in-care-tariful-este-de-4-lei-pe-ora-fara-exceptii-pentru-platitorii-taxei-speciale\/#primaryimage"},"thumbnailUrl":"https:\/\/buletin.de\/bucuresti\/wp-content\/uploads\/2025\/10\/zonarosie-e1761123287287.jpeg","keywords":["parcare gratuita","parcare sector 4","Sector 4","tarife parcare sector 4","taxa 540 lei","zona rosie de parcare"],"articleSection":["Articole","Main","Prim\u0103rie"],"inLanguage":"en-GB","copyrightYear":"2025","copyrightHolder":{"@id":"https:\/\/buletin.de\/bucuresti\/#organization"}},{"@type":"WebPage","@id":"https:\/\/buletin.de\/bucuresti\/sector-4-zona-rosie-de-parcare-a-intrat-in-vigoare-care-sunt-intervalele-orare-in-care-tariful-este-de-4-lei-pe-ora-fara-exceptii-pentru-platitorii-taxei-speciale\/","url":"https:\/\/buletin.de\/bucuresti\/sector-4-zona-rosie-de-parcare-a-intrat-in-vigoare-care-sunt-intervalele-orare-in-care-tariful-este-de-4-lei-pe-ora-fara-exceptii-pentru-platitorii-taxei-speciale\/","name":"Sector 4 | Zona ro\u0219ie de parcare a intrat \u00een vigoare. Care sunt intervalele orare \u00een care tariful este de 4 lei pe or\u0103. Ce excep\u021bii exist\u0103 pentru pl\u0103titorii taxei speciale - Buletin de Bucure\u0219ti","isPartOf":{"@id":"https:\/\/buletin.de\/bucuresti\/#website"},"primaryImageOfPage":{"@id":"https:\/\/buletin.de\/bucuresti\/sector-4-zona-rosie-de-parcare-a-intrat-in-vigoare-care-sunt-intervalele-orare-in-care-tariful-este-de-4-lei-pe-ora-fara-exceptii-pentru-platitorii-taxei-speciale\/#primaryimage"},"image":{"@id":"https:\/\/buletin.de\/bucuresti\/sector-4-zona-rosie-de-parcare-a-intrat-in-vigoare-care-sunt-intervalele-orare-in-care-tariful-este-de-4-lei-pe-ora-fara-exceptii-pentru-platitorii-taxei-speciale\/#primaryimage"},"thumbnailUrl":"https:\/\/buletin.de\/bucuresti\/wp-content\/uploads\/2025\/10\/zonarosie-e1761123287287.jpeg","datePublished":"2025-10-22T02:37:00+00:00","dateModified":"2025-10-22T12:00:50+00:00","description":"Consiliul Local al Sectorului 4 a aprobat introducerea unei noi categorii de parc\u0103ri publice: zona ro\u0219ie de parcare.","breadcrumb":{"@id":"https:\/\/buletin.de\/bucuresti\/sector-4-zona-rosie-de-parcare-a-intrat-in-vigoare-care-sunt-intervalele-orare-in-care-tariful-este-de-4-lei-pe-ora-fara-exceptii-pentru-platitorii-taxei-speciale\/#breadcrumb"},"inLanguage":"en-GB","potentialAction":[{"@type":"ReadAction","target":["https:\/\/buletin.de\/bucuresti\/sector-4-zona-rosie-de-parcare-a-intrat-in-vigoare-care-sunt-intervalele-orare-in-care-tariful-este-de-4-lei-pe-ora-fara-exceptii-pentru-platitorii-taxei-speciale\/"]}]},{"@type":"ImageObject","inLanguage":"en-GB","@id":"https:\/\/buletin.de\/bucuresti\/sector-4-zona-rosie-de-parcare-a-intrat-in-vigoare-care-sunt-intervalele-orare-in-care-tariful-este-de-4-lei-pe-ora-fara-exceptii-pentru-platitorii-taxei-speciale\/#primaryimage","url":"https:\/\/buletin.de\/bucuresti\/wp-content\/uploads\/2025\/10\/zonarosie-e1761123287287.jpeg","contentUrl":"https:\/\/buletin.de\/bucuresti\/wp-content\/uploads\/2025\/10\/zonarosie-e1761123287287.jpeg","width":1200,"height":754,"caption":"Zona ro\u0219ie de parcare"},{"@type":"BreadcrumbList","@id":"https:\/\/buletin.de\/bucuresti\/sector-4-zona-rosie-de-parcare-a-intrat-in-vigoare-care-sunt-intervalele-orare-in-care-tariful-este-de-4-lei-pe-ora-fara-exceptii-pentru-platitorii-taxei-speciale\/#breadcrumb","itemListElement":[{"@type":"ListItem","position":1,"name":"Acas\u0103","item":"https:\/\/buletin.de\/bucuresti\/"},{"@type":"ListItem","position":2,"name":"Sector 4 | Zona ro\u0219ie de parcare a intrat \u00een vigoare. Care sunt intervalele orare \u00een care tariful este de 4 lei pe or\u0103. Ce excep\u021bii exist\u0103 pentru pl\u0103titorii taxei speciale"}]},{"@type":"WebSite","@id":"https:\/\/buletin.de\/bucuresti\/#website","url":"https:\/\/buletin.de\/bucuresti\/","name":"Buletin de Bucure\u0219ti","description":"\u0218tiri \u0219i investiga\u021bii esen\u021biale din capital\u0103","publisher":{"@id":"https:\/\/buletin.de\/bucuresti\/#organization"},"potentialAction":[{"@type":"SearchAction","target":{"@type":"EntryPoint","urlTemplate":"https:\/\/buletin.de\/bucuresti\/?s={search_term_string}"},"query-input":{"@type":"PropertyValueSpecification","valueRequired":true,"valueName":"search_term_string"}}],"inLanguage":"en-GB"},{"@type":"Organization","@id":"https:\/\/buletin.de\/bucuresti\/#organization","name":"Buletin de Bucure\u0219ti","url":"https:\/\/buletin.de\/bucuresti\/","logo":{"@type":"ImageObject","inLanguage":"en-GB","@id":"https:\/\/buletin.de\/bucuresti\/#\/schema\/logo\/image\/","url":"https:\/\/buletin.de\/bucuresti\/wp-content\/uploads\/logo-bdb-full-wide-vernil-transparent.png","contentUrl":"https:\/\/buletin.de\/bucuresti\/wp-content\/uploads\/logo-bdb-full-wide-vernil-transparent.png","width":1782,"height":626,"caption":"Buletin de Bucure\u0219ti"},"image":{"@id":"https:\/\/buletin.de\/bucuresti\/#\/schema\/logo\/image\/"},"sameAs":["https:\/\/www.facebook.com\/buletin.de.buc","https:\/\/www.instagram.com\/buletinde.bucuresti\/"]},{"@type":"Person","@id":"https:\/\/buletin.de\/bucuresti\/#\/schema\/person\/2bbcf854e5f2419a13804af574d06ab1","name":"Redac\u021bia Buletin de Bucure\u0219ti","image":{"@type":"ImageObject","inLanguage":"en-GB","@id":"https:\/\/secure.gravatar.com\/avatar\/18c5342381ed1a08620e6280424e3e5efc958618f5d67c522c9e44c1bc6f9226?s=96&d=monsterid&r=g60c7cd0ad92c68c049fcd4bb3504d609","url":"https:\/\/secure.gravatar.com\/avatar\/18c5342381ed1a08620e6280424e3e5efc958618f5d67c522c9e44c1bc6f9226?s=96&d=monsterid&r=g","contentUrl":"https:\/\/secure.gravatar.com\/avatar\/18c5342381ed1a08620e6280424e3e5efc958618f5d67c522c9e44c1bc6f9226?s=96&d=monsterid&r=g","caption":"Redac\u021bia Buletin de Bucure\u0219ti"},"description":"Buletin de Bucure\u0219ti exist\u0103 din vara anului 2019.","url":"https:\/\/buletin.de\/bucuresti\/author\/adminbuletin\/"}]}},"authors":[{"term_id":22583,"user_id":1,"is_guest":0,"slug":"adminbuletin","display_name":"Redac\u021bia Buletin de Bucure\u0219ti","avatar_url":"https:\/\/secure.gravatar.com\/avatar\/18c5342381ed1a08620e6280424e3e5efc958618f5d67c522c9e44c1bc6f9226?s=96&d=monsterid&r=g","0":null,"1":"","2":"","3":"","4":"","5":"","6":"","7":"","8":""}],"_links":{"self":[{"href":"https:\/\/buletin.de\/bucuresti\/wp-json\/wp\/v2\/posts\/153853","targetHints":{"allow":["GET"]}}],"collection":[{"href":"https:\/\/buletin.de\/bucuresti\/wp-json\/wp\/v2\/posts"}],"about":[{"href":"https:\/\/buletin.de\/bucuresti\/wp-json\/wp\/v2\/types\/post"}],"author":[{"embeddable":true,"href":"https:\/\/buletin.de\/bucuresti\/wp-json\/wp\/v2\/users\/1"}],"replies":[{"embeddable":true,"href":"https:\/\/buletin.de\/bucuresti\/wp-json\/wp\/v2\/comments?post=153853"}],"version-history":[{"count":7,"href":"https:\/\/buletin.de\/bucuresti\/wp-json\/wp\/v2\/posts\/153853\/revisions"}],"predecessor-version":[{"id":153986,"href":"https:\/\/buletin.de\/bucuresti\/wp-json\/wp\/v2\/posts\/153853\/revisions\/153986"}],"wp:featuredmedia":[{"embeddable":true,"href":"https:\/\/buletin.de\/bucuresti\/wp-json\/wp\/v2\/media\/153916"}],"wp:attachment":[{"href":"https:\/\/buletin.de\/bucuresti\/wp-json\/wp\/v2\/media?parent=153853"}],"wp:term":[{"taxonomy":"category","embeddable":true,"href":"https:\/\/buletin.de\/bucuresti\/wp-json\/wp\/v2\/categories?post=153853"},{"taxonomy":"post_tag","embeddable":true,"href":"https:\/\/buletin.de\/bucuresti\/wp-json\/wp\/v2\/tags?post=153853"},{"taxonomy":"author","embeddable":true,"href":"https:\/\/buletin.de\/bucuresti\/wp-json\/wp\/v2\/ppma_author?post=153853"}],"curies":[{"name":"wp","href":"https:\/\/api.w.org\/{rel}","templated":true}]}}