{"id":153845,"date":"2025-10-21T22:21:25","date_gmt":"2025-10-21T19:21:25","guid":{"rendered":"https:\/\/buletin.de\/bucuresti\/?p=153845"},"modified":"2025-10-21T22:25:37","modified_gmt":"2025-10-21T19:25:37","slug":"ciprian-ciucu-nu-anunta-inca-daca-va-candida-sondajul-pe-care-l-am-facut-ma-arata-detasat-ca-o-optiune-pentru-primaria-capitalei","status":"publish","type":"post","link":"https:\/\/buletin.de\/bucuresti\/ciprian-ciucu-nu-anunta-inca-daca-va-candida-sondajul-pe-care-l-am-facut-ma-arata-detasat-ca-o-optiune-pentru-primaria-capitalei\/","title":{"rendered":"Ciprian Ciucu nu anun\u021b\u0103 \u00eenc\u0103 dac\u0103 va candida. \u201eSondajul pe care l-am f\u0103cut m\u0103 arat\u0103 deta\u0219at ca o op\u021biune pentru Prim\u0103ria Capitalei\u201d"},"content":{"rendered":"\n<p><strong>Primarul Sectorului 6, Ciprian Ciucu, a refuzat s\u0103 spun\u0103 dac\u0103 va candida sau nu pentru Prim\u0103ria Capitalei, men\u021bion\u00e2nd c\u0103 a\u0219teapt\u0103 \u00eent\u00e2i s\u0103 vad\u0103 dac\u0103 va primi sprijinul colegilor s\u0103i din PNL. Totu\u0219i, a precizat c\u0103 un sondaj \u00eel plaseaz\u0103 ca \u201eprima op\u021biune\u201d.<\/strong><\/p>\n\n\n\n<p>Coali\u021bia de guvernare a decis ca alegerile par\u021biale pentru func\u021bia de primar al Bucure\u0219tiului, r\u0103mas\u0103 vacant\u0103 dup\u0103 plecarea lui Nicu\u0219or Dan la pre\u0219edin\u021bie, s\u0103 aib\u0103 loc pe 7 decembrie. <\/p>\n\n\n\n<p>De asemenea, liderii celor trei partide au stabilit c\u0103 fiecare va avea un candidat propriu. Cei trei nu se vor ataca \u00eentre ei \u0219i nu vor fi retrageri \u00een favoarea celui mai bine plasat.<\/p>\n\n\n\n<p><strong>CITE\u0218TE \u0218I: <a href=\"https:\/\/buletin.de\/bucuresti\/fiecare-partid-din-coalitia-de-guvernare-va-avea-un-candidat-la-primaria-bucuresti-am-agreat-ca-nu-vor-fi-atacuri-intre-noi\/\" target=\"_blank\" rel=\"noreferrer noopener\">Fiecare partid din coali\u021bia de guvernare va avea un candidat la Prim\u0103ria Bucure\u0219ti. \u201eAm agreat c\u0103 nu vor fi atacuri \u00eentre noi\u201d<\/a><\/strong><\/p>\n\n\n\n<h2 class=\"wp-block-heading\" id=\"h-in-ce-condi\u021bii-va-candida-ciprian-ciucu-pentru-primaria-capitalei\">\u00cen ce condi\u021bii va candida Ciprian Ciucu pentru Prim\u0103ria Capitalei<\/h2>\n\n\n\n<p><strong>\u00centrebat dac\u0103 va fi candidatul PNL la Prim\u0103ria Capitalei, Ciprian Ciucu a r\u0103spuns: \u201eAm f\u0103cut un sondaj de opinie, propriul nostru sondaj, care m\u0103 ar\u0103ta, acum o lun\u0103 \u0219i jum\u0103tate, deta\u0219at ca o op\u021biune pentru Prim\u0103ria Capitalei\u201d.<\/strong><\/p>\n\n\n\n<p>Totu\u0219i, primarul Sectorului 6 a men\u021bionat c\u0103 nu poate face deocamdat\u0103 un anun\u021b clar cu privire la cursa pentru Prim\u0103ria Capitalei.<\/p>\n\n\n\n<p>\u201eNu pot s\u0103-mi anun\u021b o candidatur\u0103, dar nici m\u0103car inten\u021bia de a candida, pentru c\u0103 mie \u00eemi plac lucrurile s\u0103 fie foarte bine a\u0219ezate \u00een matca lor. \u00cen primul r\u00e2nd, Guvernul trebuie s\u0103 ne asigur\u0103m c\u0103 joi va da hot\u0103r\u00e2rea de guvern prin care se vor organiza alegerile par\u021biale, dup\u0103 care, avem proceduri interne, proceduri statutare pe care trebuie s\u0103 le parcurg \u0219i m\u0103 a\u0219tept s\u0103 vedem dac\u0103 a\u0219 primi sprijinul colegilor mei. <\/p>\n\n\n\n<p>Deci, nu vreau ca s\u0103-mi anun\u021b niciun fel de candidatur\u0103, sunt rezervat pe acest subiect p\u00e2n\u0103 toate aceste etape vor fi parcurse&#8217;, a precizat Ciprian Ciucu, citat de <a href=\"https:\/\/agerpres.ro\/politic\/2025\/10\/21\/ciucu-data-alegerilor-partiale-este-7-decembrie-fiecare-partid-din-coalitie-merge-cu-candidat-propri--1495738\" target=\"_blank\" rel=\"noreferrer noopener\">Agerpres<\/a>.<\/p>\n\n\n\n<p>Potrivit acestuia, lucrurile se vor desf\u0103\u0219ura foarte rapid, pentru c\u0103 perioada de campanie electoral\u0103 \u0219i toate termenele sunt \u00eenjum\u0103t\u0103\u021bite \u00een cazul alegerilor par\u021biale.<\/p>\n\n\n\n<p>\u201eDeci, ne a\u0219tept\u0103m ca joi, la \u0219edin\u021ba de guvern, a\u0219a s-a convenit \u00een coali\u021bie, s\u0103 fie dat\u0103 de c\u0103tre Guvern (hot\u0103r\u00e2rea &#8211; n.r.); ea va cuprinde deja toate aceste termene. (&#8230;) Campania electoral\u0103 va dura maxim trei s\u0103pt\u0103m\u00e2ni, dar poate fi \u0219i de dou\u0103 s\u0103pt\u0103m\u00e2ni&#8217;, a mai spus primarul Sectorului 6.<\/p>\n\n\n\n<p>Ciprian Ciucu se confrunt\u0103 \u00een PNL cu Stelian Burduja, primarul interimar al Capitalei, aflat \u00eentr-un puternic tur de cre\u0219tere a notoriet\u0103\u021bii. De\u0219i nici acesta nu a spus deschis c\u0103 va candida pentru a deveni primar general plin, a l\u0103sat de \u00een\u021beles c\u0103 aceast\u0103 func\u021bie i se potrive\u0219te firesc, din moment ce o exercit\u0103 deja \u0219i \u00eei \u0219tie dedesupturile. <\/p>\n\n\n\n<p><strong>CITE\u0218TE \u0218I: <a href=\"https:\/\/buletin.de\/bucuresti\/primarul-interimar-bujduveanu-despre-o-candidatura-a-lui-ciprian-ciucu-la-pmb-el-este-un-foarte-bun-primar-de-sector-nu-exclude-propria-candidatura\/\" target=\"_blank\" rel=\"noreferrer noopener\">Primarul interimar Bujduveanu despre o candidatur\u0103 a lui Ciprian Ciucu la PMB: \u201eEl este un foarte bun primar de sector\u201d. Nu exclude propria candidatur\u0103<\/a><\/strong><\/p>\n\n\n\n<h2 class=\"wp-block-heading\" id=\"h-stelian-bujduveanu-concurentul-direct-in-pnl\">Stelian Bujduveanu, concurentul direct \u00een PNL<\/h2>\n\n\n\n<p><strong>Primarul general interimar a subliniat c\u0103 Prim\u0103ria Capitalei necesit\u0103 un nivel ridicat de experien\u021b\u0103 administrativ\u0103 \u0219i o bun\u0103 cunoa\u0219tere a mecanismelor interne.<\/strong><\/p>\n\n\n\n<p>\u201eExperien\u021ba pe care am acumulat-o \u00een ultimii 10 ani de zile \u00een administra\u021bia din Bucure\u0219ti, refuz\u00e2nd s\u0103 plec inclusiv ca \u0219i parlamentar de Bucure\u0219ti, n-am avut ocazia, mi-a dat posibilitatea s\u0103 \u00een\u021beleg prim\u0103ria capitale de la nivel de opozi\u021bie din Consiliu General, la lider de grup, apoi executivice primar general \u0219i apoi primar interimar.<\/p>\n\n\n\n<p><strong>Acest parcurs prin administra\u021bie a f\u0103cut ca preluarea interimatului de la domnul Nicu\u0219or Dan s\u0103 fie unul instant.<\/strong><\/p>\n\n\n\n<p>Au existat sincope, serviciile publice func\u021bioneaz\u0103, prim\u0103ria merge foarte bine \u00een continuare, avem nevoie de finan\u021bare, pentru c\u0103 nu s-a reglat problema care am citat-o mai devreme cu repartizarea finan\u021bului Municipului Bucure\u0219ti, dar cred c\u0103 primarul general trebuie s\u0103 fie unul cu experien\u021b\u0103.<\/p>\n\n\n\n<p>Pentru c\u0103 dac\u0103 vine cineva care n-a mai avut func\u021bii executive \u0219i prin instinct va bloca administra\u021bia din capital\u0103, ne va lua mult s\u0103 ne revenim \u00een urm\u0103torii ani\u201d, a afirmat Stelian Bujduveanu, citat de&nbsp;<a href=\"https:\/\/www.mediafax.ro\/politic\/bujduveanu-despre-ciucu-primaria-capitalei-este-mai-complicata-decat-o-primarie-de-sector-23624614\" target=\"_blank\" rel=\"noreferrer noopener\">Mediafax<\/a>.<\/p>\n\n\n\n<p><strong>CITE\u0218TE \u0218I: <a href=\"https:\/\/buletin.de\/bucuresti\/stelian-bujduveanu-replica-pentru-ciprian-ciucu-primaria-capitalei-este-mai-complicata-decat-o-primarie-de-sector-ciucu-il-acuzase-ca-face-show-politic-cu-codul-rosu\/\" target=\"_blank\" rel=\"noreferrer noopener\">Stelian Bujduveanu, replic\u0103 pentru Ciprian Ciucu: Prim\u0103ria Capitalei este mai complicat\u0103 dec\u00e2t o prim\u0103rie de sector. Ciucu \u00eel acuzase c\u0103 face \u201eshow politic\u201d cu codul ro\u0219u<\/a><\/strong><\/p>\n","protected":false},"excerpt":{"rendered":"<p>Primarul Sectorului 6, Ciprian Ciucu, a refuzat s\u0103 spun\u0103 dac\u0103 va candida sau nu pentru Prim\u0103ria Capitalei, men\u021bion\u00e2nd c\u0103 a\u0219teapt\u0103 \u00eent\u00e2i s\u0103 vad\u0103 dac\u0103 va primi sprijinul colegilor s\u0103i din PNL. Totu\u0219i, a precizat c\u0103 un sondaj \u00eel plaseaz\u0103 ca \u201eprima op\u021biune\u201d. Coali\u021bia de guvernare a decis ca alegerile par\u021biale pentru func\u021bia de primar al [&hellip;]<\/p>\n","protected":false},"author":1,"featured_media":153847,"comment_status":"closed","ping_status":"open","sticky":false,"template":"","format":"standard","meta":{"_acf_changed":false,"inline_featured_image":false,"ngg_post_thumbnail":0,"footnotes":""},"categories":[6994,9025,62],"tags":[19261,625,781,2089,24335,18930],"ppma_author":[22583],"class_list":["post-153845","post","type-post","status-publish","format-standard","has-post-thumbnail","hentry","category-stiri-2","category-politic","category-stiri","tag-alegeri-2025","tag-alegeri-bucuresti","tag-alegeri-locale","tag-ciprian-ciucu","tag-data-alegerilor","tag-primar-ciprian-ciucu"],"acf":[],"yoast_head":"<!-- This site is optimized with the Yoast SEO Premium plugin v25.3 (Yoast SEO v27.4) - https:\/\/yoast.com\/product\/yoast-seo-premium-wordpress\/ -->\n<title>Ciprian Ciucu nu anun\u021b\u0103 \u00eenc\u0103 dac\u0103 va candida. \u201eSondajul pe care l-am f\u0103cut m\u0103 arat\u0103 deta\u0219at ca o op\u021biune pentru Prim\u0103ria Capitalei\u201d - Buletin de Bucure\u0219ti<\/title>\n<meta name=\"description\" content=\"Primarul Sectorului 6, Ciprian Ciucu, a refuzat s\u0103 spun\u0103 dac\u0103 va candida sau nu pentru Prim\u0103ria Capitalei.\" \/>\n<meta name=\"robots\" content=\"index, follow, max-snippet:-1, max-image-preview:large, max-video-preview:-1\" \/>\n<link rel=\"canonical\" href=\"https:\/\/buletin.de\/bucuresti\/ciprian-ciucu-nu-anunta-inca-daca-va-candida-sondajul-pe-care-l-am-facut-ma-arata-detasat-ca-o-optiune-pentru-primaria-capitalei\/\" \/>\n<meta property=\"og:locale\" content=\"en_GB\" \/>\n<meta property=\"og:type\" content=\"article\" \/>\n<meta property=\"og:title\" content=\"Ciprian Ciucu nu anun\u021b\u0103 \u00eenc\u0103 dac\u0103 va candida. \u201eSondajul pe care l-am f\u0103cut m\u0103 arat\u0103 deta\u0219at ca o op\u021biune pentru Prim\u0103ria Capitalei\u201d\" \/>\n<meta property=\"og:description\" content=\"Primarul Sectorului 6, Ciprian Ciucu, a refuzat s\u0103 spun\u0103 dac\u0103 va candida sau nu pentru Prim\u0103ria Capitalei.\" \/>\n<meta property=\"og:url\" content=\"https:\/\/buletin.de\/bucuresti\/ciprian-ciucu-nu-anunta-inca-daca-va-candida-sondajul-pe-care-l-am-facut-ma-arata-detasat-ca-o-optiune-pentru-primaria-capitalei\/\" \/>\n<meta property=\"og:site_name\" content=\"Buletin de Bucure\u0219ti\" \/>\n<meta property=\"article:publisher\" content=\"https:\/\/www.facebook.com\/buletin.de.buc\" \/>\n<meta property=\"article:published_time\" content=\"2025-10-21T19:21:25+00:00\" \/>\n<meta property=\"article:modified_time\" content=\"2025-10-21T19:25:37+00:00\" \/>\n<meta property=\"og:image\" content=\"https:\/\/buletin.de\/bucuresti\/wp-content\/uploads\/2025\/10\/ciprianciucu.jpg\" \/>\n\t<meta property=\"og:image:width\" content=\"1600\" \/>\n\t<meta property=\"og:image:height\" content=\"1066\" \/>\n\t<meta property=\"og:image:type\" content=\"image\/jpeg\" \/>\n<meta name=\"author\" content=\"Redac\u021bia Buletin de Bucure\u0219ti\" \/>\n<meta name=\"twitter:card\" content=\"summary_large_image\" \/>\n<meta name=\"twitter:label1\" content=\"Written by\" \/>\n\t<meta name=\"twitter:data1\" content=\"Redac\u021bia Buletin de Bucure\u0219ti\" \/>\n\t<meta name=\"twitter:label2\" content=\"Estimated reading time\" \/>\n\t<meta name=\"twitter:data2\" content=\"4 minutes\" \/>\n<script type=\"application\/ld+json\" class=\"yoast-schema-graph\">{\"@context\":\"https:\\\/\\\/schema.org\",\"@graph\":[{\"@type\":\"Article\",\"@id\":\"https:\\\/\\\/buletin.de\\\/bucuresti\\\/ciprian-ciucu-nu-anunta-inca-daca-va-candida-sondajul-pe-care-l-am-facut-ma-arata-detasat-ca-o-optiune-pentru-primaria-capitalei\\\/#article\",\"isPartOf\":{\"@id\":\"https:\\\/\\\/buletin.de\\\/bucuresti\\\/ciprian-ciucu-nu-anunta-inca-daca-va-candida-sondajul-pe-care-l-am-facut-ma-arata-detasat-ca-o-optiune-pentru-primaria-capitalei\\\/\"},\"author\":{\"name\":\"Redac\u021bia Buletin de Bucure\u0219ti\",\"@id\":\"https:\\\/\\\/buletin.de\\\/bucuresti\\\/#\\\/schema\\\/person\\\/2bbcf854e5f2419a13804af574d06ab1\"},\"headline\":\"Ciprian Ciucu nu anun\u021b\u0103 \u00eenc\u0103 dac\u0103 va candida. \u201eSondajul pe care l-am f\u0103cut m\u0103 arat\u0103 deta\u0219at ca o op\u021biune pentru Prim\u0103ria Capitalei\u201d\",\"datePublished\":\"2025-10-21T19:21:25+00:00\",\"dateModified\":\"2025-10-21T19:25:37+00:00\",\"mainEntityOfPage\":{\"@id\":\"https:\\\/\\\/buletin.de\\\/bucuresti\\\/ciprian-ciucu-nu-anunta-inca-daca-va-candida-sondajul-pe-care-l-am-facut-ma-arata-detasat-ca-o-optiune-pentru-primaria-capitalei\\\/\"},\"wordCount\":783,\"publisher\":{\"@id\":\"https:\\\/\\\/buletin.de\\\/bucuresti\\\/#organization\"},\"image\":{\"@id\":\"https:\\\/\\\/buletin.de\\\/bucuresti\\\/ciprian-ciucu-nu-anunta-inca-daca-va-candida-sondajul-pe-care-l-am-facut-ma-arata-detasat-ca-o-optiune-pentru-primaria-capitalei\\\/#primaryimage\"},\"thumbnailUrl\":\"https:\\\/\\\/buletin.de\\\/bucuresti\\\/wp-content\\\/uploads\\\/2025\\\/10\\\/ciprianciucu.jpg\",\"keywords\":[\"alegeri 2025\",\"alegeri bucuresti\",\"alegeri locale\",\"ciprian ciucu\",\"data alegerilor\",\"primar ciprian ciucu\"],\"articleSection\":[\"Articole\",\"Politic\",\"\u0218tiri\"],\"inLanguage\":\"en-GB\",\"copyrightYear\":\"2025\",\"copyrightHolder\":{\"@id\":\"https:\\\/\\\/buletin.de\\\/bucuresti\\\/#organization\"}},{\"@type\":\"WebPage\",\"@id\":\"https:\\\/\\\/buletin.de\\\/bucuresti\\\/ciprian-ciucu-nu-anunta-inca-daca-va-candida-sondajul-pe-care-l-am-facut-ma-arata-detasat-ca-o-optiune-pentru-primaria-capitalei\\\/\",\"url\":\"https:\\\/\\\/buletin.de\\\/bucuresti\\\/ciprian-ciucu-nu-anunta-inca-daca-va-candida-sondajul-pe-care-l-am-facut-ma-arata-detasat-ca-o-optiune-pentru-primaria-capitalei\\\/\",\"name\":\"Ciprian Ciucu nu anun\u021b\u0103 \u00eenc\u0103 dac\u0103 va candida. \u201eSondajul pe care l-am f\u0103cut m\u0103 arat\u0103 deta\u0219at ca o op\u021biune pentru Prim\u0103ria Capitalei\u201d - Buletin de Bucure\u0219ti\",\"isPartOf\":{\"@id\":\"https:\\\/\\\/buletin.de\\\/bucuresti\\\/#website\"},\"primaryImageOfPage\":{\"@id\":\"https:\\\/\\\/buletin.de\\\/bucuresti\\\/ciprian-ciucu-nu-anunta-inca-daca-va-candida-sondajul-pe-care-l-am-facut-ma-arata-detasat-ca-o-optiune-pentru-primaria-capitalei\\\/#primaryimage\"},\"image\":{\"@id\":\"https:\\\/\\\/buletin.de\\\/bucuresti\\\/ciprian-ciucu-nu-anunta-inca-daca-va-candida-sondajul-pe-care-l-am-facut-ma-arata-detasat-ca-o-optiune-pentru-primaria-capitalei\\\/#primaryimage\"},\"thumbnailUrl\":\"https:\\\/\\\/buletin.de\\\/bucuresti\\\/wp-content\\\/uploads\\\/2025\\\/10\\\/ciprianciucu.jpg\",\"datePublished\":\"2025-10-21T19:21:25+00:00\",\"dateModified\":\"2025-10-21T19:25:37+00:00\",\"description\":\"Primarul Sectorului 6, Ciprian Ciucu, a refuzat s\u0103 spun\u0103 dac\u0103 va candida sau nu pentru Prim\u0103ria Capitalei.\",\"breadcrumb\":{\"@id\":\"https:\\\/\\\/buletin.de\\\/bucuresti\\\/ciprian-ciucu-nu-anunta-inca-daca-va-candida-sondajul-pe-care-l-am-facut-ma-arata-detasat-ca-o-optiune-pentru-primaria-capitalei\\\/#breadcrumb\"},\"inLanguage\":\"en-GB\",\"potentialAction\":[{\"@type\":\"ReadAction\",\"target\":[\"https:\\\/\\\/buletin.de\\\/bucuresti\\\/ciprian-ciucu-nu-anunta-inca-daca-va-candida-sondajul-pe-care-l-am-facut-ma-arata-detasat-ca-o-optiune-pentru-primaria-capitalei\\\/\"]}]},{\"@type\":\"ImageObject\",\"inLanguage\":\"en-GB\",\"@id\":\"https:\\\/\\\/buletin.de\\\/bucuresti\\\/ciprian-ciucu-nu-anunta-inca-daca-va-candida-sondajul-pe-care-l-am-facut-ma-arata-detasat-ca-o-optiune-pentru-primaria-capitalei\\\/#primaryimage\",\"url\":\"https:\\\/\\\/buletin.de\\\/bucuresti\\\/wp-content\\\/uploads\\\/2025\\\/10\\\/ciprianciucu.jpg\",\"contentUrl\":\"https:\\\/\\\/buletin.de\\\/bucuresti\\\/wp-content\\\/uploads\\\/2025\\\/10\\\/ciprianciucu.jpg\",\"width\":1600,\"height\":1066,\"caption\":\"Ciprian Ciucu nu spune deocamdat\u0103 dac\u0103 va candida. Foto FB Ciprian Ciucu\"},{\"@type\":\"BreadcrumbList\",\"@id\":\"https:\\\/\\\/buletin.de\\\/bucuresti\\\/ciprian-ciucu-nu-anunta-inca-daca-va-candida-sondajul-pe-care-l-am-facut-ma-arata-detasat-ca-o-optiune-pentru-primaria-capitalei\\\/#breadcrumb\",\"itemListElement\":[{\"@type\":\"ListItem\",\"position\":1,\"name\":\"Acas\u0103\",\"item\":\"https:\\\/\\\/buletin.de\\\/bucuresti\\\/\"},{\"@type\":\"ListItem\",\"position\":2,\"name\":\"Ciprian Ciucu nu anun\u021b\u0103 \u00eenc\u0103 dac\u0103 va candida. \u201eSondajul pe care l-am f\u0103cut m\u0103 arat\u0103 deta\u0219at ca o op\u021biune pentru Prim\u0103ria Capitalei\u201d\"}]},{\"@type\":\"WebSite\",\"@id\":\"https:\\\/\\\/buletin.de\\\/bucuresti\\\/#website\",\"url\":\"https:\\\/\\\/buletin.de\\\/bucuresti\\\/\",\"name\":\"Buletin de Bucure\u0219ti\",\"description\":\"\u0218tiri \u0219i investiga\u021bii esen\u021biale din capital\u0103\",\"publisher\":{\"@id\":\"https:\\\/\\\/buletin.de\\\/bucuresti\\\/#organization\"},\"potentialAction\":[{\"@type\":\"SearchAction\",\"target\":{\"@type\":\"EntryPoint\",\"urlTemplate\":\"https:\\\/\\\/buletin.de\\\/bucuresti\\\/?s={search_term_string}\"},\"query-input\":{\"@type\":\"PropertyValueSpecification\",\"valueRequired\":true,\"valueName\":\"search_term_string\"}}],\"inLanguage\":\"en-GB\"},{\"@type\":\"Organization\",\"@id\":\"https:\\\/\\\/buletin.de\\\/bucuresti\\\/#organization\",\"name\":\"Buletin de Bucure\u0219ti\",\"url\":\"https:\\\/\\\/buletin.de\\\/bucuresti\\\/\",\"logo\":{\"@type\":\"ImageObject\",\"inLanguage\":\"en-GB\",\"@id\":\"https:\\\/\\\/buletin.de\\\/bucuresti\\\/#\\\/schema\\\/logo\\\/image\\\/\",\"url\":\"https:\\\/\\\/buletin.de\\\/bucuresti\\\/wp-content\\\/uploads\\\/logo-bdb-full-wide-vernil-transparent.png\",\"contentUrl\":\"https:\\\/\\\/buletin.de\\\/bucuresti\\\/wp-content\\\/uploads\\\/logo-bdb-full-wide-vernil-transparent.png\",\"width\":1782,\"height\":626,\"caption\":\"Buletin de Bucure\u0219ti\"},\"image\":{\"@id\":\"https:\\\/\\\/buletin.de\\\/bucuresti\\\/#\\\/schema\\\/logo\\\/image\\\/\"},\"sameAs\":[\"https:\\\/\\\/www.facebook.com\\\/buletin.de.buc\",\"https:\\\/\\\/www.instagram.com\\\/buletinde.bucuresti\\\/\"]},{\"@type\":\"Person\",\"@id\":\"https:\\\/\\\/buletin.de\\\/bucuresti\\\/#\\\/schema\\\/person\\\/2bbcf854e5f2419a13804af574d06ab1\",\"name\":\"Redac\u021bia Buletin de Bucure\u0219ti\",\"image\":{\"@type\":\"ImageObject\",\"inLanguage\":\"en-GB\",\"@id\":\"https:\\\/\\\/secure.gravatar.com\\\/avatar\\\/18c5342381ed1a08620e6280424e3e5efc958618f5d67c522c9e44c1bc6f9226?s=96&d=monsterid&r=g60c7cd0ad92c68c049fcd4bb3504d609\",\"url\":\"https:\\\/\\\/secure.gravatar.com\\\/avatar\\\/18c5342381ed1a08620e6280424e3e5efc958618f5d67c522c9e44c1bc6f9226?s=96&d=monsterid&r=g\",\"contentUrl\":\"https:\\\/\\\/secure.gravatar.com\\\/avatar\\\/18c5342381ed1a08620e6280424e3e5efc958618f5d67c522c9e44c1bc6f9226?s=96&d=monsterid&r=g\",\"caption\":\"Redac\u021bia Buletin de Bucure\u0219ti\"},\"description\":\"Buletin de Bucure\u0219ti exist\u0103 din vara anului 2019.\",\"url\":\"https:\\\/\\\/buletin.de\\\/bucuresti\\\/author\\\/adminbuletin\\\/\"}]}<\/script>\n<!-- \/ Yoast SEO Premium plugin. -->","yoast_head_json":{"title":"Ciprian Ciucu nu anun\u021b\u0103 \u00eenc\u0103 dac\u0103 va candida. \u201eSondajul pe care l-am f\u0103cut m\u0103 arat\u0103 deta\u0219at ca o op\u021biune pentru Prim\u0103ria Capitalei\u201d - Buletin de Bucure\u0219ti","description":"Primarul Sectorului 6, Ciprian Ciucu, a refuzat s\u0103 spun\u0103 dac\u0103 va candida sau nu pentru Prim\u0103ria Capitalei.","robots":{"index":"index","follow":"follow","max-snippet":"max-snippet:-1","max-image-preview":"max-image-preview:large","max-video-preview":"max-video-preview:-1"},"canonical":"https:\/\/buletin.de\/bucuresti\/ciprian-ciucu-nu-anunta-inca-daca-va-candida-sondajul-pe-care-l-am-facut-ma-arata-detasat-ca-o-optiune-pentru-primaria-capitalei\/","og_locale":"en_GB","og_type":"article","og_title":"Ciprian Ciucu nu anun\u021b\u0103 \u00eenc\u0103 dac\u0103 va candida. \u201eSondajul pe care l-am f\u0103cut m\u0103 arat\u0103 deta\u0219at ca o op\u021biune pentru Prim\u0103ria Capitalei\u201d","og_description":"Primarul Sectorului 6, Ciprian Ciucu, a refuzat s\u0103 spun\u0103 dac\u0103 va candida sau nu pentru Prim\u0103ria Capitalei.","og_url":"https:\/\/buletin.de\/bucuresti\/ciprian-ciucu-nu-anunta-inca-daca-va-candida-sondajul-pe-care-l-am-facut-ma-arata-detasat-ca-o-optiune-pentru-primaria-capitalei\/","og_site_name":"Buletin de Bucure\u0219ti","article_publisher":"https:\/\/www.facebook.com\/buletin.de.buc","article_published_time":"2025-10-21T19:21:25+00:00","article_modified_time":"2025-10-21T19:25:37+00:00","og_image":[{"width":1600,"height":1066,"url":"https:\/\/buletin.de\/bucuresti\/wp-content\/uploads\/2025\/10\/ciprianciucu.jpg","type":"image\/jpeg"}],"author":"Redac\u021bia Buletin de Bucure\u0219ti","twitter_card":"summary_large_image","twitter_misc":{"Written by":"Redac\u021bia Buletin de Bucure\u0219ti","Estimated reading time":"4 minutes"},"schema":{"@context":"https:\/\/schema.org","@graph":[{"@type":"Article","@id":"https:\/\/buletin.de\/bucuresti\/ciprian-ciucu-nu-anunta-inca-daca-va-candida-sondajul-pe-care-l-am-facut-ma-arata-detasat-ca-o-optiune-pentru-primaria-capitalei\/#article","isPartOf":{"@id":"https:\/\/buletin.de\/bucuresti\/ciprian-ciucu-nu-anunta-inca-daca-va-candida-sondajul-pe-care-l-am-facut-ma-arata-detasat-ca-o-optiune-pentru-primaria-capitalei\/"},"author":{"name":"Redac\u021bia Buletin de Bucure\u0219ti","@id":"https:\/\/buletin.de\/bucuresti\/#\/schema\/person\/2bbcf854e5f2419a13804af574d06ab1"},"headline":"Ciprian Ciucu nu anun\u021b\u0103 \u00eenc\u0103 dac\u0103 va candida. \u201eSondajul pe care l-am f\u0103cut m\u0103 arat\u0103 deta\u0219at ca o op\u021biune pentru Prim\u0103ria Capitalei\u201d","datePublished":"2025-10-21T19:21:25+00:00","dateModified":"2025-10-21T19:25:37+00:00","mainEntityOfPage":{"@id":"https:\/\/buletin.de\/bucuresti\/ciprian-ciucu-nu-anunta-inca-daca-va-candida-sondajul-pe-care-l-am-facut-ma-arata-detasat-ca-o-optiune-pentru-primaria-capitalei\/"},"wordCount":783,"publisher":{"@id":"https:\/\/buletin.de\/bucuresti\/#organization"},"image":{"@id":"https:\/\/buletin.de\/bucuresti\/ciprian-ciucu-nu-anunta-inca-daca-va-candida-sondajul-pe-care-l-am-facut-ma-arata-detasat-ca-o-optiune-pentru-primaria-capitalei\/#primaryimage"},"thumbnailUrl":"https:\/\/buletin.de\/bucuresti\/wp-content\/uploads\/2025\/10\/ciprianciucu.jpg","keywords":["alegeri 2025","alegeri bucuresti","alegeri locale","ciprian ciucu","data alegerilor","primar ciprian ciucu"],"articleSection":["Articole","Politic","\u0218tiri"],"inLanguage":"en-GB","copyrightYear":"2025","copyrightHolder":{"@id":"https:\/\/buletin.de\/bucuresti\/#organization"}},{"@type":"WebPage","@id":"https:\/\/buletin.de\/bucuresti\/ciprian-ciucu-nu-anunta-inca-daca-va-candida-sondajul-pe-care-l-am-facut-ma-arata-detasat-ca-o-optiune-pentru-primaria-capitalei\/","url":"https:\/\/buletin.de\/bucuresti\/ciprian-ciucu-nu-anunta-inca-daca-va-candida-sondajul-pe-care-l-am-facut-ma-arata-detasat-ca-o-optiune-pentru-primaria-capitalei\/","name":"Ciprian Ciucu nu anun\u021b\u0103 \u00eenc\u0103 dac\u0103 va candida. \u201eSondajul pe care l-am f\u0103cut m\u0103 arat\u0103 deta\u0219at ca o op\u021biune pentru Prim\u0103ria Capitalei\u201d - Buletin de Bucure\u0219ti","isPartOf":{"@id":"https:\/\/buletin.de\/bucuresti\/#website"},"primaryImageOfPage":{"@id":"https:\/\/buletin.de\/bucuresti\/ciprian-ciucu-nu-anunta-inca-daca-va-candida-sondajul-pe-care-l-am-facut-ma-arata-detasat-ca-o-optiune-pentru-primaria-capitalei\/#primaryimage"},"image":{"@id":"https:\/\/buletin.de\/bucuresti\/ciprian-ciucu-nu-anunta-inca-daca-va-candida-sondajul-pe-care-l-am-facut-ma-arata-detasat-ca-o-optiune-pentru-primaria-capitalei\/#primaryimage"},"thumbnailUrl":"https:\/\/buletin.de\/bucuresti\/wp-content\/uploads\/2025\/10\/ciprianciucu.jpg","datePublished":"2025-10-21T19:21:25+00:00","dateModified":"2025-10-21T19:25:37+00:00","description":"Primarul Sectorului 6, Ciprian Ciucu, a refuzat s\u0103 spun\u0103 dac\u0103 va candida sau nu pentru Prim\u0103ria Capitalei.","breadcrumb":{"@id":"https:\/\/buletin.de\/bucuresti\/ciprian-ciucu-nu-anunta-inca-daca-va-candida-sondajul-pe-care-l-am-facut-ma-arata-detasat-ca-o-optiune-pentru-primaria-capitalei\/#breadcrumb"},"inLanguage":"en-GB","potentialAction":[{"@type":"ReadAction","target":["https:\/\/buletin.de\/bucuresti\/ciprian-ciucu-nu-anunta-inca-daca-va-candida-sondajul-pe-care-l-am-facut-ma-arata-detasat-ca-o-optiune-pentru-primaria-capitalei\/"]}]},{"@type":"ImageObject","inLanguage":"en-GB","@id":"https:\/\/buletin.de\/bucuresti\/ciprian-ciucu-nu-anunta-inca-daca-va-candida-sondajul-pe-care-l-am-facut-ma-arata-detasat-ca-o-optiune-pentru-primaria-capitalei\/#primaryimage","url":"https:\/\/buletin.de\/bucuresti\/wp-content\/uploads\/2025\/10\/ciprianciucu.jpg","contentUrl":"https:\/\/buletin.de\/bucuresti\/wp-content\/uploads\/2025\/10\/ciprianciucu.jpg","width":1600,"height":1066,"caption":"Ciprian Ciucu nu spune deocamdat\u0103 dac\u0103 va candida. Foto FB Ciprian Ciucu"},{"@type":"BreadcrumbList","@id":"https:\/\/buletin.de\/bucuresti\/ciprian-ciucu-nu-anunta-inca-daca-va-candida-sondajul-pe-care-l-am-facut-ma-arata-detasat-ca-o-optiune-pentru-primaria-capitalei\/#breadcrumb","itemListElement":[{"@type":"ListItem","position":1,"name":"Acas\u0103","item":"https:\/\/buletin.de\/bucuresti\/"},{"@type":"ListItem","position":2,"name":"Ciprian Ciucu nu anun\u021b\u0103 \u00eenc\u0103 dac\u0103 va candida. \u201eSondajul pe care l-am f\u0103cut m\u0103 arat\u0103 deta\u0219at ca o op\u021biune pentru Prim\u0103ria Capitalei\u201d"}]},{"@type":"WebSite","@id":"https:\/\/buletin.de\/bucuresti\/#website","url":"https:\/\/buletin.de\/bucuresti\/","name":"Buletin de Bucure\u0219ti","description":"\u0218tiri \u0219i investiga\u021bii esen\u021biale din capital\u0103","publisher":{"@id":"https:\/\/buletin.de\/bucuresti\/#organization"},"potentialAction":[{"@type":"SearchAction","target":{"@type":"EntryPoint","urlTemplate":"https:\/\/buletin.de\/bucuresti\/?s={search_term_string}"},"query-input":{"@type":"PropertyValueSpecification","valueRequired":true,"valueName":"search_term_string"}}],"inLanguage":"en-GB"},{"@type":"Organization","@id":"https:\/\/buletin.de\/bucuresti\/#organization","name":"Buletin de Bucure\u0219ti","url":"https:\/\/buletin.de\/bucuresti\/","logo":{"@type":"ImageObject","inLanguage":"en-GB","@id":"https:\/\/buletin.de\/bucuresti\/#\/schema\/logo\/image\/","url":"https:\/\/buletin.de\/bucuresti\/wp-content\/uploads\/logo-bdb-full-wide-vernil-transparent.png","contentUrl":"https:\/\/buletin.de\/bucuresti\/wp-content\/uploads\/logo-bdb-full-wide-vernil-transparent.png","width":1782,"height":626,"caption":"Buletin de Bucure\u0219ti"},"image":{"@id":"https:\/\/buletin.de\/bucuresti\/#\/schema\/logo\/image\/"},"sameAs":["https:\/\/www.facebook.com\/buletin.de.buc","https:\/\/www.instagram.com\/buletinde.bucuresti\/"]},{"@type":"Person","@id":"https:\/\/buletin.de\/bucuresti\/#\/schema\/person\/2bbcf854e5f2419a13804af574d06ab1","name":"Redac\u021bia Buletin de Bucure\u0219ti","image":{"@type":"ImageObject","inLanguage":"en-GB","@id":"https:\/\/secure.gravatar.com\/avatar\/18c5342381ed1a08620e6280424e3e5efc958618f5d67c522c9e44c1bc6f9226?s=96&d=monsterid&r=g60c7cd0ad92c68c049fcd4bb3504d609","url":"https:\/\/secure.gravatar.com\/avatar\/18c5342381ed1a08620e6280424e3e5efc958618f5d67c522c9e44c1bc6f9226?s=96&d=monsterid&r=g","contentUrl":"https:\/\/secure.gravatar.com\/avatar\/18c5342381ed1a08620e6280424e3e5efc958618f5d67c522c9e44c1bc6f9226?s=96&d=monsterid&r=g","caption":"Redac\u021bia Buletin de Bucure\u0219ti"},"description":"Buletin de Bucure\u0219ti exist\u0103 din vara anului 2019.","url":"https:\/\/buletin.de\/bucuresti\/author\/adminbuletin\/"}]}},"authors":[{"term_id":22583,"user_id":1,"is_guest":0,"slug":"adminbuletin","display_name":"Redac\u021bia Buletin de Bucure\u0219ti","avatar_url":"https:\/\/secure.gravatar.com\/avatar\/18c5342381ed1a08620e6280424e3e5efc958618f5d67c522c9e44c1bc6f9226?s=96&d=monsterid&r=g","0":null,"1":"","2":"","3":"","4":"","5":"","6":"","7":"","8":""}],"_links":{"self":[{"href":"https:\/\/buletin.de\/bucuresti\/wp-json\/wp\/v2\/posts\/153845","targetHints":{"allow":["GET"]}}],"collection":[{"href":"https:\/\/buletin.de\/bucuresti\/wp-json\/wp\/v2\/posts"}],"about":[{"href":"https:\/\/buletin.de\/bucuresti\/wp-json\/wp\/v2\/types\/post"}],"author":[{"embeddable":true,"href":"https:\/\/buletin.de\/bucuresti\/wp-json\/wp\/v2\/users\/1"}],"replies":[{"embeddable":true,"href":"https:\/\/buletin.de\/bucuresti\/wp-json\/wp\/v2\/comments?post=153845"}],"version-history":[{"count":2,"href":"https:\/\/buletin.de\/bucuresti\/wp-json\/wp\/v2\/posts\/153845\/revisions"}],"predecessor-version":[{"id":153850,"href":"https:\/\/buletin.de\/bucuresti\/wp-json\/wp\/v2\/posts\/153845\/revisions\/153850"}],"wp:featuredmedia":[{"embeddable":true,"href":"https:\/\/buletin.de\/bucuresti\/wp-json\/wp\/v2\/media\/153847"}],"wp:attachment":[{"href":"https:\/\/buletin.de\/bucuresti\/wp-json\/wp\/v2\/media?parent=153845"}],"wp:term":[{"taxonomy":"category","embeddable":true,"href":"https:\/\/buletin.de\/bucuresti\/wp-json\/wp\/v2\/categories?post=153845"},{"taxonomy":"post_tag","embeddable":true,"href":"https:\/\/buletin.de\/bucuresti\/wp-json\/wp\/v2\/tags?post=153845"},{"taxonomy":"author","embeddable":true,"href":"https:\/\/buletin.de\/bucuresti\/wp-json\/wp\/v2\/ppma_author?post=153845"}],"curies":[{"name":"wp","href":"https:\/\/api.w.org\/{rel}","templated":true}]}}