{"id":153812,"date":"2025-10-22T06:22:00","date_gmt":"2025-10-22T03:22:00","guid":{"rendered":"https:\/\/buletin.de\/bucuresti\/?p=153812"},"modified":"2025-10-22T18:11:54","modified_gmt":"2025-10-22T15:11:54","slug":"noul-aparat-rmn-de-la-spitalul-judetean-ilfov-a-devenit-functional-cine-poate-folosi-echipamentul-de-de-ultima-generatie","status":"publish","type":"post","link":"https:\/\/buletin.de\/bucuresti\/noul-aparat-rmn-de-la-spitalul-judetean-ilfov-a-devenit-functional-cine-poate-folosi-echipamentul-de-de-ultima-generatie\/","title":{"rendered":"Noul aparat RMN de la Spitalul Jude\u021bean Ilfov a devenit func\u021bional. Cine poate folosi echipamentul de ultim\u0103 genera\u021bie"},"content":{"rendered":"\n<p><strong>Noul aparat RMN de la Spitalul Jude\u021bean Ilfov a devenit func\u021bional, a anun\u021bat Consiliul Jude\u021bean Ilfov. \u00cen paralel, continu\u0103 construc\u021bia noului ambulatoriu, care va costa aproape 4 milioane de euro<\/strong>.<\/p>\n\n\n\n<p>N<strong>oul echipament de rezonan\u021b\u0103 magnetic\u0103 va permite ob\u021binerea unor imagini de \u00eenalt\u0103 rezolu\u021bie, mai precise, necesare pentru depistarea precoce a afec\u021biunilor pacien\u021bilor, <a href=\"https:\/\/www.facebook.com\/share\/v\/1EwA1ezVCu\/\" target=\"_blank\" rel=\"noreferrer noopener\">a precizat instititu\u021boa<\/a>.<\/strong><\/p>\n\n\n\n<p>\u201eAcest RMN modern va \u00eembun\u0103t\u0103\u021bi calitatea diagnosticului prin imagini de \u00eenalt\u0103 rezolu\u021bie, mai precise, esen\u021biale pentru depistarea precoce a afec\u021biunilor; reducerea timpului de a\u0219teptare \u2013 diagnostic mai rapid, tratament mai eficient; eficientizarea fluxului medical \u2013 cre\u0219terea capacit\u0103\u021bii de preluare a cazurilor complexe; reducerea riscurilor medicale \u2013 interven\u021bii mai sigure, mai bine orientate; adaptare la standardele europene \u2013 transparen\u021b\u0103, trasabilitate, calitate crescut\u0103 \u00een \u00eengrijirea medical\u0103; cre\u0219terea confortului \u0219i satisfac\u021biei pacientului \u2013 perioade mai scurte de spitalizare, experien\u021b\u0103 medical\u0103 \u00eembun\u0103t\u0103\u021bit\u0103.uran\u021ba interven\u021biilor\u201d, potrivit CJ Ilfov.<\/p>\n\n\n\n<h2 class=\"wp-block-heading\" id=\"h-cine-va-beneficia-de-noul-aparat-rmn-de-la-spitalul-jude\u021bean-ilfov\">Cine va beneficia de Noul aparat RMN de la Spitalul Jude\u021bean Ilfov<\/h2>\n\n\n\n<p>Noul aparat RMN de la Spitalul Jude\u021bean Ilfov va putea fi folosit de pacien\u021bii interna\u021bi sau trata\u021bi \u00een ambulatoriu, popula\u021bia din jude\u021bul Ilfov \u0219i localit\u0103\u021bile limitrofe, \u201edar \u0219i cet\u0103\u021benii din toat\u0103 \u021bar\u0103 care acceseaz\u0103 serviciile Spitalului Clinic Jude\u021bean de Urgen\u021b\u0103 Ilfov \u00een regim de urgen\u021b\u0103 sau prin programe na\u021bionale de s\u0103n\u0103tate\u201d, potrivit Consiliului Jude\u021bean Ilfov.<\/p>\n\n\n\n<p>\u00cen paralel, continu\u0103 construc\u021bia noului ambulatoriu de la acela\u0219i spital. <strong>Valoarea proiectului este de aproximativ 20 de milioane de lei, peste 3,9 milioane de euro. Banii sunt ob\u021binu\u021bi din fonduri europene nerambursabile \u0219i cofinan\u021bare na\u021bional\u0103. <\/strong><\/p>\n\n\n\n<p>Noul ambulatoriu va avea cabinete pentru ortopedie, dermatologie, oncologie, chirurgie, ORL, cardiologie, ginecologie \u0219i alte specializ\u0103ri, dotate la standarde europene. Vor fi implementate \u0219i alte specialit\u0103\u021bi medicale, printre care se num\u0103r\u0103 \u0219i un laborator de genetic\u0103 materno-fetal\u0103, destinat test\u0103rii \u0219i diagnostic\u0103rii precoce \u00een sarcin\u0103. <\/p>\n\n\n\n<p>Cl\u0103direa va avea o suprafa\u021b\u0103 de peste 1.100 de metri p\u0103tra\u021bi \u0219i va fi complet accesibil\u0103 pentru persoanele cu dizabilit\u0103\u021bi. Aceasta va dispune de facilit\u0103\u021bi moderne pentru pacien\u021bi \u0219i pentru personal. <\/p>\n\n\n\n<p><strong>CITE\u0218TE \u0218I: <a href=\"https:\/\/buletin.de\/bucuresti\/ilfov-aprope-4-milioane-de-euro-pentru-un-ambulatoriu-nou-la-spitalul-clinic-judetean-de-urgenta\/\" target=\"_blank\" rel=\"noreferrer noopener\">Ilfov | Aprope 4 milioane de euro pentru un ambulatoriu nou la Spitalul Clinic Judetean de Urgen\u021b\u0103<\/a><\/strong><\/p>\n\n\n\n<p><\/p>\n\n\n\n<p><\/p>\n","protected":false},"excerpt":{"rendered":"<p>Noul aparat RMN de la Spitalul Jude\u021bean Ilfov a devenit func\u021bional, a anun\u021bat Consiliul Jude\u021bean Ilfov. \u00cen paralel, continu\u0103 construc\u021bia noului ambulatoriu, care va costa aproape 4 milioane de euro. Noul echipament de rezonan\u021b\u0103 magnetic\u0103 va permite ob\u021binerea unor imagini de \u00eenalt\u0103 rezolu\u021bie, mai precise, necesare pentru depistarea precoce a afec\u021biunilor pacien\u021bilor, a precizat instititu\u021boa. [&hellip;]<\/p>\n","protected":false},"author":65,"featured_media":153828,"comment_status":"closed","ping_status":"open","sticky":false,"template":"","format":"standard","meta":{"_acf_changed":false,"inline_featured_image":false,"ngg_post_thumbnail":0,"footnotes":""},"categories":[6994,1432,62],"tags":[11134,820,20313],"ppma_author":[23912],"class_list":["post-153812","post","type-post","status-publish","format-standard","has-post-thumbnail","hentry","category-stiri-2","category-buletin-de-ilfov","category-stiri","tag-ambulatoriu","tag-ilfov","tag-spitalul-judetean-ilfov"],"acf":[],"yoast_head":"<!-- This site is optimized with the Yoast SEO Premium plugin v25.3 (Yoast SEO v27.4) - https:\/\/yoast.com\/product\/yoast-seo-premium-wordpress\/ -->\n<title>Noul aparat RMN de la Spitalul Jude\u021bean Ilfov a devenit func\u021bional. Cine poate folosi echipamentul de ultim\u0103 genera\u021bie - Buletin de Bucure\u0219ti<\/title>\n<meta name=\"description\" content=\"Noul aparat RMN de la Spitalul Jude\u021bean Ilfov a devenit func\u021bional, a anun\u021bat CJ Ilfov. \u00cen paralel, continu\u0103 construc\u021bia noului ambulatoriu.\" \/>\n<meta name=\"robots\" content=\"index, follow, max-snippet:-1, max-image-preview:large, max-video-preview:-1\" \/>\n<link rel=\"canonical\" href=\"https:\/\/buletin.de\/bucuresti\/noul-aparat-rmn-de-la-spitalul-judetean-ilfov-a-devenit-functional-cine-poate-folosi-echipamentul-de-de-ultima-generatie\/\" \/>\n<meta property=\"og:locale\" content=\"en_GB\" \/>\n<meta property=\"og:type\" content=\"article\" \/>\n<meta property=\"og:title\" content=\"Noul aparat RMN de la Spitalul Jude\u021bean Ilfov a devenit func\u021bional. Cine poate folosi echipamentul de ultim\u0103 genera\u021bie\" \/>\n<meta property=\"og:description\" content=\"Noul aparat RMN de la Spitalul Jude\u021bean Ilfov a devenit func\u021bional, a anun\u021bat CJ Ilfov. \u00cen paralel, continu\u0103 construc\u021bia noului ambulatoriu.\" \/>\n<meta property=\"og:url\" content=\"https:\/\/buletin.de\/bucuresti\/noul-aparat-rmn-de-la-spitalul-judetean-ilfov-a-devenit-functional-cine-poate-folosi-echipamentul-de-de-ultima-generatie\/\" \/>\n<meta property=\"og:site_name\" content=\"Buletin de Bucure\u0219ti\" \/>\n<meta property=\"article:publisher\" content=\"https:\/\/www.facebook.com\/buletin.de.buc\" \/>\n<meta property=\"article:published_time\" content=\"2025-10-22T03:22:00+00:00\" \/>\n<meta property=\"article:modified_time\" content=\"2025-10-22T15:11:54+00:00\" \/>\n<meta property=\"og:image\" content=\"https:\/\/buletin.de\/bucuresti\/wp-content\/uploads\/2025\/10\/Spitalul-Judetean-Ilfov-aparat-RMN-de-ultima-generatie.jpg\" \/>\n\t<meta property=\"og:image:width\" content=\"1200\" \/>\n\t<meta property=\"og:image:height\" content=\"717\" \/>\n\t<meta property=\"og:image:type\" content=\"image\/jpeg\" \/>\n<meta name=\"author\" content=\"Andreea St\u0103n\u0103r\u00eeng\u0103\" \/>\n<meta name=\"twitter:card\" content=\"summary_large_image\" \/>\n<meta name=\"twitter:label1\" content=\"Written by\" \/>\n\t<meta name=\"twitter:data1\" content=\"Andreea St\u0103n\u0103r\u00eeng\u0103\" \/>\n\t<meta name=\"twitter:label2\" content=\"Estimated reading time\" \/>\n\t<meta name=\"twitter:data2\" content=\"1 minute\" \/>\n<script type=\"application\/ld+json\" class=\"yoast-schema-graph\">{\"@context\":\"https:\\\/\\\/schema.org\",\"@graph\":[{\"@type\":\"Article\",\"@id\":\"https:\\\/\\\/buletin.de\\\/bucuresti\\\/noul-aparat-rmn-de-la-spitalul-judetean-ilfov-a-devenit-functional-cine-poate-folosi-echipamentul-de-de-ultima-generatie\\\/#article\",\"isPartOf\":{\"@id\":\"https:\\\/\\\/buletin.de\\\/bucuresti\\\/noul-aparat-rmn-de-la-spitalul-judetean-ilfov-a-devenit-functional-cine-poate-folosi-echipamentul-de-de-ultima-generatie\\\/\"},\"author\":{\"name\":\"Andreea St\u0103n\u0103r\u00eeng\u0103\",\"@id\":\"https:\\\/\\\/buletin.de\\\/bucuresti\\\/#\\\/schema\\\/person\\\/81421a46fb84a0887cfd2238f5202586\"},\"headline\":\"Noul aparat RMN de la Spitalul Jude\u021bean Ilfov a devenit func\u021bional. Cine poate folosi echipamentul de ultim\u0103 genera\u021bie\",\"datePublished\":\"2025-10-22T03:22:00+00:00\",\"dateModified\":\"2025-10-22T15:11:54+00:00\",\"mainEntityOfPage\":{\"@id\":\"https:\\\/\\\/buletin.de\\\/bucuresti\\\/noul-aparat-rmn-de-la-spitalul-judetean-ilfov-a-devenit-functional-cine-poate-folosi-echipamentul-de-de-ultima-generatie\\\/\"},\"wordCount\":401,\"publisher\":{\"@id\":\"https:\\\/\\\/buletin.de\\\/bucuresti\\\/#organization\"},\"image\":{\"@id\":\"https:\\\/\\\/buletin.de\\\/bucuresti\\\/noul-aparat-rmn-de-la-spitalul-judetean-ilfov-a-devenit-functional-cine-poate-folosi-echipamentul-de-de-ultima-generatie\\\/#primaryimage\"},\"thumbnailUrl\":\"https:\\\/\\\/buletin.de\\\/bucuresti\\\/wp-content\\\/uploads\\\/2025\\\/10\\\/Spitalul-Judetean-Ilfov-aparat-RMN-de-ultima-generatie.jpg\",\"keywords\":[\"ambulatoriu\",\"Ilfov\",\"spitalul judetean ilfov\"],\"articleSection\":[\"Articole\",\"Buletin de Ilfov\",\"\u0218tiri\"],\"inLanguage\":\"en-GB\",\"copyrightYear\":\"2025\",\"copyrightHolder\":{\"@id\":\"https:\\\/\\\/buletin.de\\\/bucuresti\\\/#organization\"}},{\"@type\":\"WebPage\",\"@id\":\"https:\\\/\\\/buletin.de\\\/bucuresti\\\/noul-aparat-rmn-de-la-spitalul-judetean-ilfov-a-devenit-functional-cine-poate-folosi-echipamentul-de-de-ultima-generatie\\\/\",\"url\":\"https:\\\/\\\/buletin.de\\\/bucuresti\\\/noul-aparat-rmn-de-la-spitalul-judetean-ilfov-a-devenit-functional-cine-poate-folosi-echipamentul-de-de-ultima-generatie\\\/\",\"name\":\"Noul aparat RMN de la Spitalul Jude\u021bean Ilfov a devenit func\u021bional. Cine poate folosi echipamentul de ultim\u0103 genera\u021bie - Buletin de Bucure\u0219ti\",\"isPartOf\":{\"@id\":\"https:\\\/\\\/buletin.de\\\/bucuresti\\\/#website\"},\"primaryImageOfPage\":{\"@id\":\"https:\\\/\\\/buletin.de\\\/bucuresti\\\/noul-aparat-rmn-de-la-spitalul-judetean-ilfov-a-devenit-functional-cine-poate-folosi-echipamentul-de-de-ultima-generatie\\\/#primaryimage\"},\"image\":{\"@id\":\"https:\\\/\\\/buletin.de\\\/bucuresti\\\/noul-aparat-rmn-de-la-spitalul-judetean-ilfov-a-devenit-functional-cine-poate-folosi-echipamentul-de-de-ultima-generatie\\\/#primaryimage\"},\"thumbnailUrl\":\"https:\\\/\\\/buletin.de\\\/bucuresti\\\/wp-content\\\/uploads\\\/2025\\\/10\\\/Spitalul-Judetean-Ilfov-aparat-RMN-de-ultima-generatie.jpg\",\"datePublished\":\"2025-10-22T03:22:00+00:00\",\"dateModified\":\"2025-10-22T15:11:54+00:00\",\"description\":\"Noul aparat RMN de la Spitalul Jude\u021bean Ilfov a devenit func\u021bional, a anun\u021bat CJ Ilfov. \u00cen paralel, continu\u0103 construc\u021bia noului ambulatoriu.\",\"breadcrumb\":{\"@id\":\"https:\\\/\\\/buletin.de\\\/bucuresti\\\/noul-aparat-rmn-de-la-spitalul-judetean-ilfov-a-devenit-functional-cine-poate-folosi-echipamentul-de-de-ultima-generatie\\\/#breadcrumb\"},\"inLanguage\":\"en-GB\",\"potentialAction\":[{\"@type\":\"ReadAction\",\"target\":[\"https:\\\/\\\/buletin.de\\\/bucuresti\\\/noul-aparat-rmn-de-la-spitalul-judetean-ilfov-a-devenit-functional-cine-poate-folosi-echipamentul-de-de-ultima-generatie\\\/\"]}]},{\"@type\":\"ImageObject\",\"inLanguage\":\"en-GB\",\"@id\":\"https:\\\/\\\/buletin.de\\\/bucuresti\\\/noul-aparat-rmn-de-la-spitalul-judetean-ilfov-a-devenit-functional-cine-poate-folosi-echipamentul-de-de-ultima-generatie\\\/#primaryimage\",\"url\":\"https:\\\/\\\/buletin.de\\\/bucuresti\\\/wp-content\\\/uploads\\\/2025\\\/10\\\/Spitalul-Judetean-Ilfov-aparat-RMN-de-ultima-generatie.jpg\",\"contentUrl\":\"https:\\\/\\\/buletin.de\\\/bucuresti\\\/wp-content\\\/uploads\\\/2025\\\/10\\\/Spitalul-Judetean-Ilfov-aparat-RMN-de-ultima-generatie.jpg\",\"width\":1200,\"height\":717,\"caption\":\"Aparat RMN de ultim\u0103 genera\u021bie la Spitalul Jude\u021bean de Urgen\u021b\u0103 Ilfov. Foto: Facebook - CJ Ilfov\"},{\"@type\":\"BreadcrumbList\",\"@id\":\"https:\\\/\\\/buletin.de\\\/bucuresti\\\/noul-aparat-rmn-de-la-spitalul-judetean-ilfov-a-devenit-functional-cine-poate-folosi-echipamentul-de-de-ultima-generatie\\\/#breadcrumb\",\"itemListElement\":[{\"@type\":\"ListItem\",\"position\":1,\"name\":\"Acas\u0103\",\"item\":\"https:\\\/\\\/buletin.de\\\/bucuresti\\\/\"},{\"@type\":\"ListItem\",\"position\":2,\"name\":\"Noul aparat RMN de la Spitalul Jude\u021bean Ilfov a devenit func\u021bional. Cine poate folosi echipamentul de ultim\u0103 genera\u021bie\"}]},{\"@type\":\"WebSite\",\"@id\":\"https:\\\/\\\/buletin.de\\\/bucuresti\\\/#website\",\"url\":\"https:\\\/\\\/buletin.de\\\/bucuresti\\\/\",\"name\":\"Buletin de Bucure\u0219ti\",\"description\":\"\u0218tiri \u0219i investiga\u021bii esen\u021biale din capital\u0103\",\"publisher\":{\"@id\":\"https:\\\/\\\/buletin.de\\\/bucuresti\\\/#organization\"},\"potentialAction\":[{\"@type\":\"SearchAction\",\"target\":{\"@type\":\"EntryPoint\",\"urlTemplate\":\"https:\\\/\\\/buletin.de\\\/bucuresti\\\/?s={search_term_string}\"},\"query-input\":{\"@type\":\"PropertyValueSpecification\",\"valueRequired\":true,\"valueName\":\"search_term_string\"}}],\"inLanguage\":\"en-GB\"},{\"@type\":\"Organization\",\"@id\":\"https:\\\/\\\/buletin.de\\\/bucuresti\\\/#organization\",\"name\":\"Buletin de Bucure\u0219ti\",\"url\":\"https:\\\/\\\/buletin.de\\\/bucuresti\\\/\",\"logo\":{\"@type\":\"ImageObject\",\"inLanguage\":\"en-GB\",\"@id\":\"https:\\\/\\\/buletin.de\\\/bucuresti\\\/#\\\/schema\\\/logo\\\/image\\\/\",\"url\":\"https:\\\/\\\/buletin.de\\\/bucuresti\\\/wp-content\\\/uploads\\\/logo-bdb-full-wide-vernil-transparent.png\",\"contentUrl\":\"https:\\\/\\\/buletin.de\\\/bucuresti\\\/wp-content\\\/uploads\\\/logo-bdb-full-wide-vernil-transparent.png\",\"width\":1782,\"height\":626,\"caption\":\"Buletin de Bucure\u0219ti\"},\"image\":{\"@id\":\"https:\\\/\\\/buletin.de\\\/bucuresti\\\/#\\\/schema\\\/logo\\\/image\\\/\"},\"sameAs\":[\"https:\\\/\\\/www.facebook.com\\\/buletin.de.buc\",\"https:\\\/\\\/www.instagram.com\\\/buletinde.bucuresti\\\/\"]},{\"@type\":\"Person\",\"@id\":\"https:\\\/\\\/buletin.de\\\/bucuresti\\\/#\\\/schema\\\/person\\\/81421a46fb84a0887cfd2238f5202586\",\"name\":\"Andreea St\u0103n\u0103r\u00eeng\u0103\",\"image\":{\"@type\":\"ImageObject\",\"inLanguage\":\"en-GB\",\"@id\":\"https:\\\/\\\/secure.gravatar.com\\\/avatar\\\/dfa8d227a4388fad0f0bb03add04b5b176f4da34397dbb2eadc563b3d7162ce0?s=96&d=monsterid&r=g72784372b39ffe5a98a45288fe0d0e8a\",\"url\":\"https:\\\/\\\/secure.gravatar.com\\\/avatar\\\/dfa8d227a4388fad0f0bb03add04b5b176f4da34397dbb2eadc563b3d7162ce0?s=96&d=monsterid&r=g\",\"contentUrl\":\"https:\\\/\\\/secure.gravatar.com\\\/avatar\\\/dfa8d227a4388fad0f0bb03add04b5b176f4da34397dbb2eadc563b3d7162ce0?s=96&d=monsterid&r=g\",\"caption\":\"Andreea St\u0103n\u0103r\u00eeng\u0103\"},\"description\":\"Cu o experien\u021b\u0103 de peste 5 ani \u00een pres\u0103, face parte din echipa Buletin de Bucure\u0219ti din septembrie 2025. A colaborat cu c\u00e2teva publica\u021bii, printre care \u0219i Fanatik.ro, unde s-a ocupat de \u0219tiri de lifestyle \u0219i de actualitate. A f\u0103cut un pas c\u0103tre presa local\u0103 pentru a explora Bucure\u0219tiul \u0219i pove\u0219tile care merit\u0103 spuse.\",\"url\":\"https:\\\/\\\/buletin.de\\\/bucuresti\\\/author\\\/andreea-stanaranga\\\/\"}]}<\/script>\n<!-- \/ Yoast SEO Premium plugin. -->","yoast_head_json":{"title":"Noul aparat RMN de la Spitalul Jude\u021bean Ilfov a devenit func\u021bional. Cine poate folosi echipamentul de ultim\u0103 genera\u021bie - Buletin de Bucure\u0219ti","description":"Noul aparat RMN de la Spitalul Jude\u021bean Ilfov a devenit func\u021bional, a anun\u021bat CJ Ilfov. \u00cen paralel, continu\u0103 construc\u021bia noului ambulatoriu.","robots":{"index":"index","follow":"follow","max-snippet":"max-snippet:-1","max-image-preview":"max-image-preview:large","max-video-preview":"max-video-preview:-1"},"canonical":"https:\/\/buletin.de\/bucuresti\/noul-aparat-rmn-de-la-spitalul-judetean-ilfov-a-devenit-functional-cine-poate-folosi-echipamentul-de-de-ultima-generatie\/","og_locale":"en_GB","og_type":"article","og_title":"Noul aparat RMN de la Spitalul Jude\u021bean Ilfov a devenit func\u021bional. Cine poate folosi echipamentul de ultim\u0103 genera\u021bie","og_description":"Noul aparat RMN de la Spitalul Jude\u021bean Ilfov a devenit func\u021bional, a anun\u021bat CJ Ilfov. \u00cen paralel, continu\u0103 construc\u021bia noului ambulatoriu.","og_url":"https:\/\/buletin.de\/bucuresti\/noul-aparat-rmn-de-la-spitalul-judetean-ilfov-a-devenit-functional-cine-poate-folosi-echipamentul-de-de-ultima-generatie\/","og_site_name":"Buletin de Bucure\u0219ti","article_publisher":"https:\/\/www.facebook.com\/buletin.de.buc","article_published_time":"2025-10-22T03:22:00+00:00","article_modified_time":"2025-10-22T15:11:54+00:00","og_image":[{"width":1200,"height":717,"url":"https:\/\/buletin.de\/bucuresti\/wp-content\/uploads\/2025\/10\/Spitalul-Judetean-Ilfov-aparat-RMN-de-ultima-generatie.jpg","type":"image\/jpeg"}],"author":"Andreea St\u0103n\u0103r\u00eeng\u0103","twitter_card":"summary_large_image","twitter_misc":{"Written by":"Andreea St\u0103n\u0103r\u00eeng\u0103","Estimated reading time":"1 minute"},"schema":{"@context":"https:\/\/schema.org","@graph":[{"@type":"Article","@id":"https:\/\/buletin.de\/bucuresti\/noul-aparat-rmn-de-la-spitalul-judetean-ilfov-a-devenit-functional-cine-poate-folosi-echipamentul-de-de-ultima-generatie\/#article","isPartOf":{"@id":"https:\/\/buletin.de\/bucuresti\/noul-aparat-rmn-de-la-spitalul-judetean-ilfov-a-devenit-functional-cine-poate-folosi-echipamentul-de-de-ultima-generatie\/"},"author":{"name":"Andreea St\u0103n\u0103r\u00eeng\u0103","@id":"https:\/\/buletin.de\/bucuresti\/#\/schema\/person\/81421a46fb84a0887cfd2238f5202586"},"headline":"Noul aparat RMN de la Spitalul Jude\u021bean Ilfov a devenit func\u021bional. Cine poate folosi echipamentul de ultim\u0103 genera\u021bie","datePublished":"2025-10-22T03:22:00+00:00","dateModified":"2025-10-22T15:11:54+00:00","mainEntityOfPage":{"@id":"https:\/\/buletin.de\/bucuresti\/noul-aparat-rmn-de-la-spitalul-judetean-ilfov-a-devenit-functional-cine-poate-folosi-echipamentul-de-de-ultima-generatie\/"},"wordCount":401,"publisher":{"@id":"https:\/\/buletin.de\/bucuresti\/#organization"},"image":{"@id":"https:\/\/buletin.de\/bucuresti\/noul-aparat-rmn-de-la-spitalul-judetean-ilfov-a-devenit-functional-cine-poate-folosi-echipamentul-de-de-ultima-generatie\/#primaryimage"},"thumbnailUrl":"https:\/\/buletin.de\/bucuresti\/wp-content\/uploads\/2025\/10\/Spitalul-Judetean-Ilfov-aparat-RMN-de-ultima-generatie.jpg","keywords":["ambulatoriu","Ilfov","spitalul judetean ilfov"],"articleSection":["Articole","Buletin de Ilfov","\u0218tiri"],"inLanguage":"en-GB","copyrightYear":"2025","copyrightHolder":{"@id":"https:\/\/buletin.de\/bucuresti\/#organization"}},{"@type":"WebPage","@id":"https:\/\/buletin.de\/bucuresti\/noul-aparat-rmn-de-la-spitalul-judetean-ilfov-a-devenit-functional-cine-poate-folosi-echipamentul-de-de-ultima-generatie\/","url":"https:\/\/buletin.de\/bucuresti\/noul-aparat-rmn-de-la-spitalul-judetean-ilfov-a-devenit-functional-cine-poate-folosi-echipamentul-de-de-ultima-generatie\/","name":"Noul aparat RMN de la Spitalul Jude\u021bean Ilfov a devenit func\u021bional. Cine poate folosi echipamentul de ultim\u0103 genera\u021bie - Buletin de Bucure\u0219ti","isPartOf":{"@id":"https:\/\/buletin.de\/bucuresti\/#website"},"primaryImageOfPage":{"@id":"https:\/\/buletin.de\/bucuresti\/noul-aparat-rmn-de-la-spitalul-judetean-ilfov-a-devenit-functional-cine-poate-folosi-echipamentul-de-de-ultima-generatie\/#primaryimage"},"image":{"@id":"https:\/\/buletin.de\/bucuresti\/noul-aparat-rmn-de-la-spitalul-judetean-ilfov-a-devenit-functional-cine-poate-folosi-echipamentul-de-de-ultima-generatie\/#primaryimage"},"thumbnailUrl":"https:\/\/buletin.de\/bucuresti\/wp-content\/uploads\/2025\/10\/Spitalul-Judetean-Ilfov-aparat-RMN-de-ultima-generatie.jpg","datePublished":"2025-10-22T03:22:00+00:00","dateModified":"2025-10-22T15:11:54+00:00","description":"Noul aparat RMN de la Spitalul Jude\u021bean Ilfov a devenit func\u021bional, a anun\u021bat CJ Ilfov. \u00cen paralel, continu\u0103 construc\u021bia noului ambulatoriu.","breadcrumb":{"@id":"https:\/\/buletin.de\/bucuresti\/noul-aparat-rmn-de-la-spitalul-judetean-ilfov-a-devenit-functional-cine-poate-folosi-echipamentul-de-de-ultima-generatie\/#breadcrumb"},"inLanguage":"en-GB","potentialAction":[{"@type":"ReadAction","target":["https:\/\/buletin.de\/bucuresti\/noul-aparat-rmn-de-la-spitalul-judetean-ilfov-a-devenit-functional-cine-poate-folosi-echipamentul-de-de-ultima-generatie\/"]}]},{"@type":"ImageObject","inLanguage":"en-GB","@id":"https:\/\/buletin.de\/bucuresti\/noul-aparat-rmn-de-la-spitalul-judetean-ilfov-a-devenit-functional-cine-poate-folosi-echipamentul-de-de-ultima-generatie\/#primaryimage","url":"https:\/\/buletin.de\/bucuresti\/wp-content\/uploads\/2025\/10\/Spitalul-Judetean-Ilfov-aparat-RMN-de-ultima-generatie.jpg","contentUrl":"https:\/\/buletin.de\/bucuresti\/wp-content\/uploads\/2025\/10\/Spitalul-Judetean-Ilfov-aparat-RMN-de-ultima-generatie.jpg","width":1200,"height":717,"caption":"Aparat RMN de ultim\u0103 genera\u021bie la Spitalul Jude\u021bean de Urgen\u021b\u0103 Ilfov. Foto: Facebook - CJ Ilfov"},{"@type":"BreadcrumbList","@id":"https:\/\/buletin.de\/bucuresti\/noul-aparat-rmn-de-la-spitalul-judetean-ilfov-a-devenit-functional-cine-poate-folosi-echipamentul-de-de-ultima-generatie\/#breadcrumb","itemListElement":[{"@type":"ListItem","position":1,"name":"Acas\u0103","item":"https:\/\/buletin.de\/bucuresti\/"},{"@type":"ListItem","position":2,"name":"Noul aparat RMN de la Spitalul Jude\u021bean Ilfov a devenit func\u021bional. Cine poate folosi echipamentul de ultim\u0103 genera\u021bie"}]},{"@type":"WebSite","@id":"https:\/\/buletin.de\/bucuresti\/#website","url":"https:\/\/buletin.de\/bucuresti\/","name":"Buletin de Bucure\u0219ti","description":"\u0218tiri \u0219i investiga\u021bii esen\u021biale din capital\u0103","publisher":{"@id":"https:\/\/buletin.de\/bucuresti\/#organization"},"potentialAction":[{"@type":"SearchAction","target":{"@type":"EntryPoint","urlTemplate":"https:\/\/buletin.de\/bucuresti\/?s={search_term_string}"},"query-input":{"@type":"PropertyValueSpecification","valueRequired":true,"valueName":"search_term_string"}}],"inLanguage":"en-GB"},{"@type":"Organization","@id":"https:\/\/buletin.de\/bucuresti\/#organization","name":"Buletin de Bucure\u0219ti","url":"https:\/\/buletin.de\/bucuresti\/","logo":{"@type":"ImageObject","inLanguage":"en-GB","@id":"https:\/\/buletin.de\/bucuresti\/#\/schema\/logo\/image\/","url":"https:\/\/buletin.de\/bucuresti\/wp-content\/uploads\/logo-bdb-full-wide-vernil-transparent.png","contentUrl":"https:\/\/buletin.de\/bucuresti\/wp-content\/uploads\/logo-bdb-full-wide-vernil-transparent.png","width":1782,"height":626,"caption":"Buletin de Bucure\u0219ti"},"image":{"@id":"https:\/\/buletin.de\/bucuresti\/#\/schema\/logo\/image\/"},"sameAs":["https:\/\/www.facebook.com\/buletin.de.buc","https:\/\/www.instagram.com\/buletinde.bucuresti\/"]},{"@type":"Person","@id":"https:\/\/buletin.de\/bucuresti\/#\/schema\/person\/81421a46fb84a0887cfd2238f5202586","name":"Andreea St\u0103n\u0103r\u00eeng\u0103","image":{"@type":"ImageObject","inLanguage":"en-GB","@id":"https:\/\/secure.gravatar.com\/avatar\/dfa8d227a4388fad0f0bb03add04b5b176f4da34397dbb2eadc563b3d7162ce0?s=96&d=monsterid&r=g72784372b39ffe5a98a45288fe0d0e8a","url":"https:\/\/secure.gravatar.com\/avatar\/dfa8d227a4388fad0f0bb03add04b5b176f4da34397dbb2eadc563b3d7162ce0?s=96&d=monsterid&r=g","contentUrl":"https:\/\/secure.gravatar.com\/avatar\/dfa8d227a4388fad0f0bb03add04b5b176f4da34397dbb2eadc563b3d7162ce0?s=96&d=monsterid&r=g","caption":"Andreea St\u0103n\u0103r\u00eeng\u0103"},"description":"Cu o experien\u021b\u0103 de peste 5 ani \u00een pres\u0103, face parte din echipa Buletin de Bucure\u0219ti din septembrie 2025. A colaborat cu c\u00e2teva publica\u021bii, printre care \u0219i Fanatik.ro, unde s-a ocupat de \u0219tiri de lifestyle \u0219i de actualitate. A f\u0103cut un pas c\u0103tre presa local\u0103 pentru a explora Bucure\u0219tiul \u0219i pove\u0219tile care merit\u0103 spuse.","url":"https:\/\/buletin.de\/bucuresti\/author\/andreea-stanaranga\/"}]}},"authors":[{"term_id":23912,"user_id":65,"is_guest":0,"slug":"andreea-stanaranga","display_name":"Andreea St\u0103n\u0103r\u00eeng\u0103","avatar_url":"https:\/\/secure.gravatar.com\/avatar\/dfa8d227a4388fad0f0bb03add04b5b176f4da34397dbb2eadc563b3d7162ce0?s=96&d=monsterid&r=g","0":null,"1":"","2":"","3":"","4":"","5":"","6":"","7":"","8":""}],"_links":{"self":[{"href":"https:\/\/buletin.de\/bucuresti\/wp-json\/wp\/v2\/posts\/153812","targetHints":{"allow":["GET"]}}],"collection":[{"href":"https:\/\/buletin.de\/bucuresti\/wp-json\/wp\/v2\/posts"}],"about":[{"href":"https:\/\/buletin.de\/bucuresti\/wp-json\/wp\/v2\/types\/post"}],"author":[{"embeddable":true,"href":"https:\/\/buletin.de\/bucuresti\/wp-json\/wp\/v2\/users\/65"}],"replies":[{"embeddable":true,"href":"https:\/\/buletin.de\/bucuresti\/wp-json\/wp\/v2\/comments?post=153812"}],"version-history":[{"count":5,"href":"https:\/\/buletin.de\/bucuresti\/wp-json\/wp\/v2\/posts\/153812\/revisions"}],"predecessor-version":[{"id":154037,"href":"https:\/\/buletin.de\/bucuresti\/wp-json\/wp\/v2\/posts\/153812\/revisions\/154037"}],"wp:featuredmedia":[{"embeddable":true,"href":"https:\/\/buletin.de\/bucuresti\/wp-json\/wp\/v2\/media\/153828"}],"wp:attachment":[{"href":"https:\/\/buletin.de\/bucuresti\/wp-json\/wp\/v2\/media?parent=153812"}],"wp:term":[{"taxonomy":"category","embeddable":true,"href":"https:\/\/buletin.de\/bucuresti\/wp-json\/wp\/v2\/categories?post=153812"},{"taxonomy":"post_tag","embeddable":true,"href":"https:\/\/buletin.de\/bucuresti\/wp-json\/wp\/v2\/tags?post=153812"},{"taxonomy":"author","embeddable":true,"href":"https:\/\/buletin.de\/bucuresti\/wp-json\/wp\/v2\/ppma_author?post=153812"}],"curies":[{"name":"wp","href":"https:\/\/api.w.org\/{rel}","templated":true}]}}