{"id":153748,"date":"2025-10-21T14:59:44","date_gmt":"2025-10-21T11:59:44","guid":{"rendered":"https:\/\/buletin.de\/bucuresti\/?p=153748"},"modified":"2025-10-21T22:08:52","modified_gmt":"2025-10-21T19:08:52","slug":"alegerile-pentru-noul-primar-al-bucurestiului-vor-avea-loc-pe-7-decembrie-surse","status":"publish","type":"post","link":"https:\/\/buletin.de\/bucuresti\/alegerile-pentru-noul-primar-al-bucurestiului-vor-avea-loc-pe-7-decembrie-surse\/","title":{"rendered":"OFICIAL | Alegerile pentru noul primar al Bucure\u0219tiului vor avea loc pe 7 decembrie. Fiecare partid al coali\u021biei de guvernare va avea candidat propriu"},"content":{"rendered":"\n<p><strong>Alegerile pentru noul primar al Bucure\u0219tiul vor avea loc pe 7 decembrie, ar fi decis coali\u021bia de guvernare \u00eentr-o \u0219edin\u021b\u0103 care a avut loc mar\u021bi.<\/strong><\/p>\n\n\n\n<p><strong>UPDATE<\/strong>: Prim-vicepre\u0219edintele PNL Ciprian Ciucu a confirmat, mar\u021bi, c\u0103 data alegerilor par\u021biale pentru Prim\u0103ria Capitalei este 7 decembrie \u0219i coali\u021bia a decis ca fiecare partid s\u0103 mearg\u0103 cu un candidat propriu.<\/p>\n\n\n\n<p>De asemenea, Ciprian Ciucu a precizat c\u0103 s-a agreat \u00een coali\u021bia de guvernare s\u0103 nu fie atacuri \u00eentre candida\u021bii celor trei partide, PSD, PNL \u0219i USR.<\/p>\n\n\n\n<p>\u201eEvident, am zis, domnule, hai s\u0103 nu venim \u0219i s\u0103 for\u021b\u0103m, s\u0103 cre\u0103m o coali\u021bie \u00een cadrul coali\u021biei, hai s\u0103 fim deferen\u021bi, suntem suficient de maturi \u00eenc\u00e2t s\u0103 nu ne atac\u0103m unii pe al\u021bii, \u0219i asta am agreat cu to\u021bii, c\u0103 nu vor fi atacuri, sper s\u0103 ne \u0219i \u021binem de ele \u0219i pe parcurs s\u0103 nu venim \u0219i s\u0103 zicem, ok, unul se retrage, ci mergem mai departe \u00een aceast\u0103 competi\u021bie p\u00e2n\u0103 la cap\u0103t\u201d, a declarat Ciprian Ciucu, potrivit <a href=\"https:\/\/agerpres.ro\/politic\/2025\/10\/21\/ciucu-am-agreat-cu-totii-in-coalitie-ca-nu-vor-fi-atacuri-intre-noi-in-campania-pe-capitala-si-sa-nu--1495744\" target=\"_blank\" rel=\"noreferrer noopener\">Agepres<\/a>.<\/p>\n\n\n\n<p>Totu\u0219i, s-a renun\u021bat la anexa la programul de guvernare, vehiculat\u0103 ini\u021bial, merg\u00e2ndu-se pe un \u201egentlemen agreement\u201d.<\/p>\n\n\n\n<hr class=\"wp-block-separator has-alpha-channel-opacity\"\/>\n\n\n\n<p>Coali\u021bia a mai decis c\u0103 fiecare partid care face parte din aceasta va avea un candidat propriu. Ini\u021bial, PNL \u0219i USR \u0219i-ar fi dorit un candidat comun, dar PSD s-a opus la aceast\u0103 solu\u021bie, argument\u00e2nd c\u0103 \u00een felul acesta candidatul s\u0103u ar r\u0103m\u00e2ne singur, ceea ce ar contraveni principiului colabor\u0103rii la guvernare.<\/p>\n\n\n\n<p>De altfel, stabilirea unei date a alegerilor a fost am\u00e2nat\u0103, dincolo de termenul egal, de opozi\u021bia constant\u0103 a PSD, care a pus presiune pe liderii coali\u021biei de guvernare, p\u00e2n\u0103 c\u00e2nd ace\u0219tia au acceptat solu\u021bia cu candidat separat pentru fiecare partid. <\/p>\n\n\n\n<p><strong>CITE\u0218TE \u0218I:<a href=\"https:\/\/buletin.de\/bucuresti\/certurile-din-coalitia-de-guvernare-amana-alegerile-pentru-primaria-bucuresti-cand-va-fi-stabilita-data-scrutinului\/\" target=\"_blank\" rel=\"noreferrer noopener\"> Certurile din coali\u021bia de guvernare am\u00e2n\u0103 alegerile pentru Prim\u0103ria Bucure\u0219ti. C\u00e2nd va fi stabilit\u0103 data scrutinului<\/a><\/strong><\/p>\n\n\n\n<p>Executivul transmis \u00eenc\u0103 din august, la solicitarea Buletin de Bucure\u0219ti, c\u0103 o decizie \u201eprivind organizarea scrutinului pentru alegerea primarului general al Municipiului Bucure\u0219ti (&#8230;) urmeaz\u0103 s\u0103 fie luat\u0103 \u00een cadrul primei \u0219edin\u021be a coali\u0163iei de guvernare\u201d, <\/p>\n\n\n\n<p>PSD a cerut acum, pentru a fi de acord cu data alegerilor pentru 7 decembrie, s\u0103 fie ad\u0103ugat\u0103 o anex\u0103 la programul de guvernare, prin care s\u0103 fie garantat c\u0103 PNL \u0219i USR nu se vor retrage unul \u00een favoarea celuilalt, scrie <a href=\"https:\/\/www.digi24.ro\/stiri\/actualitate\/alegerile-pentru-primaria-capitalei-vor-avea-loc-pe-7-decembrie-coalitia-a-ajuns-la-un-acord-privind-calendarul-surse-3466339\" target=\"_blank\" rel=\"noreferrer noopener\">Digi24<\/a>.. Solicitarea a venit pe fondul temerilor social-democra\u021bilor c\u0103 o eventual\u0103 colaborare \u00eentre cele dou\u0103 partide ar putea l\u0103sa PSD \u00een afara guvern\u0103rii.<\/p>\n\n\n\n<p><strong>CITE\u0218TE \u0218I: <a href=\"https:\/\/buletin.de\/bucuresti\/ping-pong-intre-guvern-si-autoritatea-electorala-cu-data-alegerilor-pentru-primaria-bucuresti-termenul-legal-este-deja-depasit\/\" target=\"_blank\" rel=\"noreferrer noopener\">Ping-pong \u00eentre Guvern \u0219i Autoritatea Electoral\u0103 cu data alegerilor pentru Prim\u0103ria Bucure\u0219ti. Termenul legal este deja dep\u0103\u0219it<\/a><\/strong><\/p>\n\n\n\n<h2 class=\"wp-block-heading\" id=\"h-alegerile-pentru-noul-primar-al-bucure\u0219tiului-o-disputa-politica-care-a-ignorat-legea\">Alegerile pentru noul primar al Bucure\u0219tiului, o disput\u0103 politic\u0103 care a ignorat legea<\/h2>\n\n\n\n<p><strong>Codul Administrativ prevede c\u0103 alegerile par\u021biale trebuie organizate \u00een 90 de zile calendaristice de la momentul \u00een care ordinul prefectului prin care se ia act de vacantarea postului de primar devine valid.<\/strong><\/p>\n\n\n\n<p><strong>Buletin de Bucure\u0219ti a scris c\u0103 alegerile pentru Prim\u0103ria Capitalei ar fi trebuit s\u0103 fie organizate, pornind de la prevederile Codului Administrativ, la \u00eenceputul lunii septembrie.<\/strong><\/p>\n\n\n\n<p>Nicu\u0219or Dan \u0219i-a anun\u0163at demisia de la Prim\u0103ria Capitalei \u00een&nbsp;<a href=\"https:\/\/buletin.de\/bucuresti\/piedone-a-descins-la-ultima-sedinta-cgmb-la-care-a-participat-nicusor-dan-seful-anpc-a-fumat-tigari-electronice-in-plen\" target=\"_blank\" rel=\"noreferrer noopener\">\u0219edin\u021ba de Consiliu General din 23 mai<\/a>, cu efect din 26 mai. Tot \u00een ziua de 26 mai, a fost emis \u015fi ordinul prefectului prin care se ia act de vacantarea postului.<\/p>\n\n\n\n<p>Conform Codului administrativ, lu\u00e2nd \u00een calcul cele 100 de zile, alegerile de la Bucure\u015fti ar fi trebuit s\u0103 fie organizate<strong>&nbsp;<mark style=\"background-color:rgba(0, 0, 0, 0)\" class=\"has-inline-color has-vivid-red-color\">p\u00e2n\u0103 pe&nbsp;3 septembrie, cel t\u00e2rziu<\/mark>.<\/strong><\/p>\n\n\n\n<p>A\u0219adar, \u00eent\u00e2rzierea va fi de patru luni peste termenul impus de lege.<\/p>\n\n\n\n<p><strong>CITE\u0218TE \u0218I:&nbsp;<a href=\"https:\/\/buletin.de\/bucuresti\/alegerile-pentru-primaria-bucuresti-ar-trebui-organizate-in-septembrie-prefectul-capitalei-dar-guvernul-decide\/\" target=\"_blank\" rel=\"noreferrer noopener\">Alegerile pentru Prim\u0103ria Bucure\u0219ti ar trebui organizate \u00een septembrie. Prefectul Capitalei: \u201eGuvernul decide\u201d<\/a><\/strong><\/p>\n\n\n\n<h2 class=\"wp-block-heading\" id=\"h-5-persoane-\u0219i-au-anun\u021bat-deja-candidatura-pentru-pmb\">5 persoane \u0219i-au anun\u021bat deja candidatura pentru PMB<\/h2>\n\n\n\n<p><strong>Buletin de Bucure\u0219ti a scris c\u0103, p\u00e2n\u0103 la aceast\u0103 dat\u0103, lista candida\u021bilor oficiali pentru Prim\u0103ria Capitalei este alc\u0103tuit\u0103 din urm\u0103toarele nume:<\/strong><\/p>\n\n\n\n<ul class=\"wp-block-list\">\n<li><strong>C\u0103t\u0103lin Drul\u0103,<\/strong> fost pre\u0219edinte al USR, fost ministru al Transporturilor.<\/li>\n\n\n\n<li><strong>Dan Cristian Popescu (PSD):<\/strong>&nbsp;Fost deputat \u0219i viceprimar la Sectorul 2, a trecut prin PNL, PN\u021aCD \u0219i For\u021ba Civic\u0103 \u00eenainte de a ajunge la PSD. Conform declara\u021biei sale de avere, de\u021bine opt apartamente, o cas\u0103, patru terenuri, un Lexus \u0219i o colec\u021bie de bijuterii \u0219i ceasuri \u00een valoare de peste 250.000 de euro. A declarat venituri substan\u021biale din chirii, dob\u00e2nzi \u0219i dividende.<\/li>\n\n\n\n<li><strong>Dan Trifu:<\/strong>&nbsp;Vicepre\u0219edintele funda\u021biei Eco-Civica, candideaz\u0103 ca independent.<\/li>\n\n\n\n<li><strong>Octavian Berceanu:<\/strong>&nbsp;Fostul \u0219ef al G\u0103rzii Na\u021bionale de Mediu, este sus\u021binut de partidul REPER.<\/li>\n\n\n\n<li><strong>Ana Ciceal\u0103:<\/strong>&nbsp;Fost\u0103 consilier\u0103 general\u0103, candideaz\u0103 din partea partidelor SENS \u0219i URS.<\/li>\n<\/ul>\n\n\n\n<p>Pe l\u00e2ng\u0103 cei deja \u00eenscri\u0219i \u00een curs\u0103, mai multe nume sunt vehiculate \u00een spa\u021biul public, de\u0219i nu \u0219i-au confirmat oficial inten\u021bia: <strong>Ciprian Ciucu<\/strong>, primarul Sectorului 6, <strong>Daniel B\u0103lu\u021b\u0103<\/strong>, primarul Sectorului 4, <strong>Gabriela Firea<\/strong>, fost primar general al Bucure\u0219tiului.<\/p>\n\n\n\n<p><strong>CITE\u0218TE \u0218I:<\/strong><\/p>\n\n\n\n<p><strong><a href=\"https:\/\/buletin.de\/bucuresti\/gabriela-firea-vrea-sa-candideze-din-nou\/\" target=\"_blank\" rel=\"noreferrer noopener\">Gabriela Firea vrea s\u0103 candideze din nou: Se va discuta la urm\u0103toarea \u0219edin\u021b\u0103 PSD sus\u021binerea mea la PMB<\/a><\/strong><\/p>\n\n\n\n<p><strong><a href=\"https:\/\/buletin.de\/bucuresti\/aglomeratie-pe-culoarul-pnl-pentru-primaria-capitalei-trei-lideri-in-cursa-pentru-a-deveni-candidatul-unic\/\">Aglomera\u021bie pe culoarul PNL pentru Prim\u0103ria Capitalei: trei lideri \u00een cursa pentru a deveni \u201ecandidatul unic\u201d. UPDATE: Sebastian Burduja a transmis c\u0103 el nu va candida<\/a><\/strong><\/p>\n\n\n\n<p><strong><a href=\"https:\/\/buletin.de\/bucuresti\/liderul-pnl-bucuresti-propune-un-candidat-unic-pentru-primaria-capitalei-pentru-a-contracare-blocul-izolationist\/\" target=\"_blank\" rel=\"noreferrer noopener\">Liderul PNL Bucure\u0219ti propune un candidat unic pentru Prim\u0103ria Capitalei, pentru a contracara \u201eblocul izola\u021bionist\u201d<\/a><\/strong><\/p>\n\n\n\n<p><strong><a href=\"https:\/\/buletin.de\/bucuresti\/alegeri-la-primaria-capitalei-daniel-baluta-si-ciprian-ciucu-la-egalitate-intr-un-sondaj-avangarde\/\" target=\"_blank\" rel=\"noreferrer noopener\">Alegeri la Prim\u0103ria Capitalei | Daniel B\u0103lu\u021b\u0103 \u0219i Ciprian Ciucu, la egalitate \u00eentr-un sondaj Avangarde<\/a><\/strong><\/p>\n","protected":false},"excerpt":{"rendered":"<p>Alegerile pentru noul primar al Bucure\u0219tiul vor avea loc pe 7 decembrie, ar fi decis coali\u021bia de guvernare \u00eentr-o \u0219edin\u021b\u0103 care a avut loc mar\u021bi. UPDATE: Prim-vicepre\u0219edintele PNL Ciprian Ciucu a confirmat, mar\u021bi, c\u0103 data alegerilor par\u021biale pentru Prim\u0103ria Capitalei este 7 decembrie \u0219i coali\u021bia a decis ca fiecare partid s\u0103 mearg\u0103 cu un candidat [&hellip;]<\/p>\n","protected":false},"author":60,"featured_media":153753,"comment_status":"closed","ping_status":"open","sticky":false,"template":"","format":"standard","meta":{"_acf_changed":false,"inline_featured_image":false,"ngg_post_thumbnail":0,"footnotes":""},"categories":[6994,5762,9025],"tags":[19261,625,781,24335],"ppma_author":[22582],"class_list":["post-153748","post","type-post","status-publish","format-standard","has-post-thumbnail","hentry","category-stiri-2","category-main","category-politic","tag-alegeri-2025","tag-alegeri-bucuresti","tag-alegeri-locale","tag-data-alegerilor"],"acf":[],"yoast_head":"<!-- This site is optimized with the Yoast SEO Premium plugin v25.3 (Yoast SEO v27.4) - https:\/\/yoast.com\/product\/yoast-seo-premium-wordpress\/ -->\n<title>OFICIAL | Alegerile pentru noul primar al Bucure\u0219tiului vor avea loc pe 7 decembrie. Fiecare partid al coali\u021biei de guvernare va avea candidat propriu - Buletin de Bucure\u0219ti<\/title>\n<meta name=\"description\" content=\"Alegerile pentru noul primar al Bucure\u0219tiul vor avea loc pe 7 decembrie, ar fi decis coali\u021bia de guvernare \u00eentr-o \u0219edin\u021b\u0103.\" \/>\n<meta name=\"robots\" content=\"index, follow, max-snippet:-1, max-image-preview:large, max-video-preview:-1\" \/>\n<link rel=\"canonical\" href=\"https:\/\/buletin.de\/bucuresti\/alegerile-pentru-noul-primar-al-bucurestiului-vor-avea-loc-pe-7-decembrie-surse\/\" \/>\n<meta property=\"og:locale\" content=\"en_GB\" \/>\n<meta property=\"og:type\" content=\"article\" \/>\n<meta property=\"og:title\" content=\"OFICIAL | Alegerile pentru noul primar al Bucure\u0219tiului vor avea loc pe 7 decembrie. Fiecare partid al coali\u021biei de guvernare va avea candidat propriu\" \/>\n<meta property=\"og:description\" content=\"Alegerile pentru noul primar al Bucure\u0219tiul vor avea loc pe 7 decembrie, ar fi decis coali\u021bia de guvernare \u00eentr-o \u0219edin\u021b\u0103.\" \/>\n<meta property=\"og:url\" content=\"https:\/\/buletin.de\/bucuresti\/alegerile-pentru-noul-primar-al-bucurestiului-vor-avea-loc-pe-7-decembrie-surse\/\" \/>\n<meta property=\"og:site_name\" content=\"Buletin de Bucure\u0219ti\" \/>\n<meta property=\"article:publisher\" content=\"https:\/\/www.facebook.com\/buletin.de.buc\" \/>\n<meta property=\"article:published_time\" content=\"2025-10-21T11:59:44+00:00\" \/>\n<meta property=\"article:modified_time\" content=\"2025-10-21T19:08:52+00:00\" \/>\n<meta property=\"og:image\" content=\"https:\/\/buletin.de\/bucuresti\/wp-content\/uploads\/2025\/10\/alegeribucuresti.jpeg\" \/>\n\t<meta property=\"og:image:width\" content=\"1600\" \/>\n\t<meta property=\"og:image:height\" content=\"1066\" \/>\n\t<meta property=\"og:image:type\" content=\"image\/jpeg\" \/>\n<meta name=\"author\" content=\"R\u0103zvan Chiru\u021b\u0103\" \/>\n<meta name=\"twitter:card\" content=\"summary_large_image\" \/>\n<meta name=\"twitter:label1\" content=\"Written by\" \/>\n\t<meta name=\"twitter:data1\" content=\"R\u0103zvan Chiru\u021b\u0103\" \/>\n\t<meta name=\"twitter:label2\" content=\"Estimated reading time\" \/>\n\t<meta name=\"twitter:data2\" content=\"4 minutes\" \/>\n<script type=\"application\/ld+json\" class=\"yoast-schema-graph\">{\"@context\":\"https:\\\/\\\/schema.org\",\"@graph\":[{\"@type\":\"Article\",\"@id\":\"https:\\\/\\\/buletin.de\\\/bucuresti\\\/alegerile-pentru-noul-primar-al-bucurestiului-vor-avea-loc-pe-7-decembrie-surse\\\/#article\",\"isPartOf\":{\"@id\":\"https:\\\/\\\/buletin.de\\\/bucuresti\\\/alegerile-pentru-noul-primar-al-bucurestiului-vor-avea-loc-pe-7-decembrie-surse\\\/\"},\"author\":{\"name\":\"R\u0103zvan Chiru\u021b\u0103\",\"@id\":\"https:\\\/\\\/buletin.de\\\/bucuresti\\\/#\\\/schema\\\/person\\\/a76df728dfc913795a9d90e346b253bb\"},\"headline\":\"OFICIAL | Alegerile pentru noul primar al Bucure\u0219tiului vor avea loc pe 7 decembrie. Fiecare partid al coali\u021biei de guvernare va avea candidat propriu\",\"datePublished\":\"2025-10-21T11:59:44+00:00\",\"dateModified\":\"2025-10-21T19:08:52+00:00\",\"mainEntityOfPage\":{\"@id\":\"https:\\\/\\\/buletin.de\\\/bucuresti\\\/alegerile-pentru-noul-primar-al-bucurestiului-vor-avea-loc-pe-7-decembrie-surse\\\/\"},\"wordCount\":955,\"publisher\":{\"@id\":\"https:\\\/\\\/buletin.de\\\/bucuresti\\\/#organization\"},\"image\":{\"@id\":\"https:\\\/\\\/buletin.de\\\/bucuresti\\\/alegerile-pentru-noul-primar-al-bucurestiului-vor-avea-loc-pe-7-decembrie-surse\\\/#primaryimage\"},\"thumbnailUrl\":\"https:\\\/\\\/buletin.de\\\/bucuresti\\\/wp-content\\\/uploads\\\/2025\\\/10\\\/alegeribucuresti.jpeg\",\"keywords\":[\"alegeri 2025\",\"alegeri bucuresti\",\"alegeri locale\",\"data alegerilor\"],\"articleSection\":[\"Articole\",\"Main\",\"Politic\"],\"inLanguage\":\"en-GB\",\"copyrightYear\":\"2025\",\"copyrightHolder\":{\"@id\":\"https:\\\/\\\/buletin.de\\\/bucuresti\\\/#organization\"}},{\"@type\":\"WebPage\",\"@id\":\"https:\\\/\\\/buletin.de\\\/bucuresti\\\/alegerile-pentru-noul-primar-al-bucurestiului-vor-avea-loc-pe-7-decembrie-surse\\\/\",\"url\":\"https:\\\/\\\/buletin.de\\\/bucuresti\\\/alegerile-pentru-noul-primar-al-bucurestiului-vor-avea-loc-pe-7-decembrie-surse\\\/\",\"name\":\"OFICIAL | Alegerile pentru noul primar al Bucure\u0219tiului vor avea loc pe 7 decembrie. Fiecare partid al coali\u021biei de guvernare va avea candidat propriu - Buletin de Bucure\u0219ti\",\"isPartOf\":{\"@id\":\"https:\\\/\\\/buletin.de\\\/bucuresti\\\/#website\"},\"primaryImageOfPage\":{\"@id\":\"https:\\\/\\\/buletin.de\\\/bucuresti\\\/alegerile-pentru-noul-primar-al-bucurestiului-vor-avea-loc-pe-7-decembrie-surse\\\/#primaryimage\"},\"image\":{\"@id\":\"https:\\\/\\\/buletin.de\\\/bucuresti\\\/alegerile-pentru-noul-primar-al-bucurestiului-vor-avea-loc-pe-7-decembrie-surse\\\/#primaryimage\"},\"thumbnailUrl\":\"https:\\\/\\\/buletin.de\\\/bucuresti\\\/wp-content\\\/uploads\\\/2025\\\/10\\\/alegeribucuresti.jpeg\",\"datePublished\":\"2025-10-21T11:59:44+00:00\",\"dateModified\":\"2025-10-21T19:08:52+00:00\",\"description\":\"Alegerile pentru noul primar al Bucure\u0219tiul vor avea loc pe 7 decembrie, ar fi decis coali\u021bia de guvernare \u00eentr-o \u0219edin\u021b\u0103.\",\"breadcrumb\":{\"@id\":\"https:\\\/\\\/buletin.de\\\/bucuresti\\\/alegerile-pentru-noul-primar-al-bucurestiului-vor-avea-loc-pe-7-decembrie-surse\\\/#breadcrumb\"},\"inLanguage\":\"en-GB\",\"potentialAction\":[{\"@type\":\"ReadAction\",\"target\":[\"https:\\\/\\\/buletin.de\\\/bucuresti\\\/alegerile-pentru-noul-primar-al-bucurestiului-vor-avea-loc-pe-7-decembrie-surse\\\/\"]}]},{\"@type\":\"ImageObject\",\"inLanguage\":\"en-GB\",\"@id\":\"https:\\\/\\\/buletin.de\\\/bucuresti\\\/alegerile-pentru-noul-primar-al-bucurestiului-vor-avea-loc-pe-7-decembrie-surse\\\/#primaryimage\",\"url\":\"https:\\\/\\\/buletin.de\\\/bucuresti\\\/wp-content\\\/uploads\\\/2025\\\/10\\\/alegeribucuresti.jpeg\",\"contentUrl\":\"https:\\\/\\\/buletin.de\\\/bucuresti\\\/wp-content\\\/uploads\\\/2025\\\/10\\\/alegeribucuresti.jpeg\",\"width\":1600,\"height\":1066,\"caption\":\"Alegerile pentru noul primar\"},{\"@type\":\"BreadcrumbList\",\"@id\":\"https:\\\/\\\/buletin.de\\\/bucuresti\\\/alegerile-pentru-noul-primar-al-bucurestiului-vor-avea-loc-pe-7-decembrie-surse\\\/#breadcrumb\",\"itemListElement\":[{\"@type\":\"ListItem\",\"position\":1,\"name\":\"Acas\u0103\",\"item\":\"https:\\\/\\\/buletin.de\\\/bucuresti\\\/\"},{\"@type\":\"ListItem\",\"position\":2,\"name\":\"OFICIAL | Alegerile pentru noul primar al Bucure\u0219tiului vor avea loc pe 7 decembrie. Fiecare partid al coali\u021biei de guvernare va avea candidat propriu\"}]},{\"@type\":\"WebSite\",\"@id\":\"https:\\\/\\\/buletin.de\\\/bucuresti\\\/#website\",\"url\":\"https:\\\/\\\/buletin.de\\\/bucuresti\\\/\",\"name\":\"Buletin de Bucure\u0219ti\",\"description\":\"\u0218tiri \u0219i investiga\u021bii esen\u021biale din capital\u0103\",\"publisher\":{\"@id\":\"https:\\\/\\\/buletin.de\\\/bucuresti\\\/#organization\"},\"potentialAction\":[{\"@type\":\"SearchAction\",\"target\":{\"@type\":\"EntryPoint\",\"urlTemplate\":\"https:\\\/\\\/buletin.de\\\/bucuresti\\\/?s={search_term_string}\"},\"query-input\":{\"@type\":\"PropertyValueSpecification\",\"valueRequired\":true,\"valueName\":\"search_term_string\"}}],\"inLanguage\":\"en-GB\"},{\"@type\":\"Organization\",\"@id\":\"https:\\\/\\\/buletin.de\\\/bucuresti\\\/#organization\",\"name\":\"Buletin de Bucure\u0219ti\",\"url\":\"https:\\\/\\\/buletin.de\\\/bucuresti\\\/\",\"logo\":{\"@type\":\"ImageObject\",\"inLanguage\":\"en-GB\",\"@id\":\"https:\\\/\\\/buletin.de\\\/bucuresti\\\/#\\\/schema\\\/logo\\\/image\\\/\",\"url\":\"https:\\\/\\\/buletin.de\\\/bucuresti\\\/wp-content\\\/uploads\\\/logo-bdb-full-wide-vernil-transparent.png\",\"contentUrl\":\"https:\\\/\\\/buletin.de\\\/bucuresti\\\/wp-content\\\/uploads\\\/logo-bdb-full-wide-vernil-transparent.png\",\"width\":1782,\"height\":626,\"caption\":\"Buletin de Bucure\u0219ti\"},\"image\":{\"@id\":\"https:\\\/\\\/buletin.de\\\/bucuresti\\\/#\\\/schema\\\/logo\\\/image\\\/\"},\"sameAs\":[\"https:\\\/\\\/www.facebook.com\\\/buletin.de.buc\",\"https:\\\/\\\/www.instagram.com\\\/buletinde.bucuresti\\\/\"]},{\"@type\":\"Person\",\"@id\":\"https:\\\/\\\/buletin.de\\\/bucuresti\\\/#\\\/schema\\\/person\\\/a76df728dfc913795a9d90e346b253bb\",\"name\":\"R\u0103zvan Chiru\u021b\u0103\",\"image\":{\"@type\":\"ImageObject\",\"inLanguage\":\"en-GB\",\"@id\":\"https:\\\/\\\/buletin.de\\\/bucuresti\\\/wp-content\\\/uploads\\\/Razvan-Chiruta-96x96.jpge7143b996fd4241fbd6ee1f6b6b7b267\",\"url\":\"https:\\\/\\\/buletin.de\\\/bucuresti\\\/wp-content\\\/uploads\\\/Razvan-Chiruta-96x96.jpg\",\"contentUrl\":\"https:\\\/\\\/buletin.de\\\/bucuresti\\\/wp-content\\\/uploads\\\/Razvan-Chiruta-96x96.jpg\",\"caption\":\"R\u0103zvan Chiru\u021b\u0103\"},\"description\":\"R\u0103zvan Chiru\u021b\u0103 este redactor-\u0219ef adjunct din iulie 2024. A fost redactor-\u0219ef al PRESShub \u00eentre 2022 \u0219i iunie 2024. Anterior, a fost redactor-\u0219ef al Newsweek Rom\u00e2nia, din 2018 p\u00e2n\u0103 \u00een 2021, \u0219i al cotidianului Rom\u00e2nia liber\u0103, \u00eentre 2015 \u0219i 2017. Este absolvent de Jurnalism, \u00een cadrul Universit\u0103\u021bii \u201eAl.I.Cuza\u201d din Ia\u0219i, \u0219i a urmat un master \u00een Managementul institu\u021biilor mass-media (f\u0103r\u0103 diserta\u021bie) la Facultatea de Jurnalism \u0219i \u0218tiin\u021bele Comunic\u0103rii din cadrul Universit\u0103\u021bii din Bucure\u0219ti. \u0218i-a \u00eenceput cariera la Opinia studen\u021beasc\u0103, cunoscuta \u0219coal\u0103 de pres\u0103 din Ia\u0219i. A lucrat \u00een presa local\u0103, apoi a devenit corespondent pentru Ia\u0219i al cotidianului Evenimentul Zilei. Din 2004, a coordonat pentru \u0219ase luni sec\u021bia de coresponden\u021bi a Evenimentului Zilei. A mai lucrat la s\u0103pt\u0103m\u00e2nalul Prezent \u0219i a colaborat cu revistele Dilema Veche \u0219i Suplimentul de Cultur\u0103. Este co-autor \u00een volumele \u201eMass-media \u0219i democra\u021bia \u00een Rom\u00e2nia post-comunist\u0103\u201d (ed. a II-a), Ed. Institutul European, Ia\u0219i, 2013, \u0219i \u201eCOVID - 19. Dimensiuni ale gestionarii pandemiei\u201d, Editura Junimea, Ia\u0219i, 2020.\",\"url\":\"https:\\\/\\\/buletin.de\\\/bucuresti\\\/author\\\/razvan-chiruta\\\/\"}]}<\/script>\n<!-- \/ Yoast SEO Premium plugin. -->","yoast_head_json":{"title":"OFICIAL | Alegerile pentru noul primar al Bucure\u0219tiului vor avea loc pe 7 decembrie. Fiecare partid al coali\u021biei de guvernare va avea candidat propriu - Buletin de Bucure\u0219ti","description":"Alegerile pentru noul primar al Bucure\u0219tiul vor avea loc pe 7 decembrie, ar fi decis coali\u021bia de guvernare \u00eentr-o \u0219edin\u021b\u0103.","robots":{"index":"index","follow":"follow","max-snippet":"max-snippet:-1","max-image-preview":"max-image-preview:large","max-video-preview":"max-video-preview:-1"},"canonical":"https:\/\/buletin.de\/bucuresti\/alegerile-pentru-noul-primar-al-bucurestiului-vor-avea-loc-pe-7-decembrie-surse\/","og_locale":"en_GB","og_type":"article","og_title":"OFICIAL | Alegerile pentru noul primar al Bucure\u0219tiului vor avea loc pe 7 decembrie. Fiecare partid al coali\u021biei de guvernare va avea candidat propriu","og_description":"Alegerile pentru noul primar al Bucure\u0219tiul vor avea loc pe 7 decembrie, ar fi decis coali\u021bia de guvernare \u00eentr-o \u0219edin\u021b\u0103.","og_url":"https:\/\/buletin.de\/bucuresti\/alegerile-pentru-noul-primar-al-bucurestiului-vor-avea-loc-pe-7-decembrie-surse\/","og_site_name":"Buletin de Bucure\u0219ti","article_publisher":"https:\/\/www.facebook.com\/buletin.de.buc","article_published_time":"2025-10-21T11:59:44+00:00","article_modified_time":"2025-10-21T19:08:52+00:00","og_image":[{"width":1600,"height":1066,"url":"https:\/\/buletin.de\/bucuresti\/wp-content\/uploads\/2025\/10\/alegeribucuresti.jpeg","type":"image\/jpeg"}],"author":"R\u0103zvan Chiru\u021b\u0103","twitter_card":"summary_large_image","twitter_misc":{"Written by":"R\u0103zvan Chiru\u021b\u0103","Estimated reading time":"4 minutes"},"schema":{"@context":"https:\/\/schema.org","@graph":[{"@type":"Article","@id":"https:\/\/buletin.de\/bucuresti\/alegerile-pentru-noul-primar-al-bucurestiului-vor-avea-loc-pe-7-decembrie-surse\/#article","isPartOf":{"@id":"https:\/\/buletin.de\/bucuresti\/alegerile-pentru-noul-primar-al-bucurestiului-vor-avea-loc-pe-7-decembrie-surse\/"},"author":{"name":"R\u0103zvan Chiru\u021b\u0103","@id":"https:\/\/buletin.de\/bucuresti\/#\/schema\/person\/a76df728dfc913795a9d90e346b253bb"},"headline":"OFICIAL | Alegerile pentru noul primar al Bucure\u0219tiului vor avea loc pe 7 decembrie. Fiecare partid al coali\u021biei de guvernare va avea candidat propriu","datePublished":"2025-10-21T11:59:44+00:00","dateModified":"2025-10-21T19:08:52+00:00","mainEntityOfPage":{"@id":"https:\/\/buletin.de\/bucuresti\/alegerile-pentru-noul-primar-al-bucurestiului-vor-avea-loc-pe-7-decembrie-surse\/"},"wordCount":955,"publisher":{"@id":"https:\/\/buletin.de\/bucuresti\/#organization"},"image":{"@id":"https:\/\/buletin.de\/bucuresti\/alegerile-pentru-noul-primar-al-bucurestiului-vor-avea-loc-pe-7-decembrie-surse\/#primaryimage"},"thumbnailUrl":"https:\/\/buletin.de\/bucuresti\/wp-content\/uploads\/2025\/10\/alegeribucuresti.jpeg","keywords":["alegeri 2025","alegeri bucuresti","alegeri locale","data alegerilor"],"articleSection":["Articole","Main","Politic"],"inLanguage":"en-GB","copyrightYear":"2025","copyrightHolder":{"@id":"https:\/\/buletin.de\/bucuresti\/#organization"}},{"@type":"WebPage","@id":"https:\/\/buletin.de\/bucuresti\/alegerile-pentru-noul-primar-al-bucurestiului-vor-avea-loc-pe-7-decembrie-surse\/","url":"https:\/\/buletin.de\/bucuresti\/alegerile-pentru-noul-primar-al-bucurestiului-vor-avea-loc-pe-7-decembrie-surse\/","name":"OFICIAL | Alegerile pentru noul primar al Bucure\u0219tiului vor avea loc pe 7 decembrie. Fiecare partid al coali\u021biei de guvernare va avea candidat propriu - Buletin de Bucure\u0219ti","isPartOf":{"@id":"https:\/\/buletin.de\/bucuresti\/#website"},"primaryImageOfPage":{"@id":"https:\/\/buletin.de\/bucuresti\/alegerile-pentru-noul-primar-al-bucurestiului-vor-avea-loc-pe-7-decembrie-surse\/#primaryimage"},"image":{"@id":"https:\/\/buletin.de\/bucuresti\/alegerile-pentru-noul-primar-al-bucurestiului-vor-avea-loc-pe-7-decembrie-surse\/#primaryimage"},"thumbnailUrl":"https:\/\/buletin.de\/bucuresti\/wp-content\/uploads\/2025\/10\/alegeribucuresti.jpeg","datePublished":"2025-10-21T11:59:44+00:00","dateModified":"2025-10-21T19:08:52+00:00","description":"Alegerile pentru noul primar al Bucure\u0219tiul vor avea loc pe 7 decembrie, ar fi decis coali\u021bia de guvernare \u00eentr-o \u0219edin\u021b\u0103.","breadcrumb":{"@id":"https:\/\/buletin.de\/bucuresti\/alegerile-pentru-noul-primar-al-bucurestiului-vor-avea-loc-pe-7-decembrie-surse\/#breadcrumb"},"inLanguage":"en-GB","potentialAction":[{"@type":"ReadAction","target":["https:\/\/buletin.de\/bucuresti\/alegerile-pentru-noul-primar-al-bucurestiului-vor-avea-loc-pe-7-decembrie-surse\/"]}]},{"@type":"ImageObject","inLanguage":"en-GB","@id":"https:\/\/buletin.de\/bucuresti\/alegerile-pentru-noul-primar-al-bucurestiului-vor-avea-loc-pe-7-decembrie-surse\/#primaryimage","url":"https:\/\/buletin.de\/bucuresti\/wp-content\/uploads\/2025\/10\/alegeribucuresti.jpeg","contentUrl":"https:\/\/buletin.de\/bucuresti\/wp-content\/uploads\/2025\/10\/alegeribucuresti.jpeg","width":1600,"height":1066,"caption":"Alegerile pentru noul primar"},{"@type":"BreadcrumbList","@id":"https:\/\/buletin.de\/bucuresti\/alegerile-pentru-noul-primar-al-bucurestiului-vor-avea-loc-pe-7-decembrie-surse\/#breadcrumb","itemListElement":[{"@type":"ListItem","position":1,"name":"Acas\u0103","item":"https:\/\/buletin.de\/bucuresti\/"},{"@type":"ListItem","position":2,"name":"OFICIAL | Alegerile pentru noul primar al Bucure\u0219tiului vor avea loc pe 7 decembrie. Fiecare partid al coali\u021biei de guvernare va avea candidat propriu"}]},{"@type":"WebSite","@id":"https:\/\/buletin.de\/bucuresti\/#website","url":"https:\/\/buletin.de\/bucuresti\/","name":"Buletin de Bucure\u0219ti","description":"\u0218tiri \u0219i investiga\u021bii esen\u021biale din capital\u0103","publisher":{"@id":"https:\/\/buletin.de\/bucuresti\/#organization"},"potentialAction":[{"@type":"SearchAction","target":{"@type":"EntryPoint","urlTemplate":"https:\/\/buletin.de\/bucuresti\/?s={search_term_string}"},"query-input":{"@type":"PropertyValueSpecification","valueRequired":true,"valueName":"search_term_string"}}],"inLanguage":"en-GB"},{"@type":"Organization","@id":"https:\/\/buletin.de\/bucuresti\/#organization","name":"Buletin de Bucure\u0219ti","url":"https:\/\/buletin.de\/bucuresti\/","logo":{"@type":"ImageObject","inLanguage":"en-GB","@id":"https:\/\/buletin.de\/bucuresti\/#\/schema\/logo\/image\/","url":"https:\/\/buletin.de\/bucuresti\/wp-content\/uploads\/logo-bdb-full-wide-vernil-transparent.png","contentUrl":"https:\/\/buletin.de\/bucuresti\/wp-content\/uploads\/logo-bdb-full-wide-vernil-transparent.png","width":1782,"height":626,"caption":"Buletin de Bucure\u0219ti"},"image":{"@id":"https:\/\/buletin.de\/bucuresti\/#\/schema\/logo\/image\/"},"sameAs":["https:\/\/www.facebook.com\/buletin.de.buc","https:\/\/www.instagram.com\/buletinde.bucuresti\/"]},{"@type":"Person","@id":"https:\/\/buletin.de\/bucuresti\/#\/schema\/person\/a76df728dfc913795a9d90e346b253bb","name":"R\u0103zvan Chiru\u021b\u0103","image":{"@type":"ImageObject","inLanguage":"en-GB","@id":"https:\/\/buletin.de\/bucuresti\/wp-content\/uploads\/Razvan-Chiruta-96x96.jpge7143b996fd4241fbd6ee1f6b6b7b267","url":"https:\/\/buletin.de\/bucuresti\/wp-content\/uploads\/Razvan-Chiruta-96x96.jpg","contentUrl":"https:\/\/buletin.de\/bucuresti\/wp-content\/uploads\/Razvan-Chiruta-96x96.jpg","caption":"R\u0103zvan Chiru\u021b\u0103"},"description":"R\u0103zvan Chiru\u021b\u0103 este redactor-\u0219ef adjunct din iulie 2024. A fost redactor-\u0219ef al PRESShub \u00eentre 2022 \u0219i iunie 2024. Anterior, a fost redactor-\u0219ef al Newsweek Rom\u00e2nia, din 2018 p\u00e2n\u0103 \u00een 2021, \u0219i al cotidianului Rom\u00e2nia liber\u0103, \u00eentre 2015 \u0219i 2017. Este absolvent de Jurnalism, \u00een cadrul Universit\u0103\u021bii \u201eAl.I.Cuza\u201d din Ia\u0219i, \u0219i a urmat un master \u00een Managementul institu\u021biilor mass-media (f\u0103r\u0103 diserta\u021bie) la Facultatea de Jurnalism \u0219i \u0218tiin\u021bele Comunic\u0103rii din cadrul Universit\u0103\u021bii din Bucure\u0219ti. \u0218i-a \u00eenceput cariera la Opinia studen\u021beasc\u0103, cunoscuta \u0219coal\u0103 de pres\u0103 din Ia\u0219i. A lucrat \u00een presa local\u0103, apoi a devenit corespondent pentru Ia\u0219i al cotidianului Evenimentul Zilei. Din 2004, a coordonat pentru \u0219ase luni sec\u021bia de coresponden\u021bi a Evenimentului Zilei. A mai lucrat la s\u0103pt\u0103m\u00e2nalul Prezent \u0219i a colaborat cu revistele Dilema Veche \u0219i Suplimentul de Cultur\u0103. Este co-autor \u00een volumele \u201eMass-media \u0219i democra\u021bia \u00een Rom\u00e2nia post-comunist\u0103\u201d (ed. a II-a), Ed. Institutul European, Ia\u0219i, 2013, \u0219i \u201eCOVID - 19. Dimensiuni ale gestionarii pandemiei\u201d, Editura Junimea, Ia\u0219i, 2020.","url":"https:\/\/buletin.de\/bucuresti\/author\/razvan-chiruta\/"}]}},"authors":[{"term_id":22582,"user_id":60,"is_guest":0,"slug":"razvan-chiruta","display_name":"R\u0103zvan Chiru\u021b\u0103","avatar_url":"https:\/\/buletin.de\/bucuresti\/wp-content\/uploads\/Razvan-Chiruta-96x96.jpg","0":null,"1":"","2":"","3":"","4":"","5":"","6":"","7":"","8":""}],"_links":{"self":[{"href":"https:\/\/buletin.de\/bucuresti\/wp-json\/wp\/v2\/posts\/153748","targetHints":{"allow":["GET"]}}],"collection":[{"href":"https:\/\/buletin.de\/bucuresti\/wp-json\/wp\/v2\/posts"}],"about":[{"href":"https:\/\/buletin.de\/bucuresti\/wp-json\/wp\/v2\/types\/post"}],"author":[{"embeddable":true,"href":"https:\/\/buletin.de\/bucuresti\/wp-json\/wp\/v2\/users\/60"}],"replies":[{"embeddable":true,"href":"https:\/\/buletin.de\/bucuresti\/wp-json\/wp\/v2\/comments?post=153748"}],"version-history":[{"count":13,"href":"https:\/\/buletin.de\/bucuresti\/wp-json\/wp\/v2\/posts\/153748\/revisions"}],"predecessor-version":[{"id":153844,"href":"https:\/\/buletin.de\/bucuresti\/wp-json\/wp\/v2\/posts\/153748\/revisions\/153844"}],"wp:featuredmedia":[{"embeddable":true,"href":"https:\/\/buletin.de\/bucuresti\/wp-json\/wp\/v2\/media\/153753"}],"wp:attachment":[{"href":"https:\/\/buletin.de\/bucuresti\/wp-json\/wp\/v2\/media?parent=153748"}],"wp:term":[{"taxonomy":"category","embeddable":true,"href":"https:\/\/buletin.de\/bucuresti\/wp-json\/wp\/v2\/categories?post=153748"},{"taxonomy":"post_tag","embeddable":true,"href":"https:\/\/buletin.de\/bucuresti\/wp-json\/wp\/v2\/tags?post=153748"},{"taxonomy":"author","embeddable":true,"href":"https:\/\/buletin.de\/bucuresti\/wp-json\/wp\/v2\/ppma_author?post=153748"}],"curies":[{"name":"wp","href":"https:\/\/api.w.org\/{rel}","templated":true}]}}