{"id":153711,"date":"2025-10-21T14:42:12","date_gmt":"2025-10-21T11:42:12","guid":{"rendered":"https:\/\/buletin.de\/bucuresti\/?p=153711"},"modified":"2025-10-21T14:42:13","modified_gmt":"2025-10-21T11:42:13","slug":"cetatenii-din-sectorul-5-si-nu-numai-pot-ajuta-in-continuare-persoanele-afectate-de-explozia-din-rahova","status":"publish","type":"post","link":"https:\/\/buletin.de\/bucuresti\/cetatenii-din-sectorul-5-si-nu-numai-pot-ajuta-in-continuare-persoanele-afectate-de-explozia-din-rahova\/","title":{"rendered":"Sector 5 | Unde se poate dona pentru persoanele afectate de explozia din Rahova"},"content":{"rendered":"\n<p><strong>Cet\u0103\u021benii din Sectorul 5, \u0219i nu numai, pot ajuta, \u00een continuare, persoanele afectate de explozia din Rahova. Se pot dona haine de sezon, alimente greu perisabile, p\u0103turi, produse de igien\u0103 \u0219i juc\u0103rii. <\/strong><\/p>\n\n\n\n<p>Oamenii pot aduce tot ceea ce vor s\u0103 doneze la centrul deschis \u0218oseaua Viilor nr. 34\u201158, \u00een incinta Colegiului Economic Viilor, \u00eentre orele 09:00\u201114:00, zilnic. Autoritatea local\u0103 atrage, \u00eens\u0103, aten\u021bia asupra regulilor care \u021bin de siguran\u021ba alimentar\u0103 \u0219i normelor de igien\u0103 a articolelor personale. Astfel, este necesar ca produsele alimentare \u0219i cele de igien\u0103 personal\u0103 s\u0103 nu aib\u0103 dat\u0103 de valabilitate expirat\u0103, iar articolele vestimentare s\u0103 fie noi sau \u00een stare bun\u0103, astfel \u00eenc\u00e2t s\u0103 poat\u0103 fi folosite. <\/p>\n\n\n\n<figure class=\"wp-block-gallery has-nested-images columns-default is-cropped wp-block-gallery-1 is-layout-flex wp-block-gallery-is-layout-flex\">\n<figure class=\"wp-block-image size-large\"><img fetchpriority=\"high\" decoding=\"async\" width=\"563\" height=\"1000\" data-id=\"153739\" src=\"data:image\/gif;base64,R0lGODlhAQABAAAAACH5BAEKAAEALAAAAAABAAEAAAICTAEAOw==\" data-src=\"https:\/\/buletin.de\/bucuresti\/wp-content\/uploads\/2025\/10\/569372506_1143152317990633_5231811767226206110_n-563x1000.jpg\" alt=\"\" class=\"wp-image-153739 lazyload\" data-sizes=\"auto\" data-srcset=\"https:\/\/buletin.de\/bucuresti\/wp-content\/uploads\/2025\/10\/569372506_1143152317990633_5231811767226206110_n-563x1000.jpg 563w, https:\/\/buletin.de\/bucuresti\/wp-content\/uploads\/2025\/10\/569372506_1143152317990633_5231811767226206110_n-169x300.jpg 169w, https:\/\/buletin.de\/bucuresti\/wp-content\/uploads\/2025\/10\/569372506_1143152317990633_5231811767226206110_n-768x1365.jpg 768w, https:\/\/buletin.de\/bucuresti\/wp-content\/uploads\/2025\/10\/569372506_1143152317990633_5231811767226206110_n-864x1536.jpg 864w, https:\/\/buletin.de\/bucuresti\/wp-content\/uploads\/2025\/10\/569372506_1143152317990633_5231811767226206110_n-600x1067.jpg 600w, https:\/\/buletin.de\/bucuresti\/wp-content\/uploads\/2025\/10\/569372506_1143152317990633_5231811767226206110_n-20x36.jpg 20w, https:\/\/buletin.de\/bucuresti\/wp-content\/uploads\/2025\/10\/569372506_1143152317990633_5231811767226206110_n.jpg 1080w\" sizes=\"(max-width: 563px) 100vw, 563px\" \/><\/figure>\n\n\n\n<figure class=\"wp-block-image size-large\"><img decoding=\"async\" width=\"1000\" height=\"563\" data-id=\"153735\" src=\"data:image\/gif;base64,R0lGODlhAQABAAAAACH5BAEKAAEALAAAAAABAAEAAAICTAEAOw==\" data-src=\"https:\/\/buletin.de\/bucuresti\/wp-content\/uploads\/2025\/10\/565629654_1143152314657300_5736196610843671736_n-1000x563.jpg\" alt=\"\" class=\"wp-image-153735 lazyload\" data-sizes=\"auto\" data-srcset=\"https:\/\/buletin.de\/bucuresti\/wp-content\/uploads\/2025\/10\/565629654_1143152314657300_5736196610843671736_n-1000x563.jpg 1000w, https:\/\/buletin.de\/bucuresti\/wp-content\/uploads\/2025\/10\/565629654_1143152314657300_5736196610843671736_n-300x169.jpg 300w, https:\/\/buletin.de\/bucuresti\/wp-content\/uploads\/2025\/10\/565629654_1143152314657300_5736196610843671736_n-768x432.jpg 768w, https:\/\/buletin.de\/bucuresti\/wp-content\/uploads\/2025\/10\/565629654_1143152314657300_5736196610843671736_n-1536x864.jpg 1536w, https:\/\/buletin.de\/bucuresti\/wp-content\/uploads\/2025\/10\/565629654_1143152314657300_5736196610843671736_n-1600x900.jpg 1600w, https:\/\/buletin.de\/bucuresti\/wp-content\/uploads\/2025\/10\/565629654_1143152314657300_5736196610843671736_n-1100x619.jpg 1100w, https:\/\/buletin.de\/bucuresti\/wp-content\/uploads\/2025\/10\/565629654_1143152314657300_5736196610843671736_n-600x338.jpg 600w, https:\/\/buletin.de\/bucuresti\/wp-content\/uploads\/2025\/10\/565629654_1143152314657300_5736196610843671736_n-20x11.jpg 20w, https:\/\/buletin.de\/bucuresti\/wp-content\/uploads\/2025\/10\/565629654_1143152314657300_5736196610843671736_n.jpg 1920w\" sizes=\"(max-width: 1000px) 100vw, 1000px\" \/><\/figure>\n\n\n\n<figure class=\"wp-block-image size-large\"><img decoding=\"async\" width=\"1000\" height=\"750\" data-id=\"153736\" src=\"data:image\/gif;base64,R0lGODlhAQABAAAAACH5BAEKAAEALAAAAAABAAEAAAICTAEAOw==\" data-src=\"https:\/\/buletin.de\/bucuresti\/wp-content\/uploads\/2025\/10\/565872039_1143152241323974_5806051696519867926_n-1000x750.jpg\" alt=\"\" class=\"wp-image-153736 lazyload\" data-sizes=\"auto\" data-srcset=\"https:\/\/buletin.de\/bucuresti\/wp-content\/uploads\/2025\/10\/565872039_1143152241323974_5806051696519867926_n-1000x750.jpg 1000w, https:\/\/buletin.de\/bucuresti\/wp-content\/uploads\/2025\/10\/565872039_1143152241323974_5806051696519867926_n-300x225.jpg 300w, https:\/\/buletin.de\/bucuresti\/wp-content\/uploads\/2025\/10\/565872039_1143152241323974_5806051696519867926_n-768x576.jpg 768w, https:\/\/buletin.de\/bucuresti\/wp-content\/uploads\/2025\/10\/565872039_1143152241323974_5806051696519867926_n-1536x1152.jpg 1536w, https:\/\/buletin.de\/bucuresti\/wp-content\/uploads\/2025\/10\/565872039_1143152241323974_5806051696519867926_n-1100x825.jpg 1100w, https:\/\/buletin.de\/bucuresti\/wp-content\/uploads\/2025\/10\/565872039_1143152241323974_5806051696519867926_n-600x450.jpg 600w, https:\/\/buletin.de\/bucuresti\/wp-content\/uploads\/2025\/10\/565872039_1143152241323974_5806051696519867926_n-20x15.jpg 20w, https:\/\/buletin.de\/bucuresti\/wp-content\/uploads\/2025\/10\/565872039_1143152241323974_5806051696519867926_n.jpg 1600w\" sizes=\"(max-width: 1000px) 100vw, 1000px\" \/><\/figure>\n\n\n\n<figure class=\"wp-block-image size-large\"><img loading=\"lazy\" decoding=\"async\" width=\"1000\" height=\"750\" data-id=\"153741\" src=\"data:image\/gif;base64,R0lGODlhAQABAAAAACH5BAEKAAEALAAAAAABAAEAAAICTAEAOw==\" data-src=\"https:\/\/buletin.de\/bucuresti\/wp-content\/uploads\/2025\/10\/565899947_1143152527990612_7546658738688813753_n-1000x750.jpg\" alt=\"\" class=\"wp-image-153741 lazyload\" data-sizes=\"auto\" data-srcset=\"https:\/\/buletin.de\/bucuresti\/wp-content\/uploads\/2025\/10\/565899947_1143152527990612_7546658738688813753_n-1000x750.jpg 1000w, https:\/\/buletin.de\/bucuresti\/wp-content\/uploads\/2025\/10\/565899947_1143152527990612_7546658738688813753_n-300x225.jpg 300w, https:\/\/buletin.de\/bucuresti\/wp-content\/uploads\/2025\/10\/565899947_1143152527990612_7546658738688813753_n-768x576.jpg 768w, https:\/\/buletin.de\/bucuresti\/wp-content\/uploads\/2025\/10\/565899947_1143152527990612_7546658738688813753_n-1536x1152.jpg 1536w, https:\/\/buletin.de\/bucuresti\/wp-content\/uploads\/2025\/10\/565899947_1143152527990612_7546658738688813753_n-1100x825.jpg 1100w, https:\/\/buletin.de\/bucuresti\/wp-content\/uploads\/2025\/10\/565899947_1143152527990612_7546658738688813753_n-600x450.jpg 600w, https:\/\/buletin.de\/bucuresti\/wp-content\/uploads\/2025\/10\/565899947_1143152527990612_7546658738688813753_n-20x15.jpg 20w, https:\/\/buletin.de\/bucuresti\/wp-content\/uploads\/2025\/10\/565899947_1143152527990612_7546658738688813753_n.jpg 1600w\" sizes=\"(max-width: 1000px) 100vw, 1000px\" \/><\/figure>\n\n\n\n<figure class=\"wp-block-image size-large\"><img loading=\"lazy\" decoding=\"async\" width=\"1000\" height=\"750\" data-id=\"153737\" src=\"data:image\/gif;base64,R0lGODlhAQABAAAAACH5BAEKAAEALAAAAAABAAEAAAICTAEAOw==\" data-src=\"https:\/\/buletin.de\/bucuresti\/wp-content\/uploads\/2025\/10\/567965892_1143152511323947_8319238754899347389_n-1000x750.jpg\" alt=\"\" class=\"wp-image-153737 lazyload\" data-sizes=\"auto\" data-srcset=\"https:\/\/buletin.de\/bucuresti\/wp-content\/uploads\/2025\/10\/567965892_1143152511323947_8319238754899347389_n-1000x750.jpg 1000w, https:\/\/buletin.de\/bucuresti\/wp-content\/uploads\/2025\/10\/567965892_1143152511323947_8319238754899347389_n-300x225.jpg 300w, https:\/\/buletin.de\/bucuresti\/wp-content\/uploads\/2025\/10\/567965892_1143152511323947_8319238754899347389_n-768x576.jpg 768w, https:\/\/buletin.de\/bucuresti\/wp-content\/uploads\/2025\/10\/567965892_1143152511323947_8319238754899347389_n-1536x1152.jpg 1536w, https:\/\/buletin.de\/bucuresti\/wp-content\/uploads\/2025\/10\/567965892_1143152511323947_8319238754899347389_n-1100x825.jpg 1100w, https:\/\/buletin.de\/bucuresti\/wp-content\/uploads\/2025\/10\/567965892_1143152511323947_8319238754899347389_n-600x450.jpg 600w, https:\/\/buletin.de\/bucuresti\/wp-content\/uploads\/2025\/10\/567965892_1143152511323947_8319238754899347389_n-20x15.jpg 20w, https:\/\/buletin.de\/bucuresti\/wp-content\/uploads\/2025\/10\/567965892_1143152511323947_8319238754899347389_n.jpg 1600w\" sizes=\"(max-width: 1000px) 100vw, 1000px\" \/><\/figure>\n\n\n\n<figure class=\"wp-block-image size-large\"><img loading=\"lazy\" decoding=\"async\" width=\"1000\" height=\"750\" data-id=\"153740\" src=\"data:image\/gif;base64,R0lGODlhAQABAAAAACH5BAEKAAEALAAAAAABAAEAAAICTAEAOw==\" data-src=\"https:\/\/buletin.de\/bucuresti\/wp-content\/uploads\/2025\/10\/559222509_1143152434657288_6282271301638906455_n-1000x750.jpg\" alt=\"\" class=\"wp-image-153740 lazyload\" data-sizes=\"auto\" data-srcset=\"https:\/\/buletin.de\/bucuresti\/wp-content\/uploads\/2025\/10\/559222509_1143152434657288_6282271301638906455_n-1000x750.jpg 1000w, https:\/\/buletin.de\/bucuresti\/wp-content\/uploads\/2025\/10\/559222509_1143152434657288_6282271301638906455_n-300x225.jpg 300w, https:\/\/buletin.de\/bucuresti\/wp-content\/uploads\/2025\/10\/559222509_1143152434657288_6282271301638906455_n-768x576.jpg 768w, https:\/\/buletin.de\/bucuresti\/wp-content\/uploads\/2025\/10\/559222509_1143152434657288_6282271301638906455_n-1536x1152.jpg 1536w, https:\/\/buletin.de\/bucuresti\/wp-content\/uploads\/2025\/10\/559222509_1143152434657288_6282271301638906455_n-1100x825.jpg 1100w, https:\/\/buletin.de\/bucuresti\/wp-content\/uploads\/2025\/10\/559222509_1143152434657288_6282271301638906455_n-600x450.jpg 600w, https:\/\/buletin.de\/bucuresti\/wp-content\/uploads\/2025\/10\/559222509_1143152434657288_6282271301638906455_n-20x15.jpg 20w, https:\/\/buletin.de\/bucuresti\/wp-content\/uploads\/2025\/10\/559222509_1143152434657288_6282271301638906455_n.jpg 1600w\" sizes=\"(max-width: 1000px) 100vw, 1000px\" \/><\/figure>\n\n\n\n<figure class=\"wp-block-image size-large\"><img loading=\"lazy\" decoding=\"async\" width=\"1000\" height=\"563\" data-id=\"153738\" src=\"data:image\/gif;base64,R0lGODlhAQABAAAAACH5BAEKAAEALAAAAAABAAEAAAICTAEAOw==\" data-src=\"https:\/\/buletin.de\/bucuresti\/wp-content\/uploads\/2025\/10\/565773625_1143152391323959_4839721821636718677_n-1000x563.jpg\" alt=\"\" class=\"wp-image-153738 lazyload\" data-sizes=\"auto\" data-srcset=\"https:\/\/buletin.de\/bucuresti\/wp-content\/uploads\/2025\/10\/565773625_1143152391323959_4839721821636718677_n-1000x563.jpg 1000w, https:\/\/buletin.de\/bucuresti\/wp-content\/uploads\/2025\/10\/565773625_1143152391323959_4839721821636718677_n-300x169.jpg 300w, https:\/\/buletin.de\/bucuresti\/wp-content\/uploads\/2025\/10\/565773625_1143152391323959_4839721821636718677_n-768x432.jpg 768w, https:\/\/buletin.de\/bucuresti\/wp-content\/uploads\/2025\/10\/565773625_1143152391323959_4839721821636718677_n-1536x864.jpg 1536w, https:\/\/buletin.de\/bucuresti\/wp-content\/uploads\/2025\/10\/565773625_1143152391323959_4839721821636718677_n-1600x900.jpg 1600w, https:\/\/buletin.de\/bucuresti\/wp-content\/uploads\/2025\/10\/565773625_1143152391323959_4839721821636718677_n-1100x619.jpg 1100w, https:\/\/buletin.de\/bucuresti\/wp-content\/uploads\/2025\/10\/565773625_1143152391323959_4839721821636718677_n-600x338.jpg 600w, https:\/\/buletin.de\/bucuresti\/wp-content\/uploads\/2025\/10\/565773625_1143152391323959_4839721821636718677_n-20x11.jpg 20w, https:\/\/buletin.de\/bucuresti\/wp-content\/uploads\/2025\/10\/565773625_1143152391323959_4839721821636718677_n.jpg 1920w\" sizes=\"(max-width: 1000px) 100vw, 1000px\" \/><\/figure>\n<figcaption class=\"blocks-gallery-caption wp-element-caption\">FOTO: PS5<\/figcaption><\/figure>\n\n\n\n<p>Centrul de ajutor pentru persoanele afectate de explozia din Rahova este deschis prin intermediul Direc\u021biei de Asisten\u021b\u0103 Social\u0103 \u0219i Protec\u021bia Copilului Sector 5, \u00eempreun\u0103 cu Crucea Ro\u0219ie Rom\u00e2n\u0103 &#8211; Filiala Sector 5 Bucure\u0219ti.<\/p>\n\n\n\n<p><strong>CITE\u0218TE \u0218I:<\/strong> <a href=\"https:\/\/buletin.de\/bucuresti\/sector-1-de-unde-pot-fi-colectate-gratuit-deseurile-voluminoase-si-electrocasnicele-defecte-pe-22-octombrie-2025\/\">Sector 1 | Unde pot fi colectate gratuit de\u0219eurile voluminoase \u0219i electrocasnicele defecte, pe 22 octombrie 2025<\/a><\/p>\n\n\n\n<h2 class=\"wp-block-heading\" id=\"h-primele-familii-din-blocul-care-a-explodat-in-rahova-s-au-mutat-in-locuin\u021bele-oferite-de-primaria-capitalei\">Primele familii din blocul care a explodat \u00een Rahova s-au mutat \u00een locuin\u021bele oferite de Prim\u0103ria Capitalei<\/h2>\n\n\n\n<p><strong>Primele familii din blocul care a explodat \u00een Rahova s-au mutat \u00een locuin\u021bele oferite de Prim\u0103ria Capitalei. Acestea sunt dintre cele care au membri r\u0103ni\u021bi \u00een timpul deflagra\u021biei \u0219i care sunt cele mai vulnerabile, potrivit institu\u021biei.<\/strong><\/p>\n\n\n\n<h2 class=\"wp-block-heading\" id=\"h-s-au-mutat-primele-patru-familii-cele-mai-afectate-din-blocul-care-a-explodat\">S-au mutat primele patru familii cele mai afectate din blocul care a explodat<\/h2>\n\n\n\n<p>\u201ePrimele 4 familii afectate de explozia din cartierul Rahova s-au mutat \u00een apartamente pe termen mediu \u0219i lung, complet mobilate \u0219i utilate, situate \u00een zone sigure \u0219i bine conectate ale Capitalei.<\/p>\n\n\n\n<p>Cu sprijinul Asocia\u021biei Habitat for Humanity Rom\u00e2nia, aceste familii \u2014 dintre cele mai grav afectate, unele av\u00e2nd membri r\u0103ni\u021bi sau spitaliza\u021bi \u2014 au primit un loc sigur \u0219i decent \u00een care s\u0103 poat\u0103 \u00eencepe s\u0103-\u0219i reconstruiasc\u0103 vie\u021bile\u201d, a precizat Prim\u0103ria Capitalei.<\/p>\n\n\n\n<p>Primarul general interimar, Stelian Bujduveanu, a men\u021bionat c\u0103, \u00een acela\u0219i timp, institu\u021bia a \u00eenceput procedurile pentru identificarea \u0219i \u00eenchirierea locuin\u021belor \u00een care urmeaz\u0103 s\u0103 fie relocate \u0219i celelalte familii.<\/p>\n\n\n\n<p>\u201eAm primit oferta Asocia\u021biei P\u0103rin\u021bi Salvatori care pune la dispozi\u021bia persoanelor afectate 3 apartamente pe termen mediu \u0219i lung,<\/p>\n\n\n\n<p>Alte 111 persoane sunt cazate \u00een patru unit\u0103\u021bi hoteliere, iar 384 de persoane au beneficiat p\u00e2n\u0103 acum de consiliere \u0219i sprijin personalizat,<\/p>\n\n\n\n<p>Administra\u021bia Str\u0103zilor Bucure\u0219ti a intervenit prompt \u0219i a ridicat toate ma\u0219inile afectate \u2014 aproximativ 15 autoturisme\u201d,&nbsp;<a href=\"https:\/\/www.facebook.com\/100063903183153\/posts\/pfbid0FrSoMschmNTeWpRnNnMptqnVhQvrr2wtqMwfrAPRLsdYK3kVxesSR6NoM9DYfxtul\/?app=fbl\" target=\"_blank\" rel=\"noreferrer noopener\">a men\u021bionat Stelian Bujduveanu<\/a>.<\/p>\n\n\n\n<p><strong>Cei care doresc s\u0103 se al\u0103ture eforturilor pot dona aici:<\/strong><\/p>\n\n\n\n<ul class=\"wp-block-list\">\n<li>Cont de dona\u021bii (RON)<\/li>\n\n\n\n<li>RO24CITI0000000825024433<\/li>\n\n\n\n<li>Funda\u021bia World Vision Rom\u00e2nia<\/li>\n\n\n\n<li>Men\u021biune: \u201eFond de urgen\u021b\u0103 explozie Rahova\u201d.<\/li>\n<\/ul>\n\n\n\n<p><strong>CITE\u0218TE \u0218I:&nbsp;<a href=\"https:\/\/buletin.de\/bucuresti\/distrigaz-a-reluat-alimentarea-cu-gaze-pe-unele-strazi-din-cartierul-rahova\/\" target=\"_blank\" rel=\"noreferrer noopener\">Distrigaz a reluat alimentarea cu gaze pe unele str\u0103zi din cartierul Rahova<\/a><\/strong><\/p>\n\n\n\n<h2 class=\"wp-block-heading\" id=\"h-alte-ac\u021biuni-ale-primariei-capitalei\">Alte ac\u021biuni ale Prim\u0103riei Capitalei<\/h2>\n\n\n\n<p><strong>Prim\u0103ria Municipiului Bucure\u0219ti a publicat, la o zi de la explozia din Rahova, bilan\u021bul ac\u021biunilor \u00eentreprinse de echipele prim\u0103riei \u0219i ale Direc\u021biei Generale de Asisten\u021b\u0103 \u0219i Protec\u021bia Copilului Bucure\u0219ti (DGASMB).<\/strong><\/p>\n\n\n\n<p><strong>Sute de persoane au fost consiliate psihologic, iar zeci de persoane au fost cazate \u00een unit\u0103\u021bi hoteliere, printre care \u0219i copii sau v\u00e2rstnici.<\/strong><\/p>\n\n\n\n<p>Municipalitatea anun\u021b\u0103 \u0219i c\u0103&nbsp;<strong>linia de sprijin 021.9524<\/strong>&nbsp;r\u0103m\u00e2ne activ\u0103 permanent, iar cei care au nevoie de ajutor, informa\u021bii sau cazare pot suna oric\u00e2nd \u0219i vor fi prelua\u021bi de un angajat al institu\u021biei.<\/p>\n\n\n\n<p><a href=\"https:\/\/www.pmb.ro\/\" target=\"_blank\" rel=\"noreferrer noopener\">Prim\u0103ria Municipiului Bucure\u0219ti<\/a>&nbsp;informeaz\u0103 c\u0103 \u00een cursul zilei de ieri, 17 octombrie, dar \u0219i pe timpul nop\u021bii, au fost consiliate psihologic nu mai pu\u021bin de 286 de persoane care au fost marcate de explozia tragic\u0103 de pe Strada Vicina nr.1.<\/p>\n\n\n\n<p>\u00cen aceste momente 66 de persoane sunt cazate \u00een unit\u0103\u021bi hoteliere partenere ale Prim\u0103riei Generale. Dintre acestea trei sunt copii, iar 11 v\u00e2rstnici. De asemenea, mai sunt disponibile 411 locuri de cazare pentru oricine solicit\u0103 sprijin \u00een acest sens.<\/p>\n\n\n\n<p><strong>CITE\u0218TE \u0218I:<\/strong> <a href=\"https:\/\/buletin.de\/bucuresti\/voluntari-150-de-imobile-in-continuare-fara-gaze-si-caldura-dupa-incendiul-de-duminica\/\">Voluntari | 150 de imobile sunt \u00een continuare f\u0103r\u0103 gaze \u0219i c\u0103ldur\u0103, dup\u0103 incendiul de duminic\u0103<\/a><\/p>\n\n\n\n<p> <\/p>\n","protected":false},"excerpt":{"rendered":"<p>Cet\u0103\u021benii din Sectorul 5, \u0219i nu numai, pot ajuta, \u00een continuare, persoanele afectate de explozia din Rahova. Se pot dona haine de sezon, alimente greu perisabile, p\u0103turi, produse de igien\u0103 \u0219i juc\u0103rii. Oamenii pot aduce tot ceea ce vor s\u0103 doneze la centrul deschis \u0218oseaua Viilor nr. 34\u201158, \u00een incinta Colegiului Economic Viilor, \u00eentre orele [&hellip;]<\/p>\n","protected":false},"author":49,"featured_media":153742,"comment_status":"closed","ping_status":"open","sticky":false,"template":"","format":"standard","meta":{"_acf_changed":false,"inline_featured_image":false,"ngg_post_thumbnail":0,"footnotes":""},"categories":[6994,24,62],"tags":[24332,24334,24249,24333],"ppma_author":[22574],"class_list":["post-153711","post","type-post","status-publish","format-standard","has-post-thumbnail","hentry","category-stiri-2","category-primarie","category-stiri","tag-centru-donare","tag-dgaspc-5","tag-explozie-rahova","tag-rucea-rosie-romana"],"acf":[],"yoast_head":"<!-- This site is optimized with the Yoast SEO Premium plugin v25.3 (Yoast SEO v27.4) - https:\/\/yoast.com\/product\/yoast-seo-premium-wordpress\/ -->\n<title>Sector 5 | Unde se poate dona pentru persoanele afectate de explozia din Rahova - Buletin de Bucure\u0219ti<\/title>\n<meta name=\"description\" content=\"Cet\u0103\u021benii din Sectorul 5, \u0219i nu numai, pot ajuta, \u00een continuare, persoanele afectate de explozia din Rahova.\" \/>\n<meta name=\"robots\" content=\"index, follow, max-snippet:-1, max-image-preview:large, max-video-preview:-1\" \/>\n<link rel=\"canonical\" href=\"https:\/\/buletin.de\/bucuresti\/cetatenii-din-sectorul-5-si-nu-numai-pot-ajuta-in-continuare-persoanele-afectate-de-explozia-din-rahova\/\" \/>\n<meta property=\"og:locale\" content=\"en_GB\" \/>\n<meta property=\"og:type\" content=\"article\" \/>\n<meta property=\"og:title\" content=\"Sector 5 | Unde se poate dona pentru persoanele afectate de explozia din Rahova\" \/>\n<meta property=\"og:description\" content=\"Cet\u0103\u021benii din Sectorul 5, \u0219i nu numai, pot ajuta, \u00een continuare, persoanele afectate de explozia din Rahova.\" \/>\n<meta property=\"og:url\" content=\"https:\/\/buletin.de\/bucuresti\/cetatenii-din-sectorul-5-si-nu-numai-pot-ajuta-in-continuare-persoanele-afectate-de-explozia-din-rahova\/\" \/>\n<meta property=\"og:site_name\" content=\"Buletin de Bucure\u0219ti\" \/>\n<meta property=\"article:publisher\" content=\"https:\/\/www.facebook.com\/buletin.de.buc\" \/>\n<meta property=\"article:published_time\" content=\"2025-10-21T11:42:12+00:00\" \/>\n<meta property=\"article:modified_time\" content=\"2025-10-21T11:42:13+00:00\" \/>\n<meta property=\"og:image\" content=\"https:\/\/buletin.de\/bucuresti\/wp-content\/uploads\/2025\/10\/568378493_1143152581323940_1854087501210633189_n.jpg\" \/>\n\t<meta property=\"og:image:width\" content=\"1920\" \/>\n\t<meta property=\"og:image:height\" content=\"1080\" \/>\n\t<meta property=\"og:image:type\" content=\"image\/jpeg\" \/>\n<meta name=\"author\" content=\"Diana Matei\" \/>\n<meta name=\"twitter:card\" content=\"summary_large_image\" \/>\n<meta name=\"twitter:label1\" content=\"Written by\" \/>\n\t<meta name=\"twitter:data1\" content=\"Diana Matei\" \/>\n\t<meta name=\"twitter:label2\" content=\"Estimated reading time\" \/>\n\t<meta name=\"twitter:data2\" content=\"5 minutes\" \/>\n<script type=\"application\/ld+json\" class=\"yoast-schema-graph\">{\"@context\":\"https:\\\/\\\/schema.org\",\"@graph\":[{\"@type\":\"Article\",\"@id\":\"https:\\\/\\\/buletin.de\\\/bucuresti\\\/cetatenii-din-sectorul-5-si-nu-numai-pot-ajuta-in-continuare-persoanele-afectate-de-explozia-din-rahova\\\/#article\",\"isPartOf\":{\"@id\":\"https:\\\/\\\/buletin.de\\\/bucuresti\\\/cetatenii-din-sectorul-5-si-nu-numai-pot-ajuta-in-continuare-persoanele-afectate-de-explozia-din-rahova\\\/\"},\"author\":{\"name\":\"Diana Matei\",\"@id\":\"https:\\\/\\\/buletin.de\\\/bucuresti\\\/#\\\/schema\\\/person\\\/7e46040573290777280a0835d81ea4ea\"},\"headline\":\"Sector 5 | Unde se poate dona pentru persoanele afectate de explozia din Rahova\",\"datePublished\":\"2025-10-21T11:42:12+00:00\",\"dateModified\":\"2025-10-21T11:42:13+00:00\",\"mainEntityOfPage\":{\"@id\":\"https:\\\/\\\/buletin.de\\\/bucuresti\\\/cetatenii-din-sectorul-5-si-nu-numai-pot-ajuta-in-continuare-persoanele-afectate-de-explozia-din-rahova\\\/\"},\"wordCount\":693,\"publisher\":{\"@id\":\"https:\\\/\\\/buletin.de\\\/bucuresti\\\/#organization\"},\"image\":{\"@id\":\"https:\\\/\\\/buletin.de\\\/bucuresti\\\/cetatenii-din-sectorul-5-si-nu-numai-pot-ajuta-in-continuare-persoanele-afectate-de-explozia-din-rahova\\\/#primaryimage\"},\"thumbnailUrl\":\"https:\\\/\\\/buletin.de\\\/bucuresti\\\/wp-content\\\/uploads\\\/2025\\\/10\\\/568378493_1143152581323940_1854087501210633189_n.jpg\",\"keywords\":[\"centru donare\",\"DGASPC 5\",\"explozie rahova\",\"rucea Ro\u0219ie Rom\u00e2n\u0103\"],\"articleSection\":[\"Articole\",\"Prim\u0103rie\",\"\u0218tiri\"],\"inLanguage\":\"en-GB\",\"copyrightYear\":\"2025\",\"copyrightHolder\":{\"@id\":\"https:\\\/\\\/buletin.de\\\/bucuresti\\\/#organization\"}},{\"@type\":\"WebPage\",\"@id\":\"https:\\\/\\\/buletin.de\\\/bucuresti\\\/cetatenii-din-sectorul-5-si-nu-numai-pot-ajuta-in-continuare-persoanele-afectate-de-explozia-din-rahova\\\/\",\"url\":\"https:\\\/\\\/buletin.de\\\/bucuresti\\\/cetatenii-din-sectorul-5-si-nu-numai-pot-ajuta-in-continuare-persoanele-afectate-de-explozia-din-rahova\\\/\",\"name\":\"Sector 5 | Unde se poate dona pentru persoanele afectate de explozia din Rahova - Buletin de Bucure\u0219ti\",\"isPartOf\":{\"@id\":\"https:\\\/\\\/buletin.de\\\/bucuresti\\\/#website\"},\"primaryImageOfPage\":{\"@id\":\"https:\\\/\\\/buletin.de\\\/bucuresti\\\/cetatenii-din-sectorul-5-si-nu-numai-pot-ajuta-in-continuare-persoanele-afectate-de-explozia-din-rahova\\\/#primaryimage\"},\"image\":{\"@id\":\"https:\\\/\\\/buletin.de\\\/bucuresti\\\/cetatenii-din-sectorul-5-si-nu-numai-pot-ajuta-in-continuare-persoanele-afectate-de-explozia-din-rahova\\\/#primaryimage\"},\"thumbnailUrl\":\"https:\\\/\\\/buletin.de\\\/bucuresti\\\/wp-content\\\/uploads\\\/2025\\\/10\\\/568378493_1143152581323940_1854087501210633189_n.jpg\",\"datePublished\":\"2025-10-21T11:42:12+00:00\",\"dateModified\":\"2025-10-21T11:42:13+00:00\",\"description\":\"Cet\u0103\u021benii din Sectorul 5, \u0219i nu numai, pot ajuta, \u00een continuare, persoanele afectate de explozia din Rahova.\",\"breadcrumb\":{\"@id\":\"https:\\\/\\\/buletin.de\\\/bucuresti\\\/cetatenii-din-sectorul-5-si-nu-numai-pot-ajuta-in-continuare-persoanele-afectate-de-explozia-din-rahova\\\/#breadcrumb\"},\"inLanguage\":\"en-GB\",\"potentialAction\":[{\"@type\":\"ReadAction\",\"target\":[\"https:\\\/\\\/buletin.de\\\/bucuresti\\\/cetatenii-din-sectorul-5-si-nu-numai-pot-ajuta-in-continuare-persoanele-afectate-de-explozia-din-rahova\\\/\"]}]},{\"@type\":\"ImageObject\",\"inLanguage\":\"en-GB\",\"@id\":\"https:\\\/\\\/buletin.de\\\/bucuresti\\\/cetatenii-din-sectorul-5-si-nu-numai-pot-ajuta-in-continuare-persoanele-afectate-de-explozia-din-rahova\\\/#primaryimage\",\"url\":\"https:\\\/\\\/buletin.de\\\/bucuresti\\\/wp-content\\\/uploads\\\/2025\\\/10\\\/568378493_1143152581323940_1854087501210633189_n.jpg\",\"contentUrl\":\"https:\\\/\\\/buletin.de\\\/bucuresti\\\/wp-content\\\/uploads\\\/2025\\\/10\\\/568378493_1143152581323940_1854087501210633189_n.jpg\",\"width\":1920,\"height\":1080,\"caption\":\"Sector 5 | Unde se poate dona pentru persoanele afectate de explozia din Rahova\"},{\"@type\":\"BreadcrumbList\",\"@id\":\"https:\\\/\\\/buletin.de\\\/bucuresti\\\/cetatenii-din-sectorul-5-si-nu-numai-pot-ajuta-in-continuare-persoanele-afectate-de-explozia-din-rahova\\\/#breadcrumb\",\"itemListElement\":[{\"@type\":\"ListItem\",\"position\":1,\"name\":\"Acas\u0103\",\"item\":\"https:\\\/\\\/buletin.de\\\/bucuresti\\\/\"},{\"@type\":\"ListItem\",\"position\":2,\"name\":\"Sector 5 | Unde se poate dona pentru persoanele afectate de explozia din Rahova\"}]},{\"@type\":\"WebSite\",\"@id\":\"https:\\\/\\\/buletin.de\\\/bucuresti\\\/#website\",\"url\":\"https:\\\/\\\/buletin.de\\\/bucuresti\\\/\",\"name\":\"Buletin de Bucure\u0219ti\",\"description\":\"\u0218tiri \u0219i investiga\u021bii esen\u021biale din capital\u0103\",\"publisher\":{\"@id\":\"https:\\\/\\\/buletin.de\\\/bucuresti\\\/#organization\"},\"potentialAction\":[{\"@type\":\"SearchAction\",\"target\":{\"@type\":\"EntryPoint\",\"urlTemplate\":\"https:\\\/\\\/buletin.de\\\/bucuresti\\\/?s={search_term_string}\"},\"query-input\":{\"@type\":\"PropertyValueSpecification\",\"valueRequired\":true,\"valueName\":\"search_term_string\"}}],\"inLanguage\":\"en-GB\"},{\"@type\":\"Organization\",\"@id\":\"https:\\\/\\\/buletin.de\\\/bucuresti\\\/#organization\",\"name\":\"Buletin de Bucure\u0219ti\",\"url\":\"https:\\\/\\\/buletin.de\\\/bucuresti\\\/\",\"logo\":{\"@type\":\"ImageObject\",\"inLanguage\":\"en-GB\",\"@id\":\"https:\\\/\\\/buletin.de\\\/bucuresti\\\/#\\\/schema\\\/logo\\\/image\\\/\",\"url\":\"https:\\\/\\\/buletin.de\\\/bucuresti\\\/wp-content\\\/uploads\\\/logo-bdb-full-wide-vernil-transparent.png\",\"contentUrl\":\"https:\\\/\\\/buletin.de\\\/bucuresti\\\/wp-content\\\/uploads\\\/logo-bdb-full-wide-vernil-transparent.png\",\"width\":1782,\"height\":626,\"caption\":\"Buletin de Bucure\u0219ti\"},\"image\":{\"@id\":\"https:\\\/\\\/buletin.de\\\/bucuresti\\\/#\\\/schema\\\/logo\\\/image\\\/\"},\"sameAs\":[\"https:\\\/\\\/www.facebook.com\\\/buletin.de.buc\",\"https:\\\/\\\/www.instagram.com\\\/buletinde.bucuresti\\\/\"]},{\"@type\":\"Person\",\"@id\":\"https:\\\/\\\/buletin.de\\\/bucuresti\\\/#\\\/schema\\\/person\\\/7e46040573290777280a0835d81ea4ea\",\"name\":\"Diana Matei\",\"image\":{\"@type\":\"ImageObject\",\"inLanguage\":\"en-GB\",\"@id\":\"https:\\\/\\\/buletin.de\\\/bucuresti\\\/wp-content\\\/uploads\\\/9-2-96x96.jpg1e8590b30871d70e62ebcdaf2eff570c\",\"url\":\"https:\\\/\\\/buletin.de\\\/bucuresti\\\/wp-content\\\/uploads\\\/9-2-96x96.jpg\",\"contentUrl\":\"https:\\\/\\\/buletin.de\\\/bucuresti\\\/wp-content\\\/uploads\\\/9-2-96x96.jpg\",\"caption\":\"Diana Matei\"},\"url\":\"https:\\\/\\\/buletin.de\\\/bucuresti\\\/author\\\/dianamatei\\\/\"}]}<\/script>\n<!-- \/ Yoast SEO Premium plugin. -->","yoast_head_json":{"title":"Sector 5 | Unde se poate dona pentru persoanele afectate de explozia din Rahova - Buletin de Bucure\u0219ti","description":"Cet\u0103\u021benii din Sectorul 5, \u0219i nu numai, pot ajuta, \u00een continuare, persoanele afectate de explozia din Rahova.","robots":{"index":"index","follow":"follow","max-snippet":"max-snippet:-1","max-image-preview":"max-image-preview:large","max-video-preview":"max-video-preview:-1"},"canonical":"https:\/\/buletin.de\/bucuresti\/cetatenii-din-sectorul-5-si-nu-numai-pot-ajuta-in-continuare-persoanele-afectate-de-explozia-din-rahova\/","og_locale":"en_GB","og_type":"article","og_title":"Sector 5 | Unde se poate dona pentru persoanele afectate de explozia din Rahova","og_description":"Cet\u0103\u021benii din Sectorul 5, \u0219i nu numai, pot ajuta, \u00een continuare, persoanele afectate de explozia din Rahova.","og_url":"https:\/\/buletin.de\/bucuresti\/cetatenii-din-sectorul-5-si-nu-numai-pot-ajuta-in-continuare-persoanele-afectate-de-explozia-din-rahova\/","og_site_name":"Buletin de Bucure\u0219ti","article_publisher":"https:\/\/www.facebook.com\/buletin.de.buc","article_published_time":"2025-10-21T11:42:12+00:00","article_modified_time":"2025-10-21T11:42:13+00:00","og_image":[{"width":1920,"height":1080,"url":"https:\/\/buletin.de\/bucuresti\/wp-content\/uploads\/2025\/10\/568378493_1143152581323940_1854087501210633189_n.jpg","type":"image\/jpeg"}],"author":"Diana Matei","twitter_card":"summary_large_image","twitter_misc":{"Written by":"Diana Matei","Estimated reading time":"5 minutes"},"schema":{"@context":"https:\/\/schema.org","@graph":[{"@type":"Article","@id":"https:\/\/buletin.de\/bucuresti\/cetatenii-din-sectorul-5-si-nu-numai-pot-ajuta-in-continuare-persoanele-afectate-de-explozia-din-rahova\/#article","isPartOf":{"@id":"https:\/\/buletin.de\/bucuresti\/cetatenii-din-sectorul-5-si-nu-numai-pot-ajuta-in-continuare-persoanele-afectate-de-explozia-din-rahova\/"},"author":{"name":"Diana Matei","@id":"https:\/\/buletin.de\/bucuresti\/#\/schema\/person\/7e46040573290777280a0835d81ea4ea"},"headline":"Sector 5 | Unde se poate dona pentru persoanele afectate de explozia din Rahova","datePublished":"2025-10-21T11:42:12+00:00","dateModified":"2025-10-21T11:42:13+00:00","mainEntityOfPage":{"@id":"https:\/\/buletin.de\/bucuresti\/cetatenii-din-sectorul-5-si-nu-numai-pot-ajuta-in-continuare-persoanele-afectate-de-explozia-din-rahova\/"},"wordCount":693,"publisher":{"@id":"https:\/\/buletin.de\/bucuresti\/#organization"},"image":{"@id":"https:\/\/buletin.de\/bucuresti\/cetatenii-din-sectorul-5-si-nu-numai-pot-ajuta-in-continuare-persoanele-afectate-de-explozia-din-rahova\/#primaryimage"},"thumbnailUrl":"https:\/\/buletin.de\/bucuresti\/wp-content\/uploads\/2025\/10\/568378493_1143152581323940_1854087501210633189_n.jpg","keywords":["centru donare","DGASPC 5","explozie rahova","rucea Ro\u0219ie Rom\u00e2n\u0103"],"articleSection":["Articole","Prim\u0103rie","\u0218tiri"],"inLanguage":"en-GB","copyrightYear":"2025","copyrightHolder":{"@id":"https:\/\/buletin.de\/bucuresti\/#organization"}},{"@type":"WebPage","@id":"https:\/\/buletin.de\/bucuresti\/cetatenii-din-sectorul-5-si-nu-numai-pot-ajuta-in-continuare-persoanele-afectate-de-explozia-din-rahova\/","url":"https:\/\/buletin.de\/bucuresti\/cetatenii-din-sectorul-5-si-nu-numai-pot-ajuta-in-continuare-persoanele-afectate-de-explozia-din-rahova\/","name":"Sector 5 | Unde se poate dona pentru persoanele afectate de explozia din Rahova - Buletin de Bucure\u0219ti","isPartOf":{"@id":"https:\/\/buletin.de\/bucuresti\/#website"},"primaryImageOfPage":{"@id":"https:\/\/buletin.de\/bucuresti\/cetatenii-din-sectorul-5-si-nu-numai-pot-ajuta-in-continuare-persoanele-afectate-de-explozia-din-rahova\/#primaryimage"},"image":{"@id":"https:\/\/buletin.de\/bucuresti\/cetatenii-din-sectorul-5-si-nu-numai-pot-ajuta-in-continuare-persoanele-afectate-de-explozia-din-rahova\/#primaryimage"},"thumbnailUrl":"https:\/\/buletin.de\/bucuresti\/wp-content\/uploads\/2025\/10\/568378493_1143152581323940_1854087501210633189_n.jpg","datePublished":"2025-10-21T11:42:12+00:00","dateModified":"2025-10-21T11:42:13+00:00","description":"Cet\u0103\u021benii din Sectorul 5, \u0219i nu numai, pot ajuta, \u00een continuare, persoanele afectate de explozia din Rahova.","breadcrumb":{"@id":"https:\/\/buletin.de\/bucuresti\/cetatenii-din-sectorul-5-si-nu-numai-pot-ajuta-in-continuare-persoanele-afectate-de-explozia-din-rahova\/#breadcrumb"},"inLanguage":"en-GB","potentialAction":[{"@type":"ReadAction","target":["https:\/\/buletin.de\/bucuresti\/cetatenii-din-sectorul-5-si-nu-numai-pot-ajuta-in-continuare-persoanele-afectate-de-explozia-din-rahova\/"]}]},{"@type":"ImageObject","inLanguage":"en-GB","@id":"https:\/\/buletin.de\/bucuresti\/cetatenii-din-sectorul-5-si-nu-numai-pot-ajuta-in-continuare-persoanele-afectate-de-explozia-din-rahova\/#primaryimage","url":"https:\/\/buletin.de\/bucuresti\/wp-content\/uploads\/2025\/10\/568378493_1143152581323940_1854087501210633189_n.jpg","contentUrl":"https:\/\/buletin.de\/bucuresti\/wp-content\/uploads\/2025\/10\/568378493_1143152581323940_1854087501210633189_n.jpg","width":1920,"height":1080,"caption":"Sector 5 | Unde se poate dona pentru persoanele afectate de explozia din Rahova"},{"@type":"BreadcrumbList","@id":"https:\/\/buletin.de\/bucuresti\/cetatenii-din-sectorul-5-si-nu-numai-pot-ajuta-in-continuare-persoanele-afectate-de-explozia-din-rahova\/#breadcrumb","itemListElement":[{"@type":"ListItem","position":1,"name":"Acas\u0103","item":"https:\/\/buletin.de\/bucuresti\/"},{"@type":"ListItem","position":2,"name":"Sector 5 | Unde se poate dona pentru persoanele afectate de explozia din Rahova"}]},{"@type":"WebSite","@id":"https:\/\/buletin.de\/bucuresti\/#website","url":"https:\/\/buletin.de\/bucuresti\/","name":"Buletin de Bucure\u0219ti","description":"\u0218tiri \u0219i investiga\u021bii esen\u021biale din capital\u0103","publisher":{"@id":"https:\/\/buletin.de\/bucuresti\/#organization"},"potentialAction":[{"@type":"SearchAction","target":{"@type":"EntryPoint","urlTemplate":"https:\/\/buletin.de\/bucuresti\/?s={search_term_string}"},"query-input":{"@type":"PropertyValueSpecification","valueRequired":true,"valueName":"search_term_string"}}],"inLanguage":"en-GB"},{"@type":"Organization","@id":"https:\/\/buletin.de\/bucuresti\/#organization","name":"Buletin de Bucure\u0219ti","url":"https:\/\/buletin.de\/bucuresti\/","logo":{"@type":"ImageObject","inLanguage":"en-GB","@id":"https:\/\/buletin.de\/bucuresti\/#\/schema\/logo\/image\/","url":"https:\/\/buletin.de\/bucuresti\/wp-content\/uploads\/logo-bdb-full-wide-vernil-transparent.png","contentUrl":"https:\/\/buletin.de\/bucuresti\/wp-content\/uploads\/logo-bdb-full-wide-vernil-transparent.png","width":1782,"height":626,"caption":"Buletin de Bucure\u0219ti"},"image":{"@id":"https:\/\/buletin.de\/bucuresti\/#\/schema\/logo\/image\/"},"sameAs":["https:\/\/www.facebook.com\/buletin.de.buc","https:\/\/www.instagram.com\/buletinde.bucuresti\/"]},{"@type":"Person","@id":"https:\/\/buletin.de\/bucuresti\/#\/schema\/person\/7e46040573290777280a0835d81ea4ea","name":"Diana Matei","image":{"@type":"ImageObject","inLanguage":"en-GB","@id":"https:\/\/buletin.de\/bucuresti\/wp-content\/uploads\/9-2-96x96.jpg1e8590b30871d70e62ebcdaf2eff570c","url":"https:\/\/buletin.de\/bucuresti\/wp-content\/uploads\/9-2-96x96.jpg","contentUrl":"https:\/\/buletin.de\/bucuresti\/wp-content\/uploads\/9-2-96x96.jpg","caption":"Diana Matei"},"url":"https:\/\/buletin.de\/bucuresti\/author\/dianamatei\/"}]}},"authors":[{"term_id":22574,"user_id":49,"is_guest":0,"slug":"dianamatei","display_name":"Diana Matei","avatar_url":"https:\/\/buletin.de\/bucuresti\/wp-content\/uploads\/9-2-96x96.jpg","0":null,"1":"","2":"","3":"","4":"","5":"","6":"","7":"","8":""}],"_links":{"self":[{"href":"https:\/\/buletin.de\/bucuresti\/wp-json\/wp\/v2\/posts\/153711","targetHints":{"allow":["GET"]}}],"collection":[{"href":"https:\/\/buletin.de\/bucuresti\/wp-json\/wp\/v2\/posts"}],"about":[{"href":"https:\/\/buletin.de\/bucuresti\/wp-json\/wp\/v2\/types\/post"}],"author":[{"embeddable":true,"href":"https:\/\/buletin.de\/bucuresti\/wp-json\/wp\/v2\/users\/49"}],"replies":[{"embeddable":true,"href":"https:\/\/buletin.de\/bucuresti\/wp-json\/wp\/v2\/comments?post=153711"}],"version-history":[{"count":1,"href":"https:\/\/buletin.de\/bucuresti\/wp-json\/wp\/v2\/posts\/153711\/revisions"}],"predecessor-version":[{"id":153745,"href":"https:\/\/buletin.de\/bucuresti\/wp-json\/wp\/v2\/posts\/153711\/revisions\/153745"}],"wp:featuredmedia":[{"embeddable":true,"href":"https:\/\/buletin.de\/bucuresti\/wp-json\/wp\/v2\/media\/153742"}],"wp:attachment":[{"href":"https:\/\/buletin.de\/bucuresti\/wp-json\/wp\/v2\/media?parent=153711"}],"wp:term":[{"taxonomy":"category","embeddable":true,"href":"https:\/\/buletin.de\/bucuresti\/wp-json\/wp\/v2\/categories?post=153711"},{"taxonomy":"post_tag","embeddable":true,"href":"https:\/\/buletin.de\/bucuresti\/wp-json\/wp\/v2\/tags?post=153711"},{"taxonomy":"author","embeddable":true,"href":"https:\/\/buletin.de\/bucuresti\/wp-json\/wp\/v2\/ppma_author?post=153711"}],"curies":[{"name":"wp","href":"https:\/\/api.w.org\/{rel}","templated":true}]}}