{"id":153705,"date":"2025-10-21T13:56:41","date_gmt":"2025-10-21T10:56:41","guid":{"rendered":"https:\/\/buletin.de\/bucuresti\/?p=153705"},"modified":"2025-10-21T15:06:24","modified_gmt":"2025-10-21T12:06:24","slug":"video-doi-ucraineni-aflati-in-slujba-rusiei-au-vrut-sa-incendieze-o-cladire-din-bucuresti-au-fost-retinuti-de-diicot","status":"publish","type":"post","link":"https:\/\/buletin.de\/bucuresti\/video-doi-ucraineni-aflati-in-slujba-rusiei-au-vrut-sa-incendieze-o-cladire-din-bucuresti-au-fost-retinuti-de-diicot\/","title":{"rendered":"VIDEO | Doi ucraineni afla\u021bi \u00een slujba Rusiei au vrut s\u0103 incendieze o cl\u0103dire din Bucure\u0219ti. Complicii lor au fost re\u021binu\u021bi \u00een Polonia"},"content":{"rendered":"\n<p><strong>Doi ucraineni afla\u021bi \u00een slujba Rusiei au fost re\u021binu\u021bi de procurorii DIICOT, dup\u0103 ce ar fi \u00eencercat s\u0103 incendieze sediul firmei de curierat Nova Post din Bucure\u0219ti, a anun\u021bat mar\u021bi institu\u021bia.<\/strong><\/p>\n\n\n\n<p>Alte \u0219ase persoane implicate \u00een acest caz au fost re\u021binu\u021bi la Var\u0219ovia, au anun\u021bat \u0219i autorit\u0103\u021bile poloneze.<\/p>\n\n\n\n<p>Opera\u021biunea a fost confirmat\u0103 \u0219i de c\u0103tre Serviciul Rom\u00e2n de Informa\u021bii. <\/p>\n\n\n\n<p>\u201eServiciul Rom\u00e2n de Informa\u021bii, \u00een cooperare cu DIICOT, MAI-DCCO \u015fi MApN-DGIA, precum \u0219i cu servicii partenere externe, a prevenit comiterea unei noi opera\u021biuni de sabotaj pe teritoriul na\u021bional, cu implicarea a doi cet\u0103\u021beni ucraineni, afla\u021bi sub coordonarea direct\u0103 a unor reprezentan\u021bi ai serviciilor secrete ruse, scopul acestora fiind distrugerea prin incendiere a unui sediu al companiei NOVA POST din municipiul Bucure\u0219ti\u201d, se arat\u0103 \u00een comunicatul SRI.<\/p>\n\n\n\n<p>Cei doi inculpa\u021bi prin\u0219i \u00een Bucure\u0219ti au 21 \u0219i 24 de ani \u0219i sunt acuza\u021bi de tentativ\u0103 la acte de diversiune, potrivit unui comunicat transmis de Direc\u021bia de Investigare a Infrac\u021biunilor de Criminalitate Organizat\u0103 \u0219i Terorism \u2013 Structura Central\u0103.<\/p>\n\n\n\n<p><strong>Nova Post este cea mai mare companie privat\u0103 de curierat ucrainean\u0103.<\/strong><\/p>\n\n\n\n<figure class=\"wp-block-embed is-type-video is-provider-youtube wp-block-embed-youtube wp-embed-aspect-16-9 wp-has-aspect-ratio\"><div class=\"wp-block-embed__wrapper\">\n<iframe title=\"Doi ucraineni afla\u021bi \u00een slujba Rusiei au vrut s\u0103 incendieze o cl\u0103dire din Bucure\u0219ti\" width=\"1200\" height=\"675\" src=\"https:\/\/www.youtube.com\/embed\/ev9yNwSn_ZQ?feature=oembed\" frameborder=\"0\" allow=\"accelerometer; autoplay; clipboard-write; encrypted-media; gyroscope; picture-in-picture; web-share\" referrerpolicy=\"strict-origin-when-cross-origin\" allowfullscreen><\/iframe>\n<\/div><\/figure>\n\n\n\n<h2 class=\"wp-block-heading\" id=\"h-care-erau-planurile-celor-doi-ucraineni-afla\u021bi-in-slujba-rusiei\">Care erau planurile celor doi ucraineni afla\u021bi \u00een slujba Rusiei<\/h2>\n\n\n\n<p><a href=\"https:\/\/buletin.de\/bucuresti\/politia-capitalei-perchezitii-la-locuinta-unui-tanar-acuzat-ca-a-promovat-pe-internet-idei-extremiste\/\" target=\"_blank\" rel=\"noreferrer noopener\">Potrivit DIICOT<\/a>, cei doi ucrainei ar fi intrat pe teritoriul Rom\u00e2niei venind din Polonia, iar la data de 15 octombrie 2025 ar fi depus la sediul firmei de curierat interna\u021bional Nova Post dou\u0103 colete care con\u021bineau dispozitive artizanale, controlate de la distan\u021b\u0103, confec\u021bionate \u00een scopul distrugerii prin incendiere a cl\u0103dirii.<\/p>\n\n\n\n<p>\u201ePe baza probelor administrate s-a stabilit c\u0103 inculpa\u021bii au p\u0103truns pe teritoriul Rom\u00e2niei, iar la data de 15.10.2025 au depus la sediul unei societ\u0103\u021bi de curierat interna\u021bional, dou\u0103 colete ce con\u021bineau dispozitive confec\u021bionate artizanal, \u00een scopul distrugerii prin incendiere a respectivei cl\u0103diri.<\/p>\n\n\n\n<p>Loca\u021bia este situat\u0103 la parterul unui bloc de locuin\u021be situat \u00een zona central\u0103 a municipiului Bucure\u0219ti, \u00een Sectorul 3. \u00cen cazul \u00een care s-ar fi produs incendiul, acesta s-ar fi putut propaga cu u\u0219urin\u021b\u0103 la cl\u0103dirile din jur. <\/p>\n\n\n\n<p>Acest lucru ar fi creat un adev\u0103rat pericol asupra vie\u021bii multor persoane, dar \u0219i asupra imobilelor situate \u00een zona respectiv\u0103\u201d, se precizeaz\u0103 \u00een comunicatul <a href=\"https:\/\/www.diicot.ro\/mass-media\/5831-comunicat-de-presa-21-10-2025\" target=\"_blank\" rel=\"noreferrer noopener\">DIICOT<\/a>.<\/p>\n\n\n\n<p><strong>CITE\u0218TE \u0218I: <a href=\"https:\/\/buletin.de\/bucuresti\/pandele-cumpara-sacose-cu-alimente-de-baza-pentru-sarbatori-aproape-100-000-de-euro-vor-pleca-din-conturile-institutiei\/\" target=\"_blank\" rel=\"noreferrer noopener\">Cr\u0103ciun din bani publici | Pandele cump\u0103r\u0103 din nou saco\u0219e cu alimente de baz\u0103 pentru s\u0103rb\u0103tori. Aproape 100.000 de euro vor pleca din conturile institu\u021biei<\/a><\/strong><\/p>\n\n\n\n<h2 class=\"wp-block-heading\" id=\"h-dispozitivele-au-fost-dezamorsate\">Dispozitivele au fost dezamorsate <\/h2>\n\n\n\n<p><strong>Dispozitivele artizanale au fost dezamorsate, cu sprijinul speciali\u0219tilor pirotehni\u0219ti din cadrul Serviciului Rom\u00e2n de Informa\u021bii.<\/strong><\/p>\n\n\n\n<p>Ulterior, judec\u0103torul de drepturi \u0219i libert\u0103\u021bi din cadrul Cur\u021bii de Apel Bucure\u0219ti a dispus arestarea preventiv\u0103 a celor doi suspec\u021bi, pentru o perioad\u0103 de <strong>30 de zile<\/strong>. <\/p>\n\n\n\n<p>SRI men\u021bioneaz\u0103 c\u0103 datele ob\u021binute confirm\u0103 afilierea celor doi cet\u0103\u021beni ucraineni la o re\u021bea extins\u0103 de sabotori viz\u00e2nd \u021b\u0103ri europene, controlat\u0103 de serviciile secrete ruse. <\/p>\n\n\n\n<p>\u201eAc\u021biunile acestora se \u00eencadreaz\u0103 \u00een acela\u0219i tipar opera\u021bional care vizeaz\u0103 infrastructura extins\u0103 a companiei NOVA POST\u201d, arat\u0103 Serviciul Rom\u00e2n de Informa\u021bii.<\/p>\n\n\n\n<p>Autorit\u0103\u021bile poloneze au anun\u021bat c\u0103 \u00eem ultimele luni u re\u021binut un total de 55 de persoane care au ac\u021bionat pe teritoriul s\u0103u, \u00een numele serviciilor secrete ruse\u0219ti.<\/p>\n\n\n\n<p><strong>CITE\u0218TE \u0218I <a href=\"https:\/\/buletin.de\/bucuresti\/piese-si-telefoane-contrafacute-la-un-service-din-sectorul-4-politia-a-confiscat-peste-160-de-produse\/\" target=\"_blank\" rel=\"noreferrer noopener\">Piese \u0219i telefoane contraf\u0103cute la un service din Sectorul 4. Poli\u021bia a confiscat peste 160 de produse<\/a><\/strong><\/p>\n","protected":false},"excerpt":{"rendered":"<p>Doi ucraineni afla\u021bi \u00een slujba Rusiei au fost re\u021binu\u021bi de procurorii DIICOT, dup\u0103 ce ar fi \u00eencercat s\u0103 incendieze sediul firmei de curierat Nova Post din Bucure\u0219ti, a anun\u021bat mar\u021bi institu\u021bia. Alte \u0219ase persoane implicate \u00een acest caz au fost re\u021binu\u021bi la Var\u0219ovia, au anun\u021bat \u0219i autorit\u0103\u021bile poloneze. Opera\u021biunea a fost confirmat\u0103 \u0219i de c\u0103tre [&hellip;]<\/p>\n","protected":false},"author":1,"featured_media":153718,"comment_status":"closed","ping_status":"open","sticky":false,"template":"","format":"standard","meta":{"_acf_changed":false,"inline_featured_image":false,"ngg_post_thumbnail":0,"footnotes":""},"categories":[6994,9026,5762],"tags":[5108,9,1367,440],"ppma_author":[22583],"class_list":["post-153705","post","type-post","status-publish","format-standard","has-post-thumbnail","hentry","category-stiri-2","category-eveniment","category-main","tag-arest-preventiv","tag-bucuresti","tag-diicot","tag-sector-3"],"acf":[],"yoast_head":"<!-- This site is optimized with the Yoast SEO Premium plugin v25.3 (Yoast SEO v27.4) - https:\/\/yoast.com\/product\/yoast-seo-premium-wordpress\/ -->\n<title>VIDEO | Doi ucraineni afla\u021bi \u00een slujba Rusiei au vrut s\u0103 incendieze o cl\u0103dire din Bucure\u0219ti. Complicii lor au fost re\u021binu\u021bi \u00een Polonia - Buletin de Bucure\u0219ti<\/title>\n<meta name=\"description\" content=\"Doi ucraineni afla\u021bi \u00een slujba Rusiei au fost re\u021binu\u021bi de DIICOT, dup\u0103 ce ar fi \u00eencercat s\u0103 incendieze sediul unei firme de curierat.\" \/>\n<meta name=\"robots\" content=\"index, follow, max-snippet:-1, max-image-preview:large, max-video-preview:-1\" \/>\n<link rel=\"canonical\" href=\"https:\/\/buletin.de\/bucuresti\/video-doi-ucraineni-aflati-in-slujba-rusiei-au-vrut-sa-incendieze-o-cladire-din-bucuresti-au-fost-retinuti-de-diicot\/\" \/>\n<meta property=\"og:locale\" content=\"en_GB\" \/>\n<meta property=\"og:type\" content=\"article\" \/>\n<meta property=\"og:title\" content=\"VIDEO | Doi ucraineni afla\u021bi \u00een slujba Rusiei au vrut s\u0103 incendieze o cl\u0103dire din Bucure\u0219ti. Complicii lor au fost re\u021binu\u021bi \u00een Polonia\" \/>\n<meta property=\"og:description\" content=\"Doi ucraineni afla\u021bi \u00een slujba Rusiei au fost re\u021binu\u021bi de DIICOT, dup\u0103 ce ar fi \u00eencercat s\u0103 incendieze sediul unei firme de curierat.\" \/>\n<meta property=\"og:url\" content=\"https:\/\/buletin.de\/bucuresti\/video-doi-ucraineni-aflati-in-slujba-rusiei-au-vrut-sa-incendieze-o-cladire-din-bucuresti-au-fost-retinuti-de-diicot\/\" \/>\n<meta property=\"og:site_name\" content=\"Buletin de Bucure\u0219ti\" \/>\n<meta property=\"article:publisher\" content=\"https:\/\/www.facebook.com\/buletin.de.buc\" \/>\n<meta property=\"article:published_time\" content=\"2025-10-21T10:56:41+00:00\" \/>\n<meta property=\"article:modified_time\" content=\"2025-10-21T12:06:24+00:00\" \/>\n<meta property=\"og:image\" content=\"https:\/\/buletin.de\/bucuresti\/wp-content\/uploads\/2025\/10\/Doi-ucraineni-retinuti-DIICOT.jpg\" \/>\n\t<meta property=\"og:image:width\" content=\"1200\" \/>\n\t<meta property=\"og:image:height\" content=\"717\" \/>\n\t<meta property=\"og:image:type\" content=\"image\/jpeg\" \/>\n<meta name=\"author\" content=\"Redac\u021bia Buletin de Bucure\u0219ti\" \/>\n<meta name=\"twitter:card\" content=\"summary_large_image\" \/>\n<meta name=\"twitter:label1\" content=\"Written by\" \/>\n\t<meta name=\"twitter:data1\" content=\"Redac\u021bia Buletin de Bucure\u0219ti\" \/>\n\t<meta name=\"twitter:label2\" content=\"Estimated reading time\" \/>\n\t<meta name=\"twitter:data2\" content=\"3 minutes\" \/>\n<script type=\"application\/ld+json\" class=\"yoast-schema-graph\">{\"@context\":\"https:\\\/\\\/schema.org\",\"@graph\":[{\"@type\":\"Article\",\"@id\":\"https:\\\/\\\/buletin.de\\\/bucuresti\\\/video-doi-ucraineni-aflati-in-slujba-rusiei-au-vrut-sa-incendieze-o-cladire-din-bucuresti-au-fost-retinuti-de-diicot\\\/#article\",\"isPartOf\":{\"@id\":\"https:\\\/\\\/buletin.de\\\/bucuresti\\\/video-doi-ucraineni-aflati-in-slujba-rusiei-au-vrut-sa-incendieze-o-cladire-din-bucuresti-au-fost-retinuti-de-diicot\\\/\"},\"author\":{\"name\":\"Redac\u021bia Buletin de Bucure\u0219ti\",\"@id\":\"https:\\\/\\\/buletin.de\\\/bucuresti\\\/#\\\/schema\\\/person\\\/2bbcf854e5f2419a13804af574d06ab1\"},\"headline\":\"VIDEO | Doi ucraineni afla\u021bi \u00een slujba Rusiei au vrut s\u0103 incendieze o cl\u0103dire din Bucure\u0219ti. Complicii lor au fost re\u021binu\u021bi \u00een Polonia\",\"datePublished\":\"2025-10-21T10:56:41+00:00\",\"dateModified\":\"2025-10-21T12:06:24+00:00\",\"mainEntityOfPage\":{\"@id\":\"https:\\\/\\\/buletin.de\\\/bucuresti\\\/video-doi-ucraineni-aflati-in-slujba-rusiei-au-vrut-sa-incendieze-o-cladire-din-bucuresti-au-fost-retinuti-de-diicot\\\/\"},\"wordCount\":611,\"publisher\":{\"@id\":\"https:\\\/\\\/buletin.de\\\/bucuresti\\\/#organization\"},\"image\":{\"@id\":\"https:\\\/\\\/buletin.de\\\/bucuresti\\\/video-doi-ucraineni-aflati-in-slujba-rusiei-au-vrut-sa-incendieze-o-cladire-din-bucuresti-au-fost-retinuti-de-diicot\\\/#primaryimage\"},\"thumbnailUrl\":\"https:\\\/\\\/buletin.de\\\/bucuresti\\\/wp-content\\\/uploads\\\/2025\\\/10\\\/Doi-ucraineni-retinuti-DIICOT.jpg\",\"keywords\":[\"Arest preventiv\",\"bucuresti\",\"diicot\",\"Sector 3\"],\"articleSection\":[\"Articole\",\"Eveniment\",\"Main\"],\"inLanguage\":\"en-GB\",\"copyrightYear\":\"2025\",\"copyrightHolder\":{\"@id\":\"https:\\\/\\\/buletin.de\\\/bucuresti\\\/#organization\"}},{\"@type\":\"WebPage\",\"@id\":\"https:\\\/\\\/buletin.de\\\/bucuresti\\\/video-doi-ucraineni-aflati-in-slujba-rusiei-au-vrut-sa-incendieze-o-cladire-din-bucuresti-au-fost-retinuti-de-diicot\\\/\",\"url\":\"https:\\\/\\\/buletin.de\\\/bucuresti\\\/video-doi-ucraineni-aflati-in-slujba-rusiei-au-vrut-sa-incendieze-o-cladire-din-bucuresti-au-fost-retinuti-de-diicot\\\/\",\"name\":\"VIDEO | Doi ucraineni afla\u021bi \u00een slujba Rusiei au vrut s\u0103 incendieze o cl\u0103dire din Bucure\u0219ti. Complicii lor au fost re\u021binu\u021bi \u00een Polonia - Buletin de Bucure\u0219ti\",\"isPartOf\":{\"@id\":\"https:\\\/\\\/buletin.de\\\/bucuresti\\\/#website\"},\"primaryImageOfPage\":{\"@id\":\"https:\\\/\\\/buletin.de\\\/bucuresti\\\/video-doi-ucraineni-aflati-in-slujba-rusiei-au-vrut-sa-incendieze-o-cladire-din-bucuresti-au-fost-retinuti-de-diicot\\\/#primaryimage\"},\"image\":{\"@id\":\"https:\\\/\\\/buletin.de\\\/bucuresti\\\/video-doi-ucraineni-aflati-in-slujba-rusiei-au-vrut-sa-incendieze-o-cladire-din-bucuresti-au-fost-retinuti-de-diicot\\\/#primaryimage\"},\"thumbnailUrl\":\"https:\\\/\\\/buletin.de\\\/bucuresti\\\/wp-content\\\/uploads\\\/2025\\\/10\\\/Doi-ucraineni-retinuti-DIICOT.jpg\",\"datePublished\":\"2025-10-21T10:56:41+00:00\",\"dateModified\":\"2025-10-21T12:06:24+00:00\",\"description\":\"Doi ucraineni afla\u021bi \u00een slujba Rusiei au fost re\u021binu\u021bi de DIICOT, dup\u0103 ce ar fi \u00eencercat s\u0103 incendieze sediul unei firme de curierat.\",\"breadcrumb\":{\"@id\":\"https:\\\/\\\/buletin.de\\\/bucuresti\\\/video-doi-ucraineni-aflati-in-slujba-rusiei-au-vrut-sa-incendieze-o-cladire-din-bucuresti-au-fost-retinuti-de-diicot\\\/#breadcrumb\"},\"inLanguage\":\"en-GB\",\"potentialAction\":[{\"@type\":\"ReadAction\",\"target\":[\"https:\\\/\\\/buletin.de\\\/bucuresti\\\/video-doi-ucraineni-aflati-in-slujba-rusiei-au-vrut-sa-incendieze-o-cladire-din-bucuresti-au-fost-retinuti-de-diicot\\\/\"]}]},{\"@type\":\"ImageObject\",\"inLanguage\":\"en-GB\",\"@id\":\"https:\\\/\\\/buletin.de\\\/bucuresti\\\/video-doi-ucraineni-aflati-in-slujba-rusiei-au-vrut-sa-incendieze-o-cladire-din-bucuresti-au-fost-retinuti-de-diicot\\\/#primaryimage\",\"url\":\"https:\\\/\\\/buletin.de\\\/bucuresti\\\/wp-content\\\/uploads\\\/2025\\\/10\\\/Doi-ucraineni-retinuti-DIICOT.jpg\",\"contentUrl\":\"https:\\\/\\\/buletin.de\\\/bucuresti\\\/wp-content\\\/uploads\\\/2025\\\/10\\\/Doi-ucraineni-retinuti-DIICOT.jpg\",\"width\":1200,\"height\":717,\"caption\":\"Doi ucraineni au fost re\u021binu\u021bi de DIICOT pentru tentativ\u0103 de incendiere . Foto: DIICOT\"},{\"@type\":\"BreadcrumbList\",\"@id\":\"https:\\\/\\\/buletin.de\\\/bucuresti\\\/video-doi-ucraineni-aflati-in-slujba-rusiei-au-vrut-sa-incendieze-o-cladire-din-bucuresti-au-fost-retinuti-de-diicot\\\/#breadcrumb\",\"itemListElement\":[{\"@type\":\"ListItem\",\"position\":1,\"name\":\"Acas\u0103\",\"item\":\"https:\\\/\\\/buletin.de\\\/bucuresti\\\/\"},{\"@type\":\"ListItem\",\"position\":2,\"name\":\"VIDEO | Doi ucraineni afla\u021bi \u00een slujba Rusiei au vrut s\u0103 incendieze o cl\u0103dire din Bucure\u0219ti. Complicii lor au fost re\u021binu\u021bi \u00een Polonia\"}]},{\"@type\":\"WebSite\",\"@id\":\"https:\\\/\\\/buletin.de\\\/bucuresti\\\/#website\",\"url\":\"https:\\\/\\\/buletin.de\\\/bucuresti\\\/\",\"name\":\"Buletin de Bucure\u0219ti\",\"description\":\"\u0218tiri \u0219i investiga\u021bii esen\u021biale din capital\u0103\",\"publisher\":{\"@id\":\"https:\\\/\\\/buletin.de\\\/bucuresti\\\/#organization\"},\"potentialAction\":[{\"@type\":\"SearchAction\",\"target\":{\"@type\":\"EntryPoint\",\"urlTemplate\":\"https:\\\/\\\/buletin.de\\\/bucuresti\\\/?s={search_term_string}\"},\"query-input\":{\"@type\":\"PropertyValueSpecification\",\"valueRequired\":true,\"valueName\":\"search_term_string\"}}],\"inLanguage\":\"en-GB\"},{\"@type\":\"Organization\",\"@id\":\"https:\\\/\\\/buletin.de\\\/bucuresti\\\/#organization\",\"name\":\"Buletin de Bucure\u0219ti\",\"url\":\"https:\\\/\\\/buletin.de\\\/bucuresti\\\/\",\"logo\":{\"@type\":\"ImageObject\",\"inLanguage\":\"en-GB\",\"@id\":\"https:\\\/\\\/buletin.de\\\/bucuresti\\\/#\\\/schema\\\/logo\\\/image\\\/\",\"url\":\"https:\\\/\\\/buletin.de\\\/bucuresti\\\/wp-content\\\/uploads\\\/logo-bdb-full-wide-vernil-transparent.png\",\"contentUrl\":\"https:\\\/\\\/buletin.de\\\/bucuresti\\\/wp-content\\\/uploads\\\/logo-bdb-full-wide-vernil-transparent.png\",\"width\":1782,\"height\":626,\"caption\":\"Buletin de Bucure\u0219ti\"},\"image\":{\"@id\":\"https:\\\/\\\/buletin.de\\\/bucuresti\\\/#\\\/schema\\\/logo\\\/image\\\/\"},\"sameAs\":[\"https:\\\/\\\/www.facebook.com\\\/buletin.de.buc\",\"https:\\\/\\\/www.instagram.com\\\/buletinde.bucuresti\\\/\"]},{\"@type\":\"Person\",\"@id\":\"https:\\\/\\\/buletin.de\\\/bucuresti\\\/#\\\/schema\\\/person\\\/2bbcf854e5f2419a13804af574d06ab1\",\"name\":\"Redac\u021bia Buletin de Bucure\u0219ti\",\"image\":{\"@type\":\"ImageObject\",\"inLanguage\":\"en-GB\",\"@id\":\"https:\\\/\\\/secure.gravatar.com\\\/avatar\\\/18c5342381ed1a08620e6280424e3e5efc958618f5d67c522c9e44c1bc6f9226?s=96&d=monsterid&r=g60c7cd0ad92c68c049fcd4bb3504d609\",\"url\":\"https:\\\/\\\/secure.gravatar.com\\\/avatar\\\/18c5342381ed1a08620e6280424e3e5efc958618f5d67c522c9e44c1bc6f9226?s=96&d=monsterid&r=g\",\"contentUrl\":\"https:\\\/\\\/secure.gravatar.com\\\/avatar\\\/18c5342381ed1a08620e6280424e3e5efc958618f5d67c522c9e44c1bc6f9226?s=96&d=monsterid&r=g\",\"caption\":\"Redac\u021bia Buletin de Bucure\u0219ti\"},\"description\":\"Buletin de Bucure\u0219ti exist\u0103 din vara anului 2019.\",\"url\":\"https:\\\/\\\/buletin.de\\\/bucuresti\\\/author\\\/adminbuletin\\\/\"}]}<\/script>\n<!-- \/ Yoast SEO Premium plugin. -->","yoast_head_json":{"title":"VIDEO | Doi ucraineni afla\u021bi \u00een slujba Rusiei au vrut s\u0103 incendieze o cl\u0103dire din Bucure\u0219ti. Complicii lor au fost re\u021binu\u021bi \u00een Polonia - Buletin de Bucure\u0219ti","description":"Doi ucraineni afla\u021bi \u00een slujba Rusiei au fost re\u021binu\u021bi de DIICOT, dup\u0103 ce ar fi \u00eencercat s\u0103 incendieze sediul unei firme de curierat.","robots":{"index":"index","follow":"follow","max-snippet":"max-snippet:-1","max-image-preview":"max-image-preview:large","max-video-preview":"max-video-preview:-1"},"canonical":"https:\/\/buletin.de\/bucuresti\/video-doi-ucraineni-aflati-in-slujba-rusiei-au-vrut-sa-incendieze-o-cladire-din-bucuresti-au-fost-retinuti-de-diicot\/","og_locale":"en_GB","og_type":"article","og_title":"VIDEO | Doi ucraineni afla\u021bi \u00een slujba Rusiei au vrut s\u0103 incendieze o cl\u0103dire din Bucure\u0219ti. Complicii lor au fost re\u021binu\u021bi \u00een Polonia","og_description":"Doi ucraineni afla\u021bi \u00een slujba Rusiei au fost re\u021binu\u021bi de DIICOT, dup\u0103 ce ar fi \u00eencercat s\u0103 incendieze sediul unei firme de curierat.","og_url":"https:\/\/buletin.de\/bucuresti\/video-doi-ucraineni-aflati-in-slujba-rusiei-au-vrut-sa-incendieze-o-cladire-din-bucuresti-au-fost-retinuti-de-diicot\/","og_site_name":"Buletin de Bucure\u0219ti","article_publisher":"https:\/\/www.facebook.com\/buletin.de.buc","article_published_time":"2025-10-21T10:56:41+00:00","article_modified_time":"2025-10-21T12:06:24+00:00","og_image":[{"width":1200,"height":717,"url":"https:\/\/buletin.de\/bucuresti\/wp-content\/uploads\/2025\/10\/Doi-ucraineni-retinuti-DIICOT.jpg","type":"image\/jpeg"}],"author":"Redac\u021bia Buletin de Bucure\u0219ti","twitter_card":"summary_large_image","twitter_misc":{"Written by":"Redac\u021bia Buletin de Bucure\u0219ti","Estimated reading time":"3 minutes"},"schema":{"@context":"https:\/\/schema.org","@graph":[{"@type":"Article","@id":"https:\/\/buletin.de\/bucuresti\/video-doi-ucraineni-aflati-in-slujba-rusiei-au-vrut-sa-incendieze-o-cladire-din-bucuresti-au-fost-retinuti-de-diicot\/#article","isPartOf":{"@id":"https:\/\/buletin.de\/bucuresti\/video-doi-ucraineni-aflati-in-slujba-rusiei-au-vrut-sa-incendieze-o-cladire-din-bucuresti-au-fost-retinuti-de-diicot\/"},"author":{"name":"Redac\u021bia Buletin de Bucure\u0219ti","@id":"https:\/\/buletin.de\/bucuresti\/#\/schema\/person\/2bbcf854e5f2419a13804af574d06ab1"},"headline":"VIDEO | Doi ucraineni afla\u021bi \u00een slujba Rusiei au vrut s\u0103 incendieze o cl\u0103dire din Bucure\u0219ti. Complicii lor au fost re\u021binu\u021bi \u00een Polonia","datePublished":"2025-10-21T10:56:41+00:00","dateModified":"2025-10-21T12:06:24+00:00","mainEntityOfPage":{"@id":"https:\/\/buletin.de\/bucuresti\/video-doi-ucraineni-aflati-in-slujba-rusiei-au-vrut-sa-incendieze-o-cladire-din-bucuresti-au-fost-retinuti-de-diicot\/"},"wordCount":611,"publisher":{"@id":"https:\/\/buletin.de\/bucuresti\/#organization"},"image":{"@id":"https:\/\/buletin.de\/bucuresti\/video-doi-ucraineni-aflati-in-slujba-rusiei-au-vrut-sa-incendieze-o-cladire-din-bucuresti-au-fost-retinuti-de-diicot\/#primaryimage"},"thumbnailUrl":"https:\/\/buletin.de\/bucuresti\/wp-content\/uploads\/2025\/10\/Doi-ucraineni-retinuti-DIICOT.jpg","keywords":["Arest preventiv","bucuresti","diicot","Sector 3"],"articleSection":["Articole","Eveniment","Main"],"inLanguage":"en-GB","copyrightYear":"2025","copyrightHolder":{"@id":"https:\/\/buletin.de\/bucuresti\/#organization"}},{"@type":"WebPage","@id":"https:\/\/buletin.de\/bucuresti\/video-doi-ucraineni-aflati-in-slujba-rusiei-au-vrut-sa-incendieze-o-cladire-din-bucuresti-au-fost-retinuti-de-diicot\/","url":"https:\/\/buletin.de\/bucuresti\/video-doi-ucraineni-aflati-in-slujba-rusiei-au-vrut-sa-incendieze-o-cladire-din-bucuresti-au-fost-retinuti-de-diicot\/","name":"VIDEO | Doi ucraineni afla\u021bi \u00een slujba Rusiei au vrut s\u0103 incendieze o cl\u0103dire din Bucure\u0219ti. Complicii lor au fost re\u021binu\u021bi \u00een Polonia - Buletin de Bucure\u0219ti","isPartOf":{"@id":"https:\/\/buletin.de\/bucuresti\/#website"},"primaryImageOfPage":{"@id":"https:\/\/buletin.de\/bucuresti\/video-doi-ucraineni-aflati-in-slujba-rusiei-au-vrut-sa-incendieze-o-cladire-din-bucuresti-au-fost-retinuti-de-diicot\/#primaryimage"},"image":{"@id":"https:\/\/buletin.de\/bucuresti\/video-doi-ucraineni-aflati-in-slujba-rusiei-au-vrut-sa-incendieze-o-cladire-din-bucuresti-au-fost-retinuti-de-diicot\/#primaryimage"},"thumbnailUrl":"https:\/\/buletin.de\/bucuresti\/wp-content\/uploads\/2025\/10\/Doi-ucraineni-retinuti-DIICOT.jpg","datePublished":"2025-10-21T10:56:41+00:00","dateModified":"2025-10-21T12:06:24+00:00","description":"Doi ucraineni afla\u021bi \u00een slujba Rusiei au fost re\u021binu\u021bi de DIICOT, dup\u0103 ce ar fi \u00eencercat s\u0103 incendieze sediul unei firme de curierat.","breadcrumb":{"@id":"https:\/\/buletin.de\/bucuresti\/video-doi-ucraineni-aflati-in-slujba-rusiei-au-vrut-sa-incendieze-o-cladire-din-bucuresti-au-fost-retinuti-de-diicot\/#breadcrumb"},"inLanguage":"en-GB","potentialAction":[{"@type":"ReadAction","target":["https:\/\/buletin.de\/bucuresti\/video-doi-ucraineni-aflati-in-slujba-rusiei-au-vrut-sa-incendieze-o-cladire-din-bucuresti-au-fost-retinuti-de-diicot\/"]}]},{"@type":"ImageObject","inLanguage":"en-GB","@id":"https:\/\/buletin.de\/bucuresti\/video-doi-ucraineni-aflati-in-slujba-rusiei-au-vrut-sa-incendieze-o-cladire-din-bucuresti-au-fost-retinuti-de-diicot\/#primaryimage","url":"https:\/\/buletin.de\/bucuresti\/wp-content\/uploads\/2025\/10\/Doi-ucraineni-retinuti-DIICOT.jpg","contentUrl":"https:\/\/buletin.de\/bucuresti\/wp-content\/uploads\/2025\/10\/Doi-ucraineni-retinuti-DIICOT.jpg","width":1200,"height":717,"caption":"Doi ucraineni au fost re\u021binu\u021bi de DIICOT pentru tentativ\u0103 de incendiere . Foto: DIICOT"},{"@type":"BreadcrumbList","@id":"https:\/\/buletin.de\/bucuresti\/video-doi-ucraineni-aflati-in-slujba-rusiei-au-vrut-sa-incendieze-o-cladire-din-bucuresti-au-fost-retinuti-de-diicot\/#breadcrumb","itemListElement":[{"@type":"ListItem","position":1,"name":"Acas\u0103","item":"https:\/\/buletin.de\/bucuresti\/"},{"@type":"ListItem","position":2,"name":"VIDEO | Doi ucraineni afla\u021bi \u00een slujba Rusiei au vrut s\u0103 incendieze o cl\u0103dire din Bucure\u0219ti. Complicii lor au fost re\u021binu\u021bi \u00een Polonia"}]},{"@type":"WebSite","@id":"https:\/\/buletin.de\/bucuresti\/#website","url":"https:\/\/buletin.de\/bucuresti\/","name":"Buletin de Bucure\u0219ti","description":"\u0218tiri \u0219i investiga\u021bii esen\u021biale din capital\u0103","publisher":{"@id":"https:\/\/buletin.de\/bucuresti\/#organization"},"potentialAction":[{"@type":"SearchAction","target":{"@type":"EntryPoint","urlTemplate":"https:\/\/buletin.de\/bucuresti\/?s={search_term_string}"},"query-input":{"@type":"PropertyValueSpecification","valueRequired":true,"valueName":"search_term_string"}}],"inLanguage":"en-GB"},{"@type":"Organization","@id":"https:\/\/buletin.de\/bucuresti\/#organization","name":"Buletin de Bucure\u0219ti","url":"https:\/\/buletin.de\/bucuresti\/","logo":{"@type":"ImageObject","inLanguage":"en-GB","@id":"https:\/\/buletin.de\/bucuresti\/#\/schema\/logo\/image\/","url":"https:\/\/buletin.de\/bucuresti\/wp-content\/uploads\/logo-bdb-full-wide-vernil-transparent.png","contentUrl":"https:\/\/buletin.de\/bucuresti\/wp-content\/uploads\/logo-bdb-full-wide-vernil-transparent.png","width":1782,"height":626,"caption":"Buletin de Bucure\u0219ti"},"image":{"@id":"https:\/\/buletin.de\/bucuresti\/#\/schema\/logo\/image\/"},"sameAs":["https:\/\/www.facebook.com\/buletin.de.buc","https:\/\/www.instagram.com\/buletinde.bucuresti\/"]},{"@type":"Person","@id":"https:\/\/buletin.de\/bucuresti\/#\/schema\/person\/2bbcf854e5f2419a13804af574d06ab1","name":"Redac\u021bia Buletin de Bucure\u0219ti","image":{"@type":"ImageObject","inLanguage":"en-GB","@id":"https:\/\/secure.gravatar.com\/avatar\/18c5342381ed1a08620e6280424e3e5efc958618f5d67c522c9e44c1bc6f9226?s=96&d=monsterid&r=g60c7cd0ad92c68c049fcd4bb3504d609","url":"https:\/\/secure.gravatar.com\/avatar\/18c5342381ed1a08620e6280424e3e5efc958618f5d67c522c9e44c1bc6f9226?s=96&d=monsterid&r=g","contentUrl":"https:\/\/secure.gravatar.com\/avatar\/18c5342381ed1a08620e6280424e3e5efc958618f5d67c522c9e44c1bc6f9226?s=96&d=monsterid&r=g","caption":"Redac\u021bia Buletin de Bucure\u0219ti"},"description":"Buletin de Bucure\u0219ti exist\u0103 din vara anului 2019.","url":"https:\/\/buletin.de\/bucuresti\/author\/adminbuletin\/"}]}},"authors":[{"term_id":22583,"user_id":1,"is_guest":0,"slug":"adminbuletin","display_name":"Redac\u021bia Buletin de Bucure\u0219ti","avatar_url":"https:\/\/secure.gravatar.com\/avatar\/18c5342381ed1a08620e6280424e3e5efc958618f5d67c522c9e44c1bc6f9226?s=96&d=monsterid&r=g","0":null,"1":"","2":"","3":"","4":"","5":"","6":"","7":"","8":""}],"_links":{"self":[{"href":"https:\/\/buletin.de\/bucuresti\/wp-json\/wp\/v2\/posts\/153705","targetHints":{"allow":["GET"]}}],"collection":[{"href":"https:\/\/buletin.de\/bucuresti\/wp-json\/wp\/v2\/posts"}],"about":[{"href":"https:\/\/buletin.de\/bucuresti\/wp-json\/wp\/v2\/types\/post"}],"author":[{"embeddable":true,"href":"https:\/\/buletin.de\/bucuresti\/wp-json\/wp\/v2\/users\/1"}],"replies":[{"embeddable":true,"href":"https:\/\/buletin.de\/bucuresti\/wp-json\/wp\/v2\/comments?post=153705"}],"version-history":[{"count":8,"href":"https:\/\/buletin.de\/bucuresti\/wp-json\/wp\/v2\/posts\/153705\/revisions"}],"predecessor-version":[{"id":153747,"href":"https:\/\/buletin.de\/bucuresti\/wp-json\/wp\/v2\/posts\/153705\/revisions\/153747"}],"wp:featuredmedia":[{"embeddable":true,"href":"https:\/\/buletin.de\/bucuresti\/wp-json\/wp\/v2\/media\/153718"}],"wp:attachment":[{"href":"https:\/\/buletin.de\/bucuresti\/wp-json\/wp\/v2\/media?parent=153705"}],"wp:term":[{"taxonomy":"category","embeddable":true,"href":"https:\/\/buletin.de\/bucuresti\/wp-json\/wp\/v2\/categories?post=153705"},{"taxonomy":"post_tag","embeddable":true,"href":"https:\/\/buletin.de\/bucuresti\/wp-json\/wp\/v2\/tags?post=153705"},{"taxonomy":"author","embeddable":true,"href":"https:\/\/buletin.de\/bucuresti\/wp-json\/wp\/v2\/ppma_author?post=153705"}],"curies":[{"name":"wp","href":"https:\/\/api.w.org\/{rel}","templated":true}]}}