{"id":153660,"date":"2025-10-21T13:08:57","date_gmt":"2025-10-21T10:08:57","guid":{"rendered":"https:\/\/buletin.de\/bucuresti\/?p=153660"},"modified":"2025-10-21T13:52:35","modified_gmt":"2025-10-21T10:52:35","slug":"cum-ajungi-la-west-side-hallo-fest-2025-harta-accesului-si-restrictiile-de-circulatie-in-zona-crangasi","status":"publish","type":"post","link":"https:\/\/buletin.de\/bucuresti\/cum-ajungi-la-west-side-hallo-fest-2025-harta-accesului-si-restrictiile-de-circulatie-in-zona-crangasi\/","title":{"rendered":"Cum ajungi la West Side Hallo Fest 2025: harta accesului \u0219i restric\u021biile de circula\u021bie \u00een zona Cr\u00e2nga\u0219i"},"content":{"rendered":"\n<p><strong>Prim\u0103ria Sectorului 6 a anun\u021bat cum po\u021bi s\u0103 ajungi la West Side Hallo Fest 2025, eveniment care are loc \u00een weekendul 24 &#8211; 26 octombrie. Organizatorii au prezentat harta accesului \u0219i restric\u021biile de circula\u021bie din zon\u0103. <\/strong><\/p>\n\n\n\n<p><strong>Peste 100.000 de persoane sunt a\u0219teptate s\u0103 vin\u0103 la festivalul de Halloween de pe Lacul Morii. <\/strong><\/p>\n\n\n\n<p>Festivalul are loc pe o suprafa\u021b\u0103 de 35.000 mp, \u00eentre str\u0103zile Mehadia \u0219i Vasile Mohor. <strong>Traficul din zon\u0103 va fi restric\u021bionat \u00eenc\u0103 de joi, 23 octombrie, de la 23:00 p\u00e2n\u0103 luni, 27 octombrie, ora 06:00. <\/strong><\/p>\n\n\n\n<p>\u00cen acest interval, nu se va mai putea intra cu ma\u0219ina \u00een perimetrul Bd. Constructorilor \u2013 Calea Cr\u00e2nga\u0219i \u2013 str. Mehadia (cu excep\u021bia riveranilor \u0219i a persoanelor cu dizabilit\u0103\u021bi, pentru care exist\u0103 locuri de parcare) \u0219i pe Str. Vasile Mohor (cu excep\u021bia organizatorilor, arti\u0219tilor).<\/p>\n\n\n\n<p>\u00centre 24 \u0219i 26 octombrie, Intrarea Craiovei va avea sens unic dinspre Calea Giule\u0219ti spre Vasile Mohor. Totodat\u0103, Aleea Lacul Morii va avea sens unic dinspre Calea Cr\u00e2nga\u0219i spre \u0218os. Virtu\u021bii.<\/p>\n\n\n\n<h2 class=\"wp-block-heading\" id=\"h-promenada-va-fi-inchisa-in-perioada-festivalului-west-side-hallo-fest-2025\">Promenada va fi \u00eenchis\u0103 \u00een perioada festivalului West Side Hallo Fest 2025<\/h2>\n\n\n\n<p><strong>\u00cencep\u00e2nd de joi sear\u0103, partea de sud a digului Lacul Morii va fi restric\u021bionat\u0103 pentru plimb\u0103rile de zi cu zi, fiind parte din festival. Va fi \u00eenchis\u0103 de joi, ora 23:00, p\u00e2n\u0103 luni, 27 octombrie, ora 06:00, pe o por\u021biune de aproximativ 700 de metri. <\/strong><\/p>\n\n\n\n<p>Cei care vor s\u0103 ias\u0103 la alergat \u00een aceast\u0103 perioad\u0103 au, totu\u0219i, dou\u0103 op\u021biuni. Ace\u0219tia pot folosi restul pistei, de un kilometri, de la baraj la Str. Mehadia, fie folosesc celelalte piste din Sectorul 6. O pist\u0103 de 1.250 de metri exist\u0103 \u00een Parcul Drumul Taberei, iar alt\u0103 pist\u0103 la Baza sportiv\u0103 \u201eCristina Neagu\u201d, inaugurat\u0103 recent. <\/p>\n\n\n\n<p>Traseul de biciclete de la baza digului trecea chiar prin mijlocul spa\u021biului de festival. \u00centre str\u0103zile Mehadia \u0219i Mohor, accesul este deja restric\u021bionat \u00eenc\u0103 din 18 octombrie, atunci c\u00e2nd au \u00eenceput amenaj\u0103rile pentru West Side Hallo Fest 2025, potrivit unui comunicat al <a href=\"https:\/\/www.primarie6.ro\/\" target=\"_blank\" rel=\"noreferrer noopener\">Prim\u0103riei Sectorului 6<\/a>.<\/p>\n\n\n\n<p><strong>Bicicli\u0219tii vor putea circula din nou pe aceast\u0103 pist\u0103 dup\u0103 30 octombrie 2025, atunci c\u00e2nd vor fi str\u00e2nse toate decorurile, corturile, scenele, iar terenul va fi readus la starea ini\u021bial\u0103. <\/strong><\/p>\n\n\n\n<figure class=\"wp-block-image size-large\"><img fetchpriority=\"high\" decoding=\"async\" width=\"1000\" height=\"448\" src=\"data:image\/gif;base64,R0lGODlhAQABAAAAACH5BAEKAAEALAAAAAABAAEAAAICTAEAOw==\" data-src=\"https:\/\/buletin.de\/bucuresti\/wp-content\/uploads\/2025\/10\/WhatsApp-Image-2025-10-21-at-10.27.03-1000x448.jpeg\" alt=\"\" class=\"wp-image-153676 lazyload\" data-sizes=\"auto\" data-srcset=\"https:\/\/buletin.de\/bucuresti\/wp-content\/uploads\/2025\/10\/WhatsApp-Image-2025-10-21-at-10.27.03-1000x448.jpeg 1000w, https:\/\/buletin.de\/bucuresti\/wp-content\/uploads\/2025\/10\/WhatsApp-Image-2025-10-21-at-10.27.03-300x134.jpeg 300w, https:\/\/buletin.de\/bucuresti\/wp-content\/uploads\/2025\/10\/WhatsApp-Image-2025-10-21-at-10.27.03-768x344.jpeg 768w, https:\/\/buletin.de\/bucuresti\/wp-content\/uploads\/2025\/10\/WhatsApp-Image-2025-10-21-at-10.27.03-1536x688.jpeg 1536w, https:\/\/buletin.de\/bucuresti\/wp-content\/uploads\/2025\/10\/WhatsApp-Image-2025-10-21-at-10.27.03-1100x493.jpeg 1100w, https:\/\/buletin.de\/bucuresti\/wp-content\/uploads\/2025\/10\/WhatsApp-Image-2025-10-21-at-10.27.03-600x269.jpeg 600w, https:\/\/buletin.de\/bucuresti\/wp-content\/uploads\/2025\/10\/WhatsApp-Image-2025-10-21-at-10.27.03-20x9.jpeg 20w, https:\/\/buletin.de\/bucuresti\/wp-content\/uploads\/2025\/10\/WhatsApp-Image-2025-10-21-at-10.27.03.jpeg 1600w\" sizes=\"(max-width: 1000px) 100vw, 1000px\" \/><figcaption class=\"wp-element-caption\">Cum ajungi la West Side Hallo Fest 2025. Harta restric\u021biilor<\/figcaption><\/figure>\n\n\n\n<figure class=\"wp-block-image size-large\"><img decoding=\"async\" width=\"800\" height=\"1000\" src=\"data:image\/gif;base64,R0lGODlhAQABAAAAACH5BAEKAAEALAAAAAABAAEAAAICTAEAOw==\" data-src=\"https:\/\/buletin.de\/bucuresti\/wp-content\/uploads\/2025\/10\/WhatsApp-Image-2025-10-21-at-10.27.02-800x1000.jpeg\" alt=\"Harta restric\u021biilor West Side Hallo Fest\" class=\"wp-image-153677 lazyload\" data-sizes=\"auto\" data-srcset=\"https:\/\/buletin.de\/bucuresti\/wp-content\/uploads\/2025\/10\/WhatsApp-Image-2025-10-21-at-10.27.02-800x1000.jpeg 800w, https:\/\/buletin.de\/bucuresti\/wp-content\/uploads\/2025\/10\/WhatsApp-Image-2025-10-21-at-10.27.02-240x300.jpeg 240w, https:\/\/buletin.de\/bucuresti\/wp-content\/uploads\/2025\/10\/WhatsApp-Image-2025-10-21-at-10.27.02-768x960.jpeg 768w, https:\/\/buletin.de\/bucuresti\/wp-content\/uploads\/2025\/10\/WhatsApp-Image-2025-10-21-at-10.27.02-1229x1536.jpeg 1229w, https:\/\/buletin.de\/bucuresti\/wp-content\/uploads\/2025\/10\/WhatsApp-Image-2025-10-21-at-10.27.02-1100x1375.jpeg 1100w, https:\/\/buletin.de\/bucuresti\/wp-content\/uploads\/2025\/10\/WhatsApp-Image-2025-10-21-at-10.27.02-600x750.jpeg 600w, https:\/\/buletin.de\/bucuresti\/wp-content\/uploads\/2025\/10\/WhatsApp-Image-2025-10-21-at-10.27.02-20x25.jpeg 20w, https:\/\/buletin.de\/bucuresti\/wp-content\/uploads\/2025\/10\/WhatsApp-Image-2025-10-21-at-10.27.02.jpeg 1280w\" sizes=\"(max-width: 800px) 100vw, 800px\" \/><\/figure>\n\n\n\n<h2 class=\"wp-block-heading\" id=\"h-cum-se-face-accesul-in-festival\">Cum se face accesul \u00een festival<\/h2>\n\n\n\n<p>Persoanele care vor s\u0103 ajung\u0103 la festival sunt \u00eendemnate s\u0103 \u00ee\u0219i lase ma\u0219inile acas\u0103, deoarece \u00een zona evenimentului <strong>nu exist\u0103 locuri de parcare suficiente pentru fluxul mare de vizitatori.<\/strong> \u00cen plus, accesul este restric\u021bionat pe str\u0103zi. <\/p>\n\n\n\n<p>Se poate ajunge la<a href=\"https:\/\/buletin.de\/bucuresti\/sector-6-cea-mai-mare-placinta-de-dovleac-la-west-side-hallo-fest-2025-festivalul-se-muta-de-pe-lacul-morii\/\" target=\"_blank\" rel=\"noreferrer noopener\"> West Side Hallo Fest<\/a> cu transportul \u00een comun. <strong>P\u00e2n\u0103 la Pia\u021ba Cr\u00e2nga\u0219i, vizitatorii pot ajunge cu metroul, cu tramvaiul 41, cu troleibuzul 90 \u0219i cu autobuzul 178. Mai exist\u0103 \u0219i autobuzele 162 \u0219i 163, care ajung p\u00e2n\u0103 \u00een Mehadia, pe Bd. Constructorilor.<\/strong><\/p>\n\n\n\n<p>De asemenea, mai exist\u0103 varianta de taxi\/ ride sharing. Cei care opteaz\u0103 pentru aceast\u0103 op\u021biune trebuie s\u0103 \u0219tie c\u0103 punctul de debarcare \u0219i \u00eembarcare va fi la intersec\u021bia dintre intrarea Craiovei \u0219i Intrarea Frasinului. <\/p>\n\n\n\n<p><strong>Poarta principal\u0103 de intrare la West Side Hallo Fest 2025 va fi de pe Str. Mehadia, acolo unde vor fi amenajate 12 puncte de acces: 9 se afl\u0103 la baza digului, iar 3 pe dig. Vor fi 3 puncte de acces, de dig, \u0219i dinspre strada Vasile Mohor. <\/strong><\/p>\n\n\n\n<p><strong>Vineri, \u00een prima zi de festival, intrarea este liber\u0103 pentru toat\u0103 lumea.<\/strong> S\u00e2mb\u0103t\u0103 \u0219i duminic\u0103, intrarea se va face pe baz\u0103 de bilet. Pentru o zi, intrarea cost\u0103<strong> 60 de lei<\/strong>, iar pre\u021bul abonamentului pentru dou\u0103 zile este de <strong>100 de lei<\/strong>. <\/p>\n\n\n\n<p>Copiii sub 14 ani au intrare gratuit\u0103 \u00een toate zilele festivalului, iar to\u021bi cei care au sub 16 ani trebuie \u00eenso\u021bi\u021bi de un adult. Persoanele care au achizi\u021bionat <a href=\"https:\/\/buletin.de\/bucuresti\/sector-6-biletele-pentru-west-side-hallo-fest-se-pun-in-vanzare-cat-costa-accesul-la-festivalul-de-la-lacul-morii\/\" target=\"_blank\" rel=\"noreferrer noopener\">biletele online<\/a> (disponibile pe <a href=\"https:\/\/www.iabilet.ro\/bilete-west-side-hallo-fest-114637\/\" target=\"_blank\" rel=\"noreferrer noopener\">iabilet.ro)<\/a> vor primi br\u0103\u021b\u0103ri pe loc, dup\u0103 ce trec de controlul de securitate \u0219i le este scanat biletul.<\/p>\n\n\n\n<p><strong>Biletele pot fi achizi\u021bionate \u0219i de la fa\u021ba locului.<\/strong> <strong>Vor fi 3 case de bilete: 3 la intrarea de pe str. Mehadia, 3 la cea de pe Str. Vasile Mohor \u0219i alte 3 la ie\u0219irea din Parcul Cr\u00e2nga\u0219i, \u00een dreptul sc\u0103rilor spre dig.<\/strong><\/p>\n\n\n\n<p><strong>\u00cen toate cele trei zile de festival, programul este de la 10:00 la 22:30.<\/strong> Evenimentul se autosus\u021bine financiar, prin v\u00e2nzarea biletelor, taxa achitat\u0103 de comercian\u021bi, dar \u0219i datorit\u0103 partenerilor. <\/p>\n\n\n\n<p><strong>CITE\u0218TE \u0218I <a href=\"https:\/\/buletin.de\/bucuresti\/ce-puteti-vedea-la-west-side-hallo-fest-2025-20-000-de-dovleci-invazie-de-zombi-un-autobuz-bantuit-un-cimitir-haios\/\" target=\"_blank\" rel=\"noreferrer noopener\">Ce pute\u021bi vedea la West Side Hallo Fest 2025: 20.000 de dovleci,\u00a0\u201einvazie\u201d\u00a0de zombi,\u00a0un autobuz b\u00e2ntuit,\u00a0un cimitir haios<\/a><\/strong><\/p>\n\n\n\n<p><\/p>\n","protected":false},"excerpt":{"rendered":"<p>Prim\u0103ria Sectorului 6 a anun\u021bat cum po\u021bi s\u0103 ajungi la West Side Hallo Fest 2025, eveniment care are loc \u00een weekendul 24 &#8211; 26 octombrie. Organizatorii au prezentat harta accesului \u0219i restric\u021biile de circula\u021bie din zon\u0103. Peste 100.000 de persoane sunt a\u0219teptate s\u0103 vin\u0103 la festivalul de Halloween de pe Lacul Morii. Festivalul are loc [&hellip;]<\/p>\n","protected":false},"author":65,"featured_media":153687,"comment_status":"closed","ping_status":"open","sticky":false,"template":"","format":"standard","meta":{"_acf_changed":false,"inline_featured_image":false,"ngg_post_thumbnail":0,"footnotes":""},"categories":[6994,5762,24],"tags":[2285,5273,523,21305],"ppma_author":[23912],"class_list":["post-153660","post","type-post","status-publish","format-standard","has-post-thumbnail","hentry","category-stiri-2","category-main","category-primarie","tag-festival","tag-lacul-morii","tag-sector-6","tag-west-side-hallo-fest-2025"],"acf":[],"yoast_head":"<!-- This site is optimized with the Yoast SEO Premium plugin v25.3 (Yoast SEO v27.4) - https:\/\/yoast.com\/product\/yoast-seo-premium-wordpress\/ -->\n<title>Cum ajungi la West Side Hallo Fest 2025: harta accesului \u0219i restric\u021biile de circula\u021bie \u00een zona Cr\u00e2nga\u0219i - Buletin de Bucure\u0219ti<\/title>\n<meta name=\"description\" content=\"Prim\u0103ria Sectorului 6 a anun\u021bat cum po\u021bi s\u0103 ajungi la West Side Hallo Fest 2025, eveniment care are loc \u00een weekendul 24 - 26 octombrie.\" \/>\n<meta name=\"robots\" content=\"index, follow, max-snippet:-1, max-image-preview:large, max-video-preview:-1\" \/>\n<link rel=\"canonical\" href=\"https:\/\/buletin.de\/bucuresti\/cum-ajungi-la-west-side-hallo-fest-2025-harta-accesului-si-restrictiile-de-circulatie-in-zona-crangasi\/\" \/>\n<meta property=\"og:locale\" content=\"en_GB\" \/>\n<meta property=\"og:type\" content=\"article\" \/>\n<meta property=\"og:title\" content=\"Cum ajungi la West Side Hallo Fest 2025: harta accesului \u0219i restric\u021biile de circula\u021bie \u00een zona Cr\u00e2nga\u0219i\" \/>\n<meta property=\"og:description\" content=\"Prim\u0103ria Sectorului 6 a anun\u021bat cum po\u021bi s\u0103 ajungi la West Side Hallo Fest 2025, eveniment care are loc \u00een weekendul 24 - 26 octombrie.\" \/>\n<meta property=\"og:url\" content=\"https:\/\/buletin.de\/bucuresti\/cum-ajungi-la-west-side-hallo-fest-2025-harta-accesului-si-restrictiile-de-circulatie-in-zona-crangasi\/\" \/>\n<meta property=\"og:site_name\" content=\"Buletin de Bucure\u0219ti\" \/>\n<meta property=\"article:publisher\" content=\"https:\/\/www.facebook.com\/buletin.de.buc\" \/>\n<meta property=\"article:published_time\" content=\"2025-10-21T10:08:57+00:00\" \/>\n<meta property=\"article:modified_time\" content=\"2025-10-21T10:52:35+00:00\" \/>\n<meta property=\"og:image\" content=\"https:\/\/buletin.de\/bucuresti\/wp-content\/uploads\/2025\/10\/West-Side-Hallo-Fest-2025.jpg\" \/>\n\t<meta property=\"og:image:width\" content=\"1200\" \/>\n\t<meta property=\"og:image:height\" content=\"717\" \/>\n\t<meta property=\"og:image:type\" content=\"image\/jpeg\" \/>\n<meta name=\"author\" content=\"Andreea St\u0103n\u0103r\u00eeng\u0103\" \/>\n<meta name=\"twitter:card\" content=\"summary_large_image\" \/>\n<meta name=\"twitter:label1\" content=\"Written by\" \/>\n\t<meta name=\"twitter:data1\" content=\"Andreea St\u0103n\u0103r\u00eeng\u0103\" \/>\n\t<meta name=\"twitter:label2\" content=\"Estimated reading time\" \/>\n\t<meta name=\"twitter:data2\" content=\"4 minutes\" \/>\n<script type=\"application\/ld+json\" class=\"yoast-schema-graph\">{\"@context\":\"https:\\\/\\\/schema.org\",\"@graph\":[{\"@type\":\"Article\",\"@id\":\"https:\\\/\\\/buletin.de\\\/bucuresti\\\/cum-ajungi-la-west-side-hallo-fest-2025-harta-accesului-si-restrictiile-de-circulatie-in-zona-crangasi\\\/#article\",\"isPartOf\":{\"@id\":\"https:\\\/\\\/buletin.de\\\/bucuresti\\\/cum-ajungi-la-west-side-hallo-fest-2025-harta-accesului-si-restrictiile-de-circulatie-in-zona-crangasi\\\/\"},\"author\":{\"name\":\"Andreea St\u0103n\u0103r\u00eeng\u0103\",\"@id\":\"https:\\\/\\\/buletin.de\\\/bucuresti\\\/#\\\/schema\\\/person\\\/81421a46fb84a0887cfd2238f5202586\"},\"headline\":\"Cum ajungi la West Side Hallo Fest 2025: harta accesului \u0219i restric\u021biile de circula\u021bie \u00een zona Cr\u00e2nga\u0219i\",\"datePublished\":\"2025-10-21T10:08:57+00:00\",\"dateModified\":\"2025-10-21T10:52:35+00:00\",\"mainEntityOfPage\":{\"@id\":\"https:\\\/\\\/buletin.de\\\/bucuresti\\\/cum-ajungi-la-west-side-hallo-fest-2025-harta-accesului-si-restrictiile-de-circulatie-in-zona-crangasi\\\/\"},\"wordCount\":758,\"publisher\":{\"@id\":\"https:\\\/\\\/buletin.de\\\/bucuresti\\\/#organization\"},\"image\":{\"@id\":\"https:\\\/\\\/buletin.de\\\/bucuresti\\\/cum-ajungi-la-west-side-hallo-fest-2025-harta-accesului-si-restrictiile-de-circulatie-in-zona-crangasi\\\/#primaryimage\"},\"thumbnailUrl\":\"https:\\\/\\\/buletin.de\\\/bucuresti\\\/wp-content\\\/uploads\\\/2025\\\/10\\\/West-Side-Hallo-Fest-2025.jpg\",\"keywords\":[\"festival\",\"lacul morii\",\"Sector 6\",\"west side hallo fest 2025\"],\"articleSection\":[\"Articole\",\"Main\",\"Prim\u0103rie\"],\"inLanguage\":\"en-GB\",\"copyrightYear\":\"2025\",\"copyrightHolder\":{\"@id\":\"https:\\\/\\\/buletin.de\\\/bucuresti\\\/#organization\"}},{\"@type\":\"WebPage\",\"@id\":\"https:\\\/\\\/buletin.de\\\/bucuresti\\\/cum-ajungi-la-west-side-hallo-fest-2025-harta-accesului-si-restrictiile-de-circulatie-in-zona-crangasi\\\/\",\"url\":\"https:\\\/\\\/buletin.de\\\/bucuresti\\\/cum-ajungi-la-west-side-hallo-fest-2025-harta-accesului-si-restrictiile-de-circulatie-in-zona-crangasi\\\/\",\"name\":\"Cum ajungi la West Side Hallo Fest 2025: harta accesului \u0219i restric\u021biile de circula\u021bie \u00een zona Cr\u00e2nga\u0219i - Buletin de Bucure\u0219ti\",\"isPartOf\":{\"@id\":\"https:\\\/\\\/buletin.de\\\/bucuresti\\\/#website\"},\"primaryImageOfPage\":{\"@id\":\"https:\\\/\\\/buletin.de\\\/bucuresti\\\/cum-ajungi-la-west-side-hallo-fest-2025-harta-accesului-si-restrictiile-de-circulatie-in-zona-crangasi\\\/#primaryimage\"},\"image\":{\"@id\":\"https:\\\/\\\/buletin.de\\\/bucuresti\\\/cum-ajungi-la-west-side-hallo-fest-2025-harta-accesului-si-restrictiile-de-circulatie-in-zona-crangasi\\\/#primaryimage\"},\"thumbnailUrl\":\"https:\\\/\\\/buletin.de\\\/bucuresti\\\/wp-content\\\/uploads\\\/2025\\\/10\\\/West-Side-Hallo-Fest-2025.jpg\",\"datePublished\":\"2025-10-21T10:08:57+00:00\",\"dateModified\":\"2025-10-21T10:52:35+00:00\",\"description\":\"Prim\u0103ria Sectorului 6 a anun\u021bat cum po\u021bi s\u0103 ajungi la West Side Hallo Fest 2025, eveniment care are loc \u00een weekendul 24 - 26 octombrie.\",\"breadcrumb\":{\"@id\":\"https:\\\/\\\/buletin.de\\\/bucuresti\\\/cum-ajungi-la-west-side-hallo-fest-2025-harta-accesului-si-restrictiile-de-circulatie-in-zona-crangasi\\\/#breadcrumb\"},\"inLanguage\":\"en-GB\",\"potentialAction\":[{\"@type\":\"ReadAction\",\"target\":[\"https:\\\/\\\/buletin.de\\\/bucuresti\\\/cum-ajungi-la-west-side-hallo-fest-2025-harta-accesului-si-restrictiile-de-circulatie-in-zona-crangasi\\\/\"]}]},{\"@type\":\"ImageObject\",\"inLanguage\":\"en-GB\",\"@id\":\"https:\\\/\\\/buletin.de\\\/bucuresti\\\/cum-ajungi-la-west-side-hallo-fest-2025-harta-accesului-si-restrictiile-de-circulatie-in-zona-crangasi\\\/#primaryimage\",\"url\":\"https:\\\/\\\/buletin.de\\\/bucuresti\\\/wp-content\\\/uploads\\\/2025\\\/10\\\/West-Side-Hallo-Fest-2025.jpg\",\"contentUrl\":\"https:\\\/\\\/buletin.de\\\/bucuresti\\\/wp-content\\\/uploads\\\/2025\\\/10\\\/West-Side-Hallo-Fest-2025.jpg\",\"width\":1200,\"height\":717,\"caption\":\"Restric\u021bii \u0219i acces la festivalul West Side Hallo Fest 2025. Foto: Primaria Sectorului 6\"},{\"@type\":\"BreadcrumbList\",\"@id\":\"https:\\\/\\\/buletin.de\\\/bucuresti\\\/cum-ajungi-la-west-side-hallo-fest-2025-harta-accesului-si-restrictiile-de-circulatie-in-zona-crangasi\\\/#breadcrumb\",\"itemListElement\":[{\"@type\":\"ListItem\",\"position\":1,\"name\":\"Acas\u0103\",\"item\":\"https:\\\/\\\/buletin.de\\\/bucuresti\\\/\"},{\"@type\":\"ListItem\",\"position\":2,\"name\":\"Cum ajungi la West Side Hallo Fest 2025: harta accesului \u0219i restric\u021biile de circula\u021bie \u00een zona Cr\u00e2nga\u0219i\"}]},{\"@type\":\"WebSite\",\"@id\":\"https:\\\/\\\/buletin.de\\\/bucuresti\\\/#website\",\"url\":\"https:\\\/\\\/buletin.de\\\/bucuresti\\\/\",\"name\":\"Buletin de Bucure\u0219ti\",\"description\":\"\u0218tiri \u0219i investiga\u021bii esen\u021biale din capital\u0103\",\"publisher\":{\"@id\":\"https:\\\/\\\/buletin.de\\\/bucuresti\\\/#organization\"},\"potentialAction\":[{\"@type\":\"SearchAction\",\"target\":{\"@type\":\"EntryPoint\",\"urlTemplate\":\"https:\\\/\\\/buletin.de\\\/bucuresti\\\/?s={search_term_string}\"},\"query-input\":{\"@type\":\"PropertyValueSpecification\",\"valueRequired\":true,\"valueName\":\"search_term_string\"}}],\"inLanguage\":\"en-GB\"},{\"@type\":\"Organization\",\"@id\":\"https:\\\/\\\/buletin.de\\\/bucuresti\\\/#organization\",\"name\":\"Buletin de Bucure\u0219ti\",\"url\":\"https:\\\/\\\/buletin.de\\\/bucuresti\\\/\",\"logo\":{\"@type\":\"ImageObject\",\"inLanguage\":\"en-GB\",\"@id\":\"https:\\\/\\\/buletin.de\\\/bucuresti\\\/#\\\/schema\\\/logo\\\/image\\\/\",\"url\":\"https:\\\/\\\/buletin.de\\\/bucuresti\\\/wp-content\\\/uploads\\\/logo-bdb-full-wide-vernil-transparent.png\",\"contentUrl\":\"https:\\\/\\\/buletin.de\\\/bucuresti\\\/wp-content\\\/uploads\\\/logo-bdb-full-wide-vernil-transparent.png\",\"width\":1782,\"height\":626,\"caption\":\"Buletin de Bucure\u0219ti\"},\"image\":{\"@id\":\"https:\\\/\\\/buletin.de\\\/bucuresti\\\/#\\\/schema\\\/logo\\\/image\\\/\"},\"sameAs\":[\"https:\\\/\\\/www.facebook.com\\\/buletin.de.buc\",\"https:\\\/\\\/www.instagram.com\\\/buletinde.bucuresti\\\/\"]},{\"@type\":\"Person\",\"@id\":\"https:\\\/\\\/buletin.de\\\/bucuresti\\\/#\\\/schema\\\/person\\\/81421a46fb84a0887cfd2238f5202586\",\"name\":\"Andreea St\u0103n\u0103r\u00eeng\u0103\",\"image\":{\"@type\":\"ImageObject\",\"inLanguage\":\"en-GB\",\"@id\":\"https:\\\/\\\/secure.gravatar.com\\\/avatar\\\/dfa8d227a4388fad0f0bb03add04b5b176f4da34397dbb2eadc563b3d7162ce0?s=96&d=monsterid&r=g72784372b39ffe5a98a45288fe0d0e8a\",\"url\":\"https:\\\/\\\/secure.gravatar.com\\\/avatar\\\/dfa8d227a4388fad0f0bb03add04b5b176f4da34397dbb2eadc563b3d7162ce0?s=96&d=monsterid&r=g\",\"contentUrl\":\"https:\\\/\\\/secure.gravatar.com\\\/avatar\\\/dfa8d227a4388fad0f0bb03add04b5b176f4da34397dbb2eadc563b3d7162ce0?s=96&d=monsterid&r=g\",\"caption\":\"Andreea St\u0103n\u0103r\u00eeng\u0103\"},\"description\":\"Cu o experien\u021b\u0103 de peste 5 ani \u00een pres\u0103, face parte din echipa Buletin de Bucure\u0219ti din septembrie 2025. A colaborat cu c\u00e2teva publica\u021bii, printre care \u0219i Fanatik.ro, unde s-a ocupat de \u0219tiri de lifestyle \u0219i de actualitate. A f\u0103cut un pas c\u0103tre presa local\u0103 pentru a explora Bucure\u0219tiul \u0219i pove\u0219tile care merit\u0103 spuse.\",\"url\":\"https:\\\/\\\/buletin.de\\\/bucuresti\\\/author\\\/andreea-stanaranga\\\/\"}]}<\/script>\n<!-- \/ Yoast SEO Premium plugin. -->","yoast_head_json":{"title":"Cum ajungi la West Side Hallo Fest 2025: harta accesului \u0219i restric\u021biile de circula\u021bie \u00een zona Cr\u00e2nga\u0219i - Buletin de Bucure\u0219ti","description":"Prim\u0103ria Sectorului 6 a anun\u021bat cum po\u021bi s\u0103 ajungi la West Side Hallo Fest 2025, eveniment care are loc \u00een weekendul 24 - 26 octombrie.","robots":{"index":"index","follow":"follow","max-snippet":"max-snippet:-1","max-image-preview":"max-image-preview:large","max-video-preview":"max-video-preview:-1"},"canonical":"https:\/\/buletin.de\/bucuresti\/cum-ajungi-la-west-side-hallo-fest-2025-harta-accesului-si-restrictiile-de-circulatie-in-zona-crangasi\/","og_locale":"en_GB","og_type":"article","og_title":"Cum ajungi la West Side Hallo Fest 2025: harta accesului \u0219i restric\u021biile de circula\u021bie \u00een zona Cr\u00e2nga\u0219i","og_description":"Prim\u0103ria Sectorului 6 a anun\u021bat cum po\u021bi s\u0103 ajungi la West Side Hallo Fest 2025, eveniment care are loc \u00een weekendul 24 - 26 octombrie.","og_url":"https:\/\/buletin.de\/bucuresti\/cum-ajungi-la-west-side-hallo-fest-2025-harta-accesului-si-restrictiile-de-circulatie-in-zona-crangasi\/","og_site_name":"Buletin de Bucure\u0219ti","article_publisher":"https:\/\/www.facebook.com\/buletin.de.buc","article_published_time":"2025-10-21T10:08:57+00:00","article_modified_time":"2025-10-21T10:52:35+00:00","og_image":[{"width":1200,"height":717,"url":"https:\/\/buletin.de\/bucuresti\/wp-content\/uploads\/2025\/10\/West-Side-Hallo-Fest-2025.jpg","type":"image\/jpeg"}],"author":"Andreea St\u0103n\u0103r\u00eeng\u0103","twitter_card":"summary_large_image","twitter_misc":{"Written by":"Andreea St\u0103n\u0103r\u00eeng\u0103","Estimated reading time":"4 minutes"},"schema":{"@context":"https:\/\/schema.org","@graph":[{"@type":"Article","@id":"https:\/\/buletin.de\/bucuresti\/cum-ajungi-la-west-side-hallo-fest-2025-harta-accesului-si-restrictiile-de-circulatie-in-zona-crangasi\/#article","isPartOf":{"@id":"https:\/\/buletin.de\/bucuresti\/cum-ajungi-la-west-side-hallo-fest-2025-harta-accesului-si-restrictiile-de-circulatie-in-zona-crangasi\/"},"author":{"name":"Andreea St\u0103n\u0103r\u00eeng\u0103","@id":"https:\/\/buletin.de\/bucuresti\/#\/schema\/person\/81421a46fb84a0887cfd2238f5202586"},"headline":"Cum ajungi la West Side Hallo Fest 2025: harta accesului \u0219i restric\u021biile de circula\u021bie \u00een zona Cr\u00e2nga\u0219i","datePublished":"2025-10-21T10:08:57+00:00","dateModified":"2025-10-21T10:52:35+00:00","mainEntityOfPage":{"@id":"https:\/\/buletin.de\/bucuresti\/cum-ajungi-la-west-side-hallo-fest-2025-harta-accesului-si-restrictiile-de-circulatie-in-zona-crangasi\/"},"wordCount":758,"publisher":{"@id":"https:\/\/buletin.de\/bucuresti\/#organization"},"image":{"@id":"https:\/\/buletin.de\/bucuresti\/cum-ajungi-la-west-side-hallo-fest-2025-harta-accesului-si-restrictiile-de-circulatie-in-zona-crangasi\/#primaryimage"},"thumbnailUrl":"https:\/\/buletin.de\/bucuresti\/wp-content\/uploads\/2025\/10\/West-Side-Hallo-Fest-2025.jpg","keywords":["festival","lacul morii","Sector 6","west side hallo fest 2025"],"articleSection":["Articole","Main","Prim\u0103rie"],"inLanguage":"en-GB","copyrightYear":"2025","copyrightHolder":{"@id":"https:\/\/buletin.de\/bucuresti\/#organization"}},{"@type":"WebPage","@id":"https:\/\/buletin.de\/bucuresti\/cum-ajungi-la-west-side-hallo-fest-2025-harta-accesului-si-restrictiile-de-circulatie-in-zona-crangasi\/","url":"https:\/\/buletin.de\/bucuresti\/cum-ajungi-la-west-side-hallo-fest-2025-harta-accesului-si-restrictiile-de-circulatie-in-zona-crangasi\/","name":"Cum ajungi la West Side Hallo Fest 2025: harta accesului \u0219i restric\u021biile de circula\u021bie \u00een zona Cr\u00e2nga\u0219i - Buletin de Bucure\u0219ti","isPartOf":{"@id":"https:\/\/buletin.de\/bucuresti\/#website"},"primaryImageOfPage":{"@id":"https:\/\/buletin.de\/bucuresti\/cum-ajungi-la-west-side-hallo-fest-2025-harta-accesului-si-restrictiile-de-circulatie-in-zona-crangasi\/#primaryimage"},"image":{"@id":"https:\/\/buletin.de\/bucuresti\/cum-ajungi-la-west-side-hallo-fest-2025-harta-accesului-si-restrictiile-de-circulatie-in-zona-crangasi\/#primaryimage"},"thumbnailUrl":"https:\/\/buletin.de\/bucuresti\/wp-content\/uploads\/2025\/10\/West-Side-Hallo-Fest-2025.jpg","datePublished":"2025-10-21T10:08:57+00:00","dateModified":"2025-10-21T10:52:35+00:00","description":"Prim\u0103ria Sectorului 6 a anun\u021bat cum po\u021bi s\u0103 ajungi la West Side Hallo Fest 2025, eveniment care are loc \u00een weekendul 24 - 26 octombrie.","breadcrumb":{"@id":"https:\/\/buletin.de\/bucuresti\/cum-ajungi-la-west-side-hallo-fest-2025-harta-accesului-si-restrictiile-de-circulatie-in-zona-crangasi\/#breadcrumb"},"inLanguage":"en-GB","potentialAction":[{"@type":"ReadAction","target":["https:\/\/buletin.de\/bucuresti\/cum-ajungi-la-west-side-hallo-fest-2025-harta-accesului-si-restrictiile-de-circulatie-in-zona-crangasi\/"]}]},{"@type":"ImageObject","inLanguage":"en-GB","@id":"https:\/\/buletin.de\/bucuresti\/cum-ajungi-la-west-side-hallo-fest-2025-harta-accesului-si-restrictiile-de-circulatie-in-zona-crangasi\/#primaryimage","url":"https:\/\/buletin.de\/bucuresti\/wp-content\/uploads\/2025\/10\/West-Side-Hallo-Fest-2025.jpg","contentUrl":"https:\/\/buletin.de\/bucuresti\/wp-content\/uploads\/2025\/10\/West-Side-Hallo-Fest-2025.jpg","width":1200,"height":717,"caption":"Restric\u021bii \u0219i acces la festivalul West Side Hallo Fest 2025. Foto: Primaria Sectorului 6"},{"@type":"BreadcrumbList","@id":"https:\/\/buletin.de\/bucuresti\/cum-ajungi-la-west-side-hallo-fest-2025-harta-accesului-si-restrictiile-de-circulatie-in-zona-crangasi\/#breadcrumb","itemListElement":[{"@type":"ListItem","position":1,"name":"Acas\u0103","item":"https:\/\/buletin.de\/bucuresti\/"},{"@type":"ListItem","position":2,"name":"Cum ajungi la West Side Hallo Fest 2025: harta accesului \u0219i restric\u021biile de circula\u021bie \u00een zona Cr\u00e2nga\u0219i"}]},{"@type":"WebSite","@id":"https:\/\/buletin.de\/bucuresti\/#website","url":"https:\/\/buletin.de\/bucuresti\/","name":"Buletin de Bucure\u0219ti","description":"\u0218tiri \u0219i investiga\u021bii esen\u021biale din capital\u0103","publisher":{"@id":"https:\/\/buletin.de\/bucuresti\/#organization"},"potentialAction":[{"@type":"SearchAction","target":{"@type":"EntryPoint","urlTemplate":"https:\/\/buletin.de\/bucuresti\/?s={search_term_string}"},"query-input":{"@type":"PropertyValueSpecification","valueRequired":true,"valueName":"search_term_string"}}],"inLanguage":"en-GB"},{"@type":"Organization","@id":"https:\/\/buletin.de\/bucuresti\/#organization","name":"Buletin de Bucure\u0219ti","url":"https:\/\/buletin.de\/bucuresti\/","logo":{"@type":"ImageObject","inLanguage":"en-GB","@id":"https:\/\/buletin.de\/bucuresti\/#\/schema\/logo\/image\/","url":"https:\/\/buletin.de\/bucuresti\/wp-content\/uploads\/logo-bdb-full-wide-vernil-transparent.png","contentUrl":"https:\/\/buletin.de\/bucuresti\/wp-content\/uploads\/logo-bdb-full-wide-vernil-transparent.png","width":1782,"height":626,"caption":"Buletin de Bucure\u0219ti"},"image":{"@id":"https:\/\/buletin.de\/bucuresti\/#\/schema\/logo\/image\/"},"sameAs":["https:\/\/www.facebook.com\/buletin.de.buc","https:\/\/www.instagram.com\/buletinde.bucuresti\/"]},{"@type":"Person","@id":"https:\/\/buletin.de\/bucuresti\/#\/schema\/person\/81421a46fb84a0887cfd2238f5202586","name":"Andreea St\u0103n\u0103r\u00eeng\u0103","image":{"@type":"ImageObject","inLanguage":"en-GB","@id":"https:\/\/secure.gravatar.com\/avatar\/dfa8d227a4388fad0f0bb03add04b5b176f4da34397dbb2eadc563b3d7162ce0?s=96&d=monsterid&r=g72784372b39ffe5a98a45288fe0d0e8a","url":"https:\/\/secure.gravatar.com\/avatar\/dfa8d227a4388fad0f0bb03add04b5b176f4da34397dbb2eadc563b3d7162ce0?s=96&d=monsterid&r=g","contentUrl":"https:\/\/secure.gravatar.com\/avatar\/dfa8d227a4388fad0f0bb03add04b5b176f4da34397dbb2eadc563b3d7162ce0?s=96&d=monsterid&r=g","caption":"Andreea St\u0103n\u0103r\u00eeng\u0103"},"description":"Cu o experien\u021b\u0103 de peste 5 ani \u00een pres\u0103, face parte din echipa Buletin de Bucure\u0219ti din septembrie 2025. A colaborat cu c\u00e2teva publica\u021bii, printre care \u0219i Fanatik.ro, unde s-a ocupat de \u0219tiri de lifestyle \u0219i de actualitate. A f\u0103cut un pas c\u0103tre presa local\u0103 pentru a explora Bucure\u0219tiul \u0219i pove\u0219tile care merit\u0103 spuse.","url":"https:\/\/buletin.de\/bucuresti\/author\/andreea-stanaranga\/"}]}},"authors":[{"term_id":23912,"user_id":65,"is_guest":0,"slug":"andreea-stanaranga","display_name":"Andreea St\u0103n\u0103r\u00eeng\u0103","avatar_url":"https:\/\/secure.gravatar.com\/avatar\/dfa8d227a4388fad0f0bb03add04b5b176f4da34397dbb2eadc563b3d7162ce0?s=96&d=monsterid&r=g","0":null,"1":"","2":"","3":"","4":"","5":"","6":"","7":"","8":""}],"_links":{"self":[{"href":"https:\/\/buletin.de\/bucuresti\/wp-json\/wp\/v2\/posts\/153660","targetHints":{"allow":["GET"]}}],"collection":[{"href":"https:\/\/buletin.de\/bucuresti\/wp-json\/wp\/v2\/posts"}],"about":[{"href":"https:\/\/buletin.de\/bucuresti\/wp-json\/wp\/v2\/types\/post"}],"author":[{"embeddable":true,"href":"https:\/\/buletin.de\/bucuresti\/wp-json\/wp\/v2\/users\/65"}],"replies":[{"embeddable":true,"href":"https:\/\/buletin.de\/bucuresti\/wp-json\/wp\/v2\/comments?post=153660"}],"version-history":[{"count":11,"href":"https:\/\/buletin.de\/bucuresti\/wp-json\/wp\/v2\/posts\/153660\/revisions"}],"predecessor-version":[{"id":153716,"href":"https:\/\/buletin.de\/bucuresti\/wp-json\/wp\/v2\/posts\/153660\/revisions\/153716"}],"wp:featuredmedia":[{"embeddable":true,"href":"https:\/\/buletin.de\/bucuresti\/wp-json\/wp\/v2\/media\/153687"}],"wp:attachment":[{"href":"https:\/\/buletin.de\/bucuresti\/wp-json\/wp\/v2\/media?parent=153660"}],"wp:term":[{"taxonomy":"category","embeddable":true,"href":"https:\/\/buletin.de\/bucuresti\/wp-json\/wp\/v2\/categories?post=153660"},{"taxonomy":"post_tag","embeddable":true,"href":"https:\/\/buletin.de\/bucuresti\/wp-json\/wp\/v2\/tags?post=153660"},{"taxonomy":"author","embeddable":true,"href":"https:\/\/buletin.de\/bucuresti\/wp-json\/wp\/v2\/ppma_author?post=153660"}],"curies":[{"name":"wp","href":"https:\/\/api.w.org\/{rel}","templated":true}]}}