{"id":153538,"date":"2025-10-21T14:30:43","date_gmt":"2025-10-21T11:30:43","guid":{"rendered":"https:\/\/buletin.de\/bucuresti\/?p=153538"},"modified":"2025-10-22T15:44:24","modified_gmt":"2025-10-22T12:44:24","slug":"legea-pentru-incriminarea-femicidului-ar-putea-fi-depusa-in-parlament-saptamana-viitoare-48-de-femei-au-fost-ucise-in-romania-anul-acesta-sase-in-bucuresti-si-ilfov","status":"publish","type":"post","link":"https:\/\/buletin.de\/bucuresti\/legea-pentru-incriminarea-femicidului-ar-putea-fi-depusa-in-parlament-saptamana-viitoare-48-de-femei-au-fost-ucise-in-romania-anul-acesta-sase-in-bucuresti-si-ilfov\/","title":{"rendered":"Legea pentru incriminarea femicidului ar putea fi depus\u0103 \u00een Parlament s\u0103pt\u0103m\u00e2na viitoare. 48 de femei au fost ucise \u00een Rom\u00e2nia anul acesta. \u0218ase \u00een Bucure\u0219ti \u0219i Ilfov"},"content":{"rendered":"\n<p><strong>Statul rom\u00e2n nu recunoa\u0219te femicidul (crim\u0103 bazat\u0103 pe ur\u0103 \u00eempotriva femeilor), de\u0219i <a href=\"https:\/\/www.instagram.com\/stop.femicidelor\/?hl=en\" target=\"_blank\" rel=\"noreferrer noopener\">48 de cazuri <\/a>au avut loc \u00een \u021bar\u0103, doar anul acesta. Un proiect de lege pentru incriminarea femicidului ar urma s\u0103 fie depus \u00een Parlament s\u0103pt\u0103m\u00e2na viitoare, a declarat senatoarea \u0219i vicepre\u0219edinta PSD Victoria Stoiciu, una dintre ini\u021biatoarele modific\u0103rilor legislative, pentru Buletin de Bucure\u0219ti.<\/strong><\/p>\n\n\n\n<p>\u00cen Capital\u0103, aproximativ 12.000 persoane au ie\u0219it \u00een strad\u0103 duminic\u0103, 19 octombrie, pentru a solicita \u00eenc\u0103 o dat\u0103 <strong><mark style=\"background-color:rgba(0, 0, 0, 0)\" class=\"has-inline-color has-vivid-red-color\">protec\u021bie real\u0103 pentru fete \u0219i femei \u00eempotriva violen\u021bei de gen<\/mark><\/strong>, \u00een cadrul celei de-a unsprezecea edi\u021bii a Mar\u0219ului \u201e\u00cempreun\u0103 pentru Siguran\u021ba Femeilor\u201d.<\/p>\n\n\n\n<figure class=\"wp-block-image size-large\"><img fetchpriority=\"high\" decoding=\"async\" width=\"1000\" height=\"667\" src=\"data:image\/gif;base64,R0lGODlhAQABAAAAACH5BAEKAAEALAAAAAABAAEAAAICTAEAOw==\" data-src=\"https:\/\/buletin.de\/bucuresti\/wp-content\/uploads\/2025\/10\/ID322414_INQUAM_Photos_Pana_Tudor-1000x667.jpg\" alt=\"\" class=\"wp-image-153695 lazyload\" data-sizes=\"auto\" data-srcset=\"https:\/\/buletin.de\/bucuresti\/wp-content\/uploads\/2025\/10\/ID322414_INQUAM_Photos_Pana_Tudor-1000x667.jpg 1000w, https:\/\/buletin.de\/bucuresti\/wp-content\/uploads\/2025\/10\/ID322414_INQUAM_Photos_Pana_Tudor-300x200.jpg 300w, https:\/\/buletin.de\/bucuresti\/wp-content\/uploads\/2025\/10\/ID322414_INQUAM_Photos_Pana_Tudor-768x512.jpg 768w, https:\/\/buletin.de\/bucuresti\/wp-content\/uploads\/2025\/10\/ID322414_INQUAM_Photos_Pana_Tudor-1536x1024.jpg 1536w, https:\/\/buletin.de\/bucuresti\/wp-content\/uploads\/2025\/10\/ID322414_INQUAM_Photos_Pana_Tudor-2048x1365.jpg 2048w, https:\/\/buletin.de\/bucuresti\/wp-content\/uploads\/2025\/10\/ID322414_INQUAM_Photos_Pana_Tudor-1600x1067.jpg 1600w, https:\/\/buletin.de\/bucuresti\/wp-content\/uploads\/2025\/10\/ID322414_INQUAM_Photos_Pana_Tudor-1100x733.jpg 1100w, https:\/\/buletin.de\/bucuresti\/wp-content\/uploads\/2025\/10\/ID322414_INQUAM_Photos_Pana_Tudor-600x400.jpg 600w, https:\/\/buletin.de\/bucuresti\/wp-content\/uploads\/2025\/10\/ID322414_INQUAM_Photos_Pana_Tudor-20x13.jpg 20w\" sizes=\"(max-width: 1000px) 100vw, 1000px\" \/><figcaption class=\"wp-element-caption\">Mar\u0219ul \u201e\u00cempreun\u0103 pentru Siguran\u021ba Femeilor\u201d. Incriminarea femicidiului a fost una dintre solicit\u0103rile principale ale celor 12.000 de persoane care au ie\u0219it \u00een strad\u0103 . Foto: Inquam Photos \/ Tudor Pan\u0103<\/figcaption><\/figure>\n\n\n\n<p>\u00cen aceea\u0219i zi,<strong> <a href=\"https:\/\/www.antena3.ro\/actualitate\/locale\/inca-un-femicid-in-romania-un-barbat-din-dolj-si-a-omorat-sotia-cu-toporul-a-aruncat-o-in-fantana-apoi-s-a-sinucis-763694.html\">o femeie de 39 ani a fost ucis\u0103 de so\u021bul s\u0103u cu un topor<\/a><\/strong>, \u00een comuna Unirea din Jude\u021bul Dolj. B\u0103rbatul a aruncat trupul ne\u00eensufle\u021bit al victimei \u00eentr-o f\u00e2nt\u00e2n\u0103 dezafectat\u0103, aflat\u0103 la circa un kilometru de cas\u0103, dup\u0103 care s-a sinucis.<\/p>\n\n\n\n<p><strong>Printre m\u0103surile solicitate \u00een cadrul manifesta\u021biei de duminic\u0103 se num\u0103r\u0103 modificarea legisla\u021biei pentru incriminarea femicidului \u0219i a c\u0103s\u0103toriilor for\u021bate, dar \u0219i introducerea educa\u021biei pentru egalitate de gen \u00een \u0219coli.<\/strong><\/p>\n\n\n\n<p><strong>Buletin de Bucure\u0219ti <\/strong>a discutat cu <strong>Andreea Rus<\/strong>u, directoarea executiv\u0103 a Centrului FILIA, precum \u0219i cu senatoarea <strong>Victoria Stoiciu<\/strong>, despre ce modific\u0103ri legislative se preg\u0103tesc pentru a proteja victimele violen\u021bei de gen.<\/p>\n\n\n\n<h2 class=\"wp-block-heading\" id=\"h-ce-este-femicidul-48-femei-ucise-inten\u021bionat-de-barba\u021bi-de-la-inceputul-anului\">Ce este femicidul? 48 femei ucise inten\u021bionat de b\u0103rba\u021bi, de la \u00eenceputul anului<\/h2>\n\n\n\n<p>De\u0219i nu exist\u0103 o defini\u021bie standard acceptat\u0103 universal, termenul de \u201efemicid\u201d se refer\u0103 la <strong><mark style=\"background-color:rgba(0, 0, 0, 0)\" class=\"has-inline-color has-vivid-red-color\">uciderea inten\u021bionat\u0103 a unei femei sau a unei fete pe motive de gen<\/mark><\/strong>, adesea rezultat al violen\u021bei domestice, al atitudinilor \u0219i credin\u021belor misogine \u0219i al inegalit\u0103\u021bilor de gen.<\/p>\n\n\n\n<p><strong><mark style=\"background-color:rgba(0, 0, 0, 0)\" class=\"has-inline-color has-vivid-red-color\">48 cazuri de femicid au avut loc \u00een Rom\u00e2nia, de la \u00eenceputul anului.<\/mark><\/strong><\/p>\n\n\n\n<p>La fiecare trei zile, un b\u0103rbat a \u00eencercat s\u0103 omoare o femeie \u00een Rom\u00e2nia, iar infrac\u021biunea a ajuns la autorit\u0103\u021bi, potrivit<a href=\"https:\/\/snoop.ro\/harta-femicid\"> <\/a><strong><a href=\"https:\/\/snoop.ro\/harta-femicid\">jurnali\u0219tilor Snoop.ro<\/a>.<\/strong> \u00cen 48 de cazuri, femeile au murit.<\/p>\n\n\n\n<p><strong><a href=\"https:\/\/snoop.ro\/harta-femicid\">Acceseaz\u0103 aici Harta Femicidului \u00een 2025, realizat\u0103 de Snoop.ro.<\/a><\/strong><\/p>\n\n\n\n<h2 class=\"wp-block-heading\" id=\"h-ce-prevede-proiectul-de-lege-pentru-incriminarea-femicidului\">Ce prevede proiectul de lege pentru incriminarea femicidului<\/h2>\n\n\n\n<p><strong>La momentul actual, legisla\u021bia din Rom\u00e2nia nu recunoa\u0219te femicidul. Proiectul de lege nu presupune doar introducerea termenului \u00een Codul Penal, ci \u0219i o serie de prevederi menite s\u0103 protejeze victimele violen\u021bei de gen.<\/strong><\/p>\n\n\n\n<p><strong>Printre acestea se num\u0103r\u0103 pedepse mai aspre pentru agresori sau introducerea obliga\u021biei autorit\u0103\u021bilor de a culege date despre femicid, explic\u0103 senatoarea Victoria Stoiciu pentru Buletin de Bucure\u0219ti.<\/strong><\/p>\n\n\n\n<blockquote class=\"wp-block-quote is-layout-flow wp-block-quote-is-layout-flow\">\n<p>Uciderea unei femei nu se \u00eent\u00e2mpl\u0103 a\u0219a, din senin.<mark style=\"background-color:rgba(0, 0, 0, 0)\" class=\"has-inline-color has-vivid-red-color\"> <\/mark>De regul\u0103, infrac\u021biunea de femicid vine la cap\u0103tul unui lan\u021b de h\u0103r\u021buiri, de violen\u021be, de amenin\u021b\u0103ri. \u0218i noi intervenim la aceste infrac\u021biuni care sunt prev\u0103zute \u00een Codul Penal \u0219i introducem ni\u0219te <mark style=\"background-color:rgba(0, 0, 0, 0)\" class=\"has-inline-color has-vivid-red-color\">agravante<\/mark>.<\/p>\n<\/blockquote>\n\n\n\n<p>Printre modific\u0103rile legislative propuse se num\u0103r\u0103 punerea \u00een mi\u0219care a ac\u021biunii penale din oficiu \u00een toate cazurile de violen\u021b\u0103 domestic\u0103.<\/p>\n\n\n\n<p>\u201e\u00cen momentul de fa\u021b\u0103, Codul Penal prevede ca, \u00een cazurile de violen\u021b\u0103 domestic\u0103, ac\u021biunea penal\u0103 se pune \u00een mi\u0219care din oficiu sau la pl\u00e2ngerea prealabil\u0103 a victimei.<\/p>\n\n\n\n<p><strong>Faptul c\u0103 exist\u0103 acest \u201esau la pl\u00e2ngerea prealabil\u0103 a victimei\u201d, ceea ce pare a fi foarte ok de principiu, \u00een practic\u0103 face ca poli\u021bi\u0219tii s\u0103 se prevaleze de faptul c\u0103 victima nu a depus pl\u00e2ngere. <\/strong><\/p>\n\n\n\n<p>\u0218i v\u0103 dau un exemplu mediatizat: <a href=\"https:\/\/stirileprotv.ro\/stiri\/actualitate\/scene-revoltatoare-intr-un-parc-din-bucuresti-femeie-agresata-sub-privirile-trecatorilor-salvata-de-cateva-tinere.html\">doamna agresat\u0103 \u00een Parcul din Drumul Taberei, \u00een plin\u0103 zi<\/a>. A intervenit poli\u021bia, doamna nu a depus pl\u00e2ngere. \u0218i noi \u0219tim de ce nu depun femeile pl\u00e2ngere. \u00cen cazurile de violen\u021b\u0103 domestic\u0103, avem de a face cu ni\u0219te situa\u021bii emo\u021bional \u0219i psihologic extrem de complexe, inclusiv teama de repercursiuni, dar nu numai. <\/p>\n\n\n\n<p>Nu este ca \u0219i cum te agreseaz\u0103 un necunoscut pe strad\u0103, poate fi vorba despre omul cu care ai tr\u0103it ani de zile, pe care se \u00eent\u0103mpl\u0103 s\u0103 \u00eel iube\u0219ti, chiar dac\u0103 te bate.<\/p>\n\n\n\n<p><strong>Noi am dori s\u0103 scoatem pl\u00e2ngerea prealabil\u0103 \u0219i s\u0103 fie din oficiu. S\u0103 nu fie necesar\u0103 pl\u00e2ngerea victimei pentru punerea \u00een mi\u0219care a ac\u021biunii penale\u201d<\/strong>, a ad\u0103ugat Victoria Stoiciu.<\/p>\n\n\n\n<p>\u00cen plus, proiectul de lege prevede \u201eo parte de ac\u021biuni preventive pe zona civil\u0103\u201d, printre care se num\u0103r\u0103 definirea tipurilor de femicid, introducerea obliga\u021biei autorit\u0103\u021bilor de colectare a datelor despre fenomen sau educa\u021bie pentru egalitate de gen, sus\u021bine social-democrata.<\/p>\n\n\n\n<p><strong>Proiectul de lege pentru incriminarea femicidului este \u201epe ultima sut\u0103 de metri\u201d \u0219i ar putea fi depus \u00een Parlament s\u0103pt\u0103m\u00e2na viitoare, dup\u0103 integrarea feedback-ului primit, a mai explicat senatoarea.<\/strong><\/p>\n\n\n\n<blockquote class=\"wp-block-quote is-layout-flow wp-block-quote-is-layout-flow\">\n<p>\u201eSperam s\u0103 \u00eel depunem s\u0103pt\u0103m\u00e2na aceasta, \u00eens\u0103 suntem multe partide, noi am lucrat o form\u0103 cu ONG-urile \u0219i exper\u021bii, primim feedback de la colegi \u0219i atunci \u00eenc\u0103 lucr\u0103m s\u0103 integr\u0103m toate recomand\u0103rile primite. Sper ca s\u0103pt\u0103m\u00e2na viitoare s\u0103 \u00eel depunem. Este un draft destul de voluminos, de aceea dureaz\u0103\u201d.<\/p>\n<\/blockquote>\n\n\n\n<p>\u00centrebat\u0103 despre sus\u021binerea politic\u0103 la care se a\u0219teapt\u0103, Victoria Stoiciu a declarat c\u0103 la modific\u0103rile propuse au lucrat reprezentante ale tuturor partidelor aflate la guvernare, PSD, PNL, USR \u0219i UDMR, \u201eceea ce, de principiu, ar fi suficient ca s\u0103 treac\u0103 proiectul de lege\u201d.<\/p>\n\n\n\n<figure class=\"wp-block-gallery has-nested-images columns-default is-cropped wp-block-gallery-1 is-layout-flex wp-block-gallery-is-layout-flex\">\n<figure class=\"wp-block-image size-large\"><img decoding=\"async\" width=\"1000\" height=\"750\" data-id=\"153634\" src=\"data:image\/gif;base64,R0lGODlhAQABAAAAACH5BAEKAAEALAAAAAABAAEAAAICTAEAOw==\" data-src=\"https:\/\/buletin.de\/bucuresti\/wp-content\/uploads\/2025\/10\/565727629_10228936501587115_6667216117342945411_n-1-1000x750.jpg\" alt=\"\" class=\"wp-image-153634 lazyload\" data-sizes=\"auto\" data-srcset=\"https:\/\/buletin.de\/bucuresti\/wp-content\/uploads\/2025\/10\/565727629_10228936501587115_6667216117342945411_n-1-1000x750.jpg 1000w, https:\/\/buletin.de\/bucuresti\/wp-content\/uploads\/2025\/10\/565727629_10228936501587115_6667216117342945411_n-1-300x225.jpg 300w, https:\/\/buletin.de\/bucuresti\/wp-content\/uploads\/2025\/10\/565727629_10228936501587115_6667216117342945411_n-1-768x576.jpg 768w, https:\/\/buletin.de\/bucuresti\/wp-content\/uploads\/2025\/10\/565727629_10228936501587115_6667216117342945411_n-1-1536x1152.jpg 1536w, https:\/\/buletin.de\/bucuresti\/wp-content\/uploads\/2025\/10\/565727629_10228936501587115_6667216117342945411_n-1-1600x1200.jpg 1600w, https:\/\/buletin.de\/bucuresti\/wp-content\/uploads\/2025\/10\/565727629_10228936501587115_6667216117342945411_n-1-1100x825.jpg 1100w, https:\/\/buletin.de\/bucuresti\/wp-content\/uploads\/2025\/10\/565727629_10228936501587115_6667216117342945411_n-1-600x450.jpg 600w, https:\/\/buletin.de\/bucuresti\/wp-content\/uploads\/2025\/10\/565727629_10228936501587115_6667216117342945411_n-1-20x15.jpg 20w, https:\/\/buletin.de\/bucuresti\/wp-content\/uploads\/2025\/10\/565727629_10228936501587115_6667216117342945411_n-1.jpg 2040w\" sizes=\"(max-width: 1000px) 100vw, 1000px\" \/><\/figure>\n\n\n\n<figure class=\"wp-block-image size-large\"><img decoding=\"async\" width=\"1000\" height=\"750\" data-id=\"153636\" src=\"data:image\/gif;base64,R0lGODlhAQABAAAAACH5BAEKAAEALAAAAAABAAEAAAICTAEAOw==\" data-src=\"https:\/\/buletin.de\/bucuresti\/wp-content\/uploads\/2025\/10\/565784060_10228936500107078_3285719993217198581_n-1000x750.jpg\" alt=\"\" class=\"wp-image-153636 lazyload\" data-sizes=\"auto\" data-srcset=\"https:\/\/buletin.de\/bucuresti\/wp-content\/uploads\/2025\/10\/565784060_10228936500107078_3285719993217198581_n-1000x750.jpg 1000w, https:\/\/buletin.de\/bucuresti\/wp-content\/uploads\/2025\/10\/565784060_10228936500107078_3285719993217198581_n-300x225.jpg 300w, https:\/\/buletin.de\/bucuresti\/wp-content\/uploads\/2025\/10\/565784060_10228936500107078_3285719993217198581_n-768x576.jpg 768w, https:\/\/buletin.de\/bucuresti\/wp-content\/uploads\/2025\/10\/565784060_10228936500107078_3285719993217198581_n-1536x1152.jpg 1536w, https:\/\/buletin.de\/bucuresti\/wp-content\/uploads\/2025\/10\/565784060_10228936500107078_3285719993217198581_n-1600x1200.jpg 1600w, https:\/\/buletin.de\/bucuresti\/wp-content\/uploads\/2025\/10\/565784060_10228936500107078_3285719993217198581_n-1100x825.jpg 1100w, https:\/\/buletin.de\/bucuresti\/wp-content\/uploads\/2025\/10\/565784060_10228936500107078_3285719993217198581_n-600x450.jpg 600w, https:\/\/buletin.de\/bucuresti\/wp-content\/uploads\/2025\/10\/565784060_10228936500107078_3285719993217198581_n-20x15.jpg 20w, https:\/\/buletin.de\/bucuresti\/wp-content\/uploads\/2025\/10\/565784060_10228936500107078_3285719993217198581_n.jpg 2040w\" sizes=\"(max-width: 1000px) 100vw, 1000px\" \/><\/figure>\n<figcaption class=\"blocks-gallery-caption wp-element-caption\">Mar\u0219ul \u201e\u00cempreun\u0103 pentru Siguran\u021ba Femeilor\u201d. Foto: FB\/ Victoria Stoiciu (una dintre ini\u021biatoarele proiectului de lege pentru incriminarea femicidului)<\/figcaption><\/figure>\n\n\n\n<h2 class=\"wp-block-heading\" id=\"h-andreea-rusu-centrul-filia-asta-este-particularitatea-femicidelor-multe-crime-puteau-fi-prevenite\">Andreea Rusu, CENTRUL FILIA: Asta este particularitatea femicidelor, multe crime puteau fi prevenite<\/h2>\n\n\n\n<p><strong>Duminic\u0103, 19 octombrie, aproximativ 12.000 persoane au ie\u0219it \u00een strad\u0103, la Bucure\u0219ti, pentru a-\u0219i ar\u0103ta sus\u021binerea pentru victimele violen\u021bei de gen \u0219i pentru a cere autorit\u0103\u021bilor s\u0103 ia m\u0103suri pentru combaterea \u0219i prevenirea femicidului. Al\u021bi 3.000 participan\u021bi li s-au al\u0103turat \u00een strad\u0103, <\/strong>din alte ora\u0219e ale \u021b\u0103rii.<\/p>\n\n\n\n<p>Buletin de Bucure\u0219ti a discutat cu Andreea Rusu, directoarea Centrului FILIA &#8211; una dintre organiza\u021biile care au organizat Mar\u0219ul \u201e\u00cempreun\u0103 pentru Siguran\u021ba Femeilor\u201d, despre ce m\u0103suri pot lua autorit\u0103\u021bile pentru protec\u021bia victimelor, p\u00e2n\u0103 la adoptarea proiectului de lege pentru incriminarea femicidului.<\/p>\n\n\n<div class=\"wp-block-image\">\n<figure class=\"aligncenter size-large is-resized\"><img loading=\"lazy\" decoding=\"async\" width=\"666\" height=\"1000\" src=\"data:image\/gif;base64,R0lGODlhAQABAAAAACH5BAEKAAEALAAAAAABAAEAAAICTAEAOw==\" data-src=\"https:\/\/buletin.de\/bucuresti\/wp-content\/uploads\/2025\/10\/489543049_9737303482957752_3373127781160907173_n-666x1000.jpg\" alt=\"incriminarea femicidului\" class=\"wp-image-153703 lazyload\" style=\"width:319px;height:auto\" data-sizes=\"auto\" data-srcset=\"https:\/\/buletin.de\/bucuresti\/wp-content\/uploads\/2025\/10\/489543049_9737303482957752_3373127781160907173_n-666x1000.jpg 666w, https:\/\/buletin.de\/bucuresti\/wp-content\/uploads\/2025\/10\/489543049_9737303482957752_3373127781160907173_n-200x300.jpg 200w, https:\/\/buletin.de\/bucuresti\/wp-content\/uploads\/2025\/10\/489543049_9737303482957752_3373127781160907173_n-768x1153.jpg 768w, https:\/\/buletin.de\/bucuresti\/wp-content\/uploads\/2025\/10\/489543049_9737303482957752_3373127781160907173_n-1023x1536.jpg 1023w, https:\/\/buletin.de\/bucuresti\/wp-content\/uploads\/2025\/10\/489543049_9737303482957752_3373127781160907173_n-1100x1652.jpg 1100w, https:\/\/buletin.de\/bucuresti\/wp-content\/uploads\/2025\/10\/489543049_9737303482957752_3373127781160907173_n-600x901.jpg 600w, https:\/\/buletin.de\/bucuresti\/wp-content\/uploads\/2025\/10\/489543049_9737303482957752_3373127781160907173_n-20x30.jpg 20w, https:\/\/buletin.de\/bucuresti\/wp-content\/uploads\/2025\/10\/489543049_9737303482957752_3373127781160907173_n.jpg 1364w\" sizes=\"(max-width: 666px) 100vw, 666px\" \/><figcaption class=\"wp-element-caption\">Foto: Andreea Rusu\/ FB<\/figcaption><\/figure>\n<\/div>\n\n\n<p>\u201eCe este foarte important este c\u0103 atunci c\u00e2nd intervin, fie c\u0103 vorbim despre poli\u021bi\u0219ti, procurori, judec\u0103tori,&nbsp;personal din domeniul de s\u0103n\u0103tate, asisten\u021bi sociali, trebuie s\u0103 o fac\u0103<strong><mark style=\"background-color:rgba(0, 0, 0, 0)\" class=\"has-inline-color has-vivid-red-color\"> f\u0103r\u0103 prejudec\u0103\u021bi<\/mark><\/strong>.&nbsp;&nbsp;<\/p>\n\n\n\n<p>Trebuie s\u0103 le fie al\u0103turi victimelor \u0219i s\u0103 \u00een\u021beleag\u0103 felul \u00een care func\u021bioneaz\u0103 violen\u021ba \u00een cuplu,&nbsp;violen\u021ba \u00een familie \u0219i anume faptul c\u0103 <strong><mark style=\"background-color:rgba(0, 0, 0, 0)\" class=\"has-inline-color has-vivid-red-color\">victimele se \u00eentorc de multe ori la agresor <\/mark><\/strong>pentru c\u0103 \u00ee\u0219i doresc ca violen\u021ba s\u0103 se opreasc\u0103, nu \u00ee\u0219i doresc neap\u0103rat ie\u0219irea din rela\u021bie, pentru c\u0103 poate au copii, pentru c\u0103 poate sunt dependente financiari de el, \u0219i a\u0219a mai departe.<\/p>\n\n\n\n<p>De asemenea mi se pare foarte important\u0103 aceast\u0103 bucat\u0103 de <strong><mark style=\"background-color:rgba(0, 0, 0, 0)\" class=\"has-inline-color has-vivid-red-color\">evaluare a riscului<\/mark><\/strong> \u0219i, de fapt, asta vrem inclusiv s\u0103 atragem&nbsp;prin modific\u0103rile legislative pe care le propunem. Este \u0219i primul lucru pe care \u00eel facem al\u0103turi de mai multe colege din re\u021beaua VIF,&nbsp;Re\u021beaua pentru Combaterea \u0219i Prevenirea Violen\u021bei \u00eempotriva Femeilor, astfel \u00eenc\u00e2t evaluarea riscului \u00een situa\u021bii de violen\u021b\u0103&nbsp;de gen s\u0103 fie f\u0103cut\u0103 c\u00e2t mai corect pentru a preveni femicidele.<\/p>\n\n\n\n<p>Pentru c\u0103 asta este de fapt particularitatea femicidelor,&nbsp;faptul c\u0103<strong><mark style=\"background-color:rgba(0, 0, 0, 0)\" class=\"has-inline-color has-vivid-red-color\"> multe crime ar fi putut s\u0103 fie prevenite<\/mark><\/strong>, mai ales c\u0103 am v\u0103zut \u00een pres\u0103 faptul c\u0103 multe dintre femeile ucise \u00een acest an&nbsp;au avut ordine de protec\u021bie \u00eempotriva criminalilor, au avut pl\u00e2ngeri la poli\u021bie, vecinii, familia \u0219tiau c\u0103 sunt \u00eentr-o rela\u021bie violent\u0103 \u0219i atunci asta este cel mai important: felul \u00een care intervin autorit\u0103\u021bile \u00een cazurile de violen\u021b\u0103 \u00een familie, de violen\u021b\u0103 de gen, astfel \u00eenc\u00e2t s\u0103 previn\u0103 femicidele\u201d, a explicat Andreea Rusu, directoarea executiv\u0103 a Centrului FILIA.<\/p>\n\n\n\n<figure class=\"wp-block-gallery has-nested-images columns-default is-cropped wp-block-gallery-2 is-layout-flex wp-block-gallery-is-layout-flex\">\n<figure class=\"wp-block-image size-large\"><img loading=\"lazy\" decoding=\"async\" width=\"1000\" height=\"667\" data-id=\"153701\" src=\"data:image\/gif;base64,R0lGODlhAQABAAAAACH5BAEKAAEALAAAAAABAAEAAAICTAEAOw==\" data-src=\"https:\/\/buletin.de\/bucuresti\/wp-content\/uploads\/2025\/10\/ID322428_INQUAM_Photos_Codrin_Unici-1000x667.jpg\" alt=\"incriminarea femicidului\" class=\"wp-image-153701 lazyload\" data-sizes=\"auto\" data-srcset=\"https:\/\/buletin.de\/bucuresti\/wp-content\/uploads\/2025\/10\/ID322428_INQUAM_Photos_Codrin_Unici-1000x667.jpg 1000w, https:\/\/buletin.de\/bucuresti\/wp-content\/uploads\/2025\/10\/ID322428_INQUAM_Photos_Codrin_Unici-300x200.jpg 300w, https:\/\/buletin.de\/bucuresti\/wp-content\/uploads\/2025\/10\/ID322428_INQUAM_Photos_Codrin_Unici-768x512.jpg 768w, https:\/\/buletin.de\/bucuresti\/wp-content\/uploads\/2025\/10\/ID322428_INQUAM_Photos_Codrin_Unici-1536x1024.jpg 1536w, https:\/\/buletin.de\/bucuresti\/wp-content\/uploads\/2025\/10\/ID322428_INQUAM_Photos_Codrin_Unici-2048x1365.jpg 2048w, https:\/\/buletin.de\/bucuresti\/wp-content\/uploads\/2025\/10\/ID322428_INQUAM_Photos_Codrin_Unici-1600x1067.jpg 1600w, https:\/\/buletin.de\/bucuresti\/wp-content\/uploads\/2025\/10\/ID322428_INQUAM_Photos_Codrin_Unici-1100x733.jpg 1100w, https:\/\/buletin.de\/bucuresti\/wp-content\/uploads\/2025\/10\/ID322428_INQUAM_Photos_Codrin_Unici-600x400.jpg 600w, https:\/\/buletin.de\/bucuresti\/wp-content\/uploads\/2025\/10\/ID322428_INQUAM_Photos_Codrin_Unici-20x13.jpg 20w\" sizes=\"(max-width: 1000px) 100vw, 1000px\" \/><\/figure>\n\n\n\n<figure class=\"wp-block-image size-large\"><img loading=\"lazy\" decoding=\"async\" width=\"1000\" height=\"667\" data-id=\"153702\" src=\"data:image\/gif;base64,R0lGODlhAQABAAAAACH5BAEKAAEALAAAAAABAAEAAAICTAEAOw==\" data-src=\"https:\/\/buletin.de\/bucuresti\/wp-content\/uploads\/2025\/10\/ID322406_INQUAM_Photos_Codrin_Unici-1000x667.jpg\" alt=\"\" class=\"wp-image-153702 lazyload\" data-sizes=\"auto\" data-srcset=\"https:\/\/buletin.de\/bucuresti\/wp-content\/uploads\/2025\/10\/ID322406_INQUAM_Photos_Codrin_Unici-1000x667.jpg 1000w, https:\/\/buletin.de\/bucuresti\/wp-content\/uploads\/2025\/10\/ID322406_INQUAM_Photos_Codrin_Unici-300x200.jpg 300w, https:\/\/buletin.de\/bucuresti\/wp-content\/uploads\/2025\/10\/ID322406_INQUAM_Photos_Codrin_Unici-768x512.jpg 768w, https:\/\/buletin.de\/bucuresti\/wp-content\/uploads\/2025\/10\/ID322406_INQUAM_Photos_Codrin_Unici-1536x1024.jpg 1536w, https:\/\/buletin.de\/bucuresti\/wp-content\/uploads\/2025\/10\/ID322406_INQUAM_Photos_Codrin_Unici-2048x1365.jpg 2048w, https:\/\/buletin.de\/bucuresti\/wp-content\/uploads\/2025\/10\/ID322406_INQUAM_Photos_Codrin_Unici-1600x1067.jpg 1600w, https:\/\/buletin.de\/bucuresti\/wp-content\/uploads\/2025\/10\/ID322406_INQUAM_Photos_Codrin_Unici-1100x733.jpg 1100w, https:\/\/buletin.de\/bucuresti\/wp-content\/uploads\/2025\/10\/ID322406_INQUAM_Photos_Codrin_Unici-600x400.jpg 600w, https:\/\/buletin.de\/bucuresti\/wp-content\/uploads\/2025\/10\/ID322406_INQUAM_Photos_Codrin_Unici-20x13.jpg 20w\" sizes=\"(max-width: 1000px) 100vw, 1000px\" \/><\/figure>\n<figcaption class=\"blocks-gallery-caption wp-element-caption\">Foto: Inquam Photos \/ Codrin Unici<\/figcaption><\/figure>\n\n\n\n<p><strong>Andreea Rusu a mai ar\u0103tat c\u0103 prejudec\u0103\u021bile cu care am crescut fiecare dintre noi pot fi comb\u0103tute doar prin educa\u021bie, at\u00e2t la nivelul personalului care intr\u0103 \u00een contact cu victimele violen\u021bei de gen, c\u00e2t \u0219i la nivelul societ\u0103\u021bii. <\/strong><\/p>\n\n\n\n<p><strong>\u00cen acela\u0219i timp, este foarte important ca autorit\u0103\u021bile s\u0103 fac\u0103 tot posibilul pentru a se asigura c\u0103 interven\u021biile \u00een cazuri de violen\u021b\u0103 se fac conform legii \u0219i nu conform unor prejudec\u0103\u021bi personale, descuraj\u00e2nd astfel victimele s\u0103 solicite ajutor din partea institu\u021biilor care ar trebui s\u0103 le protejeze.<\/strong><\/p>\n\n\n\n<p>\u201eNoi de foarte mul\u021bi ani sus\u021binem formarea continu\u0103 a personalului care intr\u0103 \u00een contact cu victimele violen\u021bei,&nbsp;tocmai pentru a adresa aceste prejudec\u0103\u021bi cu care p\u00e2n\u0103 la urm\u0103 marea majoritate dintre noi a\u0219a am crescut. <\/p>\n\n\n\n<p>C\u0103 b\u0103taia este rupt\u0103 din rai, c\u0103 nu&nbsp;iese fum f\u0103r\u0103 foc, c\u0103 rufele murdare se spal\u0103 \u00een familie, toate aceste lucruri le-am auzit majoritatea dintre noi c\u00e2nd am crescut, iar mentalit\u0103\u021bile \u0219i prejudec\u0103\u021bile se schimb\u0103 cel mai greu\u201d, a ad\u0103ugat reprezentanta Centrului FILIA.<\/p>\n\n\n\n<h2 class=\"wp-block-heading\" id=\"h-incriminarea-femicidului-sase-femei-au-fost-ucise-in-bucure\u0219ti-\u0219i-ilfov-de-la-inceputul-anului\">Incriminarea femicidului. \u015ease femei au fost ucise \u00een Bucure\u0219ti \u0219i Ilfov, de la \u00eenceputul anului<\/h2>\n\n\n\n<p><strong>\u015ease femicide au avut loc \u00een Bucure\u015fti \u015fi Ilfov, de la \u00eenceputul anului, potrivit paginii de instagram <a href=\"https:\/\/www.instagram.com\/stop.femicidelor\/?hl=en\">stop.femicidelor<\/a>, care monitorizeaz\u0103 cazurile de femicid din Rom\u00e2nia \u015fi diaspora, precum \u015fi tentativele de femicid mediatizate.<\/strong><\/p>\n\n\n\n<div class=\"wp-block-group\"><div class=\"wp-block-group__inner-container is-layout-constrained wp-block-group-is-layout-constrained\">\n<p>La \u00eenceputul anului, <a href=\"https:\/\/buletin.de\/bucuresti\/femeia-ucisa-si-lasata-intr-un-depozit-din-bragadiru-a-fost-identificata-apel-catre-populatie\">Ciosu Marina<\/a>, o femeie de 35 ani din jude\u021bul Bac\u0103u, a fost ucis\u0103 \u0219i \u00eengropat\u0103 \u00een curtea unui depozit din Bragadiru.<\/p>\n\n\n\n<p>O lun\u0103 mai t\u00e2rziu,<a href=\"https:\/\/stirileprotv.ro\/socant\/barbatul-care-ar-fi-ucis-o-pe-ucraineanca-de-28-de-ani-in-bucuresti-a-incercat-sa-se-sinucida-la-metrou-dar-nu-a-reusit.html\"> Anastasia Kovalyk<\/a>, o t\u00e2n\u0103r\u0103 ucraineanc\u0103 refugiat\u0103 \u00een Capital\u0103, a fost ucis\u0103 \u00een propria locuin\u021b\u0103. Femeia avea 28 ani \u0219i preda lec\u021bii de dans \u00een Capital\u0103. Mama sa a fost cea care a g\u0103sit-o decedat\u0103 \u0219i a alertat autorit\u0103\u021bile.<\/p>\n\n\n\n<p>La finalul lunii mai, <a href=\"https:\/\/buletin.de\/bucuresti\/impuscata-in-complexul-cosmopolis\">Teodora Marcu<\/a>, o femeie de 23 ani, gravid\u0103, a fost \u00eempu\u0219cat\u0103 mortal pe strad\u0103, sub privirile propriei fiice. Crima a avut loc \u00een cartierul reziden\u021bial Cosmopolis. Criminalul s\u0103u, care o abuza \u00eenc\u0103 de mic\u0103, s-a sinucis cu aceea\u0219i arm\u0103.<\/p>\n\n\n\n<p>La mijlocul lunii august,<a href=\"https:\/\/www.libertatea.ro\/stiri\/o-femeie-in-varsta-de-76-de-ani-a-sfarsit-groaznic-in-mogosoaia-miercuri-seara-5415266\"> Ivancea Floarea<\/a>, o femeie de 76 ani, a fost dezbr\u0103cat\u0103 \u0219i ucis\u0103 \u00een propria locuin\u021b\u0103 din Mogo\u0219oaia, \u00een care locuia cu chirie. Trupul ne\u00eensufle\u021bit al victimei a fost g\u0103sit de nepoata sa. Fiul proprietarilor, \u00een v\u00e2rst\u0103 de 25 ani, \u015fi-a recunoscut vinov\u0103\u021bia.<\/p>\n\n\n\n<p>La mijlocul lui octombrie, <a href=\"https:\/\/www.cancan.ro\/cine-este-criminalul-femeii-gasite-in-pantelimon-dupa-12-ore-de-interogatorii-politistilor-li-s-a-confirmat-ipoteza-crunta-21281752\">Alexandrina Stroe<\/a>, o femeie de 58 ani, a fost g\u0103sit\u0103 \u00eengropat\u0103 \u00eentr-o p\u0103dure de la marginea Capitalei. Criminalul s\u0103u este un b\u0103rbat de 20 ani, implicat \u00eentr-o rela\u0163ie abuziv\u0103 cu fiica adoptiv\u0103 a victimei, \u00een v\u00e2rst\u0103 de doar 14 ani. <\/p>\n\n\n\n<figure class=\"wp-block-image size-large\"><img loading=\"lazy\" decoding=\"async\" width=\"1000\" height=\"667\" src=\"data:image\/gif;base64,R0lGODlhAQABAAAAACH5BAEKAAEALAAAAAABAAEAAAICTAEAOw==\" data-src=\"https:\/\/buletin.de\/bucuresti\/wp-content\/uploads\/2025\/10\/ID322443_INQUAM_Photos_Diana_Tiu-1-1000x667.jpg\" alt=\"incriminarea femicidului\" class=\"wp-image-153698 lazyload\" data-sizes=\"auto\" data-srcset=\"https:\/\/buletin.de\/bucuresti\/wp-content\/uploads\/2025\/10\/ID322443_INQUAM_Photos_Diana_Tiu-1-1000x667.jpg 1000w, https:\/\/buletin.de\/bucuresti\/wp-content\/uploads\/2025\/10\/ID322443_INQUAM_Photos_Diana_Tiu-1-300x200.jpg 300w, https:\/\/buletin.de\/bucuresti\/wp-content\/uploads\/2025\/10\/ID322443_INQUAM_Photos_Diana_Tiu-1-768x512.jpg 768w, https:\/\/buletin.de\/bucuresti\/wp-content\/uploads\/2025\/10\/ID322443_INQUAM_Photos_Diana_Tiu-1-1536x1024.jpg 1536w, https:\/\/buletin.de\/bucuresti\/wp-content\/uploads\/2025\/10\/ID322443_INQUAM_Photos_Diana_Tiu-1-2048x1365.jpg 2048w, https:\/\/buletin.de\/bucuresti\/wp-content\/uploads\/2025\/10\/ID322443_INQUAM_Photos_Diana_Tiu-1-1600x1067.jpg 1600w, https:\/\/buletin.de\/bucuresti\/wp-content\/uploads\/2025\/10\/ID322443_INQUAM_Photos_Diana_Tiu-1-1100x733.jpg 1100w, https:\/\/buletin.de\/bucuresti\/wp-content\/uploads\/2025\/10\/ID322443_INQUAM_Photos_Diana_Tiu-1-600x400.jpg 600w, https:\/\/buletin.de\/bucuresti\/wp-content\/uploads\/2025\/10\/ID322443_INQUAM_Photos_Diana_Tiu-1-20x13.jpg 20w\" sizes=\"(max-width: 1000px) 100vw, 1000px\" \/><figcaption class=\"wp-element-caption\">Foto: Inquam Photos \/&nbsp;Diana&nbsp;\u021aiu<\/figcaption><\/figure>\n\n\n\n<p><strong>Peste 34.000 cet\u0103\u021beni solicit\u0103 incriminarea femicidului, protec\u021bia real\u0103 a victimelor \u0219i pedepse mai aspre pentru criminali, printr-<a href=\"https:\/\/campaniamea.declic.ro\/petitions\/femicidul-exista-legea-lipseste\">o peti\u021bie adresat\u0103 Ministerului Justi\u021biei Radu Marinescu (PSD), Parlamentului \u0219i Guvernului Rom\u00e2niei. <\/a><\/strong><\/p>\n\n\n\n<p><strong>CITE\u015eTE \u015eI:<\/strong> <a href=\"https:\/\/buletin.de\/bucuresti\/reportaj-cate-mai-trebuie-sa-murim-mii-de-femei-au-strigat-in-cor-in-piata-victoriei-pentru-femeile-care-nu-mai-au-voce\/\"><strong>REPORTAJ | \u201eSunt vie azi, dar poate m\u00e2ine ajung la \u0219tiri!\u201d. Mii de femei au strigat \u00een cor, \u00een Pia\u021ba Victoriei, pentru femeile care nu mai au voce<\/strong><\/a><\/p>\n<\/div><\/div>\n\n\n\n<p><\/p>\n","protected":false},"excerpt":{"rendered":"<p>Statul rom\u00e2n nu recunoa\u0219te femicidul (crim\u0103 bazat\u0103 pe ur\u0103 \u00eempotriva femeilor), de\u0219i 48 de cazuri au avut loc \u00een \u021bar\u0103, doar anul acesta. Un proiect de lege pentru incriminarea femicidului ar urma s\u0103 fie depus \u00een Parlament s\u0103pt\u0103m\u00e2na viitoare, a declarat senatoarea \u0219i vicepre\u0219edinta PSD Victoria Stoiciu, una dintre ini\u021biatoarele modific\u0103rilor legislative, pentru Buletin de [&hellip;]<\/p>\n","protected":false},"author":55,"featured_media":153700,"comment_status":"closed","ping_status":"open","sticky":false,"template":"","format":"standard","meta":{"_acf_changed":false,"inline_featured_image":false,"ngg_post_thumbnail":0,"footnotes":""},"categories":[6994,5762,9025],"tags":[24325,24331,24328,24329,6386,24327,24324,21794,21826,24288,6735,24330],"ppma_author":[22573],"class_list":["post-153538","post","type-post","status-publish","format-standard","has-post-thumbnail","hentry","category-stiri-2","category-main","category-politic","tag-48-cazuri-de-femicid","tag-agravante","tag-agresori","tag-andreea-rusu","tag-centrul-filia","tag-educatie-pentru-egalitate-de-gen","tag-femei-ucise","tag-femicid","tag-feminicid","tag-marsul-impreuna-pentru-siguranta-femeilor","tag-proiect-de-lege","tag-victoria-stoiciu"],"acf":[],"yoast_head":"<!-- This site is optimized with the Yoast SEO Premium plugin v25.3 (Yoast SEO v27.4) - https:\/\/yoast.com\/product\/yoast-seo-premium-wordpress\/ -->\n<title>Legea pentru incriminarea femicidului ar putea fi depus\u0103 \u00een Parlament s\u0103pt\u0103m\u00e2na viitoare. 48 de femei au fost ucise \u00een Rom\u00e2nia anul acesta. \u0218ase \u00een Bucure\u0219ti \u0219i Ilfov - Buletin de Bucure\u0219ti<\/title>\n<meta name=\"description\" content=\"Proiectul de lege pentru incriminarea femicidului ar putea fi depus \u00een Parlament s\u0103pt\u0103m\u00e2na viitoare. 48 de femei au fost ucise anul acesta.\" \/>\n<meta name=\"robots\" content=\"index, follow, max-snippet:-1, max-image-preview:large, max-video-preview:-1\" \/>\n<link rel=\"canonical\" href=\"https:\/\/buletin.de\/bucuresti\/legea-pentru-incriminarea-femicidului-ar-putea-fi-depusa-in-parlament-saptamana-viitoare-48-de-femei-au-fost-ucise-in-romania-anul-acesta-sase-in-bucuresti-si-ilfov\/\" \/>\n<meta property=\"og:locale\" content=\"en_GB\" \/>\n<meta property=\"og:type\" content=\"article\" \/>\n<meta property=\"og:title\" content=\"Legea pentru incriminarea femicidului ar putea fi depus\u0103 \u00een Parlament s\u0103pt\u0103m\u00e2na viitoare. 48 de femei au fost ucise \u00een Rom\u00e2nia anul acesta. \u0218ase \u00een Bucure\u0219ti \u0219i Ilfov\" \/>\n<meta property=\"og:description\" content=\"Proiectul de lege pentru incriminarea femicidului ar putea fi depus \u00een Parlament s\u0103pt\u0103m\u00e2na viitoare. 48 de femei au fost ucise anul acesta.\" \/>\n<meta property=\"og:url\" content=\"https:\/\/buletin.de\/bucuresti\/legea-pentru-incriminarea-femicidului-ar-putea-fi-depusa-in-parlament-saptamana-viitoare-48-de-femei-au-fost-ucise-in-romania-anul-acesta-sase-in-bucuresti-si-ilfov\/\" \/>\n<meta property=\"og:site_name\" content=\"Buletin de Bucure\u0219ti\" \/>\n<meta property=\"article:publisher\" content=\"https:\/\/www.facebook.com\/buletin.de.buc\" \/>\n<meta property=\"article:published_time\" content=\"2025-10-21T11:30:43+00:00\" \/>\n<meta property=\"article:modified_time\" content=\"2025-10-22T12:44:24+00:00\" \/>\n<meta property=\"og:image\" content=\"https:\/\/buletin.de\/bucuresti\/wp-content\/uploads\/2025\/10\/ID322409_INQUAM_Photos_Pana_Tudor-scaled.jpg\" \/>\n\t<meta property=\"og:image:width\" content=\"2560\" \/>\n\t<meta property=\"og:image:height\" content=\"1707\" \/>\n\t<meta property=\"og:image:type\" content=\"image\/jpeg\" \/>\n<meta name=\"author\" content=\"Andreea Tudor\" \/>\n<meta name=\"twitter:card\" content=\"summary_large_image\" \/>\n<meta name=\"twitter:label1\" content=\"Written by\" \/>\n\t<meta name=\"twitter:data1\" content=\"Andreea Tudor\" \/>\n\t<meta name=\"twitter:label2\" content=\"Estimated reading time\" \/>\n\t<meta name=\"twitter:data2\" content=\"9 minutes\" \/>\n<script type=\"application\/ld+json\" class=\"yoast-schema-graph\">{\"@context\":\"https:\\\/\\\/schema.org\",\"@graph\":[{\"@type\":\"Article\",\"@id\":\"https:\\\/\\\/buletin.de\\\/bucuresti\\\/legea-pentru-incriminarea-femicidului-ar-putea-fi-depusa-in-parlament-saptamana-viitoare-48-de-femei-au-fost-ucise-in-romania-anul-acesta-sase-in-bucuresti-si-ilfov\\\/#article\",\"isPartOf\":{\"@id\":\"https:\\\/\\\/buletin.de\\\/bucuresti\\\/legea-pentru-incriminarea-femicidului-ar-putea-fi-depusa-in-parlament-saptamana-viitoare-48-de-femei-au-fost-ucise-in-romania-anul-acesta-sase-in-bucuresti-si-ilfov\\\/\"},\"author\":{\"name\":\"Andreea Tudor\",\"@id\":\"https:\\\/\\\/buletin.de\\\/bucuresti\\\/#\\\/schema\\\/person\\\/150590659efde715459d159da012f501\"},\"headline\":\"Legea pentru incriminarea femicidului ar putea fi depus\u0103 \u00een Parlament s\u0103pt\u0103m\u00e2na viitoare. 48 de femei au fost ucise \u00een Rom\u00e2nia anul acesta. \u0218ase \u00een Bucure\u0219ti \u0219i Ilfov\",\"datePublished\":\"2025-10-21T11:30:43+00:00\",\"dateModified\":\"2025-10-22T12:44:24+00:00\",\"mainEntityOfPage\":{\"@id\":\"https:\\\/\\\/buletin.de\\\/bucuresti\\\/legea-pentru-incriminarea-femicidului-ar-putea-fi-depusa-in-parlament-saptamana-viitoare-48-de-femei-au-fost-ucise-in-romania-anul-acesta-sase-in-bucuresti-si-ilfov\\\/\"},\"wordCount\":1932,\"publisher\":{\"@id\":\"https:\\\/\\\/buletin.de\\\/bucuresti\\\/#organization\"},\"image\":{\"@id\":\"https:\\\/\\\/buletin.de\\\/bucuresti\\\/legea-pentru-incriminarea-femicidului-ar-putea-fi-depusa-in-parlament-saptamana-viitoare-48-de-femei-au-fost-ucise-in-romania-anul-acesta-sase-in-bucuresti-si-ilfov\\\/#primaryimage\"},\"thumbnailUrl\":\"https:\\\/\\\/buletin.de\\\/bucuresti\\\/wp-content\\\/uploads\\\/2025\\\/10\\\/ID322409_INQUAM_Photos_Pana_Tudor-scaled.jpg\",\"keywords\":[\"48 cazuri de femicid\",\"agravante\",\"agresori\",\"andreea rusu\",\"centrul filia\",\"educatie pentru egalitate de gen\",\"femei ucise\",\"femicid\",\"feminicid\",\"Mar\u0219ul \u00cempreuna pentru Siguran\u021ba Femeilor\",\"proiect de lege\",\"victoria stoiciu\"],\"articleSection\":[\"Articole\",\"Main\",\"Politic\"],\"inLanguage\":\"en-GB\",\"copyrightYear\":\"2025\",\"copyrightHolder\":{\"@id\":\"https:\\\/\\\/buletin.de\\\/bucuresti\\\/#organization\"}},{\"@type\":\"WebPage\",\"@id\":\"https:\\\/\\\/buletin.de\\\/bucuresti\\\/legea-pentru-incriminarea-femicidului-ar-putea-fi-depusa-in-parlament-saptamana-viitoare-48-de-femei-au-fost-ucise-in-romania-anul-acesta-sase-in-bucuresti-si-ilfov\\\/\",\"url\":\"https:\\\/\\\/buletin.de\\\/bucuresti\\\/legea-pentru-incriminarea-femicidului-ar-putea-fi-depusa-in-parlament-saptamana-viitoare-48-de-femei-au-fost-ucise-in-romania-anul-acesta-sase-in-bucuresti-si-ilfov\\\/\",\"name\":\"Legea pentru incriminarea femicidului ar putea fi depus\u0103 \u00een Parlament s\u0103pt\u0103m\u00e2na viitoare. 48 de femei au fost ucise \u00een Rom\u00e2nia anul acesta. \u0218ase \u00een Bucure\u0219ti \u0219i Ilfov - Buletin de Bucure\u0219ti\",\"isPartOf\":{\"@id\":\"https:\\\/\\\/buletin.de\\\/bucuresti\\\/#website\"},\"primaryImageOfPage\":{\"@id\":\"https:\\\/\\\/buletin.de\\\/bucuresti\\\/legea-pentru-incriminarea-femicidului-ar-putea-fi-depusa-in-parlament-saptamana-viitoare-48-de-femei-au-fost-ucise-in-romania-anul-acesta-sase-in-bucuresti-si-ilfov\\\/#primaryimage\"},\"image\":{\"@id\":\"https:\\\/\\\/buletin.de\\\/bucuresti\\\/legea-pentru-incriminarea-femicidului-ar-putea-fi-depusa-in-parlament-saptamana-viitoare-48-de-femei-au-fost-ucise-in-romania-anul-acesta-sase-in-bucuresti-si-ilfov\\\/#primaryimage\"},\"thumbnailUrl\":\"https:\\\/\\\/buletin.de\\\/bucuresti\\\/wp-content\\\/uploads\\\/2025\\\/10\\\/ID322409_INQUAM_Photos_Pana_Tudor-scaled.jpg\",\"datePublished\":\"2025-10-21T11:30:43+00:00\",\"dateModified\":\"2025-10-22T12:44:24+00:00\",\"description\":\"Proiectul de lege pentru incriminarea femicidului ar putea fi depus \u00een Parlament s\u0103pt\u0103m\u00e2na viitoare. 48 de femei au fost ucise anul acesta.\",\"breadcrumb\":{\"@id\":\"https:\\\/\\\/buletin.de\\\/bucuresti\\\/legea-pentru-incriminarea-femicidului-ar-putea-fi-depusa-in-parlament-saptamana-viitoare-48-de-femei-au-fost-ucise-in-romania-anul-acesta-sase-in-bucuresti-si-ilfov\\\/#breadcrumb\"},\"inLanguage\":\"en-GB\",\"potentialAction\":[{\"@type\":\"ReadAction\",\"target\":[\"https:\\\/\\\/buletin.de\\\/bucuresti\\\/legea-pentru-incriminarea-femicidului-ar-putea-fi-depusa-in-parlament-saptamana-viitoare-48-de-femei-au-fost-ucise-in-romania-anul-acesta-sase-in-bucuresti-si-ilfov\\\/\"]}]},{\"@type\":\"ImageObject\",\"inLanguage\":\"en-GB\",\"@id\":\"https:\\\/\\\/buletin.de\\\/bucuresti\\\/legea-pentru-incriminarea-femicidului-ar-putea-fi-depusa-in-parlament-saptamana-viitoare-48-de-femei-au-fost-ucise-in-romania-anul-acesta-sase-in-bucuresti-si-ilfov\\\/#primaryimage\",\"url\":\"https:\\\/\\\/buletin.de\\\/bucuresti\\\/wp-content\\\/uploads\\\/2025\\\/10\\\/ID322409_INQUAM_Photos_Pana_Tudor-scaled.jpg\",\"contentUrl\":\"https:\\\/\\\/buletin.de\\\/bucuresti\\\/wp-content\\\/uploads\\\/2025\\\/10\\\/ID322409_INQUAM_Photos_Pana_Tudor-scaled.jpg\",\"width\":2560,\"height\":1707,\"caption\":\"Proiectul de lege pentru incriminarea femicidului ar putea fi depus \u00een Parlament s\u0103pt\u0103m\u00e2na viitoare. Foto: Inquam Photos\\\/ Tudor Pan\u0103\"},{\"@type\":\"BreadcrumbList\",\"@id\":\"https:\\\/\\\/buletin.de\\\/bucuresti\\\/legea-pentru-incriminarea-femicidului-ar-putea-fi-depusa-in-parlament-saptamana-viitoare-48-de-femei-au-fost-ucise-in-romania-anul-acesta-sase-in-bucuresti-si-ilfov\\\/#breadcrumb\",\"itemListElement\":[{\"@type\":\"ListItem\",\"position\":1,\"name\":\"Acas\u0103\",\"item\":\"https:\\\/\\\/buletin.de\\\/bucuresti\\\/\"},{\"@type\":\"ListItem\",\"position\":2,\"name\":\"Legea pentru incriminarea femicidului ar putea fi depus\u0103 \u00een Parlament s\u0103pt\u0103m\u00e2na viitoare. 48 de femei au fost ucise \u00een Rom\u00e2nia anul acesta. \u0218ase \u00een Bucure\u0219ti \u0219i Ilfov\"}]},{\"@type\":\"WebSite\",\"@id\":\"https:\\\/\\\/buletin.de\\\/bucuresti\\\/#website\",\"url\":\"https:\\\/\\\/buletin.de\\\/bucuresti\\\/\",\"name\":\"Buletin de Bucure\u0219ti\",\"description\":\"\u0218tiri \u0219i investiga\u021bii esen\u021biale din capital\u0103\",\"publisher\":{\"@id\":\"https:\\\/\\\/buletin.de\\\/bucuresti\\\/#organization\"},\"potentialAction\":[{\"@type\":\"SearchAction\",\"target\":{\"@type\":\"EntryPoint\",\"urlTemplate\":\"https:\\\/\\\/buletin.de\\\/bucuresti\\\/?s={search_term_string}\"},\"query-input\":{\"@type\":\"PropertyValueSpecification\",\"valueRequired\":true,\"valueName\":\"search_term_string\"}}],\"inLanguage\":\"en-GB\"},{\"@type\":\"Organization\",\"@id\":\"https:\\\/\\\/buletin.de\\\/bucuresti\\\/#organization\",\"name\":\"Buletin de Bucure\u0219ti\",\"url\":\"https:\\\/\\\/buletin.de\\\/bucuresti\\\/\",\"logo\":{\"@type\":\"ImageObject\",\"inLanguage\":\"en-GB\",\"@id\":\"https:\\\/\\\/buletin.de\\\/bucuresti\\\/#\\\/schema\\\/logo\\\/image\\\/\",\"url\":\"https:\\\/\\\/buletin.de\\\/bucuresti\\\/wp-content\\\/uploads\\\/logo-bdb-full-wide-vernil-transparent.png\",\"contentUrl\":\"https:\\\/\\\/buletin.de\\\/bucuresti\\\/wp-content\\\/uploads\\\/logo-bdb-full-wide-vernil-transparent.png\",\"width\":1782,\"height\":626,\"caption\":\"Buletin de Bucure\u0219ti\"},\"image\":{\"@id\":\"https:\\\/\\\/buletin.de\\\/bucuresti\\\/#\\\/schema\\\/logo\\\/image\\\/\"},\"sameAs\":[\"https:\\\/\\\/www.facebook.com\\\/buletin.de.buc\",\"https:\\\/\\\/www.instagram.com\\\/buletinde.bucuresti\\\/\"]},{\"@type\":\"Person\",\"@id\":\"https:\\\/\\\/buletin.de\\\/bucuresti\\\/#\\\/schema\\\/person\\\/150590659efde715459d159da012f501\",\"name\":\"Andreea Tudor\",\"image\":{\"@type\":\"ImageObject\",\"inLanguage\":\"en-GB\",\"@id\":\"https:\\\/\\\/secure.gravatar.com\\\/avatar\\\/a88705a186ab0b67f3349bcbced506c09e37256fbaad0e7f3bd1a79b4599f589?s=96&d=monsterid&r=g79290610aa1a65c2b86eebc2ca5aee8f\",\"url\":\"https:\\\/\\\/secure.gravatar.com\\\/avatar\\\/a88705a186ab0b67f3349bcbced506c09e37256fbaad0e7f3bd1a79b4599f589?s=96&d=monsterid&r=g\",\"contentUrl\":\"https:\\\/\\\/secure.gravatar.com\\\/avatar\\\/a88705a186ab0b67f3349bcbced506c09e37256fbaad0e7f3bd1a79b4599f589?s=96&d=monsterid&r=g\",\"caption\":\"Andreea Tudor\"},\"description\":\"N\u0103scut\u0103 \u0219i crescut\u0103 \u00een Bucure\u0219ti, sus\u021bin\u0103toare a presei independente. A\u0219a am ajuns redactor la Buletin de Bucure\u0219ti. Fiind eu, \u00eens\u0103mi, parte a sistemului de \u00eenv\u0103\u021b\u0103m\u00e2nt rom\u00e2nesc \u0219i pasionat\u0103 de domeniul social, pun sub lup\u0103 tot ceea ce se \u00eent\u00e2mpl\u0103 \u00een sfera educa\u021biei. Cred cu t\u0103rie c\u0103 presa \u201epentru cet\u0103\u021beni\u201d este presa independent\u0103. Oamenii au nevoie de o informare corect\u0103 pentru a \u00een\u021belege pe deplin ce se \u00eent\u00e2mpl\u0103 \u00een jurul lor \u0219i pentru a lua ac\u021biune \u00eempotriva nedrept\u0103\u021bilor.\",\"url\":\"https:\\\/\\\/buletin.de\\\/bucuresti\\\/author\\\/andreeatudor\\\/\"}]}<\/script>\n<!-- \/ Yoast SEO Premium plugin. -->","yoast_head_json":{"title":"Legea pentru incriminarea femicidului ar putea fi depus\u0103 \u00een Parlament s\u0103pt\u0103m\u00e2na viitoare. 48 de femei au fost ucise \u00een Rom\u00e2nia anul acesta. \u0218ase \u00een Bucure\u0219ti \u0219i Ilfov - Buletin de Bucure\u0219ti","description":"Proiectul de lege pentru incriminarea femicidului ar putea fi depus \u00een Parlament s\u0103pt\u0103m\u00e2na viitoare. 48 de femei au fost ucise anul acesta.","robots":{"index":"index","follow":"follow","max-snippet":"max-snippet:-1","max-image-preview":"max-image-preview:large","max-video-preview":"max-video-preview:-1"},"canonical":"https:\/\/buletin.de\/bucuresti\/legea-pentru-incriminarea-femicidului-ar-putea-fi-depusa-in-parlament-saptamana-viitoare-48-de-femei-au-fost-ucise-in-romania-anul-acesta-sase-in-bucuresti-si-ilfov\/","og_locale":"en_GB","og_type":"article","og_title":"Legea pentru incriminarea femicidului ar putea fi depus\u0103 \u00een Parlament s\u0103pt\u0103m\u00e2na viitoare. 48 de femei au fost ucise \u00een Rom\u00e2nia anul acesta. \u0218ase \u00een Bucure\u0219ti \u0219i Ilfov","og_description":"Proiectul de lege pentru incriminarea femicidului ar putea fi depus \u00een Parlament s\u0103pt\u0103m\u00e2na viitoare. 48 de femei au fost ucise anul acesta.","og_url":"https:\/\/buletin.de\/bucuresti\/legea-pentru-incriminarea-femicidului-ar-putea-fi-depusa-in-parlament-saptamana-viitoare-48-de-femei-au-fost-ucise-in-romania-anul-acesta-sase-in-bucuresti-si-ilfov\/","og_site_name":"Buletin de Bucure\u0219ti","article_publisher":"https:\/\/www.facebook.com\/buletin.de.buc","article_published_time":"2025-10-21T11:30:43+00:00","article_modified_time":"2025-10-22T12:44:24+00:00","og_image":[{"width":2560,"height":1707,"url":"https:\/\/buletin.de\/bucuresti\/wp-content\/uploads\/2025\/10\/ID322409_INQUAM_Photos_Pana_Tudor-scaled.jpg","type":"image\/jpeg"}],"author":"Andreea Tudor","twitter_card":"summary_large_image","twitter_misc":{"Written by":"Andreea Tudor","Estimated reading time":"9 minutes"},"schema":{"@context":"https:\/\/schema.org","@graph":[{"@type":"Article","@id":"https:\/\/buletin.de\/bucuresti\/legea-pentru-incriminarea-femicidului-ar-putea-fi-depusa-in-parlament-saptamana-viitoare-48-de-femei-au-fost-ucise-in-romania-anul-acesta-sase-in-bucuresti-si-ilfov\/#article","isPartOf":{"@id":"https:\/\/buletin.de\/bucuresti\/legea-pentru-incriminarea-femicidului-ar-putea-fi-depusa-in-parlament-saptamana-viitoare-48-de-femei-au-fost-ucise-in-romania-anul-acesta-sase-in-bucuresti-si-ilfov\/"},"author":{"name":"Andreea Tudor","@id":"https:\/\/buletin.de\/bucuresti\/#\/schema\/person\/150590659efde715459d159da012f501"},"headline":"Legea pentru incriminarea femicidului ar putea fi depus\u0103 \u00een Parlament s\u0103pt\u0103m\u00e2na viitoare. 48 de femei au fost ucise \u00een Rom\u00e2nia anul acesta. \u0218ase \u00een Bucure\u0219ti \u0219i Ilfov","datePublished":"2025-10-21T11:30:43+00:00","dateModified":"2025-10-22T12:44:24+00:00","mainEntityOfPage":{"@id":"https:\/\/buletin.de\/bucuresti\/legea-pentru-incriminarea-femicidului-ar-putea-fi-depusa-in-parlament-saptamana-viitoare-48-de-femei-au-fost-ucise-in-romania-anul-acesta-sase-in-bucuresti-si-ilfov\/"},"wordCount":1932,"publisher":{"@id":"https:\/\/buletin.de\/bucuresti\/#organization"},"image":{"@id":"https:\/\/buletin.de\/bucuresti\/legea-pentru-incriminarea-femicidului-ar-putea-fi-depusa-in-parlament-saptamana-viitoare-48-de-femei-au-fost-ucise-in-romania-anul-acesta-sase-in-bucuresti-si-ilfov\/#primaryimage"},"thumbnailUrl":"https:\/\/buletin.de\/bucuresti\/wp-content\/uploads\/2025\/10\/ID322409_INQUAM_Photos_Pana_Tudor-scaled.jpg","keywords":["48 cazuri de femicid","agravante","agresori","andreea rusu","centrul filia","educatie pentru egalitate de gen","femei ucise","femicid","feminicid","Mar\u0219ul \u00cempreuna pentru Siguran\u021ba Femeilor","proiect de lege","victoria stoiciu"],"articleSection":["Articole","Main","Politic"],"inLanguage":"en-GB","copyrightYear":"2025","copyrightHolder":{"@id":"https:\/\/buletin.de\/bucuresti\/#organization"}},{"@type":"WebPage","@id":"https:\/\/buletin.de\/bucuresti\/legea-pentru-incriminarea-femicidului-ar-putea-fi-depusa-in-parlament-saptamana-viitoare-48-de-femei-au-fost-ucise-in-romania-anul-acesta-sase-in-bucuresti-si-ilfov\/","url":"https:\/\/buletin.de\/bucuresti\/legea-pentru-incriminarea-femicidului-ar-putea-fi-depusa-in-parlament-saptamana-viitoare-48-de-femei-au-fost-ucise-in-romania-anul-acesta-sase-in-bucuresti-si-ilfov\/","name":"Legea pentru incriminarea femicidului ar putea fi depus\u0103 \u00een Parlament s\u0103pt\u0103m\u00e2na viitoare. 48 de femei au fost ucise \u00een Rom\u00e2nia anul acesta. \u0218ase \u00een Bucure\u0219ti \u0219i Ilfov - Buletin de Bucure\u0219ti","isPartOf":{"@id":"https:\/\/buletin.de\/bucuresti\/#website"},"primaryImageOfPage":{"@id":"https:\/\/buletin.de\/bucuresti\/legea-pentru-incriminarea-femicidului-ar-putea-fi-depusa-in-parlament-saptamana-viitoare-48-de-femei-au-fost-ucise-in-romania-anul-acesta-sase-in-bucuresti-si-ilfov\/#primaryimage"},"image":{"@id":"https:\/\/buletin.de\/bucuresti\/legea-pentru-incriminarea-femicidului-ar-putea-fi-depusa-in-parlament-saptamana-viitoare-48-de-femei-au-fost-ucise-in-romania-anul-acesta-sase-in-bucuresti-si-ilfov\/#primaryimage"},"thumbnailUrl":"https:\/\/buletin.de\/bucuresti\/wp-content\/uploads\/2025\/10\/ID322409_INQUAM_Photos_Pana_Tudor-scaled.jpg","datePublished":"2025-10-21T11:30:43+00:00","dateModified":"2025-10-22T12:44:24+00:00","description":"Proiectul de lege pentru incriminarea femicidului ar putea fi depus \u00een Parlament s\u0103pt\u0103m\u00e2na viitoare. 48 de femei au fost ucise anul acesta.","breadcrumb":{"@id":"https:\/\/buletin.de\/bucuresti\/legea-pentru-incriminarea-femicidului-ar-putea-fi-depusa-in-parlament-saptamana-viitoare-48-de-femei-au-fost-ucise-in-romania-anul-acesta-sase-in-bucuresti-si-ilfov\/#breadcrumb"},"inLanguage":"en-GB","potentialAction":[{"@type":"ReadAction","target":["https:\/\/buletin.de\/bucuresti\/legea-pentru-incriminarea-femicidului-ar-putea-fi-depusa-in-parlament-saptamana-viitoare-48-de-femei-au-fost-ucise-in-romania-anul-acesta-sase-in-bucuresti-si-ilfov\/"]}]},{"@type":"ImageObject","inLanguage":"en-GB","@id":"https:\/\/buletin.de\/bucuresti\/legea-pentru-incriminarea-femicidului-ar-putea-fi-depusa-in-parlament-saptamana-viitoare-48-de-femei-au-fost-ucise-in-romania-anul-acesta-sase-in-bucuresti-si-ilfov\/#primaryimage","url":"https:\/\/buletin.de\/bucuresti\/wp-content\/uploads\/2025\/10\/ID322409_INQUAM_Photos_Pana_Tudor-scaled.jpg","contentUrl":"https:\/\/buletin.de\/bucuresti\/wp-content\/uploads\/2025\/10\/ID322409_INQUAM_Photos_Pana_Tudor-scaled.jpg","width":2560,"height":1707,"caption":"Proiectul de lege pentru incriminarea femicidului ar putea fi depus \u00een Parlament s\u0103pt\u0103m\u00e2na viitoare. Foto: Inquam Photos\/ Tudor Pan\u0103"},{"@type":"BreadcrumbList","@id":"https:\/\/buletin.de\/bucuresti\/legea-pentru-incriminarea-femicidului-ar-putea-fi-depusa-in-parlament-saptamana-viitoare-48-de-femei-au-fost-ucise-in-romania-anul-acesta-sase-in-bucuresti-si-ilfov\/#breadcrumb","itemListElement":[{"@type":"ListItem","position":1,"name":"Acas\u0103","item":"https:\/\/buletin.de\/bucuresti\/"},{"@type":"ListItem","position":2,"name":"Legea pentru incriminarea femicidului ar putea fi depus\u0103 \u00een Parlament s\u0103pt\u0103m\u00e2na viitoare. 48 de femei au fost ucise \u00een Rom\u00e2nia anul acesta. \u0218ase \u00een Bucure\u0219ti \u0219i Ilfov"}]},{"@type":"WebSite","@id":"https:\/\/buletin.de\/bucuresti\/#website","url":"https:\/\/buletin.de\/bucuresti\/","name":"Buletin de Bucure\u0219ti","description":"\u0218tiri \u0219i investiga\u021bii esen\u021biale din capital\u0103","publisher":{"@id":"https:\/\/buletin.de\/bucuresti\/#organization"},"potentialAction":[{"@type":"SearchAction","target":{"@type":"EntryPoint","urlTemplate":"https:\/\/buletin.de\/bucuresti\/?s={search_term_string}"},"query-input":{"@type":"PropertyValueSpecification","valueRequired":true,"valueName":"search_term_string"}}],"inLanguage":"en-GB"},{"@type":"Organization","@id":"https:\/\/buletin.de\/bucuresti\/#organization","name":"Buletin de Bucure\u0219ti","url":"https:\/\/buletin.de\/bucuresti\/","logo":{"@type":"ImageObject","inLanguage":"en-GB","@id":"https:\/\/buletin.de\/bucuresti\/#\/schema\/logo\/image\/","url":"https:\/\/buletin.de\/bucuresti\/wp-content\/uploads\/logo-bdb-full-wide-vernil-transparent.png","contentUrl":"https:\/\/buletin.de\/bucuresti\/wp-content\/uploads\/logo-bdb-full-wide-vernil-transparent.png","width":1782,"height":626,"caption":"Buletin de Bucure\u0219ti"},"image":{"@id":"https:\/\/buletin.de\/bucuresti\/#\/schema\/logo\/image\/"},"sameAs":["https:\/\/www.facebook.com\/buletin.de.buc","https:\/\/www.instagram.com\/buletinde.bucuresti\/"]},{"@type":"Person","@id":"https:\/\/buletin.de\/bucuresti\/#\/schema\/person\/150590659efde715459d159da012f501","name":"Andreea Tudor","image":{"@type":"ImageObject","inLanguage":"en-GB","@id":"https:\/\/secure.gravatar.com\/avatar\/a88705a186ab0b67f3349bcbced506c09e37256fbaad0e7f3bd1a79b4599f589?s=96&d=monsterid&r=g79290610aa1a65c2b86eebc2ca5aee8f","url":"https:\/\/secure.gravatar.com\/avatar\/a88705a186ab0b67f3349bcbced506c09e37256fbaad0e7f3bd1a79b4599f589?s=96&d=monsterid&r=g","contentUrl":"https:\/\/secure.gravatar.com\/avatar\/a88705a186ab0b67f3349bcbced506c09e37256fbaad0e7f3bd1a79b4599f589?s=96&d=monsterid&r=g","caption":"Andreea Tudor"},"description":"N\u0103scut\u0103 \u0219i crescut\u0103 \u00een Bucure\u0219ti, sus\u021bin\u0103toare a presei independente. A\u0219a am ajuns redactor la Buletin de Bucure\u0219ti. Fiind eu, \u00eens\u0103mi, parte a sistemului de \u00eenv\u0103\u021b\u0103m\u00e2nt rom\u00e2nesc \u0219i pasionat\u0103 de domeniul social, pun sub lup\u0103 tot ceea ce se \u00eent\u00e2mpl\u0103 \u00een sfera educa\u021biei. Cred cu t\u0103rie c\u0103 presa \u201epentru cet\u0103\u021beni\u201d este presa independent\u0103. Oamenii au nevoie de o informare corect\u0103 pentru a \u00een\u021belege pe deplin ce se \u00eent\u00e2mpl\u0103 \u00een jurul lor \u0219i pentru a lua ac\u021biune \u00eempotriva nedrept\u0103\u021bilor.","url":"https:\/\/buletin.de\/bucuresti\/author\/andreeatudor\/"}]}},"authors":[{"term_id":22573,"user_id":55,"is_guest":0,"slug":"andreeatudor","display_name":"Andreea Tudor","avatar_url":"https:\/\/secure.gravatar.com\/avatar\/a88705a186ab0b67f3349bcbced506c09e37256fbaad0e7f3bd1a79b4599f589?s=96&d=monsterid&r=g","0":null,"1":"","2":"","3":"","4":"","5":"","6":"","7":"","8":""}],"_links":{"self":[{"href":"https:\/\/buletin.de\/bucuresti\/wp-json\/wp\/v2\/posts\/153538","targetHints":{"allow":["GET"]}}],"collection":[{"href":"https:\/\/buletin.de\/bucuresti\/wp-json\/wp\/v2\/posts"}],"about":[{"href":"https:\/\/buletin.de\/bucuresti\/wp-json\/wp\/v2\/types\/post"}],"author":[{"embeddable":true,"href":"https:\/\/buletin.de\/bucuresti\/wp-json\/wp\/v2\/users\/55"}],"replies":[{"embeddable":true,"href":"https:\/\/buletin.de\/bucuresti\/wp-json\/wp\/v2\/comments?post=153538"}],"version-history":[{"count":44,"href":"https:\/\/buletin.de\/bucuresti\/wp-json\/wp\/v2\/posts\/153538\/revisions"}],"predecessor-version":[{"id":153997,"href":"https:\/\/buletin.de\/bucuresti\/wp-json\/wp\/v2\/posts\/153538\/revisions\/153997"}],"wp:featuredmedia":[{"embeddable":true,"href":"https:\/\/buletin.de\/bucuresti\/wp-json\/wp\/v2\/media\/153700"}],"wp:attachment":[{"href":"https:\/\/buletin.de\/bucuresti\/wp-json\/wp\/v2\/media?parent=153538"}],"wp:term":[{"taxonomy":"category","embeddable":true,"href":"https:\/\/buletin.de\/bucuresti\/wp-json\/wp\/v2\/categories?post=153538"},{"taxonomy":"post_tag","embeddable":true,"href":"https:\/\/buletin.de\/bucuresti\/wp-json\/wp\/v2\/tags?post=153538"},{"taxonomy":"author","embeddable":true,"href":"https:\/\/buletin.de\/bucuresti\/wp-json\/wp\/v2\/ppma_author?post=153538"}],"curies":[{"name":"wp","href":"https:\/\/api.w.org\/{rel}","templated":true}]}}