{"id":15324,"date":"2020-11-17T16:17:58","date_gmt":"2020-11-17T13:17:58","guid":{"rendered":"https:\/\/buletin.de\/bucuresti\/?p=15324"},"modified":"2020-11-17T16:17:59","modified_gmt":"2020-11-17T13:17:59","slug":"directorul-administratiei-domeniului-public-sector-1-directorul-politiei-locale-sector-1-si-directorul-directiei-de-investitii-demisi-de-clotilde-armand","status":"publish","type":"post","link":"https:\/\/buletin.de\/bucuresti\/directorul-administratiei-domeniului-public-sector-1-directorul-politiei-locale-sector-1-si-directorul-directiei-de-investitii-demisi-de-clotilde-armand\/","title":{"rendered":"Directorul Administra\u021biei Domeniului Public Sector 1, directorul Poli\u021biei Locale Sector 1 \u0219i directorul Direc\u021biei de Investi\u021bii, demi\u0219i de Clotilde Armand"},"content":{"rendered":"\n<p><\/p>\n\n\n\n<p>Noul primar al sectorului 1 a anun\u021bat c\u0103 ast\u0103zi \u00eei va demite pe directorul Administra\u021biei Domeniului Public Sector 1, directorul Poli\u021biei Locale Sector 1 \u0219i directorul Direc\u021biei de Investi\u021bii. Clotilde Armand a acuzat aceste institu\u021bii de faptul c\u0103 au creat un deficit de peste 700 de milioane de lei \u00een acest an \u0219i c\u0103 au \u00eencheiat achizi\u021bii publice suspecte.<\/p>\n\n\n\n<blockquote class=\"wp-block-quote is-layout-flow wp-block-quote-is-layout-flow\"><p>\u201eIncompeten\u021ba, neglijen\u021ba \u0219i achizi\u021biile publice suspecte nu mai au ce c\u0103uta \u00een aceast\u0103 institu\u021bie. Repet: am zero toleran\u021b\u0103 fa\u021b\u0103 de cei care au ales s\u0103 fenteze legea \u0219i nu-\u0219i \u00eendeplinesc atribu\u021biile.\u201d<\/p><cite>Clotilde Armand<\/cite><\/blockquote>\n\n\n\n<div class=\"fb-post\" data-href=\"https:\/\/www.facebook.com\/clotildearmand.ro\/posts\/3474937782582252\" data-show-text=\"true\" data-width=\"\"><blockquote cite=\"https:\/\/www.facebook.com\/clotildearmand.ro\/posts\/3474937782582252\" class=\"fb-xfbml-parse-ignore\"><p>Directorul Administra\u021biei Domeniului Public Sector 1, directorul Poli\u021biei Locale Sector 1 \u0219i directorul Direc\u021biei de&#8230;<\/p>Publicat\u0103 de <a href=\"https:\/\/www.facebook.com\/clotildearmand.ro\/\">Clotilde Armand<\/a> pe&nbsp;<a href=\"https:\/\/www.facebook.com\/clotildearmand.ro\/posts\/3474937782582252\">Mar\u0163i, 17 noiembrie 2020<\/a><\/blockquote><\/div>\n\n\n\n<p>Surs\u0103 cover: Facebook Clotilde Armand <\/p>\n","protected":false},"excerpt":{"rendered":"<p>Noul primar al sectorului 1 a anun\u021bat c\u0103 ast\u0103zi \u00eei va demite pe directorul Administra\u021biei Domeniului Public Sector 1, directorul Poli\u021biei Locale Sector 1 \u0219i directorul Direc\u021biei de Investi\u021bii. Clotilde Armand a acuzat aceste institu\u021bii de faptul c\u0103 au creat un deficit de peste 700 de milioane de lei \u00een acest an \u0219i c\u0103 au [&hellip;]<\/p>\n","protected":false},"author":6,"featured_media":15325,"comment_status":"closed","ping_status":"open","sticky":false,"template":"","format":"standard","meta":{"_acf_changed":false,"inline_featured_image":false,"ngg_post_thumbnail":0,"footnotes":""},"categories":[24,62],"tags":[1487,1876,308],"ppma_author":[22588],"class_list":["post-15324","post","type-post","status-publish","format-standard","has-post-thumbnail","hentry","category-primarie","category-stiri","tag-clotilde-armand","tag-demisii","tag-sector-1"],"acf":[],"yoast_head":"<!-- This site is optimized with the Yoast SEO Premium plugin v25.3 (Yoast SEO v27.4) - https:\/\/yoast.com\/product\/yoast-seo-premium-wordpress\/ -->\n<title>Directorul Administra\u021biei Domeniului Public Sector 1, directorul Poli\u021biei Locale Sector 1 \u0219i directorul Direc\u021biei de Investi\u021bii, demi\u0219i de Clotilde Armand - Buletin de Bucure\u0219ti<\/title>\n<meta name=\"robots\" content=\"index, follow, max-snippet:-1, max-image-preview:large, max-video-preview:-1\" \/>\n<link rel=\"canonical\" href=\"https:\/\/buletin.de\/bucuresti\/directorul-administratiei-domeniului-public-sector-1-directorul-politiei-locale-sector-1-si-directorul-directiei-de-investitii-demisi-de-clotilde-armand\/\" \/>\n<meta property=\"og:locale\" content=\"en_GB\" \/>\n<meta property=\"og:type\" content=\"article\" \/>\n<meta property=\"og:title\" content=\"Directorul Administra\u021biei Domeniului Public Sector 1, directorul Poli\u021biei Locale Sector 1 \u0219i directorul Direc\u021biei de Investi\u021bii, demi\u0219i de Clotilde Armand\" \/>\n<meta property=\"og:description\" content=\"Noul primar al sectorului 1 a anun\u021bat c\u0103 ast\u0103zi \u00eei va demite pe directorul Administra\u021biei Domeniului Public Sector 1, directorul Poli\u021biei Locale Sector 1 \u0219i directorul Direc\u021biei de Investi\u021bii. Clotilde Armand a acuzat aceste institu\u021bii de faptul c\u0103 au creat un deficit de peste 700 de milioane de lei \u00een acest an \u0219i c\u0103 au [&hellip;]\" \/>\n<meta property=\"og:url\" content=\"https:\/\/buletin.de\/bucuresti\/directorul-administratiei-domeniului-public-sector-1-directorul-politiei-locale-sector-1-si-directorul-directiei-de-investitii-demisi-de-clotilde-armand\/\" \/>\n<meta property=\"og:site_name\" content=\"Buletin de Bucure\u0219ti\" \/>\n<meta property=\"article:publisher\" content=\"https:\/\/www.facebook.com\/buletin.de.buc\" \/>\n<meta property=\"article:published_time\" content=\"2020-11-17T13:17:58+00:00\" \/>\n<meta property=\"article:modified_time\" content=\"2020-11-17T13:17:59+00:00\" \/>\n<meta property=\"og:image\" content=\"https:\/\/buletin.de\/bucuresti\/wp-content\/uploads\/118842337_3257727200969979_9010915539640205103_o.jpg\" \/>\n\t<meta property=\"og:image:width\" content=\"2048\" \/>\n\t<meta property=\"og:image:height\" content=\"1363\" \/>\n\t<meta property=\"og:image:type\" content=\"image\/jpeg\" \/>\n<meta name=\"author\" content=\"Bianca Albu\" \/>\n<meta name=\"twitter:card\" content=\"summary_large_image\" \/>\n<meta name=\"twitter:label1\" content=\"Written by\" \/>\n\t<meta name=\"twitter:data1\" content=\"Bianca Albu\" \/>\n\t<meta name=\"twitter:label2\" content=\"Estimated reading time\" \/>\n\t<meta name=\"twitter:data2\" content=\"1 minute\" \/>\n<script type=\"application\/ld+json\" class=\"yoast-schema-graph\">{\"@context\":\"https:\\\/\\\/schema.org\",\"@graph\":[{\"@type\":\"Article\",\"@id\":\"https:\\\/\\\/buletin.de\\\/bucuresti\\\/directorul-administratiei-domeniului-public-sector-1-directorul-politiei-locale-sector-1-si-directorul-directiei-de-investitii-demisi-de-clotilde-armand\\\/#article\",\"isPartOf\":{\"@id\":\"https:\\\/\\\/buletin.de\\\/bucuresti\\\/directorul-administratiei-domeniului-public-sector-1-directorul-politiei-locale-sector-1-si-directorul-directiei-de-investitii-demisi-de-clotilde-armand\\\/\"},\"author\":{\"name\":\"Bianca Albu\",\"@id\":\"https:\\\/\\\/buletin.de\\\/bucuresti\\\/#\\\/schema\\\/person\\\/295dc2228d2dc79294d636619468dc7f\"},\"headline\":\"Directorul Administra\u021biei Domeniului Public Sector 1, directorul Poli\u021biei Locale Sector 1 \u0219i directorul Direc\u021biei de Investi\u021bii, demi\u0219i de Clotilde Armand\",\"datePublished\":\"2020-11-17T13:17:58+00:00\",\"dateModified\":\"2020-11-17T13:17:59+00:00\",\"mainEntityOfPage\":{\"@id\":\"https:\\\/\\\/buletin.de\\\/bucuresti\\\/directorul-administratiei-domeniului-public-sector-1-directorul-politiei-locale-sector-1-si-directorul-directiei-de-investitii-demisi-de-clotilde-armand\\\/\"},\"wordCount\":156,\"publisher\":{\"@id\":\"https:\\\/\\\/buletin.de\\\/bucuresti\\\/#organization\"},\"image\":{\"@id\":\"https:\\\/\\\/buletin.de\\\/bucuresti\\\/directorul-administratiei-domeniului-public-sector-1-directorul-politiei-locale-sector-1-si-directorul-directiei-de-investitii-demisi-de-clotilde-armand\\\/#primaryimage\"},\"thumbnailUrl\":\"https:\\\/\\\/buletin.de\\\/bucuresti\\\/wp-content\\\/uploads\\\/118842337_3257727200969979_9010915539640205103_o.jpg\",\"keywords\":[\"clotilde armand\",\"demisii\",\"Sector 1\"],\"articleSection\":[\"Prim\u0103rie\",\"\u0218tiri\"],\"inLanguage\":\"en-GB\",\"copyrightYear\":\"2020\",\"copyrightHolder\":{\"@id\":\"https:\\\/\\\/buletin.de\\\/bucuresti\\\/#organization\"}},{\"@type\":\"WebPage\",\"@id\":\"https:\\\/\\\/buletin.de\\\/bucuresti\\\/directorul-administratiei-domeniului-public-sector-1-directorul-politiei-locale-sector-1-si-directorul-directiei-de-investitii-demisi-de-clotilde-armand\\\/\",\"url\":\"https:\\\/\\\/buletin.de\\\/bucuresti\\\/directorul-administratiei-domeniului-public-sector-1-directorul-politiei-locale-sector-1-si-directorul-directiei-de-investitii-demisi-de-clotilde-armand\\\/\",\"name\":\"Directorul Administra\u021biei Domeniului Public Sector 1, directorul Poli\u021biei Locale Sector 1 \u0219i directorul Direc\u021biei de Investi\u021bii, demi\u0219i de Clotilde Armand - Buletin de Bucure\u0219ti\",\"isPartOf\":{\"@id\":\"https:\\\/\\\/buletin.de\\\/bucuresti\\\/#website\"},\"primaryImageOfPage\":{\"@id\":\"https:\\\/\\\/buletin.de\\\/bucuresti\\\/directorul-administratiei-domeniului-public-sector-1-directorul-politiei-locale-sector-1-si-directorul-directiei-de-investitii-demisi-de-clotilde-armand\\\/#primaryimage\"},\"image\":{\"@id\":\"https:\\\/\\\/buletin.de\\\/bucuresti\\\/directorul-administratiei-domeniului-public-sector-1-directorul-politiei-locale-sector-1-si-directorul-directiei-de-investitii-demisi-de-clotilde-armand\\\/#primaryimage\"},\"thumbnailUrl\":\"https:\\\/\\\/buletin.de\\\/bucuresti\\\/wp-content\\\/uploads\\\/118842337_3257727200969979_9010915539640205103_o.jpg\",\"datePublished\":\"2020-11-17T13:17:58+00:00\",\"dateModified\":\"2020-11-17T13:17:59+00:00\",\"breadcrumb\":{\"@id\":\"https:\\\/\\\/buletin.de\\\/bucuresti\\\/directorul-administratiei-domeniului-public-sector-1-directorul-politiei-locale-sector-1-si-directorul-directiei-de-investitii-demisi-de-clotilde-armand\\\/#breadcrumb\"},\"inLanguage\":\"en-GB\",\"potentialAction\":[{\"@type\":\"ReadAction\",\"target\":[\"https:\\\/\\\/buletin.de\\\/bucuresti\\\/directorul-administratiei-domeniului-public-sector-1-directorul-politiei-locale-sector-1-si-directorul-directiei-de-investitii-demisi-de-clotilde-armand\\\/\"]}]},{\"@type\":\"ImageObject\",\"inLanguage\":\"en-GB\",\"@id\":\"https:\\\/\\\/buletin.de\\\/bucuresti\\\/directorul-administratiei-domeniului-public-sector-1-directorul-politiei-locale-sector-1-si-directorul-directiei-de-investitii-demisi-de-clotilde-armand\\\/#primaryimage\",\"url\":\"https:\\\/\\\/buletin.de\\\/bucuresti\\\/wp-content\\\/uploads\\\/118842337_3257727200969979_9010915539640205103_o.jpg\",\"contentUrl\":\"https:\\\/\\\/buletin.de\\\/bucuresti\\\/wp-content\\\/uploads\\\/118842337_3257727200969979_9010915539640205103_o.jpg\",\"width\":2048,\"height\":1363},{\"@type\":\"BreadcrumbList\",\"@id\":\"https:\\\/\\\/buletin.de\\\/bucuresti\\\/directorul-administratiei-domeniului-public-sector-1-directorul-politiei-locale-sector-1-si-directorul-directiei-de-investitii-demisi-de-clotilde-armand\\\/#breadcrumb\",\"itemListElement\":[{\"@type\":\"ListItem\",\"position\":1,\"name\":\"Acas\u0103\",\"item\":\"https:\\\/\\\/buletin.de\\\/bucuresti\\\/\"},{\"@type\":\"ListItem\",\"position\":2,\"name\":\"Directorul Administra\u021biei Domeniului Public Sector 1, directorul Poli\u021biei Locale Sector 1 \u0219i directorul Direc\u021biei de Investi\u021bii, demi\u0219i de Clotilde Armand\"}]},{\"@type\":\"WebSite\",\"@id\":\"https:\\\/\\\/buletin.de\\\/bucuresti\\\/#website\",\"url\":\"https:\\\/\\\/buletin.de\\\/bucuresti\\\/\",\"name\":\"Buletin de Bucure\u0219ti\",\"description\":\"\u0218tiri \u0219i investiga\u021bii esen\u021biale din capital\u0103\",\"publisher\":{\"@id\":\"https:\\\/\\\/buletin.de\\\/bucuresti\\\/#organization\"},\"potentialAction\":[{\"@type\":\"SearchAction\",\"target\":{\"@type\":\"EntryPoint\",\"urlTemplate\":\"https:\\\/\\\/buletin.de\\\/bucuresti\\\/?s={search_term_string}\"},\"query-input\":{\"@type\":\"PropertyValueSpecification\",\"valueRequired\":true,\"valueName\":\"search_term_string\"}}],\"inLanguage\":\"en-GB\"},{\"@type\":\"Organization\",\"@id\":\"https:\\\/\\\/buletin.de\\\/bucuresti\\\/#organization\",\"name\":\"Buletin de Bucure\u0219ti\",\"url\":\"https:\\\/\\\/buletin.de\\\/bucuresti\\\/\",\"logo\":{\"@type\":\"ImageObject\",\"inLanguage\":\"en-GB\",\"@id\":\"https:\\\/\\\/buletin.de\\\/bucuresti\\\/#\\\/schema\\\/logo\\\/image\\\/\",\"url\":\"https:\\\/\\\/buletin.de\\\/bucuresti\\\/wp-content\\\/uploads\\\/logo-bdb-full-wide-vernil-transparent.png\",\"contentUrl\":\"https:\\\/\\\/buletin.de\\\/bucuresti\\\/wp-content\\\/uploads\\\/logo-bdb-full-wide-vernil-transparent.png\",\"width\":1782,\"height\":626,\"caption\":\"Buletin de Bucure\u0219ti\"},\"image\":{\"@id\":\"https:\\\/\\\/buletin.de\\\/bucuresti\\\/#\\\/schema\\\/logo\\\/image\\\/\"},\"sameAs\":[\"https:\\\/\\\/www.facebook.com\\\/buletin.de.buc\",\"https:\\\/\\\/www.instagram.com\\\/buletinde.bucuresti\\\/\"]},{\"@type\":\"Person\",\"@id\":\"https:\\\/\\\/buletin.de\\\/bucuresti\\\/#\\\/schema\\\/person\\\/295dc2228d2dc79294d636619468dc7f\",\"name\":\"Bianca Albu\",\"image\":{\"@type\":\"ImageObject\",\"inLanguage\":\"en-GB\",\"@id\":\"https:\\\/\\\/secure.gravatar.com\\\/avatar\\\/3df2e34e20f529e6fd7be4311ee1f7c4ec4aa886971590baf6fa214b15743516?s=96&d=monsterid&r=gf541c715eeec409ce8101252a3c0d8a7\",\"url\":\"https:\\\/\\\/secure.gravatar.com\\\/avatar\\\/3df2e34e20f529e6fd7be4311ee1f7c4ec4aa886971590baf6fa214b15743516?s=96&d=monsterid&r=g\",\"contentUrl\":\"https:\\\/\\\/secure.gravatar.com\\\/avatar\\\/3df2e34e20f529e6fd7be4311ee1f7c4ec4aa886971590baf6fa214b15743516?s=96&d=monsterid&r=g\",\"caption\":\"Bianca Albu\"},\"description\":\"Reporter\",\"url\":\"https:\\\/\\\/buletin.de\\\/bucuresti\\\/author\\\/biancaalbu\\\/\"}]}<\/script>\n<!-- \/ Yoast SEO Premium plugin. -->","yoast_head_json":{"title":"Directorul Administra\u021biei Domeniului Public Sector 1, directorul Poli\u021biei Locale Sector 1 \u0219i directorul Direc\u021biei de Investi\u021bii, demi\u0219i de Clotilde Armand - Buletin de Bucure\u0219ti","robots":{"index":"index","follow":"follow","max-snippet":"max-snippet:-1","max-image-preview":"max-image-preview:large","max-video-preview":"max-video-preview:-1"},"canonical":"https:\/\/buletin.de\/bucuresti\/directorul-administratiei-domeniului-public-sector-1-directorul-politiei-locale-sector-1-si-directorul-directiei-de-investitii-demisi-de-clotilde-armand\/","og_locale":"en_GB","og_type":"article","og_title":"Directorul Administra\u021biei Domeniului Public Sector 1, directorul Poli\u021biei Locale Sector 1 \u0219i directorul Direc\u021biei de Investi\u021bii, demi\u0219i de Clotilde Armand","og_description":"Noul primar al sectorului 1 a anun\u021bat c\u0103 ast\u0103zi \u00eei va demite pe directorul Administra\u021biei Domeniului Public Sector 1, directorul Poli\u021biei Locale Sector 1 \u0219i directorul Direc\u021biei de Investi\u021bii. Clotilde Armand a acuzat aceste institu\u021bii de faptul c\u0103 au creat un deficit de peste 700 de milioane de lei \u00een acest an \u0219i c\u0103 au [&hellip;]","og_url":"https:\/\/buletin.de\/bucuresti\/directorul-administratiei-domeniului-public-sector-1-directorul-politiei-locale-sector-1-si-directorul-directiei-de-investitii-demisi-de-clotilde-armand\/","og_site_name":"Buletin de Bucure\u0219ti","article_publisher":"https:\/\/www.facebook.com\/buletin.de.buc","article_published_time":"2020-11-17T13:17:58+00:00","article_modified_time":"2020-11-17T13:17:59+00:00","og_image":[{"width":2048,"height":1363,"url":"https:\/\/buletin.de\/bucuresti\/wp-content\/uploads\/118842337_3257727200969979_9010915539640205103_o.jpg","type":"image\/jpeg"}],"author":"Bianca Albu","twitter_card":"summary_large_image","twitter_misc":{"Written by":"Bianca Albu","Estimated reading time":"1 minute"},"schema":{"@context":"https:\/\/schema.org","@graph":[{"@type":"Article","@id":"https:\/\/buletin.de\/bucuresti\/directorul-administratiei-domeniului-public-sector-1-directorul-politiei-locale-sector-1-si-directorul-directiei-de-investitii-demisi-de-clotilde-armand\/#article","isPartOf":{"@id":"https:\/\/buletin.de\/bucuresti\/directorul-administratiei-domeniului-public-sector-1-directorul-politiei-locale-sector-1-si-directorul-directiei-de-investitii-demisi-de-clotilde-armand\/"},"author":{"name":"Bianca Albu","@id":"https:\/\/buletin.de\/bucuresti\/#\/schema\/person\/295dc2228d2dc79294d636619468dc7f"},"headline":"Directorul Administra\u021biei Domeniului Public Sector 1, directorul Poli\u021biei Locale Sector 1 \u0219i directorul Direc\u021biei de Investi\u021bii, demi\u0219i de Clotilde Armand","datePublished":"2020-11-17T13:17:58+00:00","dateModified":"2020-11-17T13:17:59+00:00","mainEntityOfPage":{"@id":"https:\/\/buletin.de\/bucuresti\/directorul-administratiei-domeniului-public-sector-1-directorul-politiei-locale-sector-1-si-directorul-directiei-de-investitii-demisi-de-clotilde-armand\/"},"wordCount":156,"publisher":{"@id":"https:\/\/buletin.de\/bucuresti\/#organization"},"image":{"@id":"https:\/\/buletin.de\/bucuresti\/directorul-administratiei-domeniului-public-sector-1-directorul-politiei-locale-sector-1-si-directorul-directiei-de-investitii-demisi-de-clotilde-armand\/#primaryimage"},"thumbnailUrl":"https:\/\/buletin.de\/bucuresti\/wp-content\/uploads\/118842337_3257727200969979_9010915539640205103_o.jpg","keywords":["clotilde armand","demisii","Sector 1"],"articleSection":["Prim\u0103rie","\u0218tiri"],"inLanguage":"en-GB","copyrightYear":"2020","copyrightHolder":{"@id":"https:\/\/buletin.de\/bucuresti\/#organization"}},{"@type":"WebPage","@id":"https:\/\/buletin.de\/bucuresti\/directorul-administratiei-domeniului-public-sector-1-directorul-politiei-locale-sector-1-si-directorul-directiei-de-investitii-demisi-de-clotilde-armand\/","url":"https:\/\/buletin.de\/bucuresti\/directorul-administratiei-domeniului-public-sector-1-directorul-politiei-locale-sector-1-si-directorul-directiei-de-investitii-demisi-de-clotilde-armand\/","name":"Directorul Administra\u021biei Domeniului Public Sector 1, directorul Poli\u021biei Locale Sector 1 \u0219i directorul Direc\u021biei de Investi\u021bii, demi\u0219i de Clotilde Armand - Buletin de Bucure\u0219ti","isPartOf":{"@id":"https:\/\/buletin.de\/bucuresti\/#website"},"primaryImageOfPage":{"@id":"https:\/\/buletin.de\/bucuresti\/directorul-administratiei-domeniului-public-sector-1-directorul-politiei-locale-sector-1-si-directorul-directiei-de-investitii-demisi-de-clotilde-armand\/#primaryimage"},"image":{"@id":"https:\/\/buletin.de\/bucuresti\/directorul-administratiei-domeniului-public-sector-1-directorul-politiei-locale-sector-1-si-directorul-directiei-de-investitii-demisi-de-clotilde-armand\/#primaryimage"},"thumbnailUrl":"https:\/\/buletin.de\/bucuresti\/wp-content\/uploads\/118842337_3257727200969979_9010915539640205103_o.jpg","datePublished":"2020-11-17T13:17:58+00:00","dateModified":"2020-11-17T13:17:59+00:00","breadcrumb":{"@id":"https:\/\/buletin.de\/bucuresti\/directorul-administratiei-domeniului-public-sector-1-directorul-politiei-locale-sector-1-si-directorul-directiei-de-investitii-demisi-de-clotilde-armand\/#breadcrumb"},"inLanguage":"en-GB","potentialAction":[{"@type":"ReadAction","target":["https:\/\/buletin.de\/bucuresti\/directorul-administratiei-domeniului-public-sector-1-directorul-politiei-locale-sector-1-si-directorul-directiei-de-investitii-demisi-de-clotilde-armand\/"]}]},{"@type":"ImageObject","inLanguage":"en-GB","@id":"https:\/\/buletin.de\/bucuresti\/directorul-administratiei-domeniului-public-sector-1-directorul-politiei-locale-sector-1-si-directorul-directiei-de-investitii-demisi-de-clotilde-armand\/#primaryimage","url":"https:\/\/buletin.de\/bucuresti\/wp-content\/uploads\/118842337_3257727200969979_9010915539640205103_o.jpg","contentUrl":"https:\/\/buletin.de\/bucuresti\/wp-content\/uploads\/118842337_3257727200969979_9010915539640205103_o.jpg","width":2048,"height":1363},{"@type":"BreadcrumbList","@id":"https:\/\/buletin.de\/bucuresti\/directorul-administratiei-domeniului-public-sector-1-directorul-politiei-locale-sector-1-si-directorul-directiei-de-investitii-demisi-de-clotilde-armand\/#breadcrumb","itemListElement":[{"@type":"ListItem","position":1,"name":"Acas\u0103","item":"https:\/\/buletin.de\/bucuresti\/"},{"@type":"ListItem","position":2,"name":"Directorul Administra\u021biei Domeniului Public Sector 1, directorul Poli\u021biei Locale Sector 1 \u0219i directorul Direc\u021biei de Investi\u021bii, demi\u0219i de Clotilde Armand"}]},{"@type":"WebSite","@id":"https:\/\/buletin.de\/bucuresti\/#website","url":"https:\/\/buletin.de\/bucuresti\/","name":"Buletin de Bucure\u0219ti","description":"\u0218tiri \u0219i investiga\u021bii esen\u021biale din capital\u0103","publisher":{"@id":"https:\/\/buletin.de\/bucuresti\/#organization"},"potentialAction":[{"@type":"SearchAction","target":{"@type":"EntryPoint","urlTemplate":"https:\/\/buletin.de\/bucuresti\/?s={search_term_string}"},"query-input":{"@type":"PropertyValueSpecification","valueRequired":true,"valueName":"search_term_string"}}],"inLanguage":"en-GB"},{"@type":"Organization","@id":"https:\/\/buletin.de\/bucuresti\/#organization","name":"Buletin de Bucure\u0219ti","url":"https:\/\/buletin.de\/bucuresti\/","logo":{"@type":"ImageObject","inLanguage":"en-GB","@id":"https:\/\/buletin.de\/bucuresti\/#\/schema\/logo\/image\/","url":"https:\/\/buletin.de\/bucuresti\/wp-content\/uploads\/logo-bdb-full-wide-vernil-transparent.png","contentUrl":"https:\/\/buletin.de\/bucuresti\/wp-content\/uploads\/logo-bdb-full-wide-vernil-transparent.png","width":1782,"height":626,"caption":"Buletin de Bucure\u0219ti"},"image":{"@id":"https:\/\/buletin.de\/bucuresti\/#\/schema\/logo\/image\/"},"sameAs":["https:\/\/www.facebook.com\/buletin.de.buc","https:\/\/www.instagram.com\/buletinde.bucuresti\/"]},{"@type":"Person","@id":"https:\/\/buletin.de\/bucuresti\/#\/schema\/person\/295dc2228d2dc79294d636619468dc7f","name":"Bianca Albu","image":{"@type":"ImageObject","inLanguage":"en-GB","@id":"https:\/\/secure.gravatar.com\/avatar\/3df2e34e20f529e6fd7be4311ee1f7c4ec4aa886971590baf6fa214b15743516?s=96&d=monsterid&r=gf541c715eeec409ce8101252a3c0d8a7","url":"https:\/\/secure.gravatar.com\/avatar\/3df2e34e20f529e6fd7be4311ee1f7c4ec4aa886971590baf6fa214b15743516?s=96&d=monsterid&r=g","contentUrl":"https:\/\/secure.gravatar.com\/avatar\/3df2e34e20f529e6fd7be4311ee1f7c4ec4aa886971590baf6fa214b15743516?s=96&d=monsterid&r=g","caption":"Bianca Albu"},"description":"Reporter","url":"https:\/\/buletin.de\/bucuresti\/author\/biancaalbu\/"}]}},"authors":[{"term_id":22588,"user_id":6,"is_guest":0,"slug":"biancaalbu","display_name":"Bianca Albu","avatar_url":"https:\/\/secure.gravatar.com\/avatar\/3df2e34e20f529e6fd7be4311ee1f7c4ec4aa886971590baf6fa214b15743516?s=96&d=monsterid&r=g","0":null,"1":"","2":"","3":"","4":"","5":"","6":"","7":"","8":""}],"_links":{"self":[{"href":"https:\/\/buletin.de\/bucuresti\/wp-json\/wp\/v2\/posts\/15324","targetHints":{"allow":["GET"]}}],"collection":[{"href":"https:\/\/buletin.de\/bucuresti\/wp-json\/wp\/v2\/posts"}],"about":[{"href":"https:\/\/buletin.de\/bucuresti\/wp-json\/wp\/v2\/types\/post"}],"author":[{"embeddable":true,"href":"https:\/\/buletin.de\/bucuresti\/wp-json\/wp\/v2\/users\/6"}],"replies":[{"embeddable":true,"href":"https:\/\/buletin.de\/bucuresti\/wp-json\/wp\/v2\/comments?post=15324"}],"version-history":[{"count":1,"href":"https:\/\/buletin.de\/bucuresti\/wp-json\/wp\/v2\/posts\/15324\/revisions"}],"predecessor-version":[{"id":15327,"href":"https:\/\/buletin.de\/bucuresti\/wp-json\/wp\/v2\/posts\/15324\/revisions\/15327"}],"wp:featuredmedia":[{"embeddable":true,"href":"https:\/\/buletin.de\/bucuresti\/wp-json\/wp\/v2\/media\/15325"}],"wp:attachment":[{"href":"https:\/\/buletin.de\/bucuresti\/wp-json\/wp\/v2\/media?parent=15324"}],"wp:term":[{"taxonomy":"category","embeddable":true,"href":"https:\/\/buletin.de\/bucuresti\/wp-json\/wp\/v2\/categories?post=15324"},{"taxonomy":"post_tag","embeddable":true,"href":"https:\/\/buletin.de\/bucuresti\/wp-json\/wp\/v2\/tags?post=15324"},{"taxonomy":"author","embeddable":true,"href":"https:\/\/buletin.de\/bucuresti\/wp-json\/wp\/v2\/ppma_author?post=15324"}],"curies":[{"name":"wp","href":"https:\/\/api.w.org\/{rel}","templated":true}]}}