{"id":15297,"date":"2020-11-17T16:40:10","date_gmt":"2020-11-17T13:40:10","guid":{"rendered":"https:\/\/buletin.de\/bucuresti\/?p=15297"},"modified":"2020-11-17T16:40:11","modified_gmt":"2020-11-17T13:40:11","slug":"100-cadre-medicale-protesteaza-in-piata-victoriei-nemultumite-de-dotarile-din-sistemul-medical","status":"publish","type":"post","link":"https:\/\/buletin.de\/bucuresti\/100-cadre-medicale-protesteaza-in-piata-victoriei-nemultumite-de-dotarile-din-sistemul-medical\/","title":{"rendered":"100 cadre medicale protesteaz\u0103 \u00een Pia\u021ba Victoriei, nemul\u021bumite de dot\u0103rile din sistemul medical"},"content":{"rendered":"\n<p><em><strong>Aproximativ 100 de medici \u0219i asisten\u021bi medicali protesteaz\u0103, ast\u0103zi, \u00een Pia\u021ba Victoriei fa\u021b\u0103 de autorit\u0103\u021bile din Rom\u00e2nia dup\u0103 tragedia de s\u00e2mb\u0103t\u0103 seara de la Piatra Neam\u021b. <\/strong><\/em><strong>Protestatarii se declar\u0103 nemul\u021bumi\u021bi fa\u021b\u0103 de lipsa de investi\u021bii \u00een sistemul medical din ultimii ani.<\/strong><\/p>\n\n\n\n<figure class=\"wp-block-gallery columns-3 is-cropped wp-block-gallery-1 is-layout-flex wp-block-gallery-is-layout-flex\"><ul class=\"blocks-gallery-grid\"><li class=\"blocks-gallery-item\"><figure><img fetchpriority=\"high\" decoding=\"async\" width=\"900\" height=\"601\" src=\"data:image\/gif;base64,R0lGODlhAQABAAAAACH5BAEKAAEALAAAAAABAAEAAAICTAEAOw==\" data-src=\"https:\/\/buletin.de\/bucuresti\/wp-content\/uploads\/125498337_427776398212537_543344897777648410_n-900x601.jpg\" alt=\"\" data-id=\"15306\" data-full-url=\"https:\/\/buletin.de\/bucuresti\/wp-content\/uploads\/125498337_427776398212537_543344897777648410_n.jpg\" data-link=\"https:\/\/buletin.de\/bucuresti\/?attachment_id=15306\" class=\"wp-image-15306 lazyload\" data-sizes=\"auto\" data-srcset=\"https:\/\/buletin.de\/bucuresti\/wp-content\/uploads\/125498337_427776398212537_543344897777648410_n-900x601.jpg 900w, https:\/\/buletin.de\/bucuresti\/wp-content\/uploads\/125498337_427776398212537_543344897777648410_n-300x200.jpg 300w, https:\/\/buletin.de\/bucuresti\/wp-content\/uploads\/125498337_427776398212537_543344897777648410_n-768x513.jpg 768w, https:\/\/buletin.de\/bucuresti\/wp-content\/uploads\/125498337_427776398212537_543344897777648410_n-1536x1027.jpg 1536w, https:\/\/buletin.de\/bucuresti\/wp-content\/uploads\/125498337_427776398212537_543344897777648410_n-1060x708.jpg 1060w, https:\/\/buletin.de\/bucuresti\/wp-content\/uploads\/125498337_427776398212537_543344897777648410_n-550x368.jpg 550w, https:\/\/buletin.de\/bucuresti\/wp-content\/uploads\/125498337_427776398212537_543344897777648410_n-748x500.jpg 748w, https:\/\/buletin.de\/bucuresti\/wp-content\/uploads\/125498337_427776398212537_543344897777648410_n-600x401.jpg 600w, https:\/\/buletin.de\/bucuresti\/wp-content\/uploads\/125498337_427776398212537_543344897777648410_n.jpg 1616w\" sizes=\"(max-width: 900px) 100vw, 900px\" \/><\/figure><\/li><li class=\"blocks-gallery-item\"><figure><img decoding=\"async\" width=\"900\" height=\"601\" src=\"data:image\/gif;base64,R0lGODlhAQABAAAAACH5BAEKAAEALAAAAAABAAEAAAICTAEAOw==\" data-src=\"https:\/\/buletin.de\/bucuresti\/wp-content\/uploads\/125527988_1006542986495638_1205227574630062086_n-900x601.jpg\" alt=\"\" data-id=\"15307\" data-full-url=\"https:\/\/buletin.de\/bucuresti\/wp-content\/uploads\/125527988_1006542986495638_1205227574630062086_n.jpg\" data-link=\"https:\/\/buletin.de\/bucuresti\/?attachment_id=15307\" class=\"wp-image-15307 lazyload\" data-sizes=\"auto\" data-srcset=\"https:\/\/buletin.de\/bucuresti\/wp-content\/uploads\/125527988_1006542986495638_1205227574630062086_n-900x601.jpg 900w, https:\/\/buletin.de\/bucuresti\/wp-content\/uploads\/125527988_1006542986495638_1205227574630062086_n-300x200.jpg 300w, https:\/\/buletin.de\/bucuresti\/wp-content\/uploads\/125527988_1006542986495638_1205227574630062086_n-768x513.jpg 768w, https:\/\/buletin.de\/bucuresti\/wp-content\/uploads\/125527988_1006542986495638_1205227574630062086_n-1536x1027.jpg 1536w, https:\/\/buletin.de\/bucuresti\/wp-content\/uploads\/125527988_1006542986495638_1205227574630062086_n-1060x708.jpg 1060w, https:\/\/buletin.de\/bucuresti\/wp-content\/uploads\/125527988_1006542986495638_1205227574630062086_n-550x368.jpg 550w, https:\/\/buletin.de\/bucuresti\/wp-content\/uploads\/125527988_1006542986495638_1205227574630062086_n-748x500.jpg 748w, https:\/\/buletin.de\/bucuresti\/wp-content\/uploads\/125527988_1006542986495638_1205227574630062086_n-600x401.jpg 600w, https:\/\/buletin.de\/bucuresti\/wp-content\/uploads\/125527988_1006542986495638_1205227574630062086_n.jpg 1616w\" sizes=\"(max-width: 900px) 100vw, 900px\" \/><\/figure><\/li><li class=\"blocks-gallery-item\"><figure><img decoding=\"async\" width=\"900\" height=\"601\" src=\"data:image\/gif;base64,R0lGODlhAQABAAAAACH5BAEKAAEALAAAAAABAAEAAAICTAEAOw==\" data-src=\"https:\/\/buletin.de\/bucuresti\/wp-content\/uploads\/125530845_1610210925807242_1823512678019527831_n-900x601.jpg\" alt=\"\" data-id=\"15308\" data-full-url=\"https:\/\/buletin.de\/bucuresti\/wp-content\/uploads\/125530845_1610210925807242_1823512678019527831_n.jpg\" data-link=\"https:\/\/buletin.de\/bucuresti\/?attachment_id=15308\" class=\"wp-image-15308 lazyload\" data-sizes=\"auto\" data-srcset=\"https:\/\/buletin.de\/bucuresti\/wp-content\/uploads\/125530845_1610210925807242_1823512678019527831_n-900x601.jpg 900w, https:\/\/buletin.de\/bucuresti\/wp-content\/uploads\/125530845_1610210925807242_1823512678019527831_n-300x200.jpg 300w, https:\/\/buletin.de\/bucuresti\/wp-content\/uploads\/125530845_1610210925807242_1823512678019527831_n-768x513.jpg 768w, https:\/\/buletin.de\/bucuresti\/wp-content\/uploads\/125530845_1610210925807242_1823512678019527831_n-1536x1027.jpg 1536w, https:\/\/buletin.de\/bucuresti\/wp-content\/uploads\/125530845_1610210925807242_1823512678019527831_n-1060x708.jpg 1060w, https:\/\/buletin.de\/bucuresti\/wp-content\/uploads\/125530845_1610210925807242_1823512678019527831_n-550x368.jpg 550w, https:\/\/buletin.de\/bucuresti\/wp-content\/uploads\/125530845_1610210925807242_1823512678019527831_n-748x500.jpg 748w, https:\/\/buletin.de\/bucuresti\/wp-content\/uploads\/125530845_1610210925807242_1823512678019527831_n-600x401.jpg 600w, https:\/\/buletin.de\/bucuresti\/wp-content\/uploads\/125530845_1610210925807242_1823512678019527831_n.jpg 1616w\" sizes=\"(max-width: 900px) 100vw, 900px\" \/><\/figure><\/li><li class=\"blocks-gallery-item\"><figure><img loading=\"lazy\" decoding=\"async\" width=\"601\" height=\"900\" src=\"data:image\/gif;base64,R0lGODlhAQABAAAAACH5BAEKAAEALAAAAAABAAEAAAICTAEAOw==\" data-src=\"https:\/\/buletin.de\/bucuresti\/wp-content\/uploads\/125545425_409212470443220_3550457877712456847_n-601x900.jpg\" alt=\"\" data-id=\"15309\" data-full-url=\"https:\/\/buletin.de\/bucuresti\/wp-content\/uploads\/125545425_409212470443220_3550457877712456847_n.jpg\" data-link=\"https:\/\/buletin.de\/bucuresti\/?attachment_id=15309\" class=\"wp-image-15309 lazyload\" data-sizes=\"auto\" data-srcset=\"https:\/\/buletin.de\/bucuresti\/wp-content\/uploads\/125545425_409212470443220_3550457877712456847_n-601x900.jpg 601w, https:\/\/buletin.de\/bucuresti\/wp-content\/uploads\/125545425_409212470443220_3550457877712456847_n-200x300.jpg 200w, https:\/\/buletin.de\/bucuresti\/wp-content\/uploads\/125545425_409212470443220_3550457877712456847_n-768x1149.jpg 768w, https:\/\/buletin.de\/bucuresti\/wp-content\/uploads\/125545425_409212470443220_3550457877712456847_n-1027x1536.jpg 1027w, https:\/\/buletin.de\/bucuresti\/wp-content\/uploads\/125545425_409212470443220_3550457877712456847_n-1060x1586.jpg 1060w, https:\/\/buletin.de\/bucuresti\/wp-content\/uploads\/125545425_409212470443220_3550457877712456847_n-550x823.jpg 550w, https:\/\/buletin.de\/bucuresti\/wp-content\/uploads\/125545425_409212470443220_3550457877712456847_n-334x500.jpg 334w, https:\/\/buletin.de\/bucuresti\/wp-content\/uploads\/125545425_409212470443220_3550457877712456847_n-722x1080.jpg 722w, https:\/\/buletin.de\/bucuresti\/wp-content\/uploads\/125545425_409212470443220_3550457877712456847_n-600x898.jpg 600w, https:\/\/buletin.de\/bucuresti\/wp-content\/uploads\/125545425_409212470443220_3550457877712456847_n.jpg 1080w\" sizes=\"(max-width: 601px) 100vw, 601px\" \/><\/figure><\/li><li class=\"blocks-gallery-item\"><figure><img loading=\"lazy\" decoding=\"async\" width=\"601\" height=\"900\" src=\"data:image\/gif;base64,R0lGODlhAQABAAAAACH5BAEKAAEALAAAAAABAAEAAAICTAEAOw==\" data-src=\"https:\/\/buletin.de\/bucuresti\/wp-content\/uploads\/125571041_816299819166431_304570915774754491_n-601x900.jpg\" alt=\"\" data-id=\"15310\" data-full-url=\"https:\/\/buletin.de\/bucuresti\/wp-content\/uploads\/125571041_816299819166431_304570915774754491_n.jpg\" data-link=\"https:\/\/buletin.de\/bucuresti\/?attachment_id=15310\" class=\"wp-image-15310 lazyload\" data-sizes=\"auto\" data-srcset=\"https:\/\/buletin.de\/bucuresti\/wp-content\/uploads\/125571041_816299819166431_304570915774754491_n-601x900.jpg 601w, https:\/\/buletin.de\/bucuresti\/wp-content\/uploads\/125571041_816299819166431_304570915774754491_n-200x300.jpg 200w, https:\/\/buletin.de\/bucuresti\/wp-content\/uploads\/125571041_816299819166431_304570915774754491_n-768x1149.jpg 768w, https:\/\/buletin.de\/bucuresti\/wp-content\/uploads\/125571041_816299819166431_304570915774754491_n-1027x1536.jpg 1027w, https:\/\/buletin.de\/bucuresti\/wp-content\/uploads\/125571041_816299819166431_304570915774754491_n-1060x1586.jpg 1060w, https:\/\/buletin.de\/bucuresti\/wp-content\/uploads\/125571041_816299819166431_304570915774754491_n-550x823.jpg 550w, https:\/\/buletin.de\/bucuresti\/wp-content\/uploads\/125571041_816299819166431_304570915774754491_n-334x500.jpg 334w, https:\/\/buletin.de\/bucuresti\/wp-content\/uploads\/125571041_816299819166431_304570915774754491_n-722x1080.jpg 722w, https:\/\/buletin.de\/bucuresti\/wp-content\/uploads\/125571041_816299819166431_304570915774754491_n-600x898.jpg 600w, https:\/\/buletin.de\/bucuresti\/wp-content\/uploads\/125571041_816299819166431_304570915774754491_n.jpg 1080w\" sizes=\"(max-width: 601px) 100vw, 601px\" \/><\/figure><\/li><li class=\"blocks-gallery-item\"><figure><img loading=\"lazy\" decoding=\"async\" width=\"900\" height=\"601\" src=\"data:image\/gif;base64,R0lGODlhAQABAAAAACH5BAEKAAEALAAAAAABAAEAAAICTAEAOw==\" data-src=\"https:\/\/buletin.de\/bucuresti\/wp-content\/uploads\/125789165_813370935891870_6406819981507409871_n-900x601.jpg\" alt=\"\" data-id=\"15311\" data-full-url=\"https:\/\/buletin.de\/bucuresti\/wp-content\/uploads\/125789165_813370935891870_6406819981507409871_n.jpg\" data-link=\"https:\/\/buletin.de\/bucuresti\/?attachment_id=15311\" class=\"wp-image-15311 lazyload\" data-sizes=\"auto\" data-srcset=\"https:\/\/buletin.de\/bucuresti\/wp-content\/uploads\/125789165_813370935891870_6406819981507409871_n-900x601.jpg 900w, https:\/\/buletin.de\/bucuresti\/wp-content\/uploads\/125789165_813370935891870_6406819981507409871_n-300x200.jpg 300w, https:\/\/buletin.de\/bucuresti\/wp-content\/uploads\/125789165_813370935891870_6406819981507409871_n-768x513.jpg 768w, https:\/\/buletin.de\/bucuresti\/wp-content\/uploads\/125789165_813370935891870_6406819981507409871_n-1536x1027.jpg 1536w, https:\/\/buletin.de\/bucuresti\/wp-content\/uploads\/125789165_813370935891870_6406819981507409871_n-1060x708.jpg 1060w, https:\/\/buletin.de\/bucuresti\/wp-content\/uploads\/125789165_813370935891870_6406819981507409871_n-550x368.jpg 550w, https:\/\/buletin.de\/bucuresti\/wp-content\/uploads\/125789165_813370935891870_6406819981507409871_n-748x500.jpg 748w, https:\/\/buletin.de\/bucuresti\/wp-content\/uploads\/125789165_813370935891870_6406819981507409871_n-600x401.jpg 600w, https:\/\/buletin.de\/bucuresti\/wp-content\/uploads\/125789165_813370935891870_6406819981507409871_n.jpg 1616w\" sizes=\"(max-width: 900px) 100vw, 900px\" \/><\/figure><\/li><li class=\"blocks-gallery-item\"><figure><img loading=\"lazy\" decoding=\"async\" width=\"601\" height=\"900\" src=\"data:image\/gif;base64,R0lGODlhAQABAAAAACH5BAEKAAEALAAAAAABAAEAAAICTAEAOw==\" data-src=\"https:\/\/buletin.de\/bucuresti\/wp-content\/uploads\/125812296_811248359440926_4977863940526442496_n-601x900.jpg\" alt=\"\" data-id=\"15312\" data-full-url=\"https:\/\/buletin.de\/bucuresti\/wp-content\/uploads\/125812296_811248359440926_4977863940526442496_n.jpg\" data-link=\"https:\/\/buletin.de\/bucuresti\/?attachment_id=15312\" class=\"wp-image-15312 lazyload\" data-sizes=\"auto\" data-srcset=\"https:\/\/buletin.de\/bucuresti\/wp-content\/uploads\/125812296_811248359440926_4977863940526442496_n-601x900.jpg 601w, https:\/\/buletin.de\/bucuresti\/wp-content\/uploads\/125812296_811248359440926_4977863940526442496_n-200x300.jpg 200w, https:\/\/buletin.de\/bucuresti\/wp-content\/uploads\/125812296_811248359440926_4977863940526442496_n-768x1149.jpg 768w, https:\/\/buletin.de\/bucuresti\/wp-content\/uploads\/125812296_811248359440926_4977863940526442496_n-1027x1536.jpg 1027w, https:\/\/buletin.de\/bucuresti\/wp-content\/uploads\/125812296_811248359440926_4977863940526442496_n-1060x1586.jpg 1060w, https:\/\/buletin.de\/bucuresti\/wp-content\/uploads\/125812296_811248359440926_4977863940526442496_n-550x823.jpg 550w, https:\/\/buletin.de\/bucuresti\/wp-content\/uploads\/125812296_811248359440926_4977863940526442496_n-334x500.jpg 334w, https:\/\/buletin.de\/bucuresti\/wp-content\/uploads\/125812296_811248359440926_4977863940526442496_n-722x1080.jpg 722w, https:\/\/buletin.de\/bucuresti\/wp-content\/uploads\/125812296_811248359440926_4977863940526442496_n-600x898.jpg 600w, https:\/\/buletin.de\/bucuresti\/wp-content\/uploads\/125812296_811248359440926_4977863940526442496_n.jpg 1080w\" sizes=\"(max-width: 601px) 100vw, 601px\" \/><\/figure><\/li><li class=\"blocks-gallery-item\"><figure><img loading=\"lazy\" decoding=\"async\" width=\"900\" height=\"601\" src=\"data:image\/gif;base64,R0lGODlhAQABAAAAACH5BAEKAAEALAAAAAABAAEAAAICTAEAOw==\" data-src=\"https:\/\/buletin.de\/bucuresti\/wp-content\/uploads\/125825716_1717294525103121_4208611724999094326_n-900x601.jpg\" alt=\"\" data-id=\"15313\" data-full-url=\"https:\/\/buletin.de\/bucuresti\/wp-content\/uploads\/125825716_1717294525103121_4208611724999094326_n.jpg\" data-link=\"https:\/\/buletin.de\/bucuresti\/?attachment_id=15313\" class=\"wp-image-15313 lazyload\" data-sizes=\"auto\" data-srcset=\"https:\/\/buletin.de\/bucuresti\/wp-content\/uploads\/125825716_1717294525103121_4208611724999094326_n-900x601.jpg 900w, https:\/\/buletin.de\/bucuresti\/wp-content\/uploads\/125825716_1717294525103121_4208611724999094326_n-300x200.jpg 300w, https:\/\/buletin.de\/bucuresti\/wp-content\/uploads\/125825716_1717294525103121_4208611724999094326_n-768x513.jpg 768w, https:\/\/buletin.de\/bucuresti\/wp-content\/uploads\/125825716_1717294525103121_4208611724999094326_n-1536x1027.jpg 1536w, https:\/\/buletin.de\/bucuresti\/wp-content\/uploads\/125825716_1717294525103121_4208611724999094326_n-1060x708.jpg 1060w, https:\/\/buletin.de\/bucuresti\/wp-content\/uploads\/125825716_1717294525103121_4208611724999094326_n-550x368.jpg 550w, https:\/\/buletin.de\/bucuresti\/wp-content\/uploads\/125825716_1717294525103121_4208611724999094326_n-748x500.jpg 748w, https:\/\/buletin.de\/bucuresti\/wp-content\/uploads\/125825716_1717294525103121_4208611724999094326_n-600x401.jpg 600w, https:\/\/buletin.de\/bucuresti\/wp-content\/uploads\/125825716_1717294525103121_4208611724999094326_n.jpg 1616w\" sizes=\"(max-width: 900px) 100vw, 900px\" \/><\/figure><\/li><li class=\"blocks-gallery-item\"><figure><img loading=\"lazy\" decoding=\"async\" width=\"900\" height=\"601\" src=\"data:image\/gif;base64,R0lGODlhAQABAAAAACH5BAEKAAEALAAAAAABAAEAAAICTAEAOw==\" data-src=\"https:\/\/buletin.de\/bucuresti\/wp-content\/uploads\/125828098_3789373411087305_7267935756356744110_n-900x601.jpg\" alt=\"\" data-id=\"15314\" data-full-url=\"https:\/\/buletin.de\/bucuresti\/wp-content\/uploads\/125828098_3789373411087305_7267935756356744110_n.jpg\" data-link=\"https:\/\/buletin.de\/bucuresti\/?attachment_id=15314\" class=\"wp-image-15314 lazyload\" data-sizes=\"auto\" data-srcset=\"https:\/\/buletin.de\/bucuresti\/wp-content\/uploads\/125828098_3789373411087305_7267935756356744110_n-900x601.jpg 900w, https:\/\/buletin.de\/bucuresti\/wp-content\/uploads\/125828098_3789373411087305_7267935756356744110_n-300x200.jpg 300w, https:\/\/buletin.de\/bucuresti\/wp-content\/uploads\/125828098_3789373411087305_7267935756356744110_n-768x513.jpg 768w, https:\/\/buletin.de\/bucuresti\/wp-content\/uploads\/125828098_3789373411087305_7267935756356744110_n-1536x1027.jpg 1536w, https:\/\/buletin.de\/bucuresti\/wp-content\/uploads\/125828098_3789373411087305_7267935756356744110_n-1060x708.jpg 1060w, https:\/\/buletin.de\/bucuresti\/wp-content\/uploads\/125828098_3789373411087305_7267935756356744110_n-550x368.jpg 550w, https:\/\/buletin.de\/bucuresti\/wp-content\/uploads\/125828098_3789373411087305_7267935756356744110_n-748x500.jpg 748w, https:\/\/buletin.de\/bucuresti\/wp-content\/uploads\/125828098_3789373411087305_7267935756356744110_n-600x401.jpg 600w, https:\/\/buletin.de\/bucuresti\/wp-content\/uploads\/125828098_3789373411087305_7267935756356744110_n.jpg 1616w\" sizes=\"(max-width: 900px) 100vw, 900px\" \/><\/figure><\/li><li class=\"blocks-gallery-item\"><figure><img loading=\"lazy\" decoding=\"async\" width=\"675\" height=\"900\" src=\"data:image\/gif;base64,R0lGODlhAQABAAAAACH5BAEKAAEALAAAAAABAAEAAAICTAEAOw==\" data-src=\"https:\/\/buletin.de\/bucuresti\/wp-content\/uploads\/125838478_366866347750371_7445677512635420792_n-675x900.jpg\" alt=\"\" data-id=\"15315\" data-full-url=\"https:\/\/buletin.de\/bucuresti\/wp-content\/uploads\/125838478_366866347750371_7445677512635420792_n-scaled.jpg\" data-link=\"https:\/\/buletin.de\/bucuresti\/?attachment_id=15315\" class=\"wp-image-15315 lazyload\" data-sizes=\"auto\" data-srcset=\"https:\/\/buletin.de\/bucuresti\/wp-content\/uploads\/125838478_366866347750371_7445677512635420792_n-675x900.jpg 675w, https:\/\/buletin.de\/bucuresti\/wp-content\/uploads\/125838478_366866347750371_7445677512635420792_n-225x300.jpg 225w, https:\/\/buletin.de\/bucuresti\/wp-content\/uploads\/125838478_366866347750371_7445677512635420792_n-768x1024.jpg 768w, https:\/\/buletin.de\/bucuresti\/wp-content\/uploads\/125838478_366866347750371_7445677512635420792_n-1152x1536.jpg 1152w, https:\/\/buletin.de\/bucuresti\/wp-content\/uploads\/125838478_366866347750371_7445677512635420792_n-1536x2048.jpg 1536w, https:\/\/buletin.de\/bucuresti\/wp-content\/uploads\/125838478_366866347750371_7445677512635420792_n-1060x1413.jpg 1060w, https:\/\/buletin.de\/bucuresti\/wp-content\/uploads\/125838478_366866347750371_7445677512635420792_n-550x733.jpg 550w, https:\/\/buletin.de\/bucuresti\/wp-content\/uploads\/125838478_366866347750371_7445677512635420792_n-375x500.jpg 375w, https:\/\/buletin.de\/bucuresti\/wp-content\/uploads\/125838478_366866347750371_7445677512635420792_n-scaled.jpg 1920w, https:\/\/buletin.de\/bucuresti\/wp-content\/uploads\/125838478_366866347750371_7445677512635420792_n-810x1080.jpg 810w, https:\/\/buletin.de\/bucuresti\/wp-content\/uploads\/125838478_366866347750371_7445677512635420792_n-600x800.jpg 600w\" sizes=\"(max-width: 675px) 100vw, 675px\" \/><\/figure><\/li><li class=\"blocks-gallery-item\"><figure><img loading=\"lazy\" decoding=\"async\" width=\"601\" height=\"900\" src=\"data:image\/gif;base64,R0lGODlhAQABAAAAACH5BAEKAAEALAAAAAABAAEAAAICTAEAOw==\" data-src=\"https:\/\/buletin.de\/bucuresti\/wp-content\/uploads\/125949420_4973582279326488_549665297956279027_n-601x900.jpg\" alt=\"\" data-id=\"15316\" data-full-url=\"https:\/\/buletin.de\/bucuresti\/wp-content\/uploads\/125949420_4973582279326488_549665297956279027_n.jpg\" data-link=\"https:\/\/buletin.de\/bucuresti\/?attachment_id=15316\" class=\"wp-image-15316 lazyload\" data-sizes=\"auto\" data-srcset=\"https:\/\/buletin.de\/bucuresti\/wp-content\/uploads\/125949420_4973582279326488_549665297956279027_n-601x900.jpg 601w, https:\/\/buletin.de\/bucuresti\/wp-content\/uploads\/125949420_4973582279326488_549665297956279027_n-200x300.jpg 200w, https:\/\/buletin.de\/bucuresti\/wp-content\/uploads\/125949420_4973582279326488_549665297956279027_n-768x1149.jpg 768w, https:\/\/buletin.de\/bucuresti\/wp-content\/uploads\/125949420_4973582279326488_549665297956279027_n-1027x1536.jpg 1027w, https:\/\/buletin.de\/bucuresti\/wp-content\/uploads\/125949420_4973582279326488_549665297956279027_n-1060x1586.jpg 1060w, https:\/\/buletin.de\/bucuresti\/wp-content\/uploads\/125949420_4973582279326488_549665297956279027_n-550x823.jpg 550w, https:\/\/buletin.de\/bucuresti\/wp-content\/uploads\/125949420_4973582279326488_549665297956279027_n-334x500.jpg 334w, https:\/\/buletin.de\/bucuresti\/wp-content\/uploads\/125949420_4973582279326488_549665297956279027_n-722x1080.jpg 722w, https:\/\/buletin.de\/bucuresti\/wp-content\/uploads\/125949420_4973582279326488_549665297956279027_n-600x898.jpg 600w, https:\/\/buletin.de\/bucuresti\/wp-content\/uploads\/125949420_4973582279326488_549665297956279027_n.jpg 1080w\" sizes=\"(max-width: 601px) 100vw, 601px\" \/><\/figure><\/li><li class=\"blocks-gallery-item\"><figure><img loading=\"lazy\" decoding=\"async\" width=\"900\" height=\"601\" src=\"data:image\/gif;base64,R0lGODlhAQABAAAAACH5BAEKAAEALAAAAAABAAEAAAICTAEAOw==\" data-src=\"https:\/\/buletin.de\/bucuresti\/wp-content\/uploads\/125979716_695917267776396_5724770974896414647_n-900x601.jpg\" alt=\"\" data-id=\"15317\" data-full-url=\"https:\/\/buletin.de\/bucuresti\/wp-content\/uploads\/125979716_695917267776396_5724770974896414647_n.jpg\" data-link=\"https:\/\/buletin.de\/bucuresti\/?attachment_id=15317\" class=\"wp-image-15317 lazyload\" data-sizes=\"auto\" data-srcset=\"https:\/\/buletin.de\/bucuresti\/wp-content\/uploads\/125979716_695917267776396_5724770974896414647_n-900x601.jpg 900w, https:\/\/buletin.de\/bucuresti\/wp-content\/uploads\/125979716_695917267776396_5724770974896414647_n-300x200.jpg 300w, https:\/\/buletin.de\/bucuresti\/wp-content\/uploads\/125979716_695917267776396_5724770974896414647_n-768x513.jpg 768w, https:\/\/buletin.de\/bucuresti\/wp-content\/uploads\/125979716_695917267776396_5724770974896414647_n-1536x1027.jpg 1536w, https:\/\/buletin.de\/bucuresti\/wp-content\/uploads\/125979716_695917267776396_5724770974896414647_n-1060x708.jpg 1060w, https:\/\/buletin.de\/bucuresti\/wp-content\/uploads\/125979716_695917267776396_5724770974896414647_n-550x368.jpg 550w, https:\/\/buletin.de\/bucuresti\/wp-content\/uploads\/125979716_695917267776396_5724770974896414647_n-748x500.jpg 748w, https:\/\/buletin.de\/bucuresti\/wp-content\/uploads\/125979716_695917267776396_5724770974896414647_n-600x401.jpg 600w, https:\/\/buletin.de\/bucuresti\/wp-content\/uploads\/125979716_695917267776396_5724770974896414647_n.jpg 1616w\" sizes=\"(max-width: 900px) 100vw, 900px\" \/><\/figure><\/li><\/ul><\/figure>\n\n\n\n<p>Protestatarii au venit cu pancarte cu meajul <em>\u201ePutem r\u0103m\u00e2ne vii \u00eentr-un sistem mort?\u201d<\/em>, care au fost \u00eenso\u021bite de poze \u0219i de o reprezenta\u021bie f\u0103cut\u0103 din papuci medicali de care au at\u00e2rnat baloane negre \u00een semn de omagiu pentru cele 10 victime de la Piatra Neam\u021b.<\/p>\n\n\n\n<p>S\u00e2mb\u0103t\u0103 seara, la Spitalul Jude\u021bean Neam\u021b, a avut loc un incendiu la sec\u021bia de ATI a sptalului. Tragicul eveniment s-a sondat cu 10 mor\u021bi. <br><br>Surs\u0103 Foto: Ionu\u021b Predic\u0103 <\/p>\n","protected":false},"excerpt":{"rendered":"<p>Aproximativ 100 de medici \u0219i asisten\u021bi medicali protesteaz\u0103, ast\u0103zi, \u00een Pia\u021ba Victoriei fa\u021b\u0103 de autorit\u0103\u021bile din Rom\u00e2nia dup\u0103 tragedia de s\u00e2mb\u0103t\u0103 seara de la Piatra Neam\u021b. Protestatarii se declar\u0103 nemul\u021bumi\u021bi fa\u021b\u0103 de lipsa de investi\u021bii \u00een sistemul medical din ultimii ani. Protestatarii au venit cu pancarte cu meajul \u201ePutem r\u0103m\u00e2ne vii \u00eentr-un sistem mort?\u201d, care [&hellip;]<\/p>\n","protected":false},"author":17,"featured_media":15320,"comment_status":"closed","ping_status":"open","sticky":false,"template":"","format":"standard","meta":{"_acf_changed":false,"inline_featured_image":false,"ngg_post_thumbnail":0,"footnotes":""},"categories":[4,62],"tags":[1874,1864,806,1872,1045],"ppma_author":[22576],"class_list":["post-15297","post","type-post","status-publish","format-standard","has-post-thumbnail","hentry","category-sanatate","category-stiri","tag-asistenti-medicali","tag-ati","tag-medici","tag-piatra-neamt","tag-protest-piata-victoriei"],"acf":[],"yoast_head":"<!-- This site is optimized with the Yoast SEO Premium plugin v25.3 (Yoast SEO v27.4) - https:\/\/yoast.com\/product\/yoast-seo-premium-wordpress\/ -->\n<title>100 cadre medicale protesteaz\u0103 \u00een Pia\u021ba Victoriei, nemul\u021bumite de dot\u0103rile din sistemul medical - Buletin de Bucure\u0219ti<\/title>\n<meta name=\"robots\" content=\"index, follow, max-snippet:-1, max-image-preview:large, max-video-preview:-1\" \/>\n<link rel=\"canonical\" href=\"https:\/\/buletin.de\/bucuresti\/100-cadre-medicale-protesteaza-in-piata-victoriei-nemultumite-de-dotarile-din-sistemul-medical\/\" \/>\n<meta property=\"og:locale\" content=\"en_GB\" \/>\n<meta property=\"og:type\" content=\"article\" \/>\n<meta property=\"og:title\" content=\"100 cadre medicale protesteaz\u0103 \u00een Pia\u021ba Victoriei, nemul\u021bumite de dot\u0103rile din sistemul medical\" \/>\n<meta property=\"og:description\" content=\"Aproximativ 100 de medici \u0219i asisten\u021bi medicali protesteaz\u0103, ast\u0103zi, \u00een Pia\u021ba Victoriei fa\u021b\u0103 de autorit\u0103\u021bile din Rom\u00e2nia dup\u0103 tragedia de s\u00e2mb\u0103t\u0103 seara de la Piatra Neam\u021b. Protestatarii se declar\u0103 nemul\u021bumi\u021bi fa\u021b\u0103 de lipsa de investi\u021bii \u00een sistemul medical din ultimii ani. Protestatarii au venit cu pancarte cu meajul \u201ePutem r\u0103m\u00e2ne vii \u00eentr-un sistem mort?\u201d, care [&hellip;]\" \/>\n<meta property=\"og:url\" content=\"https:\/\/buletin.de\/bucuresti\/100-cadre-medicale-protesteaza-in-piata-victoriei-nemultumite-de-dotarile-din-sistemul-medical\/\" \/>\n<meta property=\"og:site_name\" content=\"Buletin de Bucure\u0219ti\" \/>\n<meta property=\"article:publisher\" content=\"https:\/\/www.facebook.com\/buletin.de.buc\" \/>\n<meta property=\"article:published_time\" content=\"2020-11-17T13:40:10+00:00\" \/>\n<meta property=\"article:modified_time\" content=\"2020-11-17T13:40:11+00:00\" \/>\n<meta property=\"og:image\" content=\"https:\/\/buletin.de\/bucuresti\/wp-content\/uploads\/125410702_411499169883419_187845093734684031_n.jpg\" \/>\n\t<meta property=\"og:image:width\" content=\"1080\" \/>\n\t<meta property=\"og:image:height\" content=\"1616\" \/>\n\t<meta property=\"og:image:type\" content=\"image\/jpeg\" \/>\n<meta name=\"author\" content=\"Florin R\u00e2\u0219teiu\" \/>\n<meta name=\"twitter:card\" content=\"summary_large_image\" \/>\n<meta name=\"twitter:label1\" content=\"Written by\" \/>\n\t<meta name=\"twitter:data1\" content=\"Florin R\u00e2\u0219teiu\" \/>\n\t<meta name=\"twitter:label2\" content=\"Estimated reading time\" \/>\n\t<meta name=\"twitter:data2\" content=\"1 minute\" \/>\n<script type=\"application\/ld+json\" class=\"yoast-schema-graph\">{\"@context\":\"https:\\\/\\\/schema.org\",\"@graph\":[{\"@type\":\"Article\",\"@id\":\"https:\\\/\\\/buletin.de\\\/bucuresti\\\/100-cadre-medicale-protesteaza-in-piata-victoriei-nemultumite-de-dotarile-din-sistemul-medical\\\/#article\",\"isPartOf\":{\"@id\":\"https:\\\/\\\/buletin.de\\\/bucuresti\\\/100-cadre-medicale-protesteaza-in-piata-victoriei-nemultumite-de-dotarile-din-sistemul-medical\\\/\"},\"author\":{\"name\":\"Florin R\u00e2\u0219teiu\",\"@id\":\"https:\\\/\\\/buletin.de\\\/bucuresti\\\/#\\\/schema\\\/person\\\/b0686d7a8b666c6afc78239777fd8a89\"},\"headline\":\"100 cadre medicale protesteaz\u0103 \u00een Pia\u021ba Victoriei, nemul\u021bumite de dot\u0103rile din sistemul medical\",\"datePublished\":\"2020-11-17T13:40:10+00:00\",\"dateModified\":\"2020-11-17T13:40:11+00:00\",\"mainEntityOfPage\":{\"@id\":\"https:\\\/\\\/buletin.de\\\/bucuresti\\\/100-cadre-medicale-protesteaza-in-piata-victoriei-nemultumite-de-dotarile-din-sistemul-medical\\\/\"},\"wordCount\":147,\"publisher\":{\"@id\":\"https:\\\/\\\/buletin.de\\\/bucuresti\\\/#organization\"},\"image\":{\"@id\":\"https:\\\/\\\/buletin.de\\\/bucuresti\\\/100-cadre-medicale-protesteaza-in-piata-victoriei-nemultumite-de-dotarile-din-sistemul-medical\\\/#primaryimage\"},\"thumbnailUrl\":\"https:\\\/\\\/buletin.de\\\/bucuresti\\\/wp-content\\\/uploads\\\/125410702_411499169883419_187845093734684031_n.jpg\",\"keywords\":[\"asisten\u021bi medicali\",\"ati\",\"medici\",\"Piatra Neam\u021b\",\"protest piata victoriei\"],\"articleSection\":[\"S\u0103n\u0103tate\",\"\u0218tiri\"],\"inLanguage\":\"en-GB\",\"copyrightYear\":\"2020\",\"copyrightHolder\":{\"@id\":\"https:\\\/\\\/buletin.de\\\/bucuresti\\\/#organization\"}},{\"@type\":\"WebPage\",\"@id\":\"https:\\\/\\\/buletin.de\\\/bucuresti\\\/100-cadre-medicale-protesteaza-in-piata-victoriei-nemultumite-de-dotarile-din-sistemul-medical\\\/\",\"url\":\"https:\\\/\\\/buletin.de\\\/bucuresti\\\/100-cadre-medicale-protesteaza-in-piata-victoriei-nemultumite-de-dotarile-din-sistemul-medical\\\/\",\"name\":\"100 cadre medicale protesteaz\u0103 \u00een Pia\u021ba Victoriei, nemul\u021bumite de dot\u0103rile din sistemul medical - Buletin de Bucure\u0219ti\",\"isPartOf\":{\"@id\":\"https:\\\/\\\/buletin.de\\\/bucuresti\\\/#website\"},\"primaryImageOfPage\":{\"@id\":\"https:\\\/\\\/buletin.de\\\/bucuresti\\\/100-cadre-medicale-protesteaza-in-piata-victoriei-nemultumite-de-dotarile-din-sistemul-medical\\\/#primaryimage\"},\"image\":{\"@id\":\"https:\\\/\\\/buletin.de\\\/bucuresti\\\/100-cadre-medicale-protesteaza-in-piata-victoriei-nemultumite-de-dotarile-din-sistemul-medical\\\/#primaryimage\"},\"thumbnailUrl\":\"https:\\\/\\\/buletin.de\\\/bucuresti\\\/wp-content\\\/uploads\\\/125410702_411499169883419_187845093734684031_n.jpg\",\"datePublished\":\"2020-11-17T13:40:10+00:00\",\"dateModified\":\"2020-11-17T13:40:11+00:00\",\"breadcrumb\":{\"@id\":\"https:\\\/\\\/buletin.de\\\/bucuresti\\\/100-cadre-medicale-protesteaza-in-piata-victoriei-nemultumite-de-dotarile-din-sistemul-medical\\\/#breadcrumb\"},\"inLanguage\":\"en-GB\",\"potentialAction\":[{\"@type\":\"ReadAction\",\"target\":[\"https:\\\/\\\/buletin.de\\\/bucuresti\\\/100-cadre-medicale-protesteaza-in-piata-victoriei-nemultumite-de-dotarile-din-sistemul-medical\\\/\"]}]},{\"@type\":\"ImageObject\",\"inLanguage\":\"en-GB\",\"@id\":\"https:\\\/\\\/buletin.de\\\/bucuresti\\\/100-cadre-medicale-protesteaza-in-piata-victoriei-nemultumite-de-dotarile-din-sistemul-medical\\\/#primaryimage\",\"url\":\"https:\\\/\\\/buletin.de\\\/bucuresti\\\/wp-content\\\/uploads\\\/125410702_411499169883419_187845093734684031_n.jpg\",\"contentUrl\":\"https:\\\/\\\/buletin.de\\\/bucuresti\\\/wp-content\\\/uploads\\\/125410702_411499169883419_187845093734684031_n.jpg\",\"width\":1080,\"height\":1616},{\"@type\":\"BreadcrumbList\",\"@id\":\"https:\\\/\\\/buletin.de\\\/bucuresti\\\/100-cadre-medicale-protesteaza-in-piata-victoriei-nemultumite-de-dotarile-din-sistemul-medical\\\/#breadcrumb\",\"itemListElement\":[{\"@type\":\"ListItem\",\"position\":1,\"name\":\"Acas\u0103\",\"item\":\"https:\\\/\\\/buletin.de\\\/bucuresti\\\/\"},{\"@type\":\"ListItem\",\"position\":2,\"name\":\"100 cadre medicale protesteaz\u0103 \u00een Pia\u021ba Victoriei, nemul\u021bumite de dot\u0103rile din sistemul medical\"}]},{\"@type\":\"WebSite\",\"@id\":\"https:\\\/\\\/buletin.de\\\/bucuresti\\\/#website\",\"url\":\"https:\\\/\\\/buletin.de\\\/bucuresti\\\/\",\"name\":\"Buletin de Bucure\u0219ti\",\"description\":\"\u0218tiri \u0219i investiga\u021bii esen\u021biale din capital\u0103\",\"publisher\":{\"@id\":\"https:\\\/\\\/buletin.de\\\/bucuresti\\\/#organization\"},\"potentialAction\":[{\"@type\":\"SearchAction\",\"target\":{\"@type\":\"EntryPoint\",\"urlTemplate\":\"https:\\\/\\\/buletin.de\\\/bucuresti\\\/?s={search_term_string}\"},\"query-input\":{\"@type\":\"PropertyValueSpecification\",\"valueRequired\":true,\"valueName\":\"search_term_string\"}}],\"inLanguage\":\"en-GB\"},{\"@type\":\"Organization\",\"@id\":\"https:\\\/\\\/buletin.de\\\/bucuresti\\\/#organization\",\"name\":\"Buletin de Bucure\u0219ti\",\"url\":\"https:\\\/\\\/buletin.de\\\/bucuresti\\\/\",\"logo\":{\"@type\":\"ImageObject\",\"inLanguage\":\"en-GB\",\"@id\":\"https:\\\/\\\/buletin.de\\\/bucuresti\\\/#\\\/schema\\\/logo\\\/image\\\/\",\"url\":\"https:\\\/\\\/buletin.de\\\/bucuresti\\\/wp-content\\\/uploads\\\/logo-bdb-full-wide-vernil-transparent.png\",\"contentUrl\":\"https:\\\/\\\/buletin.de\\\/bucuresti\\\/wp-content\\\/uploads\\\/logo-bdb-full-wide-vernil-transparent.png\",\"width\":1782,\"height\":626,\"caption\":\"Buletin de Bucure\u0219ti\"},\"image\":{\"@id\":\"https:\\\/\\\/buletin.de\\\/bucuresti\\\/#\\\/schema\\\/logo\\\/image\\\/\"},\"sameAs\":[\"https:\\\/\\\/www.facebook.com\\\/buletin.de.buc\",\"https:\\\/\\\/www.instagram.com\\\/buletinde.bucuresti\\\/\"]},{\"@type\":\"Person\",\"@id\":\"https:\\\/\\\/buletin.de\\\/bucuresti\\\/#\\\/schema\\\/person\\\/b0686d7a8b666c6afc78239777fd8a89\",\"name\":\"Florin R\u00e2\u0219teiu\",\"image\":{\"@type\":\"ImageObject\",\"inLanguage\":\"en-GB\",\"@id\":\"https:\\\/\\\/buletin.de\\\/bucuresti\\\/wp-content\\\/uploads\\\/Florin-Rasteiu-96x96.jpgf0a6fe28453aa12f0a60e4d0a2e3a78c\",\"url\":\"https:\\\/\\\/buletin.de\\\/bucuresti\\\/wp-content\\\/uploads\\\/Florin-Rasteiu-96x96.jpg\",\"contentUrl\":\"https:\\\/\\\/buletin.de\\\/bucuresti\\\/wp-content\\\/uploads\\\/Florin-Rasteiu-96x96.jpg\",\"caption\":\"Florin R\u00e2\u0219teiu\"},\"description\":\"Jurnalist de investiga\u021bie. Lucreaz\u0103 de aproape 6 ani la Buletin de Bucure\u0219ti, unde a publicat articole care scot la suprafa\u021b\u0103 corup\u021bia din Capital\u0103. Analizeaz\u0103 baze de date zilnic \u0219i scoate pove\u0219ti din exceluri pline de cifre. Pune reflectorul pe adev\u0103r cu fiecare ocazie. A c\u00e2\u0219tigat premiul I la categoria Pres\u0103 Local\u0103 \u00een 2025 \u0219i locul al II-lea la aceea\u0219i categorie \u00een 2024 \u00een cadrul Premiilor Superscrieri pentru jurnalism independent.\",\"url\":\"https:\\\/\\\/buletin.de\\\/bucuresti\\\/author\\\/florinrasteiu\\\/\"}]}<\/script>\n<!-- \/ Yoast SEO Premium plugin. -->","yoast_head_json":{"title":"100 cadre medicale protesteaz\u0103 \u00een Pia\u021ba Victoriei, nemul\u021bumite de dot\u0103rile din sistemul medical - Buletin de Bucure\u0219ti","robots":{"index":"index","follow":"follow","max-snippet":"max-snippet:-1","max-image-preview":"max-image-preview:large","max-video-preview":"max-video-preview:-1"},"canonical":"https:\/\/buletin.de\/bucuresti\/100-cadre-medicale-protesteaza-in-piata-victoriei-nemultumite-de-dotarile-din-sistemul-medical\/","og_locale":"en_GB","og_type":"article","og_title":"100 cadre medicale protesteaz\u0103 \u00een Pia\u021ba Victoriei, nemul\u021bumite de dot\u0103rile din sistemul medical","og_description":"Aproximativ 100 de medici \u0219i asisten\u021bi medicali protesteaz\u0103, ast\u0103zi, \u00een Pia\u021ba Victoriei fa\u021b\u0103 de autorit\u0103\u021bile din Rom\u00e2nia dup\u0103 tragedia de s\u00e2mb\u0103t\u0103 seara de la Piatra Neam\u021b. Protestatarii se declar\u0103 nemul\u021bumi\u021bi fa\u021b\u0103 de lipsa de investi\u021bii \u00een sistemul medical din ultimii ani. Protestatarii au venit cu pancarte cu meajul \u201ePutem r\u0103m\u00e2ne vii \u00eentr-un sistem mort?\u201d, care [&hellip;]","og_url":"https:\/\/buletin.de\/bucuresti\/100-cadre-medicale-protesteaza-in-piata-victoriei-nemultumite-de-dotarile-din-sistemul-medical\/","og_site_name":"Buletin de Bucure\u0219ti","article_publisher":"https:\/\/www.facebook.com\/buletin.de.buc","article_published_time":"2020-11-17T13:40:10+00:00","article_modified_time":"2020-11-17T13:40:11+00:00","og_image":[{"width":1080,"height":1616,"url":"https:\/\/buletin.de\/bucuresti\/wp-content\/uploads\/125410702_411499169883419_187845093734684031_n.jpg","type":"image\/jpeg"}],"author":"Florin R\u00e2\u0219teiu","twitter_card":"summary_large_image","twitter_misc":{"Written by":"Florin R\u00e2\u0219teiu","Estimated reading time":"1 minute"},"schema":{"@context":"https:\/\/schema.org","@graph":[{"@type":"Article","@id":"https:\/\/buletin.de\/bucuresti\/100-cadre-medicale-protesteaza-in-piata-victoriei-nemultumite-de-dotarile-din-sistemul-medical\/#article","isPartOf":{"@id":"https:\/\/buletin.de\/bucuresti\/100-cadre-medicale-protesteaza-in-piata-victoriei-nemultumite-de-dotarile-din-sistemul-medical\/"},"author":{"name":"Florin R\u00e2\u0219teiu","@id":"https:\/\/buletin.de\/bucuresti\/#\/schema\/person\/b0686d7a8b666c6afc78239777fd8a89"},"headline":"100 cadre medicale protesteaz\u0103 \u00een Pia\u021ba Victoriei, nemul\u021bumite de dot\u0103rile din sistemul medical","datePublished":"2020-11-17T13:40:10+00:00","dateModified":"2020-11-17T13:40:11+00:00","mainEntityOfPage":{"@id":"https:\/\/buletin.de\/bucuresti\/100-cadre-medicale-protesteaza-in-piata-victoriei-nemultumite-de-dotarile-din-sistemul-medical\/"},"wordCount":147,"publisher":{"@id":"https:\/\/buletin.de\/bucuresti\/#organization"},"image":{"@id":"https:\/\/buletin.de\/bucuresti\/100-cadre-medicale-protesteaza-in-piata-victoriei-nemultumite-de-dotarile-din-sistemul-medical\/#primaryimage"},"thumbnailUrl":"https:\/\/buletin.de\/bucuresti\/wp-content\/uploads\/125410702_411499169883419_187845093734684031_n.jpg","keywords":["asisten\u021bi medicali","ati","medici","Piatra Neam\u021b","protest piata victoriei"],"articleSection":["S\u0103n\u0103tate","\u0218tiri"],"inLanguage":"en-GB","copyrightYear":"2020","copyrightHolder":{"@id":"https:\/\/buletin.de\/bucuresti\/#organization"}},{"@type":"WebPage","@id":"https:\/\/buletin.de\/bucuresti\/100-cadre-medicale-protesteaza-in-piata-victoriei-nemultumite-de-dotarile-din-sistemul-medical\/","url":"https:\/\/buletin.de\/bucuresti\/100-cadre-medicale-protesteaza-in-piata-victoriei-nemultumite-de-dotarile-din-sistemul-medical\/","name":"100 cadre medicale protesteaz\u0103 \u00een Pia\u021ba Victoriei, nemul\u021bumite de dot\u0103rile din sistemul medical - Buletin de Bucure\u0219ti","isPartOf":{"@id":"https:\/\/buletin.de\/bucuresti\/#website"},"primaryImageOfPage":{"@id":"https:\/\/buletin.de\/bucuresti\/100-cadre-medicale-protesteaza-in-piata-victoriei-nemultumite-de-dotarile-din-sistemul-medical\/#primaryimage"},"image":{"@id":"https:\/\/buletin.de\/bucuresti\/100-cadre-medicale-protesteaza-in-piata-victoriei-nemultumite-de-dotarile-din-sistemul-medical\/#primaryimage"},"thumbnailUrl":"https:\/\/buletin.de\/bucuresti\/wp-content\/uploads\/125410702_411499169883419_187845093734684031_n.jpg","datePublished":"2020-11-17T13:40:10+00:00","dateModified":"2020-11-17T13:40:11+00:00","breadcrumb":{"@id":"https:\/\/buletin.de\/bucuresti\/100-cadre-medicale-protesteaza-in-piata-victoriei-nemultumite-de-dotarile-din-sistemul-medical\/#breadcrumb"},"inLanguage":"en-GB","potentialAction":[{"@type":"ReadAction","target":["https:\/\/buletin.de\/bucuresti\/100-cadre-medicale-protesteaza-in-piata-victoriei-nemultumite-de-dotarile-din-sistemul-medical\/"]}]},{"@type":"ImageObject","inLanguage":"en-GB","@id":"https:\/\/buletin.de\/bucuresti\/100-cadre-medicale-protesteaza-in-piata-victoriei-nemultumite-de-dotarile-din-sistemul-medical\/#primaryimage","url":"https:\/\/buletin.de\/bucuresti\/wp-content\/uploads\/125410702_411499169883419_187845093734684031_n.jpg","contentUrl":"https:\/\/buletin.de\/bucuresti\/wp-content\/uploads\/125410702_411499169883419_187845093734684031_n.jpg","width":1080,"height":1616},{"@type":"BreadcrumbList","@id":"https:\/\/buletin.de\/bucuresti\/100-cadre-medicale-protesteaza-in-piata-victoriei-nemultumite-de-dotarile-din-sistemul-medical\/#breadcrumb","itemListElement":[{"@type":"ListItem","position":1,"name":"Acas\u0103","item":"https:\/\/buletin.de\/bucuresti\/"},{"@type":"ListItem","position":2,"name":"100 cadre medicale protesteaz\u0103 \u00een Pia\u021ba Victoriei, nemul\u021bumite de dot\u0103rile din sistemul medical"}]},{"@type":"WebSite","@id":"https:\/\/buletin.de\/bucuresti\/#website","url":"https:\/\/buletin.de\/bucuresti\/","name":"Buletin de Bucure\u0219ti","description":"\u0218tiri \u0219i investiga\u021bii esen\u021biale din capital\u0103","publisher":{"@id":"https:\/\/buletin.de\/bucuresti\/#organization"},"potentialAction":[{"@type":"SearchAction","target":{"@type":"EntryPoint","urlTemplate":"https:\/\/buletin.de\/bucuresti\/?s={search_term_string}"},"query-input":{"@type":"PropertyValueSpecification","valueRequired":true,"valueName":"search_term_string"}}],"inLanguage":"en-GB"},{"@type":"Organization","@id":"https:\/\/buletin.de\/bucuresti\/#organization","name":"Buletin de Bucure\u0219ti","url":"https:\/\/buletin.de\/bucuresti\/","logo":{"@type":"ImageObject","inLanguage":"en-GB","@id":"https:\/\/buletin.de\/bucuresti\/#\/schema\/logo\/image\/","url":"https:\/\/buletin.de\/bucuresti\/wp-content\/uploads\/logo-bdb-full-wide-vernil-transparent.png","contentUrl":"https:\/\/buletin.de\/bucuresti\/wp-content\/uploads\/logo-bdb-full-wide-vernil-transparent.png","width":1782,"height":626,"caption":"Buletin de Bucure\u0219ti"},"image":{"@id":"https:\/\/buletin.de\/bucuresti\/#\/schema\/logo\/image\/"},"sameAs":["https:\/\/www.facebook.com\/buletin.de.buc","https:\/\/www.instagram.com\/buletinde.bucuresti\/"]},{"@type":"Person","@id":"https:\/\/buletin.de\/bucuresti\/#\/schema\/person\/b0686d7a8b666c6afc78239777fd8a89","name":"Florin R\u00e2\u0219teiu","image":{"@type":"ImageObject","inLanguage":"en-GB","@id":"https:\/\/buletin.de\/bucuresti\/wp-content\/uploads\/Florin-Rasteiu-96x96.jpgf0a6fe28453aa12f0a60e4d0a2e3a78c","url":"https:\/\/buletin.de\/bucuresti\/wp-content\/uploads\/Florin-Rasteiu-96x96.jpg","contentUrl":"https:\/\/buletin.de\/bucuresti\/wp-content\/uploads\/Florin-Rasteiu-96x96.jpg","caption":"Florin R\u00e2\u0219teiu"},"description":"Jurnalist de investiga\u021bie. Lucreaz\u0103 de aproape 6 ani la Buletin de Bucure\u0219ti, unde a publicat articole care scot la suprafa\u021b\u0103 corup\u021bia din Capital\u0103. Analizeaz\u0103 baze de date zilnic \u0219i scoate pove\u0219ti din exceluri pline de cifre. Pune reflectorul pe adev\u0103r cu fiecare ocazie. A c\u00e2\u0219tigat premiul I la categoria Pres\u0103 Local\u0103 \u00een 2025 \u0219i locul al II-lea la aceea\u0219i categorie \u00een 2024 \u00een cadrul Premiilor Superscrieri pentru jurnalism independent.","url":"https:\/\/buletin.de\/bucuresti\/author\/florinrasteiu\/"}]}},"authors":[{"term_id":22576,"user_id":17,"is_guest":0,"slug":"florinrasteiu","display_name":"Florin R\u00e2\u0219teiu","avatar_url":"https:\/\/buletin.de\/bucuresti\/wp-content\/uploads\/Florin-Rasteiu-96x96.jpg","0":null,"1":"","2":"","3":"","4":"","5":"","6":"","7":"","8":""}],"_links":{"self":[{"href":"https:\/\/buletin.de\/bucuresti\/wp-json\/wp\/v2\/posts\/15297","targetHints":{"allow":["GET"]}}],"collection":[{"href":"https:\/\/buletin.de\/bucuresti\/wp-json\/wp\/v2\/posts"}],"about":[{"href":"https:\/\/buletin.de\/bucuresti\/wp-json\/wp\/v2\/types\/post"}],"author":[{"embeddable":true,"href":"https:\/\/buletin.de\/bucuresti\/wp-json\/wp\/v2\/users\/17"}],"replies":[{"embeddable":true,"href":"https:\/\/buletin.de\/bucuresti\/wp-json\/wp\/v2\/comments?post=15297"}],"version-history":[{"count":7,"href":"https:\/\/buletin.de\/bucuresti\/wp-json\/wp\/v2\/posts\/15297\/revisions"}],"predecessor-version":[{"id":15334,"href":"https:\/\/buletin.de\/bucuresti\/wp-json\/wp\/v2\/posts\/15297\/revisions\/15334"}],"wp:featuredmedia":[{"embeddable":true,"href":"https:\/\/buletin.de\/bucuresti\/wp-json\/wp\/v2\/media\/15320"}],"wp:attachment":[{"href":"https:\/\/buletin.de\/bucuresti\/wp-json\/wp\/v2\/media?parent=15297"}],"wp:term":[{"taxonomy":"category","embeddable":true,"href":"https:\/\/buletin.de\/bucuresti\/wp-json\/wp\/v2\/categories?post=15297"},{"taxonomy":"post_tag","embeddable":true,"href":"https:\/\/buletin.de\/bucuresti\/wp-json\/wp\/v2\/tags?post=15297"},{"taxonomy":"author","embeddable":true,"href":"https:\/\/buletin.de\/bucuresti\/wp-json\/wp\/v2\/ppma_author?post=15297"}],"curies":[{"name":"wp","href":"https:\/\/api.w.org\/{rel}","templated":true}]}}