{"id":15245,"date":"2020-11-16T18:56:04","date_gmt":"2020-11-16T15:56:04","guid":{"rendered":"https:\/\/buletin.de\/bucuresti\/?p=15245"},"modified":"2020-11-16T18:56:05","modified_gmt":"2020-11-16T15:56:05","slug":"gunoiul-reciclabil-intra-in-izolare-cu-cetatenii-primaria-ciorogarla-a-anuntat-ca-nu-il-va-ridica-in-perioada-carantinarii","status":"publish","type":"post","link":"https:\/\/buletin.de\/bucuresti\/gunoiul-reciclabil-intra-in-izolare-cu-cetatenii-primaria-ciorogarla-a-anuntat-ca-nu-il-va-ridica-in-perioada-carantinarii\/","title":{"rendered":"Gunoiul reciclabil intr\u0103 \u00een izolare cu cet\u0103\u021benii. Prim\u0103ria Ciorog\u00e2rla a anun\u021bat c\u0103 nu \u00eel va ridica \u00een perioada carantin\u0103rii"},"content":{"rendered":"\n<p><strong>Din 13 p\u00e2n\u0103 pe 26 noiembrie, locuitorii din comuna Ciorog\u00e2rla sunt carantina\u021bi \u00een casele lor din cauza num\u0103rului crescut de cazuri COVID-19. Al\u0103turi de ei va sta \u201ecarantinat\u201d \u0219i gunoiul reciclabil, pe care Prim\u0103ria a decis c\u0103 nu \u00eel va mai ridica \u00een aceast\u0103 perioad\u0103 de 14 zile.<\/strong><\/p>\n\n\n\n<blockquote class=\"wp-block-quote is-layout-flow wp-block-quote-is-layout-flow\"><p>\u201eV\u0103 aducem la cuno\u0219tin\u021b\u0103 c\u0103 \u00een perioada carantinei ( 13 noiembrie, ora 20.00 &#8211; 26 noiembrie, ora 20.00), gunoiul RECICLABIL NU se va mai ridica! Lucrurile nu se schimb\u0103 \u00een cazul gunoiului MENAJER \u0219i cel BIODEGRADABIL! Pentru ambele programul de ridicare r\u0103m\u00e2ne ca \u0219i p\u00e2n\u0103 acum.\u201d<\/p><cite>Prim\u0103ria Ciorog\u00e2rla<\/cite><\/blockquote>\n\n\n\n<p>Mai mul\u021bi cet\u0103\u021beni din Ciorog\u00e2rla sunt indigna\u021bi \u0219i nu \u00een\u021beleg de ce a fost luat\u0103 aceast\u0103 m\u0103sur\u0103 f\u0103r\u0103 nicio explica\u021bie. \u00cen comentariile de pe Facebook oamenii cer reducerea taxei cu 50%. Tot acolo a ap\u0103rut \u0219i \u00eentrebarea \u201e<em>putem depozita reciclabilul \u00een prim\u0103rie?<\/em>\u201d.<\/p>\n\n\n\n<p><\/p>\n\n\n\n<div class=\"fb-post\" data-href=\"https:\/\/www.facebook.com\/primariaciorogarla\/posts\/2774876042795892\" data-show-text=\"true\" data-width=\"\"><blockquote cite=\"https:\/\/www.facebook.com\/primariaciorogarla\/posts\/2774876042795892\" class=\"fb-xfbml-parse-ignore\"><p>Va aducem la cunostinta ca in perioada carantinei ( 13 noiembrie, ora 20.00 &#8211; 26 noiembrie, ora 20.00), gunoiul&#8230;<\/p>Publicat\u0103 de <a href=\"https:\/\/www.facebook.com\/primariaciorogarla\/\">Primaria Ciorogarla<\/a> pe&nbsp;<a href=\"https:\/\/www.facebook.com\/primariaciorogarla\/posts\/2774876042795892\">S\u00e2mb\u0103t\u0103, 14 noiembrie 2020<\/a><\/blockquote><\/div>\n\n\n\n<p><\/p>\n\n\n\n<p><\/p>\n\n\n\n<p>Unii cet\u0103\u021beni se tem c\u0103 vor cre\u0219te num\u0103rul de arderi a gunoiului \u0219i, implicit, poluarea din zon\u0103. \u00cen acela\u0219i timp, mai mul\u021bi sus\u021bin c\u0103 REBU nu a venit nici dup\u0103 gunoiul biodegradabil.<\/p>\n\n\n\n<div class=\"wp-block-image\"><figure class=\"aligncenter size-large is-resized\"><img fetchpriority=\"high\" decoding=\"async\" src=\"data:image\/gif;base64,R0lGODlhAQABAAAAACH5BAEKAAEALAAAAAABAAEAAAICTAEAOw==\" data-src=\"https:\/\/buletin.de\/bucuresti\/wp-content\/uploads\/Screenshot_3-29.png\" alt=\"\" class=\"wp-image-15249 lazyload\" width=\"531\" height=\"660\" data-sizes=\"auto\" data-srcset=\"https:\/\/buletin.de\/bucuresti\/wp-content\/uploads\/Screenshot_3-29.png 531w, https:\/\/buletin.de\/bucuresti\/wp-content\/uploads\/Screenshot_3-29-241x300.png 241w, https:\/\/buletin.de\/bucuresti\/wp-content\/uploads\/Screenshot_3-29-402x500.png 402w\" sizes=\"(max-width: 531px) 100vw, 531px\" \/><\/figure><\/div>\n\n\n\n<p><\/p>\n\n\n\n<p>Viceprimarul Popa Nicu\u0219or ne-a spus c\u0103 decizia este o \u00eencercare de a combate r\u0103sp\u00e2ndirea virusului \u0219i c\u0103 a fost luat\u0103 de comun acord cu firma de salubrizare, adic\u0103 REBU, \u0219i sta\u021bia de sortare. <\/p>\n\n\n\n<blockquote class=\"wp-block-quote is-layout-flow wp-block-quote-is-layout-flow\"><p>\u201eAv\u00e2nd \u00een vedere faptul ca toate studiile arat\u0103 c\u0103 virusul rezist\u0103 mai multe zile pe anumite materiale \u0219i a faptului c\u0103 aceste de\u0219euri ajung \u00eentr-o sta\u021bie de sortare, m\u0103sura a fost luat\u0103 pentru evitarea r\u0103sp\u00e2ndirii virusului.\u201d<\/p><cite>Popa Nicu\u0219or<\/cite><\/blockquote>\n\n\n\n<p>Am \u00eentrebat Prim\u0103ria Ciorog\u00e2rla dac\u0103, \u00een cazul \u00een care starea de carantinare se va prelungi, m\u0103sura de a nu colecta gunoiul reciclabil va r\u0103m\u00e2ne valabil\u0103. R\u0103spunsul a fost c\u0103 da, de\u0219eurile se vor colecta imediat dup\u0103 terminarea carantin\u0103rii, indiferent de durata acesteia.<\/p>\n\n\n\n<p><\/p>\n\n\n\n<p>Surs\u0103 cover: Unsplash<\/p>\n","protected":false},"excerpt":{"rendered":"<p>Din 13 p\u00e2n\u0103 pe 26 noiembrie, locuitorii din comuna Ciorog\u00e2rla sunt carantina\u021bi \u00een casele lor din cauza num\u0103rului crescut de cazuri COVID-19. Al\u0103turi de ei va sta \u201ecarantinat\u201d \u0219i gunoiul reciclabil, pe care Prim\u0103ria a decis c\u0103 nu \u00eel va mai ridica \u00een aceast\u0103 perioad\u0103 de 14 zile. \u201eV\u0103 aducem la cuno\u0219tin\u021b\u0103 c\u0103 \u00een perioada [&hellip;]<\/p>\n","protected":false},"author":6,"featured_media":15251,"comment_status":"closed","ping_status":"open","sticky":false,"template":"","format":"standard","meta":{"_acf_changed":false,"inline_featured_image":false,"ngg_post_thumbnail":0,"footnotes":""},"categories":[996,109,24,62],"tags":[1761,1868,1869],"ppma_author":[22588],"class_list":["post-15245","post","type-post","status-publish","format-standard","has-post-thumbnail","hentry","category-covid-19","category-mediu","category-primarie","category-stiri","tag-ciorogarla","tag-gunoi-reciclabil","tag-rebu"],"acf":[],"yoast_head":"<!-- This site is optimized with the Yoast SEO Premium plugin v25.3 (Yoast SEO v27.4) - https:\/\/yoast.com\/product\/yoast-seo-premium-wordpress\/ -->\n<title>Gunoiul reciclabil intr\u0103 \u00een izolare cu cet\u0103\u021benii. Prim\u0103ria Ciorog\u00e2rla a anun\u021bat c\u0103 nu \u00eel va ridica \u00een perioada carantin\u0103rii - Buletin de Bucure\u0219ti<\/title>\n<meta name=\"robots\" content=\"index, follow, max-snippet:-1, max-image-preview:large, max-video-preview:-1\" \/>\n<link rel=\"canonical\" href=\"https:\/\/buletin.de\/bucuresti\/gunoiul-reciclabil-intra-in-izolare-cu-cetatenii-primaria-ciorogarla-a-anuntat-ca-nu-il-va-ridica-in-perioada-carantinarii\/\" \/>\n<meta property=\"og:locale\" content=\"en_GB\" \/>\n<meta property=\"og:type\" content=\"article\" \/>\n<meta property=\"og:title\" content=\"Gunoiul reciclabil intr\u0103 \u00een izolare cu cet\u0103\u021benii. Prim\u0103ria Ciorog\u00e2rla a anun\u021bat c\u0103 nu \u00eel va ridica \u00een perioada carantin\u0103rii\" \/>\n<meta property=\"og:description\" content=\"Din 13 p\u00e2n\u0103 pe 26 noiembrie, locuitorii din comuna Ciorog\u00e2rla sunt carantina\u021bi \u00een casele lor din cauza num\u0103rului crescut de cazuri COVID-19. Al\u0103turi de ei va sta \u201ecarantinat\u201d \u0219i gunoiul reciclabil, pe care Prim\u0103ria a decis c\u0103 nu \u00eel va mai ridica \u00een aceast\u0103 perioad\u0103 de 14 zile. \u201eV\u0103 aducem la cuno\u0219tin\u021b\u0103 c\u0103 \u00een perioada [&hellip;]\" \/>\n<meta property=\"og:url\" content=\"https:\/\/buletin.de\/bucuresti\/gunoiul-reciclabil-intra-in-izolare-cu-cetatenii-primaria-ciorogarla-a-anuntat-ca-nu-il-va-ridica-in-perioada-carantinarii\/\" \/>\n<meta property=\"og:site_name\" content=\"Buletin de Bucure\u0219ti\" \/>\n<meta property=\"article:publisher\" content=\"https:\/\/www.facebook.com\/buletin.de.buc\" \/>\n<meta property=\"article:published_time\" content=\"2020-11-16T15:56:04+00:00\" \/>\n<meta property=\"article:modified_time\" content=\"2020-11-16T15:56:05+00:00\" \/>\n<meta property=\"og:image\" content=\"https:\/\/buletin.de\/bucuresti\/wp-content\/uploads\/pawel-czerwinski-RkIsyD_AVvc-unsplash-scaled.jpg\" \/>\n\t<meta property=\"og:image:width\" content=\"2560\" \/>\n\t<meta property=\"og:image:height\" content=\"1707\" \/>\n\t<meta property=\"og:image:type\" content=\"image\/jpeg\" \/>\n<meta name=\"author\" content=\"Bianca Albu\" \/>\n<meta name=\"twitter:card\" content=\"summary_large_image\" \/>\n<meta name=\"twitter:label1\" content=\"Written by\" \/>\n\t<meta name=\"twitter:data1\" content=\"Bianca Albu\" \/>\n\t<meta name=\"twitter:label2\" content=\"Estimated reading time\" \/>\n\t<meta name=\"twitter:data2\" content=\"2 minutes\" \/>\n<script type=\"application\/ld+json\" class=\"yoast-schema-graph\">{\"@context\":\"https:\\\/\\\/schema.org\",\"@graph\":[{\"@type\":\"Article\",\"@id\":\"https:\\\/\\\/buletin.de\\\/bucuresti\\\/gunoiul-reciclabil-intra-in-izolare-cu-cetatenii-primaria-ciorogarla-a-anuntat-ca-nu-il-va-ridica-in-perioada-carantinarii\\\/#article\",\"isPartOf\":{\"@id\":\"https:\\\/\\\/buletin.de\\\/bucuresti\\\/gunoiul-reciclabil-intra-in-izolare-cu-cetatenii-primaria-ciorogarla-a-anuntat-ca-nu-il-va-ridica-in-perioada-carantinarii\\\/\"},\"author\":{\"name\":\"Bianca Albu\",\"@id\":\"https:\\\/\\\/buletin.de\\\/bucuresti\\\/#\\\/schema\\\/person\\\/295dc2228d2dc79294d636619468dc7f\"},\"headline\":\"Gunoiul reciclabil intr\u0103 \u00een izolare cu cet\u0103\u021benii. Prim\u0103ria Ciorog\u00e2rla a anun\u021bat c\u0103 nu \u00eel va ridica \u00een perioada carantin\u0103rii\",\"datePublished\":\"2020-11-16T15:56:04+00:00\",\"dateModified\":\"2020-11-16T15:56:05+00:00\",\"mainEntityOfPage\":{\"@id\":\"https:\\\/\\\/buletin.de\\\/bucuresti\\\/gunoiul-reciclabil-intra-in-izolare-cu-cetatenii-primaria-ciorogarla-a-anuntat-ca-nu-il-va-ridica-in-perioada-carantinarii\\\/\"},\"wordCount\":372,\"publisher\":{\"@id\":\"https:\\\/\\\/buletin.de\\\/bucuresti\\\/#organization\"},\"image\":{\"@id\":\"https:\\\/\\\/buletin.de\\\/bucuresti\\\/gunoiul-reciclabil-intra-in-izolare-cu-cetatenii-primaria-ciorogarla-a-anuntat-ca-nu-il-va-ridica-in-perioada-carantinarii\\\/#primaryimage\"},\"thumbnailUrl\":\"https:\\\/\\\/buletin.de\\\/bucuresti\\\/wp-content\\\/uploads\\\/pawel-czerwinski-RkIsyD_AVvc-unsplash-scaled.jpg\",\"keywords\":[\"ciorogarla\",\"gunoi reciclabil\",\"rebu\"],\"articleSection\":[\"Covid-19\",\"Mediu\",\"Prim\u0103rie\",\"\u0218tiri\"],\"inLanguage\":\"en-GB\",\"copyrightYear\":\"2020\",\"copyrightHolder\":{\"@id\":\"https:\\\/\\\/buletin.de\\\/bucuresti\\\/#organization\"}},{\"@type\":\"WebPage\",\"@id\":\"https:\\\/\\\/buletin.de\\\/bucuresti\\\/gunoiul-reciclabil-intra-in-izolare-cu-cetatenii-primaria-ciorogarla-a-anuntat-ca-nu-il-va-ridica-in-perioada-carantinarii\\\/\",\"url\":\"https:\\\/\\\/buletin.de\\\/bucuresti\\\/gunoiul-reciclabil-intra-in-izolare-cu-cetatenii-primaria-ciorogarla-a-anuntat-ca-nu-il-va-ridica-in-perioada-carantinarii\\\/\",\"name\":\"Gunoiul reciclabil intr\u0103 \u00een izolare cu cet\u0103\u021benii. Prim\u0103ria Ciorog\u00e2rla a anun\u021bat c\u0103 nu \u00eel va ridica \u00een perioada carantin\u0103rii - Buletin de Bucure\u0219ti\",\"isPartOf\":{\"@id\":\"https:\\\/\\\/buletin.de\\\/bucuresti\\\/#website\"},\"primaryImageOfPage\":{\"@id\":\"https:\\\/\\\/buletin.de\\\/bucuresti\\\/gunoiul-reciclabil-intra-in-izolare-cu-cetatenii-primaria-ciorogarla-a-anuntat-ca-nu-il-va-ridica-in-perioada-carantinarii\\\/#primaryimage\"},\"image\":{\"@id\":\"https:\\\/\\\/buletin.de\\\/bucuresti\\\/gunoiul-reciclabil-intra-in-izolare-cu-cetatenii-primaria-ciorogarla-a-anuntat-ca-nu-il-va-ridica-in-perioada-carantinarii\\\/#primaryimage\"},\"thumbnailUrl\":\"https:\\\/\\\/buletin.de\\\/bucuresti\\\/wp-content\\\/uploads\\\/pawel-czerwinski-RkIsyD_AVvc-unsplash-scaled.jpg\",\"datePublished\":\"2020-11-16T15:56:04+00:00\",\"dateModified\":\"2020-11-16T15:56:05+00:00\",\"breadcrumb\":{\"@id\":\"https:\\\/\\\/buletin.de\\\/bucuresti\\\/gunoiul-reciclabil-intra-in-izolare-cu-cetatenii-primaria-ciorogarla-a-anuntat-ca-nu-il-va-ridica-in-perioada-carantinarii\\\/#breadcrumb\"},\"inLanguage\":\"en-GB\",\"potentialAction\":[{\"@type\":\"ReadAction\",\"target\":[\"https:\\\/\\\/buletin.de\\\/bucuresti\\\/gunoiul-reciclabil-intra-in-izolare-cu-cetatenii-primaria-ciorogarla-a-anuntat-ca-nu-il-va-ridica-in-perioada-carantinarii\\\/\"]}]},{\"@type\":\"ImageObject\",\"inLanguage\":\"en-GB\",\"@id\":\"https:\\\/\\\/buletin.de\\\/bucuresti\\\/gunoiul-reciclabil-intra-in-izolare-cu-cetatenii-primaria-ciorogarla-a-anuntat-ca-nu-il-va-ridica-in-perioada-carantinarii\\\/#primaryimage\",\"url\":\"https:\\\/\\\/buletin.de\\\/bucuresti\\\/wp-content\\\/uploads\\\/pawel-czerwinski-RkIsyD_AVvc-unsplash-scaled.jpg\",\"contentUrl\":\"https:\\\/\\\/buletin.de\\\/bucuresti\\\/wp-content\\\/uploads\\\/pawel-czerwinski-RkIsyD_AVvc-unsplash-scaled.jpg\",\"width\":2560,\"height\":1707},{\"@type\":\"BreadcrumbList\",\"@id\":\"https:\\\/\\\/buletin.de\\\/bucuresti\\\/gunoiul-reciclabil-intra-in-izolare-cu-cetatenii-primaria-ciorogarla-a-anuntat-ca-nu-il-va-ridica-in-perioada-carantinarii\\\/#breadcrumb\",\"itemListElement\":[{\"@type\":\"ListItem\",\"position\":1,\"name\":\"Acas\u0103\",\"item\":\"https:\\\/\\\/buletin.de\\\/bucuresti\\\/\"},{\"@type\":\"ListItem\",\"position\":2,\"name\":\"Gunoiul reciclabil intr\u0103 \u00een izolare cu cet\u0103\u021benii. Prim\u0103ria Ciorog\u00e2rla a anun\u021bat c\u0103 nu \u00eel va ridica \u00een perioada carantin\u0103rii\"}]},{\"@type\":\"WebSite\",\"@id\":\"https:\\\/\\\/buletin.de\\\/bucuresti\\\/#website\",\"url\":\"https:\\\/\\\/buletin.de\\\/bucuresti\\\/\",\"name\":\"Buletin de Bucure\u0219ti\",\"description\":\"\u0218tiri \u0219i investiga\u021bii esen\u021biale din capital\u0103\",\"publisher\":{\"@id\":\"https:\\\/\\\/buletin.de\\\/bucuresti\\\/#organization\"},\"potentialAction\":[{\"@type\":\"SearchAction\",\"target\":{\"@type\":\"EntryPoint\",\"urlTemplate\":\"https:\\\/\\\/buletin.de\\\/bucuresti\\\/?s={search_term_string}\"},\"query-input\":{\"@type\":\"PropertyValueSpecification\",\"valueRequired\":true,\"valueName\":\"search_term_string\"}}],\"inLanguage\":\"en-GB\"},{\"@type\":\"Organization\",\"@id\":\"https:\\\/\\\/buletin.de\\\/bucuresti\\\/#organization\",\"name\":\"Buletin de Bucure\u0219ti\",\"url\":\"https:\\\/\\\/buletin.de\\\/bucuresti\\\/\",\"logo\":{\"@type\":\"ImageObject\",\"inLanguage\":\"en-GB\",\"@id\":\"https:\\\/\\\/buletin.de\\\/bucuresti\\\/#\\\/schema\\\/logo\\\/image\\\/\",\"url\":\"https:\\\/\\\/buletin.de\\\/bucuresti\\\/wp-content\\\/uploads\\\/logo-bdb-full-wide-vernil-transparent.png\",\"contentUrl\":\"https:\\\/\\\/buletin.de\\\/bucuresti\\\/wp-content\\\/uploads\\\/logo-bdb-full-wide-vernil-transparent.png\",\"width\":1782,\"height\":626,\"caption\":\"Buletin de Bucure\u0219ti\"},\"image\":{\"@id\":\"https:\\\/\\\/buletin.de\\\/bucuresti\\\/#\\\/schema\\\/logo\\\/image\\\/\"},\"sameAs\":[\"https:\\\/\\\/www.facebook.com\\\/buletin.de.buc\",\"https:\\\/\\\/www.instagram.com\\\/buletinde.bucuresti\\\/\"]},{\"@type\":\"Person\",\"@id\":\"https:\\\/\\\/buletin.de\\\/bucuresti\\\/#\\\/schema\\\/person\\\/295dc2228d2dc79294d636619468dc7f\",\"name\":\"Bianca Albu\",\"image\":{\"@type\":\"ImageObject\",\"inLanguage\":\"en-GB\",\"@id\":\"https:\\\/\\\/secure.gravatar.com\\\/avatar\\\/3df2e34e20f529e6fd7be4311ee1f7c4ec4aa886971590baf6fa214b15743516?s=96&d=monsterid&r=gf541c715eeec409ce8101252a3c0d8a7\",\"url\":\"https:\\\/\\\/secure.gravatar.com\\\/avatar\\\/3df2e34e20f529e6fd7be4311ee1f7c4ec4aa886971590baf6fa214b15743516?s=96&d=monsterid&r=g\",\"contentUrl\":\"https:\\\/\\\/secure.gravatar.com\\\/avatar\\\/3df2e34e20f529e6fd7be4311ee1f7c4ec4aa886971590baf6fa214b15743516?s=96&d=monsterid&r=g\",\"caption\":\"Bianca Albu\"},\"description\":\"Reporter\",\"url\":\"https:\\\/\\\/buletin.de\\\/bucuresti\\\/author\\\/biancaalbu\\\/\"}]}<\/script>\n<!-- \/ Yoast SEO Premium plugin. -->","yoast_head_json":{"title":"Gunoiul reciclabil intr\u0103 \u00een izolare cu cet\u0103\u021benii. Prim\u0103ria Ciorog\u00e2rla a anun\u021bat c\u0103 nu \u00eel va ridica \u00een perioada carantin\u0103rii - Buletin de Bucure\u0219ti","robots":{"index":"index","follow":"follow","max-snippet":"max-snippet:-1","max-image-preview":"max-image-preview:large","max-video-preview":"max-video-preview:-1"},"canonical":"https:\/\/buletin.de\/bucuresti\/gunoiul-reciclabil-intra-in-izolare-cu-cetatenii-primaria-ciorogarla-a-anuntat-ca-nu-il-va-ridica-in-perioada-carantinarii\/","og_locale":"en_GB","og_type":"article","og_title":"Gunoiul reciclabil intr\u0103 \u00een izolare cu cet\u0103\u021benii. Prim\u0103ria Ciorog\u00e2rla a anun\u021bat c\u0103 nu \u00eel va ridica \u00een perioada carantin\u0103rii","og_description":"Din 13 p\u00e2n\u0103 pe 26 noiembrie, locuitorii din comuna Ciorog\u00e2rla sunt carantina\u021bi \u00een casele lor din cauza num\u0103rului crescut de cazuri COVID-19. Al\u0103turi de ei va sta \u201ecarantinat\u201d \u0219i gunoiul reciclabil, pe care Prim\u0103ria a decis c\u0103 nu \u00eel va mai ridica \u00een aceast\u0103 perioad\u0103 de 14 zile. \u201eV\u0103 aducem la cuno\u0219tin\u021b\u0103 c\u0103 \u00een perioada [&hellip;]","og_url":"https:\/\/buletin.de\/bucuresti\/gunoiul-reciclabil-intra-in-izolare-cu-cetatenii-primaria-ciorogarla-a-anuntat-ca-nu-il-va-ridica-in-perioada-carantinarii\/","og_site_name":"Buletin de Bucure\u0219ti","article_publisher":"https:\/\/www.facebook.com\/buletin.de.buc","article_published_time":"2020-11-16T15:56:04+00:00","article_modified_time":"2020-11-16T15:56:05+00:00","og_image":[{"width":2560,"height":1707,"url":"https:\/\/buletin.de\/bucuresti\/wp-content\/uploads\/pawel-czerwinski-RkIsyD_AVvc-unsplash-scaled.jpg","type":"image\/jpeg"}],"author":"Bianca Albu","twitter_card":"summary_large_image","twitter_misc":{"Written by":"Bianca Albu","Estimated reading time":"2 minutes"},"schema":{"@context":"https:\/\/schema.org","@graph":[{"@type":"Article","@id":"https:\/\/buletin.de\/bucuresti\/gunoiul-reciclabil-intra-in-izolare-cu-cetatenii-primaria-ciorogarla-a-anuntat-ca-nu-il-va-ridica-in-perioada-carantinarii\/#article","isPartOf":{"@id":"https:\/\/buletin.de\/bucuresti\/gunoiul-reciclabil-intra-in-izolare-cu-cetatenii-primaria-ciorogarla-a-anuntat-ca-nu-il-va-ridica-in-perioada-carantinarii\/"},"author":{"name":"Bianca Albu","@id":"https:\/\/buletin.de\/bucuresti\/#\/schema\/person\/295dc2228d2dc79294d636619468dc7f"},"headline":"Gunoiul reciclabil intr\u0103 \u00een izolare cu cet\u0103\u021benii. Prim\u0103ria Ciorog\u00e2rla a anun\u021bat c\u0103 nu \u00eel va ridica \u00een perioada carantin\u0103rii","datePublished":"2020-11-16T15:56:04+00:00","dateModified":"2020-11-16T15:56:05+00:00","mainEntityOfPage":{"@id":"https:\/\/buletin.de\/bucuresti\/gunoiul-reciclabil-intra-in-izolare-cu-cetatenii-primaria-ciorogarla-a-anuntat-ca-nu-il-va-ridica-in-perioada-carantinarii\/"},"wordCount":372,"publisher":{"@id":"https:\/\/buletin.de\/bucuresti\/#organization"},"image":{"@id":"https:\/\/buletin.de\/bucuresti\/gunoiul-reciclabil-intra-in-izolare-cu-cetatenii-primaria-ciorogarla-a-anuntat-ca-nu-il-va-ridica-in-perioada-carantinarii\/#primaryimage"},"thumbnailUrl":"https:\/\/buletin.de\/bucuresti\/wp-content\/uploads\/pawel-czerwinski-RkIsyD_AVvc-unsplash-scaled.jpg","keywords":["ciorogarla","gunoi reciclabil","rebu"],"articleSection":["Covid-19","Mediu","Prim\u0103rie","\u0218tiri"],"inLanguage":"en-GB","copyrightYear":"2020","copyrightHolder":{"@id":"https:\/\/buletin.de\/bucuresti\/#organization"}},{"@type":"WebPage","@id":"https:\/\/buletin.de\/bucuresti\/gunoiul-reciclabil-intra-in-izolare-cu-cetatenii-primaria-ciorogarla-a-anuntat-ca-nu-il-va-ridica-in-perioada-carantinarii\/","url":"https:\/\/buletin.de\/bucuresti\/gunoiul-reciclabil-intra-in-izolare-cu-cetatenii-primaria-ciorogarla-a-anuntat-ca-nu-il-va-ridica-in-perioada-carantinarii\/","name":"Gunoiul reciclabil intr\u0103 \u00een izolare cu cet\u0103\u021benii. Prim\u0103ria Ciorog\u00e2rla a anun\u021bat c\u0103 nu \u00eel va ridica \u00een perioada carantin\u0103rii - Buletin de Bucure\u0219ti","isPartOf":{"@id":"https:\/\/buletin.de\/bucuresti\/#website"},"primaryImageOfPage":{"@id":"https:\/\/buletin.de\/bucuresti\/gunoiul-reciclabil-intra-in-izolare-cu-cetatenii-primaria-ciorogarla-a-anuntat-ca-nu-il-va-ridica-in-perioada-carantinarii\/#primaryimage"},"image":{"@id":"https:\/\/buletin.de\/bucuresti\/gunoiul-reciclabil-intra-in-izolare-cu-cetatenii-primaria-ciorogarla-a-anuntat-ca-nu-il-va-ridica-in-perioada-carantinarii\/#primaryimage"},"thumbnailUrl":"https:\/\/buletin.de\/bucuresti\/wp-content\/uploads\/pawel-czerwinski-RkIsyD_AVvc-unsplash-scaled.jpg","datePublished":"2020-11-16T15:56:04+00:00","dateModified":"2020-11-16T15:56:05+00:00","breadcrumb":{"@id":"https:\/\/buletin.de\/bucuresti\/gunoiul-reciclabil-intra-in-izolare-cu-cetatenii-primaria-ciorogarla-a-anuntat-ca-nu-il-va-ridica-in-perioada-carantinarii\/#breadcrumb"},"inLanguage":"en-GB","potentialAction":[{"@type":"ReadAction","target":["https:\/\/buletin.de\/bucuresti\/gunoiul-reciclabil-intra-in-izolare-cu-cetatenii-primaria-ciorogarla-a-anuntat-ca-nu-il-va-ridica-in-perioada-carantinarii\/"]}]},{"@type":"ImageObject","inLanguage":"en-GB","@id":"https:\/\/buletin.de\/bucuresti\/gunoiul-reciclabil-intra-in-izolare-cu-cetatenii-primaria-ciorogarla-a-anuntat-ca-nu-il-va-ridica-in-perioada-carantinarii\/#primaryimage","url":"https:\/\/buletin.de\/bucuresti\/wp-content\/uploads\/pawel-czerwinski-RkIsyD_AVvc-unsplash-scaled.jpg","contentUrl":"https:\/\/buletin.de\/bucuresti\/wp-content\/uploads\/pawel-czerwinski-RkIsyD_AVvc-unsplash-scaled.jpg","width":2560,"height":1707},{"@type":"BreadcrumbList","@id":"https:\/\/buletin.de\/bucuresti\/gunoiul-reciclabil-intra-in-izolare-cu-cetatenii-primaria-ciorogarla-a-anuntat-ca-nu-il-va-ridica-in-perioada-carantinarii\/#breadcrumb","itemListElement":[{"@type":"ListItem","position":1,"name":"Acas\u0103","item":"https:\/\/buletin.de\/bucuresti\/"},{"@type":"ListItem","position":2,"name":"Gunoiul reciclabil intr\u0103 \u00een izolare cu cet\u0103\u021benii. Prim\u0103ria Ciorog\u00e2rla a anun\u021bat c\u0103 nu \u00eel va ridica \u00een perioada carantin\u0103rii"}]},{"@type":"WebSite","@id":"https:\/\/buletin.de\/bucuresti\/#website","url":"https:\/\/buletin.de\/bucuresti\/","name":"Buletin de Bucure\u0219ti","description":"\u0218tiri \u0219i investiga\u021bii esen\u021biale din capital\u0103","publisher":{"@id":"https:\/\/buletin.de\/bucuresti\/#organization"},"potentialAction":[{"@type":"SearchAction","target":{"@type":"EntryPoint","urlTemplate":"https:\/\/buletin.de\/bucuresti\/?s={search_term_string}"},"query-input":{"@type":"PropertyValueSpecification","valueRequired":true,"valueName":"search_term_string"}}],"inLanguage":"en-GB"},{"@type":"Organization","@id":"https:\/\/buletin.de\/bucuresti\/#organization","name":"Buletin de Bucure\u0219ti","url":"https:\/\/buletin.de\/bucuresti\/","logo":{"@type":"ImageObject","inLanguage":"en-GB","@id":"https:\/\/buletin.de\/bucuresti\/#\/schema\/logo\/image\/","url":"https:\/\/buletin.de\/bucuresti\/wp-content\/uploads\/logo-bdb-full-wide-vernil-transparent.png","contentUrl":"https:\/\/buletin.de\/bucuresti\/wp-content\/uploads\/logo-bdb-full-wide-vernil-transparent.png","width":1782,"height":626,"caption":"Buletin de Bucure\u0219ti"},"image":{"@id":"https:\/\/buletin.de\/bucuresti\/#\/schema\/logo\/image\/"},"sameAs":["https:\/\/www.facebook.com\/buletin.de.buc","https:\/\/www.instagram.com\/buletinde.bucuresti\/"]},{"@type":"Person","@id":"https:\/\/buletin.de\/bucuresti\/#\/schema\/person\/295dc2228d2dc79294d636619468dc7f","name":"Bianca Albu","image":{"@type":"ImageObject","inLanguage":"en-GB","@id":"https:\/\/secure.gravatar.com\/avatar\/3df2e34e20f529e6fd7be4311ee1f7c4ec4aa886971590baf6fa214b15743516?s=96&d=monsterid&r=gf541c715eeec409ce8101252a3c0d8a7","url":"https:\/\/secure.gravatar.com\/avatar\/3df2e34e20f529e6fd7be4311ee1f7c4ec4aa886971590baf6fa214b15743516?s=96&d=monsterid&r=g","contentUrl":"https:\/\/secure.gravatar.com\/avatar\/3df2e34e20f529e6fd7be4311ee1f7c4ec4aa886971590baf6fa214b15743516?s=96&d=monsterid&r=g","caption":"Bianca Albu"},"description":"Reporter","url":"https:\/\/buletin.de\/bucuresti\/author\/biancaalbu\/"}]}},"authors":[{"term_id":22588,"user_id":6,"is_guest":0,"slug":"biancaalbu","display_name":"Bianca Albu","avatar_url":"https:\/\/secure.gravatar.com\/avatar\/3df2e34e20f529e6fd7be4311ee1f7c4ec4aa886971590baf6fa214b15743516?s=96&d=monsterid&r=g","0":null,"1":"","2":"","3":"","4":"","5":"","6":"","7":"","8":""}],"_links":{"self":[{"href":"https:\/\/buletin.de\/bucuresti\/wp-json\/wp\/v2\/posts\/15245","targetHints":{"allow":["GET"]}}],"collection":[{"href":"https:\/\/buletin.de\/bucuresti\/wp-json\/wp\/v2\/posts"}],"about":[{"href":"https:\/\/buletin.de\/bucuresti\/wp-json\/wp\/v2\/types\/post"}],"author":[{"embeddable":true,"href":"https:\/\/buletin.de\/bucuresti\/wp-json\/wp\/v2\/users\/6"}],"replies":[{"embeddable":true,"href":"https:\/\/buletin.de\/bucuresti\/wp-json\/wp\/v2\/comments?post=15245"}],"version-history":[{"count":4,"href":"https:\/\/buletin.de\/bucuresti\/wp-json\/wp\/v2\/posts\/15245\/revisions"}],"predecessor-version":[{"id":15253,"href":"https:\/\/buletin.de\/bucuresti\/wp-json\/wp\/v2\/posts\/15245\/revisions\/15253"}],"wp:featuredmedia":[{"embeddable":true,"href":"https:\/\/buletin.de\/bucuresti\/wp-json\/wp\/v2\/media\/15251"}],"wp:attachment":[{"href":"https:\/\/buletin.de\/bucuresti\/wp-json\/wp\/v2\/media?parent=15245"}],"wp:term":[{"taxonomy":"category","embeddable":true,"href":"https:\/\/buletin.de\/bucuresti\/wp-json\/wp\/v2\/categories?post=15245"},{"taxonomy":"post_tag","embeddable":true,"href":"https:\/\/buletin.de\/bucuresti\/wp-json\/wp\/v2\/tags?post=15245"},{"taxonomy":"author","embeddable":true,"href":"https:\/\/buletin.de\/bucuresti\/wp-json\/wp\/v2\/ppma_author?post=15245"}],"curies":[{"name":"wp","href":"https:\/\/api.w.org\/{rel}","templated":true}]}}