{"id":15225,"date":"2020-12-02T10:01:54","date_gmt":"2020-12-02T07:01:54","guid":{"rendered":"https:\/\/buletin.de\/bucuresti\/?p=15225"},"modified":"2021-01-29T15:04:19","modified_gmt":"2021-01-29T12:04:19","slug":"spitalele-bucurestene-din-linia-1-a-luptei-anti-covid-subfinantate-cronic-in-ultimii-4-ani-nici-5-din-venituri-nu-au-ajuns-in-investitii","status":"publish","type":"post","link":"https:\/\/buletin.de\/bucuresti\/spitalele-bucurestene-din-linia-1-a-luptei-anti-covid-subfinantate-cronic-in-ultimii-4-ani-nici-5-din-venituri-nu-au-ajuns-in-investitii\/","title":{"rendered":"Spitalele bucure\u0219tene, din linia 1 a luptei anti Covid, subfinan\u021bate cronic | \u00cen ultimii 4 ani, nici 5% din venituri nu au ajuns \u00een investi\u021bii"},"content":{"rendered":"\n<p>Primele spitale bucure\u0219tene intrate \u00een lupta anti Covid au fost Matei Bal\u0219, Marius Nasta \u0219i Victor Babe\u0219, toate trei unit\u0103\u021bi sanitare de tradi\u021bie, cu experien\u021b\u0103 \u00een tratarea bolilor infec\u021bioase, cu cadre medicale specializate. Doar c\u0103 testul de anduran\u021b\u0103 \u00eenceput \u00een luna martie, a g\u0103sit aceste spitalele dup\u0103 ani de subfinan\u021bare \u00een echipamente, cu organigramele incomplete \u0219i cu mari probleme de infrastructur\u0103 medical\u0103, f\u0103r\u0103 circuite func\u021bionale. Au urmat luni de investi\u021bii pe repede \u00eenainte, cu bani de la buget sau din dona\u021bii, \u00een care s-a \u00eencercat rezolvarea unor probleme ce trenau de ani. Doar o gur\u0103 de oxigen \u00eentr-un sistem care respir\u0103 greu \u0219i care trebuie, el \u00eensu\u0219i, s\u0103 dea aer oamenilor ca s\u0103 tr\u0103iasc\u0103. La 9 luni de la debutul pandemiei, limitele au fost atinse \u0219i dep\u0103\u0219ite, se trateaz\u0103 oameni pe holuri \u0219i num\u0103r\u0103toarea paturilor libere \u0219i a resurselor se face \u00een fiecare moment. <\/p>\n\n\n\n<h2 class=\"wp-block-heading\">SPITALUL VICTOR BABE\u0218 &#8211; 0 lei \u00een echipamente medicale \u00een 2017, 2018 \u0219i 2019<\/h2>\n\n\n\n<p>Spitalul de Boli Infec\u021bioase \u0219i Tropicale \u201eVictor Babe\u0219\u201d are, \u00een acest moment, cele mai multe paturi din \u021bar\u0103, dedicate exclusiv bolnavilor COVID &#8211; aproape 550, din care 100 amenjate \u00eentr-un spital modular.  Se lucreaz\u0103 ca pe front, f\u0103r\u0103 nicio clip\u0103 de r\u0103gaz.<\/p>\n\n\n\n<figure class=\"wp-block-image\"><img decoding=\"async\" src=\"data:image\/gif;base64,R0lGODlhAQABAAAAACH5BAEKAAEALAAAAAABAAEAAAICTAEAOw==\" data-src=\"https:\/\/scontent.fcra1-1.fna.fbcdn.net\/v\/t1.0-0\/p526x296\/127477167_4701132833261731_7551777014211667721_n.jpg?_nc_cat=110&amp;ccb=2&amp;_nc_sid=730e14&amp;_nc_ohc=iwS1bZeNKLsAX-sA47P&amp;_nc_ht=scontent.fcra1-1.fna&amp;tp=6&amp;oh=cec9b7f02a6027a8836e19a41101ebf1&amp;oe=5FEBFCF8\" class=\"lazyload\" alt=\"Este posibil ca imaginea s\u0103 con\u0163in\u0103: 1 persoan\u0103, interior\"\/><figcaption>Sursa Facebook Doru Zorila<\/figcaption><\/figure>\n\n\n\n<p>Spitalul Victor Babes este \u00een administrarea Prim\u0103riei Bucure\u0219ti, \u0219i conform datelor furnizate de ASSMB, la solicitarea Buletin de Bucure\u0219ti, \u00een 2017, 2018, 2019 nu s-a investit <strong>NIMIC<\/strong> \u00een echipamente medicale. <\/p>\n\n\n\n<figure class=\"wp-block-table aligncenter is-style-stripes\"><table><tbody><tr><td><\/td><td>2017<\/td><td>2018<\/td><td>2019<\/td><td>2020 <br>&#8211; 1 oct<\/td><\/tr><tr><td>Venituri<\/td><td><strong>114,893<\/strong>,<strong>000<\/strong><\/td><td><strong>129,052<\/strong>,<strong>000<\/strong><\/td><td><strong>141,194<\/strong>,<strong>000<\/strong><\/td><td><strong>102,763,000<\/strong><\/td><\/tr><tr><td>Echipamente medicale<\/td><td><strong><span class=\"has-inline-color has-vivid-red-color\">0<\/span><\/strong><\/td><td><strong><span class=\"has-inline-color has-vivid-red-color\">0<\/span><\/strong><\/td><td><strong><span class=\"has-inline-color has-vivid-red-color\">0<\/span><\/strong><\/td><td><strong>6.771,585<\/strong><\/td><\/tr><tr><td>Repara\u021bii moderniz\u0103ri<\/td><td><strong>1.040.236<\/strong><\/td><td><strong>5.586.067<\/strong><\/td><td><strong>8.271.427<\/strong><\/td><td><strong>0<\/strong><\/td><\/tr><tr><td>Cheltuieli <br>Salariale<\/td><td><strong>45,222,000<\/strong><\/td><td><strong>59,722,000<\/strong><\/td><td><strong>68,332<\/strong>,<strong>000<\/strong><\/td><td><strong>96,230,000<\/strong><\/td><\/tr><tr><td>Procent Investitii<\/td><td><strong>0.9%<\/strong><\/td><td><strong>4,32%<\/strong><\/td><td><strong>5,85%<\/strong><\/td><td><strong>6,5%<\/strong><\/td><\/tr><tr><td>Achizi\u021bii directe<\/td><td><strong>2,675,598<\/strong><\/td><td><strong>4,416,542<\/strong><\/td><td><strong>3,988,016<\/strong><\/td><td><strong>6,872,246<\/strong><\/td><\/tr><\/tbody><\/table><figcaption>Date Ministerul Sanatatii \/ ASSMB<\/figcaption><\/figure>\n\n\n\n<p>\u00cen curtea spitalului Victor Babe\u0219 au \u00eenceput, anul trecut, lucr\u0103rile de construire la un nou Ambulatoriu. Responsabil\u0103 de execu\u021bia proiectului este Compania Municipal\u0103 Consolid\u0103ri.<\/p>\n\n\n\n<p>\u00cen martie 2019 a \u00eenceput demolarea cl\u0103dirilor vechi, iar \u00een var\u0103 construc\u021bia celor noi. Termenul de finalizare era sf\u0103r\u0219itul anului trecut.<\/p>\n\n\n\n<figure class=\"wp-block-image size-large\"><a href=\"https:\/\/buletin.de\/bucuresti\/wp-content\/uploads\/image-333.png\"><img fetchpriority=\"high\" decoding=\"async\" width=\"900\" height=\"506\" src=\"data:image\/gif;base64,R0lGODlhAQABAAAAACH5BAEKAAEALAAAAAABAAEAAAICTAEAOw==\" data-src=\"https:\/\/buletin.de\/bucuresti\/wp-content\/uploads\/image-333-900x506.png\" alt=\"\" class=\"wp-image-16007 lazyload\" data-sizes=\"auto\" data-srcset=\"https:\/\/buletin.de\/bucuresti\/wp-content\/uploads\/image-333-900x506.png 900w, https:\/\/buletin.de\/bucuresti\/wp-content\/uploads\/image-333-300x169.png 300w, https:\/\/buletin.de\/bucuresti\/wp-content\/uploads\/image-333-768x432.png 768w, https:\/\/buletin.de\/bucuresti\/wp-content\/uploads\/image-333-1060x596.png 1060w, https:\/\/buletin.de\/bucuresti\/wp-content\/uploads\/image-333-550x309.png 550w, https:\/\/buletin.de\/bucuresti\/wp-content\/uploads\/image-333-889x500.png 889w, https:\/\/buletin.de\/bucuresti\/wp-content\/uploads\/image-333-600x337.png 600w, https:\/\/buletin.de\/bucuresti\/wp-content\/uploads\/image-333.png 1366w\" sizes=\"(max-width: 900px) 100vw, 900px\" \/><\/a><\/figure>\n\n\n\n<p>\u00cen august 2019, fostul primar general al Capitalei, Gabriela Firea, vizita \u0219antierul noului Ambulatoriu \u0219i anun\u021ba pe pagina sa de Facebook c\u0103 totul e \u00een grafic, cl\u0103direa va fi gata p\u00e2n\u0103 la sf\u00e2r\u0219itul anului.<\/p>\n\n\n\n<div class=\"fb-post\" data-href=\"https:\/\/www.facebook.com\/gabifirea\/posts\/2559114427484682\" data-show-text=\"true\" data-width=\"\"><blockquote cite=\"https:\/\/www.facebook.com\/gabifirea\/posts\/2559114427484682\" class=\"fb-xfbml-parse-ignore\"><p>#Investitii #Sanatate\nAmbulatoriul Spitalului &#8220;Victor Babes&#8221; prinde contur! Pana la sfarsitul anului, Bucurestiul va&#8230;<\/p>Publicat\u0103 de <a href=\"https:\/\/www.facebook.com\/gabifirea\/\">Gabriela Firea<\/a> pe&nbsp;<a href=\"https:\/\/www.facebook.com\/gabifirea\/posts\/2559114427484682\">Joi, 8 august 2019<\/a><\/blockquote><\/div>\n\n\n\n<p>Conform unui comunicat ASSMB, la solicitarea Buletin de Bucure\u0219ti, termenul ini\u021bial de finalizare, decembrie 2019 nu a putut fi respectat <\/p>\n\n\n\n<p>&#8220;<em>at\u00e2t din cauza condi\u021biilor meteo nefavorabile, c\u00e2t \u0219i a unor instala\u021bii subterane inexistente \u00een planurile ini\u021biale \u0219i descoperite pe parcurs. Un alt motiv al nefinaliz\u0103rii lucr\u0103rilor, esen\u021bial, de altfel, a fost acela c\u0103 pe parcursul anului 2020, bugetul Administra\u021biei Spitalelor \u0219i Serviciilor Medicale Bucure\u0219ti a fost canalizat c\u0103tre achizi\u021bionarea echipamentelor \u0219i a materialelor de protec\u021bie \u00eempotriva Covid-19, echipamente \u0219i materiale care au fost livrate c\u0103tre cele 19 spitale pe care le are \u00een administrare \u0219i c\u0103tre cabinetele din Re\u021beaua de Medicin\u0103 \u0218colar\u0103 aflate \u00een subordine<\/em>.&#8221;.<\/p>\n\n\n\n<p>Termenul actual de finalizare a lucr\u0103rilor este de 30.06.2021, cu condi\u021bia aloc\u0103rii de fonduri bugetare suficiente pe parcursul anului 2021.<\/p>\n\n\n\n<p>UPDATE<\/p>\n\n\n\n<p>\u00centre cifrele  puse la dispozi\u021bie de ASSMB, la solicitarea Buletin de Bucure\u0219ti, privind investi\u021biile f\u0103cute la Spitalul Victor Babe\u0219 \u0219i datele publice de pe site-ul Ministerului S\u0103n\u0103t\u0103\u021bii exist\u0103 \u00eens\u0103 diferen\u021be. <\/p>\n\n\n\n<p>Astfel, pe pagina <a href=\"http:\/\/monitorizarecheltuieli.ms.ro\/unitate\/formular1\/id\/687\">MS<\/a>, \u00een anul 2019, la capitolul Investi\u021bii apar 3,7 milioane de lei iar in comunicatul ASSMB, 8,2 milioane.<\/p>\n\n\n\n<figure class=\"wp-block-image size-large is-resized\"><a href=\"https:\/\/buletin.de\/bucuresti\/wp-content\/uploads\/image-452.png\"><img decoding=\"async\" src=\"data:image\/gif;base64,R0lGODlhAQABAAAAACH5BAEKAAEALAAAAAABAAEAAAICTAEAOw==\" data-src=\"https:\/\/buletin.de\/bucuresti\/wp-content\/uploads\/image-452-900x228.png\" alt=\"\" class=\"wp-image-19018 lazyload\" width=\"635\" height=\"160\" data-sizes=\"auto\" data-srcset=\"https:\/\/buletin.de\/bucuresti\/wp-content\/uploads\/image-452-900x228.png 900w, https:\/\/buletin.de\/bucuresti\/wp-content\/uploads\/image-452-300x76.png 300w, https:\/\/buletin.de\/bucuresti\/wp-content\/uploads\/image-452-768x194.png 768w, https:\/\/buletin.de\/bucuresti\/wp-content\/uploads\/image-452-550x139.png 550w, https:\/\/buletin.de\/bucuresti\/wp-content\/uploads\/image-452-600x152.png 600w, https:\/\/buletin.de\/bucuresti\/wp-content\/uploads\/image-452.png 932w\" sizes=\"(max-width: 635px) 100vw, 635px\" \/><\/a><\/figure>\n\n\n\n<h2 class=\"wp-block-heading\">INSTITUTUL MATEI BAL\u0218 &#8211; singura construc\u021bie nou\u0103 \u00een 4 ani, un lift<\/h2>\n\n\n\n<p>\u201e<em>Cam asa arata holurile spitalului Matei Bals cu bolnavi de Covid, este inspaimantator , nu mai au pe unde sa ii aseze, pacientii stau pe scaune la oxigen , sunt internati pe paturi de campanie . Terapia intensiva s-a mutat pe holuri. Nici nu vreau sa va spun ce munca duc medicii ,de dimineata nu i-am vazut sa bea un pahar de apa. Oameni buni trebuie sa intelegem ca sistemul sanitar nu mai are cum sa faca fata , cat de curand intra in colaps , daca nu e deja<\/em>\u201d, scria pe 24 noiembrie Constantin Vasile Ifteme, pe Facebook. <\/p>\n\n\n\n<p>Fotografiile postate au devenit virale \u0219i au fost tema de discu\u021bii zile \u00eentregi la mai toate televiziunile din \u021bar\u0103, \u00een pres\u0103 \u0219i pe platformele sociale. <\/p>\n\n\n\n<div class=\"fb-post\" data-href=\"https:\/\/www.facebook.com\/constantinvasile.ifteme\/posts\/3472042186205018\" data-show-text=\"true\" data-width=\"\"><blockquote cite=\"https:\/\/www.facebook.com\/constantinvasile.ifteme\/posts\/3472042186205018\" class=\"fb-xfbml-parse-ignore\"><p>????\nCam asa arata holurile spitalului Matei Bals cu bolnavi de Covid , este inspaimantator , nu mai au pe unde sa ii&#8230;<\/p>Publicat\u0103 de <a href=\"https:\/\/www.facebook.com\/constantinvasile.ifteme\">Constantin Vasile Ifteme<\/a> pe&nbsp;<a href=\"https:\/\/www.facebook.com\/constantinvasile.ifteme\/posts\/3472042186205018\">Mar\u0163i, 24 noiembrie 2020<\/a><\/blockquote><\/div>\n\n\n\n<p>Cum s-a ajuns aici? O explica\u021bie este c\u0103 \u00een ultimii 4 ani, \u00eentre 0,5 \u0219i 4,88% din veniturile institutului Matei Bals au fost folosite pentru investi\u021bii. <\/p>\n\n\n\n<p>Institutul National de Boli Infectioase prof. dr. Matei Bals se afl\u0103 sub administrarea direct\u0103 a Ministerului S\u0103n\u0103t\u0103\u021bii. Din p\u0103cate, pe pagina de internet a institu\u021biei nu exist\u0103 date privind investi\u021biile, a\u0219a c\u0103 am folosit datele de pe pagina Ministerului S\u0103n\u0103t\u0103\u021bii \u0219i din SEAP.<\/p>\n\n\n\n<figure class=\"wp-block-table is-style-stripes\"><table><tbody><tr><td><\/td><td>2017<\/td><td>2018<\/td><td>2019<\/td><td>2020 <br>&#8211; 1 oct<\/td><\/tr><tr><td>Venituri<\/td><td><strong>199,779<\/strong>,<strong>000<\/strong><\/td><td><strong>244,476<\/strong>,<strong>000<\/strong><\/td><td><strong>251,048,000<\/strong><\/td><td><strong>232,021,000<\/strong><\/td><\/tr><tr><td>Investitii<\/td><td><strong>1,157,000<\/strong><\/td><td><strong>3,510,000<\/strong><\/td><td><strong>12,265,000<\/strong><\/td><td><strong>11,046,000<\/strong><\/td><\/tr><tr><td>Cheltuieli Salariale<\/td><td><strong>75,048,000<\/strong><\/td><td><strong>92,755,000<\/strong><\/td><td><strong>98,292,000<\/strong><\/td><td><strong>89,503<\/strong>,<strong>000<\/strong><\/td><\/tr><tr><td>Procent Investitii<\/td><td><strong><span class=\"has-inline-color has-vivid-red-color\">0,5%<\/span><\/strong><\/td><td><strong><span class=\"has-inline-color has-vivid-red-color\">1,43%<\/span><\/strong><\/td><td><strong><span class=\"has-inline-color has-vivid-red-color\">4,88%<\/span><\/strong><\/td><td><strong><span class=\"has-inline-color has-vivid-red-color\">4,76%<\/span><\/strong><\/td><\/tr><tr><td>Achizi\u021bii directe<\/td><td><strong><strong>1,765,115<\/strong><\/strong><\/td><td><strong>3,000,021<\/strong><\/td><td><strong>5,004,488<\/strong><\/td><td><strong>10,401,579<\/strong><\/td><\/tr><\/tbody><\/table><figcaption>Date Ministerul Sanatatii<\/figcaption><\/figure>\n\n\n\n<p>Din totalul de aproape 28 de milioane de lei aloca\u021bi pentru investi\u021bii \u00eentre 2017-2020, 17,7 milioane au fost folosite pentru achizi\u021bionarea de aparatur\u0103.<\/p>\n\n\n\n<p>Pentru lucr\u0103ri de repara\u021bii generale \u0219i renov\u0103ri s-au cheltuit, \u00een 4 ani, 474.665 de mii de lei, pentru intretinerea instalatiilor 545.000 de lei, iar singura construc\u021bie de la zero a fost un lift exterior, care a costat 252.000 de lei.<\/p>\n\n\n\n<p>\u00cen 2019, Spitalul a pl\u0103tit 42.000 de lei pentru \u00eentocmirea documenta\u021biei necesate ob\u021binerii Avizului ISU, care \u00eens\u0103 nu apare \u00een lista public\u0103 de pe pagina ISU Bucure\u0219ti. <\/p>\n\n\n\n<p>\u00cen 2018, Guvernul D\u0103ncil\u0103 decide construirea, \u00een parteneriat public-privat, \u00een curtea spitalului a unei clinici multifunc\u021bionale. 260.000 de lei au fost cheltui\u021bi pe studii de fezabilitate \u0219i documenta\u021bii tehnice. Guvernul Orban a a anulat \u00eens\u0103, la \u00eenceputul lui 2020, toate parteneriatele public-privat \u0219i a promis preluarea proiectelor \u00een derulare, \u00eentre care si clinica de la Matei Bal\u0219, cu bani de la buget.<\/p>\n\n\n\n<h2 class=\"wp-block-heading\">INSTITUTUL MARIUS NASTA &#8211; \u00een 4 ani, repara\u021bii de 100.000 de euro<\/h2>\n\n\n\n<p>\u201d<em>Dac\u0103 am avea locuri \u00een Terapie intensiv\u0103, num\u0103rul pacien\u0163ilor din terapie intensiv\u0103 ar fi mult mai mare. Avem 60 de pacien\u0163i cu forme sever \u00een sec\u0163ie, din care o parte, o mare parte, ar putea s\u0103 beneficieze de asisten\u0163\u0103 \u00een Terapie Intensiv\u0103, unde nivelul de evaluare \u015fi de suport este net diferit. \u00cen acest moment ne descurc\u0103m cu ce avem \u015fi \u00eencerc\u0103m s\u0103 facem tot ce putem pentru pacien\u0163ii no\u015ftri. Nu \u00eenseamn\u0103 c\u0103 nu primesc tratament, to\u0163i sunt \u00eengriji\u0163i, dar cu siguran\u0163\u0103 lucrurile ar sta altfel dac\u0103 am avea mai multe paturi \u00een Terapie Internsiv\u0103\u201d<\/em>, a declarat s\u0103pt\u0103m\u00e2na trecut\u0103, la <a href=\"https:\/\/www.digi24.ro\/stiri\/actualitate\/sanatate\/dr-beatrice-mahler-daca-lucrurile-continua-in-aceasta-directie-si-decembrie-va-fi-o-luna-in-care-vom-plange-mult-1406867\">DIGI24<\/a>, directorul Spitalului Marius Nasta, Beatrice Mahler.<\/p>\n\n\n\n<p>\u00cen 2019, la Marius Nasta, 13 din 17 pacien\u021bi infecta\u021bi intra-spitalicesc cu acinetobacter au murit. Medicii au strigat atunci dup\u0103 ajutor, au cerut investi\u021bii, modernizare. Strig\u0103tul lor a r\u0103mas mut, iar ei au intrat \u00een lupta anti Covid cu.. un bloc alimentar nou.<\/p>\n\n\n\n<p>Institutul de Pneumoftiziologie Marius Nasta este \u00een subordinea Ministerului S\u0103n\u0103t\u0103\u021bii \u0219i este fina\u021bat integral din venituri proprii.<\/p>\n\n\n\n<figure class=\"wp-block-table is-style-stripes\"><table><tbody><tr><td><\/td><td>2017<\/td><td>2018<\/td><td>2019<\/td><td>2020 <br>&#8211; 1 oct<\/td><\/tr><tr><td>Venituri<\/td><td><strong>100,656<\/strong>,<strong>000<\/strong><\/td><td><strong>111,520,000<\/strong><\/td><td><strong>131,701,000<\/strong><\/td><td><strong>98,803,000<\/strong><\/td><\/tr><tr><td>Investitii<\/td><td><strong>54,000<\/strong><\/td><td><strong>841,000<\/strong><\/td><td><strong>4,380,000<\/strong><\/td><td><strong>5,894,000<\/strong><\/td><\/tr><tr><td>Cheltuieli Salariale<\/td><td><strong>66,711,000<\/strong><\/td><td><strong>81,465,000<\/strong><\/td><td><strong>83,964,000<\/strong><\/td><td><strong>67,020,000<\/strong><\/td><\/tr><tr><td>Procent Investitii<\/td><td><strong>0,05%<\/strong><\/td><td><strong>0,75%<\/strong><\/td><td><strong>3,32%<\/strong><\/td><td><strong>5,96%<\/strong><\/td><\/tr><tr><td>Achizi\u021bii directe<\/td><td><strong>1,317,649<\/strong><\/td><td><strong>7,600,283<\/strong><\/td><td><strong>7,600,283<\/strong><\/td><td><strong>8,327,287<\/strong><\/td><\/tr><\/tbody><\/table><figcaption>Date Ministerul Sanatatii<\/figcaption><\/figure>\n\n\n\n<p>Si la Marius Nasta, \u00een lucr\u0103rile de repara\u021bii \u0219i renovare s-a investit foarte pu\u021bin \u00een ultimii 4 ani, aproape aceea\u0219i sum\u0103 ca la Matei Bal\u0219 &#8211; 471.846 de lei. La fel \u0219i \u00een cazul aparaturii, 17 milioane de lei, \u00een 4 ani.<\/p>\n\n\n\n<figure class=\"wp-block-image size-large is-resized\"><a href=\"https:\/\/buletin.de\/bucuresti\/wp-content\/uploads\/image-297.png\"><img decoding=\"async\" src=\"data:image\/gif;base64,R0lGODlhAQABAAAAACH5BAEKAAEALAAAAAABAAEAAAICTAEAOw==\" data-src=\"https:\/\/buletin.de\/bucuresti\/wp-content\/uploads\/image-297.png\" alt=\"\" class=\"wp-image-15412 lazyload\" width=\"652\" height=\"417\" data-sizes=\"auto\" data-srcset=\"https:\/\/buletin.de\/bucuresti\/wp-content\/uploads\/image-297.png 618w, https:\/\/buletin.de\/bucuresti\/wp-content\/uploads\/image-297-300x192.png 300w, https:\/\/buletin.de\/bucuresti\/wp-content\/uploads\/image-297-550x352.png 550w, https:\/\/buletin.de\/bucuresti\/wp-content\/uploads\/image-297-600x384.png 600w\" sizes=\"(max-width: 652px) 100vw, 652px\" \/><\/a><figcaption>Lisa investitii 2019 &#8211; Institutul Marius Nasta<\/figcaption><\/figure>\n\n\n\n<p>A fost \u00eens\u0103 reabilitat complet blocul alimentar, \u00een 2019, cu 1,7 milioane de lei, \u0219i s-a construit o hal\u0103 metalic\u0103 de 558.000 de lei. \u00cen lista de achizi\u021bii, nu au apar \u00eens\u0103 deloc servicii de \u00eentre\u021binere a sistemelor antiincediu. <\/p>\n\n\n\n<p>Pe 1 iulie 2020, Spitalul Marius Nasta a pierdut 140 de paturi, jum\u0103tate destinate pacientului cu afec\u0163iuni pneumologice \u015fi jum\u0103tate pacientului cu tuberculoz\u0103, dup\u0103 \u00eenchiderea sec\u021biei Zerlendi. Cl\u0103direa, veche de peste 130 de ani, devenise improprie desf\u0103\u0219ur\u0103rii activit\u0103\u021bii medicale. <\/p>\n\n\n\n<p><em>&#8220;Situa\u0163ia \u00eenchiderii sec\u0163iei Zerlendi s-a discutat ieri (&#8230;) cu domnul ministru al S\u0103n\u0103t\u0103\u0163ii, Nelu T\u0103taru, care ne-a precizat c\u0103 se va implica \u00een g\u0103sirea de solu\u0163ii pentru rezolvarea acestei situa\u0163ii \u015fi c\u0103 problematica pacientului cu afec\u0163iuni respiratorii va fi prioritar\u0103 pentru Ministerului S\u0103n\u0103t\u0103\u0163ii, mai ales \u00een contextul pandemiei de COVID care las\u0103 sechele asupra func\u0163iei pulmonare, iar ace\u015fti pacien\u0163i vor avea nevoie de reevaluare pneumologic\u0103&#8221;<\/em>, a declarat Beatrice Mahler, managerul Spitalului Marius Nasta, la \u00eenchiderea sec\u021biei.<\/p>\n\n\n\n<p>\u00cen noiembrie, \u00een curtea spitalului Marius Nasta a fost montat un TIR, \u00een care func\u021bioneaza 12 paturi de ATI. <\/p>\n\n\n\n<figure class=\"wp-block-image\"><img decoding=\"async\" src=\"data:image\/gif;base64,R0lGODlhAQABAAAAACH5BAEKAAEALAAAAAABAAEAAAICTAEAOw==\" data-src=\"https:\/\/s.iw.ro\/gateway\/g\/ZmlsZVNvdXJjZT1odHRwJTNBJTJGJTJG\/c3RvcmFnZTA2dHJhbnNjb2Rlci5yY3Mt\/cmRzLnJvJTJGc3RvcmFnZSUyRjIwMjAl\/MkYwNyUyRjIyJTJGMTIwODc1NV8xMjA4\/NzU1X3VuaXRhdGUtYXRpLW1vYmlsYS1m\/Yi1kc3UtMi5qcGcmdz03ODAmaD00NDAm\/aGFzaD02MTEyMWVjNzY2MjE0OWY2OTZlOGEzODQ2ZTZjZDlhNA==.thumb.jpg\" class=\"lazyload\" alt=\"unitate-ati-mobila-fb-dsu-2\"\/><figcaption>Sursa FOTO DSU<\/figcaption><\/figure>\n\n\n\n<h2 class=\"wp-block-heading\"><\/h2>\n\n\n\n<p>sursa FOTO Facebook Constantin Vasile Ifteme<\/p>\n","protected":false},"excerpt":{"rendered":"<p>Primele spitale bucure\u0219tene intrate \u00een lupta anti Covid au fost Matei Bal\u0219, Marius Nasta \u0219i Victor Babe\u0219, toate trei unit\u0103\u021bi sanitare de tradi\u021bie, cu experien\u021b\u0103 \u00een tratarea bolilor infec\u021bioase, cu cadre medicale specializate. Doar c\u0103 testul de anduran\u021b\u0103 \u00eenceput \u00een luna martie, a g\u0103sit aceste spitalele dup\u0103 ani de subfinan\u021bare \u00een echipamente, cu organigramele incomplete [&hellip;]<\/p>\n","protected":false},"author":18,"featured_media":16014,"comment_status":"closed","ping_status":"open","sticky":false,"template":"","format":"standard","meta":{"_acf_changed":false,"inline_featured_image":false,"ngg_post_thumbnail":0,"footnotes":""},"categories":[1],"tags":[],"ppma_author":[22579],"class_list":["post-15225","post","type-post","status-publish","format-standard","has-post-thumbnail","hentry","category-diverse"],"acf":[],"yoast_head":"<!-- This site is optimized with the Yoast SEO Premium plugin v25.3 (Yoast SEO v27.4) - https:\/\/yoast.com\/product\/yoast-seo-premium-wordpress\/ -->\n<title>Spitalele bucure\u0219tene, din linia 1 a luptei anti Covid, subfinan\u021bate cronic | \u00cen ultimii 4 ani, nici 5% din venituri nu au ajuns \u00een investi\u021bii - Buletin de Bucure\u0219ti<\/title>\n<meta name=\"robots\" content=\"index, follow, max-snippet:-1, max-image-preview:large, max-video-preview:-1\" \/>\n<link rel=\"canonical\" href=\"https:\/\/buletin.de\/bucuresti\/spitalele-bucurestene-din-linia-1-a-luptei-anti-covid-subfinantate-cronic-in-ultimii-4-ani-nici-5-din-venituri-nu-au-ajuns-in-investitii\/\" \/>\n<meta property=\"og:locale\" content=\"en_GB\" \/>\n<meta property=\"og:type\" content=\"article\" \/>\n<meta property=\"og:title\" content=\"Spitalele bucure\u0219tene, din linia 1 a luptei anti Covid, subfinan\u021bate cronic | \u00cen ultimii 4 ani, nici 5% din venituri nu au ajuns \u00een investi\u021bii\" \/>\n<meta property=\"og:description\" content=\"Primele spitale bucure\u0219tene intrate \u00een lupta anti Covid au fost Matei Bal\u0219, Marius Nasta \u0219i Victor Babe\u0219, toate trei unit\u0103\u021bi sanitare de tradi\u021bie, cu experien\u021b\u0103 \u00een tratarea bolilor infec\u021bioase, cu cadre medicale specializate. Doar c\u0103 testul de anduran\u021b\u0103 \u00eenceput \u00een luna martie, a g\u0103sit aceste spitalele dup\u0103 ani de subfinan\u021bare \u00een echipamente, cu organigramele incomplete [&hellip;]\" \/>\n<meta property=\"og:url\" content=\"https:\/\/buletin.de\/bucuresti\/spitalele-bucurestene-din-linia-1-a-luptei-anti-covid-subfinantate-cronic-in-ultimii-4-ani-nici-5-din-venituri-nu-au-ajuns-in-investitii\/\" \/>\n<meta property=\"og:site_name\" content=\"Buletin de Bucure\u0219ti\" \/>\n<meta property=\"article:publisher\" content=\"https:\/\/www.facebook.com\/buletin.de.buc\" \/>\n<meta property=\"article:published_time\" content=\"2020-12-02T07:01:54+00:00\" \/>\n<meta property=\"article:modified_time\" content=\"2021-01-29T12:04:19+00:00\" \/>\n<meta property=\"og:image\" content=\"https:\/\/buletin.de\/bucuresti\/wp-content\/uploads\/bals.jpg\" \/>\n\t<meta property=\"og:image:width\" content=\"720\" \/>\n\t<meta property=\"og:image:height\" content=\"960\" \/>\n\t<meta property=\"og:image:type\" content=\"image\/jpeg\" \/>\n<meta name=\"author\" content=\"Teodora Stroe\" \/>\n<meta name=\"twitter:card\" content=\"summary_large_image\" \/>\n<meta name=\"twitter:label1\" content=\"Written by\" \/>\n\t<meta name=\"twitter:data1\" content=\"Teodora Stroe\" \/>\n\t<meta name=\"twitter:label2\" content=\"Estimated reading time\" \/>\n\t<meta name=\"twitter:data2\" content=\"7 minutes\" \/>\n<script type=\"application\/ld+json\" class=\"yoast-schema-graph\">{\"@context\":\"https:\\\/\\\/schema.org\",\"@graph\":[{\"@type\":\"Article\",\"@id\":\"https:\\\/\\\/buletin.de\\\/bucuresti\\\/spitalele-bucurestene-din-linia-1-a-luptei-anti-covid-subfinantate-cronic-in-ultimii-4-ani-nici-5-din-venituri-nu-au-ajuns-in-investitii\\\/#article\",\"isPartOf\":{\"@id\":\"https:\\\/\\\/buletin.de\\\/bucuresti\\\/spitalele-bucurestene-din-linia-1-a-luptei-anti-covid-subfinantate-cronic-in-ultimii-4-ani-nici-5-din-venituri-nu-au-ajuns-in-investitii\\\/\"},\"author\":{\"name\":\"Teodora Stroe\",\"@id\":\"https:\\\/\\\/buletin.de\\\/bucuresti\\\/#\\\/schema\\\/person\\\/d369d7ddc775abece205795e0b804614\"},\"headline\":\"Spitalele bucure\u0219tene, din linia 1 a luptei anti Covid, subfinan\u021bate cronic | \u00cen ultimii 4 ani, nici 5% din venituri nu au ajuns \u00een investi\u021bii\",\"datePublished\":\"2020-12-02T07:01:54+00:00\",\"dateModified\":\"2021-01-29T12:04:19+00:00\",\"mainEntityOfPage\":{\"@id\":\"https:\\\/\\\/buletin.de\\\/bucuresti\\\/spitalele-bucurestene-din-linia-1-a-luptei-anti-covid-subfinantate-cronic-in-ultimii-4-ani-nici-5-din-venituri-nu-au-ajuns-in-investitii\\\/\"},\"wordCount\":1467,\"publisher\":{\"@id\":\"https:\\\/\\\/buletin.de\\\/bucuresti\\\/#organization\"},\"image\":{\"@id\":\"https:\\\/\\\/buletin.de\\\/bucuresti\\\/spitalele-bucurestene-din-linia-1-a-luptei-anti-covid-subfinantate-cronic-in-ultimii-4-ani-nici-5-din-venituri-nu-au-ajuns-in-investitii\\\/#primaryimage\"},\"thumbnailUrl\":\"https:\\\/\\\/buletin.de\\\/bucuresti\\\/wp-content\\\/uploads\\\/bals.jpg\",\"articleSection\":[\"Diverse\"],\"inLanguage\":\"en-GB\",\"copyrightYear\":\"2020\",\"copyrightHolder\":{\"@id\":\"https:\\\/\\\/buletin.de\\\/bucuresti\\\/#organization\"}},{\"@type\":\"WebPage\",\"@id\":\"https:\\\/\\\/buletin.de\\\/bucuresti\\\/spitalele-bucurestene-din-linia-1-a-luptei-anti-covid-subfinantate-cronic-in-ultimii-4-ani-nici-5-din-venituri-nu-au-ajuns-in-investitii\\\/\",\"url\":\"https:\\\/\\\/buletin.de\\\/bucuresti\\\/spitalele-bucurestene-din-linia-1-a-luptei-anti-covid-subfinantate-cronic-in-ultimii-4-ani-nici-5-din-venituri-nu-au-ajuns-in-investitii\\\/\",\"name\":\"Spitalele bucure\u0219tene, din linia 1 a luptei anti Covid, subfinan\u021bate cronic | \u00cen ultimii 4 ani, nici 5% din venituri nu au ajuns \u00een investi\u021bii - Buletin de Bucure\u0219ti\",\"isPartOf\":{\"@id\":\"https:\\\/\\\/buletin.de\\\/bucuresti\\\/#website\"},\"primaryImageOfPage\":{\"@id\":\"https:\\\/\\\/buletin.de\\\/bucuresti\\\/spitalele-bucurestene-din-linia-1-a-luptei-anti-covid-subfinantate-cronic-in-ultimii-4-ani-nici-5-din-venituri-nu-au-ajuns-in-investitii\\\/#primaryimage\"},\"image\":{\"@id\":\"https:\\\/\\\/buletin.de\\\/bucuresti\\\/spitalele-bucurestene-din-linia-1-a-luptei-anti-covid-subfinantate-cronic-in-ultimii-4-ani-nici-5-din-venituri-nu-au-ajuns-in-investitii\\\/#primaryimage\"},\"thumbnailUrl\":\"https:\\\/\\\/buletin.de\\\/bucuresti\\\/wp-content\\\/uploads\\\/bals.jpg\",\"datePublished\":\"2020-12-02T07:01:54+00:00\",\"dateModified\":\"2021-01-29T12:04:19+00:00\",\"breadcrumb\":{\"@id\":\"https:\\\/\\\/buletin.de\\\/bucuresti\\\/spitalele-bucurestene-din-linia-1-a-luptei-anti-covid-subfinantate-cronic-in-ultimii-4-ani-nici-5-din-venituri-nu-au-ajuns-in-investitii\\\/#breadcrumb\"},\"inLanguage\":\"en-GB\",\"potentialAction\":[{\"@type\":\"ReadAction\",\"target\":[\"https:\\\/\\\/buletin.de\\\/bucuresti\\\/spitalele-bucurestene-din-linia-1-a-luptei-anti-covid-subfinantate-cronic-in-ultimii-4-ani-nici-5-din-venituri-nu-au-ajuns-in-investitii\\\/\"]}]},{\"@type\":\"ImageObject\",\"inLanguage\":\"en-GB\",\"@id\":\"https:\\\/\\\/buletin.de\\\/bucuresti\\\/spitalele-bucurestene-din-linia-1-a-luptei-anti-covid-subfinantate-cronic-in-ultimii-4-ani-nici-5-din-venituri-nu-au-ajuns-in-investitii\\\/#primaryimage\",\"url\":\"https:\\\/\\\/buletin.de\\\/bucuresti\\\/wp-content\\\/uploads\\\/bals.jpg\",\"contentUrl\":\"https:\\\/\\\/buletin.de\\\/bucuresti\\\/wp-content\\\/uploads\\\/bals.jpg\",\"width\":720,\"height\":960},{\"@type\":\"BreadcrumbList\",\"@id\":\"https:\\\/\\\/buletin.de\\\/bucuresti\\\/spitalele-bucurestene-din-linia-1-a-luptei-anti-covid-subfinantate-cronic-in-ultimii-4-ani-nici-5-din-venituri-nu-au-ajuns-in-investitii\\\/#breadcrumb\",\"itemListElement\":[{\"@type\":\"ListItem\",\"position\":1,\"name\":\"Acas\u0103\",\"item\":\"https:\\\/\\\/buletin.de\\\/bucuresti\\\/\"},{\"@type\":\"ListItem\",\"position\":2,\"name\":\"Spitalele bucure\u0219tene, din linia 1 a luptei anti Covid, subfinan\u021bate cronic | \u00cen ultimii 4 ani, nici 5% din venituri nu au ajuns \u00een investi\u021bii\"}]},{\"@type\":\"WebSite\",\"@id\":\"https:\\\/\\\/buletin.de\\\/bucuresti\\\/#website\",\"url\":\"https:\\\/\\\/buletin.de\\\/bucuresti\\\/\",\"name\":\"Buletin de Bucure\u0219ti\",\"description\":\"\u0218tiri \u0219i investiga\u021bii esen\u021biale din capital\u0103\",\"publisher\":{\"@id\":\"https:\\\/\\\/buletin.de\\\/bucuresti\\\/#organization\"},\"potentialAction\":[{\"@type\":\"SearchAction\",\"target\":{\"@type\":\"EntryPoint\",\"urlTemplate\":\"https:\\\/\\\/buletin.de\\\/bucuresti\\\/?s={search_term_string}\"},\"query-input\":{\"@type\":\"PropertyValueSpecification\",\"valueRequired\":true,\"valueName\":\"search_term_string\"}}],\"inLanguage\":\"en-GB\"},{\"@type\":\"Organization\",\"@id\":\"https:\\\/\\\/buletin.de\\\/bucuresti\\\/#organization\",\"name\":\"Buletin de Bucure\u0219ti\",\"url\":\"https:\\\/\\\/buletin.de\\\/bucuresti\\\/\",\"logo\":{\"@type\":\"ImageObject\",\"inLanguage\":\"en-GB\",\"@id\":\"https:\\\/\\\/buletin.de\\\/bucuresti\\\/#\\\/schema\\\/logo\\\/image\\\/\",\"url\":\"https:\\\/\\\/buletin.de\\\/bucuresti\\\/wp-content\\\/uploads\\\/logo-bdb-full-wide-vernil-transparent.png\",\"contentUrl\":\"https:\\\/\\\/buletin.de\\\/bucuresti\\\/wp-content\\\/uploads\\\/logo-bdb-full-wide-vernil-transparent.png\",\"width\":1782,\"height\":626,\"caption\":\"Buletin de Bucure\u0219ti\"},\"image\":{\"@id\":\"https:\\\/\\\/buletin.de\\\/bucuresti\\\/#\\\/schema\\\/logo\\\/image\\\/\"},\"sameAs\":[\"https:\\\/\\\/www.facebook.com\\\/buletin.de.buc\",\"https:\\\/\\\/www.instagram.com\\\/buletinde.bucuresti\\\/\"]},{\"@type\":\"Person\",\"@id\":\"https:\\\/\\\/buletin.de\\\/bucuresti\\\/#\\\/schema\\\/person\\\/d369d7ddc775abece205795e0b804614\",\"name\":\"Teodora Stroe\",\"image\":{\"@type\":\"ImageObject\",\"inLanguage\":\"en-GB\",\"@id\":\"https:\\\/\\\/secure.gravatar.com\\\/avatar\\\/2560b4cd9f5f1bc100b123158e657d75584bd1c3e1d9c69285720b9457c1b78d?s=96&d=monsterid&r=gc104800242ba5f2d78dd5d7dc4df08b6\",\"url\":\"https:\\\/\\\/secure.gravatar.com\\\/avatar\\\/2560b4cd9f5f1bc100b123158e657d75584bd1c3e1d9c69285720b9457c1b78d?s=96&d=monsterid&r=g\",\"contentUrl\":\"https:\\\/\\\/secure.gravatar.com\\\/avatar\\\/2560b4cd9f5f1bc100b123158e657d75584bd1c3e1d9c69285720b9457c1b78d?s=96&d=monsterid&r=g\",\"caption\":\"Teodora Stroe\"},\"url\":\"https:\\\/\\\/buletin.de\\\/bucuresti\\\/author\\\/simonacarlugea\\\/\"}]}<\/script>\n<!-- \/ Yoast SEO Premium plugin. -->","yoast_head_json":{"title":"Spitalele bucure\u0219tene, din linia 1 a luptei anti Covid, subfinan\u021bate cronic | \u00cen ultimii 4 ani, nici 5% din venituri nu au ajuns \u00een investi\u021bii - Buletin de Bucure\u0219ti","robots":{"index":"index","follow":"follow","max-snippet":"max-snippet:-1","max-image-preview":"max-image-preview:large","max-video-preview":"max-video-preview:-1"},"canonical":"https:\/\/buletin.de\/bucuresti\/spitalele-bucurestene-din-linia-1-a-luptei-anti-covid-subfinantate-cronic-in-ultimii-4-ani-nici-5-din-venituri-nu-au-ajuns-in-investitii\/","og_locale":"en_GB","og_type":"article","og_title":"Spitalele bucure\u0219tene, din linia 1 a luptei anti Covid, subfinan\u021bate cronic | \u00cen ultimii 4 ani, nici 5% din venituri nu au ajuns \u00een investi\u021bii","og_description":"Primele spitale bucure\u0219tene intrate \u00een lupta anti Covid au fost Matei Bal\u0219, Marius Nasta \u0219i Victor Babe\u0219, toate trei unit\u0103\u021bi sanitare de tradi\u021bie, cu experien\u021b\u0103 \u00een tratarea bolilor infec\u021bioase, cu cadre medicale specializate. Doar c\u0103 testul de anduran\u021b\u0103 \u00eenceput \u00een luna martie, a g\u0103sit aceste spitalele dup\u0103 ani de subfinan\u021bare \u00een echipamente, cu organigramele incomplete [&hellip;]","og_url":"https:\/\/buletin.de\/bucuresti\/spitalele-bucurestene-din-linia-1-a-luptei-anti-covid-subfinantate-cronic-in-ultimii-4-ani-nici-5-din-venituri-nu-au-ajuns-in-investitii\/","og_site_name":"Buletin de Bucure\u0219ti","article_publisher":"https:\/\/www.facebook.com\/buletin.de.buc","article_published_time":"2020-12-02T07:01:54+00:00","article_modified_time":"2021-01-29T12:04:19+00:00","og_image":[{"width":720,"height":960,"url":"https:\/\/buletin.de\/bucuresti\/wp-content\/uploads\/bals.jpg","type":"image\/jpeg"}],"author":"Teodora Stroe","twitter_card":"summary_large_image","twitter_misc":{"Written by":"Teodora Stroe","Estimated reading time":"7 minutes"},"schema":{"@context":"https:\/\/schema.org","@graph":[{"@type":"Article","@id":"https:\/\/buletin.de\/bucuresti\/spitalele-bucurestene-din-linia-1-a-luptei-anti-covid-subfinantate-cronic-in-ultimii-4-ani-nici-5-din-venituri-nu-au-ajuns-in-investitii\/#article","isPartOf":{"@id":"https:\/\/buletin.de\/bucuresti\/spitalele-bucurestene-din-linia-1-a-luptei-anti-covid-subfinantate-cronic-in-ultimii-4-ani-nici-5-din-venituri-nu-au-ajuns-in-investitii\/"},"author":{"name":"Teodora Stroe","@id":"https:\/\/buletin.de\/bucuresti\/#\/schema\/person\/d369d7ddc775abece205795e0b804614"},"headline":"Spitalele bucure\u0219tene, din linia 1 a luptei anti Covid, subfinan\u021bate cronic | \u00cen ultimii 4 ani, nici 5% din venituri nu au ajuns \u00een investi\u021bii","datePublished":"2020-12-02T07:01:54+00:00","dateModified":"2021-01-29T12:04:19+00:00","mainEntityOfPage":{"@id":"https:\/\/buletin.de\/bucuresti\/spitalele-bucurestene-din-linia-1-a-luptei-anti-covid-subfinantate-cronic-in-ultimii-4-ani-nici-5-din-venituri-nu-au-ajuns-in-investitii\/"},"wordCount":1467,"publisher":{"@id":"https:\/\/buletin.de\/bucuresti\/#organization"},"image":{"@id":"https:\/\/buletin.de\/bucuresti\/spitalele-bucurestene-din-linia-1-a-luptei-anti-covid-subfinantate-cronic-in-ultimii-4-ani-nici-5-din-venituri-nu-au-ajuns-in-investitii\/#primaryimage"},"thumbnailUrl":"https:\/\/buletin.de\/bucuresti\/wp-content\/uploads\/bals.jpg","articleSection":["Diverse"],"inLanguage":"en-GB","copyrightYear":"2020","copyrightHolder":{"@id":"https:\/\/buletin.de\/bucuresti\/#organization"}},{"@type":"WebPage","@id":"https:\/\/buletin.de\/bucuresti\/spitalele-bucurestene-din-linia-1-a-luptei-anti-covid-subfinantate-cronic-in-ultimii-4-ani-nici-5-din-venituri-nu-au-ajuns-in-investitii\/","url":"https:\/\/buletin.de\/bucuresti\/spitalele-bucurestene-din-linia-1-a-luptei-anti-covid-subfinantate-cronic-in-ultimii-4-ani-nici-5-din-venituri-nu-au-ajuns-in-investitii\/","name":"Spitalele bucure\u0219tene, din linia 1 a luptei anti Covid, subfinan\u021bate cronic | \u00cen ultimii 4 ani, nici 5% din venituri nu au ajuns \u00een investi\u021bii - Buletin de Bucure\u0219ti","isPartOf":{"@id":"https:\/\/buletin.de\/bucuresti\/#website"},"primaryImageOfPage":{"@id":"https:\/\/buletin.de\/bucuresti\/spitalele-bucurestene-din-linia-1-a-luptei-anti-covid-subfinantate-cronic-in-ultimii-4-ani-nici-5-din-venituri-nu-au-ajuns-in-investitii\/#primaryimage"},"image":{"@id":"https:\/\/buletin.de\/bucuresti\/spitalele-bucurestene-din-linia-1-a-luptei-anti-covid-subfinantate-cronic-in-ultimii-4-ani-nici-5-din-venituri-nu-au-ajuns-in-investitii\/#primaryimage"},"thumbnailUrl":"https:\/\/buletin.de\/bucuresti\/wp-content\/uploads\/bals.jpg","datePublished":"2020-12-02T07:01:54+00:00","dateModified":"2021-01-29T12:04:19+00:00","breadcrumb":{"@id":"https:\/\/buletin.de\/bucuresti\/spitalele-bucurestene-din-linia-1-a-luptei-anti-covid-subfinantate-cronic-in-ultimii-4-ani-nici-5-din-venituri-nu-au-ajuns-in-investitii\/#breadcrumb"},"inLanguage":"en-GB","potentialAction":[{"@type":"ReadAction","target":["https:\/\/buletin.de\/bucuresti\/spitalele-bucurestene-din-linia-1-a-luptei-anti-covid-subfinantate-cronic-in-ultimii-4-ani-nici-5-din-venituri-nu-au-ajuns-in-investitii\/"]}]},{"@type":"ImageObject","inLanguage":"en-GB","@id":"https:\/\/buletin.de\/bucuresti\/spitalele-bucurestene-din-linia-1-a-luptei-anti-covid-subfinantate-cronic-in-ultimii-4-ani-nici-5-din-venituri-nu-au-ajuns-in-investitii\/#primaryimage","url":"https:\/\/buletin.de\/bucuresti\/wp-content\/uploads\/bals.jpg","contentUrl":"https:\/\/buletin.de\/bucuresti\/wp-content\/uploads\/bals.jpg","width":720,"height":960},{"@type":"BreadcrumbList","@id":"https:\/\/buletin.de\/bucuresti\/spitalele-bucurestene-din-linia-1-a-luptei-anti-covid-subfinantate-cronic-in-ultimii-4-ani-nici-5-din-venituri-nu-au-ajuns-in-investitii\/#breadcrumb","itemListElement":[{"@type":"ListItem","position":1,"name":"Acas\u0103","item":"https:\/\/buletin.de\/bucuresti\/"},{"@type":"ListItem","position":2,"name":"Spitalele bucure\u0219tene, din linia 1 a luptei anti Covid, subfinan\u021bate cronic | \u00cen ultimii 4 ani, nici 5% din venituri nu au ajuns \u00een investi\u021bii"}]},{"@type":"WebSite","@id":"https:\/\/buletin.de\/bucuresti\/#website","url":"https:\/\/buletin.de\/bucuresti\/","name":"Buletin de Bucure\u0219ti","description":"\u0218tiri \u0219i investiga\u021bii esen\u021biale din capital\u0103","publisher":{"@id":"https:\/\/buletin.de\/bucuresti\/#organization"},"potentialAction":[{"@type":"SearchAction","target":{"@type":"EntryPoint","urlTemplate":"https:\/\/buletin.de\/bucuresti\/?s={search_term_string}"},"query-input":{"@type":"PropertyValueSpecification","valueRequired":true,"valueName":"search_term_string"}}],"inLanguage":"en-GB"},{"@type":"Organization","@id":"https:\/\/buletin.de\/bucuresti\/#organization","name":"Buletin de Bucure\u0219ti","url":"https:\/\/buletin.de\/bucuresti\/","logo":{"@type":"ImageObject","inLanguage":"en-GB","@id":"https:\/\/buletin.de\/bucuresti\/#\/schema\/logo\/image\/","url":"https:\/\/buletin.de\/bucuresti\/wp-content\/uploads\/logo-bdb-full-wide-vernil-transparent.png","contentUrl":"https:\/\/buletin.de\/bucuresti\/wp-content\/uploads\/logo-bdb-full-wide-vernil-transparent.png","width":1782,"height":626,"caption":"Buletin de Bucure\u0219ti"},"image":{"@id":"https:\/\/buletin.de\/bucuresti\/#\/schema\/logo\/image\/"},"sameAs":["https:\/\/www.facebook.com\/buletin.de.buc","https:\/\/www.instagram.com\/buletinde.bucuresti\/"]},{"@type":"Person","@id":"https:\/\/buletin.de\/bucuresti\/#\/schema\/person\/d369d7ddc775abece205795e0b804614","name":"Teodora Stroe","image":{"@type":"ImageObject","inLanguage":"en-GB","@id":"https:\/\/secure.gravatar.com\/avatar\/2560b4cd9f5f1bc100b123158e657d75584bd1c3e1d9c69285720b9457c1b78d?s=96&d=monsterid&r=gc104800242ba5f2d78dd5d7dc4df08b6","url":"https:\/\/secure.gravatar.com\/avatar\/2560b4cd9f5f1bc100b123158e657d75584bd1c3e1d9c69285720b9457c1b78d?s=96&d=monsterid&r=g","contentUrl":"https:\/\/secure.gravatar.com\/avatar\/2560b4cd9f5f1bc100b123158e657d75584bd1c3e1d9c69285720b9457c1b78d?s=96&d=monsterid&r=g","caption":"Teodora Stroe"},"url":"https:\/\/buletin.de\/bucuresti\/author\/simonacarlugea\/"}]}},"authors":[{"term_id":22579,"user_id":18,"is_guest":0,"slug":"simonacarlugea","display_name":"Teodora Stroe","avatar_url":"https:\/\/secure.gravatar.com\/avatar\/2560b4cd9f5f1bc100b123158e657d75584bd1c3e1d9c69285720b9457c1b78d?s=96&d=monsterid&r=g","0":null,"1":"","2":"","3":"","4":"","5":"","6":"","7":"","8":""}],"_links":{"self":[{"href":"https:\/\/buletin.de\/bucuresti\/wp-json\/wp\/v2\/posts\/15225","targetHints":{"allow":["GET"]}}],"collection":[{"href":"https:\/\/buletin.de\/bucuresti\/wp-json\/wp\/v2\/posts"}],"about":[{"href":"https:\/\/buletin.de\/bucuresti\/wp-json\/wp\/v2\/types\/post"}],"author":[{"embeddable":true,"href":"https:\/\/buletin.de\/bucuresti\/wp-json\/wp\/v2\/users\/18"}],"replies":[{"embeddable":true,"href":"https:\/\/buletin.de\/bucuresti\/wp-json\/wp\/v2\/comments?post=15225"}],"version-history":[{"count":44,"href":"https:\/\/buletin.de\/bucuresti\/wp-json\/wp\/v2\/posts\/15225\/revisions"}],"predecessor-version":[{"id":19019,"href":"https:\/\/buletin.de\/bucuresti\/wp-json\/wp\/v2\/posts\/15225\/revisions\/19019"}],"wp:featuredmedia":[{"embeddable":true,"href":"https:\/\/buletin.de\/bucuresti\/wp-json\/wp\/v2\/media\/16014"}],"wp:attachment":[{"href":"https:\/\/buletin.de\/bucuresti\/wp-json\/wp\/v2\/media?parent=15225"}],"wp:term":[{"taxonomy":"category","embeddable":true,"href":"https:\/\/buletin.de\/bucuresti\/wp-json\/wp\/v2\/categories?post=15225"},{"taxonomy":"post_tag","embeddable":true,"href":"https:\/\/buletin.de\/bucuresti\/wp-json\/wp\/v2\/tags?post=15225"},{"taxonomy":"author","embeddable":true,"href":"https:\/\/buletin.de\/bucuresti\/wp-json\/wp\/v2\/ppma_author?post=15225"}],"curies":[{"name":"wp","href":"https:\/\/api.w.org\/{rel}","templated":true}]}}