{"id":151980,"date":"2025-10-12T15:38:46","date_gmt":"2025-10-12T12:38:46","guid":{"rendered":"https:\/\/buletin.de\/bucuresti\/?p=151980"},"modified":"2025-10-12T15:40:53","modified_gmt":"2025-10-12T12:40:53","slug":"stelian-bujduveanu-replica-pentru-ciprian-ciucu-primaria-capitalei-este-mai-complicata-decat-o-primarie-de-sector-ciucu-il-acuzase-ca-face-show-politic-cu-codul-rosu","status":"publish","type":"post","link":"https:\/\/buletin.de\/bucuresti\/stelian-bujduveanu-replica-pentru-ciprian-ciucu-primaria-capitalei-este-mai-complicata-decat-o-primarie-de-sector-ciucu-il-acuzase-ca-face-show-politic-cu-codul-rosu\/","title":{"rendered":"Stelian Bujduveanu, replic\u0103 pentru Ciprian Ciucu: Prim\u0103ria Capitalei este mai complicat\u0103 dec\u00e2t o prim\u0103rie de sector. Ciucu \u00eel acuzase c\u0103 face \u201eshow politic\u201d cu codul ro\u0219u"},"content":{"rendered":"\n<p><strong>Stelian Bujduveanu consider\u0103 c\u0103 Prim\u0103ria Capitalei este mult mai complex\u0103 dec\u00e2t un sector \u0219i necesit\u0103 experien\u021b\u0103 executiv\u0103. Aceast\u0103 replic\u0103 pentru Ciprian Ciucu a fost dat\u0103 ca r\u0103spuns la o \u00eentrebare adresat\u0103 la Digi24 cu privire la o eventual\u0103 competi\u021bie cu primarul Sectorului 6 pentru a deveni candidatul PNL pentru Prim\u0103ria General\u0103.<\/strong><\/p>\n\n\n\n<p>Miercuri, Ciprian Ciucu l-a \u00een\u021bepat pe Stelian Bujduveanu, dup\u0103 ce autorit\u0103\u021bile locale au decis s\u0103 \u00eenchid\u0103 \u0219colile din Bucure\u0219ti, \u00een contextul codului ro\u0219u anun\u021bat de metereologi pentru Capital\u0103.<\/p>\n\n\n\n<p>\u00a0\u201eDe ce face Bujduveanu asta? Poate v\u0103 \u00eentreba\u021bi. Pentru c\u0103 e o bun\u0103 oportunitate de show politic\u201d, a declarat atunci primarul Sectorului 6 al Capitalei.\u00a0<\/p>\n\n\n\n<p><strong>CITE\u0218TE \u0218I: <a href=\"https:\/\/buletin.de\/bucuresti\/premierul-ilie-bolojan-il-sustine-pe-ciprian-ciucu-pentru-primaria-capitalei-ar-fi-bine-sa-existe-un-candidat-comun-care-are-o-masa-critica-importanta-in-spate\/\" target=\"_blank\" rel=\"noreferrer noopener\">Premierul Ilie Bolojan \u00eel sus\u021bine pe Ciprian Ciucu pentru Prim\u0103ria Capitalei. \u201eAr fi bine s\u0103 existe un candidat [comun] care are o mas\u0103 critic\u0103 important\u0103 \u00een spate\u201d<\/a><\/strong><\/p>\n\n\n\n<h2 class=\"wp-block-heading\" id=\"h-replica-pentru-ciprian-ciucu-este-un-primar-foarte-bun-de-sector\">Replic\u0103 pentru Ciprian Ciucu: Este un primar foarte bun de sector<\/h2>\n\n\n\n<p id=\"p-0\"><strong>Primarul general interimar al Capitalei nu \u0219i-a anun\u021bat oficial candidatura pentru Prim\u0103ria Capitalei. Totu\u0219i, prezen\u021ba sa \u00een spa\u021biul public a crescut semnificativ \u00een ultimele dou\u0103 luni, iar Stelian Bujduveanu nu a ascuns c\u0103 \u0219i-ar dori s\u0103 devin\u0103 primar general plin. <\/strong><\/p>\n\n\n\n<p id=\"p-1\">\u00centrebat, la Digi24, despre o eventual\u0103 competi\u021bie intern\u0103 cu Ciprian Ciucu, Stelian Bujduvea a declarat c\u0103 nu a v\u0103zut ca acesta s\u0103-\u0219i fi anun\u021bat oficial inten\u021bia de a candida, dar i-a recunoscut meritele administrative.<\/p>\n\n\n\n<p id=\"p-2\">\u201eNu cred c\u0103 domnul Ciucu \u0219i-a anun\u021bat inten\u021bia, n-am v\u0103zut, n-am urm\u0103rit. Este un primar foarte bun de sector, face parte dintre cei care au f\u0103cut performan\u021b\u0103, de asta s-au \u0219i reales. Au fost \u00een Bucure\u0219ti primari care au ar\u0103tat de la an la an c\u0103 sectorul s-a \u00eembun\u0103t\u0103\u021bit\u201d.<\/p>\n\n\n\n<p><strong>Primarul general interimar a subliniat c\u0103 Prim\u0103ria Capitalei necesit\u0103 un nivel ridicat de experien\u021b\u0103 administrativ\u0103 \u0219i o bun\u0103 cunoa\u0219tere a mecanismelor interne.<\/strong><\/p>\n\n\n\n<p>\u201eExperien\u021ba pe care am acumulat-o \u00een ultimii 10 ani de zile \u00een administra\u021bia din Bucure\u0219ti, refuz\u00e2nd s\u0103 plec inclusiv ca \u0219i parlamentar de Bucure\u0219ti, n-am avut ocazia, mi-a dat posibilitatea s\u0103 \u00een\u021beleg prim\u0103ria capitale de la nivel de opozi\u021bie din Consiliu General, la lider de grup, apoi executivice primar general \u0219i apoi primar interimar.<\/p>\n\n\n\n<p><strong>Acest parcurs prin administra\u021bie a f\u0103cut ca preluarea interimatului de la domnul Nicu\u0219or Dan s\u0103 fie unul instant. <\/strong><\/p>\n\n\n\n<p>Au existat sincope, serviciile publice func\u021bioneaz\u0103, prim\u0103ria merge foarte bine \u00een continuare, avem nevoie de finan\u021bare, pentru c\u0103 nu s-a reglat problema care am citat-o mai devreme cu repartizarea finan\u021bului Municipului Bucure\u0219ti, dar cred c\u0103 primarul general trebuie s\u0103 fie unul cu experien\u021b\u0103. <\/p>\n\n\n\n<p>Pentru c\u0103 dac\u0103 vine cineva care n-a mai avut func\u021bii executive \u0219i prin instinct va bloca administra\u021bia din capital\u0103, ne va lua mult s\u0103 ne revenim \u00een urm\u0103torii ani\u201d, a afirmat Stelian Bujduveanu, citat de <a href=\"https:\/\/www.mediafax.ro\/politic\/bujduveanu-despre-ciucu-primaria-capitalei-este-mai-complicata-decat-o-primarie-de-sector-23624614\" target=\"_blank\" rel=\"noreferrer noopener\">Mediafax<\/a>.<\/p>\n\n\n\n<p><strong>CITE\u0218TE \u0218I:\u00a0<a href=\"https:\/\/buletin.de\/bucuresti\/aglomeratie-pe-culoarul-pnl-pentru-primaria-capitalei-trei-lideri-in-cursa-pentru-a-deveni-candidatul-unic\/\" target=\"_blank\" rel=\"noreferrer noopener\">Aglomera\u021bie pe culoarul PNL pentru Prim\u0103ria Capitalei: trei lideri \u00een cursa pentru a deveni \u201ecandidatul unic\u201d. UPDATE: Sebastian Burduja a transmis c\u0103 el nu va candida<\/a><\/strong><br><br><br><\/p>\n\n\n\n<p><br><br><br><br><br><br><br><br><\/p>\n","protected":false},"excerpt":{"rendered":"<p>Stelian Bujduveanu consider\u0103 c\u0103 Prim\u0103ria Capitalei este mult mai complex\u0103 dec\u00e2t un sector \u0219i necesit\u0103 experien\u021b\u0103 executiv\u0103. Aceast\u0103 replic\u0103 pentru Ciprian Ciucu a fost dat\u0103 ca r\u0103spuns la o \u00eentrebare adresat\u0103 la Digi24 cu privire la o eventual\u0103 competi\u021bie cu primarul Sectorului 6 pentru a deveni candidatul PNL pentru Prim\u0103ria General\u0103. Miercuri, Ciprian Ciucu l-a [&hellip;]<\/p>\n","protected":false},"author":1,"featured_media":151986,"comment_status":"closed","ping_status":"open","sticky":false,"template":"","format":"standard","meta":{"_acf_changed":false,"inline_featured_image":false,"ngg_post_thumbnail":0,"footnotes":""},"categories":[6994,9025,62],"tags":[2089,762,3151,258,2592,3825],"ppma_author":[22583],"class_list":["post-151980","post","type-post","status-publish","format-standard","has-post-thumbnail","hentry","category-stiri-2","category-politic","category-stiri","tag-ciprian-ciucu","tag-pnl","tag-pnl-bucuresti","tag-primaria-capitalei","tag-sebastian-burduja","tag-stelian-bujduveanu"],"acf":[],"yoast_head":"<!-- This site is optimized with the Yoast SEO Premium plugin v25.3 (Yoast SEO v27.4) - https:\/\/yoast.com\/product\/yoast-seo-premium-wordpress\/ -->\n<title>Stelian Bujduveanu, replic\u0103 pentru Ciprian Ciucu: Prim\u0103ria Capitalei este mai complicat\u0103 dec\u00e2t o prim\u0103rie de sector. Ciucu \u00eel acuzase c\u0103 face \u201eshow politic\u201d cu codul ro\u0219u - Buletin de Bucure\u0219ti<\/title>\n<meta name=\"description\" content=\"Aceast\u0103 replic\u0103 pentru Ciprian Ciucu a fost dat\u0103 ca r\u0103spuns la o \u00eentreb\u0103re cu privire la o eventual\u0103 competi\u021bie cu acesta pentru candidatur\u0103\" \/>\n<meta name=\"robots\" content=\"index, follow, max-snippet:-1, max-image-preview:large, max-video-preview:-1\" \/>\n<link rel=\"canonical\" href=\"https:\/\/buletin.de\/bucuresti\/stelian-bujduveanu-replica-pentru-ciprian-ciucu-primaria-capitalei-este-mai-complicata-decat-o-primarie-de-sector-ciucu-il-acuzase-ca-face-show-politic-cu-codul-rosu\/\" \/>\n<meta property=\"og:locale\" content=\"en_GB\" \/>\n<meta property=\"og:type\" content=\"article\" \/>\n<meta property=\"og:title\" content=\"Stelian Bujduveanu, replic\u0103 pentru Ciprian Ciucu: Prim\u0103ria Capitalei este mai complicat\u0103 dec\u00e2t o prim\u0103rie de sector. Ciucu \u00eel acuzase c\u0103 face \u201eshow politic\u201d cu codul ro\u0219u\" \/>\n<meta property=\"og:description\" content=\"Aceast\u0103 replic\u0103 pentru Ciprian Ciucu a fost dat\u0103 ca r\u0103spuns la o \u00eentreb\u0103re cu privire la o eventual\u0103 competi\u021bie cu acesta pentru candidatur\u0103\" \/>\n<meta property=\"og:url\" content=\"https:\/\/buletin.de\/bucuresti\/stelian-bujduveanu-replica-pentru-ciprian-ciucu-primaria-capitalei-este-mai-complicata-decat-o-primarie-de-sector-ciucu-il-acuzase-ca-face-show-politic-cu-codul-rosu\/\" \/>\n<meta property=\"og:site_name\" content=\"Buletin de Bucure\u0219ti\" \/>\n<meta property=\"article:publisher\" content=\"https:\/\/www.facebook.com\/buletin.de.buc\" \/>\n<meta property=\"article:published_time\" content=\"2025-10-12T12:38:46+00:00\" \/>\n<meta property=\"article:modified_time\" content=\"2025-10-12T12:40:53+00:00\" \/>\n<meta property=\"og:image\" content=\"https:\/\/buletin.de\/bucuresti\/wp-content\/uploads\/2025\/10\/bujduveanuciucu-e1760272697387.jpg\" \/>\n\t<meta property=\"og:image:width\" content=\"905\" \/>\n\t<meta property=\"og:image:height\" content=\"720\" \/>\n\t<meta property=\"og:image:type\" content=\"image\/jpeg\" \/>\n<meta name=\"author\" content=\"Redac\u021bia Buletin de Bucure\u0219ti\" \/>\n<meta name=\"twitter:card\" content=\"summary_large_image\" \/>\n<meta name=\"twitter:label1\" content=\"Written by\" \/>\n\t<meta name=\"twitter:data1\" content=\"Redac\u021bia Buletin de Bucure\u0219ti\" \/>\n\t<meta name=\"twitter:label2\" content=\"Estimated reading time\" \/>\n\t<meta name=\"twitter:data2\" content=\"3 minutes\" \/>\n<script type=\"application\/ld+json\" class=\"yoast-schema-graph\">{\"@context\":\"https:\\\/\\\/schema.org\",\"@graph\":[{\"@type\":\"Article\",\"@id\":\"https:\\\/\\\/buletin.de\\\/bucuresti\\\/stelian-bujduveanu-replica-pentru-ciprian-ciucu-primaria-capitalei-este-mai-complicata-decat-o-primarie-de-sector-ciucu-il-acuzase-ca-face-show-politic-cu-codul-rosu\\\/#article\",\"isPartOf\":{\"@id\":\"https:\\\/\\\/buletin.de\\\/bucuresti\\\/stelian-bujduveanu-replica-pentru-ciprian-ciucu-primaria-capitalei-este-mai-complicata-decat-o-primarie-de-sector-ciucu-il-acuzase-ca-face-show-politic-cu-codul-rosu\\\/\"},\"author\":{\"name\":\"Redac\u021bia Buletin de Bucure\u0219ti\",\"@id\":\"https:\\\/\\\/buletin.de\\\/bucuresti\\\/#\\\/schema\\\/person\\\/2bbcf854e5f2419a13804af574d06ab1\"},\"headline\":\"Stelian Bujduveanu, replic\u0103 pentru Ciprian Ciucu: Prim\u0103ria Capitalei este mai complicat\u0103 dec\u00e2t o prim\u0103rie de sector. Ciucu \u00eel acuzase c\u0103 face \u201eshow politic\u201d cu codul ro\u0219u\",\"datePublished\":\"2025-10-12T12:38:46+00:00\",\"dateModified\":\"2025-10-12T12:40:53+00:00\",\"mainEntityOfPage\":{\"@id\":\"https:\\\/\\\/buletin.de\\\/bucuresti\\\/stelian-bujduveanu-replica-pentru-ciprian-ciucu-primaria-capitalei-este-mai-complicata-decat-o-primarie-de-sector-ciucu-il-acuzase-ca-face-show-politic-cu-codul-rosu\\\/\"},\"wordCount\":553,\"publisher\":{\"@id\":\"https:\\\/\\\/buletin.de\\\/bucuresti\\\/#organization\"},\"image\":{\"@id\":\"https:\\\/\\\/buletin.de\\\/bucuresti\\\/stelian-bujduveanu-replica-pentru-ciprian-ciucu-primaria-capitalei-este-mai-complicata-decat-o-primarie-de-sector-ciucu-il-acuzase-ca-face-show-politic-cu-codul-rosu\\\/#primaryimage\"},\"thumbnailUrl\":\"https:\\\/\\\/buletin.de\\\/bucuresti\\\/wp-content\\\/uploads\\\/2025\\\/10\\\/bujduveanuciucu-e1760272697387.jpg\",\"keywords\":[\"ciprian ciucu\",\"PNL\",\"pnl bucuresti\",\"primaria capitalei\",\"Sebastian Burduja\",\"Stelian Bujduveanu\"],\"articleSection\":[\"Articole\",\"Politic\",\"\u0218tiri\"],\"inLanguage\":\"en-GB\",\"copyrightYear\":\"2025\",\"copyrightHolder\":{\"@id\":\"https:\\\/\\\/buletin.de\\\/bucuresti\\\/#organization\"}},{\"@type\":\"WebPage\",\"@id\":\"https:\\\/\\\/buletin.de\\\/bucuresti\\\/stelian-bujduveanu-replica-pentru-ciprian-ciucu-primaria-capitalei-este-mai-complicata-decat-o-primarie-de-sector-ciucu-il-acuzase-ca-face-show-politic-cu-codul-rosu\\\/\",\"url\":\"https:\\\/\\\/buletin.de\\\/bucuresti\\\/stelian-bujduveanu-replica-pentru-ciprian-ciucu-primaria-capitalei-este-mai-complicata-decat-o-primarie-de-sector-ciucu-il-acuzase-ca-face-show-politic-cu-codul-rosu\\\/\",\"name\":\"Stelian Bujduveanu, replic\u0103 pentru Ciprian Ciucu: Prim\u0103ria Capitalei este mai complicat\u0103 dec\u00e2t o prim\u0103rie de sector. Ciucu \u00eel acuzase c\u0103 face \u201eshow politic\u201d cu codul ro\u0219u - Buletin de Bucure\u0219ti\",\"isPartOf\":{\"@id\":\"https:\\\/\\\/buletin.de\\\/bucuresti\\\/#website\"},\"primaryImageOfPage\":{\"@id\":\"https:\\\/\\\/buletin.de\\\/bucuresti\\\/stelian-bujduveanu-replica-pentru-ciprian-ciucu-primaria-capitalei-este-mai-complicata-decat-o-primarie-de-sector-ciucu-il-acuzase-ca-face-show-politic-cu-codul-rosu\\\/#primaryimage\"},\"image\":{\"@id\":\"https:\\\/\\\/buletin.de\\\/bucuresti\\\/stelian-bujduveanu-replica-pentru-ciprian-ciucu-primaria-capitalei-este-mai-complicata-decat-o-primarie-de-sector-ciucu-il-acuzase-ca-face-show-politic-cu-codul-rosu\\\/#primaryimage\"},\"thumbnailUrl\":\"https:\\\/\\\/buletin.de\\\/bucuresti\\\/wp-content\\\/uploads\\\/2025\\\/10\\\/bujduveanuciucu-e1760272697387.jpg\",\"datePublished\":\"2025-10-12T12:38:46+00:00\",\"dateModified\":\"2025-10-12T12:40:53+00:00\",\"description\":\"Aceast\u0103 replic\u0103 pentru Ciprian Ciucu a fost dat\u0103 ca r\u0103spuns la o \u00eentreb\u0103re cu privire la o eventual\u0103 competi\u021bie cu acesta pentru candidatur\u0103\",\"breadcrumb\":{\"@id\":\"https:\\\/\\\/buletin.de\\\/bucuresti\\\/stelian-bujduveanu-replica-pentru-ciprian-ciucu-primaria-capitalei-este-mai-complicata-decat-o-primarie-de-sector-ciucu-il-acuzase-ca-face-show-politic-cu-codul-rosu\\\/#breadcrumb\"},\"inLanguage\":\"en-GB\",\"potentialAction\":[{\"@type\":\"ReadAction\",\"target\":[\"https:\\\/\\\/buletin.de\\\/bucuresti\\\/stelian-bujduveanu-replica-pentru-ciprian-ciucu-primaria-capitalei-este-mai-complicata-decat-o-primarie-de-sector-ciucu-il-acuzase-ca-face-show-politic-cu-codul-rosu\\\/\"]}]},{\"@type\":\"ImageObject\",\"inLanguage\":\"en-GB\",\"@id\":\"https:\\\/\\\/buletin.de\\\/bucuresti\\\/stelian-bujduveanu-replica-pentru-ciprian-ciucu-primaria-capitalei-este-mai-complicata-decat-o-primarie-de-sector-ciucu-il-acuzase-ca-face-show-politic-cu-codul-rosu\\\/#primaryimage\",\"url\":\"https:\\\/\\\/buletin.de\\\/bucuresti\\\/wp-content\\\/uploads\\\/2025\\\/10\\\/bujduveanuciucu-e1760272697387.jpg\",\"contentUrl\":\"https:\\\/\\\/buletin.de\\\/bucuresti\\\/wp-content\\\/uploads\\\/2025\\\/10\\\/bujduveanuciucu-e1760272697387.jpg\",\"width\":905,\"height\":720,\"caption\":\"Stelian Bujduveanu \u0219i Ciprian Ciucu. Colaj BdB\"},{\"@type\":\"BreadcrumbList\",\"@id\":\"https:\\\/\\\/buletin.de\\\/bucuresti\\\/stelian-bujduveanu-replica-pentru-ciprian-ciucu-primaria-capitalei-este-mai-complicata-decat-o-primarie-de-sector-ciucu-il-acuzase-ca-face-show-politic-cu-codul-rosu\\\/#breadcrumb\",\"itemListElement\":[{\"@type\":\"ListItem\",\"position\":1,\"name\":\"Acas\u0103\",\"item\":\"https:\\\/\\\/buletin.de\\\/bucuresti\\\/\"},{\"@type\":\"ListItem\",\"position\":2,\"name\":\"Stelian Bujduveanu, replic\u0103 pentru Ciprian Ciucu: Prim\u0103ria Capitalei este mai complicat\u0103 dec\u00e2t o prim\u0103rie de sector. Ciucu \u00eel acuzase c\u0103 face \u201eshow politic\u201d cu codul ro\u0219u\"}]},{\"@type\":\"WebSite\",\"@id\":\"https:\\\/\\\/buletin.de\\\/bucuresti\\\/#website\",\"url\":\"https:\\\/\\\/buletin.de\\\/bucuresti\\\/\",\"name\":\"Buletin de Bucure\u0219ti\",\"description\":\"\u0218tiri \u0219i investiga\u021bii esen\u021biale din capital\u0103\",\"publisher\":{\"@id\":\"https:\\\/\\\/buletin.de\\\/bucuresti\\\/#organization\"},\"potentialAction\":[{\"@type\":\"SearchAction\",\"target\":{\"@type\":\"EntryPoint\",\"urlTemplate\":\"https:\\\/\\\/buletin.de\\\/bucuresti\\\/?s={search_term_string}\"},\"query-input\":{\"@type\":\"PropertyValueSpecification\",\"valueRequired\":true,\"valueName\":\"search_term_string\"}}],\"inLanguage\":\"en-GB\"},{\"@type\":\"Organization\",\"@id\":\"https:\\\/\\\/buletin.de\\\/bucuresti\\\/#organization\",\"name\":\"Buletin de Bucure\u0219ti\",\"url\":\"https:\\\/\\\/buletin.de\\\/bucuresti\\\/\",\"logo\":{\"@type\":\"ImageObject\",\"inLanguage\":\"en-GB\",\"@id\":\"https:\\\/\\\/buletin.de\\\/bucuresti\\\/#\\\/schema\\\/logo\\\/image\\\/\",\"url\":\"https:\\\/\\\/buletin.de\\\/bucuresti\\\/wp-content\\\/uploads\\\/logo-bdb-full-wide-vernil-transparent.png\",\"contentUrl\":\"https:\\\/\\\/buletin.de\\\/bucuresti\\\/wp-content\\\/uploads\\\/logo-bdb-full-wide-vernil-transparent.png\",\"width\":1782,\"height\":626,\"caption\":\"Buletin de Bucure\u0219ti\"},\"image\":{\"@id\":\"https:\\\/\\\/buletin.de\\\/bucuresti\\\/#\\\/schema\\\/logo\\\/image\\\/\"},\"sameAs\":[\"https:\\\/\\\/www.facebook.com\\\/buletin.de.buc\",\"https:\\\/\\\/www.instagram.com\\\/buletinde.bucuresti\\\/\"]},{\"@type\":\"Person\",\"@id\":\"https:\\\/\\\/buletin.de\\\/bucuresti\\\/#\\\/schema\\\/person\\\/2bbcf854e5f2419a13804af574d06ab1\",\"name\":\"Redac\u021bia Buletin de Bucure\u0219ti\",\"image\":{\"@type\":\"ImageObject\",\"inLanguage\":\"en-GB\",\"@id\":\"https:\\\/\\\/secure.gravatar.com\\\/avatar\\\/18c5342381ed1a08620e6280424e3e5efc958618f5d67c522c9e44c1bc6f9226?s=96&d=monsterid&r=g60c7cd0ad92c68c049fcd4bb3504d609\",\"url\":\"https:\\\/\\\/secure.gravatar.com\\\/avatar\\\/18c5342381ed1a08620e6280424e3e5efc958618f5d67c522c9e44c1bc6f9226?s=96&d=monsterid&r=g\",\"contentUrl\":\"https:\\\/\\\/secure.gravatar.com\\\/avatar\\\/18c5342381ed1a08620e6280424e3e5efc958618f5d67c522c9e44c1bc6f9226?s=96&d=monsterid&r=g\",\"caption\":\"Redac\u021bia Buletin de Bucure\u0219ti\"},\"description\":\"Buletin de Bucure\u0219ti exist\u0103 din vara anului 2019.\",\"url\":\"https:\\\/\\\/buletin.de\\\/bucuresti\\\/author\\\/adminbuletin\\\/\"}]}<\/script>\n<!-- \/ Yoast SEO Premium plugin. -->","yoast_head_json":{"title":"Stelian Bujduveanu, replic\u0103 pentru Ciprian Ciucu: Prim\u0103ria Capitalei este mai complicat\u0103 dec\u00e2t o prim\u0103rie de sector. Ciucu \u00eel acuzase c\u0103 face \u201eshow politic\u201d cu codul ro\u0219u - Buletin de Bucure\u0219ti","description":"Aceast\u0103 replic\u0103 pentru Ciprian Ciucu a fost dat\u0103 ca r\u0103spuns la o \u00eentreb\u0103re cu privire la o eventual\u0103 competi\u021bie cu acesta pentru candidatur\u0103","robots":{"index":"index","follow":"follow","max-snippet":"max-snippet:-1","max-image-preview":"max-image-preview:large","max-video-preview":"max-video-preview:-1"},"canonical":"https:\/\/buletin.de\/bucuresti\/stelian-bujduveanu-replica-pentru-ciprian-ciucu-primaria-capitalei-este-mai-complicata-decat-o-primarie-de-sector-ciucu-il-acuzase-ca-face-show-politic-cu-codul-rosu\/","og_locale":"en_GB","og_type":"article","og_title":"Stelian Bujduveanu, replic\u0103 pentru Ciprian Ciucu: Prim\u0103ria Capitalei este mai complicat\u0103 dec\u00e2t o prim\u0103rie de sector. Ciucu \u00eel acuzase c\u0103 face \u201eshow politic\u201d cu codul ro\u0219u","og_description":"Aceast\u0103 replic\u0103 pentru Ciprian Ciucu a fost dat\u0103 ca r\u0103spuns la o \u00eentreb\u0103re cu privire la o eventual\u0103 competi\u021bie cu acesta pentru candidatur\u0103","og_url":"https:\/\/buletin.de\/bucuresti\/stelian-bujduveanu-replica-pentru-ciprian-ciucu-primaria-capitalei-este-mai-complicata-decat-o-primarie-de-sector-ciucu-il-acuzase-ca-face-show-politic-cu-codul-rosu\/","og_site_name":"Buletin de Bucure\u0219ti","article_publisher":"https:\/\/www.facebook.com\/buletin.de.buc","article_published_time":"2025-10-12T12:38:46+00:00","article_modified_time":"2025-10-12T12:40:53+00:00","og_image":[{"width":905,"height":720,"url":"https:\/\/buletin.de\/bucuresti\/wp-content\/uploads\/2025\/10\/bujduveanuciucu-e1760272697387.jpg","type":"image\/jpeg"}],"author":"Redac\u021bia Buletin de Bucure\u0219ti","twitter_card":"summary_large_image","twitter_misc":{"Written by":"Redac\u021bia Buletin de Bucure\u0219ti","Estimated reading time":"3 minutes"},"schema":{"@context":"https:\/\/schema.org","@graph":[{"@type":"Article","@id":"https:\/\/buletin.de\/bucuresti\/stelian-bujduveanu-replica-pentru-ciprian-ciucu-primaria-capitalei-este-mai-complicata-decat-o-primarie-de-sector-ciucu-il-acuzase-ca-face-show-politic-cu-codul-rosu\/#article","isPartOf":{"@id":"https:\/\/buletin.de\/bucuresti\/stelian-bujduveanu-replica-pentru-ciprian-ciucu-primaria-capitalei-este-mai-complicata-decat-o-primarie-de-sector-ciucu-il-acuzase-ca-face-show-politic-cu-codul-rosu\/"},"author":{"name":"Redac\u021bia Buletin de Bucure\u0219ti","@id":"https:\/\/buletin.de\/bucuresti\/#\/schema\/person\/2bbcf854e5f2419a13804af574d06ab1"},"headline":"Stelian Bujduveanu, replic\u0103 pentru Ciprian Ciucu: Prim\u0103ria Capitalei este mai complicat\u0103 dec\u00e2t o prim\u0103rie de sector. Ciucu \u00eel acuzase c\u0103 face \u201eshow politic\u201d cu codul ro\u0219u","datePublished":"2025-10-12T12:38:46+00:00","dateModified":"2025-10-12T12:40:53+00:00","mainEntityOfPage":{"@id":"https:\/\/buletin.de\/bucuresti\/stelian-bujduveanu-replica-pentru-ciprian-ciucu-primaria-capitalei-este-mai-complicata-decat-o-primarie-de-sector-ciucu-il-acuzase-ca-face-show-politic-cu-codul-rosu\/"},"wordCount":553,"publisher":{"@id":"https:\/\/buletin.de\/bucuresti\/#organization"},"image":{"@id":"https:\/\/buletin.de\/bucuresti\/stelian-bujduveanu-replica-pentru-ciprian-ciucu-primaria-capitalei-este-mai-complicata-decat-o-primarie-de-sector-ciucu-il-acuzase-ca-face-show-politic-cu-codul-rosu\/#primaryimage"},"thumbnailUrl":"https:\/\/buletin.de\/bucuresti\/wp-content\/uploads\/2025\/10\/bujduveanuciucu-e1760272697387.jpg","keywords":["ciprian ciucu","PNL","pnl bucuresti","primaria capitalei","Sebastian Burduja","Stelian Bujduveanu"],"articleSection":["Articole","Politic","\u0218tiri"],"inLanguage":"en-GB","copyrightYear":"2025","copyrightHolder":{"@id":"https:\/\/buletin.de\/bucuresti\/#organization"}},{"@type":"WebPage","@id":"https:\/\/buletin.de\/bucuresti\/stelian-bujduveanu-replica-pentru-ciprian-ciucu-primaria-capitalei-este-mai-complicata-decat-o-primarie-de-sector-ciucu-il-acuzase-ca-face-show-politic-cu-codul-rosu\/","url":"https:\/\/buletin.de\/bucuresti\/stelian-bujduveanu-replica-pentru-ciprian-ciucu-primaria-capitalei-este-mai-complicata-decat-o-primarie-de-sector-ciucu-il-acuzase-ca-face-show-politic-cu-codul-rosu\/","name":"Stelian Bujduveanu, replic\u0103 pentru Ciprian Ciucu: Prim\u0103ria Capitalei este mai complicat\u0103 dec\u00e2t o prim\u0103rie de sector. Ciucu \u00eel acuzase c\u0103 face \u201eshow politic\u201d cu codul ro\u0219u - Buletin de Bucure\u0219ti","isPartOf":{"@id":"https:\/\/buletin.de\/bucuresti\/#website"},"primaryImageOfPage":{"@id":"https:\/\/buletin.de\/bucuresti\/stelian-bujduveanu-replica-pentru-ciprian-ciucu-primaria-capitalei-este-mai-complicata-decat-o-primarie-de-sector-ciucu-il-acuzase-ca-face-show-politic-cu-codul-rosu\/#primaryimage"},"image":{"@id":"https:\/\/buletin.de\/bucuresti\/stelian-bujduveanu-replica-pentru-ciprian-ciucu-primaria-capitalei-este-mai-complicata-decat-o-primarie-de-sector-ciucu-il-acuzase-ca-face-show-politic-cu-codul-rosu\/#primaryimage"},"thumbnailUrl":"https:\/\/buletin.de\/bucuresti\/wp-content\/uploads\/2025\/10\/bujduveanuciucu-e1760272697387.jpg","datePublished":"2025-10-12T12:38:46+00:00","dateModified":"2025-10-12T12:40:53+00:00","description":"Aceast\u0103 replic\u0103 pentru Ciprian Ciucu a fost dat\u0103 ca r\u0103spuns la o \u00eentreb\u0103re cu privire la o eventual\u0103 competi\u021bie cu acesta pentru candidatur\u0103","breadcrumb":{"@id":"https:\/\/buletin.de\/bucuresti\/stelian-bujduveanu-replica-pentru-ciprian-ciucu-primaria-capitalei-este-mai-complicata-decat-o-primarie-de-sector-ciucu-il-acuzase-ca-face-show-politic-cu-codul-rosu\/#breadcrumb"},"inLanguage":"en-GB","potentialAction":[{"@type":"ReadAction","target":["https:\/\/buletin.de\/bucuresti\/stelian-bujduveanu-replica-pentru-ciprian-ciucu-primaria-capitalei-este-mai-complicata-decat-o-primarie-de-sector-ciucu-il-acuzase-ca-face-show-politic-cu-codul-rosu\/"]}]},{"@type":"ImageObject","inLanguage":"en-GB","@id":"https:\/\/buletin.de\/bucuresti\/stelian-bujduveanu-replica-pentru-ciprian-ciucu-primaria-capitalei-este-mai-complicata-decat-o-primarie-de-sector-ciucu-il-acuzase-ca-face-show-politic-cu-codul-rosu\/#primaryimage","url":"https:\/\/buletin.de\/bucuresti\/wp-content\/uploads\/2025\/10\/bujduveanuciucu-e1760272697387.jpg","contentUrl":"https:\/\/buletin.de\/bucuresti\/wp-content\/uploads\/2025\/10\/bujduveanuciucu-e1760272697387.jpg","width":905,"height":720,"caption":"Stelian Bujduveanu \u0219i Ciprian Ciucu. Colaj BdB"},{"@type":"BreadcrumbList","@id":"https:\/\/buletin.de\/bucuresti\/stelian-bujduveanu-replica-pentru-ciprian-ciucu-primaria-capitalei-este-mai-complicata-decat-o-primarie-de-sector-ciucu-il-acuzase-ca-face-show-politic-cu-codul-rosu\/#breadcrumb","itemListElement":[{"@type":"ListItem","position":1,"name":"Acas\u0103","item":"https:\/\/buletin.de\/bucuresti\/"},{"@type":"ListItem","position":2,"name":"Stelian Bujduveanu, replic\u0103 pentru Ciprian Ciucu: Prim\u0103ria Capitalei este mai complicat\u0103 dec\u00e2t o prim\u0103rie de sector. Ciucu \u00eel acuzase c\u0103 face \u201eshow politic\u201d cu codul ro\u0219u"}]},{"@type":"WebSite","@id":"https:\/\/buletin.de\/bucuresti\/#website","url":"https:\/\/buletin.de\/bucuresti\/","name":"Buletin de Bucure\u0219ti","description":"\u0218tiri \u0219i investiga\u021bii esen\u021biale din capital\u0103","publisher":{"@id":"https:\/\/buletin.de\/bucuresti\/#organization"},"potentialAction":[{"@type":"SearchAction","target":{"@type":"EntryPoint","urlTemplate":"https:\/\/buletin.de\/bucuresti\/?s={search_term_string}"},"query-input":{"@type":"PropertyValueSpecification","valueRequired":true,"valueName":"search_term_string"}}],"inLanguage":"en-GB"},{"@type":"Organization","@id":"https:\/\/buletin.de\/bucuresti\/#organization","name":"Buletin de Bucure\u0219ti","url":"https:\/\/buletin.de\/bucuresti\/","logo":{"@type":"ImageObject","inLanguage":"en-GB","@id":"https:\/\/buletin.de\/bucuresti\/#\/schema\/logo\/image\/","url":"https:\/\/buletin.de\/bucuresti\/wp-content\/uploads\/logo-bdb-full-wide-vernil-transparent.png","contentUrl":"https:\/\/buletin.de\/bucuresti\/wp-content\/uploads\/logo-bdb-full-wide-vernil-transparent.png","width":1782,"height":626,"caption":"Buletin de Bucure\u0219ti"},"image":{"@id":"https:\/\/buletin.de\/bucuresti\/#\/schema\/logo\/image\/"},"sameAs":["https:\/\/www.facebook.com\/buletin.de.buc","https:\/\/www.instagram.com\/buletinde.bucuresti\/"]},{"@type":"Person","@id":"https:\/\/buletin.de\/bucuresti\/#\/schema\/person\/2bbcf854e5f2419a13804af574d06ab1","name":"Redac\u021bia Buletin de Bucure\u0219ti","image":{"@type":"ImageObject","inLanguage":"en-GB","@id":"https:\/\/secure.gravatar.com\/avatar\/18c5342381ed1a08620e6280424e3e5efc958618f5d67c522c9e44c1bc6f9226?s=96&d=monsterid&r=g60c7cd0ad92c68c049fcd4bb3504d609","url":"https:\/\/secure.gravatar.com\/avatar\/18c5342381ed1a08620e6280424e3e5efc958618f5d67c522c9e44c1bc6f9226?s=96&d=monsterid&r=g","contentUrl":"https:\/\/secure.gravatar.com\/avatar\/18c5342381ed1a08620e6280424e3e5efc958618f5d67c522c9e44c1bc6f9226?s=96&d=monsterid&r=g","caption":"Redac\u021bia Buletin de Bucure\u0219ti"},"description":"Buletin de Bucure\u0219ti exist\u0103 din vara anului 2019.","url":"https:\/\/buletin.de\/bucuresti\/author\/adminbuletin\/"}]}},"authors":[{"term_id":22583,"user_id":1,"is_guest":0,"slug":"adminbuletin","display_name":"Redac\u021bia Buletin de Bucure\u0219ti","avatar_url":"https:\/\/secure.gravatar.com\/avatar\/18c5342381ed1a08620e6280424e3e5efc958618f5d67c522c9e44c1bc6f9226?s=96&d=monsterid&r=g","0":null,"1":"","2":"","3":"","4":"","5":"","6":"","7":"","8":""}],"_links":{"self":[{"href":"https:\/\/buletin.de\/bucuresti\/wp-json\/wp\/v2\/posts\/151980","targetHints":{"allow":["GET"]}}],"collection":[{"href":"https:\/\/buletin.de\/bucuresti\/wp-json\/wp\/v2\/posts"}],"about":[{"href":"https:\/\/buletin.de\/bucuresti\/wp-json\/wp\/v2\/types\/post"}],"author":[{"embeddable":true,"href":"https:\/\/buletin.de\/bucuresti\/wp-json\/wp\/v2\/users\/1"}],"replies":[{"embeddable":true,"href":"https:\/\/buletin.de\/bucuresti\/wp-json\/wp\/v2\/comments?post=151980"}],"version-history":[{"count":4,"href":"https:\/\/buletin.de\/bucuresti\/wp-json\/wp\/v2\/posts\/151980\/revisions"}],"predecessor-version":[{"id":151989,"href":"https:\/\/buletin.de\/bucuresti\/wp-json\/wp\/v2\/posts\/151980\/revisions\/151989"}],"wp:featuredmedia":[{"embeddable":true,"href":"https:\/\/buletin.de\/bucuresti\/wp-json\/wp\/v2\/media\/151986"}],"wp:attachment":[{"href":"https:\/\/buletin.de\/bucuresti\/wp-json\/wp\/v2\/media?parent=151980"}],"wp:term":[{"taxonomy":"category","embeddable":true,"href":"https:\/\/buletin.de\/bucuresti\/wp-json\/wp\/v2\/categories?post=151980"},{"taxonomy":"post_tag","embeddable":true,"href":"https:\/\/buletin.de\/bucuresti\/wp-json\/wp\/v2\/tags?post=151980"},{"taxonomy":"author","embeddable":true,"href":"https:\/\/buletin.de\/bucuresti\/wp-json\/wp\/v2\/ppma_author?post=151980"}],"curies":[{"name":"wp","href":"https:\/\/api.w.org\/{rel}","templated":true}]}}