{"id":15172,"date":"2020-11-13T15:46:19","date_gmt":"2020-11-13T12:46:19","guid":{"rendered":"https:\/\/buletin.de\/bucuresti\/?p=15172"},"modified":"2020-11-13T15:46:19","modified_gmt":"2020-11-13T12:46:19","slug":"ministerul-mediului-anunta-85-de-puncte-de-masurare-a-calitatii-aerului-in-bucuresti-din-2021","status":"publish","type":"post","link":"https:\/\/buletin.de\/bucuresti\/ministerul-mediului-anunta-85-de-puncte-de-masurare-a-calitatii-aerului-in-bucuresti-din-2021\/","title":{"rendered":"Ministerul Mediului anun\u021b\u0103 85 de puncte de m\u0103surare a calit\u0103\u021bii aerului \u00een Bucure\u0219ti din 2021"},"content":{"rendered":"\n<p><strong>Ministrul Mediului, Mircea Fechet, \u0219i Primarul General al Capitalei, Nicu\u0219or Dan, au anun\u021bat \u00een urma unei \u0219edin\u021be de lucru o serie de m\u0103suri pentru limitarea polu\u0103rii aerului din Capital\u0103.<\/strong><\/p>\n\n\n\n<p>\u201c<em>\u00cen scurt timp vom avea cea mai mare extindere a re\u021belei de m\u0103surare a calit\u0103\u021bii aerului din istoria capitalei, respectiv de la 8 puncte de m\u0103surare, vom ajunge la 85 de puncte de m\u0103surare a calit\u0103\u021bii aerului.&nbsp; Bucure\u0219tenii vor \u0219ti foarte clar din informa\u021bii certe \u0219i precise cum st\u0103m cu poluarea aerului<\/em>\u201d, a declarat ministrul Mediului.<\/p>\n\n\n\n<p>C\u00e2t prive\u0219te implementarea proiectului, el a precizat c\u0103 demersul se afl\u0103 \u00een faza de \u00eentocmire a documenta\u021biei pentru caietele de sarcini care vor presupune patru loturi.<\/p>\n\n\n\n<p>Primul este reprezentat de sta\u021bii de monitorizare a calit\u0103\u021bii aerului, cel de-al doilea presupune 24 de analizoare de particule PM 10, al treilea lot presupune 50 de senzori care vor monitoriza calitatea aerului iar al patrulea lot va fi reprezentat de o aplica\u021bie pentru mobil.<\/p>\n\n\n\n<p>\u201c<em>De la momentul \u00een care am semnat contractele, \u00een \u0219ase luni de zile vom avea \u0219i sta\u021biile instalate \u0219i punctele de m\u0103surare \u0219i senzorii \u0219i aplica\u021bia de mobil definitivat\u0103.<strong> Sper\u0103m ca \u00een 2021 sa avem acces la toate aceste date<\/strong><\/em>\u201d, a ad\u0103ugat ministrul mediului.<\/p>\n\n\n\n<h2 class=\"wp-block-heading\"><strong>Echipe mixte PLMB-Garda de Mediu<\/strong><\/h2>\n\n\n\n<p>Primarul general Nicu\u0219or Dan a ad\u0103ugat ca va pune la dispozi\u021bia ministerului Mediului \u0219i laboratorul mobil de monitorizare a calit\u0103\u021bii aerului al municipalit\u0103\u021bii, dar \u0219i efective ale poli\u021biei locale aflate \u00een subordine.<\/p>\n\n\n\n<p>\u201c<em>Exist\u0103 o deficien\u021b\u0103 de resurse la nivelul G\u0103rzii de Mediu a municipiului Bucure\u0219ti \u0219i am decis azi ajut\u0103m Garda de Mediu cu <strong>poli\u021bi\u0219ti locali care s\u0103 fie deta\u0219a\u021bi de la Poli\u021bia Local\u0103 a Municipiului Bucure\u0219ti pentru a exista ni\u0219te echipe mixte care s\u0103 controleze respectarea legisla\u021biei de mediu \u00een Bucure\u0219ti<\/strong><\/em>\u201d, a spus Dan.<\/p>\n\n\n\n<p>\u201c<em>Vom dubla num\u0103rul de echipe care vor patrula ziua \u0219i noaptea at\u00e2t \u00een Bucure\u0219ti, c\u00e2t \u0219i \u00een zonele limitrofe pentru ca acest fenomen al arderilor ilegale s\u0103 fie eliminat<\/em>\u201d, a ad\u0103ugat Fechet.<\/p>\n\n\n\n<p>Primarul general a f\u0103cut referire \u0219i la <a href=\"https:\/\/buletin.de\/bucuresti\/cjue-romania-a-incercat-sa-ascunda-poluarea-din-bucuresti-masuratori-insuficiente-planuri-neclare-categorii-sensibile-ale-populatiei-inclusiv-copiii-uitate\/\">condamnarea Rom\u00e2niei de c\u0103tre Curtea European\u0103 de Justi\u021bie din cauza calit\u0103\u021bii aerului<\/a>: \u201c<em>Precedenta administra\u021bie a mimat ca se ocup\u0103 de aceasta problema si nu a f\u0103cut nimic. Nu o spun eu, o spune Comisia European\u0103. A existat o condamnare pentru Bucuresti de c\u0103tre Curtea European\u0103 de Justi\u021bie \u0219i \u00een acea decizie o s\u0103 gasi\u021bi punctul de vedere al Comisiei Europene care spune c\u0103 planul de \u00eembun\u0103t\u0103\u021bire a calit\u0103\u021bii aerului propus de municipalitatea nu are nicio valoare practic\u0103<\/em>\u201d.&nbsp;&nbsp;&nbsp;&nbsp;&nbsp;&nbsp;&nbsp;&nbsp;&nbsp;&nbsp;&nbsp; <\/p>\n\n\n\n<p>\u00cen cadrul \u00eent\u00e2lnirii care a avut loc la Ministerul Mediului, s-a mai hotarat prelungirea programului de investi\u021bii pentru sta\u021biile de \u00eenc\u0103rcare a autovehiculelor electrice pana la finalul lunii noiembrie astfel incat Primaria Generala s\u0103 poat\u0103 accesa fonduri guvernamentale \u00een acest sens.<\/p>\n\n\n\n<p>CITE\u0218TE \u0218I: <a href=\"CJUE: Rom\u00e2nia a \u00eencercat s\u0103 ascund\u0103 poluarea din Bucure\u0219ti \u2013 m\u0103sur\u0103tori insuficiente, planuri neclare, categorii \u201csensibile ale popula\u021biei, inclusiv copiii\u201d uitate\">CJUE: Rom\u00e2nia a \u00eencercat s\u0103 ascund\u0103 poluarea din Bucure\u0219ti \u2013 m\u0103sur\u0103tori insuficiente, planuri neclare, categorii \u201csensibile ale popula\u021biei, inclusiv copiii\u201d uitate<\/a><\/p>\n\n\n\n<p>FOTO: <a href=\"https:\/\/www.facebook.com\/Aerlive.ro\/?__cft__[0]=AZWULPhkPtfSYib-8hn0-wEabjDUfGMuzzgNu_u5NXXFUqEiWc9DzwmqIXX5jQBY228xLxTPeAMTIctY_0DlnkVmIoNZRU2prma-7fzi00D6VMOSt14oIYD-8sGOpC1hPn8M6yMrkMzmUpXuMGQz3R1I&amp;__tn__=-UC*F\">Aerlive.ro<\/a><\/p>\n","protected":false},"excerpt":{"rendered":"<p>Ministrul Mediului, Mircea Fechet, \u0219i Primarul General al Capitalei, Nicu\u0219or Dan, au anun\u021bat \u00een urma unei \u0219edin\u021be de lucru o serie de m\u0103suri pentru limitarea polu\u0103rii aerului din Capital\u0103. \u201c\u00cen scurt timp vom avea cea mai mare extindere a re\u021belei de m\u0103surare a calit\u0103\u021bii aerului din istoria capitalei, respectiv de la 8 puncte de m\u0103surare, [&hellip;]<\/p>\n","protected":false},"author":10,"featured_media":15174,"comment_status":"closed","ping_status":"open","sticky":false,"template":"","format":"standard","meta":{"_acf_changed":false,"inline_featured_image":false,"ngg_post_thumbnail":0,"footnotes":""},"categories":[1,109],"tags":[1859,1861,1860,132,476],"ppma_author":[22575],"class_list":["post-15172","post","type-post","status-publish","format-standard","has-post-thumbnail","hentry","category-diverse","category-mediu","tag-garda-de-mediu","tag-laborator","tag-patrule","tag-poluare","tag-senzori"],"acf":[],"yoast_head":"<!-- This site is optimized with the Yoast SEO Premium plugin v25.3 (Yoast SEO v27.4) - https:\/\/yoast.com\/product\/yoast-seo-premium-wordpress\/ -->\n<title>Ministerul Mediului anun\u021b\u0103 85 de puncte de m\u0103surare a calit\u0103\u021bii aerului \u00een Bucure\u0219ti din 2021 - Buletin de Bucure\u0219ti<\/title>\n<meta name=\"robots\" content=\"index, follow, max-snippet:-1, max-image-preview:large, max-video-preview:-1\" \/>\n<link rel=\"canonical\" href=\"https:\/\/buletin.de\/bucuresti\/ministerul-mediului-anunta-85-de-puncte-de-masurare-a-calitatii-aerului-in-bucuresti-din-2021\/\" \/>\n<meta property=\"og:locale\" content=\"en_GB\" \/>\n<meta property=\"og:type\" content=\"article\" \/>\n<meta property=\"og:title\" content=\"Ministerul Mediului anun\u021b\u0103 85 de puncte de m\u0103surare a calit\u0103\u021bii aerului \u00een Bucure\u0219ti din 2021\" \/>\n<meta property=\"og:description\" content=\"Ministrul Mediului, Mircea Fechet, \u0219i Primarul General al Capitalei, Nicu\u0219or Dan, au anun\u021bat \u00een urma unei \u0219edin\u021be de lucru o serie de m\u0103suri pentru limitarea polu\u0103rii aerului din Capital\u0103. \u201c\u00cen scurt timp vom avea cea mai mare extindere a re\u021belei de m\u0103surare a calit\u0103\u021bii aerului din istoria capitalei, respectiv de la 8 puncte de m\u0103surare, [&hellip;]\" \/>\n<meta property=\"og:url\" content=\"https:\/\/buletin.de\/bucuresti\/ministerul-mediului-anunta-85-de-puncte-de-masurare-a-calitatii-aerului-in-bucuresti-din-2021\/\" \/>\n<meta property=\"og:site_name\" content=\"Buletin de Bucure\u0219ti\" \/>\n<meta property=\"article:publisher\" content=\"https:\/\/www.facebook.com\/buletin.de.buc\" \/>\n<meta property=\"article:published_time\" content=\"2020-11-13T12:46:19+00:00\" \/>\n<meta property=\"og:image\" content=\"https:\/\/buletin.de\/bucuresti\/wp-content\/uploads\/125229875_206855304147537_5929621274406660374_o.jpg\" \/>\n\t<meta property=\"og:image:width\" content=\"1616\" \/>\n\t<meta property=\"og:image:height\" content=\"1080\" \/>\n\t<meta property=\"og:image:type\" content=\"image\/jpeg\" \/>\n<meta name=\"author\" content=\"C\u0103t\u0103lin Dosca\u0219\" \/>\n<meta name=\"twitter:card\" content=\"summary_large_image\" \/>\n<meta name=\"twitter:label1\" content=\"Written by\" \/>\n\t<meta name=\"twitter:data1\" content=\"C\u0103t\u0103lin Dosca\u0219\" \/>\n\t<meta name=\"twitter:label2\" content=\"Estimated reading time\" \/>\n\t<meta name=\"twitter:data2\" content=\"3 minutes\" \/>\n<script type=\"application\/ld+json\" class=\"yoast-schema-graph\">{\"@context\":\"https:\\\/\\\/schema.org\",\"@graph\":[{\"@type\":\"Article\",\"@id\":\"https:\\\/\\\/buletin.de\\\/bucuresti\\\/ministerul-mediului-anunta-85-de-puncte-de-masurare-a-calitatii-aerului-in-bucuresti-din-2021\\\/#article\",\"isPartOf\":{\"@id\":\"https:\\\/\\\/buletin.de\\\/bucuresti\\\/ministerul-mediului-anunta-85-de-puncte-de-masurare-a-calitatii-aerului-in-bucuresti-din-2021\\\/\"},\"author\":{\"name\":\"C\u0103t\u0103lin Dosca\u0219\",\"@id\":\"https:\\\/\\\/buletin.de\\\/bucuresti\\\/#\\\/schema\\\/person\\\/31117187ed4d0bdb0a4c7d6acc79d0f8\"},\"headline\":\"Ministerul Mediului anun\u021b\u0103 85 de puncte de m\u0103surare a calit\u0103\u021bii aerului \u00een Bucure\u0219ti din 2021\",\"datePublished\":\"2020-11-13T12:46:19+00:00\",\"mainEntityOfPage\":{\"@id\":\"https:\\\/\\\/buletin.de\\\/bucuresti\\\/ministerul-mediului-anunta-85-de-puncte-de-masurare-a-calitatii-aerului-in-bucuresti-din-2021\\\/\"},\"wordCount\":565,\"publisher\":{\"@id\":\"https:\\\/\\\/buletin.de\\\/bucuresti\\\/#organization\"},\"image\":{\"@id\":\"https:\\\/\\\/buletin.de\\\/bucuresti\\\/ministerul-mediului-anunta-85-de-puncte-de-masurare-a-calitatii-aerului-in-bucuresti-din-2021\\\/#primaryimage\"},\"thumbnailUrl\":\"https:\\\/\\\/buletin.de\\\/bucuresti\\\/wp-content\\\/uploads\\\/125229875_206855304147537_5929621274406660374_o.jpg\",\"keywords\":[\"garda de mediu\",\"laborator\",\"patrule\",\"poluare\",\"senzori\"],\"articleSection\":[\"Diverse\",\"Mediu\"],\"inLanguage\":\"en-GB\",\"copyrightYear\":\"2020\",\"copyrightHolder\":{\"@id\":\"https:\\\/\\\/buletin.de\\\/bucuresti\\\/#organization\"}},{\"@type\":\"WebPage\",\"@id\":\"https:\\\/\\\/buletin.de\\\/bucuresti\\\/ministerul-mediului-anunta-85-de-puncte-de-masurare-a-calitatii-aerului-in-bucuresti-din-2021\\\/\",\"url\":\"https:\\\/\\\/buletin.de\\\/bucuresti\\\/ministerul-mediului-anunta-85-de-puncte-de-masurare-a-calitatii-aerului-in-bucuresti-din-2021\\\/\",\"name\":\"Ministerul Mediului anun\u021b\u0103 85 de puncte de m\u0103surare a calit\u0103\u021bii aerului \u00een Bucure\u0219ti din 2021 - Buletin de Bucure\u0219ti\",\"isPartOf\":{\"@id\":\"https:\\\/\\\/buletin.de\\\/bucuresti\\\/#website\"},\"primaryImageOfPage\":{\"@id\":\"https:\\\/\\\/buletin.de\\\/bucuresti\\\/ministerul-mediului-anunta-85-de-puncte-de-masurare-a-calitatii-aerului-in-bucuresti-din-2021\\\/#primaryimage\"},\"image\":{\"@id\":\"https:\\\/\\\/buletin.de\\\/bucuresti\\\/ministerul-mediului-anunta-85-de-puncte-de-masurare-a-calitatii-aerului-in-bucuresti-din-2021\\\/#primaryimage\"},\"thumbnailUrl\":\"https:\\\/\\\/buletin.de\\\/bucuresti\\\/wp-content\\\/uploads\\\/125229875_206855304147537_5929621274406660374_o.jpg\",\"datePublished\":\"2020-11-13T12:46:19+00:00\",\"breadcrumb\":{\"@id\":\"https:\\\/\\\/buletin.de\\\/bucuresti\\\/ministerul-mediului-anunta-85-de-puncte-de-masurare-a-calitatii-aerului-in-bucuresti-din-2021\\\/#breadcrumb\"},\"inLanguage\":\"en-GB\",\"potentialAction\":[{\"@type\":\"ReadAction\",\"target\":[\"https:\\\/\\\/buletin.de\\\/bucuresti\\\/ministerul-mediului-anunta-85-de-puncte-de-masurare-a-calitatii-aerului-in-bucuresti-din-2021\\\/\"]}]},{\"@type\":\"ImageObject\",\"inLanguage\":\"en-GB\",\"@id\":\"https:\\\/\\\/buletin.de\\\/bucuresti\\\/ministerul-mediului-anunta-85-de-puncte-de-masurare-a-calitatii-aerului-in-bucuresti-din-2021\\\/#primaryimage\",\"url\":\"https:\\\/\\\/buletin.de\\\/bucuresti\\\/wp-content\\\/uploads\\\/125229875_206855304147537_5929621274406660374_o.jpg\",\"contentUrl\":\"https:\\\/\\\/buletin.de\\\/bucuresti\\\/wp-content\\\/uploads\\\/125229875_206855304147537_5929621274406660374_o.jpg\",\"width\":1616,\"height\":1080},{\"@type\":\"BreadcrumbList\",\"@id\":\"https:\\\/\\\/buletin.de\\\/bucuresti\\\/ministerul-mediului-anunta-85-de-puncte-de-masurare-a-calitatii-aerului-in-bucuresti-din-2021\\\/#breadcrumb\",\"itemListElement\":[{\"@type\":\"ListItem\",\"position\":1,\"name\":\"Acas\u0103\",\"item\":\"https:\\\/\\\/buletin.de\\\/bucuresti\\\/\"},{\"@type\":\"ListItem\",\"position\":2,\"name\":\"Ministerul Mediului anun\u021b\u0103 85 de puncte de m\u0103surare a calit\u0103\u021bii aerului \u00een Bucure\u0219ti din 2021\"}]},{\"@type\":\"WebSite\",\"@id\":\"https:\\\/\\\/buletin.de\\\/bucuresti\\\/#website\",\"url\":\"https:\\\/\\\/buletin.de\\\/bucuresti\\\/\",\"name\":\"Buletin de Bucure\u0219ti\",\"description\":\"\u0218tiri \u0219i investiga\u021bii esen\u021biale din capital\u0103\",\"publisher\":{\"@id\":\"https:\\\/\\\/buletin.de\\\/bucuresti\\\/#organization\"},\"potentialAction\":[{\"@type\":\"SearchAction\",\"target\":{\"@type\":\"EntryPoint\",\"urlTemplate\":\"https:\\\/\\\/buletin.de\\\/bucuresti\\\/?s={search_term_string}\"},\"query-input\":{\"@type\":\"PropertyValueSpecification\",\"valueRequired\":true,\"valueName\":\"search_term_string\"}}],\"inLanguage\":\"en-GB\"},{\"@type\":\"Organization\",\"@id\":\"https:\\\/\\\/buletin.de\\\/bucuresti\\\/#organization\",\"name\":\"Buletin de Bucure\u0219ti\",\"url\":\"https:\\\/\\\/buletin.de\\\/bucuresti\\\/\",\"logo\":{\"@type\":\"ImageObject\",\"inLanguage\":\"en-GB\",\"@id\":\"https:\\\/\\\/buletin.de\\\/bucuresti\\\/#\\\/schema\\\/logo\\\/image\\\/\",\"url\":\"https:\\\/\\\/buletin.de\\\/bucuresti\\\/wp-content\\\/uploads\\\/logo-bdb-full-wide-vernil-transparent.png\",\"contentUrl\":\"https:\\\/\\\/buletin.de\\\/bucuresti\\\/wp-content\\\/uploads\\\/logo-bdb-full-wide-vernil-transparent.png\",\"width\":1782,\"height\":626,\"caption\":\"Buletin de Bucure\u0219ti\"},\"image\":{\"@id\":\"https:\\\/\\\/buletin.de\\\/bucuresti\\\/#\\\/schema\\\/logo\\\/image\\\/\"},\"sameAs\":[\"https:\\\/\\\/www.facebook.com\\\/buletin.de.buc\",\"https:\\\/\\\/www.instagram.com\\\/buletinde.bucuresti\\\/\"]},{\"@type\":\"Person\",\"@id\":\"https:\\\/\\\/buletin.de\\\/bucuresti\\\/#\\\/schema\\\/person\\\/31117187ed4d0bdb0a4c7d6acc79d0f8\",\"name\":\"C\u0103t\u0103lin Dosca\u0219\",\"image\":{\"@type\":\"ImageObject\",\"inLanguage\":\"en-GB\",\"@id\":\"https:\\\/\\\/buletin.de\\\/bucuresti\\\/wp-content\\\/uploads\\\/Catalin-Doscas-e1732731064764-96x96.jpga93e2943bb3b1c1f9ead823df6e6317a\",\"url\":\"https:\\\/\\\/buletin.de\\\/bucuresti\\\/wp-content\\\/uploads\\\/Catalin-Doscas-e1732731064764-96x96.jpg\",\"contentUrl\":\"https:\\\/\\\/buletin.de\\\/bucuresti\\\/wp-content\\\/uploads\\\/Catalin-Doscas-e1732731064764-96x96.jpg\",\"caption\":\"C\u0103t\u0103lin Dosca\u0219\"},\"description\":\"Reporter \u0219i redactor-\u0219ef Buletin de Bucure\u0219ti. Lucreaz\u0103 \u00een mass-media de la v\u00e2rsta de 15 ani, c\u00e2nd a publicat primele articole \u00een presa local\u0103 din Tecuci. \u00cen Bucure\u0219ti a lucrat \u00een redac\u021bii radio ca reporter, redactor \u0219i prezentator (StudentFM, Na\u021bionalFM, Radio Total, Smart FM), unde a acoperit domeniile politic, economic, social \u0219i externe. Ulterior, a fost editor-coordonator al postului Realitatea FM. Experien\u021ba \u00een jurnalismul online a dob\u00e2ndit-o la portalul B365.ro, unde a fost editor. \u00cen 2012 s-a angajat \u00een televiziune. La Realitatea TV a fost, pe r\u00e2nd, reporter la sec\u021bia Social, reporter special la emisiunea de reportaje \u0219i anchete \u201eReporterii Realit\u0103\u021bii\u201d, dar \u0219i editor al jurnalelor de \u0219tiri. Ulterior, a f\u0103cut parte din sec\u021bia de Investiga\u021bii de la Digi24 \u0219i a lucrat la campania \u201eRom\u00e2nia furat\u0103\u201d. A revenit \u00een presa scris\u0103 \u00een 2017, ca reporter special, \u00een cadrul unui proiect de repozi\u021bionare a tabloidului Libertatea \u00een cotidian generalist. Este jurnalist Buletin de Bucure\u0219ti din 2019.\",\"url\":\"https:\\\/\\\/buletin.de\\\/bucuresti\\\/author\\\/catalin\\\/\"}]}<\/script>\n<!-- \/ Yoast SEO Premium plugin. -->","yoast_head_json":{"title":"Ministerul Mediului anun\u021b\u0103 85 de puncte de m\u0103surare a calit\u0103\u021bii aerului \u00een Bucure\u0219ti din 2021 - Buletin de Bucure\u0219ti","robots":{"index":"index","follow":"follow","max-snippet":"max-snippet:-1","max-image-preview":"max-image-preview:large","max-video-preview":"max-video-preview:-1"},"canonical":"https:\/\/buletin.de\/bucuresti\/ministerul-mediului-anunta-85-de-puncte-de-masurare-a-calitatii-aerului-in-bucuresti-din-2021\/","og_locale":"en_GB","og_type":"article","og_title":"Ministerul Mediului anun\u021b\u0103 85 de puncte de m\u0103surare a calit\u0103\u021bii aerului \u00een Bucure\u0219ti din 2021","og_description":"Ministrul Mediului, Mircea Fechet, \u0219i Primarul General al Capitalei, Nicu\u0219or Dan, au anun\u021bat \u00een urma unei \u0219edin\u021be de lucru o serie de m\u0103suri pentru limitarea polu\u0103rii aerului din Capital\u0103. \u201c\u00cen scurt timp vom avea cea mai mare extindere a re\u021belei de m\u0103surare a calit\u0103\u021bii aerului din istoria capitalei, respectiv de la 8 puncte de m\u0103surare, [&hellip;]","og_url":"https:\/\/buletin.de\/bucuresti\/ministerul-mediului-anunta-85-de-puncte-de-masurare-a-calitatii-aerului-in-bucuresti-din-2021\/","og_site_name":"Buletin de Bucure\u0219ti","article_publisher":"https:\/\/www.facebook.com\/buletin.de.buc","article_published_time":"2020-11-13T12:46:19+00:00","og_image":[{"width":1616,"height":1080,"url":"https:\/\/buletin.de\/bucuresti\/wp-content\/uploads\/125229875_206855304147537_5929621274406660374_o.jpg","type":"image\/jpeg"}],"author":"C\u0103t\u0103lin Dosca\u0219","twitter_card":"summary_large_image","twitter_misc":{"Written by":"C\u0103t\u0103lin Dosca\u0219","Estimated reading time":"3 minutes"},"schema":{"@context":"https:\/\/schema.org","@graph":[{"@type":"Article","@id":"https:\/\/buletin.de\/bucuresti\/ministerul-mediului-anunta-85-de-puncte-de-masurare-a-calitatii-aerului-in-bucuresti-din-2021\/#article","isPartOf":{"@id":"https:\/\/buletin.de\/bucuresti\/ministerul-mediului-anunta-85-de-puncte-de-masurare-a-calitatii-aerului-in-bucuresti-din-2021\/"},"author":{"name":"C\u0103t\u0103lin Dosca\u0219","@id":"https:\/\/buletin.de\/bucuresti\/#\/schema\/person\/31117187ed4d0bdb0a4c7d6acc79d0f8"},"headline":"Ministerul Mediului anun\u021b\u0103 85 de puncte de m\u0103surare a calit\u0103\u021bii aerului \u00een Bucure\u0219ti din 2021","datePublished":"2020-11-13T12:46:19+00:00","mainEntityOfPage":{"@id":"https:\/\/buletin.de\/bucuresti\/ministerul-mediului-anunta-85-de-puncte-de-masurare-a-calitatii-aerului-in-bucuresti-din-2021\/"},"wordCount":565,"publisher":{"@id":"https:\/\/buletin.de\/bucuresti\/#organization"},"image":{"@id":"https:\/\/buletin.de\/bucuresti\/ministerul-mediului-anunta-85-de-puncte-de-masurare-a-calitatii-aerului-in-bucuresti-din-2021\/#primaryimage"},"thumbnailUrl":"https:\/\/buletin.de\/bucuresti\/wp-content\/uploads\/125229875_206855304147537_5929621274406660374_o.jpg","keywords":["garda de mediu","laborator","patrule","poluare","senzori"],"articleSection":["Diverse","Mediu"],"inLanguage":"en-GB","copyrightYear":"2020","copyrightHolder":{"@id":"https:\/\/buletin.de\/bucuresti\/#organization"}},{"@type":"WebPage","@id":"https:\/\/buletin.de\/bucuresti\/ministerul-mediului-anunta-85-de-puncte-de-masurare-a-calitatii-aerului-in-bucuresti-din-2021\/","url":"https:\/\/buletin.de\/bucuresti\/ministerul-mediului-anunta-85-de-puncte-de-masurare-a-calitatii-aerului-in-bucuresti-din-2021\/","name":"Ministerul Mediului anun\u021b\u0103 85 de puncte de m\u0103surare a calit\u0103\u021bii aerului \u00een Bucure\u0219ti din 2021 - Buletin de Bucure\u0219ti","isPartOf":{"@id":"https:\/\/buletin.de\/bucuresti\/#website"},"primaryImageOfPage":{"@id":"https:\/\/buletin.de\/bucuresti\/ministerul-mediului-anunta-85-de-puncte-de-masurare-a-calitatii-aerului-in-bucuresti-din-2021\/#primaryimage"},"image":{"@id":"https:\/\/buletin.de\/bucuresti\/ministerul-mediului-anunta-85-de-puncte-de-masurare-a-calitatii-aerului-in-bucuresti-din-2021\/#primaryimage"},"thumbnailUrl":"https:\/\/buletin.de\/bucuresti\/wp-content\/uploads\/125229875_206855304147537_5929621274406660374_o.jpg","datePublished":"2020-11-13T12:46:19+00:00","breadcrumb":{"@id":"https:\/\/buletin.de\/bucuresti\/ministerul-mediului-anunta-85-de-puncte-de-masurare-a-calitatii-aerului-in-bucuresti-din-2021\/#breadcrumb"},"inLanguage":"en-GB","potentialAction":[{"@type":"ReadAction","target":["https:\/\/buletin.de\/bucuresti\/ministerul-mediului-anunta-85-de-puncte-de-masurare-a-calitatii-aerului-in-bucuresti-din-2021\/"]}]},{"@type":"ImageObject","inLanguage":"en-GB","@id":"https:\/\/buletin.de\/bucuresti\/ministerul-mediului-anunta-85-de-puncte-de-masurare-a-calitatii-aerului-in-bucuresti-din-2021\/#primaryimage","url":"https:\/\/buletin.de\/bucuresti\/wp-content\/uploads\/125229875_206855304147537_5929621274406660374_o.jpg","contentUrl":"https:\/\/buletin.de\/bucuresti\/wp-content\/uploads\/125229875_206855304147537_5929621274406660374_o.jpg","width":1616,"height":1080},{"@type":"BreadcrumbList","@id":"https:\/\/buletin.de\/bucuresti\/ministerul-mediului-anunta-85-de-puncte-de-masurare-a-calitatii-aerului-in-bucuresti-din-2021\/#breadcrumb","itemListElement":[{"@type":"ListItem","position":1,"name":"Acas\u0103","item":"https:\/\/buletin.de\/bucuresti\/"},{"@type":"ListItem","position":2,"name":"Ministerul Mediului anun\u021b\u0103 85 de puncte de m\u0103surare a calit\u0103\u021bii aerului \u00een Bucure\u0219ti din 2021"}]},{"@type":"WebSite","@id":"https:\/\/buletin.de\/bucuresti\/#website","url":"https:\/\/buletin.de\/bucuresti\/","name":"Buletin de Bucure\u0219ti","description":"\u0218tiri \u0219i investiga\u021bii esen\u021biale din capital\u0103","publisher":{"@id":"https:\/\/buletin.de\/bucuresti\/#organization"},"potentialAction":[{"@type":"SearchAction","target":{"@type":"EntryPoint","urlTemplate":"https:\/\/buletin.de\/bucuresti\/?s={search_term_string}"},"query-input":{"@type":"PropertyValueSpecification","valueRequired":true,"valueName":"search_term_string"}}],"inLanguage":"en-GB"},{"@type":"Organization","@id":"https:\/\/buletin.de\/bucuresti\/#organization","name":"Buletin de Bucure\u0219ti","url":"https:\/\/buletin.de\/bucuresti\/","logo":{"@type":"ImageObject","inLanguage":"en-GB","@id":"https:\/\/buletin.de\/bucuresti\/#\/schema\/logo\/image\/","url":"https:\/\/buletin.de\/bucuresti\/wp-content\/uploads\/logo-bdb-full-wide-vernil-transparent.png","contentUrl":"https:\/\/buletin.de\/bucuresti\/wp-content\/uploads\/logo-bdb-full-wide-vernil-transparent.png","width":1782,"height":626,"caption":"Buletin de Bucure\u0219ti"},"image":{"@id":"https:\/\/buletin.de\/bucuresti\/#\/schema\/logo\/image\/"},"sameAs":["https:\/\/www.facebook.com\/buletin.de.buc","https:\/\/www.instagram.com\/buletinde.bucuresti\/"]},{"@type":"Person","@id":"https:\/\/buletin.de\/bucuresti\/#\/schema\/person\/31117187ed4d0bdb0a4c7d6acc79d0f8","name":"C\u0103t\u0103lin Dosca\u0219","image":{"@type":"ImageObject","inLanguage":"en-GB","@id":"https:\/\/buletin.de\/bucuresti\/wp-content\/uploads\/Catalin-Doscas-e1732731064764-96x96.jpga93e2943bb3b1c1f9ead823df6e6317a","url":"https:\/\/buletin.de\/bucuresti\/wp-content\/uploads\/Catalin-Doscas-e1732731064764-96x96.jpg","contentUrl":"https:\/\/buletin.de\/bucuresti\/wp-content\/uploads\/Catalin-Doscas-e1732731064764-96x96.jpg","caption":"C\u0103t\u0103lin Dosca\u0219"},"description":"Reporter \u0219i redactor-\u0219ef Buletin de Bucure\u0219ti. Lucreaz\u0103 \u00een mass-media de la v\u00e2rsta de 15 ani, c\u00e2nd a publicat primele articole \u00een presa local\u0103 din Tecuci. \u00cen Bucure\u0219ti a lucrat \u00een redac\u021bii radio ca reporter, redactor \u0219i prezentator (StudentFM, Na\u021bionalFM, Radio Total, Smart FM), unde a acoperit domeniile politic, economic, social \u0219i externe. Ulterior, a fost editor-coordonator al postului Realitatea FM. Experien\u021ba \u00een jurnalismul online a dob\u00e2ndit-o la portalul B365.ro, unde a fost editor. \u00cen 2012 s-a angajat \u00een televiziune. La Realitatea TV a fost, pe r\u00e2nd, reporter la sec\u021bia Social, reporter special la emisiunea de reportaje \u0219i anchete \u201eReporterii Realit\u0103\u021bii\u201d, dar \u0219i editor al jurnalelor de \u0219tiri. Ulterior, a f\u0103cut parte din sec\u021bia de Investiga\u021bii de la Digi24 \u0219i a lucrat la campania \u201eRom\u00e2nia furat\u0103\u201d. A revenit \u00een presa scris\u0103 \u00een 2017, ca reporter special, \u00een cadrul unui proiect de repozi\u021bionare a tabloidului Libertatea \u00een cotidian generalist. Este jurnalist Buletin de Bucure\u0219ti din 2019.","url":"https:\/\/buletin.de\/bucuresti\/author\/catalin\/"}]}},"authors":[{"term_id":22575,"user_id":10,"is_guest":0,"slug":"catalin","display_name":"C\u0103t\u0103lin Dosca\u0219","avatar_url":"https:\/\/buletin.de\/bucuresti\/wp-content\/uploads\/Catalin-Doscas-e1732731064764-96x96.jpg","0":null,"1":"","2":"","3":"","4":"","5":"","6":"","7":"","8":""}],"_links":{"self":[{"href":"https:\/\/buletin.de\/bucuresti\/wp-json\/wp\/v2\/posts\/15172","targetHints":{"allow":["GET"]}}],"collection":[{"href":"https:\/\/buletin.de\/bucuresti\/wp-json\/wp\/v2\/posts"}],"about":[{"href":"https:\/\/buletin.de\/bucuresti\/wp-json\/wp\/v2\/types\/post"}],"author":[{"embeddable":true,"href":"https:\/\/buletin.de\/bucuresti\/wp-json\/wp\/v2\/users\/10"}],"replies":[{"embeddable":true,"href":"https:\/\/buletin.de\/bucuresti\/wp-json\/wp\/v2\/comments?post=15172"}],"version-history":[{"count":6,"href":"https:\/\/buletin.de\/bucuresti\/wp-json\/wp\/v2\/posts\/15172\/revisions"}],"predecessor-version":[{"id":15186,"href":"https:\/\/buletin.de\/bucuresti\/wp-json\/wp\/v2\/posts\/15172\/revisions\/15186"}],"wp:featuredmedia":[{"embeddable":true,"href":"https:\/\/buletin.de\/bucuresti\/wp-json\/wp\/v2\/media\/15174"}],"wp:attachment":[{"href":"https:\/\/buletin.de\/bucuresti\/wp-json\/wp\/v2\/media?parent=15172"}],"wp:term":[{"taxonomy":"category","embeddable":true,"href":"https:\/\/buletin.de\/bucuresti\/wp-json\/wp\/v2\/categories?post=15172"},{"taxonomy":"post_tag","embeddable":true,"href":"https:\/\/buletin.de\/bucuresti\/wp-json\/wp\/v2\/tags?post=15172"},{"taxonomy":"author","embeddable":true,"href":"https:\/\/buletin.de\/bucuresti\/wp-json\/wp\/v2\/ppma_author?post=15172"}],"curies":[{"name":"wp","href":"https:\/\/api.w.org\/{rel}","templated":true}]}}