{"id":151074,"date":"2025-10-06T22:15:48","date_gmt":"2025-10-06T19:15:48","guid":{"rendered":"https:\/\/buletin.de\/bucuresti\/?p=151074"},"modified":"2025-10-06T22:26:14","modified_gmt":"2025-10-06T19:26:14","slug":"un-nou-caz-de-rasism-in-bucuresti-o-soferita-de-ride-sharing-a-refuzat-sa-transporte-o-studenta-cameruneza","status":"publish","type":"post","link":"https:\/\/buletin.de\/bucuresti\/un-nou-caz-de-rasism-in-bucuresti-o-soferita-de-ride-sharing-a-refuzat-sa-transporte-o-studenta-cameruneza\/","title":{"rendered":"Un nou caz de rasism \u00een Bucure\u0219ti. O \u0219oferi\u021b\u0103 de ride-sharing a refuzat s\u0103 transporte o student\u0103 camerunez\u0103"},"content":{"rendered":"\n<p><strong>Rasism \u00een Bucure\u0219ti. O student\u0103 camerunez\u0103 a filmat-o pe o \u0219oferi\u021b\u0103 de ride-sharing, care a refuzat s\u0103 o transporte, doar din cauza culorii pielii sale. \u0218oferi\u021ba a acceptat cursa \u00eenainte de a \u0219ti cine a f\u0103cut comanda. C\u00e2nd a v\u0103zut despre cine este vorba, nu a mai dorit s\u0103 o preia pe Cindy Joyce Tenesso, scrie <a href=\"https:\/\/www.digi24.ro\/stiri\/actualitate\/caz-de-rasism-in-bucuresti-o-soferita-de-ride-sharing-a-refuzat-sa-ia-o-clienta-din-cauza-culorii-pielii-ce-cauti-in-romania-3444859\" target=\"_blank\" rel=\"noreferrer noopener\">Digi24<\/a>.<\/strong><\/p>\n\n\n\n<p>\u201e\u0218i c\u00e2nd am auzit a\u0219a, am luat telefonul \u0219i am \u00eentrebat: &#8216;De ce?&#8217;. \u0218i ea mi-a spus: &#8216;Pentru c\u0103 nu vreau!&#8217;. \u0218i am spus &#8216;Ok, nicio problem\u0103, acum este pe video&#8217;. \u0218i m-am g\u00e2ndit: &#8216;Nicio problem\u0103, eu pot s\u0103 trimit asta \u00een aplica\u021bie \u0219i ei v\u0103d c\u0103 nu e de la mine, e doar de la doamna, care nu vrea s\u0103 m\u0103 ia, cu prietenul meu&#8217;. <\/p>\n\n\n\n<p><strong>Am mers \u00een spatele ma\u0219inii \u0219i am v\u0103zut c\u0103 ea nu a anulat cursa. \u0218i a\u0219a a \u00eenceput s\u0103 fie violent\u0103, s\u0103 spun\u0103 c\u0103 eu sunt neagr\u0103, ce caut aici, c\u0103 eu nu pot s\u0103 vorbesc \u0219i limba rom\u00e2n\u0103. <\/strong><\/p>\n\n\n\n<p>Eu nu sunt din Rom\u00e2nia, nu e a\u0219a fluent. Eu am fost afar\u0103 din ma\u0219in\u0103, nu am intrat, nu am fost violent\u0103, nu am f\u0103cut nicio mi\u0219care brutal\u0103 sau ceva de genul. <\/p>\n\n\n\n<p>Doar cu telefonul, \u0219i am spus: &#8216;Cum? Explica\u021bi!&#8217;\u0218i tot a\u0219a&#8230; Prietenul meu a anulat cursa \u0219i dup\u0103 am f\u0103cut o alt\u0103 comand\u0103\u201d, a declarat Cindy Joyce Tenesso, pentru Digi24. <\/p>\n\n\n\n<p><strong>Studenta, care tr\u0103ie\u0219te \u00een Rom\u00e2nia de mai mul\u021bi ani, spune c\u0103 mai nou, se simte umilit\u0103 \u0219i nedorit\u0103 \u00eentr-o \u021bar\u0103 pe care o consider\u0103 \u201eacas\u0103&#8221;.<\/strong><\/p>\n\n\n\n<h2 class=\"wp-block-heading\" id=\"h-nu-este-primul-caz-de-rasism-in-bucure\u0219ti\">Nu este primul caz de rasism \u00een Bucure\u0219ti<\/h2>\n\n\n\n<p><strong>\u00cen august, un t\u00e2n\u0103r de 20 de ani a fost arestat preventiv, dup\u0103 ce a agresat fizic \u0219i verbal un livrator str\u0103in \u00een timp ce acesta se afla la munc\u0103 pe o strad\u0103 din Sectorul 2. Agresiunea a fost observat\u0103 de un poli\u021bist de la Sec\u021bia 7, aflat \u00een timpul liber, care a intervenit \u0219i l-a imobilizat pe agresor.<\/strong><\/p>\n\n\n\n<p>\u00cen \u00eenregistrarea video, agresorul se apropie de livrator, care a\u0219tepta cu bicicleta la o trecere de pietoni, \u0219i \u00eel love\u0219te \u00een fa\u021b\u0103. \u201e<em>Care e problema?<\/em>\u201d, a \u00eentrebat livratorul, vizibil speriat. \u201e<em>Mergi \u00eenapoi \u00een \u021bara ta, asta e problema\u2026 Pentru c\u0103 e\u0219ti un invadator<\/em>\u201c, i-a r\u0103spuns agresorul.<\/p>\n\n\n\n<p>Livratorul, care este din Bangladesh, a cerut ajutorul unui trec\u0103tor, care s-a dovedit a fi poli\u021bist. Agresorul a \u00eencercat s\u0103 fug\u0103, dar a fost prins rapid \u0219i imobilizat.<\/p>\n\n\n\n<p>\u00cen timp ce era pus la p\u0103m\u00e2nt, agresorul a sus\u021binut: \u201e<strong><em>\u00cemi ap\u0103r \u021bara!<\/em><\/strong>\u201c. La un moment dat, t\u00e2n\u0103rul l-a \u00eentrebat pe poli\u021bist: \u201e<em>Pot s\u0103 o sun pe mama?<\/em>\u201c.<\/p>\n\n\n\n<p><strong>CITE\u0218TE \u0218I: <a href=\"https:\/\/buletin.de\/bucuresti\/filmul-rusinii-cum-a-fost-agresat-un-livrator-migrant-pe-strazile-capitalei-esti-un-invadator-imi-apar-tara-agresorul-a-fost-arestat-30-de-zile-preventiv\/\" target=\"_blank\" rel=\"noreferrer noopener\">Filmul ru\u0219inii | Cum a fost lovit un livrator migrant pe str\u0103zile Capitalei: \u201eE\u0219ti un invadator! \u00cemi ap\u0103r \u021bara!\u201d. Agresorul a fost arestat 30 de zile preventiv<\/a><\/strong><\/p>\n","protected":false},"excerpt":{"rendered":"<p>Rasism \u00een Bucure\u0219ti. O student\u0103 camerunez\u0103 a filmat-o pe o \u0219oferi\u021b\u0103 de ride-sharing, care a refuzat s\u0103 o transporte, doar din cauza culorii pielii sale. \u0218oferi\u021ba a acceptat cursa \u00eenainte de a \u0219ti cine a f\u0103cut comanda. C\u00e2nd a v\u0103zut despre cine este vorba, nu a mai dorit s\u0103 o preia pe Cindy Joyce Tenesso, [&hellip;]<\/p>\n","protected":false},"author":1,"featured_media":151078,"comment_status":"closed","ping_status":"open","sticky":false,"template":"","format":"standard","meta":{"_acf_changed":false,"inline_featured_image":false,"ngg_post_thumbnail":0,"footnotes":""},"categories":[6994,9026,62],"tags":[24085,24087,24086],"ppma_author":[22583],"class_list":["post-151074","post","type-post","status-publish","format-standard","has-post-thumbnail","hentry","category-stiri-2","category-eveniment","category-stiri","tag-cindy-joyce-tenesso","tag-rasism-in-bucuresti","tag-studenta-cameruneza"],"acf":[],"yoast_head":"<!-- This site is optimized with the Yoast SEO Premium plugin v25.3 (Yoast SEO v27.4) - https:\/\/yoast.com\/product\/yoast-seo-premium-wordpress\/ -->\n<title>Un nou caz de rasism \u00een Bucure\u0219ti. O \u0219oferi\u021b\u0103 de ride-sharing a refuzat s\u0103 transporte o student\u0103 camerunez\u0103 - Buletin de Bucure\u0219ti<\/title>\n<meta name=\"description\" content=\"Rasism \u00een Bucure\u0219ti. O student\u0103 camerunez\u0103 a filmat-o pe o \u0219oferi\u021b\u0103 de ride-sharing, care a refuzat s\u0103 o transporte.\" \/>\n<meta name=\"robots\" content=\"index, follow, max-snippet:-1, max-image-preview:large, max-video-preview:-1\" \/>\n<link rel=\"canonical\" href=\"https:\/\/buletin.de\/bucuresti\/un-nou-caz-de-rasism-in-bucuresti-o-soferita-de-ride-sharing-a-refuzat-sa-transporte-o-studenta-cameruneza\/\" \/>\n<meta property=\"og:locale\" content=\"en_GB\" \/>\n<meta property=\"og:type\" content=\"article\" \/>\n<meta property=\"og:title\" content=\"Un nou caz de rasism \u00een Bucure\u0219ti. O \u0219oferi\u021b\u0103 de ride-sharing a refuzat s\u0103 transporte o student\u0103 camerunez\u0103\" \/>\n<meta property=\"og:description\" content=\"Rasism \u00een Bucure\u0219ti. O student\u0103 camerunez\u0103 a filmat-o pe o \u0219oferi\u021b\u0103 de ride-sharing, care a refuzat s\u0103 o transporte.\" \/>\n<meta property=\"og:url\" content=\"https:\/\/buletin.de\/bucuresti\/un-nou-caz-de-rasism-in-bucuresti-o-soferita-de-ride-sharing-a-refuzat-sa-transporte-o-studenta-cameruneza\/\" \/>\n<meta property=\"og:site_name\" content=\"Buletin de Bucure\u0219ti\" \/>\n<meta property=\"article:publisher\" content=\"https:\/\/www.facebook.com\/buletin.de.buc\" \/>\n<meta property=\"article:published_time\" content=\"2025-10-06T19:15:48+00:00\" \/>\n<meta property=\"article:modified_time\" content=\"2025-10-06T19:26:14+00:00\" \/>\n<meta property=\"og:image\" content=\"https:\/\/buletin.de\/bucuresti\/wp-content\/uploads\/2025\/10\/studenta-cameruneza.png\" \/>\n\t<meta property=\"og:image:width\" content=\"1022\" \/>\n\t<meta property=\"og:image:height\" content=\"492\" \/>\n\t<meta property=\"og:image:type\" content=\"image\/png\" \/>\n<meta name=\"author\" content=\"Redac\u021bia Buletin de Bucure\u0219ti\" \/>\n<meta name=\"twitter:card\" content=\"summary_large_image\" \/>\n<meta name=\"twitter:label1\" content=\"Written by\" \/>\n\t<meta name=\"twitter:data1\" content=\"Redac\u021bia Buletin de Bucure\u0219ti\" \/>\n\t<meta name=\"twitter:label2\" content=\"Estimated reading time\" \/>\n\t<meta name=\"twitter:data2\" content=\"3 minutes\" \/>\n<script type=\"application\/ld+json\" class=\"yoast-schema-graph\">{\"@context\":\"https:\\\/\\\/schema.org\",\"@graph\":[{\"@type\":\"Article\",\"@id\":\"https:\\\/\\\/buletin.de\\\/bucuresti\\\/un-nou-caz-de-rasism-in-bucuresti-o-soferita-de-ride-sharing-a-refuzat-sa-transporte-o-studenta-cameruneza\\\/#article\",\"isPartOf\":{\"@id\":\"https:\\\/\\\/buletin.de\\\/bucuresti\\\/un-nou-caz-de-rasism-in-bucuresti-o-soferita-de-ride-sharing-a-refuzat-sa-transporte-o-studenta-cameruneza\\\/\"},\"author\":{\"name\":\"Redac\u021bia Buletin de Bucure\u0219ti\",\"@id\":\"https:\\\/\\\/buletin.de\\\/bucuresti\\\/#\\\/schema\\\/person\\\/2bbcf854e5f2419a13804af574d06ab1\"},\"headline\":\"Un nou caz de rasism \u00een Bucure\u0219ti. O \u0219oferi\u021b\u0103 de ride-sharing a refuzat s\u0103 transporte o student\u0103 camerunez\u0103\",\"datePublished\":\"2025-10-06T19:15:48+00:00\",\"dateModified\":\"2025-10-06T19:26:14+00:00\",\"mainEntityOfPage\":{\"@id\":\"https:\\\/\\\/buletin.de\\\/bucuresti\\\/un-nou-caz-de-rasism-in-bucuresti-o-soferita-de-ride-sharing-a-refuzat-sa-transporte-o-studenta-cameruneza\\\/\"},\"wordCount\":511,\"publisher\":{\"@id\":\"https:\\\/\\\/buletin.de\\\/bucuresti\\\/#organization\"},\"image\":{\"@id\":\"https:\\\/\\\/buletin.de\\\/bucuresti\\\/un-nou-caz-de-rasism-in-bucuresti-o-soferita-de-ride-sharing-a-refuzat-sa-transporte-o-studenta-cameruneza\\\/#primaryimage\"},\"thumbnailUrl\":\"https:\\\/\\\/buletin.de\\\/bucuresti\\\/wp-content\\\/uploads\\\/2025\\\/10\\\/studenta-cameruneza.png\",\"keywords\":[\"Cindy Joyce Tenesso\",\"rasism in bucuresti\",\"studenta cameruneza\"],\"articleSection\":[\"Articole\",\"Eveniment\",\"\u0218tiri\"],\"inLanguage\":\"en-GB\",\"copyrightYear\":\"2025\",\"copyrightHolder\":{\"@id\":\"https:\\\/\\\/buletin.de\\\/bucuresti\\\/#organization\"}},{\"@type\":\"WebPage\",\"@id\":\"https:\\\/\\\/buletin.de\\\/bucuresti\\\/un-nou-caz-de-rasism-in-bucuresti-o-soferita-de-ride-sharing-a-refuzat-sa-transporte-o-studenta-cameruneza\\\/\",\"url\":\"https:\\\/\\\/buletin.de\\\/bucuresti\\\/un-nou-caz-de-rasism-in-bucuresti-o-soferita-de-ride-sharing-a-refuzat-sa-transporte-o-studenta-cameruneza\\\/\",\"name\":\"Un nou caz de rasism \u00een Bucure\u0219ti. O \u0219oferi\u021b\u0103 de ride-sharing a refuzat s\u0103 transporte o student\u0103 camerunez\u0103 - Buletin de Bucure\u0219ti\",\"isPartOf\":{\"@id\":\"https:\\\/\\\/buletin.de\\\/bucuresti\\\/#website\"},\"primaryImageOfPage\":{\"@id\":\"https:\\\/\\\/buletin.de\\\/bucuresti\\\/un-nou-caz-de-rasism-in-bucuresti-o-soferita-de-ride-sharing-a-refuzat-sa-transporte-o-studenta-cameruneza\\\/#primaryimage\"},\"image\":{\"@id\":\"https:\\\/\\\/buletin.de\\\/bucuresti\\\/un-nou-caz-de-rasism-in-bucuresti-o-soferita-de-ride-sharing-a-refuzat-sa-transporte-o-studenta-cameruneza\\\/#primaryimage\"},\"thumbnailUrl\":\"https:\\\/\\\/buletin.de\\\/bucuresti\\\/wp-content\\\/uploads\\\/2025\\\/10\\\/studenta-cameruneza.png\",\"datePublished\":\"2025-10-06T19:15:48+00:00\",\"dateModified\":\"2025-10-06T19:26:14+00:00\",\"description\":\"Rasism \u00een Bucure\u0219ti. O student\u0103 camerunez\u0103 a filmat-o pe o \u0219oferi\u021b\u0103 de ride-sharing, care a refuzat s\u0103 o transporte.\",\"breadcrumb\":{\"@id\":\"https:\\\/\\\/buletin.de\\\/bucuresti\\\/un-nou-caz-de-rasism-in-bucuresti-o-soferita-de-ride-sharing-a-refuzat-sa-transporte-o-studenta-cameruneza\\\/#breadcrumb\"},\"inLanguage\":\"en-GB\",\"potentialAction\":[{\"@type\":\"ReadAction\",\"target\":[\"https:\\\/\\\/buletin.de\\\/bucuresti\\\/un-nou-caz-de-rasism-in-bucuresti-o-soferita-de-ride-sharing-a-refuzat-sa-transporte-o-studenta-cameruneza\\\/\"]}]},{\"@type\":\"ImageObject\",\"inLanguage\":\"en-GB\",\"@id\":\"https:\\\/\\\/buletin.de\\\/bucuresti\\\/un-nou-caz-de-rasism-in-bucuresti-o-soferita-de-ride-sharing-a-refuzat-sa-transporte-o-studenta-cameruneza\\\/#primaryimage\",\"url\":\"https:\\\/\\\/buletin.de\\\/bucuresti\\\/wp-content\\\/uploads\\\/2025\\\/10\\\/studenta-cameruneza.png\",\"contentUrl\":\"https:\\\/\\\/buletin.de\\\/bucuresti\\\/wp-content\\\/uploads\\\/2025\\\/10\\\/studenta-cameruneza.png\",\"width\":1022,\"height\":492,\"caption\":\"Cindy Joyce Tenesso. Captur\u0103 Digi24\"},{\"@type\":\"BreadcrumbList\",\"@id\":\"https:\\\/\\\/buletin.de\\\/bucuresti\\\/un-nou-caz-de-rasism-in-bucuresti-o-soferita-de-ride-sharing-a-refuzat-sa-transporte-o-studenta-cameruneza\\\/#breadcrumb\",\"itemListElement\":[{\"@type\":\"ListItem\",\"position\":1,\"name\":\"Acas\u0103\",\"item\":\"https:\\\/\\\/buletin.de\\\/bucuresti\\\/\"},{\"@type\":\"ListItem\",\"position\":2,\"name\":\"Un nou caz de rasism \u00een Bucure\u0219ti. O \u0219oferi\u021b\u0103 de ride-sharing a refuzat s\u0103 transporte o student\u0103 camerunez\u0103\"}]},{\"@type\":\"WebSite\",\"@id\":\"https:\\\/\\\/buletin.de\\\/bucuresti\\\/#website\",\"url\":\"https:\\\/\\\/buletin.de\\\/bucuresti\\\/\",\"name\":\"Buletin de Bucure\u0219ti\",\"description\":\"\u0218tiri \u0219i investiga\u021bii esen\u021biale din capital\u0103\",\"publisher\":{\"@id\":\"https:\\\/\\\/buletin.de\\\/bucuresti\\\/#organization\"},\"potentialAction\":[{\"@type\":\"SearchAction\",\"target\":{\"@type\":\"EntryPoint\",\"urlTemplate\":\"https:\\\/\\\/buletin.de\\\/bucuresti\\\/?s={search_term_string}\"},\"query-input\":{\"@type\":\"PropertyValueSpecification\",\"valueRequired\":true,\"valueName\":\"search_term_string\"}}],\"inLanguage\":\"en-GB\"},{\"@type\":\"Organization\",\"@id\":\"https:\\\/\\\/buletin.de\\\/bucuresti\\\/#organization\",\"name\":\"Buletin de Bucure\u0219ti\",\"url\":\"https:\\\/\\\/buletin.de\\\/bucuresti\\\/\",\"logo\":{\"@type\":\"ImageObject\",\"inLanguage\":\"en-GB\",\"@id\":\"https:\\\/\\\/buletin.de\\\/bucuresti\\\/#\\\/schema\\\/logo\\\/image\\\/\",\"url\":\"https:\\\/\\\/buletin.de\\\/bucuresti\\\/wp-content\\\/uploads\\\/logo-bdb-full-wide-vernil-transparent.png\",\"contentUrl\":\"https:\\\/\\\/buletin.de\\\/bucuresti\\\/wp-content\\\/uploads\\\/logo-bdb-full-wide-vernil-transparent.png\",\"width\":1782,\"height\":626,\"caption\":\"Buletin de Bucure\u0219ti\"},\"image\":{\"@id\":\"https:\\\/\\\/buletin.de\\\/bucuresti\\\/#\\\/schema\\\/logo\\\/image\\\/\"},\"sameAs\":[\"https:\\\/\\\/www.facebook.com\\\/buletin.de.buc\",\"https:\\\/\\\/www.instagram.com\\\/buletinde.bucuresti\\\/\"]},{\"@type\":\"Person\",\"@id\":\"https:\\\/\\\/buletin.de\\\/bucuresti\\\/#\\\/schema\\\/person\\\/2bbcf854e5f2419a13804af574d06ab1\",\"name\":\"Redac\u021bia Buletin de Bucure\u0219ti\",\"image\":{\"@type\":\"ImageObject\",\"inLanguage\":\"en-GB\",\"@id\":\"https:\\\/\\\/secure.gravatar.com\\\/avatar\\\/18c5342381ed1a08620e6280424e3e5efc958618f5d67c522c9e44c1bc6f9226?s=96&d=monsterid&r=g60c7cd0ad92c68c049fcd4bb3504d609\",\"url\":\"https:\\\/\\\/secure.gravatar.com\\\/avatar\\\/18c5342381ed1a08620e6280424e3e5efc958618f5d67c522c9e44c1bc6f9226?s=96&d=monsterid&r=g\",\"contentUrl\":\"https:\\\/\\\/secure.gravatar.com\\\/avatar\\\/18c5342381ed1a08620e6280424e3e5efc958618f5d67c522c9e44c1bc6f9226?s=96&d=monsterid&r=g\",\"caption\":\"Redac\u021bia Buletin de Bucure\u0219ti\"},\"description\":\"Buletin de Bucure\u0219ti exist\u0103 din vara anului 2019.\",\"url\":\"https:\\\/\\\/buletin.de\\\/bucuresti\\\/author\\\/adminbuletin\\\/\"}]}<\/script>\n<!-- \/ Yoast SEO Premium plugin. -->","yoast_head_json":{"title":"Un nou caz de rasism \u00een Bucure\u0219ti. O \u0219oferi\u021b\u0103 de ride-sharing a refuzat s\u0103 transporte o student\u0103 camerunez\u0103 - Buletin de Bucure\u0219ti","description":"Rasism \u00een Bucure\u0219ti. O student\u0103 camerunez\u0103 a filmat-o pe o \u0219oferi\u021b\u0103 de ride-sharing, care a refuzat s\u0103 o transporte.","robots":{"index":"index","follow":"follow","max-snippet":"max-snippet:-1","max-image-preview":"max-image-preview:large","max-video-preview":"max-video-preview:-1"},"canonical":"https:\/\/buletin.de\/bucuresti\/un-nou-caz-de-rasism-in-bucuresti-o-soferita-de-ride-sharing-a-refuzat-sa-transporte-o-studenta-cameruneza\/","og_locale":"en_GB","og_type":"article","og_title":"Un nou caz de rasism \u00een Bucure\u0219ti. O \u0219oferi\u021b\u0103 de ride-sharing a refuzat s\u0103 transporte o student\u0103 camerunez\u0103","og_description":"Rasism \u00een Bucure\u0219ti. O student\u0103 camerunez\u0103 a filmat-o pe o \u0219oferi\u021b\u0103 de ride-sharing, care a refuzat s\u0103 o transporte.","og_url":"https:\/\/buletin.de\/bucuresti\/un-nou-caz-de-rasism-in-bucuresti-o-soferita-de-ride-sharing-a-refuzat-sa-transporte-o-studenta-cameruneza\/","og_site_name":"Buletin de Bucure\u0219ti","article_publisher":"https:\/\/www.facebook.com\/buletin.de.buc","article_published_time":"2025-10-06T19:15:48+00:00","article_modified_time":"2025-10-06T19:26:14+00:00","og_image":[{"width":1022,"height":492,"url":"https:\/\/buletin.de\/bucuresti\/wp-content\/uploads\/2025\/10\/studenta-cameruneza.png","type":"image\/png"}],"author":"Redac\u021bia Buletin de Bucure\u0219ti","twitter_card":"summary_large_image","twitter_misc":{"Written by":"Redac\u021bia Buletin de Bucure\u0219ti","Estimated reading time":"3 minutes"},"schema":{"@context":"https:\/\/schema.org","@graph":[{"@type":"Article","@id":"https:\/\/buletin.de\/bucuresti\/un-nou-caz-de-rasism-in-bucuresti-o-soferita-de-ride-sharing-a-refuzat-sa-transporte-o-studenta-cameruneza\/#article","isPartOf":{"@id":"https:\/\/buletin.de\/bucuresti\/un-nou-caz-de-rasism-in-bucuresti-o-soferita-de-ride-sharing-a-refuzat-sa-transporte-o-studenta-cameruneza\/"},"author":{"name":"Redac\u021bia Buletin de Bucure\u0219ti","@id":"https:\/\/buletin.de\/bucuresti\/#\/schema\/person\/2bbcf854e5f2419a13804af574d06ab1"},"headline":"Un nou caz de rasism \u00een Bucure\u0219ti. O \u0219oferi\u021b\u0103 de ride-sharing a refuzat s\u0103 transporte o student\u0103 camerunez\u0103","datePublished":"2025-10-06T19:15:48+00:00","dateModified":"2025-10-06T19:26:14+00:00","mainEntityOfPage":{"@id":"https:\/\/buletin.de\/bucuresti\/un-nou-caz-de-rasism-in-bucuresti-o-soferita-de-ride-sharing-a-refuzat-sa-transporte-o-studenta-cameruneza\/"},"wordCount":511,"publisher":{"@id":"https:\/\/buletin.de\/bucuresti\/#organization"},"image":{"@id":"https:\/\/buletin.de\/bucuresti\/un-nou-caz-de-rasism-in-bucuresti-o-soferita-de-ride-sharing-a-refuzat-sa-transporte-o-studenta-cameruneza\/#primaryimage"},"thumbnailUrl":"https:\/\/buletin.de\/bucuresti\/wp-content\/uploads\/2025\/10\/studenta-cameruneza.png","keywords":["Cindy Joyce Tenesso","rasism in bucuresti","studenta cameruneza"],"articleSection":["Articole","Eveniment","\u0218tiri"],"inLanguage":"en-GB","copyrightYear":"2025","copyrightHolder":{"@id":"https:\/\/buletin.de\/bucuresti\/#organization"}},{"@type":"WebPage","@id":"https:\/\/buletin.de\/bucuresti\/un-nou-caz-de-rasism-in-bucuresti-o-soferita-de-ride-sharing-a-refuzat-sa-transporte-o-studenta-cameruneza\/","url":"https:\/\/buletin.de\/bucuresti\/un-nou-caz-de-rasism-in-bucuresti-o-soferita-de-ride-sharing-a-refuzat-sa-transporte-o-studenta-cameruneza\/","name":"Un nou caz de rasism \u00een Bucure\u0219ti. O \u0219oferi\u021b\u0103 de ride-sharing a refuzat s\u0103 transporte o student\u0103 camerunez\u0103 - Buletin de Bucure\u0219ti","isPartOf":{"@id":"https:\/\/buletin.de\/bucuresti\/#website"},"primaryImageOfPage":{"@id":"https:\/\/buletin.de\/bucuresti\/un-nou-caz-de-rasism-in-bucuresti-o-soferita-de-ride-sharing-a-refuzat-sa-transporte-o-studenta-cameruneza\/#primaryimage"},"image":{"@id":"https:\/\/buletin.de\/bucuresti\/un-nou-caz-de-rasism-in-bucuresti-o-soferita-de-ride-sharing-a-refuzat-sa-transporte-o-studenta-cameruneza\/#primaryimage"},"thumbnailUrl":"https:\/\/buletin.de\/bucuresti\/wp-content\/uploads\/2025\/10\/studenta-cameruneza.png","datePublished":"2025-10-06T19:15:48+00:00","dateModified":"2025-10-06T19:26:14+00:00","description":"Rasism \u00een Bucure\u0219ti. O student\u0103 camerunez\u0103 a filmat-o pe o \u0219oferi\u021b\u0103 de ride-sharing, care a refuzat s\u0103 o transporte.","breadcrumb":{"@id":"https:\/\/buletin.de\/bucuresti\/un-nou-caz-de-rasism-in-bucuresti-o-soferita-de-ride-sharing-a-refuzat-sa-transporte-o-studenta-cameruneza\/#breadcrumb"},"inLanguage":"en-GB","potentialAction":[{"@type":"ReadAction","target":["https:\/\/buletin.de\/bucuresti\/un-nou-caz-de-rasism-in-bucuresti-o-soferita-de-ride-sharing-a-refuzat-sa-transporte-o-studenta-cameruneza\/"]}]},{"@type":"ImageObject","inLanguage":"en-GB","@id":"https:\/\/buletin.de\/bucuresti\/un-nou-caz-de-rasism-in-bucuresti-o-soferita-de-ride-sharing-a-refuzat-sa-transporte-o-studenta-cameruneza\/#primaryimage","url":"https:\/\/buletin.de\/bucuresti\/wp-content\/uploads\/2025\/10\/studenta-cameruneza.png","contentUrl":"https:\/\/buletin.de\/bucuresti\/wp-content\/uploads\/2025\/10\/studenta-cameruneza.png","width":1022,"height":492,"caption":"Cindy Joyce Tenesso. Captur\u0103 Digi24"},{"@type":"BreadcrumbList","@id":"https:\/\/buletin.de\/bucuresti\/un-nou-caz-de-rasism-in-bucuresti-o-soferita-de-ride-sharing-a-refuzat-sa-transporte-o-studenta-cameruneza\/#breadcrumb","itemListElement":[{"@type":"ListItem","position":1,"name":"Acas\u0103","item":"https:\/\/buletin.de\/bucuresti\/"},{"@type":"ListItem","position":2,"name":"Un nou caz de rasism \u00een Bucure\u0219ti. O \u0219oferi\u021b\u0103 de ride-sharing a refuzat s\u0103 transporte o student\u0103 camerunez\u0103"}]},{"@type":"WebSite","@id":"https:\/\/buletin.de\/bucuresti\/#website","url":"https:\/\/buletin.de\/bucuresti\/","name":"Buletin de Bucure\u0219ti","description":"\u0218tiri \u0219i investiga\u021bii esen\u021biale din capital\u0103","publisher":{"@id":"https:\/\/buletin.de\/bucuresti\/#organization"},"potentialAction":[{"@type":"SearchAction","target":{"@type":"EntryPoint","urlTemplate":"https:\/\/buletin.de\/bucuresti\/?s={search_term_string}"},"query-input":{"@type":"PropertyValueSpecification","valueRequired":true,"valueName":"search_term_string"}}],"inLanguage":"en-GB"},{"@type":"Organization","@id":"https:\/\/buletin.de\/bucuresti\/#organization","name":"Buletin de Bucure\u0219ti","url":"https:\/\/buletin.de\/bucuresti\/","logo":{"@type":"ImageObject","inLanguage":"en-GB","@id":"https:\/\/buletin.de\/bucuresti\/#\/schema\/logo\/image\/","url":"https:\/\/buletin.de\/bucuresti\/wp-content\/uploads\/logo-bdb-full-wide-vernil-transparent.png","contentUrl":"https:\/\/buletin.de\/bucuresti\/wp-content\/uploads\/logo-bdb-full-wide-vernil-transparent.png","width":1782,"height":626,"caption":"Buletin de Bucure\u0219ti"},"image":{"@id":"https:\/\/buletin.de\/bucuresti\/#\/schema\/logo\/image\/"},"sameAs":["https:\/\/www.facebook.com\/buletin.de.buc","https:\/\/www.instagram.com\/buletinde.bucuresti\/"]},{"@type":"Person","@id":"https:\/\/buletin.de\/bucuresti\/#\/schema\/person\/2bbcf854e5f2419a13804af574d06ab1","name":"Redac\u021bia Buletin de Bucure\u0219ti","image":{"@type":"ImageObject","inLanguage":"en-GB","@id":"https:\/\/secure.gravatar.com\/avatar\/18c5342381ed1a08620e6280424e3e5efc958618f5d67c522c9e44c1bc6f9226?s=96&d=monsterid&r=g60c7cd0ad92c68c049fcd4bb3504d609","url":"https:\/\/secure.gravatar.com\/avatar\/18c5342381ed1a08620e6280424e3e5efc958618f5d67c522c9e44c1bc6f9226?s=96&d=monsterid&r=g","contentUrl":"https:\/\/secure.gravatar.com\/avatar\/18c5342381ed1a08620e6280424e3e5efc958618f5d67c522c9e44c1bc6f9226?s=96&d=monsterid&r=g","caption":"Redac\u021bia Buletin de Bucure\u0219ti"},"description":"Buletin de Bucure\u0219ti exist\u0103 din vara anului 2019.","url":"https:\/\/buletin.de\/bucuresti\/author\/adminbuletin\/"}]}},"authors":[{"term_id":22583,"user_id":1,"is_guest":0,"slug":"adminbuletin","display_name":"Redac\u021bia Buletin de Bucure\u0219ti","avatar_url":"https:\/\/secure.gravatar.com\/avatar\/18c5342381ed1a08620e6280424e3e5efc958618f5d67c522c9e44c1bc6f9226?s=96&d=monsterid&r=g","0":null,"1":"","2":"","3":"","4":"","5":"","6":"","7":"","8":""}],"_links":{"self":[{"href":"https:\/\/buletin.de\/bucuresti\/wp-json\/wp\/v2\/posts\/151074","targetHints":{"allow":["GET"]}}],"collection":[{"href":"https:\/\/buletin.de\/bucuresti\/wp-json\/wp\/v2\/posts"}],"about":[{"href":"https:\/\/buletin.de\/bucuresti\/wp-json\/wp\/v2\/types\/post"}],"author":[{"embeddable":true,"href":"https:\/\/buletin.de\/bucuresti\/wp-json\/wp\/v2\/users\/1"}],"replies":[{"embeddable":true,"href":"https:\/\/buletin.de\/bucuresti\/wp-json\/wp\/v2\/comments?post=151074"}],"version-history":[{"count":7,"href":"https:\/\/buletin.de\/bucuresti\/wp-json\/wp\/v2\/posts\/151074\/revisions"}],"predecessor-version":[{"id":151087,"href":"https:\/\/buletin.de\/bucuresti\/wp-json\/wp\/v2\/posts\/151074\/revisions\/151087"}],"wp:featuredmedia":[{"embeddable":true,"href":"https:\/\/buletin.de\/bucuresti\/wp-json\/wp\/v2\/media\/151078"}],"wp:attachment":[{"href":"https:\/\/buletin.de\/bucuresti\/wp-json\/wp\/v2\/media?parent=151074"}],"wp:term":[{"taxonomy":"category","embeddable":true,"href":"https:\/\/buletin.de\/bucuresti\/wp-json\/wp\/v2\/categories?post=151074"},{"taxonomy":"post_tag","embeddable":true,"href":"https:\/\/buletin.de\/bucuresti\/wp-json\/wp\/v2\/tags?post=151074"},{"taxonomy":"author","embeddable":true,"href":"https:\/\/buletin.de\/bucuresti\/wp-json\/wp\/v2\/ppma_author?post=151074"}],"curies":[{"name":"wp","href":"https:\/\/api.w.org\/{rel}","templated":true}]}}