{"id":150939,"date":"2025-10-06T12:32:23","date_gmt":"2025-10-06T09:32:23","guid":{"rendered":"https:\/\/buletin.de\/bucuresti\/?p=150939"},"modified":"2025-10-06T12:32:23","modified_gmt":"2025-10-06T09:32:23","slug":"campanie-de-donare-de-sange-la-primaria-capitalei-pe-17-octombrie-unde-se-pot-inscrie-cei-interesati","status":"publish","type":"post","link":"https:\/\/buletin.de\/bucuresti\/campanie-de-donare-de-sange-la-primaria-capitalei-pe-17-octombrie-unde-se-pot-inscrie-cei-interesati\/","title":{"rendered":"Campanie de donare de s\u00e2nge la Prim\u0103ria Capitalei, pe 17 octombrie. Unde se pot \u00eenscrie cei interesa\u021bi"},"content":{"rendered":"\n<p><strong>Prim\u0103ria Municipiului Bucure\u0219ti (PMB) a anun\u021bat o nou\u0103 campanie de donare de s\u00e2nge, \u00eempreun\u0103 cu Centrul de Transfuzie Sanguin\u0103 Bucure\u0219ti. <\/strong><\/p>\n\n\n\n<p><strong>Evenimentul va avea loc pe 17 octombrie 2025, la sediul Prim\u0103riei Capitalei, situat pe B-dul Regina Elisabeta nr. 47, \u00eentre orele 08:30  &#8211; 12:30. <\/strong><\/p>\n\n\n\n<h2 class=\"wp-block-heading\" id=\"h-primaria-capitalei-organizeaza-o-campanie-de-donare-de-sange\">Prim\u0103ria Capitalei organizeaz\u0103 o campanie de donare de s\u00e2nge <\/h2>\n\n\n\n<p>La<a href=\"https:\/\/buletin.de\/bucuresti\/donare-de-sange-la-primaria-capitalei-pe-11-septembrie\/\" target=\"_blank\" rel=\"noreferrer noopener\"> campania de donare de s\u00e2nge<\/a> organizat\u0103 de <a href=\"https:\/\/www.pmb.ro\/interes-public\/arhiva\/get-press-releases-menu\/2025\/1736\" target=\"_blank\" rel=\"noreferrer noopener\">PMB <\/a>pot participa persoanele care se \u00eenscriu pe urm\u0103torul link: <a href=\"https:\/\/doneaza-sange.pmb.ro\/17-10-2025\">https:\/\/doneaza-sange.pmb.ro\/17-10-2025<\/a>. Dup\u0103 \u00eenscriere, participarea va fi confirmat\u0103 telefonic.<\/p>\n\n\n\n<p>Prim\u0103ria Municipiului Bucure\u0219ti \u0219i Centrul de Transfuzie Sanguin\u0103 \u00eei \u00eencurajeaz\u0103 pe bucure\u0219teni s\u0103 doneze s\u00e2nge \u00een mod regulat, \u00eentruc\u00e2t acest gest poate salva vie\u021bi. <\/p>\n\n\n\n<p>Poate dona s\u00e2nge orice persoan\u0103 s\u0103n\u0103toas\u0103, care are v\u00e2rsta cuprins\u0103 \u00eentre 18 \u0219i 60 de ani, care nu are afec\u021biuni cronice sau boli transmisibile.<\/p>\n\n\n\n<h4 class=\"wp-block-heading\" id=\"h-condi\u021bii-pentru-a-putea-dona-sange\">Condi\u021bii pentru a putea dona s\u00e2nge <\/h4>\n\n\n\n<p>Exist\u0103 mai multe criterii stabilite de<a href=\"https:\/\/www.ctsbucuresti.ro\/conditii_admisibilitate.html\" target=\"_blank\" rel=\"noreferrer noopener\"> Centrul de Transfuzie Sanguin\u0103 Bucure\u0219ti <\/a>pentru a putea dona s\u00e2nge. Acestea au fost impuse at\u00e2t pentru protec\u021bia donatorului, c\u00e2t \u0219i pentru cea a persoanelor care urmeaz\u0103 s\u0103 primeasc\u0103 s\u00e2ngele. <\/p>\n\n\n\n<p><strong>Donatorul trebuie s\u0103 aib\u0103 v\u00e2rsta cuprins\u0103 \u00een intervalul 18 &#8211; 60 de ani, greutatea peste 50 de kilograme \u0219i pulsul regulat, de 60 &#8211; 100 de b\u0103t\u0103i pe minut. Tensiunea arterial\u0103 sistolic\u0103 trebuie s\u0103 fie cuprins\u0103 \u00eentre 100 \u0219i 180 mmHg.<\/strong><\/p>\n\n\n\n<p>De asemenea, donatorul nu trebuie s\u0103 fi suferit, \u00een ultimele 6 luni, interven\u021bii chirurgicale. Femeile nu trebuie s\u0103 fie \u00eens\u0103rcinate, \u00een perioada de l\u0103uzie, \u00een perioada menstrual\u0103 sau \u00een primele 5 zile dup\u0103 finalizarea menstrua\u021biei. <\/p>\n\n\n\n<p>Persoanele care vor s\u0103 doneze s\u00e2nge nu trebuie s\u0103 fi consumat b\u0103uturi alcoolice cu cel pu\u021bin 72 de ore \u00eenainte de donare \u0219i s\u0103 nu fie sub tratament pentru diverse afec\u021biuni (hipertensiune, boli de inim\u0103, boli renale, boli psihice, boli hepatice \u0219i boli endocrine). <\/p>\n\n\n\n<p><strong>Pentru a putea dona s\u00e2nge, nu trebuie s\u0103 ai sau s\u0103 fi avut urm\u0103toarele boli: <\/strong><\/p>\n\n\n\n<ul class=\"wp-block-list\">\n<li>hepatit\u0103 (de orice tip);<\/li>\n\n\n\n<li>TBC;<\/li>\n\n\n\n<li>sifilis;<\/li>\n\n\n\n<li>malarie;<\/li>\n\n\n\n<li>epilepsie si alte boli neurologice;<\/li>\n\n\n\n<li>boli psihice;<\/li>\n\n\n\n<li>bruceloz\u0103;<\/li>\n\n\n\n<li>ulcer;<\/li>\n\n\n\n<li>diabet zaharat;<\/li>\n\n\n\n<li>boli de inim\u0103;<\/li>\n\n\n\n<li>boli de piele: psoriazis, vitiligo;<\/li>\n\n\n\n<li>miopie forte &#8211; peste (-) 6 dioptrii;<\/li>\n\n\n\n<li>cancer.<\/li>\n<\/ul>\n\n\n\n<h2 class=\"wp-block-heading\" id=\"h-contraindica\u021bii-temporare-\u0219i-permanente-pentru-donarea-de-sange\">Contraindica\u021bii temporare \u0219i permanente pentru donarea de s\u00e2nge <\/h2>\n\n\n\n<p><strong>Cei care vor s\u0103 doneze s\u00e2nge trebuie s\u0103 \u021bin\u0103 cont \u0219i de contraindica\u021biile temporare, dup\u0103 cum urmeaz\u0103: <\/strong><\/p>\n\n\n\n<ul class=\"wp-block-list\">\n<li>boli infec\u0163ioase (grip\u0103 , infectii bacteriene);<\/li>\n\n\n\n<li>anemie; examinare endoscopic\u0103, transfuzii, interven\u0163ii chirurgicale, tatuaje, contact apropiat cu persoane cu hepatit\u0103, HIV;<\/li>\n\n\n\n<li>vaccin\u0103ri; sarcin\u0103, al\u0103ptare; tratamente dentare;<\/li>\n\n\n\n<li>consum de alcool \u00een ultimele 48 de ore;<\/li>\n\n\n\n<li>consum de medicamente.<\/li>\n<\/ul>\n\n\n\n<p><strong>Totodat\u0103, exist\u0103 \u0219i criterii de excludere permanent\u0103. Acestea sunt urm\u0103toarele: <\/strong><\/p>\n\n\n\n<ul class=\"wp-block-list\">\n<li>afec\u0163iuni cardiovasculare (inclusiv hipertensiunea arterial\u0103 cronic\u0103 \u00een tratament, angina pectoral\u0103); traumatisme craniene cu sechele; etilism cronic; schizofrenie; epilepsie; hepatit\u0103 cronic\u0103, ciroz\u0103 hepatic\u0103; sifilis; pancreatit\u0103; cancer, leucemii; diabet zaharat; tuberculoz\u0103<\/li>\n\n\n\n<li>hiperlipidemie; astm bron\u015fic; alergia sever\u0103; boli endocrine; lupus eritematos diseminat \u015fi alte colagenoze; psoriazis generalizat<\/li>\n\n\n\n<li>persoanele pensionate medical, indiferent de diagnosticul de pensionare.<\/li>\n<\/ul>\n\n\n\n<p><strong>Centrul de Transfuzie Sanguin\u0103 Bucure\u0219ti a \u00eentocmit \u0219i c\u00e2teva criterii suplimentare de excludere pentru donatorii de componente sanguine prin aferez\u0103. <\/strong><\/p>\n\n\n\n<ul class=\"wp-block-list\">\n<li>trombocite &lt; 200000\/mmc;<\/li>\n\n\n\n<li>pat vascular necorespunz\u0103tor;<\/li>\n\n\n\n<li>hipocalcemie;<\/li>\n\n\n\n<li>tratament cu antiagregante plachetare \u00een ultimele 7 zile, corticosteroizi, anticoagulante.<\/li>\n<\/ul>\n\n\n\n<p>CITE\u0218TE \u0218I <a href=\"https:\/\/buletin.de\/bucuresti\/termoficare-a-fost-pornita-caldura-in-bucuresti-unde-va-fi-in-continuare-frig-in-apartamente\/\" target=\"_blank\" rel=\"noreferrer noopener\">TERMOFICARE | A fost pornit\u0103 c\u0103ldura \u00een Bucure\u0219ti. Unde va fi \u00een continuare frig \u00een apartamente<\/a><\/p>\n\n\n\n<p><\/p>\n","protected":false},"excerpt":{"rendered":"<p>Prim\u0103ria Municipiului Bucure\u0219ti (PMB) a anun\u021bat o nou\u0103 campanie de donare de s\u00e2nge, \u00eempreun\u0103 cu Centrul de Transfuzie Sanguin\u0103 Bucure\u0219ti. Evenimentul va avea loc pe 17 octombrie 2025, la sediul Prim\u0103riei Capitalei, situat pe B-dul Regina Elisabeta nr. 47, \u00eentre orele 08:30 &#8211; 12:30. Prim\u0103ria Capitalei organizeaz\u0103 o campanie de donare de s\u00e2nge La campania [&hellip;]<\/p>\n","protected":false},"author":65,"featured_media":150959,"comment_status":"closed","ping_status":"open","sticky":false,"template":"","format":"standard","meta":{"_acf_changed":false,"inline_featured_image":false,"ngg_post_thumbnail":0,"footnotes":""},"categories":[6994,5762,4],"tags":[9070,9071,104,276],"ppma_author":[23912],"class_list":["post-150939","post","type-post","status-publish","format-standard","has-post-thumbnail","hentry","category-stiri-2","category-main","category-sanatate","tag-centrul-de-transfuzie-sanguina","tag-donare-de-sange","tag-pmb","tag-primaria-bucuresti"],"acf":[],"yoast_head":"<!-- This site is optimized with the Yoast SEO Premium plugin v25.3 (Yoast SEO v27.4) - https:\/\/yoast.com\/product\/yoast-seo-premium-wordpress\/ -->\n<title>Campanie de donare de s\u00e2nge la Prim\u0103ria Capitalei, pe 17 octombrie. Unde se pot \u00eenscrie cei interesa\u021bi - Buletin de Bucure\u0219ti<\/title>\n<meta name=\"description\" content=\"Prim\u0103ria Municipiului Bucure\u0219ti (PMB) a anun\u021bat o nou\u0103 campanie de donare de s\u00e2nge, \u00eempreun\u0103 cu Centrul de Transfuzie Sanguin\u0103 Bucure\u0219ti.\" \/>\n<meta name=\"robots\" content=\"index, follow, max-snippet:-1, max-image-preview:large, max-video-preview:-1\" \/>\n<link rel=\"canonical\" href=\"https:\/\/buletin.de\/bucuresti\/campanie-de-donare-de-sange-la-primaria-capitalei-pe-17-octombrie-unde-se-pot-inscrie-cei-interesati\/\" \/>\n<meta property=\"og:locale\" content=\"en_GB\" \/>\n<meta property=\"og:type\" content=\"article\" \/>\n<meta property=\"og:title\" content=\"Campanie de donare de s\u00e2nge la Prim\u0103ria Capitalei, pe 17 octombrie. Unde se pot \u00eenscrie cei interesa\u021bi\" \/>\n<meta property=\"og:description\" content=\"Prim\u0103ria Municipiului Bucure\u0219ti (PMB) a anun\u021bat o nou\u0103 campanie de donare de s\u00e2nge, \u00eempreun\u0103 cu Centrul de Transfuzie Sanguin\u0103 Bucure\u0219ti.\" \/>\n<meta property=\"og:url\" content=\"https:\/\/buletin.de\/bucuresti\/campanie-de-donare-de-sange-la-primaria-capitalei-pe-17-octombrie-unde-se-pot-inscrie-cei-interesati\/\" \/>\n<meta property=\"og:site_name\" content=\"Buletin de Bucure\u0219ti\" \/>\n<meta property=\"article:publisher\" content=\"https:\/\/www.facebook.com\/buletin.de.buc\" \/>\n<meta property=\"article:published_time\" content=\"2025-10-06T09:32:23+00:00\" \/>\n<meta property=\"og:image\" content=\"https:\/\/buletin.de\/bucuresti\/wp-content\/uploads\/2025\/10\/ID318910_INQUAM_Photos_George_Calin-scaled.jpg\" \/>\n\t<meta property=\"og:image:width\" content=\"2560\" \/>\n\t<meta property=\"og:image:height\" content=\"1708\" \/>\n\t<meta property=\"og:image:type\" content=\"image\/jpeg\" \/>\n<meta name=\"author\" content=\"Andreea St\u0103n\u0103r\u00eeng\u0103\" \/>\n<meta name=\"twitter:card\" content=\"summary_large_image\" \/>\n<meta name=\"twitter:label1\" content=\"Written by\" \/>\n\t<meta name=\"twitter:data1\" content=\"Andreea St\u0103n\u0103r\u00eeng\u0103\" \/>\n\t<meta name=\"twitter:label2\" content=\"Estimated reading time\" \/>\n\t<meta name=\"twitter:data2\" content=\"3 minutes\" \/>\n<script type=\"application\/ld+json\" class=\"yoast-schema-graph\">{\"@context\":\"https:\\\/\\\/schema.org\",\"@graph\":[{\"@type\":\"Article\",\"@id\":\"https:\\\/\\\/buletin.de\\\/bucuresti\\\/campanie-de-donare-de-sange-la-primaria-capitalei-pe-17-octombrie-unde-se-pot-inscrie-cei-interesati\\\/#article\",\"isPartOf\":{\"@id\":\"https:\\\/\\\/buletin.de\\\/bucuresti\\\/campanie-de-donare-de-sange-la-primaria-capitalei-pe-17-octombrie-unde-se-pot-inscrie-cei-interesati\\\/\"},\"author\":{\"name\":\"Andreea St\u0103n\u0103r\u00eeng\u0103\",\"@id\":\"https:\\\/\\\/buletin.de\\\/bucuresti\\\/#\\\/schema\\\/person\\\/81421a46fb84a0887cfd2238f5202586\"},\"headline\":\"Campanie de donare de s\u00e2nge la Prim\u0103ria Capitalei, pe 17 octombrie. Unde se pot \u00eenscrie cei interesa\u021bi\",\"datePublished\":\"2025-10-06T09:32:23+00:00\",\"mainEntityOfPage\":{\"@id\":\"https:\\\/\\\/buletin.de\\\/bucuresti\\\/campanie-de-donare-de-sange-la-primaria-capitalei-pe-17-octombrie-unde-se-pot-inscrie-cei-interesati\\\/\"},\"wordCount\":576,\"publisher\":{\"@id\":\"https:\\\/\\\/buletin.de\\\/bucuresti\\\/#organization\"},\"image\":{\"@id\":\"https:\\\/\\\/buletin.de\\\/bucuresti\\\/campanie-de-donare-de-sange-la-primaria-capitalei-pe-17-octombrie-unde-se-pot-inscrie-cei-interesati\\\/#primaryimage\"},\"thumbnailUrl\":\"https:\\\/\\\/buletin.de\\\/bucuresti\\\/wp-content\\\/uploads\\\/2025\\\/10\\\/ID318910_INQUAM_Photos_George_Calin-scaled.jpg\",\"keywords\":[\"Centrul de Transfuzie Sanguin\u0103\",\"donare de sange\",\"pmb\",\"primaria bucuresti\"],\"articleSection\":[\"Articole\",\"Main\",\"S\u0103n\u0103tate\"],\"inLanguage\":\"en-GB\",\"copyrightYear\":\"2025\",\"copyrightHolder\":{\"@id\":\"https:\\\/\\\/buletin.de\\\/bucuresti\\\/#organization\"}},{\"@type\":\"WebPage\",\"@id\":\"https:\\\/\\\/buletin.de\\\/bucuresti\\\/campanie-de-donare-de-sange-la-primaria-capitalei-pe-17-octombrie-unde-se-pot-inscrie-cei-interesati\\\/\",\"url\":\"https:\\\/\\\/buletin.de\\\/bucuresti\\\/campanie-de-donare-de-sange-la-primaria-capitalei-pe-17-octombrie-unde-se-pot-inscrie-cei-interesati\\\/\",\"name\":\"Campanie de donare de s\u00e2nge la Prim\u0103ria Capitalei, pe 17 octombrie. Unde se pot \u00eenscrie cei interesa\u021bi - Buletin de Bucure\u0219ti\",\"isPartOf\":{\"@id\":\"https:\\\/\\\/buletin.de\\\/bucuresti\\\/#website\"},\"primaryImageOfPage\":{\"@id\":\"https:\\\/\\\/buletin.de\\\/bucuresti\\\/campanie-de-donare-de-sange-la-primaria-capitalei-pe-17-octombrie-unde-se-pot-inscrie-cei-interesati\\\/#primaryimage\"},\"image\":{\"@id\":\"https:\\\/\\\/buletin.de\\\/bucuresti\\\/campanie-de-donare-de-sange-la-primaria-capitalei-pe-17-octombrie-unde-se-pot-inscrie-cei-interesati\\\/#primaryimage\"},\"thumbnailUrl\":\"https:\\\/\\\/buletin.de\\\/bucuresti\\\/wp-content\\\/uploads\\\/2025\\\/10\\\/ID318910_INQUAM_Photos_George_Calin-scaled.jpg\",\"datePublished\":\"2025-10-06T09:32:23+00:00\",\"description\":\"Prim\u0103ria Municipiului Bucure\u0219ti (PMB) a anun\u021bat o nou\u0103 campanie de donare de s\u00e2nge, \u00eempreun\u0103 cu Centrul de Transfuzie Sanguin\u0103 Bucure\u0219ti.\",\"breadcrumb\":{\"@id\":\"https:\\\/\\\/buletin.de\\\/bucuresti\\\/campanie-de-donare-de-sange-la-primaria-capitalei-pe-17-octombrie-unde-se-pot-inscrie-cei-interesati\\\/#breadcrumb\"},\"inLanguage\":\"en-GB\",\"potentialAction\":[{\"@type\":\"ReadAction\",\"target\":[\"https:\\\/\\\/buletin.de\\\/bucuresti\\\/campanie-de-donare-de-sange-la-primaria-capitalei-pe-17-octombrie-unde-se-pot-inscrie-cei-interesati\\\/\"]}]},{\"@type\":\"ImageObject\",\"inLanguage\":\"en-GB\",\"@id\":\"https:\\\/\\\/buletin.de\\\/bucuresti\\\/campanie-de-donare-de-sange-la-primaria-capitalei-pe-17-octombrie-unde-se-pot-inscrie-cei-interesati\\\/#primaryimage\",\"url\":\"https:\\\/\\\/buletin.de\\\/bucuresti\\\/wp-content\\\/uploads\\\/2025\\\/10\\\/ID318910_INQUAM_Photos_George_Calin-scaled.jpg\",\"contentUrl\":\"https:\\\/\\\/buletin.de\\\/bucuresti\\\/wp-content\\\/uploads\\\/2025\\\/10\\\/ID318910_INQUAM_Photos_George_Calin-scaled.jpg\",\"width\":2560,\"height\":1708,\"caption\":\"PMB organizeaz\u0103 o nou\u0103 campanie de donare de s\u00e2nge. FOTO: Inquam Photos \\\/ George C\u0103lin\"},{\"@type\":\"BreadcrumbList\",\"@id\":\"https:\\\/\\\/buletin.de\\\/bucuresti\\\/campanie-de-donare-de-sange-la-primaria-capitalei-pe-17-octombrie-unde-se-pot-inscrie-cei-interesati\\\/#breadcrumb\",\"itemListElement\":[{\"@type\":\"ListItem\",\"position\":1,\"name\":\"Acas\u0103\",\"item\":\"https:\\\/\\\/buletin.de\\\/bucuresti\\\/\"},{\"@type\":\"ListItem\",\"position\":2,\"name\":\"Campanie de donare de s\u00e2nge la Prim\u0103ria Capitalei, pe 17 octombrie. Unde se pot \u00eenscrie cei interesa\u021bi\"}]},{\"@type\":\"WebSite\",\"@id\":\"https:\\\/\\\/buletin.de\\\/bucuresti\\\/#website\",\"url\":\"https:\\\/\\\/buletin.de\\\/bucuresti\\\/\",\"name\":\"Buletin de Bucure\u0219ti\",\"description\":\"\u0218tiri \u0219i investiga\u021bii esen\u021biale din capital\u0103\",\"publisher\":{\"@id\":\"https:\\\/\\\/buletin.de\\\/bucuresti\\\/#organization\"},\"potentialAction\":[{\"@type\":\"SearchAction\",\"target\":{\"@type\":\"EntryPoint\",\"urlTemplate\":\"https:\\\/\\\/buletin.de\\\/bucuresti\\\/?s={search_term_string}\"},\"query-input\":{\"@type\":\"PropertyValueSpecification\",\"valueRequired\":true,\"valueName\":\"search_term_string\"}}],\"inLanguage\":\"en-GB\"},{\"@type\":\"Organization\",\"@id\":\"https:\\\/\\\/buletin.de\\\/bucuresti\\\/#organization\",\"name\":\"Buletin de Bucure\u0219ti\",\"url\":\"https:\\\/\\\/buletin.de\\\/bucuresti\\\/\",\"logo\":{\"@type\":\"ImageObject\",\"inLanguage\":\"en-GB\",\"@id\":\"https:\\\/\\\/buletin.de\\\/bucuresti\\\/#\\\/schema\\\/logo\\\/image\\\/\",\"url\":\"https:\\\/\\\/buletin.de\\\/bucuresti\\\/wp-content\\\/uploads\\\/logo-bdb-full-wide-vernil-transparent.png\",\"contentUrl\":\"https:\\\/\\\/buletin.de\\\/bucuresti\\\/wp-content\\\/uploads\\\/logo-bdb-full-wide-vernil-transparent.png\",\"width\":1782,\"height\":626,\"caption\":\"Buletin de Bucure\u0219ti\"},\"image\":{\"@id\":\"https:\\\/\\\/buletin.de\\\/bucuresti\\\/#\\\/schema\\\/logo\\\/image\\\/\"},\"sameAs\":[\"https:\\\/\\\/www.facebook.com\\\/buletin.de.buc\",\"https:\\\/\\\/www.instagram.com\\\/buletinde.bucuresti\\\/\"]},{\"@type\":\"Person\",\"@id\":\"https:\\\/\\\/buletin.de\\\/bucuresti\\\/#\\\/schema\\\/person\\\/81421a46fb84a0887cfd2238f5202586\",\"name\":\"Andreea St\u0103n\u0103r\u00eeng\u0103\",\"image\":{\"@type\":\"ImageObject\",\"inLanguage\":\"en-GB\",\"@id\":\"https:\\\/\\\/secure.gravatar.com\\\/avatar\\\/dfa8d227a4388fad0f0bb03add04b5b176f4da34397dbb2eadc563b3d7162ce0?s=96&d=monsterid&r=g72784372b39ffe5a98a45288fe0d0e8a\",\"url\":\"https:\\\/\\\/secure.gravatar.com\\\/avatar\\\/dfa8d227a4388fad0f0bb03add04b5b176f4da34397dbb2eadc563b3d7162ce0?s=96&d=monsterid&r=g\",\"contentUrl\":\"https:\\\/\\\/secure.gravatar.com\\\/avatar\\\/dfa8d227a4388fad0f0bb03add04b5b176f4da34397dbb2eadc563b3d7162ce0?s=96&d=monsterid&r=g\",\"caption\":\"Andreea St\u0103n\u0103r\u00eeng\u0103\"},\"description\":\"Cu o experien\u021b\u0103 de peste 5 ani \u00een pres\u0103, face parte din echipa Buletin de Bucure\u0219ti din septembrie 2025. A colaborat cu c\u00e2teva publica\u021bii, printre care \u0219i Fanatik.ro, unde s-a ocupat de \u0219tiri de lifestyle \u0219i de actualitate. A f\u0103cut un pas c\u0103tre presa local\u0103 pentru a explora Bucure\u0219tiul \u0219i pove\u0219tile care merit\u0103 spuse.\",\"url\":\"https:\\\/\\\/buletin.de\\\/bucuresti\\\/author\\\/andreea-stanaranga\\\/\"}]}<\/script>\n<!-- \/ Yoast SEO Premium plugin. -->","yoast_head_json":{"title":"Campanie de donare de s\u00e2nge la Prim\u0103ria Capitalei, pe 17 octombrie. Unde se pot \u00eenscrie cei interesa\u021bi - Buletin de Bucure\u0219ti","description":"Prim\u0103ria Municipiului Bucure\u0219ti (PMB) a anun\u021bat o nou\u0103 campanie de donare de s\u00e2nge, \u00eempreun\u0103 cu Centrul de Transfuzie Sanguin\u0103 Bucure\u0219ti.","robots":{"index":"index","follow":"follow","max-snippet":"max-snippet:-1","max-image-preview":"max-image-preview:large","max-video-preview":"max-video-preview:-1"},"canonical":"https:\/\/buletin.de\/bucuresti\/campanie-de-donare-de-sange-la-primaria-capitalei-pe-17-octombrie-unde-se-pot-inscrie-cei-interesati\/","og_locale":"en_GB","og_type":"article","og_title":"Campanie de donare de s\u00e2nge la Prim\u0103ria Capitalei, pe 17 octombrie. Unde se pot \u00eenscrie cei interesa\u021bi","og_description":"Prim\u0103ria Municipiului Bucure\u0219ti (PMB) a anun\u021bat o nou\u0103 campanie de donare de s\u00e2nge, \u00eempreun\u0103 cu Centrul de Transfuzie Sanguin\u0103 Bucure\u0219ti.","og_url":"https:\/\/buletin.de\/bucuresti\/campanie-de-donare-de-sange-la-primaria-capitalei-pe-17-octombrie-unde-se-pot-inscrie-cei-interesati\/","og_site_name":"Buletin de Bucure\u0219ti","article_publisher":"https:\/\/www.facebook.com\/buletin.de.buc","article_published_time":"2025-10-06T09:32:23+00:00","og_image":[{"width":2560,"height":1708,"url":"https:\/\/buletin.de\/bucuresti\/wp-content\/uploads\/2025\/10\/ID318910_INQUAM_Photos_George_Calin-scaled.jpg","type":"image\/jpeg"}],"author":"Andreea St\u0103n\u0103r\u00eeng\u0103","twitter_card":"summary_large_image","twitter_misc":{"Written by":"Andreea St\u0103n\u0103r\u00eeng\u0103","Estimated reading time":"3 minutes"},"schema":{"@context":"https:\/\/schema.org","@graph":[{"@type":"Article","@id":"https:\/\/buletin.de\/bucuresti\/campanie-de-donare-de-sange-la-primaria-capitalei-pe-17-octombrie-unde-se-pot-inscrie-cei-interesati\/#article","isPartOf":{"@id":"https:\/\/buletin.de\/bucuresti\/campanie-de-donare-de-sange-la-primaria-capitalei-pe-17-octombrie-unde-se-pot-inscrie-cei-interesati\/"},"author":{"name":"Andreea St\u0103n\u0103r\u00eeng\u0103","@id":"https:\/\/buletin.de\/bucuresti\/#\/schema\/person\/81421a46fb84a0887cfd2238f5202586"},"headline":"Campanie de donare de s\u00e2nge la Prim\u0103ria Capitalei, pe 17 octombrie. Unde se pot \u00eenscrie cei interesa\u021bi","datePublished":"2025-10-06T09:32:23+00:00","mainEntityOfPage":{"@id":"https:\/\/buletin.de\/bucuresti\/campanie-de-donare-de-sange-la-primaria-capitalei-pe-17-octombrie-unde-se-pot-inscrie-cei-interesati\/"},"wordCount":576,"publisher":{"@id":"https:\/\/buletin.de\/bucuresti\/#organization"},"image":{"@id":"https:\/\/buletin.de\/bucuresti\/campanie-de-donare-de-sange-la-primaria-capitalei-pe-17-octombrie-unde-se-pot-inscrie-cei-interesati\/#primaryimage"},"thumbnailUrl":"https:\/\/buletin.de\/bucuresti\/wp-content\/uploads\/2025\/10\/ID318910_INQUAM_Photos_George_Calin-scaled.jpg","keywords":["Centrul de Transfuzie Sanguin\u0103","donare de sange","pmb","primaria bucuresti"],"articleSection":["Articole","Main","S\u0103n\u0103tate"],"inLanguage":"en-GB","copyrightYear":"2025","copyrightHolder":{"@id":"https:\/\/buletin.de\/bucuresti\/#organization"}},{"@type":"WebPage","@id":"https:\/\/buletin.de\/bucuresti\/campanie-de-donare-de-sange-la-primaria-capitalei-pe-17-octombrie-unde-se-pot-inscrie-cei-interesati\/","url":"https:\/\/buletin.de\/bucuresti\/campanie-de-donare-de-sange-la-primaria-capitalei-pe-17-octombrie-unde-se-pot-inscrie-cei-interesati\/","name":"Campanie de donare de s\u00e2nge la Prim\u0103ria Capitalei, pe 17 octombrie. Unde se pot \u00eenscrie cei interesa\u021bi - Buletin de Bucure\u0219ti","isPartOf":{"@id":"https:\/\/buletin.de\/bucuresti\/#website"},"primaryImageOfPage":{"@id":"https:\/\/buletin.de\/bucuresti\/campanie-de-donare-de-sange-la-primaria-capitalei-pe-17-octombrie-unde-se-pot-inscrie-cei-interesati\/#primaryimage"},"image":{"@id":"https:\/\/buletin.de\/bucuresti\/campanie-de-donare-de-sange-la-primaria-capitalei-pe-17-octombrie-unde-se-pot-inscrie-cei-interesati\/#primaryimage"},"thumbnailUrl":"https:\/\/buletin.de\/bucuresti\/wp-content\/uploads\/2025\/10\/ID318910_INQUAM_Photos_George_Calin-scaled.jpg","datePublished":"2025-10-06T09:32:23+00:00","description":"Prim\u0103ria Municipiului Bucure\u0219ti (PMB) a anun\u021bat o nou\u0103 campanie de donare de s\u00e2nge, \u00eempreun\u0103 cu Centrul de Transfuzie Sanguin\u0103 Bucure\u0219ti.","breadcrumb":{"@id":"https:\/\/buletin.de\/bucuresti\/campanie-de-donare-de-sange-la-primaria-capitalei-pe-17-octombrie-unde-se-pot-inscrie-cei-interesati\/#breadcrumb"},"inLanguage":"en-GB","potentialAction":[{"@type":"ReadAction","target":["https:\/\/buletin.de\/bucuresti\/campanie-de-donare-de-sange-la-primaria-capitalei-pe-17-octombrie-unde-se-pot-inscrie-cei-interesati\/"]}]},{"@type":"ImageObject","inLanguage":"en-GB","@id":"https:\/\/buletin.de\/bucuresti\/campanie-de-donare-de-sange-la-primaria-capitalei-pe-17-octombrie-unde-se-pot-inscrie-cei-interesati\/#primaryimage","url":"https:\/\/buletin.de\/bucuresti\/wp-content\/uploads\/2025\/10\/ID318910_INQUAM_Photos_George_Calin-scaled.jpg","contentUrl":"https:\/\/buletin.de\/bucuresti\/wp-content\/uploads\/2025\/10\/ID318910_INQUAM_Photos_George_Calin-scaled.jpg","width":2560,"height":1708,"caption":"PMB organizeaz\u0103 o nou\u0103 campanie de donare de s\u00e2nge. FOTO: Inquam Photos \/ George C\u0103lin"},{"@type":"BreadcrumbList","@id":"https:\/\/buletin.de\/bucuresti\/campanie-de-donare-de-sange-la-primaria-capitalei-pe-17-octombrie-unde-se-pot-inscrie-cei-interesati\/#breadcrumb","itemListElement":[{"@type":"ListItem","position":1,"name":"Acas\u0103","item":"https:\/\/buletin.de\/bucuresti\/"},{"@type":"ListItem","position":2,"name":"Campanie de donare de s\u00e2nge la Prim\u0103ria Capitalei, pe 17 octombrie. Unde se pot \u00eenscrie cei interesa\u021bi"}]},{"@type":"WebSite","@id":"https:\/\/buletin.de\/bucuresti\/#website","url":"https:\/\/buletin.de\/bucuresti\/","name":"Buletin de Bucure\u0219ti","description":"\u0218tiri \u0219i investiga\u021bii esen\u021biale din capital\u0103","publisher":{"@id":"https:\/\/buletin.de\/bucuresti\/#organization"},"potentialAction":[{"@type":"SearchAction","target":{"@type":"EntryPoint","urlTemplate":"https:\/\/buletin.de\/bucuresti\/?s={search_term_string}"},"query-input":{"@type":"PropertyValueSpecification","valueRequired":true,"valueName":"search_term_string"}}],"inLanguage":"en-GB"},{"@type":"Organization","@id":"https:\/\/buletin.de\/bucuresti\/#organization","name":"Buletin de Bucure\u0219ti","url":"https:\/\/buletin.de\/bucuresti\/","logo":{"@type":"ImageObject","inLanguage":"en-GB","@id":"https:\/\/buletin.de\/bucuresti\/#\/schema\/logo\/image\/","url":"https:\/\/buletin.de\/bucuresti\/wp-content\/uploads\/logo-bdb-full-wide-vernil-transparent.png","contentUrl":"https:\/\/buletin.de\/bucuresti\/wp-content\/uploads\/logo-bdb-full-wide-vernil-transparent.png","width":1782,"height":626,"caption":"Buletin de Bucure\u0219ti"},"image":{"@id":"https:\/\/buletin.de\/bucuresti\/#\/schema\/logo\/image\/"},"sameAs":["https:\/\/www.facebook.com\/buletin.de.buc","https:\/\/www.instagram.com\/buletinde.bucuresti\/"]},{"@type":"Person","@id":"https:\/\/buletin.de\/bucuresti\/#\/schema\/person\/81421a46fb84a0887cfd2238f5202586","name":"Andreea St\u0103n\u0103r\u00eeng\u0103","image":{"@type":"ImageObject","inLanguage":"en-GB","@id":"https:\/\/secure.gravatar.com\/avatar\/dfa8d227a4388fad0f0bb03add04b5b176f4da34397dbb2eadc563b3d7162ce0?s=96&d=monsterid&r=g72784372b39ffe5a98a45288fe0d0e8a","url":"https:\/\/secure.gravatar.com\/avatar\/dfa8d227a4388fad0f0bb03add04b5b176f4da34397dbb2eadc563b3d7162ce0?s=96&d=monsterid&r=g","contentUrl":"https:\/\/secure.gravatar.com\/avatar\/dfa8d227a4388fad0f0bb03add04b5b176f4da34397dbb2eadc563b3d7162ce0?s=96&d=monsterid&r=g","caption":"Andreea St\u0103n\u0103r\u00eeng\u0103"},"description":"Cu o experien\u021b\u0103 de peste 5 ani \u00een pres\u0103, face parte din echipa Buletin de Bucure\u0219ti din septembrie 2025. A colaborat cu c\u00e2teva publica\u021bii, printre care \u0219i Fanatik.ro, unde s-a ocupat de \u0219tiri de lifestyle \u0219i de actualitate. A f\u0103cut un pas c\u0103tre presa local\u0103 pentru a explora Bucure\u0219tiul \u0219i pove\u0219tile care merit\u0103 spuse.","url":"https:\/\/buletin.de\/bucuresti\/author\/andreea-stanaranga\/"}]}},"authors":[{"term_id":23912,"user_id":65,"is_guest":0,"slug":"andreea-stanaranga","display_name":"Andreea St\u0103n\u0103r\u00eeng\u0103","avatar_url":"https:\/\/secure.gravatar.com\/avatar\/dfa8d227a4388fad0f0bb03add04b5b176f4da34397dbb2eadc563b3d7162ce0?s=96&d=monsterid&r=g","0":null,"1":"","2":"","3":"","4":"","5":"","6":"","7":"","8":""}],"_links":{"self":[{"href":"https:\/\/buletin.de\/bucuresti\/wp-json\/wp\/v2\/posts\/150939","targetHints":{"allow":["GET"]}}],"collection":[{"href":"https:\/\/buletin.de\/bucuresti\/wp-json\/wp\/v2\/posts"}],"about":[{"href":"https:\/\/buletin.de\/bucuresti\/wp-json\/wp\/v2\/types\/post"}],"author":[{"embeddable":true,"href":"https:\/\/buletin.de\/bucuresti\/wp-json\/wp\/v2\/users\/65"}],"replies":[{"embeddable":true,"href":"https:\/\/buletin.de\/bucuresti\/wp-json\/wp\/v2\/comments?post=150939"}],"version-history":[{"count":8,"href":"https:\/\/buletin.de\/bucuresti\/wp-json\/wp\/v2\/posts\/150939\/revisions"}],"predecessor-version":[{"id":150964,"href":"https:\/\/buletin.de\/bucuresti\/wp-json\/wp\/v2\/posts\/150939\/revisions\/150964"}],"wp:featuredmedia":[{"embeddable":true,"href":"https:\/\/buletin.de\/bucuresti\/wp-json\/wp\/v2\/media\/150959"}],"wp:attachment":[{"href":"https:\/\/buletin.de\/bucuresti\/wp-json\/wp\/v2\/media?parent=150939"}],"wp:term":[{"taxonomy":"category","embeddable":true,"href":"https:\/\/buletin.de\/bucuresti\/wp-json\/wp\/v2\/categories?post=150939"},{"taxonomy":"post_tag","embeddable":true,"href":"https:\/\/buletin.de\/bucuresti\/wp-json\/wp\/v2\/tags?post=150939"},{"taxonomy":"author","embeddable":true,"href":"https:\/\/buletin.de\/bucuresti\/wp-json\/wp\/v2\/ppma_author?post=150939"}],"curies":[{"name":"wp","href":"https:\/\/api.w.org\/{rel}","templated":true}]}}