{"id":15053,"date":"2020-11-11T17:14:46","date_gmt":"2020-11-11T14:14:46","guid":{"rendered":"https:\/\/buletin.de\/bucuresti\/?p=15053"},"modified":"2020-11-11T17:14:47","modified_gmt":"2020-11-11T14:14:47","slug":"elcen-se-disculpa-in-privinta-poluarii-din-capitala-limitele-sunt-depasite-din-cauza-pulberilor-de-la-pneurile-masinilor-sau-de-arderea-incompleta-a-carburantilor","status":"publish","type":"post","link":"https:\/\/buletin.de\/bucuresti\/elcen-se-disculpa-in-privinta-poluarii-din-capitala-limitele-sunt-depasite-din-cauza-pulberilor-de-la-pneurile-masinilor-sau-de-arderea-incompleta-a-carburantilor\/","title":{"rendered":"ELCEN se disculp\u0103 \u00een privin\u021ba polu\u0103rii din Capital\u0103: \u201cLimitele sunt dep\u0103\u0219ite din cauza pulberilor de la pneurile ma\u0219inilor sau de arderea incomplet\u0103 a carburan\u021bilor\u201d"},"content":{"rendered":"\n<p><strong>\u00cen urma <a href=\"https:\/\/buletin.de\/bucuresti\/otrava-de-la-elcen-i-termocentralele-bucurestiului-functioneaza-cu-derogari-de-la-legile-de-mediu\/\">primului episod din seria de articole privind poluarea generat\u0103 de cele patru termocentrale din Capital\u0103<\/a>, \u00een care am prezentat cum func\u021bioneaz\u0103 instala\u021biile de ardere cu derog\u0103ri de la normele de mediu, reprezentan\u021bii ELCEN au transmis o serie de preciz\u0103ri.<\/strong><\/p>\n\n\n\n<p>Potrivit punctului de vedere transmis, poluarea din Capital\u0103 ar fi generat\u0103 doar de traficul rutier, prin pulberile produse de pneurile ma\u0219inilor sau de arderea incomplet\u0103 a carburan\u021bilor, de \u0219antiere, de centralele de apartament \u0219i de arderile ilegale depistate de comisarii G\u0103rzii de Mediu \u00een zone precum Sinte\u0219ti-Vidra din jude\u021bul Ilfov.<\/p>\n\n\n\n<p>De asemenea, reprezentan\u021bii ELCEN men\u021bioneaz\u0103 o serie de investi\u021bii \u00een modernizare realizate recent dar, \u00een egal\u0103 m\u0103sur\u0103, transmit c\u0103 au fost ini\u021biate \u201c<em>demersuri pentru <strong>\u00eenlocuirea actualului parc de echipamente, \u00eenvechit,<\/strong> precum \u0219i implementarea unor unit\u0103\u021bi noi, moderne, cu eficien\u021b\u0103 ridicat\u0103, de producere a energiei \u00een cogenerare<\/em>\u201d.<\/p>\n\n\n\n<p>Mai mult, \u00een punctul de vedere transmis nu se face nicio referire la motivele pentru care ELCEN S.A. beneficiaz\u0103 de excep\u021bii de la legisla\u021bia de mediu sau dac\u0103 investi\u021biile realizate permit ridicarea acestor derog\u0103ri.<\/p>\n\n\n\n<p>Redac\u021bia Buletin de Bucure\u0219ti a folosit \u00een cadrul primului episod informa\u021bii care se reg\u0103sesc \u00een Planul de Reorganizare al ELCEN \u00eentocmit de actuala conducere \u0219i \u00eenregistrat la Tribunalul Bucure\u0219ti pe 28 februarie 2020 dar \u0219i din Autoriza\u021biile Privind Emisiile de Gaze cu Efect de Ser\u0103 emise de Agen\u021bia Na\u021bional\u0103 pentru Protec\u021bia Mediului pentru perioada 2013- 2020, revizuite \u00een 21.08.2018 dar \u0219i opinia unui expert cu privire la o serie de aspecte de ordin tehnic privind degajarea oxizilor de azot \u00een atmosfer\u0103.<\/p>\n\n\n\n<p>Red\u0103m integral, mai jos, punctul de vedere transmis de ELCEN S.A.<\/p>\n\n\n\n<p>&#8220;<strong><em>\u00cen virtutea dreptului la replic\u0103 \u015fi a corectei inform\u0103ri a opiniei publice, \u00een leg\u0103tur\u0103 cu articolul&nbsp; \u201e<a href=\"https:\/\/buletin.de\/bucuresti\/otrava-de-la-elcen-i-termocentralele-bucurestiului-functioneaza-cu-derogari-de-la-legile-de-mediu\/\">Otrava de la ELCEN (I): Termocentralele Bucure\u0219tiului func\u021bioneaz\u0103 cu derog\u0103ri de la legile de mediu<\/a>\u201d publicat, \u00een data de 10.11.2020, pe platforma online buletin.de bucure\u0219ti, autor C\u0103t\u0103lin Dosca\u0219,v\u0103 transmitem pozi\u021bia Electrocentrale Bucure\u0219ti SA (ELCEN):<\/em><\/strong><\/p>\n\n\n\n<ol class=\"wp-block-list\" type=\"1\"><li><em>Titlul articolului are un caracter tenden\u021bios \u0219i permite o exagerare a contextului ce risc\u0103 s\u0103 induc\u0103 \u00een eroare opinia public\u0103 \u0219i afecteaz\u0103 \u00eentr-o mare m\u0103sur\u0103 imaginea ELCEN. Consider\u0103m c\u0103 ar trebui acordat\u0103 o aten\u021bie deosebit\u0103 principalelor surse de poluare a capitalei, cum ar fi traficul greu \u0219i aglomerat din Bucure\u0219ti sau marile \u0219antiere de construc\u021bii. Sistemele de monitorizare a calit\u0103\u021bii aerului din capital\u0103 \u00eenregistreaz\u0103 aproape constant dep\u0103\u0219iri ale limitelor nivelului de poluare din cauza polu\u0103rii cu pulberi produs\u0103 de pneurile ma\u0219inilor sau de arderea incomplet\u0103 a carburan\u021bilor. \u00cen urma mai multor controale ce au vizat \u0219antierele de construc\u021bie din Bucure\u0219ti, reprezentan\u021bii Ministerului Mediului au constatat c\u0103 \u0219antierele sunt a doua surs\u0103 de poluare a aerului dup\u0103 trafic.<\/em><\/li><\/ol>\n\n\n\n<p><em>Arderile ilegale de de\u0219euri semnalate \u00een repetate r\u00e2nduri de Ministerul Mediului \u00een zone precum Sinte\u0219ti-Vidra din jude\u021bul Ilfov reprezint\u0103, de asemenea, una dintre cauzele principale ale polu\u0103rii din Bucure\u0219ti.<\/em><\/p>\n\n\n\n<p><em>Totodat\u0103, este ignorat\u0103 destul de mult poluarea produs\u0103 de centralele individuale de apartament, de\u0219i \u00een multe \u021b\u0103ri europene exist\u0103 norme stricte \u00een ceea ce prive\u0219te utilizarea mijloacelor de \u00eenc\u0103lzire individual\u0103. Acestea reprezint\u0103 un risc real pentru s\u0103n\u0103tatea locuitorilor \u00eentruc\u00e2t, pe l\u00e2ng\u0103 pericolul crescut de explozie, evacuarea gazelor de ardere prin tuburi orizontale favorizeaz\u0103 crearea unui \u00eenveli\u0219 de aer poluat de jur \u00eemprejurul apartamentelor \u0219i blocurilor unde sunt montate aceste centrale. \u00cen plus, gazele arse evacuate<strong> <\/strong>se stratific\u0103 la 30-40 cm deasupra solului peste locurile de joac\u0103 dintre blocuri \u0219i \u00een parcuri.<\/em><\/p>\n\n\n\n<p><em>\u00cen cazul CET-urilor, <strong>emisiile sunt evacuate \u00een aer prin surse fixe dirijate \u015fi controlate, la \u00een\u0103l\u0163imi mari (<\/strong>ex. co\u0219ul de fum nr. 1 de la CET Progresu are o \u00een\u0103l\u021bime de 250 m). Parametrii de func\u021bionare ai&nbsp; CET-urilor sunt monitoriza\u021bi \u00een permanen\u021b\u0103 de personal preg\u0103tit \u00een acest domeniu.<\/em><\/p>\n\n\n\n<ul class=\"wp-block-list\"><li><em>Subliniem faptul c\u0103 sursa de informare a acestui articol provine de la un angajat al ELCEN \u00een perioada 1965-1977. Av\u00e2nd \u00een vedere c\u0103 la ELCEN nu a fost transmis\u0103 nicio solicitare de informa\u0163ii cu privire la con\u0163inutul articolului, precum \u015fi \u0163in\u00e2nd cont de principiul transparen\u0163ei, al respectului reciproc \u015fi al profesionalismului \u00een activitatea desf\u0103\u015furat\u0103, consider\u0103m c\u0103 solicitarea unui punct de vedere oficial din partea reprezentan\u0163ilor actuali ai ELCEN \u00eenaintea public\u0103rii articolului ar fi fost demersul potrivit pentru o \u00een\u021belegere c\u00e2t mai bun\u0103 a situa\u021biei.<\/em><\/li><\/ul>\n\n\n\n<ul class=\"wp-block-list\"><li><em>Toate instala\u021biile de ardere de\u021binute de ELCEN sunt dotate cu sisteme de monitorizare continu\u0103 a emisiilor de poluan\u021bi ( SO2, NOx , pulberi si CO) amplasate pe co\u0219urile de fum, care sunt calibrate \u0219i verificate metrologic si urm\u0103rite de personal specializat. Rezultatele m\u0103sur\u0103torilor se transmit autorit\u0103\u021bilor de mediu (APMB, Garda Na\u021bional\u0103 de Mediu). Nu s-au \u00eenregistrat dep\u0103\u0219iri ale limitelor de emisii pentru niciun poluant.<\/em><\/li><\/ul>\n\n\n\n<p><em>Toate lucr\u0103rile de investi\u021bii au ca obiectiv aplicarea celor mai bune tehnologii disponibile si cre\u0219terea eficientei energetice, care sa conduc\u0103 la reducerea emisiilor de poluan\u021bi in atmosfera, conform cerin\u021belor legisla\u021biei europene.<\/em><\/p>\n\n\n\n<p><em>Astfel:<\/em><\/p>\n\n\n\n<ul class=\"wp-block-list\"><li><em>La CET Bucure\u0219ti Vest si CET Groz\u0103ve\u0219ti au fost realizate lucr\u0103ri de modernizare la dou\u0103 instala\u021bii de ardere care au condus la diminuarea emisiilor de NOx si \u00eencadrarea in limitele legisla\u021biei de mediu.<\/em><\/li><li><em>La CET Progresu, \u00een perioada 2019-2020 au fost realizate lucr\u0103ri de modernizare, \u00een urma c\u0103rora s-au ob\u021binut valori sc\u0103zute concentra\u021biilor de emisii de NOx.<\/em><\/li><li><em>Toate lucr\u0103rile de modernizare sunt in conformitate cu tehnicile stabilite in Decizia UE nr 1442\/2017 privind cele mai bune tehnologii disponibile si au fost aprobate de Agen\u021bia pentru Protec\u021bia Mediului, in cadrul procedurii d e ob\u021binere a Acordurilor de Mediu.<\/em><\/li><\/ul>\n\n\n\n<ul class=\"wp-block-list\"><li><em>Contrazicem afirma\u021bia conform c\u0103reia \u201elimitarea polu\u0103rii prin modernizarea termocentralelor existente presupune cre\u0219terea consumului de gaze\u201d. Subliniem faptul c\u0103 CET-urile ELCEN produc energie electric\u0103 \u0219i termic\u0103 \u00een regim de cogenerare, ceea ce presupune producerea combinat\u0103 de energie electric\u0103 \u0219i termic\u0103 din aceea\u0219i unitate de combustibil. <strong>Avantajul principal al producerii combinate de energie electric\u0103 \u0219i termic\u0103 este utilizarea redus\u0103 a combustibilului comparativ cu situa\u021bia conven\u021bional\u0103 a gener\u0103rii separate de electricitate \u0219i c\u0103ldur\u0103, ceea ce conduce la randamente energetice peste 85% \u0219i, implicit, la reducerea la minimum a emisiilor generate de utilizarea gazului cu impact minim asupra mediului \u00eenconjur\u0103tor.<\/strong><\/em><\/li><\/ul>\n\n\n\n<ul class=\"wp-block-list\"><li><em><strong>Centralele ELCEN func\u021bioneaz\u0103 integral pe gaz natural. <\/strong>P\u0103cura este un combustibil alternativ, iar utilizarea acesteia este prev\u0103zut\u0103 doar \u00een situa\u021bii excep\u021bionale, cum ar fi necesitatea asigur\u0103rii rezervei ter\u021biare de energie pentru a compensa un eventual deficit de alimentare cu gaze naturale (de ex. ierni cu temperaturi extreme c\u00e2nd exist\u0103 riscul sc\u0103derii presiunii gazelor naturale).<\/em><\/li><\/ul>\n\n\n\n<ul class=\"wp-block-list\"><li><em>\u00cen conformitate cu Programul investi\u021bional cuprins \u00een Planul de reorganizare modificat al ELCEN, societatea noastr\u0103 a ini\u021biat demersurile pentru \u00eenlocuirea actualului parc de echipamente, \u00eenvechit, precum \u0219i&nbsp; implementarea unor unit\u0103\u021bi noi, moderne, cu eficien\u021b\u0103 ridicat\u0103, de producere a energiei \u00een cogenerare, ceea ce va permite men\u021binerea capacit\u0103\u021bii de produc\u021bie a energiei termice \u0219i electrice, \u00eentr-un mod sustenabil, pe termen lung.&nbsp;&nbsp; &nbsp;<\/em><\/li><\/ul>\n\n\n\n<ul class=\"wp-block-list\"><li><em>Nu exist\u0103 alternativ\u0103 realist\u0103 la cogenerare sau la sistemul centralizat de alimentare cu energie termic\u0103. Cogenerarea este posibil\u0103 doar \u00een cadrul unui sistem centralizat. Directivele europene sus\u021bin \u0219i promoveaz\u0103 acest tip de sistem. \u00cen marile ora\u0219e, se implementeaz\u0103 \u0219i se dezvolt\u0103 sisteme centralizate eficiente ce au la baz\u0103 cogenerarea de \u00eenalt\u0103 eficien\u021b\u0103 care este una dintre priorit\u0103\u021bile sectorului energetic \u0219i reprezint\u0103 metoda cea mai eficient\u0103 de reducere a consumurilor de combustibil \u0219i, implicit, de reducere a emisiilor de gaze cu efect de ser\u0103.<\/em><\/li><\/ul>\n\n\n\n<p><em>Potrivit unui studiu recent, prin tranzi\u021bia spre combustibili cura\u021bi utiliza\u021bi eficient \u00een cogenerare, emisiile unui ora\u0219 pot fi reduse cu p\u00e2n\u0103 la 70% prin investi\u021bii realizate \u00een urm\u0103torii ani.<\/em><\/p>\n\n\n\n<p><em>Avantajele cogener\u0103rii de \u00eenalt\u0103 eficien\u021b\u0103:<\/em><\/p>\n\n\n\n<ul class=\"wp-block-list\"><li><em><strong>randamente energetice mai mari de 85%,<\/strong><\/em><\/li><li><em><strong>cre\u0219terea eficien\u021bei energetice prin utilizarea instala\u021biilor performante de cogenerare,<\/strong><\/em><\/li><li><em><strong>economie de combustibil primar, \u00een sistemul de producere \u00een cogenerare, \u00een compara\u021bie cu producerea acelora\u0219i cantit\u0103\u021bi de energie electric\u0103 \u0219i termic\u0103, separat \u00een centrale electrice de condensa\u021bie \u0219i centrale termice,<\/strong><\/em><\/li><li><em><strong>reducerea polu\u0103rii cu posibilitatea de control \u0219i diminuare a noxelor, inclusiv a emisiilor de gaze cu efect de ser\u0103,<\/strong><\/em><\/li><li><em><strong>cost redus al energiei, comparativ cu alte sisteme de producere a energiei termice, f\u0103r\u0103 cogenerare.<\/strong><\/em><\/li><li><em><strong>cre\u0219terea gradului de securitate \u00een aprovizionarea cu energie prin diversificarea surselor de producere \u0219i a resurselor energetice primare utilizate, conduc\u00e2nd la reducere depende\u021bei de importuri de resurse primare \u0219i cre\u0219terea siguran\u021bei energetice na\u021bionale.&nbsp;<\/strong><\/em><\/li><\/ul>\n\n\n\n<ul class=\"wp-block-list\"><li><em>\u00cen vederea atingerii \u021bintei de neutralitate climatic\u0103 \u00een 2050 \u0219i ca urmare a unui studiu pentru decarbonizarea sectorului de \u00eenc\u0103lzire \u0219i r\u0103cire, exist\u0103 propuneri, la nivelul UE, ce prev\u0103d necesitatea ca p\u00e2n\u0103 \u00een 2030 cel mai t\u00e2rziu, instalarea de noi centrale termice pe gaze \u00een locuin\u021be (centrale termice individuale) s\u0103 fie interzis\u0103.&nbsp; Solu\u021bia propus\u0103 const\u0103 \u00een extinderea sistemelor de \u00eenc\u0103lzire centralizat\u0103, al\u0103turi de folosirea noilor tehnologii pentru \u00eenc\u0103lzire.<\/em><\/li><\/ul>\n\n\n\n<p><em>Dorim s\u0103 subliniem c\u0103 lansarea \u00een spa\u021biul public a unor informa\u021bii neverificate corespunz\u0103tor \u00eengreuneaz\u0103 transmiterea \u00een mod corect \u0219i transparent a mesajelor c\u0103tre opinia public\u0103.<\/em>&#8221;&nbsp;<\/p>\n\n\n\n<p>FOTO: Inquam Photos<\/p>\n","protected":false},"excerpt":{"rendered":"<p>\u00cen urma primului episod din seria de articole privind poluarea generat\u0103 de cele patru termocentrale din Capital\u0103, \u00een care am prezentat cum func\u021bioneaz\u0103 instala\u021biile de ardere cu derog\u0103ri de la normele de mediu, reprezentan\u021bii ELCEN au transmis o serie de preciz\u0103ri. Potrivit punctului de vedere transmis, poluarea din Capital\u0103 ar fi generat\u0103 doar de traficul [&hellip;]<\/p>\n","protected":false},"author":10,"featured_media":15063,"comment_status":"closed","ping_status":"open","sticky":false,"template":"","format":"standard","meta":{"_acf_changed":false,"inline_featured_image":false,"ngg_post_thumbnail":0,"footnotes":""},"categories":[109],"tags":[1843,237,1844,132],"ppma_author":[22575],"class_list":["post-15053","post","type-post","status-publish","format-standard","has-post-thumbnail","hentry","category-mediu","tag-bucuresti-pneuri","tag-elcen","tag-motoare","tag-poluare"],"acf":[],"yoast_head":"<!-- This site is optimized with the Yoast SEO Premium plugin v25.3 (Yoast SEO v27.5) - https:\/\/yoast.com\/product\/yoast-seo-premium-wordpress\/ -->\n<title>ELCEN se disculp\u0103 \u00een privin\u021ba polu\u0103rii din Capital\u0103: \u201cLimitele sunt dep\u0103\u0219ite din cauza pulberilor de la pneurile ma\u0219inilor sau de arderea incomplet\u0103 a carburan\u021bilor\u201d - Buletin de Bucure\u0219ti<\/title>\n<meta name=\"robots\" content=\"index, follow, max-snippet:-1, max-image-preview:large, max-video-preview:-1\" \/>\n<link rel=\"canonical\" href=\"https:\/\/buletin.de\/bucuresti\/elcen-se-disculpa-in-privinta-poluarii-din-capitala-limitele-sunt-depasite-din-cauza-pulberilor-de-la-pneurile-masinilor-sau-de-arderea-incompleta-a-carburantilor\/\" \/>\n<meta property=\"og:locale\" content=\"en_GB\" \/>\n<meta property=\"og:type\" content=\"article\" \/>\n<meta property=\"og:title\" content=\"ELCEN se disculp\u0103 \u00een privin\u021ba polu\u0103rii din Capital\u0103: \u201cLimitele sunt dep\u0103\u0219ite din cauza pulberilor de la pneurile ma\u0219inilor sau de arderea incomplet\u0103 a carburan\u021bilor\u201d\" \/>\n<meta property=\"og:description\" content=\"\u00cen urma primului episod din seria de articole privind poluarea generat\u0103 de cele patru termocentrale din Capital\u0103, \u00een care am prezentat cum func\u021bioneaz\u0103 instala\u021biile de ardere cu derog\u0103ri de la normele de mediu, reprezentan\u021bii ELCEN au transmis o serie de preciz\u0103ri. Potrivit punctului de vedere transmis, poluarea din Capital\u0103 ar fi generat\u0103 doar de traficul [&hellip;]\" \/>\n<meta property=\"og:url\" content=\"https:\/\/buletin.de\/bucuresti\/elcen-se-disculpa-in-privinta-poluarii-din-capitala-limitele-sunt-depasite-din-cauza-pulberilor-de-la-pneurile-masinilor-sau-de-arderea-incompleta-a-carburantilor\/\" \/>\n<meta property=\"og:site_name\" content=\"Buletin de Bucure\u0219ti\" \/>\n<meta property=\"article:publisher\" content=\"https:\/\/www.facebook.com\/buletin.de.buc\" \/>\n<meta property=\"article:published_time\" content=\"2020-11-11T14:14:46+00:00\" \/>\n<meta property=\"article:modified_time\" content=\"2020-11-11T14:14:47+00:00\" \/>\n<meta property=\"og:image\" content=\"https:\/\/buletin.de\/bucuresti\/wp-content\/uploads\/cover-2-2.jpg\" \/>\n\t<meta property=\"og:image:width\" content=\"1677\" \/>\n\t<meta property=\"og:image:height\" content=\"911\" \/>\n\t<meta property=\"og:image:type\" content=\"image\/jpeg\" \/>\n<meta name=\"author\" content=\"C\u0103t\u0103lin Dosca\u0219\" \/>\n<meta name=\"twitter:card\" content=\"summary_large_image\" \/>\n<meta name=\"twitter:label1\" content=\"Written by\" \/>\n\t<meta name=\"twitter:data1\" content=\"C\u0103t\u0103lin Dosca\u0219\" \/>\n\t<meta name=\"twitter:label2\" content=\"Estimated reading time\" \/>\n\t<meta name=\"twitter:data2\" content=\"8 minutes\" \/>\n<script type=\"application\/ld+json\" class=\"yoast-schema-graph\">{\"@context\":\"https:\\\/\\\/schema.org\",\"@graph\":[{\"@type\":\"Article\",\"@id\":\"https:\\\/\\\/buletin.de\\\/bucuresti\\\/elcen-se-disculpa-in-privinta-poluarii-din-capitala-limitele-sunt-depasite-din-cauza-pulberilor-de-la-pneurile-masinilor-sau-de-arderea-incompleta-a-carburantilor\\\/#article\",\"isPartOf\":{\"@id\":\"https:\\\/\\\/buletin.de\\\/bucuresti\\\/elcen-se-disculpa-in-privinta-poluarii-din-capitala-limitele-sunt-depasite-din-cauza-pulberilor-de-la-pneurile-masinilor-sau-de-arderea-incompleta-a-carburantilor\\\/\"},\"author\":{\"name\":\"C\u0103t\u0103lin Dosca\u0219\",\"@id\":\"https:\\\/\\\/buletin.de\\\/bucuresti\\\/#\\\/schema\\\/person\\\/31117187ed4d0bdb0a4c7d6acc79d0f8\"},\"headline\":\"ELCEN se disculp\u0103 \u00een privin\u021ba polu\u0103rii din Capital\u0103: \u201cLimitele sunt dep\u0103\u0219ite din cauza pulberilor de la pneurile ma\u0219inilor sau de arderea incomplet\u0103 a carburan\u021bilor\u201d\",\"datePublished\":\"2020-11-11T14:14:46+00:00\",\"dateModified\":\"2020-11-11T14:14:47+00:00\",\"mainEntityOfPage\":{\"@id\":\"https:\\\/\\\/buletin.de\\\/bucuresti\\\/elcen-se-disculpa-in-privinta-poluarii-din-capitala-limitele-sunt-depasite-din-cauza-pulberilor-de-la-pneurile-masinilor-sau-de-arderea-incompleta-a-carburantilor\\\/\"},\"wordCount\":1619,\"publisher\":{\"@id\":\"https:\\\/\\\/buletin.de\\\/bucuresti\\\/#organization\"},\"image\":{\"@id\":\"https:\\\/\\\/buletin.de\\\/bucuresti\\\/elcen-se-disculpa-in-privinta-poluarii-din-capitala-limitele-sunt-depasite-din-cauza-pulberilor-de-la-pneurile-masinilor-sau-de-arderea-incompleta-a-carburantilor\\\/#primaryimage\"},\"thumbnailUrl\":\"https:\\\/\\\/buletin.de\\\/bucuresti\\\/wp-content\\\/uploads\\\/cover-2-2.jpg\",\"keywords\":[\"bucuresti pneuri\",\"elcen\",\"motoare\",\"poluare\"],\"articleSection\":[\"Mediu\"],\"inLanguage\":\"en-GB\",\"copyrightYear\":\"2020\",\"copyrightHolder\":{\"@id\":\"https:\\\/\\\/buletin.de\\\/bucuresti\\\/#organization\"}},{\"@type\":\"WebPage\",\"@id\":\"https:\\\/\\\/buletin.de\\\/bucuresti\\\/elcen-se-disculpa-in-privinta-poluarii-din-capitala-limitele-sunt-depasite-din-cauza-pulberilor-de-la-pneurile-masinilor-sau-de-arderea-incompleta-a-carburantilor\\\/\",\"url\":\"https:\\\/\\\/buletin.de\\\/bucuresti\\\/elcen-se-disculpa-in-privinta-poluarii-din-capitala-limitele-sunt-depasite-din-cauza-pulberilor-de-la-pneurile-masinilor-sau-de-arderea-incompleta-a-carburantilor\\\/\",\"name\":\"ELCEN se disculp\u0103 \u00een privin\u021ba polu\u0103rii din Capital\u0103: \u201cLimitele sunt dep\u0103\u0219ite din cauza pulberilor de la pneurile ma\u0219inilor sau de arderea incomplet\u0103 a carburan\u021bilor\u201d - Buletin de Bucure\u0219ti\",\"isPartOf\":{\"@id\":\"https:\\\/\\\/buletin.de\\\/bucuresti\\\/#website\"},\"primaryImageOfPage\":{\"@id\":\"https:\\\/\\\/buletin.de\\\/bucuresti\\\/elcen-se-disculpa-in-privinta-poluarii-din-capitala-limitele-sunt-depasite-din-cauza-pulberilor-de-la-pneurile-masinilor-sau-de-arderea-incompleta-a-carburantilor\\\/#primaryimage\"},\"image\":{\"@id\":\"https:\\\/\\\/buletin.de\\\/bucuresti\\\/elcen-se-disculpa-in-privinta-poluarii-din-capitala-limitele-sunt-depasite-din-cauza-pulberilor-de-la-pneurile-masinilor-sau-de-arderea-incompleta-a-carburantilor\\\/#primaryimage\"},\"thumbnailUrl\":\"https:\\\/\\\/buletin.de\\\/bucuresti\\\/wp-content\\\/uploads\\\/cover-2-2.jpg\",\"datePublished\":\"2020-11-11T14:14:46+00:00\",\"dateModified\":\"2020-11-11T14:14:47+00:00\",\"breadcrumb\":{\"@id\":\"https:\\\/\\\/buletin.de\\\/bucuresti\\\/elcen-se-disculpa-in-privinta-poluarii-din-capitala-limitele-sunt-depasite-din-cauza-pulberilor-de-la-pneurile-masinilor-sau-de-arderea-incompleta-a-carburantilor\\\/#breadcrumb\"},\"inLanguage\":\"en-GB\",\"potentialAction\":[{\"@type\":\"ReadAction\",\"target\":[\"https:\\\/\\\/buletin.de\\\/bucuresti\\\/elcen-se-disculpa-in-privinta-poluarii-din-capitala-limitele-sunt-depasite-din-cauza-pulberilor-de-la-pneurile-masinilor-sau-de-arderea-incompleta-a-carburantilor\\\/\"]}]},{\"@type\":\"ImageObject\",\"inLanguage\":\"en-GB\",\"@id\":\"https:\\\/\\\/buletin.de\\\/bucuresti\\\/elcen-se-disculpa-in-privinta-poluarii-din-capitala-limitele-sunt-depasite-din-cauza-pulberilor-de-la-pneurile-masinilor-sau-de-arderea-incompleta-a-carburantilor\\\/#primaryimage\",\"url\":\"https:\\\/\\\/buletin.de\\\/bucuresti\\\/wp-content\\\/uploads\\\/cover-2-2.jpg\",\"contentUrl\":\"https:\\\/\\\/buletin.de\\\/bucuresti\\\/wp-content\\\/uploads\\\/cover-2-2.jpg\",\"width\":1677,\"height\":911},{\"@type\":\"BreadcrumbList\",\"@id\":\"https:\\\/\\\/buletin.de\\\/bucuresti\\\/elcen-se-disculpa-in-privinta-poluarii-din-capitala-limitele-sunt-depasite-din-cauza-pulberilor-de-la-pneurile-masinilor-sau-de-arderea-incompleta-a-carburantilor\\\/#breadcrumb\",\"itemListElement\":[{\"@type\":\"ListItem\",\"position\":1,\"name\":\"Acas\u0103\",\"item\":\"https:\\\/\\\/buletin.de\\\/bucuresti\\\/\"},{\"@type\":\"ListItem\",\"position\":2,\"name\":\"ELCEN se disculp\u0103 \u00een privin\u021ba polu\u0103rii din Capital\u0103: \u201cLimitele sunt dep\u0103\u0219ite din cauza pulberilor de la pneurile ma\u0219inilor sau de arderea incomplet\u0103 a carburan\u021bilor\u201d\"}]},{\"@type\":\"WebSite\",\"@id\":\"https:\\\/\\\/buletin.de\\\/bucuresti\\\/#website\",\"url\":\"https:\\\/\\\/buletin.de\\\/bucuresti\\\/\",\"name\":\"Buletin de Bucure\u0219ti\",\"description\":\"\u0218tiri \u0219i investiga\u021bii esen\u021biale din capital\u0103\",\"publisher\":{\"@id\":\"https:\\\/\\\/buletin.de\\\/bucuresti\\\/#organization\"},\"potentialAction\":[{\"@type\":\"SearchAction\",\"target\":{\"@type\":\"EntryPoint\",\"urlTemplate\":\"https:\\\/\\\/buletin.de\\\/bucuresti\\\/?s={search_term_string}\"},\"query-input\":{\"@type\":\"PropertyValueSpecification\",\"valueRequired\":true,\"valueName\":\"search_term_string\"}}],\"inLanguage\":\"en-GB\"},{\"@type\":\"Organization\",\"@id\":\"https:\\\/\\\/buletin.de\\\/bucuresti\\\/#organization\",\"name\":\"Buletin de Bucure\u0219ti\",\"url\":\"https:\\\/\\\/buletin.de\\\/bucuresti\\\/\",\"logo\":{\"@type\":\"ImageObject\",\"inLanguage\":\"en-GB\",\"@id\":\"https:\\\/\\\/buletin.de\\\/bucuresti\\\/#\\\/schema\\\/logo\\\/image\\\/\",\"url\":\"https:\\\/\\\/buletin.de\\\/bucuresti\\\/wp-content\\\/uploads\\\/logo-bdb-full-wide-vernil-transparent.png\",\"contentUrl\":\"https:\\\/\\\/buletin.de\\\/bucuresti\\\/wp-content\\\/uploads\\\/logo-bdb-full-wide-vernil-transparent.png\",\"width\":1782,\"height\":626,\"caption\":\"Buletin de Bucure\u0219ti\"},\"image\":{\"@id\":\"https:\\\/\\\/buletin.de\\\/bucuresti\\\/#\\\/schema\\\/logo\\\/image\\\/\"},\"sameAs\":[\"https:\\\/\\\/www.facebook.com\\\/buletin.de.buc\",\"https:\\\/\\\/www.instagram.com\\\/buletinde.bucuresti\\\/\"]},{\"@type\":\"Person\",\"@id\":\"https:\\\/\\\/buletin.de\\\/bucuresti\\\/#\\\/schema\\\/person\\\/31117187ed4d0bdb0a4c7d6acc79d0f8\",\"name\":\"C\u0103t\u0103lin Dosca\u0219\",\"image\":{\"@type\":\"ImageObject\",\"inLanguage\":\"en-GB\",\"@id\":\"https:\\\/\\\/buletin.de\\\/bucuresti\\\/wp-content\\\/uploads\\\/Catalin-Doscas-e1732731064764-96x96.jpga93e2943bb3b1c1f9ead823df6e6317a\",\"url\":\"https:\\\/\\\/buletin.de\\\/bucuresti\\\/wp-content\\\/uploads\\\/Catalin-Doscas-e1732731064764-96x96.jpg\",\"contentUrl\":\"https:\\\/\\\/buletin.de\\\/bucuresti\\\/wp-content\\\/uploads\\\/Catalin-Doscas-e1732731064764-96x96.jpg\",\"caption\":\"C\u0103t\u0103lin Dosca\u0219\"},\"description\":\"Reporter \u0219i redactor-\u0219ef Buletin de Bucure\u0219ti. Lucreaz\u0103 \u00een mass-media de la v\u00e2rsta de 15 ani, c\u00e2nd a publicat primele articole \u00een presa local\u0103 din Tecuci. \u00cen Bucure\u0219ti a lucrat \u00een redac\u021bii radio ca reporter, redactor \u0219i prezentator (StudentFM, Na\u021bionalFM, Radio Total, Smart FM), unde a acoperit domeniile politic, economic, social \u0219i externe. Ulterior, a fost editor-coordonator al postului Realitatea FM. Experien\u021ba \u00een jurnalismul online a dob\u00e2ndit-o la portalul B365.ro, unde a fost editor. \u00cen 2012 s-a angajat \u00een televiziune. La Realitatea TV a fost, pe r\u00e2nd, reporter la sec\u021bia Social, reporter special la emisiunea de reportaje \u0219i anchete \u201eReporterii Realit\u0103\u021bii\u201d, dar \u0219i editor al jurnalelor de \u0219tiri. Ulterior, a f\u0103cut parte din sec\u021bia de Investiga\u021bii de la Digi24 \u0219i a lucrat la campania \u201eRom\u00e2nia furat\u0103\u201d. A revenit \u00een presa scris\u0103 \u00een 2017, ca reporter special, \u00een cadrul unui proiect de repozi\u021bionare a tabloidului Libertatea \u00een cotidian generalist. Este jurnalist Buletin de Bucure\u0219ti din 2019.\",\"url\":\"https:\\\/\\\/buletin.de\\\/bucuresti\\\/author\\\/catalin\\\/\"}]}<\/script>\n<!-- \/ Yoast SEO Premium plugin. -->","yoast_head_json":{"title":"ELCEN se disculp\u0103 \u00een privin\u021ba polu\u0103rii din Capital\u0103: \u201cLimitele sunt dep\u0103\u0219ite din cauza pulberilor de la pneurile ma\u0219inilor sau de arderea incomplet\u0103 a carburan\u021bilor\u201d - Buletin de Bucure\u0219ti","robots":{"index":"index","follow":"follow","max-snippet":"max-snippet:-1","max-image-preview":"max-image-preview:large","max-video-preview":"max-video-preview:-1"},"canonical":"https:\/\/buletin.de\/bucuresti\/elcen-se-disculpa-in-privinta-poluarii-din-capitala-limitele-sunt-depasite-din-cauza-pulberilor-de-la-pneurile-masinilor-sau-de-arderea-incompleta-a-carburantilor\/","og_locale":"en_GB","og_type":"article","og_title":"ELCEN se disculp\u0103 \u00een privin\u021ba polu\u0103rii din Capital\u0103: \u201cLimitele sunt dep\u0103\u0219ite din cauza pulberilor de la pneurile ma\u0219inilor sau de arderea incomplet\u0103 a carburan\u021bilor\u201d","og_description":"\u00cen urma primului episod din seria de articole privind poluarea generat\u0103 de cele patru termocentrale din Capital\u0103, \u00een care am prezentat cum func\u021bioneaz\u0103 instala\u021biile de ardere cu derog\u0103ri de la normele de mediu, reprezentan\u021bii ELCEN au transmis o serie de preciz\u0103ri. Potrivit punctului de vedere transmis, poluarea din Capital\u0103 ar fi generat\u0103 doar de traficul [&hellip;]","og_url":"https:\/\/buletin.de\/bucuresti\/elcen-se-disculpa-in-privinta-poluarii-din-capitala-limitele-sunt-depasite-din-cauza-pulberilor-de-la-pneurile-masinilor-sau-de-arderea-incompleta-a-carburantilor\/","og_site_name":"Buletin de Bucure\u0219ti","article_publisher":"https:\/\/www.facebook.com\/buletin.de.buc","article_published_time":"2020-11-11T14:14:46+00:00","article_modified_time":"2020-11-11T14:14:47+00:00","og_image":[{"width":1677,"height":911,"url":"https:\/\/buletin.de\/bucuresti\/wp-content\/uploads\/cover-2-2.jpg","type":"image\/jpeg"}],"author":"C\u0103t\u0103lin Dosca\u0219","twitter_card":"summary_large_image","twitter_misc":{"Written by":"C\u0103t\u0103lin Dosca\u0219","Estimated reading time":"8 minutes"},"schema":{"@context":"https:\/\/schema.org","@graph":[{"@type":"Article","@id":"https:\/\/buletin.de\/bucuresti\/elcen-se-disculpa-in-privinta-poluarii-din-capitala-limitele-sunt-depasite-din-cauza-pulberilor-de-la-pneurile-masinilor-sau-de-arderea-incompleta-a-carburantilor\/#article","isPartOf":{"@id":"https:\/\/buletin.de\/bucuresti\/elcen-se-disculpa-in-privinta-poluarii-din-capitala-limitele-sunt-depasite-din-cauza-pulberilor-de-la-pneurile-masinilor-sau-de-arderea-incompleta-a-carburantilor\/"},"author":{"name":"C\u0103t\u0103lin Dosca\u0219","@id":"https:\/\/buletin.de\/bucuresti\/#\/schema\/person\/31117187ed4d0bdb0a4c7d6acc79d0f8"},"headline":"ELCEN se disculp\u0103 \u00een privin\u021ba polu\u0103rii din Capital\u0103: \u201cLimitele sunt dep\u0103\u0219ite din cauza pulberilor de la pneurile ma\u0219inilor sau de arderea incomplet\u0103 a carburan\u021bilor\u201d","datePublished":"2020-11-11T14:14:46+00:00","dateModified":"2020-11-11T14:14:47+00:00","mainEntityOfPage":{"@id":"https:\/\/buletin.de\/bucuresti\/elcen-se-disculpa-in-privinta-poluarii-din-capitala-limitele-sunt-depasite-din-cauza-pulberilor-de-la-pneurile-masinilor-sau-de-arderea-incompleta-a-carburantilor\/"},"wordCount":1619,"publisher":{"@id":"https:\/\/buletin.de\/bucuresti\/#organization"},"image":{"@id":"https:\/\/buletin.de\/bucuresti\/elcen-se-disculpa-in-privinta-poluarii-din-capitala-limitele-sunt-depasite-din-cauza-pulberilor-de-la-pneurile-masinilor-sau-de-arderea-incompleta-a-carburantilor\/#primaryimage"},"thumbnailUrl":"https:\/\/buletin.de\/bucuresti\/wp-content\/uploads\/cover-2-2.jpg","keywords":["bucuresti pneuri","elcen","motoare","poluare"],"articleSection":["Mediu"],"inLanguage":"en-GB","copyrightYear":"2020","copyrightHolder":{"@id":"https:\/\/buletin.de\/bucuresti\/#organization"}},{"@type":"WebPage","@id":"https:\/\/buletin.de\/bucuresti\/elcen-se-disculpa-in-privinta-poluarii-din-capitala-limitele-sunt-depasite-din-cauza-pulberilor-de-la-pneurile-masinilor-sau-de-arderea-incompleta-a-carburantilor\/","url":"https:\/\/buletin.de\/bucuresti\/elcen-se-disculpa-in-privinta-poluarii-din-capitala-limitele-sunt-depasite-din-cauza-pulberilor-de-la-pneurile-masinilor-sau-de-arderea-incompleta-a-carburantilor\/","name":"ELCEN se disculp\u0103 \u00een privin\u021ba polu\u0103rii din Capital\u0103: \u201cLimitele sunt dep\u0103\u0219ite din cauza pulberilor de la pneurile ma\u0219inilor sau de arderea incomplet\u0103 a carburan\u021bilor\u201d - Buletin de Bucure\u0219ti","isPartOf":{"@id":"https:\/\/buletin.de\/bucuresti\/#website"},"primaryImageOfPage":{"@id":"https:\/\/buletin.de\/bucuresti\/elcen-se-disculpa-in-privinta-poluarii-din-capitala-limitele-sunt-depasite-din-cauza-pulberilor-de-la-pneurile-masinilor-sau-de-arderea-incompleta-a-carburantilor\/#primaryimage"},"image":{"@id":"https:\/\/buletin.de\/bucuresti\/elcen-se-disculpa-in-privinta-poluarii-din-capitala-limitele-sunt-depasite-din-cauza-pulberilor-de-la-pneurile-masinilor-sau-de-arderea-incompleta-a-carburantilor\/#primaryimage"},"thumbnailUrl":"https:\/\/buletin.de\/bucuresti\/wp-content\/uploads\/cover-2-2.jpg","datePublished":"2020-11-11T14:14:46+00:00","dateModified":"2020-11-11T14:14:47+00:00","breadcrumb":{"@id":"https:\/\/buletin.de\/bucuresti\/elcen-se-disculpa-in-privinta-poluarii-din-capitala-limitele-sunt-depasite-din-cauza-pulberilor-de-la-pneurile-masinilor-sau-de-arderea-incompleta-a-carburantilor\/#breadcrumb"},"inLanguage":"en-GB","potentialAction":[{"@type":"ReadAction","target":["https:\/\/buletin.de\/bucuresti\/elcen-se-disculpa-in-privinta-poluarii-din-capitala-limitele-sunt-depasite-din-cauza-pulberilor-de-la-pneurile-masinilor-sau-de-arderea-incompleta-a-carburantilor\/"]}]},{"@type":"ImageObject","inLanguage":"en-GB","@id":"https:\/\/buletin.de\/bucuresti\/elcen-se-disculpa-in-privinta-poluarii-din-capitala-limitele-sunt-depasite-din-cauza-pulberilor-de-la-pneurile-masinilor-sau-de-arderea-incompleta-a-carburantilor\/#primaryimage","url":"https:\/\/buletin.de\/bucuresti\/wp-content\/uploads\/cover-2-2.jpg","contentUrl":"https:\/\/buletin.de\/bucuresti\/wp-content\/uploads\/cover-2-2.jpg","width":1677,"height":911},{"@type":"BreadcrumbList","@id":"https:\/\/buletin.de\/bucuresti\/elcen-se-disculpa-in-privinta-poluarii-din-capitala-limitele-sunt-depasite-din-cauza-pulberilor-de-la-pneurile-masinilor-sau-de-arderea-incompleta-a-carburantilor\/#breadcrumb","itemListElement":[{"@type":"ListItem","position":1,"name":"Acas\u0103","item":"https:\/\/buletin.de\/bucuresti\/"},{"@type":"ListItem","position":2,"name":"ELCEN se disculp\u0103 \u00een privin\u021ba polu\u0103rii din Capital\u0103: \u201cLimitele sunt dep\u0103\u0219ite din cauza pulberilor de la pneurile ma\u0219inilor sau de arderea incomplet\u0103 a carburan\u021bilor\u201d"}]},{"@type":"WebSite","@id":"https:\/\/buletin.de\/bucuresti\/#website","url":"https:\/\/buletin.de\/bucuresti\/","name":"Buletin de Bucure\u0219ti","description":"\u0218tiri \u0219i investiga\u021bii esen\u021biale din capital\u0103","publisher":{"@id":"https:\/\/buletin.de\/bucuresti\/#organization"},"potentialAction":[{"@type":"SearchAction","target":{"@type":"EntryPoint","urlTemplate":"https:\/\/buletin.de\/bucuresti\/?s={search_term_string}"},"query-input":{"@type":"PropertyValueSpecification","valueRequired":true,"valueName":"search_term_string"}}],"inLanguage":"en-GB"},{"@type":"Organization","@id":"https:\/\/buletin.de\/bucuresti\/#organization","name":"Buletin de Bucure\u0219ti","url":"https:\/\/buletin.de\/bucuresti\/","logo":{"@type":"ImageObject","inLanguage":"en-GB","@id":"https:\/\/buletin.de\/bucuresti\/#\/schema\/logo\/image\/","url":"https:\/\/buletin.de\/bucuresti\/wp-content\/uploads\/logo-bdb-full-wide-vernil-transparent.png","contentUrl":"https:\/\/buletin.de\/bucuresti\/wp-content\/uploads\/logo-bdb-full-wide-vernil-transparent.png","width":1782,"height":626,"caption":"Buletin de Bucure\u0219ti"},"image":{"@id":"https:\/\/buletin.de\/bucuresti\/#\/schema\/logo\/image\/"},"sameAs":["https:\/\/www.facebook.com\/buletin.de.buc","https:\/\/www.instagram.com\/buletinde.bucuresti\/"]},{"@type":"Person","@id":"https:\/\/buletin.de\/bucuresti\/#\/schema\/person\/31117187ed4d0bdb0a4c7d6acc79d0f8","name":"C\u0103t\u0103lin Dosca\u0219","image":{"@type":"ImageObject","inLanguage":"en-GB","@id":"https:\/\/buletin.de\/bucuresti\/wp-content\/uploads\/Catalin-Doscas-e1732731064764-96x96.jpga93e2943bb3b1c1f9ead823df6e6317a","url":"https:\/\/buletin.de\/bucuresti\/wp-content\/uploads\/Catalin-Doscas-e1732731064764-96x96.jpg","contentUrl":"https:\/\/buletin.de\/bucuresti\/wp-content\/uploads\/Catalin-Doscas-e1732731064764-96x96.jpg","caption":"C\u0103t\u0103lin Dosca\u0219"},"description":"Reporter \u0219i redactor-\u0219ef Buletin de Bucure\u0219ti. Lucreaz\u0103 \u00een mass-media de la v\u00e2rsta de 15 ani, c\u00e2nd a publicat primele articole \u00een presa local\u0103 din Tecuci. \u00cen Bucure\u0219ti a lucrat \u00een redac\u021bii radio ca reporter, redactor \u0219i prezentator (StudentFM, Na\u021bionalFM, Radio Total, Smart FM), unde a acoperit domeniile politic, economic, social \u0219i externe. Ulterior, a fost editor-coordonator al postului Realitatea FM. Experien\u021ba \u00een jurnalismul online a dob\u00e2ndit-o la portalul B365.ro, unde a fost editor. \u00cen 2012 s-a angajat \u00een televiziune. La Realitatea TV a fost, pe r\u00e2nd, reporter la sec\u021bia Social, reporter special la emisiunea de reportaje \u0219i anchete \u201eReporterii Realit\u0103\u021bii\u201d, dar \u0219i editor al jurnalelor de \u0219tiri. Ulterior, a f\u0103cut parte din sec\u021bia de Investiga\u021bii de la Digi24 \u0219i a lucrat la campania \u201eRom\u00e2nia furat\u0103\u201d. A revenit \u00een presa scris\u0103 \u00een 2017, ca reporter special, \u00een cadrul unui proiect de repozi\u021bionare a tabloidului Libertatea \u00een cotidian generalist. Este jurnalist Buletin de Bucure\u0219ti din 2019.","url":"https:\/\/buletin.de\/bucuresti\/author\/catalin\/"}]}},"authors":[{"term_id":22575,"user_id":10,"is_guest":0,"slug":"catalin","display_name":"C\u0103t\u0103lin Dosca\u0219","avatar_url":"https:\/\/buletin.de\/bucuresti\/wp-content\/uploads\/Catalin-Doscas-e1732731064764-96x96.jpg","0":null,"1":"","2":"","3":"","4":"","5":"","6":"","7":"","8":""}],"_links":{"self":[{"href":"https:\/\/buletin.de\/bucuresti\/wp-json\/wp\/v2\/posts\/15053","targetHints":{"allow":["GET"]}}],"collection":[{"href":"https:\/\/buletin.de\/bucuresti\/wp-json\/wp\/v2\/posts"}],"about":[{"href":"https:\/\/buletin.de\/bucuresti\/wp-json\/wp\/v2\/types\/post"}],"author":[{"embeddable":true,"href":"https:\/\/buletin.de\/bucuresti\/wp-json\/wp\/v2\/users\/10"}],"replies":[{"embeddable":true,"href":"https:\/\/buletin.de\/bucuresti\/wp-json\/wp\/v2\/comments?post=15053"}],"version-history":[{"count":4,"href":"https:\/\/buletin.de\/bucuresti\/wp-json\/wp\/v2\/posts\/15053\/revisions"}],"predecessor-version":[{"id":15064,"href":"https:\/\/buletin.de\/bucuresti\/wp-json\/wp\/v2\/posts\/15053\/revisions\/15064"}],"wp:featuredmedia":[{"embeddable":true,"href":"https:\/\/buletin.de\/bucuresti\/wp-json\/wp\/v2\/media\/15063"}],"wp:attachment":[{"href":"https:\/\/buletin.de\/bucuresti\/wp-json\/wp\/v2\/media?parent=15053"}],"wp:term":[{"taxonomy":"category","embeddable":true,"href":"https:\/\/buletin.de\/bucuresti\/wp-json\/wp\/v2\/categories?post=15053"},{"taxonomy":"post_tag","embeddable":true,"href":"https:\/\/buletin.de\/bucuresti\/wp-json\/wp\/v2\/tags?post=15053"},{"taxonomy":"author","embeddable":true,"href":"https:\/\/buletin.de\/bucuresti\/wp-json\/wp\/v2\/ppma_author?post=15053"}],"curies":[{"name":"wp","href":"https:\/\/api.w.org\/{rel}","templated":true}]}}