{"id":150402,"date":"2025-10-02T15:07:38","date_gmt":"2025-10-02T12:07:38","guid":{"rendered":"https:\/\/buletin.de\/bucuresti\/?p=150402"},"modified":"2025-10-02T15:07:39","modified_gmt":"2025-10-02T12:07:39","slug":"tpbi-prelungeste-traseul-liniei-475-din-data-de-4-octombrie","status":"publish","type":"post","link":"https:\/\/buletin.de\/bucuresti\/tpbi-prelungeste-traseul-liniei-475-din-data-de-4-octombrie\/","title":{"rendered":"ILFOV | Traseul liniei 475 se prelunge\u0219te la \u201eMega Parc\u201d, \u00een localitatea Vidra"},"content":{"rendered":"\n<p><strong>Asocia\u021bia de Dezvoltare Intercomunitar\u0103 pentru Transport Public Bucure\u0219ti-Ilfov (TPBI) prelunge\u0219te traseul liniei 475,\u00a0din data de 4 octombrie. Aceasta va ajunge p\u00e2n\u0103 la noul\u00a0terminal \u201eMega Parc\u201d, aflat pe raza comunei Vidra, din Jude\u021bul Ilfov.<\/strong><\/p>\n\n\n\n<p>De\u00a0<strong>s\u00e2mb\u0103t\u0103, 4 octombrie<\/strong>, traseul <strong>liniei 475<\/strong>\u00a0va fi:<\/p>\n\n\n\n<ul class=\"wp-block-list\">\n<li>pe sensul<strong>\u00a0spre \u201ePia\u021ba Sudului\u201d:\u00a0<\/strong>\u201eMega Parc\u201d, Str. M\u0103n\u0103stirii, Bd. 1 Mai, \u0218os. Berceni, Intrarea Ne\u021bea, \u0218os. Olteni\u021bei, \u0218os. Berceni, \u201ePia\u021ba Sudului\u201d;<\/li>\n\n\n\n<li>pe sensul spre\u00a0<strong>\u201eMega Parc\u201d:\u00a0<\/strong>\u201ePia\u021ba Sudului\u201d, \u0218os. Berceni, Bd. 1 Mai, Str. M\u0103n\u0103stirii, \u201eMega Parc\u201d.<\/li>\n<\/ul>\n\n\n\n<p>Pe traseul prelungit, vehiculele&nbsp;<strong>liniei 475<\/strong>&nbsp;vor efectua sta\u021biile&nbsp;<strong>\u201ePodul Pescarilor\u201d (pe ambele sensuri) \u0219i \u201eMega Parc\u201d<\/strong>, situate pe Strada M\u0103n\u0103stirii.<\/p>\n\n\n\n<figure class=\"wp-block-image size-large\"><img fetchpriority=\"high\" decoding=\"async\" width=\"1000\" height=\"632\" src=\"data:image\/gif;base64,R0lGODlhAQABAAAAACH5BAEKAAEALAAAAAABAAEAAAICTAEAOw==\" data-src=\"https:\/\/buletin.de\/bucuresti\/wp-content\/uploads\/2025\/10\/475-site-002-1000x632.png\" alt=\"\" class=\"wp-image-150406 lazyload\" data-sizes=\"auto\" data-srcset=\"https:\/\/buletin.de\/bucuresti\/wp-content\/uploads\/2025\/10\/475-site-002-1000x632.png 1000w, https:\/\/buletin.de\/bucuresti\/wp-content\/uploads\/2025\/10\/475-site-002-300x190.png 300w, https:\/\/buletin.de\/bucuresti\/wp-content\/uploads\/2025\/10\/475-site-002-768x485.png 768w, https:\/\/buletin.de\/bucuresti\/wp-content\/uploads\/2025\/10\/475-site-002-1100x695.png 1100w, https:\/\/buletin.de\/bucuresti\/wp-content\/uploads\/2025\/10\/475-site-002-600x379.png 600w, https:\/\/buletin.de\/bucuresti\/wp-content\/uploads\/2025\/10\/475-site-002-20x13.png 20w, https:\/\/buletin.de\/bucuresti\/wp-content\/uploads\/2025\/10\/475-site-002.png 1146w\" sizes=\"(max-width: 1000px) 100vw, 1000px\" \/><figcaption class=\"wp-element-caption\">FOTO: TPBI<\/figcaption><\/figure>\n\n\n\n<p>Informa\u021bii despre programul de circula\u021bie pot fi aflate<a href=\"https:\/\/www.stvsa.ro\/\"> AICI. <\/a><\/p>\n\n\n\n<p><strong>CITE\u0218TE \u0218I:<\/strong><a href=\"https:\/\/buletin.de\/bucuresti\/sector-6-serele-exotice-din-parcul-drumul-taberei-trec-la-programul-de-iarna\/\"> Sector 6 | Serele exotice din Parcul Drumul Taberei trec la programul de iarn\u0103<\/a><\/p>\n\n\n\n<h2 class=\"wp-block-heading\" id=\"h-autobuzele-de-pe-traseul-liniei-naveta-627-vor-opri-in-sta\u021bia-voluntarilor\">Autobuzele de pe traseul liniei navet\u0103 627 vor opri \u00een sta\u021bia \u201eVoluntarilor\u201d<\/h2>\n\n\n\n<p><strong>Autobuzele de pe traseul liniei navet\u0103 627<\/strong>&nbsp;<strong>vor opri din 2 octombrie \u0219i \u00een sta\u021bia \u201eVOLUNTARILOR\u201d, situat\u0103 pe Bd. Camil Ressu. Amplasamentul se afl\u0103 pe sensul spre Autobaza Titan, comun cu linia de noapte&nbsp;N122.<\/strong><\/p>\n\n\n\n<p><strong>\u00cencep\u00e2nd de&nbsp;joi, 11.09.2025, autobuzele&nbsp;de pe traseul liniei navet\u0103 627&nbsp;opresc pe sensul spre Strada Dristorului, \u0219i \u00een sta\u021bia&nbsp;\u201ePia\u021ba R\u00e2mnicu S\u0103rat\u201d. Amplasamentul este comun cu linia N122 si este situata pe Bulevardul Camil Ressu.<\/strong><\/p>\n\n\n\n<h2 class=\"wp-block-heading\" id=\"h-de-ce-s-a-schimbat-numarul-de-opriri-pentru-traseul-liniei-naveta-627\">De ce s-a schimbat num\u0103rul de opriri pentru traseul liniei navet\u0103 627<\/h2>\n\n\n\n<p><a href=\"https:\/\/tpbi.ro\/\">Asocia\u021bia de Dezvoltare Intercomunitar\u0103 pentru Transport Public Bucure\u0219ti \u2013 Ilfov (TPBI)&nbsp;<\/a>a luat aceast\u0103 m\u0103sura, ca autobuzele liniei 627 s\u0103 opreasc\u0103 \u0219i \u00een sta\u021bia \u201ePia\u021ba R\u00e2mnicu S\u0103rat\u201d, pentru un transport public mai facil.<\/p>\n\n\n\n<p>C\u0103l\u0103torii au la dispozi\u021bie mai multe mijloace de informare \u00een timp real cu privire la circula\u021bia mijloacelor de transport public de pe toate liniile. Programele de func\u021bionare, modific\u0103rilor de trasee sau de sta\u021bii, precum \u0219i toate m\u0103surile ini\u021biate pentru optimizarea serviciului de transport public sunt comunicate:<\/p>\n\n\n\n<ul class=\"wp-block-list\">\n<li>\u00een aplica\u021bia Info TB;<\/li>\n\n\n\n<li>pe site-ul STB;<\/li>\n\n\n\n<li>pe paginile oficiale de social media (Facebook, Instagram \u0219i X).<\/li>\n<\/ul>\n\n\n\n<p><strong>CITE\u0218TE \u0218I:<\/strong> <a href=\"https:\/\/buletin.de\/bucuresti\/pasajul-minune-proiectul-care-ar-fi-putut-schimba-piata-unirii-si-viata-calatorilor-de-ce-a-fost-respins\/\">\u201ePasajul minune\u201d, proiectul care ar fi putut schimba Pia\u021ba Unirii \u0219i via\u021ba c\u0103l\u0103torilor. De ce a fost respins<\/a><\/p>\n","protected":false},"excerpt":{"rendered":"<p>Asocia\u021bia de Dezvoltare Intercomunitar\u0103 pentru Transport Public Bucure\u0219ti-Ilfov (TPBI) prelunge\u0219te traseul liniei 475,\u00a0din data de 4 octombrie. Aceasta va ajunge p\u00e2n\u0103 la noul\u00a0terminal \u201eMega Parc\u201d, aflat pe raza comunei Vidra, din Jude\u021bul Ilfov. De\u00a0s\u00e2mb\u0103t\u0103, 4 octombrie, traseul liniei 475\u00a0va fi: Pe traseul prelungit, vehiculele&nbsp;liniei 475&nbsp;vor efectua sta\u021biile&nbsp;\u201ePodul Pescarilor\u201d (pe ambele sensuri) \u0219i \u201eMega Parc\u201d, situate [&hellip;]<\/p>\n","protected":false},"author":1,"featured_media":150407,"comment_status":"closed","ping_status":"open","sticky":false,"template":"","format":"standard","meta":{"_acf_changed":false,"inline_featured_image":false,"ngg_post_thumbnail":0,"footnotes":""},"categories":[6994,62,650],"tags":[13242,24031,24032,3401],"ppma_author":[22583],"class_list":["post-150402","post","type-post","status-publish","format-standard","has-post-thumbnail","hentry","category-stiri-2","category-stiri","category-transport","tag-linia-475","tag-mega-parc","tag-podul-pescarilor","tag-vidra"],"acf":[],"yoast_head":"<!-- This site is optimized with the Yoast SEO Premium plugin v25.3 (Yoast SEO v27.4) - https:\/\/yoast.com\/product\/yoast-seo-premium-wordpress\/ -->\n<title>ILFOV | Traseul liniei 475 se prelunge\u0219te la \u201eMega Parc\u201d, \u00een localitatea Vidra - Buletin de Bucure\u0219ti<\/title>\n<meta name=\"description\" content=\"Asocia\u021bia de Dezvoltare Intercomunitar\u0103 pentru Transport Public Bucure\u0219ti-Ilfov prelunge\u0219te traseul liniei 475,\u00a0din data de 4 octombrie.\" \/>\n<meta name=\"robots\" content=\"index, follow, max-snippet:-1, max-image-preview:large, max-video-preview:-1\" \/>\n<link rel=\"canonical\" href=\"https:\/\/buletin.de\/bucuresti\/tpbi-prelungeste-traseul-liniei-475-din-data-de-4-octombrie\/\" \/>\n<meta property=\"og:locale\" content=\"en_GB\" \/>\n<meta property=\"og:type\" content=\"article\" \/>\n<meta property=\"og:title\" content=\"ILFOV | Traseul liniei 475 se prelunge\u0219te la \u201eMega Parc\u201d, \u00een localitatea Vidra\" \/>\n<meta property=\"og:description\" content=\"Asocia\u021bia de Dezvoltare Intercomunitar\u0103 pentru Transport Public Bucure\u0219ti-Ilfov prelunge\u0219te traseul liniei 475,\u00a0din data de 4 octombrie.\" \/>\n<meta property=\"og:url\" content=\"https:\/\/buletin.de\/bucuresti\/tpbi-prelungeste-traseul-liniei-475-din-data-de-4-octombrie\/\" \/>\n<meta property=\"og:site_name\" content=\"Buletin de Bucure\u0219ti\" \/>\n<meta property=\"article:publisher\" content=\"https:\/\/www.facebook.com\/buletin.de.buc\" \/>\n<meta property=\"article:published_time\" content=\"2025-10-02T12:07:38+00:00\" \/>\n<meta property=\"article:modified_time\" content=\"2025-10-02T12:07:39+00:00\" \/>\n<meta property=\"og:image\" content=\"https:\/\/buletin.de\/bucuresti\/wp-content\/uploads\/2025\/10\/475-Vidra-1000x632.png\" \/>\n\t<meta property=\"og:image:width\" content=\"1000\" \/>\n\t<meta property=\"og:image:height\" content=\"632\" \/>\n\t<meta property=\"og:image:type\" content=\"image\/png\" \/>\n<meta name=\"author\" content=\"Redac\u021bia Buletin de Bucure\u0219ti\" \/>\n<meta name=\"twitter:card\" content=\"summary_large_image\" \/>\n<meta name=\"twitter:label1\" content=\"Written by\" \/>\n\t<meta name=\"twitter:data1\" content=\"Redac\u021bia Buletin de Bucure\u0219ti\" \/>\n\t<meta name=\"twitter:label2\" content=\"Estimated reading time\" \/>\n\t<meta name=\"twitter:data2\" content=\"2 minutes\" \/>\n<script type=\"application\/ld+json\" class=\"yoast-schema-graph\">{\"@context\":\"https:\\\/\\\/schema.org\",\"@graph\":[{\"@type\":\"Article\",\"@id\":\"https:\\\/\\\/buletin.de\\\/bucuresti\\\/tpbi-prelungeste-traseul-liniei-475-din-data-de-4-octombrie\\\/#article\",\"isPartOf\":{\"@id\":\"https:\\\/\\\/buletin.de\\\/bucuresti\\\/tpbi-prelungeste-traseul-liniei-475-din-data-de-4-octombrie\\\/\"},\"author\":{\"name\":\"Redac\u021bia Buletin de Bucure\u0219ti\",\"@id\":\"https:\\\/\\\/buletin.de\\\/bucuresti\\\/#\\\/schema\\\/person\\\/2bbcf854e5f2419a13804af574d06ab1\"},\"headline\":\"ILFOV | Traseul liniei 475 se prelunge\u0219te la \u201eMega Parc\u201d, \u00een localitatea Vidra\",\"datePublished\":\"2025-10-02T12:07:38+00:00\",\"dateModified\":\"2025-10-02T12:07:39+00:00\",\"mainEntityOfPage\":{\"@id\":\"https:\\\/\\\/buletin.de\\\/bucuresti\\\/tpbi-prelungeste-traseul-liniei-475-din-data-de-4-octombrie\\\/\"},\"wordCount\":398,\"publisher\":{\"@id\":\"https:\\\/\\\/buletin.de\\\/bucuresti\\\/#organization\"},\"image\":{\"@id\":\"https:\\\/\\\/buletin.de\\\/bucuresti\\\/tpbi-prelungeste-traseul-liniei-475-din-data-de-4-octombrie\\\/#primaryimage\"},\"thumbnailUrl\":\"https:\\\/\\\/buletin.de\\\/bucuresti\\\/wp-content\\\/uploads\\\/2025\\\/10\\\/475-Vidra.png\",\"keywords\":[\"linia 475\",\"Mega Parc\u201d\",\"Podul Pescarilor\",\"vidra\"],\"articleSection\":[\"Articole\",\"\u0218tiri\",\"Transport\"],\"inLanguage\":\"en-GB\",\"copyrightYear\":\"2025\",\"copyrightHolder\":{\"@id\":\"https:\\\/\\\/buletin.de\\\/bucuresti\\\/#organization\"}},{\"@type\":\"WebPage\",\"@id\":\"https:\\\/\\\/buletin.de\\\/bucuresti\\\/tpbi-prelungeste-traseul-liniei-475-din-data-de-4-octombrie\\\/\",\"url\":\"https:\\\/\\\/buletin.de\\\/bucuresti\\\/tpbi-prelungeste-traseul-liniei-475-din-data-de-4-octombrie\\\/\",\"name\":\"ILFOV | Traseul liniei 475 se prelunge\u0219te la \u201eMega Parc\u201d, \u00een localitatea Vidra - Buletin de Bucure\u0219ti\",\"isPartOf\":{\"@id\":\"https:\\\/\\\/buletin.de\\\/bucuresti\\\/#website\"},\"primaryImageOfPage\":{\"@id\":\"https:\\\/\\\/buletin.de\\\/bucuresti\\\/tpbi-prelungeste-traseul-liniei-475-din-data-de-4-octombrie\\\/#primaryimage\"},\"image\":{\"@id\":\"https:\\\/\\\/buletin.de\\\/bucuresti\\\/tpbi-prelungeste-traseul-liniei-475-din-data-de-4-octombrie\\\/#primaryimage\"},\"thumbnailUrl\":\"https:\\\/\\\/buletin.de\\\/bucuresti\\\/wp-content\\\/uploads\\\/2025\\\/10\\\/475-Vidra.png\",\"datePublished\":\"2025-10-02T12:07:38+00:00\",\"dateModified\":\"2025-10-02T12:07:39+00:00\",\"description\":\"Asocia\u021bia de Dezvoltare Intercomunitar\u0103 pentru Transport Public Bucure\u0219ti-Ilfov prelunge\u0219te traseul liniei 475,\u00a0din data de 4 octombrie.\",\"breadcrumb\":{\"@id\":\"https:\\\/\\\/buletin.de\\\/bucuresti\\\/tpbi-prelungeste-traseul-liniei-475-din-data-de-4-octombrie\\\/#breadcrumb\"},\"inLanguage\":\"en-GB\",\"potentialAction\":[{\"@type\":\"ReadAction\",\"target\":[\"https:\\\/\\\/buletin.de\\\/bucuresti\\\/tpbi-prelungeste-traseul-liniei-475-din-data-de-4-octombrie\\\/\"]}]},{\"@type\":\"ImageObject\",\"inLanguage\":\"en-GB\",\"@id\":\"https:\\\/\\\/buletin.de\\\/bucuresti\\\/tpbi-prelungeste-traseul-liniei-475-din-data-de-4-octombrie\\\/#primaryimage\",\"url\":\"https:\\\/\\\/buletin.de\\\/bucuresti\\\/wp-content\\\/uploads\\\/2025\\\/10\\\/475-Vidra.png\",\"contentUrl\":\"https:\\\/\\\/buletin.de\\\/bucuresti\\\/wp-content\\\/uploads\\\/2025\\\/10\\\/475-Vidra.png\",\"width\":2000,\"height\":1264,\"caption\":\"ILFOV | Traseul liniei 475 se prelunge\u0219te la \u201eMega Parc\u201d, \u00een localitatea Vidra. FOTO: TPBI\"},{\"@type\":\"BreadcrumbList\",\"@id\":\"https:\\\/\\\/buletin.de\\\/bucuresti\\\/tpbi-prelungeste-traseul-liniei-475-din-data-de-4-octombrie\\\/#breadcrumb\",\"itemListElement\":[{\"@type\":\"ListItem\",\"position\":1,\"name\":\"Acas\u0103\",\"item\":\"https:\\\/\\\/buletin.de\\\/bucuresti\\\/\"},{\"@type\":\"ListItem\",\"position\":2,\"name\":\"ILFOV | Traseul liniei 475 se prelunge\u0219te la \u201eMega Parc\u201d, \u00een localitatea Vidra\"}]},{\"@type\":\"WebSite\",\"@id\":\"https:\\\/\\\/buletin.de\\\/bucuresti\\\/#website\",\"url\":\"https:\\\/\\\/buletin.de\\\/bucuresti\\\/\",\"name\":\"Buletin de Bucure\u0219ti\",\"description\":\"\u0218tiri \u0219i investiga\u021bii esen\u021biale din capital\u0103\",\"publisher\":{\"@id\":\"https:\\\/\\\/buletin.de\\\/bucuresti\\\/#organization\"},\"potentialAction\":[{\"@type\":\"SearchAction\",\"target\":{\"@type\":\"EntryPoint\",\"urlTemplate\":\"https:\\\/\\\/buletin.de\\\/bucuresti\\\/?s={search_term_string}\"},\"query-input\":{\"@type\":\"PropertyValueSpecification\",\"valueRequired\":true,\"valueName\":\"search_term_string\"}}],\"inLanguage\":\"en-GB\"},{\"@type\":\"Organization\",\"@id\":\"https:\\\/\\\/buletin.de\\\/bucuresti\\\/#organization\",\"name\":\"Buletin de Bucure\u0219ti\",\"url\":\"https:\\\/\\\/buletin.de\\\/bucuresti\\\/\",\"logo\":{\"@type\":\"ImageObject\",\"inLanguage\":\"en-GB\",\"@id\":\"https:\\\/\\\/buletin.de\\\/bucuresti\\\/#\\\/schema\\\/logo\\\/image\\\/\",\"url\":\"https:\\\/\\\/buletin.de\\\/bucuresti\\\/wp-content\\\/uploads\\\/logo-bdb-full-wide-vernil-transparent.png\",\"contentUrl\":\"https:\\\/\\\/buletin.de\\\/bucuresti\\\/wp-content\\\/uploads\\\/logo-bdb-full-wide-vernil-transparent.png\",\"width\":1782,\"height\":626,\"caption\":\"Buletin de Bucure\u0219ti\"},\"image\":{\"@id\":\"https:\\\/\\\/buletin.de\\\/bucuresti\\\/#\\\/schema\\\/logo\\\/image\\\/\"},\"sameAs\":[\"https:\\\/\\\/www.facebook.com\\\/buletin.de.buc\",\"https:\\\/\\\/www.instagram.com\\\/buletinde.bucuresti\\\/\"]},{\"@type\":\"Person\",\"@id\":\"https:\\\/\\\/buletin.de\\\/bucuresti\\\/#\\\/schema\\\/person\\\/2bbcf854e5f2419a13804af574d06ab1\",\"name\":\"Redac\u021bia Buletin de Bucure\u0219ti\",\"image\":{\"@type\":\"ImageObject\",\"inLanguage\":\"en-GB\",\"@id\":\"https:\\\/\\\/secure.gravatar.com\\\/avatar\\\/18c5342381ed1a08620e6280424e3e5efc958618f5d67c522c9e44c1bc6f9226?s=96&d=monsterid&r=g60c7cd0ad92c68c049fcd4bb3504d609\",\"url\":\"https:\\\/\\\/secure.gravatar.com\\\/avatar\\\/18c5342381ed1a08620e6280424e3e5efc958618f5d67c522c9e44c1bc6f9226?s=96&d=monsterid&r=g\",\"contentUrl\":\"https:\\\/\\\/secure.gravatar.com\\\/avatar\\\/18c5342381ed1a08620e6280424e3e5efc958618f5d67c522c9e44c1bc6f9226?s=96&d=monsterid&r=g\",\"caption\":\"Redac\u021bia Buletin de Bucure\u0219ti\"},\"description\":\"Buletin de Bucure\u0219ti exist\u0103 din vara anului 2019.\",\"url\":\"https:\\\/\\\/buletin.de\\\/bucuresti\\\/author\\\/adminbuletin\\\/\"}]}<\/script>\n<!-- \/ Yoast SEO Premium plugin. -->","yoast_head_json":{"title":"ILFOV | Traseul liniei 475 se prelunge\u0219te la \u201eMega Parc\u201d, \u00een localitatea Vidra - Buletin de Bucure\u0219ti","description":"Asocia\u021bia de Dezvoltare Intercomunitar\u0103 pentru Transport Public Bucure\u0219ti-Ilfov prelunge\u0219te traseul liniei 475,\u00a0din data de 4 octombrie.","robots":{"index":"index","follow":"follow","max-snippet":"max-snippet:-1","max-image-preview":"max-image-preview:large","max-video-preview":"max-video-preview:-1"},"canonical":"https:\/\/buletin.de\/bucuresti\/tpbi-prelungeste-traseul-liniei-475-din-data-de-4-octombrie\/","og_locale":"en_GB","og_type":"article","og_title":"ILFOV | Traseul liniei 475 se prelunge\u0219te la \u201eMega Parc\u201d, \u00een localitatea Vidra","og_description":"Asocia\u021bia de Dezvoltare Intercomunitar\u0103 pentru Transport Public Bucure\u0219ti-Ilfov prelunge\u0219te traseul liniei 475,\u00a0din data de 4 octombrie.","og_url":"https:\/\/buletin.de\/bucuresti\/tpbi-prelungeste-traseul-liniei-475-din-data-de-4-octombrie\/","og_site_name":"Buletin de Bucure\u0219ti","article_publisher":"https:\/\/www.facebook.com\/buletin.de.buc","article_published_time":"2025-10-02T12:07:38+00:00","article_modified_time":"2025-10-02T12:07:39+00:00","og_image":[{"width":1000,"height":632,"url":"https:\/\/buletin.de\/bucuresti\/wp-content\/uploads\/2025\/10\/475-Vidra-1000x632.png","type":"image\/png"}],"author":"Redac\u021bia Buletin de Bucure\u0219ti","twitter_card":"summary_large_image","twitter_misc":{"Written by":"Redac\u021bia Buletin de Bucure\u0219ti","Estimated reading time":"2 minutes"},"schema":{"@context":"https:\/\/schema.org","@graph":[{"@type":"Article","@id":"https:\/\/buletin.de\/bucuresti\/tpbi-prelungeste-traseul-liniei-475-din-data-de-4-octombrie\/#article","isPartOf":{"@id":"https:\/\/buletin.de\/bucuresti\/tpbi-prelungeste-traseul-liniei-475-din-data-de-4-octombrie\/"},"author":{"name":"Redac\u021bia Buletin de Bucure\u0219ti","@id":"https:\/\/buletin.de\/bucuresti\/#\/schema\/person\/2bbcf854e5f2419a13804af574d06ab1"},"headline":"ILFOV | Traseul liniei 475 se prelunge\u0219te la \u201eMega Parc\u201d, \u00een localitatea Vidra","datePublished":"2025-10-02T12:07:38+00:00","dateModified":"2025-10-02T12:07:39+00:00","mainEntityOfPage":{"@id":"https:\/\/buletin.de\/bucuresti\/tpbi-prelungeste-traseul-liniei-475-din-data-de-4-octombrie\/"},"wordCount":398,"publisher":{"@id":"https:\/\/buletin.de\/bucuresti\/#organization"},"image":{"@id":"https:\/\/buletin.de\/bucuresti\/tpbi-prelungeste-traseul-liniei-475-din-data-de-4-octombrie\/#primaryimage"},"thumbnailUrl":"https:\/\/buletin.de\/bucuresti\/wp-content\/uploads\/2025\/10\/475-Vidra.png","keywords":["linia 475","Mega Parc\u201d","Podul Pescarilor","vidra"],"articleSection":["Articole","\u0218tiri","Transport"],"inLanguage":"en-GB","copyrightYear":"2025","copyrightHolder":{"@id":"https:\/\/buletin.de\/bucuresti\/#organization"}},{"@type":"WebPage","@id":"https:\/\/buletin.de\/bucuresti\/tpbi-prelungeste-traseul-liniei-475-din-data-de-4-octombrie\/","url":"https:\/\/buletin.de\/bucuresti\/tpbi-prelungeste-traseul-liniei-475-din-data-de-4-octombrie\/","name":"ILFOV | Traseul liniei 475 se prelunge\u0219te la \u201eMega Parc\u201d, \u00een localitatea Vidra - Buletin de Bucure\u0219ti","isPartOf":{"@id":"https:\/\/buletin.de\/bucuresti\/#website"},"primaryImageOfPage":{"@id":"https:\/\/buletin.de\/bucuresti\/tpbi-prelungeste-traseul-liniei-475-din-data-de-4-octombrie\/#primaryimage"},"image":{"@id":"https:\/\/buletin.de\/bucuresti\/tpbi-prelungeste-traseul-liniei-475-din-data-de-4-octombrie\/#primaryimage"},"thumbnailUrl":"https:\/\/buletin.de\/bucuresti\/wp-content\/uploads\/2025\/10\/475-Vidra.png","datePublished":"2025-10-02T12:07:38+00:00","dateModified":"2025-10-02T12:07:39+00:00","description":"Asocia\u021bia de Dezvoltare Intercomunitar\u0103 pentru Transport Public Bucure\u0219ti-Ilfov prelunge\u0219te traseul liniei 475,\u00a0din data de 4 octombrie.","breadcrumb":{"@id":"https:\/\/buletin.de\/bucuresti\/tpbi-prelungeste-traseul-liniei-475-din-data-de-4-octombrie\/#breadcrumb"},"inLanguage":"en-GB","potentialAction":[{"@type":"ReadAction","target":["https:\/\/buletin.de\/bucuresti\/tpbi-prelungeste-traseul-liniei-475-din-data-de-4-octombrie\/"]}]},{"@type":"ImageObject","inLanguage":"en-GB","@id":"https:\/\/buletin.de\/bucuresti\/tpbi-prelungeste-traseul-liniei-475-din-data-de-4-octombrie\/#primaryimage","url":"https:\/\/buletin.de\/bucuresti\/wp-content\/uploads\/2025\/10\/475-Vidra.png","contentUrl":"https:\/\/buletin.de\/bucuresti\/wp-content\/uploads\/2025\/10\/475-Vidra.png","width":2000,"height":1264,"caption":"ILFOV | Traseul liniei 475 se prelunge\u0219te la \u201eMega Parc\u201d, \u00een localitatea Vidra. FOTO: TPBI"},{"@type":"BreadcrumbList","@id":"https:\/\/buletin.de\/bucuresti\/tpbi-prelungeste-traseul-liniei-475-din-data-de-4-octombrie\/#breadcrumb","itemListElement":[{"@type":"ListItem","position":1,"name":"Acas\u0103","item":"https:\/\/buletin.de\/bucuresti\/"},{"@type":"ListItem","position":2,"name":"ILFOV | Traseul liniei 475 se prelunge\u0219te la \u201eMega Parc\u201d, \u00een localitatea Vidra"}]},{"@type":"WebSite","@id":"https:\/\/buletin.de\/bucuresti\/#website","url":"https:\/\/buletin.de\/bucuresti\/","name":"Buletin de Bucure\u0219ti","description":"\u0218tiri \u0219i investiga\u021bii esen\u021biale din capital\u0103","publisher":{"@id":"https:\/\/buletin.de\/bucuresti\/#organization"},"potentialAction":[{"@type":"SearchAction","target":{"@type":"EntryPoint","urlTemplate":"https:\/\/buletin.de\/bucuresti\/?s={search_term_string}"},"query-input":{"@type":"PropertyValueSpecification","valueRequired":true,"valueName":"search_term_string"}}],"inLanguage":"en-GB"},{"@type":"Organization","@id":"https:\/\/buletin.de\/bucuresti\/#organization","name":"Buletin de Bucure\u0219ti","url":"https:\/\/buletin.de\/bucuresti\/","logo":{"@type":"ImageObject","inLanguage":"en-GB","@id":"https:\/\/buletin.de\/bucuresti\/#\/schema\/logo\/image\/","url":"https:\/\/buletin.de\/bucuresti\/wp-content\/uploads\/logo-bdb-full-wide-vernil-transparent.png","contentUrl":"https:\/\/buletin.de\/bucuresti\/wp-content\/uploads\/logo-bdb-full-wide-vernil-transparent.png","width":1782,"height":626,"caption":"Buletin de Bucure\u0219ti"},"image":{"@id":"https:\/\/buletin.de\/bucuresti\/#\/schema\/logo\/image\/"},"sameAs":["https:\/\/www.facebook.com\/buletin.de.buc","https:\/\/www.instagram.com\/buletinde.bucuresti\/"]},{"@type":"Person","@id":"https:\/\/buletin.de\/bucuresti\/#\/schema\/person\/2bbcf854e5f2419a13804af574d06ab1","name":"Redac\u021bia Buletin de Bucure\u0219ti","image":{"@type":"ImageObject","inLanguage":"en-GB","@id":"https:\/\/secure.gravatar.com\/avatar\/18c5342381ed1a08620e6280424e3e5efc958618f5d67c522c9e44c1bc6f9226?s=96&d=monsterid&r=g60c7cd0ad92c68c049fcd4bb3504d609","url":"https:\/\/secure.gravatar.com\/avatar\/18c5342381ed1a08620e6280424e3e5efc958618f5d67c522c9e44c1bc6f9226?s=96&d=monsterid&r=g","contentUrl":"https:\/\/secure.gravatar.com\/avatar\/18c5342381ed1a08620e6280424e3e5efc958618f5d67c522c9e44c1bc6f9226?s=96&d=monsterid&r=g","caption":"Redac\u021bia Buletin de Bucure\u0219ti"},"description":"Buletin de Bucure\u0219ti exist\u0103 din vara anului 2019.","url":"https:\/\/buletin.de\/bucuresti\/author\/adminbuletin\/"}]}},"authors":[{"term_id":22583,"user_id":1,"is_guest":0,"slug":"adminbuletin","display_name":"Redac\u021bia Buletin de Bucure\u0219ti","avatar_url":"https:\/\/secure.gravatar.com\/avatar\/18c5342381ed1a08620e6280424e3e5efc958618f5d67c522c9e44c1bc6f9226?s=96&d=monsterid&r=g","0":null,"1":"","2":"","3":"","4":"","5":"","6":"","7":"","8":""}],"_links":{"self":[{"href":"https:\/\/buletin.de\/bucuresti\/wp-json\/wp\/v2\/posts\/150402","targetHints":{"allow":["GET"]}}],"collection":[{"href":"https:\/\/buletin.de\/bucuresti\/wp-json\/wp\/v2\/posts"}],"about":[{"href":"https:\/\/buletin.de\/bucuresti\/wp-json\/wp\/v2\/types\/post"}],"author":[{"embeddable":true,"href":"https:\/\/buletin.de\/bucuresti\/wp-json\/wp\/v2\/users\/1"}],"replies":[{"embeddable":true,"href":"https:\/\/buletin.de\/bucuresti\/wp-json\/wp\/v2\/comments?post=150402"}],"version-history":[{"count":1,"href":"https:\/\/buletin.de\/bucuresti\/wp-json\/wp\/v2\/posts\/150402\/revisions"}],"predecessor-version":[{"id":150411,"href":"https:\/\/buletin.de\/bucuresti\/wp-json\/wp\/v2\/posts\/150402\/revisions\/150411"}],"wp:featuredmedia":[{"embeddable":true,"href":"https:\/\/buletin.de\/bucuresti\/wp-json\/wp\/v2\/media\/150407"}],"wp:attachment":[{"href":"https:\/\/buletin.de\/bucuresti\/wp-json\/wp\/v2\/media?parent=150402"}],"wp:term":[{"taxonomy":"category","embeddable":true,"href":"https:\/\/buletin.de\/bucuresti\/wp-json\/wp\/v2\/categories?post=150402"},{"taxonomy":"post_tag","embeddable":true,"href":"https:\/\/buletin.de\/bucuresti\/wp-json\/wp\/v2\/tags?post=150402"},{"taxonomy":"author","embeddable":true,"href":"https:\/\/buletin.de\/bucuresti\/wp-json\/wp\/v2\/ppma_author?post=150402"}],"curies":[{"name":"wp","href":"https:\/\/api.w.org\/{rel}","templated":true}]}}