{"id":150277,"date":"2025-10-02T15:49:33","date_gmt":"2025-10-02T12:49:33","guid":{"rendered":"https:\/\/buletin.de\/bucuresti\/?p=150277"},"modified":"2025-10-02T21:42:21","modified_gmt":"2025-10-02T18:42:21","slug":"doua-companii-ale-primariei-generale-au-primit-in-plus-80-de-milioane-de-lei-in-plina-reducere-bugetara-vor-sa-cumpere-dacia-de-60-000-de-euro-si-drone-de-300-000-de-euro","status":"publish","type":"post","link":"https:\/\/buletin.de\/bucuresti\/doua-companii-ale-primariei-generale-au-primit-in-plus-80-de-milioane-de-lei-in-plina-reducere-bugetara-vor-sa-cumpere-dacia-de-60-000-de-euro-si-drone-de-300-000-de-euro\/","title":{"rendered":"Dou\u0103 companii ale Prim\u0103riei Generale au primit \u00een plus 80 de milioane de lei, \u00een plin\u0103 reducere bugetar\u0103. Vor s\u0103 cumpere Dacia de 60.000 de euro \u0219i drone de 300.000 de euro"},"content":{"rendered":"\n<p><strong>Consiliul General al Municipiului Bucure\u0219ti (CGMB) a aprobat alocarea a nu mai pu\u021bin de 80 de milioane de lei pentru majorarea capitalului social a dou\u0103 companii ale Prim\u0103riei Generale. Ciclop \u0219i Eco Igienizare s-au angajat s\u0103 foloseasc\u0103 banii pentru investi\u021bii \u00een dezvoltarea activit\u0103\u021bii. <\/strong><\/p>\n\n\n\n<p>Consilierii generali REPER \u0219i USR au sesizat, \u00eens\u0103, faptul c\u0103 \u00een planul de investi\u021bii, prezentat sumar, apar mai multe achizi\u021bii extrem de scumpe. <\/p>\n\n\n\n<p>Compania Eco Igienizare, care va primi 50 de milioane de lei din bugetul Capitalei, inten\u021bioneaz\u0103 s\u0103 cumpere \u0219ase drone pentru \u00eempr\u0103\u0219tierea de insecticid la un pre\u021b de 300.000 de euro fiecare, 40 de autovehicule Dacia Dokker sau echivalent cu pre\u021bul estimat de 60.000 de euro bucata \u0219i 20 de Ford Ranger sau echivalent, cu 240.000 de euro.<\/p>\n\n\n\n<p><strong>De asemenea, Eco Igienizare mai inten\u021bioneaz\u0103 s\u0103 achizi\u021bioneze un sistem software la un pre\u021b de circa 80.000 de euro.<\/strong><\/p>\n\n\n\n<p><strong>Consilierul general USR Nicorel Nicorescu a <a href=\"https:\/\/www.facebook.com\/photo?fbid=1269366111867637&amp;set=a.268173485320243\" target=\"_blank\" rel=\"noreferrer noopener\">men\u021bionat<\/a> c\u0103 a verificat pre\u021burile din pia\u021ba liber\u0103 \u0219i, cel pu\u021bin \u00een cazul dronelor pentru dezinsec\u021bie, consider\u0103 c\u0103 sumele propuse de compania Eco Igienizare sunt supraevaluate de 10 ori. <\/strong><\/p>\n\n\n\n<p>De asemenea, politicianul a remarcat faptul c\u0103 \u00een urm\u0103 cu 5 ani, compania a mai cump\u0103rat 40 de autovehicule Dacia Dokker \u0219i nu se justific\u0103 dublarea parcului auto \u00een actualele condi\u021bii bugetare.<\/p>\n\n\n\n<figure class=\"wp-block-image size-large\"><img fetchpriority=\"high\" decoding=\"async\" width=\"1000\" height=\"508\" src=\"data:image\/gif;base64,R0lGODlhAQABAAAAACH5BAEKAAEALAAAAAABAAEAAAICTAEAOw==\" data-src=\"https:\/\/buletin.de\/bucuresti\/wp-content\/uploads\/2025\/10\/investitiiecoiginienizare-1000x508.jpg\" alt=\"companii ale Prim\u0103riei Generale\" class=\"wp-image-150443 lazyload\" data-sizes=\"auto\" data-srcset=\"https:\/\/buletin.de\/bucuresti\/wp-content\/uploads\/2025\/10\/investitiiecoiginienizare-1000x508.jpg 1000w, https:\/\/buletin.de\/bucuresti\/wp-content\/uploads\/2025\/10\/investitiiecoiginienizare-300x152.jpg 300w, https:\/\/buletin.de\/bucuresti\/wp-content\/uploads\/2025\/10\/investitiiecoiginienizare-768x390.jpg 768w, https:\/\/buletin.de\/bucuresti\/wp-content\/uploads\/2025\/10\/investitiiecoiginienizare-1536x781.jpg 1536w, https:\/\/buletin.de\/bucuresti\/wp-content\/uploads\/2025\/10\/investitiiecoiginienizare-1600x813.jpg 1600w, https:\/\/buletin.de\/bucuresti\/wp-content\/uploads\/2025\/10\/investitiiecoiginienizare-1100x559.jpg 1100w, https:\/\/buletin.de\/bucuresti\/wp-content\/uploads\/2025\/10\/investitiiecoiginienizare-600x305.jpg 600w, https:\/\/buletin.de\/bucuresti\/wp-content\/uploads\/2025\/10\/investitiiecoiginienizare-20x10.jpg 20w, https:\/\/buletin.de\/bucuresti\/wp-content\/uploads\/2025\/10\/investitiiecoiginienizare.jpg 1928w\" sizes=\"(max-width: 1000px) 100vw, 1000px\" \/><figcaption class=\"wp-element-caption\">Achizi\u021bii propuse de Eco Igienizare. Captur\u0103 Nicorel Nicorescu<\/figcaption><\/figure>\n\n\n\n<p>\u201eCompania NU trebuie s\u0103 propun achizi\u021bionarea unor drone cu 300.000 de euro bucata (<strong>una pe pia\u021ba agro se vinde cu 30.000 euro<\/strong>).<\/p>\n\n\n\n<p>Compania NU trebuie s\u0103 dubleze parcul auto, at\u00e2ta vreme c\u00e2t Planul Unic de Ac\u021biune (ce con\u021bine serviciile prestate) nu ob\u021bine dublarea bugetului folosit \u00een urma unor analize socio-economice (&#8230;).<\/p>\n\n\n\n<p>Compania NU trebuie sa achizi\u021bioneze platforme auto Ford Ranger &#8211; 20 buc\u0103\u021bi (sau echivalent) cu ULV-uri la pre\u021buri de 240.000 euro, c\u00e2nd pe pia\u021ba liber\u0103 un <strong>tun ULV profesional este circa 25.000 euro<\/strong>, iar un <strong>Ford Ranger este maxim 50.000 Euro<\/strong>\u201d, a declarat Nicorel Nicorescu.<\/p>\n\n\n\n<p>Un tun ULV\u00a0(<a href=\"https:\/\/www.google.com\/search?sca_esv=38d5b1a6813f14da&amp;cs=0&amp;sxsrf=AE3TifNIrEWF9fnpTKCs7l38iNep-pLp0g%3A1759409899407&amp;q=Ultra+Low+Volume&amp;sa=X&amp;ved=2ahUKEwit4q3QyIWQAxVe_7sIHVHpPOgQxccNegQIAhAB&amp;mstk=AUtExfCH5anMAqKQhGnYn5ZvnQDRnqYob6zmtzhwqTkfc9iWgfQkk588Ou-L44MD1De5tc1thalJoaXwdnNpUCKMHp6Lj0lePB1EuDJMt1sB1PuUFTKj1u1bjqsr9W9RThDkgGGkBN0HFBs9hk7izt06BtnSknSdyQ41GfCX6NuM8sevDsJeITrRnKS0sCknpZv0nTb0Fv6ApXd1RLpTvxs_VNvyhCcRmijUMDtG2qeuS5QGjjfMHtdvqd-hRvWfEfb4jnVw7ybuTkVIVZgKYsESgPF7&amp;csui=3\" target=\"_blank\" rel=\"noreferrer noopener\">Ultra Low Volume<\/a>)\u00a0este un aparat de nebulizare care produce o cea\u021b\u0103 fin\u0103 de pic\u0103turi foarte mici, utilizat pentru igienizare, dezinsec\u021bie sau aplicarea de pesticide \u00een spa\u021bii deschise sau \u00eenchise.<\/p>\n\n\n\n<figure class=\"wp-block-image size-large\"><img decoding=\"async\" width=\"1000\" height=\"770\" src=\"data:image\/gif;base64,R0lGODlhAQABAAAAACH5BAEKAAEALAAAAAABAAEAAAICTAEAOw==\" data-src=\"https:\/\/buletin.de\/bucuresti\/wp-content\/uploads\/2025\/10\/tunulv-1000x770.jpg\" alt=\"companii ale Prim\u0103riei Generale\" class=\"wp-image-150449 lazyload\" data-sizes=\"auto\" data-srcset=\"https:\/\/buletin.de\/bucuresti\/wp-content\/uploads\/2025\/10\/tunulv-1000x770.jpg 1000w, https:\/\/buletin.de\/bucuresti\/wp-content\/uploads\/2025\/10\/tunulv-300x231.jpg 300w, https:\/\/buletin.de\/bucuresti\/wp-content\/uploads\/2025\/10\/tunulv-768x591.jpg 768w, https:\/\/buletin.de\/bucuresti\/wp-content\/uploads\/2025\/10\/tunulv-1536x1182.jpg 1536w, https:\/\/buletin.de\/bucuresti\/wp-content\/uploads\/2025\/10\/tunulv-1600x1231.jpg 1600w, https:\/\/buletin.de\/bucuresti\/wp-content\/uploads\/2025\/10\/tunulv-1100x846.jpg 1100w, https:\/\/buletin.de\/bucuresti\/wp-content\/uploads\/2025\/10\/tunulv-600x462.jpg 600w, https:\/\/buletin.de\/bucuresti\/wp-content\/uploads\/2025\/10\/tunulv-20x15.jpg 20w, https:\/\/buletin.de\/bucuresti\/wp-content\/uploads\/2025\/10\/tunulv.jpg 2048w\" sizes=\"(max-width: 1000px) 100vw, 1000px\" \/><figcaption class=\"wp-element-caption\">Utilitar\u0103 cu tun ULV, aflat\u0103 deja \u00een dotarea Eco Igienizare. Foto Eco Igienizare<\/figcaption><\/figure>\n\n\n\n<p><strong>CITE\u0218TE \u0218I: <a href=\"https:\/\/buletin.de\/bucuresti\/otopeni-dosar-penal-dupa-ce-o-femeie-ucisa-in-casa-de-acoperisul-vecin-primaria-a-musamalizat-incidentul\/\" target=\"_blank\" rel=\"noreferrer noopener\">OTOPENI | Dosar penal dup\u0103 ce o femeie a fost ucis\u0103 \u00een cas\u0103 de un acoperi\u0219 smuls de v\u00e2nt. Prim\u0103ria a mu\u0219amalizat incidentul<\/a><\/strong><\/p>\n\n\n\n<h2 class=\"wp-block-heading\" id=\"h-care-sunt-cheltuielile-excesive-pe-care-le-fac-cele-doua-companii\"><strong>Care sunt cheltuielile excesive pe care le fac cele dou\u0103 companii<\/strong><\/h2>\n\n\n\n<p><strong>Buletin de Bucure\u0219ti a discutat cu C\u0103t\u0103lin Teni\u021b\u0103, consilier general din partea REPER, unul dintre cei mai critici cu alocarea de noi bani celor dou\u0103 companii, Ciclop \u0219i Eco Igienizare, care nu reu\u0219esc s\u0103 fie eficiente din punct de vedere economic, de\u0219i, cel pu\u021bin \u00een cazul celei din urm\u0103, beneficiaz\u0103 de monopol.<\/strong><\/p>\n\n\n\n<p>\u201eCe fac colegii no\u0219tri de la cele dou\u0103 companii este s\u0103 deturneze ni\u0219te bani din bugetul Prim\u0103riei, pentru c\u0103 sunt incapabili s\u0103 creeze ni\u0219te companii care s\u0103 fie sustenabile pe pia\u021b\u0103, de\u0219i sunt monopoliste, aten\u021bie. <\/p>\n\n\n\n<p><strong>Eco Igienizare este o companie de care toat\u0103 lumea se pl\u00e2nge, de\u0219i, din 2019, de c\u00e2nd a fost constituit\u0103, a fost finan\u021bat\u0103 cu vreo 10 milioane de lei la \u00eenceput, dac\u0103 nu m\u0103 \u00een\u0219el. Iar acum, vin \u0219i spun c\u0103 mai vor \u00eenc\u0103 50 de milioane de lei, \u00een condi\u021biile \u00een care, repet, au monopol pe pia\u021b\u0103.<\/strong><\/p>\n\n\n\n<blockquote class=\"wp-block-quote is-layout-flow wp-block-quote-is-layout-flow\">\n<p>\u0218i atunci problema este c\u0103 ni s-a pus \u00een fa\u021b\u0103 un platoua\u0219 de cheltuieli de tipul 48 de milioane de lei investi\u021bii \u00een mijloace fixe pentru deratiz\u0103ri, de tipul dron\u0103 la 300.000 de euro, autoutilitar\u0103 la 60.000 de euro etc. \u0219i un software de 400.000 de lei.<\/p>\n<\/blockquote>\n\n\n\n<p>C\u00e2nd am \u00eentrebat exact ce face sofware-ul, mi s-a spus c\u0103 &#8216;e complicat c\u0103 con\u021bine \u0219i modulul de dozare&#8217;. G\u00e2ndi\u021bi-v\u0103 pu\u021bin ce explica\u021bie a fost asta, cu modulul de dozare, de parc\u0103 modulul de dozare poate s\u0103 coste <strong>300.000 de euro<\/strong>\u201d, a declarat C\u0103t\u0103lin Teni\u021b\u0103 pentru Buletin de Bucure\u0219ti.<\/p>\n\n\n\n<p><strong>CITE\u0218TE \u0218I: <a href=\"https:\/\/buletin.de\/bucuresti\/85-de-milioane-de-euro-pentru-un-kilometru-de-metrou-pe-m4-intre-straulesti-si-mogosoaia-proiectul-a-fost-aprobat-de-ps1\/\" target=\"_blank\" rel=\"noreferrer noopener\">85 de milioane de euro pentru un kilometru de metrou pe M4, \u00eentre Str\u0103ule\u0219ti \u015fi Mogo\u0219oaia. Proiectul a fost aprobat de PS1<\/a><\/strong><\/p>\n\n\n\n<p><strong><a href=\"https:\/\/www.facebook.com\/PMBucuresti\/videos\/1126464376125791\" target=\"_blank\" rel=\"noreferrer noopener\">Prezent\u0103 \u00een \u0219edin\u021ba Consiliului General al Municipiului Bucure\u0219ti (CGMB)<\/a>, o reprezentant\u0103 a Eco Igienizare a sus\u021binut c\u0103 drona achizi\u021bionat\u0103 nu ar fi una simpl\u0103. <\/strong><\/p>\n\n\n\n<p>\u201eAici nu este vorba doar de dron\u0103 \u0219i at\u00e2t. Drona, ca s\u0103 ajung\u0103 la larvicidare pe lac, trebuie s\u0103 fie transportat\u0103 cu ceva. \u00cen plus, are un sistem de dozare a larvicidului. Este un complex, nu vorbim doar de dron\u0103 \u0219i at\u00e2t.<\/p>\n\n\n\n<p>Este ma\u0219ina care o transport\u0103 \u0219i un sistem de fixare a dronei\u201d, a justificat pre\u021bul reprezentanta Eco Igienizare.<\/p>\n\n\n\n<p>Aceasta a men\u021bionat c\u0103 autovehiculele au un pre\u021b mai ridicat dec\u00e2t cel de pe pia\u021b\u0103 pentru c\u0103 \u201evor fi folosite pentru tot ce \u00eenseamn\u0103 serviciul de deratizare \u0219i sunt dotate cu tot ce include aplicarea tratamentului. Nu vorbim de o ma\u0219in\u0103 simpl\u0103\u201d.<\/p>\n\n\n\n<h2 class=\"wp-block-heading\" id=\"h-o-firma-privata-nu-ar-cumpara-opt-drone-deodata\">O firm\u0103 privat\u0103 nu ar cump\u0103ra opt drone deodat\u0103<\/h2>\n\n\n\n<p><strong>Consilierul general REPER consider\u0103 devizul de cheltuieli cel pu\u021bin excesiv, \u00een condi\u021biile \u00een care sumele sunt nerezonabile din punctul de vedere al unei investi\u021bii comerciale. <\/strong><\/p>\n\n\n\n<p>\u201eDac\u0103 aceast\u0103 firm\u0103 ar fi una privat\u0103, f\u0103r\u0103 delegare de la prim\u0103rie care \u00eei asigur\u0103 un monopol, nu ar cump\u0103ra \u0219ase drone deodat\u0103, ci mai degrab\u0103 ar cump\u0103ra o dron\u0103 pentru a dezinfecta suprafa\u021ba lacurilor, ar vedea dac\u0103 merge \u0219i dup\u0103 aceea ar cump\u0103ra \u00eenc\u0103 cinci. A\u0219a ar func\u021biona o firm\u0103 privat\u0103.<\/p>\n\n\n\n<p>Noi nu putem, pe penuria aceasta, \u00een condi\u021biile \u00een care nu ne este foarte clar de ce sunt aceste sume at\u00e2t de mari, s\u0103 sus\u021binem acest proiect.<\/p>\n\n\n\n<p><strong>La fel \u00een cazul companiei Ciclop. Este o combina\u021bie \u00eentre o agen\u021bie imobiliar\u0103 \u0219i firm\u0103 de parc\u0103ri care efectiv consum\u0103 bani<\/strong>\u201d, a acuzat consilierul general REPER.<\/p>\n\n\n\n<p>C\u0103t\u0103lin Teni\u021b\u0103 men\u021bioneaz\u0103 c\u0103 a cerut planul de investi\u021bii al ECO Igienizare, dar nu a primit nici m\u0103car r\u0103spunsul c\u0103 s-a recep\u021bionat mesajul. <\/p>\n\n\n\n<p>\u201eAm s\u0103 mai insist. Deci cumva oamenii \u0103\u0219tia nu au trimis consilierilor &#8211; practic, s-a votat \u00een alb &#8211;\u00a0 de ce vor acei bani. Ni s-a spus doar la modul oral, \u00een comisie, c\u0103 astea ar fi sumele\u201d, a men\u021bionat consilierul general.<\/p>\n\n\n\n<p>Aceast\u0103 a men\u021bionat c\u0103 m\u0103ririle de capital reprezint\u0103 o formul\u0103 prin care partidele care controleaz\u0103 aceast\u0103 opera\u021biune &#8211; \u0219i verifica\u021bi cine e \u00een consiliile de administrsa\u021bie &#8211; sunt sifona\u021bi de bani\u201d, <\/p>\n\n\n\n<blockquote class=\"wp-block-quote is-layout-flow wp-block-quote-is-layout-flow\">\n<p>\u201eDac\u0103 ve\u021bi urm\u0103ri, dup\u0103 aceea, cine ob\u021bine aceste contracte \u0219i cum se \u00eent\u00e2mpl\u0103 una \u0219i alta ve\u021bi g\u0103si aceast\u0103 chestiune. Sunt firmele PUSL-ului, ale domnului Piedone. <\/p>\n<\/blockquote>\n\n\n\n<p>Acum, PUSL sau, practic, consilierii PUSL \u021bin de domnul Piedone acum, de\u0219i sunt, \u00een continuare nominal PUSL. O s\u0103 se supere colegii de la PUSL c\u0103 o spun at\u00e2t de direct, dar \u0103sta e adev\u0103rul\u201d, a declarat C\u0103t\u0103lin Teni\u021b\u0103, pentru Buletin de Bucure\u0219ti. <\/p>\n\n\n\n<p>De altfel, pentru alocarea celor 80 de milioane de lei au votat consilierii generali ai PSD, PNL, PUSL \u0219i AUR. S-au opus doar USR \u0219i REPER.<\/p>\n\n\n\n<h2 class=\"wp-block-heading\" id=\"h-de-ce-nu-s-au-imprumut-cele-companii-ale-primariei-generale-de-pe-pia\u021ba-libera\">De ce nu s-au \u00eemprumut cele companii ale Prim\u0103riei Generale de pe pia\u021ba liber\u0103<\/h2>\n\n\n\n<p><strong>\u00cen <a href=\"https:\/\/doc.pmb.ro\/consiliu\/sedinte\/555\/oz\/12917.pdf\" target=\"_blank\" rel=\"noreferrer noopener\">cererile de solicitare a m\u0103ririlor de capital<\/a>, cele dou\u0103 companii ale Prim\u0103riei Generale au justificat c\u0103 au nevoie de bani pentru a fi credibile atunci c\u00e2nd solicit\u0103 \u00eemprumuturi de pe pia\u021ba liber\u0103. <\/strong><\/p>\n\n\n\n<p>\u201eEu nu am aceast\u0103 \u00eencredere c\u0103 vor folosi aceast\u0103 majorare pentru a solicita \u00eemprumuturi, pentru c\u0103 \u00een alt\u0103 discu\u021bie din \u0219edin\u021b\u0103 spuneau c\u0103 au \u00eencercat s\u0103 se \u00eemprumute pe pia\u021ba liber\u0103 bancar\u0103 \u0219i n-au reu\u0219it.<\/p>\n\n\n\n<p>\u00cen testul investitorului privat, ata\u0219at proiectelor de hot\u0103r\u00e2re supuse spre dezbatere CGMB, scrie c\u0103 este mai bine s\u0103 cear\u0103 o m\u0103rire de capital,  pentru c\u0103 \u00eemprumuturile de pe pia\u021ba liber\u0103 sunt prea scumpe, dob\u00e2nzile sunt prea mari. Dar, p\u00e2n\u0103 la urm\u0103, \u0219i Prim\u0103ria se \u00eemprumut\u0103 tot de pe pia\u021ba liber\u0103.<\/p>\n\n\n\n<p><strong>De fapt, este o virare de bani \u0219i, aten\u021bie, din perspectiva mea s-ar putea s\u0103 fie inclusiv ajutor de stat, adic\u0103 s\u0103 fie inclusiv posibilitatea \u00een care aceast\u0103 chestiune s\u0103 fie contestat\u0103 \u00een justi\u021bia european\u0103<\/strong>\u201d, a precizat C\u0103t\u0103lin Teni\u021b\u0103.<\/p>\n\n\n\n<p><strong><em>Editor: R\u0103zvan Chiru\u021b\u0103<\/em><\/strong><\/p>\n","protected":false},"excerpt":{"rendered":"<p>Consiliul General al Municipiului Bucure\u0219ti (CGMB) a aprobat alocarea a nu mai pu\u021bin de 80 de milioane de lei pentru majorarea capitalului social a dou\u0103 companii ale Prim\u0103riei Generale. Ciclop \u0219i Eco Igienizare s-au angajat s\u0103 foloseasc\u0103 banii pentru investi\u021bii \u00een dezvoltarea activit\u0103\u021bii. Consilierii generali REPER \u0219i USR au sesizat, \u00eens\u0103, faptul c\u0103 \u00een planul [&hellip;]<\/p>\n","protected":false},"author":1,"featured_media":150438,"comment_status":"closed","ping_status":"open","sticky":false,"template":"","format":"standard","meta":{"_acf_changed":false,"inline_featured_image":false,"ngg_post_thumbnail":0,"footnotes":""},"categories":[6994,5762,24],"tags":[10734,24036,24037,22693],"ppma_author":[22583],"class_list":["post-150277","post","type-post","status-publish","format-standard","has-post-thumbnail","hentry","category-stiri-2","category-main","category-primarie","tag-catalin-tenita","tag-ciclop","tag-drona-dezinsectie","tag-eco-igienizare"],"acf":[],"yoast_head":"<!-- This site is optimized with the Yoast SEO Premium plugin v25.3 (Yoast SEO v27.4) - https:\/\/yoast.com\/product\/yoast-seo-premium-wordpress\/ -->\n<title>Dou\u0103 companii ale Prim\u0103riei Generale au primit \u00een plus 80 de milioane de lei, \u00een plin\u0103 reducere bugetar\u0103. Vor s\u0103 cumpere Dacia de 60.000 de euro \u0219i drone de 300.000 de euro - Buletin de Bucure\u0219ti<\/title>\n<meta name=\"description\" content=\"Dou\u0103 companii ale Prim\u0103riei Generale au primit \u00een plus 80 de milioane de lei, \u00een plin\u0103 reducere bugetar\u0103. Ce vor s\u0103 fac\u0103 cu banii.\" \/>\n<meta name=\"robots\" content=\"index, follow, max-snippet:-1, max-image-preview:large, max-video-preview:-1\" \/>\n<link rel=\"canonical\" href=\"https:\/\/buletin.de\/bucuresti\/doua-companii-ale-primariei-generale-au-primit-in-plus-80-de-milioane-de-lei-in-plina-reducere-bugetara-vor-sa-cumpere-dacia-de-60-000-de-euro-si-drone-de-300-000-de-euro\/\" \/>\n<meta property=\"og:locale\" content=\"en_GB\" \/>\n<meta property=\"og:type\" content=\"article\" \/>\n<meta property=\"og:title\" content=\"Dou\u0103 companii ale Prim\u0103riei Generale au primit \u00een plus 80 de milioane de lei, \u00een plin\u0103 reducere bugetar\u0103. Vor s\u0103 cumpere Dacia de 60.000 de euro \u0219i drone de 300.000 de euro\" \/>\n<meta property=\"og:description\" content=\"Dou\u0103 companii ale Prim\u0103riei Generale au primit \u00een plus 80 de milioane de lei, \u00een plin\u0103 reducere bugetar\u0103. Ce vor s\u0103 fac\u0103 cu banii.\" \/>\n<meta property=\"og:url\" content=\"https:\/\/buletin.de\/bucuresti\/doua-companii-ale-primariei-generale-au-primit-in-plus-80-de-milioane-de-lei-in-plina-reducere-bugetara-vor-sa-cumpere-dacia-de-60-000-de-euro-si-drone-de-300-000-de-euro\/\" \/>\n<meta property=\"og:site_name\" content=\"Buletin de Bucure\u0219ti\" \/>\n<meta property=\"article:publisher\" content=\"https:\/\/www.facebook.com\/buletin.de.buc\" \/>\n<meta property=\"article:published_time\" content=\"2025-10-02T12:49:33+00:00\" \/>\n<meta property=\"article:modified_time\" content=\"2025-10-02T18:42:21+00:00\" \/>\n<meta property=\"og:image\" content=\"https:\/\/buletin.de\/bucuresti\/wp-content\/uploads\/2025\/10\/ecoigienizare.jpg\" \/>\n\t<meta property=\"og:image:width\" content=\"2048\" \/>\n\t<meta property=\"og:image:height\" content=\"1116\" \/>\n\t<meta property=\"og:image:type\" content=\"image\/jpeg\" \/>\n<meta name=\"author\" content=\"Redac\u021bia Buletin de Bucure\u0219ti\" \/>\n<meta name=\"twitter:card\" content=\"summary_large_image\" \/>\n<meta name=\"twitter:label1\" content=\"Written by\" \/>\n\t<meta name=\"twitter:data1\" content=\"Redac\u021bia Buletin de Bucure\u0219ti\" \/>\n\t<meta name=\"twitter:label2\" content=\"Estimated reading time\" \/>\n\t<meta name=\"twitter:data2\" content=\"6 minutes\" \/>\n<script type=\"application\/ld+json\" class=\"yoast-schema-graph\">{\"@context\":\"https:\\\/\\\/schema.org\",\"@graph\":[{\"@type\":\"Article\",\"@id\":\"https:\\\/\\\/buletin.de\\\/bucuresti\\\/doua-companii-ale-primariei-generale-au-primit-in-plus-80-de-milioane-de-lei-in-plina-reducere-bugetara-vor-sa-cumpere-dacia-de-60-000-de-euro-si-drone-de-300-000-de-euro\\\/#article\",\"isPartOf\":{\"@id\":\"https:\\\/\\\/buletin.de\\\/bucuresti\\\/doua-companii-ale-primariei-generale-au-primit-in-plus-80-de-milioane-de-lei-in-plina-reducere-bugetara-vor-sa-cumpere-dacia-de-60-000-de-euro-si-drone-de-300-000-de-euro\\\/\"},\"author\":{\"name\":\"Redac\u021bia Buletin de Bucure\u0219ti\",\"@id\":\"https:\\\/\\\/buletin.de\\\/bucuresti\\\/#\\\/schema\\\/person\\\/2bbcf854e5f2419a13804af574d06ab1\"},\"headline\":\"Dou\u0103 companii ale Prim\u0103riei Generale au primit \u00een plus 80 de milioane de lei, \u00een plin\u0103 reducere bugetar\u0103. Vor s\u0103 cumpere Dacia de 60.000 de euro \u0219i drone de 300.000 de euro\",\"datePublished\":\"2025-10-02T12:49:33+00:00\",\"dateModified\":\"2025-10-02T18:42:21+00:00\",\"mainEntityOfPage\":{\"@id\":\"https:\\\/\\\/buletin.de\\\/bucuresti\\\/doua-companii-ale-primariei-generale-au-primit-in-plus-80-de-milioane-de-lei-in-plina-reducere-bugetara-vor-sa-cumpere-dacia-de-60-000-de-euro-si-drone-de-300-000-de-euro\\\/\"},\"wordCount\":1440,\"publisher\":{\"@id\":\"https:\\\/\\\/buletin.de\\\/bucuresti\\\/#organization\"},\"image\":{\"@id\":\"https:\\\/\\\/buletin.de\\\/bucuresti\\\/doua-companii-ale-primariei-generale-au-primit-in-plus-80-de-milioane-de-lei-in-plina-reducere-bugetara-vor-sa-cumpere-dacia-de-60-000-de-euro-si-drone-de-300-000-de-euro\\\/#primaryimage\"},\"thumbnailUrl\":\"https:\\\/\\\/buletin.de\\\/bucuresti\\\/wp-content\\\/uploads\\\/2025\\\/10\\\/ecoigienizare.jpg\",\"keywords\":[\"catalin tenita\",\"ciclop\",\"drona dezinsectie\",\"Eco Igienizare\"],\"articleSection\":[\"Articole\",\"Main\",\"Prim\u0103rie\"],\"inLanguage\":\"en-GB\",\"copyrightYear\":\"2025\",\"copyrightHolder\":{\"@id\":\"https:\\\/\\\/buletin.de\\\/bucuresti\\\/#organization\"}},{\"@type\":\"WebPage\",\"@id\":\"https:\\\/\\\/buletin.de\\\/bucuresti\\\/doua-companii-ale-primariei-generale-au-primit-in-plus-80-de-milioane-de-lei-in-plina-reducere-bugetara-vor-sa-cumpere-dacia-de-60-000-de-euro-si-drone-de-300-000-de-euro\\\/\",\"url\":\"https:\\\/\\\/buletin.de\\\/bucuresti\\\/doua-companii-ale-primariei-generale-au-primit-in-plus-80-de-milioane-de-lei-in-plina-reducere-bugetara-vor-sa-cumpere-dacia-de-60-000-de-euro-si-drone-de-300-000-de-euro\\\/\",\"name\":\"Dou\u0103 companii ale Prim\u0103riei Generale au primit \u00een plus 80 de milioane de lei, \u00een plin\u0103 reducere bugetar\u0103. Vor s\u0103 cumpere Dacia de 60.000 de euro \u0219i drone de 300.000 de euro - Buletin de Bucure\u0219ti\",\"isPartOf\":{\"@id\":\"https:\\\/\\\/buletin.de\\\/bucuresti\\\/#website\"},\"primaryImageOfPage\":{\"@id\":\"https:\\\/\\\/buletin.de\\\/bucuresti\\\/doua-companii-ale-primariei-generale-au-primit-in-plus-80-de-milioane-de-lei-in-plina-reducere-bugetara-vor-sa-cumpere-dacia-de-60-000-de-euro-si-drone-de-300-000-de-euro\\\/#primaryimage\"},\"image\":{\"@id\":\"https:\\\/\\\/buletin.de\\\/bucuresti\\\/doua-companii-ale-primariei-generale-au-primit-in-plus-80-de-milioane-de-lei-in-plina-reducere-bugetara-vor-sa-cumpere-dacia-de-60-000-de-euro-si-drone-de-300-000-de-euro\\\/#primaryimage\"},\"thumbnailUrl\":\"https:\\\/\\\/buletin.de\\\/bucuresti\\\/wp-content\\\/uploads\\\/2025\\\/10\\\/ecoigienizare.jpg\",\"datePublished\":\"2025-10-02T12:49:33+00:00\",\"dateModified\":\"2025-10-02T18:42:21+00:00\",\"description\":\"Dou\u0103 companii ale Prim\u0103riei Generale au primit \u00een plus 80 de milioane de lei, \u00een plin\u0103 reducere bugetar\u0103. Ce vor s\u0103 fac\u0103 cu banii.\",\"breadcrumb\":{\"@id\":\"https:\\\/\\\/buletin.de\\\/bucuresti\\\/doua-companii-ale-primariei-generale-au-primit-in-plus-80-de-milioane-de-lei-in-plina-reducere-bugetara-vor-sa-cumpere-dacia-de-60-000-de-euro-si-drone-de-300-000-de-euro\\\/#breadcrumb\"},\"inLanguage\":\"en-GB\",\"potentialAction\":[{\"@type\":\"ReadAction\",\"target\":[\"https:\\\/\\\/buletin.de\\\/bucuresti\\\/doua-companii-ale-primariei-generale-au-primit-in-plus-80-de-milioane-de-lei-in-plina-reducere-bugetara-vor-sa-cumpere-dacia-de-60-000-de-euro-si-drone-de-300-000-de-euro\\\/\"]}]},{\"@type\":\"ImageObject\",\"inLanguage\":\"en-GB\",\"@id\":\"https:\\\/\\\/buletin.de\\\/bucuresti\\\/doua-companii-ale-primariei-generale-au-primit-in-plus-80-de-milioane-de-lei-in-plina-reducere-bugetara-vor-sa-cumpere-dacia-de-60-000-de-euro-si-drone-de-300-000-de-euro\\\/#primaryimage\",\"url\":\"https:\\\/\\\/buletin.de\\\/bucuresti\\\/wp-content\\\/uploads\\\/2025\\\/10\\\/ecoigienizare.jpg\",\"contentUrl\":\"https:\\\/\\\/buletin.de\\\/bucuresti\\\/wp-content\\\/uploads\\\/2025\\\/10\\\/ecoigienizare.jpg\",\"width\":2048,\"height\":1116,\"caption\":\"Eco Igienizare are deja autovehicule Dacia Dokkeer cump\u0103rate\"},{\"@type\":\"BreadcrumbList\",\"@id\":\"https:\\\/\\\/buletin.de\\\/bucuresti\\\/doua-companii-ale-primariei-generale-au-primit-in-plus-80-de-milioane-de-lei-in-plina-reducere-bugetara-vor-sa-cumpere-dacia-de-60-000-de-euro-si-drone-de-300-000-de-euro\\\/#breadcrumb\",\"itemListElement\":[{\"@type\":\"ListItem\",\"position\":1,\"name\":\"Acas\u0103\",\"item\":\"https:\\\/\\\/buletin.de\\\/bucuresti\\\/\"},{\"@type\":\"ListItem\",\"position\":2,\"name\":\"Dou\u0103 companii ale Prim\u0103riei Generale au primit \u00een plus 80 de milioane de lei, \u00een plin\u0103 reducere bugetar\u0103. Vor s\u0103 cumpere Dacia de 60.000 de euro \u0219i drone de 300.000 de euro\"}]},{\"@type\":\"WebSite\",\"@id\":\"https:\\\/\\\/buletin.de\\\/bucuresti\\\/#website\",\"url\":\"https:\\\/\\\/buletin.de\\\/bucuresti\\\/\",\"name\":\"Buletin de Bucure\u0219ti\",\"description\":\"\u0218tiri \u0219i investiga\u021bii esen\u021biale din capital\u0103\",\"publisher\":{\"@id\":\"https:\\\/\\\/buletin.de\\\/bucuresti\\\/#organization\"},\"potentialAction\":[{\"@type\":\"SearchAction\",\"target\":{\"@type\":\"EntryPoint\",\"urlTemplate\":\"https:\\\/\\\/buletin.de\\\/bucuresti\\\/?s={search_term_string}\"},\"query-input\":{\"@type\":\"PropertyValueSpecification\",\"valueRequired\":true,\"valueName\":\"search_term_string\"}}],\"inLanguage\":\"en-GB\"},{\"@type\":\"Organization\",\"@id\":\"https:\\\/\\\/buletin.de\\\/bucuresti\\\/#organization\",\"name\":\"Buletin de Bucure\u0219ti\",\"url\":\"https:\\\/\\\/buletin.de\\\/bucuresti\\\/\",\"logo\":{\"@type\":\"ImageObject\",\"inLanguage\":\"en-GB\",\"@id\":\"https:\\\/\\\/buletin.de\\\/bucuresti\\\/#\\\/schema\\\/logo\\\/image\\\/\",\"url\":\"https:\\\/\\\/buletin.de\\\/bucuresti\\\/wp-content\\\/uploads\\\/logo-bdb-full-wide-vernil-transparent.png\",\"contentUrl\":\"https:\\\/\\\/buletin.de\\\/bucuresti\\\/wp-content\\\/uploads\\\/logo-bdb-full-wide-vernil-transparent.png\",\"width\":1782,\"height\":626,\"caption\":\"Buletin de Bucure\u0219ti\"},\"image\":{\"@id\":\"https:\\\/\\\/buletin.de\\\/bucuresti\\\/#\\\/schema\\\/logo\\\/image\\\/\"},\"sameAs\":[\"https:\\\/\\\/www.facebook.com\\\/buletin.de.buc\",\"https:\\\/\\\/www.instagram.com\\\/buletinde.bucuresti\\\/\"]},{\"@type\":\"Person\",\"@id\":\"https:\\\/\\\/buletin.de\\\/bucuresti\\\/#\\\/schema\\\/person\\\/2bbcf854e5f2419a13804af574d06ab1\",\"name\":\"Redac\u021bia Buletin de Bucure\u0219ti\",\"image\":{\"@type\":\"ImageObject\",\"inLanguage\":\"en-GB\",\"@id\":\"https:\\\/\\\/secure.gravatar.com\\\/avatar\\\/18c5342381ed1a08620e6280424e3e5efc958618f5d67c522c9e44c1bc6f9226?s=96&d=monsterid&r=g60c7cd0ad92c68c049fcd4bb3504d609\",\"url\":\"https:\\\/\\\/secure.gravatar.com\\\/avatar\\\/18c5342381ed1a08620e6280424e3e5efc958618f5d67c522c9e44c1bc6f9226?s=96&d=monsterid&r=g\",\"contentUrl\":\"https:\\\/\\\/secure.gravatar.com\\\/avatar\\\/18c5342381ed1a08620e6280424e3e5efc958618f5d67c522c9e44c1bc6f9226?s=96&d=monsterid&r=g\",\"caption\":\"Redac\u021bia Buletin de Bucure\u0219ti\"},\"description\":\"Buletin de Bucure\u0219ti exist\u0103 din vara anului 2019.\",\"url\":\"https:\\\/\\\/buletin.de\\\/bucuresti\\\/author\\\/adminbuletin\\\/\"}]}<\/script>\n<!-- \/ Yoast SEO Premium plugin. -->","yoast_head_json":{"title":"Dou\u0103 companii ale Prim\u0103riei Generale au primit \u00een plus 80 de milioane de lei, \u00een plin\u0103 reducere bugetar\u0103. Vor s\u0103 cumpere Dacia de 60.000 de euro \u0219i drone de 300.000 de euro - Buletin de Bucure\u0219ti","description":"Dou\u0103 companii ale Prim\u0103riei Generale au primit \u00een plus 80 de milioane de lei, \u00een plin\u0103 reducere bugetar\u0103. Ce vor s\u0103 fac\u0103 cu banii.","robots":{"index":"index","follow":"follow","max-snippet":"max-snippet:-1","max-image-preview":"max-image-preview:large","max-video-preview":"max-video-preview:-1"},"canonical":"https:\/\/buletin.de\/bucuresti\/doua-companii-ale-primariei-generale-au-primit-in-plus-80-de-milioane-de-lei-in-plina-reducere-bugetara-vor-sa-cumpere-dacia-de-60-000-de-euro-si-drone-de-300-000-de-euro\/","og_locale":"en_GB","og_type":"article","og_title":"Dou\u0103 companii ale Prim\u0103riei Generale au primit \u00een plus 80 de milioane de lei, \u00een plin\u0103 reducere bugetar\u0103. Vor s\u0103 cumpere Dacia de 60.000 de euro \u0219i drone de 300.000 de euro","og_description":"Dou\u0103 companii ale Prim\u0103riei Generale au primit \u00een plus 80 de milioane de lei, \u00een plin\u0103 reducere bugetar\u0103. Ce vor s\u0103 fac\u0103 cu banii.","og_url":"https:\/\/buletin.de\/bucuresti\/doua-companii-ale-primariei-generale-au-primit-in-plus-80-de-milioane-de-lei-in-plina-reducere-bugetara-vor-sa-cumpere-dacia-de-60-000-de-euro-si-drone-de-300-000-de-euro\/","og_site_name":"Buletin de Bucure\u0219ti","article_publisher":"https:\/\/www.facebook.com\/buletin.de.buc","article_published_time":"2025-10-02T12:49:33+00:00","article_modified_time":"2025-10-02T18:42:21+00:00","og_image":[{"width":2048,"height":1116,"url":"https:\/\/buletin.de\/bucuresti\/wp-content\/uploads\/2025\/10\/ecoigienizare.jpg","type":"image\/jpeg"}],"author":"Redac\u021bia Buletin de Bucure\u0219ti","twitter_card":"summary_large_image","twitter_misc":{"Written by":"Redac\u021bia Buletin de Bucure\u0219ti","Estimated reading time":"6 minutes"},"schema":{"@context":"https:\/\/schema.org","@graph":[{"@type":"Article","@id":"https:\/\/buletin.de\/bucuresti\/doua-companii-ale-primariei-generale-au-primit-in-plus-80-de-milioane-de-lei-in-plina-reducere-bugetara-vor-sa-cumpere-dacia-de-60-000-de-euro-si-drone-de-300-000-de-euro\/#article","isPartOf":{"@id":"https:\/\/buletin.de\/bucuresti\/doua-companii-ale-primariei-generale-au-primit-in-plus-80-de-milioane-de-lei-in-plina-reducere-bugetara-vor-sa-cumpere-dacia-de-60-000-de-euro-si-drone-de-300-000-de-euro\/"},"author":{"name":"Redac\u021bia Buletin de Bucure\u0219ti","@id":"https:\/\/buletin.de\/bucuresti\/#\/schema\/person\/2bbcf854e5f2419a13804af574d06ab1"},"headline":"Dou\u0103 companii ale Prim\u0103riei Generale au primit \u00een plus 80 de milioane de lei, \u00een plin\u0103 reducere bugetar\u0103. Vor s\u0103 cumpere Dacia de 60.000 de euro \u0219i drone de 300.000 de euro","datePublished":"2025-10-02T12:49:33+00:00","dateModified":"2025-10-02T18:42:21+00:00","mainEntityOfPage":{"@id":"https:\/\/buletin.de\/bucuresti\/doua-companii-ale-primariei-generale-au-primit-in-plus-80-de-milioane-de-lei-in-plina-reducere-bugetara-vor-sa-cumpere-dacia-de-60-000-de-euro-si-drone-de-300-000-de-euro\/"},"wordCount":1440,"publisher":{"@id":"https:\/\/buletin.de\/bucuresti\/#organization"},"image":{"@id":"https:\/\/buletin.de\/bucuresti\/doua-companii-ale-primariei-generale-au-primit-in-plus-80-de-milioane-de-lei-in-plina-reducere-bugetara-vor-sa-cumpere-dacia-de-60-000-de-euro-si-drone-de-300-000-de-euro\/#primaryimage"},"thumbnailUrl":"https:\/\/buletin.de\/bucuresti\/wp-content\/uploads\/2025\/10\/ecoigienizare.jpg","keywords":["catalin tenita","ciclop","drona dezinsectie","Eco Igienizare"],"articleSection":["Articole","Main","Prim\u0103rie"],"inLanguage":"en-GB","copyrightYear":"2025","copyrightHolder":{"@id":"https:\/\/buletin.de\/bucuresti\/#organization"}},{"@type":"WebPage","@id":"https:\/\/buletin.de\/bucuresti\/doua-companii-ale-primariei-generale-au-primit-in-plus-80-de-milioane-de-lei-in-plina-reducere-bugetara-vor-sa-cumpere-dacia-de-60-000-de-euro-si-drone-de-300-000-de-euro\/","url":"https:\/\/buletin.de\/bucuresti\/doua-companii-ale-primariei-generale-au-primit-in-plus-80-de-milioane-de-lei-in-plina-reducere-bugetara-vor-sa-cumpere-dacia-de-60-000-de-euro-si-drone-de-300-000-de-euro\/","name":"Dou\u0103 companii ale Prim\u0103riei Generale au primit \u00een plus 80 de milioane de lei, \u00een plin\u0103 reducere bugetar\u0103. Vor s\u0103 cumpere Dacia de 60.000 de euro \u0219i drone de 300.000 de euro - Buletin de Bucure\u0219ti","isPartOf":{"@id":"https:\/\/buletin.de\/bucuresti\/#website"},"primaryImageOfPage":{"@id":"https:\/\/buletin.de\/bucuresti\/doua-companii-ale-primariei-generale-au-primit-in-plus-80-de-milioane-de-lei-in-plina-reducere-bugetara-vor-sa-cumpere-dacia-de-60-000-de-euro-si-drone-de-300-000-de-euro\/#primaryimage"},"image":{"@id":"https:\/\/buletin.de\/bucuresti\/doua-companii-ale-primariei-generale-au-primit-in-plus-80-de-milioane-de-lei-in-plina-reducere-bugetara-vor-sa-cumpere-dacia-de-60-000-de-euro-si-drone-de-300-000-de-euro\/#primaryimage"},"thumbnailUrl":"https:\/\/buletin.de\/bucuresti\/wp-content\/uploads\/2025\/10\/ecoigienizare.jpg","datePublished":"2025-10-02T12:49:33+00:00","dateModified":"2025-10-02T18:42:21+00:00","description":"Dou\u0103 companii ale Prim\u0103riei Generale au primit \u00een plus 80 de milioane de lei, \u00een plin\u0103 reducere bugetar\u0103. Ce vor s\u0103 fac\u0103 cu banii.","breadcrumb":{"@id":"https:\/\/buletin.de\/bucuresti\/doua-companii-ale-primariei-generale-au-primit-in-plus-80-de-milioane-de-lei-in-plina-reducere-bugetara-vor-sa-cumpere-dacia-de-60-000-de-euro-si-drone-de-300-000-de-euro\/#breadcrumb"},"inLanguage":"en-GB","potentialAction":[{"@type":"ReadAction","target":["https:\/\/buletin.de\/bucuresti\/doua-companii-ale-primariei-generale-au-primit-in-plus-80-de-milioane-de-lei-in-plina-reducere-bugetara-vor-sa-cumpere-dacia-de-60-000-de-euro-si-drone-de-300-000-de-euro\/"]}]},{"@type":"ImageObject","inLanguage":"en-GB","@id":"https:\/\/buletin.de\/bucuresti\/doua-companii-ale-primariei-generale-au-primit-in-plus-80-de-milioane-de-lei-in-plina-reducere-bugetara-vor-sa-cumpere-dacia-de-60-000-de-euro-si-drone-de-300-000-de-euro\/#primaryimage","url":"https:\/\/buletin.de\/bucuresti\/wp-content\/uploads\/2025\/10\/ecoigienizare.jpg","contentUrl":"https:\/\/buletin.de\/bucuresti\/wp-content\/uploads\/2025\/10\/ecoigienizare.jpg","width":2048,"height":1116,"caption":"Eco Igienizare are deja autovehicule Dacia Dokkeer cump\u0103rate"},{"@type":"BreadcrumbList","@id":"https:\/\/buletin.de\/bucuresti\/doua-companii-ale-primariei-generale-au-primit-in-plus-80-de-milioane-de-lei-in-plina-reducere-bugetara-vor-sa-cumpere-dacia-de-60-000-de-euro-si-drone-de-300-000-de-euro\/#breadcrumb","itemListElement":[{"@type":"ListItem","position":1,"name":"Acas\u0103","item":"https:\/\/buletin.de\/bucuresti\/"},{"@type":"ListItem","position":2,"name":"Dou\u0103 companii ale Prim\u0103riei Generale au primit \u00een plus 80 de milioane de lei, \u00een plin\u0103 reducere bugetar\u0103. Vor s\u0103 cumpere Dacia de 60.000 de euro \u0219i drone de 300.000 de euro"}]},{"@type":"WebSite","@id":"https:\/\/buletin.de\/bucuresti\/#website","url":"https:\/\/buletin.de\/bucuresti\/","name":"Buletin de Bucure\u0219ti","description":"\u0218tiri \u0219i investiga\u021bii esen\u021biale din capital\u0103","publisher":{"@id":"https:\/\/buletin.de\/bucuresti\/#organization"},"potentialAction":[{"@type":"SearchAction","target":{"@type":"EntryPoint","urlTemplate":"https:\/\/buletin.de\/bucuresti\/?s={search_term_string}"},"query-input":{"@type":"PropertyValueSpecification","valueRequired":true,"valueName":"search_term_string"}}],"inLanguage":"en-GB"},{"@type":"Organization","@id":"https:\/\/buletin.de\/bucuresti\/#organization","name":"Buletin de Bucure\u0219ti","url":"https:\/\/buletin.de\/bucuresti\/","logo":{"@type":"ImageObject","inLanguage":"en-GB","@id":"https:\/\/buletin.de\/bucuresti\/#\/schema\/logo\/image\/","url":"https:\/\/buletin.de\/bucuresti\/wp-content\/uploads\/logo-bdb-full-wide-vernil-transparent.png","contentUrl":"https:\/\/buletin.de\/bucuresti\/wp-content\/uploads\/logo-bdb-full-wide-vernil-transparent.png","width":1782,"height":626,"caption":"Buletin de Bucure\u0219ti"},"image":{"@id":"https:\/\/buletin.de\/bucuresti\/#\/schema\/logo\/image\/"},"sameAs":["https:\/\/www.facebook.com\/buletin.de.buc","https:\/\/www.instagram.com\/buletinde.bucuresti\/"]},{"@type":"Person","@id":"https:\/\/buletin.de\/bucuresti\/#\/schema\/person\/2bbcf854e5f2419a13804af574d06ab1","name":"Redac\u021bia Buletin de Bucure\u0219ti","image":{"@type":"ImageObject","inLanguage":"en-GB","@id":"https:\/\/secure.gravatar.com\/avatar\/18c5342381ed1a08620e6280424e3e5efc958618f5d67c522c9e44c1bc6f9226?s=96&d=monsterid&r=g60c7cd0ad92c68c049fcd4bb3504d609","url":"https:\/\/secure.gravatar.com\/avatar\/18c5342381ed1a08620e6280424e3e5efc958618f5d67c522c9e44c1bc6f9226?s=96&d=monsterid&r=g","contentUrl":"https:\/\/secure.gravatar.com\/avatar\/18c5342381ed1a08620e6280424e3e5efc958618f5d67c522c9e44c1bc6f9226?s=96&d=monsterid&r=g","caption":"Redac\u021bia Buletin de Bucure\u0219ti"},"description":"Buletin de Bucure\u0219ti exist\u0103 din vara anului 2019.","url":"https:\/\/buletin.de\/bucuresti\/author\/adminbuletin\/"}]}},"authors":[{"term_id":22583,"user_id":1,"is_guest":0,"slug":"adminbuletin","display_name":"Redac\u021bia Buletin de Bucure\u0219ti","avatar_url":"https:\/\/secure.gravatar.com\/avatar\/18c5342381ed1a08620e6280424e3e5efc958618f5d67c522c9e44c1bc6f9226?s=96&d=monsterid&r=g","0":null,"1":"","2":"","3":"","4":"","5":"","6":"","7":"","8":""}],"_links":{"self":[{"href":"https:\/\/buletin.de\/bucuresti\/wp-json\/wp\/v2\/posts\/150277","targetHints":{"allow":["GET"]}}],"collection":[{"href":"https:\/\/buletin.de\/bucuresti\/wp-json\/wp\/v2\/posts"}],"about":[{"href":"https:\/\/buletin.de\/bucuresti\/wp-json\/wp\/v2\/types\/post"}],"author":[{"embeddable":true,"href":"https:\/\/buletin.de\/bucuresti\/wp-json\/wp\/v2\/users\/1"}],"replies":[{"embeddable":true,"href":"https:\/\/buletin.de\/bucuresti\/wp-json\/wp\/v2\/comments?post=150277"}],"version-history":[{"count":16,"href":"https:\/\/buletin.de\/bucuresti\/wp-json\/wp\/v2\/posts\/150277\/revisions"}],"predecessor-version":[{"id":150458,"href":"https:\/\/buletin.de\/bucuresti\/wp-json\/wp\/v2\/posts\/150277\/revisions\/150458"}],"wp:featuredmedia":[{"embeddable":true,"href":"https:\/\/buletin.de\/bucuresti\/wp-json\/wp\/v2\/media\/150438"}],"wp:attachment":[{"href":"https:\/\/buletin.de\/bucuresti\/wp-json\/wp\/v2\/media?parent=150277"}],"wp:term":[{"taxonomy":"category","embeddable":true,"href":"https:\/\/buletin.de\/bucuresti\/wp-json\/wp\/v2\/categories?post=150277"},{"taxonomy":"post_tag","embeddable":true,"href":"https:\/\/buletin.de\/bucuresti\/wp-json\/wp\/v2\/tags?post=150277"},{"taxonomy":"author","embeddable":true,"href":"https:\/\/buletin.de\/bucuresti\/wp-json\/wp\/v2\/ppma_author?post=150277"}],"curies":[{"name":"wp","href":"https:\/\/api.w.org\/{rel}","templated":true}]}}