{"id":15004,"date":"2020-11-10T21:31:42","date_gmt":"2020-11-10T18:31:42","guid":{"rendered":"https:\/\/buletin.de\/bucuresti\/?p=15004"},"modified":"2020-11-10T21:31:42","modified_gmt":"2020-11-10T18:31:42","slug":"klaus-iohannis-nu-luam-in-considerare-acum-o-carantina-totala-cum-nu-luam-in-considerare-o-carantina-totala-de-sarbatori","status":"publish","type":"post","link":"https:\/\/buletin.de\/bucuresti\/klaus-iohannis-nu-luam-in-considerare-acum-o-carantina-totala-cum-nu-luam-in-considerare-o-carantina-totala-de-sarbatori\/","title":{"rendered":"Klaus Iohannis | Nu lu\u0103m \u00een considerare acum o carantin\u0103 total\u0103, cum nu lu\u0103m \u00een considerare o carantin\u0103 total\u0103 de s\u0103rb\u0103tori"},"content":{"rendered":"\n<p>Pre\u0219edintele Rom\u00e2niei, Klaus Iohannis a f\u0103cut, ast\u0103 sear\u0103, declara\u021bii de pres\u0103, la finalul unei \u00eent\u00e2lniri cu responsabili \u0219i speciali\u0219ti din S\u0103n\u0103tate. Tema principal\u0103 a \u00eent\u00e2lnirii a fost preg\u0103tirea vaccin\u0103rii anti Covid, \u00een condi\u021biile \u00een care apari\u021bia unui remediu pare tot mai aproape. Pre\u0219edintele a afirmat \u00eenc\u0103 o dat\u0103 c\u0103, deocamdat\u0103, nu se ia \u00een calcul carantina general\u0103. <\/p>\n\n\n\n<iframe src=\"https:\/\/www.facebook.com\/plugins\/video.php?height=314&#038;href=https%3A%2F%2Fwww.facebook.com%2Fguv.ro%2Fvideos%2F854345592044212%2F&#038;show_text=false&#038;width=560\" width=\"560\" height=\"314\" style=\"border:none;overflow:hidden\" scrolling=\"no\" frameborder=\"0\" allowTransparency=\"true\" allow=\"encrypted-media\" allowFullScreen=\"true\"><\/iframe>\n\n\n\n\n\n<h2 class=\"wp-block-heading\">&#8220;Lupta cu pandemia, test al solidarit\u0103\u021bii&#8221;<\/h2>\n\n\n\n<p>Pre\u0219edintele Iohannis a vorbit despre noile m\u0103suri, impuse de Guvern, intrate \u00een vigoare pe 9 noiembrie \u0219i pe care le consider\u0103 necesare pentru a plafona curba infect\u0103rilor. \u00cen opinia sa, reglement\u0103rile mai pu\u021bin restrictive nu au avut eficacitate iar lupta cu pandemia este un test al solidarit\u0103\u021bii pe care trebuie s\u0103-l trecem to\u021bi.<\/p>\n\n\n\n<p>&#8220;<em>M\u0103surile restrictive care au intrat \u00een vigoare ieri au un singur scop. Protejarea popula\u021biei \u0219i reducerea presiunii uria\u0219e care apas\u0103 pe sistemul sanitar.(&#8230;.) Este absolut de \u00een\u021beles c\u0103 aceste m\u0103suri nu sunt deloc populare, produc sup\u0103rare \u0219i sunt greu de acceptat dup\u0103 un an \u00een care am fost nevoi\u021bi s\u0103 ne schimb\u0103 radical modul de via\u021b\u0103<\/em>&#8220;, a spus Klaus Iohannis.<\/p>\n\n\n\n<h2 class=\"wp-block-heading\">&#8220;O campanie de vaccinare bine planificat\u0103, \u0219ansa de a reveni la o via\u021b\u0103 normal\u0103&#8221;<\/h2>\n\n\n\n<p>\u00cent\u00e2lnirea de la Cotroceni, la care au participat ministrul S\u0103n\u0103t\u0103\u021bii, cel al Ap\u0103r\u0103rii, \u0219efii DSU \u0219i INSP, dar \u0219i medici \u0219i epidemiologi a avut ca scop principal, conform pre\u0219edintelui, elaborarea unei strategii de vaccinare anti Covid, pentru ca sistemul s\u0103 fie preg\u0103tit \u00een momentul \u00een care vaccinul va ap\u0103rea.<\/p>\n\n\n\n<p>&#8220;<em>Ve\u0219tile privind apari\u021bia c\u00e2t mai rapid\u0103 a unui vaccin sunt destul de bune, dar trebuie s\u0103 r\u0103m\u00e2nem \u00een continuare reali\u0219ti \u0219i s\u0103 \u00een\u021belegem c\u0103 mai sunt de parcurs c\u00e2teva etape p\u00e2n\u0103 la vaccinarea propriu zis\u0103.  Din fericire, datorit\u0103 mecanismului european din care facem parte, Rom\u00e2nia va beneficia \u00een mod echitabil de aceste vaccinuri. Avem deja o strategie de vaccinare anticovid \u0219i sunt stabilite obiective \u0219i activit\u0103\u021bile pentru implementare. Am discutat \u0219i posibilit\u0103\u021bile de stocare \u0219i distribu\u021bie pentru diferite tipuri de vaccinuri \u0219i am stabilit institu\u021biile responsabile<\/em>&#8220;, a mai spus Klaus Iohannis.<\/p>\n\n\n\n<p>Conform strategiei de vaccinare discutat\u0103 la Cotroceni, primii care vor beneficia de imunizare sunt personalul medical \u0219i bolnavii din categoriile de risc. <\/p>\n\n\n\n<h2 class=\"wp-block-heading\">&#8220;Nu se ia calcul acum o carantina total\u0103, \u0219i nici de s\u0103rb\u0103tori&#8221;<\/h2>\n\n\n\n<p>\u00centrebat de jurnali\u0219tii prezen\u021bi la Cotroceni, dac\u0103 are \u00een vedere luare unor m\u0103suri mai dure, pre\u0219edintele a declarat c\u0103 nu se ia \u00een calcul o carantin\u0103 total\u0103 \u0219i nici de s\u0103rb\u0103tori. Este posibil\u0103, \u00een continuare, carantin\u0103 \u00een unele localit\u0103\u021bi \u00een func\u021bie de datele epidemiologice.<\/p>\n\n\n\n<p>&#8220;<em>Carantinarea unor localit\u0103\u021bi este posibil\u0103, la propunerea speciali\u0219tilor. Exist\u0103 un catalog \u00eentreg de parametrii care trebuie lua\u021bi \u00een calcul. Din p\u0103cate sunt localit\u0103\u021bi unde rata de infectare e foarte mare \u0219i s-a impus carantina local\u0103<\/em>&#8220;, a mai spus Klaus Iohannis.<\/p>\n\n\n\n<h2 class=\"wp-block-heading\">&#8220;Dup\u0103 alegeri, un guvern format \u00een jurul PNL&#8221;<\/h2>\n\n\n\n<p>\u00cen ceea ce prive\u0219te campania electoral\u0103, pentru alegerile parlamentare din decembrie, pre\u0219edintele Rom\u00e2niei a declarat c\u0103 recomand\u0103 s\u0103 se desf\u0103\u0219oare doar online. \u00centrebat dac\u0103 consider\u0103 \u00een continuare oportun\u0103 organizarea scrutinului, \u00een condi\u021biile \u00een care epidemia a ajuns la cote alarmante, Klaus Iohannis \u0219i-a reafirmat dorin\u021ba de a legitima Parlamentul prin votul oamenilor.<\/p>\n\n\n\n<p>&#8220;<em>Nu cred c\u0103 PNL va pierde alegerile, cred c\u0103 va c\u00e2\u0219tiga alegerile \u0219i va genera o majoritate cu alte partide democratice pentru a p\u0103stra PSD \u00een afara deciziei politice.(&#8230; )Guvernul a fost ales ca s\u0103 gestioneze treburile publice, \u0219i trebuie s\u0103 le gestioneze indiferent c\u00e2t de popular sau nepopular devii, m\u0103surile trebuie luate, c\u0103 pe primul loc nu sunt sondajele, ci rom\u00e2nii \u0219i s\u0103n\u0103tatea lor.<\/em>(&#8230;) <em>Dup\u0103 alegeri m\u0103 a\u0219tept la un guvern format \u00een jurul PNL<\/em>&#8220;, a mai spus Klaus Iohannis.<\/p>\n\n\n\n<p><\/p>\n\n\n\n<p><\/p>\n\n\n\n<p><\/p>\n","protected":false},"excerpt":{"rendered":"<p>Pre\u0219edintele Rom\u00e2niei, Klaus Iohannis a f\u0103cut, ast\u0103 sear\u0103, declara\u021bii de pres\u0103, la finalul unei \u00eent\u00e2lniri cu responsabili \u0219i speciali\u0219ti din S\u0103n\u0103tate. Tema principal\u0103 a \u00eent\u00e2lnirii a fost preg\u0103tirea vaccin\u0103rii anti Covid, \u00een condi\u021biile \u00een care apari\u021bia unui remediu pare tot mai aproape. Pre\u0219edintele a afirmat \u00eenc\u0103 o dat\u0103 c\u0103, deocamdat\u0103, nu se ia \u00een calcul [&hellip;]<\/p>\n","protected":false},"author":18,"featured_media":15015,"comment_status":"closed","ping_status":"open","sticky":false,"template":"","format":"standard","meta":{"_acf_changed":false,"inline_featured_image":false,"ngg_post_thumbnail":0,"footnotes":""},"categories":[1],"tags":[],"ppma_author":[22579],"class_list":["post-15004","post","type-post","status-publish","format-standard","has-post-thumbnail","hentry","category-diverse"],"acf":[],"yoast_head":"<!-- This site is optimized with the Yoast SEO Premium plugin v25.3 (Yoast SEO v27.5) - https:\/\/yoast.com\/product\/yoast-seo-premium-wordpress\/ -->\n<title>Klaus Iohannis | Nu lu\u0103m \u00een considerare acum o carantin\u0103 total\u0103, cum nu lu\u0103m \u00een considerare o carantin\u0103 total\u0103 de s\u0103rb\u0103tori - Buletin de Bucure\u0219ti<\/title>\n<meta name=\"robots\" content=\"index, follow, max-snippet:-1, max-image-preview:large, max-video-preview:-1\" \/>\n<link rel=\"canonical\" href=\"https:\/\/buletin.de\/bucuresti\/klaus-iohannis-nu-luam-in-considerare-acum-o-carantina-totala-cum-nu-luam-in-considerare-o-carantina-totala-de-sarbatori\/\" \/>\n<meta property=\"og:locale\" content=\"en_GB\" \/>\n<meta property=\"og:type\" content=\"article\" \/>\n<meta property=\"og:title\" content=\"Klaus Iohannis | Nu lu\u0103m \u00een considerare acum o carantin\u0103 total\u0103, cum nu lu\u0103m \u00een considerare o carantin\u0103 total\u0103 de s\u0103rb\u0103tori\" \/>\n<meta property=\"og:description\" content=\"Pre\u0219edintele Rom\u00e2niei, Klaus Iohannis a f\u0103cut, ast\u0103 sear\u0103, declara\u021bii de pres\u0103, la finalul unei \u00eent\u00e2lniri cu responsabili \u0219i speciali\u0219ti din S\u0103n\u0103tate. Tema principal\u0103 a \u00eent\u00e2lnirii a fost preg\u0103tirea vaccin\u0103rii anti Covid, \u00een condi\u021biile \u00een care apari\u021bia unui remediu pare tot mai aproape. Pre\u0219edintele a afirmat \u00eenc\u0103 o dat\u0103 c\u0103, deocamdat\u0103, nu se ia \u00een calcul [&hellip;]\" \/>\n<meta property=\"og:url\" content=\"https:\/\/buletin.de\/bucuresti\/klaus-iohannis-nu-luam-in-considerare-acum-o-carantina-totala-cum-nu-luam-in-considerare-o-carantina-totala-de-sarbatori\/\" \/>\n<meta property=\"og:site_name\" content=\"Buletin de Bucure\u0219ti\" \/>\n<meta property=\"article:publisher\" content=\"https:\/\/www.facebook.com\/buletin.de.buc\" \/>\n<meta property=\"article:published_time\" content=\"2020-11-10T18:31:42+00:00\" \/>\n<meta property=\"og:image\" content=\"https:\/\/buletin.de\/bucuresti\/wp-content\/uploads\/Imagine3.png\" \/>\n\t<meta property=\"og:image:width\" content=\"624\" \/>\n\t<meta property=\"og:image:height\" content=\"351\" \/>\n\t<meta property=\"og:image:type\" content=\"image\/png\" \/>\n<meta name=\"author\" content=\"Teodora Stroe\" \/>\n<meta name=\"twitter:card\" content=\"summary_large_image\" \/>\n<meta name=\"twitter:label1\" content=\"Written by\" \/>\n\t<meta name=\"twitter:data1\" content=\"Teodora Stroe\" \/>\n\t<meta name=\"twitter:label2\" content=\"Estimated reading time\" \/>\n\t<meta name=\"twitter:data2\" content=\"3 minutes\" \/>\n<script type=\"application\/ld+json\" class=\"yoast-schema-graph\">{\"@context\":\"https:\\\/\\\/schema.org\",\"@graph\":[{\"@type\":\"Article\",\"@id\":\"https:\\\/\\\/buletin.de\\\/bucuresti\\\/klaus-iohannis-nu-luam-in-considerare-acum-o-carantina-totala-cum-nu-luam-in-considerare-o-carantina-totala-de-sarbatori\\\/#article\",\"isPartOf\":{\"@id\":\"https:\\\/\\\/buletin.de\\\/bucuresti\\\/klaus-iohannis-nu-luam-in-considerare-acum-o-carantina-totala-cum-nu-luam-in-considerare-o-carantina-totala-de-sarbatori\\\/\"},\"author\":{\"name\":\"Teodora Stroe\",\"@id\":\"https:\\\/\\\/buletin.de\\\/bucuresti\\\/#\\\/schema\\\/person\\\/d369d7ddc775abece205795e0b804614\"},\"headline\":\"Klaus Iohannis | Nu lu\u0103m \u00een considerare acum o carantin\u0103 total\u0103, cum nu lu\u0103m \u00een considerare o carantin\u0103 total\u0103 de s\u0103rb\u0103tori\",\"datePublished\":\"2020-11-10T18:31:42+00:00\",\"mainEntityOfPage\":{\"@id\":\"https:\\\/\\\/buletin.de\\\/bucuresti\\\/klaus-iohannis-nu-luam-in-considerare-acum-o-carantina-totala-cum-nu-luam-in-considerare-o-carantina-totala-de-sarbatori\\\/\"},\"wordCount\":694,\"publisher\":{\"@id\":\"https:\\\/\\\/buletin.de\\\/bucuresti\\\/#organization\"},\"image\":{\"@id\":\"https:\\\/\\\/buletin.de\\\/bucuresti\\\/klaus-iohannis-nu-luam-in-considerare-acum-o-carantina-totala-cum-nu-luam-in-considerare-o-carantina-totala-de-sarbatori\\\/#primaryimage\"},\"thumbnailUrl\":\"https:\\\/\\\/buletin.de\\\/bucuresti\\\/wp-content\\\/uploads\\\/Imagine3.png\",\"articleSection\":[\"Diverse\"],\"inLanguage\":\"en-GB\",\"copyrightYear\":\"2020\",\"copyrightHolder\":{\"@id\":\"https:\\\/\\\/buletin.de\\\/bucuresti\\\/#organization\"}},{\"@type\":\"WebPage\",\"@id\":\"https:\\\/\\\/buletin.de\\\/bucuresti\\\/klaus-iohannis-nu-luam-in-considerare-acum-o-carantina-totala-cum-nu-luam-in-considerare-o-carantina-totala-de-sarbatori\\\/\",\"url\":\"https:\\\/\\\/buletin.de\\\/bucuresti\\\/klaus-iohannis-nu-luam-in-considerare-acum-o-carantina-totala-cum-nu-luam-in-considerare-o-carantina-totala-de-sarbatori\\\/\",\"name\":\"Klaus Iohannis | Nu lu\u0103m \u00een considerare acum o carantin\u0103 total\u0103, cum nu lu\u0103m \u00een considerare o carantin\u0103 total\u0103 de s\u0103rb\u0103tori - Buletin de Bucure\u0219ti\",\"isPartOf\":{\"@id\":\"https:\\\/\\\/buletin.de\\\/bucuresti\\\/#website\"},\"primaryImageOfPage\":{\"@id\":\"https:\\\/\\\/buletin.de\\\/bucuresti\\\/klaus-iohannis-nu-luam-in-considerare-acum-o-carantina-totala-cum-nu-luam-in-considerare-o-carantina-totala-de-sarbatori\\\/#primaryimage\"},\"image\":{\"@id\":\"https:\\\/\\\/buletin.de\\\/bucuresti\\\/klaus-iohannis-nu-luam-in-considerare-acum-o-carantina-totala-cum-nu-luam-in-considerare-o-carantina-totala-de-sarbatori\\\/#primaryimage\"},\"thumbnailUrl\":\"https:\\\/\\\/buletin.de\\\/bucuresti\\\/wp-content\\\/uploads\\\/Imagine3.png\",\"datePublished\":\"2020-11-10T18:31:42+00:00\",\"breadcrumb\":{\"@id\":\"https:\\\/\\\/buletin.de\\\/bucuresti\\\/klaus-iohannis-nu-luam-in-considerare-acum-o-carantina-totala-cum-nu-luam-in-considerare-o-carantina-totala-de-sarbatori\\\/#breadcrumb\"},\"inLanguage\":\"en-GB\",\"potentialAction\":[{\"@type\":\"ReadAction\",\"target\":[\"https:\\\/\\\/buletin.de\\\/bucuresti\\\/klaus-iohannis-nu-luam-in-considerare-acum-o-carantina-totala-cum-nu-luam-in-considerare-o-carantina-totala-de-sarbatori\\\/\"]}]},{\"@type\":\"ImageObject\",\"inLanguage\":\"en-GB\",\"@id\":\"https:\\\/\\\/buletin.de\\\/bucuresti\\\/klaus-iohannis-nu-luam-in-considerare-acum-o-carantina-totala-cum-nu-luam-in-considerare-o-carantina-totala-de-sarbatori\\\/#primaryimage\",\"url\":\"https:\\\/\\\/buletin.de\\\/bucuresti\\\/wp-content\\\/uploads\\\/Imagine3.png\",\"contentUrl\":\"https:\\\/\\\/buletin.de\\\/bucuresti\\\/wp-content\\\/uploads\\\/Imagine3.png\",\"width\":624,\"height\":351},{\"@type\":\"BreadcrumbList\",\"@id\":\"https:\\\/\\\/buletin.de\\\/bucuresti\\\/klaus-iohannis-nu-luam-in-considerare-acum-o-carantina-totala-cum-nu-luam-in-considerare-o-carantina-totala-de-sarbatori\\\/#breadcrumb\",\"itemListElement\":[{\"@type\":\"ListItem\",\"position\":1,\"name\":\"Acas\u0103\",\"item\":\"https:\\\/\\\/buletin.de\\\/bucuresti\\\/\"},{\"@type\":\"ListItem\",\"position\":2,\"name\":\"Klaus Iohannis | Nu lu\u0103m \u00een considerare acum o carantin\u0103 total\u0103, cum nu lu\u0103m \u00een considerare o carantin\u0103 total\u0103 de s\u0103rb\u0103tori\"}]},{\"@type\":\"WebSite\",\"@id\":\"https:\\\/\\\/buletin.de\\\/bucuresti\\\/#website\",\"url\":\"https:\\\/\\\/buletin.de\\\/bucuresti\\\/\",\"name\":\"Buletin de Bucure\u0219ti\",\"description\":\"\u0218tiri \u0219i investiga\u021bii esen\u021biale din capital\u0103\",\"publisher\":{\"@id\":\"https:\\\/\\\/buletin.de\\\/bucuresti\\\/#organization\"},\"potentialAction\":[{\"@type\":\"SearchAction\",\"target\":{\"@type\":\"EntryPoint\",\"urlTemplate\":\"https:\\\/\\\/buletin.de\\\/bucuresti\\\/?s={search_term_string}\"},\"query-input\":{\"@type\":\"PropertyValueSpecification\",\"valueRequired\":true,\"valueName\":\"search_term_string\"}}],\"inLanguage\":\"en-GB\"},{\"@type\":\"Organization\",\"@id\":\"https:\\\/\\\/buletin.de\\\/bucuresti\\\/#organization\",\"name\":\"Buletin de Bucure\u0219ti\",\"url\":\"https:\\\/\\\/buletin.de\\\/bucuresti\\\/\",\"logo\":{\"@type\":\"ImageObject\",\"inLanguage\":\"en-GB\",\"@id\":\"https:\\\/\\\/buletin.de\\\/bucuresti\\\/#\\\/schema\\\/logo\\\/image\\\/\",\"url\":\"https:\\\/\\\/buletin.de\\\/bucuresti\\\/wp-content\\\/uploads\\\/logo-bdb-full-wide-vernil-transparent.png\",\"contentUrl\":\"https:\\\/\\\/buletin.de\\\/bucuresti\\\/wp-content\\\/uploads\\\/logo-bdb-full-wide-vernil-transparent.png\",\"width\":1782,\"height\":626,\"caption\":\"Buletin de Bucure\u0219ti\"},\"image\":{\"@id\":\"https:\\\/\\\/buletin.de\\\/bucuresti\\\/#\\\/schema\\\/logo\\\/image\\\/\"},\"sameAs\":[\"https:\\\/\\\/www.facebook.com\\\/buletin.de.buc\",\"https:\\\/\\\/www.instagram.com\\\/buletinde.bucuresti\\\/\"]},{\"@type\":\"Person\",\"@id\":\"https:\\\/\\\/buletin.de\\\/bucuresti\\\/#\\\/schema\\\/person\\\/d369d7ddc775abece205795e0b804614\",\"name\":\"Teodora Stroe\",\"image\":{\"@type\":\"ImageObject\",\"inLanguage\":\"en-GB\",\"@id\":\"https:\\\/\\\/secure.gravatar.com\\\/avatar\\\/2560b4cd9f5f1bc100b123158e657d75584bd1c3e1d9c69285720b9457c1b78d?s=96&d=monsterid&r=gc104800242ba5f2d78dd5d7dc4df08b6\",\"url\":\"https:\\\/\\\/secure.gravatar.com\\\/avatar\\\/2560b4cd9f5f1bc100b123158e657d75584bd1c3e1d9c69285720b9457c1b78d?s=96&d=monsterid&r=g\",\"contentUrl\":\"https:\\\/\\\/secure.gravatar.com\\\/avatar\\\/2560b4cd9f5f1bc100b123158e657d75584bd1c3e1d9c69285720b9457c1b78d?s=96&d=monsterid&r=g\",\"caption\":\"Teodora Stroe\"},\"url\":\"https:\\\/\\\/buletin.de\\\/bucuresti\\\/author\\\/simonacarlugea\\\/\"}]}<\/script>\n<!-- \/ Yoast SEO Premium plugin. -->","yoast_head_json":{"title":"Klaus Iohannis | Nu lu\u0103m \u00een considerare acum o carantin\u0103 total\u0103, cum nu lu\u0103m \u00een considerare o carantin\u0103 total\u0103 de s\u0103rb\u0103tori - Buletin de Bucure\u0219ti","robots":{"index":"index","follow":"follow","max-snippet":"max-snippet:-1","max-image-preview":"max-image-preview:large","max-video-preview":"max-video-preview:-1"},"canonical":"https:\/\/buletin.de\/bucuresti\/klaus-iohannis-nu-luam-in-considerare-acum-o-carantina-totala-cum-nu-luam-in-considerare-o-carantina-totala-de-sarbatori\/","og_locale":"en_GB","og_type":"article","og_title":"Klaus Iohannis | Nu lu\u0103m \u00een considerare acum o carantin\u0103 total\u0103, cum nu lu\u0103m \u00een considerare o carantin\u0103 total\u0103 de s\u0103rb\u0103tori","og_description":"Pre\u0219edintele Rom\u00e2niei, Klaus Iohannis a f\u0103cut, ast\u0103 sear\u0103, declara\u021bii de pres\u0103, la finalul unei \u00eent\u00e2lniri cu responsabili \u0219i speciali\u0219ti din S\u0103n\u0103tate. Tema principal\u0103 a \u00eent\u00e2lnirii a fost preg\u0103tirea vaccin\u0103rii anti Covid, \u00een condi\u021biile \u00een care apari\u021bia unui remediu pare tot mai aproape. Pre\u0219edintele a afirmat \u00eenc\u0103 o dat\u0103 c\u0103, deocamdat\u0103, nu se ia \u00een calcul [&hellip;]","og_url":"https:\/\/buletin.de\/bucuresti\/klaus-iohannis-nu-luam-in-considerare-acum-o-carantina-totala-cum-nu-luam-in-considerare-o-carantina-totala-de-sarbatori\/","og_site_name":"Buletin de Bucure\u0219ti","article_publisher":"https:\/\/www.facebook.com\/buletin.de.buc","article_published_time":"2020-11-10T18:31:42+00:00","og_image":[{"width":624,"height":351,"url":"https:\/\/buletin.de\/bucuresti\/wp-content\/uploads\/Imagine3.png","type":"image\/png"}],"author":"Teodora Stroe","twitter_card":"summary_large_image","twitter_misc":{"Written by":"Teodora Stroe","Estimated reading time":"3 minutes"},"schema":{"@context":"https:\/\/schema.org","@graph":[{"@type":"Article","@id":"https:\/\/buletin.de\/bucuresti\/klaus-iohannis-nu-luam-in-considerare-acum-o-carantina-totala-cum-nu-luam-in-considerare-o-carantina-totala-de-sarbatori\/#article","isPartOf":{"@id":"https:\/\/buletin.de\/bucuresti\/klaus-iohannis-nu-luam-in-considerare-acum-o-carantina-totala-cum-nu-luam-in-considerare-o-carantina-totala-de-sarbatori\/"},"author":{"name":"Teodora Stroe","@id":"https:\/\/buletin.de\/bucuresti\/#\/schema\/person\/d369d7ddc775abece205795e0b804614"},"headline":"Klaus Iohannis | Nu lu\u0103m \u00een considerare acum o carantin\u0103 total\u0103, cum nu lu\u0103m \u00een considerare o carantin\u0103 total\u0103 de s\u0103rb\u0103tori","datePublished":"2020-11-10T18:31:42+00:00","mainEntityOfPage":{"@id":"https:\/\/buletin.de\/bucuresti\/klaus-iohannis-nu-luam-in-considerare-acum-o-carantina-totala-cum-nu-luam-in-considerare-o-carantina-totala-de-sarbatori\/"},"wordCount":694,"publisher":{"@id":"https:\/\/buletin.de\/bucuresti\/#organization"},"image":{"@id":"https:\/\/buletin.de\/bucuresti\/klaus-iohannis-nu-luam-in-considerare-acum-o-carantina-totala-cum-nu-luam-in-considerare-o-carantina-totala-de-sarbatori\/#primaryimage"},"thumbnailUrl":"https:\/\/buletin.de\/bucuresti\/wp-content\/uploads\/Imagine3.png","articleSection":["Diverse"],"inLanguage":"en-GB","copyrightYear":"2020","copyrightHolder":{"@id":"https:\/\/buletin.de\/bucuresti\/#organization"}},{"@type":"WebPage","@id":"https:\/\/buletin.de\/bucuresti\/klaus-iohannis-nu-luam-in-considerare-acum-o-carantina-totala-cum-nu-luam-in-considerare-o-carantina-totala-de-sarbatori\/","url":"https:\/\/buletin.de\/bucuresti\/klaus-iohannis-nu-luam-in-considerare-acum-o-carantina-totala-cum-nu-luam-in-considerare-o-carantina-totala-de-sarbatori\/","name":"Klaus Iohannis | Nu lu\u0103m \u00een considerare acum o carantin\u0103 total\u0103, cum nu lu\u0103m \u00een considerare o carantin\u0103 total\u0103 de s\u0103rb\u0103tori - Buletin de Bucure\u0219ti","isPartOf":{"@id":"https:\/\/buletin.de\/bucuresti\/#website"},"primaryImageOfPage":{"@id":"https:\/\/buletin.de\/bucuresti\/klaus-iohannis-nu-luam-in-considerare-acum-o-carantina-totala-cum-nu-luam-in-considerare-o-carantina-totala-de-sarbatori\/#primaryimage"},"image":{"@id":"https:\/\/buletin.de\/bucuresti\/klaus-iohannis-nu-luam-in-considerare-acum-o-carantina-totala-cum-nu-luam-in-considerare-o-carantina-totala-de-sarbatori\/#primaryimage"},"thumbnailUrl":"https:\/\/buletin.de\/bucuresti\/wp-content\/uploads\/Imagine3.png","datePublished":"2020-11-10T18:31:42+00:00","breadcrumb":{"@id":"https:\/\/buletin.de\/bucuresti\/klaus-iohannis-nu-luam-in-considerare-acum-o-carantina-totala-cum-nu-luam-in-considerare-o-carantina-totala-de-sarbatori\/#breadcrumb"},"inLanguage":"en-GB","potentialAction":[{"@type":"ReadAction","target":["https:\/\/buletin.de\/bucuresti\/klaus-iohannis-nu-luam-in-considerare-acum-o-carantina-totala-cum-nu-luam-in-considerare-o-carantina-totala-de-sarbatori\/"]}]},{"@type":"ImageObject","inLanguage":"en-GB","@id":"https:\/\/buletin.de\/bucuresti\/klaus-iohannis-nu-luam-in-considerare-acum-o-carantina-totala-cum-nu-luam-in-considerare-o-carantina-totala-de-sarbatori\/#primaryimage","url":"https:\/\/buletin.de\/bucuresti\/wp-content\/uploads\/Imagine3.png","contentUrl":"https:\/\/buletin.de\/bucuresti\/wp-content\/uploads\/Imagine3.png","width":624,"height":351},{"@type":"BreadcrumbList","@id":"https:\/\/buletin.de\/bucuresti\/klaus-iohannis-nu-luam-in-considerare-acum-o-carantina-totala-cum-nu-luam-in-considerare-o-carantina-totala-de-sarbatori\/#breadcrumb","itemListElement":[{"@type":"ListItem","position":1,"name":"Acas\u0103","item":"https:\/\/buletin.de\/bucuresti\/"},{"@type":"ListItem","position":2,"name":"Klaus Iohannis | Nu lu\u0103m \u00een considerare acum o carantin\u0103 total\u0103, cum nu lu\u0103m \u00een considerare o carantin\u0103 total\u0103 de s\u0103rb\u0103tori"}]},{"@type":"WebSite","@id":"https:\/\/buletin.de\/bucuresti\/#website","url":"https:\/\/buletin.de\/bucuresti\/","name":"Buletin de Bucure\u0219ti","description":"\u0218tiri \u0219i investiga\u021bii esen\u021biale din capital\u0103","publisher":{"@id":"https:\/\/buletin.de\/bucuresti\/#organization"},"potentialAction":[{"@type":"SearchAction","target":{"@type":"EntryPoint","urlTemplate":"https:\/\/buletin.de\/bucuresti\/?s={search_term_string}"},"query-input":{"@type":"PropertyValueSpecification","valueRequired":true,"valueName":"search_term_string"}}],"inLanguage":"en-GB"},{"@type":"Organization","@id":"https:\/\/buletin.de\/bucuresti\/#organization","name":"Buletin de Bucure\u0219ti","url":"https:\/\/buletin.de\/bucuresti\/","logo":{"@type":"ImageObject","inLanguage":"en-GB","@id":"https:\/\/buletin.de\/bucuresti\/#\/schema\/logo\/image\/","url":"https:\/\/buletin.de\/bucuresti\/wp-content\/uploads\/logo-bdb-full-wide-vernil-transparent.png","contentUrl":"https:\/\/buletin.de\/bucuresti\/wp-content\/uploads\/logo-bdb-full-wide-vernil-transparent.png","width":1782,"height":626,"caption":"Buletin de Bucure\u0219ti"},"image":{"@id":"https:\/\/buletin.de\/bucuresti\/#\/schema\/logo\/image\/"},"sameAs":["https:\/\/www.facebook.com\/buletin.de.buc","https:\/\/www.instagram.com\/buletinde.bucuresti\/"]},{"@type":"Person","@id":"https:\/\/buletin.de\/bucuresti\/#\/schema\/person\/d369d7ddc775abece205795e0b804614","name":"Teodora Stroe","image":{"@type":"ImageObject","inLanguage":"en-GB","@id":"https:\/\/secure.gravatar.com\/avatar\/2560b4cd9f5f1bc100b123158e657d75584bd1c3e1d9c69285720b9457c1b78d?s=96&d=monsterid&r=gc104800242ba5f2d78dd5d7dc4df08b6","url":"https:\/\/secure.gravatar.com\/avatar\/2560b4cd9f5f1bc100b123158e657d75584bd1c3e1d9c69285720b9457c1b78d?s=96&d=monsterid&r=g","contentUrl":"https:\/\/secure.gravatar.com\/avatar\/2560b4cd9f5f1bc100b123158e657d75584bd1c3e1d9c69285720b9457c1b78d?s=96&d=monsterid&r=g","caption":"Teodora Stroe"},"url":"https:\/\/buletin.de\/bucuresti\/author\/simonacarlugea\/"}]}},"authors":[{"term_id":22579,"user_id":18,"is_guest":0,"slug":"simonacarlugea","display_name":"Teodora Stroe","avatar_url":"https:\/\/secure.gravatar.com\/avatar\/2560b4cd9f5f1bc100b123158e657d75584bd1c3e1d9c69285720b9457c1b78d?s=96&d=monsterid&r=g","0":null,"1":"","2":"","3":"","4":"","5":"","6":"","7":"","8":""}],"_links":{"self":[{"href":"https:\/\/buletin.de\/bucuresti\/wp-json\/wp\/v2\/posts\/15004","targetHints":{"allow":["GET"]}}],"collection":[{"href":"https:\/\/buletin.de\/bucuresti\/wp-json\/wp\/v2\/posts"}],"about":[{"href":"https:\/\/buletin.de\/bucuresti\/wp-json\/wp\/v2\/types\/post"}],"author":[{"embeddable":true,"href":"https:\/\/buletin.de\/bucuresti\/wp-json\/wp\/v2\/users\/18"}],"replies":[{"embeddable":true,"href":"https:\/\/buletin.de\/bucuresti\/wp-json\/wp\/v2\/comments?post=15004"}],"version-history":[{"count":11,"href":"https:\/\/buletin.de\/bucuresti\/wp-json\/wp\/v2\/posts\/15004\/revisions"}],"predecessor-version":[{"id":15016,"href":"https:\/\/buletin.de\/bucuresti\/wp-json\/wp\/v2\/posts\/15004\/revisions\/15016"}],"wp:featuredmedia":[{"embeddable":true,"href":"https:\/\/buletin.de\/bucuresti\/wp-json\/wp\/v2\/media\/15015"}],"wp:attachment":[{"href":"https:\/\/buletin.de\/bucuresti\/wp-json\/wp\/v2\/media?parent=15004"}],"wp:term":[{"taxonomy":"category","embeddable":true,"href":"https:\/\/buletin.de\/bucuresti\/wp-json\/wp\/v2\/categories?post=15004"},{"taxonomy":"post_tag","embeddable":true,"href":"https:\/\/buletin.de\/bucuresti\/wp-json\/wp\/v2\/tags?post=15004"},{"taxonomy":"author","embeddable":true,"href":"https:\/\/buletin.de\/bucuresti\/wp-json\/wp\/v2\/ppma_author?post=15004"}],"curies":[{"name":"wp","href":"https:\/\/api.w.org\/{rel}","templated":true}]}}