{"id":14974,"date":"2020-11-10T16:14:47","date_gmt":"2020-11-10T13:14:47","guid":{"rendered":"https:\/\/buletin.de\/bucuresti\/?p=14974"},"modified":"2020-11-10T16:14:47","modified_gmt":"2020-11-10T13:14:47","slug":"bulevardul-unirii-zona-pietonala-megaproiectul-lui-robert-negoita-intra-din-nou-in-dezbaterea-consilierilor-locali-sector-3","status":"publish","type":"post","link":"https:\/\/buletin.de\/bucuresti\/bulevardul-unirii-zona-pietonala-megaproiectul-lui-robert-negoita-intra-din-nou-in-dezbaterea-consilierilor-locali-sector-3\/","title":{"rendered":"Bulevardul Unirii, zon\u0103 pietonal\u0103 | Megaproiectul lui Robert Negoi\u021b\u0103 intr\u0103, din nou, \u00een dezbaterea consilierilor locali Sector 3"},"content":{"rendered":"\n<div id=\"fb-root\"><\/div>\n<script async=\"\" defer=\"\" crossorigin=\"anonymous\" src=\"https:\/\/connect.facebook.net\/en_GB\/sdk.js#xfbml=1&amp;version=v8.0\" nonce=\"Ug4I1kbW\"><\/script>\n\n\n\n<div class=\"fb-video\" data-href=\"https:\/\/www.facebook.com\/Robert.Negoita\/videos\/2765952606956917\/\" data-show-text=\"false\" data-width=\"\"><blockquote cite=\"https:\/\/developers.facebook.com\/Robert.Negoita\/videos\/2765952606956917\/\" class=\"fb-xfbml-parse-ignore\"><a href=\"https:\/\/developers.facebook.com\/Robert.Negoita\/videos\/2765952606956917\/\">Circula\u021bia rutier\u0103, complet \u00een subteran pe Unirii<\/a><p>Cam a\u0219a va ar\u0103ta sub Bulevardul Unirii: \u00eentreaga circula\u021bie rutier\u0103 va trece \u00een subteran, cu ie\u0219iri spre zonele principale \u0219i parc\u0103ri, iar la suprafa\u021b\u0103 vom avea doar zona pietonal\u0103. Azi, v\u0103 invit s\u0103 vedem cum arat\u0103 proiectul pentru componenta de subteran. #Comunitate #EchipaPS3 #S3CeiMaiBuni<\/p>Posted by <a href=\"https:\/\/www.facebook.com\/Robert.Negoita\/\">Robert Negoita<\/a> on Saturday, 24 October 2020<\/blockquote><\/div>\n\n\n\n<p>Primarul Sectorului 3, Robert Negoi\u021b\u0103 a prezentat pe pagina sa de Facebook, proiectul pentru care, ast\u0103zi, are nevoie de votul noului Consiliu Local. Este vorba de o megainvesti\u021bie, de 875 de milioane de lei, din fonduri bugetare proprii ale Prim\u0103riei Sector 2, care va transforma Bul. Unirii \u00een zon\u0103 pietonal\u0103, iar circula\u021bia se va muta \u00eentr-un pasaj subteran de 2,5 km.<\/p>\n\n\n\n<p>&#8220;<span class=\"has-inline-color has-vivid-red-color\"><em>Pe Bulevardul Unirii, tronsonul dintr<\/em><\/span><em><span class=\"has-inline-color has-vivid-red-color\">e Pia\u021ba Unirii \u0219i Pia\u021ba Alba Iulia, se propune amenajarea unei zone exclusiv pietonal\u0103, la nivelul solului, pe \u00eentreaga tram\u0103 stradal\u0103, energic \u0219i intens \u00eenverzit\u0103, ce poate acomoda activit\u0103\u021bi de entretainment, leisure \u0219i\/sau economice, cu devierea circula\u021biei auto \u0219i mutarea zonelor de parcare, exclusiv autoturisme, pe 3 niveluri subterane <\/span><\/em>&#8220;<\/p>\n\n\n\n<p>O intreag\u0103 structur\u0103 urbanistic\u0103 ar urma s\u0103 se nasc\u0103, sub actualul bulevard, dac\u0103 Consiliul Local Sector 3 \u00ee\u0219i va da girul. <\/p>\n\n\n\n<p>&#8220;<em>Prin proiect se propune realizarea unui pasaj suberan, la subsolul 3 al construc\u021biei \u0219u realizarea a dou\u0103 subsoluri de parcarem pe bulevardul Unirii. (&#8230;) Pasajul va avea lungimea de aproximativ 2500m lungime iar suprafa\u021ba contruit\u0103 a \u00eentregii construc\u021bii va fi de aproximativ 190.690m2.&#8221;<\/em>, este men\u021bionat \u00een proiectul de hot\u0103r\u00e2re.<\/p>\n\n\n\n<p>Parc\u0103rile vor avea 2822 de locuri pentru autoturisme, 67 motociclete\/biciclete.<\/p>\n\n\n\n<figure class=\"wp-block-image size-large\"><a href=\"https:\/\/buletin.de\/bucuresti\/wp-content\/uploads\/image-267.png\"><img fetchpriority=\"high\" decoding=\"async\" width=\"446\" height=\"185\" src=\"data:image\/gif;base64,R0lGODlhAQABAAAAACH5BAEKAAEALAAAAAABAAEAAAICTAEAOw==\" data-src=\"https:\/\/buletin.de\/bucuresti\/wp-content\/uploads\/image-267.png\" alt=\"\" class=\"wp-image-14984 lazyload\" data-sizes=\"auto\" data-srcset=\"https:\/\/buletin.de\/bucuresti\/wp-content\/uploads\/image-267.png 446w, https:\/\/buletin.de\/bucuresti\/wp-content\/uploads\/image-267-300x124.png 300w\" sizes=\"(max-width: 446px) 100vw, 446px\" \/><\/a><\/figure>\n\n\n\n<p>Demersul lui Robert Negoio\u021b\u0103, de a ob\u021bine votul pentru megaproiect nu la prima \u00eencercare. \u00cen luna august, vechiul Consiliul a respins proiectul, consider\u00e2nd c\u0103 este prea costisitor pentru bugetul Sectorului 3.<\/p>\n\n\n\n<p>Costul investi\u021biei 865milioane de lei, cu TVA, a\u0219a cum apare \u00een proiectul de hot\u0103r\u00e2re, bani care vor fi aloca\u021bi din Fondul Na\u021bional de Investi\u021bii.<\/p>\n\n\n\n<figure class=\"wp-block-image size-large\"><a href=\"https:\/\/buletin.de\/bucuresti\/wp-content\/uploads\/image-266.png\"><img decoding=\"async\" width=\"444\" height=\"232\" src=\"data:image\/gif;base64,R0lGODlhAQABAAAAACH5BAEKAAEALAAAAAABAAEAAAICTAEAOw==\" data-src=\"https:\/\/buletin.de\/bucuresti\/wp-content\/uploads\/image-266.png\" alt=\"\" class=\"wp-image-14977 lazyload\" data-sizes=\"auto\" data-srcset=\"https:\/\/buletin.de\/bucuresti\/wp-content\/uploads\/image-266.png 444w, https:\/\/buletin.de\/bucuresti\/wp-content\/uploads\/image-266-300x157.png 300w\" sizes=\"(max-width: 444px) 100vw, 444px\" \/><\/a><\/figure>\n\n\n\n<p>\u0218edin\u021ba de Consiliu Local la Sector 3 a \u00eenceput la ora 13.00.<\/p>\n","protected":false},"excerpt":{"rendered":"<p>Circula\u021bia rutier\u0103, complet \u00een subteran pe Unirii Cam a\u0219a va ar\u0103ta sub Bulevardul Unirii: \u00eentreaga circula\u021bie rutier\u0103 va trece \u00een subteran, cu ie\u0219iri spre zonele principale \u0219i parc\u0103ri, iar la suprafa\u021b\u0103 vom avea doar zona pietonal\u0103. Azi, v\u0103 invit s\u0103 vedem cum arat\u0103 proiectul pentru componenta de subteran. #Comunitate #EchipaPS3 #S3CeiMaiBuni Posted by Robert Negoita [&hellip;]<\/p>\n","protected":false},"author":18,"featured_media":14992,"comment_status":"closed","ping_status":"open","sticky":false,"template":"","format":"standard","meta":{"_acf_changed":false,"inline_featured_image":false,"ngg_post_thumbnail":0,"footnotes":""},"categories":[1],"tags":[],"ppma_author":[22579],"class_list":["post-14974","post","type-post","status-publish","format-standard","has-post-thumbnail","hentry","category-diverse"],"acf":[],"yoast_head":"<!-- This site is optimized with the Yoast SEO Premium plugin v25.3 (Yoast SEO v27.5) - https:\/\/yoast.com\/product\/yoast-seo-premium-wordpress\/ -->\n<title>Bulevardul Unirii, zon\u0103 pietonal\u0103 | Megaproiectul lui Robert Negoi\u021b\u0103 intr\u0103, din nou, \u00een dezbaterea consilierilor locali Sector 3 - Buletin de Bucure\u0219ti<\/title>\n<meta name=\"robots\" content=\"index, follow, max-snippet:-1, max-image-preview:large, max-video-preview:-1\" \/>\n<link rel=\"canonical\" href=\"https:\/\/buletin.de\/bucuresti\/bulevardul-unirii-zona-pietonala-megaproiectul-lui-robert-negoita-intra-din-nou-in-dezbaterea-consilierilor-locali-sector-3\/\" \/>\n<meta property=\"og:locale\" content=\"en_GB\" \/>\n<meta property=\"og:type\" content=\"article\" \/>\n<meta property=\"og:title\" content=\"Bulevardul Unirii, zon\u0103 pietonal\u0103 | Megaproiectul lui Robert Negoi\u021b\u0103 intr\u0103, din nou, \u00een dezbaterea consilierilor locali Sector 3\" \/>\n<meta property=\"og:description\" content=\"Circula\u021bia rutier\u0103, complet \u00een subteran pe Unirii Cam a\u0219a va ar\u0103ta sub Bulevardul Unirii: \u00eentreaga circula\u021bie rutier\u0103 va trece \u00een subteran, cu ie\u0219iri spre zonele principale \u0219i parc\u0103ri, iar la suprafa\u021b\u0103 vom avea doar zona pietonal\u0103. Azi, v\u0103 invit s\u0103 vedem cum arat\u0103 proiectul pentru componenta de subteran. #Comunitate #EchipaPS3 #S3CeiMaiBuni Posted by Robert Negoita [&hellip;]\" \/>\n<meta property=\"og:url\" content=\"https:\/\/buletin.de\/bucuresti\/bulevardul-unirii-zona-pietonala-megaproiectul-lui-robert-negoita-intra-din-nou-in-dezbaterea-consilierilor-locali-sector-3\/\" \/>\n<meta property=\"og:site_name\" content=\"Buletin de Bucure\u0219ti\" \/>\n<meta property=\"article:publisher\" content=\"https:\/\/www.facebook.com\/buletin.de.buc\" \/>\n<meta property=\"article:published_time\" content=\"2020-11-10T13:14:47+00:00\" \/>\n<meta property=\"og:image\" content=\"https:\/\/buletin.de\/bucuresti\/wp-content\/uploads\/WhatsApp-Image-2020-11-10-at-13.45.33.jpeg\" \/>\n\t<meta property=\"og:image:width\" content=\"1600\" \/>\n\t<meta property=\"og:image:height\" content=\"900\" \/>\n\t<meta property=\"og:image:type\" content=\"image\/jpeg\" \/>\n<meta name=\"author\" content=\"Teodora Stroe\" \/>\n<meta name=\"twitter:card\" content=\"summary_large_image\" \/>\n<meta name=\"twitter:label1\" content=\"Written by\" \/>\n\t<meta name=\"twitter:data1\" content=\"Teodora Stroe\" \/>\n\t<meta name=\"twitter:label2\" content=\"Estimated reading time\" \/>\n\t<meta name=\"twitter:data2\" content=\"2 minutes\" \/>\n<script type=\"application\/ld+json\" class=\"yoast-schema-graph\">{\"@context\":\"https:\\\/\\\/schema.org\",\"@graph\":[{\"@type\":\"Article\",\"@id\":\"https:\\\/\\\/buletin.de\\\/bucuresti\\\/bulevardul-unirii-zona-pietonala-megaproiectul-lui-robert-negoita-intra-din-nou-in-dezbaterea-consilierilor-locali-sector-3\\\/#article\",\"isPartOf\":{\"@id\":\"https:\\\/\\\/buletin.de\\\/bucuresti\\\/bulevardul-unirii-zona-pietonala-megaproiectul-lui-robert-negoita-intra-din-nou-in-dezbaterea-consilierilor-locali-sector-3\\\/\"},\"author\":{\"name\":\"Teodora Stroe\",\"@id\":\"https:\\\/\\\/buletin.de\\\/bucuresti\\\/#\\\/schema\\\/person\\\/d369d7ddc775abece205795e0b804614\"},\"headline\":\"Bulevardul Unirii, zon\u0103 pietonal\u0103 | Megaproiectul lui Robert Negoi\u021b\u0103 intr\u0103, din nou, \u00een dezbaterea consilierilor locali Sector 3\",\"datePublished\":\"2020-11-10T13:14:47+00:00\",\"mainEntityOfPage\":{\"@id\":\"https:\\\/\\\/buletin.de\\\/bucuresti\\\/bulevardul-unirii-zona-pietonala-megaproiectul-lui-robert-negoita-intra-din-nou-in-dezbaterea-consilierilor-locali-sector-3\\\/\"},\"wordCount\":356,\"publisher\":{\"@id\":\"https:\\\/\\\/buletin.de\\\/bucuresti\\\/#organization\"},\"image\":{\"@id\":\"https:\\\/\\\/buletin.de\\\/bucuresti\\\/bulevardul-unirii-zona-pietonala-megaproiectul-lui-robert-negoita-intra-din-nou-in-dezbaterea-consilierilor-locali-sector-3\\\/#primaryimage\"},\"thumbnailUrl\":\"https:\\\/\\\/buletin.de\\\/bucuresti\\\/wp-content\\\/uploads\\\/WhatsApp-Image-2020-11-10-at-13.45.33.jpeg\",\"articleSection\":[\"Diverse\"],\"inLanguage\":\"en-GB\",\"copyrightYear\":\"2020\",\"copyrightHolder\":{\"@id\":\"https:\\\/\\\/buletin.de\\\/bucuresti\\\/#organization\"}},{\"@type\":\"WebPage\",\"@id\":\"https:\\\/\\\/buletin.de\\\/bucuresti\\\/bulevardul-unirii-zona-pietonala-megaproiectul-lui-robert-negoita-intra-din-nou-in-dezbaterea-consilierilor-locali-sector-3\\\/\",\"url\":\"https:\\\/\\\/buletin.de\\\/bucuresti\\\/bulevardul-unirii-zona-pietonala-megaproiectul-lui-robert-negoita-intra-din-nou-in-dezbaterea-consilierilor-locali-sector-3\\\/\",\"name\":\"Bulevardul Unirii, zon\u0103 pietonal\u0103 | Megaproiectul lui Robert Negoi\u021b\u0103 intr\u0103, din nou, \u00een dezbaterea consilierilor locali Sector 3 - Buletin de Bucure\u0219ti\",\"isPartOf\":{\"@id\":\"https:\\\/\\\/buletin.de\\\/bucuresti\\\/#website\"},\"primaryImageOfPage\":{\"@id\":\"https:\\\/\\\/buletin.de\\\/bucuresti\\\/bulevardul-unirii-zona-pietonala-megaproiectul-lui-robert-negoita-intra-din-nou-in-dezbaterea-consilierilor-locali-sector-3\\\/#primaryimage\"},\"image\":{\"@id\":\"https:\\\/\\\/buletin.de\\\/bucuresti\\\/bulevardul-unirii-zona-pietonala-megaproiectul-lui-robert-negoita-intra-din-nou-in-dezbaterea-consilierilor-locali-sector-3\\\/#primaryimage\"},\"thumbnailUrl\":\"https:\\\/\\\/buletin.de\\\/bucuresti\\\/wp-content\\\/uploads\\\/WhatsApp-Image-2020-11-10-at-13.45.33.jpeg\",\"datePublished\":\"2020-11-10T13:14:47+00:00\",\"breadcrumb\":{\"@id\":\"https:\\\/\\\/buletin.de\\\/bucuresti\\\/bulevardul-unirii-zona-pietonala-megaproiectul-lui-robert-negoita-intra-din-nou-in-dezbaterea-consilierilor-locali-sector-3\\\/#breadcrumb\"},\"inLanguage\":\"en-GB\",\"potentialAction\":[{\"@type\":\"ReadAction\",\"target\":[\"https:\\\/\\\/buletin.de\\\/bucuresti\\\/bulevardul-unirii-zona-pietonala-megaproiectul-lui-robert-negoita-intra-din-nou-in-dezbaterea-consilierilor-locali-sector-3\\\/\"]}]},{\"@type\":\"ImageObject\",\"inLanguage\":\"en-GB\",\"@id\":\"https:\\\/\\\/buletin.de\\\/bucuresti\\\/bulevardul-unirii-zona-pietonala-megaproiectul-lui-robert-negoita-intra-din-nou-in-dezbaterea-consilierilor-locali-sector-3\\\/#primaryimage\",\"url\":\"https:\\\/\\\/buletin.de\\\/bucuresti\\\/wp-content\\\/uploads\\\/WhatsApp-Image-2020-11-10-at-13.45.33.jpeg\",\"contentUrl\":\"https:\\\/\\\/buletin.de\\\/bucuresti\\\/wp-content\\\/uploads\\\/WhatsApp-Image-2020-11-10-at-13.45.33.jpeg\",\"width\":1600,\"height\":900},{\"@type\":\"BreadcrumbList\",\"@id\":\"https:\\\/\\\/buletin.de\\\/bucuresti\\\/bulevardul-unirii-zona-pietonala-megaproiectul-lui-robert-negoita-intra-din-nou-in-dezbaterea-consilierilor-locali-sector-3\\\/#breadcrumb\",\"itemListElement\":[{\"@type\":\"ListItem\",\"position\":1,\"name\":\"Acas\u0103\",\"item\":\"https:\\\/\\\/buletin.de\\\/bucuresti\\\/\"},{\"@type\":\"ListItem\",\"position\":2,\"name\":\"Bulevardul Unirii, zon\u0103 pietonal\u0103 | Megaproiectul lui Robert Negoi\u021b\u0103 intr\u0103, din nou, \u00een dezbaterea consilierilor locali Sector 3\"}]},{\"@type\":\"WebSite\",\"@id\":\"https:\\\/\\\/buletin.de\\\/bucuresti\\\/#website\",\"url\":\"https:\\\/\\\/buletin.de\\\/bucuresti\\\/\",\"name\":\"Buletin de Bucure\u0219ti\",\"description\":\"\u0218tiri \u0219i investiga\u021bii esen\u021biale din capital\u0103\",\"publisher\":{\"@id\":\"https:\\\/\\\/buletin.de\\\/bucuresti\\\/#organization\"},\"potentialAction\":[{\"@type\":\"SearchAction\",\"target\":{\"@type\":\"EntryPoint\",\"urlTemplate\":\"https:\\\/\\\/buletin.de\\\/bucuresti\\\/?s={search_term_string}\"},\"query-input\":{\"@type\":\"PropertyValueSpecification\",\"valueRequired\":true,\"valueName\":\"search_term_string\"}}],\"inLanguage\":\"en-GB\"},{\"@type\":\"Organization\",\"@id\":\"https:\\\/\\\/buletin.de\\\/bucuresti\\\/#organization\",\"name\":\"Buletin de Bucure\u0219ti\",\"url\":\"https:\\\/\\\/buletin.de\\\/bucuresti\\\/\",\"logo\":{\"@type\":\"ImageObject\",\"inLanguage\":\"en-GB\",\"@id\":\"https:\\\/\\\/buletin.de\\\/bucuresti\\\/#\\\/schema\\\/logo\\\/image\\\/\",\"url\":\"https:\\\/\\\/buletin.de\\\/bucuresti\\\/wp-content\\\/uploads\\\/logo-bdb-full-wide-vernil-transparent.png\",\"contentUrl\":\"https:\\\/\\\/buletin.de\\\/bucuresti\\\/wp-content\\\/uploads\\\/logo-bdb-full-wide-vernil-transparent.png\",\"width\":1782,\"height\":626,\"caption\":\"Buletin de Bucure\u0219ti\"},\"image\":{\"@id\":\"https:\\\/\\\/buletin.de\\\/bucuresti\\\/#\\\/schema\\\/logo\\\/image\\\/\"},\"sameAs\":[\"https:\\\/\\\/www.facebook.com\\\/buletin.de.buc\",\"https:\\\/\\\/www.instagram.com\\\/buletinde.bucuresti\\\/\"]},{\"@type\":\"Person\",\"@id\":\"https:\\\/\\\/buletin.de\\\/bucuresti\\\/#\\\/schema\\\/person\\\/d369d7ddc775abece205795e0b804614\",\"name\":\"Teodora Stroe\",\"image\":{\"@type\":\"ImageObject\",\"inLanguage\":\"en-GB\",\"@id\":\"https:\\\/\\\/secure.gravatar.com\\\/avatar\\\/2560b4cd9f5f1bc100b123158e657d75584bd1c3e1d9c69285720b9457c1b78d?s=96&d=monsterid&r=gc104800242ba5f2d78dd5d7dc4df08b6\",\"url\":\"https:\\\/\\\/secure.gravatar.com\\\/avatar\\\/2560b4cd9f5f1bc100b123158e657d75584bd1c3e1d9c69285720b9457c1b78d?s=96&d=monsterid&r=g\",\"contentUrl\":\"https:\\\/\\\/secure.gravatar.com\\\/avatar\\\/2560b4cd9f5f1bc100b123158e657d75584bd1c3e1d9c69285720b9457c1b78d?s=96&d=monsterid&r=g\",\"caption\":\"Teodora Stroe\"},\"url\":\"https:\\\/\\\/buletin.de\\\/bucuresti\\\/author\\\/simonacarlugea\\\/\"}]}<\/script>\n<!-- \/ Yoast SEO Premium plugin. -->","yoast_head_json":{"title":"Bulevardul Unirii, zon\u0103 pietonal\u0103 | Megaproiectul lui Robert Negoi\u021b\u0103 intr\u0103, din nou, \u00een dezbaterea consilierilor locali Sector 3 - Buletin de Bucure\u0219ti","robots":{"index":"index","follow":"follow","max-snippet":"max-snippet:-1","max-image-preview":"max-image-preview:large","max-video-preview":"max-video-preview:-1"},"canonical":"https:\/\/buletin.de\/bucuresti\/bulevardul-unirii-zona-pietonala-megaproiectul-lui-robert-negoita-intra-din-nou-in-dezbaterea-consilierilor-locali-sector-3\/","og_locale":"en_GB","og_type":"article","og_title":"Bulevardul Unirii, zon\u0103 pietonal\u0103 | Megaproiectul lui Robert Negoi\u021b\u0103 intr\u0103, din nou, \u00een dezbaterea consilierilor locali Sector 3","og_description":"Circula\u021bia rutier\u0103, complet \u00een subteran pe Unirii Cam a\u0219a va ar\u0103ta sub Bulevardul Unirii: \u00eentreaga circula\u021bie rutier\u0103 va trece \u00een subteran, cu ie\u0219iri spre zonele principale \u0219i parc\u0103ri, iar la suprafa\u021b\u0103 vom avea doar zona pietonal\u0103. Azi, v\u0103 invit s\u0103 vedem cum arat\u0103 proiectul pentru componenta de subteran. #Comunitate #EchipaPS3 #S3CeiMaiBuni Posted by Robert Negoita [&hellip;]","og_url":"https:\/\/buletin.de\/bucuresti\/bulevardul-unirii-zona-pietonala-megaproiectul-lui-robert-negoita-intra-din-nou-in-dezbaterea-consilierilor-locali-sector-3\/","og_site_name":"Buletin de Bucure\u0219ti","article_publisher":"https:\/\/www.facebook.com\/buletin.de.buc","article_published_time":"2020-11-10T13:14:47+00:00","og_image":[{"width":1600,"height":900,"url":"https:\/\/buletin.de\/bucuresti\/wp-content\/uploads\/WhatsApp-Image-2020-11-10-at-13.45.33.jpeg","type":"image\/jpeg"}],"author":"Teodora Stroe","twitter_card":"summary_large_image","twitter_misc":{"Written by":"Teodora Stroe","Estimated reading time":"2 minutes"},"schema":{"@context":"https:\/\/schema.org","@graph":[{"@type":"Article","@id":"https:\/\/buletin.de\/bucuresti\/bulevardul-unirii-zona-pietonala-megaproiectul-lui-robert-negoita-intra-din-nou-in-dezbaterea-consilierilor-locali-sector-3\/#article","isPartOf":{"@id":"https:\/\/buletin.de\/bucuresti\/bulevardul-unirii-zona-pietonala-megaproiectul-lui-robert-negoita-intra-din-nou-in-dezbaterea-consilierilor-locali-sector-3\/"},"author":{"name":"Teodora Stroe","@id":"https:\/\/buletin.de\/bucuresti\/#\/schema\/person\/d369d7ddc775abece205795e0b804614"},"headline":"Bulevardul Unirii, zon\u0103 pietonal\u0103 | Megaproiectul lui Robert Negoi\u021b\u0103 intr\u0103, din nou, \u00een dezbaterea consilierilor locali Sector 3","datePublished":"2020-11-10T13:14:47+00:00","mainEntityOfPage":{"@id":"https:\/\/buletin.de\/bucuresti\/bulevardul-unirii-zona-pietonala-megaproiectul-lui-robert-negoita-intra-din-nou-in-dezbaterea-consilierilor-locali-sector-3\/"},"wordCount":356,"publisher":{"@id":"https:\/\/buletin.de\/bucuresti\/#organization"},"image":{"@id":"https:\/\/buletin.de\/bucuresti\/bulevardul-unirii-zona-pietonala-megaproiectul-lui-robert-negoita-intra-din-nou-in-dezbaterea-consilierilor-locali-sector-3\/#primaryimage"},"thumbnailUrl":"https:\/\/buletin.de\/bucuresti\/wp-content\/uploads\/WhatsApp-Image-2020-11-10-at-13.45.33.jpeg","articleSection":["Diverse"],"inLanguage":"en-GB","copyrightYear":"2020","copyrightHolder":{"@id":"https:\/\/buletin.de\/bucuresti\/#organization"}},{"@type":"WebPage","@id":"https:\/\/buletin.de\/bucuresti\/bulevardul-unirii-zona-pietonala-megaproiectul-lui-robert-negoita-intra-din-nou-in-dezbaterea-consilierilor-locali-sector-3\/","url":"https:\/\/buletin.de\/bucuresti\/bulevardul-unirii-zona-pietonala-megaproiectul-lui-robert-negoita-intra-din-nou-in-dezbaterea-consilierilor-locali-sector-3\/","name":"Bulevardul Unirii, zon\u0103 pietonal\u0103 | Megaproiectul lui Robert Negoi\u021b\u0103 intr\u0103, din nou, \u00een dezbaterea consilierilor locali Sector 3 - Buletin de Bucure\u0219ti","isPartOf":{"@id":"https:\/\/buletin.de\/bucuresti\/#website"},"primaryImageOfPage":{"@id":"https:\/\/buletin.de\/bucuresti\/bulevardul-unirii-zona-pietonala-megaproiectul-lui-robert-negoita-intra-din-nou-in-dezbaterea-consilierilor-locali-sector-3\/#primaryimage"},"image":{"@id":"https:\/\/buletin.de\/bucuresti\/bulevardul-unirii-zona-pietonala-megaproiectul-lui-robert-negoita-intra-din-nou-in-dezbaterea-consilierilor-locali-sector-3\/#primaryimage"},"thumbnailUrl":"https:\/\/buletin.de\/bucuresti\/wp-content\/uploads\/WhatsApp-Image-2020-11-10-at-13.45.33.jpeg","datePublished":"2020-11-10T13:14:47+00:00","breadcrumb":{"@id":"https:\/\/buletin.de\/bucuresti\/bulevardul-unirii-zona-pietonala-megaproiectul-lui-robert-negoita-intra-din-nou-in-dezbaterea-consilierilor-locali-sector-3\/#breadcrumb"},"inLanguage":"en-GB","potentialAction":[{"@type":"ReadAction","target":["https:\/\/buletin.de\/bucuresti\/bulevardul-unirii-zona-pietonala-megaproiectul-lui-robert-negoita-intra-din-nou-in-dezbaterea-consilierilor-locali-sector-3\/"]}]},{"@type":"ImageObject","inLanguage":"en-GB","@id":"https:\/\/buletin.de\/bucuresti\/bulevardul-unirii-zona-pietonala-megaproiectul-lui-robert-negoita-intra-din-nou-in-dezbaterea-consilierilor-locali-sector-3\/#primaryimage","url":"https:\/\/buletin.de\/bucuresti\/wp-content\/uploads\/WhatsApp-Image-2020-11-10-at-13.45.33.jpeg","contentUrl":"https:\/\/buletin.de\/bucuresti\/wp-content\/uploads\/WhatsApp-Image-2020-11-10-at-13.45.33.jpeg","width":1600,"height":900},{"@type":"BreadcrumbList","@id":"https:\/\/buletin.de\/bucuresti\/bulevardul-unirii-zona-pietonala-megaproiectul-lui-robert-negoita-intra-din-nou-in-dezbaterea-consilierilor-locali-sector-3\/#breadcrumb","itemListElement":[{"@type":"ListItem","position":1,"name":"Acas\u0103","item":"https:\/\/buletin.de\/bucuresti\/"},{"@type":"ListItem","position":2,"name":"Bulevardul Unirii, zon\u0103 pietonal\u0103 | Megaproiectul lui Robert Negoi\u021b\u0103 intr\u0103, din nou, \u00een dezbaterea consilierilor locali Sector 3"}]},{"@type":"WebSite","@id":"https:\/\/buletin.de\/bucuresti\/#website","url":"https:\/\/buletin.de\/bucuresti\/","name":"Buletin de Bucure\u0219ti","description":"\u0218tiri \u0219i investiga\u021bii esen\u021biale din capital\u0103","publisher":{"@id":"https:\/\/buletin.de\/bucuresti\/#organization"},"potentialAction":[{"@type":"SearchAction","target":{"@type":"EntryPoint","urlTemplate":"https:\/\/buletin.de\/bucuresti\/?s={search_term_string}"},"query-input":{"@type":"PropertyValueSpecification","valueRequired":true,"valueName":"search_term_string"}}],"inLanguage":"en-GB"},{"@type":"Organization","@id":"https:\/\/buletin.de\/bucuresti\/#organization","name":"Buletin de Bucure\u0219ti","url":"https:\/\/buletin.de\/bucuresti\/","logo":{"@type":"ImageObject","inLanguage":"en-GB","@id":"https:\/\/buletin.de\/bucuresti\/#\/schema\/logo\/image\/","url":"https:\/\/buletin.de\/bucuresti\/wp-content\/uploads\/logo-bdb-full-wide-vernil-transparent.png","contentUrl":"https:\/\/buletin.de\/bucuresti\/wp-content\/uploads\/logo-bdb-full-wide-vernil-transparent.png","width":1782,"height":626,"caption":"Buletin de Bucure\u0219ti"},"image":{"@id":"https:\/\/buletin.de\/bucuresti\/#\/schema\/logo\/image\/"},"sameAs":["https:\/\/www.facebook.com\/buletin.de.buc","https:\/\/www.instagram.com\/buletinde.bucuresti\/"]},{"@type":"Person","@id":"https:\/\/buletin.de\/bucuresti\/#\/schema\/person\/d369d7ddc775abece205795e0b804614","name":"Teodora Stroe","image":{"@type":"ImageObject","inLanguage":"en-GB","@id":"https:\/\/secure.gravatar.com\/avatar\/2560b4cd9f5f1bc100b123158e657d75584bd1c3e1d9c69285720b9457c1b78d?s=96&d=monsterid&r=gc104800242ba5f2d78dd5d7dc4df08b6","url":"https:\/\/secure.gravatar.com\/avatar\/2560b4cd9f5f1bc100b123158e657d75584bd1c3e1d9c69285720b9457c1b78d?s=96&d=monsterid&r=g","contentUrl":"https:\/\/secure.gravatar.com\/avatar\/2560b4cd9f5f1bc100b123158e657d75584bd1c3e1d9c69285720b9457c1b78d?s=96&d=monsterid&r=g","caption":"Teodora Stroe"},"url":"https:\/\/buletin.de\/bucuresti\/author\/simonacarlugea\/"}]}},"authors":[{"term_id":22579,"user_id":18,"is_guest":0,"slug":"simonacarlugea","display_name":"Teodora Stroe","avatar_url":"https:\/\/secure.gravatar.com\/avatar\/2560b4cd9f5f1bc100b123158e657d75584bd1c3e1d9c69285720b9457c1b78d?s=96&d=monsterid&r=g","0":null,"1":"","2":"","3":"","4":"","5":"","6":"","7":"","8":""}],"_links":{"self":[{"href":"https:\/\/buletin.de\/bucuresti\/wp-json\/wp\/v2\/posts\/14974","targetHints":{"allow":["GET"]}}],"collection":[{"href":"https:\/\/buletin.de\/bucuresti\/wp-json\/wp\/v2\/posts"}],"about":[{"href":"https:\/\/buletin.de\/bucuresti\/wp-json\/wp\/v2\/types\/post"}],"author":[{"embeddable":true,"href":"https:\/\/buletin.de\/bucuresti\/wp-json\/wp\/v2\/users\/18"}],"replies":[{"embeddable":true,"href":"https:\/\/buletin.de\/bucuresti\/wp-json\/wp\/v2\/comments?post=14974"}],"version-history":[{"count":14,"href":"https:\/\/buletin.de\/bucuresti\/wp-json\/wp\/v2\/posts\/14974\/revisions"}],"predecessor-version":[{"id":14995,"href":"https:\/\/buletin.de\/bucuresti\/wp-json\/wp\/v2\/posts\/14974\/revisions\/14995"}],"wp:featuredmedia":[{"embeddable":true,"href":"https:\/\/buletin.de\/bucuresti\/wp-json\/wp\/v2\/media\/14992"}],"wp:attachment":[{"href":"https:\/\/buletin.de\/bucuresti\/wp-json\/wp\/v2\/media?parent=14974"}],"wp:term":[{"taxonomy":"category","embeddable":true,"href":"https:\/\/buletin.de\/bucuresti\/wp-json\/wp\/v2\/categories?post=14974"},{"taxonomy":"post_tag","embeddable":true,"href":"https:\/\/buletin.de\/bucuresti\/wp-json\/wp\/v2\/tags?post=14974"},{"taxonomy":"author","embeddable":true,"href":"https:\/\/buletin.de\/bucuresti\/wp-json\/wp\/v2\/ppma_author?post=14974"}],"curies":[{"name":"wp","href":"https:\/\/api.w.org\/{rel}","templated":true}]}}