{"id":149427,"date":"2025-09-25T19:50:35","date_gmt":"2025-09-25T16:50:35","guid":{"rendered":"https:\/\/buletin.de\/bucuresti\/?p=149427"},"modified":"2025-09-25T19:50:36","modified_gmt":"2025-09-25T16:50:36","slug":"primaria-sectorului-2-sesizeaza-colegiul-medicilor-dupa-ce-a-primit-intr-o-luna-cereri-pentru-1-142-de-zile-de-concediu-medical-de-la-angajati-costurile-s-ar-ridica-la-aproape-250-000-de-lei","status":"publish","type":"post","link":"https:\/\/buletin.de\/bucuresti\/primaria-sectorului-2-sesizeaza-colegiul-medicilor-dupa-ce-a-primit-intr-o-luna-cereri-pentru-1-142-de-zile-de-concediu-medical-de-la-angajati-costurile-s-ar-ridica-la-aproape-250-000-de-lei\/","title":{"rendered":"Prim\u0103ria Sectorului 2 sesizeaz\u0103 Colegiul Medicilor dup\u0103 ce a primit, \u00eentr-o lun\u0103, cereri pentru 1.142 de zile de concediu medical de la angaja\u021bi. Costurile s-ar ridica la aproape 250.000 de lei"},"content":{"rendered":"\n<p><strong>Prim\u0103ria Sectorului 2 sesizeaz\u0103 Colegiul Medicilor pentru cre\u0219terea cu 50% a concediilor medicale din ultima perioad\u0103. Situa\u021bia a ap\u0103rut dup\u0103 reorganizarea institu\u021biei, care a presupus reducerea cheltuielilor, se arat\u0103 \u00eentr-un comunicat remis redac\u021biei Buletin de Bucure\u0219ti.<\/strong><\/p>\n\n\n\n<p>Autoritatea local\u0103 precizeaz\u0103 c\u0103 decizia de a sesiza Colegiul Medicilor a venit dup\u0103 o analiza intern\u0103. Aceasta a scos la iveal\u0103 faptul c\u0103 num\u0103rul concediilor medicale a crescut semnificativ, \u00een timp ce Prim\u0103ria Sectorului 2 era \u00een plin proces de reorganizare.<\/p>\n\n\n\n<p>Astfel, numai \u00een luna iulie 2025 au fost acordate 113 concedii medicale, care \u00eensumeaz\u0103 1142 de zile, cu 50% mai mult comparativ cu aceea\u0219i perioad\u0103 a anului 2024.<\/p>\n\n\n\n<p>Impactul financiar al acestei situa\u021bii este considerabil, se arat\u0103 \u00een documentul citat. Doar \u00een luna iulie, Prim\u0103ria Sectorului 2 a avut cheltuieli suplimentare de aproximativ 250.000 lei. Banii au fost cheltui\u021bi strict pentru plata concediilor medicale suplimentare.<\/p>\n\n\n\n<p><strong>CITE\u0218TE \u0218I:<\/strong> <a href=\"https:\/\/buletin.de\/bucuresti\/votul-din-republica-moldova-supravegheat-de-funky-citizens-in-capitala-si-alte-patru-tari-europene-care-sunt-adreselor-sectiilor-din-bucuresti\/\">Votul din Republica Moldova, supravegheat de Funky Citizens \u00een Capital\u0103 \u0219i alte patru \u021b\u0103ri europene. Care sunt adreselor sec\u0163iilor din Bucure\u015fti<\/a><\/p>\n\n\n\n<h2 class=\"wp-block-heading\" id=\"h-primaria-sectorului-2-solicita-control-de-la-colegiul-medicilor\">Primaria Sectorului 2 solicit\u0103 control de la Colegiul Medicilor<\/h2>\n\n\n\n<p><strong><em>\u201eEste o situa\u021bie care ridic\u0103 \u00eentreb\u0103ri legitime \u0219i solicit o verificare riguroas\u0103 din partea institu\u021biilor abilitate. Subit, \u00een urma reorganiz\u0103rii, am avut o cre\u0219tere d 50% a num\u0103rului de concedii medicale. Consider\u0103m c\u0103 este \u00een interesul cet\u0103\u021benilor din Sectorul 2 ca resursele financiare ale comunit\u0103\u021bii s\u0103 fie utilizate \u00een mod corect \u0219i responsabil. Solicit\u0103m Colegiului Medicilor s\u0103 analizeze cu aten\u021bie aceste cazuri, pentru a confirma c\u0103 acordarea concediilor respect\u0103 cadrul legal \u0219i principiile etice ale profesiei medicale\u201d, <\/em><\/strong>a declarat Rare\u0219 Hopinc\u0103, primarul Sectorului 2.<\/p>\n\n\n\n<p>Reorganizarea aparatului administrativ al Sectorului 2 a vizat eficientizarea activit\u0103\u021bii \u0219i reducerea cheltuielilor publice, ca parte a politicilor guvernamentale. \u00cen urma acestui proces, cheltuielile primariei cu salariile au sc\u0103zut cu aproape 20 de milioane de lei. Banii ar urma s\u0103 fie investi\u021bii \u00een infrastructur\u0103, educa\u021bie \u0219i servicii publice, mai precizeaz\u0103 autoritatea local\u0103.<\/p>\n\n\n\n<p><strong>CITE\u0218TE \u0218I:<\/strong> <a href=\"https:\/\/buletin.de\/bucuresti\/locuitorii-afectati-de-santierul-pentru-metroul-m6-cer-deschiderea-urgenta-a-traficului-rutier-un-nou-apel-de-la-cei-carora-li-se-prabusesc-casele\/\">Locuitorii afecta\u021bi de \u0219antierul pentru metroul M6 cer deschiderea urgent\u0103 a traficului rutier. Un nou apel de la cei c\u0103rora li se pr\u0103bu\u0219esc casele<\/a><\/p>\n\n\n\n<p><\/p>\n","protected":false},"excerpt":{"rendered":"<p>Prim\u0103ria Sectorului 2 sesizeaz\u0103 Colegiul Medicilor pentru cre\u0219terea cu 50% a concediilor medicale din ultima perioad\u0103. Situa\u021bia a ap\u0103rut dup\u0103 reorganizarea institu\u021biei, care a presupus reducerea cheltuielilor, se arat\u0103 \u00eentr-un comunicat remis redac\u021biei Buletin de Bucure\u0219ti. Autoritatea local\u0103 precizeaz\u0103 c\u0103 decizia de a sesiza Colegiul Medicilor a venit dup\u0103 o analiza intern\u0103. Aceasta a scos [&hellip;]<\/p>\n","protected":false},"author":49,"featured_media":149432,"comment_status":"closed","ping_status":"open","sticky":false,"template":"","format":"standard","meta":{"_acf_changed":false,"inline_featured_image":false,"ngg_post_thumbnail":0,"footnotes":""},"categories":[6994,3419,24],"tags":[14361,18800,3808],"ppma_author":[22574],"class_list":["post-149427","post","type-post","status-publish","format-standard","has-post-thumbnail","hentry","category-stiri-2","category-featured","category-primarie","tag-colegiul-medicilor","tag-concedii-medicale","tag-primaria-sector-2-2"],"acf":[],"yoast_head":"<!-- This site is optimized with the Yoast SEO Premium plugin v25.3 (Yoast SEO v27.4) - https:\/\/yoast.com\/product\/yoast-seo-premium-wordpress\/ -->\n<title>Prim\u0103ria Sectorului 2 sesizeaz\u0103 Colegiul Medicilor dup\u0103 ce a primit, \u00eentr-o lun\u0103, cereri pentru 1.142 de zile de concediu medical de la angaja\u021bi. Costurile s-ar ridica la aproape 250.000 de lei - Buletin de Bucure\u0219ti<\/title>\n<meta name=\"description\" content=\"Prim\u0103ria Sectorului 2 sesizeaz\u0103 Colegiul Medicilor pentru cre\u0219terea cu 50% a concediilor medicale, dup\u0103 reorganizarea institu\u021biei.\" \/>\n<meta name=\"robots\" content=\"index, follow, max-snippet:-1, max-image-preview:large, max-video-preview:-1\" \/>\n<link rel=\"canonical\" href=\"https:\/\/buletin.de\/bucuresti\/primaria-sectorului-2-sesizeaza-colegiul-medicilor-dupa-ce-a-primit-intr-o-luna-cereri-pentru-1-142-de-zile-de-concediu-medical-de-la-angajati-costurile-s-ar-ridica-la-aproape-250-000-de-lei\/\" \/>\n<meta property=\"og:locale\" content=\"en_GB\" \/>\n<meta property=\"og:type\" content=\"article\" \/>\n<meta property=\"og:title\" content=\"Prim\u0103ria Sectorului 2 sesizeaz\u0103 Colegiul Medicilor dup\u0103 ce a primit, \u00eentr-o lun\u0103, cereri pentru 1.142 de zile de concediu medical de la angaja\u021bi. Costurile s-ar ridica la aproape 250.000 de lei\" \/>\n<meta property=\"og:description\" content=\"Prim\u0103ria Sectorului 2 sesizeaz\u0103 Colegiul Medicilor pentru cre\u0219terea cu 50% a concediilor medicale, dup\u0103 reorganizarea institu\u021biei.\" \/>\n<meta property=\"og:url\" content=\"https:\/\/buletin.de\/bucuresti\/primaria-sectorului-2-sesizeaza-colegiul-medicilor-dupa-ce-a-primit-intr-o-luna-cereri-pentru-1-142-de-zile-de-concediu-medical-de-la-angajati-costurile-s-ar-ridica-la-aproape-250-000-de-lei\/\" \/>\n<meta property=\"og:site_name\" content=\"Buletin de Bucure\u0219ti\" \/>\n<meta property=\"article:publisher\" content=\"https:\/\/www.facebook.com\/buletin.de.buc\" \/>\n<meta property=\"article:published_time\" content=\"2025-09-25T16:50:35+00:00\" \/>\n<meta property=\"article:modified_time\" content=\"2025-09-25T16:50:36+00:00\" \/>\n<meta property=\"og:image\" content=\"https:\/\/buletin.de\/bucuresti\/wp-content\/uploads\/2025\/09\/concedii-medicale-1.jpg\" \/>\n\t<meta property=\"og:image:width\" content=\"1200\" \/>\n\t<meta property=\"og:image:height\" content=\"800\" \/>\n\t<meta property=\"og:image:type\" content=\"image\/jpeg\" \/>\n<meta name=\"author\" content=\"Diana Matei\" \/>\n<meta name=\"twitter:card\" content=\"summary_large_image\" \/>\n<meta name=\"twitter:label1\" content=\"Written by\" \/>\n\t<meta name=\"twitter:data1\" content=\"Diana Matei\" \/>\n\t<meta name=\"twitter:label2\" content=\"Estimated reading time\" \/>\n\t<meta name=\"twitter:data2\" content=\"2 minutes\" \/>\n<script type=\"application\/ld+json\" class=\"yoast-schema-graph\">{\"@context\":\"https:\\\/\\\/schema.org\",\"@graph\":[{\"@type\":\"Article\",\"@id\":\"https:\\\/\\\/buletin.de\\\/bucuresti\\\/primaria-sectorului-2-sesizeaza-colegiul-medicilor-dupa-ce-a-primit-intr-o-luna-cereri-pentru-1-142-de-zile-de-concediu-medical-de-la-angajati-costurile-s-ar-ridica-la-aproape-250-000-de-lei\\\/#article\",\"isPartOf\":{\"@id\":\"https:\\\/\\\/buletin.de\\\/bucuresti\\\/primaria-sectorului-2-sesizeaza-colegiul-medicilor-dupa-ce-a-primit-intr-o-luna-cereri-pentru-1-142-de-zile-de-concediu-medical-de-la-angajati-costurile-s-ar-ridica-la-aproape-250-000-de-lei\\\/\"},\"author\":{\"name\":\"Diana Matei\",\"@id\":\"https:\\\/\\\/buletin.de\\\/bucuresti\\\/#\\\/schema\\\/person\\\/7e46040573290777280a0835d81ea4ea\"},\"headline\":\"Prim\u0103ria Sectorului 2 sesizeaz\u0103 Colegiul Medicilor dup\u0103 ce a primit, \u00eentr-o lun\u0103, cereri pentru 1.142 de zile de concediu medical de la angaja\u021bi. Costurile s-ar ridica la aproape 250.000 de lei\",\"datePublished\":\"2025-09-25T16:50:35+00:00\",\"dateModified\":\"2025-09-25T16:50:36+00:00\",\"mainEntityOfPage\":{\"@id\":\"https:\\\/\\\/buletin.de\\\/bucuresti\\\/primaria-sectorului-2-sesizeaza-colegiul-medicilor-dupa-ce-a-primit-intr-o-luna-cereri-pentru-1-142-de-zile-de-concediu-medical-de-la-angajati-costurile-s-ar-ridica-la-aproape-250-000-de-lei\\\/\"},\"wordCount\":386,\"publisher\":{\"@id\":\"https:\\\/\\\/buletin.de\\\/bucuresti\\\/#organization\"},\"image\":{\"@id\":\"https:\\\/\\\/buletin.de\\\/bucuresti\\\/primaria-sectorului-2-sesizeaza-colegiul-medicilor-dupa-ce-a-primit-intr-o-luna-cereri-pentru-1-142-de-zile-de-concediu-medical-de-la-angajati-costurile-s-ar-ridica-la-aproape-250-000-de-lei\\\/#primaryimage\"},\"thumbnailUrl\":\"https:\\\/\\\/buletin.de\\\/bucuresti\\\/wp-content\\\/uploads\\\/2025\\\/09\\\/concedii-medicale-1.jpg\",\"keywords\":[\"colegiul medicilor\",\"concedii medicale\",\"primaria sector 2\"],\"articleSection\":[\"Articole\",\"Featured\",\"Prim\u0103rie\"],\"inLanguage\":\"en-GB\",\"copyrightYear\":\"2025\",\"copyrightHolder\":{\"@id\":\"https:\\\/\\\/buletin.de\\\/bucuresti\\\/#organization\"}},{\"@type\":\"WebPage\",\"@id\":\"https:\\\/\\\/buletin.de\\\/bucuresti\\\/primaria-sectorului-2-sesizeaza-colegiul-medicilor-dupa-ce-a-primit-intr-o-luna-cereri-pentru-1-142-de-zile-de-concediu-medical-de-la-angajati-costurile-s-ar-ridica-la-aproape-250-000-de-lei\\\/\",\"url\":\"https:\\\/\\\/buletin.de\\\/bucuresti\\\/primaria-sectorului-2-sesizeaza-colegiul-medicilor-dupa-ce-a-primit-intr-o-luna-cereri-pentru-1-142-de-zile-de-concediu-medical-de-la-angajati-costurile-s-ar-ridica-la-aproape-250-000-de-lei\\\/\",\"name\":\"Prim\u0103ria Sectorului 2 sesizeaz\u0103 Colegiul Medicilor dup\u0103 ce a primit, \u00eentr-o lun\u0103, cereri pentru 1.142 de zile de concediu medical de la angaja\u021bi. Costurile s-ar ridica la aproape 250.000 de lei - Buletin de Bucure\u0219ti\",\"isPartOf\":{\"@id\":\"https:\\\/\\\/buletin.de\\\/bucuresti\\\/#website\"},\"primaryImageOfPage\":{\"@id\":\"https:\\\/\\\/buletin.de\\\/bucuresti\\\/primaria-sectorului-2-sesizeaza-colegiul-medicilor-dupa-ce-a-primit-intr-o-luna-cereri-pentru-1-142-de-zile-de-concediu-medical-de-la-angajati-costurile-s-ar-ridica-la-aproape-250-000-de-lei\\\/#primaryimage\"},\"image\":{\"@id\":\"https:\\\/\\\/buletin.de\\\/bucuresti\\\/primaria-sectorului-2-sesizeaza-colegiul-medicilor-dupa-ce-a-primit-intr-o-luna-cereri-pentru-1-142-de-zile-de-concediu-medical-de-la-angajati-costurile-s-ar-ridica-la-aproape-250-000-de-lei\\\/#primaryimage\"},\"thumbnailUrl\":\"https:\\\/\\\/buletin.de\\\/bucuresti\\\/wp-content\\\/uploads\\\/2025\\\/09\\\/concedii-medicale-1.jpg\",\"datePublished\":\"2025-09-25T16:50:35+00:00\",\"dateModified\":\"2025-09-25T16:50:36+00:00\",\"description\":\"Prim\u0103ria Sectorului 2 sesizeaz\u0103 Colegiul Medicilor pentru cre\u0219terea cu 50% a concediilor medicale, dup\u0103 reorganizarea institu\u021biei.\",\"breadcrumb\":{\"@id\":\"https:\\\/\\\/buletin.de\\\/bucuresti\\\/primaria-sectorului-2-sesizeaza-colegiul-medicilor-dupa-ce-a-primit-intr-o-luna-cereri-pentru-1-142-de-zile-de-concediu-medical-de-la-angajati-costurile-s-ar-ridica-la-aproape-250-000-de-lei\\\/#breadcrumb\"},\"inLanguage\":\"en-GB\",\"potentialAction\":[{\"@type\":\"ReadAction\",\"target\":[\"https:\\\/\\\/buletin.de\\\/bucuresti\\\/primaria-sectorului-2-sesizeaza-colegiul-medicilor-dupa-ce-a-primit-intr-o-luna-cereri-pentru-1-142-de-zile-de-concediu-medical-de-la-angajati-costurile-s-ar-ridica-la-aproape-250-000-de-lei\\\/\"]}]},{\"@type\":\"ImageObject\",\"inLanguage\":\"en-GB\",\"@id\":\"https:\\\/\\\/buletin.de\\\/bucuresti\\\/primaria-sectorului-2-sesizeaza-colegiul-medicilor-dupa-ce-a-primit-intr-o-luna-cereri-pentru-1-142-de-zile-de-concediu-medical-de-la-angajati-costurile-s-ar-ridica-la-aproape-250-000-de-lei\\\/#primaryimage\",\"url\":\"https:\\\/\\\/buletin.de\\\/bucuresti\\\/wp-content\\\/uploads\\\/2025\\\/09\\\/concedii-medicale-1.jpg\",\"contentUrl\":\"https:\\\/\\\/buletin.de\\\/bucuresti\\\/wp-content\\\/uploads\\\/2025\\\/09\\\/concedii-medicale-1.jpg\",\"width\":1200,\"height\":800,\"caption\":\"Sector 2 | Prim\u0103ria sesizeaz\u0103 Colegiul Medicilor. Concediile medicale au costat institu\u021bia, aflat\u0103 \u00een proces de reorganizare, aproape 250.000 de lei. FOTO: gds.ro\"},{\"@type\":\"BreadcrumbList\",\"@id\":\"https:\\\/\\\/buletin.de\\\/bucuresti\\\/primaria-sectorului-2-sesizeaza-colegiul-medicilor-dupa-ce-a-primit-intr-o-luna-cereri-pentru-1-142-de-zile-de-concediu-medical-de-la-angajati-costurile-s-ar-ridica-la-aproape-250-000-de-lei\\\/#breadcrumb\",\"itemListElement\":[{\"@type\":\"ListItem\",\"position\":1,\"name\":\"Acas\u0103\",\"item\":\"https:\\\/\\\/buletin.de\\\/bucuresti\\\/\"},{\"@type\":\"ListItem\",\"position\":2,\"name\":\"Prim\u0103ria Sectorului 2 sesizeaz\u0103 Colegiul Medicilor dup\u0103 ce a primit, \u00eentr-o lun\u0103, cereri pentru 1.142 de zile de concediu medical de la angaja\u021bi. Costurile s-ar ridica la aproape 250.000 de lei\"}]},{\"@type\":\"WebSite\",\"@id\":\"https:\\\/\\\/buletin.de\\\/bucuresti\\\/#website\",\"url\":\"https:\\\/\\\/buletin.de\\\/bucuresti\\\/\",\"name\":\"Buletin de Bucure\u0219ti\",\"description\":\"\u0218tiri \u0219i investiga\u021bii esen\u021biale din capital\u0103\",\"publisher\":{\"@id\":\"https:\\\/\\\/buletin.de\\\/bucuresti\\\/#organization\"},\"potentialAction\":[{\"@type\":\"SearchAction\",\"target\":{\"@type\":\"EntryPoint\",\"urlTemplate\":\"https:\\\/\\\/buletin.de\\\/bucuresti\\\/?s={search_term_string}\"},\"query-input\":{\"@type\":\"PropertyValueSpecification\",\"valueRequired\":true,\"valueName\":\"search_term_string\"}}],\"inLanguage\":\"en-GB\"},{\"@type\":\"Organization\",\"@id\":\"https:\\\/\\\/buletin.de\\\/bucuresti\\\/#organization\",\"name\":\"Buletin de Bucure\u0219ti\",\"url\":\"https:\\\/\\\/buletin.de\\\/bucuresti\\\/\",\"logo\":{\"@type\":\"ImageObject\",\"inLanguage\":\"en-GB\",\"@id\":\"https:\\\/\\\/buletin.de\\\/bucuresti\\\/#\\\/schema\\\/logo\\\/image\\\/\",\"url\":\"https:\\\/\\\/buletin.de\\\/bucuresti\\\/wp-content\\\/uploads\\\/logo-bdb-full-wide-vernil-transparent.png\",\"contentUrl\":\"https:\\\/\\\/buletin.de\\\/bucuresti\\\/wp-content\\\/uploads\\\/logo-bdb-full-wide-vernil-transparent.png\",\"width\":1782,\"height\":626,\"caption\":\"Buletin de Bucure\u0219ti\"},\"image\":{\"@id\":\"https:\\\/\\\/buletin.de\\\/bucuresti\\\/#\\\/schema\\\/logo\\\/image\\\/\"},\"sameAs\":[\"https:\\\/\\\/www.facebook.com\\\/buletin.de.buc\",\"https:\\\/\\\/www.instagram.com\\\/buletinde.bucuresti\\\/\"]},{\"@type\":\"Person\",\"@id\":\"https:\\\/\\\/buletin.de\\\/bucuresti\\\/#\\\/schema\\\/person\\\/7e46040573290777280a0835d81ea4ea\",\"name\":\"Diana Matei\",\"image\":{\"@type\":\"ImageObject\",\"inLanguage\":\"en-GB\",\"@id\":\"https:\\\/\\\/buletin.de\\\/bucuresti\\\/wp-content\\\/uploads\\\/9-2-96x96.jpg1e8590b30871d70e62ebcdaf2eff570c\",\"url\":\"https:\\\/\\\/buletin.de\\\/bucuresti\\\/wp-content\\\/uploads\\\/9-2-96x96.jpg\",\"contentUrl\":\"https:\\\/\\\/buletin.de\\\/bucuresti\\\/wp-content\\\/uploads\\\/9-2-96x96.jpg\",\"caption\":\"Diana Matei\"},\"url\":\"https:\\\/\\\/buletin.de\\\/bucuresti\\\/author\\\/dianamatei\\\/\"}]}<\/script>\n<!-- \/ Yoast SEO Premium plugin. -->","yoast_head_json":{"title":"Prim\u0103ria Sectorului 2 sesizeaz\u0103 Colegiul Medicilor dup\u0103 ce a primit, \u00eentr-o lun\u0103, cereri pentru 1.142 de zile de concediu medical de la angaja\u021bi. Costurile s-ar ridica la aproape 250.000 de lei - Buletin de Bucure\u0219ti","description":"Prim\u0103ria Sectorului 2 sesizeaz\u0103 Colegiul Medicilor pentru cre\u0219terea cu 50% a concediilor medicale, dup\u0103 reorganizarea institu\u021biei.","robots":{"index":"index","follow":"follow","max-snippet":"max-snippet:-1","max-image-preview":"max-image-preview:large","max-video-preview":"max-video-preview:-1"},"canonical":"https:\/\/buletin.de\/bucuresti\/primaria-sectorului-2-sesizeaza-colegiul-medicilor-dupa-ce-a-primit-intr-o-luna-cereri-pentru-1-142-de-zile-de-concediu-medical-de-la-angajati-costurile-s-ar-ridica-la-aproape-250-000-de-lei\/","og_locale":"en_GB","og_type":"article","og_title":"Prim\u0103ria Sectorului 2 sesizeaz\u0103 Colegiul Medicilor dup\u0103 ce a primit, \u00eentr-o lun\u0103, cereri pentru 1.142 de zile de concediu medical de la angaja\u021bi. Costurile s-ar ridica la aproape 250.000 de lei","og_description":"Prim\u0103ria Sectorului 2 sesizeaz\u0103 Colegiul Medicilor pentru cre\u0219terea cu 50% a concediilor medicale, dup\u0103 reorganizarea institu\u021biei.","og_url":"https:\/\/buletin.de\/bucuresti\/primaria-sectorului-2-sesizeaza-colegiul-medicilor-dupa-ce-a-primit-intr-o-luna-cereri-pentru-1-142-de-zile-de-concediu-medical-de-la-angajati-costurile-s-ar-ridica-la-aproape-250-000-de-lei\/","og_site_name":"Buletin de Bucure\u0219ti","article_publisher":"https:\/\/www.facebook.com\/buletin.de.buc","article_published_time":"2025-09-25T16:50:35+00:00","article_modified_time":"2025-09-25T16:50:36+00:00","og_image":[{"width":1200,"height":800,"url":"https:\/\/buletin.de\/bucuresti\/wp-content\/uploads\/2025\/09\/concedii-medicale-1.jpg","type":"image\/jpeg"}],"author":"Diana Matei","twitter_card":"summary_large_image","twitter_misc":{"Written by":"Diana Matei","Estimated reading time":"2 minutes"},"schema":{"@context":"https:\/\/schema.org","@graph":[{"@type":"Article","@id":"https:\/\/buletin.de\/bucuresti\/primaria-sectorului-2-sesizeaza-colegiul-medicilor-dupa-ce-a-primit-intr-o-luna-cereri-pentru-1-142-de-zile-de-concediu-medical-de-la-angajati-costurile-s-ar-ridica-la-aproape-250-000-de-lei\/#article","isPartOf":{"@id":"https:\/\/buletin.de\/bucuresti\/primaria-sectorului-2-sesizeaza-colegiul-medicilor-dupa-ce-a-primit-intr-o-luna-cereri-pentru-1-142-de-zile-de-concediu-medical-de-la-angajati-costurile-s-ar-ridica-la-aproape-250-000-de-lei\/"},"author":{"name":"Diana Matei","@id":"https:\/\/buletin.de\/bucuresti\/#\/schema\/person\/7e46040573290777280a0835d81ea4ea"},"headline":"Prim\u0103ria Sectorului 2 sesizeaz\u0103 Colegiul Medicilor dup\u0103 ce a primit, \u00eentr-o lun\u0103, cereri pentru 1.142 de zile de concediu medical de la angaja\u021bi. Costurile s-ar ridica la aproape 250.000 de lei","datePublished":"2025-09-25T16:50:35+00:00","dateModified":"2025-09-25T16:50:36+00:00","mainEntityOfPage":{"@id":"https:\/\/buletin.de\/bucuresti\/primaria-sectorului-2-sesizeaza-colegiul-medicilor-dupa-ce-a-primit-intr-o-luna-cereri-pentru-1-142-de-zile-de-concediu-medical-de-la-angajati-costurile-s-ar-ridica-la-aproape-250-000-de-lei\/"},"wordCount":386,"publisher":{"@id":"https:\/\/buletin.de\/bucuresti\/#organization"},"image":{"@id":"https:\/\/buletin.de\/bucuresti\/primaria-sectorului-2-sesizeaza-colegiul-medicilor-dupa-ce-a-primit-intr-o-luna-cereri-pentru-1-142-de-zile-de-concediu-medical-de-la-angajati-costurile-s-ar-ridica-la-aproape-250-000-de-lei\/#primaryimage"},"thumbnailUrl":"https:\/\/buletin.de\/bucuresti\/wp-content\/uploads\/2025\/09\/concedii-medicale-1.jpg","keywords":["colegiul medicilor","concedii medicale","primaria sector 2"],"articleSection":["Articole","Featured","Prim\u0103rie"],"inLanguage":"en-GB","copyrightYear":"2025","copyrightHolder":{"@id":"https:\/\/buletin.de\/bucuresti\/#organization"}},{"@type":"WebPage","@id":"https:\/\/buletin.de\/bucuresti\/primaria-sectorului-2-sesizeaza-colegiul-medicilor-dupa-ce-a-primit-intr-o-luna-cereri-pentru-1-142-de-zile-de-concediu-medical-de-la-angajati-costurile-s-ar-ridica-la-aproape-250-000-de-lei\/","url":"https:\/\/buletin.de\/bucuresti\/primaria-sectorului-2-sesizeaza-colegiul-medicilor-dupa-ce-a-primit-intr-o-luna-cereri-pentru-1-142-de-zile-de-concediu-medical-de-la-angajati-costurile-s-ar-ridica-la-aproape-250-000-de-lei\/","name":"Prim\u0103ria Sectorului 2 sesizeaz\u0103 Colegiul Medicilor dup\u0103 ce a primit, \u00eentr-o lun\u0103, cereri pentru 1.142 de zile de concediu medical de la angaja\u021bi. Costurile s-ar ridica la aproape 250.000 de lei - Buletin de Bucure\u0219ti","isPartOf":{"@id":"https:\/\/buletin.de\/bucuresti\/#website"},"primaryImageOfPage":{"@id":"https:\/\/buletin.de\/bucuresti\/primaria-sectorului-2-sesizeaza-colegiul-medicilor-dupa-ce-a-primit-intr-o-luna-cereri-pentru-1-142-de-zile-de-concediu-medical-de-la-angajati-costurile-s-ar-ridica-la-aproape-250-000-de-lei\/#primaryimage"},"image":{"@id":"https:\/\/buletin.de\/bucuresti\/primaria-sectorului-2-sesizeaza-colegiul-medicilor-dupa-ce-a-primit-intr-o-luna-cereri-pentru-1-142-de-zile-de-concediu-medical-de-la-angajati-costurile-s-ar-ridica-la-aproape-250-000-de-lei\/#primaryimage"},"thumbnailUrl":"https:\/\/buletin.de\/bucuresti\/wp-content\/uploads\/2025\/09\/concedii-medicale-1.jpg","datePublished":"2025-09-25T16:50:35+00:00","dateModified":"2025-09-25T16:50:36+00:00","description":"Prim\u0103ria Sectorului 2 sesizeaz\u0103 Colegiul Medicilor pentru cre\u0219terea cu 50% a concediilor medicale, dup\u0103 reorganizarea institu\u021biei.","breadcrumb":{"@id":"https:\/\/buletin.de\/bucuresti\/primaria-sectorului-2-sesizeaza-colegiul-medicilor-dupa-ce-a-primit-intr-o-luna-cereri-pentru-1-142-de-zile-de-concediu-medical-de-la-angajati-costurile-s-ar-ridica-la-aproape-250-000-de-lei\/#breadcrumb"},"inLanguage":"en-GB","potentialAction":[{"@type":"ReadAction","target":["https:\/\/buletin.de\/bucuresti\/primaria-sectorului-2-sesizeaza-colegiul-medicilor-dupa-ce-a-primit-intr-o-luna-cereri-pentru-1-142-de-zile-de-concediu-medical-de-la-angajati-costurile-s-ar-ridica-la-aproape-250-000-de-lei\/"]}]},{"@type":"ImageObject","inLanguage":"en-GB","@id":"https:\/\/buletin.de\/bucuresti\/primaria-sectorului-2-sesizeaza-colegiul-medicilor-dupa-ce-a-primit-intr-o-luna-cereri-pentru-1-142-de-zile-de-concediu-medical-de-la-angajati-costurile-s-ar-ridica-la-aproape-250-000-de-lei\/#primaryimage","url":"https:\/\/buletin.de\/bucuresti\/wp-content\/uploads\/2025\/09\/concedii-medicale-1.jpg","contentUrl":"https:\/\/buletin.de\/bucuresti\/wp-content\/uploads\/2025\/09\/concedii-medicale-1.jpg","width":1200,"height":800,"caption":"Sector 2 | Prim\u0103ria sesizeaz\u0103 Colegiul Medicilor. Concediile medicale au costat institu\u021bia, aflat\u0103 \u00een proces de reorganizare, aproape 250.000 de lei. FOTO: gds.ro"},{"@type":"BreadcrumbList","@id":"https:\/\/buletin.de\/bucuresti\/primaria-sectorului-2-sesizeaza-colegiul-medicilor-dupa-ce-a-primit-intr-o-luna-cereri-pentru-1-142-de-zile-de-concediu-medical-de-la-angajati-costurile-s-ar-ridica-la-aproape-250-000-de-lei\/#breadcrumb","itemListElement":[{"@type":"ListItem","position":1,"name":"Acas\u0103","item":"https:\/\/buletin.de\/bucuresti\/"},{"@type":"ListItem","position":2,"name":"Prim\u0103ria Sectorului 2 sesizeaz\u0103 Colegiul Medicilor dup\u0103 ce a primit, \u00eentr-o lun\u0103, cereri pentru 1.142 de zile de concediu medical de la angaja\u021bi. Costurile s-ar ridica la aproape 250.000 de lei"}]},{"@type":"WebSite","@id":"https:\/\/buletin.de\/bucuresti\/#website","url":"https:\/\/buletin.de\/bucuresti\/","name":"Buletin de Bucure\u0219ti","description":"\u0218tiri \u0219i investiga\u021bii esen\u021biale din capital\u0103","publisher":{"@id":"https:\/\/buletin.de\/bucuresti\/#organization"},"potentialAction":[{"@type":"SearchAction","target":{"@type":"EntryPoint","urlTemplate":"https:\/\/buletin.de\/bucuresti\/?s={search_term_string}"},"query-input":{"@type":"PropertyValueSpecification","valueRequired":true,"valueName":"search_term_string"}}],"inLanguage":"en-GB"},{"@type":"Organization","@id":"https:\/\/buletin.de\/bucuresti\/#organization","name":"Buletin de Bucure\u0219ti","url":"https:\/\/buletin.de\/bucuresti\/","logo":{"@type":"ImageObject","inLanguage":"en-GB","@id":"https:\/\/buletin.de\/bucuresti\/#\/schema\/logo\/image\/","url":"https:\/\/buletin.de\/bucuresti\/wp-content\/uploads\/logo-bdb-full-wide-vernil-transparent.png","contentUrl":"https:\/\/buletin.de\/bucuresti\/wp-content\/uploads\/logo-bdb-full-wide-vernil-transparent.png","width":1782,"height":626,"caption":"Buletin de Bucure\u0219ti"},"image":{"@id":"https:\/\/buletin.de\/bucuresti\/#\/schema\/logo\/image\/"},"sameAs":["https:\/\/www.facebook.com\/buletin.de.buc","https:\/\/www.instagram.com\/buletinde.bucuresti\/"]},{"@type":"Person","@id":"https:\/\/buletin.de\/bucuresti\/#\/schema\/person\/7e46040573290777280a0835d81ea4ea","name":"Diana Matei","image":{"@type":"ImageObject","inLanguage":"en-GB","@id":"https:\/\/buletin.de\/bucuresti\/wp-content\/uploads\/9-2-96x96.jpg1e8590b30871d70e62ebcdaf2eff570c","url":"https:\/\/buletin.de\/bucuresti\/wp-content\/uploads\/9-2-96x96.jpg","contentUrl":"https:\/\/buletin.de\/bucuresti\/wp-content\/uploads\/9-2-96x96.jpg","caption":"Diana Matei"},"url":"https:\/\/buletin.de\/bucuresti\/author\/dianamatei\/"}]}},"authors":[{"term_id":22574,"user_id":49,"is_guest":0,"slug":"dianamatei","display_name":"Diana Matei","avatar_url":"https:\/\/buletin.de\/bucuresti\/wp-content\/uploads\/9-2-96x96.jpg","0":null,"1":"","2":"","3":"","4":"","5":"","6":"","7":"","8":""}],"_links":{"self":[{"href":"https:\/\/buletin.de\/bucuresti\/wp-json\/wp\/v2\/posts\/149427","targetHints":{"allow":["GET"]}}],"collection":[{"href":"https:\/\/buletin.de\/bucuresti\/wp-json\/wp\/v2\/posts"}],"about":[{"href":"https:\/\/buletin.de\/bucuresti\/wp-json\/wp\/v2\/types\/post"}],"author":[{"embeddable":true,"href":"https:\/\/buletin.de\/bucuresti\/wp-json\/wp\/v2\/users\/49"}],"replies":[{"embeddable":true,"href":"https:\/\/buletin.de\/bucuresti\/wp-json\/wp\/v2\/comments?post=149427"}],"version-history":[{"count":3,"href":"https:\/\/buletin.de\/bucuresti\/wp-json\/wp\/v2\/posts\/149427\/revisions"}],"predecessor-version":[{"id":149438,"href":"https:\/\/buletin.de\/bucuresti\/wp-json\/wp\/v2\/posts\/149427\/revisions\/149438"}],"wp:featuredmedia":[{"embeddable":true,"href":"https:\/\/buletin.de\/bucuresti\/wp-json\/wp\/v2\/media\/149432"}],"wp:attachment":[{"href":"https:\/\/buletin.de\/bucuresti\/wp-json\/wp\/v2\/media?parent=149427"}],"wp:term":[{"taxonomy":"category","embeddable":true,"href":"https:\/\/buletin.de\/bucuresti\/wp-json\/wp\/v2\/categories?post=149427"},{"taxonomy":"post_tag","embeddable":true,"href":"https:\/\/buletin.de\/bucuresti\/wp-json\/wp\/v2\/tags?post=149427"},{"taxonomy":"author","embeddable":true,"href":"https:\/\/buletin.de\/bucuresti\/wp-json\/wp\/v2\/ppma_author?post=149427"}],"curies":[{"name":"wp","href":"https:\/\/api.w.org\/{rel}","templated":true}]}}