{"id":148906,"date":"2025-09-23T08:26:43","date_gmt":"2025-09-23T05:26:43","guid":{"rendered":"https:\/\/buletin.de\/bucuresti\/?p=148906"},"modified":"2025-09-23T10:41:16","modified_gmt":"2025-09-23T07:41:16","slug":"consiliul-judetean-ilfov-a-semnat-un-contract-de-finantare-pentru-proiectul-centru-multifunctional-pentru-copii-cernica","status":"publish","type":"post","link":"https:\/\/buletin.de\/bucuresti\/consiliul-judetean-ilfov-a-semnat-un-contract-de-finantare-pentru-proiectul-centru-multifunctional-pentru-copii-cernica\/","title":{"rendered":"ILFOV | Primul centru multifunc\u021bional la Cernica, destinat copiilor defavoriza\u021bi"},"content":{"rendered":"\n<p><strong>Consiliul Jude\u021bean Ilfov a semnat un contract de finan\u021bare pentru primul centru multifunc\u021bional la Cernica, destinat copiiilor vulnerabili. Construc\u021bia centrului va fi gata \u00een 16 luni, iar valoarea total\u0103 a proiectului este de aproape 22 milioane lei, bani europeni.<\/strong><\/p>\n\n\n\n<p>Scopul acestui centru multifunc\u021bional, <a href=\"https:\/\/www.facebook.com\/CJIlfov\">potrivit CJ Ilfov<\/a>, este de sprijin \u0219i servicii dedicate copiilor \u00eencadra\u021bi \u00een categoriile vulnerabile, proveni\u021bi din zone izolate sau dezavantajate.<\/p>\n\n\n\n<h2 class=\"wp-block-heading\" id=\"h-primul-centru-multifunc\u021bional-la-cernica-va-avea-o-suprafa\u021ba-de-1-500-mp\">Primul centru multifunc\u021bional la Cernica va avea o suprafa\u021b\u0103 de 1.500 mp<\/h2>\n\n\n\n<p>Centrul va include;<\/p>\n\n\n\n<ul class=\"wp-block-list\">\n<li>s\u0103li de sport \u0219i fitness:<\/li>\n\n\n\n<li>spa\u021bii pentru consiliere:<\/li>\n\n\n\n<li>terapie \u0219i educa\u021bie:<\/li>\n\n\n\n<li>bibliotec\u0103:<\/li>\n\n\n\n<li>mediatec\u0103:<\/li>\n\n\n\n<li>cabinet medical.<\/li>\n<\/ul>\n\n\n\n<figure class=\"wp-block-gallery has-nested-images columns-default is-cropped wp-block-gallery-1 is-layout-flex wp-block-gallery-is-layout-flex\">\n<figure class=\"wp-block-image size-large\"><img fetchpriority=\"high\" decoding=\"async\" width=\"1000\" height=\"563\" data-id=\"148912\" src=\"data:image\/gif;base64,R0lGODlhAQABAAAAACH5BAEKAAEALAAAAAABAAEAAAICTAEAOw==\" data-src=\"https:\/\/buletin.de\/bucuresti\/wp-content\/uploads\/2025\/09\/547121560_1195243545973841_8738832003999604343_n-2-1000x563.jpg\" alt=\"centru multifunc\u021bional la Cernica\" class=\"wp-image-148912 lazyload\" data-sizes=\"auto\" data-srcset=\"https:\/\/buletin.de\/bucuresti\/wp-content\/uploads\/2025\/09\/547121560_1195243545973841_8738832003999604343_n-2-1000x563.jpg 1000w, https:\/\/buletin.de\/bucuresti\/wp-content\/uploads\/2025\/09\/547121560_1195243545973841_8738832003999604343_n-2-300x169.jpg 300w, https:\/\/buletin.de\/bucuresti\/wp-content\/uploads\/2025\/09\/547121560_1195243545973841_8738832003999604343_n-2-768x432.jpg 768w, https:\/\/buletin.de\/bucuresti\/wp-content\/uploads\/2025\/09\/547121560_1195243545973841_8738832003999604343_n-2-1100x619.jpg 1100w, https:\/\/buletin.de\/bucuresti\/wp-content\/uploads\/2025\/09\/547121560_1195243545973841_8738832003999604343_n-2-600x338.jpg 600w, https:\/\/buletin.de\/bucuresti\/wp-content\/uploads\/2025\/09\/547121560_1195243545973841_8738832003999604343_n-2-20x11.jpg 20w, https:\/\/buletin.de\/bucuresti\/wp-content\/uploads\/2025\/09\/547121560_1195243545973841_8738832003999604343_n-2.jpg 1280w\" sizes=\"(max-width: 1000px) 100vw, 1000px\" \/><\/figure>\n\n\n\n<figure class=\"wp-block-image size-large\"><img decoding=\"async\" width=\"1000\" height=\"563\" data-id=\"148911\" src=\"data:image\/gif;base64,R0lGODlhAQABAAAAACH5BAEKAAEALAAAAAABAAEAAAICTAEAOw==\" data-src=\"https:\/\/buletin.de\/bucuresti\/wp-content\/uploads\/2025\/09\/548556756_1195243569307172_6083829423449883768_n-1-1000x563.jpg\" alt=\"\" class=\"wp-image-148911 lazyload\" data-sizes=\"auto\" data-srcset=\"https:\/\/buletin.de\/bucuresti\/wp-content\/uploads\/2025\/09\/548556756_1195243569307172_6083829423449883768_n-1-1000x563.jpg 1000w, https:\/\/buletin.de\/bucuresti\/wp-content\/uploads\/2025\/09\/548556756_1195243569307172_6083829423449883768_n-1-300x169.jpg 300w, https:\/\/buletin.de\/bucuresti\/wp-content\/uploads\/2025\/09\/548556756_1195243569307172_6083829423449883768_n-1-768x432.jpg 768w, https:\/\/buletin.de\/bucuresti\/wp-content\/uploads\/2025\/09\/548556756_1195243569307172_6083829423449883768_n-1-1100x619.jpg 1100w, https:\/\/buletin.de\/bucuresti\/wp-content\/uploads\/2025\/09\/548556756_1195243569307172_6083829423449883768_n-1-600x338.jpg 600w, https:\/\/buletin.de\/bucuresti\/wp-content\/uploads\/2025\/09\/548556756_1195243569307172_6083829423449883768_n-1-20x11.jpg 20w, https:\/\/buletin.de\/bucuresti\/wp-content\/uploads\/2025\/09\/548556756_1195243569307172_6083829423449883768_n-1.jpg 1280w\" sizes=\"(max-width: 1000px) 100vw, 1000px\" \/><\/figure>\n\n\n\n<figure class=\"wp-block-image size-large\"><img decoding=\"async\" width=\"1000\" height=\"563\" data-id=\"148913\" src=\"data:image\/gif;base64,R0lGODlhAQABAAAAACH5BAEKAAEALAAAAAABAAEAAAICTAEAOw==\" data-src=\"https:\/\/buletin.de\/bucuresti\/wp-content\/uploads\/2025\/09\/548338534_1195243572640505_8454404503422815429_n-1-1000x563.jpg\" alt=\"centru multifunc\u021bional la Cernica\" class=\"wp-image-148913 lazyload\" data-sizes=\"auto\" data-srcset=\"https:\/\/buletin.de\/bucuresti\/wp-content\/uploads\/2025\/09\/548338534_1195243572640505_8454404503422815429_n-1-1000x563.jpg 1000w, https:\/\/buletin.de\/bucuresti\/wp-content\/uploads\/2025\/09\/548338534_1195243572640505_8454404503422815429_n-1-300x169.jpg 300w, https:\/\/buletin.de\/bucuresti\/wp-content\/uploads\/2025\/09\/548338534_1195243572640505_8454404503422815429_n-1-768x432.jpg 768w, https:\/\/buletin.de\/bucuresti\/wp-content\/uploads\/2025\/09\/548338534_1195243572640505_8454404503422815429_n-1-1100x619.jpg 1100w, https:\/\/buletin.de\/bucuresti\/wp-content\/uploads\/2025\/09\/548338534_1195243572640505_8454404503422815429_n-1-600x338.jpg 600w, https:\/\/buletin.de\/bucuresti\/wp-content\/uploads\/2025\/09\/548338534_1195243572640505_8454404503422815429_n-1-20x11.jpg 20w, https:\/\/buletin.de\/bucuresti\/wp-content\/uploads\/2025\/09\/548338534_1195243572640505_8454404503422815429_n-1.jpg 1280w\" sizes=\"(max-width: 1000px) 100vw, 1000px\" \/><\/figure>\n\n\n\n<figure class=\"wp-block-image size-large\"><img loading=\"lazy\" decoding=\"async\" width=\"1000\" height=\"563\" data-id=\"148915\" src=\"data:image\/gif;base64,R0lGODlhAQABAAAAACH5BAEKAAEALAAAAAABAAEAAAICTAEAOw==\" data-src=\"https:\/\/buletin.de\/bucuresti\/wp-content\/uploads\/2025\/09\/547271381_1195243595973836_935654244050315740_n-1-1000x563.jpg\" alt=\"centru multifunc\u021bional la Cernica\" class=\"wp-image-148915 lazyload\" data-sizes=\"auto\" data-srcset=\"https:\/\/buletin.de\/bucuresti\/wp-content\/uploads\/2025\/09\/547271381_1195243595973836_935654244050315740_n-1-1000x563.jpg 1000w, https:\/\/buletin.de\/bucuresti\/wp-content\/uploads\/2025\/09\/547271381_1195243595973836_935654244050315740_n-1-300x169.jpg 300w, https:\/\/buletin.de\/bucuresti\/wp-content\/uploads\/2025\/09\/547271381_1195243595973836_935654244050315740_n-1-768x432.jpg 768w, https:\/\/buletin.de\/bucuresti\/wp-content\/uploads\/2025\/09\/547271381_1195243595973836_935654244050315740_n-1-1536x864.jpg 1536w, https:\/\/buletin.de\/bucuresti\/wp-content\/uploads\/2025\/09\/547271381_1195243595973836_935654244050315740_n-1-1100x619.jpg 1100w, https:\/\/buletin.de\/bucuresti\/wp-content\/uploads\/2025\/09\/547271381_1195243595973836_935654244050315740_n-1-600x338.jpg 600w, https:\/\/buletin.de\/bucuresti\/wp-content\/uploads\/2025\/09\/547271381_1195243595973836_935654244050315740_n-1-20x11.jpg 20w, https:\/\/buletin.de\/bucuresti\/wp-content\/uploads\/2025\/09\/547271381_1195243595973836_935654244050315740_n-1.jpg 1600w\" sizes=\"(max-width: 1000px) 100vw, 1000px\" \/><\/figure>\n\n\n\n<figure class=\"wp-block-image size-large\"><img loading=\"lazy\" decoding=\"async\" width=\"1000\" height=\"563\" data-id=\"148914\" src=\"data:image\/gif;base64,R0lGODlhAQABAAAAACH5BAEKAAEALAAAAAABAAEAAAICTAEAOw==\" data-src=\"https:\/\/buletin.de\/bucuresti\/wp-content\/uploads\/2025\/09\/548256918_1195243592640503_3641279363319866931_n-1-1000x563.jpg\" alt=\"\" class=\"wp-image-148914 lazyload\" data-sizes=\"auto\" data-srcset=\"https:\/\/buletin.de\/bucuresti\/wp-content\/uploads\/2025\/09\/548256918_1195243592640503_3641279363319866931_n-1-1000x563.jpg 1000w, https:\/\/buletin.de\/bucuresti\/wp-content\/uploads\/2025\/09\/548256918_1195243592640503_3641279363319866931_n-1-300x169.jpg 300w, https:\/\/buletin.de\/bucuresti\/wp-content\/uploads\/2025\/09\/548256918_1195243592640503_3641279363319866931_n-1-768x432.jpg 768w, https:\/\/buletin.de\/bucuresti\/wp-content\/uploads\/2025\/09\/548256918_1195243592640503_3641279363319866931_n-1-1536x864.jpg 1536w, https:\/\/buletin.de\/bucuresti\/wp-content\/uploads\/2025\/09\/548256918_1195243592640503_3641279363319866931_n-1-1100x619.jpg 1100w, https:\/\/buletin.de\/bucuresti\/wp-content\/uploads\/2025\/09\/548256918_1195243592640503_3641279363319866931_n-1-600x338.jpg 600w, https:\/\/buletin.de\/bucuresti\/wp-content\/uploads\/2025\/09\/548256918_1195243592640503_3641279363319866931_n-1-20x11.jpg 20w, https:\/\/buletin.de\/bucuresti\/wp-content\/uploads\/2025\/09\/548256918_1195243592640503_3641279363319866931_n-1.jpg 1600w\" sizes=\"(max-width: 1000px) 100vw, 1000px\" \/><\/figure>\n<figcaption class=\"blocks-gallery-caption wp-element-caption\">FOTO: CJ Ilfov<\/figcaption><\/figure>\n\n\n\n<p><strong>Infrastructura centrului va permite desf\u0103\u0219urarea unor activit\u0103\u021bi personalizate, adaptate nevoilor fiec\u0103rui copil, urm\u0103rind dezvoltarea echilibrat\u0103, integrarea social\u0103 \u0219i cre\u0219terea performan\u021belor \u0219colare.<\/strong><\/p>\n\n\n\n<p>Proiectul este implementat \u00een parteneriat public-privat, cu Direc\u021bia General\u0103 de Asisten\u021b\u0103 Social\u0103 \u0219i Protec\u021bia Copilului Ilfov \u00een rol de lider \u0219i Federa\u021bia Rom\u00e2n\u0103 de Lupte ca partener, fiind finan\u021bat prin Programul Opera\u021bional Incluziune \u0219i Demnitate Social\u0103 (PoIDS) 2021\u20132027.<\/p>\n\n\n\n<p><strong>CITE\u0218TE \u0218I: <a href=\"https:\/\/buletin.de\/bucuresti\/rares-hopinca-despre-contractul-cu-romsilva-faptul-ca-primaria-sectorului-2-a-ales-un-operator-economic-de-stat-este-un-lucru-pozitiv-care-poate-fi-extins-la-nivelul-mai-multor-autoritati\/\" target=\"_blank\" rel=\"noreferrer noopener\">Rare\u0219 Hopinc\u0103, despre contractul cu Romsilva: \u201eFaptul c\u0103 Prim\u0103ria Sectorului 2 a ales un operator economic de stat este un lucru pozitiv, care poate fi extins la nivelul mai multor autorit\u0103\u021bi&nbsp;publice\u201d<\/a><\/strong><\/p>\n\n\n\n<h2 class=\"wp-block-heading\" id=\"h-\u0219coala-verde-in-comuna-berceni-prin-fonduri-pnnr\">\u201e\u0218coal\u0103 verde\u201d \u00een comuna Berceni, prin fonduri PNNR<\/h2>\n\n\n\n<p><strong>Recent, Consiliul Jude\u021bean Ilfov a anun\u021b\u0103 c\u0103 au \u00eenceput lucr\u0103rile de extindere la \u0218coala Gimnazial\u0103 nr. 1, prima \u201e\u0218coal\u0103 verde\u201d \u00een comuna Berceni. Proiectul, \u00een valoare de 4 milioane de euro, este finan\u021bat prin Programul Na\u021bional de Redresare \u0219i Rezilien\u021b\u0103 (PNRR) \u0219i respect\u0103 standardul nZEB (nearly Zero Energy Building), care impune un consum de energie aproape de zero.<\/strong><\/p>\n\n\n\n<p>Noua \u0219coal\u0103 din Berceni se extinde pe aproape 6.000 de metri p\u0103tra\u021bi. Cl\u0103direa, construit\u0103 pe trei niveluri (parter \u0219i dou\u0103 etaje), va cuprinde 21 de s\u0103li de clas\u0103, trei laboratoare \u0219i un teren de sport.<\/p>\n\n\n\n<figure class=\"wp-block-image\"><img loading=\"lazy\" decoding=\"async\" width=\"1000\" height=\"750\" src=\"data:image\/gif;base64,R0lGODlhAQABAAAAACH5BAEKAAEALAAAAAABAAEAAAICTAEAOw==\" data-src=\"https:\/\/buletin.de\/bucuresti\/wp-content\/uploads\/2025\/09\/547501072_1194424346055761_6882485615750785087_n-1000x750.jpg\" alt=\"\" class=\"wp-image-148218 lazyload\" data-sizes=\"auto\" data-srcset=\"https:\/\/buletin.de\/bucuresti\/wp-content\/uploads\/2025\/09\/547501072_1194424346055761_6882485615750785087_n-1000x750.jpg 1000w, https:\/\/buletin.de\/bucuresti\/wp-content\/uploads\/2025\/09\/547501072_1194424346055761_6882485615750785087_n-300x225.jpg 300w, https:\/\/buletin.de\/bucuresti\/wp-content\/uploads\/2025\/09\/547501072_1194424346055761_6882485615750785087_n-768x576.jpg 768w, https:\/\/buletin.de\/bucuresti\/wp-content\/uploads\/2025\/09\/547501072_1194424346055761_6882485615750785087_n-1536x1152.jpg 1536w, https:\/\/buletin.de\/bucuresti\/wp-content\/uploads\/2025\/09\/547501072_1194424346055761_6882485615750785087_n-1600x1200.jpg 1600w, https:\/\/buletin.de\/bucuresti\/wp-content\/uploads\/2025\/09\/547501072_1194424346055761_6882485615750785087_n-1100x825.jpg 1100w, https:\/\/buletin.de\/bucuresti\/wp-content\/uploads\/2025\/09\/547501072_1194424346055761_6882485615750785087_n-600x450.jpg 600w, https:\/\/buletin.de\/bucuresti\/wp-content\/uploads\/2025\/09\/547501072_1194424346055761_6882485615750785087_n-20x15.jpg 20w, https:\/\/buletin.de\/bucuresti\/wp-content\/uploads\/2025\/09\/547501072_1194424346055761_6882485615750785087_n.jpg 2048w\" sizes=\"(max-width: 1000px) 100vw, 1000px\" \/><figcaption class=\"wp-element-caption\">Funda\u021bia noii \u0219coli din comuna Berceni. FOTO: Consiliul Jude\u021bean Ilfov<\/figcaption><\/figure>\n\n\n\n<p>Printre dot\u0103rile anun\u021bate se num\u0103r\u0103 panouri solare \u0219i o pomp\u0103 de c\u0103ldur\u0103, menite s\u0103 contribuie la independen\u021ba energetic\u0103 a cl\u0103dirii \u0219i la reducerea costurilor de \u00eentre\u021binere.<\/p>\n\n\n\n<p>De asemenea, \u00een localitate a fost construit \u0219i un corp nou al \u0218colii Gimnaziale Nr. 1, cu 14 s\u0103li de clas\u0103, dar cu finan\u021bare de la bugetul local.<\/p>\n","protected":false},"excerpt":{"rendered":"<p>Consiliul Jude\u021bean Ilfov a semnat un contract de finan\u021bare pentru primul centru multifunc\u021bional la Cernica, destinat copiiilor vulnerabili. Construc\u021bia centrului va fi gata \u00een 16 luni, iar valoarea total\u0103 a proiectului este de aproape 22 milioane lei, bani europeni. Scopul acestui centru multifunc\u021bional, potrivit CJ Ilfov, este de sprijin \u0219i servicii dedicate copiilor \u00eencadra\u021bi \u00een [&hellip;]<\/p>\n","protected":false},"author":1,"featured_media":148918,"comment_status":"closed","ping_status":"open","sticky":false,"template":"","format":"standard","meta":{"_acf_changed":false,"inline_featured_image":false,"ngg_post_thumbnail":0,"footnotes":""},"categories":[6994,1432,62],"tags":[10762,2515,1990],"ppma_author":[22583],"class_list":["post-148906","post","type-post","status-publish","format-standard","has-post-thumbnail","hentry","category-stiri-2","category-buletin-de-ilfov","category-stiri","tag-centru-multifunctional","tag-cernica","tag-cj-ilfov"],"acf":[],"yoast_head":"<!-- This site is optimized with the Yoast SEO Premium plugin v25.3 (Yoast SEO v27.4) - https:\/\/yoast.com\/product\/yoast-seo-premium-wordpress\/ -->\n<title>ILFOV | Primul centru multifunc\u021bional la Cernica, destinat copiilor defavoriza\u021bi - Buletin de Bucure\u0219ti<\/title>\n<meta name=\"description\" content=\"Consiliul Jude\u021bean Ilfov a semnat un contract de finan\u021bare pentru proiectul \u201eCentru Multifunc\u021bional pentru Copii Cernica\u201d.\" \/>\n<meta name=\"robots\" content=\"index, follow, max-snippet:-1, max-image-preview:large, max-video-preview:-1\" \/>\n<link rel=\"canonical\" href=\"https:\/\/buletin.de\/bucuresti\/consiliul-judetean-ilfov-a-semnat-un-contract-de-finantare-pentru-proiectul-centru-multifunctional-pentru-copii-cernica\/\" \/>\n<meta property=\"og:locale\" content=\"en_GB\" \/>\n<meta property=\"og:type\" content=\"article\" \/>\n<meta property=\"og:title\" content=\"ILFOV | Primul centru multifunc\u021bional la Cernica, destinat copiilor defavoriza\u021bi\" \/>\n<meta property=\"og:description\" content=\"Consiliul Jude\u021bean Ilfov a semnat un contract de finan\u021bare pentru proiectul \u201eCentru Multifunc\u021bional pentru Copii Cernica\u201d.\" \/>\n<meta property=\"og:url\" content=\"https:\/\/buletin.de\/bucuresti\/consiliul-judetean-ilfov-a-semnat-un-contract-de-finantare-pentru-proiectul-centru-multifunctional-pentru-copii-cernica\/\" \/>\n<meta property=\"og:site_name\" content=\"Buletin de Bucure\u0219ti\" \/>\n<meta property=\"article:publisher\" content=\"https:\/\/www.facebook.com\/buletin.de.buc\" \/>\n<meta property=\"article:published_time\" content=\"2025-09-23T05:26:43+00:00\" \/>\n<meta property=\"article:modified_time\" content=\"2025-09-23T07:41:16+00:00\" \/>\n<meta property=\"og:image\" content=\"https:\/\/buletin.de\/bucuresti\/wp-content\/uploads\/2025\/09\/547121560_1195243545973841_8738832003999604343_n-1-1.jpg\" \/>\n\t<meta property=\"og:image:width\" content=\"1600\" \/>\n\t<meta property=\"og:image:height\" content=\"900\" \/>\n\t<meta property=\"og:image:type\" content=\"image\/jpeg\" \/>\n<meta name=\"author\" content=\"Redac\u021bia Buletin de Bucure\u0219ti\" \/>\n<meta name=\"twitter:card\" content=\"summary_large_image\" \/>\n<meta name=\"twitter:label1\" content=\"Written by\" \/>\n\t<meta name=\"twitter:data1\" content=\"Redac\u021bia Buletin de Bucure\u0219ti\" \/>\n\t<meta name=\"twitter:label2\" content=\"Estimated reading time\" \/>\n\t<meta name=\"twitter:data2\" content=\"3 minutes\" \/>\n<script type=\"application\/ld+json\" class=\"yoast-schema-graph\">{\"@context\":\"https:\\\/\\\/schema.org\",\"@graph\":[{\"@type\":\"Article\",\"@id\":\"https:\\\/\\\/buletin.de\\\/bucuresti\\\/consiliul-judetean-ilfov-a-semnat-un-contract-de-finantare-pentru-proiectul-centru-multifunctional-pentru-copii-cernica\\\/#article\",\"isPartOf\":{\"@id\":\"https:\\\/\\\/buletin.de\\\/bucuresti\\\/consiliul-judetean-ilfov-a-semnat-un-contract-de-finantare-pentru-proiectul-centru-multifunctional-pentru-copii-cernica\\\/\"},\"author\":{\"name\":\"Redac\u021bia Buletin de Bucure\u0219ti\",\"@id\":\"https:\\\/\\\/buletin.de\\\/bucuresti\\\/#\\\/schema\\\/person\\\/2bbcf854e5f2419a13804af574d06ab1\"},\"headline\":\"ILFOV | Primul centru multifunc\u021bional la Cernica, destinat copiilor defavoriza\u021bi\",\"datePublished\":\"2025-09-23T05:26:43+00:00\",\"dateModified\":\"2025-09-23T07:41:16+00:00\",\"mainEntityOfPage\":{\"@id\":\"https:\\\/\\\/buletin.de\\\/bucuresti\\\/consiliul-judetean-ilfov-a-semnat-un-contract-de-finantare-pentru-proiectul-centru-multifunctional-pentru-copii-cernica\\\/\"},\"wordCount\":400,\"publisher\":{\"@id\":\"https:\\\/\\\/buletin.de\\\/bucuresti\\\/#organization\"},\"image\":{\"@id\":\"https:\\\/\\\/buletin.de\\\/bucuresti\\\/consiliul-judetean-ilfov-a-semnat-un-contract-de-finantare-pentru-proiectul-centru-multifunctional-pentru-copii-cernica\\\/#primaryimage\"},\"thumbnailUrl\":\"https:\\\/\\\/buletin.de\\\/bucuresti\\\/wp-content\\\/uploads\\\/2025\\\/09\\\/547121560_1195243545973841_8738832003999604343_n-1-1.jpg\",\"keywords\":[\"centru multifunctional\",\"cernica\",\"cj ilfov\"],\"articleSection\":[\"Articole\",\"Buletin de Ilfov\",\"\u0218tiri\"],\"inLanguage\":\"en-GB\",\"copyrightYear\":\"2025\",\"copyrightHolder\":{\"@id\":\"https:\\\/\\\/buletin.de\\\/bucuresti\\\/#organization\"}},{\"@type\":\"WebPage\",\"@id\":\"https:\\\/\\\/buletin.de\\\/bucuresti\\\/consiliul-judetean-ilfov-a-semnat-un-contract-de-finantare-pentru-proiectul-centru-multifunctional-pentru-copii-cernica\\\/\",\"url\":\"https:\\\/\\\/buletin.de\\\/bucuresti\\\/consiliul-judetean-ilfov-a-semnat-un-contract-de-finantare-pentru-proiectul-centru-multifunctional-pentru-copii-cernica\\\/\",\"name\":\"ILFOV | Primul centru multifunc\u021bional la Cernica, destinat copiilor defavoriza\u021bi - Buletin de Bucure\u0219ti\",\"isPartOf\":{\"@id\":\"https:\\\/\\\/buletin.de\\\/bucuresti\\\/#website\"},\"primaryImageOfPage\":{\"@id\":\"https:\\\/\\\/buletin.de\\\/bucuresti\\\/consiliul-judetean-ilfov-a-semnat-un-contract-de-finantare-pentru-proiectul-centru-multifunctional-pentru-copii-cernica\\\/#primaryimage\"},\"image\":{\"@id\":\"https:\\\/\\\/buletin.de\\\/bucuresti\\\/consiliul-judetean-ilfov-a-semnat-un-contract-de-finantare-pentru-proiectul-centru-multifunctional-pentru-copii-cernica\\\/#primaryimage\"},\"thumbnailUrl\":\"https:\\\/\\\/buletin.de\\\/bucuresti\\\/wp-content\\\/uploads\\\/2025\\\/09\\\/547121560_1195243545973841_8738832003999604343_n-1-1.jpg\",\"datePublished\":\"2025-09-23T05:26:43+00:00\",\"dateModified\":\"2025-09-23T07:41:16+00:00\",\"description\":\"Consiliul Jude\u021bean Ilfov a semnat un contract de finan\u021bare pentru proiectul \u201eCentru Multifunc\u021bional pentru Copii Cernica\u201d.\",\"breadcrumb\":{\"@id\":\"https:\\\/\\\/buletin.de\\\/bucuresti\\\/consiliul-judetean-ilfov-a-semnat-un-contract-de-finantare-pentru-proiectul-centru-multifunctional-pentru-copii-cernica\\\/#breadcrumb\"},\"inLanguage\":\"en-GB\",\"potentialAction\":[{\"@type\":\"ReadAction\",\"target\":[\"https:\\\/\\\/buletin.de\\\/bucuresti\\\/consiliul-judetean-ilfov-a-semnat-un-contract-de-finantare-pentru-proiectul-centru-multifunctional-pentru-copii-cernica\\\/\"]}]},{\"@type\":\"ImageObject\",\"inLanguage\":\"en-GB\",\"@id\":\"https:\\\/\\\/buletin.de\\\/bucuresti\\\/consiliul-judetean-ilfov-a-semnat-un-contract-de-finantare-pentru-proiectul-centru-multifunctional-pentru-copii-cernica\\\/#primaryimage\",\"url\":\"https:\\\/\\\/buletin.de\\\/bucuresti\\\/wp-content\\\/uploads\\\/2025\\\/09\\\/547121560_1195243545973841_8738832003999604343_n-1-1.jpg\",\"contentUrl\":\"https:\\\/\\\/buletin.de\\\/bucuresti\\\/wp-content\\\/uploads\\\/2025\\\/09\\\/547121560_1195243545973841_8738832003999604343_n-1-1.jpg\",\"width\":1600,\"height\":900,\"caption\":\"ILFOV | Aproape 22 de milioane de lei pentru primul centru multifunc\u021bional, destinat copiilor defavoriza\u021bi. FOTO: CJ Ilfov\"},{\"@type\":\"BreadcrumbList\",\"@id\":\"https:\\\/\\\/buletin.de\\\/bucuresti\\\/consiliul-judetean-ilfov-a-semnat-un-contract-de-finantare-pentru-proiectul-centru-multifunctional-pentru-copii-cernica\\\/#breadcrumb\",\"itemListElement\":[{\"@type\":\"ListItem\",\"position\":1,\"name\":\"Acas\u0103\",\"item\":\"https:\\\/\\\/buletin.de\\\/bucuresti\\\/\"},{\"@type\":\"ListItem\",\"position\":2,\"name\":\"ILFOV | Primul centru multifunc\u021bional la Cernica, destinat copiilor defavoriza\u021bi\"}]},{\"@type\":\"WebSite\",\"@id\":\"https:\\\/\\\/buletin.de\\\/bucuresti\\\/#website\",\"url\":\"https:\\\/\\\/buletin.de\\\/bucuresti\\\/\",\"name\":\"Buletin de Bucure\u0219ti\",\"description\":\"\u0218tiri \u0219i investiga\u021bii esen\u021biale din capital\u0103\",\"publisher\":{\"@id\":\"https:\\\/\\\/buletin.de\\\/bucuresti\\\/#organization\"},\"potentialAction\":[{\"@type\":\"SearchAction\",\"target\":{\"@type\":\"EntryPoint\",\"urlTemplate\":\"https:\\\/\\\/buletin.de\\\/bucuresti\\\/?s={search_term_string}\"},\"query-input\":{\"@type\":\"PropertyValueSpecification\",\"valueRequired\":true,\"valueName\":\"search_term_string\"}}],\"inLanguage\":\"en-GB\"},{\"@type\":\"Organization\",\"@id\":\"https:\\\/\\\/buletin.de\\\/bucuresti\\\/#organization\",\"name\":\"Buletin de Bucure\u0219ti\",\"url\":\"https:\\\/\\\/buletin.de\\\/bucuresti\\\/\",\"logo\":{\"@type\":\"ImageObject\",\"inLanguage\":\"en-GB\",\"@id\":\"https:\\\/\\\/buletin.de\\\/bucuresti\\\/#\\\/schema\\\/logo\\\/image\\\/\",\"url\":\"https:\\\/\\\/buletin.de\\\/bucuresti\\\/wp-content\\\/uploads\\\/logo-bdb-full-wide-vernil-transparent.png\",\"contentUrl\":\"https:\\\/\\\/buletin.de\\\/bucuresti\\\/wp-content\\\/uploads\\\/logo-bdb-full-wide-vernil-transparent.png\",\"width\":1782,\"height\":626,\"caption\":\"Buletin de Bucure\u0219ti\"},\"image\":{\"@id\":\"https:\\\/\\\/buletin.de\\\/bucuresti\\\/#\\\/schema\\\/logo\\\/image\\\/\"},\"sameAs\":[\"https:\\\/\\\/www.facebook.com\\\/buletin.de.buc\",\"https:\\\/\\\/www.instagram.com\\\/buletinde.bucuresti\\\/\"]},{\"@type\":\"Person\",\"@id\":\"https:\\\/\\\/buletin.de\\\/bucuresti\\\/#\\\/schema\\\/person\\\/2bbcf854e5f2419a13804af574d06ab1\",\"name\":\"Redac\u021bia Buletin de Bucure\u0219ti\",\"image\":{\"@type\":\"ImageObject\",\"inLanguage\":\"en-GB\",\"@id\":\"https:\\\/\\\/secure.gravatar.com\\\/avatar\\\/18c5342381ed1a08620e6280424e3e5efc958618f5d67c522c9e44c1bc6f9226?s=96&d=monsterid&r=g60c7cd0ad92c68c049fcd4bb3504d609\",\"url\":\"https:\\\/\\\/secure.gravatar.com\\\/avatar\\\/18c5342381ed1a08620e6280424e3e5efc958618f5d67c522c9e44c1bc6f9226?s=96&d=monsterid&r=g\",\"contentUrl\":\"https:\\\/\\\/secure.gravatar.com\\\/avatar\\\/18c5342381ed1a08620e6280424e3e5efc958618f5d67c522c9e44c1bc6f9226?s=96&d=monsterid&r=g\",\"caption\":\"Redac\u021bia Buletin de Bucure\u0219ti\"},\"description\":\"Buletin de Bucure\u0219ti exist\u0103 din vara anului 2019.\",\"url\":\"https:\\\/\\\/buletin.de\\\/bucuresti\\\/author\\\/adminbuletin\\\/\"}]}<\/script>\n<!-- \/ Yoast SEO Premium plugin. -->","yoast_head_json":{"title":"ILFOV | Primul centru multifunc\u021bional la Cernica, destinat copiilor defavoriza\u021bi - Buletin de Bucure\u0219ti","description":"Consiliul Jude\u021bean Ilfov a semnat un contract de finan\u021bare pentru proiectul \u201eCentru Multifunc\u021bional pentru Copii Cernica\u201d.","robots":{"index":"index","follow":"follow","max-snippet":"max-snippet:-1","max-image-preview":"max-image-preview:large","max-video-preview":"max-video-preview:-1"},"canonical":"https:\/\/buletin.de\/bucuresti\/consiliul-judetean-ilfov-a-semnat-un-contract-de-finantare-pentru-proiectul-centru-multifunctional-pentru-copii-cernica\/","og_locale":"en_GB","og_type":"article","og_title":"ILFOV | Primul centru multifunc\u021bional la Cernica, destinat copiilor defavoriza\u021bi","og_description":"Consiliul Jude\u021bean Ilfov a semnat un contract de finan\u021bare pentru proiectul \u201eCentru Multifunc\u021bional pentru Copii Cernica\u201d.","og_url":"https:\/\/buletin.de\/bucuresti\/consiliul-judetean-ilfov-a-semnat-un-contract-de-finantare-pentru-proiectul-centru-multifunctional-pentru-copii-cernica\/","og_site_name":"Buletin de Bucure\u0219ti","article_publisher":"https:\/\/www.facebook.com\/buletin.de.buc","article_published_time":"2025-09-23T05:26:43+00:00","article_modified_time":"2025-09-23T07:41:16+00:00","og_image":[{"width":1600,"height":900,"url":"https:\/\/buletin.de\/bucuresti\/wp-content\/uploads\/2025\/09\/547121560_1195243545973841_8738832003999604343_n-1-1.jpg","type":"image\/jpeg"}],"author":"Redac\u021bia Buletin de Bucure\u0219ti","twitter_card":"summary_large_image","twitter_misc":{"Written by":"Redac\u021bia Buletin de Bucure\u0219ti","Estimated reading time":"3 minutes"},"schema":{"@context":"https:\/\/schema.org","@graph":[{"@type":"Article","@id":"https:\/\/buletin.de\/bucuresti\/consiliul-judetean-ilfov-a-semnat-un-contract-de-finantare-pentru-proiectul-centru-multifunctional-pentru-copii-cernica\/#article","isPartOf":{"@id":"https:\/\/buletin.de\/bucuresti\/consiliul-judetean-ilfov-a-semnat-un-contract-de-finantare-pentru-proiectul-centru-multifunctional-pentru-copii-cernica\/"},"author":{"name":"Redac\u021bia Buletin de Bucure\u0219ti","@id":"https:\/\/buletin.de\/bucuresti\/#\/schema\/person\/2bbcf854e5f2419a13804af574d06ab1"},"headline":"ILFOV | Primul centru multifunc\u021bional la Cernica, destinat copiilor defavoriza\u021bi","datePublished":"2025-09-23T05:26:43+00:00","dateModified":"2025-09-23T07:41:16+00:00","mainEntityOfPage":{"@id":"https:\/\/buletin.de\/bucuresti\/consiliul-judetean-ilfov-a-semnat-un-contract-de-finantare-pentru-proiectul-centru-multifunctional-pentru-copii-cernica\/"},"wordCount":400,"publisher":{"@id":"https:\/\/buletin.de\/bucuresti\/#organization"},"image":{"@id":"https:\/\/buletin.de\/bucuresti\/consiliul-judetean-ilfov-a-semnat-un-contract-de-finantare-pentru-proiectul-centru-multifunctional-pentru-copii-cernica\/#primaryimage"},"thumbnailUrl":"https:\/\/buletin.de\/bucuresti\/wp-content\/uploads\/2025\/09\/547121560_1195243545973841_8738832003999604343_n-1-1.jpg","keywords":["centru multifunctional","cernica","cj ilfov"],"articleSection":["Articole","Buletin de Ilfov","\u0218tiri"],"inLanguage":"en-GB","copyrightYear":"2025","copyrightHolder":{"@id":"https:\/\/buletin.de\/bucuresti\/#organization"}},{"@type":"WebPage","@id":"https:\/\/buletin.de\/bucuresti\/consiliul-judetean-ilfov-a-semnat-un-contract-de-finantare-pentru-proiectul-centru-multifunctional-pentru-copii-cernica\/","url":"https:\/\/buletin.de\/bucuresti\/consiliul-judetean-ilfov-a-semnat-un-contract-de-finantare-pentru-proiectul-centru-multifunctional-pentru-copii-cernica\/","name":"ILFOV | Primul centru multifunc\u021bional la Cernica, destinat copiilor defavoriza\u021bi - Buletin de Bucure\u0219ti","isPartOf":{"@id":"https:\/\/buletin.de\/bucuresti\/#website"},"primaryImageOfPage":{"@id":"https:\/\/buletin.de\/bucuresti\/consiliul-judetean-ilfov-a-semnat-un-contract-de-finantare-pentru-proiectul-centru-multifunctional-pentru-copii-cernica\/#primaryimage"},"image":{"@id":"https:\/\/buletin.de\/bucuresti\/consiliul-judetean-ilfov-a-semnat-un-contract-de-finantare-pentru-proiectul-centru-multifunctional-pentru-copii-cernica\/#primaryimage"},"thumbnailUrl":"https:\/\/buletin.de\/bucuresti\/wp-content\/uploads\/2025\/09\/547121560_1195243545973841_8738832003999604343_n-1-1.jpg","datePublished":"2025-09-23T05:26:43+00:00","dateModified":"2025-09-23T07:41:16+00:00","description":"Consiliul Jude\u021bean Ilfov a semnat un contract de finan\u021bare pentru proiectul \u201eCentru Multifunc\u021bional pentru Copii Cernica\u201d.","breadcrumb":{"@id":"https:\/\/buletin.de\/bucuresti\/consiliul-judetean-ilfov-a-semnat-un-contract-de-finantare-pentru-proiectul-centru-multifunctional-pentru-copii-cernica\/#breadcrumb"},"inLanguage":"en-GB","potentialAction":[{"@type":"ReadAction","target":["https:\/\/buletin.de\/bucuresti\/consiliul-judetean-ilfov-a-semnat-un-contract-de-finantare-pentru-proiectul-centru-multifunctional-pentru-copii-cernica\/"]}]},{"@type":"ImageObject","inLanguage":"en-GB","@id":"https:\/\/buletin.de\/bucuresti\/consiliul-judetean-ilfov-a-semnat-un-contract-de-finantare-pentru-proiectul-centru-multifunctional-pentru-copii-cernica\/#primaryimage","url":"https:\/\/buletin.de\/bucuresti\/wp-content\/uploads\/2025\/09\/547121560_1195243545973841_8738832003999604343_n-1-1.jpg","contentUrl":"https:\/\/buletin.de\/bucuresti\/wp-content\/uploads\/2025\/09\/547121560_1195243545973841_8738832003999604343_n-1-1.jpg","width":1600,"height":900,"caption":"ILFOV | Aproape 22 de milioane de lei pentru primul centru multifunc\u021bional, destinat copiilor defavoriza\u021bi. FOTO: CJ Ilfov"},{"@type":"BreadcrumbList","@id":"https:\/\/buletin.de\/bucuresti\/consiliul-judetean-ilfov-a-semnat-un-contract-de-finantare-pentru-proiectul-centru-multifunctional-pentru-copii-cernica\/#breadcrumb","itemListElement":[{"@type":"ListItem","position":1,"name":"Acas\u0103","item":"https:\/\/buletin.de\/bucuresti\/"},{"@type":"ListItem","position":2,"name":"ILFOV | Primul centru multifunc\u021bional la Cernica, destinat copiilor defavoriza\u021bi"}]},{"@type":"WebSite","@id":"https:\/\/buletin.de\/bucuresti\/#website","url":"https:\/\/buletin.de\/bucuresti\/","name":"Buletin de Bucure\u0219ti","description":"\u0218tiri \u0219i investiga\u021bii esen\u021biale din capital\u0103","publisher":{"@id":"https:\/\/buletin.de\/bucuresti\/#organization"},"potentialAction":[{"@type":"SearchAction","target":{"@type":"EntryPoint","urlTemplate":"https:\/\/buletin.de\/bucuresti\/?s={search_term_string}"},"query-input":{"@type":"PropertyValueSpecification","valueRequired":true,"valueName":"search_term_string"}}],"inLanguage":"en-GB"},{"@type":"Organization","@id":"https:\/\/buletin.de\/bucuresti\/#organization","name":"Buletin de Bucure\u0219ti","url":"https:\/\/buletin.de\/bucuresti\/","logo":{"@type":"ImageObject","inLanguage":"en-GB","@id":"https:\/\/buletin.de\/bucuresti\/#\/schema\/logo\/image\/","url":"https:\/\/buletin.de\/bucuresti\/wp-content\/uploads\/logo-bdb-full-wide-vernil-transparent.png","contentUrl":"https:\/\/buletin.de\/bucuresti\/wp-content\/uploads\/logo-bdb-full-wide-vernil-transparent.png","width":1782,"height":626,"caption":"Buletin de Bucure\u0219ti"},"image":{"@id":"https:\/\/buletin.de\/bucuresti\/#\/schema\/logo\/image\/"},"sameAs":["https:\/\/www.facebook.com\/buletin.de.buc","https:\/\/www.instagram.com\/buletinde.bucuresti\/"]},{"@type":"Person","@id":"https:\/\/buletin.de\/bucuresti\/#\/schema\/person\/2bbcf854e5f2419a13804af574d06ab1","name":"Redac\u021bia Buletin de Bucure\u0219ti","image":{"@type":"ImageObject","inLanguage":"en-GB","@id":"https:\/\/secure.gravatar.com\/avatar\/18c5342381ed1a08620e6280424e3e5efc958618f5d67c522c9e44c1bc6f9226?s=96&d=monsterid&r=g60c7cd0ad92c68c049fcd4bb3504d609","url":"https:\/\/secure.gravatar.com\/avatar\/18c5342381ed1a08620e6280424e3e5efc958618f5d67c522c9e44c1bc6f9226?s=96&d=monsterid&r=g","contentUrl":"https:\/\/secure.gravatar.com\/avatar\/18c5342381ed1a08620e6280424e3e5efc958618f5d67c522c9e44c1bc6f9226?s=96&d=monsterid&r=g","caption":"Redac\u021bia Buletin de Bucure\u0219ti"},"description":"Buletin de Bucure\u0219ti exist\u0103 din vara anului 2019.","url":"https:\/\/buletin.de\/bucuresti\/author\/adminbuletin\/"}]}},"authors":[{"term_id":22583,"user_id":1,"is_guest":0,"slug":"adminbuletin","display_name":"Redac\u021bia Buletin de Bucure\u0219ti","avatar_url":"https:\/\/secure.gravatar.com\/avatar\/18c5342381ed1a08620e6280424e3e5efc958618f5d67c522c9e44c1bc6f9226?s=96&d=monsterid&r=g","0":null,"1":"","2":"","3":"","4":"","5":"","6":"","7":"","8":""}],"_links":{"self":[{"href":"https:\/\/buletin.de\/bucuresti\/wp-json\/wp\/v2\/posts\/148906","targetHints":{"allow":["GET"]}}],"collection":[{"href":"https:\/\/buletin.de\/bucuresti\/wp-json\/wp\/v2\/posts"}],"about":[{"href":"https:\/\/buletin.de\/bucuresti\/wp-json\/wp\/v2\/types\/post"}],"author":[{"embeddable":true,"href":"https:\/\/buletin.de\/bucuresti\/wp-json\/wp\/v2\/users\/1"}],"replies":[{"embeddable":true,"href":"https:\/\/buletin.de\/bucuresti\/wp-json\/wp\/v2\/comments?post=148906"}],"version-history":[{"count":4,"href":"https:\/\/buletin.de\/bucuresti\/wp-json\/wp\/v2\/posts\/148906\/revisions"}],"predecessor-version":[{"id":148963,"href":"https:\/\/buletin.de\/bucuresti\/wp-json\/wp\/v2\/posts\/148906\/revisions\/148963"}],"wp:featuredmedia":[{"embeddable":true,"href":"https:\/\/buletin.de\/bucuresti\/wp-json\/wp\/v2\/media\/148918"}],"wp:attachment":[{"href":"https:\/\/buletin.de\/bucuresti\/wp-json\/wp\/v2\/media?parent=148906"}],"wp:term":[{"taxonomy":"category","embeddable":true,"href":"https:\/\/buletin.de\/bucuresti\/wp-json\/wp\/v2\/categories?post=148906"},{"taxonomy":"post_tag","embeddable":true,"href":"https:\/\/buletin.de\/bucuresti\/wp-json\/wp\/v2\/tags?post=148906"},{"taxonomy":"author","embeddable":true,"href":"https:\/\/buletin.de\/bucuresti\/wp-json\/wp\/v2\/ppma_author?post=148906"}],"curies":[{"name":"wp","href":"https:\/\/api.w.org\/{rel}","templated":true}]}}