{"id":148674,"date":"2025-09-21T08:03:00","date_gmt":"2025-09-21T05:03:00","guid":{"rendered":"https:\/\/buletin.de\/bucuresti\/?p=148674"},"modified":"2025-09-21T12:21:13","modified_gmt":"2025-09-21T09:21:13","slug":"cathedral-plaza-va-fi-demolata-imediat-ce-se-va-pronunta-instanta-promite-primaria-generala","status":"publish","type":"post","link":"https:\/\/buletin.de\/bucuresti\/cathedral-plaza-va-fi-demolata-imediat-ce-se-va-pronunta-instanta-promite-primaria-generala\/","title":{"rendered":"Cathedral Plaza va fi demolat\u0103 imediat ce se va pronun\u021ba instan\u021ba, promite Prim\u0103ria General\u0103"},"content":{"rendered":"\n<p><strong>Cathedral Plaza va fi demolat\u0103 abia dup\u0103 ce ce instan\u021ba va da sentin\u021ba definitiv\u0103 pe dispozi\u021bia de demolare, a declarat Stelian Bujduveanu, primarul general interimar, la emisiunea <a href=\"https:\/\/www.primatv.ro\/emisiuni\/insider-politic-19920511\">Insider Politic<\/a> de la Prima TV. Acesta a sus\u021binut c\u0103 Prim\u0103ria Municipiului Bucure\u0219ti este preg\u0103tit\u0103 s\u0103 \u00eenceap\u0103 demontarea cl\u0103dirii.<\/strong><\/p>\n\n\n\n<p>\u201eSe d\u0103 jos!\u201d, a garantat Stelian Bujduveanu.<\/p>\n\n\n\n<p><strong>CITE\u0218TE \u0218I:<\/strong> <strong><a href=\"https:\/\/buletin.de\/bucuresti\/emblema-coruptiei-imobiliare-cathedral-plaza-va-fi-demolata-primaria-capitalei-a-castigat-ultimul-proces-pe-care-il-mai-avea-cu-proprietarii\/\">\u201eEmblema corup\u021biei imobiliare\u201d, Cathedral Plaza poate fi demolat\u0103. Prim\u0103ria Capitalei a c\u00e2\u0219tigat procesul privind intrarea \u00een legalitate<\/a><\/strong><\/p>\n\n\n\n<h2 class=\"wp-block-heading\" id=\"h-emblema-corup\u021biei-imobiliare\">\u201eEmblema corup\u021biei imobiliare\u201d<\/h2>\n\n\n\n<p>\u201eS-a emis dispozi\u021bie de demolare din partea Prim\u0103riei Capitalei. Au contestat \u0219i au suspendat dispozi\u021bia de demolare. Suntem \u00een proces pe acea dispozi\u021bie. La momentul finaliz\u0103rii sunt dou\u0103 op\u021biuni: fie r\u0103m\u00e2ne valabil\u0103 dispozi\u021bia \u0219i mergem mai departe cu demolarea, fie se anuleaz\u0103 sau se anuleaz\u0103 \u00een parte \u0219i trebuie s\u0103 lu\u0103m o alt\u0103 dispozi\u021bie sau o alt\u0103 decizie.<\/p>\n\n\n\n<p>Avem avoca\u021bi specializa\u021bi care urm\u0103resc acest proces de ani de zile. Dar v\u0103 spun un lucru foarte clar: unde e lege, nu e tocmeal\u0103. Dac\u0103 instan\u021ba spune c\u0103 trebuie dat\u0103 jos, ea va fi dat\u0103 jos\u201d, a mai ad\u0103ugat primarul general interimar.<\/p>\n\n\n\n<p>Stelian Bujduveanu a reamintit c\u0103 Prim\u0103ria General\u0103 a emis deja, \u00een 2022, dispozi\u021bia de demolare a imobilului de 19 etaje ridicat l\u00e2ng\u0103 Catedrala \u201eSf. Iosif\u201d, \u00eens\u0103 proprietarii au contestat documentul \u00een instan\u021b\u0103.<\/p>\n\n\n\n<p>\u00centrebat dac\u0103 se a\u0219teapt\u0103 ca municipalitatea s\u0103 c\u00e2\u0219tige, primarul general interimar a r\u0103spuns f\u0103r\u0103 ezitare: \u201eCu siguran\u021b\u0103. Conflictul este deja c\u00e2\u0219tigat \u00een fond, definitiv \u0219i irevocabil. Acum suntem doar pe o chestiune procedural\u0103 \u2013 care e actul prin care se demoleaz\u0103. Nu se mai pune \u00een discu\u021bie valabilitatea autoriza\u021biei de construire\u201d.<\/p>\n\n\n\n<p><strong>Demolarea poate fi realizat\u0103 \u00een siguran\u021b\u0103, chiar dac\u0103 imobilul se afl\u0103 l\u00e2ng\u0103 monumentul istoric, a mai ad\u0103ugat.<\/strong><\/p>\n\n\n\n<p>Anul trecut, Nicu\u0219or Dan a precizat c\u0103, prin c\u00e2\u0219tigarea celui de-al patrulea proces pe care municipalitate l-a avut cu proprietarii Cathedral Plaza, nu mai exist\u0103 motive juridice pentru ca demolarea s\u0103 fie evitat\u0103.<\/p>\n\n\n\n<h2 class=\"wp-block-heading\" id=\"h-cathedral-plaza-va-fi-demolata-cu-8-milioane-de-euro\"><strong>Cathedral Plaza va fi demolat\u0103<\/strong> cu 8 milioane de euro<\/h2>\n\n\n\n<p><strong>Demolarea va costa \u00eentre 5 \u0219i 8 milioane de euro. Banii vor fi pl\u0103ti\u021bi de Prim\u0103ria General\u0103, care apoi se va \u00eendrepta spre Prim\u0103ria Sectorului 1, care va fi pl\u0103titorul final, pentru c\u0103 aceast\u0103 institu\u021bie a emis autoriza\u021bia de construire.<\/strong><\/p>\n\n\n\n<blockquote class=\"wp-block-quote is-layout-flow wp-block-quote-is-layout-flow\">\n<p>Beneficiarul autorizia\u021biei s-a crezut \u0219mecher, a\u0219a cum se cred \u0219mecheri mul\u021bi investitori din ziua de azi. A\u0219a cum am a\u0219teptat 18 ani pentru a demola aceast\u0103 cl\u0103dire, s\u0103 \u0219tie \u0219i cei care se cred azi de neatins c\u0103 le vom demola peste 5, peste 10 sau peste 20 de ani cl\u0103dirile ilegale pe care le construiesc\u201d.<\/p>\n<cite>Nicu\u0219or Dan<\/cite><\/blockquote>\n\n\n\n<p>Cl\u0103direa a fost construit\u0103 \u00een perioada 2006-2010 \u0219i nu a fost niciodat\u0103 folosit\u0103. Dispozi\u021bia de demolare a fost dat\u0103 de Nicu\u0219or Dan \u00een 2022.<\/p>\n\n\n\n<h2 class=\"wp-block-heading\" id=\"h-istoria-unei-cladiri-care-nu-a-fost-niciodata-folosita\">Istoria unei cl\u0103diri care nu a fost niciodat\u0103 folosit\u0103<\/h2>\n\n\n\n<p>\u201eAceast\u0103 cl\u0103dire este emblematic\u0103, au fost proteste de sute de mii de oameni \u00een momentul \u00een care s-a f\u0103cut, este emblema corup\u0163iei imobiliare din Bucure\u015fti, \u015fi faptul c\u0103 va putea fi demolat\u0103 \u00eentr-o zi va fi un semn de s\u0103n\u0103tate a democra\u0163iei noastre\u201d, a declarat Nicu\u015for Dan,&nbsp;<a href=\"https:\/\/www.libertatea.ro\/stiri\/nicusor-dan-asteapta-decizia-instantei-demolare-cathedral-plaza-este-emblema-coruptiei-imobiliare-din-bucuresti-4948410\" target=\"_blank\" rel=\"noreferrer noopener\">\u00eentr-o conferin\u021b\u0103 de pres\u0103 din iulie<\/a> 2024.<\/p>\n\n\n\n<p><strong>R\u0103zboiul juridic dintre Prim\u0103ria Capitalei, Arhiepiscopia Romano-Catolic\u0103 \u0219i devoltatorul imobiliar se poart\u0103 de 18 ani \u0219i a trecut prin nou\u0103 instan\u021be ale \u021b\u0103rii.<\/strong><\/p>\n\n\n\n<p>Obiectul litigiului este o cl\u0103dire de 19 etaje, Cathedral Plaza, situat\u0103 la intersec\u021bia str\u0103zilor General Berthelot \u0219i Luteran\u0103 din Bucure\u0219ti, \u00een proximitatea Catedralei Sf\u00e2ntul Iosif.<\/p>\n\n\n\n<p><strong>Autoriza\u021bia de construira fost emis\u0103 \u00een 2006 de Primarul Sectorului 1 de la acea vreme, Andrei Chiliman, \u0219i a fost anulat\u0103 definitiv de Curtea de Apel Suceava \u00een 2010.<\/strong><\/p>\n\n\n\n<p><strong>CITE\u0218TE \u0218I: <a href=\"https:\/\/buletin.de\/bucuresti\/primaria-capitalei-aloca-4-milioane-de-euro-pentru-proiecte-propuse-de-bucuresteni\/\">Prim\u0103ria Capitalei aloc\u0103 4 milioane de euro pentru proiecte propuse de bucure\u0219teni<\/a><\/strong><\/p>\n\n\n\n<p><strong><br><\/strong><\/p>\n","protected":false},"excerpt":{"rendered":"<p>Cathedral Plaza va fi demolat\u0103 abia dup\u0103 ce ce instan\u021ba va da sentin\u021ba definitiv\u0103 pe dispozi\u021bia de demolare, a declarat Stelian Bujduveanu, primarul general interimar, la emisiunea Insider Politic de la Prima TV. Acesta a sus\u021binut c\u0103 Prim\u0103ria Municipiului Bucure\u0219ti este preg\u0103tit\u0103 s\u0103 \u00eenceap\u0103 demontarea cl\u0103dirii. \u201eSe d\u0103 jos!\u201d, a garantat Stelian Bujduveanu. CITE\u0218TE \u0218I: [&hellip;]<\/p>\n","protected":false},"author":59,"featured_media":148682,"comment_status":"closed","ping_status":"open","sticky":false,"template":"","format":"standard","meta":{"_acf_changed":false,"inline_featured_image":false,"ngg_post_thumbnail":0,"footnotes":""},"categories":[6994,5762,24],"tags":[9,2054,4353],"ppma_author":[22572],"class_list":["post-148674","post","type-post","status-publish","format-standard","has-post-thumbnail","hentry","category-stiri-2","category-main","category-primarie","tag-bucuresti","tag-capitala","tag-cathedral-plaza"],"acf":[],"yoast_head":"<!-- This site is optimized with the Yoast SEO Premium plugin v25.3 (Yoast SEO v27.4) - https:\/\/yoast.com\/product\/yoast-seo-premium-wordpress\/ -->\n<title>Cathedral Plaza va fi demolat\u0103 imediat ce se va pronun\u021ba instan\u021ba, promite Prim\u0103ria General\u0103 - Buletin de Bucure\u0219ti<\/title>\n<meta name=\"description\" content=\"Cathedral Plaza va fi demolat\u0103 imediat ce se va pronun\u021ba instan\u021ba, promite Prim\u0103ria Municipiului Bucure\u0219ti.\" \/>\n<meta name=\"robots\" content=\"index, follow, max-snippet:-1, max-image-preview:large, max-video-preview:-1\" \/>\n<link rel=\"canonical\" href=\"https:\/\/buletin.de\/bucuresti\/cathedral-plaza-va-fi-demolata-imediat-ce-se-va-pronunta-instanta-promite-primaria-generala\/\" \/>\n<meta property=\"og:locale\" content=\"en_GB\" \/>\n<meta property=\"og:type\" content=\"article\" \/>\n<meta property=\"og:title\" content=\"Cathedral Plaza va fi demolat\u0103 imediat ce se va pronun\u021ba instan\u021ba, promite Prim\u0103ria General\u0103\" \/>\n<meta property=\"og:description\" content=\"Cathedral Plaza va fi demolat\u0103 imediat ce se va pronun\u021ba instan\u021ba, promite Prim\u0103ria Municipiului Bucure\u0219ti.\" \/>\n<meta property=\"og:url\" content=\"https:\/\/buletin.de\/bucuresti\/cathedral-plaza-va-fi-demolata-imediat-ce-se-va-pronunta-instanta-promite-primaria-generala\/\" \/>\n<meta property=\"og:site_name\" content=\"Buletin de Bucure\u0219ti\" \/>\n<meta property=\"article:publisher\" content=\"https:\/\/www.facebook.com\/buletin.de.buc\" \/>\n<meta property=\"article:published_time\" content=\"2025-09-21T05:03:00+00:00\" \/>\n<meta property=\"article:modified_time\" content=\"2025-09-21T09:21:13+00:00\" \/>\n<meta property=\"og:image\" content=\"https:\/\/buletin.de\/bucuresti\/wp-content\/uploads\/2025\/09\/Cathedral-Plaza.jpg\" \/>\n\t<meta property=\"og:image:width\" content=\"1600\" \/>\n\t<meta property=\"og:image:height\" content=\"900\" \/>\n\t<meta property=\"og:image:type\" content=\"image\/jpeg\" \/>\n<meta name=\"author\" content=\"C\u0103t\u0103lin Anghel-Dimache\" \/>\n<meta name=\"twitter:card\" content=\"summary_large_image\" \/>\n<meta name=\"twitter:label1\" content=\"Written by\" \/>\n\t<meta name=\"twitter:data1\" content=\"C\u0103t\u0103lin Anghel-Dimache\" \/>\n\t<meta name=\"twitter:label2\" content=\"Estimated reading time\" \/>\n\t<meta name=\"twitter:data2\" content=\"3 minutes\" \/>\n<script type=\"application\/ld+json\" class=\"yoast-schema-graph\">{\"@context\":\"https:\\\/\\\/schema.org\",\"@graph\":[{\"@type\":\"Article\",\"@id\":\"https:\\\/\\\/buletin.de\\\/bucuresti\\\/cathedral-plaza-va-fi-demolata-imediat-ce-se-va-pronunta-instanta-promite-primaria-generala\\\/#article\",\"isPartOf\":{\"@id\":\"https:\\\/\\\/buletin.de\\\/bucuresti\\\/cathedral-plaza-va-fi-demolata-imediat-ce-se-va-pronunta-instanta-promite-primaria-generala\\\/\"},\"author\":{\"name\":\"C\u0103t\u0103lin Anghel-Dimache\",\"@id\":\"https:\\\/\\\/buletin.de\\\/bucuresti\\\/#\\\/schema\\\/person\\\/0ac9db30080482be87c7386a30f98796\"},\"headline\":\"Cathedral Plaza va fi demolat\u0103 imediat ce se va pronun\u021ba instan\u021ba, promite Prim\u0103ria General\u0103\",\"datePublished\":\"2025-09-21T05:03:00+00:00\",\"dateModified\":\"2025-09-21T09:21:13+00:00\",\"mainEntityOfPage\":{\"@id\":\"https:\\\/\\\/buletin.de\\\/bucuresti\\\/cathedral-plaza-va-fi-demolata-imediat-ce-se-va-pronunta-instanta-promite-primaria-generala\\\/\"},\"wordCount\":675,\"publisher\":{\"@id\":\"https:\\\/\\\/buletin.de\\\/bucuresti\\\/#organization\"},\"image\":{\"@id\":\"https:\\\/\\\/buletin.de\\\/bucuresti\\\/cathedral-plaza-va-fi-demolata-imediat-ce-se-va-pronunta-instanta-promite-primaria-generala\\\/#primaryimage\"},\"thumbnailUrl\":\"https:\\\/\\\/buletin.de\\\/bucuresti\\\/wp-content\\\/uploads\\\/2025\\\/09\\\/Cathedral-Plaza.jpg\",\"keywords\":[\"bucuresti\",\"Capitala\",\"cathedral plaza\"],\"articleSection\":[\"Articole\",\"Main\",\"Prim\u0103rie\"],\"inLanguage\":\"en-GB\",\"copyrightYear\":\"2025\",\"copyrightHolder\":{\"@id\":\"https:\\\/\\\/buletin.de\\\/bucuresti\\\/#organization\"}},{\"@type\":\"WebPage\",\"@id\":\"https:\\\/\\\/buletin.de\\\/bucuresti\\\/cathedral-plaza-va-fi-demolata-imediat-ce-se-va-pronunta-instanta-promite-primaria-generala\\\/\",\"url\":\"https:\\\/\\\/buletin.de\\\/bucuresti\\\/cathedral-plaza-va-fi-demolata-imediat-ce-se-va-pronunta-instanta-promite-primaria-generala\\\/\",\"name\":\"Cathedral Plaza va fi demolat\u0103 imediat ce se va pronun\u021ba instan\u021ba, promite Prim\u0103ria General\u0103 - Buletin de Bucure\u0219ti\",\"isPartOf\":{\"@id\":\"https:\\\/\\\/buletin.de\\\/bucuresti\\\/#website\"},\"primaryImageOfPage\":{\"@id\":\"https:\\\/\\\/buletin.de\\\/bucuresti\\\/cathedral-plaza-va-fi-demolata-imediat-ce-se-va-pronunta-instanta-promite-primaria-generala\\\/#primaryimage\"},\"image\":{\"@id\":\"https:\\\/\\\/buletin.de\\\/bucuresti\\\/cathedral-plaza-va-fi-demolata-imediat-ce-se-va-pronunta-instanta-promite-primaria-generala\\\/#primaryimage\"},\"thumbnailUrl\":\"https:\\\/\\\/buletin.de\\\/bucuresti\\\/wp-content\\\/uploads\\\/2025\\\/09\\\/Cathedral-Plaza.jpg\",\"datePublished\":\"2025-09-21T05:03:00+00:00\",\"dateModified\":\"2025-09-21T09:21:13+00:00\",\"description\":\"Cathedral Plaza va fi demolat\u0103 imediat ce se va pronun\u021ba instan\u021ba, promite Prim\u0103ria Municipiului Bucure\u0219ti.\",\"breadcrumb\":{\"@id\":\"https:\\\/\\\/buletin.de\\\/bucuresti\\\/cathedral-plaza-va-fi-demolata-imediat-ce-se-va-pronunta-instanta-promite-primaria-generala\\\/#breadcrumb\"},\"inLanguage\":\"en-GB\",\"potentialAction\":[{\"@type\":\"ReadAction\",\"target\":[\"https:\\\/\\\/buletin.de\\\/bucuresti\\\/cathedral-plaza-va-fi-demolata-imediat-ce-se-va-pronunta-instanta-promite-primaria-generala\\\/\"]}]},{\"@type\":\"ImageObject\",\"inLanguage\":\"en-GB\",\"@id\":\"https:\\\/\\\/buletin.de\\\/bucuresti\\\/cathedral-plaza-va-fi-demolata-imediat-ce-se-va-pronunta-instanta-promite-primaria-generala\\\/#primaryimage\",\"url\":\"https:\\\/\\\/buletin.de\\\/bucuresti\\\/wp-content\\\/uploads\\\/2025\\\/09\\\/Cathedral-Plaza.jpg\",\"contentUrl\":\"https:\\\/\\\/buletin.de\\\/bucuresti\\\/wp-content\\\/uploads\\\/2025\\\/09\\\/Cathedral-Plaza.jpg\",\"width\":1600,\"height\":900,\"caption\":\"Cathedral Plaza va fi demolat\u0103 imediat ce se va pronun\u021ba instan\u021ba, promite Prim\u0103ria General\u0103. Foto: Nicu\u0219or Dan\"},{\"@type\":\"BreadcrumbList\",\"@id\":\"https:\\\/\\\/buletin.de\\\/bucuresti\\\/cathedral-plaza-va-fi-demolata-imediat-ce-se-va-pronunta-instanta-promite-primaria-generala\\\/#breadcrumb\",\"itemListElement\":[{\"@type\":\"ListItem\",\"position\":1,\"name\":\"Acas\u0103\",\"item\":\"https:\\\/\\\/buletin.de\\\/bucuresti\\\/\"},{\"@type\":\"ListItem\",\"position\":2,\"name\":\"Cathedral Plaza va fi demolat\u0103 imediat ce se va pronun\u021ba instan\u021ba, promite Prim\u0103ria General\u0103\"}]},{\"@type\":\"WebSite\",\"@id\":\"https:\\\/\\\/buletin.de\\\/bucuresti\\\/#website\",\"url\":\"https:\\\/\\\/buletin.de\\\/bucuresti\\\/\",\"name\":\"Buletin de Bucure\u0219ti\",\"description\":\"\u0218tiri \u0219i investiga\u021bii esen\u021biale din capital\u0103\",\"publisher\":{\"@id\":\"https:\\\/\\\/buletin.de\\\/bucuresti\\\/#organization\"},\"potentialAction\":[{\"@type\":\"SearchAction\",\"target\":{\"@type\":\"EntryPoint\",\"urlTemplate\":\"https:\\\/\\\/buletin.de\\\/bucuresti\\\/?s={search_term_string}\"},\"query-input\":{\"@type\":\"PropertyValueSpecification\",\"valueRequired\":true,\"valueName\":\"search_term_string\"}}],\"inLanguage\":\"en-GB\"},{\"@type\":\"Organization\",\"@id\":\"https:\\\/\\\/buletin.de\\\/bucuresti\\\/#organization\",\"name\":\"Buletin de Bucure\u0219ti\",\"url\":\"https:\\\/\\\/buletin.de\\\/bucuresti\\\/\",\"logo\":{\"@type\":\"ImageObject\",\"inLanguage\":\"en-GB\",\"@id\":\"https:\\\/\\\/buletin.de\\\/bucuresti\\\/#\\\/schema\\\/logo\\\/image\\\/\",\"url\":\"https:\\\/\\\/buletin.de\\\/bucuresti\\\/wp-content\\\/uploads\\\/logo-bdb-full-wide-vernil-transparent.png\",\"contentUrl\":\"https:\\\/\\\/buletin.de\\\/bucuresti\\\/wp-content\\\/uploads\\\/logo-bdb-full-wide-vernil-transparent.png\",\"width\":1782,\"height\":626,\"caption\":\"Buletin de Bucure\u0219ti\"},\"image\":{\"@id\":\"https:\\\/\\\/buletin.de\\\/bucuresti\\\/#\\\/schema\\\/logo\\\/image\\\/\"},\"sameAs\":[\"https:\\\/\\\/www.facebook.com\\\/buletin.de.buc\",\"https:\\\/\\\/www.instagram.com\\\/buletinde.bucuresti\\\/\"]},{\"@type\":\"Person\",\"@id\":\"https:\\\/\\\/buletin.de\\\/bucuresti\\\/#\\\/schema\\\/person\\\/0ac9db30080482be87c7386a30f98796\",\"name\":\"C\u0103t\u0103lin Anghel-Dimache\",\"image\":{\"@type\":\"ImageObject\",\"inLanguage\":\"en-GB\",\"@id\":\"https:\\\/\\\/buletin.de\\\/bucuresti\\\/wp-content\\\/uploads\\\/Catalin-Anghel-Dimache-96x96.jpgbd9e43c5b25186d5b8e917ac61ad86c4\",\"url\":\"https:\\\/\\\/buletin.de\\\/bucuresti\\\/wp-content\\\/uploads\\\/Catalin-Anghel-Dimache-96x96.jpg\",\"contentUrl\":\"https:\\\/\\\/buletin.de\\\/bucuresti\\\/wp-content\\\/uploads\\\/Catalin-Anghel-Dimache-96x96.jpg\",\"caption\":\"C\u0103t\u0103lin Anghel-Dimache\"},\"description\":\"A absolvit Facultatea de Jurnalism \u0219i \u0218tiin\u021bele Comunic\u0103rii a Universit\u0103\u021bii din Bucure\u0219ti \u00een 2024. Scrie despre mediu \u0219i teme sociale, dar \u0219i despre cum se reflect\u0103 ele \u00een via\u021ba cotidian\u0103 a bucure\u0219tenilor, cu un ochi atent la pove\u0219tile personale din spatele titlurilor. N\u0103scut \u0219i crescut \u00een Bucure\u0219ti, a f\u0103cut un pas c\u0103tre presa local\u0103, din pasiune pentru ora\u0219ul s\u0103u \u0219i oamenii din el.\",\"url\":\"https:\\\/\\\/buletin.de\\\/bucuresti\\\/author\\\/catalin-anghel-dimache\\\/\"}]}<\/script>\n<!-- \/ Yoast SEO Premium plugin. -->","yoast_head_json":{"title":"Cathedral Plaza va fi demolat\u0103 imediat ce se va pronun\u021ba instan\u021ba, promite Prim\u0103ria General\u0103 - Buletin de Bucure\u0219ti","description":"Cathedral Plaza va fi demolat\u0103 imediat ce se va pronun\u021ba instan\u021ba, promite Prim\u0103ria Municipiului Bucure\u0219ti.","robots":{"index":"index","follow":"follow","max-snippet":"max-snippet:-1","max-image-preview":"max-image-preview:large","max-video-preview":"max-video-preview:-1"},"canonical":"https:\/\/buletin.de\/bucuresti\/cathedral-plaza-va-fi-demolata-imediat-ce-se-va-pronunta-instanta-promite-primaria-generala\/","og_locale":"en_GB","og_type":"article","og_title":"Cathedral Plaza va fi demolat\u0103 imediat ce se va pronun\u021ba instan\u021ba, promite Prim\u0103ria General\u0103","og_description":"Cathedral Plaza va fi demolat\u0103 imediat ce se va pronun\u021ba instan\u021ba, promite Prim\u0103ria Municipiului Bucure\u0219ti.","og_url":"https:\/\/buletin.de\/bucuresti\/cathedral-plaza-va-fi-demolata-imediat-ce-se-va-pronunta-instanta-promite-primaria-generala\/","og_site_name":"Buletin de Bucure\u0219ti","article_publisher":"https:\/\/www.facebook.com\/buletin.de.buc","article_published_time":"2025-09-21T05:03:00+00:00","article_modified_time":"2025-09-21T09:21:13+00:00","og_image":[{"width":1600,"height":900,"url":"https:\/\/buletin.de\/bucuresti\/wp-content\/uploads\/2025\/09\/Cathedral-Plaza.jpg","type":"image\/jpeg"}],"author":"C\u0103t\u0103lin Anghel-Dimache","twitter_card":"summary_large_image","twitter_misc":{"Written by":"C\u0103t\u0103lin Anghel-Dimache","Estimated reading time":"3 minutes"},"schema":{"@context":"https:\/\/schema.org","@graph":[{"@type":"Article","@id":"https:\/\/buletin.de\/bucuresti\/cathedral-plaza-va-fi-demolata-imediat-ce-se-va-pronunta-instanta-promite-primaria-generala\/#article","isPartOf":{"@id":"https:\/\/buletin.de\/bucuresti\/cathedral-plaza-va-fi-demolata-imediat-ce-se-va-pronunta-instanta-promite-primaria-generala\/"},"author":{"name":"C\u0103t\u0103lin Anghel-Dimache","@id":"https:\/\/buletin.de\/bucuresti\/#\/schema\/person\/0ac9db30080482be87c7386a30f98796"},"headline":"Cathedral Plaza va fi demolat\u0103 imediat ce se va pronun\u021ba instan\u021ba, promite Prim\u0103ria General\u0103","datePublished":"2025-09-21T05:03:00+00:00","dateModified":"2025-09-21T09:21:13+00:00","mainEntityOfPage":{"@id":"https:\/\/buletin.de\/bucuresti\/cathedral-plaza-va-fi-demolata-imediat-ce-se-va-pronunta-instanta-promite-primaria-generala\/"},"wordCount":675,"publisher":{"@id":"https:\/\/buletin.de\/bucuresti\/#organization"},"image":{"@id":"https:\/\/buletin.de\/bucuresti\/cathedral-plaza-va-fi-demolata-imediat-ce-se-va-pronunta-instanta-promite-primaria-generala\/#primaryimage"},"thumbnailUrl":"https:\/\/buletin.de\/bucuresti\/wp-content\/uploads\/2025\/09\/Cathedral-Plaza.jpg","keywords":["bucuresti","Capitala","cathedral plaza"],"articleSection":["Articole","Main","Prim\u0103rie"],"inLanguage":"en-GB","copyrightYear":"2025","copyrightHolder":{"@id":"https:\/\/buletin.de\/bucuresti\/#organization"}},{"@type":"WebPage","@id":"https:\/\/buletin.de\/bucuresti\/cathedral-plaza-va-fi-demolata-imediat-ce-se-va-pronunta-instanta-promite-primaria-generala\/","url":"https:\/\/buletin.de\/bucuresti\/cathedral-plaza-va-fi-demolata-imediat-ce-se-va-pronunta-instanta-promite-primaria-generala\/","name":"Cathedral Plaza va fi demolat\u0103 imediat ce se va pronun\u021ba instan\u021ba, promite Prim\u0103ria General\u0103 - Buletin de Bucure\u0219ti","isPartOf":{"@id":"https:\/\/buletin.de\/bucuresti\/#website"},"primaryImageOfPage":{"@id":"https:\/\/buletin.de\/bucuresti\/cathedral-plaza-va-fi-demolata-imediat-ce-se-va-pronunta-instanta-promite-primaria-generala\/#primaryimage"},"image":{"@id":"https:\/\/buletin.de\/bucuresti\/cathedral-plaza-va-fi-demolata-imediat-ce-se-va-pronunta-instanta-promite-primaria-generala\/#primaryimage"},"thumbnailUrl":"https:\/\/buletin.de\/bucuresti\/wp-content\/uploads\/2025\/09\/Cathedral-Plaza.jpg","datePublished":"2025-09-21T05:03:00+00:00","dateModified":"2025-09-21T09:21:13+00:00","description":"Cathedral Plaza va fi demolat\u0103 imediat ce se va pronun\u021ba instan\u021ba, promite Prim\u0103ria Municipiului Bucure\u0219ti.","breadcrumb":{"@id":"https:\/\/buletin.de\/bucuresti\/cathedral-plaza-va-fi-demolata-imediat-ce-se-va-pronunta-instanta-promite-primaria-generala\/#breadcrumb"},"inLanguage":"en-GB","potentialAction":[{"@type":"ReadAction","target":["https:\/\/buletin.de\/bucuresti\/cathedral-plaza-va-fi-demolata-imediat-ce-se-va-pronunta-instanta-promite-primaria-generala\/"]}]},{"@type":"ImageObject","inLanguage":"en-GB","@id":"https:\/\/buletin.de\/bucuresti\/cathedral-plaza-va-fi-demolata-imediat-ce-se-va-pronunta-instanta-promite-primaria-generala\/#primaryimage","url":"https:\/\/buletin.de\/bucuresti\/wp-content\/uploads\/2025\/09\/Cathedral-Plaza.jpg","contentUrl":"https:\/\/buletin.de\/bucuresti\/wp-content\/uploads\/2025\/09\/Cathedral-Plaza.jpg","width":1600,"height":900,"caption":"Cathedral Plaza va fi demolat\u0103 imediat ce se va pronun\u021ba instan\u021ba, promite Prim\u0103ria General\u0103. Foto: Nicu\u0219or Dan"},{"@type":"BreadcrumbList","@id":"https:\/\/buletin.de\/bucuresti\/cathedral-plaza-va-fi-demolata-imediat-ce-se-va-pronunta-instanta-promite-primaria-generala\/#breadcrumb","itemListElement":[{"@type":"ListItem","position":1,"name":"Acas\u0103","item":"https:\/\/buletin.de\/bucuresti\/"},{"@type":"ListItem","position":2,"name":"Cathedral Plaza va fi demolat\u0103 imediat ce se va pronun\u021ba instan\u021ba, promite Prim\u0103ria General\u0103"}]},{"@type":"WebSite","@id":"https:\/\/buletin.de\/bucuresti\/#website","url":"https:\/\/buletin.de\/bucuresti\/","name":"Buletin de Bucure\u0219ti","description":"\u0218tiri \u0219i investiga\u021bii esen\u021biale din capital\u0103","publisher":{"@id":"https:\/\/buletin.de\/bucuresti\/#organization"},"potentialAction":[{"@type":"SearchAction","target":{"@type":"EntryPoint","urlTemplate":"https:\/\/buletin.de\/bucuresti\/?s={search_term_string}"},"query-input":{"@type":"PropertyValueSpecification","valueRequired":true,"valueName":"search_term_string"}}],"inLanguage":"en-GB"},{"@type":"Organization","@id":"https:\/\/buletin.de\/bucuresti\/#organization","name":"Buletin de Bucure\u0219ti","url":"https:\/\/buletin.de\/bucuresti\/","logo":{"@type":"ImageObject","inLanguage":"en-GB","@id":"https:\/\/buletin.de\/bucuresti\/#\/schema\/logo\/image\/","url":"https:\/\/buletin.de\/bucuresti\/wp-content\/uploads\/logo-bdb-full-wide-vernil-transparent.png","contentUrl":"https:\/\/buletin.de\/bucuresti\/wp-content\/uploads\/logo-bdb-full-wide-vernil-transparent.png","width":1782,"height":626,"caption":"Buletin de Bucure\u0219ti"},"image":{"@id":"https:\/\/buletin.de\/bucuresti\/#\/schema\/logo\/image\/"},"sameAs":["https:\/\/www.facebook.com\/buletin.de.buc","https:\/\/www.instagram.com\/buletinde.bucuresti\/"]},{"@type":"Person","@id":"https:\/\/buletin.de\/bucuresti\/#\/schema\/person\/0ac9db30080482be87c7386a30f98796","name":"C\u0103t\u0103lin Anghel-Dimache","image":{"@type":"ImageObject","inLanguage":"en-GB","@id":"https:\/\/buletin.de\/bucuresti\/wp-content\/uploads\/Catalin-Anghel-Dimache-96x96.jpgbd9e43c5b25186d5b8e917ac61ad86c4","url":"https:\/\/buletin.de\/bucuresti\/wp-content\/uploads\/Catalin-Anghel-Dimache-96x96.jpg","contentUrl":"https:\/\/buletin.de\/bucuresti\/wp-content\/uploads\/Catalin-Anghel-Dimache-96x96.jpg","caption":"C\u0103t\u0103lin Anghel-Dimache"},"description":"A absolvit Facultatea de Jurnalism \u0219i \u0218tiin\u021bele Comunic\u0103rii a Universit\u0103\u021bii din Bucure\u0219ti \u00een 2024. Scrie despre mediu \u0219i teme sociale, dar \u0219i despre cum se reflect\u0103 ele \u00een via\u021ba cotidian\u0103 a bucure\u0219tenilor, cu un ochi atent la pove\u0219tile personale din spatele titlurilor. N\u0103scut \u0219i crescut \u00een Bucure\u0219ti, a f\u0103cut un pas c\u0103tre presa local\u0103, din pasiune pentru ora\u0219ul s\u0103u \u0219i oamenii din el.","url":"https:\/\/buletin.de\/bucuresti\/author\/catalin-anghel-dimache\/"}]}},"authors":[{"term_id":22572,"user_id":59,"is_guest":0,"slug":"catalin-anghel-dimache","display_name":"C\u0103t\u0103lin Anghel-Dimache","avatar_url":"https:\/\/buletin.de\/bucuresti\/wp-content\/uploads\/Catalin-Anghel-Dimache-96x96.jpg","0":null,"1":"","2":"","3":"","4":"","5":"","6":"","7":"","8":""}],"_links":{"self":[{"href":"https:\/\/buletin.de\/bucuresti\/wp-json\/wp\/v2\/posts\/148674","targetHints":{"allow":["GET"]}}],"collection":[{"href":"https:\/\/buletin.de\/bucuresti\/wp-json\/wp\/v2\/posts"}],"about":[{"href":"https:\/\/buletin.de\/bucuresti\/wp-json\/wp\/v2\/types\/post"}],"author":[{"embeddable":true,"href":"https:\/\/buletin.de\/bucuresti\/wp-json\/wp\/v2\/users\/59"}],"replies":[{"embeddable":true,"href":"https:\/\/buletin.de\/bucuresti\/wp-json\/wp\/v2\/comments?post=148674"}],"version-history":[{"count":2,"href":"https:\/\/buletin.de\/bucuresti\/wp-json\/wp\/v2\/posts\/148674\/revisions"}],"predecessor-version":[{"id":148735,"href":"https:\/\/buletin.de\/bucuresti\/wp-json\/wp\/v2\/posts\/148674\/revisions\/148735"}],"wp:featuredmedia":[{"embeddable":true,"href":"https:\/\/buletin.de\/bucuresti\/wp-json\/wp\/v2\/media\/148682"}],"wp:attachment":[{"href":"https:\/\/buletin.de\/bucuresti\/wp-json\/wp\/v2\/media?parent=148674"}],"wp:term":[{"taxonomy":"category","embeddable":true,"href":"https:\/\/buletin.de\/bucuresti\/wp-json\/wp\/v2\/categories?post=148674"},{"taxonomy":"post_tag","embeddable":true,"href":"https:\/\/buletin.de\/bucuresti\/wp-json\/wp\/v2\/tags?post=148674"},{"taxonomy":"author","embeddable":true,"href":"https:\/\/buletin.de\/bucuresti\/wp-json\/wp\/v2\/ppma_author?post=148674"}],"curies":[{"name":"wp","href":"https:\/\/api.w.org\/{rel}","templated":true}]}}