{"id":148475,"date":"2025-09-18T20:58:37","date_gmt":"2025-09-18T17:58:37","guid":{"rendered":"https:\/\/buletin.de\/bucuresti\/?p=148475"},"modified":"2025-09-18T21:03:16","modified_gmt":"2025-09-18T18:03:16","slug":"mutari-imobiliare-importante-in-bucuresti-cine-a-cumparat-blocul-scala-cladirea-fostei-bancorex-este-demolata","status":"publish","type":"post","link":"https:\/\/buletin.de\/bucuresti\/mutari-imobiliare-importante-in-bucuresti-cine-a-cumparat-blocul-scala-cladirea-fostei-bancorex-este-demolata\/","title":{"rendered":"Mut\u0103ri imobiliare importante \u00een Bucure\u0219ti: cine a cump\u0103rat blocul Scala. Cl\u0103direa fostei Bancorex este demolat\u0103"},"content":{"rendered":"\n<p><strong>Cl\u0103direa fostei b\u0103nci Bancorex, din Calea Victoriei, este \u00een plin proces de demolare par\u021bial\u0103, potrivit imaginilor filmate de Libertatea. Pe de alt\u0103 parte, a fost aflat investitorul care a cump\u0103rat blocul Scala, imobilul emblematic de pe Bulevardul Magheru.<\/strong><\/p>\n\n\n\n<h2 class=\"wp-block-heading\" id=\"h-terase-cu-iarba-in-locul-podiumului\">Terase cu iarb\u0103, \u00een locul Podiumului<\/h2>\n\n\n\n<p><strong>Fostul sediu al Bancorex, construit \u00een anii 1990, pe o suprafa\u021b\u0103 de 26.300 de metri p\u0103tra\u021bi, \u0219i modernizat \u00een 2012, este format din dou\u0103 corpuri: turnul cu 17 etaje \u0219i cl\u0103direa adiacent\u0103, cu 6 etaje (Podiumul).<\/strong><\/p>\n\n\n\n<p>Dup\u0103 falimentul Bancorex, produs \u00een 1999, imobilul a trecut \u00een portofoliul BCR, care l-a folosit ca sediu p\u00e2n\u0103 \u00een 2020. Potrivit informa\u021biilor <a href=\"https:\/\/www.libertatea.ro\/stiri\/demolare-sediu-bcr-calea-victoriei-cladirea-bancorex-demolata-bucharest-financial-plaza-5453189\" target=\"_blank\" rel=\"noreferrer noopener\">Libertatea<\/a>, turnul va r\u0103m\u00e2ne, dar Podiumul va fi demolat.<\/p>\n\n\n\n<p><strong>\u00cen august 2024, AFI Europe a cump\u0103rat cl\u0103direa de la Immofinanz, conform Economica.net, pentru 27,5 milioane de euro, dup\u0103 ce Immofinanz o cump\u0103rase cu 36 de milioane de euro \u00een 2020 de la BCR. <\/strong><\/p>\n\n\n\n<p>\u201eVor fi executate lucr\u0103ri de reconfigurare spa\u021bial\u0103, volumetric\u0103, de extindere a imobilului \u0219i de amenajare exterioar\u0103 \u0219i peisagistic\u0103, precum \u0219i de reamenajare a parc\u0103rii auto subterane. Se va remodela \u00abPodium-ul\u00bb pentru a se putea amenaja terase \u00eenierbate care vor extinde spa\u021biul public spre cl\u0103direa CEC. <\/p>\n\n\n\n<p>De asemenea, se vor executa lucr\u0103ri pentru eficientizarea energetic\u0103 a cl\u0103dirii, iar odat\u0103 cu eliminarea par\u021bial\u0103 a etajelor se va \u00eembun\u0103t\u0103\u021bi vizibilitatea asupra cl\u0103dirii CEC \u0219i a Magazinului Victoria\u201d, a declarat fostul primar general Nicu\u0219or Dan \u00een toamna lui 2023, c\u00e2nd a emis autoriza\u021bia de construire, potrivit Libertatea.<\/p>\n\n\n\n<p><strong>CITE\u0218TE \u0218I: <a href=\"https:\/\/buletin.de\/bucuresti\/care-sunt-cele-mai-poluate-intersectii-din-bucuresti-green-report\/\" target=\"_blank\" rel=\"noreferrer noopener\">Care sunt cele mai poluate intersec\u021bii din Bucure\u0219ti | Green Report<\/a><\/strong><\/p>\n\n\n\n<h2 class=\"wp-block-heading\" id=\"h-blocul-scala-cumparat-de-daniela-schoppmeyer\">Blocul Scala, cump\u0103rat de Daniela Schoppmeyer<\/h2>\n\n\n\n<p><strong>Investitorul rom\u00e2n care a cump\u0103rat de la mo\u0219tenitorii familiei Bragadiru jum\u0103tate din emblematicul bloc de locuin\u021be Scala, de pe Bulevardul Magheru, din centrul capitalei, de\u021bine o celebr\u0103 fabric\u0103 de confec\u021bii din Bucure\u0219ti, potrivit informa\u021biilor ob\u021binute de <a href=\"https:\/\/www.profit.ro\/povesti-cu-profit\/real-estate-constructii\/exclusiv-surpriza-misteriosul-cumparator-al-celebrului-bloc-scala-din-centrul-bucurestiului-foto-22168063\">Profit.ro<\/a>.<\/strong><\/p>\n\n\n\n<p>\u00cen momentul \u00eencheierii tranzac\u021biei a fost\u00a0anun\u021bat doar c\u0103 noul proprietar este un antreprenor rom\u00e2n, \u201edeja cunoscut pentru portofoliul s\u0103u extins de spa\u021bii comerciale \u00een diverse zone ale ora\u0219ului\u201d.<\/p>\n\n\n\n<p>Profit.ro a aflat c\u0103 este vorba despre Daniela Schoppmeyer (45 de ani), ac\u021bionarul majoritar \u0219i directorul general al Faberrom, companie care a preluat \u00een anii `90 cea mai mare parte din spa\u021biile fostei fabrici de confec\u021bii APACA, din vestul Bucure\u0219tiului, \u00een momentul privatiz\u0103rii acesteia.<\/p>\n\n\n\n<p><strong>Daniela Schoppmeyer a cump\u0103rat cele 27 de apartamente \u0219i studio-uri, precum \u0219i spa\u021biul comercial de la parterul blocului Scala, aflate \u00een proprietatea mo\u0219tenitorilor familiei Bragadiru. <\/strong><\/p>\n\n\n\n<p>\u00centrebat\u0103 de Profit.ro ce plan are \u00een privin\u021ba apartamentelor cump\u0103rate, dac\u0103 vor fi introduse pe pia\u021ba \u00eenchirierilor \u0219i dac\u0103 imobilul \u00een care se afl\u0103 acestea va fi consolidat, Daniela Schoppmeyer a r\u0103spuns c\u0103, deocamdat\u0103, nu poate oferi aceste informa\u021bii.<\/p>\n\n\n\n<p><strong>CITE\u0218TE \u0218I: <a href=\"https:\/\/buletin.de\/bucuresti\/daniel-baluta-a-picat-testul-rapid-al-lui-ceausescu-a-iesit-pozitiv-la-marijuana\/\" target=\"_blank\" rel=\"noreferrer noopener\">Daniel B\u0103lu\u021b\u0103 a picat testul rapid al lui Ceau\u0219escu. A ie\u0219it pozitiv la marijuana. UPDATE: Analizele ulterioare au infirmat rezultatul<\/a><\/strong><\/p>\n\n\n\n<p><\/p>\n","protected":false},"excerpt":{"rendered":"<p>Cl\u0103direa fostei b\u0103nci Bancorex, din Calea Victoriei, este \u00een plin proces de demolare par\u021bial\u0103, potrivit imaginilor filmate de Libertatea. Pe de alt\u0103 parte, a fost aflat investitorul care a cump\u0103rat blocul Scala, imobilul emblematic de pe Bulevardul Magheru. Terase cu iarb\u0103, \u00een locul Podiumului Fostul sediu al Bancorex, construit \u00een anii 1990, pe o suprafa\u021b\u0103 [&hellip;]<\/p>\n","protected":false},"author":1,"featured_media":148499,"comment_status":"closed","ping_status":"open","sticky":false,"template":"","format":"standard","meta":{"_acf_changed":false,"inline_featured_image":false,"ngg_post_thumbnail":0,"footnotes":""},"categories":[6994,9026,62],"tags":[2809,20871,23839,23840],"ppma_author":[22583],"class_list":["post-148475","post","type-post","status-publish","format-standard","has-post-thumbnail","hentry","category-stiri-2","category-eveniment","category-stiri","tag-apaca","tag-bancorex","tag-blocul-scala","tag-cladirea-bancorex"],"acf":[],"yoast_head":"<!-- This site is optimized with the Yoast SEO Premium plugin v25.3 (Yoast SEO v27.4) - https:\/\/yoast.com\/product\/yoast-seo-premium-wordpress\/ -->\n<title>Mut\u0103ri imobiliare importante \u00een Bucure\u0219ti: cine a cump\u0103rat blocul Scala. Cl\u0103direa fostei Bancorex este demolat\u0103 - Buletin de Bucure\u0219ti<\/title>\n<meta name=\"description\" content=\"A fost aflat investitorul care a cump\u0103rat blocul Scala, imobilul emblematic de pe Bulevardul Magheru. Este patroana de la APACA.\" \/>\n<meta name=\"robots\" content=\"index, follow, max-snippet:-1, max-image-preview:large, max-video-preview:-1\" \/>\n<link rel=\"canonical\" href=\"https:\/\/buletin.de\/bucuresti\/mutari-imobiliare-importante-in-bucuresti-cine-a-cumparat-blocul-scala-cladirea-fostei-bancorex-este-demolata\/\" \/>\n<meta property=\"og:locale\" content=\"en_GB\" \/>\n<meta property=\"og:type\" content=\"article\" \/>\n<meta property=\"og:title\" content=\"Mut\u0103ri imobiliare importante \u00een Bucure\u0219ti: cine a cump\u0103rat blocul Scala. Cl\u0103direa fostei Bancorex este demolat\u0103\" \/>\n<meta property=\"og:description\" content=\"A fost aflat investitorul care a cump\u0103rat blocul Scala, imobilul emblematic de pe Bulevardul Magheru. Este patroana de la APACA.\" \/>\n<meta property=\"og:url\" content=\"https:\/\/buletin.de\/bucuresti\/mutari-imobiliare-importante-in-bucuresti-cine-a-cumparat-blocul-scala-cladirea-fostei-bancorex-este-demolata\/\" \/>\n<meta property=\"og:site_name\" content=\"Buletin de Bucure\u0219ti\" \/>\n<meta property=\"article:publisher\" content=\"https:\/\/www.facebook.com\/buletin.de.buc\" \/>\n<meta property=\"article:published_time\" content=\"2025-09-18T17:58:37+00:00\" \/>\n<meta property=\"article:modified_time\" content=\"2025-09-18T18:03:16+00:00\" \/>\n<meta property=\"og:image\" content=\"https:\/\/buletin.de\/bucuresti\/wp-content\/uploads\/2025\/09\/bloculscala.jpg\" \/>\n\t<meta property=\"og:image:width\" content=\"1024\" \/>\n\t<meta property=\"og:image:height\" content=\"448\" \/>\n\t<meta property=\"og:image:type\" content=\"image\/jpeg\" \/>\n<meta name=\"author\" content=\"Redac\u021bia Buletin de Bucure\u0219ti\" \/>\n<meta name=\"twitter:card\" content=\"summary_large_image\" \/>\n<meta name=\"twitter:label1\" content=\"Written by\" \/>\n\t<meta name=\"twitter:data1\" content=\"Redac\u021bia Buletin de Bucure\u0219ti\" \/>\n\t<meta name=\"twitter:label2\" content=\"Estimated reading time\" \/>\n\t<meta name=\"twitter:data2\" content=\"3 minutes\" \/>\n<script type=\"application\/ld+json\" class=\"yoast-schema-graph\">{\"@context\":\"https:\\\/\\\/schema.org\",\"@graph\":[{\"@type\":\"Article\",\"@id\":\"https:\\\/\\\/buletin.de\\\/bucuresti\\\/mutari-imobiliare-importante-in-bucuresti-cine-a-cumparat-blocul-scala-cladirea-fostei-bancorex-este-demolata\\\/#article\",\"isPartOf\":{\"@id\":\"https:\\\/\\\/buletin.de\\\/bucuresti\\\/mutari-imobiliare-importante-in-bucuresti-cine-a-cumparat-blocul-scala-cladirea-fostei-bancorex-este-demolata\\\/\"},\"author\":{\"name\":\"Redac\u021bia Buletin de Bucure\u0219ti\",\"@id\":\"https:\\\/\\\/buletin.de\\\/bucuresti\\\/#\\\/schema\\\/person\\\/2bbcf854e5f2419a13804af574d06ab1\"},\"headline\":\"Mut\u0103ri imobiliare importante \u00een Bucure\u0219ti: cine a cump\u0103rat blocul Scala. Cl\u0103direa fostei Bancorex este demolat\u0103\",\"datePublished\":\"2025-09-18T17:58:37+00:00\",\"dateModified\":\"2025-09-18T18:03:16+00:00\",\"mainEntityOfPage\":{\"@id\":\"https:\\\/\\\/buletin.de\\\/bucuresti\\\/mutari-imobiliare-importante-in-bucuresti-cine-a-cumparat-blocul-scala-cladirea-fostei-bancorex-este-demolata\\\/\"},\"wordCount\":525,\"publisher\":{\"@id\":\"https:\\\/\\\/buletin.de\\\/bucuresti\\\/#organization\"},\"image\":{\"@id\":\"https:\\\/\\\/buletin.de\\\/bucuresti\\\/mutari-imobiliare-importante-in-bucuresti-cine-a-cumparat-blocul-scala-cladirea-fostei-bancorex-este-demolata\\\/#primaryimage\"},\"thumbnailUrl\":\"https:\\\/\\\/buletin.de\\\/bucuresti\\\/wp-content\\\/uploads\\\/2025\\\/09\\\/bloculscala.jpg\",\"keywords\":[\"apaca\",\"bancorex\",\"blocul scala\",\"cladirea bancorex\"],\"articleSection\":[\"Articole\",\"Eveniment\",\"\u0218tiri\"],\"inLanguage\":\"en-GB\",\"copyrightYear\":\"2025\",\"copyrightHolder\":{\"@id\":\"https:\\\/\\\/buletin.de\\\/bucuresti\\\/#organization\"}},{\"@type\":\"WebPage\",\"@id\":\"https:\\\/\\\/buletin.de\\\/bucuresti\\\/mutari-imobiliare-importante-in-bucuresti-cine-a-cumparat-blocul-scala-cladirea-fostei-bancorex-este-demolata\\\/\",\"url\":\"https:\\\/\\\/buletin.de\\\/bucuresti\\\/mutari-imobiliare-importante-in-bucuresti-cine-a-cumparat-blocul-scala-cladirea-fostei-bancorex-este-demolata\\\/\",\"name\":\"Mut\u0103ri imobiliare importante \u00een Bucure\u0219ti: cine a cump\u0103rat blocul Scala. Cl\u0103direa fostei Bancorex este demolat\u0103 - Buletin de Bucure\u0219ti\",\"isPartOf\":{\"@id\":\"https:\\\/\\\/buletin.de\\\/bucuresti\\\/#website\"},\"primaryImageOfPage\":{\"@id\":\"https:\\\/\\\/buletin.de\\\/bucuresti\\\/mutari-imobiliare-importante-in-bucuresti-cine-a-cumparat-blocul-scala-cladirea-fostei-bancorex-este-demolata\\\/#primaryimage\"},\"image\":{\"@id\":\"https:\\\/\\\/buletin.de\\\/bucuresti\\\/mutari-imobiliare-importante-in-bucuresti-cine-a-cumparat-blocul-scala-cladirea-fostei-bancorex-este-demolata\\\/#primaryimage\"},\"thumbnailUrl\":\"https:\\\/\\\/buletin.de\\\/bucuresti\\\/wp-content\\\/uploads\\\/2025\\\/09\\\/bloculscala.jpg\",\"datePublished\":\"2025-09-18T17:58:37+00:00\",\"dateModified\":\"2025-09-18T18:03:16+00:00\",\"description\":\"A fost aflat investitorul care a cump\u0103rat blocul Scala, imobilul emblematic de pe Bulevardul Magheru. Este patroana de la APACA.\",\"breadcrumb\":{\"@id\":\"https:\\\/\\\/buletin.de\\\/bucuresti\\\/mutari-imobiliare-importante-in-bucuresti-cine-a-cumparat-blocul-scala-cladirea-fostei-bancorex-este-demolata\\\/#breadcrumb\"},\"inLanguage\":\"en-GB\",\"potentialAction\":[{\"@type\":\"ReadAction\",\"target\":[\"https:\\\/\\\/buletin.de\\\/bucuresti\\\/mutari-imobiliare-importante-in-bucuresti-cine-a-cumparat-blocul-scala-cladirea-fostei-bancorex-este-demolata\\\/\"]}]},{\"@type\":\"ImageObject\",\"inLanguage\":\"en-GB\",\"@id\":\"https:\\\/\\\/buletin.de\\\/bucuresti\\\/mutari-imobiliare-importante-in-bucuresti-cine-a-cumparat-blocul-scala-cladirea-fostei-bancorex-este-demolata\\\/#primaryimage\",\"url\":\"https:\\\/\\\/buletin.de\\\/bucuresti\\\/wp-content\\\/uploads\\\/2025\\\/09\\\/bloculscala.jpg\",\"contentUrl\":\"https:\\\/\\\/buletin.de\\\/bucuresti\\\/wp-content\\\/uploads\\\/2025\\\/09\\\/bloculscala.jpg\",\"width\":1024,\"height\":448,\"caption\":\"blocul Scala\"},{\"@type\":\"BreadcrumbList\",\"@id\":\"https:\\\/\\\/buletin.de\\\/bucuresti\\\/mutari-imobiliare-importante-in-bucuresti-cine-a-cumparat-blocul-scala-cladirea-fostei-bancorex-este-demolata\\\/#breadcrumb\",\"itemListElement\":[{\"@type\":\"ListItem\",\"position\":1,\"name\":\"Acas\u0103\",\"item\":\"https:\\\/\\\/buletin.de\\\/bucuresti\\\/\"},{\"@type\":\"ListItem\",\"position\":2,\"name\":\"Mut\u0103ri imobiliare importante \u00een Bucure\u0219ti: cine a cump\u0103rat blocul Scala. Cl\u0103direa fostei Bancorex este demolat\u0103\"}]},{\"@type\":\"WebSite\",\"@id\":\"https:\\\/\\\/buletin.de\\\/bucuresti\\\/#website\",\"url\":\"https:\\\/\\\/buletin.de\\\/bucuresti\\\/\",\"name\":\"Buletin de Bucure\u0219ti\",\"description\":\"\u0218tiri \u0219i investiga\u021bii esen\u021biale din capital\u0103\",\"publisher\":{\"@id\":\"https:\\\/\\\/buletin.de\\\/bucuresti\\\/#organization\"},\"potentialAction\":[{\"@type\":\"SearchAction\",\"target\":{\"@type\":\"EntryPoint\",\"urlTemplate\":\"https:\\\/\\\/buletin.de\\\/bucuresti\\\/?s={search_term_string}\"},\"query-input\":{\"@type\":\"PropertyValueSpecification\",\"valueRequired\":true,\"valueName\":\"search_term_string\"}}],\"inLanguage\":\"en-GB\"},{\"@type\":\"Organization\",\"@id\":\"https:\\\/\\\/buletin.de\\\/bucuresti\\\/#organization\",\"name\":\"Buletin de Bucure\u0219ti\",\"url\":\"https:\\\/\\\/buletin.de\\\/bucuresti\\\/\",\"logo\":{\"@type\":\"ImageObject\",\"inLanguage\":\"en-GB\",\"@id\":\"https:\\\/\\\/buletin.de\\\/bucuresti\\\/#\\\/schema\\\/logo\\\/image\\\/\",\"url\":\"https:\\\/\\\/buletin.de\\\/bucuresti\\\/wp-content\\\/uploads\\\/logo-bdb-full-wide-vernil-transparent.png\",\"contentUrl\":\"https:\\\/\\\/buletin.de\\\/bucuresti\\\/wp-content\\\/uploads\\\/logo-bdb-full-wide-vernil-transparent.png\",\"width\":1782,\"height\":626,\"caption\":\"Buletin de Bucure\u0219ti\"},\"image\":{\"@id\":\"https:\\\/\\\/buletin.de\\\/bucuresti\\\/#\\\/schema\\\/logo\\\/image\\\/\"},\"sameAs\":[\"https:\\\/\\\/www.facebook.com\\\/buletin.de.buc\",\"https:\\\/\\\/www.instagram.com\\\/buletinde.bucuresti\\\/\"]},{\"@type\":\"Person\",\"@id\":\"https:\\\/\\\/buletin.de\\\/bucuresti\\\/#\\\/schema\\\/person\\\/2bbcf854e5f2419a13804af574d06ab1\",\"name\":\"Redac\u021bia Buletin de Bucure\u0219ti\",\"image\":{\"@type\":\"ImageObject\",\"inLanguage\":\"en-GB\",\"@id\":\"https:\\\/\\\/secure.gravatar.com\\\/avatar\\\/18c5342381ed1a08620e6280424e3e5efc958618f5d67c522c9e44c1bc6f9226?s=96&d=monsterid&r=g60c7cd0ad92c68c049fcd4bb3504d609\",\"url\":\"https:\\\/\\\/secure.gravatar.com\\\/avatar\\\/18c5342381ed1a08620e6280424e3e5efc958618f5d67c522c9e44c1bc6f9226?s=96&d=monsterid&r=g\",\"contentUrl\":\"https:\\\/\\\/secure.gravatar.com\\\/avatar\\\/18c5342381ed1a08620e6280424e3e5efc958618f5d67c522c9e44c1bc6f9226?s=96&d=monsterid&r=g\",\"caption\":\"Redac\u021bia Buletin de Bucure\u0219ti\"},\"description\":\"Buletin de Bucure\u0219ti exist\u0103 din vara anului 2019.\",\"url\":\"https:\\\/\\\/buletin.de\\\/bucuresti\\\/author\\\/adminbuletin\\\/\"}]}<\/script>\n<!-- \/ Yoast SEO Premium plugin. -->","yoast_head_json":{"title":"Mut\u0103ri imobiliare importante \u00een Bucure\u0219ti: cine a cump\u0103rat blocul Scala. Cl\u0103direa fostei Bancorex este demolat\u0103 - Buletin de Bucure\u0219ti","description":"A fost aflat investitorul care a cump\u0103rat blocul Scala, imobilul emblematic de pe Bulevardul Magheru. Este patroana de la APACA.","robots":{"index":"index","follow":"follow","max-snippet":"max-snippet:-1","max-image-preview":"max-image-preview:large","max-video-preview":"max-video-preview:-1"},"canonical":"https:\/\/buletin.de\/bucuresti\/mutari-imobiliare-importante-in-bucuresti-cine-a-cumparat-blocul-scala-cladirea-fostei-bancorex-este-demolata\/","og_locale":"en_GB","og_type":"article","og_title":"Mut\u0103ri imobiliare importante \u00een Bucure\u0219ti: cine a cump\u0103rat blocul Scala. Cl\u0103direa fostei Bancorex este demolat\u0103","og_description":"A fost aflat investitorul care a cump\u0103rat blocul Scala, imobilul emblematic de pe Bulevardul Magheru. Este patroana de la APACA.","og_url":"https:\/\/buletin.de\/bucuresti\/mutari-imobiliare-importante-in-bucuresti-cine-a-cumparat-blocul-scala-cladirea-fostei-bancorex-este-demolata\/","og_site_name":"Buletin de Bucure\u0219ti","article_publisher":"https:\/\/www.facebook.com\/buletin.de.buc","article_published_time":"2025-09-18T17:58:37+00:00","article_modified_time":"2025-09-18T18:03:16+00:00","og_image":[{"width":1024,"height":448,"url":"https:\/\/buletin.de\/bucuresti\/wp-content\/uploads\/2025\/09\/bloculscala.jpg","type":"image\/jpeg"}],"author":"Redac\u021bia Buletin de Bucure\u0219ti","twitter_card":"summary_large_image","twitter_misc":{"Written by":"Redac\u021bia Buletin de Bucure\u0219ti","Estimated reading time":"3 minutes"},"schema":{"@context":"https:\/\/schema.org","@graph":[{"@type":"Article","@id":"https:\/\/buletin.de\/bucuresti\/mutari-imobiliare-importante-in-bucuresti-cine-a-cumparat-blocul-scala-cladirea-fostei-bancorex-este-demolata\/#article","isPartOf":{"@id":"https:\/\/buletin.de\/bucuresti\/mutari-imobiliare-importante-in-bucuresti-cine-a-cumparat-blocul-scala-cladirea-fostei-bancorex-este-demolata\/"},"author":{"name":"Redac\u021bia Buletin de Bucure\u0219ti","@id":"https:\/\/buletin.de\/bucuresti\/#\/schema\/person\/2bbcf854e5f2419a13804af574d06ab1"},"headline":"Mut\u0103ri imobiliare importante \u00een Bucure\u0219ti: cine a cump\u0103rat blocul Scala. Cl\u0103direa fostei Bancorex este demolat\u0103","datePublished":"2025-09-18T17:58:37+00:00","dateModified":"2025-09-18T18:03:16+00:00","mainEntityOfPage":{"@id":"https:\/\/buletin.de\/bucuresti\/mutari-imobiliare-importante-in-bucuresti-cine-a-cumparat-blocul-scala-cladirea-fostei-bancorex-este-demolata\/"},"wordCount":525,"publisher":{"@id":"https:\/\/buletin.de\/bucuresti\/#organization"},"image":{"@id":"https:\/\/buletin.de\/bucuresti\/mutari-imobiliare-importante-in-bucuresti-cine-a-cumparat-blocul-scala-cladirea-fostei-bancorex-este-demolata\/#primaryimage"},"thumbnailUrl":"https:\/\/buletin.de\/bucuresti\/wp-content\/uploads\/2025\/09\/bloculscala.jpg","keywords":["apaca","bancorex","blocul scala","cladirea bancorex"],"articleSection":["Articole","Eveniment","\u0218tiri"],"inLanguage":"en-GB","copyrightYear":"2025","copyrightHolder":{"@id":"https:\/\/buletin.de\/bucuresti\/#organization"}},{"@type":"WebPage","@id":"https:\/\/buletin.de\/bucuresti\/mutari-imobiliare-importante-in-bucuresti-cine-a-cumparat-blocul-scala-cladirea-fostei-bancorex-este-demolata\/","url":"https:\/\/buletin.de\/bucuresti\/mutari-imobiliare-importante-in-bucuresti-cine-a-cumparat-blocul-scala-cladirea-fostei-bancorex-este-demolata\/","name":"Mut\u0103ri imobiliare importante \u00een Bucure\u0219ti: cine a cump\u0103rat blocul Scala. Cl\u0103direa fostei Bancorex este demolat\u0103 - Buletin de Bucure\u0219ti","isPartOf":{"@id":"https:\/\/buletin.de\/bucuresti\/#website"},"primaryImageOfPage":{"@id":"https:\/\/buletin.de\/bucuresti\/mutari-imobiliare-importante-in-bucuresti-cine-a-cumparat-blocul-scala-cladirea-fostei-bancorex-este-demolata\/#primaryimage"},"image":{"@id":"https:\/\/buletin.de\/bucuresti\/mutari-imobiliare-importante-in-bucuresti-cine-a-cumparat-blocul-scala-cladirea-fostei-bancorex-este-demolata\/#primaryimage"},"thumbnailUrl":"https:\/\/buletin.de\/bucuresti\/wp-content\/uploads\/2025\/09\/bloculscala.jpg","datePublished":"2025-09-18T17:58:37+00:00","dateModified":"2025-09-18T18:03:16+00:00","description":"A fost aflat investitorul care a cump\u0103rat blocul Scala, imobilul emblematic de pe Bulevardul Magheru. Este patroana de la APACA.","breadcrumb":{"@id":"https:\/\/buletin.de\/bucuresti\/mutari-imobiliare-importante-in-bucuresti-cine-a-cumparat-blocul-scala-cladirea-fostei-bancorex-este-demolata\/#breadcrumb"},"inLanguage":"en-GB","potentialAction":[{"@type":"ReadAction","target":["https:\/\/buletin.de\/bucuresti\/mutari-imobiliare-importante-in-bucuresti-cine-a-cumparat-blocul-scala-cladirea-fostei-bancorex-este-demolata\/"]}]},{"@type":"ImageObject","inLanguage":"en-GB","@id":"https:\/\/buletin.de\/bucuresti\/mutari-imobiliare-importante-in-bucuresti-cine-a-cumparat-blocul-scala-cladirea-fostei-bancorex-este-demolata\/#primaryimage","url":"https:\/\/buletin.de\/bucuresti\/wp-content\/uploads\/2025\/09\/bloculscala.jpg","contentUrl":"https:\/\/buletin.de\/bucuresti\/wp-content\/uploads\/2025\/09\/bloculscala.jpg","width":1024,"height":448,"caption":"blocul Scala"},{"@type":"BreadcrumbList","@id":"https:\/\/buletin.de\/bucuresti\/mutari-imobiliare-importante-in-bucuresti-cine-a-cumparat-blocul-scala-cladirea-fostei-bancorex-este-demolata\/#breadcrumb","itemListElement":[{"@type":"ListItem","position":1,"name":"Acas\u0103","item":"https:\/\/buletin.de\/bucuresti\/"},{"@type":"ListItem","position":2,"name":"Mut\u0103ri imobiliare importante \u00een Bucure\u0219ti: cine a cump\u0103rat blocul Scala. Cl\u0103direa fostei Bancorex este demolat\u0103"}]},{"@type":"WebSite","@id":"https:\/\/buletin.de\/bucuresti\/#website","url":"https:\/\/buletin.de\/bucuresti\/","name":"Buletin de Bucure\u0219ti","description":"\u0218tiri \u0219i investiga\u021bii esen\u021biale din capital\u0103","publisher":{"@id":"https:\/\/buletin.de\/bucuresti\/#organization"},"potentialAction":[{"@type":"SearchAction","target":{"@type":"EntryPoint","urlTemplate":"https:\/\/buletin.de\/bucuresti\/?s={search_term_string}"},"query-input":{"@type":"PropertyValueSpecification","valueRequired":true,"valueName":"search_term_string"}}],"inLanguage":"en-GB"},{"@type":"Organization","@id":"https:\/\/buletin.de\/bucuresti\/#organization","name":"Buletin de Bucure\u0219ti","url":"https:\/\/buletin.de\/bucuresti\/","logo":{"@type":"ImageObject","inLanguage":"en-GB","@id":"https:\/\/buletin.de\/bucuresti\/#\/schema\/logo\/image\/","url":"https:\/\/buletin.de\/bucuresti\/wp-content\/uploads\/logo-bdb-full-wide-vernil-transparent.png","contentUrl":"https:\/\/buletin.de\/bucuresti\/wp-content\/uploads\/logo-bdb-full-wide-vernil-transparent.png","width":1782,"height":626,"caption":"Buletin de Bucure\u0219ti"},"image":{"@id":"https:\/\/buletin.de\/bucuresti\/#\/schema\/logo\/image\/"},"sameAs":["https:\/\/www.facebook.com\/buletin.de.buc","https:\/\/www.instagram.com\/buletinde.bucuresti\/"]},{"@type":"Person","@id":"https:\/\/buletin.de\/bucuresti\/#\/schema\/person\/2bbcf854e5f2419a13804af574d06ab1","name":"Redac\u021bia Buletin de Bucure\u0219ti","image":{"@type":"ImageObject","inLanguage":"en-GB","@id":"https:\/\/secure.gravatar.com\/avatar\/18c5342381ed1a08620e6280424e3e5efc958618f5d67c522c9e44c1bc6f9226?s=96&d=monsterid&r=g60c7cd0ad92c68c049fcd4bb3504d609","url":"https:\/\/secure.gravatar.com\/avatar\/18c5342381ed1a08620e6280424e3e5efc958618f5d67c522c9e44c1bc6f9226?s=96&d=monsterid&r=g","contentUrl":"https:\/\/secure.gravatar.com\/avatar\/18c5342381ed1a08620e6280424e3e5efc958618f5d67c522c9e44c1bc6f9226?s=96&d=monsterid&r=g","caption":"Redac\u021bia Buletin de Bucure\u0219ti"},"description":"Buletin de Bucure\u0219ti exist\u0103 din vara anului 2019.","url":"https:\/\/buletin.de\/bucuresti\/author\/adminbuletin\/"}]}},"authors":[{"term_id":22583,"user_id":1,"is_guest":0,"slug":"adminbuletin","display_name":"Redac\u021bia Buletin de Bucure\u0219ti","avatar_url":"https:\/\/secure.gravatar.com\/avatar\/18c5342381ed1a08620e6280424e3e5efc958618f5d67c522c9e44c1bc6f9226?s=96&d=monsterid&r=g","0":null,"1":"","2":"","3":"","4":"","5":"","6":"","7":"","8":""}],"_links":{"self":[{"href":"https:\/\/buletin.de\/bucuresti\/wp-json\/wp\/v2\/posts\/148475","targetHints":{"allow":["GET"]}}],"collection":[{"href":"https:\/\/buletin.de\/bucuresti\/wp-json\/wp\/v2\/posts"}],"about":[{"href":"https:\/\/buletin.de\/bucuresti\/wp-json\/wp\/v2\/types\/post"}],"author":[{"embeddable":true,"href":"https:\/\/buletin.de\/bucuresti\/wp-json\/wp\/v2\/users\/1"}],"replies":[{"embeddable":true,"href":"https:\/\/buletin.de\/bucuresti\/wp-json\/wp\/v2\/comments?post=148475"}],"version-history":[{"count":3,"href":"https:\/\/buletin.de\/bucuresti\/wp-json\/wp\/v2\/posts\/148475\/revisions"}],"predecessor-version":[{"id":148506,"href":"https:\/\/buletin.de\/bucuresti\/wp-json\/wp\/v2\/posts\/148475\/revisions\/148506"}],"wp:featuredmedia":[{"embeddable":true,"href":"https:\/\/buletin.de\/bucuresti\/wp-json\/wp\/v2\/media\/148499"}],"wp:attachment":[{"href":"https:\/\/buletin.de\/bucuresti\/wp-json\/wp\/v2\/media?parent=148475"}],"wp:term":[{"taxonomy":"category","embeddable":true,"href":"https:\/\/buletin.de\/bucuresti\/wp-json\/wp\/v2\/categories?post=148475"},{"taxonomy":"post_tag","embeddable":true,"href":"https:\/\/buletin.de\/bucuresti\/wp-json\/wp\/v2\/tags?post=148475"},{"taxonomy":"author","embeddable":true,"href":"https:\/\/buletin.de\/bucuresti\/wp-json\/wp\/v2\/ppma_author?post=148475"}],"curies":[{"name":"wp","href":"https:\/\/api.w.org\/{rel}","templated":true}]}}