{"id":148457,"date":"2025-09-18T16:15:40","date_gmt":"2025-09-18T13:15:40","guid":{"rendered":"https:\/\/buletin.de\/bucuresti\/?p=148457"},"modified":"2025-09-18T18:00:47","modified_gmt":"2025-09-18T15:00:47","slug":"daniel-baluta-a-picat-testul-rapid-al-lui-ceausescu-a-iesit-pozitiv-la-marijuana","status":"publish","type":"post","link":"https:\/\/buletin.de\/bucuresti\/daniel-baluta-a-picat-testul-rapid-al-lui-ceausescu-a-iesit-pozitiv-la-marijuana\/","title":{"rendered":"Daniel B\u0103lu\u021b\u0103 a picat testul rapid al lui Ceau\u0219escu. A ie\u0219it pozitiv la marijuana. UPDATE: Analizele ulterioare au infirmat rezultatul"},"content":{"rendered":"\n<p><strong>Dup\u0103 ce Marian Ceau\u0219escu l-a provocat pe Daniel B\u0103lu\u021b\u0103, \u00een urm\u0103 cu dou\u0103 s\u0103pt\u0103m\u00e2ni, s\u0103 fie testat pentru droguri, primarul Sectorului 4 a ie\u0219it pozitiv<\/strong> <strong>la marijuana. Ceau\u0219escu i-a administrat dou\u0103 teste rapide. La cel pentru cocain\u0103 a ie\u0219it negativ.<\/strong><\/p>\n\n\n\n<p><strong>UPDATE<\/strong>: \u00centr-o <a href=\"https:\/\/www.facebook.com\/morosanutivilic.marian\/videos\/2526327874419392\" target=\"_blank\" rel=\"noreferrer noopener\">\u00eenregistrare ulterioar\u0103<\/a>, activistul Marian Ceau\u0219escu a prezentat un set de analize cu antetul Spitalului Clinic de Urgen\u021b\u0103 \u201eBagdasar Arseni\u201c care infirm\u0103 rezultatul ini\u021bial privind consumul de marijuana al primarului Sectorului 4, Daniel B\u0103lu\u021b\u0103<\/p>\n\n\n\n<hr class=\"wp-block-separator has-alpha-channel-opacity\"\/>\n\n\n\n<p>Totu\u0219i, exist\u0103 o controvers\u0103 \u00een societate legat\u0103 de aceste teste rapide. Ratele de fals-pozitiv sunt destul de mari, pentru c\u0103 pot fi influen\u021bate de multe dintre alimentele \u0219i medicamentele uzuale.<\/p>\n\n\n\n<iframe src=\"https:\/\/www.facebook.com\/plugins\/video.php?height=314&#038;href=https%3A%2F%2Fwww.facebook.com%2Fmorosanutivilic.marian%2Fvideos%2F1342604220790565%2F&#038;show_text=false&#038;width=560&#038;t=0\" width=\"560\" height=\"314\" style=\"border:none;overflow:hidden\" scrolling=\"no\" frameborder=\"0\" allowfullscreen=\"true\" allow=\"autoplay; clipboard-write; encrypted-media; picture-in-picture; web-share\" allowFullScreen=\"true\"><\/iframe>\n\n\n\n<p><strong>CITE\u0218TE \u0218I: <a href=\"https:\/\/buletin.de\/bucuresti\/sector-2-primaria-anunta-ca-face-primul-pas-in-strategia-antidrog-adoptata-luna-trecuta-unde-va-fi-amplasat-centrul-de-recuperare-pentru-persoanele-dependente-de-droguri\/\" target=\"_blank\" rel=\"noreferrer noopener\">Sector 2 | Prim\u0103ria anun\u021b\u0103 c\u0103 face primul pas \u00een strategia antidrog adoptat\u0103 luna trecut\u0103. Unde va fi amplasat centrul de recuperare pentru persoanele dependente de droguri<\/a><\/strong><\/p>\n\n\n\n<h2 class=\"wp-block-heading\" id=\"h-daniel-balu\u021ba-a-picat-testul-rapid-al-lui-ceau\u0219escu-a-ie\u0219it-pozitiv-la-marijuana\">Daniel B\u0103lu\u021b\u0103 a picat testul rapid al lui Ceau\u0219escu. A ie\u0219it pozitiv la marijuana<\/h2>\n\n\n\n<p><strong>\u201eSunt convins c\u0103 acest test face parte din marja de eroare pe care o are orice categorie de teste de genul acesta\u201d, a declarat primarul Sectorului 4, Daniel B\u0103lu\u021b\u0103, \u00een videoclipul postat pe <a href=\"https:\/\/www.facebook.com\/watch\/?v=1342604220790565\">Facebook <\/a>de Marian Ceau\u0219escu.<\/strong><\/p>\n\n\n\n<p>Ceau\u0219escu \u00eel provocase \u00een urm\u0103 cu dou\u0103 s\u0103pt\u0103m\u00e2ni s\u0103 fac\u0103 acest test. Videoclipul postat de el a generat o serie de comentarii ironice pe seama primarului Sectorului 4:<\/p>\n\n\n\n<ul class=\"wp-block-list\">\n<li>\u201eDeciziile grele se iau mai bine dupa un joint\u201d;<\/li>\n\n\n\n<li>\u201eA b\u0103gat \u0219i el un 0.2\u201d;<\/li>\n\n\n\n<li>\u201eD\u0103, b\u0103 borfa\u015fule, iarba \u00eenapoi!\u201d;<\/li>\n\n\n\n<li>\u201eA fost \u0219i el la o petrecere unde fumau unii pe l\u00e2ng\u0103 el, dar el nu fumeaz\u0103\u201d.<\/li>\n\n\n\n<li>\u201eDe marja asta de eroare poli\u021bia nu \u021bine cont, domnule primar. Ne suspend\u0103 permisele\u201d.<\/li>\n<\/ul>\n\n\n\n<h2 class=\"wp-block-heading\" id=\"h-dependen\u021ba-de-substan\u021be-interzise-nu-mai-trebuie-sa-fie-un-subiect-tabu\">\u201eDependen\u021ba de substan\u021be interzise nu mai trebuie s\u0103 fie un subiect tabu\u201d<\/h2>\n\n\n\n<p><strong>Anul trecut, Daniel B\u0103lu\u021b\u0103 ini\u021bia un proiect intitulat \u201eStart Safe\u201d, ca urmare a \u201ecre\u0219terii alarmante a num\u0103rului de minori \u0219i de tineri deveni\u021bi consumatori de substan\u021be interzise\u201d.<\/strong><\/p>\n\n\n\n<p>Prim\u0103ria Sectorului 4, Universitatea Na\u021bional\u0103 de Art\u0103 Teatral\u0103 \u0219i Cinematografic\u0103 \u201eI.L. Caragiale\u201d, Universitatea de Medicin\u0103 \u0219i Farmacie \u201eCarol Davila\u201d \u0219i Asocia\u021bia \u201eHappy Minds\u201d, au lansat \u00eempreun\u0103 programul dedicat trat\u0103rii \u0219i sprijinirii copiilor \u0219i adolescen\u021bilor care se confrunt\u0103 cu diferite adic\u021bii.<\/p>\n\n\n\n<p><em>\u201eDependen\u021ba de substan\u021be interzise nu mai trebuie s\u0103 fie un subiect tabu. Este o realitate, o natur\u0103 care distruge suflete, rupe familii \u0219i ucide viitorul. (\u2026) \u00cempreun\u0103 implement\u0103m un program prin care oferim mai mult dec\u00e2t tratament, oferim ascultare, \u00eencredere, un cadru sigur \u0219i cel mai important o cale de \u00eentoarcere. Pentru c\u0103 din dependen\u021b\u0103 se poate ie\u0219i cu r\u0103bdare, cu sprijin, cu dragoste. Dar nimeni nu trebuie s\u0103 o fac\u0103 singur\u201d<\/em>, a declarat primarul Sectorului 4, Daniel B\u0103lu\u021b\u0103.<\/p>\n\n\n\n<p><strong>Programul \u201eStart Safe\u201d, dedicat 100% copiilor, ofer\u0103 sprijin psihologic \u0219i folose\u0219te arta teatral\u0103 pentru copiii \u0219i tinerii afla\u021bi \u00een sistemul de protec\u021bie social\u0103<\/strong>.<\/p>\n\n\n\n<p><strong>CITE\u0218TE \u0218I:<\/strong> <strong><a href=\"https:\/\/buletin.de\/bucuresti\/sector-4-sprijin-psihologic-si-consiliere-prin-arta-pentru-minorii-din-centrele-sociale-expusi-consumului-de-stupefiante\/\" target=\"_blank\" rel=\"noreferrer noopener\">Sector 4 | Sprijin psihologic \u0219i consiliere prin art\u0103 pentru minorii din centrele sociale expu\u0219i consumului de stupefiante<\/a><\/strong><\/p>\n","protected":false},"excerpt":{"rendered":"<p>Dup\u0103 ce Marian Ceau\u0219escu l-a provocat pe Daniel B\u0103lu\u021b\u0103, \u00een urm\u0103 cu dou\u0103 s\u0103pt\u0103m\u00e2ni, s\u0103 fie testat pentru droguri, primarul Sectorului 4 a ie\u0219it pozitiv la marijuana. Ceau\u0219escu i-a administrat dou\u0103 teste rapide. La cel pentru cocain\u0103 a ie\u0219it negativ. UPDATE: \u00centr-o \u00eenregistrare ulterioar\u0103, activistul Marian Ceau\u0219escu a prezentat un set de analize cu antetul [&hellip;]<\/p>\n","protected":false},"author":59,"featured_media":148459,"comment_status":"closed","ping_status":"open","sticky":false,"template":"","format":"standard","meta":{"_acf_changed":false,"inline_featured_image":false,"ngg_post_thumbnail":0,"footnotes":""},"categories":[6994,5762,24],"tags":[9,2054,10291,1204,4598,23835,1459,9027,23834],"ppma_author":[22572],"class_list":["post-148457","post","type-post","status-publish","format-standard","has-post-thumbnail","hentry","category-stiri-2","category-main","category-primarie","tag-bucuresti","tag-capitala","tag-cocaina-2","tag-daniel-baluta","tag-droguri","tag-marian-ceausescu","tag-marijuana","tag-primaria-sectorului-4-2","tag-test-antidrog"],"acf":[],"yoast_head":"<!-- This site is optimized with the Yoast SEO Premium plugin v25.3 (Yoast SEO v27.5) - https:\/\/yoast.com\/product\/yoast-seo-premium-wordpress\/ -->\n<title>Daniel B\u0103lu\u021b\u0103 a picat testul rapid al lui Ceau\u0219escu. A ie\u0219it pozitiv la marijuana. UPDATE: Analizele ulterioare au infirmat rezultatul - Buletin de Bucure\u0219ti<\/title>\n<meta name=\"description\" content=\"Daniel B\u0103lu\u021b\u0103 a picat testul rapid al lui Ceau\u0219escu. A ie\u0219it pozitiv la marijuana. Ceau\u0219escu i-a administrat dou\u0103 teste rapide.\" \/>\n<meta name=\"robots\" content=\"index, follow, max-snippet:-1, max-image-preview:large, max-video-preview:-1\" \/>\n<link rel=\"canonical\" href=\"https:\/\/buletin.de\/bucuresti\/daniel-baluta-a-picat-testul-rapid-al-lui-ceausescu-a-iesit-pozitiv-la-marijuana\/\" \/>\n<meta property=\"og:locale\" content=\"en_GB\" \/>\n<meta property=\"og:type\" content=\"article\" \/>\n<meta property=\"og:title\" content=\"Daniel B\u0103lu\u021b\u0103 a picat testul rapid al lui Ceau\u0219escu. A ie\u0219it pozitiv la marijuana. UPDATE: Analizele ulterioare au infirmat rezultatul\" \/>\n<meta property=\"og:description\" content=\"Daniel B\u0103lu\u021b\u0103 a picat testul rapid al lui Ceau\u0219escu. A ie\u0219it pozitiv la marijuana. Ceau\u0219escu i-a administrat dou\u0103 teste rapide.\" \/>\n<meta property=\"og:url\" content=\"https:\/\/buletin.de\/bucuresti\/daniel-baluta-a-picat-testul-rapid-al-lui-ceausescu-a-iesit-pozitiv-la-marijuana\/\" \/>\n<meta property=\"og:site_name\" content=\"Buletin de Bucure\u0219ti\" \/>\n<meta property=\"article:publisher\" content=\"https:\/\/www.facebook.com\/buletin.de.buc\" \/>\n<meta property=\"article:published_time\" content=\"2025-09-18T13:15:40+00:00\" \/>\n<meta property=\"article:modified_time\" content=\"2025-09-18T15:00:47+00:00\" \/>\n<meta property=\"og:image\" content=\"https:\/\/buletin.de\/bucuresti\/wp-content\/uploads\/2025\/09\/ID317002_INQUAM_Photos_George_Calin-scaled.jpg\" \/>\n\t<meta property=\"og:image:width\" content=\"2560\" \/>\n\t<meta property=\"og:image:height\" content=\"1707\" \/>\n\t<meta property=\"og:image:type\" content=\"image\/jpeg\" \/>\n<meta name=\"author\" content=\"C\u0103t\u0103lin Anghel-Dimache\" \/>\n<meta name=\"twitter:card\" content=\"summary_large_image\" \/>\n<meta name=\"twitter:label1\" content=\"Written by\" \/>\n\t<meta name=\"twitter:data1\" content=\"C\u0103t\u0103lin Anghel-Dimache\" \/>\n\t<meta name=\"twitter:label2\" content=\"Estimated reading time\" \/>\n\t<meta name=\"twitter:data2\" content=\"3 minutes\" \/>\n<script type=\"application\/ld+json\" class=\"yoast-schema-graph\">{\"@context\":\"https:\\\/\\\/schema.org\",\"@graph\":[{\"@type\":\"Article\",\"@id\":\"https:\\\/\\\/buletin.de\\\/bucuresti\\\/daniel-baluta-a-picat-testul-rapid-al-lui-ceausescu-a-iesit-pozitiv-la-marijuana\\\/#article\",\"isPartOf\":{\"@id\":\"https:\\\/\\\/buletin.de\\\/bucuresti\\\/daniel-baluta-a-picat-testul-rapid-al-lui-ceausescu-a-iesit-pozitiv-la-marijuana\\\/\"},\"author\":{\"name\":\"C\u0103t\u0103lin Anghel-Dimache\",\"@id\":\"https:\\\/\\\/buletin.de\\\/bucuresti\\\/#\\\/schema\\\/person\\\/0ac9db30080482be87c7386a30f98796\"},\"headline\":\"Daniel B\u0103lu\u021b\u0103 a picat testul rapid al lui Ceau\u0219escu. A ie\u0219it pozitiv la marijuana. UPDATE: Analizele ulterioare au infirmat rezultatul\",\"datePublished\":\"2025-09-18T13:15:40+00:00\",\"dateModified\":\"2025-09-18T15:00:47+00:00\",\"mainEntityOfPage\":{\"@id\":\"https:\\\/\\\/buletin.de\\\/bucuresti\\\/daniel-baluta-a-picat-testul-rapid-al-lui-ceausescu-a-iesit-pozitiv-la-marijuana\\\/\"},\"wordCount\":530,\"publisher\":{\"@id\":\"https:\\\/\\\/buletin.de\\\/bucuresti\\\/#organization\"},\"image\":{\"@id\":\"https:\\\/\\\/buletin.de\\\/bucuresti\\\/daniel-baluta-a-picat-testul-rapid-al-lui-ceausescu-a-iesit-pozitiv-la-marijuana\\\/#primaryimage\"},\"thumbnailUrl\":\"https:\\\/\\\/buletin.de\\\/bucuresti\\\/wp-content\\\/uploads\\\/2025\\\/09\\\/ID317002_INQUAM_Photos_George_Calin-scaled.jpg\",\"keywords\":[\"bucuresti\",\"Capitala\",\"cocaina\",\"daniel baluta\",\"droguri\",\"marian ceausescu\",\"marijuana\",\"primaria sectorului 4\",\"test antidrog\"],\"articleSection\":[\"Articole\",\"Main\",\"Prim\u0103rie\"],\"inLanguage\":\"en-GB\",\"copyrightYear\":\"2025\",\"copyrightHolder\":{\"@id\":\"https:\\\/\\\/buletin.de\\\/bucuresti\\\/#organization\"}},{\"@type\":\"WebPage\",\"@id\":\"https:\\\/\\\/buletin.de\\\/bucuresti\\\/daniel-baluta-a-picat-testul-rapid-al-lui-ceausescu-a-iesit-pozitiv-la-marijuana\\\/\",\"url\":\"https:\\\/\\\/buletin.de\\\/bucuresti\\\/daniel-baluta-a-picat-testul-rapid-al-lui-ceausescu-a-iesit-pozitiv-la-marijuana\\\/\",\"name\":\"Daniel B\u0103lu\u021b\u0103 a picat testul rapid al lui Ceau\u0219escu. A ie\u0219it pozitiv la marijuana. UPDATE: Analizele ulterioare au infirmat rezultatul - Buletin de Bucure\u0219ti\",\"isPartOf\":{\"@id\":\"https:\\\/\\\/buletin.de\\\/bucuresti\\\/#website\"},\"primaryImageOfPage\":{\"@id\":\"https:\\\/\\\/buletin.de\\\/bucuresti\\\/daniel-baluta-a-picat-testul-rapid-al-lui-ceausescu-a-iesit-pozitiv-la-marijuana\\\/#primaryimage\"},\"image\":{\"@id\":\"https:\\\/\\\/buletin.de\\\/bucuresti\\\/daniel-baluta-a-picat-testul-rapid-al-lui-ceausescu-a-iesit-pozitiv-la-marijuana\\\/#primaryimage\"},\"thumbnailUrl\":\"https:\\\/\\\/buletin.de\\\/bucuresti\\\/wp-content\\\/uploads\\\/2025\\\/09\\\/ID317002_INQUAM_Photos_George_Calin-scaled.jpg\",\"datePublished\":\"2025-09-18T13:15:40+00:00\",\"dateModified\":\"2025-09-18T15:00:47+00:00\",\"description\":\"Daniel B\u0103lu\u021b\u0103 a picat testul rapid al lui Ceau\u0219escu. A ie\u0219it pozitiv la marijuana. Ceau\u0219escu i-a administrat dou\u0103 teste rapide.\",\"breadcrumb\":{\"@id\":\"https:\\\/\\\/buletin.de\\\/bucuresti\\\/daniel-baluta-a-picat-testul-rapid-al-lui-ceausescu-a-iesit-pozitiv-la-marijuana\\\/#breadcrumb\"},\"inLanguage\":\"en-GB\",\"potentialAction\":[{\"@type\":\"ReadAction\",\"target\":[\"https:\\\/\\\/buletin.de\\\/bucuresti\\\/daniel-baluta-a-picat-testul-rapid-al-lui-ceausescu-a-iesit-pozitiv-la-marijuana\\\/\"]}]},{\"@type\":\"ImageObject\",\"inLanguage\":\"en-GB\",\"@id\":\"https:\\\/\\\/buletin.de\\\/bucuresti\\\/daniel-baluta-a-picat-testul-rapid-al-lui-ceausescu-a-iesit-pozitiv-la-marijuana\\\/#primaryimage\",\"url\":\"https:\\\/\\\/buletin.de\\\/bucuresti\\\/wp-content\\\/uploads\\\/2025\\\/09\\\/ID317002_INQUAM_Photos_George_Calin-scaled.jpg\",\"contentUrl\":\"https:\\\/\\\/buletin.de\\\/bucuresti\\\/wp-content\\\/uploads\\\/2025\\\/09\\\/ID317002_INQUAM_Photos_George_Calin-scaled.jpg\",\"width\":2560,\"height\":1707,\"caption\":\"Daniel B\u0103lu\u021b\u0103 a picat testul rapid al lui Ceau\u0219escu. A ie\u0219it pozitiv la marijuana. Foto: Inquam Photos \\\/ George C\u0103lin\"},{\"@type\":\"BreadcrumbList\",\"@id\":\"https:\\\/\\\/buletin.de\\\/bucuresti\\\/daniel-baluta-a-picat-testul-rapid-al-lui-ceausescu-a-iesit-pozitiv-la-marijuana\\\/#breadcrumb\",\"itemListElement\":[{\"@type\":\"ListItem\",\"position\":1,\"name\":\"Acas\u0103\",\"item\":\"https:\\\/\\\/buletin.de\\\/bucuresti\\\/\"},{\"@type\":\"ListItem\",\"position\":2,\"name\":\"Daniel B\u0103lu\u021b\u0103 a picat testul rapid al lui Ceau\u0219escu. A ie\u0219it pozitiv la marijuana. UPDATE: Analizele ulterioare au infirmat rezultatul\"}]},{\"@type\":\"WebSite\",\"@id\":\"https:\\\/\\\/buletin.de\\\/bucuresti\\\/#website\",\"url\":\"https:\\\/\\\/buletin.de\\\/bucuresti\\\/\",\"name\":\"Buletin de Bucure\u0219ti\",\"description\":\"\u0218tiri \u0219i investiga\u021bii esen\u021biale din capital\u0103\",\"publisher\":{\"@id\":\"https:\\\/\\\/buletin.de\\\/bucuresti\\\/#organization\"},\"potentialAction\":[{\"@type\":\"SearchAction\",\"target\":{\"@type\":\"EntryPoint\",\"urlTemplate\":\"https:\\\/\\\/buletin.de\\\/bucuresti\\\/?s={search_term_string}\"},\"query-input\":{\"@type\":\"PropertyValueSpecification\",\"valueRequired\":true,\"valueName\":\"search_term_string\"}}],\"inLanguage\":\"en-GB\"},{\"@type\":\"Organization\",\"@id\":\"https:\\\/\\\/buletin.de\\\/bucuresti\\\/#organization\",\"name\":\"Buletin de Bucure\u0219ti\",\"url\":\"https:\\\/\\\/buletin.de\\\/bucuresti\\\/\",\"logo\":{\"@type\":\"ImageObject\",\"inLanguage\":\"en-GB\",\"@id\":\"https:\\\/\\\/buletin.de\\\/bucuresti\\\/#\\\/schema\\\/logo\\\/image\\\/\",\"url\":\"https:\\\/\\\/buletin.de\\\/bucuresti\\\/wp-content\\\/uploads\\\/logo-bdb-full-wide-vernil-transparent.png\",\"contentUrl\":\"https:\\\/\\\/buletin.de\\\/bucuresti\\\/wp-content\\\/uploads\\\/logo-bdb-full-wide-vernil-transparent.png\",\"width\":1782,\"height\":626,\"caption\":\"Buletin de Bucure\u0219ti\"},\"image\":{\"@id\":\"https:\\\/\\\/buletin.de\\\/bucuresti\\\/#\\\/schema\\\/logo\\\/image\\\/\"},\"sameAs\":[\"https:\\\/\\\/www.facebook.com\\\/buletin.de.buc\",\"https:\\\/\\\/www.instagram.com\\\/buletinde.bucuresti\\\/\"]},{\"@type\":\"Person\",\"@id\":\"https:\\\/\\\/buletin.de\\\/bucuresti\\\/#\\\/schema\\\/person\\\/0ac9db30080482be87c7386a30f98796\",\"name\":\"C\u0103t\u0103lin Anghel-Dimache\",\"image\":{\"@type\":\"ImageObject\",\"inLanguage\":\"en-GB\",\"@id\":\"https:\\\/\\\/buletin.de\\\/bucuresti\\\/wp-content\\\/uploads\\\/Catalin-Anghel-Dimache-96x96.jpgbd9e43c5b25186d5b8e917ac61ad86c4\",\"url\":\"https:\\\/\\\/buletin.de\\\/bucuresti\\\/wp-content\\\/uploads\\\/Catalin-Anghel-Dimache-96x96.jpg\",\"contentUrl\":\"https:\\\/\\\/buletin.de\\\/bucuresti\\\/wp-content\\\/uploads\\\/Catalin-Anghel-Dimache-96x96.jpg\",\"caption\":\"C\u0103t\u0103lin Anghel-Dimache\"},\"description\":\"A absolvit Facultatea de Jurnalism \u0219i \u0218tiin\u021bele Comunic\u0103rii a Universit\u0103\u021bii din Bucure\u0219ti \u00een 2024. Scrie despre mediu \u0219i teme sociale, dar \u0219i despre cum se reflect\u0103 ele \u00een via\u021ba cotidian\u0103 a bucure\u0219tenilor, cu un ochi atent la pove\u0219tile personale din spatele titlurilor. N\u0103scut \u0219i crescut \u00een Bucure\u0219ti, a f\u0103cut un pas c\u0103tre presa local\u0103, din pasiune pentru ora\u0219ul s\u0103u \u0219i oamenii din el.\",\"url\":\"https:\\\/\\\/buletin.de\\\/bucuresti\\\/author\\\/catalin-anghel-dimache\\\/\"}]}<\/script>\n<!-- \/ Yoast SEO Premium plugin. -->","yoast_head_json":{"title":"Daniel B\u0103lu\u021b\u0103 a picat testul rapid al lui Ceau\u0219escu. A ie\u0219it pozitiv la marijuana. UPDATE: Analizele ulterioare au infirmat rezultatul - Buletin de Bucure\u0219ti","description":"Daniel B\u0103lu\u021b\u0103 a picat testul rapid al lui Ceau\u0219escu. A ie\u0219it pozitiv la marijuana. Ceau\u0219escu i-a administrat dou\u0103 teste rapide.","robots":{"index":"index","follow":"follow","max-snippet":"max-snippet:-1","max-image-preview":"max-image-preview:large","max-video-preview":"max-video-preview:-1"},"canonical":"https:\/\/buletin.de\/bucuresti\/daniel-baluta-a-picat-testul-rapid-al-lui-ceausescu-a-iesit-pozitiv-la-marijuana\/","og_locale":"en_GB","og_type":"article","og_title":"Daniel B\u0103lu\u021b\u0103 a picat testul rapid al lui Ceau\u0219escu. A ie\u0219it pozitiv la marijuana. UPDATE: Analizele ulterioare au infirmat rezultatul","og_description":"Daniel B\u0103lu\u021b\u0103 a picat testul rapid al lui Ceau\u0219escu. A ie\u0219it pozitiv la marijuana. Ceau\u0219escu i-a administrat dou\u0103 teste rapide.","og_url":"https:\/\/buletin.de\/bucuresti\/daniel-baluta-a-picat-testul-rapid-al-lui-ceausescu-a-iesit-pozitiv-la-marijuana\/","og_site_name":"Buletin de Bucure\u0219ti","article_publisher":"https:\/\/www.facebook.com\/buletin.de.buc","article_published_time":"2025-09-18T13:15:40+00:00","article_modified_time":"2025-09-18T15:00:47+00:00","og_image":[{"width":2560,"height":1707,"url":"https:\/\/buletin.de\/bucuresti\/wp-content\/uploads\/2025\/09\/ID317002_INQUAM_Photos_George_Calin-scaled.jpg","type":"image\/jpeg"}],"author":"C\u0103t\u0103lin Anghel-Dimache","twitter_card":"summary_large_image","twitter_misc":{"Written by":"C\u0103t\u0103lin Anghel-Dimache","Estimated reading time":"3 minutes"},"schema":{"@context":"https:\/\/schema.org","@graph":[{"@type":"Article","@id":"https:\/\/buletin.de\/bucuresti\/daniel-baluta-a-picat-testul-rapid-al-lui-ceausescu-a-iesit-pozitiv-la-marijuana\/#article","isPartOf":{"@id":"https:\/\/buletin.de\/bucuresti\/daniel-baluta-a-picat-testul-rapid-al-lui-ceausescu-a-iesit-pozitiv-la-marijuana\/"},"author":{"name":"C\u0103t\u0103lin Anghel-Dimache","@id":"https:\/\/buletin.de\/bucuresti\/#\/schema\/person\/0ac9db30080482be87c7386a30f98796"},"headline":"Daniel B\u0103lu\u021b\u0103 a picat testul rapid al lui Ceau\u0219escu. A ie\u0219it pozitiv la marijuana. UPDATE: Analizele ulterioare au infirmat rezultatul","datePublished":"2025-09-18T13:15:40+00:00","dateModified":"2025-09-18T15:00:47+00:00","mainEntityOfPage":{"@id":"https:\/\/buletin.de\/bucuresti\/daniel-baluta-a-picat-testul-rapid-al-lui-ceausescu-a-iesit-pozitiv-la-marijuana\/"},"wordCount":530,"publisher":{"@id":"https:\/\/buletin.de\/bucuresti\/#organization"},"image":{"@id":"https:\/\/buletin.de\/bucuresti\/daniel-baluta-a-picat-testul-rapid-al-lui-ceausescu-a-iesit-pozitiv-la-marijuana\/#primaryimage"},"thumbnailUrl":"https:\/\/buletin.de\/bucuresti\/wp-content\/uploads\/2025\/09\/ID317002_INQUAM_Photos_George_Calin-scaled.jpg","keywords":["bucuresti","Capitala","cocaina","daniel baluta","droguri","marian ceausescu","marijuana","primaria sectorului 4","test antidrog"],"articleSection":["Articole","Main","Prim\u0103rie"],"inLanguage":"en-GB","copyrightYear":"2025","copyrightHolder":{"@id":"https:\/\/buletin.de\/bucuresti\/#organization"}},{"@type":"WebPage","@id":"https:\/\/buletin.de\/bucuresti\/daniel-baluta-a-picat-testul-rapid-al-lui-ceausescu-a-iesit-pozitiv-la-marijuana\/","url":"https:\/\/buletin.de\/bucuresti\/daniel-baluta-a-picat-testul-rapid-al-lui-ceausescu-a-iesit-pozitiv-la-marijuana\/","name":"Daniel B\u0103lu\u021b\u0103 a picat testul rapid al lui Ceau\u0219escu. A ie\u0219it pozitiv la marijuana. UPDATE: Analizele ulterioare au infirmat rezultatul - Buletin de Bucure\u0219ti","isPartOf":{"@id":"https:\/\/buletin.de\/bucuresti\/#website"},"primaryImageOfPage":{"@id":"https:\/\/buletin.de\/bucuresti\/daniel-baluta-a-picat-testul-rapid-al-lui-ceausescu-a-iesit-pozitiv-la-marijuana\/#primaryimage"},"image":{"@id":"https:\/\/buletin.de\/bucuresti\/daniel-baluta-a-picat-testul-rapid-al-lui-ceausescu-a-iesit-pozitiv-la-marijuana\/#primaryimage"},"thumbnailUrl":"https:\/\/buletin.de\/bucuresti\/wp-content\/uploads\/2025\/09\/ID317002_INQUAM_Photos_George_Calin-scaled.jpg","datePublished":"2025-09-18T13:15:40+00:00","dateModified":"2025-09-18T15:00:47+00:00","description":"Daniel B\u0103lu\u021b\u0103 a picat testul rapid al lui Ceau\u0219escu. A ie\u0219it pozitiv la marijuana. Ceau\u0219escu i-a administrat dou\u0103 teste rapide.","breadcrumb":{"@id":"https:\/\/buletin.de\/bucuresti\/daniel-baluta-a-picat-testul-rapid-al-lui-ceausescu-a-iesit-pozitiv-la-marijuana\/#breadcrumb"},"inLanguage":"en-GB","potentialAction":[{"@type":"ReadAction","target":["https:\/\/buletin.de\/bucuresti\/daniel-baluta-a-picat-testul-rapid-al-lui-ceausescu-a-iesit-pozitiv-la-marijuana\/"]}]},{"@type":"ImageObject","inLanguage":"en-GB","@id":"https:\/\/buletin.de\/bucuresti\/daniel-baluta-a-picat-testul-rapid-al-lui-ceausescu-a-iesit-pozitiv-la-marijuana\/#primaryimage","url":"https:\/\/buletin.de\/bucuresti\/wp-content\/uploads\/2025\/09\/ID317002_INQUAM_Photos_George_Calin-scaled.jpg","contentUrl":"https:\/\/buletin.de\/bucuresti\/wp-content\/uploads\/2025\/09\/ID317002_INQUAM_Photos_George_Calin-scaled.jpg","width":2560,"height":1707,"caption":"Daniel B\u0103lu\u021b\u0103 a picat testul rapid al lui Ceau\u0219escu. A ie\u0219it pozitiv la marijuana. Foto: Inquam Photos \/ George C\u0103lin"},{"@type":"BreadcrumbList","@id":"https:\/\/buletin.de\/bucuresti\/daniel-baluta-a-picat-testul-rapid-al-lui-ceausescu-a-iesit-pozitiv-la-marijuana\/#breadcrumb","itemListElement":[{"@type":"ListItem","position":1,"name":"Acas\u0103","item":"https:\/\/buletin.de\/bucuresti\/"},{"@type":"ListItem","position":2,"name":"Daniel B\u0103lu\u021b\u0103 a picat testul rapid al lui Ceau\u0219escu. A ie\u0219it pozitiv la marijuana. UPDATE: Analizele ulterioare au infirmat rezultatul"}]},{"@type":"WebSite","@id":"https:\/\/buletin.de\/bucuresti\/#website","url":"https:\/\/buletin.de\/bucuresti\/","name":"Buletin de Bucure\u0219ti","description":"\u0218tiri \u0219i investiga\u021bii esen\u021biale din capital\u0103","publisher":{"@id":"https:\/\/buletin.de\/bucuresti\/#organization"},"potentialAction":[{"@type":"SearchAction","target":{"@type":"EntryPoint","urlTemplate":"https:\/\/buletin.de\/bucuresti\/?s={search_term_string}"},"query-input":{"@type":"PropertyValueSpecification","valueRequired":true,"valueName":"search_term_string"}}],"inLanguage":"en-GB"},{"@type":"Organization","@id":"https:\/\/buletin.de\/bucuresti\/#organization","name":"Buletin de Bucure\u0219ti","url":"https:\/\/buletin.de\/bucuresti\/","logo":{"@type":"ImageObject","inLanguage":"en-GB","@id":"https:\/\/buletin.de\/bucuresti\/#\/schema\/logo\/image\/","url":"https:\/\/buletin.de\/bucuresti\/wp-content\/uploads\/logo-bdb-full-wide-vernil-transparent.png","contentUrl":"https:\/\/buletin.de\/bucuresti\/wp-content\/uploads\/logo-bdb-full-wide-vernil-transparent.png","width":1782,"height":626,"caption":"Buletin de Bucure\u0219ti"},"image":{"@id":"https:\/\/buletin.de\/bucuresti\/#\/schema\/logo\/image\/"},"sameAs":["https:\/\/www.facebook.com\/buletin.de.buc","https:\/\/www.instagram.com\/buletinde.bucuresti\/"]},{"@type":"Person","@id":"https:\/\/buletin.de\/bucuresti\/#\/schema\/person\/0ac9db30080482be87c7386a30f98796","name":"C\u0103t\u0103lin Anghel-Dimache","image":{"@type":"ImageObject","inLanguage":"en-GB","@id":"https:\/\/buletin.de\/bucuresti\/wp-content\/uploads\/Catalin-Anghel-Dimache-96x96.jpgbd9e43c5b25186d5b8e917ac61ad86c4","url":"https:\/\/buletin.de\/bucuresti\/wp-content\/uploads\/Catalin-Anghel-Dimache-96x96.jpg","contentUrl":"https:\/\/buletin.de\/bucuresti\/wp-content\/uploads\/Catalin-Anghel-Dimache-96x96.jpg","caption":"C\u0103t\u0103lin Anghel-Dimache"},"description":"A absolvit Facultatea de Jurnalism \u0219i \u0218tiin\u021bele Comunic\u0103rii a Universit\u0103\u021bii din Bucure\u0219ti \u00een 2024. Scrie despre mediu \u0219i teme sociale, dar \u0219i despre cum se reflect\u0103 ele \u00een via\u021ba cotidian\u0103 a bucure\u0219tenilor, cu un ochi atent la pove\u0219tile personale din spatele titlurilor. N\u0103scut \u0219i crescut \u00een Bucure\u0219ti, a f\u0103cut un pas c\u0103tre presa local\u0103, din pasiune pentru ora\u0219ul s\u0103u \u0219i oamenii din el.","url":"https:\/\/buletin.de\/bucuresti\/author\/catalin-anghel-dimache\/"}]}},"authors":[{"term_id":22572,"user_id":59,"is_guest":0,"slug":"catalin-anghel-dimache","display_name":"C\u0103t\u0103lin Anghel-Dimache","avatar_url":"https:\/\/buletin.de\/bucuresti\/wp-content\/uploads\/Catalin-Anghel-Dimache-96x96.jpg","0":null,"1":"","2":"","3":"","4":"","5":"","6":"","7":"","8":""}],"_links":{"self":[{"href":"https:\/\/buletin.de\/bucuresti\/wp-json\/wp\/v2\/posts\/148457","targetHints":{"allow":["GET"]}}],"collection":[{"href":"https:\/\/buletin.de\/bucuresti\/wp-json\/wp\/v2\/posts"}],"about":[{"href":"https:\/\/buletin.de\/bucuresti\/wp-json\/wp\/v2\/types\/post"}],"author":[{"embeddable":true,"href":"https:\/\/buletin.de\/bucuresti\/wp-json\/wp\/v2\/users\/59"}],"replies":[{"embeddable":true,"href":"https:\/\/buletin.de\/bucuresti\/wp-json\/wp\/v2\/comments?post=148457"}],"version-history":[{"count":6,"href":"https:\/\/buletin.de\/bucuresti\/wp-json\/wp\/v2\/posts\/148457\/revisions"}],"predecessor-version":[{"id":148474,"href":"https:\/\/buletin.de\/bucuresti\/wp-json\/wp\/v2\/posts\/148457\/revisions\/148474"}],"wp:featuredmedia":[{"embeddable":true,"href":"https:\/\/buletin.de\/bucuresti\/wp-json\/wp\/v2\/media\/148459"}],"wp:attachment":[{"href":"https:\/\/buletin.de\/bucuresti\/wp-json\/wp\/v2\/media?parent=148457"}],"wp:term":[{"taxonomy":"category","embeddable":true,"href":"https:\/\/buletin.de\/bucuresti\/wp-json\/wp\/v2\/categories?post=148457"},{"taxonomy":"post_tag","embeddable":true,"href":"https:\/\/buletin.de\/bucuresti\/wp-json\/wp\/v2\/tags?post=148457"},{"taxonomy":"author","embeddable":true,"href":"https:\/\/buletin.de\/bucuresti\/wp-json\/wp\/v2\/ppma_author?post=148457"}],"curies":[{"name":"wp","href":"https:\/\/api.w.org\/{rel}","templated":true}]}}