{"id":148356,"date":"2025-09-17T19:47:12","date_gmt":"2025-09-17T16:47:12","guid":{"rendered":"https:\/\/buletin.de\/bucuresti\/?p=148356"},"modified":"2025-09-17T21:10:23","modified_gmt":"2025-09-17T18:10:23","slug":"primarul-sectorului-6-ciprian-ciucu-a-fugit-de-jurnalisti-dupa-intrebari-despre-banii-pnl-pentru-presa","status":"publish","type":"post","link":"https:\/\/buletin.de\/bucuresti\/primarul-sectorului-6-ciprian-ciucu-a-fugit-de-jurnalisti-dupa-intrebari-despre-banii-pnl-pentru-presa\/","title":{"rendered":"Primarul Sectorului 6, Ciprian Ciucu, a fugit de jurnali\u0219ti din cauza \u00eentreb\u0103rilor despre banii PNL pentru pres\u0103"},"content":{"rendered":"\n<p><strong>Primarul Sectorului 6, Ciprian Ciucu, care este \u0219i prim-vicepre\u0219edintele PNL a \u00eentrerupt brusc o conferin\u021b\u0103 de pres\u0103 sus\u021binut\u0103 miercuri sear\u0103 la Parlament \u0219i a fugit de jurnali\u0219ti, dup\u0103 ce a fost \u00eentrebat despre contractele prin care Partidul Na\u021bional Liberal pl\u0103te\u0219te presa din subven\u021biile primite de la stat, scrie <a href=\"https:\/\/hotnews.ro\/video-ciprian-ciucu-a-plecat-dintr-o-conferinta-de-presa-dupa-ce-a-fost-intrebat-repetat-despre-banii-dati-de-pnl-presei-2067991\">HotNews.ro<\/a>. <\/strong><\/p>\n\n\n\n<p><strong>Primarul Ciucu a plecat dup\u0103 doar patru minute de la \u00eenceputul conferin\u021bei.<\/strong><\/p>\n\n\n\n<p>\u00centreb\u0103rile au venit de la jurnalistul Cristian Andrei, de la publica\u021bia <em>Snoop<\/em>, care a invocat o solicitare pe legea 544 privind accesul la informa\u021bii publice, depus\u0103 \u00een urm\u0103 cu peste 60 de zile, la care PNL nu a r\u0103spuns.<\/p>\n\n\n\n<figure class=\"wp-block-video\"><video controls src=\"https:\/\/hotnews.ro\/wp-content\/uploads\/2025\/09\/7e06d883-3d72-4c4f-a5e5-7bd70af269b8.mp4\"><\/video><figcaption class=\"wp-element-caption\">Ciprian Ciucu, deranjat de \u00eentreb\u0103ri. Video: HotNews<\/figcaption><\/figure>\n\n\n\n<p><strong>CITE\u0218TE \u0218I:<\/strong> <strong><a href=\"https:\/\/buletin.de\/bucuresti\/litigiul-secret-din-parcul-liniei-primaria-sectorului-6-investeste-intr-un-teren-cu-statut-incert\/\">Litigiul \u201esecret\u201d din Parcul Liniei. Prim\u0103ria Sectorului 6 investe\u0219te \u00eentr-un teren cu statut incert<\/a><\/strong><\/p>\n\n\n\n<h2 class=\"wp-block-heading\" id=\"h-de-ce-a-fugit-de-jurnali\u0219ti-ciprian-ciucu\">De ce a fugit de jurnali\u0219ti Ciprian Ciucu<\/h2>\n\n\n\n<p><strong>Ciprian Ciucu a sus\u021binut c\u0103 \u201ePNL respect\u0103 legea\u201d \u0219i c\u0103 datele vor fi f\u0103cute publice dup\u0103 o \u0219edin\u021b\u0103 a Biroului Executiv, \u00eens\u0103 nu a dat un termen clar.<\/strong><\/p>\n\n\n\n<p>Dup\u0103 ce jurnalistul a insistat s\u0103 primeasc\u0103 un r\u0103spuns, primarul a acuzat o \u201eobsesie\u201d pentru subiect \u0219i a anun\u021bat c\u0103 pleac\u0103.<\/p>\n\n\n\n<p>Jurnali\u0219tii l-au urm\u0103rit pe holurile Parlamentului pentru explica\u021bii, \u00eens\u0103 primarul Ciucu a spus c\u0103 nu poate fi \u201easaltat\u201d \u0219i \u201eambuscat\u201d \u0219i c\u0103 situa\u021bia este \u201eo lips\u0103 de respect\u201d.<\/p>\n\n\n\n<figure class=\"wp-block-video\"><video controls src=\"https:\/\/hotnews.ro\/wp-content\/uploads\/2025\/09\/Ciucu-PNL.mp4\"><\/video><figcaption class=\"wp-element-caption\">Ciprian Ciucu fuge de jurnali\u0219ti. Video: HotNews<\/figcaption><\/figure>\n\n\n\n<p>\u00centrebat de ce, \u00een calitate de vicepre\u0219edinte PNL responsabil de comunicare, nu public\u0103 totu\u0219i contractele, edilul a replicat c\u0103 nu el a semnat documentele \u0219i i-a cerut reporterului \u201es\u0103 nu mai mint\u0103\u201d.<\/p>\n\n\n\n<p>La scurt timp dup\u0103 incident, <strong>PNL a \u0219ters de pe pagina oficial\u0103 de Facebook \u00eenregistrarea live<\/strong> cu declara\u021biile lui Ciprian Ciucu.<\/p>\n\n\n\n<p><strong>Cite\u0219te mai multe pe <a href=\"https:\/\/hotnews.ro\/video-ciprian-ciucu-a-plecat-dintr-o-conferinta-de-presa-dupa-ce-a-fost-intrebat-repetat-despre-banii-dati-de-pnl-presei-2067991\">HotNews.ro<\/a>.<\/strong><\/p>\n\n\n\n<h2 class=\"wp-block-heading\" id=\"h-primarul-sectorului-6-suparat-\u0219i-pe-bdb\">Primarul Sectorului 6, sup\u0103rat \u0219i pe BdB<\/h2>\n\n\n\n<p>La \u00eenceputul lunii, Buletin de Bucure\u0219ti a publicat un articol intitulat \u201e<a href=\"https:\/\/buletin.de\/bucuresti\/sector-6-calea-ferata-dintre-valea-cascadelor-si-lujerului-ar-urma-sa-fie-scoasa-si-casata-primaria-planuieste-continuarea-parcului-liniei-in-detrimentul-trenului-metropolitan\/\" target=\"_blank\" rel=\"noreferrer noopener\">Trenul metropolitan \u201ederaiaz\u0103\u201d \u00een Sectorul 6. Calea ferat\u0103 dintre Valea Cascadelor \u0219i Lujerului ar urma s\u0103 fie scoas\u0103 \u0219i casat\u0103 pentru Parcul Liniei<\/a>\u201d. \u00cen proiectul de hot\u0103r\u00e2re al Sectorului 6, semnat de primarul Ciucu, se prevedea clar&nbsp;<em>\u201ccasarea \u0219i demolarea<strong>&nbsp;liniei de cale ferat\u0103 existente pe&nbsp;terenurile destinate acestui proiect<\/strong><\/em>\u201d.<\/p>\n\n\n\n<p>\u00cen cadrul \u0219edin\u021bei de Consiliu Local, din 4 septembrie, Paul Moldovan, viceprimarul PNL de la Sectorul 6, a explicat c\u0103, de fapt, una dintre cele dou\u0103 linii de cale ferat\u0103 dezafectate va fi conservat\u0103 la cererea CFR, deoarece este considerat\u0103 \u201einfrastructur\u0103 critic\u0103 na\u021bional\u0103\u201d.<\/p>\n\n\n\n<p>O a doua linie, \u00eens\u0103, face obiectul unui proces \u00eentre CFR \u0219i un operator economic. Moldovan a recunoscut c\u0103, de\u0219i CFR a c\u00e2\u0219tigat procesul pe fond, situa\u021bia final\u0103 nu este cert\u0103. \u201e<em>Nu \u0219tim cine va c\u00e2\u0219tiga acolo. Cu toate acestea, \u00een acest moment, juridic, terenurile sunt ale municipiului Bucure\u0219ti<\/em>\u201d, a spus viceprimarul.<\/p>\n\n\n\n<p>Contextualizarea a generat o reac\u021bie dispropor\u021bionat\u0103 din partea aparatului administrativ al Prim\u0103riei Sectorului 6.<\/p>\n\n\n\n<p>Pe l\u00e2ng\u0103 comentarii injurioase legate de calitatea actului jurnalistic pe conturile de pe social media ale redac\u021biei, semnate inclusiv de angaja\u021bi \u0219i primarul Ciprian Ciucu, autoritatea local\u0103 a acuzat public redac\u021bia BdB de fake-news.<\/p>\n\n\n\n<p>Reac\u021bia a venit \u00een locul unui punct de vedere, a unor preciz\u0103ri sau clarific\u0103ri, conform cutumelor institu\u021bionale, transmise pe adresa redac\u021biei, care ar fi f\u0103cut subiectul unui update al articolului \u00een cauz\u0103.<\/p>\n\n\n\n<iframe src=\"https:\/\/www.facebook.com\/plugins\/post.php?href=https%3A%2F%2Fwww.facebook.com%2FPrimariaSectorului6%2Fposts%2Fpfbid0ZD1WZkdQAwF1xFUsBtVPvMjiQL9UV9pU9CeCkyiZkhLog3KehDgvJJ82Fi1TpESZl&#038;show_text=true&#038;width=500\" width=\"500\" height=\"495\" style=\"border:none;overflow:hidden\" scrolling=\"no\" frameborder=\"0\" allowfullscreen=\"true\" allow=\"autoplay; clipboard-write; encrypted-media; picture-in-picture; web-share\"><\/iframe>\n\n\n\n<p><strong>CITE\u0218TE \u0218I: <a href=\"https:\/\/buletin.de\/bucuresti\/linia-trenului-metropolitan-din-sectorul-6-a-disparut-din-hartile-pmb\/\">Linia trenului metropolitan din Sectorul 6 a disp\u0103rut din h\u0103r\u021bile PMB<\/a><\/strong><\/p>\n","protected":false},"excerpt":{"rendered":"<p>Primarul Sectorului 6, Ciprian Ciucu, care este \u0219i prim-vicepre\u0219edintele PNL a \u00eentrerupt brusc o conferin\u021b\u0103 de pres\u0103 sus\u021binut\u0103 miercuri sear\u0103 la Parlament \u0219i a fugit de jurnali\u0219ti, dup\u0103 ce a fost \u00eentrebat despre contractele prin care Partidul Na\u021bional Liberal pl\u0103te\u0219te presa din subven\u021biile primite de la stat, scrie HotNews.ro. Primarul Ciucu a plecat dup\u0103 doar [&hellip;]<\/p>\n","protected":false},"author":1,"featured_media":148359,"comment_status":"closed","ping_status":"open","sticky":false,"template":"","format":"standard","meta":{"_acf_changed":false,"inline_featured_image":false,"ngg_post_thumbnail":0,"footnotes":""},"categories":[5762,9025,24],"tags":[9,2054,23813,1695],"ppma_author":[22583],"class_list":["post-148356","post","type-post","status-publish","format-standard","has-post-thumbnail","hentry","category-main","category-politic","category-primarie","tag-bucuresti","tag-capitala","tag-ciprian-ciucu-primarul-sectorului-6","tag-parlament"],"acf":[],"yoast_head":"<!-- This site is optimized with the Yoast SEO Premium plugin v25.3 (Yoast SEO v27.4) - https:\/\/yoast.com\/product\/yoast-seo-premium-wordpress\/ -->\n<title>Primarul Sectorului 6, Ciprian Ciucu, a fugit de jurnali\u0219ti din cauza \u00eentreb\u0103rilor despre banii PNL pentru pres\u0103 - Buletin de Bucure\u0219ti<\/title>\n<meta name=\"description\" content=\"Ciprian Ciucu, prim-vicepre\u0219edintele PNL a fugit de jurnali\u0219ti, dup\u0103 ce a fost \u00eentrebat despre contractele liberalilor cu presa.\" \/>\n<meta name=\"robots\" content=\"index, follow, max-snippet:-1, max-image-preview:large, max-video-preview:-1\" \/>\n<link rel=\"canonical\" href=\"https:\/\/buletin.de\/bucuresti\/primarul-sectorului-6-ciprian-ciucu-a-fugit-de-jurnalisti-dupa-intrebari-despre-banii-pnl-pentru-presa\/\" \/>\n<meta property=\"og:locale\" content=\"en_GB\" \/>\n<meta property=\"og:type\" content=\"article\" \/>\n<meta property=\"og:title\" content=\"Primarul Sectorului 6, Ciprian Ciucu, a fugit de jurnali\u0219ti din cauza \u00eentreb\u0103rilor despre banii PNL pentru pres\u0103\" \/>\n<meta property=\"og:description\" content=\"Ciprian Ciucu, prim-vicepre\u0219edintele PNL a fugit de jurnali\u0219ti, dup\u0103 ce a fost \u00eentrebat despre contractele liberalilor cu presa.\" \/>\n<meta property=\"og:url\" content=\"https:\/\/buletin.de\/bucuresti\/primarul-sectorului-6-ciprian-ciucu-a-fugit-de-jurnalisti-dupa-intrebari-despre-banii-pnl-pentru-presa\/\" \/>\n<meta property=\"og:site_name\" content=\"Buletin de Bucure\u0219ti\" \/>\n<meta property=\"article:publisher\" content=\"https:\/\/www.facebook.com\/buletin.de.buc\" \/>\n<meta property=\"article:published_time\" content=\"2025-09-17T16:47:12+00:00\" \/>\n<meta property=\"article:modified_time\" content=\"2025-09-17T18:10:23+00:00\" \/>\n<meta property=\"og:image\" content=\"https:\/\/buletin.de\/bucuresti\/wp-content\/uploads\/2025\/09\/ID312362_INQUAM_Photos_Codrin_Unici-scaled.jpg\" \/>\n\t<meta property=\"og:image:width\" content=\"2560\" \/>\n\t<meta property=\"og:image:height\" content=\"1707\" \/>\n\t<meta property=\"og:image:type\" content=\"image\/jpeg\" \/>\n<meta name=\"author\" content=\"Redac\u021bia Buletin de Bucure\u0219ti\" \/>\n<meta name=\"twitter:card\" content=\"summary_large_image\" \/>\n<meta name=\"twitter:label1\" content=\"Written by\" \/>\n\t<meta name=\"twitter:data1\" content=\"Redac\u021bia Buletin de Bucure\u0219ti\" \/>\n\t<meta name=\"twitter:label2\" content=\"Estimated reading time\" \/>\n\t<meta name=\"twitter:data2\" content=\"3 minutes\" \/>\n<script type=\"application\/ld+json\" class=\"yoast-schema-graph\">{\"@context\":\"https:\\\/\\\/schema.org\",\"@graph\":[{\"@type\":\"Article\",\"@id\":\"https:\\\/\\\/buletin.de\\\/bucuresti\\\/primarul-sectorului-6-ciprian-ciucu-a-fugit-de-jurnalisti-dupa-intrebari-despre-banii-pnl-pentru-presa\\\/#article\",\"isPartOf\":{\"@id\":\"https:\\\/\\\/buletin.de\\\/bucuresti\\\/primarul-sectorului-6-ciprian-ciucu-a-fugit-de-jurnalisti-dupa-intrebari-despre-banii-pnl-pentru-presa\\\/\"},\"author\":{\"name\":\"Redac\u021bia Buletin de Bucure\u0219ti\",\"@id\":\"https:\\\/\\\/buletin.de\\\/bucuresti\\\/#\\\/schema\\\/person\\\/2bbcf854e5f2419a13804af574d06ab1\"},\"headline\":\"Primarul Sectorului 6, Ciprian Ciucu, a fugit de jurnali\u0219ti din cauza \u00eentreb\u0103rilor despre banii PNL pentru pres\u0103\",\"datePublished\":\"2025-09-17T16:47:12+00:00\",\"dateModified\":\"2025-09-17T18:10:23+00:00\",\"mainEntityOfPage\":{\"@id\":\"https:\\\/\\\/buletin.de\\\/bucuresti\\\/primarul-sectorului-6-ciprian-ciucu-a-fugit-de-jurnalisti-dupa-intrebari-despre-banii-pnl-pentru-presa\\\/\"},\"wordCount\":599,\"publisher\":{\"@id\":\"https:\\\/\\\/buletin.de\\\/bucuresti\\\/#organization\"},\"image\":{\"@id\":\"https:\\\/\\\/buletin.de\\\/bucuresti\\\/primarul-sectorului-6-ciprian-ciucu-a-fugit-de-jurnalisti-dupa-intrebari-despre-banii-pnl-pentru-presa\\\/#primaryimage\"},\"thumbnailUrl\":\"https:\\\/\\\/buletin.de\\\/bucuresti\\\/wp-content\\\/uploads\\\/2025\\\/09\\\/ID312362_INQUAM_Photos_Codrin_Unici-scaled.jpg\",\"keywords\":[\"bucuresti\",\"Capitala\",\"ciprian ciucu primarul sectorului 6\",\"Parlament\"],\"articleSection\":[\"Main\",\"Politic\",\"Prim\u0103rie\"],\"inLanguage\":\"en-GB\",\"copyrightYear\":\"2025\",\"copyrightHolder\":{\"@id\":\"https:\\\/\\\/buletin.de\\\/bucuresti\\\/#organization\"}},{\"@type\":\"WebPage\",\"@id\":\"https:\\\/\\\/buletin.de\\\/bucuresti\\\/primarul-sectorului-6-ciprian-ciucu-a-fugit-de-jurnalisti-dupa-intrebari-despre-banii-pnl-pentru-presa\\\/\",\"url\":\"https:\\\/\\\/buletin.de\\\/bucuresti\\\/primarul-sectorului-6-ciprian-ciucu-a-fugit-de-jurnalisti-dupa-intrebari-despre-banii-pnl-pentru-presa\\\/\",\"name\":\"Primarul Sectorului 6, Ciprian Ciucu, a fugit de jurnali\u0219ti din cauza \u00eentreb\u0103rilor despre banii PNL pentru pres\u0103 - Buletin de Bucure\u0219ti\",\"isPartOf\":{\"@id\":\"https:\\\/\\\/buletin.de\\\/bucuresti\\\/#website\"},\"primaryImageOfPage\":{\"@id\":\"https:\\\/\\\/buletin.de\\\/bucuresti\\\/primarul-sectorului-6-ciprian-ciucu-a-fugit-de-jurnalisti-dupa-intrebari-despre-banii-pnl-pentru-presa\\\/#primaryimage\"},\"image\":{\"@id\":\"https:\\\/\\\/buletin.de\\\/bucuresti\\\/primarul-sectorului-6-ciprian-ciucu-a-fugit-de-jurnalisti-dupa-intrebari-despre-banii-pnl-pentru-presa\\\/#primaryimage\"},\"thumbnailUrl\":\"https:\\\/\\\/buletin.de\\\/bucuresti\\\/wp-content\\\/uploads\\\/2025\\\/09\\\/ID312362_INQUAM_Photos_Codrin_Unici-scaled.jpg\",\"datePublished\":\"2025-09-17T16:47:12+00:00\",\"dateModified\":\"2025-09-17T18:10:23+00:00\",\"description\":\"Ciprian Ciucu, prim-vicepre\u0219edintele PNL a fugit de jurnali\u0219ti, dup\u0103 ce a fost \u00eentrebat despre contractele liberalilor cu presa.\",\"breadcrumb\":{\"@id\":\"https:\\\/\\\/buletin.de\\\/bucuresti\\\/primarul-sectorului-6-ciprian-ciucu-a-fugit-de-jurnalisti-dupa-intrebari-despre-banii-pnl-pentru-presa\\\/#breadcrumb\"},\"inLanguage\":\"en-GB\",\"potentialAction\":[{\"@type\":\"ReadAction\",\"target\":[\"https:\\\/\\\/buletin.de\\\/bucuresti\\\/primarul-sectorului-6-ciprian-ciucu-a-fugit-de-jurnalisti-dupa-intrebari-despre-banii-pnl-pentru-presa\\\/\"]}]},{\"@type\":\"ImageObject\",\"inLanguage\":\"en-GB\",\"@id\":\"https:\\\/\\\/buletin.de\\\/bucuresti\\\/primarul-sectorului-6-ciprian-ciucu-a-fugit-de-jurnalisti-dupa-intrebari-despre-banii-pnl-pentru-presa\\\/#primaryimage\",\"url\":\"https:\\\/\\\/buletin.de\\\/bucuresti\\\/wp-content\\\/uploads\\\/2025\\\/09\\\/ID312362_INQUAM_Photos_Codrin_Unici-scaled.jpg\",\"contentUrl\":\"https:\\\/\\\/buletin.de\\\/bucuresti\\\/wp-content\\\/uploads\\\/2025\\\/09\\\/ID312362_INQUAM_Photos_Codrin_Unici-scaled.jpg\",\"width\":2560,\"height\":1707,\"caption\":\"Primarul Sectorului 6, Ciprian Ciucu, a fugit de jurnali\u0219ti dup\u0103 \u00eentreb\u0103ri despre banii PNL pentru pres\u0103. Foto: Inquam Photos \\\/ Codrin Unici\"},{\"@type\":\"BreadcrumbList\",\"@id\":\"https:\\\/\\\/buletin.de\\\/bucuresti\\\/primarul-sectorului-6-ciprian-ciucu-a-fugit-de-jurnalisti-dupa-intrebari-despre-banii-pnl-pentru-presa\\\/#breadcrumb\",\"itemListElement\":[{\"@type\":\"ListItem\",\"position\":1,\"name\":\"Acas\u0103\",\"item\":\"https:\\\/\\\/buletin.de\\\/bucuresti\\\/\"},{\"@type\":\"ListItem\",\"position\":2,\"name\":\"Primarul Sectorului 6, Ciprian Ciucu, a fugit de jurnali\u0219ti din cauza \u00eentreb\u0103rilor despre banii PNL pentru pres\u0103\"}]},{\"@type\":\"WebSite\",\"@id\":\"https:\\\/\\\/buletin.de\\\/bucuresti\\\/#website\",\"url\":\"https:\\\/\\\/buletin.de\\\/bucuresti\\\/\",\"name\":\"Buletin de Bucure\u0219ti\",\"description\":\"\u0218tiri \u0219i investiga\u021bii esen\u021biale din capital\u0103\",\"publisher\":{\"@id\":\"https:\\\/\\\/buletin.de\\\/bucuresti\\\/#organization\"},\"potentialAction\":[{\"@type\":\"SearchAction\",\"target\":{\"@type\":\"EntryPoint\",\"urlTemplate\":\"https:\\\/\\\/buletin.de\\\/bucuresti\\\/?s={search_term_string}\"},\"query-input\":{\"@type\":\"PropertyValueSpecification\",\"valueRequired\":true,\"valueName\":\"search_term_string\"}}],\"inLanguage\":\"en-GB\"},{\"@type\":\"Organization\",\"@id\":\"https:\\\/\\\/buletin.de\\\/bucuresti\\\/#organization\",\"name\":\"Buletin de Bucure\u0219ti\",\"url\":\"https:\\\/\\\/buletin.de\\\/bucuresti\\\/\",\"logo\":{\"@type\":\"ImageObject\",\"inLanguage\":\"en-GB\",\"@id\":\"https:\\\/\\\/buletin.de\\\/bucuresti\\\/#\\\/schema\\\/logo\\\/image\\\/\",\"url\":\"https:\\\/\\\/buletin.de\\\/bucuresti\\\/wp-content\\\/uploads\\\/logo-bdb-full-wide-vernil-transparent.png\",\"contentUrl\":\"https:\\\/\\\/buletin.de\\\/bucuresti\\\/wp-content\\\/uploads\\\/logo-bdb-full-wide-vernil-transparent.png\",\"width\":1782,\"height\":626,\"caption\":\"Buletin de Bucure\u0219ti\"},\"image\":{\"@id\":\"https:\\\/\\\/buletin.de\\\/bucuresti\\\/#\\\/schema\\\/logo\\\/image\\\/\"},\"sameAs\":[\"https:\\\/\\\/www.facebook.com\\\/buletin.de.buc\",\"https:\\\/\\\/www.instagram.com\\\/buletinde.bucuresti\\\/\"]},{\"@type\":\"Person\",\"@id\":\"https:\\\/\\\/buletin.de\\\/bucuresti\\\/#\\\/schema\\\/person\\\/2bbcf854e5f2419a13804af574d06ab1\",\"name\":\"Redac\u021bia Buletin de Bucure\u0219ti\",\"image\":{\"@type\":\"ImageObject\",\"inLanguage\":\"en-GB\",\"@id\":\"https:\\\/\\\/secure.gravatar.com\\\/avatar\\\/18c5342381ed1a08620e6280424e3e5efc958618f5d67c522c9e44c1bc6f9226?s=96&d=monsterid&r=g60c7cd0ad92c68c049fcd4bb3504d609\",\"url\":\"https:\\\/\\\/secure.gravatar.com\\\/avatar\\\/18c5342381ed1a08620e6280424e3e5efc958618f5d67c522c9e44c1bc6f9226?s=96&d=monsterid&r=g\",\"contentUrl\":\"https:\\\/\\\/secure.gravatar.com\\\/avatar\\\/18c5342381ed1a08620e6280424e3e5efc958618f5d67c522c9e44c1bc6f9226?s=96&d=monsterid&r=g\",\"caption\":\"Redac\u021bia Buletin de Bucure\u0219ti\"},\"description\":\"Buletin de Bucure\u0219ti exist\u0103 din vara anului 2019.\",\"url\":\"https:\\\/\\\/buletin.de\\\/bucuresti\\\/author\\\/adminbuletin\\\/\"}]}<\/script>\n<!-- \/ Yoast SEO Premium plugin. -->","yoast_head_json":{"title":"Primarul Sectorului 6, Ciprian Ciucu, a fugit de jurnali\u0219ti din cauza \u00eentreb\u0103rilor despre banii PNL pentru pres\u0103 - Buletin de Bucure\u0219ti","description":"Ciprian Ciucu, prim-vicepre\u0219edintele PNL a fugit de jurnali\u0219ti, dup\u0103 ce a fost \u00eentrebat despre contractele liberalilor cu presa.","robots":{"index":"index","follow":"follow","max-snippet":"max-snippet:-1","max-image-preview":"max-image-preview:large","max-video-preview":"max-video-preview:-1"},"canonical":"https:\/\/buletin.de\/bucuresti\/primarul-sectorului-6-ciprian-ciucu-a-fugit-de-jurnalisti-dupa-intrebari-despre-banii-pnl-pentru-presa\/","og_locale":"en_GB","og_type":"article","og_title":"Primarul Sectorului 6, Ciprian Ciucu, a fugit de jurnali\u0219ti din cauza \u00eentreb\u0103rilor despre banii PNL pentru pres\u0103","og_description":"Ciprian Ciucu, prim-vicepre\u0219edintele PNL a fugit de jurnali\u0219ti, dup\u0103 ce a fost \u00eentrebat despre contractele liberalilor cu presa.","og_url":"https:\/\/buletin.de\/bucuresti\/primarul-sectorului-6-ciprian-ciucu-a-fugit-de-jurnalisti-dupa-intrebari-despre-banii-pnl-pentru-presa\/","og_site_name":"Buletin de Bucure\u0219ti","article_publisher":"https:\/\/www.facebook.com\/buletin.de.buc","article_published_time":"2025-09-17T16:47:12+00:00","article_modified_time":"2025-09-17T18:10:23+00:00","og_image":[{"width":2560,"height":1707,"url":"https:\/\/buletin.de\/bucuresti\/wp-content\/uploads\/2025\/09\/ID312362_INQUAM_Photos_Codrin_Unici-scaled.jpg","type":"image\/jpeg"}],"author":"Redac\u021bia Buletin de Bucure\u0219ti","twitter_card":"summary_large_image","twitter_misc":{"Written by":"Redac\u021bia Buletin de Bucure\u0219ti","Estimated reading time":"3 minutes"},"schema":{"@context":"https:\/\/schema.org","@graph":[{"@type":"Article","@id":"https:\/\/buletin.de\/bucuresti\/primarul-sectorului-6-ciprian-ciucu-a-fugit-de-jurnalisti-dupa-intrebari-despre-banii-pnl-pentru-presa\/#article","isPartOf":{"@id":"https:\/\/buletin.de\/bucuresti\/primarul-sectorului-6-ciprian-ciucu-a-fugit-de-jurnalisti-dupa-intrebari-despre-banii-pnl-pentru-presa\/"},"author":{"name":"Redac\u021bia Buletin de Bucure\u0219ti","@id":"https:\/\/buletin.de\/bucuresti\/#\/schema\/person\/2bbcf854e5f2419a13804af574d06ab1"},"headline":"Primarul Sectorului 6, Ciprian Ciucu, a fugit de jurnali\u0219ti din cauza \u00eentreb\u0103rilor despre banii PNL pentru pres\u0103","datePublished":"2025-09-17T16:47:12+00:00","dateModified":"2025-09-17T18:10:23+00:00","mainEntityOfPage":{"@id":"https:\/\/buletin.de\/bucuresti\/primarul-sectorului-6-ciprian-ciucu-a-fugit-de-jurnalisti-dupa-intrebari-despre-banii-pnl-pentru-presa\/"},"wordCount":599,"publisher":{"@id":"https:\/\/buletin.de\/bucuresti\/#organization"},"image":{"@id":"https:\/\/buletin.de\/bucuresti\/primarul-sectorului-6-ciprian-ciucu-a-fugit-de-jurnalisti-dupa-intrebari-despre-banii-pnl-pentru-presa\/#primaryimage"},"thumbnailUrl":"https:\/\/buletin.de\/bucuresti\/wp-content\/uploads\/2025\/09\/ID312362_INQUAM_Photos_Codrin_Unici-scaled.jpg","keywords":["bucuresti","Capitala","ciprian ciucu primarul sectorului 6","Parlament"],"articleSection":["Main","Politic","Prim\u0103rie"],"inLanguage":"en-GB","copyrightYear":"2025","copyrightHolder":{"@id":"https:\/\/buletin.de\/bucuresti\/#organization"}},{"@type":"WebPage","@id":"https:\/\/buletin.de\/bucuresti\/primarul-sectorului-6-ciprian-ciucu-a-fugit-de-jurnalisti-dupa-intrebari-despre-banii-pnl-pentru-presa\/","url":"https:\/\/buletin.de\/bucuresti\/primarul-sectorului-6-ciprian-ciucu-a-fugit-de-jurnalisti-dupa-intrebari-despre-banii-pnl-pentru-presa\/","name":"Primarul Sectorului 6, Ciprian Ciucu, a fugit de jurnali\u0219ti din cauza \u00eentreb\u0103rilor despre banii PNL pentru pres\u0103 - Buletin de Bucure\u0219ti","isPartOf":{"@id":"https:\/\/buletin.de\/bucuresti\/#website"},"primaryImageOfPage":{"@id":"https:\/\/buletin.de\/bucuresti\/primarul-sectorului-6-ciprian-ciucu-a-fugit-de-jurnalisti-dupa-intrebari-despre-banii-pnl-pentru-presa\/#primaryimage"},"image":{"@id":"https:\/\/buletin.de\/bucuresti\/primarul-sectorului-6-ciprian-ciucu-a-fugit-de-jurnalisti-dupa-intrebari-despre-banii-pnl-pentru-presa\/#primaryimage"},"thumbnailUrl":"https:\/\/buletin.de\/bucuresti\/wp-content\/uploads\/2025\/09\/ID312362_INQUAM_Photos_Codrin_Unici-scaled.jpg","datePublished":"2025-09-17T16:47:12+00:00","dateModified":"2025-09-17T18:10:23+00:00","description":"Ciprian Ciucu, prim-vicepre\u0219edintele PNL a fugit de jurnali\u0219ti, dup\u0103 ce a fost \u00eentrebat despre contractele liberalilor cu presa.","breadcrumb":{"@id":"https:\/\/buletin.de\/bucuresti\/primarul-sectorului-6-ciprian-ciucu-a-fugit-de-jurnalisti-dupa-intrebari-despre-banii-pnl-pentru-presa\/#breadcrumb"},"inLanguage":"en-GB","potentialAction":[{"@type":"ReadAction","target":["https:\/\/buletin.de\/bucuresti\/primarul-sectorului-6-ciprian-ciucu-a-fugit-de-jurnalisti-dupa-intrebari-despre-banii-pnl-pentru-presa\/"]}]},{"@type":"ImageObject","inLanguage":"en-GB","@id":"https:\/\/buletin.de\/bucuresti\/primarul-sectorului-6-ciprian-ciucu-a-fugit-de-jurnalisti-dupa-intrebari-despre-banii-pnl-pentru-presa\/#primaryimage","url":"https:\/\/buletin.de\/bucuresti\/wp-content\/uploads\/2025\/09\/ID312362_INQUAM_Photos_Codrin_Unici-scaled.jpg","contentUrl":"https:\/\/buletin.de\/bucuresti\/wp-content\/uploads\/2025\/09\/ID312362_INQUAM_Photos_Codrin_Unici-scaled.jpg","width":2560,"height":1707,"caption":"Primarul Sectorului 6, Ciprian Ciucu, a fugit de jurnali\u0219ti dup\u0103 \u00eentreb\u0103ri despre banii PNL pentru pres\u0103. Foto: Inquam Photos \/ Codrin Unici"},{"@type":"BreadcrumbList","@id":"https:\/\/buletin.de\/bucuresti\/primarul-sectorului-6-ciprian-ciucu-a-fugit-de-jurnalisti-dupa-intrebari-despre-banii-pnl-pentru-presa\/#breadcrumb","itemListElement":[{"@type":"ListItem","position":1,"name":"Acas\u0103","item":"https:\/\/buletin.de\/bucuresti\/"},{"@type":"ListItem","position":2,"name":"Primarul Sectorului 6, Ciprian Ciucu, a fugit de jurnali\u0219ti din cauza \u00eentreb\u0103rilor despre banii PNL pentru pres\u0103"}]},{"@type":"WebSite","@id":"https:\/\/buletin.de\/bucuresti\/#website","url":"https:\/\/buletin.de\/bucuresti\/","name":"Buletin de Bucure\u0219ti","description":"\u0218tiri \u0219i investiga\u021bii esen\u021biale din capital\u0103","publisher":{"@id":"https:\/\/buletin.de\/bucuresti\/#organization"},"potentialAction":[{"@type":"SearchAction","target":{"@type":"EntryPoint","urlTemplate":"https:\/\/buletin.de\/bucuresti\/?s={search_term_string}"},"query-input":{"@type":"PropertyValueSpecification","valueRequired":true,"valueName":"search_term_string"}}],"inLanguage":"en-GB"},{"@type":"Organization","@id":"https:\/\/buletin.de\/bucuresti\/#organization","name":"Buletin de Bucure\u0219ti","url":"https:\/\/buletin.de\/bucuresti\/","logo":{"@type":"ImageObject","inLanguage":"en-GB","@id":"https:\/\/buletin.de\/bucuresti\/#\/schema\/logo\/image\/","url":"https:\/\/buletin.de\/bucuresti\/wp-content\/uploads\/logo-bdb-full-wide-vernil-transparent.png","contentUrl":"https:\/\/buletin.de\/bucuresti\/wp-content\/uploads\/logo-bdb-full-wide-vernil-transparent.png","width":1782,"height":626,"caption":"Buletin de Bucure\u0219ti"},"image":{"@id":"https:\/\/buletin.de\/bucuresti\/#\/schema\/logo\/image\/"},"sameAs":["https:\/\/www.facebook.com\/buletin.de.buc","https:\/\/www.instagram.com\/buletinde.bucuresti\/"]},{"@type":"Person","@id":"https:\/\/buletin.de\/bucuresti\/#\/schema\/person\/2bbcf854e5f2419a13804af574d06ab1","name":"Redac\u021bia Buletin de Bucure\u0219ti","image":{"@type":"ImageObject","inLanguage":"en-GB","@id":"https:\/\/secure.gravatar.com\/avatar\/18c5342381ed1a08620e6280424e3e5efc958618f5d67c522c9e44c1bc6f9226?s=96&d=monsterid&r=g60c7cd0ad92c68c049fcd4bb3504d609","url":"https:\/\/secure.gravatar.com\/avatar\/18c5342381ed1a08620e6280424e3e5efc958618f5d67c522c9e44c1bc6f9226?s=96&d=monsterid&r=g","contentUrl":"https:\/\/secure.gravatar.com\/avatar\/18c5342381ed1a08620e6280424e3e5efc958618f5d67c522c9e44c1bc6f9226?s=96&d=monsterid&r=g","caption":"Redac\u021bia Buletin de Bucure\u0219ti"},"description":"Buletin de Bucure\u0219ti exist\u0103 din vara anului 2019.","url":"https:\/\/buletin.de\/bucuresti\/author\/adminbuletin\/"}]}},"authors":[{"term_id":22583,"user_id":1,"is_guest":0,"slug":"adminbuletin","display_name":"Redac\u021bia Buletin de Bucure\u0219ti","avatar_url":"https:\/\/secure.gravatar.com\/avatar\/18c5342381ed1a08620e6280424e3e5efc958618f5d67c522c9e44c1bc6f9226?s=96&d=monsterid&r=g","0":null,"1":"","2":"","3":"","4":"","5":"","6":"","7":"","8":""}],"_links":{"self":[{"href":"https:\/\/buletin.de\/bucuresti\/wp-json\/wp\/v2\/posts\/148356","targetHints":{"allow":["GET"]}}],"collection":[{"href":"https:\/\/buletin.de\/bucuresti\/wp-json\/wp\/v2\/posts"}],"about":[{"href":"https:\/\/buletin.de\/bucuresti\/wp-json\/wp\/v2\/types\/post"}],"author":[{"embeddable":true,"href":"https:\/\/buletin.de\/bucuresti\/wp-json\/wp\/v2\/users\/1"}],"replies":[{"embeddable":true,"href":"https:\/\/buletin.de\/bucuresti\/wp-json\/wp\/v2\/comments?post=148356"}],"version-history":[{"count":8,"href":"https:\/\/buletin.de\/bucuresti\/wp-json\/wp\/v2\/posts\/148356\/revisions"}],"predecessor-version":[{"id":148386,"href":"https:\/\/buletin.de\/bucuresti\/wp-json\/wp\/v2\/posts\/148356\/revisions\/148386"}],"wp:featuredmedia":[{"embeddable":true,"href":"https:\/\/buletin.de\/bucuresti\/wp-json\/wp\/v2\/media\/148359"}],"wp:attachment":[{"href":"https:\/\/buletin.de\/bucuresti\/wp-json\/wp\/v2\/media?parent=148356"}],"wp:term":[{"taxonomy":"category","embeddable":true,"href":"https:\/\/buletin.de\/bucuresti\/wp-json\/wp\/v2\/categories?post=148356"},{"taxonomy":"post_tag","embeddable":true,"href":"https:\/\/buletin.de\/bucuresti\/wp-json\/wp\/v2\/tags?post=148356"},{"taxonomy":"author","embeddable":true,"href":"https:\/\/buletin.de\/bucuresti\/wp-json\/wp\/v2\/ppma_author?post=148356"}],"curies":[{"name":"wp","href":"https:\/\/api.w.org\/{rel}","templated":true}]}}