{"id":148211,"date":"2025-09-17T07:34:06","date_gmt":"2025-09-17T04:34:06","guid":{"rendered":"https:\/\/buletin.de\/bucuresti\/?p=148211"},"modified":"2025-09-17T15:12:14","modified_gmt":"2025-09-17T12:12:14","slug":"autostrada-moldovei-s-a-transformat-in-muzeu-de-reparatii-cand-va-fi-conectata-capitala-cu-focsaniul-exclusiv-pe-a7","status":"publish","type":"post","link":"https:\/\/buletin.de\/bucuresti\/autostrada-moldovei-s-a-transformat-in-muzeu-de-reparatii-cand-va-fi-conectata-capitala-cu-focsaniul-exclusiv-pe-a7\/","title":{"rendered":"Autostrada Moldovei s-a transformat \u00een \u201emuzeu de repara\u021bii\u201d. C\u00e2nd va fi conectat\u0103 Capitala cu Foc\u0219aniul exclusiv pe A7"},"content":{"rendered":"\n<p><strong>Buletin de Bucure\u0219ti a dezv\u0103luit \u00een martie c\u0103 o fim\u0103 bulgar\u0103, constructor pe lotul 2 al Autostr\u0103zii Moldovei (A7), a executat gre\u0219it lucr\u0103rile la un pod de la Mizil. Conform surselor citate atunci, problemele erau legate de sudurile realizate incorect \u0219i de montarea necorespunz\u0103toare a unor elemente metalice. Situa\u021bia a dus la am\u00e2narea deschiderii circula\u021biei pe tronsonul Mizil\u2013Pietroasele, prin care va fi conectat\u0103 Capitala cu Foc\u0219aniul.<\/strong><\/p>\n\n\n\n<p>La c\u00e2teva luni distan\u021b\u0103, constructorul bulgar a venit cu o reac\u021bie oficial\u0103, <a href=\"https:\/\/hotnews.ro\/o-autostrada-din-romania-e-gata-9999-dar-sta-muzeu-pentru-ca-un-constructor-a-gresit-sudurile-la-poduri-detalii-despre-firma-din-bulgaria-care-pentru-prima-dat-2062912\">publicat\u0103 de HotNews<\/a>. Trace Group admite existen\u021ba neconformit\u0103\u021bilor \u0219i confirm\u0103 c\u0103 acestea au fost identificate la trei structuri ridicate pe lotul respectiv.<\/p>\n\n\n\n<h2 class=\"wp-block-heading\" id=\"h-por\u021biuni-din-a7-inaugurate-\u0219i-inchise-pentru-repara\u021bii\">Por\u021biuni din <strong>A7, inaugurate \u0219i \u00eenchise pentru repara\u021bii<\/strong><\/h2>\n\n\n\n<p>Potrivit companiei, \u201e<em>\u00een urma verific\u0103rilor tehnice au fost constatate neconformit\u0103\u021bi la \u00eembin\u0103rile sudate de la trei structuri principale de pe lotul Mizil\u2013Pietroasele<\/em>\u201d. Firma precizeaz\u0103 c\u0103 \u201e<em>au fost demarate imediat analize tehnice detaliate \u0219i au fost stabilite solu\u021bii de remediere<\/em>\u201d.<\/p>\n\n\n\n<p>Constructorul afirm\u0103 c\u0103 dou\u0103 dintre structurile afectate \u2013 pasajele de la km 26 \u0219i km 33 \u2013 au fost deja remediate, <a href=\"https:\/\/www.digi24.ro\/digieconomic\/macro\/primul-lot-din-autostrada-a7-va-fi-inchis-mai-mult-de-o-luna-de-ce-au-luat-autoritatile-aceasta-decizie-51109\">dup\u0103 ce mai multe por\u021biuni au fost \u00eenchise imediat dup\u0103 inaugurare.<\/a> Cea mai problematic\u0103 lucrare r\u0103m\u00e2ne podul peste r\u00e2ul S\u0103rata, la km 38, unde consolidarea este \u00een curs \u0219i urmeaz\u0103 testele de \u00eenc\u0103rcare static\u0103.<\/p>\n\n\n\n<h2 class=\"wp-block-heading\" id=\"h-termene-\u0219i-responsabilita\u021bi-pentru-por\u021biunea-prin-care-va-fi-conectata-capitala-cu-foc\u0219aniul\"><strong>Termene \u0219i responsabilit\u0103\u021bi<\/strong> pentru por\u021biunea prin care va fi conectat\u0103 Capitala cu Foc\u0219aniul<\/h2>\n\n\n\n<p><strong>Conform informa\u021biilor de la CNAIR, ob\u021binute de HotNews, deschiderea circula\u021biei pe lotul Mizil\u2013Pietroasele este estimat\u0103 pentru sf\u00e2r\u0219itul lunii septembrie 2025, cu condi\u021bia ca remedierea \u0219i testele s\u0103 se finalizeze conform planului.<\/strong><\/p>\n\n\n\n<p><strong>CITE\u0218TE \u0218I <a href=\"https:\/\/buletin.de\/bucuresti\/autostrada-moldovei-bulgarii-au-stricat-un-pod-la-mizil-iar-turcii-lucreaza-cu-intarziere-jonctiunea-de-la-buzau-cand-va-fi-conectata-capitala-cu-focsaniul-exclusiv-pe-a7\/\" target=\"_blank\" rel=\"noreferrer noopener\">Autostrada Moldovei | Bulgarii \u201eau stricat\u201d un pod la Mizil iar turcii lucreaz\u0103 cu \u00eent\u00e2rziere jonc\u021biunea de la Buz\u0103u<\/a><\/strong><\/p>\n\n\n\n<p>\u00cen paralel, Compania de Drumuri a ini\u021biat procedurile pentru aplicarea de penalit\u0103\u021bi constructorului, \u00een baza contractului care prevede sanc\u021biuni pentru lucr\u0103ri neconforme \u0219i pentru dep\u0103\u0219irea termenelor de execu\u021bie.<\/p>\n\n\n\n<p><strong>\u00cen articolul publicat de Buletin de Bucure\u0219ti la \u00eenceputul anului, deschiderea circula\u021biei pe lot era estimat\u0103 pentru luna iunie 2025.<\/strong><\/p>\n\n\n\n<p><em>\u201eTrebuie s\u0103 vin\u0103 cu ni\u0219te solu\u021bii de remediere, cu ni\u0219te eclise probabil, probleme pe care tot ei le-au creat. Sunt gre\u0219eli pe care nici m\u0103car un \u00eencep\u0103tor le-ar fi f\u0103cut. Vorbim de distan\u021be \u00eentre piese, de c\u00e2te 14 cm, pe care le-au umplut cu sudur\u0103. \u0218i le-au sudat cu autogen, \u00een loc s\u0103 sudeze cu arc electric.&nbsp;Cote gre\u0219ite, tot ce se poate mai r\u0103u<\/em>\u201d, au explicat atunci pentru Buletin de Bucure\u0219ti surse apropiate proiectului.<\/p>\n\n\n\n<p>Rezultatele testelor de rezisten\u021b\u0103 vor decide dac\u0103 lotul poate fi deschis p\u00e2n\u0103 la finalul lunii septembrie, a\u0219a cum estimeaz\u0103 CNAIR.<\/p>\n\n\n\n<p><strong>CITE\u0218TE \u0218I <a href=\"https:\/\/buletin.de\/bucuresti\/ilfov-nepoata-primarului-din-peris-si-a-retras-solicitarea-de-inchiriere-a-gradinitei-si-acuza-texte-cu-caracter-denigrator\/\">ILFOV | Nepoata primarului din Peri\u0219 \u0219i-a retras solicitarea de \u00eenchiriere a gr\u0103dini\u021bei \u0219i acuz\u0103 BdB de \u201etexte cu caracter denigrator\u201d<\/a><\/strong><\/p>\n","protected":false},"excerpt":{"rendered":"<p>Buletin de Bucure\u0219ti a dezv\u0103luit \u00een martie c\u0103 o fim\u0103 bulgar\u0103, constructor pe lotul 2 al Autostr\u0103zii Moldovei (A7), a executat gre\u0219it lucr\u0103rile la un pod de la Mizil. Conform surselor citate atunci, problemele erau legate de sudurile realizate incorect \u0219i de montarea necorespunz\u0103toare a unor elemente metalice. Situa\u021bia a dus la am\u00e2narea deschiderii circula\u021biei [&hellip;]<\/p>\n","protected":false},"author":10,"featured_media":148213,"comment_status":"closed","ping_status":"open","sticky":false,"template":"","format":"standard","meta":{"_acf_changed":false,"inline_featured_image":false,"ngg_post_thumbnail":0,"footnotes":""},"categories":[6994,5762,650],"tags":[7934,23795,439,19948,23794,5570],"ppma_author":[22575],"class_list":["post-148211","post","type-post","status-publish","format-standard","has-post-thumbnail","hentry","category-stiri-2","category-main","category-transport","tag-a7","tag-bulgari","tag-lucrari","tag-mizil","tag-pietrosele","tag-pod"],"acf":[],"yoast_head":"<!-- This site is optimized with the Yoast SEO Premium plugin v25.3 (Yoast SEO v27.4) - https:\/\/yoast.com\/product\/yoast-seo-premium-wordpress\/ -->\n<title>Autostrada Moldovei s-a transformat \u00een \u201emuzeu de repara\u021bii\u201d. C\u00e2nd va fi conectat\u0103 Capitala cu Foc\u0219aniul exclusiv pe A7 - Buletin de Bucure\u0219ti<\/title>\n<meta name=\"description\" content=\"Buletin de Bucure\u0219ti a dezv\u0103luit \u00een martie c\u0103 o fim\u0103 bulgar\u0103, constructor pe lotul 2 al Autostr\u0103zii Moldovei (A7), a executat gre\u0219it lucr\u0103rile la un pod de la Mizil.\" \/>\n<meta name=\"robots\" content=\"index, follow, max-snippet:-1, max-image-preview:large, max-video-preview:-1\" \/>\n<link rel=\"canonical\" href=\"https:\/\/buletin.de\/bucuresti\/autostrada-moldovei-s-a-transformat-in-muzeu-de-reparatii-cand-va-fi-conectata-capitala-cu-focsaniul-exclusiv-pe-a7\/\" \/>\n<meta property=\"og:locale\" content=\"en_GB\" \/>\n<meta property=\"og:type\" content=\"article\" \/>\n<meta property=\"og:title\" content=\"Autostrada Moldovei s-a transformat \u00een \u201emuzeu de repara\u021bii\u201d. C\u00e2nd va fi conectat\u0103 Capitala cu Foc\u0219aniul exclusiv pe A7\" \/>\n<meta property=\"og:description\" content=\"Buletin de Bucure\u0219ti a dezv\u0103luit \u00een martie c\u0103 o fim\u0103 bulgar\u0103, constructor pe lotul 2 al Autostr\u0103zii Moldovei (A7), a executat gre\u0219it lucr\u0103rile la un pod de la Mizil.\" \/>\n<meta property=\"og:url\" content=\"https:\/\/buletin.de\/bucuresti\/autostrada-moldovei-s-a-transformat-in-muzeu-de-reparatii-cand-va-fi-conectata-capitala-cu-focsaniul-exclusiv-pe-a7\/\" \/>\n<meta property=\"og:site_name\" content=\"Buletin de Bucure\u0219ti\" \/>\n<meta property=\"article:publisher\" content=\"https:\/\/www.facebook.com\/buletin.de.buc\" \/>\n<meta property=\"article:published_time\" content=\"2025-09-17T04:34:06+00:00\" \/>\n<meta property=\"article:modified_time\" content=\"2025-09-17T12:12:14+00:00\" \/>\n<meta property=\"og:image\" content=\"https:\/\/buletin.de\/bucuresti\/wp-content\/uploads\/2025\/09\/ID295791_INQUAM_Photos_Casian_Mitu-scaled.jpg\" \/>\n\t<meta property=\"og:image:width\" content=\"2560\" \/>\n\t<meta property=\"og:image:height\" content=\"1706\" \/>\n\t<meta property=\"og:image:type\" content=\"image\/jpeg\" \/>\n<meta name=\"author\" content=\"C\u0103t\u0103lin Dosca\u0219\" \/>\n<meta name=\"twitter:card\" content=\"summary_large_image\" \/>\n<meta name=\"twitter:label1\" content=\"Written by\" \/>\n\t<meta name=\"twitter:data1\" content=\"C\u0103t\u0103lin Dosca\u0219\" \/>\n\t<meta name=\"twitter:label2\" content=\"Estimated reading time\" \/>\n\t<meta name=\"twitter:data2\" content=\"3 minutes\" \/>\n<script type=\"application\/ld+json\" class=\"yoast-schema-graph\">{\"@context\":\"https:\\\/\\\/schema.org\",\"@graph\":[{\"@type\":\"Article\",\"@id\":\"https:\\\/\\\/buletin.de\\\/bucuresti\\\/autostrada-moldovei-s-a-transformat-in-muzeu-de-reparatii-cand-va-fi-conectata-capitala-cu-focsaniul-exclusiv-pe-a7\\\/#article\",\"isPartOf\":{\"@id\":\"https:\\\/\\\/buletin.de\\\/bucuresti\\\/autostrada-moldovei-s-a-transformat-in-muzeu-de-reparatii-cand-va-fi-conectata-capitala-cu-focsaniul-exclusiv-pe-a7\\\/\"},\"author\":{\"name\":\"C\u0103t\u0103lin Dosca\u0219\",\"@id\":\"https:\\\/\\\/buletin.de\\\/bucuresti\\\/#\\\/schema\\\/person\\\/31117187ed4d0bdb0a4c7d6acc79d0f8\"},\"headline\":\"Autostrada Moldovei s-a transformat \u00een \u201emuzeu de repara\u021bii\u201d. C\u00e2nd va fi conectat\u0103 Capitala cu Foc\u0219aniul exclusiv pe A7\",\"datePublished\":\"2025-09-17T04:34:06+00:00\",\"dateModified\":\"2025-09-17T12:12:14+00:00\",\"mainEntityOfPage\":{\"@id\":\"https:\\\/\\\/buletin.de\\\/bucuresti\\\/autostrada-moldovei-s-a-transformat-in-muzeu-de-reparatii-cand-va-fi-conectata-capitala-cu-focsaniul-exclusiv-pe-a7\\\/\"},\"wordCount\":511,\"publisher\":{\"@id\":\"https:\\\/\\\/buletin.de\\\/bucuresti\\\/#organization\"},\"image\":{\"@id\":\"https:\\\/\\\/buletin.de\\\/bucuresti\\\/autostrada-moldovei-s-a-transformat-in-muzeu-de-reparatii-cand-va-fi-conectata-capitala-cu-focsaniul-exclusiv-pe-a7\\\/#primaryimage\"},\"thumbnailUrl\":\"https:\\\/\\\/buletin.de\\\/bucuresti\\\/wp-content\\\/uploads\\\/2025\\\/09\\\/ID295791_INQUAM_Photos_Casian_Mitu-scaled.jpg\",\"keywords\":[\"a7\",\"bulgari\",\"lucrari\",\"mizil\",\"pietrosele\",\"pod\"],\"articleSection\":[\"Articole\",\"Main\",\"Transport\"],\"inLanguage\":\"en-GB\",\"copyrightYear\":\"2025\",\"copyrightHolder\":{\"@id\":\"https:\\\/\\\/buletin.de\\\/bucuresti\\\/#organization\"}},{\"@type\":\"WebPage\",\"@id\":\"https:\\\/\\\/buletin.de\\\/bucuresti\\\/autostrada-moldovei-s-a-transformat-in-muzeu-de-reparatii-cand-va-fi-conectata-capitala-cu-focsaniul-exclusiv-pe-a7\\\/\",\"url\":\"https:\\\/\\\/buletin.de\\\/bucuresti\\\/autostrada-moldovei-s-a-transformat-in-muzeu-de-reparatii-cand-va-fi-conectata-capitala-cu-focsaniul-exclusiv-pe-a7\\\/\",\"name\":\"Autostrada Moldovei s-a transformat \u00een \u201emuzeu de repara\u021bii\u201d. C\u00e2nd va fi conectat\u0103 Capitala cu Foc\u0219aniul exclusiv pe A7 - Buletin de Bucure\u0219ti\",\"isPartOf\":{\"@id\":\"https:\\\/\\\/buletin.de\\\/bucuresti\\\/#website\"},\"primaryImageOfPage\":{\"@id\":\"https:\\\/\\\/buletin.de\\\/bucuresti\\\/autostrada-moldovei-s-a-transformat-in-muzeu-de-reparatii-cand-va-fi-conectata-capitala-cu-focsaniul-exclusiv-pe-a7\\\/#primaryimage\"},\"image\":{\"@id\":\"https:\\\/\\\/buletin.de\\\/bucuresti\\\/autostrada-moldovei-s-a-transformat-in-muzeu-de-reparatii-cand-va-fi-conectata-capitala-cu-focsaniul-exclusiv-pe-a7\\\/#primaryimage\"},\"thumbnailUrl\":\"https:\\\/\\\/buletin.de\\\/bucuresti\\\/wp-content\\\/uploads\\\/2025\\\/09\\\/ID295791_INQUAM_Photos_Casian_Mitu-scaled.jpg\",\"datePublished\":\"2025-09-17T04:34:06+00:00\",\"dateModified\":\"2025-09-17T12:12:14+00:00\",\"description\":\"Buletin de Bucure\u0219ti a dezv\u0103luit \u00een martie c\u0103 o fim\u0103 bulgar\u0103, constructor pe lotul 2 al Autostr\u0103zii Moldovei (A7), a executat gre\u0219it lucr\u0103rile la un pod de la Mizil.\",\"breadcrumb\":{\"@id\":\"https:\\\/\\\/buletin.de\\\/bucuresti\\\/autostrada-moldovei-s-a-transformat-in-muzeu-de-reparatii-cand-va-fi-conectata-capitala-cu-focsaniul-exclusiv-pe-a7\\\/#breadcrumb\"},\"inLanguage\":\"en-GB\",\"potentialAction\":[{\"@type\":\"ReadAction\",\"target\":[\"https:\\\/\\\/buletin.de\\\/bucuresti\\\/autostrada-moldovei-s-a-transformat-in-muzeu-de-reparatii-cand-va-fi-conectata-capitala-cu-focsaniul-exclusiv-pe-a7\\\/\"]}]},{\"@type\":\"ImageObject\",\"inLanguage\":\"en-GB\",\"@id\":\"https:\\\/\\\/buletin.de\\\/bucuresti\\\/autostrada-moldovei-s-a-transformat-in-muzeu-de-reparatii-cand-va-fi-conectata-capitala-cu-focsaniul-exclusiv-pe-a7\\\/#primaryimage\",\"url\":\"https:\\\/\\\/buletin.de\\\/bucuresti\\\/wp-content\\\/uploads\\\/2025\\\/09\\\/ID295791_INQUAM_Photos_Casian_Mitu-scaled.jpg\",\"contentUrl\":\"https:\\\/\\\/buletin.de\\\/bucuresti\\\/wp-content\\\/uploads\\\/2025\\\/09\\\/ID295791_INQUAM_Photos_Casian_Mitu-scaled.jpg\",\"width\":2560,\"height\":1706,\"caption\":\"Autostrada Moldovei s-a transformat \u00een \u201emuzeu de repara\u021bii\u201d. FOTO: Inquam Photos\\\/Casian Mitu\"},{\"@type\":\"BreadcrumbList\",\"@id\":\"https:\\\/\\\/buletin.de\\\/bucuresti\\\/autostrada-moldovei-s-a-transformat-in-muzeu-de-reparatii-cand-va-fi-conectata-capitala-cu-focsaniul-exclusiv-pe-a7\\\/#breadcrumb\",\"itemListElement\":[{\"@type\":\"ListItem\",\"position\":1,\"name\":\"Acas\u0103\",\"item\":\"https:\\\/\\\/buletin.de\\\/bucuresti\\\/\"},{\"@type\":\"ListItem\",\"position\":2,\"name\":\"Autostrada Moldovei s-a transformat \u00een \u201emuzeu de repara\u021bii\u201d. C\u00e2nd va fi conectat\u0103 Capitala cu Foc\u0219aniul exclusiv pe A7\"}]},{\"@type\":\"WebSite\",\"@id\":\"https:\\\/\\\/buletin.de\\\/bucuresti\\\/#website\",\"url\":\"https:\\\/\\\/buletin.de\\\/bucuresti\\\/\",\"name\":\"Buletin de Bucure\u0219ti\",\"description\":\"\u0218tiri \u0219i investiga\u021bii esen\u021biale din capital\u0103\",\"publisher\":{\"@id\":\"https:\\\/\\\/buletin.de\\\/bucuresti\\\/#organization\"},\"potentialAction\":[{\"@type\":\"SearchAction\",\"target\":{\"@type\":\"EntryPoint\",\"urlTemplate\":\"https:\\\/\\\/buletin.de\\\/bucuresti\\\/?s={search_term_string}\"},\"query-input\":{\"@type\":\"PropertyValueSpecification\",\"valueRequired\":true,\"valueName\":\"search_term_string\"}}],\"inLanguage\":\"en-GB\"},{\"@type\":\"Organization\",\"@id\":\"https:\\\/\\\/buletin.de\\\/bucuresti\\\/#organization\",\"name\":\"Buletin de Bucure\u0219ti\",\"url\":\"https:\\\/\\\/buletin.de\\\/bucuresti\\\/\",\"logo\":{\"@type\":\"ImageObject\",\"inLanguage\":\"en-GB\",\"@id\":\"https:\\\/\\\/buletin.de\\\/bucuresti\\\/#\\\/schema\\\/logo\\\/image\\\/\",\"url\":\"https:\\\/\\\/buletin.de\\\/bucuresti\\\/wp-content\\\/uploads\\\/logo-bdb-full-wide-vernil-transparent.png\",\"contentUrl\":\"https:\\\/\\\/buletin.de\\\/bucuresti\\\/wp-content\\\/uploads\\\/logo-bdb-full-wide-vernil-transparent.png\",\"width\":1782,\"height\":626,\"caption\":\"Buletin de Bucure\u0219ti\"},\"image\":{\"@id\":\"https:\\\/\\\/buletin.de\\\/bucuresti\\\/#\\\/schema\\\/logo\\\/image\\\/\"},\"sameAs\":[\"https:\\\/\\\/www.facebook.com\\\/buletin.de.buc\",\"https:\\\/\\\/www.instagram.com\\\/buletinde.bucuresti\\\/\"]},{\"@type\":\"Person\",\"@id\":\"https:\\\/\\\/buletin.de\\\/bucuresti\\\/#\\\/schema\\\/person\\\/31117187ed4d0bdb0a4c7d6acc79d0f8\",\"name\":\"C\u0103t\u0103lin Dosca\u0219\",\"image\":{\"@type\":\"ImageObject\",\"inLanguage\":\"en-GB\",\"@id\":\"https:\\\/\\\/buletin.de\\\/bucuresti\\\/wp-content\\\/uploads\\\/Catalin-Doscas-e1732731064764-96x96.jpga93e2943bb3b1c1f9ead823df6e6317a\",\"url\":\"https:\\\/\\\/buletin.de\\\/bucuresti\\\/wp-content\\\/uploads\\\/Catalin-Doscas-e1732731064764-96x96.jpg\",\"contentUrl\":\"https:\\\/\\\/buletin.de\\\/bucuresti\\\/wp-content\\\/uploads\\\/Catalin-Doscas-e1732731064764-96x96.jpg\",\"caption\":\"C\u0103t\u0103lin Dosca\u0219\"},\"description\":\"Reporter \u0219i redactor-\u0219ef Buletin de Bucure\u0219ti. Lucreaz\u0103 \u00een mass-media de la v\u00e2rsta de 15 ani, c\u00e2nd a publicat primele articole \u00een presa local\u0103 din Tecuci. \u00cen Bucure\u0219ti a lucrat \u00een redac\u021bii radio ca reporter, redactor \u0219i prezentator (StudentFM, Na\u021bionalFM, Radio Total, Smart FM), unde a acoperit domeniile politic, economic, social \u0219i externe. Ulterior, a fost editor-coordonator al postului Realitatea FM. Experien\u021ba \u00een jurnalismul online a dob\u00e2ndit-o la portalul B365.ro, unde a fost editor. \u00cen 2012 s-a angajat \u00een televiziune. La Realitatea TV a fost, pe r\u00e2nd, reporter la sec\u021bia Social, reporter special la emisiunea de reportaje \u0219i anchete \u201eReporterii Realit\u0103\u021bii\u201d, dar \u0219i editor al jurnalelor de \u0219tiri. Ulterior, a f\u0103cut parte din sec\u021bia de Investiga\u021bii de la Digi24 \u0219i a lucrat la campania \u201eRom\u00e2nia furat\u0103\u201d. A revenit \u00een presa scris\u0103 \u00een 2017, ca reporter special, \u00een cadrul unui proiect de repozi\u021bionare a tabloidului Libertatea \u00een cotidian generalist. Este jurnalist Buletin de Bucure\u0219ti din 2019.\",\"url\":\"https:\\\/\\\/buletin.de\\\/bucuresti\\\/author\\\/catalin\\\/\"}]}<\/script>\n<!-- \/ Yoast SEO Premium plugin. -->","yoast_head_json":{"title":"Autostrada Moldovei s-a transformat \u00een \u201emuzeu de repara\u021bii\u201d. C\u00e2nd va fi conectat\u0103 Capitala cu Foc\u0219aniul exclusiv pe A7 - Buletin de Bucure\u0219ti","description":"Buletin de Bucure\u0219ti a dezv\u0103luit \u00een martie c\u0103 o fim\u0103 bulgar\u0103, constructor pe lotul 2 al Autostr\u0103zii Moldovei (A7), a executat gre\u0219it lucr\u0103rile la un pod de la Mizil.","robots":{"index":"index","follow":"follow","max-snippet":"max-snippet:-1","max-image-preview":"max-image-preview:large","max-video-preview":"max-video-preview:-1"},"canonical":"https:\/\/buletin.de\/bucuresti\/autostrada-moldovei-s-a-transformat-in-muzeu-de-reparatii-cand-va-fi-conectata-capitala-cu-focsaniul-exclusiv-pe-a7\/","og_locale":"en_GB","og_type":"article","og_title":"Autostrada Moldovei s-a transformat \u00een \u201emuzeu de repara\u021bii\u201d. C\u00e2nd va fi conectat\u0103 Capitala cu Foc\u0219aniul exclusiv pe A7","og_description":"Buletin de Bucure\u0219ti a dezv\u0103luit \u00een martie c\u0103 o fim\u0103 bulgar\u0103, constructor pe lotul 2 al Autostr\u0103zii Moldovei (A7), a executat gre\u0219it lucr\u0103rile la un pod de la Mizil.","og_url":"https:\/\/buletin.de\/bucuresti\/autostrada-moldovei-s-a-transformat-in-muzeu-de-reparatii-cand-va-fi-conectata-capitala-cu-focsaniul-exclusiv-pe-a7\/","og_site_name":"Buletin de Bucure\u0219ti","article_publisher":"https:\/\/www.facebook.com\/buletin.de.buc","article_published_time":"2025-09-17T04:34:06+00:00","article_modified_time":"2025-09-17T12:12:14+00:00","og_image":[{"width":2560,"height":1706,"url":"https:\/\/buletin.de\/bucuresti\/wp-content\/uploads\/2025\/09\/ID295791_INQUAM_Photos_Casian_Mitu-scaled.jpg","type":"image\/jpeg"}],"author":"C\u0103t\u0103lin Dosca\u0219","twitter_card":"summary_large_image","twitter_misc":{"Written by":"C\u0103t\u0103lin Dosca\u0219","Estimated reading time":"3 minutes"},"schema":{"@context":"https:\/\/schema.org","@graph":[{"@type":"Article","@id":"https:\/\/buletin.de\/bucuresti\/autostrada-moldovei-s-a-transformat-in-muzeu-de-reparatii-cand-va-fi-conectata-capitala-cu-focsaniul-exclusiv-pe-a7\/#article","isPartOf":{"@id":"https:\/\/buletin.de\/bucuresti\/autostrada-moldovei-s-a-transformat-in-muzeu-de-reparatii-cand-va-fi-conectata-capitala-cu-focsaniul-exclusiv-pe-a7\/"},"author":{"name":"C\u0103t\u0103lin Dosca\u0219","@id":"https:\/\/buletin.de\/bucuresti\/#\/schema\/person\/31117187ed4d0bdb0a4c7d6acc79d0f8"},"headline":"Autostrada Moldovei s-a transformat \u00een \u201emuzeu de repara\u021bii\u201d. C\u00e2nd va fi conectat\u0103 Capitala cu Foc\u0219aniul exclusiv pe A7","datePublished":"2025-09-17T04:34:06+00:00","dateModified":"2025-09-17T12:12:14+00:00","mainEntityOfPage":{"@id":"https:\/\/buletin.de\/bucuresti\/autostrada-moldovei-s-a-transformat-in-muzeu-de-reparatii-cand-va-fi-conectata-capitala-cu-focsaniul-exclusiv-pe-a7\/"},"wordCount":511,"publisher":{"@id":"https:\/\/buletin.de\/bucuresti\/#organization"},"image":{"@id":"https:\/\/buletin.de\/bucuresti\/autostrada-moldovei-s-a-transformat-in-muzeu-de-reparatii-cand-va-fi-conectata-capitala-cu-focsaniul-exclusiv-pe-a7\/#primaryimage"},"thumbnailUrl":"https:\/\/buletin.de\/bucuresti\/wp-content\/uploads\/2025\/09\/ID295791_INQUAM_Photos_Casian_Mitu-scaled.jpg","keywords":["a7","bulgari","lucrari","mizil","pietrosele","pod"],"articleSection":["Articole","Main","Transport"],"inLanguage":"en-GB","copyrightYear":"2025","copyrightHolder":{"@id":"https:\/\/buletin.de\/bucuresti\/#organization"}},{"@type":"WebPage","@id":"https:\/\/buletin.de\/bucuresti\/autostrada-moldovei-s-a-transformat-in-muzeu-de-reparatii-cand-va-fi-conectata-capitala-cu-focsaniul-exclusiv-pe-a7\/","url":"https:\/\/buletin.de\/bucuresti\/autostrada-moldovei-s-a-transformat-in-muzeu-de-reparatii-cand-va-fi-conectata-capitala-cu-focsaniul-exclusiv-pe-a7\/","name":"Autostrada Moldovei s-a transformat \u00een \u201emuzeu de repara\u021bii\u201d. C\u00e2nd va fi conectat\u0103 Capitala cu Foc\u0219aniul exclusiv pe A7 - Buletin de Bucure\u0219ti","isPartOf":{"@id":"https:\/\/buletin.de\/bucuresti\/#website"},"primaryImageOfPage":{"@id":"https:\/\/buletin.de\/bucuresti\/autostrada-moldovei-s-a-transformat-in-muzeu-de-reparatii-cand-va-fi-conectata-capitala-cu-focsaniul-exclusiv-pe-a7\/#primaryimage"},"image":{"@id":"https:\/\/buletin.de\/bucuresti\/autostrada-moldovei-s-a-transformat-in-muzeu-de-reparatii-cand-va-fi-conectata-capitala-cu-focsaniul-exclusiv-pe-a7\/#primaryimage"},"thumbnailUrl":"https:\/\/buletin.de\/bucuresti\/wp-content\/uploads\/2025\/09\/ID295791_INQUAM_Photos_Casian_Mitu-scaled.jpg","datePublished":"2025-09-17T04:34:06+00:00","dateModified":"2025-09-17T12:12:14+00:00","description":"Buletin de Bucure\u0219ti a dezv\u0103luit \u00een martie c\u0103 o fim\u0103 bulgar\u0103, constructor pe lotul 2 al Autostr\u0103zii Moldovei (A7), a executat gre\u0219it lucr\u0103rile la un pod de la Mizil.","breadcrumb":{"@id":"https:\/\/buletin.de\/bucuresti\/autostrada-moldovei-s-a-transformat-in-muzeu-de-reparatii-cand-va-fi-conectata-capitala-cu-focsaniul-exclusiv-pe-a7\/#breadcrumb"},"inLanguage":"en-GB","potentialAction":[{"@type":"ReadAction","target":["https:\/\/buletin.de\/bucuresti\/autostrada-moldovei-s-a-transformat-in-muzeu-de-reparatii-cand-va-fi-conectata-capitala-cu-focsaniul-exclusiv-pe-a7\/"]}]},{"@type":"ImageObject","inLanguage":"en-GB","@id":"https:\/\/buletin.de\/bucuresti\/autostrada-moldovei-s-a-transformat-in-muzeu-de-reparatii-cand-va-fi-conectata-capitala-cu-focsaniul-exclusiv-pe-a7\/#primaryimage","url":"https:\/\/buletin.de\/bucuresti\/wp-content\/uploads\/2025\/09\/ID295791_INQUAM_Photos_Casian_Mitu-scaled.jpg","contentUrl":"https:\/\/buletin.de\/bucuresti\/wp-content\/uploads\/2025\/09\/ID295791_INQUAM_Photos_Casian_Mitu-scaled.jpg","width":2560,"height":1706,"caption":"Autostrada Moldovei s-a transformat \u00een \u201emuzeu de repara\u021bii\u201d. FOTO: Inquam Photos\/Casian Mitu"},{"@type":"BreadcrumbList","@id":"https:\/\/buletin.de\/bucuresti\/autostrada-moldovei-s-a-transformat-in-muzeu-de-reparatii-cand-va-fi-conectata-capitala-cu-focsaniul-exclusiv-pe-a7\/#breadcrumb","itemListElement":[{"@type":"ListItem","position":1,"name":"Acas\u0103","item":"https:\/\/buletin.de\/bucuresti\/"},{"@type":"ListItem","position":2,"name":"Autostrada Moldovei s-a transformat \u00een \u201emuzeu de repara\u021bii\u201d. C\u00e2nd va fi conectat\u0103 Capitala cu Foc\u0219aniul exclusiv pe A7"}]},{"@type":"WebSite","@id":"https:\/\/buletin.de\/bucuresti\/#website","url":"https:\/\/buletin.de\/bucuresti\/","name":"Buletin de Bucure\u0219ti","description":"\u0218tiri \u0219i investiga\u021bii esen\u021biale din capital\u0103","publisher":{"@id":"https:\/\/buletin.de\/bucuresti\/#organization"},"potentialAction":[{"@type":"SearchAction","target":{"@type":"EntryPoint","urlTemplate":"https:\/\/buletin.de\/bucuresti\/?s={search_term_string}"},"query-input":{"@type":"PropertyValueSpecification","valueRequired":true,"valueName":"search_term_string"}}],"inLanguage":"en-GB"},{"@type":"Organization","@id":"https:\/\/buletin.de\/bucuresti\/#organization","name":"Buletin de Bucure\u0219ti","url":"https:\/\/buletin.de\/bucuresti\/","logo":{"@type":"ImageObject","inLanguage":"en-GB","@id":"https:\/\/buletin.de\/bucuresti\/#\/schema\/logo\/image\/","url":"https:\/\/buletin.de\/bucuresti\/wp-content\/uploads\/logo-bdb-full-wide-vernil-transparent.png","contentUrl":"https:\/\/buletin.de\/bucuresti\/wp-content\/uploads\/logo-bdb-full-wide-vernil-transparent.png","width":1782,"height":626,"caption":"Buletin de Bucure\u0219ti"},"image":{"@id":"https:\/\/buletin.de\/bucuresti\/#\/schema\/logo\/image\/"},"sameAs":["https:\/\/www.facebook.com\/buletin.de.buc","https:\/\/www.instagram.com\/buletinde.bucuresti\/"]},{"@type":"Person","@id":"https:\/\/buletin.de\/bucuresti\/#\/schema\/person\/31117187ed4d0bdb0a4c7d6acc79d0f8","name":"C\u0103t\u0103lin Dosca\u0219","image":{"@type":"ImageObject","inLanguage":"en-GB","@id":"https:\/\/buletin.de\/bucuresti\/wp-content\/uploads\/Catalin-Doscas-e1732731064764-96x96.jpga93e2943bb3b1c1f9ead823df6e6317a","url":"https:\/\/buletin.de\/bucuresti\/wp-content\/uploads\/Catalin-Doscas-e1732731064764-96x96.jpg","contentUrl":"https:\/\/buletin.de\/bucuresti\/wp-content\/uploads\/Catalin-Doscas-e1732731064764-96x96.jpg","caption":"C\u0103t\u0103lin Dosca\u0219"},"description":"Reporter \u0219i redactor-\u0219ef Buletin de Bucure\u0219ti. Lucreaz\u0103 \u00een mass-media de la v\u00e2rsta de 15 ani, c\u00e2nd a publicat primele articole \u00een presa local\u0103 din Tecuci. \u00cen Bucure\u0219ti a lucrat \u00een redac\u021bii radio ca reporter, redactor \u0219i prezentator (StudentFM, Na\u021bionalFM, Radio Total, Smart FM), unde a acoperit domeniile politic, economic, social \u0219i externe. Ulterior, a fost editor-coordonator al postului Realitatea FM. Experien\u021ba \u00een jurnalismul online a dob\u00e2ndit-o la portalul B365.ro, unde a fost editor. \u00cen 2012 s-a angajat \u00een televiziune. La Realitatea TV a fost, pe r\u00e2nd, reporter la sec\u021bia Social, reporter special la emisiunea de reportaje \u0219i anchete \u201eReporterii Realit\u0103\u021bii\u201d, dar \u0219i editor al jurnalelor de \u0219tiri. Ulterior, a f\u0103cut parte din sec\u021bia de Investiga\u021bii de la Digi24 \u0219i a lucrat la campania \u201eRom\u00e2nia furat\u0103\u201d. A revenit \u00een presa scris\u0103 \u00een 2017, ca reporter special, \u00een cadrul unui proiect de repozi\u021bionare a tabloidului Libertatea \u00een cotidian generalist. Este jurnalist Buletin de Bucure\u0219ti din 2019.","url":"https:\/\/buletin.de\/bucuresti\/author\/catalin\/"}]}},"authors":[{"term_id":22575,"user_id":10,"is_guest":0,"slug":"catalin","display_name":"C\u0103t\u0103lin Dosca\u0219","avatar_url":"https:\/\/buletin.de\/bucuresti\/wp-content\/uploads\/Catalin-Doscas-e1732731064764-96x96.jpg","0":null,"1":"","2":"","3":"","4":"","5":"","6":"","7":"","8":""}],"_links":{"self":[{"href":"https:\/\/buletin.de\/bucuresti\/wp-json\/wp\/v2\/posts\/148211","targetHints":{"allow":["GET"]}}],"collection":[{"href":"https:\/\/buletin.de\/bucuresti\/wp-json\/wp\/v2\/posts"}],"about":[{"href":"https:\/\/buletin.de\/bucuresti\/wp-json\/wp\/v2\/types\/post"}],"author":[{"embeddable":true,"href":"https:\/\/buletin.de\/bucuresti\/wp-json\/wp\/v2\/users\/10"}],"replies":[{"embeddable":true,"href":"https:\/\/buletin.de\/bucuresti\/wp-json\/wp\/v2\/comments?post=148211"}],"version-history":[{"count":2,"href":"https:\/\/buletin.de\/bucuresti\/wp-json\/wp\/v2\/posts\/148211\/revisions"}],"predecessor-version":[{"id":148310,"href":"https:\/\/buletin.de\/bucuresti\/wp-json\/wp\/v2\/posts\/148211\/revisions\/148310"}],"wp:featuredmedia":[{"embeddable":true,"href":"https:\/\/buletin.de\/bucuresti\/wp-json\/wp\/v2\/media\/148213"}],"wp:attachment":[{"href":"https:\/\/buletin.de\/bucuresti\/wp-json\/wp\/v2\/media?parent=148211"}],"wp:term":[{"taxonomy":"category","embeddable":true,"href":"https:\/\/buletin.de\/bucuresti\/wp-json\/wp\/v2\/categories?post=148211"},{"taxonomy":"post_tag","embeddable":true,"href":"https:\/\/buletin.de\/bucuresti\/wp-json\/wp\/v2\/tags?post=148211"},{"taxonomy":"author","embeddable":true,"href":"https:\/\/buletin.de\/bucuresti\/wp-json\/wp\/v2\/ppma_author?post=148211"}],"curies":[{"name":"wp","href":"https:\/\/api.w.org\/{rel}","templated":true}]}}