{"id":148203,"date":"2025-09-17T06:54:37","date_gmt":"2025-09-17T03:54:37","guid":{"rendered":"https:\/\/buletin.de\/bucuresti\/?p=148203"},"modified":"2025-09-17T15:17:21","modified_gmt":"2025-09-17T12:17:21","slug":"fost-partener-urmarit-electronic-injunghiat-dupa-ce-si-a-atacat-rivalul-intr-un-mall-din-sectorul-6","status":"publish","type":"post","link":"https:\/\/buletin.de\/bucuresti\/fost-partener-urmarit-electronic-injunghiat-dupa-ce-si-a-atacat-rivalul-intr-un-mall-din-sectorul-6\/","title":{"rendered":"Fost partener, urm\u0103rit electronic, \u00eenjunghiat dup\u0103 ce \u0219i-a atacat rivalul \u00eentr-un mall din Sectorul 6"},"content":{"rendered":"\n<p><strong>Un b\u0103rbat a fost re\u021binut, iar un altul a ajuns la spital \u00eenjunghiat, dup\u0103 un incident violent petrecut mar\u021bi sear\u0103 \u00eentr-un complex comercial din Sectorul 6. Agresorul, un b\u0103rbat de 36 de ani, de\u0219i aflat sub monitorizare electronic\u0103 \u00een baza unui ordin de protec\u021bie, \u0219i-a atacat rivalul, pe actualul so\u021b al fostei sale iubite, cu un cu\u021bit.<\/strong><\/p>\n\n\n\n<p>Potrivit Poli\u021biei Capitalei, alerta a fost primit\u0103 at\u00e2t prin 112, c\u00e2t \u0219i de la SIME Ilfov \u2013 Sistemul Informatic de Monitorizare Electronic\u0103, re\u021beaua prin care sunt supraveghea\u021bi agresorii supu\u0219i m\u0103surii de control cu br\u0103\u021bar\u0103 electronic\u0103. Potrivit protocolului, \u00een momentul \u00een care persoana urm\u0103rit\u0103 se apropie la o distan\u021b\u0103 interzis\u0103 de victim\u0103, sistemul emite imediat semnal de alarm\u0103 c\u0103tre dispecerat.<\/p>\n\n\n\n<p>\u201e<em>La data de 16.09.2025, \u00een jurul orei 20:00, Sec\u021bia 22 Poli\u021bie a fost sesizat\u0103 (\u2026) cu privire la declan\u0219area unei alarme de proximitate, urmat\u0103 de un conflict fizic \u00eentre dou\u0103 persoane, produs \u00een incinta unui Complex Comercial, situat \u00een Sectorul 6 al Capitalei<\/em>\u201d, se arat\u0103 \u00een comunicatul transmis de DGPMB.<\/p>\n\n\n\n<p>O femeie se afla \u00eempreun\u0103 cu so\u021bul s\u0103u \u00een centrul comercial, c\u00e2nd fostul ei partener s-a apropiat \u0219i a \u00eenceput s\u0103 manifeste \u201eun comportament agresiv\u201d. \u00centre cei doi b\u0103rba\u021bi a izbucnit un conflict spontan, iar potrivit poli\u021bi\u0219tilor, agresorul avea asupra sa \u201eun obiect ascu\u021bit\u201d.<\/p>\n\n\n\n<h2 class=\"wp-block-heading\" id=\"h-de-ce-\u0219i-a-atacat-rivalul\"><strong>De ce \u0219i-a atacat rivalul<\/strong><\/h2>\n\n\n\n<p>\u00cen timpul alterca\u021biei, actualul so\u021b al femeii a reu\u0219it s\u0103 \u00eel dezarmeze \u0219i l-a atacat la r\u00e2ndul s\u0103u, provoc\u00e2ndu-i dou\u0103 pl\u0103gi \u00een zona spatelui. \u201e<em>Persoanele implicate au fost depistate \u0219i imobilizate de c\u0103tre poli\u021bi\u0219tii ajun\u0219i cu operativitate la fa\u021ba locului<\/em>\u201d, men\u021bioneaz\u0103 DGPMB.<\/p>\n\n\n\n<p>B\u0103rbatul r\u0103nit a fost preluat de un echipaj medical \u0219i transportat la spital, \u00een timp ce agresorul ini\u021bial a fost dus la Sec\u021bia 22 pentru continuarea cercet\u0103rilor.<\/p>\n\n\n\n<p>Poli\u021bi\u0219tii au mai precizat c\u0103, \u00een aceea\u0219i zi, \u00eenainte de incident, femeia depusese deja pl\u00e2ngere \u00eempotriva fostului s\u0103u partener, dup\u0103 ce acesta se prezentase la domiciliul ei din Ilfov \u0219i provocase distrugeri prin spargerea unui geam. \u00cen urma acelei sesiz\u0103ri fusese emis un ordin de protec\u021bie provizoriu \u0219i dispus\u0103 m\u0103sura monitoriz\u0103rii electronice.<\/p>\n\n\n\n<p>Cercet\u0103rile continu\u0103 pentru stabilirea exact\u0103 a circumstan\u021belor \u0219i aplicarea m\u0103surilor legale, se mai arat\u0103 \u00een <a href=\"https:\/\/b.politiaromana.ro\/\">comunicatul Poli\u021biei Capitalei<\/a>.<\/p>\n\n\n\n<p>CITE\u0218TE \u0218I <a href=\"https:\/\/buletin.de\/bucuresti\/ilfov-nepoata-primarului-din-peris-si-a-retras-solicitarea-de-inchiriere-a-gradinitei-si-acuza-texte-cu-caracter-denigrator\/\">ILFOV | Nepoata primarului din Peri\u0219 \u0219i-a retras solicitarea de \u00eenchiriere a gr\u0103dini\u021bei \u0219i acuz\u0103 BdB de \u201etexte cu caracter denigrator\u201d<\/a><\/p>\n","protected":false},"excerpt":{"rendered":"<p>Un b\u0103rbat a fost re\u021binut, iar un altul a ajuns la spital \u00eenjunghiat, dup\u0103 un incident violent petrecut mar\u021bi sear\u0103 \u00eentr-un complex comercial din Sectorul 6. Agresorul, un b\u0103rbat de 36 de ani, de\u0219i aflat sub monitorizare electronic\u0103 \u00een baza unui ordin de protec\u021bie, \u0219i-a atacat rivalul, pe actualul so\u021b al fostei sale iubite, cu [&hellip;]<\/p>\n","protected":false},"author":1,"featured_media":103114,"comment_status":"closed","ping_status":"open","sticky":false,"template":"","format":"standard","meta":{"_acf_changed":false,"inline_featured_image":false,"ngg_post_thumbnail":0,"footnotes":""},"categories":[6994,9026,62],"tags":[23793,5187,882,1837],"ppma_author":[22583],"class_list":["post-148203","post","type-post","status-publish","format-standard","has-post-thumbnail","hentry","category-stiri-2","category-eveniment","category-stiri","tag-injunghiere-2","tag-mall","tag-politie","tag-supraveghere"],"acf":[],"yoast_head":"<!-- This site is optimized with the Yoast SEO Premium plugin v25.3 (Yoast SEO v27.4) - https:\/\/yoast.com\/product\/yoast-seo-premium-wordpress\/ -->\n<title>Fost partener, urm\u0103rit electronic, \u00eenjunghiat dup\u0103 ce \u0219i-a atacat rivalul \u00eentr-un mall din Sectorul 6 - Buletin de Bucure\u0219ti<\/title>\n<meta name=\"description\" content=\"Agresorul, un b\u0103rbat de 36 de ani, de\u0219i aflat sub monitorizare electronic\u0103 \u00een baza unui ordin de protec\u021bie, \u0219i-a atacat rivalul.\" \/>\n<meta name=\"robots\" content=\"index, follow, max-snippet:-1, max-image-preview:large, max-video-preview:-1\" \/>\n<link rel=\"canonical\" href=\"https:\/\/buletin.de\/bucuresti\/fost-partener-urmarit-electronic-injunghiat-dupa-ce-si-a-atacat-rivalul-intr-un-mall-din-sectorul-6\/\" \/>\n<meta property=\"og:locale\" content=\"en_GB\" \/>\n<meta property=\"og:type\" content=\"article\" \/>\n<meta property=\"og:title\" content=\"Fost partener, urm\u0103rit electronic, \u00eenjunghiat dup\u0103 ce \u0219i-a atacat rivalul \u00eentr-un mall din Sectorul 6\" \/>\n<meta property=\"og:description\" content=\"Agresorul, un b\u0103rbat de 36 de ani, de\u0219i aflat sub monitorizare electronic\u0103 \u00een baza unui ordin de protec\u021bie, \u0219i-a atacat rivalul.\" \/>\n<meta property=\"og:url\" content=\"https:\/\/buletin.de\/bucuresti\/fost-partener-urmarit-electronic-injunghiat-dupa-ce-si-a-atacat-rivalul-intr-un-mall-din-sectorul-6\/\" \/>\n<meta property=\"og:site_name\" content=\"Buletin de Bucure\u0219ti\" \/>\n<meta property=\"article:publisher\" content=\"https:\/\/www.facebook.com\/buletin.de.buc\" \/>\n<meta property=\"article:published_time\" content=\"2025-09-17T03:54:37+00:00\" \/>\n<meta property=\"article:modified_time\" content=\"2025-09-17T12:17:21+00:00\" \/>\n<meta property=\"og:image\" content=\"https:\/\/buletin.de\/bucuresti\/wp-content\/uploads\/Ofiter-de-politie-trimis-in-judecata-dupa-ce-a-gestionat-o-afacere-personal.jpg\" \/>\n\t<meta property=\"og:image:width\" content=\"2000\" \/>\n\t<meta property=\"og:image:height\" content=\"1089\" \/>\n\t<meta property=\"og:image:type\" content=\"image\/jpeg\" \/>\n<meta name=\"author\" content=\"Redac\u021bia Buletin de Bucure\u0219ti\" \/>\n<meta name=\"twitter:card\" content=\"summary_large_image\" \/>\n<meta name=\"twitter:label1\" content=\"Written by\" \/>\n\t<meta name=\"twitter:data1\" content=\"Redac\u021bia Buletin de Bucure\u0219ti\" \/>\n\t<meta name=\"twitter:label2\" content=\"Estimated reading time\" \/>\n\t<meta name=\"twitter:data2\" content=\"2 minutes\" \/>\n<script type=\"application\/ld+json\" class=\"yoast-schema-graph\">{\"@context\":\"https:\\\/\\\/schema.org\",\"@graph\":[{\"@type\":\"Article\",\"@id\":\"https:\\\/\\\/buletin.de\\\/bucuresti\\\/fost-partener-urmarit-electronic-injunghiat-dupa-ce-si-a-atacat-rivalul-intr-un-mall-din-sectorul-6\\\/#article\",\"isPartOf\":{\"@id\":\"https:\\\/\\\/buletin.de\\\/bucuresti\\\/fost-partener-urmarit-electronic-injunghiat-dupa-ce-si-a-atacat-rivalul-intr-un-mall-din-sectorul-6\\\/\"},\"author\":{\"name\":\"Redac\u021bia Buletin de Bucure\u0219ti\",\"@id\":\"https:\\\/\\\/buletin.de\\\/bucuresti\\\/#\\\/schema\\\/person\\\/2bbcf854e5f2419a13804af574d06ab1\"},\"headline\":\"Fost partener, urm\u0103rit electronic, \u00eenjunghiat dup\u0103 ce \u0219i-a atacat rivalul \u00eentr-un mall din Sectorul 6\",\"datePublished\":\"2025-09-17T03:54:37+00:00\",\"dateModified\":\"2025-09-17T12:17:21+00:00\",\"mainEntityOfPage\":{\"@id\":\"https:\\\/\\\/buletin.de\\\/bucuresti\\\/fost-partener-urmarit-electronic-injunghiat-dupa-ce-si-a-atacat-rivalul-intr-un-mall-din-sectorul-6\\\/\"},\"wordCount\":442,\"publisher\":{\"@id\":\"https:\\\/\\\/buletin.de\\\/bucuresti\\\/#organization\"},\"image\":{\"@id\":\"https:\\\/\\\/buletin.de\\\/bucuresti\\\/fost-partener-urmarit-electronic-injunghiat-dupa-ce-si-a-atacat-rivalul-intr-un-mall-din-sectorul-6\\\/#primaryimage\"},\"thumbnailUrl\":\"https:\\\/\\\/buletin.de\\\/bucuresti\\\/wp-content\\\/uploads\\\/Ofiter-de-politie-trimis-in-judecata-dupa-ce-a-gestionat-o-afacere-personal.jpg\",\"keywords\":[\"injunghiere\",\"mall\",\"politie\",\"supraveghere\"],\"articleSection\":[\"Articole\",\"Eveniment\",\"\u0218tiri\"],\"inLanguage\":\"en-GB\",\"copyrightYear\":\"2025\",\"copyrightHolder\":{\"@id\":\"https:\\\/\\\/buletin.de\\\/bucuresti\\\/#organization\"}},{\"@type\":\"WebPage\",\"@id\":\"https:\\\/\\\/buletin.de\\\/bucuresti\\\/fost-partener-urmarit-electronic-injunghiat-dupa-ce-si-a-atacat-rivalul-intr-un-mall-din-sectorul-6\\\/\",\"url\":\"https:\\\/\\\/buletin.de\\\/bucuresti\\\/fost-partener-urmarit-electronic-injunghiat-dupa-ce-si-a-atacat-rivalul-intr-un-mall-din-sectorul-6\\\/\",\"name\":\"Fost partener, urm\u0103rit electronic, \u00eenjunghiat dup\u0103 ce \u0219i-a atacat rivalul \u00eentr-un mall din Sectorul 6 - Buletin de Bucure\u0219ti\",\"isPartOf\":{\"@id\":\"https:\\\/\\\/buletin.de\\\/bucuresti\\\/#website\"},\"primaryImageOfPage\":{\"@id\":\"https:\\\/\\\/buletin.de\\\/bucuresti\\\/fost-partener-urmarit-electronic-injunghiat-dupa-ce-si-a-atacat-rivalul-intr-un-mall-din-sectorul-6\\\/#primaryimage\"},\"image\":{\"@id\":\"https:\\\/\\\/buletin.de\\\/bucuresti\\\/fost-partener-urmarit-electronic-injunghiat-dupa-ce-si-a-atacat-rivalul-intr-un-mall-din-sectorul-6\\\/#primaryimage\"},\"thumbnailUrl\":\"https:\\\/\\\/buletin.de\\\/bucuresti\\\/wp-content\\\/uploads\\\/Ofiter-de-politie-trimis-in-judecata-dupa-ce-a-gestionat-o-afacere-personal.jpg\",\"datePublished\":\"2025-09-17T03:54:37+00:00\",\"dateModified\":\"2025-09-17T12:17:21+00:00\",\"description\":\"Agresorul, un b\u0103rbat de 36 de ani, de\u0219i aflat sub monitorizare electronic\u0103 \u00een baza unui ordin de protec\u021bie, \u0219i-a atacat rivalul.\",\"breadcrumb\":{\"@id\":\"https:\\\/\\\/buletin.de\\\/bucuresti\\\/fost-partener-urmarit-electronic-injunghiat-dupa-ce-si-a-atacat-rivalul-intr-un-mall-din-sectorul-6\\\/#breadcrumb\"},\"inLanguage\":\"en-GB\",\"potentialAction\":[{\"@type\":\"ReadAction\",\"target\":[\"https:\\\/\\\/buletin.de\\\/bucuresti\\\/fost-partener-urmarit-electronic-injunghiat-dupa-ce-si-a-atacat-rivalul-intr-un-mall-din-sectorul-6\\\/\"]}]},{\"@type\":\"ImageObject\",\"inLanguage\":\"en-GB\",\"@id\":\"https:\\\/\\\/buletin.de\\\/bucuresti\\\/fost-partener-urmarit-electronic-injunghiat-dupa-ce-si-a-atacat-rivalul-intr-un-mall-din-sectorul-6\\\/#primaryimage\",\"url\":\"https:\\\/\\\/buletin.de\\\/bucuresti\\\/wp-content\\\/uploads\\\/Ofiter-de-politie-trimis-in-judecata-dupa-ce-a-gestionat-o-afacere-personal.jpg\",\"contentUrl\":\"https:\\\/\\\/buletin.de\\\/bucuresti\\\/wp-content\\\/uploads\\\/Ofiter-de-politie-trimis-in-judecata-dupa-ce-a-gestionat-o-afacere-personal.jpg\",\"width\":2000,\"height\":1089,\"caption\":\"Fost partener, urm\u0103rit electronic, \u00eenjunghiat dup\u0103 ce \u0219i-a atacat rivalul\"},{\"@type\":\"BreadcrumbList\",\"@id\":\"https:\\\/\\\/buletin.de\\\/bucuresti\\\/fost-partener-urmarit-electronic-injunghiat-dupa-ce-si-a-atacat-rivalul-intr-un-mall-din-sectorul-6\\\/#breadcrumb\",\"itemListElement\":[{\"@type\":\"ListItem\",\"position\":1,\"name\":\"Acas\u0103\",\"item\":\"https:\\\/\\\/buletin.de\\\/bucuresti\\\/\"},{\"@type\":\"ListItem\",\"position\":2,\"name\":\"Fost partener, urm\u0103rit electronic, \u00eenjunghiat dup\u0103 ce \u0219i-a atacat rivalul \u00eentr-un mall din Sectorul 6\"}]},{\"@type\":\"WebSite\",\"@id\":\"https:\\\/\\\/buletin.de\\\/bucuresti\\\/#website\",\"url\":\"https:\\\/\\\/buletin.de\\\/bucuresti\\\/\",\"name\":\"Buletin de Bucure\u0219ti\",\"description\":\"\u0218tiri \u0219i investiga\u021bii esen\u021biale din capital\u0103\",\"publisher\":{\"@id\":\"https:\\\/\\\/buletin.de\\\/bucuresti\\\/#organization\"},\"potentialAction\":[{\"@type\":\"SearchAction\",\"target\":{\"@type\":\"EntryPoint\",\"urlTemplate\":\"https:\\\/\\\/buletin.de\\\/bucuresti\\\/?s={search_term_string}\"},\"query-input\":{\"@type\":\"PropertyValueSpecification\",\"valueRequired\":true,\"valueName\":\"search_term_string\"}}],\"inLanguage\":\"en-GB\"},{\"@type\":\"Organization\",\"@id\":\"https:\\\/\\\/buletin.de\\\/bucuresti\\\/#organization\",\"name\":\"Buletin de Bucure\u0219ti\",\"url\":\"https:\\\/\\\/buletin.de\\\/bucuresti\\\/\",\"logo\":{\"@type\":\"ImageObject\",\"inLanguage\":\"en-GB\",\"@id\":\"https:\\\/\\\/buletin.de\\\/bucuresti\\\/#\\\/schema\\\/logo\\\/image\\\/\",\"url\":\"https:\\\/\\\/buletin.de\\\/bucuresti\\\/wp-content\\\/uploads\\\/logo-bdb-full-wide-vernil-transparent.png\",\"contentUrl\":\"https:\\\/\\\/buletin.de\\\/bucuresti\\\/wp-content\\\/uploads\\\/logo-bdb-full-wide-vernil-transparent.png\",\"width\":1782,\"height\":626,\"caption\":\"Buletin de Bucure\u0219ti\"},\"image\":{\"@id\":\"https:\\\/\\\/buletin.de\\\/bucuresti\\\/#\\\/schema\\\/logo\\\/image\\\/\"},\"sameAs\":[\"https:\\\/\\\/www.facebook.com\\\/buletin.de.buc\",\"https:\\\/\\\/www.instagram.com\\\/buletinde.bucuresti\\\/\"]},{\"@type\":\"Person\",\"@id\":\"https:\\\/\\\/buletin.de\\\/bucuresti\\\/#\\\/schema\\\/person\\\/2bbcf854e5f2419a13804af574d06ab1\",\"name\":\"Redac\u021bia Buletin de Bucure\u0219ti\",\"image\":{\"@type\":\"ImageObject\",\"inLanguage\":\"en-GB\",\"@id\":\"https:\\\/\\\/secure.gravatar.com\\\/avatar\\\/18c5342381ed1a08620e6280424e3e5efc958618f5d67c522c9e44c1bc6f9226?s=96&d=monsterid&r=g60c7cd0ad92c68c049fcd4bb3504d609\",\"url\":\"https:\\\/\\\/secure.gravatar.com\\\/avatar\\\/18c5342381ed1a08620e6280424e3e5efc958618f5d67c522c9e44c1bc6f9226?s=96&d=monsterid&r=g\",\"contentUrl\":\"https:\\\/\\\/secure.gravatar.com\\\/avatar\\\/18c5342381ed1a08620e6280424e3e5efc958618f5d67c522c9e44c1bc6f9226?s=96&d=monsterid&r=g\",\"caption\":\"Redac\u021bia Buletin de Bucure\u0219ti\"},\"description\":\"Buletin de Bucure\u0219ti exist\u0103 din vara anului 2019.\",\"url\":\"https:\\\/\\\/buletin.de\\\/bucuresti\\\/author\\\/adminbuletin\\\/\"}]}<\/script>\n<!-- \/ Yoast SEO Premium plugin. -->","yoast_head_json":{"title":"Fost partener, urm\u0103rit electronic, \u00eenjunghiat dup\u0103 ce \u0219i-a atacat rivalul \u00eentr-un mall din Sectorul 6 - Buletin de Bucure\u0219ti","description":"Agresorul, un b\u0103rbat de 36 de ani, de\u0219i aflat sub monitorizare electronic\u0103 \u00een baza unui ordin de protec\u021bie, \u0219i-a atacat rivalul.","robots":{"index":"index","follow":"follow","max-snippet":"max-snippet:-1","max-image-preview":"max-image-preview:large","max-video-preview":"max-video-preview:-1"},"canonical":"https:\/\/buletin.de\/bucuresti\/fost-partener-urmarit-electronic-injunghiat-dupa-ce-si-a-atacat-rivalul-intr-un-mall-din-sectorul-6\/","og_locale":"en_GB","og_type":"article","og_title":"Fost partener, urm\u0103rit electronic, \u00eenjunghiat dup\u0103 ce \u0219i-a atacat rivalul \u00eentr-un mall din Sectorul 6","og_description":"Agresorul, un b\u0103rbat de 36 de ani, de\u0219i aflat sub monitorizare electronic\u0103 \u00een baza unui ordin de protec\u021bie, \u0219i-a atacat rivalul.","og_url":"https:\/\/buletin.de\/bucuresti\/fost-partener-urmarit-electronic-injunghiat-dupa-ce-si-a-atacat-rivalul-intr-un-mall-din-sectorul-6\/","og_site_name":"Buletin de Bucure\u0219ti","article_publisher":"https:\/\/www.facebook.com\/buletin.de.buc","article_published_time":"2025-09-17T03:54:37+00:00","article_modified_time":"2025-09-17T12:17:21+00:00","og_image":[{"width":2000,"height":1089,"url":"https:\/\/buletin.de\/bucuresti\/wp-content\/uploads\/Ofiter-de-politie-trimis-in-judecata-dupa-ce-a-gestionat-o-afacere-personal.jpg","type":"image\/jpeg"}],"author":"Redac\u021bia Buletin de Bucure\u0219ti","twitter_card":"summary_large_image","twitter_misc":{"Written by":"Redac\u021bia Buletin de Bucure\u0219ti","Estimated reading time":"2 minutes"},"schema":{"@context":"https:\/\/schema.org","@graph":[{"@type":"Article","@id":"https:\/\/buletin.de\/bucuresti\/fost-partener-urmarit-electronic-injunghiat-dupa-ce-si-a-atacat-rivalul-intr-un-mall-din-sectorul-6\/#article","isPartOf":{"@id":"https:\/\/buletin.de\/bucuresti\/fost-partener-urmarit-electronic-injunghiat-dupa-ce-si-a-atacat-rivalul-intr-un-mall-din-sectorul-6\/"},"author":{"name":"Redac\u021bia Buletin de Bucure\u0219ti","@id":"https:\/\/buletin.de\/bucuresti\/#\/schema\/person\/2bbcf854e5f2419a13804af574d06ab1"},"headline":"Fost partener, urm\u0103rit electronic, \u00eenjunghiat dup\u0103 ce \u0219i-a atacat rivalul \u00eentr-un mall din Sectorul 6","datePublished":"2025-09-17T03:54:37+00:00","dateModified":"2025-09-17T12:17:21+00:00","mainEntityOfPage":{"@id":"https:\/\/buletin.de\/bucuresti\/fost-partener-urmarit-electronic-injunghiat-dupa-ce-si-a-atacat-rivalul-intr-un-mall-din-sectorul-6\/"},"wordCount":442,"publisher":{"@id":"https:\/\/buletin.de\/bucuresti\/#organization"},"image":{"@id":"https:\/\/buletin.de\/bucuresti\/fost-partener-urmarit-electronic-injunghiat-dupa-ce-si-a-atacat-rivalul-intr-un-mall-din-sectorul-6\/#primaryimage"},"thumbnailUrl":"https:\/\/buletin.de\/bucuresti\/wp-content\/uploads\/Ofiter-de-politie-trimis-in-judecata-dupa-ce-a-gestionat-o-afacere-personal.jpg","keywords":["injunghiere","mall","politie","supraveghere"],"articleSection":["Articole","Eveniment","\u0218tiri"],"inLanguage":"en-GB","copyrightYear":"2025","copyrightHolder":{"@id":"https:\/\/buletin.de\/bucuresti\/#organization"}},{"@type":"WebPage","@id":"https:\/\/buletin.de\/bucuresti\/fost-partener-urmarit-electronic-injunghiat-dupa-ce-si-a-atacat-rivalul-intr-un-mall-din-sectorul-6\/","url":"https:\/\/buletin.de\/bucuresti\/fost-partener-urmarit-electronic-injunghiat-dupa-ce-si-a-atacat-rivalul-intr-un-mall-din-sectorul-6\/","name":"Fost partener, urm\u0103rit electronic, \u00eenjunghiat dup\u0103 ce \u0219i-a atacat rivalul \u00eentr-un mall din Sectorul 6 - Buletin de Bucure\u0219ti","isPartOf":{"@id":"https:\/\/buletin.de\/bucuresti\/#website"},"primaryImageOfPage":{"@id":"https:\/\/buletin.de\/bucuresti\/fost-partener-urmarit-electronic-injunghiat-dupa-ce-si-a-atacat-rivalul-intr-un-mall-din-sectorul-6\/#primaryimage"},"image":{"@id":"https:\/\/buletin.de\/bucuresti\/fost-partener-urmarit-electronic-injunghiat-dupa-ce-si-a-atacat-rivalul-intr-un-mall-din-sectorul-6\/#primaryimage"},"thumbnailUrl":"https:\/\/buletin.de\/bucuresti\/wp-content\/uploads\/Ofiter-de-politie-trimis-in-judecata-dupa-ce-a-gestionat-o-afacere-personal.jpg","datePublished":"2025-09-17T03:54:37+00:00","dateModified":"2025-09-17T12:17:21+00:00","description":"Agresorul, un b\u0103rbat de 36 de ani, de\u0219i aflat sub monitorizare electronic\u0103 \u00een baza unui ordin de protec\u021bie, \u0219i-a atacat rivalul.","breadcrumb":{"@id":"https:\/\/buletin.de\/bucuresti\/fost-partener-urmarit-electronic-injunghiat-dupa-ce-si-a-atacat-rivalul-intr-un-mall-din-sectorul-6\/#breadcrumb"},"inLanguage":"en-GB","potentialAction":[{"@type":"ReadAction","target":["https:\/\/buletin.de\/bucuresti\/fost-partener-urmarit-electronic-injunghiat-dupa-ce-si-a-atacat-rivalul-intr-un-mall-din-sectorul-6\/"]}]},{"@type":"ImageObject","inLanguage":"en-GB","@id":"https:\/\/buletin.de\/bucuresti\/fost-partener-urmarit-electronic-injunghiat-dupa-ce-si-a-atacat-rivalul-intr-un-mall-din-sectorul-6\/#primaryimage","url":"https:\/\/buletin.de\/bucuresti\/wp-content\/uploads\/Ofiter-de-politie-trimis-in-judecata-dupa-ce-a-gestionat-o-afacere-personal.jpg","contentUrl":"https:\/\/buletin.de\/bucuresti\/wp-content\/uploads\/Ofiter-de-politie-trimis-in-judecata-dupa-ce-a-gestionat-o-afacere-personal.jpg","width":2000,"height":1089,"caption":"Fost partener, urm\u0103rit electronic, \u00eenjunghiat dup\u0103 ce \u0219i-a atacat rivalul"},{"@type":"BreadcrumbList","@id":"https:\/\/buletin.de\/bucuresti\/fost-partener-urmarit-electronic-injunghiat-dupa-ce-si-a-atacat-rivalul-intr-un-mall-din-sectorul-6\/#breadcrumb","itemListElement":[{"@type":"ListItem","position":1,"name":"Acas\u0103","item":"https:\/\/buletin.de\/bucuresti\/"},{"@type":"ListItem","position":2,"name":"Fost partener, urm\u0103rit electronic, \u00eenjunghiat dup\u0103 ce \u0219i-a atacat rivalul \u00eentr-un mall din Sectorul 6"}]},{"@type":"WebSite","@id":"https:\/\/buletin.de\/bucuresti\/#website","url":"https:\/\/buletin.de\/bucuresti\/","name":"Buletin de Bucure\u0219ti","description":"\u0218tiri \u0219i investiga\u021bii esen\u021biale din capital\u0103","publisher":{"@id":"https:\/\/buletin.de\/bucuresti\/#organization"},"potentialAction":[{"@type":"SearchAction","target":{"@type":"EntryPoint","urlTemplate":"https:\/\/buletin.de\/bucuresti\/?s={search_term_string}"},"query-input":{"@type":"PropertyValueSpecification","valueRequired":true,"valueName":"search_term_string"}}],"inLanguage":"en-GB"},{"@type":"Organization","@id":"https:\/\/buletin.de\/bucuresti\/#organization","name":"Buletin de Bucure\u0219ti","url":"https:\/\/buletin.de\/bucuresti\/","logo":{"@type":"ImageObject","inLanguage":"en-GB","@id":"https:\/\/buletin.de\/bucuresti\/#\/schema\/logo\/image\/","url":"https:\/\/buletin.de\/bucuresti\/wp-content\/uploads\/logo-bdb-full-wide-vernil-transparent.png","contentUrl":"https:\/\/buletin.de\/bucuresti\/wp-content\/uploads\/logo-bdb-full-wide-vernil-transparent.png","width":1782,"height":626,"caption":"Buletin de Bucure\u0219ti"},"image":{"@id":"https:\/\/buletin.de\/bucuresti\/#\/schema\/logo\/image\/"},"sameAs":["https:\/\/www.facebook.com\/buletin.de.buc","https:\/\/www.instagram.com\/buletinde.bucuresti\/"]},{"@type":"Person","@id":"https:\/\/buletin.de\/bucuresti\/#\/schema\/person\/2bbcf854e5f2419a13804af574d06ab1","name":"Redac\u021bia Buletin de Bucure\u0219ti","image":{"@type":"ImageObject","inLanguage":"en-GB","@id":"https:\/\/secure.gravatar.com\/avatar\/18c5342381ed1a08620e6280424e3e5efc958618f5d67c522c9e44c1bc6f9226?s=96&d=monsterid&r=g60c7cd0ad92c68c049fcd4bb3504d609","url":"https:\/\/secure.gravatar.com\/avatar\/18c5342381ed1a08620e6280424e3e5efc958618f5d67c522c9e44c1bc6f9226?s=96&d=monsterid&r=g","contentUrl":"https:\/\/secure.gravatar.com\/avatar\/18c5342381ed1a08620e6280424e3e5efc958618f5d67c522c9e44c1bc6f9226?s=96&d=monsterid&r=g","caption":"Redac\u021bia Buletin de Bucure\u0219ti"},"description":"Buletin de Bucure\u0219ti exist\u0103 din vara anului 2019.","url":"https:\/\/buletin.de\/bucuresti\/author\/adminbuletin\/"}]}},"authors":[{"term_id":22583,"user_id":1,"is_guest":0,"slug":"adminbuletin","display_name":"Redac\u021bia Buletin de Bucure\u0219ti","avatar_url":"https:\/\/secure.gravatar.com\/avatar\/18c5342381ed1a08620e6280424e3e5efc958618f5d67c522c9e44c1bc6f9226?s=96&d=monsterid&r=g","0":null,"1":"","2":"","3":"","4":"","5":"","6":"","7":"","8":""}],"_links":{"self":[{"href":"https:\/\/buletin.de\/bucuresti\/wp-json\/wp\/v2\/posts\/148203","targetHints":{"allow":["GET"]}}],"collection":[{"href":"https:\/\/buletin.de\/bucuresti\/wp-json\/wp\/v2\/posts"}],"about":[{"href":"https:\/\/buletin.de\/bucuresti\/wp-json\/wp\/v2\/types\/post"}],"author":[{"embeddable":true,"href":"https:\/\/buletin.de\/bucuresti\/wp-json\/wp\/v2\/users\/1"}],"replies":[{"embeddable":true,"href":"https:\/\/buletin.de\/bucuresti\/wp-json\/wp\/v2\/comments?post=148203"}],"version-history":[{"count":2,"href":"https:\/\/buletin.de\/bucuresti\/wp-json\/wp\/v2\/posts\/148203\/revisions"}],"predecessor-version":[{"id":148312,"href":"https:\/\/buletin.de\/bucuresti\/wp-json\/wp\/v2\/posts\/148203\/revisions\/148312"}],"wp:featuredmedia":[{"embeddable":true,"href":"https:\/\/buletin.de\/bucuresti\/wp-json\/wp\/v2\/media\/103114"}],"wp:attachment":[{"href":"https:\/\/buletin.de\/bucuresti\/wp-json\/wp\/v2\/media?parent=148203"}],"wp:term":[{"taxonomy":"category","embeddable":true,"href":"https:\/\/buletin.de\/bucuresti\/wp-json\/wp\/v2\/categories?post=148203"},{"taxonomy":"post_tag","embeddable":true,"href":"https:\/\/buletin.de\/bucuresti\/wp-json\/wp\/v2\/tags?post=148203"},{"taxonomy":"author","embeddable":true,"href":"https:\/\/buletin.de\/bucuresti\/wp-json\/wp\/v2\/ppma_author?post=148203"}],"curies":[{"name":"wp","href":"https:\/\/api.w.org\/{rel}","templated":true}]}}