{"id":148084,"date":"2025-09-16T07:04:19","date_gmt":"2025-09-16T04:04:19","guid":{"rendered":"https:\/\/buletin.de\/bucuresti\/?p=148084"},"modified":"2025-09-16T08:27:27","modified_gmt":"2025-09-16T05:27:27","slug":"restrictii-de-circulatie-la-iesirea-din-capitala-se-fac-lucrari-de-reparatii-pe-breteaua-de-legatura-intre-a0-si-a2","status":"publish","type":"post","link":"https:\/\/buletin.de\/bucuresti\/restrictii-de-circulatie-la-iesirea-din-capitala-se-fac-lucrari-de-reparatii-pe-breteaua-de-legatura-intre-a0-si-a2\/","title":{"rendered":"Restric\u021bii de circula\u021bie, la ie\u0219irea din Capital\u0103. Se fac lucr\u0103ri de repara\u021bii pe breteaua de leg\u0103tur\u0103 \u00eentre A0 \u0219i A2"},"content":{"rendered":"\n<p><strong>CNAIR anun\u021b\u0103 restric\u021bii de circula\u021bie, \u00eencep\u00e2nd de mar\u021bi, 16 septembrie 2025, ora 09:00, \u0219i p\u00e2n\u0103 joi, 18 septembrie 2025, ora 23:00, pe breteaua de leg\u0103tur\u0103 dintre Autostrada A0 \u0219i Autostrada A2, calea c\u0103tre Constan\u021ba. M\u0103sur\u0103 este luat\u0103 pentru efectuarea lucr\u0103rilor de repara\u021bii asfaltice.<\/strong><\/p>\n\n\n\n<p>\u00cen perioada \u00een care se vor executa aceste lucr\u0103ri, traficul va fi deviat, pe traseul urm\u0103tor:<\/p>\n\n\n\n<p><strong><em>\u2022 A0, km 52+400 \u2192 cobor\u00e2re de pe A0 pe A2, Calea 2, km 13+400 \u2192 ie\u0219ire de pe A2, \u00een zona km 13+100 \u0219i urcare pe A0, \u00een zona km 52+400 \u2192 cobor\u00e2re de pe A0, \u00een zona km 52+800 pe A2, Calea 1, km 13+300 \u2192 continuare pe traseul c\u0103tre Constan\u021ba.<\/em><\/strong><\/p>\n\n\n\n<p><strong>CITE\u0218TE \u0218I<\/strong>: <a href=\"https:\/\/buletin.de\/bucuresti\/termoficare-peste-1-000-de-blocuri-raman-fara-apa-calda-reparatiile-afecteaza-in-principal-sectorul-4\/\"><strong>TERMOFICARE | Peste 1.000 de blocuri r\u0103m\u00e2n f\u0103r\u0103 ap\u0103 cald\u0103. Repara\u021biile afecteaz\u0103 \u00een principal Sectorul 4<\/strong><\/a><\/p>\n\n\n\n<h2 class=\"wp-block-heading\" id=\"h-restric\u021bii-de-circula\u021bie-pe-dn1-spre-otopeni-se-va-circula-pe-trei-benzi\">Restric\u021bii de circula\u021bie pe DN1. Spre Otopeni, se va circula pe trei benzi<\/h2>\n\n\n\n<p><strong>\u00cencep\u00e2nd cu data de 10 septembrie 2025, au fost instituite restric\u021bii de circula\u021bie \u0219i pe DN1, \u00een zona intersec\u021biei cu strada Elena V\u0103c\u0103rescu, respectiv \u00een zona intersec\u021biei cu strada Constantin Dobrogeanu Gherea. M\u0103sura a fost luat\u0103 \u00een vederea continu\u0103rii lucr\u0103rilor aferente Magistralei 6 de metrou, Sec\u021biunea SUD.<\/strong><\/p>\n\n\n\n<p>Lucr\u0103rile realizeaz\u0103 concomitent pe ambele sensuri de deplasare ale DN1, potrivit\u00a0<a href=\"https:\/\/www.metrorex.ro\/\">Metrorex.<\/a><\/p>\n\n\n\n<h2 class=\"wp-block-heading\" id=\"h-restric\u021bii-de-circula\u021bie-pe-dn1\"><strong>Restric\u021bii de circula\u021bie pe DN1<\/strong><\/h2>\n\n\n\n<ul class=\"wp-block-list\">\n<li>Pe direc\u021bia Bucure\u0219ti \u2013 Otopeni, circula\u021bia rutier\u0103 se va desf\u0103\u0219ura pe 3 benzi de circula\u021bie;<\/li>\n\n\n\n<li>Pe direc\u021bia Otopeni \u2013 Bucure\u0219ti, traficul va fi \u00eenchis pe banda 1, \u00een zona intersec\u021biei cu str. Constantin Dobrogeanu Gherea; traficul se va desf\u0103\u0219ura pe celelalte dou\u0103 benzi de circula\u021bie.<\/li>\n<\/ul>\n\n\n\n<p>Zona de lucr\u0103ri va fi delimitat\u0103 de zona deschis\u0103 traficului rutier prin balize direc\u021bionale, completate cu l\u0103mpi de lumin\u0103 galben\u0103 intermitent\u0103. Pentru executarea lucr\u0103rilor, traficul rutier se va men\u021bine \u00eenchis pe drumul colector, adiacent DN1, pe sectorul cuprins \u00eentre Strada Horia M\u0103celariu \u0219i Bulevardul Aerog\u0103rii.<\/p>\n\n\n\n<p>M\u0103surile sunt implementate \u00een baza avizului emis de CNAIR \u0219i IGPR, valabil p\u00e2n\u0103 la 30.09.2025, cu posibilitatea de prelungire. Semnalizarea rutier\u0103 va fi realizat\u0103 conform planului de trafic aprobat.<\/p>\n\n\n\n<p><strong>CITE\u0218TE \u0218I<\/strong>:<a href=\"https:\/\/buletin.de\/bucuresti\/primaria-sectorului-5-risipeste-51-000-de-euro-pe-servicii-de-parfumare-spotmedia\/\"> <strong>Prim\u0103ria Sectorului 5 risipe\u0219te 51.000 de euro pe servicii de parfumare | Spotmedia<\/strong><\/a><\/p>\n\n\n\n<h2 class=\"wp-block-heading\" id=\"h-magistrala-6-va-avea-12-sta\u021bii\">Magistrala 6 va avea 12 sta\u021bii<\/h2>\n\n\n\n<p>M6 este prima magistral\u0103 care traverseaz\u0103 grani\u021ba Capitalei \u00een jude\u021bul Ilfov, iar sec\u021biunea 1 are o lungime de 6,6 km \u0219i 6 sta\u021bii, fiind cuprins\u0103 \u00eentre sta\u021bia 1 Mai (existent\u0103) \u0219i sta\u021bia Tokyo (zona comercial\u0103 B\u0103neasa), dup\u0103 cum urmeaz\u0103:<\/p>\n\n\n\n<ul class=\"wp-block-list\">\n<li>1 Mai (existent\u0103)<\/li>\n\n\n\n<li>Pajura<\/li>\n\n\n\n<li>Expozi\u021biei<\/li>\n\n\n\n<li>Pia\u021ba Montreal<\/li>\n\n\n\n<li>Gara B\u0103neasa<\/li>\n\n\n\n<li>Aeroport B\u0103neasa<\/li>\n\n\n\n<li>Tokyo<\/li>\n<\/ul>\n\n\n\n<p>Noua linie de metrou este \u00eemp\u0103r\u021bit\u0103 \u00een dou\u0103 sec\u021biuni, cu un traseu total de 14,2 km \u0219i va cuprinde 12 sta\u021bii, av\u00e2nd ca punct comun sta\u021bia Tokyo, care permite astfel abordarea \u00een paralel a s\u0103p\u0103rii tunelului, din dou\u0103 direc\u021bii cu utilajele TBM \u0219i, ulterior, contractarea unitar\u0103 a lucr\u0103rilor de semnalizare \u0219i de achizi\u021bii material rulant.<\/p>\n\n\n\n<p><strong>CITE\u0218TE \u0218I: <a href=\"https:\/\/buletin.de\/bucuresti\/contestatii-la-licitatia-pentru-extinderea-magistralei-4-una-a-fost-depusa-chiar-de-castigatorul-primului-lot-din-care-fac-parte-doua-companii-cercetate\/\">Contesta\u0163ii la licita\u021bia pentru extinderea Magistralei 4. Una a fost depus\u0103 chiar de c\u00e2\u015ftig\u0103torul primului lot, din care fac parte dou\u0103 companii cercetate de procurori<\/a><\/strong><\/p>\n\n\n\n<p><\/p>\n\n\n\n<p><\/p>\n","protected":false},"excerpt":{"rendered":"<p>CNAIR anun\u021b\u0103 restric\u021bii de circula\u021bie, \u00eencep\u00e2nd de mar\u021bi, 16 septembrie 2025, ora 09:00, \u0219i p\u00e2n\u0103 joi, 18 septembrie 2025, ora 23:00, pe breteaua de leg\u0103tur\u0103 dintre Autostrada A0 \u0219i Autostrada A2, calea c\u0103tre Constan\u021ba. M\u0103sur\u0103 este luat\u0103 pentru efectuarea lucr\u0103rilor de repara\u021bii asfaltice. \u00cen perioada \u00een care se vor executa aceste lucr\u0103ri, traficul va fi [&hellip;]<\/p>\n","protected":false},"author":49,"featured_media":148091,"comment_status":"closed","ping_status":"open","sticky":false,"template":"","format":"standard","meta":{"_acf_changed":false,"inline_featured_image":false,"ngg_post_thumbnail":0,"footnotes":""},"categories":[6994,1432,5762,650],"tags":[1465,984,1553,4494],"ppma_author":[22574],"class_list":["post-148084","post","type-post","status-publish","format-standard","has-post-thumbnail","hentry","category-stiri-2","category-buletin-de-ilfov","category-main","category-transport","tag-a0","tag-a2","tag-dn1","tag-restrictii-de-circulatie"],"acf":[],"yoast_head":"<!-- This site is optimized with the Yoast SEO Premium plugin v25.3 (Yoast SEO v27.4) - https:\/\/yoast.com\/product\/yoast-seo-premium-wordpress\/ -->\n<title>Restric\u021bii de circula\u021bie, la ie\u0219irea din Capital\u0103. Se fac lucr\u0103ri de repara\u021bii pe breteaua de leg\u0103tur\u0103 \u00eentre A0 \u0219i A2 - Buletin de Bucure\u0219ti<\/title>\n<meta name=\"description\" content=\"Restric\u021bii de circula\u021bie, \u00eencep\u00e2nd de mar\u021bi, 16 septembrie 2025, pe breteaua de leg\u0103tur\u0103 dintre Autostrada A0 \u0219i Autostrada A2.\" \/>\n<meta name=\"robots\" content=\"index, follow, max-snippet:-1, max-image-preview:large, max-video-preview:-1\" \/>\n<link rel=\"canonical\" href=\"https:\/\/buletin.de\/bucuresti\/restrictii-de-circulatie-la-iesirea-din-capitala-se-fac-lucrari-de-reparatii-pe-breteaua-de-legatura-intre-a0-si-a2\/\" \/>\n<meta property=\"og:locale\" content=\"en_GB\" \/>\n<meta property=\"og:type\" content=\"article\" \/>\n<meta property=\"og:title\" content=\"Restric\u021bii de circula\u021bie, la ie\u0219irea din Capital\u0103. Se fac lucr\u0103ri de repara\u021bii pe breteaua de leg\u0103tur\u0103 \u00eentre A0 \u0219i A2\" \/>\n<meta property=\"og:description\" content=\"Restric\u021bii de circula\u021bie, \u00eencep\u00e2nd de mar\u021bi, 16 septembrie 2025, pe breteaua de leg\u0103tur\u0103 dintre Autostrada A0 \u0219i Autostrada A2.\" \/>\n<meta property=\"og:url\" content=\"https:\/\/buletin.de\/bucuresti\/restrictii-de-circulatie-la-iesirea-din-capitala-se-fac-lucrari-de-reparatii-pe-breteaua-de-legatura-intre-a0-si-a2\/\" \/>\n<meta property=\"og:site_name\" content=\"Buletin de Bucure\u0219ti\" \/>\n<meta property=\"article:publisher\" content=\"https:\/\/www.facebook.com\/buletin.de.buc\" \/>\n<meta property=\"article:published_time\" content=\"2025-09-16T04:04:19+00:00\" \/>\n<meta property=\"article:modified_time\" content=\"2025-09-16T05:27:27+00:00\" \/>\n<meta property=\"og:image\" content=\"https:\/\/buletin.de\/bucuresti\/wp-content\/uploads\/2025\/09\/546951241_1257995449703821_4662830136501146877_n.jpg\" \/>\n\t<meta property=\"og:image:width\" content=\"1400\" \/>\n\t<meta property=\"og:image:height\" content=\"1228\" \/>\n\t<meta property=\"og:image:type\" content=\"image\/jpeg\" \/>\n<meta name=\"author\" content=\"Diana Matei\" \/>\n<meta name=\"twitter:card\" content=\"summary_large_image\" \/>\n<meta name=\"twitter:label1\" content=\"Written by\" \/>\n\t<meta name=\"twitter:data1\" content=\"Diana Matei\" \/>\n\t<meta name=\"twitter:label2\" content=\"Estimated reading time\" \/>\n\t<meta name=\"twitter:data2\" content=\"3 minutes\" \/>\n<script type=\"application\/ld+json\" class=\"yoast-schema-graph\">{\"@context\":\"https:\\\/\\\/schema.org\",\"@graph\":[{\"@type\":\"Article\",\"@id\":\"https:\\\/\\\/buletin.de\\\/bucuresti\\\/restrictii-de-circulatie-la-iesirea-din-capitala-se-fac-lucrari-de-reparatii-pe-breteaua-de-legatura-intre-a0-si-a2\\\/#article\",\"isPartOf\":{\"@id\":\"https:\\\/\\\/buletin.de\\\/bucuresti\\\/restrictii-de-circulatie-la-iesirea-din-capitala-se-fac-lucrari-de-reparatii-pe-breteaua-de-legatura-intre-a0-si-a2\\\/\"},\"author\":{\"name\":\"Diana Matei\",\"@id\":\"https:\\\/\\\/buletin.de\\\/bucuresti\\\/#\\\/schema\\\/person\\\/7e46040573290777280a0835d81ea4ea\"},\"headline\":\"Restric\u021bii de circula\u021bie, la ie\u0219irea din Capital\u0103. Se fac lucr\u0103ri de repara\u021bii pe breteaua de leg\u0103tur\u0103 \u00eentre A0 \u0219i A2\",\"datePublished\":\"2025-09-16T04:04:19+00:00\",\"dateModified\":\"2025-09-16T05:27:27+00:00\",\"mainEntityOfPage\":{\"@id\":\"https:\\\/\\\/buletin.de\\\/bucuresti\\\/restrictii-de-circulatie-la-iesirea-din-capitala-se-fac-lucrari-de-reparatii-pe-breteaua-de-legatura-intre-a0-si-a2\\\/\"},\"wordCount\":552,\"publisher\":{\"@id\":\"https:\\\/\\\/buletin.de\\\/bucuresti\\\/#organization\"},\"image\":{\"@id\":\"https:\\\/\\\/buletin.de\\\/bucuresti\\\/restrictii-de-circulatie-la-iesirea-din-capitala-se-fac-lucrari-de-reparatii-pe-breteaua-de-legatura-intre-a0-si-a2\\\/#primaryimage\"},\"thumbnailUrl\":\"https:\\\/\\\/buletin.de\\\/bucuresti\\\/wp-content\\\/uploads\\\/2025\\\/09\\\/546951241_1257995449703821_4662830136501146877_n.jpg\",\"keywords\":[\"A0\",\"a2\",\"dn1\",\"restrictii de circulatie\"],\"articleSection\":[\"Articole\",\"Buletin de Ilfov\",\"Main\",\"Transport\"],\"inLanguage\":\"en-GB\",\"copyrightYear\":\"2025\",\"copyrightHolder\":{\"@id\":\"https:\\\/\\\/buletin.de\\\/bucuresti\\\/#organization\"}},{\"@type\":\"WebPage\",\"@id\":\"https:\\\/\\\/buletin.de\\\/bucuresti\\\/restrictii-de-circulatie-la-iesirea-din-capitala-se-fac-lucrari-de-reparatii-pe-breteaua-de-legatura-intre-a0-si-a2\\\/\",\"url\":\"https:\\\/\\\/buletin.de\\\/bucuresti\\\/restrictii-de-circulatie-la-iesirea-din-capitala-se-fac-lucrari-de-reparatii-pe-breteaua-de-legatura-intre-a0-si-a2\\\/\",\"name\":\"Restric\u021bii de circula\u021bie, la ie\u0219irea din Capital\u0103. Se fac lucr\u0103ri de repara\u021bii pe breteaua de leg\u0103tur\u0103 \u00eentre A0 \u0219i A2 - Buletin de Bucure\u0219ti\",\"isPartOf\":{\"@id\":\"https:\\\/\\\/buletin.de\\\/bucuresti\\\/#website\"},\"primaryImageOfPage\":{\"@id\":\"https:\\\/\\\/buletin.de\\\/bucuresti\\\/restrictii-de-circulatie-la-iesirea-din-capitala-se-fac-lucrari-de-reparatii-pe-breteaua-de-legatura-intre-a0-si-a2\\\/#primaryimage\"},\"image\":{\"@id\":\"https:\\\/\\\/buletin.de\\\/bucuresti\\\/restrictii-de-circulatie-la-iesirea-din-capitala-se-fac-lucrari-de-reparatii-pe-breteaua-de-legatura-intre-a0-si-a2\\\/#primaryimage\"},\"thumbnailUrl\":\"https:\\\/\\\/buletin.de\\\/bucuresti\\\/wp-content\\\/uploads\\\/2025\\\/09\\\/546951241_1257995449703821_4662830136501146877_n.jpg\",\"datePublished\":\"2025-09-16T04:04:19+00:00\",\"dateModified\":\"2025-09-16T05:27:27+00:00\",\"description\":\"Restric\u021bii de circula\u021bie, \u00eencep\u00e2nd de mar\u021bi, 16 septembrie 2025, pe breteaua de leg\u0103tur\u0103 dintre Autostrada A0 \u0219i Autostrada A2.\",\"breadcrumb\":{\"@id\":\"https:\\\/\\\/buletin.de\\\/bucuresti\\\/restrictii-de-circulatie-la-iesirea-din-capitala-se-fac-lucrari-de-reparatii-pe-breteaua-de-legatura-intre-a0-si-a2\\\/#breadcrumb\"},\"inLanguage\":\"en-GB\",\"potentialAction\":[{\"@type\":\"ReadAction\",\"target\":[\"https:\\\/\\\/buletin.de\\\/bucuresti\\\/restrictii-de-circulatie-la-iesirea-din-capitala-se-fac-lucrari-de-reparatii-pe-breteaua-de-legatura-intre-a0-si-a2\\\/\"]}]},{\"@type\":\"ImageObject\",\"inLanguage\":\"en-GB\",\"@id\":\"https:\\\/\\\/buletin.de\\\/bucuresti\\\/restrictii-de-circulatie-la-iesirea-din-capitala-se-fac-lucrari-de-reparatii-pe-breteaua-de-legatura-intre-a0-si-a2\\\/#primaryimage\",\"url\":\"https:\\\/\\\/buletin.de\\\/bucuresti\\\/wp-content\\\/uploads\\\/2025\\\/09\\\/546951241_1257995449703821_4662830136501146877_n.jpg\",\"contentUrl\":\"https:\\\/\\\/buletin.de\\\/bucuresti\\\/wp-content\\\/uploads\\\/2025\\\/09\\\/546951241_1257995449703821_4662830136501146877_n.jpg\",\"width\":1400,\"height\":1228,\"caption\":\"Restric\u021bii temporare de circula\u021bie pe DN1A, pentru lucr\u0103ri la autostrada A0. FOTO: CNAIR\"},{\"@type\":\"BreadcrumbList\",\"@id\":\"https:\\\/\\\/buletin.de\\\/bucuresti\\\/restrictii-de-circulatie-la-iesirea-din-capitala-se-fac-lucrari-de-reparatii-pe-breteaua-de-legatura-intre-a0-si-a2\\\/#breadcrumb\",\"itemListElement\":[{\"@type\":\"ListItem\",\"position\":1,\"name\":\"Acas\u0103\",\"item\":\"https:\\\/\\\/buletin.de\\\/bucuresti\\\/\"},{\"@type\":\"ListItem\",\"position\":2,\"name\":\"Restric\u021bii de circula\u021bie, la ie\u0219irea din Capital\u0103. Se fac lucr\u0103ri de repara\u021bii pe breteaua de leg\u0103tur\u0103 \u00eentre A0 \u0219i A2\"}]},{\"@type\":\"WebSite\",\"@id\":\"https:\\\/\\\/buletin.de\\\/bucuresti\\\/#website\",\"url\":\"https:\\\/\\\/buletin.de\\\/bucuresti\\\/\",\"name\":\"Buletin de Bucure\u0219ti\",\"description\":\"\u0218tiri \u0219i investiga\u021bii esen\u021biale din capital\u0103\",\"publisher\":{\"@id\":\"https:\\\/\\\/buletin.de\\\/bucuresti\\\/#organization\"},\"potentialAction\":[{\"@type\":\"SearchAction\",\"target\":{\"@type\":\"EntryPoint\",\"urlTemplate\":\"https:\\\/\\\/buletin.de\\\/bucuresti\\\/?s={search_term_string}\"},\"query-input\":{\"@type\":\"PropertyValueSpecification\",\"valueRequired\":true,\"valueName\":\"search_term_string\"}}],\"inLanguage\":\"en-GB\"},{\"@type\":\"Organization\",\"@id\":\"https:\\\/\\\/buletin.de\\\/bucuresti\\\/#organization\",\"name\":\"Buletin de Bucure\u0219ti\",\"url\":\"https:\\\/\\\/buletin.de\\\/bucuresti\\\/\",\"logo\":{\"@type\":\"ImageObject\",\"inLanguage\":\"en-GB\",\"@id\":\"https:\\\/\\\/buletin.de\\\/bucuresti\\\/#\\\/schema\\\/logo\\\/image\\\/\",\"url\":\"https:\\\/\\\/buletin.de\\\/bucuresti\\\/wp-content\\\/uploads\\\/logo-bdb-full-wide-vernil-transparent.png\",\"contentUrl\":\"https:\\\/\\\/buletin.de\\\/bucuresti\\\/wp-content\\\/uploads\\\/logo-bdb-full-wide-vernil-transparent.png\",\"width\":1782,\"height\":626,\"caption\":\"Buletin de Bucure\u0219ti\"},\"image\":{\"@id\":\"https:\\\/\\\/buletin.de\\\/bucuresti\\\/#\\\/schema\\\/logo\\\/image\\\/\"},\"sameAs\":[\"https:\\\/\\\/www.facebook.com\\\/buletin.de.buc\",\"https:\\\/\\\/www.instagram.com\\\/buletinde.bucuresti\\\/\"]},{\"@type\":\"Person\",\"@id\":\"https:\\\/\\\/buletin.de\\\/bucuresti\\\/#\\\/schema\\\/person\\\/7e46040573290777280a0835d81ea4ea\",\"name\":\"Diana Matei\",\"image\":{\"@type\":\"ImageObject\",\"inLanguage\":\"en-GB\",\"@id\":\"https:\\\/\\\/buletin.de\\\/bucuresti\\\/wp-content\\\/uploads\\\/9-2-96x96.jpg1e8590b30871d70e62ebcdaf2eff570c\",\"url\":\"https:\\\/\\\/buletin.de\\\/bucuresti\\\/wp-content\\\/uploads\\\/9-2-96x96.jpg\",\"contentUrl\":\"https:\\\/\\\/buletin.de\\\/bucuresti\\\/wp-content\\\/uploads\\\/9-2-96x96.jpg\",\"caption\":\"Diana Matei\"},\"url\":\"https:\\\/\\\/buletin.de\\\/bucuresti\\\/author\\\/dianamatei\\\/\"}]}<\/script>\n<!-- \/ Yoast SEO Premium plugin. -->","yoast_head_json":{"title":"Restric\u021bii de circula\u021bie, la ie\u0219irea din Capital\u0103. Se fac lucr\u0103ri de repara\u021bii pe breteaua de leg\u0103tur\u0103 \u00eentre A0 \u0219i A2 - Buletin de Bucure\u0219ti","description":"Restric\u021bii de circula\u021bie, \u00eencep\u00e2nd de mar\u021bi, 16 septembrie 2025, pe breteaua de leg\u0103tur\u0103 dintre Autostrada A0 \u0219i Autostrada A2.","robots":{"index":"index","follow":"follow","max-snippet":"max-snippet:-1","max-image-preview":"max-image-preview:large","max-video-preview":"max-video-preview:-1"},"canonical":"https:\/\/buletin.de\/bucuresti\/restrictii-de-circulatie-la-iesirea-din-capitala-se-fac-lucrari-de-reparatii-pe-breteaua-de-legatura-intre-a0-si-a2\/","og_locale":"en_GB","og_type":"article","og_title":"Restric\u021bii de circula\u021bie, la ie\u0219irea din Capital\u0103. Se fac lucr\u0103ri de repara\u021bii pe breteaua de leg\u0103tur\u0103 \u00eentre A0 \u0219i A2","og_description":"Restric\u021bii de circula\u021bie, \u00eencep\u00e2nd de mar\u021bi, 16 septembrie 2025, pe breteaua de leg\u0103tur\u0103 dintre Autostrada A0 \u0219i Autostrada A2.","og_url":"https:\/\/buletin.de\/bucuresti\/restrictii-de-circulatie-la-iesirea-din-capitala-se-fac-lucrari-de-reparatii-pe-breteaua-de-legatura-intre-a0-si-a2\/","og_site_name":"Buletin de Bucure\u0219ti","article_publisher":"https:\/\/www.facebook.com\/buletin.de.buc","article_published_time":"2025-09-16T04:04:19+00:00","article_modified_time":"2025-09-16T05:27:27+00:00","og_image":[{"width":1400,"height":1228,"url":"https:\/\/buletin.de\/bucuresti\/wp-content\/uploads\/2025\/09\/546951241_1257995449703821_4662830136501146877_n.jpg","type":"image\/jpeg"}],"author":"Diana Matei","twitter_card":"summary_large_image","twitter_misc":{"Written by":"Diana Matei","Estimated reading time":"3 minutes"},"schema":{"@context":"https:\/\/schema.org","@graph":[{"@type":"Article","@id":"https:\/\/buletin.de\/bucuresti\/restrictii-de-circulatie-la-iesirea-din-capitala-se-fac-lucrari-de-reparatii-pe-breteaua-de-legatura-intre-a0-si-a2\/#article","isPartOf":{"@id":"https:\/\/buletin.de\/bucuresti\/restrictii-de-circulatie-la-iesirea-din-capitala-se-fac-lucrari-de-reparatii-pe-breteaua-de-legatura-intre-a0-si-a2\/"},"author":{"name":"Diana Matei","@id":"https:\/\/buletin.de\/bucuresti\/#\/schema\/person\/7e46040573290777280a0835d81ea4ea"},"headline":"Restric\u021bii de circula\u021bie, la ie\u0219irea din Capital\u0103. Se fac lucr\u0103ri de repara\u021bii pe breteaua de leg\u0103tur\u0103 \u00eentre A0 \u0219i A2","datePublished":"2025-09-16T04:04:19+00:00","dateModified":"2025-09-16T05:27:27+00:00","mainEntityOfPage":{"@id":"https:\/\/buletin.de\/bucuresti\/restrictii-de-circulatie-la-iesirea-din-capitala-se-fac-lucrari-de-reparatii-pe-breteaua-de-legatura-intre-a0-si-a2\/"},"wordCount":552,"publisher":{"@id":"https:\/\/buletin.de\/bucuresti\/#organization"},"image":{"@id":"https:\/\/buletin.de\/bucuresti\/restrictii-de-circulatie-la-iesirea-din-capitala-se-fac-lucrari-de-reparatii-pe-breteaua-de-legatura-intre-a0-si-a2\/#primaryimage"},"thumbnailUrl":"https:\/\/buletin.de\/bucuresti\/wp-content\/uploads\/2025\/09\/546951241_1257995449703821_4662830136501146877_n.jpg","keywords":["A0","a2","dn1","restrictii de circulatie"],"articleSection":["Articole","Buletin de Ilfov","Main","Transport"],"inLanguage":"en-GB","copyrightYear":"2025","copyrightHolder":{"@id":"https:\/\/buletin.de\/bucuresti\/#organization"}},{"@type":"WebPage","@id":"https:\/\/buletin.de\/bucuresti\/restrictii-de-circulatie-la-iesirea-din-capitala-se-fac-lucrari-de-reparatii-pe-breteaua-de-legatura-intre-a0-si-a2\/","url":"https:\/\/buletin.de\/bucuresti\/restrictii-de-circulatie-la-iesirea-din-capitala-se-fac-lucrari-de-reparatii-pe-breteaua-de-legatura-intre-a0-si-a2\/","name":"Restric\u021bii de circula\u021bie, la ie\u0219irea din Capital\u0103. Se fac lucr\u0103ri de repara\u021bii pe breteaua de leg\u0103tur\u0103 \u00eentre A0 \u0219i A2 - Buletin de Bucure\u0219ti","isPartOf":{"@id":"https:\/\/buletin.de\/bucuresti\/#website"},"primaryImageOfPage":{"@id":"https:\/\/buletin.de\/bucuresti\/restrictii-de-circulatie-la-iesirea-din-capitala-se-fac-lucrari-de-reparatii-pe-breteaua-de-legatura-intre-a0-si-a2\/#primaryimage"},"image":{"@id":"https:\/\/buletin.de\/bucuresti\/restrictii-de-circulatie-la-iesirea-din-capitala-se-fac-lucrari-de-reparatii-pe-breteaua-de-legatura-intre-a0-si-a2\/#primaryimage"},"thumbnailUrl":"https:\/\/buletin.de\/bucuresti\/wp-content\/uploads\/2025\/09\/546951241_1257995449703821_4662830136501146877_n.jpg","datePublished":"2025-09-16T04:04:19+00:00","dateModified":"2025-09-16T05:27:27+00:00","description":"Restric\u021bii de circula\u021bie, \u00eencep\u00e2nd de mar\u021bi, 16 septembrie 2025, pe breteaua de leg\u0103tur\u0103 dintre Autostrada A0 \u0219i Autostrada A2.","breadcrumb":{"@id":"https:\/\/buletin.de\/bucuresti\/restrictii-de-circulatie-la-iesirea-din-capitala-se-fac-lucrari-de-reparatii-pe-breteaua-de-legatura-intre-a0-si-a2\/#breadcrumb"},"inLanguage":"en-GB","potentialAction":[{"@type":"ReadAction","target":["https:\/\/buletin.de\/bucuresti\/restrictii-de-circulatie-la-iesirea-din-capitala-se-fac-lucrari-de-reparatii-pe-breteaua-de-legatura-intre-a0-si-a2\/"]}]},{"@type":"ImageObject","inLanguage":"en-GB","@id":"https:\/\/buletin.de\/bucuresti\/restrictii-de-circulatie-la-iesirea-din-capitala-se-fac-lucrari-de-reparatii-pe-breteaua-de-legatura-intre-a0-si-a2\/#primaryimage","url":"https:\/\/buletin.de\/bucuresti\/wp-content\/uploads\/2025\/09\/546951241_1257995449703821_4662830136501146877_n.jpg","contentUrl":"https:\/\/buletin.de\/bucuresti\/wp-content\/uploads\/2025\/09\/546951241_1257995449703821_4662830136501146877_n.jpg","width":1400,"height":1228,"caption":"Restric\u021bii temporare de circula\u021bie pe DN1A, pentru lucr\u0103ri la autostrada A0. FOTO: CNAIR"},{"@type":"BreadcrumbList","@id":"https:\/\/buletin.de\/bucuresti\/restrictii-de-circulatie-la-iesirea-din-capitala-se-fac-lucrari-de-reparatii-pe-breteaua-de-legatura-intre-a0-si-a2\/#breadcrumb","itemListElement":[{"@type":"ListItem","position":1,"name":"Acas\u0103","item":"https:\/\/buletin.de\/bucuresti\/"},{"@type":"ListItem","position":2,"name":"Restric\u021bii de circula\u021bie, la ie\u0219irea din Capital\u0103. Se fac lucr\u0103ri de repara\u021bii pe breteaua de leg\u0103tur\u0103 \u00eentre A0 \u0219i A2"}]},{"@type":"WebSite","@id":"https:\/\/buletin.de\/bucuresti\/#website","url":"https:\/\/buletin.de\/bucuresti\/","name":"Buletin de Bucure\u0219ti","description":"\u0218tiri \u0219i investiga\u021bii esen\u021biale din capital\u0103","publisher":{"@id":"https:\/\/buletin.de\/bucuresti\/#organization"},"potentialAction":[{"@type":"SearchAction","target":{"@type":"EntryPoint","urlTemplate":"https:\/\/buletin.de\/bucuresti\/?s={search_term_string}"},"query-input":{"@type":"PropertyValueSpecification","valueRequired":true,"valueName":"search_term_string"}}],"inLanguage":"en-GB"},{"@type":"Organization","@id":"https:\/\/buletin.de\/bucuresti\/#organization","name":"Buletin de Bucure\u0219ti","url":"https:\/\/buletin.de\/bucuresti\/","logo":{"@type":"ImageObject","inLanguage":"en-GB","@id":"https:\/\/buletin.de\/bucuresti\/#\/schema\/logo\/image\/","url":"https:\/\/buletin.de\/bucuresti\/wp-content\/uploads\/logo-bdb-full-wide-vernil-transparent.png","contentUrl":"https:\/\/buletin.de\/bucuresti\/wp-content\/uploads\/logo-bdb-full-wide-vernil-transparent.png","width":1782,"height":626,"caption":"Buletin de Bucure\u0219ti"},"image":{"@id":"https:\/\/buletin.de\/bucuresti\/#\/schema\/logo\/image\/"},"sameAs":["https:\/\/www.facebook.com\/buletin.de.buc","https:\/\/www.instagram.com\/buletinde.bucuresti\/"]},{"@type":"Person","@id":"https:\/\/buletin.de\/bucuresti\/#\/schema\/person\/7e46040573290777280a0835d81ea4ea","name":"Diana Matei","image":{"@type":"ImageObject","inLanguage":"en-GB","@id":"https:\/\/buletin.de\/bucuresti\/wp-content\/uploads\/9-2-96x96.jpg1e8590b30871d70e62ebcdaf2eff570c","url":"https:\/\/buletin.de\/bucuresti\/wp-content\/uploads\/9-2-96x96.jpg","contentUrl":"https:\/\/buletin.de\/bucuresti\/wp-content\/uploads\/9-2-96x96.jpg","caption":"Diana Matei"},"url":"https:\/\/buletin.de\/bucuresti\/author\/dianamatei\/"}]}},"authors":[{"term_id":22574,"user_id":49,"is_guest":0,"slug":"dianamatei","display_name":"Diana Matei","avatar_url":"https:\/\/buletin.de\/bucuresti\/wp-content\/uploads\/9-2-96x96.jpg","0":null,"1":"","2":"","3":"","4":"","5":"","6":"","7":"","8":""}],"_links":{"self":[{"href":"https:\/\/buletin.de\/bucuresti\/wp-json\/wp\/v2\/posts\/148084","targetHints":{"allow":["GET"]}}],"collection":[{"href":"https:\/\/buletin.de\/bucuresti\/wp-json\/wp\/v2\/posts"}],"about":[{"href":"https:\/\/buletin.de\/bucuresti\/wp-json\/wp\/v2\/types\/post"}],"author":[{"embeddable":true,"href":"https:\/\/buletin.de\/bucuresti\/wp-json\/wp\/v2\/users\/49"}],"replies":[{"embeddable":true,"href":"https:\/\/buletin.de\/bucuresti\/wp-json\/wp\/v2\/comments?post=148084"}],"version-history":[{"count":2,"href":"https:\/\/buletin.de\/bucuresti\/wp-json\/wp\/v2\/posts\/148084\/revisions"}],"predecessor-version":[{"id":148106,"href":"https:\/\/buletin.de\/bucuresti\/wp-json\/wp\/v2\/posts\/148084\/revisions\/148106"}],"wp:featuredmedia":[{"embeddable":true,"href":"https:\/\/buletin.de\/bucuresti\/wp-json\/wp\/v2\/media\/148091"}],"wp:attachment":[{"href":"https:\/\/buletin.de\/bucuresti\/wp-json\/wp\/v2\/media?parent=148084"}],"wp:term":[{"taxonomy":"category","embeddable":true,"href":"https:\/\/buletin.de\/bucuresti\/wp-json\/wp\/v2\/categories?post=148084"},{"taxonomy":"post_tag","embeddable":true,"href":"https:\/\/buletin.de\/bucuresti\/wp-json\/wp\/v2\/tags?post=148084"},{"taxonomy":"author","embeddable":true,"href":"https:\/\/buletin.de\/bucuresti\/wp-json\/wp\/v2\/ppma_author?post=148084"}],"curies":[{"name":"wp","href":"https:\/\/api.w.org\/{rel}","templated":true}]}}