{"id":147760,"date":"2025-09-14T08:48:58","date_gmt":"2025-09-14T05:48:58","guid":{"rendered":"https:\/\/buletin.de\/bucuresti\/?p=147760"},"modified":"2025-09-14T08:48:59","modified_gmt":"2025-09-14T05:48:59","slug":"retele-electrice-muntenia-intrerupe-curentul-electric-4","status":"publish","type":"post","link":"https:\/\/buletin.de\/bucuresti\/retele-electrice-muntenia-intrerupe-curentul-electric-4\/","title":{"rendered":"Re\u021bele Electrice Muntenia \u00eentrerupe curentul electric \u00een Bucure\u0219ti, Ilfov \u0219i Giurgiu. Care sunt zonele afectate"},"content":{"rendered":"\n<p><strong><a href=\"https:\/\/www.reteleelectrice.ro\/\">Re\u021bele Electrice Muntenia&nbsp;<\/a>\u00eentrerupe curentul electric \u00een perioada 15 \u2013 21 septembrie, \u00een mai multe zone din Bucure\u0219ti, Ilfov \u0219i Giurgiu. \u00centreruperile sunt necesare din cauza lucr\u0103rilor de repara\u021bii, moderni\u200bzare \u200bsau de mentenan\u021b\u0103, la re\u021beaua electric\u0103.<\/strong><\/p>\n\n\n\n<p>Sist\u0103rile programate se vor face pentru a asigura capacitatea re\u021belei de a func\u021biona \u0219i alimenta clien\u021bii, \u00een bune condi\u021bii.<\/p>\n\n\n\n<h2 class=\"wp-block-heading\" id=\"h-unde-se-intrerupe-curentul-electric-nbsp-in-bucure\u0219ti\"><strong>Unde se \u00eentrerupe curentul electric<\/strong>&nbsp;\u00een Bucure\u0219ti<\/h2>\n\n\n\n<p><strong>Luni, 15.09.2025<\/strong><\/p>\n\n\n\n<ul class=\"wp-block-list\">\n<li>Strada Cerni\u0219oara, Alte detalii: + str Crisul Repede, D\u00e2mbovi\u021ba, Planetei, Or\u0219ova, Studioului, Strada Smochinului, Alte detalii: Cu laterale: Calea Giule\u0219ti; L\u0103m\u00e2iului 09:00 &#8211; 17:00.<\/li>\n<\/ul>\n\n\n\n<p><strong> Mar\u021bi, 16.09.2025 <\/strong><\/p>\n\n\n\n<ul class=\"wp-block-list\">\n<li>Strada Aviator Jean Texier, Alte detalii: Perimetrul cuprins \u00eentre: Str. Teheran, Str. Aviator Popa Marin, Str. Loc. Av. Radu Beller, Cal. Doroban\u021bi, Strada Ciprian Porumbescu, Nr 2, Alte detalii: Str. Ciprian Porumbescu tronson situat \u00eentre str\u0103zile Iancu de Hunedoara \u0219i Grigore Alexandrescu, Strada Smochinului, Alte detalii: Cu laterale: Calea Giule\u0219ti; L\u0103m\u00e2iului, Strada Seneslav Voievod, Alte detalii: str. Tugomir Voievod, str Ipsilanti Voievod, str Vladislav Voievod, sos Electronicii, str B\u0103rbat Voievod, 09:00 &#8211; 17:00.<\/li>\n<\/ul>\n\n\n\n<h2 class=\"wp-block-heading\" id=\"h-unde-se-intrerupe-curentul-nbsp-in-ilfov\"><strong>Unde se \u00eentrerupe curentul<\/strong>&nbsp;\u00een Ilfov<\/h2>\n\n\n\n<p><strong>Luni, 15.09.2025<\/strong> <\/p>\n\n\n\n<ul class=\"wp-block-list\">\n<li>Olteni: Strada Cire\u0219ic\u0103, Nr FN, Alte detalii: Drumul, Mare, Ciurari, Garoafei 09:00 &#8211; 17:00.<\/li>\n<\/ul>\n\n\n\n<p>Mar\u021bi, 16.09.2025 <\/p>\n\n\n\n<ul class=\"wp-block-list\">\n<li>Buftea:Agen\u021bi economici: UM R\u00e2ioas\u0103 Alte detalii: UM R\u00e2ioas\u0103 09:00 &#8211; 17:00 Mar\u021bi, 16.09.2025 Bragadiru Strada Celofibrei, Nr FN, Alte detalii: Crisul Repese, str. adiacente 09:00 &#8211; 17:00.<\/li>\n<\/ul>\n\n\n\n<p><strong>Miercuri, 17.09.2025 <\/strong><\/p>\n\n\n\n<ul class=\"wp-block-list\">\n<li>Bragadiru: Strada Safirului, Nr fn, Alte detalii: Topaz, str. adiacente 09:00 &#8211; 17:00;<\/li>\n\n\n\n<li>Mogo\u0219oaia: Alte detalii: str G\u0103rii, Intrarea G\u0103rii, Ciupercu\u021bei, Basculei, Fierarului, Bucure\u0219ti-T\u00e2rgovi\u0219te \u00eentre str Poligonului \u0219i str Ceferi\u0219tilor, Ceferi\u0219tilor \u0219i str\u0103zi a 09:00 &#8211; 17:00.<\/li>\n<\/ul>\n\n\n\n<p><strong> Joi, 18.09.2025 <\/strong><\/p>\n\n\n\n<ul class=\"wp-block-list\">\n<li>Petr\u0103chioaia: Agen\u021bi economici: Moara 2 V\u00e2n\u0103tori Alte detalii: str Mihail Sadoveanu, Mihai Eminescu, Tudor Arghezi, Stejarului, F\u0103g\u0103ra\u0219, Retezat, Bucegi, Ciuca\u0219, Intrarea George Co\u0219buc \u0219i str\u0103zi adiacente, Agen\u021bi economici: BM REAL INTERNA\u021aIONAL Alte detalii: str Ciuca\u0219, Oituz, Par\u00e2ng, Carpa\u021bi, Ha\u021beg, Intrarea Retezat, Petre Ispirescu, Ion Creang\u0103, Lucian Blaga, Lacului, IL Caragiale \u0219i str\u0103zi adiacente 09:00 &#8211; 17:00;<\/li>\n\n\n\n<li>Buftea: Agen\u021bi economici: Organizare de \u0218antier SC PORR Alte detalii: SC PORR str Avia\u021biei 09:00 &#8211; 17:00.<\/li>\n<\/ul>\n\n\n\n<p><strong>CITE\u0218TE \u0218I:<\/strong> <a href=\"https:\/\/buletin.de\/bucuresti\/15-linii-de-autobuz-si-troleibuz-modificate-in-weekendul-12-14-septembrie-pentru-a-permite-desfasurarea-mai-multor-evenimente-din-bucuresti\/\">15 linii de autobuz \u0219i troleibuz, modificate \u00een weekendul 12-14 septembrie, pentru a permite desf\u0103\u0219urarea mai multor evenimente din Bucure\u0219ti<\/a><\/p>\n\n\n\n<h2 class=\"wp-block-heading\" id=\"h-zonele-fara-curent-electric-din-nbsp-giurgiu\"><strong>Zonele f\u0103r\u0103 curent electric din<\/strong>&nbsp;Giurgiu<\/h2>\n\n\n\n<p><strong>Luni, 15.09.2025 <\/strong><\/p>\n\n\n\n<ul class=\"wp-block-list\">\n<li>Podul Doamnei: Str. Coturilor, Nr 1, Str. S\u0103lciilor, Int. Islazului, Str. Unirii 09:00 &#8211; 17:00;<\/li>\n\n\n\n<li>Hotarele: Strada Muntenia, Str. Stejarului, Str. Paltinului, Strada Ar\u021barului, Str. Bujorului, Strada Vladului, Str. Gorunului: Str. P\u0103rului, Str. Corcodu\u0219ului, Str. Salc\u00e2mului, Str. Frasinului 09:00 &#8211; 17:00;<\/li>\n\n\n\n<li>Bolintin-Deal: DC148, Nr 61, Alte detalii: Str. Muncii 09:00 &#8211; 17:00.<\/li>\n<\/ul>\n\n\n\n<p><strong> Mar\u021bi, 16.09.2025<\/strong><\/p>\n\n\n\n<ul class=\"wp-block-list\">\n<li>Podul Doamnei: Str. Coturilor, Str. S\u0103lciilor, Int. Islazului, Str. Unirii 09:00 &#8211; 17:00;<\/li>\n\n\n\n<li>Palanca: Strada Domneasc\u0103, Strada Luncii 09:00 &#8211; 17:00;<\/li>\n\n\n\n<li>Hotarele: Strada Muntenia, Str. Stejarului, Str. Paltinului, Str. Frasinului, Strada Ar\u021barului, Str. Bujorului, Strada Vladului, Str. Gorunului, Str. P\u0103rului, Str. Corcodu\u0219ului, Str. Salc\u00e2mului, Alte detalii: Strada Bisericii 09:00 &#8211; 17:00 Bolintin-Deal: Agen\u021bi economici: SC Apirom Alte detalii: Str. Muncii 09:00 &#8211; 17:00 ;<\/li>\n\n\n\n<li>Her\u0103\u0219ti: Strada Discotecii 09:00 &#8211; 17:00 Miercuri, 17.09.2025 Hotarele Strada Muntenia, Str. Stejarului, Str. Paltinului, Str. Frasinului, Strada Ar\u021barului, Str. Bujorului, Strada Vladului, Str. Gorunului, Str. P\u0103rului, Str. Corcodu\u0219ului, Str. Salc\u00e2mului, Alte detalii: Strada Bisericii 09:00 &#8211; 17:00.<\/li>\n<\/ul>\n\n\n\n<p><strong>Miercuri, 17.09.2025<\/strong> <\/p>\n\n\n\n<ul class=\"wp-block-list\">\n<li>Her\u0103\u0219ti: Strada Discotecii 09:00 &#8211; 17:00;<\/li>\n\n\n\n<li>Stejaru: Alte detalii: Str. Cazanului, Alte detalii: Int. Inuri, Alte detalii: Str. 09:00 &#8211; 15:00, Strada Orar Troi\u021bei, Alte detalii: Str. Cazanului, Alte detalii: DJ105, Str. Bulg\u0103rului, Str. Nov\u0103ceanca;<\/li>\n\n\n\n<li>Dr\u0103g\u0103nescu: Str. Satul Nou 09:00 &#8211; 17:00.<\/li>\n<\/ul>\n\n\n\n<p><strong> Joi, 18.09.2025<\/strong> <\/p>\n\n\n\n<ul class=\"wp-block-list\">\n<li>Her\u0103\u0219ti: Strada Discotecii 09:00 &#8211; 17:00;<\/li>\n\n\n\n<li>Hotarele: Alte detalii: Strada Bisericii, Str. Salc\u00e2mului, Str. Corcodu\u0219ului, Str. P\u0103rului, Str. Gorunului, Strada Vladului, Str. Bujorului, Strada Ar\u021barului, Str. Frasinului, Str. Paltinului, Str. Stejarului, Strada Muntenia 09:00 &#8211; 17:00.<\/li>\n<\/ul>\n\n\n\n<p><strong> Vineri, 19.09.2025<\/strong><\/p>\n\n\n\n<ul class=\"wp-block-list\">\n<li>Hotarele: Alte detalii: Strada Bisericii, Str. Salc\u00e2mului, Str. Corcodu\u0219ului, Str. P\u0103rului, Str. Gorunului, Strada Vladului, Str. Bujorului, Strada Ar\u021barului, Str. Frasinului, Str. Paltinului, Str. Stejarului, Strada Muntenia 09:00 &#8211; 17:00.<\/li>\n<\/ul>\n\n\n\n<p>CITE\u0218TE \u0218I: <a href=\"https:\/\/buletin.de\/bucuresti\/expozitie-de-motociclete-istorice-si-proiectii-de-film-in-weekendul-13-14-septembrie-la-strazi-deschise\/\"><strong>Expozi\u021bie de motociclete istorice \u0219i proiec\u021bii de film, \u00een weekendul 13-14 septembrie, la \u201eStr\u0103zi Deschise\u201d<\/strong><\/a><\/p>\n\n\n\n<p><\/p>\n","protected":false},"excerpt":{"rendered":"<p>Re\u021bele Electrice Muntenia&nbsp;\u00eentrerupe curentul electric \u00een perioada 15 \u2013 21 septembrie, \u00een mai multe zone din Bucure\u0219ti, Ilfov \u0219i Giurgiu. \u00centreruperile sunt necesare din cauza lucr\u0103rilor de repara\u021bii, moderni\u200bzare \u200bsau de mentenan\u021b\u0103, la re\u021beaua electric\u0103. Sist\u0103rile programate se vor face pentru a asigura capacitatea re\u021belei de a func\u021biona \u0219i alimenta clien\u021bii, \u00een bune condi\u021bii. Unde [&hellip;]<\/p>\n","protected":false},"author":49,"featured_media":147774,"comment_status":"closed","ping_status":"open","sticky":false,"template":"","format":"standard","meta":{"_acf_changed":false,"inline_featured_image":false,"ngg_post_thumbnail":0,"footnotes":""},"categories":[6994,62],"tags":[22275,22277,22276,17850,23192],"ppma_author":[22574],"class_list":["post-147760","post","type-post","status-publish","format-standard","has-post-thumbnail","hentry","category-stiri-2","category-stiri","tag-intrerupere-curent-bucuresti","tag-intrerupere-curent-giurgiu","tag-intrerupere-curent-ilfov","tag-retele-electrice-muntenia-2","tag-se-intrerupe-curentul-electric"],"acf":[],"yoast_head":"<!-- This site is optimized with the Yoast SEO Premium plugin v25.3 (Yoast SEO v27.4) - https:\/\/yoast.com\/product\/yoast-seo-premium-wordpress\/ -->\n<title>Re\u021bele Electrice Muntenia \u00eentrerupe curentul electric \u00een Bucure\u0219ti, Ilfov \u0219i Giurgiu. Care sunt zonele afectate - Buletin de Bucure\u0219ti<\/title>\n<meta name=\"description\" content=\"Re\u021bele Electrice Muntenia\u00a0\u00eentrerupe curentul electric \u00een perioada 15 \u2013 21 septembrie, \u00een mai multe zone din Bucure\u0219ti, Ilfov \u0219i Giurgiu.\" \/>\n<meta name=\"robots\" content=\"index, follow, max-snippet:-1, max-image-preview:large, max-video-preview:-1\" \/>\n<link rel=\"canonical\" href=\"https:\/\/buletin.de\/bucuresti\/retele-electrice-muntenia-intrerupe-curentul-electric-4\/\" \/>\n<meta property=\"og:locale\" content=\"en_GB\" \/>\n<meta property=\"og:type\" content=\"article\" \/>\n<meta property=\"og:title\" content=\"Re\u021bele Electrice Muntenia \u00eentrerupe curentul electric \u00een Bucure\u0219ti, Ilfov \u0219i Giurgiu. Care sunt zonele afectate\" \/>\n<meta property=\"og:description\" content=\"Re\u021bele Electrice Muntenia\u00a0\u00eentrerupe curentul electric \u00een perioada 15 \u2013 21 septembrie, \u00een mai multe zone din Bucure\u0219ti, Ilfov \u0219i Giurgiu.\" \/>\n<meta property=\"og:url\" content=\"https:\/\/buletin.de\/bucuresti\/retele-electrice-muntenia-intrerupe-curentul-electric-4\/\" \/>\n<meta property=\"og:site_name\" content=\"Buletin de Bucure\u0219ti\" \/>\n<meta property=\"article:publisher\" content=\"https:\/\/www.facebook.com\/buletin.de.buc\" \/>\n<meta property=\"article:published_time\" content=\"2025-09-14T05:48:58+00:00\" \/>\n<meta property=\"article:modified_time\" content=\"2025-09-14T05:48:59+00:00\" \/>\n<meta property=\"og:image\" content=\"https:\/\/buletin.de\/bucuresti\/wp-content\/uploads\/2025\/09\/contoare-inteligente-1-1.webp\" \/>\n\t<meta property=\"og:image:width\" content=\"768\" \/>\n\t<meta property=\"og:image:height\" content=\"512\" \/>\n\t<meta property=\"og:image:type\" content=\"image\/webp\" \/>\n<meta name=\"author\" content=\"Diana Matei\" \/>\n<meta name=\"twitter:card\" content=\"summary_large_image\" \/>\n<meta name=\"twitter:label1\" content=\"Written by\" \/>\n\t<meta name=\"twitter:data1\" content=\"Diana Matei\" \/>\n\t<meta name=\"twitter:label2\" content=\"Estimated reading time\" \/>\n\t<meta name=\"twitter:data2\" content=\"3 minutes\" \/>\n<script type=\"application\/ld+json\" class=\"yoast-schema-graph\">{\"@context\":\"https:\\\/\\\/schema.org\",\"@graph\":[{\"@type\":\"Article\",\"@id\":\"https:\\\/\\\/buletin.de\\\/bucuresti\\\/retele-electrice-muntenia-intrerupe-curentul-electric-4\\\/#article\",\"isPartOf\":{\"@id\":\"https:\\\/\\\/buletin.de\\\/bucuresti\\\/retele-electrice-muntenia-intrerupe-curentul-electric-4\\\/\"},\"author\":{\"name\":\"Diana Matei\",\"@id\":\"https:\\\/\\\/buletin.de\\\/bucuresti\\\/#\\\/schema\\\/person\\\/7e46040573290777280a0835d81ea4ea\"},\"headline\":\"Re\u021bele Electrice Muntenia \u00eentrerupe curentul electric \u00een Bucure\u0219ti, Ilfov \u0219i Giurgiu. Care sunt zonele afectate\",\"datePublished\":\"2025-09-14T05:48:58+00:00\",\"dateModified\":\"2025-09-14T05:48:59+00:00\",\"mainEntityOfPage\":{\"@id\":\"https:\\\/\\\/buletin.de\\\/bucuresti\\\/retele-electrice-muntenia-intrerupe-curentul-electric-4\\\/\"},\"wordCount\":694,\"publisher\":{\"@id\":\"https:\\\/\\\/buletin.de\\\/bucuresti\\\/#organization\"},\"image\":{\"@id\":\"https:\\\/\\\/buletin.de\\\/bucuresti\\\/retele-electrice-muntenia-intrerupe-curentul-electric-4\\\/#primaryimage\"},\"thumbnailUrl\":\"https:\\\/\\\/buletin.de\\\/bucuresti\\\/wp-content\\\/uploads\\\/2025\\\/09\\\/contoare-inteligente-1-1.webp\",\"keywords\":[\"intrerupere curent Bucuresti\",\"Intrerupere curent Giurgiu\",\"intrerupere curent Ilfov\",\"retele Electrice Muntenia\",\"se intrerupe curentul electric\"],\"articleSection\":[\"Articole\",\"\u0218tiri\"],\"inLanguage\":\"en-GB\",\"copyrightYear\":\"2025\",\"copyrightHolder\":{\"@id\":\"https:\\\/\\\/buletin.de\\\/bucuresti\\\/#organization\"}},{\"@type\":\"WebPage\",\"@id\":\"https:\\\/\\\/buletin.de\\\/bucuresti\\\/retele-electrice-muntenia-intrerupe-curentul-electric-4\\\/\",\"url\":\"https:\\\/\\\/buletin.de\\\/bucuresti\\\/retele-electrice-muntenia-intrerupe-curentul-electric-4\\\/\",\"name\":\"Re\u021bele Electrice Muntenia \u00eentrerupe curentul electric \u00een Bucure\u0219ti, Ilfov \u0219i Giurgiu. Care sunt zonele afectate - Buletin de Bucure\u0219ti\",\"isPartOf\":{\"@id\":\"https:\\\/\\\/buletin.de\\\/bucuresti\\\/#website\"},\"primaryImageOfPage\":{\"@id\":\"https:\\\/\\\/buletin.de\\\/bucuresti\\\/retele-electrice-muntenia-intrerupe-curentul-electric-4\\\/#primaryimage\"},\"image\":{\"@id\":\"https:\\\/\\\/buletin.de\\\/bucuresti\\\/retele-electrice-muntenia-intrerupe-curentul-electric-4\\\/#primaryimage\"},\"thumbnailUrl\":\"https:\\\/\\\/buletin.de\\\/bucuresti\\\/wp-content\\\/uploads\\\/2025\\\/09\\\/contoare-inteligente-1-1.webp\",\"datePublished\":\"2025-09-14T05:48:58+00:00\",\"dateModified\":\"2025-09-14T05:48:59+00:00\",\"description\":\"Re\u021bele Electrice Muntenia\u00a0\u00eentrerupe curentul electric \u00een perioada 15 \u2013 21 septembrie, \u00een mai multe zone din Bucure\u0219ti, Ilfov \u0219i Giurgiu.\",\"breadcrumb\":{\"@id\":\"https:\\\/\\\/buletin.de\\\/bucuresti\\\/retele-electrice-muntenia-intrerupe-curentul-electric-4\\\/#breadcrumb\"},\"inLanguage\":\"en-GB\",\"potentialAction\":[{\"@type\":\"ReadAction\",\"target\":[\"https:\\\/\\\/buletin.de\\\/bucuresti\\\/retele-electrice-muntenia-intrerupe-curentul-electric-4\\\/\"]}]},{\"@type\":\"ImageObject\",\"inLanguage\":\"en-GB\",\"@id\":\"https:\\\/\\\/buletin.de\\\/bucuresti\\\/retele-electrice-muntenia-intrerupe-curentul-electric-4\\\/#primaryimage\",\"url\":\"https:\\\/\\\/buletin.de\\\/bucuresti\\\/wp-content\\\/uploads\\\/2025\\\/09\\\/contoare-inteligente-1-1.webp\",\"contentUrl\":\"https:\\\/\\\/buletin.de\\\/bucuresti\\\/wp-content\\\/uploads\\\/2025\\\/09\\\/contoare-inteligente-1-1.webp\",\"width\":768,\"height\":512,\"caption\":\"Re\u021bele Electrice Muntenia \u00eentrerupe curentul electric \u00een Bucure\u0219ti, Ilfov \u0219i Giurgiu. Care sunt zonele afectate. FOTO: Arhiva\"},{\"@type\":\"BreadcrumbList\",\"@id\":\"https:\\\/\\\/buletin.de\\\/bucuresti\\\/retele-electrice-muntenia-intrerupe-curentul-electric-4\\\/#breadcrumb\",\"itemListElement\":[{\"@type\":\"ListItem\",\"position\":1,\"name\":\"Acas\u0103\",\"item\":\"https:\\\/\\\/buletin.de\\\/bucuresti\\\/\"},{\"@type\":\"ListItem\",\"position\":2,\"name\":\"Re\u021bele Electrice Muntenia \u00eentrerupe curentul electric \u00een Bucure\u0219ti, Ilfov \u0219i Giurgiu. Care sunt zonele afectate\"}]},{\"@type\":\"WebSite\",\"@id\":\"https:\\\/\\\/buletin.de\\\/bucuresti\\\/#website\",\"url\":\"https:\\\/\\\/buletin.de\\\/bucuresti\\\/\",\"name\":\"Buletin de Bucure\u0219ti\",\"description\":\"\u0218tiri \u0219i investiga\u021bii esen\u021biale din capital\u0103\",\"publisher\":{\"@id\":\"https:\\\/\\\/buletin.de\\\/bucuresti\\\/#organization\"},\"potentialAction\":[{\"@type\":\"SearchAction\",\"target\":{\"@type\":\"EntryPoint\",\"urlTemplate\":\"https:\\\/\\\/buletin.de\\\/bucuresti\\\/?s={search_term_string}\"},\"query-input\":{\"@type\":\"PropertyValueSpecification\",\"valueRequired\":true,\"valueName\":\"search_term_string\"}}],\"inLanguage\":\"en-GB\"},{\"@type\":\"Organization\",\"@id\":\"https:\\\/\\\/buletin.de\\\/bucuresti\\\/#organization\",\"name\":\"Buletin de Bucure\u0219ti\",\"url\":\"https:\\\/\\\/buletin.de\\\/bucuresti\\\/\",\"logo\":{\"@type\":\"ImageObject\",\"inLanguage\":\"en-GB\",\"@id\":\"https:\\\/\\\/buletin.de\\\/bucuresti\\\/#\\\/schema\\\/logo\\\/image\\\/\",\"url\":\"https:\\\/\\\/buletin.de\\\/bucuresti\\\/wp-content\\\/uploads\\\/logo-bdb-full-wide-vernil-transparent.png\",\"contentUrl\":\"https:\\\/\\\/buletin.de\\\/bucuresti\\\/wp-content\\\/uploads\\\/logo-bdb-full-wide-vernil-transparent.png\",\"width\":1782,\"height\":626,\"caption\":\"Buletin de Bucure\u0219ti\"},\"image\":{\"@id\":\"https:\\\/\\\/buletin.de\\\/bucuresti\\\/#\\\/schema\\\/logo\\\/image\\\/\"},\"sameAs\":[\"https:\\\/\\\/www.facebook.com\\\/buletin.de.buc\",\"https:\\\/\\\/www.instagram.com\\\/buletinde.bucuresti\\\/\"]},{\"@type\":\"Person\",\"@id\":\"https:\\\/\\\/buletin.de\\\/bucuresti\\\/#\\\/schema\\\/person\\\/7e46040573290777280a0835d81ea4ea\",\"name\":\"Diana Matei\",\"image\":{\"@type\":\"ImageObject\",\"inLanguage\":\"en-GB\",\"@id\":\"https:\\\/\\\/buletin.de\\\/bucuresti\\\/wp-content\\\/uploads\\\/9-2-96x96.jpg1e8590b30871d70e62ebcdaf2eff570c\",\"url\":\"https:\\\/\\\/buletin.de\\\/bucuresti\\\/wp-content\\\/uploads\\\/9-2-96x96.jpg\",\"contentUrl\":\"https:\\\/\\\/buletin.de\\\/bucuresti\\\/wp-content\\\/uploads\\\/9-2-96x96.jpg\",\"caption\":\"Diana Matei\"},\"url\":\"https:\\\/\\\/buletin.de\\\/bucuresti\\\/author\\\/dianamatei\\\/\"}]}<\/script>\n<!-- \/ Yoast SEO Premium plugin. -->","yoast_head_json":{"title":"Re\u021bele Electrice Muntenia \u00eentrerupe curentul electric \u00een Bucure\u0219ti, Ilfov \u0219i Giurgiu. Care sunt zonele afectate - Buletin de Bucure\u0219ti","description":"Re\u021bele Electrice Muntenia\u00a0\u00eentrerupe curentul electric \u00een perioada 15 \u2013 21 septembrie, \u00een mai multe zone din Bucure\u0219ti, Ilfov \u0219i Giurgiu.","robots":{"index":"index","follow":"follow","max-snippet":"max-snippet:-1","max-image-preview":"max-image-preview:large","max-video-preview":"max-video-preview:-1"},"canonical":"https:\/\/buletin.de\/bucuresti\/retele-electrice-muntenia-intrerupe-curentul-electric-4\/","og_locale":"en_GB","og_type":"article","og_title":"Re\u021bele Electrice Muntenia \u00eentrerupe curentul electric \u00een Bucure\u0219ti, Ilfov \u0219i Giurgiu. Care sunt zonele afectate","og_description":"Re\u021bele Electrice Muntenia\u00a0\u00eentrerupe curentul electric \u00een perioada 15 \u2013 21 septembrie, \u00een mai multe zone din Bucure\u0219ti, Ilfov \u0219i Giurgiu.","og_url":"https:\/\/buletin.de\/bucuresti\/retele-electrice-muntenia-intrerupe-curentul-electric-4\/","og_site_name":"Buletin de Bucure\u0219ti","article_publisher":"https:\/\/www.facebook.com\/buletin.de.buc","article_published_time":"2025-09-14T05:48:58+00:00","article_modified_time":"2025-09-14T05:48:59+00:00","og_image":[{"width":768,"height":512,"url":"https:\/\/buletin.de\/bucuresti\/wp-content\/uploads\/2025\/09\/contoare-inteligente-1-1.webp","type":"image\/webp"}],"author":"Diana Matei","twitter_card":"summary_large_image","twitter_misc":{"Written by":"Diana Matei","Estimated reading time":"3 minutes"},"schema":{"@context":"https:\/\/schema.org","@graph":[{"@type":"Article","@id":"https:\/\/buletin.de\/bucuresti\/retele-electrice-muntenia-intrerupe-curentul-electric-4\/#article","isPartOf":{"@id":"https:\/\/buletin.de\/bucuresti\/retele-electrice-muntenia-intrerupe-curentul-electric-4\/"},"author":{"name":"Diana Matei","@id":"https:\/\/buletin.de\/bucuresti\/#\/schema\/person\/7e46040573290777280a0835d81ea4ea"},"headline":"Re\u021bele Electrice Muntenia \u00eentrerupe curentul electric \u00een Bucure\u0219ti, Ilfov \u0219i Giurgiu. Care sunt zonele afectate","datePublished":"2025-09-14T05:48:58+00:00","dateModified":"2025-09-14T05:48:59+00:00","mainEntityOfPage":{"@id":"https:\/\/buletin.de\/bucuresti\/retele-electrice-muntenia-intrerupe-curentul-electric-4\/"},"wordCount":694,"publisher":{"@id":"https:\/\/buletin.de\/bucuresti\/#organization"},"image":{"@id":"https:\/\/buletin.de\/bucuresti\/retele-electrice-muntenia-intrerupe-curentul-electric-4\/#primaryimage"},"thumbnailUrl":"https:\/\/buletin.de\/bucuresti\/wp-content\/uploads\/2025\/09\/contoare-inteligente-1-1.webp","keywords":["intrerupere curent Bucuresti","Intrerupere curent Giurgiu","intrerupere curent Ilfov","retele Electrice Muntenia","se intrerupe curentul electric"],"articleSection":["Articole","\u0218tiri"],"inLanguage":"en-GB","copyrightYear":"2025","copyrightHolder":{"@id":"https:\/\/buletin.de\/bucuresti\/#organization"}},{"@type":"WebPage","@id":"https:\/\/buletin.de\/bucuresti\/retele-electrice-muntenia-intrerupe-curentul-electric-4\/","url":"https:\/\/buletin.de\/bucuresti\/retele-electrice-muntenia-intrerupe-curentul-electric-4\/","name":"Re\u021bele Electrice Muntenia \u00eentrerupe curentul electric \u00een Bucure\u0219ti, Ilfov \u0219i Giurgiu. Care sunt zonele afectate - Buletin de Bucure\u0219ti","isPartOf":{"@id":"https:\/\/buletin.de\/bucuresti\/#website"},"primaryImageOfPage":{"@id":"https:\/\/buletin.de\/bucuresti\/retele-electrice-muntenia-intrerupe-curentul-electric-4\/#primaryimage"},"image":{"@id":"https:\/\/buletin.de\/bucuresti\/retele-electrice-muntenia-intrerupe-curentul-electric-4\/#primaryimage"},"thumbnailUrl":"https:\/\/buletin.de\/bucuresti\/wp-content\/uploads\/2025\/09\/contoare-inteligente-1-1.webp","datePublished":"2025-09-14T05:48:58+00:00","dateModified":"2025-09-14T05:48:59+00:00","description":"Re\u021bele Electrice Muntenia\u00a0\u00eentrerupe curentul electric \u00een perioada 15 \u2013 21 septembrie, \u00een mai multe zone din Bucure\u0219ti, Ilfov \u0219i Giurgiu.","breadcrumb":{"@id":"https:\/\/buletin.de\/bucuresti\/retele-electrice-muntenia-intrerupe-curentul-electric-4\/#breadcrumb"},"inLanguage":"en-GB","potentialAction":[{"@type":"ReadAction","target":["https:\/\/buletin.de\/bucuresti\/retele-electrice-muntenia-intrerupe-curentul-electric-4\/"]}]},{"@type":"ImageObject","inLanguage":"en-GB","@id":"https:\/\/buletin.de\/bucuresti\/retele-electrice-muntenia-intrerupe-curentul-electric-4\/#primaryimage","url":"https:\/\/buletin.de\/bucuresti\/wp-content\/uploads\/2025\/09\/contoare-inteligente-1-1.webp","contentUrl":"https:\/\/buletin.de\/bucuresti\/wp-content\/uploads\/2025\/09\/contoare-inteligente-1-1.webp","width":768,"height":512,"caption":"Re\u021bele Electrice Muntenia \u00eentrerupe curentul electric \u00een Bucure\u0219ti, Ilfov \u0219i Giurgiu. Care sunt zonele afectate. FOTO: Arhiva"},{"@type":"BreadcrumbList","@id":"https:\/\/buletin.de\/bucuresti\/retele-electrice-muntenia-intrerupe-curentul-electric-4\/#breadcrumb","itemListElement":[{"@type":"ListItem","position":1,"name":"Acas\u0103","item":"https:\/\/buletin.de\/bucuresti\/"},{"@type":"ListItem","position":2,"name":"Re\u021bele Electrice Muntenia \u00eentrerupe curentul electric \u00een Bucure\u0219ti, Ilfov \u0219i Giurgiu. Care sunt zonele afectate"}]},{"@type":"WebSite","@id":"https:\/\/buletin.de\/bucuresti\/#website","url":"https:\/\/buletin.de\/bucuresti\/","name":"Buletin de Bucure\u0219ti","description":"\u0218tiri \u0219i investiga\u021bii esen\u021biale din capital\u0103","publisher":{"@id":"https:\/\/buletin.de\/bucuresti\/#organization"},"potentialAction":[{"@type":"SearchAction","target":{"@type":"EntryPoint","urlTemplate":"https:\/\/buletin.de\/bucuresti\/?s={search_term_string}"},"query-input":{"@type":"PropertyValueSpecification","valueRequired":true,"valueName":"search_term_string"}}],"inLanguage":"en-GB"},{"@type":"Organization","@id":"https:\/\/buletin.de\/bucuresti\/#organization","name":"Buletin de Bucure\u0219ti","url":"https:\/\/buletin.de\/bucuresti\/","logo":{"@type":"ImageObject","inLanguage":"en-GB","@id":"https:\/\/buletin.de\/bucuresti\/#\/schema\/logo\/image\/","url":"https:\/\/buletin.de\/bucuresti\/wp-content\/uploads\/logo-bdb-full-wide-vernil-transparent.png","contentUrl":"https:\/\/buletin.de\/bucuresti\/wp-content\/uploads\/logo-bdb-full-wide-vernil-transparent.png","width":1782,"height":626,"caption":"Buletin de Bucure\u0219ti"},"image":{"@id":"https:\/\/buletin.de\/bucuresti\/#\/schema\/logo\/image\/"},"sameAs":["https:\/\/www.facebook.com\/buletin.de.buc","https:\/\/www.instagram.com\/buletinde.bucuresti\/"]},{"@type":"Person","@id":"https:\/\/buletin.de\/bucuresti\/#\/schema\/person\/7e46040573290777280a0835d81ea4ea","name":"Diana Matei","image":{"@type":"ImageObject","inLanguage":"en-GB","@id":"https:\/\/buletin.de\/bucuresti\/wp-content\/uploads\/9-2-96x96.jpg1e8590b30871d70e62ebcdaf2eff570c","url":"https:\/\/buletin.de\/bucuresti\/wp-content\/uploads\/9-2-96x96.jpg","contentUrl":"https:\/\/buletin.de\/bucuresti\/wp-content\/uploads\/9-2-96x96.jpg","caption":"Diana Matei"},"url":"https:\/\/buletin.de\/bucuresti\/author\/dianamatei\/"}]}},"authors":[{"term_id":22574,"user_id":49,"is_guest":0,"slug":"dianamatei","display_name":"Diana Matei","avatar_url":"https:\/\/buletin.de\/bucuresti\/wp-content\/uploads\/9-2-96x96.jpg","0":null,"1":"","2":"","3":"","4":"","5":"","6":"","7":"","8":""}],"_links":{"self":[{"href":"https:\/\/buletin.de\/bucuresti\/wp-json\/wp\/v2\/posts\/147760","targetHints":{"allow":["GET"]}}],"collection":[{"href":"https:\/\/buletin.de\/bucuresti\/wp-json\/wp\/v2\/posts"}],"about":[{"href":"https:\/\/buletin.de\/bucuresti\/wp-json\/wp\/v2\/types\/post"}],"author":[{"embeddable":true,"href":"https:\/\/buletin.de\/bucuresti\/wp-json\/wp\/v2\/users\/49"}],"replies":[{"embeddable":true,"href":"https:\/\/buletin.de\/bucuresti\/wp-json\/wp\/v2\/comments?post=147760"}],"version-history":[{"count":2,"href":"https:\/\/buletin.de\/bucuresti\/wp-json\/wp\/v2\/posts\/147760\/revisions"}],"predecessor-version":[{"id":147927,"href":"https:\/\/buletin.de\/bucuresti\/wp-json\/wp\/v2\/posts\/147760\/revisions\/147927"}],"wp:featuredmedia":[{"embeddable":true,"href":"https:\/\/buletin.de\/bucuresti\/wp-json\/wp\/v2\/media\/147774"}],"wp:attachment":[{"href":"https:\/\/buletin.de\/bucuresti\/wp-json\/wp\/v2\/media?parent=147760"}],"wp:term":[{"taxonomy":"category","embeddable":true,"href":"https:\/\/buletin.de\/bucuresti\/wp-json\/wp\/v2\/categories?post=147760"},{"taxonomy":"post_tag","embeddable":true,"href":"https:\/\/buletin.de\/bucuresti\/wp-json\/wp\/v2\/tags?post=147760"},{"taxonomy":"author","embeddable":true,"href":"https:\/\/buletin.de\/bucuresti\/wp-json\/wp\/v2\/ppma_author?post=147760"}],"curies":[{"name":"wp","href":"https:\/\/api.w.org\/{rel}","templated":true}]}}