{"id":147315,"date":"2025-09-10T08:53:45","date_gmt":"2025-09-10T05:53:45","guid":{"rendered":"https:\/\/buletin.de\/bucuresti\/?p=147315"},"modified":"2025-09-10T08:53:46","modified_gmt":"2025-09-10T05:53:46","slug":"ultima-saptamana-cu-cinema-in-aer-liber-in-parcul-titan","status":"publish","type":"post","link":"https:\/\/buletin.de\/bucuresti\/ultima-saptamana-cu-cinema-in-aer-liber-in-parcul-titan\/","title":{"rendered":"Ultima s\u0103pt\u0103m\u00e2n\u0103 cu Cinema \u00een Aer Liber, \u00een Parcul Titan"},"content":{"rendered":"\n<p><strong>Cea de-a 16-a edi\u021bie a proiectului Cinema \u00een Aer Liber ajunge la final, s\u0103pt\u0103m\u00e2na aceasta, 9 \u2013 14 septembrie, cu alte proiec\u021bii \u00een Parcul Titan, din Sectorul 3. Filmele  ruleaz\u0103 pe Insula Artelor.<\/strong><\/p>\n\n\n\n<h2 class=\"wp-block-heading\" id=\"h-cinema-in-aer-liber-9-14-septembrie\">Cinema \u00een Aer Liber 9 \u2013 14 septembrie<\/h2>\n\n\n\n<p><strong>Miercuri, 10 septembrie<\/strong>, ora 20:00. Va fi proiectat timpul \u201e\u00cen afara timpului\u201d (2025), regia Olivier Assayas. \u00cen film sunt actorii: Vincent Macaigne, Nora Hamzawi, Micha Lescot, Nine d\u2019Urso.&nbsp;<a href=\"https:\/\/www.cinemagia.ro\/trailer\/suspended-time-35009\/\" target=\"_blank\" rel=\"noreferrer noopener\">AICI<\/a>&nbsp;poate fi v\u0103zut trailerul. Distinc\u021bii: a fost selectat \u00een competi\u021bia principal\u0103 a Festivalului Interna\u021bional de Film de la Berlin (Berlinale), unde a concurat pentru Ursul de Aur (Golden Bear) \u00een februarie 2024, a primit \u0219i o nominalizare la Ursul de Aur pentru \u201eBest Film\u201d, semnat de Olivier Assayas.<\/p>\n\n\n\n<p><strong>Joi, 11 septembrie<\/strong>, ora 20:00. Va fi proiectat filmul \u201eIubire f\u0103r\u0103 limite\u201d (2025), regia Gilles Lellouche. \u00cen film sunt prezen\u021bi actorii Ad\u00e8le Exarchopoulos \u0219i Fran\u00e7ois Civil.&nbsp;<a href=\"https:\/\/www.cinemagia.ro\/trailer\/beating-hearts-35073\/\" target=\"_blank\" rel=\"noreferrer noopener\">AICI<\/a>&nbsp;poate fi v\u0103zut trailerul. Distinc\u021bii: \u00een selec\u021bia oficial\u0103 Cannes Film Festival, 2 premii \u0219i 16 nominaliz\u0103ri.<\/p>\n\n\n\n<p><strong>Joi, 11 septembrie<\/strong>, ora 20:00. Va fi proiectat filmul \u201eIubire f\u0103r\u0103 limite\u201d (2025), regia Gilles Lellouche. \u00cen film sunt prezen\u021bi actorii Ad\u00e8le Exarchopoulos \u0219i Fran\u00e7ois Civil.\u00a0<a href=\"https:\/\/www.cinemagia.ro\/trailer\/beating-hearts-35073\/\" target=\"_blank\" rel=\"noreferrer noopener\">AICI<\/a>\u00a0poate fi v\u0103zut trailerul. Distinc\u021bii: \u00een selec\u021bia oficial\u0103 Cannes Film Festival, 2 premii \u0219i 16 nominaliz\u0103ri.<br><br><img decoding=\"async\" height=\"1\" width=\"1\" src=\"data:image\/gif;base64,R0lGODlhAQABAAAAACH5BAEKAAEALAAAAAABAAEAAAICTAEAOw==\" class=\"lazyload\" data-src=\"https:\/\/s.synoint.com\/event?e=adimp&amp;a=65L9gG7&amp;ad=89b344879be0282596c0f0df6f077a836c4c198a.jpg&amp;cm=1499454&amp;src=img&amp;loc=http%3A%2F%2Fb365.ro\"><br><strong>Vineri, 12 septembrie<\/strong>, ora 20:00. Va fi proiectat filmul \u201eDl. Aznavour\u201d (2025), \u00een regia lui Mehdi Idir \u0219i Grand Corps Malade. Sunt prezen\u021bi actorii: Tahar Rahim, Soufiane Guerrab, Victor Meutelet, Bastien Bouillon, Rupert Wynne-James.\u00a0<a href=\"https:\/\/www.cinemagia.ro\/trailer\/monsieur-aznavour-36145\/\" target=\"_blank\" rel=\"noreferrer noopener\">AICI<\/a>\u00a0poate fi v\u0103zut trailerul. Distinc\u021bii: 4 nominaliz\u0103ri.<\/p>\n\n\n\n<p><strong>CITE\u0218TE \u0218I:<\/strong> <a href=\"https:\/\/buletin.de\/bucuresti\/trei-intalniri-memorabile-la-festivalul-enescu-pe-9-septembrie-brahms-gratie-baroca-si-simfonie\/\">Trei \u00eent\u00e2lniri memorabile la Festivalul Enescu pe 9 septembrie: Brahms, gra\u021bie baroc\u0103 \u0219i simfonie<\/a><\/p>\n\n\n\n<h2 class=\"wp-block-heading\" id=\"h-cinema-in-aer-liber-ultimul-weekend\">Cinema \u00een Aer Liber, ultimul weekend<\/h2>\n\n\n\n<p><strong>S\u00e2mb\u0103t\u0103, 13 septembrie<\/strong>, ora 20:00. Va fi proiectat filmul \u201eParthenope\u201d (2025), \u00een regia lui Paolo Sorrentino. Actorii prezen\u021bi \u00een film: Gary Oldman, Francesca Romana Bergamo, Stefania Sandrelli, Luisa Ranieri.&nbsp;<a href=\"https:\/\/www.cinemagia.ro\/trailer\/parthenope-35905\/\" target=\"_blank\" rel=\"noreferrer noopener\">AICI<\/a>&nbsp;poate fi v\u0103zut trailerul. Distinc\u021bii: \u00een selec\u021bia oficial\u0103 Cannes Film Festival, 7 premii \u0219i 25 de nominaliz\u0103ri.<\/p>\n\n\n\n<p><strong>Duminic\u0103, 14 septembrie<\/strong>, ora 20:00. Va fi proiectat filmul \u201eSfinte ca\u0219caval!\u201d (2025) regizat de Louise Courvoisier. \u00cen film sunt prezen\u021bi actorii: Maiwene Barthelemy, Dimitri Baudry, Mathis Bernard, Luna Garret, Cl\u00e9ment Faveau.\u00a0<a href=\"https:\/\/www.cinemagia.ro\/trailer\/holy-cow-36671\/\" target=\"_blank\" rel=\"noreferrer noopener\">AICI<\/a>\u00a0poate fi v\u0103zut trailerul. Distinc\u021bii: Premiul Youth Prize la Cannes Film Festival, nominalizat la premiul Un certain Regard la Cannes Film Festival, 10 premii \u0219i 10 nominalizari.<\/p>\n\n\n\n<p><strong>CITE\u0218TE \u0218I:<\/strong> <a href=\"https:\/\/buletin.de\/bucuresti\/unforgettable-festival-modifica-traseul-a-cinci-linii-de-autobuz-pana-pe-14-septembrie\/\">Unforgettable Festival modific\u0103 traseul a cinci linii de autobuz, p\u00e2n\u0103 pe 14 septembrie<\/a><\/p>\n\n\n\n<p><\/p>\n","protected":false},"excerpt":{"rendered":"<p>Cea de-a 16-a edi\u021bie a proiectului Cinema \u00een Aer Liber ajunge la final, s\u0103pt\u0103m\u00e2na aceasta, 9 \u2013 14 septembrie, cu alte proiec\u021bii \u00een Parcul Titan, din Sectorul 3. Filmele ruleaz\u0103 pe Insula Artelor. Cinema \u00een Aer Liber 9 \u2013 14 septembrie Miercuri, 10 septembrie, ora 20:00. Va fi proiectat timpul \u201e\u00cen afara timpului\u201d (2025), regia [&hellip;]<\/p>\n","protected":false},"author":1,"featured_media":147376,"comment_status":"closed","ping_status":"open","sticky":false,"template":"","format":"standard","meta":{"_acf_changed":false,"inline_featured_image":false,"ngg_post_thumbnail":0,"footnotes":""},"categories":[6994,81,62],"tags":[6652,21151,6455,440],"ppma_author":[22583],"class_list":["post-147315","post","type-post","status-publish","format-standard","has-post-thumbnail","hentry","category-stiri-2","category-cultura","category-stiri","tag-cinema-in-aer-liber","tag-insula-artelor","tag-parcul-titan","tag-sector-3"],"acf":[],"yoast_head":"<!-- This site is optimized with the Yoast SEO Premium plugin v25.3 (Yoast SEO v27.5) - https:\/\/yoast.com\/product\/yoast-seo-premium-wordpress\/ -->\n<title>Ultima s\u0103pt\u0103m\u00e2n\u0103 cu Cinema \u00een Aer Liber, \u00een Parcul Titan - Buletin de Bucure\u0219ti<\/title>\n<meta name=\"description\" content=\"Cea de-a 16-a edi\u021bie a proiectului Cinema \u00een Aer Liber ajunge la final, s\u0103pt\u0103m\u00e2na aceasta, 9 \u2013 14 septembrie, \u00een Parcul Titan.\" \/>\n<meta name=\"robots\" content=\"index, follow, max-snippet:-1, max-image-preview:large, max-video-preview:-1\" \/>\n<link rel=\"canonical\" href=\"https:\/\/buletin.de\/bucuresti\/ultima-saptamana-cu-cinema-in-aer-liber-in-parcul-titan\/\" \/>\n<meta property=\"og:locale\" content=\"en_GB\" \/>\n<meta property=\"og:type\" content=\"article\" \/>\n<meta property=\"og:title\" content=\"Ultima s\u0103pt\u0103m\u00e2n\u0103 cu Cinema \u00een Aer Liber, \u00een Parcul Titan\" \/>\n<meta property=\"og:description\" content=\"Cea de-a 16-a edi\u021bie a proiectului Cinema \u00een Aer Liber ajunge la final, s\u0103pt\u0103m\u00e2na aceasta, 9 \u2013 14 septembrie, \u00een Parcul Titan.\" \/>\n<meta property=\"og:url\" content=\"https:\/\/buletin.de\/bucuresti\/ultima-saptamana-cu-cinema-in-aer-liber-in-parcul-titan\/\" \/>\n<meta property=\"og:site_name\" content=\"Buletin de Bucure\u0219ti\" \/>\n<meta property=\"article:publisher\" content=\"https:\/\/www.facebook.com\/buletin.de.buc\" \/>\n<meta property=\"article:published_time\" content=\"2025-09-10T05:53:45+00:00\" \/>\n<meta property=\"article:modified_time\" content=\"2025-09-10T05:53:46+00:00\" \/>\n<meta property=\"og:image\" content=\"https:\/\/buletin.de\/bucuresti\/wp-content\/uploads\/2025\/09\/cinema-in-aer-liber.jpeg\" \/>\n\t<meta property=\"og:image:width\" content=\"1536\" \/>\n\t<meta property=\"og:image:height\" content=\"2048\" \/>\n\t<meta property=\"og:image:type\" content=\"image\/jpeg\" \/>\n<meta name=\"author\" content=\"Redac\u021bia Buletin de Bucure\u0219ti\" \/>\n<meta name=\"twitter:card\" content=\"summary_large_image\" \/>\n<meta name=\"twitter:label1\" content=\"Written by\" \/>\n\t<meta name=\"twitter:data1\" content=\"Redac\u021bia Buletin de Bucure\u0219ti\" \/>\n\t<meta name=\"twitter:label2\" content=\"Estimated reading time\" \/>\n\t<meta name=\"twitter:data2\" content=\"3 minutes\" \/>\n<script type=\"application\/ld+json\" class=\"yoast-schema-graph\">{\"@context\":\"https:\\\/\\\/schema.org\",\"@graph\":[{\"@type\":\"Article\",\"@id\":\"https:\\\/\\\/buletin.de\\\/bucuresti\\\/ultima-saptamana-cu-cinema-in-aer-liber-in-parcul-titan\\\/#article\",\"isPartOf\":{\"@id\":\"https:\\\/\\\/buletin.de\\\/bucuresti\\\/ultima-saptamana-cu-cinema-in-aer-liber-in-parcul-titan\\\/\"},\"author\":{\"name\":\"Redac\u021bia Buletin de Bucure\u0219ti\",\"@id\":\"https:\\\/\\\/buletin.de\\\/bucuresti\\\/#\\\/schema\\\/person\\\/2bbcf854e5f2419a13804af574d06ab1\"},\"headline\":\"Ultima s\u0103pt\u0103m\u00e2n\u0103 cu Cinema \u00een Aer Liber, \u00een Parcul Titan\",\"datePublished\":\"2025-09-10T05:53:45+00:00\",\"dateModified\":\"2025-09-10T05:53:46+00:00\",\"mainEntityOfPage\":{\"@id\":\"https:\\\/\\\/buletin.de\\\/bucuresti\\\/ultima-saptamana-cu-cinema-in-aer-liber-in-parcul-titan\\\/\"},\"wordCount\":418,\"publisher\":{\"@id\":\"https:\\\/\\\/buletin.de\\\/bucuresti\\\/#organization\"},\"image\":{\"@id\":\"https:\\\/\\\/buletin.de\\\/bucuresti\\\/ultima-saptamana-cu-cinema-in-aer-liber-in-parcul-titan\\\/#primaryimage\"},\"thumbnailUrl\":\"https:\\\/\\\/buletin.de\\\/bucuresti\\\/wp-content\\\/uploads\\\/2025\\\/09\\\/cinema-in-aer-liber.jpeg\",\"keywords\":[\"cinema in aer liber\",\"Insula Artelor\",\"parcul titan\",\"Sector 3\"],\"articleSection\":[\"Articole\",\"Cultur\u0103\",\"\u0218tiri\"],\"inLanguage\":\"en-GB\",\"copyrightYear\":\"2025\",\"copyrightHolder\":{\"@id\":\"https:\\\/\\\/buletin.de\\\/bucuresti\\\/#organization\"}},{\"@type\":\"WebPage\",\"@id\":\"https:\\\/\\\/buletin.de\\\/bucuresti\\\/ultima-saptamana-cu-cinema-in-aer-liber-in-parcul-titan\\\/\",\"url\":\"https:\\\/\\\/buletin.de\\\/bucuresti\\\/ultima-saptamana-cu-cinema-in-aer-liber-in-parcul-titan\\\/\",\"name\":\"Ultima s\u0103pt\u0103m\u00e2n\u0103 cu Cinema \u00een Aer Liber, \u00een Parcul Titan - Buletin de Bucure\u0219ti\",\"isPartOf\":{\"@id\":\"https:\\\/\\\/buletin.de\\\/bucuresti\\\/#website\"},\"primaryImageOfPage\":{\"@id\":\"https:\\\/\\\/buletin.de\\\/bucuresti\\\/ultima-saptamana-cu-cinema-in-aer-liber-in-parcul-titan\\\/#primaryimage\"},\"image\":{\"@id\":\"https:\\\/\\\/buletin.de\\\/bucuresti\\\/ultima-saptamana-cu-cinema-in-aer-liber-in-parcul-titan\\\/#primaryimage\"},\"thumbnailUrl\":\"https:\\\/\\\/buletin.de\\\/bucuresti\\\/wp-content\\\/uploads\\\/2025\\\/09\\\/cinema-in-aer-liber.jpeg\",\"datePublished\":\"2025-09-10T05:53:45+00:00\",\"dateModified\":\"2025-09-10T05:53:46+00:00\",\"description\":\"Cea de-a 16-a edi\u021bie a proiectului Cinema \u00een Aer Liber ajunge la final, s\u0103pt\u0103m\u00e2na aceasta, 9 \u2013 14 septembrie, \u00een Parcul Titan.\",\"breadcrumb\":{\"@id\":\"https:\\\/\\\/buletin.de\\\/bucuresti\\\/ultima-saptamana-cu-cinema-in-aer-liber-in-parcul-titan\\\/#breadcrumb\"},\"inLanguage\":\"en-GB\",\"potentialAction\":[{\"@type\":\"ReadAction\",\"target\":[\"https:\\\/\\\/buletin.de\\\/bucuresti\\\/ultima-saptamana-cu-cinema-in-aer-liber-in-parcul-titan\\\/\"]}]},{\"@type\":\"ImageObject\",\"inLanguage\":\"en-GB\",\"@id\":\"https:\\\/\\\/buletin.de\\\/bucuresti\\\/ultima-saptamana-cu-cinema-in-aer-liber-in-parcul-titan\\\/#primaryimage\",\"url\":\"https:\\\/\\\/buletin.de\\\/bucuresti\\\/wp-content\\\/uploads\\\/2025\\\/09\\\/cinema-in-aer-liber.jpeg\",\"contentUrl\":\"https:\\\/\\\/buletin.de\\\/bucuresti\\\/wp-content\\\/uploads\\\/2025\\\/09\\\/cinema-in-aer-liber.jpeg\",\"width\":1536,\"height\":2048,\"caption\":\"Ultima s\u0103pt\u0103m\u00e2n\u0103 cu Cinema \u00een Aer Liber, \u00een Parcul Titan. FOTO: Arhiva\"},{\"@type\":\"BreadcrumbList\",\"@id\":\"https:\\\/\\\/buletin.de\\\/bucuresti\\\/ultima-saptamana-cu-cinema-in-aer-liber-in-parcul-titan\\\/#breadcrumb\",\"itemListElement\":[{\"@type\":\"ListItem\",\"position\":1,\"name\":\"Acas\u0103\",\"item\":\"https:\\\/\\\/buletin.de\\\/bucuresti\\\/\"},{\"@type\":\"ListItem\",\"position\":2,\"name\":\"Ultima s\u0103pt\u0103m\u00e2n\u0103 cu Cinema \u00een Aer Liber, \u00een Parcul Titan\"}]},{\"@type\":\"WebSite\",\"@id\":\"https:\\\/\\\/buletin.de\\\/bucuresti\\\/#website\",\"url\":\"https:\\\/\\\/buletin.de\\\/bucuresti\\\/\",\"name\":\"Buletin de Bucure\u0219ti\",\"description\":\"\u0218tiri \u0219i investiga\u021bii esen\u021biale din capital\u0103\",\"publisher\":{\"@id\":\"https:\\\/\\\/buletin.de\\\/bucuresti\\\/#organization\"},\"potentialAction\":[{\"@type\":\"SearchAction\",\"target\":{\"@type\":\"EntryPoint\",\"urlTemplate\":\"https:\\\/\\\/buletin.de\\\/bucuresti\\\/?s={search_term_string}\"},\"query-input\":{\"@type\":\"PropertyValueSpecification\",\"valueRequired\":true,\"valueName\":\"search_term_string\"}}],\"inLanguage\":\"en-GB\"},{\"@type\":\"Organization\",\"@id\":\"https:\\\/\\\/buletin.de\\\/bucuresti\\\/#organization\",\"name\":\"Buletin de Bucure\u0219ti\",\"url\":\"https:\\\/\\\/buletin.de\\\/bucuresti\\\/\",\"logo\":{\"@type\":\"ImageObject\",\"inLanguage\":\"en-GB\",\"@id\":\"https:\\\/\\\/buletin.de\\\/bucuresti\\\/#\\\/schema\\\/logo\\\/image\\\/\",\"url\":\"https:\\\/\\\/buletin.de\\\/bucuresti\\\/wp-content\\\/uploads\\\/logo-bdb-full-wide-vernil-transparent.png\",\"contentUrl\":\"https:\\\/\\\/buletin.de\\\/bucuresti\\\/wp-content\\\/uploads\\\/logo-bdb-full-wide-vernil-transparent.png\",\"width\":1782,\"height\":626,\"caption\":\"Buletin de Bucure\u0219ti\"},\"image\":{\"@id\":\"https:\\\/\\\/buletin.de\\\/bucuresti\\\/#\\\/schema\\\/logo\\\/image\\\/\"},\"sameAs\":[\"https:\\\/\\\/www.facebook.com\\\/buletin.de.buc\",\"https:\\\/\\\/www.instagram.com\\\/buletinde.bucuresti\\\/\"]},{\"@type\":\"Person\",\"@id\":\"https:\\\/\\\/buletin.de\\\/bucuresti\\\/#\\\/schema\\\/person\\\/2bbcf854e5f2419a13804af574d06ab1\",\"name\":\"Redac\u021bia Buletin de Bucure\u0219ti\",\"image\":{\"@type\":\"ImageObject\",\"inLanguage\":\"en-GB\",\"@id\":\"https:\\\/\\\/secure.gravatar.com\\\/avatar\\\/18c5342381ed1a08620e6280424e3e5efc958618f5d67c522c9e44c1bc6f9226?s=96&d=monsterid&r=g60c7cd0ad92c68c049fcd4bb3504d609\",\"url\":\"https:\\\/\\\/secure.gravatar.com\\\/avatar\\\/18c5342381ed1a08620e6280424e3e5efc958618f5d67c522c9e44c1bc6f9226?s=96&d=monsterid&r=g\",\"contentUrl\":\"https:\\\/\\\/secure.gravatar.com\\\/avatar\\\/18c5342381ed1a08620e6280424e3e5efc958618f5d67c522c9e44c1bc6f9226?s=96&d=monsterid&r=g\",\"caption\":\"Redac\u021bia Buletin de Bucure\u0219ti\"},\"description\":\"Buletin de Bucure\u0219ti exist\u0103 din vara anului 2019.\",\"url\":\"https:\\\/\\\/buletin.de\\\/bucuresti\\\/author\\\/adminbuletin\\\/\"}]}<\/script>\n<!-- \/ Yoast SEO Premium plugin. -->","yoast_head_json":{"title":"Ultima s\u0103pt\u0103m\u00e2n\u0103 cu Cinema \u00een Aer Liber, \u00een Parcul Titan - Buletin de Bucure\u0219ti","description":"Cea de-a 16-a edi\u021bie a proiectului Cinema \u00een Aer Liber ajunge la final, s\u0103pt\u0103m\u00e2na aceasta, 9 \u2013 14 septembrie, \u00een Parcul Titan.","robots":{"index":"index","follow":"follow","max-snippet":"max-snippet:-1","max-image-preview":"max-image-preview:large","max-video-preview":"max-video-preview:-1"},"canonical":"https:\/\/buletin.de\/bucuresti\/ultima-saptamana-cu-cinema-in-aer-liber-in-parcul-titan\/","og_locale":"en_GB","og_type":"article","og_title":"Ultima s\u0103pt\u0103m\u00e2n\u0103 cu Cinema \u00een Aer Liber, \u00een Parcul Titan","og_description":"Cea de-a 16-a edi\u021bie a proiectului Cinema \u00een Aer Liber ajunge la final, s\u0103pt\u0103m\u00e2na aceasta, 9 \u2013 14 septembrie, \u00een Parcul Titan.","og_url":"https:\/\/buletin.de\/bucuresti\/ultima-saptamana-cu-cinema-in-aer-liber-in-parcul-titan\/","og_site_name":"Buletin de Bucure\u0219ti","article_publisher":"https:\/\/www.facebook.com\/buletin.de.buc","article_published_time":"2025-09-10T05:53:45+00:00","article_modified_time":"2025-09-10T05:53:46+00:00","og_image":[{"width":1536,"height":2048,"url":"https:\/\/buletin.de\/bucuresti\/wp-content\/uploads\/2025\/09\/cinema-in-aer-liber.jpeg","type":"image\/jpeg"}],"author":"Redac\u021bia Buletin de Bucure\u0219ti","twitter_card":"summary_large_image","twitter_misc":{"Written by":"Redac\u021bia Buletin de Bucure\u0219ti","Estimated reading time":"3 minutes"},"schema":{"@context":"https:\/\/schema.org","@graph":[{"@type":"Article","@id":"https:\/\/buletin.de\/bucuresti\/ultima-saptamana-cu-cinema-in-aer-liber-in-parcul-titan\/#article","isPartOf":{"@id":"https:\/\/buletin.de\/bucuresti\/ultima-saptamana-cu-cinema-in-aer-liber-in-parcul-titan\/"},"author":{"name":"Redac\u021bia Buletin de Bucure\u0219ti","@id":"https:\/\/buletin.de\/bucuresti\/#\/schema\/person\/2bbcf854e5f2419a13804af574d06ab1"},"headline":"Ultima s\u0103pt\u0103m\u00e2n\u0103 cu Cinema \u00een Aer Liber, \u00een Parcul Titan","datePublished":"2025-09-10T05:53:45+00:00","dateModified":"2025-09-10T05:53:46+00:00","mainEntityOfPage":{"@id":"https:\/\/buletin.de\/bucuresti\/ultima-saptamana-cu-cinema-in-aer-liber-in-parcul-titan\/"},"wordCount":418,"publisher":{"@id":"https:\/\/buletin.de\/bucuresti\/#organization"},"image":{"@id":"https:\/\/buletin.de\/bucuresti\/ultima-saptamana-cu-cinema-in-aer-liber-in-parcul-titan\/#primaryimage"},"thumbnailUrl":"https:\/\/buletin.de\/bucuresti\/wp-content\/uploads\/2025\/09\/cinema-in-aer-liber.jpeg","keywords":["cinema in aer liber","Insula Artelor","parcul titan","Sector 3"],"articleSection":["Articole","Cultur\u0103","\u0218tiri"],"inLanguage":"en-GB","copyrightYear":"2025","copyrightHolder":{"@id":"https:\/\/buletin.de\/bucuresti\/#organization"}},{"@type":"WebPage","@id":"https:\/\/buletin.de\/bucuresti\/ultima-saptamana-cu-cinema-in-aer-liber-in-parcul-titan\/","url":"https:\/\/buletin.de\/bucuresti\/ultima-saptamana-cu-cinema-in-aer-liber-in-parcul-titan\/","name":"Ultima s\u0103pt\u0103m\u00e2n\u0103 cu Cinema \u00een Aer Liber, \u00een Parcul Titan - Buletin de Bucure\u0219ti","isPartOf":{"@id":"https:\/\/buletin.de\/bucuresti\/#website"},"primaryImageOfPage":{"@id":"https:\/\/buletin.de\/bucuresti\/ultima-saptamana-cu-cinema-in-aer-liber-in-parcul-titan\/#primaryimage"},"image":{"@id":"https:\/\/buletin.de\/bucuresti\/ultima-saptamana-cu-cinema-in-aer-liber-in-parcul-titan\/#primaryimage"},"thumbnailUrl":"https:\/\/buletin.de\/bucuresti\/wp-content\/uploads\/2025\/09\/cinema-in-aer-liber.jpeg","datePublished":"2025-09-10T05:53:45+00:00","dateModified":"2025-09-10T05:53:46+00:00","description":"Cea de-a 16-a edi\u021bie a proiectului Cinema \u00een Aer Liber ajunge la final, s\u0103pt\u0103m\u00e2na aceasta, 9 \u2013 14 septembrie, \u00een Parcul Titan.","breadcrumb":{"@id":"https:\/\/buletin.de\/bucuresti\/ultima-saptamana-cu-cinema-in-aer-liber-in-parcul-titan\/#breadcrumb"},"inLanguage":"en-GB","potentialAction":[{"@type":"ReadAction","target":["https:\/\/buletin.de\/bucuresti\/ultima-saptamana-cu-cinema-in-aer-liber-in-parcul-titan\/"]}]},{"@type":"ImageObject","inLanguage":"en-GB","@id":"https:\/\/buletin.de\/bucuresti\/ultima-saptamana-cu-cinema-in-aer-liber-in-parcul-titan\/#primaryimage","url":"https:\/\/buletin.de\/bucuresti\/wp-content\/uploads\/2025\/09\/cinema-in-aer-liber.jpeg","contentUrl":"https:\/\/buletin.de\/bucuresti\/wp-content\/uploads\/2025\/09\/cinema-in-aer-liber.jpeg","width":1536,"height":2048,"caption":"Ultima s\u0103pt\u0103m\u00e2n\u0103 cu Cinema \u00een Aer Liber, \u00een Parcul Titan. FOTO: Arhiva"},{"@type":"BreadcrumbList","@id":"https:\/\/buletin.de\/bucuresti\/ultima-saptamana-cu-cinema-in-aer-liber-in-parcul-titan\/#breadcrumb","itemListElement":[{"@type":"ListItem","position":1,"name":"Acas\u0103","item":"https:\/\/buletin.de\/bucuresti\/"},{"@type":"ListItem","position":2,"name":"Ultima s\u0103pt\u0103m\u00e2n\u0103 cu Cinema \u00een Aer Liber, \u00een Parcul Titan"}]},{"@type":"WebSite","@id":"https:\/\/buletin.de\/bucuresti\/#website","url":"https:\/\/buletin.de\/bucuresti\/","name":"Buletin de Bucure\u0219ti","description":"\u0218tiri \u0219i investiga\u021bii esen\u021biale din capital\u0103","publisher":{"@id":"https:\/\/buletin.de\/bucuresti\/#organization"},"potentialAction":[{"@type":"SearchAction","target":{"@type":"EntryPoint","urlTemplate":"https:\/\/buletin.de\/bucuresti\/?s={search_term_string}"},"query-input":{"@type":"PropertyValueSpecification","valueRequired":true,"valueName":"search_term_string"}}],"inLanguage":"en-GB"},{"@type":"Organization","@id":"https:\/\/buletin.de\/bucuresti\/#organization","name":"Buletin de Bucure\u0219ti","url":"https:\/\/buletin.de\/bucuresti\/","logo":{"@type":"ImageObject","inLanguage":"en-GB","@id":"https:\/\/buletin.de\/bucuresti\/#\/schema\/logo\/image\/","url":"https:\/\/buletin.de\/bucuresti\/wp-content\/uploads\/logo-bdb-full-wide-vernil-transparent.png","contentUrl":"https:\/\/buletin.de\/bucuresti\/wp-content\/uploads\/logo-bdb-full-wide-vernil-transparent.png","width":1782,"height":626,"caption":"Buletin de Bucure\u0219ti"},"image":{"@id":"https:\/\/buletin.de\/bucuresti\/#\/schema\/logo\/image\/"},"sameAs":["https:\/\/www.facebook.com\/buletin.de.buc","https:\/\/www.instagram.com\/buletinde.bucuresti\/"]},{"@type":"Person","@id":"https:\/\/buletin.de\/bucuresti\/#\/schema\/person\/2bbcf854e5f2419a13804af574d06ab1","name":"Redac\u021bia Buletin de Bucure\u0219ti","image":{"@type":"ImageObject","inLanguage":"en-GB","@id":"https:\/\/secure.gravatar.com\/avatar\/18c5342381ed1a08620e6280424e3e5efc958618f5d67c522c9e44c1bc6f9226?s=96&d=monsterid&r=g60c7cd0ad92c68c049fcd4bb3504d609","url":"https:\/\/secure.gravatar.com\/avatar\/18c5342381ed1a08620e6280424e3e5efc958618f5d67c522c9e44c1bc6f9226?s=96&d=monsterid&r=g","contentUrl":"https:\/\/secure.gravatar.com\/avatar\/18c5342381ed1a08620e6280424e3e5efc958618f5d67c522c9e44c1bc6f9226?s=96&d=monsterid&r=g","caption":"Redac\u021bia Buletin de Bucure\u0219ti"},"description":"Buletin de Bucure\u0219ti exist\u0103 din vara anului 2019.","url":"https:\/\/buletin.de\/bucuresti\/author\/adminbuletin\/"}]}},"authors":[{"term_id":22583,"user_id":1,"is_guest":0,"slug":"adminbuletin","display_name":"Redac\u021bia Buletin de Bucure\u0219ti","avatar_url":"https:\/\/secure.gravatar.com\/avatar\/18c5342381ed1a08620e6280424e3e5efc958618f5d67c522c9e44c1bc6f9226?s=96&d=monsterid&r=g","0":null,"1":"","2":"","3":"","4":"","5":"","6":"","7":"","8":""}],"_links":{"self":[{"href":"https:\/\/buletin.de\/bucuresti\/wp-json\/wp\/v2\/posts\/147315","targetHints":{"allow":["GET"]}}],"collection":[{"href":"https:\/\/buletin.de\/bucuresti\/wp-json\/wp\/v2\/posts"}],"about":[{"href":"https:\/\/buletin.de\/bucuresti\/wp-json\/wp\/v2\/types\/post"}],"author":[{"embeddable":true,"href":"https:\/\/buletin.de\/bucuresti\/wp-json\/wp\/v2\/users\/1"}],"replies":[{"embeddable":true,"href":"https:\/\/buletin.de\/bucuresti\/wp-json\/wp\/v2\/comments?post=147315"}],"version-history":[{"count":3,"href":"https:\/\/buletin.de\/bucuresti\/wp-json\/wp\/v2\/posts\/147315\/revisions"}],"predecessor-version":[{"id":147377,"href":"https:\/\/buletin.de\/bucuresti\/wp-json\/wp\/v2\/posts\/147315\/revisions\/147377"}],"wp:featuredmedia":[{"embeddable":true,"href":"https:\/\/buletin.de\/bucuresti\/wp-json\/wp\/v2\/media\/147376"}],"wp:attachment":[{"href":"https:\/\/buletin.de\/bucuresti\/wp-json\/wp\/v2\/media?parent=147315"}],"wp:term":[{"taxonomy":"category","embeddable":true,"href":"https:\/\/buletin.de\/bucuresti\/wp-json\/wp\/v2\/categories?post=147315"},{"taxonomy":"post_tag","embeddable":true,"href":"https:\/\/buletin.de\/bucuresti\/wp-json\/wp\/v2\/tags?post=147315"},{"taxonomy":"author","embeddable":true,"href":"https:\/\/buletin.de\/bucuresti\/wp-json\/wp\/v2\/ppma_author?post=147315"}],"curies":[{"name":"wp","href":"https:\/\/api.w.org\/{rel}","templated":true}]}}