{"id":1469,"date":"2019-10-02T18:36:54","date_gmt":"2019-10-02T15:36:54","guid":{"rendered":"https:\/\/buletin.de\/bucuresti\/?p=1469"},"modified":"2019-10-02T18:36:54","modified_gmt":"2019-10-02T15:36:54","slug":"marea-camarila-sotul-directoarei-centrului-de-traditie-arta-si-cultura-creart","status":"publish","type":"post","link":"https:\/\/buletin.de\/bucuresti\/marea-camarila-sotul-directoarei-centrului-de-traditie-arta-si-cultura-creart\/","title":{"rendered":"Marea camaril\u0103: Azi, so\u021bul directoarei Centrului de Tradi\u021bie, Art\u0103 \u0219i Cultur\u0103 &#8211; Creart"},"content":{"rendered":"\n<p><em>So\u021bul directoarei de la Creart, Nicoleta Claudia Popa &#8211; Radu Dan Septimiu Popa, este un personaj cu multe leg\u0103turi, fost angajat la stat sau la firma \u0219efei so\u021biei, care a fost condamnat pentru c\u0103 \u0219i-a cump\u0103rat fotoliu de masaj din banii statului \u0219i care pe perioada procesului a fost angajat pe un loc c\u0103ldu\u021b, consilier la ELCEN, firm\u0103 care trebuie s\u0103 se asigure c\u0103 bucure\u0219tenii au c\u0103ldur\u0103.&nbsp;<\/em><\/p>\n\n\n\n<p>Centrul de Crea\u021bie, Art\u0103 \u0219i Tradi\u021bie al Municipiului Bucure\u0219ti, Creart, institu\u021bie din subordinea prim\u0103riei condus\u0103 de Gabriela Firea este condus de Nicoleta Claudia Popa. So\u021bul acesteia, <strong>Radu Dan Septimiu Popa<\/strong>, fost responsabil peste parcurile din Capital\u0103 \u00een mandatul lui Sorin Oprescu, a fost angajat <em>\u201econsilier personal\u201d<\/em> la Electrocentrale Bucure\u0219ti, \u00eentreprindere care asigur\u0103 \u00eenc\u0103lzirea locuin\u021belor din Bucure\u0219ti \u0219i aflat\u0103 \u00een insolven\u021b\u0103 de mai mul\u021bi ani, din cauza datoriilor imense. Cu c\u00e2teva zile \u00eenainte de decizia definitiv\u0103, Popa a plecat din func\u021bie, el fiind condamnat definitiv cu suspendare pentru delapidare.<\/p>\n\n\n\n<p>Conform declara\u021biei de avere din 2018, ex-director al Administra\u021biei Lacuri Parcuri Bucure\u015fti (ALPAB) \u00een mandatul lui Sorin Oprescu a \u00eencasat <strong>62.812 lei pentru activitate de \u201econsiliere\u201d.<\/strong><\/p>\n\n\n\n<p>Am \u00eentrebat Elcen pe cine consiliaz\u0103 so\u021bul directoarei Creart \u0219i care este fi\u0219a postului ocupat de acesta. \u00cen loc r\u0103spuns, compania din subordinea statului ne-a transmis printr-un mesaj nesemnat c\u0103 Popa \u201enu mai este salariat al Electrocentrale Bucure\u0219ti din 18 ianuarie 2018\u201d. Potrivit ELCEN, Popa a plecat din func\u021bie cu 13 zile \u00eenainte de sentin\u021ba definitiv\u0103.<\/p>\n\n\n\n<h2 class=\"wp-block-heading\">Condamnare definitiv\u0103<\/h2>\n\n\n\n<p>Pe 1 februarie 2018, Curtea de Apel Bucure\u0219ti a decis, definitiv, ca Radu Popa s\u0103 fie condamnat la doi ani de \u00eenchisoare cu suspendare pentru delapidare. Ini\u021bial, instan\u021ba de fond, adic\u0103 Judec\u0103toria Sectorului 5, l-a condamnat pe Popa, pe 6 mai 2016, la doi ani \u0219i jum\u0103tate de \u00eenchisoare cu suspendare \u0219i o munc\u0103 neremunerat\u0103 \u00een folosul comunit\u0103\u0163ii, pe o perioad\u0103 de 90 de zile lucr\u0103toare, \u00een cadrul Direc\u021biei Generale de Asisten\u021b\u0103 Social\u0103 \u0219i Protec\u021bie a Copilului Sector 4. Potrivit portalului instan\u021belor de judecat\u0103, consilierul Popa a plecat din func\u021bie sau a fost demis \u00een timp ce a\u0219tepta decizia definitiv\u0103, aceasta fiind am\u00e2nat\u0103 de dou\u0103 ori.<\/p>\n\n\n\n<p>Conform motiv\u0103rii instan\u021bei, pe c\u00e2nd acesta ocupa func\u021bia de director al Bursei de M\u0103rfuri Bucure\u0219ti \u201dfolosindu-se de \u00eenscrisuri false, \u0219i-a \u00eensu\u0219it \u0219i traficat pentru sine \u0219i pentru altul, bani \u0219i bunuri pe care le administra, cre\u00e2nd un prejudiciu \u00een dauna societ\u0103\u021bilor BRM S.A. \u00een valoare total\u0103 de 219.539,80 lei din care s-a recuperat suma de 24.800 lei\u201d.<\/p>\n\n\n\n<h2 class=\"wp-block-heading\">G\u0103in\u0103riile directorului<\/h2>\n\n\n\n<p>Ce a f\u0103cut consilierul Popa? Procurorii spun c\u0103 \u00een 2007 a pl\u0103tit unei firme 107.000 de lei pentru a face cur\u0103\u021benie \u00een sediul Bursei de M\u0103rfuri. Doar c\u0103, societatea care ap\u0103rea \u00een contabilitate c\u0103 a \u00eencasat banii nu a prestat niciodat\u0103 un astfel de serviciu pentru BRM.<\/p>\n\n\n\n<p>Apoi, \u00een 2008, Popa a pl\u0103tit unei asocia\u021bii \u0219i unei firme 12.000 de lei cu titlul \u201dcontravaloare curs Washington\u201d, unde trebuia s\u0103 participe cu un amic la o conferin\u021b\u0103 de \u201dstrategie \u0219i securitate na\u021bional\u0103\u201d. Cazarea a costat 9.300 de lei pentru cei doi. \u201dInstan\u021ba a mai a avut \u00een vedere faptul c\u0103 seminarul organizat de societatea amintit\u0103 a avut loc la Washington \u00een perioada 22-26.09.2008, iar serviciile achizi\u021bionate de la agen\u021bia de turism au avut \u00een vedere perioada 14-18.09.2008 cu cazare la New York\u201d, se arat\u0103 \u00een motivarea instan\u021bei.<\/p>\n\n\n\n<p>\u00cen alt caz, \u00een vara lui 2008, Popa a pl\u0103tit din contul BRM 9600 de lei pentru un fotoliu de masaj pe care l-a ridicat personal din magazin. \u00cen contabilitate a justificat cu un referat \u0219i o anex\u0103 \u201dmobilier birouri\u201d. \u201dInstan\u021ba a re\u021binut c\u0103 inculpatul, \u00een calitate de pre\u0219edinte \u2013 director general al BRM S.A., a dispus, din contul persoanei v\u0103t\u0103mate BRM S.A., plata sumei de 9608,06 de lei reprezent\u00e2nd contravaloarea unui fotoliu de masaj model SL-A11B, pe care l-a ridicat personal de la sediul furnizorului, f\u0103r\u0103 a-l \u00eenregistra \u00een inventarul BRM\u201d, se arat\u0103 \u00een motivarea instan\u021bei.<\/p>\n\n\n\n<h2 class=\"wp-block-heading\">Nabab pe banii Bursei<\/h2>\n\n\n\n<p>O opera\u021bie estetic\u0103 a unei apropiate a fost decontat\u0103 tot BRM, la cererea lui Popa, dar cabinetul medical a returnat banii. \u00cen acela\u0219i an, Popa a pl\u0103tit din contul BRM 16.000 de lei pentru un laptop \u0219i un televizor LCD, produse pe care le-a ridicat personal din magazin \u0219i nu le-a predat Bursei de M\u0103rfuri.<\/p>\n\n\n\n<p>Un alt cap\u0103t de acuzare prive\u0219te decontarea unui semniar la Costine\u0219ti care a fost pl\u0103tit tot din banii institu\u021biei cu 7000 de lei, pentru patru persoane. Doi dintre participan\u021bi nu erau angaja\u021bii Bursei de M\u0103rfuri, ci fiul concubinei lui Popa \u0219i prietena acestuia.<\/p>\n\n\n\n<h2 class=\"wp-block-heading\">Avere de director \u00een prim\u0103rie<\/h2>\n\n\n\n<p>Averea lui Popa este impresionant\u0103. Conform declara\u021biei de avere a so\u021biei, depus\u0103 \u00een iunie 2018 \u0219i aferent\u0103 veniturilor pe 2017, familia Popa de\u021binea trei apartamente din care dou\u0103 \u00een Bucure\u0219ti, bijuterii, ceasuri \u0219i tablouri \u00een valoare de 59.000 de euro, iar so\u021bul \u0219i-ar fi \u00eemprumutat rudele cu 100.000 de euro. \u00cen 2017, Radu Popa a c\u00e2\u0219tigat 28.000 de lei de la Career&amp;Profesional Work SRL dup\u0103 ce a consiliat firma \u0219i 62.000 de lei de la Electrocentrale. So\u021bia sa, Nicoleta Claudia a \u00eencasat \u00een 2017 103.000 de lei de la Creart \u0219i 22.400 de lei de la Teatrul Ion Creang\u0103 unde este consilier juridic.<\/p>\n\n\n\n<p>Career&amp;Profesional Worl SRL este de\u021binut\u0103 de Florentina Daniela Iordache, directoarea adjunct\u0103 a Teatrului \u021a\u0103nd\u0103ric\u0103. Buletin de Bucure\u0219ti<a href=\"https:\/\/buletin.de\/bucuresti\/contracte-de-12-milioane-de-euro-pentru-firma-directoarei-adjuncte-de-la-institutia-pe-care-o-conduce\/\"> a dezv\u0103luit<\/a> c\u0103 firma Danielei Iordache a \u00eencasat aproape 1,3 milioane de euro \u00een 2015 de la Centrul de Crea\u021bie, Tradi\u021bie \u0219i Art\u0103 al Municipiului Bucure\u0219ti (CREART), Teatrul Ion Creang\u0103 \u0219i Teatrul de Anima\u021bie \u021a\u0103nd\u0103ric\u0103. Iordache a primit contracte de la acelea\u0219i institu\u021bii \u0219i pe Persoan\u0103 Fizic\u0103 Autorizat\u0103 \u0219i c\u0103 la firma sa, a angajat mai mul\u021bi colegi, \u0219efi din institu\u021biile publice de la care primea contracte sau rude ale acestora.&nbsp;<\/p>\n\n\n\n<p>Radu Popa nu a putut fi contactat pentru a explica pe cine anume din Elcen a consiliat \u0219i cine l-a angajat \u00een compania de stat.<\/p>\n\n\n\n<p>ELCEN este o companie&nbsp; a statului, ac\u021biunile fiind de\u021binute de ministerul Economiei. Societatea se afl\u0103 \u00een procedur\u0103 de insolven\u021b\u0103. Potrivit datelor ANAF, ELCEN avea la sf\u00e2r\u0219itul anului trecut datorii la stat \u00een valoare de 830 de milioane de lei. Rela\u021bia prim\u0103riei Capitalei cu Elcen este una special\u0103. Astfel, prim\u0103ria Bucure\u015fti nu a pl\u0103tit de ani de zile subven\u0163ia c\u0103tre Regia Autonoma de Distributie a Energiei Termice (RADET), principalul furnizor de ap\u0103 cald\u0103 \u0219i \u00eenc\u0103lzire \u00een sistem centralizat RADET, astfel \u00eenc\u00e2t crean\u0163ele curente ne\u00eencasate de ELCEN au ajuns la 217,5 milioane lei.&nbsp;<\/p>\n\n\n\n<p><em>Reporter: Virgil Burl\u0103<br>Editor: Oana Despa<\/em><\/p>\n","protected":false},"excerpt":{"rendered":"<p>So\u021bul directoarei de la Creart, Nicoleta Claudia Popa &#8211; Radu Dan Septimiu Popa, este un personaj cu multe leg\u0103turi, fost angajat la stat sau la firma \u0219efei so\u021biei, care a fost condamnat pentru c\u0103 \u0219i-a cump\u0103rat fotoliu de masaj din banii statului \u0219i care pe perioada procesului a fost angajat pe un loc c\u0103ldu\u021b, consilier [&hellip;]<\/p>\n","protected":false},"author":1,"featured_media":1472,"comment_status":"closed","ping_status":"open","sticky":false,"template":"","format":"standard","meta":{"_acf_changed":false,"inline_featured_image":false,"ngg_post_thumbnail":0,"footnotes":""},"categories":[81,24],"tags":[88,49,237,236,235],"ppma_author":[22583],"class_list":["post-1469","post","type-post","status-publish","format-standard","has-post-thumbnail","hentry","category-cultura","category-primarie","tag-creart","tag-director","tag-elcen","tag-nicoleta-claudia-popa","tag-radu-dan-septimiu-popa"],"acf":[],"yoast_head":"<!-- This site is optimized with the Yoast SEO Premium plugin v25.3 (Yoast SEO v27.4) - https:\/\/yoast.com\/product\/yoast-seo-premium-wordpress\/ -->\n<title>Marea camaril\u0103: Azi, so\u021bul directoarei Centrului de Tradi\u021bie, Art\u0103 \u0219i Cultur\u0103 - Creart - Buletin de Bucure\u0219ti<\/title>\n<meta name=\"robots\" content=\"index, follow, max-snippet:-1, max-image-preview:large, max-video-preview:-1\" \/>\n<link rel=\"canonical\" href=\"https:\/\/buletin.de\/bucuresti\/marea-camarila-sotul-directoarei-centrului-de-traditie-arta-si-cultura-creart\/\" \/>\n<meta property=\"og:locale\" content=\"en_GB\" \/>\n<meta property=\"og:type\" content=\"article\" \/>\n<meta property=\"og:title\" content=\"Marea camaril\u0103: Azi, so\u021bul directoarei Centrului de Tradi\u021bie, Art\u0103 \u0219i Cultur\u0103 - Creart\" \/>\n<meta property=\"og:description\" content=\"So\u021bul directoarei de la Creart, Nicoleta Claudia Popa &#8211; Radu Dan Septimiu Popa, este un personaj cu multe leg\u0103turi, fost angajat la stat sau la firma \u0219efei so\u021biei, care a fost condamnat pentru c\u0103 \u0219i-a cump\u0103rat fotoliu de masaj din banii statului \u0219i care pe perioada procesului a fost angajat pe un loc c\u0103ldu\u021b, consilier [&hellip;]\" \/>\n<meta property=\"og:url\" content=\"https:\/\/buletin.de\/bucuresti\/marea-camarila-sotul-directoarei-centrului-de-traditie-arta-si-cultura-creart\/\" \/>\n<meta property=\"og:site_name\" content=\"Buletin de Bucure\u0219ti\" \/>\n<meta property=\"article:publisher\" content=\"https:\/\/www.facebook.com\/buletin.de.buc\" \/>\n<meta property=\"article:published_time\" content=\"2019-10-02T15:36:54+00:00\" \/>\n<meta property=\"og:image\" content=\"https:\/\/buletin.de\/bucuresti\/wp-content\/uploads\/06081851-734339229-EY960173AW.jpg\" \/>\n\t<meta property=\"og:image:width\" content=\"484\" \/>\n\t<meta property=\"og:image:height\" content=\"323\" \/>\n\t<meta property=\"og:image:type\" content=\"image\/jpeg\" \/>\n<meta name=\"author\" content=\"Redac\u021bia Buletin de Bucure\u0219ti\" \/>\n<meta name=\"twitter:card\" content=\"summary_large_image\" \/>\n<meta name=\"twitter:label1\" content=\"Written by\" \/>\n\t<meta name=\"twitter:data1\" content=\"Redac\u021bia Buletin de Bucure\u0219ti\" \/>\n\t<meta name=\"twitter:label2\" content=\"Estimated reading time\" \/>\n\t<meta name=\"twitter:data2\" content=\"6 minutes\" \/>\n<script type=\"application\/ld+json\" class=\"yoast-schema-graph\">{\"@context\":\"https:\\\/\\\/schema.org\",\"@graph\":[{\"@type\":\"Article\",\"@id\":\"https:\\\/\\\/buletin.de\\\/bucuresti\\\/marea-camarila-sotul-directoarei-centrului-de-traditie-arta-si-cultura-creart\\\/#article\",\"isPartOf\":{\"@id\":\"https:\\\/\\\/buletin.de\\\/bucuresti\\\/marea-camarila-sotul-directoarei-centrului-de-traditie-arta-si-cultura-creart\\\/\"},\"author\":{\"name\":\"Redac\u021bia Buletin de Bucure\u0219ti\",\"@id\":\"https:\\\/\\\/buletin.de\\\/bucuresti\\\/#\\\/schema\\\/person\\\/2bbcf854e5f2419a13804af574d06ab1\"},\"headline\":\"Marea camaril\u0103: Azi, so\u021bul directoarei Centrului de Tradi\u021bie, Art\u0103 \u0219i Cultur\u0103 &#8211; Creart\",\"datePublished\":\"2019-10-02T15:36:54+00:00\",\"mainEntityOfPage\":{\"@id\":\"https:\\\/\\\/buletin.de\\\/bucuresti\\\/marea-camarila-sotul-directoarei-centrului-de-traditie-arta-si-cultura-creart\\\/\"},\"wordCount\":1167,\"publisher\":{\"@id\":\"https:\\\/\\\/buletin.de\\\/bucuresti\\\/#organization\"},\"image\":{\"@id\":\"https:\\\/\\\/buletin.de\\\/bucuresti\\\/marea-camarila-sotul-directoarei-centrului-de-traditie-arta-si-cultura-creart\\\/#primaryimage\"},\"thumbnailUrl\":\"https:\\\/\\\/buletin.de\\\/bucuresti\\\/wp-content\\\/uploads\\\/06081851-734339229-EY960173AW.jpg\",\"keywords\":[\"creart\",\"director\",\"elcen\",\"nicoleta claudia popa\",\"Radu Dan Septimiu Popa\"],\"articleSection\":[\"Cultur\u0103\",\"Prim\u0103rie\"],\"inLanguage\":\"en-GB\",\"copyrightYear\":\"2019\",\"copyrightHolder\":{\"@id\":\"https:\\\/\\\/buletin.de\\\/bucuresti\\\/#organization\"}},{\"@type\":\"WebPage\",\"@id\":\"https:\\\/\\\/buletin.de\\\/bucuresti\\\/marea-camarila-sotul-directoarei-centrului-de-traditie-arta-si-cultura-creart\\\/\",\"url\":\"https:\\\/\\\/buletin.de\\\/bucuresti\\\/marea-camarila-sotul-directoarei-centrului-de-traditie-arta-si-cultura-creart\\\/\",\"name\":\"Marea camaril\u0103: Azi, so\u021bul directoarei Centrului de Tradi\u021bie, Art\u0103 \u0219i Cultur\u0103 - Creart - Buletin de Bucure\u0219ti\",\"isPartOf\":{\"@id\":\"https:\\\/\\\/buletin.de\\\/bucuresti\\\/#website\"},\"primaryImageOfPage\":{\"@id\":\"https:\\\/\\\/buletin.de\\\/bucuresti\\\/marea-camarila-sotul-directoarei-centrului-de-traditie-arta-si-cultura-creart\\\/#primaryimage\"},\"image\":{\"@id\":\"https:\\\/\\\/buletin.de\\\/bucuresti\\\/marea-camarila-sotul-directoarei-centrului-de-traditie-arta-si-cultura-creart\\\/#primaryimage\"},\"thumbnailUrl\":\"https:\\\/\\\/buletin.de\\\/bucuresti\\\/wp-content\\\/uploads\\\/06081851-734339229-EY960173AW.jpg\",\"datePublished\":\"2019-10-02T15:36:54+00:00\",\"breadcrumb\":{\"@id\":\"https:\\\/\\\/buletin.de\\\/bucuresti\\\/marea-camarila-sotul-directoarei-centrului-de-traditie-arta-si-cultura-creart\\\/#breadcrumb\"},\"inLanguage\":\"en-GB\",\"potentialAction\":[{\"@type\":\"ReadAction\",\"target\":[\"https:\\\/\\\/buletin.de\\\/bucuresti\\\/marea-camarila-sotul-directoarei-centrului-de-traditie-arta-si-cultura-creart\\\/\"]}]},{\"@type\":\"ImageObject\",\"inLanguage\":\"en-GB\",\"@id\":\"https:\\\/\\\/buletin.de\\\/bucuresti\\\/marea-camarila-sotul-directoarei-centrului-de-traditie-arta-si-cultura-creart\\\/#primaryimage\",\"url\":\"https:\\\/\\\/buletin.de\\\/bucuresti\\\/wp-content\\\/uploads\\\/06081851-734339229-EY960173AW.jpg\",\"contentUrl\":\"https:\\\/\\\/buletin.de\\\/bucuresti\\\/wp-content\\\/uploads\\\/06081851-734339229-EY960173AW.jpg\",\"width\":484,\"height\":323},{\"@type\":\"BreadcrumbList\",\"@id\":\"https:\\\/\\\/buletin.de\\\/bucuresti\\\/marea-camarila-sotul-directoarei-centrului-de-traditie-arta-si-cultura-creart\\\/#breadcrumb\",\"itemListElement\":[{\"@type\":\"ListItem\",\"position\":1,\"name\":\"Acas\u0103\",\"item\":\"https:\\\/\\\/buletin.de\\\/bucuresti\\\/\"},{\"@type\":\"ListItem\",\"position\":2,\"name\":\"Marea camaril\u0103: Azi, so\u021bul directoarei Centrului de Tradi\u021bie, Art\u0103 \u0219i Cultur\u0103 &#8211; Creart\"}]},{\"@type\":\"WebSite\",\"@id\":\"https:\\\/\\\/buletin.de\\\/bucuresti\\\/#website\",\"url\":\"https:\\\/\\\/buletin.de\\\/bucuresti\\\/\",\"name\":\"Buletin de Bucure\u0219ti\",\"description\":\"\u0218tiri \u0219i investiga\u021bii esen\u021biale din capital\u0103\",\"publisher\":{\"@id\":\"https:\\\/\\\/buletin.de\\\/bucuresti\\\/#organization\"},\"potentialAction\":[{\"@type\":\"SearchAction\",\"target\":{\"@type\":\"EntryPoint\",\"urlTemplate\":\"https:\\\/\\\/buletin.de\\\/bucuresti\\\/?s={search_term_string}\"},\"query-input\":{\"@type\":\"PropertyValueSpecification\",\"valueRequired\":true,\"valueName\":\"search_term_string\"}}],\"inLanguage\":\"en-GB\"},{\"@type\":\"Organization\",\"@id\":\"https:\\\/\\\/buletin.de\\\/bucuresti\\\/#organization\",\"name\":\"Buletin de Bucure\u0219ti\",\"url\":\"https:\\\/\\\/buletin.de\\\/bucuresti\\\/\",\"logo\":{\"@type\":\"ImageObject\",\"inLanguage\":\"en-GB\",\"@id\":\"https:\\\/\\\/buletin.de\\\/bucuresti\\\/#\\\/schema\\\/logo\\\/image\\\/\",\"url\":\"https:\\\/\\\/buletin.de\\\/bucuresti\\\/wp-content\\\/uploads\\\/logo-bdb-full-wide-vernil-transparent.png\",\"contentUrl\":\"https:\\\/\\\/buletin.de\\\/bucuresti\\\/wp-content\\\/uploads\\\/logo-bdb-full-wide-vernil-transparent.png\",\"width\":1782,\"height\":626,\"caption\":\"Buletin de Bucure\u0219ti\"},\"image\":{\"@id\":\"https:\\\/\\\/buletin.de\\\/bucuresti\\\/#\\\/schema\\\/logo\\\/image\\\/\"},\"sameAs\":[\"https:\\\/\\\/www.facebook.com\\\/buletin.de.buc\",\"https:\\\/\\\/www.instagram.com\\\/buletinde.bucuresti\\\/\"]},{\"@type\":\"Person\",\"@id\":\"https:\\\/\\\/buletin.de\\\/bucuresti\\\/#\\\/schema\\\/person\\\/2bbcf854e5f2419a13804af574d06ab1\",\"name\":\"Redac\u021bia Buletin de Bucure\u0219ti\",\"image\":{\"@type\":\"ImageObject\",\"inLanguage\":\"en-GB\",\"@id\":\"https:\\\/\\\/secure.gravatar.com\\\/avatar\\\/18c5342381ed1a08620e6280424e3e5efc958618f5d67c522c9e44c1bc6f9226?s=96&d=monsterid&r=g60c7cd0ad92c68c049fcd4bb3504d609\",\"url\":\"https:\\\/\\\/secure.gravatar.com\\\/avatar\\\/18c5342381ed1a08620e6280424e3e5efc958618f5d67c522c9e44c1bc6f9226?s=96&d=monsterid&r=g\",\"contentUrl\":\"https:\\\/\\\/secure.gravatar.com\\\/avatar\\\/18c5342381ed1a08620e6280424e3e5efc958618f5d67c522c9e44c1bc6f9226?s=96&d=monsterid&r=g\",\"caption\":\"Redac\u021bia Buletin de Bucure\u0219ti\"},\"description\":\"Buletin de Bucure\u0219ti exist\u0103 din vara anului 2019.\",\"url\":\"https:\\\/\\\/buletin.de\\\/bucuresti\\\/author\\\/adminbuletin\\\/\"}]}<\/script>\n<!-- \/ Yoast SEO Premium plugin. -->","yoast_head_json":{"title":"Marea camaril\u0103: Azi, so\u021bul directoarei Centrului de Tradi\u021bie, Art\u0103 \u0219i Cultur\u0103 - Creart - Buletin de Bucure\u0219ti","robots":{"index":"index","follow":"follow","max-snippet":"max-snippet:-1","max-image-preview":"max-image-preview:large","max-video-preview":"max-video-preview:-1"},"canonical":"https:\/\/buletin.de\/bucuresti\/marea-camarila-sotul-directoarei-centrului-de-traditie-arta-si-cultura-creart\/","og_locale":"en_GB","og_type":"article","og_title":"Marea camaril\u0103: Azi, so\u021bul directoarei Centrului de Tradi\u021bie, Art\u0103 \u0219i Cultur\u0103 - Creart","og_description":"So\u021bul directoarei de la Creart, Nicoleta Claudia Popa &#8211; Radu Dan Septimiu Popa, este un personaj cu multe leg\u0103turi, fost angajat la stat sau la firma \u0219efei so\u021biei, care a fost condamnat pentru c\u0103 \u0219i-a cump\u0103rat fotoliu de masaj din banii statului \u0219i care pe perioada procesului a fost angajat pe un loc c\u0103ldu\u021b, consilier [&hellip;]","og_url":"https:\/\/buletin.de\/bucuresti\/marea-camarila-sotul-directoarei-centrului-de-traditie-arta-si-cultura-creart\/","og_site_name":"Buletin de Bucure\u0219ti","article_publisher":"https:\/\/www.facebook.com\/buletin.de.buc","article_published_time":"2019-10-02T15:36:54+00:00","og_image":[{"width":484,"height":323,"url":"https:\/\/buletin.de\/bucuresti\/wp-content\/uploads\/06081851-734339229-EY960173AW.jpg","type":"image\/jpeg"}],"author":"Redac\u021bia Buletin de Bucure\u0219ti","twitter_card":"summary_large_image","twitter_misc":{"Written by":"Redac\u021bia Buletin de Bucure\u0219ti","Estimated reading time":"6 minutes"},"schema":{"@context":"https:\/\/schema.org","@graph":[{"@type":"Article","@id":"https:\/\/buletin.de\/bucuresti\/marea-camarila-sotul-directoarei-centrului-de-traditie-arta-si-cultura-creart\/#article","isPartOf":{"@id":"https:\/\/buletin.de\/bucuresti\/marea-camarila-sotul-directoarei-centrului-de-traditie-arta-si-cultura-creart\/"},"author":{"name":"Redac\u021bia Buletin de Bucure\u0219ti","@id":"https:\/\/buletin.de\/bucuresti\/#\/schema\/person\/2bbcf854e5f2419a13804af574d06ab1"},"headline":"Marea camaril\u0103: Azi, so\u021bul directoarei Centrului de Tradi\u021bie, Art\u0103 \u0219i Cultur\u0103 &#8211; Creart","datePublished":"2019-10-02T15:36:54+00:00","mainEntityOfPage":{"@id":"https:\/\/buletin.de\/bucuresti\/marea-camarila-sotul-directoarei-centrului-de-traditie-arta-si-cultura-creart\/"},"wordCount":1167,"publisher":{"@id":"https:\/\/buletin.de\/bucuresti\/#organization"},"image":{"@id":"https:\/\/buletin.de\/bucuresti\/marea-camarila-sotul-directoarei-centrului-de-traditie-arta-si-cultura-creart\/#primaryimage"},"thumbnailUrl":"https:\/\/buletin.de\/bucuresti\/wp-content\/uploads\/06081851-734339229-EY960173AW.jpg","keywords":["creart","director","elcen","nicoleta claudia popa","Radu Dan Septimiu Popa"],"articleSection":["Cultur\u0103","Prim\u0103rie"],"inLanguage":"en-GB","copyrightYear":"2019","copyrightHolder":{"@id":"https:\/\/buletin.de\/bucuresti\/#organization"}},{"@type":"WebPage","@id":"https:\/\/buletin.de\/bucuresti\/marea-camarila-sotul-directoarei-centrului-de-traditie-arta-si-cultura-creart\/","url":"https:\/\/buletin.de\/bucuresti\/marea-camarila-sotul-directoarei-centrului-de-traditie-arta-si-cultura-creart\/","name":"Marea camaril\u0103: Azi, so\u021bul directoarei Centrului de Tradi\u021bie, Art\u0103 \u0219i Cultur\u0103 - Creart - Buletin de Bucure\u0219ti","isPartOf":{"@id":"https:\/\/buletin.de\/bucuresti\/#website"},"primaryImageOfPage":{"@id":"https:\/\/buletin.de\/bucuresti\/marea-camarila-sotul-directoarei-centrului-de-traditie-arta-si-cultura-creart\/#primaryimage"},"image":{"@id":"https:\/\/buletin.de\/bucuresti\/marea-camarila-sotul-directoarei-centrului-de-traditie-arta-si-cultura-creart\/#primaryimage"},"thumbnailUrl":"https:\/\/buletin.de\/bucuresti\/wp-content\/uploads\/06081851-734339229-EY960173AW.jpg","datePublished":"2019-10-02T15:36:54+00:00","breadcrumb":{"@id":"https:\/\/buletin.de\/bucuresti\/marea-camarila-sotul-directoarei-centrului-de-traditie-arta-si-cultura-creart\/#breadcrumb"},"inLanguage":"en-GB","potentialAction":[{"@type":"ReadAction","target":["https:\/\/buletin.de\/bucuresti\/marea-camarila-sotul-directoarei-centrului-de-traditie-arta-si-cultura-creart\/"]}]},{"@type":"ImageObject","inLanguage":"en-GB","@id":"https:\/\/buletin.de\/bucuresti\/marea-camarila-sotul-directoarei-centrului-de-traditie-arta-si-cultura-creart\/#primaryimage","url":"https:\/\/buletin.de\/bucuresti\/wp-content\/uploads\/06081851-734339229-EY960173AW.jpg","contentUrl":"https:\/\/buletin.de\/bucuresti\/wp-content\/uploads\/06081851-734339229-EY960173AW.jpg","width":484,"height":323},{"@type":"BreadcrumbList","@id":"https:\/\/buletin.de\/bucuresti\/marea-camarila-sotul-directoarei-centrului-de-traditie-arta-si-cultura-creart\/#breadcrumb","itemListElement":[{"@type":"ListItem","position":1,"name":"Acas\u0103","item":"https:\/\/buletin.de\/bucuresti\/"},{"@type":"ListItem","position":2,"name":"Marea camaril\u0103: Azi, so\u021bul directoarei Centrului de Tradi\u021bie, Art\u0103 \u0219i Cultur\u0103 &#8211; Creart"}]},{"@type":"WebSite","@id":"https:\/\/buletin.de\/bucuresti\/#website","url":"https:\/\/buletin.de\/bucuresti\/","name":"Buletin de Bucure\u0219ti","description":"\u0218tiri \u0219i investiga\u021bii esen\u021biale din capital\u0103","publisher":{"@id":"https:\/\/buletin.de\/bucuresti\/#organization"},"potentialAction":[{"@type":"SearchAction","target":{"@type":"EntryPoint","urlTemplate":"https:\/\/buletin.de\/bucuresti\/?s={search_term_string}"},"query-input":{"@type":"PropertyValueSpecification","valueRequired":true,"valueName":"search_term_string"}}],"inLanguage":"en-GB"},{"@type":"Organization","@id":"https:\/\/buletin.de\/bucuresti\/#organization","name":"Buletin de Bucure\u0219ti","url":"https:\/\/buletin.de\/bucuresti\/","logo":{"@type":"ImageObject","inLanguage":"en-GB","@id":"https:\/\/buletin.de\/bucuresti\/#\/schema\/logo\/image\/","url":"https:\/\/buletin.de\/bucuresti\/wp-content\/uploads\/logo-bdb-full-wide-vernil-transparent.png","contentUrl":"https:\/\/buletin.de\/bucuresti\/wp-content\/uploads\/logo-bdb-full-wide-vernil-transparent.png","width":1782,"height":626,"caption":"Buletin de Bucure\u0219ti"},"image":{"@id":"https:\/\/buletin.de\/bucuresti\/#\/schema\/logo\/image\/"},"sameAs":["https:\/\/www.facebook.com\/buletin.de.buc","https:\/\/www.instagram.com\/buletinde.bucuresti\/"]},{"@type":"Person","@id":"https:\/\/buletin.de\/bucuresti\/#\/schema\/person\/2bbcf854e5f2419a13804af574d06ab1","name":"Redac\u021bia Buletin de Bucure\u0219ti","image":{"@type":"ImageObject","inLanguage":"en-GB","@id":"https:\/\/secure.gravatar.com\/avatar\/18c5342381ed1a08620e6280424e3e5efc958618f5d67c522c9e44c1bc6f9226?s=96&d=monsterid&r=g60c7cd0ad92c68c049fcd4bb3504d609","url":"https:\/\/secure.gravatar.com\/avatar\/18c5342381ed1a08620e6280424e3e5efc958618f5d67c522c9e44c1bc6f9226?s=96&d=monsterid&r=g","contentUrl":"https:\/\/secure.gravatar.com\/avatar\/18c5342381ed1a08620e6280424e3e5efc958618f5d67c522c9e44c1bc6f9226?s=96&d=monsterid&r=g","caption":"Redac\u021bia Buletin de Bucure\u0219ti"},"description":"Buletin de Bucure\u0219ti exist\u0103 din vara anului 2019.","url":"https:\/\/buletin.de\/bucuresti\/author\/adminbuletin\/"}]}},"authors":[{"term_id":22583,"user_id":1,"is_guest":0,"slug":"adminbuletin","display_name":"Redac\u021bia Buletin de Bucure\u0219ti","avatar_url":"https:\/\/secure.gravatar.com\/avatar\/18c5342381ed1a08620e6280424e3e5efc958618f5d67c522c9e44c1bc6f9226?s=96&d=monsterid&r=g","0":null,"1":"","2":"","3":"","4":"","5":"","6":"","7":"","8":""}],"_links":{"self":[{"href":"https:\/\/buletin.de\/bucuresti\/wp-json\/wp\/v2\/posts\/1469","targetHints":{"allow":["GET"]}}],"collection":[{"href":"https:\/\/buletin.de\/bucuresti\/wp-json\/wp\/v2\/posts"}],"about":[{"href":"https:\/\/buletin.de\/bucuresti\/wp-json\/wp\/v2\/types\/post"}],"author":[{"embeddable":true,"href":"https:\/\/buletin.de\/bucuresti\/wp-json\/wp\/v2\/users\/1"}],"replies":[{"embeddable":true,"href":"https:\/\/buletin.de\/bucuresti\/wp-json\/wp\/v2\/comments?post=1469"}],"version-history":[{"count":2,"href":"https:\/\/buletin.de\/bucuresti\/wp-json\/wp\/v2\/posts\/1469\/revisions"}],"predecessor-version":[{"id":1473,"href":"https:\/\/buletin.de\/bucuresti\/wp-json\/wp\/v2\/posts\/1469\/revisions\/1473"}],"wp:featuredmedia":[{"embeddable":true,"href":"https:\/\/buletin.de\/bucuresti\/wp-json\/wp\/v2\/media\/1472"}],"wp:attachment":[{"href":"https:\/\/buletin.de\/bucuresti\/wp-json\/wp\/v2\/media?parent=1469"}],"wp:term":[{"taxonomy":"category","embeddable":true,"href":"https:\/\/buletin.de\/bucuresti\/wp-json\/wp\/v2\/categories?post=1469"},{"taxonomy":"post_tag","embeddable":true,"href":"https:\/\/buletin.de\/bucuresti\/wp-json\/wp\/v2\/tags?post=1469"},{"taxonomy":"author","embeddable":true,"href":"https:\/\/buletin.de\/bucuresti\/wp-json\/wp\/v2\/ppma_author?post=1469"}],"curies":[{"name":"wp","href":"https:\/\/api.w.org\/{rel}","templated":true}]}}