{"id":146887,"date":"2025-09-05T16:34:54","date_gmt":"2025-09-05T13:34:54","guid":{"rendered":"https:\/\/buletin.de\/bucuresti\/?p=146887"},"modified":"2025-09-06T16:06:04","modified_gmt":"2025-09-06T13:06:04","slug":"sector-6-un-nou-loc-de-joaca-se-deschide-sambata-in-parcul-marin-preda","status":"publish","type":"post","link":"https:\/\/buletin.de\/bucuresti\/sector-6-un-nou-loc-de-joaca-se-deschide-sambata-in-parcul-marin-preda\/","title":{"rendered":"Sector 6 | Un nou loc de joac\u0103 se deschide, s\u00e2mb\u0103t\u0103, \u00een Parcul Marin Preda"},"content":{"rendered":"\n<p><strong>Copiii din Cartierul Giule\u0219ti se vor bucura, de s\u00e2mb\u0103t\u0103, 6 septembrie, de un nou loc de joac\u0103. Acesta va fi deschis \u00een Parcul Marin Preda, a anun\u021bat <a href=\"https:\/\/www.primarie6.ro\/\" target=\"_blank\" rel=\"noreferrer noopener\">Prim\u0103ria Sectorului 6<\/a>.<\/strong><\/p>\n\n\n\n<p>Noul loc de joac\u0103 este dotat cu tobogane, leag\u0103ne \u0219i trambuline, pe jos are tartan moale, iar de jur \u00eemprejur sunt b\u0103ncu\u021be pentru p\u0103rin\u021bi. <\/p>\n\n\n\n<figure class=\"wp-block-gallery has-nested-images columns-default is-cropped wp-block-gallery-1 is-layout-flex wp-block-gallery-is-layout-flex\">\n<figure class=\"wp-block-image size-large\"><img fetchpriority=\"high\" decoding=\"async\" width=\"1000\" height=\"666\" data-id=\"146893\" src=\"data:image\/gif;base64,R0lGODlhAQABAAAAACH5BAEKAAEALAAAAAABAAEAAAICTAEAOw==\" data-src=\"https:\/\/buletin.de\/bucuresti\/wp-content\/uploads\/2025\/09\/542691597_1197252162432719_8851384382560066972_n-1000x666.jpg\" alt=\"Parcul Marin Preda\" class=\"wp-image-146893 lazyload\" data-sizes=\"auto\" data-srcset=\"https:\/\/buletin.de\/bucuresti\/wp-content\/uploads\/2025\/09\/542691597_1197252162432719_8851384382560066972_n-1000x666.jpg 1000w, https:\/\/buletin.de\/bucuresti\/wp-content\/uploads\/2025\/09\/542691597_1197252162432719_8851384382560066972_n-300x200.jpg 300w, https:\/\/buletin.de\/bucuresti\/wp-content\/uploads\/2025\/09\/542691597_1197252162432719_8851384382560066972_n-768x512.jpg 768w, https:\/\/buletin.de\/bucuresti\/wp-content\/uploads\/2025\/09\/542691597_1197252162432719_8851384382560066972_n-1536x1023.jpg 1536w, https:\/\/buletin.de\/bucuresti\/wp-content\/uploads\/2025\/09\/542691597_1197252162432719_8851384382560066972_n-1100x733.jpg 1100w, https:\/\/buletin.de\/bucuresti\/wp-content\/uploads\/2025\/09\/542691597_1197252162432719_8851384382560066972_n-600x400.jpg 600w, https:\/\/buletin.de\/bucuresti\/wp-content\/uploads\/2025\/09\/542691597_1197252162432719_8851384382560066972_n-20x13.jpg 20w, https:\/\/buletin.de\/bucuresti\/wp-content\/uploads\/2025\/09\/542691597_1197252162432719_8851384382560066972_n.jpg 1600w\" sizes=\"(max-width: 1000px) 100vw, 1000px\" \/><\/figure>\n\n\n\n<figure class=\"wp-block-image size-large\"><img decoding=\"async\" width=\"1000\" height=\"666\" data-id=\"146894\" src=\"data:image\/gif;base64,R0lGODlhAQABAAAAACH5BAEKAAEALAAAAAABAAEAAAICTAEAOw==\" data-src=\"https:\/\/buletin.de\/bucuresti\/wp-content\/uploads\/2025\/09\/541753101_1197252112432724_7939487698696809460_n-1000x666.jpg\" alt=\"\" class=\"wp-image-146894 lazyload\" data-sizes=\"auto\" data-srcset=\"https:\/\/buletin.de\/bucuresti\/wp-content\/uploads\/2025\/09\/541753101_1197252112432724_7939487698696809460_n-1000x666.jpg 1000w, https:\/\/buletin.de\/bucuresti\/wp-content\/uploads\/2025\/09\/541753101_1197252112432724_7939487698696809460_n-300x200.jpg 300w, https:\/\/buletin.de\/bucuresti\/wp-content\/uploads\/2025\/09\/541753101_1197252112432724_7939487698696809460_n-768x512.jpg 768w, https:\/\/buletin.de\/bucuresti\/wp-content\/uploads\/2025\/09\/541753101_1197252112432724_7939487698696809460_n-1536x1023.jpg 1536w, https:\/\/buletin.de\/bucuresti\/wp-content\/uploads\/2025\/09\/541753101_1197252112432724_7939487698696809460_n-1100x733.jpg 1100w, https:\/\/buletin.de\/bucuresti\/wp-content\/uploads\/2025\/09\/541753101_1197252112432724_7939487698696809460_n-600x400.jpg 600w, https:\/\/buletin.de\/bucuresti\/wp-content\/uploads\/2025\/09\/541753101_1197252112432724_7939487698696809460_n-20x13.jpg 20w, https:\/\/buletin.de\/bucuresti\/wp-content\/uploads\/2025\/09\/541753101_1197252112432724_7939487698696809460_n.jpg 1600w\" sizes=\"(max-width: 1000px) 100vw, 1000px\" \/><\/figure>\n\n\n\n<figure class=\"wp-block-image size-large\"><img decoding=\"async\" width=\"1000\" height=\"666\" data-id=\"146891\" src=\"data:image\/gif;base64,R0lGODlhAQABAAAAACH5BAEKAAEALAAAAAABAAEAAAICTAEAOw==\" data-src=\"https:\/\/buletin.de\/bucuresti\/wp-content\/uploads\/2025\/09\/541924186_1197251859099416_8688249923282351748_n-1000x666.jpg\" alt=\"Parcul Marin Preda\" class=\"wp-image-146891 lazyload\" data-sizes=\"auto\" data-srcset=\"https:\/\/buletin.de\/bucuresti\/wp-content\/uploads\/2025\/09\/541924186_1197251859099416_8688249923282351748_n-1000x666.jpg 1000w, https:\/\/buletin.de\/bucuresti\/wp-content\/uploads\/2025\/09\/541924186_1197251859099416_8688249923282351748_n-300x200.jpg 300w, https:\/\/buletin.de\/bucuresti\/wp-content\/uploads\/2025\/09\/541924186_1197251859099416_8688249923282351748_n-768x512.jpg 768w, https:\/\/buletin.de\/bucuresti\/wp-content\/uploads\/2025\/09\/541924186_1197251859099416_8688249923282351748_n-1100x733.jpg 1100w, https:\/\/buletin.de\/bucuresti\/wp-content\/uploads\/2025\/09\/541924186_1197251859099416_8688249923282351748_n-600x400.jpg 600w, https:\/\/buletin.de\/bucuresti\/wp-content\/uploads\/2025\/09\/541924186_1197251859099416_8688249923282351748_n-20x13.jpg 20w, https:\/\/buletin.de\/bucuresti\/wp-content\/uploads\/2025\/09\/541924186_1197251859099416_8688249923282351748_n.jpg 1441w\" sizes=\"(max-width: 1000px) 100vw, 1000px\" \/><\/figure>\n\n\n\n<figure class=\"wp-block-image size-large\"><img loading=\"lazy\" decoding=\"async\" width=\"1000\" height=\"666\" data-id=\"146890\" src=\"data:image\/gif;base64,R0lGODlhAQABAAAAACH5BAEKAAEALAAAAAABAAEAAAICTAEAOw==\" data-src=\"https:\/\/buletin.de\/bucuresti\/wp-content\/uploads\/2025\/09\/541042672_1197251982432737_6397825334035814380_n-1000x666.jpg\" alt=\"Parcul Marin Preda\" class=\"wp-image-146890 lazyload\" data-sizes=\"auto\" data-srcset=\"https:\/\/buletin.de\/bucuresti\/wp-content\/uploads\/2025\/09\/541042672_1197251982432737_6397825334035814380_n-1000x666.jpg 1000w, https:\/\/buletin.de\/bucuresti\/wp-content\/uploads\/2025\/09\/541042672_1197251982432737_6397825334035814380_n-300x200.jpg 300w, https:\/\/buletin.de\/bucuresti\/wp-content\/uploads\/2025\/09\/541042672_1197251982432737_6397825334035814380_n-768x512.jpg 768w, https:\/\/buletin.de\/bucuresti\/wp-content\/uploads\/2025\/09\/541042672_1197251982432737_6397825334035814380_n-1100x733.jpg 1100w, https:\/\/buletin.de\/bucuresti\/wp-content\/uploads\/2025\/09\/541042672_1197251982432737_6397825334035814380_n-600x400.jpg 600w, https:\/\/buletin.de\/bucuresti\/wp-content\/uploads\/2025\/09\/541042672_1197251982432737_6397825334035814380_n-20x13.jpg 20w, https:\/\/buletin.de\/bucuresti\/wp-content\/uploads\/2025\/09\/541042672_1197251982432737_6397825334035814380_n.jpg 1441w\" sizes=\"(max-width: 1000px) 100vw, 1000px\" \/><\/figure>\n\n\n\n<figure class=\"wp-block-image size-large\"><img loading=\"lazy\" decoding=\"async\" width=\"1000\" height=\"666\" data-id=\"146892\" src=\"data:image\/gif;base64,R0lGODlhAQABAAAAACH5BAEKAAEALAAAAAABAAEAAAICTAEAOw==\" data-src=\"https:\/\/buletin.de\/bucuresti\/wp-content\/uploads\/2025\/09\/542752198_1197252049099397_1909987929984495529_n-1000x666.jpg\" alt=\"\" class=\"wp-image-146892 lazyload\" data-sizes=\"auto\" data-srcset=\"https:\/\/buletin.de\/bucuresti\/wp-content\/uploads\/2025\/09\/542752198_1197252049099397_1909987929984495529_n-1000x666.jpg 1000w, https:\/\/buletin.de\/bucuresti\/wp-content\/uploads\/2025\/09\/542752198_1197252049099397_1909987929984495529_n-300x200.jpg 300w, https:\/\/buletin.de\/bucuresti\/wp-content\/uploads\/2025\/09\/542752198_1197252049099397_1909987929984495529_n-768x512.jpg 768w, https:\/\/buletin.de\/bucuresti\/wp-content\/uploads\/2025\/09\/542752198_1197252049099397_1909987929984495529_n-1100x733.jpg 1100w, https:\/\/buletin.de\/bucuresti\/wp-content\/uploads\/2025\/09\/542752198_1197252049099397_1909987929984495529_n-600x400.jpg 600w, https:\/\/buletin.de\/bucuresti\/wp-content\/uploads\/2025\/09\/542752198_1197252049099397_1909987929984495529_n-20x13.jpg 20w, https:\/\/buletin.de\/bucuresti\/wp-content\/uploads\/2025\/09\/542752198_1197252049099397_1909987929984495529_n.jpg 1441w\" sizes=\"(max-width: 1000px) 100vw, 1000px\" \/><\/figure>\n<figcaption class=\"blocks-gallery-caption wp-element-caption\">FOTO: PS6<\/figcaption><\/figure>\n\n\n\n<h2 class=\"wp-block-heading\" id=\"h-al-doilea-loc-de-joaca-in-parcul-marin-preda-inaugurat-saptamana-viitoare\">Al doilea loc de joac\u0103 \u00een Parcul Marin Preda, inaugurat s\u0103pt\u0103m\u00e2na viitoare<\/h2>\n\n\n\n<p>Tot \u00een acela\u0219i parc, s\u0103pt\u0103m\u00e2na viitoare, va fi finalizat un alt loc de joac\u0103, pentru copii mai mari (6 &#8211; 12 ani).<\/p>\n\n\n\n<p>Prim\u0103ria Sectorului 6 a finalizat, anul acesta, pe l\u00e2ng\u0103 locul de joaca din Parcul Marin Preda, mai multe locuri pentru copii:<\/p>\n\n\n\n<ul class=\"wp-block-list\">\n<li>dou\u0103 locuri de joac\u0103 \u00een Parcul P\u0103cii;<\/li>\n\n\n\n<li>alte trei pe: Aleea Prav\u0103\u021b 7, Bd. Timi\u0219oara 81 \u0219i la intersec\u021bia str\u0103zilor Moine\u0219ti cu Murgu\u021ba;<\/li>\n\n\n\n<li>unul pe Intrarea Movilelor 6A;<\/li>\n\n\n\n<li>trei \u00een incinta gr\u0103dini\u021belor.<\/li>\n<\/ul>\n\n\n\n<p><strong>CITE\u0218TE \u0218I: <a href=\"https:\/\/buletin.de\/bucuresti\/sector-6-locuri-speciale-pentru-masinile-de-aprovizionare-trasate-in-apropierea-pietelor\/\" target=\"_blank\" rel=\"noreferrer noopener\">Sector 6 | Locuri speciale pentru ma\u0219inile de aprovizionare, trasate \u00een apropierea pie\u021belor<\/a><\/strong><\/p>\n","protected":false},"excerpt":{"rendered":"<p>Copiii din Cartierul Giule\u0219ti se vor bucura, de s\u00e2mb\u0103t\u0103, 6 septembrie, de un nou loc de joac\u0103. Acesta va fi deschis \u00een Parcul Marin Preda, a anun\u021bat Prim\u0103ria Sectorului 6. Noul loc de joac\u0103 este dotat cu tobogane, leag\u0103ne \u0219i trambuline, pe jos are tartan moale, iar de jur \u00eemprejur sunt b\u0103ncu\u021be pentru p\u0103rin\u021bi. Al [&hellip;]<\/p>\n","protected":false},"author":49,"featured_media":146889,"comment_status":"closed","ping_status":"open","sticky":false,"template":"","format":"standard","meta":{"_acf_changed":false,"inline_featured_image":false,"ngg_post_thumbnail":0,"footnotes":""},"categories":[6994,24,62],"tags":[46,4987,13845,523],"ppma_author":[22574],"class_list":["post-146887","post","type-post","status-publish","format-standard","has-post-thumbnail","hentry","category-stiri-2","category-primarie","category-stiri","tag-giulesti","tag-loc-de-joaca","tag-parcul-marin-preda","tag-sector-6"],"acf":[],"yoast_head":"<!-- This site is optimized with the Yoast SEO Premium plugin v25.3 (Yoast SEO v27.4) - https:\/\/yoast.com\/product\/yoast-seo-premium-wordpress\/ -->\n<title>Sector 6 | Un nou loc de joac\u0103 se deschide, s\u00e2mb\u0103t\u0103, \u00een Parcul Marin Preda - Buletin de Bucure\u0219ti<\/title>\n<meta name=\"description\" content=\"Copiii din Cartierul Giule\u0219ti se vor bucura, de s\u00e2mb\u0103t\u0103, 6 septembrie, de un nou loc de joac\u0103. Acesta va fi deschis \u00een Parcul Marin Preda.\" \/>\n<meta name=\"robots\" content=\"index, follow, max-snippet:-1, max-image-preview:large, max-video-preview:-1\" \/>\n<link rel=\"canonical\" href=\"https:\/\/buletin.de\/bucuresti\/sector-6-un-nou-loc-de-joaca-se-deschide-sambata-in-parcul-marin-preda\/\" \/>\n<meta property=\"og:locale\" content=\"en_GB\" \/>\n<meta property=\"og:type\" content=\"article\" \/>\n<meta property=\"og:title\" content=\"Sector 6 | Un nou loc de joac\u0103 se deschide, s\u00e2mb\u0103t\u0103, \u00een Parcul Marin Preda\" \/>\n<meta property=\"og:description\" content=\"Copiii din Cartierul Giule\u0219ti se vor bucura, de s\u00e2mb\u0103t\u0103, 6 septembrie, de un nou loc de joac\u0103. Acesta va fi deschis \u00een Parcul Marin Preda.\" \/>\n<meta property=\"og:url\" content=\"https:\/\/buletin.de\/bucuresti\/sector-6-un-nou-loc-de-joaca-se-deschide-sambata-in-parcul-marin-preda\/\" \/>\n<meta property=\"og:site_name\" content=\"Buletin de Bucure\u0219ti\" \/>\n<meta property=\"article:publisher\" content=\"https:\/\/www.facebook.com\/buletin.de.buc\" \/>\n<meta property=\"article:published_time\" content=\"2025-09-05T13:34:54+00:00\" \/>\n<meta property=\"article:modified_time\" content=\"2025-09-06T13:06:04+00:00\" \/>\n<meta property=\"og:image\" content=\"https:\/\/buletin.de\/bucuresti\/wp-content\/uploads\/2025\/09\/544611647_1197251929099409_9005441388171491350_n.jpg\" \/>\n\t<meta property=\"og:image:width\" content=\"1441\" \/>\n\t<meta property=\"og:image:height\" content=\"960\" \/>\n\t<meta property=\"og:image:type\" content=\"image\/jpeg\" \/>\n<meta name=\"author\" content=\"Diana Matei\" \/>\n<meta name=\"twitter:card\" content=\"summary_large_image\" \/>\n<meta name=\"twitter:label1\" content=\"Written by\" \/>\n\t<meta name=\"twitter:data1\" content=\"Diana Matei\" \/>\n\t<meta name=\"twitter:label2\" content=\"Estimated reading time\" \/>\n\t<meta name=\"twitter:data2\" content=\"2 minutes\" \/>\n<script type=\"application\/ld+json\" class=\"yoast-schema-graph\">{\"@context\":\"https:\\\/\\\/schema.org\",\"@graph\":[{\"@type\":\"Article\",\"@id\":\"https:\\\/\\\/buletin.de\\\/bucuresti\\\/sector-6-un-nou-loc-de-joaca-se-deschide-sambata-in-parcul-marin-preda\\\/#article\",\"isPartOf\":{\"@id\":\"https:\\\/\\\/buletin.de\\\/bucuresti\\\/sector-6-un-nou-loc-de-joaca-se-deschide-sambata-in-parcul-marin-preda\\\/\"},\"author\":{\"name\":\"Diana Matei\",\"@id\":\"https:\\\/\\\/buletin.de\\\/bucuresti\\\/#\\\/schema\\\/person\\\/7e46040573290777280a0835d81ea4ea\"},\"headline\":\"Sector 6 | Un nou loc de joac\u0103 se deschide, s\u00e2mb\u0103t\u0103, \u00een Parcul Marin Preda\",\"datePublished\":\"2025-09-05T13:34:54+00:00\",\"dateModified\":\"2025-09-06T13:06:04+00:00\",\"mainEntityOfPage\":{\"@id\":\"https:\\\/\\\/buletin.de\\\/bucuresti\\\/sector-6-un-nou-loc-de-joaca-se-deschide-sambata-in-parcul-marin-preda\\\/\"},\"wordCount\":194,\"publisher\":{\"@id\":\"https:\\\/\\\/buletin.de\\\/bucuresti\\\/#organization\"},\"image\":{\"@id\":\"https:\\\/\\\/buletin.de\\\/bucuresti\\\/sector-6-un-nou-loc-de-joaca-se-deschide-sambata-in-parcul-marin-preda\\\/#primaryimage\"},\"thumbnailUrl\":\"https:\\\/\\\/buletin.de\\\/bucuresti\\\/wp-content\\\/uploads\\\/2025\\\/09\\\/544611647_1197251929099409_9005441388171491350_n.jpg\",\"keywords\":[\"giulesti\",\"loc de joaca\",\"parcul marin preda\",\"Sector 6\"],\"articleSection\":[\"Articole\",\"Prim\u0103rie\",\"\u0218tiri\"],\"inLanguage\":\"en-GB\",\"copyrightYear\":\"2025\",\"copyrightHolder\":{\"@id\":\"https:\\\/\\\/buletin.de\\\/bucuresti\\\/#organization\"}},{\"@type\":\"WebPage\",\"@id\":\"https:\\\/\\\/buletin.de\\\/bucuresti\\\/sector-6-un-nou-loc-de-joaca-se-deschide-sambata-in-parcul-marin-preda\\\/\",\"url\":\"https:\\\/\\\/buletin.de\\\/bucuresti\\\/sector-6-un-nou-loc-de-joaca-se-deschide-sambata-in-parcul-marin-preda\\\/\",\"name\":\"Sector 6 | Un nou loc de joac\u0103 se deschide, s\u00e2mb\u0103t\u0103, \u00een Parcul Marin Preda - Buletin de Bucure\u0219ti\",\"isPartOf\":{\"@id\":\"https:\\\/\\\/buletin.de\\\/bucuresti\\\/#website\"},\"primaryImageOfPage\":{\"@id\":\"https:\\\/\\\/buletin.de\\\/bucuresti\\\/sector-6-un-nou-loc-de-joaca-se-deschide-sambata-in-parcul-marin-preda\\\/#primaryimage\"},\"image\":{\"@id\":\"https:\\\/\\\/buletin.de\\\/bucuresti\\\/sector-6-un-nou-loc-de-joaca-se-deschide-sambata-in-parcul-marin-preda\\\/#primaryimage\"},\"thumbnailUrl\":\"https:\\\/\\\/buletin.de\\\/bucuresti\\\/wp-content\\\/uploads\\\/2025\\\/09\\\/544611647_1197251929099409_9005441388171491350_n.jpg\",\"datePublished\":\"2025-09-05T13:34:54+00:00\",\"dateModified\":\"2025-09-06T13:06:04+00:00\",\"description\":\"Copiii din Cartierul Giule\u0219ti se vor bucura, de s\u00e2mb\u0103t\u0103, 6 septembrie, de un nou loc de joac\u0103. Acesta va fi deschis \u00een Parcul Marin Preda.\",\"breadcrumb\":{\"@id\":\"https:\\\/\\\/buletin.de\\\/bucuresti\\\/sector-6-un-nou-loc-de-joaca-se-deschide-sambata-in-parcul-marin-preda\\\/#breadcrumb\"},\"inLanguage\":\"en-GB\",\"potentialAction\":[{\"@type\":\"ReadAction\",\"target\":[\"https:\\\/\\\/buletin.de\\\/bucuresti\\\/sector-6-un-nou-loc-de-joaca-se-deschide-sambata-in-parcul-marin-preda\\\/\"]}]},{\"@type\":\"ImageObject\",\"inLanguage\":\"en-GB\",\"@id\":\"https:\\\/\\\/buletin.de\\\/bucuresti\\\/sector-6-un-nou-loc-de-joaca-se-deschide-sambata-in-parcul-marin-preda\\\/#primaryimage\",\"url\":\"https:\\\/\\\/buletin.de\\\/bucuresti\\\/wp-content\\\/uploads\\\/2025\\\/09\\\/544611647_1197251929099409_9005441388171491350_n.jpg\",\"contentUrl\":\"https:\\\/\\\/buletin.de\\\/bucuresti\\\/wp-content\\\/uploads\\\/2025\\\/09\\\/544611647_1197251929099409_9005441388171491350_n.jpg\",\"width\":1441,\"height\":960,\"caption\":\"Sector 6 | Un nou loc de joac\u0103 se deschide, s\u00e2mb\u0103t\u0103, \u00een Parcul Marin Preda. FOTO: Arhiva\"},{\"@type\":\"BreadcrumbList\",\"@id\":\"https:\\\/\\\/buletin.de\\\/bucuresti\\\/sector-6-un-nou-loc-de-joaca-se-deschide-sambata-in-parcul-marin-preda\\\/#breadcrumb\",\"itemListElement\":[{\"@type\":\"ListItem\",\"position\":1,\"name\":\"Acas\u0103\",\"item\":\"https:\\\/\\\/buletin.de\\\/bucuresti\\\/\"},{\"@type\":\"ListItem\",\"position\":2,\"name\":\"Sector 6 | Un nou loc de joac\u0103 se deschide, s\u00e2mb\u0103t\u0103, \u00een Parcul Marin Preda\"}]},{\"@type\":\"WebSite\",\"@id\":\"https:\\\/\\\/buletin.de\\\/bucuresti\\\/#website\",\"url\":\"https:\\\/\\\/buletin.de\\\/bucuresti\\\/\",\"name\":\"Buletin de Bucure\u0219ti\",\"description\":\"\u0218tiri \u0219i investiga\u021bii esen\u021biale din capital\u0103\",\"publisher\":{\"@id\":\"https:\\\/\\\/buletin.de\\\/bucuresti\\\/#organization\"},\"potentialAction\":[{\"@type\":\"SearchAction\",\"target\":{\"@type\":\"EntryPoint\",\"urlTemplate\":\"https:\\\/\\\/buletin.de\\\/bucuresti\\\/?s={search_term_string}\"},\"query-input\":{\"@type\":\"PropertyValueSpecification\",\"valueRequired\":true,\"valueName\":\"search_term_string\"}}],\"inLanguage\":\"en-GB\"},{\"@type\":\"Organization\",\"@id\":\"https:\\\/\\\/buletin.de\\\/bucuresti\\\/#organization\",\"name\":\"Buletin de Bucure\u0219ti\",\"url\":\"https:\\\/\\\/buletin.de\\\/bucuresti\\\/\",\"logo\":{\"@type\":\"ImageObject\",\"inLanguage\":\"en-GB\",\"@id\":\"https:\\\/\\\/buletin.de\\\/bucuresti\\\/#\\\/schema\\\/logo\\\/image\\\/\",\"url\":\"https:\\\/\\\/buletin.de\\\/bucuresti\\\/wp-content\\\/uploads\\\/logo-bdb-full-wide-vernil-transparent.png\",\"contentUrl\":\"https:\\\/\\\/buletin.de\\\/bucuresti\\\/wp-content\\\/uploads\\\/logo-bdb-full-wide-vernil-transparent.png\",\"width\":1782,\"height\":626,\"caption\":\"Buletin de Bucure\u0219ti\"},\"image\":{\"@id\":\"https:\\\/\\\/buletin.de\\\/bucuresti\\\/#\\\/schema\\\/logo\\\/image\\\/\"},\"sameAs\":[\"https:\\\/\\\/www.facebook.com\\\/buletin.de.buc\",\"https:\\\/\\\/www.instagram.com\\\/buletinde.bucuresti\\\/\"]},{\"@type\":\"Person\",\"@id\":\"https:\\\/\\\/buletin.de\\\/bucuresti\\\/#\\\/schema\\\/person\\\/7e46040573290777280a0835d81ea4ea\",\"name\":\"Diana Matei\",\"image\":{\"@type\":\"ImageObject\",\"inLanguage\":\"en-GB\",\"@id\":\"https:\\\/\\\/buletin.de\\\/bucuresti\\\/wp-content\\\/uploads\\\/9-2-96x96.jpg1e8590b30871d70e62ebcdaf2eff570c\",\"url\":\"https:\\\/\\\/buletin.de\\\/bucuresti\\\/wp-content\\\/uploads\\\/9-2-96x96.jpg\",\"contentUrl\":\"https:\\\/\\\/buletin.de\\\/bucuresti\\\/wp-content\\\/uploads\\\/9-2-96x96.jpg\",\"caption\":\"Diana Matei\"},\"url\":\"https:\\\/\\\/buletin.de\\\/bucuresti\\\/author\\\/dianamatei\\\/\"}]}<\/script>\n<!-- \/ Yoast SEO Premium plugin. -->","yoast_head_json":{"title":"Sector 6 | Un nou loc de joac\u0103 se deschide, s\u00e2mb\u0103t\u0103, \u00een Parcul Marin Preda - Buletin de Bucure\u0219ti","description":"Copiii din Cartierul Giule\u0219ti se vor bucura, de s\u00e2mb\u0103t\u0103, 6 septembrie, de un nou loc de joac\u0103. Acesta va fi deschis \u00een Parcul Marin Preda.","robots":{"index":"index","follow":"follow","max-snippet":"max-snippet:-1","max-image-preview":"max-image-preview:large","max-video-preview":"max-video-preview:-1"},"canonical":"https:\/\/buletin.de\/bucuresti\/sector-6-un-nou-loc-de-joaca-se-deschide-sambata-in-parcul-marin-preda\/","og_locale":"en_GB","og_type":"article","og_title":"Sector 6 | Un nou loc de joac\u0103 se deschide, s\u00e2mb\u0103t\u0103, \u00een Parcul Marin Preda","og_description":"Copiii din Cartierul Giule\u0219ti se vor bucura, de s\u00e2mb\u0103t\u0103, 6 septembrie, de un nou loc de joac\u0103. Acesta va fi deschis \u00een Parcul Marin Preda.","og_url":"https:\/\/buletin.de\/bucuresti\/sector-6-un-nou-loc-de-joaca-se-deschide-sambata-in-parcul-marin-preda\/","og_site_name":"Buletin de Bucure\u0219ti","article_publisher":"https:\/\/www.facebook.com\/buletin.de.buc","article_published_time":"2025-09-05T13:34:54+00:00","article_modified_time":"2025-09-06T13:06:04+00:00","og_image":[{"width":1441,"height":960,"url":"https:\/\/buletin.de\/bucuresti\/wp-content\/uploads\/2025\/09\/544611647_1197251929099409_9005441388171491350_n.jpg","type":"image\/jpeg"}],"author":"Diana Matei","twitter_card":"summary_large_image","twitter_misc":{"Written by":"Diana Matei","Estimated reading time":"2 minutes"},"schema":{"@context":"https:\/\/schema.org","@graph":[{"@type":"Article","@id":"https:\/\/buletin.de\/bucuresti\/sector-6-un-nou-loc-de-joaca-se-deschide-sambata-in-parcul-marin-preda\/#article","isPartOf":{"@id":"https:\/\/buletin.de\/bucuresti\/sector-6-un-nou-loc-de-joaca-se-deschide-sambata-in-parcul-marin-preda\/"},"author":{"name":"Diana Matei","@id":"https:\/\/buletin.de\/bucuresti\/#\/schema\/person\/7e46040573290777280a0835d81ea4ea"},"headline":"Sector 6 | Un nou loc de joac\u0103 se deschide, s\u00e2mb\u0103t\u0103, \u00een Parcul Marin Preda","datePublished":"2025-09-05T13:34:54+00:00","dateModified":"2025-09-06T13:06:04+00:00","mainEntityOfPage":{"@id":"https:\/\/buletin.de\/bucuresti\/sector-6-un-nou-loc-de-joaca-se-deschide-sambata-in-parcul-marin-preda\/"},"wordCount":194,"publisher":{"@id":"https:\/\/buletin.de\/bucuresti\/#organization"},"image":{"@id":"https:\/\/buletin.de\/bucuresti\/sector-6-un-nou-loc-de-joaca-se-deschide-sambata-in-parcul-marin-preda\/#primaryimage"},"thumbnailUrl":"https:\/\/buletin.de\/bucuresti\/wp-content\/uploads\/2025\/09\/544611647_1197251929099409_9005441388171491350_n.jpg","keywords":["giulesti","loc de joaca","parcul marin preda","Sector 6"],"articleSection":["Articole","Prim\u0103rie","\u0218tiri"],"inLanguage":"en-GB","copyrightYear":"2025","copyrightHolder":{"@id":"https:\/\/buletin.de\/bucuresti\/#organization"}},{"@type":"WebPage","@id":"https:\/\/buletin.de\/bucuresti\/sector-6-un-nou-loc-de-joaca-se-deschide-sambata-in-parcul-marin-preda\/","url":"https:\/\/buletin.de\/bucuresti\/sector-6-un-nou-loc-de-joaca-se-deschide-sambata-in-parcul-marin-preda\/","name":"Sector 6 | Un nou loc de joac\u0103 se deschide, s\u00e2mb\u0103t\u0103, \u00een Parcul Marin Preda - Buletin de Bucure\u0219ti","isPartOf":{"@id":"https:\/\/buletin.de\/bucuresti\/#website"},"primaryImageOfPage":{"@id":"https:\/\/buletin.de\/bucuresti\/sector-6-un-nou-loc-de-joaca-se-deschide-sambata-in-parcul-marin-preda\/#primaryimage"},"image":{"@id":"https:\/\/buletin.de\/bucuresti\/sector-6-un-nou-loc-de-joaca-se-deschide-sambata-in-parcul-marin-preda\/#primaryimage"},"thumbnailUrl":"https:\/\/buletin.de\/bucuresti\/wp-content\/uploads\/2025\/09\/544611647_1197251929099409_9005441388171491350_n.jpg","datePublished":"2025-09-05T13:34:54+00:00","dateModified":"2025-09-06T13:06:04+00:00","description":"Copiii din Cartierul Giule\u0219ti se vor bucura, de s\u00e2mb\u0103t\u0103, 6 septembrie, de un nou loc de joac\u0103. Acesta va fi deschis \u00een Parcul Marin Preda.","breadcrumb":{"@id":"https:\/\/buletin.de\/bucuresti\/sector-6-un-nou-loc-de-joaca-se-deschide-sambata-in-parcul-marin-preda\/#breadcrumb"},"inLanguage":"en-GB","potentialAction":[{"@type":"ReadAction","target":["https:\/\/buletin.de\/bucuresti\/sector-6-un-nou-loc-de-joaca-se-deschide-sambata-in-parcul-marin-preda\/"]}]},{"@type":"ImageObject","inLanguage":"en-GB","@id":"https:\/\/buletin.de\/bucuresti\/sector-6-un-nou-loc-de-joaca-se-deschide-sambata-in-parcul-marin-preda\/#primaryimage","url":"https:\/\/buletin.de\/bucuresti\/wp-content\/uploads\/2025\/09\/544611647_1197251929099409_9005441388171491350_n.jpg","contentUrl":"https:\/\/buletin.de\/bucuresti\/wp-content\/uploads\/2025\/09\/544611647_1197251929099409_9005441388171491350_n.jpg","width":1441,"height":960,"caption":"Sector 6 | Un nou loc de joac\u0103 se deschide, s\u00e2mb\u0103t\u0103, \u00een Parcul Marin Preda. FOTO: Arhiva"},{"@type":"BreadcrumbList","@id":"https:\/\/buletin.de\/bucuresti\/sector-6-un-nou-loc-de-joaca-se-deschide-sambata-in-parcul-marin-preda\/#breadcrumb","itemListElement":[{"@type":"ListItem","position":1,"name":"Acas\u0103","item":"https:\/\/buletin.de\/bucuresti\/"},{"@type":"ListItem","position":2,"name":"Sector 6 | Un nou loc de joac\u0103 se deschide, s\u00e2mb\u0103t\u0103, \u00een Parcul Marin Preda"}]},{"@type":"WebSite","@id":"https:\/\/buletin.de\/bucuresti\/#website","url":"https:\/\/buletin.de\/bucuresti\/","name":"Buletin de Bucure\u0219ti","description":"\u0218tiri \u0219i investiga\u021bii esen\u021biale din capital\u0103","publisher":{"@id":"https:\/\/buletin.de\/bucuresti\/#organization"},"potentialAction":[{"@type":"SearchAction","target":{"@type":"EntryPoint","urlTemplate":"https:\/\/buletin.de\/bucuresti\/?s={search_term_string}"},"query-input":{"@type":"PropertyValueSpecification","valueRequired":true,"valueName":"search_term_string"}}],"inLanguage":"en-GB"},{"@type":"Organization","@id":"https:\/\/buletin.de\/bucuresti\/#organization","name":"Buletin de Bucure\u0219ti","url":"https:\/\/buletin.de\/bucuresti\/","logo":{"@type":"ImageObject","inLanguage":"en-GB","@id":"https:\/\/buletin.de\/bucuresti\/#\/schema\/logo\/image\/","url":"https:\/\/buletin.de\/bucuresti\/wp-content\/uploads\/logo-bdb-full-wide-vernil-transparent.png","contentUrl":"https:\/\/buletin.de\/bucuresti\/wp-content\/uploads\/logo-bdb-full-wide-vernil-transparent.png","width":1782,"height":626,"caption":"Buletin de Bucure\u0219ti"},"image":{"@id":"https:\/\/buletin.de\/bucuresti\/#\/schema\/logo\/image\/"},"sameAs":["https:\/\/www.facebook.com\/buletin.de.buc","https:\/\/www.instagram.com\/buletinde.bucuresti\/"]},{"@type":"Person","@id":"https:\/\/buletin.de\/bucuresti\/#\/schema\/person\/7e46040573290777280a0835d81ea4ea","name":"Diana Matei","image":{"@type":"ImageObject","inLanguage":"en-GB","@id":"https:\/\/buletin.de\/bucuresti\/wp-content\/uploads\/9-2-96x96.jpg1e8590b30871d70e62ebcdaf2eff570c","url":"https:\/\/buletin.de\/bucuresti\/wp-content\/uploads\/9-2-96x96.jpg","contentUrl":"https:\/\/buletin.de\/bucuresti\/wp-content\/uploads\/9-2-96x96.jpg","caption":"Diana Matei"},"url":"https:\/\/buletin.de\/bucuresti\/author\/dianamatei\/"}]}},"authors":[{"term_id":22574,"user_id":49,"is_guest":0,"slug":"dianamatei","display_name":"Diana Matei","avatar_url":"https:\/\/buletin.de\/bucuresti\/wp-content\/uploads\/9-2-96x96.jpg","0":null,"1":"","2":"","3":"","4":"","5":"","6":"","7":"","8":""}],"_links":{"self":[{"href":"https:\/\/buletin.de\/bucuresti\/wp-json\/wp\/v2\/posts\/146887","targetHints":{"allow":["GET"]}}],"collection":[{"href":"https:\/\/buletin.de\/bucuresti\/wp-json\/wp\/v2\/posts"}],"about":[{"href":"https:\/\/buletin.de\/bucuresti\/wp-json\/wp\/v2\/types\/post"}],"author":[{"embeddable":true,"href":"https:\/\/buletin.de\/bucuresti\/wp-json\/wp\/v2\/users\/49"}],"replies":[{"embeddable":true,"href":"https:\/\/buletin.de\/bucuresti\/wp-json\/wp\/v2\/comments?post=146887"}],"version-history":[{"count":3,"href":"https:\/\/buletin.de\/bucuresti\/wp-json\/wp\/v2\/posts\/146887\/revisions"}],"predecessor-version":[{"id":146966,"href":"https:\/\/buletin.de\/bucuresti\/wp-json\/wp\/v2\/posts\/146887\/revisions\/146966"}],"wp:featuredmedia":[{"embeddable":true,"href":"https:\/\/buletin.de\/bucuresti\/wp-json\/wp\/v2\/media\/146889"}],"wp:attachment":[{"href":"https:\/\/buletin.de\/bucuresti\/wp-json\/wp\/v2\/media?parent=146887"}],"wp:term":[{"taxonomy":"category","embeddable":true,"href":"https:\/\/buletin.de\/bucuresti\/wp-json\/wp\/v2\/categories?post=146887"},{"taxonomy":"post_tag","embeddable":true,"href":"https:\/\/buletin.de\/bucuresti\/wp-json\/wp\/v2\/tags?post=146887"},{"taxonomy":"author","embeddable":true,"href":"https:\/\/buletin.de\/bucuresti\/wp-json\/wp\/v2\/ppma_author?post=146887"}],"curies":[{"name":"wp","href":"https:\/\/api.w.org\/{rel}","templated":true}]}}