{"id":146695,"date":"2025-09-04T13:18:07","date_gmt":"2025-09-04T10:18:07","guid":{"rendered":"https:\/\/buletin.de\/bucuresti\/?p=146695"},"modified":"2025-09-04T13:18:42","modified_gmt":"2025-09-04T10:18:42","slug":"romania-canada","status":"publish","type":"post","link":"https:\/\/buletin.de\/bucuresti\/romania-canada\/","title":{"rendered":"Meciul de fotbal Rom\u00e2nia \u2013 Canada prelunge\u0219te programul pentru \u0219ase linii STB. Alte patru ar putea fi deviate"},"content":{"rendered":"\n<p><strong>Liniile 1, 10, 86, 90, 104 \u0219i 311\u00a0vor avea un program de circula\u021bie prelungit, vineri, 05.09.2025, pentru a asigura transportul spectatorilor ce vor asista la meciul de fotbal Rom\u00e2nia \u2013 Canada. Partida este programat de la ora 21:00, pe \u201eArena Na\u021bional\u0103\u201d.<\/strong><\/p>\n\n\n\n<p>De asemenea, <strong>dac\u0103 situa\u021bia o va impune<\/strong>, traseele\u00a0<strong>liniilor 86, 90, 104 \u0219i 143<\/strong>\u00a0vor fi deviate.<\/p>\n\n\n\n<p>Potrivit Asocia\u021biei de Dezvoltare Intercomunitar\u0103 pentru Transport Public Bucure\u0219ti \u2013 Ilfov (TPBI), vehiculele de pe liniile\u00a0<strong>1, 10, 86, 90, 104 \u0219i 311<\/strong>\u00a0vor circula \u00een zona \u201eArenei Na\u021bionale\u201d, dup\u0103 terminarea meciului, astfel:<\/p>\n\n\n\n<ul class=\"wp-block-list\">\n<li>Orele estimate de trecere ale tramvaielor\u00a0<strong>liniei 1\u00a0<\/strong>\u00een zona<strong>\u00a0\u201eArenei Na\u021bionale\u201d\u00a0<\/strong>sunt\u00a0<strong>23.05, 23:20 \u0219i 23:30.<\/strong><\/li>\n\n\n\n<li>Orele estimate de trecere ale tramvaielor\u00a0<strong>liniei 10\u00a0<\/strong>\u00een zona<strong>\u00a0\u201eArenei Na\u021bionale\u201d\u00a0<\/strong>sunt\u00a0<strong>23:00, 23:05 \u0219i 23:15.<\/strong><\/li>\n\n\n\n<li>Troleibuzele\u00a0<strong>liniei 86\u00a0<\/strong>vor pleca de la\u00a0<strong>\u201eArena Na\u021bional\u0103\u201d\u00a0<\/strong>c\u0103tre\u00a0<strong>\u201eCl\u0103bucet\u201d<\/strong>\u00a0la\u00a0<strong>orele 23:05 \u0219i 23:20<\/strong>.<\/li>\n\n\n\n<li>Troleibuzele\u00a0<strong>liniei 90\u00a0<\/strong>vor pleca de la\u00a0<strong>\u201eArena Na\u021bional\u0103\u201d\u00a0<\/strong>c\u0103tre\u00a0<strong>\u201eM Petrache Poenaru\u201d\u00a0<\/strong>la\u00a0<strong>orele 23:18 \u0219i 23:38<\/strong>.<\/li>\n\n\n\n<li>Orele estimate de trecere ale autobuzelor\u00a0<strong>liniei 104\u00a0<\/strong>\u00een zona\u00a0<strong>\u201eArenei Na\u021bionale\u201d\u00a0<\/strong>sunt\u00a0<strong>23:00, 23:05 \u0219i 23:10\u00a0<\/strong>(pe sensul spre\u00a0<strong>\u201ePia\u021ba Operei\u201d<\/strong>).<\/li>\n\n\n\n<li>Orele estimate de trecere ale autobuzelor\u00a0<strong>liniei 311\u00a0<\/strong>\u00een zona\u00a0<strong>\u201eArenei Na\u021bionale\u201d\u00a0<\/strong>sunt\u00a0<strong>23:00 \u0219i 23:10\u00a0<\/strong>(pe sensul spre\u00a0<strong>\u201eSala Palatului\u201d<\/strong>), respectiv\u00a0<strong>23:05, 23:20, 23:35 \u0219i 23:45<\/strong>\u00a0(pe sensul spre\u00a0<strong>\u201eFaur\u201d<\/strong>).<\/li>\n<\/ul>\n\n\n\n<p><strong>CITE\u0218TE \u0218I:<\/strong> <a href=\"https:\/\/buletin.de\/bucuresti\/magistrala-m7-de-metrou\/\">Magistrala M7 de metrou, Bragadiru-Voluntari. Cinci institu\u021bii au semnat protocolul de construc\u021bie<\/a><\/p>\n\n\n\n<h2 class=\"wp-block-heading\" id=\"h-traficul-rutier-ar-putea-fi-restric\u021bionat-pentru-meciul-de-fotbal-romania-canada\">Traficul rutier ar putea fi restric\u021bionat pentru meciul de fotbal Rom\u00e2nia \u2013 Canada <\/h2>\n\n\n\n<p><strong>Dac\u0103 situa\u021bia o va impune,<\/strong> traficul rutier va fi restric\u021bionat pe Bd. Pierre de Coubertin,<strong>\u00a0<\/strong>motiv pentru care troleibuzele<strong>\u00a0liniilor 86 \u0219i 90 vor \u00eentoarce \u00een Depoul Vatra Luminoas\u0103.\u00a0\u00cen acest caz<\/strong>, c\u0103l\u0103torii vor putea utiliza vehiculele\u00a0<strong>liniilor 86 \u0219i 90<\/strong>\u00a0<strong>de la sta\u021bia\u00a0\u201eAura Buzescu\u201d,\u00a0<\/strong>iar plec\u0103rile vor avea loc la\u00a0<strong>orele men\u021bionate mai sus!<\/strong><\/p>\n\n\n\n<p>Tot&nbsp;<strong>\u00een aceast\u0103 situa\u021bie<\/strong>, autobuzele<strong>&nbsp;liniei 104&nbsp;<\/strong>vor func\u021biona pe<strong>&nbsp;traseul de baz\u0103 \u00eentre terminalul \u201eComplex Pantelimon\u201d \u0219i intersec\u021bia \u0218os. Iancului\/ Bd. Pierre de Coubertin, apoi pe un traseu modificat \u00een ambele sensuri pe \u0218os. Iancului, \u0218os. Mihai Bravu, Bd. Decebal, apoi traseul actual.&nbsp;\u00cen acest caz<\/strong>, c\u0103l\u0103torii vor putea folosi vehiculele&nbsp;<strong>liniei 104<\/strong>&nbsp;de la<strong>&nbsp;sta\u021bia \u201eSarafine\u0219ti\u201d \u2013 pe sensul spre \u201ePia\u021ba Operei\u201d,&nbsp;<\/strong>respectiv<strong>&nbsp;\u201e\u0218oseaua Iancului\u201d \u2013 pe sensul spre \u201eComplex Pantelimon\u201d, iar orele estimate de trecere \u00een zona \u201eArenei Na\u021bionale\u201d sunt cele men\u021bionate mai sus!<\/strong><\/p>\n\n\n\n<p><strong>\u00cen cazul restric\u021bion\u0103rii traficului rutier pe Bd. Pierre de Coubertin<\/strong>, autobuzele&nbsp;<strong>liniei 143<\/strong>&nbsp;vor circula pe traseul de baz\u0103 \u00eentre terminalul&nbsp;<strong>\u201eBucur Obor\u201d<\/strong>&nbsp;\u0219i intersec\u021bia&nbsp;<strong>Str. Baicului\/ \u0218os. Pantelimon<\/strong>, apoi pe un traseu modificat pe&nbsp;<strong>\u0218os. Pantelimon, Bd. Ferdinand, Bd. G\u0103rii Obor, p\u00e2n\u0103 la terminalul&nbsp; \u201eBaicului\u201d (cap\u0103tul liniilor 69, 85 \u0219i 382)<\/strong>, cu \u00eentoarcere pe&nbsp;<strong>Str. Baicului, Str. Paharnicul Turturea, Str. Dumitru Slugeru, apoi traseul actual<\/strong>.<\/p>\n\n\n\n<p>Cei prezen\u021bi pe \u201eArena Na\u021bional\u0103\u201d mai pot folosi \u0219i\u00a0<strong>liniile 14, 55, 330, 335, 640, N1, N10, N102 \u0219i N109,<\/strong>\u00a0ale c\u0103ror vehicule circul\u0103 dup\u0103 un program normal, potrivit <a href=\"https:\/\/tpbi.ro\/\">TPBI.<\/a><\/p>\n\n\n\n<p><strong>CITE\u0218TE \u0218I:<\/strong> <a href=\"https:\/\/buletin.de\/bucuresti\/o-statistica-ingrijoratoare-140-de-accidente-rutiere-cu-trotinete-electrice-au-avut-loc-in-bucuresti-in-sase-luni-doua-persoane-au-murit\/\">O statistic\u0103 \u00eengrijor\u0103toare: 140 de accidente rutiere cu trotinete electrice au avut loc \u00een Bucure\u0219ti \u00een \u0219ase luni. Dou\u0103 persoane au murit<\/a><\/p>\n\n\n\n<p><\/p>\n","protected":false},"excerpt":{"rendered":"<p>Liniile 1, 10, 86, 90, 104 \u0219i 311\u00a0vor avea un program de circula\u021bie prelungit, vineri, 05.09.2025, pentru a asigura transportul spectatorilor ce vor asista la meciul de fotbal Rom\u00e2nia \u2013 Canada. Partida este programat de la ora 21:00, pe \u201eArena Na\u021bional\u0103\u201d. De asemenea, dac\u0103 situa\u021bia o va impune, traseele\u00a0liniilor 86, 90, 104 \u0219i 143\u00a0vor fi [&hellip;]<\/p>\n","protected":false},"author":49,"featured_media":146697,"comment_status":"closed","ping_status":"open","sticky":false,"template":"","format":"standard","meta":{"_acf_changed":false,"inline_featured_image":false,"ngg_post_thumbnail":0,"footnotes":""},"categories":[6994,62,650],"tags":[6632,5957,12150,23623,11424],"ppma_author":[22574],"class_list":["post-146695","post","type-post","status-publish","format-standard","has-post-thumbnail","hentry","category-stiri-2","category-stiri","category-transport","tag-linia-1","tag-linia-10","tag-linia-86","tag-meciul-de-fotbal-romania-canada-deviaza-traseele-pentru-sase-linii-stb","tag-restrictii-de-trafic"],"acf":[],"yoast_head":"<!-- This site is optimized with the Yoast SEO Premium plugin v25.3 (Yoast SEO v27.4) - https:\/\/yoast.com\/product\/yoast-seo-premium-wordpress\/ -->\n<title>Meciul de fotbal Rom\u00e2nia \u2013 Canada prelunge\u0219te programul pentru \u0219ase linii STB. Alte patru ar putea fi deviate - Buletin de Bucure\u0219ti<\/title>\n<meta name=\"description\" content=\"Liniile 1, 10, 86, 90, 104 \u0219i 311\u00a0vor avea un program de circula\u021bie prelungit pentru meciul fotbal Rom\u00e2nia \u2013 Canada.\" \/>\n<meta name=\"robots\" content=\"index, follow, max-snippet:-1, max-image-preview:large, max-video-preview:-1\" \/>\n<link rel=\"canonical\" href=\"https:\/\/buletin.de\/bucuresti\/romania-canada\/\" \/>\n<meta property=\"og:locale\" content=\"en_GB\" \/>\n<meta property=\"og:type\" content=\"article\" \/>\n<meta property=\"og:title\" content=\"Meciul de fotbal Rom\u00e2nia \u2013 Canada prelunge\u0219te programul pentru \u0219ase linii STB. Alte patru ar putea fi deviate\" \/>\n<meta property=\"og:description\" content=\"Liniile 1, 10, 86, 90, 104 \u0219i 311\u00a0vor avea un program de circula\u021bie prelungit pentru meciul fotbal Rom\u00e2nia \u2013 Canada.\" \/>\n<meta property=\"og:url\" content=\"https:\/\/buletin.de\/bucuresti\/romania-canada\/\" \/>\n<meta property=\"og:site_name\" content=\"Buletin de Bucure\u0219ti\" \/>\n<meta property=\"article:publisher\" content=\"https:\/\/www.facebook.com\/buletin.de.buc\" \/>\n<meta property=\"article:published_time\" content=\"2025-09-04T10:18:07+00:00\" \/>\n<meta property=\"article:modified_time\" content=\"2025-09-04T10:18:42+00:00\" \/>\n<meta property=\"og:image\" content=\"https:\/\/buletin.de\/bucuresti\/wp-content\/uploads\/2025\/09\/90-suporteri_Romania-1000x632.png\" \/>\n\t<meta property=\"og:image:width\" content=\"1000\" \/>\n\t<meta property=\"og:image:height\" content=\"632\" \/>\n\t<meta property=\"og:image:type\" content=\"image\/png\" \/>\n<meta name=\"author\" content=\"Diana Matei\" \/>\n<meta name=\"twitter:card\" content=\"summary_large_image\" \/>\n<meta name=\"twitter:label1\" content=\"Written by\" \/>\n\t<meta name=\"twitter:data1\" content=\"Diana Matei\" \/>\n\t<meta name=\"twitter:label2\" content=\"Estimated reading time\" \/>\n\t<meta name=\"twitter:data2\" content=\"3 minutes\" \/>\n<script type=\"application\/ld+json\" class=\"yoast-schema-graph\">{\"@context\":\"https:\\\/\\\/schema.org\",\"@graph\":[{\"@type\":\"Article\",\"@id\":\"https:\\\/\\\/buletin.de\\\/bucuresti\\\/romania-canada\\\/#article\",\"isPartOf\":{\"@id\":\"https:\\\/\\\/buletin.de\\\/bucuresti\\\/romania-canada\\\/\"},\"author\":{\"name\":\"Diana Matei\",\"@id\":\"https:\\\/\\\/buletin.de\\\/bucuresti\\\/#\\\/schema\\\/person\\\/7e46040573290777280a0835d81ea4ea\"},\"headline\":\"Meciul de fotbal Rom\u00e2nia \u2013 Canada prelunge\u0219te programul pentru \u0219ase linii STB. Alte patru ar putea fi deviate\",\"datePublished\":\"2025-09-04T10:18:07+00:00\",\"dateModified\":\"2025-09-04T10:18:42+00:00\",\"mainEntityOfPage\":{\"@id\":\"https:\\\/\\\/buletin.de\\\/bucuresti\\\/romania-canada\\\/\"},\"wordCount\":527,\"publisher\":{\"@id\":\"https:\\\/\\\/buletin.de\\\/bucuresti\\\/#organization\"},\"image\":{\"@id\":\"https:\\\/\\\/buletin.de\\\/bucuresti\\\/romania-canada\\\/#primaryimage\"},\"thumbnailUrl\":\"https:\\\/\\\/buletin.de\\\/bucuresti\\\/wp-content\\\/uploads\\\/2025\\\/09\\\/90-suporteri_Romania.png\",\"keywords\":[\"linia 1\",\"linia 10\",\"linia 86\",\"Meciul de fotbal Rom\u00e2nia \u2013 Canada deviaz\u0103 traseele pentru \u0219ase linii STB\",\"restrictii de trafic\"],\"articleSection\":[\"Articole\",\"\u0218tiri\",\"Transport\"],\"inLanguage\":\"en-GB\",\"copyrightYear\":\"2025\",\"copyrightHolder\":{\"@id\":\"https:\\\/\\\/buletin.de\\\/bucuresti\\\/#organization\"}},{\"@type\":\"WebPage\",\"@id\":\"https:\\\/\\\/buletin.de\\\/bucuresti\\\/romania-canada\\\/\",\"url\":\"https:\\\/\\\/buletin.de\\\/bucuresti\\\/romania-canada\\\/\",\"name\":\"Meciul de fotbal Rom\u00e2nia \u2013 Canada prelunge\u0219te programul pentru \u0219ase linii STB. Alte patru ar putea fi deviate - Buletin de Bucure\u0219ti\",\"isPartOf\":{\"@id\":\"https:\\\/\\\/buletin.de\\\/bucuresti\\\/#website\"},\"primaryImageOfPage\":{\"@id\":\"https:\\\/\\\/buletin.de\\\/bucuresti\\\/romania-canada\\\/#primaryimage\"},\"image\":{\"@id\":\"https:\\\/\\\/buletin.de\\\/bucuresti\\\/romania-canada\\\/#primaryimage\"},\"thumbnailUrl\":\"https:\\\/\\\/buletin.de\\\/bucuresti\\\/wp-content\\\/uploads\\\/2025\\\/09\\\/90-suporteri_Romania.png\",\"datePublished\":\"2025-09-04T10:18:07+00:00\",\"dateModified\":\"2025-09-04T10:18:42+00:00\",\"description\":\"Liniile 1, 10, 86, 90, 104 \u0219i 311\u00a0vor avea un program de circula\u021bie prelungit pentru meciul fotbal Rom\u00e2nia \u2013 Canada.\",\"breadcrumb\":{\"@id\":\"https:\\\/\\\/buletin.de\\\/bucuresti\\\/romania-canada\\\/#breadcrumb\"},\"inLanguage\":\"en-GB\",\"potentialAction\":[{\"@type\":\"ReadAction\",\"target\":[\"https:\\\/\\\/buletin.de\\\/bucuresti\\\/romania-canada\\\/\"]}]},{\"@type\":\"ImageObject\",\"inLanguage\":\"en-GB\",\"@id\":\"https:\\\/\\\/buletin.de\\\/bucuresti\\\/romania-canada\\\/#primaryimage\",\"url\":\"https:\\\/\\\/buletin.de\\\/bucuresti\\\/wp-content\\\/uploads\\\/2025\\\/09\\\/90-suporteri_Romania.png\",\"contentUrl\":\"https:\\\/\\\/buletin.de\\\/bucuresti\\\/wp-content\\\/uploads\\\/2025\\\/09\\\/90-suporteri_Romania.png\",\"width\":2000,\"height\":1264,\"caption\":\"Meciul de fotbal Rom\u00e2nia \u2013 Canada prelunge\u0219te programul pentru \u0219ase linii STB. Alte patru ar putea fi deviate. FOTO: TPBI\"},{\"@type\":\"BreadcrumbList\",\"@id\":\"https:\\\/\\\/buletin.de\\\/bucuresti\\\/romania-canada\\\/#breadcrumb\",\"itemListElement\":[{\"@type\":\"ListItem\",\"position\":1,\"name\":\"Acas\u0103\",\"item\":\"https:\\\/\\\/buletin.de\\\/bucuresti\\\/\"},{\"@type\":\"ListItem\",\"position\":2,\"name\":\"Meciul de fotbal Rom\u00e2nia \u2013 Canada prelunge\u0219te programul pentru \u0219ase linii STB. Alte patru ar putea fi deviate\"}]},{\"@type\":\"WebSite\",\"@id\":\"https:\\\/\\\/buletin.de\\\/bucuresti\\\/#website\",\"url\":\"https:\\\/\\\/buletin.de\\\/bucuresti\\\/\",\"name\":\"Buletin de Bucure\u0219ti\",\"description\":\"\u0218tiri \u0219i investiga\u021bii esen\u021biale din capital\u0103\",\"publisher\":{\"@id\":\"https:\\\/\\\/buletin.de\\\/bucuresti\\\/#organization\"},\"potentialAction\":[{\"@type\":\"SearchAction\",\"target\":{\"@type\":\"EntryPoint\",\"urlTemplate\":\"https:\\\/\\\/buletin.de\\\/bucuresti\\\/?s={search_term_string}\"},\"query-input\":{\"@type\":\"PropertyValueSpecification\",\"valueRequired\":true,\"valueName\":\"search_term_string\"}}],\"inLanguage\":\"en-GB\"},{\"@type\":\"Organization\",\"@id\":\"https:\\\/\\\/buletin.de\\\/bucuresti\\\/#organization\",\"name\":\"Buletin de Bucure\u0219ti\",\"url\":\"https:\\\/\\\/buletin.de\\\/bucuresti\\\/\",\"logo\":{\"@type\":\"ImageObject\",\"inLanguage\":\"en-GB\",\"@id\":\"https:\\\/\\\/buletin.de\\\/bucuresti\\\/#\\\/schema\\\/logo\\\/image\\\/\",\"url\":\"https:\\\/\\\/buletin.de\\\/bucuresti\\\/wp-content\\\/uploads\\\/logo-bdb-full-wide-vernil-transparent.png\",\"contentUrl\":\"https:\\\/\\\/buletin.de\\\/bucuresti\\\/wp-content\\\/uploads\\\/logo-bdb-full-wide-vernil-transparent.png\",\"width\":1782,\"height\":626,\"caption\":\"Buletin de Bucure\u0219ti\"},\"image\":{\"@id\":\"https:\\\/\\\/buletin.de\\\/bucuresti\\\/#\\\/schema\\\/logo\\\/image\\\/\"},\"sameAs\":[\"https:\\\/\\\/www.facebook.com\\\/buletin.de.buc\",\"https:\\\/\\\/www.instagram.com\\\/buletinde.bucuresti\\\/\"]},{\"@type\":\"Person\",\"@id\":\"https:\\\/\\\/buletin.de\\\/bucuresti\\\/#\\\/schema\\\/person\\\/7e46040573290777280a0835d81ea4ea\",\"name\":\"Diana Matei\",\"image\":{\"@type\":\"ImageObject\",\"inLanguage\":\"en-GB\",\"@id\":\"https:\\\/\\\/buletin.de\\\/bucuresti\\\/wp-content\\\/uploads\\\/9-2-96x96.jpg1e8590b30871d70e62ebcdaf2eff570c\",\"url\":\"https:\\\/\\\/buletin.de\\\/bucuresti\\\/wp-content\\\/uploads\\\/9-2-96x96.jpg\",\"contentUrl\":\"https:\\\/\\\/buletin.de\\\/bucuresti\\\/wp-content\\\/uploads\\\/9-2-96x96.jpg\",\"caption\":\"Diana Matei\"},\"url\":\"https:\\\/\\\/buletin.de\\\/bucuresti\\\/author\\\/dianamatei\\\/\"}]}<\/script>\n<!-- \/ Yoast SEO Premium plugin. -->","yoast_head_json":{"title":"Meciul de fotbal Rom\u00e2nia \u2013 Canada prelunge\u0219te programul pentru \u0219ase linii STB. Alte patru ar putea fi deviate - Buletin de Bucure\u0219ti","description":"Liniile 1, 10, 86, 90, 104 \u0219i 311\u00a0vor avea un program de circula\u021bie prelungit pentru meciul fotbal Rom\u00e2nia \u2013 Canada.","robots":{"index":"index","follow":"follow","max-snippet":"max-snippet:-1","max-image-preview":"max-image-preview:large","max-video-preview":"max-video-preview:-1"},"canonical":"https:\/\/buletin.de\/bucuresti\/romania-canada\/","og_locale":"en_GB","og_type":"article","og_title":"Meciul de fotbal Rom\u00e2nia \u2013 Canada prelunge\u0219te programul pentru \u0219ase linii STB. Alte patru ar putea fi deviate","og_description":"Liniile 1, 10, 86, 90, 104 \u0219i 311\u00a0vor avea un program de circula\u021bie prelungit pentru meciul fotbal Rom\u00e2nia \u2013 Canada.","og_url":"https:\/\/buletin.de\/bucuresti\/romania-canada\/","og_site_name":"Buletin de Bucure\u0219ti","article_publisher":"https:\/\/www.facebook.com\/buletin.de.buc","article_published_time":"2025-09-04T10:18:07+00:00","article_modified_time":"2025-09-04T10:18:42+00:00","og_image":[{"width":1000,"height":632,"url":"https:\/\/buletin.de\/bucuresti\/wp-content\/uploads\/2025\/09\/90-suporteri_Romania-1000x632.png","type":"image\/png"}],"author":"Diana Matei","twitter_card":"summary_large_image","twitter_misc":{"Written by":"Diana Matei","Estimated reading time":"3 minutes"},"schema":{"@context":"https:\/\/schema.org","@graph":[{"@type":"Article","@id":"https:\/\/buletin.de\/bucuresti\/romania-canada\/#article","isPartOf":{"@id":"https:\/\/buletin.de\/bucuresti\/romania-canada\/"},"author":{"name":"Diana Matei","@id":"https:\/\/buletin.de\/bucuresti\/#\/schema\/person\/7e46040573290777280a0835d81ea4ea"},"headline":"Meciul de fotbal Rom\u00e2nia \u2013 Canada prelunge\u0219te programul pentru \u0219ase linii STB. Alte patru ar putea fi deviate","datePublished":"2025-09-04T10:18:07+00:00","dateModified":"2025-09-04T10:18:42+00:00","mainEntityOfPage":{"@id":"https:\/\/buletin.de\/bucuresti\/romania-canada\/"},"wordCount":527,"publisher":{"@id":"https:\/\/buletin.de\/bucuresti\/#organization"},"image":{"@id":"https:\/\/buletin.de\/bucuresti\/romania-canada\/#primaryimage"},"thumbnailUrl":"https:\/\/buletin.de\/bucuresti\/wp-content\/uploads\/2025\/09\/90-suporteri_Romania.png","keywords":["linia 1","linia 10","linia 86","Meciul de fotbal Rom\u00e2nia \u2013 Canada deviaz\u0103 traseele pentru \u0219ase linii STB","restrictii de trafic"],"articleSection":["Articole","\u0218tiri","Transport"],"inLanguage":"en-GB","copyrightYear":"2025","copyrightHolder":{"@id":"https:\/\/buletin.de\/bucuresti\/#organization"}},{"@type":"WebPage","@id":"https:\/\/buletin.de\/bucuresti\/romania-canada\/","url":"https:\/\/buletin.de\/bucuresti\/romania-canada\/","name":"Meciul de fotbal Rom\u00e2nia \u2013 Canada prelunge\u0219te programul pentru \u0219ase linii STB. Alte patru ar putea fi deviate - Buletin de Bucure\u0219ti","isPartOf":{"@id":"https:\/\/buletin.de\/bucuresti\/#website"},"primaryImageOfPage":{"@id":"https:\/\/buletin.de\/bucuresti\/romania-canada\/#primaryimage"},"image":{"@id":"https:\/\/buletin.de\/bucuresti\/romania-canada\/#primaryimage"},"thumbnailUrl":"https:\/\/buletin.de\/bucuresti\/wp-content\/uploads\/2025\/09\/90-suporteri_Romania.png","datePublished":"2025-09-04T10:18:07+00:00","dateModified":"2025-09-04T10:18:42+00:00","description":"Liniile 1, 10, 86, 90, 104 \u0219i 311\u00a0vor avea un program de circula\u021bie prelungit pentru meciul fotbal Rom\u00e2nia \u2013 Canada.","breadcrumb":{"@id":"https:\/\/buletin.de\/bucuresti\/romania-canada\/#breadcrumb"},"inLanguage":"en-GB","potentialAction":[{"@type":"ReadAction","target":["https:\/\/buletin.de\/bucuresti\/romania-canada\/"]}]},{"@type":"ImageObject","inLanguage":"en-GB","@id":"https:\/\/buletin.de\/bucuresti\/romania-canada\/#primaryimage","url":"https:\/\/buletin.de\/bucuresti\/wp-content\/uploads\/2025\/09\/90-suporteri_Romania.png","contentUrl":"https:\/\/buletin.de\/bucuresti\/wp-content\/uploads\/2025\/09\/90-suporteri_Romania.png","width":2000,"height":1264,"caption":"Meciul de fotbal Rom\u00e2nia \u2013 Canada prelunge\u0219te programul pentru \u0219ase linii STB. Alte patru ar putea fi deviate. FOTO: TPBI"},{"@type":"BreadcrumbList","@id":"https:\/\/buletin.de\/bucuresti\/romania-canada\/#breadcrumb","itemListElement":[{"@type":"ListItem","position":1,"name":"Acas\u0103","item":"https:\/\/buletin.de\/bucuresti\/"},{"@type":"ListItem","position":2,"name":"Meciul de fotbal Rom\u00e2nia \u2013 Canada prelunge\u0219te programul pentru \u0219ase linii STB. Alte patru ar putea fi deviate"}]},{"@type":"WebSite","@id":"https:\/\/buletin.de\/bucuresti\/#website","url":"https:\/\/buletin.de\/bucuresti\/","name":"Buletin de Bucure\u0219ti","description":"\u0218tiri \u0219i investiga\u021bii esen\u021biale din capital\u0103","publisher":{"@id":"https:\/\/buletin.de\/bucuresti\/#organization"},"potentialAction":[{"@type":"SearchAction","target":{"@type":"EntryPoint","urlTemplate":"https:\/\/buletin.de\/bucuresti\/?s={search_term_string}"},"query-input":{"@type":"PropertyValueSpecification","valueRequired":true,"valueName":"search_term_string"}}],"inLanguage":"en-GB"},{"@type":"Organization","@id":"https:\/\/buletin.de\/bucuresti\/#organization","name":"Buletin de Bucure\u0219ti","url":"https:\/\/buletin.de\/bucuresti\/","logo":{"@type":"ImageObject","inLanguage":"en-GB","@id":"https:\/\/buletin.de\/bucuresti\/#\/schema\/logo\/image\/","url":"https:\/\/buletin.de\/bucuresti\/wp-content\/uploads\/logo-bdb-full-wide-vernil-transparent.png","contentUrl":"https:\/\/buletin.de\/bucuresti\/wp-content\/uploads\/logo-bdb-full-wide-vernil-transparent.png","width":1782,"height":626,"caption":"Buletin de Bucure\u0219ti"},"image":{"@id":"https:\/\/buletin.de\/bucuresti\/#\/schema\/logo\/image\/"},"sameAs":["https:\/\/www.facebook.com\/buletin.de.buc","https:\/\/www.instagram.com\/buletinde.bucuresti\/"]},{"@type":"Person","@id":"https:\/\/buletin.de\/bucuresti\/#\/schema\/person\/7e46040573290777280a0835d81ea4ea","name":"Diana Matei","image":{"@type":"ImageObject","inLanguage":"en-GB","@id":"https:\/\/buletin.de\/bucuresti\/wp-content\/uploads\/9-2-96x96.jpg1e8590b30871d70e62ebcdaf2eff570c","url":"https:\/\/buletin.de\/bucuresti\/wp-content\/uploads\/9-2-96x96.jpg","contentUrl":"https:\/\/buletin.de\/bucuresti\/wp-content\/uploads\/9-2-96x96.jpg","caption":"Diana Matei"},"url":"https:\/\/buletin.de\/bucuresti\/author\/dianamatei\/"}]}},"authors":[{"term_id":22574,"user_id":49,"is_guest":0,"slug":"dianamatei","display_name":"Diana Matei","avatar_url":"https:\/\/buletin.de\/bucuresti\/wp-content\/uploads\/9-2-96x96.jpg","0":null,"1":"","2":"","3":"","4":"","5":"","6":"","7":"","8":""}],"_links":{"self":[{"href":"https:\/\/buletin.de\/bucuresti\/wp-json\/wp\/v2\/posts\/146695","targetHints":{"allow":["GET"]}}],"collection":[{"href":"https:\/\/buletin.de\/bucuresti\/wp-json\/wp\/v2\/posts"}],"about":[{"href":"https:\/\/buletin.de\/bucuresti\/wp-json\/wp\/v2\/types\/post"}],"author":[{"embeddable":true,"href":"https:\/\/buletin.de\/bucuresti\/wp-json\/wp\/v2\/users\/49"}],"replies":[{"embeddable":true,"href":"https:\/\/buletin.de\/bucuresti\/wp-json\/wp\/v2\/comments?post=146695"}],"version-history":[{"count":1,"href":"https:\/\/buletin.de\/bucuresti\/wp-json\/wp\/v2\/posts\/146695\/revisions"}],"predecessor-version":[{"id":146698,"href":"https:\/\/buletin.de\/bucuresti\/wp-json\/wp\/v2\/posts\/146695\/revisions\/146698"}],"wp:featuredmedia":[{"embeddable":true,"href":"https:\/\/buletin.de\/bucuresti\/wp-json\/wp\/v2\/media\/146697"}],"wp:attachment":[{"href":"https:\/\/buletin.de\/bucuresti\/wp-json\/wp\/v2\/media?parent=146695"}],"wp:term":[{"taxonomy":"category","embeddable":true,"href":"https:\/\/buletin.de\/bucuresti\/wp-json\/wp\/v2\/categories?post=146695"},{"taxonomy":"post_tag","embeddable":true,"href":"https:\/\/buletin.de\/bucuresti\/wp-json\/wp\/v2\/tags?post=146695"},{"taxonomy":"author","embeddable":true,"href":"https:\/\/buletin.de\/bucuresti\/wp-json\/wp\/v2\/ppma_author?post=146695"}],"curies":[{"name":"wp","href":"https:\/\/api.w.org\/{rel}","templated":true}]}}