{"id":14624,"date":"2020-11-09T10:30:15","date_gmt":"2020-11-09T07:30:15","guid":{"rendered":"https:\/\/buletin.de\/bucuresti\/?p=14624"},"modified":"2020-11-09T11:56:00","modified_gmt":"2020-11-09T08:56:00","slug":"in-plina-pandemie-comuna-chiajna-a-cheltuit-peste-100-mii-de-euro-pentru-instalarea-intretinerea-si-repararea-a-echipamentului-video-si-de-securitate","status":"publish","type":"post","link":"https:\/\/buletin.de\/bucuresti\/in-plina-pandemie-comuna-chiajna-a-cheltuit-peste-100-mii-de-euro-pentru-instalarea-intretinerea-si-repararea-a-echipamentului-video-si-de-securitate\/","title":{"rendered":"\u00cen plin\u0103 pandemie, comuna Chiajna a cheltuit peste 100 mii de euro pentru instalarea, \u00eentre\u021binerea \u0219i repararea a echipamentului video \u0219i de securitate"},"content":{"rendered":"\n<div class=\"wp-block-group\"><div class=\"wp-block-group__inner-container is-layout-flow wp-block-group-is-layout-flow\">\n<div class=\"wp-block-image\"><figure class=\"aligncenter size-large is-resized\"><a href=\"https:\/\/activecitizensfund.ro\" target=\"_blank\" rel=\"noopener noreferrer\"><img fetchpriority=\"high\" decoding=\"async\" src=\"data:image\/gif;base64,R0lGODlhAQABAAAAACH5BAEKAAEALAAAAAABAAEAAAICTAEAOw==\" data-src=\"https:\/\/buletin.de\/bucuresti\/wp-content\/uploads\/Active-citizens-fund@4x-1-900x316.png\" alt=\"\" class=\"wp-image-11980 lazyload\" width=\"450\" height=\"158\" data-sizes=\"auto\" data-srcset=\"https:\/\/buletin.de\/bucuresti\/wp-content\/uploads\/Active-citizens-fund@4x-1-900x316.png 900w, https:\/\/buletin.de\/bucuresti\/wp-content\/uploads\/Active-citizens-fund@4x-1-300x105.png 300w, https:\/\/buletin.de\/bucuresti\/wp-content\/uploads\/Active-citizens-fund@4x-1-768x270.png 768w, https:\/\/buletin.de\/bucuresti\/wp-content\/uploads\/Active-citizens-fund@4x-1-1536x539.png 1536w, https:\/\/buletin.de\/bucuresti\/wp-content\/uploads\/Active-citizens-fund@4x-1-2048x719.png 2048w, https:\/\/buletin.de\/bucuresti\/wp-content\/uploads\/Active-citizens-fund@4x-1-1060x372.png 1060w, https:\/\/buletin.de\/bucuresti\/wp-content\/uploads\/Active-citizens-fund@4x-1-550x193.png 550w, https:\/\/buletin.de\/bucuresti\/wp-content\/uploads\/Active-citizens-fund@4x-1-1425x500.png 1425w, https:\/\/buletin.de\/bucuresti\/wp-content\/uploads\/Active-citizens-fund@4x-1-1920x674.png 1920w, https:\/\/buletin.de\/bucuresti\/wp-content\/uploads\/Active-citizens-fund@4x-1-600x211.png 600w\" sizes=\"(max-width: 450px) 100vw, 450px\" \/><\/a><\/figure><\/div>\n\n\n\n<div style=\"height:20px\" aria-hidden=\"true\" class=\"wp-block-spacer\"><\/div>\n<\/div><\/div>\n\n\n\n<p><strong>Consiliul Local din Chiajna a \u00eencheiat din mai \u0219i p\u00e2n\u0103 \u00een iulie 4 contracte de peste 100 mii de euro pentru instalarea, \u00eentre\u021binerea \u0219i repararea a echipamentului video \u0219i de securitate din comun\u0103. Banii au au fot atribui\u021bi direct, f\u0103r\u0103 licita\u021bie public\u0103 \u0219i au intrat \u00een contul firmei <em>Divers Pit S.R.L.<\/em>  <\/strong><\/p>\n\n\n\n<p>Conform legii, orice achizi\u021bie mai mare 30.000 de euro \u0219i mai mare de 100.000 de euro \u00een cazul construc\u021biilor trebuie s\u0103 fie f\u0103cut\u0103 prin licita\u021bie. \u00cens\u0103, de ani de zile edilii fenteaz\u0103 aceast\u0103 reglementare \u0219i \u00eempart o achizi\u021bie mare \u00een contracte mai multe \u0219i mai multe \u0219i mai mici pentru a lucra doar cu anumite firme sau pentru a gr\u0103bi nejustificat unele lucr\u0103ri. La fel s-a procedat \u0219i \u00een cazul comunei Chiajna care a \u00eemp\u0103r\u021bit achizi\u021bia \u00een patru contracte pentru a evita licita\u021bia public\u0103. <\/p>\n\n\n\n<p>\u00centre 26 mai \u0219i 9 iulie, Consiliul Local al comunei Chiajna a atribuit direct 4 contracte cu o valoare total\u0103 de peste 100 mii de euro unei singure firme. Contractele au fost \u00eencheiate pentru<strong> <\/strong>instalarea, \u00eentre\u021binerea \u0219i repararea a echipamentului video \u0219i de securitate din comun\u0103. <\/p>\n\n\n\n<figure class=\"wp-block-image size-large\"><a href=\"https:\/\/buletin.de\/bucuresti\/wp-content\/uploads\/seap-1.png\"><img decoding=\"async\" width=\"900\" height=\"376\" src=\"data:image\/gif;base64,R0lGODlhAQABAAAAACH5BAEKAAEALAAAAAABAAEAAAICTAEAOw==\" data-src=\"https:\/\/buletin.de\/bucuresti\/wp-content\/uploads\/seap-1-900x376.png\" alt=\"\" class=\"wp-image-14635 lazyload\" data-sizes=\"auto\" data-srcset=\"https:\/\/buletin.de\/bucuresti\/wp-content\/uploads\/seap-1-900x376.png 900w, https:\/\/buletin.de\/bucuresti\/wp-content\/uploads\/seap-1-300x125.png 300w, https:\/\/buletin.de\/bucuresti\/wp-content\/uploads\/seap-1-768x321.png 768w, https:\/\/buletin.de\/bucuresti\/wp-content\/uploads\/seap-1-1060x443.png 1060w, https:\/\/buletin.de\/bucuresti\/wp-content\/uploads\/seap-1-550x230.png 550w, https:\/\/buletin.de\/bucuresti\/wp-content\/uploads\/seap-1-1197x500.png 1197w, https:\/\/buletin.de\/bucuresti\/wp-content\/uploads\/seap-1-600x251.png 600w, https:\/\/buletin.de\/bucuresti\/wp-content\/uploads\/seap-1.png 1290w\" sizes=\"(max-width: 900px) 100vw, 900px\" \/><\/a><figcaption>Sursa: <a href=\"http:\/\/e-licitatie.ro\/pub\/direct-acquisitions\/list\/1\">e-licitatie.ro<\/a><\/figcaption><\/figure>\n\n\n\n<p>Banii au fost \u00eencasa\u021bi de <em>Divers Pit S.R.L<\/em>., o firm\u0103 cu sediul \u00eentr-un apartament din Sectorul 1 \u0219i care a fost \u00eenfiin\u021bat\u0103 \u00een 2002 de Dinc\u0103 Paul-Andry, iar conform Ministerului de Finan\u021be, \u00een 2019  avut doar 3 angaja\u021bi \u0219i se ocup\u0103 de instala\u021bii electrice. Mai mult, pe site-ul firmei este men\u021bionat c\u0103 echipa firmei ete format\u0103 din doar dou\u0103 persoane  <\/p>\n\n\n\n<figure class=\"wp-block-gallery columns-3 is-cropped wp-block-gallery-1 is-layout-flex wp-block-gallery-is-layout-flex\"><ul class=\"blocks-gallery-grid\"><li class=\"blocks-gallery-item\"><figure><a href=\"https:\/\/buletin.de\/bucuresti\/wp-content\/uploads\/firma-2-4.png\"><img decoding=\"async\" width=\"548\" height=\"577\" src=\"data:image\/gif;base64,R0lGODlhAQABAAAAACH5BAEKAAEALAAAAAABAAEAAAICTAEAOw==\" data-src=\"https:\/\/buletin.de\/bucuresti\/wp-content\/uploads\/firma-2-4.png\" alt=\"\" data-id=\"14642\" data-full-url=\"https:\/\/buletin.de\/bucuresti\/wp-content\/uploads\/firma-2-4.png\" data-link=\"https:\/\/buletin.de\/bucuresti\/?attachment_id=14642\" class=\"wp-image-14642 lazyload\" data-sizes=\"auto\" data-srcset=\"https:\/\/buletin.de\/bucuresti\/wp-content\/uploads\/firma-2-4.png 548w, https:\/\/buletin.de\/bucuresti\/wp-content\/uploads\/firma-2-4-285x300.png 285w, https:\/\/buletin.de\/bucuresti\/wp-content\/uploads\/firma-2-4-475x500.png 475w\" sizes=\"(max-width: 548px) 100vw, 548px\" \/><\/a><\/figure><\/li><li class=\"blocks-gallery-item\"><figure><a href=\"https:\/\/buletin.de\/bucuresti\/wp-content\/uploads\/firma-3-1.png\"><img loading=\"lazy\" decoding=\"async\" width=\"549\" height=\"518\" src=\"data:image\/gif;base64,R0lGODlhAQABAAAAACH5BAEKAAEALAAAAAABAAEAAAICTAEAOw==\" data-src=\"https:\/\/buletin.de\/bucuresti\/wp-content\/uploads\/firma-3-1.png\" alt=\"\" data-id=\"14644\" data-full-url=\"https:\/\/buletin.de\/bucuresti\/wp-content\/uploads\/firma-3-1.png\" data-link=\"https:\/\/buletin.de\/bucuresti\/?attachment_id=14644\" class=\"wp-image-14644 lazyload\" data-sizes=\"auto\" data-srcset=\"https:\/\/buletin.de\/bucuresti\/wp-content\/uploads\/firma-3-1.png 549w, https:\/\/buletin.de\/bucuresti\/wp-content\/uploads\/firma-3-1-300x283.png 300w, https:\/\/buletin.de\/bucuresti\/wp-content\/uploads\/firma-3-1-530x500.png 530w\" sizes=\"(max-width: 549px) 100vw, 549px\" \/><\/a><\/figure><\/li><li class=\"blocks-gallery-item\"><figure><a href=\"https:\/\/buletin.de\/bucuresti\/wp-content\/uploads\/firma-1-4.png\"><img loading=\"lazy\" decoding=\"async\" width=\"331\" height=\"534\" src=\"data:image\/gif;base64,R0lGODlhAQABAAAAACH5BAEKAAEALAAAAAABAAEAAAICTAEAOw==\" data-src=\"https:\/\/buletin.de\/bucuresti\/wp-content\/uploads\/firma-1-4.png\" alt=\"\" data-id=\"14643\" data-full-url=\"https:\/\/buletin.de\/bucuresti\/wp-content\/uploads\/firma-1-4.png\" data-link=\"https:\/\/buletin.de\/bucuresti\/?attachment_id=14643\" class=\"wp-image-14643 lazyload\" data-sizes=\"auto\" data-srcset=\"https:\/\/buletin.de\/bucuresti\/wp-content\/uploads\/firma-1-4.png 331w, https:\/\/buletin.de\/bucuresti\/wp-content\/uploads\/firma-1-4-186x300.png 186w, https:\/\/buletin.de\/bucuresti\/wp-content\/uploads\/firma-1-4-310x500.png 310w\" sizes=\"(max-width: 331px) 100vw, 331px\" \/><\/a><\/figure><\/li><\/ul><figcaption class=\"blocks-gallery-caption\">Sursa: <a href=\"https:\/\/www.mfinante.gov.ro\/infocodfiscal.html\">Ministerul Finan\u021belor Publice<\/a><\/figcaption><\/figure>\n\n\n\n<p>Pentru a afla cum a ajuns ca <em>Divers Pit S.R.L.<\/em> a primit direct aceste contracte l-am sunat pe Dinc\u0103 Paul-Andry, administratorul firmei, care a refuzat s\u0103 vorbeasc\u0103 cu noi, spun\u00e2nd c\u0103 nu are timp \u0219i nici nu \u0219tie c\u00e2nd va avea, dup\u0103 mai multe insisten\u021be ne-a spus s\u0103 revenim peste o s\u0103pt\u0103m\u00e2n\u0103, c\u00e2nd vom actualiza articolul cu r\u0103spunsul patronului. <\/p>\n\n\n\n<figure class=\"wp-block-pullquote\"><blockquote><p><strong>Reporter:<\/strong> V-am sunat pentru a discuta cu dumneavoatr\u0103 despre contractele \u00eencheiate \u00eentre comuna Chiajna \u0219i firma dumneavoastr\u0103, Divers Pit S.R.L. Ave\u021bi timp? <br><br><strong>Paul Dinc\u0103:<\/strong> Nu am timp, \u00eemi pare r\u0103u. <br><br><strong>R:<\/strong> Atunci, c\u00e2nd s\u0103 revin?<br><br><strong>P.D.:<\/strong> Nu \u0219tiu s\u0103 v\u0103 spun. <br><br><strong>R:<\/strong> Dac\u0103 nu dori\u021bi s\u0103 dicut\u0103m telefonic, putem s\u0103 ne \u00eent\u00e2lnim \u0219i s\u0103 discut\u0103m. <br><br><strong>P.D.: <\/strong>Nu \u0219tiu, \u00een momentul de fa\u021b\u0103 sunt \u00een mijlocul unei lucr\u0103ri \u0219i chiar nu pot s\u0103 vorbesc. \u00cemi pare r\u0103u. <br><br><strong>R.:<\/strong> Ok, dar nu \u00een\u021beleg cum nu pute\u021bi s\u0103-mi spune\u021bi o dat\u0103 \u00een care s\u0103 revin. <br><br><strong>P.D.:<\/strong> \u00cemi este foarte greu s\u0103 v\u0103 spun, eu nu am un program fix, am un program \u00een func\u021bie de cum am de lucru \u0219i \u00een acest moment chiar nu am timp. <br><br><strong>R:<\/strong> P\u0103i nu trebuie neap\u0103rat acum, dar s\u0103-mi pune\u021bi m\u0103car c\u00e2nd s\u0103 revin. <br><br><strong>P.D.:<\/strong> Nu \u0219tiu ce s\u0103 v\u0103 zic, mai reveni\u021bi peste o s\u0103pt\u0103m\u00e2n\u0103. <\/p><\/blockquote><\/figure>\n\n\n\n<p>Reporterii Buletin de Bucure\u0219ti au \u00eencercat \u00een repetate r\u00e2nduri s\u0103-l contacteze pe primarul comunei Chiajna, Mircea Minea, acesta nu a r\u0103spuns la niciun apel telefonic, \u00eens\u0103 a intrat c\u0103su\u021ba vocal\u0103 cu vocea primarului care spunea s\u0103 l\u0103s\u0103m mesaj vocal cu numele, f\u0103r\u0103 alte detalii. <\/p>\n\n\n\n<figure class=\"wp-block-audio\"><audio controls src=\"https:\/\/buletin.de\/bucuresti\/wp-content\/uploads\/Necunoscut_2020_11_02_15_35_01_1-online-audio-converter.com_.mp3\"><\/audio><\/figure>\n\n\n\n<p>\u00cen cele din urm\u0103, i-am l\u0103sat un mesaj scris primarului Mircea Minea. Nu a r\u0103spuns nici acestui mesaj, motiv pentru care am trimis \u00eentreb\u0103rile noastre printr-o cerere c\u0103tre Prim\u0103ria comunei Chiajna, vom actualiza articolul c\u00e2nd primim r\u0103spunsul Prim\u0103riei. <\/p>\n\n\n\n<figure class=\"wp-block-image size-large\"><img loading=\"lazy\" decoding=\"async\" width=\"720\" height=\"864\" src=\"data:image\/gif;base64,R0lGODlhAQABAAAAACH5BAEKAAEALAAAAAABAAEAAAICTAEAOw==\" data-src=\"https:\/\/buletin.de\/bucuresti\/wp-content\/uploads\/WhatsApp-Image-2020-11-02-at-16.21.50.jpeg\" alt=\"\" class=\"wp-image-14663 lazyload\" data-sizes=\"auto\" data-srcset=\"https:\/\/buletin.de\/bucuresti\/wp-content\/uploads\/WhatsApp-Image-2020-11-02-at-16.21.50.jpeg 720w, https:\/\/buletin.de\/bucuresti\/wp-content\/uploads\/WhatsApp-Image-2020-11-02-at-16.21.50-250x300.jpeg 250w, https:\/\/buletin.de\/bucuresti\/wp-content\/uploads\/WhatsApp-Image-2020-11-02-at-16.21.50-550x660.jpeg 550w, https:\/\/buletin.de\/bucuresti\/wp-content\/uploads\/WhatsApp-Image-2020-11-02-at-16.21.50-417x500.jpeg 417w, https:\/\/buletin.de\/bucuresti\/wp-content\/uploads\/WhatsApp-Image-2020-11-02-at-16.21.50-600x720.jpeg 600w\" sizes=\"(max-width: 720px) 100vw, 720px\" \/><\/figure>\n\n\n\n<p>Surs\u0103 Foto: Facebook\/Prim\u0103ria Chiajna <\/p>\n\n\n\n<div style=\"height:40px\" aria-hidden=\"true\" class=\"wp-block-spacer\"><\/div>\n\n\n\n<style>\n.disclaimerACF {\ndisplay: block;\nmax-width: 550px;\nmargin-top:-10px;\nmargin-left:auto;\nmargin-right:auto;\n}\n<\/style>\n\n\n\n<p class=\"disclaimerACF has-small-font-size\">Acest articol face parte din <strong><a href=\"https:\/\/buletin.de\/bucuresti\/buletin-de-bucuresti-in-pandemie\/\" data-type=\"URL\" data-id=\"https:\/\/buletin.de\/bucuresti\/buletin-de-bucuresti-in-pandemie\/\" target=\"_blank\" rel=\"noreferrer noopener\">\u201eBuletin de Bucure\u0219ti \u00een pandemie&#8221;<\/a>, <\/strong>o serie \u00een care investig\u0103m achizi\u021biile publice din jude\u021bul Ilfov \u0219i Bucure\u0219ti, \u00een contextul pandemiei Covid-19<\/p>\n\n\n\n<p class=\"has-text-align-left disclaimerACF\" style=\"font-size:12px\"><em>Proiect derulat de Asocia\u021bia Funky Citizens cu sprijinul financiar <a rel=\"noreferrer noopener\" aria-label=\"Active Citizens Fund Rom\u00e2nia (opens in a new tab)\" href=\"https:\/\/activecitizensfund.ro\" target=\"_blank\">Active Citizens Fund Rom\u00e2nia<\/a>, program finan\u021bat de Islanda, Liechtenstein \u0219i Norvegia prin Granturile SEE 2014-2021. Con\u021binutul acestui material nu reprezint\u0103 \u00een mod necesar pozi\u021bia oficial\u0103 a Granturilor SEE \u0219i Norvegiene 2014-2021; pentru mai multe informa\u021bii accesa\u021bi <a href=\"http:\/\/www.eeagrants.org\">www.eeagrants.org<\/a>. Informa\u021bii suplimentare pot fi g\u0103site pe paginile web&nbsp;<a href=\"http:\/\/www.activecitizensfund.ro\/\">www.activecitizensfund.ro<\/a>&nbsp;\u0219i&nbsp;<a href=\"http:\/\/www.eeagrants.org\/\">www.eeagrants.org<\/a>.<\/em><\/p>\n\n\n\n<p class=\"has-text-align-center\"><strong>Lucr\u0103m \u00eempreun\u0103 pentru o Europ\u0103&nbsp;<span style=\"color:#009b75\" class=\"has-inline-color\">verde<\/span>,&nbsp;<span style=\"color:#df4d3e\">competitiv\u0103<\/span>&nbsp;\u0219i&nbsp;<span style=\"color:#006ca7\">incluziv\u0103<\/span><\/strong>.<\/p>\n\n\n\n<p class=\"has-text-align-center\">Proiect derulat de<\/p>\n\n\n\n<div style=\"margin-top: -30px;\" class=\"wp-block-image\"><figure class=\"aligncenter size-large is-resized\"><img decoding=\"async\" src=\"data:image\/gif;base64,R0lGODlhAQABAAAAACH5BAEKAAEALAAAAAABAAEAAAICTAEAOw==\" data-src=\"https:\/\/buletin.de\/bucuresti\/wp-content\/uploads\/logo-funky-citizens-2016-1.png\" alt=\"\" class=\"wp-image-10395 lazyload\" width=\"200\" height=\"NaN\" data-sizes=\"auto\" data-srcset=\"https:\/\/buletin.de\/bucuresti\/wp-content\/uploads\/logo-funky-citizens-2016-1.png 650w, https:\/\/buletin.de\/bucuresti\/wp-content\/uploads\/logo-funky-citizens-2016-1-600x277.png 600w, https:\/\/buletin.de\/bucuresti\/wp-content\/uploads\/logo-funky-citizens-2016-1-300x138.png 300w, https:\/\/buletin.de\/bucuresti\/wp-content\/uploads\/logo-funky-citizens-2016-1-550x254.png 550w\" sizes=\"(max-width: 650px) 100vw, 650px\" \/><\/figure><\/div>\n","protected":false},"excerpt":{"rendered":"<p>Consiliul Local din Chiajna a \u00eencheiat din mai \u0219i p\u00e2n\u0103 \u00een iulie 4 contracte de peste 100 mii de euro pentru instalarea, \u00eentre\u021binerea \u0219i repararea a echipamentului video \u0219i de securitate din comun\u0103. Banii au au fot atribui\u021bi direct, f\u0103r\u0103 licita\u021bie public\u0103 \u0219i au intrat \u00een contul firmei Divers Pit S.R.L. Conform legii, orice achizi\u021bie [&hellip;]<\/p>\n","protected":false},"author":17,"featured_media":14666,"comment_status":"closed","ping_status":"open","sticky":false,"template":"","format":"standard","meta":{"_acf_changed":false,"inline_featured_image":false,"ngg_post_thumbnail":0,"footnotes":""},"categories":[1585],"tags":[176,720,991,820,1837],"ppma_author":[22576],"class_list":["post-14624","post","type-post","status-publish","format-standard","has-post-thumbnail","hentry","category-buletin-de-bucuresti-in-pandemie","tag-achizitii","tag-achizitii-in-pandemie","tag-chiajna","tag-ilfov","tag-supraveghere"],"acf":[],"yoast_head":"<!-- This site is optimized with the Yoast SEO Premium plugin v25.3 (Yoast SEO v27.4) - https:\/\/yoast.com\/product\/yoast-seo-premium-wordpress\/ -->\n<title>\u00cen plin\u0103 pandemie, comuna Chiajna a cheltuit peste 100 mii de euro pentru instalarea, \u00eentre\u021binerea \u0219i repararea a echipamentului video \u0219i de securitate - Buletin de Bucure\u0219ti<\/title>\n<meta name=\"robots\" content=\"index, follow, max-snippet:-1, max-image-preview:large, max-video-preview:-1\" \/>\n<link rel=\"canonical\" href=\"https:\/\/buletin.de\/bucuresti\/in-plina-pandemie-comuna-chiajna-a-cheltuit-peste-100-mii-de-euro-pentru-instalarea-intretinerea-si-repararea-a-echipamentului-video-si-de-securitate\/\" \/>\n<meta property=\"og:locale\" content=\"en_GB\" \/>\n<meta property=\"og:type\" content=\"article\" \/>\n<meta property=\"og:title\" content=\"\u00cen plin\u0103 pandemie, comuna Chiajna a cheltuit peste 100 mii de euro pentru instalarea, \u00eentre\u021binerea \u0219i repararea a echipamentului video \u0219i de securitate\" \/>\n<meta property=\"og:description\" content=\"Consiliul Local din Chiajna a \u00eencheiat din mai \u0219i p\u00e2n\u0103 \u00een iulie 4 contracte de peste 100 mii de euro pentru instalarea, \u00eentre\u021binerea \u0219i repararea a echipamentului video \u0219i de securitate din comun\u0103. Banii au au fot atribui\u021bi direct, f\u0103r\u0103 licita\u021bie public\u0103 \u0219i au intrat \u00een contul firmei Divers Pit S.R.L. Conform legii, orice achizi\u021bie [&hellip;]\" \/>\n<meta property=\"og:url\" content=\"https:\/\/buletin.de\/bucuresti\/in-plina-pandemie-comuna-chiajna-a-cheltuit-peste-100-mii-de-euro-pentru-instalarea-intretinerea-si-repararea-a-echipamentului-video-si-de-securitate\/\" \/>\n<meta property=\"og:site_name\" content=\"Buletin de Bucure\u0219ti\" \/>\n<meta property=\"article:publisher\" content=\"https:\/\/www.facebook.com\/buletin.de.buc\" \/>\n<meta property=\"article:published_time\" content=\"2020-11-09T07:30:15+00:00\" \/>\n<meta property=\"article:modified_time\" content=\"2020-11-09T08:56:00+00:00\" \/>\n<meta property=\"og:image\" content=\"https:\/\/buletin.de\/bucuresti\/wp-content\/uploads\/WhatsApp-Image-2020-11-02-at-16.28.49.jpeg\" \/>\n\t<meta property=\"og:image:width\" content=\"720\" \/>\n\t<meta property=\"og:image:height\" content=\"540\" \/>\n\t<meta property=\"og:image:type\" content=\"image\/jpeg\" \/>\n<meta name=\"author\" content=\"Florin R\u00e2\u0219teiu\" \/>\n<meta name=\"twitter:card\" content=\"summary_large_image\" \/>\n<meta name=\"twitter:label1\" content=\"Written by\" \/>\n\t<meta name=\"twitter:data1\" content=\"Florin R\u00e2\u0219teiu\" \/>\n\t<meta name=\"twitter:label2\" content=\"Estimated reading time\" \/>\n\t<meta name=\"twitter:data2\" content=\"3 minutes\" \/>\n<script type=\"application\/ld+json\" class=\"yoast-schema-graph\">{\"@context\":\"https:\\\/\\\/schema.org\",\"@graph\":[{\"@type\":\"Article\",\"@id\":\"https:\\\/\\\/buletin.de\\\/bucuresti\\\/in-plina-pandemie-comuna-chiajna-a-cheltuit-peste-100-mii-de-euro-pentru-instalarea-intretinerea-si-repararea-a-echipamentului-video-si-de-securitate\\\/#article\",\"isPartOf\":{\"@id\":\"https:\\\/\\\/buletin.de\\\/bucuresti\\\/in-plina-pandemie-comuna-chiajna-a-cheltuit-peste-100-mii-de-euro-pentru-instalarea-intretinerea-si-repararea-a-echipamentului-video-si-de-securitate\\\/\"},\"author\":{\"name\":\"Florin R\u00e2\u0219teiu\",\"@id\":\"https:\\\/\\\/buletin.de\\\/bucuresti\\\/#\\\/schema\\\/person\\\/b0686d7a8b666c6afc78239777fd8a89\"},\"headline\":\"\u00cen plin\u0103 pandemie, comuna Chiajna a cheltuit peste 100 mii de euro pentru instalarea, \u00eentre\u021binerea \u0219i repararea a echipamentului video \u0219i de securitate\",\"datePublished\":\"2020-11-09T07:30:15+00:00\",\"dateModified\":\"2020-11-09T08:56:00+00:00\",\"mainEntityOfPage\":{\"@id\":\"https:\\\/\\\/buletin.de\\\/bucuresti\\\/in-plina-pandemie-comuna-chiajna-a-cheltuit-peste-100-mii-de-euro-pentru-instalarea-intretinerea-si-repararea-a-echipamentului-video-si-de-securitate\\\/\"},\"wordCount\":640,\"publisher\":{\"@id\":\"https:\\\/\\\/buletin.de\\\/bucuresti\\\/#organization\"},\"image\":{\"@id\":\"https:\\\/\\\/buletin.de\\\/bucuresti\\\/in-plina-pandemie-comuna-chiajna-a-cheltuit-peste-100-mii-de-euro-pentru-instalarea-intretinerea-si-repararea-a-echipamentului-video-si-de-securitate\\\/#primaryimage\"},\"thumbnailUrl\":\"https:\\\/\\\/buletin.de\\\/bucuresti\\\/wp-content\\\/uploads\\\/WhatsApp-Image-2020-11-02-at-16.28.49.jpeg\",\"keywords\":[\"achizitii\",\"achizitii in pandemie\",\"chiajna\",\"Ilfov\",\"supraveghere\"],\"articleSection\":[\"Buletin de Bucure\u0219ti \u00een pandemie\"],\"inLanguage\":\"en-GB\",\"copyrightYear\":\"2020\",\"copyrightHolder\":{\"@id\":\"https:\\\/\\\/buletin.de\\\/bucuresti\\\/#organization\"}},{\"@type\":\"WebPage\",\"@id\":\"https:\\\/\\\/buletin.de\\\/bucuresti\\\/in-plina-pandemie-comuna-chiajna-a-cheltuit-peste-100-mii-de-euro-pentru-instalarea-intretinerea-si-repararea-a-echipamentului-video-si-de-securitate\\\/\",\"url\":\"https:\\\/\\\/buletin.de\\\/bucuresti\\\/in-plina-pandemie-comuna-chiajna-a-cheltuit-peste-100-mii-de-euro-pentru-instalarea-intretinerea-si-repararea-a-echipamentului-video-si-de-securitate\\\/\",\"name\":\"\u00cen plin\u0103 pandemie, comuna Chiajna a cheltuit peste 100 mii de euro pentru instalarea, \u00eentre\u021binerea \u0219i repararea a echipamentului video \u0219i de securitate - Buletin de Bucure\u0219ti\",\"isPartOf\":{\"@id\":\"https:\\\/\\\/buletin.de\\\/bucuresti\\\/#website\"},\"primaryImageOfPage\":{\"@id\":\"https:\\\/\\\/buletin.de\\\/bucuresti\\\/in-plina-pandemie-comuna-chiajna-a-cheltuit-peste-100-mii-de-euro-pentru-instalarea-intretinerea-si-repararea-a-echipamentului-video-si-de-securitate\\\/#primaryimage\"},\"image\":{\"@id\":\"https:\\\/\\\/buletin.de\\\/bucuresti\\\/in-plina-pandemie-comuna-chiajna-a-cheltuit-peste-100-mii-de-euro-pentru-instalarea-intretinerea-si-repararea-a-echipamentului-video-si-de-securitate\\\/#primaryimage\"},\"thumbnailUrl\":\"https:\\\/\\\/buletin.de\\\/bucuresti\\\/wp-content\\\/uploads\\\/WhatsApp-Image-2020-11-02-at-16.28.49.jpeg\",\"datePublished\":\"2020-11-09T07:30:15+00:00\",\"dateModified\":\"2020-11-09T08:56:00+00:00\",\"breadcrumb\":{\"@id\":\"https:\\\/\\\/buletin.de\\\/bucuresti\\\/in-plina-pandemie-comuna-chiajna-a-cheltuit-peste-100-mii-de-euro-pentru-instalarea-intretinerea-si-repararea-a-echipamentului-video-si-de-securitate\\\/#breadcrumb\"},\"inLanguage\":\"en-GB\",\"potentialAction\":[{\"@type\":\"ReadAction\",\"target\":[\"https:\\\/\\\/buletin.de\\\/bucuresti\\\/in-plina-pandemie-comuna-chiajna-a-cheltuit-peste-100-mii-de-euro-pentru-instalarea-intretinerea-si-repararea-a-echipamentului-video-si-de-securitate\\\/\"]}]},{\"@type\":\"ImageObject\",\"inLanguage\":\"en-GB\",\"@id\":\"https:\\\/\\\/buletin.de\\\/bucuresti\\\/in-plina-pandemie-comuna-chiajna-a-cheltuit-peste-100-mii-de-euro-pentru-instalarea-intretinerea-si-repararea-a-echipamentului-video-si-de-securitate\\\/#primaryimage\",\"url\":\"https:\\\/\\\/buletin.de\\\/bucuresti\\\/wp-content\\\/uploads\\\/WhatsApp-Image-2020-11-02-at-16.28.49.jpeg\",\"contentUrl\":\"https:\\\/\\\/buletin.de\\\/bucuresti\\\/wp-content\\\/uploads\\\/WhatsApp-Image-2020-11-02-at-16.28.49.jpeg\",\"width\":720,\"height\":540},{\"@type\":\"BreadcrumbList\",\"@id\":\"https:\\\/\\\/buletin.de\\\/bucuresti\\\/in-plina-pandemie-comuna-chiajna-a-cheltuit-peste-100-mii-de-euro-pentru-instalarea-intretinerea-si-repararea-a-echipamentului-video-si-de-securitate\\\/#breadcrumb\",\"itemListElement\":[{\"@type\":\"ListItem\",\"position\":1,\"name\":\"Acas\u0103\",\"item\":\"https:\\\/\\\/buletin.de\\\/bucuresti\\\/\"},{\"@type\":\"ListItem\",\"position\":2,\"name\":\"\u00cen plin\u0103 pandemie, comuna Chiajna a cheltuit peste 100 mii de euro pentru instalarea, \u00eentre\u021binerea \u0219i repararea a echipamentului video \u0219i de securitate\"}]},{\"@type\":\"WebSite\",\"@id\":\"https:\\\/\\\/buletin.de\\\/bucuresti\\\/#website\",\"url\":\"https:\\\/\\\/buletin.de\\\/bucuresti\\\/\",\"name\":\"Buletin de Bucure\u0219ti\",\"description\":\"\u0218tiri \u0219i investiga\u021bii esen\u021biale din capital\u0103\",\"publisher\":{\"@id\":\"https:\\\/\\\/buletin.de\\\/bucuresti\\\/#organization\"},\"potentialAction\":[{\"@type\":\"SearchAction\",\"target\":{\"@type\":\"EntryPoint\",\"urlTemplate\":\"https:\\\/\\\/buletin.de\\\/bucuresti\\\/?s={search_term_string}\"},\"query-input\":{\"@type\":\"PropertyValueSpecification\",\"valueRequired\":true,\"valueName\":\"search_term_string\"}}],\"inLanguage\":\"en-GB\"},{\"@type\":\"Organization\",\"@id\":\"https:\\\/\\\/buletin.de\\\/bucuresti\\\/#organization\",\"name\":\"Buletin de Bucure\u0219ti\",\"url\":\"https:\\\/\\\/buletin.de\\\/bucuresti\\\/\",\"logo\":{\"@type\":\"ImageObject\",\"inLanguage\":\"en-GB\",\"@id\":\"https:\\\/\\\/buletin.de\\\/bucuresti\\\/#\\\/schema\\\/logo\\\/image\\\/\",\"url\":\"https:\\\/\\\/buletin.de\\\/bucuresti\\\/wp-content\\\/uploads\\\/logo-bdb-full-wide-vernil-transparent.png\",\"contentUrl\":\"https:\\\/\\\/buletin.de\\\/bucuresti\\\/wp-content\\\/uploads\\\/logo-bdb-full-wide-vernil-transparent.png\",\"width\":1782,\"height\":626,\"caption\":\"Buletin de Bucure\u0219ti\"},\"image\":{\"@id\":\"https:\\\/\\\/buletin.de\\\/bucuresti\\\/#\\\/schema\\\/logo\\\/image\\\/\"},\"sameAs\":[\"https:\\\/\\\/www.facebook.com\\\/buletin.de.buc\",\"https:\\\/\\\/www.instagram.com\\\/buletinde.bucuresti\\\/\"]},{\"@type\":\"Person\",\"@id\":\"https:\\\/\\\/buletin.de\\\/bucuresti\\\/#\\\/schema\\\/person\\\/b0686d7a8b666c6afc78239777fd8a89\",\"name\":\"Florin R\u00e2\u0219teiu\",\"image\":{\"@type\":\"ImageObject\",\"inLanguage\":\"en-GB\",\"@id\":\"https:\\\/\\\/buletin.de\\\/bucuresti\\\/wp-content\\\/uploads\\\/Florin-Rasteiu-96x96.jpgf0a6fe28453aa12f0a60e4d0a2e3a78c\",\"url\":\"https:\\\/\\\/buletin.de\\\/bucuresti\\\/wp-content\\\/uploads\\\/Florin-Rasteiu-96x96.jpg\",\"contentUrl\":\"https:\\\/\\\/buletin.de\\\/bucuresti\\\/wp-content\\\/uploads\\\/Florin-Rasteiu-96x96.jpg\",\"caption\":\"Florin R\u00e2\u0219teiu\"},\"description\":\"Jurnalist de investiga\u021bie. Lucreaz\u0103 de aproape 6 ani la Buletin de Bucure\u0219ti, unde a publicat articole care scot la suprafa\u021b\u0103 corup\u021bia din Capital\u0103. Analizeaz\u0103 baze de date zilnic \u0219i scoate pove\u0219ti din exceluri pline de cifre. Pune reflectorul pe adev\u0103r cu fiecare ocazie. A c\u00e2\u0219tigat premiul I la categoria Pres\u0103 Local\u0103 \u00een 2025 \u0219i locul al II-lea la aceea\u0219i categorie \u00een 2024 \u00een cadrul Premiilor Superscrieri pentru jurnalism independent.\",\"url\":\"https:\\\/\\\/buletin.de\\\/bucuresti\\\/author\\\/florinrasteiu\\\/\"}]}<\/script>\n<!-- \/ Yoast SEO Premium plugin. -->","yoast_head_json":{"title":"\u00cen plin\u0103 pandemie, comuna Chiajna a cheltuit peste 100 mii de euro pentru instalarea, \u00eentre\u021binerea \u0219i repararea a echipamentului video \u0219i de securitate - Buletin de Bucure\u0219ti","robots":{"index":"index","follow":"follow","max-snippet":"max-snippet:-1","max-image-preview":"max-image-preview:large","max-video-preview":"max-video-preview:-1"},"canonical":"https:\/\/buletin.de\/bucuresti\/in-plina-pandemie-comuna-chiajna-a-cheltuit-peste-100-mii-de-euro-pentru-instalarea-intretinerea-si-repararea-a-echipamentului-video-si-de-securitate\/","og_locale":"en_GB","og_type":"article","og_title":"\u00cen plin\u0103 pandemie, comuna Chiajna a cheltuit peste 100 mii de euro pentru instalarea, \u00eentre\u021binerea \u0219i repararea a echipamentului video \u0219i de securitate","og_description":"Consiliul Local din Chiajna a \u00eencheiat din mai \u0219i p\u00e2n\u0103 \u00een iulie 4 contracte de peste 100 mii de euro pentru instalarea, \u00eentre\u021binerea \u0219i repararea a echipamentului video \u0219i de securitate din comun\u0103. Banii au au fot atribui\u021bi direct, f\u0103r\u0103 licita\u021bie public\u0103 \u0219i au intrat \u00een contul firmei Divers Pit S.R.L. Conform legii, orice achizi\u021bie [&hellip;]","og_url":"https:\/\/buletin.de\/bucuresti\/in-plina-pandemie-comuna-chiajna-a-cheltuit-peste-100-mii-de-euro-pentru-instalarea-intretinerea-si-repararea-a-echipamentului-video-si-de-securitate\/","og_site_name":"Buletin de Bucure\u0219ti","article_publisher":"https:\/\/www.facebook.com\/buletin.de.buc","article_published_time":"2020-11-09T07:30:15+00:00","article_modified_time":"2020-11-09T08:56:00+00:00","og_image":[{"width":720,"height":540,"url":"https:\/\/buletin.de\/bucuresti\/wp-content\/uploads\/WhatsApp-Image-2020-11-02-at-16.28.49.jpeg","type":"image\/jpeg"}],"author":"Florin R\u00e2\u0219teiu","twitter_card":"summary_large_image","twitter_misc":{"Written by":"Florin R\u00e2\u0219teiu","Estimated reading time":"3 minutes"},"schema":{"@context":"https:\/\/schema.org","@graph":[{"@type":"Article","@id":"https:\/\/buletin.de\/bucuresti\/in-plina-pandemie-comuna-chiajna-a-cheltuit-peste-100-mii-de-euro-pentru-instalarea-intretinerea-si-repararea-a-echipamentului-video-si-de-securitate\/#article","isPartOf":{"@id":"https:\/\/buletin.de\/bucuresti\/in-plina-pandemie-comuna-chiajna-a-cheltuit-peste-100-mii-de-euro-pentru-instalarea-intretinerea-si-repararea-a-echipamentului-video-si-de-securitate\/"},"author":{"name":"Florin R\u00e2\u0219teiu","@id":"https:\/\/buletin.de\/bucuresti\/#\/schema\/person\/b0686d7a8b666c6afc78239777fd8a89"},"headline":"\u00cen plin\u0103 pandemie, comuna Chiajna a cheltuit peste 100 mii de euro pentru instalarea, \u00eentre\u021binerea \u0219i repararea a echipamentului video \u0219i de securitate","datePublished":"2020-11-09T07:30:15+00:00","dateModified":"2020-11-09T08:56:00+00:00","mainEntityOfPage":{"@id":"https:\/\/buletin.de\/bucuresti\/in-plina-pandemie-comuna-chiajna-a-cheltuit-peste-100-mii-de-euro-pentru-instalarea-intretinerea-si-repararea-a-echipamentului-video-si-de-securitate\/"},"wordCount":640,"publisher":{"@id":"https:\/\/buletin.de\/bucuresti\/#organization"},"image":{"@id":"https:\/\/buletin.de\/bucuresti\/in-plina-pandemie-comuna-chiajna-a-cheltuit-peste-100-mii-de-euro-pentru-instalarea-intretinerea-si-repararea-a-echipamentului-video-si-de-securitate\/#primaryimage"},"thumbnailUrl":"https:\/\/buletin.de\/bucuresti\/wp-content\/uploads\/WhatsApp-Image-2020-11-02-at-16.28.49.jpeg","keywords":["achizitii","achizitii in pandemie","chiajna","Ilfov","supraveghere"],"articleSection":["Buletin de Bucure\u0219ti \u00een pandemie"],"inLanguage":"en-GB","copyrightYear":"2020","copyrightHolder":{"@id":"https:\/\/buletin.de\/bucuresti\/#organization"}},{"@type":"WebPage","@id":"https:\/\/buletin.de\/bucuresti\/in-plina-pandemie-comuna-chiajna-a-cheltuit-peste-100-mii-de-euro-pentru-instalarea-intretinerea-si-repararea-a-echipamentului-video-si-de-securitate\/","url":"https:\/\/buletin.de\/bucuresti\/in-plina-pandemie-comuna-chiajna-a-cheltuit-peste-100-mii-de-euro-pentru-instalarea-intretinerea-si-repararea-a-echipamentului-video-si-de-securitate\/","name":"\u00cen plin\u0103 pandemie, comuna Chiajna a cheltuit peste 100 mii de euro pentru instalarea, \u00eentre\u021binerea \u0219i repararea a echipamentului video \u0219i de securitate - Buletin de Bucure\u0219ti","isPartOf":{"@id":"https:\/\/buletin.de\/bucuresti\/#website"},"primaryImageOfPage":{"@id":"https:\/\/buletin.de\/bucuresti\/in-plina-pandemie-comuna-chiajna-a-cheltuit-peste-100-mii-de-euro-pentru-instalarea-intretinerea-si-repararea-a-echipamentului-video-si-de-securitate\/#primaryimage"},"image":{"@id":"https:\/\/buletin.de\/bucuresti\/in-plina-pandemie-comuna-chiajna-a-cheltuit-peste-100-mii-de-euro-pentru-instalarea-intretinerea-si-repararea-a-echipamentului-video-si-de-securitate\/#primaryimage"},"thumbnailUrl":"https:\/\/buletin.de\/bucuresti\/wp-content\/uploads\/WhatsApp-Image-2020-11-02-at-16.28.49.jpeg","datePublished":"2020-11-09T07:30:15+00:00","dateModified":"2020-11-09T08:56:00+00:00","breadcrumb":{"@id":"https:\/\/buletin.de\/bucuresti\/in-plina-pandemie-comuna-chiajna-a-cheltuit-peste-100-mii-de-euro-pentru-instalarea-intretinerea-si-repararea-a-echipamentului-video-si-de-securitate\/#breadcrumb"},"inLanguage":"en-GB","potentialAction":[{"@type":"ReadAction","target":["https:\/\/buletin.de\/bucuresti\/in-plina-pandemie-comuna-chiajna-a-cheltuit-peste-100-mii-de-euro-pentru-instalarea-intretinerea-si-repararea-a-echipamentului-video-si-de-securitate\/"]}]},{"@type":"ImageObject","inLanguage":"en-GB","@id":"https:\/\/buletin.de\/bucuresti\/in-plina-pandemie-comuna-chiajna-a-cheltuit-peste-100-mii-de-euro-pentru-instalarea-intretinerea-si-repararea-a-echipamentului-video-si-de-securitate\/#primaryimage","url":"https:\/\/buletin.de\/bucuresti\/wp-content\/uploads\/WhatsApp-Image-2020-11-02-at-16.28.49.jpeg","contentUrl":"https:\/\/buletin.de\/bucuresti\/wp-content\/uploads\/WhatsApp-Image-2020-11-02-at-16.28.49.jpeg","width":720,"height":540},{"@type":"BreadcrumbList","@id":"https:\/\/buletin.de\/bucuresti\/in-plina-pandemie-comuna-chiajna-a-cheltuit-peste-100-mii-de-euro-pentru-instalarea-intretinerea-si-repararea-a-echipamentului-video-si-de-securitate\/#breadcrumb","itemListElement":[{"@type":"ListItem","position":1,"name":"Acas\u0103","item":"https:\/\/buletin.de\/bucuresti\/"},{"@type":"ListItem","position":2,"name":"\u00cen plin\u0103 pandemie, comuna Chiajna a cheltuit peste 100 mii de euro pentru instalarea, \u00eentre\u021binerea \u0219i repararea a echipamentului video \u0219i de securitate"}]},{"@type":"WebSite","@id":"https:\/\/buletin.de\/bucuresti\/#website","url":"https:\/\/buletin.de\/bucuresti\/","name":"Buletin de Bucure\u0219ti","description":"\u0218tiri \u0219i investiga\u021bii esen\u021biale din capital\u0103","publisher":{"@id":"https:\/\/buletin.de\/bucuresti\/#organization"},"potentialAction":[{"@type":"SearchAction","target":{"@type":"EntryPoint","urlTemplate":"https:\/\/buletin.de\/bucuresti\/?s={search_term_string}"},"query-input":{"@type":"PropertyValueSpecification","valueRequired":true,"valueName":"search_term_string"}}],"inLanguage":"en-GB"},{"@type":"Organization","@id":"https:\/\/buletin.de\/bucuresti\/#organization","name":"Buletin de Bucure\u0219ti","url":"https:\/\/buletin.de\/bucuresti\/","logo":{"@type":"ImageObject","inLanguage":"en-GB","@id":"https:\/\/buletin.de\/bucuresti\/#\/schema\/logo\/image\/","url":"https:\/\/buletin.de\/bucuresti\/wp-content\/uploads\/logo-bdb-full-wide-vernil-transparent.png","contentUrl":"https:\/\/buletin.de\/bucuresti\/wp-content\/uploads\/logo-bdb-full-wide-vernil-transparent.png","width":1782,"height":626,"caption":"Buletin de Bucure\u0219ti"},"image":{"@id":"https:\/\/buletin.de\/bucuresti\/#\/schema\/logo\/image\/"},"sameAs":["https:\/\/www.facebook.com\/buletin.de.buc","https:\/\/www.instagram.com\/buletinde.bucuresti\/"]},{"@type":"Person","@id":"https:\/\/buletin.de\/bucuresti\/#\/schema\/person\/b0686d7a8b666c6afc78239777fd8a89","name":"Florin R\u00e2\u0219teiu","image":{"@type":"ImageObject","inLanguage":"en-GB","@id":"https:\/\/buletin.de\/bucuresti\/wp-content\/uploads\/Florin-Rasteiu-96x96.jpgf0a6fe28453aa12f0a60e4d0a2e3a78c","url":"https:\/\/buletin.de\/bucuresti\/wp-content\/uploads\/Florin-Rasteiu-96x96.jpg","contentUrl":"https:\/\/buletin.de\/bucuresti\/wp-content\/uploads\/Florin-Rasteiu-96x96.jpg","caption":"Florin R\u00e2\u0219teiu"},"description":"Jurnalist de investiga\u021bie. Lucreaz\u0103 de aproape 6 ani la Buletin de Bucure\u0219ti, unde a publicat articole care scot la suprafa\u021b\u0103 corup\u021bia din Capital\u0103. Analizeaz\u0103 baze de date zilnic \u0219i scoate pove\u0219ti din exceluri pline de cifre. Pune reflectorul pe adev\u0103r cu fiecare ocazie. A c\u00e2\u0219tigat premiul I la categoria Pres\u0103 Local\u0103 \u00een 2025 \u0219i locul al II-lea la aceea\u0219i categorie \u00een 2024 \u00een cadrul Premiilor Superscrieri pentru jurnalism independent.","url":"https:\/\/buletin.de\/bucuresti\/author\/florinrasteiu\/"}]}},"authors":[{"term_id":22576,"user_id":17,"is_guest":0,"slug":"florinrasteiu","display_name":"Florin R\u00e2\u0219teiu","avatar_url":"https:\/\/buletin.de\/bucuresti\/wp-content\/uploads\/Florin-Rasteiu-96x96.jpg","0":null,"1":"","2":"","3":"","4":"","5":"","6":"","7":"","8":""}],"_links":{"self":[{"href":"https:\/\/buletin.de\/bucuresti\/wp-json\/wp\/v2\/posts\/14624","targetHints":{"allow":["GET"]}}],"collection":[{"href":"https:\/\/buletin.de\/bucuresti\/wp-json\/wp\/v2\/posts"}],"about":[{"href":"https:\/\/buletin.de\/bucuresti\/wp-json\/wp\/v2\/types\/post"}],"author":[{"embeddable":true,"href":"https:\/\/buletin.de\/bucuresti\/wp-json\/wp\/v2\/users\/17"}],"replies":[{"embeddable":true,"href":"https:\/\/buletin.de\/bucuresti\/wp-json\/wp\/v2\/comments?post=14624"}],"version-history":[{"count":6,"href":"https:\/\/buletin.de\/bucuresti\/wp-json\/wp\/v2\/posts\/14624\/revisions"}],"predecessor-version":[{"id":14922,"href":"https:\/\/buletin.de\/bucuresti\/wp-json\/wp\/v2\/posts\/14624\/revisions\/14922"}],"wp:featuredmedia":[{"embeddable":true,"href":"https:\/\/buletin.de\/bucuresti\/wp-json\/wp\/v2\/media\/14666"}],"wp:attachment":[{"href":"https:\/\/buletin.de\/bucuresti\/wp-json\/wp\/v2\/media?parent=14624"}],"wp:term":[{"taxonomy":"category","embeddable":true,"href":"https:\/\/buletin.de\/bucuresti\/wp-json\/wp\/v2\/categories?post=14624"},{"taxonomy":"post_tag","embeddable":true,"href":"https:\/\/buletin.de\/bucuresti\/wp-json\/wp\/v2\/tags?post=14624"},{"taxonomy":"author","embeddable":true,"href":"https:\/\/buletin.de\/bucuresti\/wp-json\/wp\/v2\/ppma_author?post=14624"}],"curies":[{"name":"wp","href":"https:\/\/api.w.org\/{rel}","templated":true}]}}