{"id":146097,"date":"2025-08-31T11:05:24","date_gmt":"2025-08-31T08:05:24","guid":{"rendered":"https:\/\/buletin.de\/bucuresti\/?p=146097"},"modified":"2025-08-31T11:37:59","modified_gmt":"2025-08-31T08:37:59","slug":"alegeri-la-primaria-capitalei-daniel-baluta-si-ciprian-ciucu-la-egalitate-intr-un-sondaj-avangarde","status":"publish","type":"post","link":"https:\/\/buletin.de\/bucuresti\/alegeri-la-primaria-capitalei-daniel-baluta-si-ciprian-ciucu-la-egalitate-intr-un-sondaj-avangarde\/","title":{"rendered":"Alegeri la Prim\u0103ria Capitalei | Daniel B\u0103lu\u021b\u0103 \u0219i Ciprian Ciucu, la egalitate \u00eentr-un sondaj Avangarde"},"content":{"rendered":"\n<p><strong>Daniel B\u0103lu\u021b\u0103 (PSD) \u0219i Ciprian Ciucu (PNL) sunt la egalitate \u00eentr-un sondaj <a href=\"https:\/\/grupul-avangarde.ro\/\" target=\"_blank\" rel=\"noreferrer noopener\">Avangarde<\/a> despre op\u021biunile bucure\u0219tenilor pentru func\u021bia de primar al Capitalei. C\u00e2te 25% dintre responden\u021bi i-au ales pe cei doi primari de sector.<\/strong><\/p>\n\n\n\n<p>C\u0103t\u0103lin Drul\u0103 (USR) este pe locul trei \u00een barometrul publicat duminic\u0103, cu 20% dintre op\u021biuni \u0219i independenta Anca Alexandrescu cu 18%.<\/p>\n\n\n\n<p>Pe ei \u00eei urmeaz\u0103 Vlad Gheorghe (DREPT), cu 5%, Ana Ciceal\u0103 (SENS), cu 2% \u0219i independentul Octavian Berceanu, tot cu 2%.<\/p>\n\n\n\n<figure class=\"wp-block-image size-full\"><a href=\"https:\/\/buletin.de\/bucuresti\/wp-content\/uploads\/2025\/08\/image-73.jpg\"><img fetchpriority=\"high\" decoding=\"async\" width=\"1128\" height=\"534\" src=\"data:image\/gif;base64,R0lGODlhAQABAAAAACH5BAEKAAEALAAAAAABAAEAAAICTAEAOw==\" data-src=\"https:\/\/buletin.de\/bucuresti\/wp-content\/uploads\/2025\/08\/image-73.jpg\" alt=\"\" class=\"wp-image-146101 lazyload\" data-sizes=\"auto\" data-srcset=\"https:\/\/buletin.de\/bucuresti\/wp-content\/uploads\/2025\/08\/image-73.jpg 1128w, https:\/\/buletin.de\/bucuresti\/wp-content\/uploads\/2025\/08\/image-73-300x142.jpg 300w, https:\/\/buletin.de\/bucuresti\/wp-content\/uploads\/2025\/08\/image-73-1000x473.jpg 1000w, https:\/\/buletin.de\/bucuresti\/wp-content\/uploads\/2025\/08\/image-73-768x364.jpg 768w, https:\/\/buletin.de\/bucuresti\/wp-content\/uploads\/2025\/08\/image-73-1100x521.jpg 1100w, https:\/\/buletin.de\/bucuresti\/wp-content\/uploads\/2025\/08\/image-73-600x284.jpg 600w, https:\/\/buletin.de\/bucuresti\/wp-content\/uploads\/2025\/08\/image-73-20x9.jpg 20w\" sizes=\"(max-width: 1128px) 100vw, 1128px\" \/><\/a><figcaption class=\"wp-element-caption\">Daniel B\u0103lu\u021b\u0103 \u0219i Ciprian Ciucu, la egalitate \u00een sondajul de opinie realizat de Avangarde<\/figcaption><\/figure>\n\n\n\n<p><strong>CITE\u0218TE \u0218I: <a href=\"https:\/\/buletin.de\/bucuresti\/certurile-din-coalitia-de-guvernare-amana-alegerile-pentru-primaria-bucuresti-cand-va-fi-stabilita-data-scrutinului\/\">Certurile din coali\u021bia de guvernare am\u00e2n\u0103 alegerile pentru Prim\u0103ria Bucure\u0219ti. C\u00e2nd va fi stabilit\u0103 data scrutinului<\/a><\/strong><\/p>\n\n\n\n<h2 class=\"wp-block-heading\" id=\"h-usr-\u0219i-aur-in-topul-preferin\u021belor-pentru-parlamentare\">USR \u0219i AUR, \u00een topul preferin\u021belor pentru Parlamentare<\/h2>\n\n\n\n<p>Dac\u0103 duminica viitoare ar avea loc alegeri pentru Parlamentul Rom\u00e2niei, USR ar ob\u021bine cele mai multe voturi \u00een Bucure\u0219ti.<\/p>\n\n\n\n<p>Conform datelor, 25% dintre responden\u021bi ar vota cu USR, \u00een timp ce AUR se situeaz\u0103 pe locul al doilea, cu 23%, urmat de PSD, cu 20%. Pe pozi\u021bia a patra se afl\u0103 PNL, cu 18% din inten\u021biile de vot.<\/p>\n\n\n\n<figure class=\"wp-block-image size-full\"><a href=\"https:\/\/buletin.de\/bucuresti\/wp-content\/uploads\/2025\/08\/image-76.jpg\"><img decoding=\"async\" width=\"1097\" height=\"540\" src=\"data:image\/gif;base64,R0lGODlhAQABAAAAACH5BAEKAAEALAAAAAABAAEAAAICTAEAOw==\" data-src=\"https:\/\/buletin.de\/bucuresti\/wp-content\/uploads\/2025\/08\/image-76.jpg\" alt=\"Alegeri la Prim\u0103ria Capitalei\" class=\"wp-image-146105 lazyload\" data-sizes=\"auto\" data-srcset=\"https:\/\/buletin.de\/bucuresti\/wp-content\/uploads\/2025\/08\/image-76.jpg 1097w, https:\/\/buletin.de\/bucuresti\/wp-content\/uploads\/2025\/08\/image-76-300x148.jpg 300w, https:\/\/buletin.de\/bucuresti\/wp-content\/uploads\/2025\/08\/image-76-1000x492.jpg 1000w, https:\/\/buletin.de\/bucuresti\/wp-content\/uploads\/2025\/08\/image-76-768x378.jpg 768w, https:\/\/buletin.de\/bucuresti\/wp-content\/uploads\/2025\/08\/image-76-600x295.jpg 600w, https:\/\/buletin.de\/bucuresti\/wp-content\/uploads\/2025\/08\/image-76-20x10.jpg 20w\" sizes=\"(max-width: 1097px) 100vw, 1097px\" \/><\/a><figcaption class=\"wp-element-caption\">Sondaj de opinie realizat de Avangarde<\/figcaption><\/figure>\n\n\n\n<h2 class=\"wp-block-heading\" id=\"h-ce-investi\u021bii-vor-bucure\u0219tenii\">Ce investi\u021bii vor bucure\u0219tenii<\/h2>\n\n\n\n<p>Bucure\u0219tenii consider\u0103 infrastructura rutier\u0103 (22%) \u0219i aglomerarea \u00een trafic (18%) drept cele mai importante probleme ale ora\u0219ului. Pe locurile urm\u0103toare se afl\u0103 politicul (9%), poluarea (8%), s\u0103n\u0103tatea (8%) \u0219i educa\u021bia (8%).<\/p>\n\n\n\n<p>De asemenea, sunt men\u021bionate \u0219i locurile de parcare (6%), consumul de droguri (5%), termoficarea (5%) \u0219i spa\u021biile verzi (4%). Doar 2% dintre responden\u021bi au indicat infrastructura pietonal\u0103 drept problem\u0103 major\u0103.<\/p>\n\n\n\n<p>\u00cen privin\u021ba investi\u021biilor prioritare, aproape o treime dintre responden\u021bi (29%) consider\u0103 c\u0103 Bucure\u0219tiul are nevoie urgent\u0103 de un spital nou.<\/p>\n\n\n\n<p>Pe locul doi este finalizarea centurii A0 (18%), urmat\u0103 de schimbarea conductelor de termoficare (16%), construirea de parc\u0103ri (11%) \u0219i modernizarea str\u0103zilor din cartiere (8%).<\/p>\n\n\n\n<p>E\u0219antionul sondajului a fost de 1.070 de persoane, iar datele au fost culese prin interviuri telefonice \u00een perioada 22.08 &#8211; 30.08. Marja de eroare este de \u00b1 3,2%.<\/p>\n\n\n\n<p><strong>CITE\u0218TE \u0218I:<\/strong> <strong><a href=\"https:\/\/buletin.de\/bucuresti\/uniforme-purtate-la-batalia-dintre-baneasa-si-otopeni-din-1944-in-deschiderea-bias-2025-drapelul-a-fost-ridicat-de-parasutisti-din-cel-de-al-doilea-razboi-mondial\/\">Uniforme purtate la \u201eb\u0103t\u0103lia dintre B\u0103neasa \u0219i Otopeni\u201d din 1944, \u00een deschiderea BIAS 2025. Drapelul a fost ridicat de \u201epara\u0219uti\u0219ti\u201d din cel de-Al Doilea R\u0103zboi Mondial<\/a><\/strong><\/p>\n\n\n\n<h2 class=\"wp-block-heading\" id=\"h-cine-candideaza-la-primaria-capitalei\">Cine candideaz\u0103 la Prim\u0103ria Capitalei<\/h2>\n\n\n\n<p><strong>Primul care \u0219i-a anun\u021bat candidatura pentru scaunul de edil al Capitalei a fost Dan Trifu, vicepre\u0219edintele funda\u021biei Eco-Civica.<\/strong><\/p>\n\n\n\n<p>Acesta activeaz\u0103 din 1998 \u00een cadrul Funda\u021biei Eco-Civica, un ONG dedicat protej\u0103rii mediului, patrimoniului istoric \u0219i drepturilor omului \u0219i a luptat \u00eempotriva abuzurilor urbanistice \u0219i arhitecturale.<\/p>\n\n\n\n<p>Ecocivica a fost printre primele ONG-uri care au ap\u0103rat spa\u021biile verzi din Bucure\u0219ti de dezvoltatorii imobiliari, al\u0103turi de Asocia\u021bia Salva\u021bi Bucure\u0219tiul. \u00cen ultimii ani, funda\u021bia s-a constituit parte civil\u0103 \u00een multe litigii ale municipalit\u0103\u021bii pe spe\u021be care \u021bin de urbanism.<\/p>\n\n\n\n<p><strong>Al doilea anun\u0163 a venit din partea candidatului REPER, Octavian Berceanu, fost \u015fef al G\u0103rzii Na\u021bionale de Mediu.<\/strong><\/p>\n\n\n\n<p>\u201eIubesc Bucure\u0219tiul! M-am n\u0103scut \u0219i am crescut \u00een Bucure\u0219ti, hr\u0103nit de energia oamenilor care \u00eel umplu cu via\u021b\u0103 \u0219i speran\u021b\u0103. Deciziile noastre construiesc Bucure\u0219tiul, cu bune \u0219i cu rele, cu fiecare voce pe care o auzim \u0219i care are ecou \u00een vie\u021bile celorlal\u021bi\u201d, a transmis Octavian Berceanu, candidatul REPER la Prim\u0103ria Capitalei.<\/p>\n\n\n\n<p><strong>La finalul lunii trecute, Ana Ciceal\u0103 a anun\u021bat c\u0103 candideaz\u0103 la Prim\u0103ria Capitalei, din partea partidelor SENS \u0219i URS (Uniunea pentru Reforma Statului).<\/strong><\/p>\n\n\n\n<p>Ciceal\u0103 a venit \u00een Capital\u0103 \u00een 2002, din Craiova, pentru a studia la Facultatea de Filosofie a Universit\u0103\u021bii din Bucure\u0219ti, fiind licen\u021biat\u0103 \u00een Filosofie politic\u0103 \u015fi moral\u0103. \u00cenainte de a se al\u0103tura mi\u0219c\u0103rii SENS, a mai f\u0103cut parte din partidul USR.<\/p>\n\n\n\n<p>A avut dou\u0103 mandate de consilier general, iar la alegerile locale din iunie 2024, a candidat pentru Prim\u0103ria Sectorului 3, \u00eens\u0103 a pierdut \u00een fa\u021ba edilului Robert Negoi\u021b\u0103 (PSD), ob\u021bin\u00e2nd 16,13% din voturile exprimate.<\/p>\n\n\n\n<p><strong>CITE\u0218TE \u0218I: <a href=\"https:\/\/buletin.de\/bucuresti\/diana-buzoianu-padurea-baneasa-trebuie-sa-fie-arie-naturala-protejata-federatia-locuitorilor-din-cartierul-greenfield-ii-scrisese-ministrei-sa-faca-lobby-pentru-drumul-prin-padure\/\">Diana Buzoianu: P\u0103durea B\u0103neasa trebuie s\u0103 fie arie natural\u0103 protejat\u0103! Federa\u021bia locuitorilor din cartierul Greenfield \u00eei scrisese ministrei, s\u0103 fac\u0103 lobby pentru drumul prin p\u0103dure<\/a><\/strong><\/p>\n","protected":false},"excerpt":{"rendered":"<p>Daniel B\u0103lu\u021b\u0103 (PSD) \u0219i Ciprian Ciucu (PNL) sunt la egalitate \u00eentr-un sondaj Avangarde despre op\u021biunile bucure\u0219tenilor pentru func\u021bia de primar al Capitalei. C\u00e2te 25% dintre responden\u021bi i-au ales pe cei doi primari de sector. C\u0103t\u0103lin Drul\u0103 (USR) este pe locul trei \u00een barometrul publicat duminic\u0103, cu 20% dintre op\u021biuni \u0219i independenta Anca Alexandrescu cu 18%. [&hellip;]<\/p>\n","protected":false},"author":59,"featured_media":146106,"comment_status":"closed","ping_status":"open","sticky":false,"template":"","format":"standard","meta":{"_acf_changed":false,"inline_featured_image":false,"ngg_post_thumbnail":0,"footnotes":""},"categories":[6994,5762,9025,24],"tags":[625,2054,225],"ppma_author":[22572],"class_list":["post-146097","post","type-post","status-publish","format-standard","has-post-thumbnail","hentry","category-stiri-2","category-main","category-politic","category-primarie","tag-alegeri-bucuresti","tag-capitala","tag-primar"],"acf":[],"yoast_head":"<!-- This site is optimized with the Yoast SEO Premium plugin v25.3 (Yoast SEO v27.4) - https:\/\/yoast.com\/product\/yoast-seo-premium-wordpress\/ -->\n<title>Alegeri la Prim\u0103ria Capitalei | Daniel B\u0103lu\u021b\u0103 \u0219i Ciprian Ciucu, la egalitate \u00eentr-un sondaj Avangarde - Buletin de Bucure\u0219ti<\/title>\n<meta name=\"description\" content=\"Alegeri la Prim\u0103ria Capitalei | Daniel B\u0103lu\u021b\u0103 \u0219i Ciprian Ciucu, la egalitate \u00eentr-un sondaj Avangarde. Ce au r\u0103spuns bucurestenii.\" \/>\n<meta name=\"robots\" content=\"index, follow, max-snippet:-1, max-image-preview:large, max-video-preview:-1\" \/>\n<link rel=\"canonical\" href=\"https:\/\/buletin.de\/bucuresti\/alegeri-la-primaria-capitalei-daniel-baluta-si-ciprian-ciucu-la-egalitate-intr-un-sondaj-avangarde\/\" \/>\n<meta property=\"og:locale\" content=\"en_GB\" \/>\n<meta property=\"og:type\" content=\"article\" \/>\n<meta property=\"og:title\" content=\"Alegeri la Prim\u0103ria Capitalei | Daniel B\u0103lu\u021b\u0103 \u0219i Ciprian Ciucu, la egalitate \u00eentr-un sondaj Avangarde\" \/>\n<meta property=\"og:description\" content=\"Alegeri la Prim\u0103ria Capitalei | Daniel B\u0103lu\u021b\u0103 \u0219i Ciprian Ciucu, la egalitate \u00eentr-un sondaj Avangarde. Ce au r\u0103spuns bucurestenii.\" \/>\n<meta property=\"og:url\" content=\"https:\/\/buletin.de\/bucuresti\/alegeri-la-primaria-capitalei-daniel-baluta-si-ciprian-ciucu-la-egalitate-intr-un-sondaj-avangarde\/\" \/>\n<meta property=\"og:site_name\" content=\"Buletin de Bucure\u0219ti\" \/>\n<meta property=\"article:publisher\" content=\"https:\/\/www.facebook.com\/buletin.de.buc\" \/>\n<meta property=\"article:published_time\" content=\"2025-08-31T08:05:24+00:00\" \/>\n<meta property=\"article:modified_time\" content=\"2025-08-31T08:37:59+00:00\" \/>\n<meta property=\"og:image\" content=\"https:\/\/buletin.de\/bucuresti\/wp-content\/uploads\/2025\/08\/primariabucuresti-1.jpg\" \/>\n\t<meta property=\"og:image:width\" content=\"1600\" \/>\n\t<meta property=\"og:image:height\" content=\"1066\" \/>\n\t<meta property=\"og:image:type\" content=\"image\/jpeg\" \/>\n<meta name=\"author\" content=\"C\u0103t\u0103lin Anghel-Dimache\" \/>\n<meta name=\"twitter:card\" content=\"summary_large_image\" \/>\n<meta name=\"twitter:label1\" content=\"Written by\" \/>\n\t<meta name=\"twitter:data1\" content=\"C\u0103t\u0103lin Anghel-Dimache\" \/>\n\t<meta name=\"twitter:label2\" content=\"Estimated reading time\" \/>\n\t<meta name=\"twitter:data2\" content=\"4 minutes\" \/>\n<script type=\"application\/ld+json\" class=\"yoast-schema-graph\">{\"@context\":\"https:\\\/\\\/schema.org\",\"@graph\":[{\"@type\":\"Article\",\"@id\":\"https:\\\/\\\/buletin.de\\\/bucuresti\\\/alegeri-la-primaria-capitalei-daniel-baluta-si-ciprian-ciucu-la-egalitate-intr-un-sondaj-avangarde\\\/#article\",\"isPartOf\":{\"@id\":\"https:\\\/\\\/buletin.de\\\/bucuresti\\\/alegeri-la-primaria-capitalei-daniel-baluta-si-ciprian-ciucu-la-egalitate-intr-un-sondaj-avangarde\\\/\"},\"author\":{\"name\":\"C\u0103t\u0103lin Anghel-Dimache\",\"@id\":\"https:\\\/\\\/buletin.de\\\/bucuresti\\\/#\\\/schema\\\/person\\\/0ac9db30080482be87c7386a30f98796\"},\"headline\":\"Alegeri la Prim\u0103ria Capitalei | Daniel B\u0103lu\u021b\u0103 \u0219i Ciprian Ciucu, la egalitate \u00eentr-un sondaj Avangarde\",\"datePublished\":\"2025-08-31T08:05:24+00:00\",\"dateModified\":\"2025-08-31T08:37:59+00:00\",\"mainEntityOfPage\":{\"@id\":\"https:\\\/\\\/buletin.de\\\/bucuresti\\\/alegeri-la-primaria-capitalei-daniel-baluta-si-ciprian-ciucu-la-egalitate-intr-un-sondaj-avangarde\\\/\"},\"wordCount\":700,\"publisher\":{\"@id\":\"https:\\\/\\\/buletin.de\\\/bucuresti\\\/#organization\"},\"image\":{\"@id\":\"https:\\\/\\\/buletin.de\\\/bucuresti\\\/alegeri-la-primaria-capitalei-daniel-baluta-si-ciprian-ciucu-la-egalitate-intr-un-sondaj-avangarde\\\/#primaryimage\"},\"thumbnailUrl\":\"https:\\\/\\\/buletin.de\\\/bucuresti\\\/wp-content\\\/uploads\\\/2025\\\/08\\\/primariabucuresti-1.jpg\",\"keywords\":[\"alegeri bucuresti\",\"Capitala\",\"primar\"],\"articleSection\":[\"Articole\",\"Main\",\"Politic\",\"Prim\u0103rie\"],\"inLanguage\":\"en-GB\",\"copyrightYear\":\"2025\",\"copyrightHolder\":{\"@id\":\"https:\\\/\\\/buletin.de\\\/bucuresti\\\/#organization\"}},{\"@type\":\"WebPage\",\"@id\":\"https:\\\/\\\/buletin.de\\\/bucuresti\\\/alegeri-la-primaria-capitalei-daniel-baluta-si-ciprian-ciucu-la-egalitate-intr-un-sondaj-avangarde\\\/\",\"url\":\"https:\\\/\\\/buletin.de\\\/bucuresti\\\/alegeri-la-primaria-capitalei-daniel-baluta-si-ciprian-ciucu-la-egalitate-intr-un-sondaj-avangarde\\\/\",\"name\":\"Alegeri la Prim\u0103ria Capitalei | Daniel B\u0103lu\u021b\u0103 \u0219i Ciprian Ciucu, la egalitate \u00eentr-un sondaj Avangarde - Buletin de Bucure\u0219ti\",\"isPartOf\":{\"@id\":\"https:\\\/\\\/buletin.de\\\/bucuresti\\\/#website\"},\"primaryImageOfPage\":{\"@id\":\"https:\\\/\\\/buletin.de\\\/bucuresti\\\/alegeri-la-primaria-capitalei-daniel-baluta-si-ciprian-ciucu-la-egalitate-intr-un-sondaj-avangarde\\\/#primaryimage\"},\"image\":{\"@id\":\"https:\\\/\\\/buletin.de\\\/bucuresti\\\/alegeri-la-primaria-capitalei-daniel-baluta-si-ciprian-ciucu-la-egalitate-intr-un-sondaj-avangarde\\\/#primaryimage\"},\"thumbnailUrl\":\"https:\\\/\\\/buletin.de\\\/bucuresti\\\/wp-content\\\/uploads\\\/2025\\\/08\\\/primariabucuresti-1.jpg\",\"datePublished\":\"2025-08-31T08:05:24+00:00\",\"dateModified\":\"2025-08-31T08:37:59+00:00\",\"description\":\"Alegeri la Prim\u0103ria Capitalei | Daniel B\u0103lu\u021b\u0103 \u0219i Ciprian Ciucu, la egalitate \u00eentr-un sondaj Avangarde. Ce au r\u0103spuns bucurestenii.\",\"breadcrumb\":{\"@id\":\"https:\\\/\\\/buletin.de\\\/bucuresti\\\/alegeri-la-primaria-capitalei-daniel-baluta-si-ciprian-ciucu-la-egalitate-intr-un-sondaj-avangarde\\\/#breadcrumb\"},\"inLanguage\":\"en-GB\",\"potentialAction\":[{\"@type\":\"ReadAction\",\"target\":[\"https:\\\/\\\/buletin.de\\\/bucuresti\\\/alegeri-la-primaria-capitalei-daniel-baluta-si-ciprian-ciucu-la-egalitate-intr-un-sondaj-avangarde\\\/\"]}]},{\"@type\":\"ImageObject\",\"inLanguage\":\"en-GB\",\"@id\":\"https:\\\/\\\/buletin.de\\\/bucuresti\\\/alegeri-la-primaria-capitalei-daniel-baluta-si-ciprian-ciucu-la-egalitate-intr-un-sondaj-avangarde\\\/#primaryimage\",\"url\":\"https:\\\/\\\/buletin.de\\\/bucuresti\\\/wp-content\\\/uploads\\\/2025\\\/08\\\/primariabucuresti-1.jpg\",\"contentUrl\":\"https:\\\/\\\/buletin.de\\\/bucuresti\\\/wp-content\\\/uploads\\\/2025\\\/08\\\/primariabucuresti-1.jpg\",\"width\":1600,\"height\":1066,\"caption\":\"Daniel B\u0103lu\u021b\u0103 \u0219i Ciprian Ciucu, la egalitate \u00eentr-un sondaj Avangarde despre Prim\u0103ria Capitalei. Foto: Facebook \\\/ Prim\u0103ria Municipiului Bucure\u015fti\"},{\"@type\":\"BreadcrumbList\",\"@id\":\"https:\\\/\\\/buletin.de\\\/bucuresti\\\/alegeri-la-primaria-capitalei-daniel-baluta-si-ciprian-ciucu-la-egalitate-intr-un-sondaj-avangarde\\\/#breadcrumb\",\"itemListElement\":[{\"@type\":\"ListItem\",\"position\":1,\"name\":\"Acas\u0103\",\"item\":\"https:\\\/\\\/buletin.de\\\/bucuresti\\\/\"},{\"@type\":\"ListItem\",\"position\":2,\"name\":\"Alegeri la Prim\u0103ria Capitalei | Daniel B\u0103lu\u021b\u0103 \u0219i Ciprian Ciucu, la egalitate \u00eentr-un sondaj Avangarde\"}]},{\"@type\":\"WebSite\",\"@id\":\"https:\\\/\\\/buletin.de\\\/bucuresti\\\/#website\",\"url\":\"https:\\\/\\\/buletin.de\\\/bucuresti\\\/\",\"name\":\"Buletin de Bucure\u0219ti\",\"description\":\"\u0218tiri \u0219i investiga\u021bii esen\u021biale din capital\u0103\",\"publisher\":{\"@id\":\"https:\\\/\\\/buletin.de\\\/bucuresti\\\/#organization\"},\"potentialAction\":[{\"@type\":\"SearchAction\",\"target\":{\"@type\":\"EntryPoint\",\"urlTemplate\":\"https:\\\/\\\/buletin.de\\\/bucuresti\\\/?s={search_term_string}\"},\"query-input\":{\"@type\":\"PropertyValueSpecification\",\"valueRequired\":true,\"valueName\":\"search_term_string\"}}],\"inLanguage\":\"en-GB\"},{\"@type\":\"Organization\",\"@id\":\"https:\\\/\\\/buletin.de\\\/bucuresti\\\/#organization\",\"name\":\"Buletin de Bucure\u0219ti\",\"url\":\"https:\\\/\\\/buletin.de\\\/bucuresti\\\/\",\"logo\":{\"@type\":\"ImageObject\",\"inLanguage\":\"en-GB\",\"@id\":\"https:\\\/\\\/buletin.de\\\/bucuresti\\\/#\\\/schema\\\/logo\\\/image\\\/\",\"url\":\"https:\\\/\\\/buletin.de\\\/bucuresti\\\/wp-content\\\/uploads\\\/logo-bdb-full-wide-vernil-transparent.png\",\"contentUrl\":\"https:\\\/\\\/buletin.de\\\/bucuresti\\\/wp-content\\\/uploads\\\/logo-bdb-full-wide-vernil-transparent.png\",\"width\":1782,\"height\":626,\"caption\":\"Buletin de Bucure\u0219ti\"},\"image\":{\"@id\":\"https:\\\/\\\/buletin.de\\\/bucuresti\\\/#\\\/schema\\\/logo\\\/image\\\/\"},\"sameAs\":[\"https:\\\/\\\/www.facebook.com\\\/buletin.de.buc\",\"https:\\\/\\\/www.instagram.com\\\/buletinde.bucuresti\\\/\"]},{\"@type\":\"Person\",\"@id\":\"https:\\\/\\\/buletin.de\\\/bucuresti\\\/#\\\/schema\\\/person\\\/0ac9db30080482be87c7386a30f98796\",\"name\":\"C\u0103t\u0103lin Anghel-Dimache\",\"image\":{\"@type\":\"ImageObject\",\"inLanguage\":\"en-GB\",\"@id\":\"https:\\\/\\\/buletin.de\\\/bucuresti\\\/wp-content\\\/uploads\\\/Catalin-Anghel-Dimache-96x96.jpgbd9e43c5b25186d5b8e917ac61ad86c4\",\"url\":\"https:\\\/\\\/buletin.de\\\/bucuresti\\\/wp-content\\\/uploads\\\/Catalin-Anghel-Dimache-96x96.jpg\",\"contentUrl\":\"https:\\\/\\\/buletin.de\\\/bucuresti\\\/wp-content\\\/uploads\\\/Catalin-Anghel-Dimache-96x96.jpg\",\"caption\":\"C\u0103t\u0103lin Anghel-Dimache\"},\"description\":\"A absolvit Facultatea de Jurnalism \u0219i \u0218tiin\u021bele Comunic\u0103rii a Universit\u0103\u021bii din Bucure\u0219ti \u00een 2024. Scrie despre mediu \u0219i teme sociale, dar \u0219i despre cum se reflect\u0103 ele \u00een via\u021ba cotidian\u0103 a bucure\u0219tenilor, cu un ochi atent la pove\u0219tile personale din spatele titlurilor. N\u0103scut \u0219i crescut \u00een Bucure\u0219ti, a f\u0103cut un pas c\u0103tre presa local\u0103, din pasiune pentru ora\u0219ul s\u0103u \u0219i oamenii din el.\",\"url\":\"https:\\\/\\\/buletin.de\\\/bucuresti\\\/author\\\/catalin-anghel-dimache\\\/\"}]}<\/script>\n<!-- \/ Yoast SEO Premium plugin. -->","yoast_head_json":{"title":"Alegeri la Prim\u0103ria Capitalei | Daniel B\u0103lu\u021b\u0103 \u0219i Ciprian Ciucu, la egalitate \u00eentr-un sondaj Avangarde - Buletin de Bucure\u0219ti","description":"Alegeri la Prim\u0103ria Capitalei | Daniel B\u0103lu\u021b\u0103 \u0219i Ciprian Ciucu, la egalitate \u00eentr-un sondaj Avangarde. Ce au r\u0103spuns bucurestenii.","robots":{"index":"index","follow":"follow","max-snippet":"max-snippet:-1","max-image-preview":"max-image-preview:large","max-video-preview":"max-video-preview:-1"},"canonical":"https:\/\/buletin.de\/bucuresti\/alegeri-la-primaria-capitalei-daniel-baluta-si-ciprian-ciucu-la-egalitate-intr-un-sondaj-avangarde\/","og_locale":"en_GB","og_type":"article","og_title":"Alegeri la Prim\u0103ria Capitalei | Daniel B\u0103lu\u021b\u0103 \u0219i Ciprian Ciucu, la egalitate \u00eentr-un sondaj Avangarde","og_description":"Alegeri la Prim\u0103ria Capitalei | Daniel B\u0103lu\u021b\u0103 \u0219i Ciprian Ciucu, la egalitate \u00eentr-un sondaj Avangarde. Ce au r\u0103spuns bucurestenii.","og_url":"https:\/\/buletin.de\/bucuresti\/alegeri-la-primaria-capitalei-daniel-baluta-si-ciprian-ciucu-la-egalitate-intr-un-sondaj-avangarde\/","og_site_name":"Buletin de Bucure\u0219ti","article_publisher":"https:\/\/www.facebook.com\/buletin.de.buc","article_published_time":"2025-08-31T08:05:24+00:00","article_modified_time":"2025-08-31T08:37:59+00:00","og_image":[{"width":1600,"height":1066,"url":"https:\/\/buletin.de\/bucuresti\/wp-content\/uploads\/2025\/08\/primariabucuresti-1.jpg","type":"image\/jpeg"}],"author":"C\u0103t\u0103lin Anghel-Dimache","twitter_card":"summary_large_image","twitter_misc":{"Written by":"C\u0103t\u0103lin Anghel-Dimache","Estimated reading time":"4 minutes"},"schema":{"@context":"https:\/\/schema.org","@graph":[{"@type":"Article","@id":"https:\/\/buletin.de\/bucuresti\/alegeri-la-primaria-capitalei-daniel-baluta-si-ciprian-ciucu-la-egalitate-intr-un-sondaj-avangarde\/#article","isPartOf":{"@id":"https:\/\/buletin.de\/bucuresti\/alegeri-la-primaria-capitalei-daniel-baluta-si-ciprian-ciucu-la-egalitate-intr-un-sondaj-avangarde\/"},"author":{"name":"C\u0103t\u0103lin Anghel-Dimache","@id":"https:\/\/buletin.de\/bucuresti\/#\/schema\/person\/0ac9db30080482be87c7386a30f98796"},"headline":"Alegeri la Prim\u0103ria Capitalei | Daniel B\u0103lu\u021b\u0103 \u0219i Ciprian Ciucu, la egalitate \u00eentr-un sondaj Avangarde","datePublished":"2025-08-31T08:05:24+00:00","dateModified":"2025-08-31T08:37:59+00:00","mainEntityOfPage":{"@id":"https:\/\/buletin.de\/bucuresti\/alegeri-la-primaria-capitalei-daniel-baluta-si-ciprian-ciucu-la-egalitate-intr-un-sondaj-avangarde\/"},"wordCount":700,"publisher":{"@id":"https:\/\/buletin.de\/bucuresti\/#organization"},"image":{"@id":"https:\/\/buletin.de\/bucuresti\/alegeri-la-primaria-capitalei-daniel-baluta-si-ciprian-ciucu-la-egalitate-intr-un-sondaj-avangarde\/#primaryimage"},"thumbnailUrl":"https:\/\/buletin.de\/bucuresti\/wp-content\/uploads\/2025\/08\/primariabucuresti-1.jpg","keywords":["alegeri bucuresti","Capitala","primar"],"articleSection":["Articole","Main","Politic","Prim\u0103rie"],"inLanguage":"en-GB","copyrightYear":"2025","copyrightHolder":{"@id":"https:\/\/buletin.de\/bucuresti\/#organization"}},{"@type":"WebPage","@id":"https:\/\/buletin.de\/bucuresti\/alegeri-la-primaria-capitalei-daniel-baluta-si-ciprian-ciucu-la-egalitate-intr-un-sondaj-avangarde\/","url":"https:\/\/buletin.de\/bucuresti\/alegeri-la-primaria-capitalei-daniel-baluta-si-ciprian-ciucu-la-egalitate-intr-un-sondaj-avangarde\/","name":"Alegeri la Prim\u0103ria Capitalei | Daniel B\u0103lu\u021b\u0103 \u0219i Ciprian Ciucu, la egalitate \u00eentr-un sondaj Avangarde - Buletin de Bucure\u0219ti","isPartOf":{"@id":"https:\/\/buletin.de\/bucuresti\/#website"},"primaryImageOfPage":{"@id":"https:\/\/buletin.de\/bucuresti\/alegeri-la-primaria-capitalei-daniel-baluta-si-ciprian-ciucu-la-egalitate-intr-un-sondaj-avangarde\/#primaryimage"},"image":{"@id":"https:\/\/buletin.de\/bucuresti\/alegeri-la-primaria-capitalei-daniel-baluta-si-ciprian-ciucu-la-egalitate-intr-un-sondaj-avangarde\/#primaryimage"},"thumbnailUrl":"https:\/\/buletin.de\/bucuresti\/wp-content\/uploads\/2025\/08\/primariabucuresti-1.jpg","datePublished":"2025-08-31T08:05:24+00:00","dateModified":"2025-08-31T08:37:59+00:00","description":"Alegeri la Prim\u0103ria Capitalei | Daniel B\u0103lu\u021b\u0103 \u0219i Ciprian Ciucu, la egalitate \u00eentr-un sondaj Avangarde. Ce au r\u0103spuns bucurestenii.","breadcrumb":{"@id":"https:\/\/buletin.de\/bucuresti\/alegeri-la-primaria-capitalei-daniel-baluta-si-ciprian-ciucu-la-egalitate-intr-un-sondaj-avangarde\/#breadcrumb"},"inLanguage":"en-GB","potentialAction":[{"@type":"ReadAction","target":["https:\/\/buletin.de\/bucuresti\/alegeri-la-primaria-capitalei-daniel-baluta-si-ciprian-ciucu-la-egalitate-intr-un-sondaj-avangarde\/"]}]},{"@type":"ImageObject","inLanguage":"en-GB","@id":"https:\/\/buletin.de\/bucuresti\/alegeri-la-primaria-capitalei-daniel-baluta-si-ciprian-ciucu-la-egalitate-intr-un-sondaj-avangarde\/#primaryimage","url":"https:\/\/buletin.de\/bucuresti\/wp-content\/uploads\/2025\/08\/primariabucuresti-1.jpg","contentUrl":"https:\/\/buletin.de\/bucuresti\/wp-content\/uploads\/2025\/08\/primariabucuresti-1.jpg","width":1600,"height":1066,"caption":"Daniel B\u0103lu\u021b\u0103 \u0219i Ciprian Ciucu, la egalitate \u00eentr-un sondaj Avangarde despre Prim\u0103ria Capitalei. Foto: Facebook \/ Prim\u0103ria Municipiului Bucure\u015fti"},{"@type":"BreadcrumbList","@id":"https:\/\/buletin.de\/bucuresti\/alegeri-la-primaria-capitalei-daniel-baluta-si-ciprian-ciucu-la-egalitate-intr-un-sondaj-avangarde\/#breadcrumb","itemListElement":[{"@type":"ListItem","position":1,"name":"Acas\u0103","item":"https:\/\/buletin.de\/bucuresti\/"},{"@type":"ListItem","position":2,"name":"Alegeri la Prim\u0103ria Capitalei | Daniel B\u0103lu\u021b\u0103 \u0219i Ciprian Ciucu, la egalitate \u00eentr-un sondaj Avangarde"}]},{"@type":"WebSite","@id":"https:\/\/buletin.de\/bucuresti\/#website","url":"https:\/\/buletin.de\/bucuresti\/","name":"Buletin de Bucure\u0219ti","description":"\u0218tiri \u0219i investiga\u021bii esen\u021biale din capital\u0103","publisher":{"@id":"https:\/\/buletin.de\/bucuresti\/#organization"},"potentialAction":[{"@type":"SearchAction","target":{"@type":"EntryPoint","urlTemplate":"https:\/\/buletin.de\/bucuresti\/?s={search_term_string}"},"query-input":{"@type":"PropertyValueSpecification","valueRequired":true,"valueName":"search_term_string"}}],"inLanguage":"en-GB"},{"@type":"Organization","@id":"https:\/\/buletin.de\/bucuresti\/#organization","name":"Buletin de Bucure\u0219ti","url":"https:\/\/buletin.de\/bucuresti\/","logo":{"@type":"ImageObject","inLanguage":"en-GB","@id":"https:\/\/buletin.de\/bucuresti\/#\/schema\/logo\/image\/","url":"https:\/\/buletin.de\/bucuresti\/wp-content\/uploads\/logo-bdb-full-wide-vernil-transparent.png","contentUrl":"https:\/\/buletin.de\/bucuresti\/wp-content\/uploads\/logo-bdb-full-wide-vernil-transparent.png","width":1782,"height":626,"caption":"Buletin de Bucure\u0219ti"},"image":{"@id":"https:\/\/buletin.de\/bucuresti\/#\/schema\/logo\/image\/"},"sameAs":["https:\/\/www.facebook.com\/buletin.de.buc","https:\/\/www.instagram.com\/buletinde.bucuresti\/"]},{"@type":"Person","@id":"https:\/\/buletin.de\/bucuresti\/#\/schema\/person\/0ac9db30080482be87c7386a30f98796","name":"C\u0103t\u0103lin Anghel-Dimache","image":{"@type":"ImageObject","inLanguage":"en-GB","@id":"https:\/\/buletin.de\/bucuresti\/wp-content\/uploads\/Catalin-Anghel-Dimache-96x96.jpgbd9e43c5b25186d5b8e917ac61ad86c4","url":"https:\/\/buletin.de\/bucuresti\/wp-content\/uploads\/Catalin-Anghel-Dimache-96x96.jpg","contentUrl":"https:\/\/buletin.de\/bucuresti\/wp-content\/uploads\/Catalin-Anghel-Dimache-96x96.jpg","caption":"C\u0103t\u0103lin Anghel-Dimache"},"description":"A absolvit Facultatea de Jurnalism \u0219i \u0218tiin\u021bele Comunic\u0103rii a Universit\u0103\u021bii din Bucure\u0219ti \u00een 2024. Scrie despre mediu \u0219i teme sociale, dar \u0219i despre cum se reflect\u0103 ele \u00een via\u021ba cotidian\u0103 a bucure\u0219tenilor, cu un ochi atent la pove\u0219tile personale din spatele titlurilor. N\u0103scut \u0219i crescut \u00een Bucure\u0219ti, a f\u0103cut un pas c\u0103tre presa local\u0103, din pasiune pentru ora\u0219ul s\u0103u \u0219i oamenii din el.","url":"https:\/\/buletin.de\/bucuresti\/author\/catalin-anghel-dimache\/"}]}},"authors":[{"term_id":22572,"user_id":59,"is_guest":0,"slug":"catalin-anghel-dimache","display_name":"C\u0103t\u0103lin Anghel-Dimache","avatar_url":"https:\/\/buletin.de\/bucuresti\/wp-content\/uploads\/Catalin-Anghel-Dimache-96x96.jpg","0":null,"1":"","2":"","3":"","4":"","5":"","6":"","7":"","8":""}],"_links":{"self":[{"href":"https:\/\/buletin.de\/bucuresti\/wp-json\/wp\/v2\/posts\/146097","targetHints":{"allow":["GET"]}}],"collection":[{"href":"https:\/\/buletin.de\/bucuresti\/wp-json\/wp\/v2\/posts"}],"about":[{"href":"https:\/\/buletin.de\/bucuresti\/wp-json\/wp\/v2\/types\/post"}],"author":[{"embeddable":true,"href":"https:\/\/buletin.de\/bucuresti\/wp-json\/wp\/v2\/users\/59"}],"replies":[{"embeddable":true,"href":"https:\/\/buletin.de\/bucuresti\/wp-json\/wp\/v2\/comments?post=146097"}],"version-history":[{"count":2,"href":"https:\/\/buletin.de\/bucuresti\/wp-json\/wp\/v2\/posts\/146097\/revisions"}],"predecessor-version":[{"id":146117,"href":"https:\/\/buletin.de\/bucuresti\/wp-json\/wp\/v2\/posts\/146097\/revisions\/146117"}],"wp:featuredmedia":[{"embeddable":true,"href":"https:\/\/buletin.de\/bucuresti\/wp-json\/wp\/v2\/media\/146106"}],"wp:attachment":[{"href":"https:\/\/buletin.de\/bucuresti\/wp-json\/wp\/v2\/media?parent=146097"}],"wp:term":[{"taxonomy":"category","embeddable":true,"href":"https:\/\/buletin.de\/bucuresti\/wp-json\/wp\/v2\/categories?post=146097"},{"taxonomy":"post_tag","embeddable":true,"href":"https:\/\/buletin.de\/bucuresti\/wp-json\/wp\/v2\/tags?post=146097"},{"taxonomy":"author","embeddable":true,"href":"https:\/\/buletin.de\/bucuresti\/wp-json\/wp\/v2\/ppma_author?post=146097"}],"curies":[{"name":"wp","href":"https:\/\/api.w.org\/{rel}","templated":true}]}}